{"id":8760,"date":"2015-03-10T16:01:48","date_gmt":"2015-03-10T15:01:48","guid":{"rendered":"http:\/\/madeinzaragoza.es\/blog\/?p=8760"},"modified":"2018-11-30T20:20:21","modified_gmt":"2018-11-30T19:20:21","slug":"la-fotografia-documental-de-marcos-cebrian","status":"publish","type":"post","link":"https:\/\/madeinzaragoza.es\/blog\/la-fotografia-documental-de-marcos-cebrian\/","title":{"rendered":"La fotograf\u00eda documental de Marcos Cebri\u00e1n"},"content":{"rendered":"<h3>An\u00f3nimos y M\u00faltiples 1: Marcos Cebri\u00e1n.<\/h3>\n<p style=\"text-align: justify\"><strong><a href=\"http:\/\/www.marcoscebrian.com\/\" target=\"_blank\" rel=\"noopener\">Marcos Cebri\u00e1n<\/a><\/strong> es fot\u00f3grafo pero es ante todo un cazador de im\u00e1genes, su labor y especialidad es la de capturar im\u00e1genes y situaciones, la de materializar y dar permanencia a momentos fugaces. Y es todo un experto en hacerlo. Marcos trabaja la imagen en diversos campos pero casi siempre desde una perspectiva documental. Sus fotos se caracterizan por ser registros documentales de momentos de su entorno social.<\/p>\n<p>&nbsp;<\/p>\n<p style=\"text-align: justify\">A lo largo de su trayectoria profesional ha destacado y se ha especializado en fotograf\u00eda deportiva. Es muy rese\u00f1able el trabajo que ha realizado en deportes de contacto, sobre todo, en MMA (Mixed Martial Arts) o Artes Marciales Mixtas. Pasa mucho tiempo fotografiando a luchadores y entrenamientos\u00a0y tambi\u00e9n campeonatos de lucha, durante los a\u00f1os 2013 y 2014, observando y fotografiando, documentando. Gracias a una de estas fotograf\u00edas, fue seleccionado en 2014 en el Top 50 de los <a href=\"http:\/\/worldphoto.org\/images\/image\/630689\/?FromCompetitionID=94&amp;MemberID=180141\" target=\"_blank\" rel=\"noopener\">Sony World Photography Awards<\/a> recibiendo la insignia de Commended Photo.<\/p>\n<p>&nbsp;<\/p>\n<p><img loading=\"lazy\" decoding=\"async\" class=\"aligncenter size-full wp-image-22597\" src=\"http:\/\/madeinzaragoza.es\/blog\/wp-content\/uploads\/2015\/03\/MarcosCebri\u00e1n1.jpg\" alt=\"\" width=\"625\" height=\"422\" srcset=\"https:\/\/madeinzaragoza.es\/blog\/wp-content\/uploads\/2015\/03\/MarcosCebri\u00e1n1.jpg 625w, https:\/\/madeinzaragoza.es\/blog\/wp-content\/uploads\/2015\/03\/MarcosCebri\u00e1n1-300x203.jpg 300w\" sizes=\"(max-width: 709px) 85vw, (max-width: 909px) 67vw, (max-width: 984px) 61vw, (max-width: 1362px) 45vw, 600px\" \/><\/p>\n<p style=\"text-align: justify\">Adem\u00e1s de su labor testimonial en el campo deportivo, trabaja como fot\u00f3grafo en el zaragozano <a href=\"http:\/\/www.teatrodelasesquinas.com\/\" target=\"_blank\" rel=\"noopener\">Teatro de las Esquinas<\/a> donde ha podido estar en contacto y fotografiar a multitud de rostros conocidos y personajes del arte y la cultura. Son tambi\u00e9n fotografias documentales que registran <a href=\"http:\/\/www.marcoscebrian.com\/index.php?pageload=M1RFQVRSTw==\/\" target=\"_blank\" rel=\"noopener\">momentos m\u00e1gicos<\/a> de historias recreadas por actrices y actores; fotos donde recoge sus sentimientos y el esfuerzo en transmitirlos, en comunicar a los espectadores todo lo que tienen que decir. Me parecen fant\u00e1sticos los momentos musicales registrados y los retratos fotogr\u00e1ficos que ha realizado -de m\u00fasicos y tambi\u00e9n de actores- capturando los rasgos personales de los fotografiados.<\/p>\n<p>&nbsp;<\/p>\n<p style=\"text-align: justify\"><a href=\"http:\/\/madeinzaragoza.es\/blog\/wp-content\/uploads\/2015\/03\/retratos.jpg\"><img loading=\"lazy\" decoding=\"async\" class=\"aligncenter size-full wp-image-8765\" src=\"http:\/\/madeinzaragoza.es\/blog\/wp-content\/uploads\/2015\/03\/retratos.jpg\" alt=\"retratos\" width=\"625\" height=\"313\" srcset=\"https:\/\/madeinzaragoza.es\/blog\/wp-content\/uploads\/2015\/03\/retratos.jpg 625w, https:\/\/madeinzaragoza.es\/blog\/wp-content\/uploads\/2015\/03\/retratos-300x150.jpg 300w, https:\/\/madeinzaragoza.es\/blog\/wp-content\/uploads\/2015\/03\/retratos-180x90.jpg 180w, https:\/\/madeinzaragoza.es\/blog\/wp-content\/uploads\/2015\/03\/retratos-350x175.jpg 350w\" sizes=\"(max-width: 709px) 85vw, (max-width: 909px) 67vw, (max-width: 984px) 61vw, (max-width: 1362px) 45vw, 600px\" \/><\/a><\/p>\n<p style=\"text-align: justify\">En su <a href=\"http:\/\/www.marcoscebrian.com\/\" target=\"_blank\" rel=\"noopener\">p\u00e1gina web<\/a>, se pueden ver tambi\u00e9n otros trabajos fotogr\u00e1ficos que realiza en el \u00e1mbito profesional con un car\u00e1cter m\u00e1s comercial tanto en <a href=\"http:\/\/www.marcoscebrian.com\/index.php?pageload=NU1PREE=\/\" target=\"_blank\" rel=\"noopener\">fotograf\u00eda de moda<\/a> como en <a href=\"http:\/\/www.marcoscebrian.com\/index.php?pageload=NkdBU1RST05PTcONQQ==\/\" target=\"_blank\" rel=\"noopener\">fotograf\u00eda gastr\u00f3nomica<\/a> con un alto valor est\u00e9tico y gran inter\u00e9s en su perspectiva compositiva. Pero sin duda alguna, su trabajo m\u00e1s representativo, el m\u00e1s personal y el que m\u00e1s popularidad le est\u00e1 dando a Marcos Cebri\u00e1n es <a href=\"http:\/\/www.zaragozawalkers.com\/\" target=\"_blank\" rel=\"noopener\"><strong>Zaragoza Walkers<\/strong><\/a>.<\/p>\n<p>&nbsp;<\/p>\n<p style=\"text-align: justify\"><strong>Zaragoza Walkers es una maravillosa galer\u00eda de personajes an\u00f3nimos<\/strong>, populares, ciudadanos que pasean y transitan por los m\u00faltiples escenarios de la ciudad de Zaragoza. Una Zaragoza representativa en algunos casos pero desconocida, e incluso, casi, underground en otros. Zaragoza Walkers es un proyecto para presentar historias, historias de la ciudad y de los ciudadanos, de su d\u00eda a d\u00eda, de su movimiento, de su car\u00e1cter y de su esencia. Marcos sale a las calles de Zaragoza, espera y dispara capturando preciosas im\u00e1genes de un d\u00eda cualquiera en una calle cualquiera. En ellas retrata dos cosas: la figura y el fondo, o lo que es lo mismo, los habitantes y la ciudad, los actores y el escenario. Una sucesi\u00f3n de historias a trav\u00e9s de im\u00e1genes que nos cuentan c\u00f3mo es nuestra ciudad y c\u00f3mo son sus ciudadanos.<\/p>\n<p>&nbsp;<\/p>\n<figure id=\"attachment_8769\" aria-describedby=\"caption-attachment-8769\" style=\"width: 625px\" class=\"wp-caption aligncenter\"><a href=\"http:\/\/madeinzaragoza.es\/blog\/wp-content\/uploads\/2015\/03\/zgzwkrs1.jpg\"><img loading=\"lazy\" decoding=\"async\" class=\"size-full wp-image-8769\" src=\"http:\/\/madeinzaragoza.es\/blog\/wp-content\/uploads\/2015\/03\/zgzwkrs1.jpg\" alt=\"Zaragoza Walkers\" width=\"625\" height=\"210\" srcset=\"https:\/\/madeinzaragoza.es\/blog\/wp-content\/uploads\/2015\/03\/zgzwkrs1.jpg 625w, https:\/\/madeinzaragoza.es\/blog\/wp-content\/uploads\/2015\/03\/zgzwkrs1-300x100.jpg 300w, https:\/\/madeinzaragoza.es\/blog\/wp-content\/uploads\/2015\/03\/zgzwkrs1-180x60.jpg 180w, https:\/\/madeinzaragoza.es\/blog\/wp-content\/uploads\/2015\/03\/zgzwkrs1-350x117.jpg 350w\" sizes=\"(max-width: 709px) 85vw, (max-width: 909px) 67vw, (max-width: 984px) 61vw, (max-width: 1362px) 45vw, 600px\" \/><\/a><figcaption id=\"caption-attachment-8769\" class=\"wp-caption-text\">Zaragoza Walkers<\/figcaption><\/figure>\n<p style=\"text-align: justify\">Es <strong>fotograf\u00eda urbana<\/strong> y <strong>social<\/strong>, <strong>documental<\/strong>. Son documentos de c\u00f3mo son las calles de la ciudad, de c\u00f3mo se transforman, de c\u00f3mo son sus paredes. Las paredes y muros que Marcos fotograf\u00eda nos hablan y nos cuentan m\u00faltiples historias. Son paredes urbanas con r\u00f3tulos de comercios, con graffittis y pintadas, con carteles callejeros que anuncian conciertos y la actividad de la ciudad. No son un simple fondo, son protagonistas en primera persona igual que los caminantes que aparecen delante de ellas. Tanto las unas como los otros tienen mucho que contarnos.<\/p>\n<p>&nbsp;<\/p>\n<figure id=\"attachment_8770\" aria-describedby=\"caption-attachment-8770\" style=\"width: 625px\" class=\"wp-caption aligncenter\"><a href=\"http:\/\/madeinzaragoza.es\/blog\/wp-content\/uploads\/2015\/03\/zgzwkrs2.jpg\"><img loading=\"lazy\" decoding=\"async\" class=\"size-full wp-image-8770\" src=\"http:\/\/madeinzaragoza.es\/blog\/wp-content\/uploads\/2015\/03\/zgzwkrs2.jpg\" alt=\"Zaragoza Walkers\" width=\"625\" height=\"420\" srcset=\"https:\/\/madeinzaragoza.es\/blog\/wp-content\/uploads\/2015\/03\/zgzwkrs2.jpg 625w, https:\/\/madeinzaragoza.es\/blog\/wp-content\/uploads\/2015\/03\/zgzwkrs2-300x201.jpg 300w, https:\/\/madeinzaragoza.es\/blog\/wp-content\/uploads\/2015\/03\/zgzwkrs2-163x109.jpg 163w, https:\/\/madeinzaragoza.es\/blog\/wp-content\/uploads\/2015\/03\/zgzwkrs2-105x70.jpg 105w, https:\/\/madeinzaragoza.es\/blog\/wp-content\/uploads\/2015\/03\/zgzwkrs2-180x120.jpg 180w, https:\/\/madeinzaragoza.es\/blog\/wp-content\/uploads\/2015\/03\/zgzwkrs2-350x235.jpg 350w\" sizes=\"(max-width: 709px) 85vw, (max-width: 909px) 67vw, (max-width: 984px) 61vw, (max-width: 1362px) 45vw, 600px\" \/><\/a><figcaption id=\"caption-attachment-8770\" class=\"wp-caption-text\">Zaragoza Walkers<\/figcaption><\/figure>\n<p style=\"text-align: justify\">Y Marcos les da la oportunidad de hacerlo as\u00ed como a los otros espacios p\u00fablicos que aparecen fotografiados, testigos de una hitoria que se vive d\u00eda a d\u00eda. Y delante de ellos, caminando aparecen los <em>walkers, <\/em>los otros protagonistas de esta historia. Los personajes que Marcos nos presenta nos hablan de una Zaragoza plural, popular, an\u00f3nima, multiracial, pr\u00f3xima y nuestra. Una sucesi\u00f3n de tipograf\u00edas y roles sociales, desde ni\u00f1os jugando a gremios trabajando, pasando por turistas, caminantes, observadores y personas que pasan su tiempo en las calles de Zaragoza. Una galer\u00eda abierta en continuo movimiento y construcci\u00f3n fotograf\u00edada en blanco y negro y en color, acusando contrastes y claroscuros, esperando ser vista y capturada por el objetivo de Marcos. En ocasiones, los Zaragoza Walkers interact\u00faan con el fot\u00f3grafo, hablando y contando su historia, haci\u00e9ndola m\u00e1s pr\u00f3xima y personal.<\/p>\n<p>&nbsp;<\/p>\n<p style=\"text-align: justify\">Esta galer\u00eda de <em>walkers<\/em> despu\u00e9s Marcos Cebri\u00e1n nos la presenta a trav\u00e9s de sus identidades digitales en los medios sociales. Son personajes an\u00f3nimos y m\u00faltiples.<\/p>\n<p>&nbsp;<\/p>\n<figure id=\"attachment_8774\" aria-describedby=\"caption-attachment-8774\" style=\"width: 625px\" class=\"wp-caption aligncenter\"><a href=\"http:\/\/madeinzaragoza.es\/blog\/wp-content\/uploads\/2015\/03\/zgzwkrs3.jpg\"><img loading=\"lazy\" decoding=\"async\" class=\"size-full wp-image-8774\" src=\"http:\/\/madeinzaragoza.es\/blog\/wp-content\/uploads\/2015\/03\/zgzwkrs3.jpg\" alt=\"Zaragoza Walkers\" width=\"625\" height=\"419\" srcset=\"https:\/\/madeinzaragoza.es\/blog\/wp-content\/uploads\/2015\/03\/zgzwkrs3.jpg 625w, https:\/\/madeinzaragoza.es\/blog\/wp-content\/uploads\/2015\/03\/zgzwkrs3-300x201.jpg 300w, https:\/\/madeinzaragoza.es\/blog\/wp-content\/uploads\/2015\/03\/zgzwkrs3-163x109.jpg 163w, https:\/\/madeinzaragoza.es\/blog\/wp-content\/uploads\/2015\/03\/zgzwkrs3-105x70.jpg 105w, https:\/\/madeinzaragoza.es\/blog\/wp-content\/uploads\/2015\/03\/zgzwkrs3-180x120.jpg 180w, https:\/\/madeinzaragoza.es\/blog\/wp-content\/uploads\/2015\/03\/zgzwkrs3-350x234.jpg 350w\" sizes=\"(max-width: 709px) 85vw, (max-width: 909px) 67vw, (max-width: 984px) 61vw, (max-width: 1362px) 45vw, 600px\" \/><\/a><figcaption id=\"caption-attachment-8774\" class=\"wp-caption-text\">Zaragoza Walkers<\/figcaption><\/figure>\n<p style=\"text-align: justify\">La intevenci\u00f3n de Marcos Cebri\u00e1n puede verse en el espacio C\u00f3rner Made in Zaragoza de Zaragoza Activa (La Azucarera) desde el pr\u00f3ximo jueves 11 de marzo hasta el 23 de abril de 2015.<\/p>\n<p>&nbsp;<\/p>\n<p style=\"text-align: justify\">Fotograf\u00edas:\u00a9Marcos Cebri\u00e1n.<\/p>\n","protected":false},"excerpt":{"rendered":"<p>An\u00f3nimos y M\u00faltiples 1: Marcos Cebri\u00e1n. Marcos Cebri\u00e1n es fot\u00f3grafo pero es ante todo un cazador de im\u00e1genes, su labor y especialidad es la de capturar im\u00e1genes y situaciones, la de materializar y dar permanencia a momentos fugaces. Y es todo un experto en hacerlo. Marcos trabaja la imagen en diversos campos pero casi siempre &hellip; <a href=\"https:\/\/madeinzaragoza.es\/blog\/la-fotografia-documental-de-marcos-cebrian\/\" class=\"more-link\">Continuar leyendo<span class=\"screen-reader-text\"> \u00abLa fotograf\u00eda documental de Marcos Cebri\u00e1n\u00bb<\/span><\/a><\/p>\n","protected":false},"author":36,"featured_media":8762,"comment_status":"open","ping_status":"open","sticky":false,"template":"","format":"standard","meta":{"footnotes":""},"categories":[831,829],"tags":[834,63,30,1108,1109,1103,84,1106,1102,1028,1003,1024],"yoast_head":"<!-- This site is optimized with the Yoast SEO plugin v19.7.2 - https:\/\/yoast.com\/wordpress\/plugins\/seo\/ -->\n<title>La fotograf\u00eda documental de Marcos Cebri\u00e1n - Made in Zaragoza<\/title>\n<meta name=\"robots\" content=\"index, follow, max-snippet:-1, max-image-preview:large, max-video-preview:-1\" \/>\n<link rel=\"canonical\" href=\"https:\/\/madeinzaragoza.es\/blog\/la-fotografia-documental-de-marcos-cebrian\/\" \/>\n<meta property=\"og:locale\" content=\"es_ES\" \/>\n<meta property=\"og:type\" content=\"article\" \/>\n<meta property=\"og:title\" content=\"La fotograf\u00eda documental de Marcos Cebri\u00e1n - Made in Zaragoza\" \/>\n<meta property=\"og:description\" content=\"An\u00f3nimos y M\u00faltiples 1: Marcos Cebri\u00e1n. Marcos Cebri\u00e1n es fot\u00f3grafo pero es ante todo un cazador de im\u00e1genes, su labor y especialidad es la de capturar im\u00e1genes y situaciones, la de materializar y dar permanencia a momentos fugaces. Y es todo un experto en hacerlo. Marcos trabaja la imagen en diversos campos pero casi siempre &hellip; Continuar leyendo &quot;La fotograf\u00eda documental de Marcos Cebri\u00e1n&quot;\" \/>\n<meta property=\"og:url\" content=\"https:\/\/madeinzaragoza.es\/blog\/la-fotografia-documental-de-marcos-cebrian\/\" \/>\n<meta property=\"og:site_name\" content=\"Made in Zaragoza\" \/>\n<meta property=\"article:publisher\" content=\"https:\/\/www.facebook.com\/madeinzaragoza.es\/\" \/>\n<meta property=\"article:author\" content=\"zarayorkers\" \/>\n<meta property=\"article:published_time\" content=\"2015-03-10T15:01:48+00:00\" \/>\n<meta property=\"article:modified_time\" content=\"2018-11-30T19:20:21+00:00\" \/>\n<meta property=\"og:image\" content=\"https:\/\/madeinzaragoza.es\/blog\/wp-content\/uploads\/2015\/03\/ZGZ-WKRS-portada.jpg\" \/>\n\t<meta property=\"og:image:width\" content=\"625\" \/>\n\t<meta property=\"og:image:height\" content=\"281\" \/>\n\t<meta property=\"og:image:type\" content=\"image\/jpeg\" \/>\n<meta name=\"author\" content=\"Sergio Sevilla\" \/>\n<meta name=\"twitter:card\" content=\"summary\" \/>\n<meta name=\"twitter:creator\" content=\"@madeinzaragoza\" \/>\n<meta name=\"twitter:site\" content=\"@madeinzaragoza\" \/>\n<meta name=\"twitter:label1\" content=\"Escrito por\" \/>\n\t<meta name=\"twitter:data1\" content=\"Sergio Sevilla\" \/>\n\t<meta name=\"twitter:label2\" content=\"Tiempo de lectura\" \/>\n\t<meta name=\"twitter:data2\" content=\"4 minutos\" \/>\n<script type=\"application\/ld+json\" class=\"yoast-schema-graph\">{\"@context\":\"https:\/\/schema.org\",\"@graph\":[{\"@type\":\"Article\",\"@id\":\"https:\/\/madeinzaragoza.es\/blog\/la-fotografia-documental-de-marcos-cebrian\/#article\",\"isPartOf\":{\"@id\":\"https:\/\/madeinzaragoza.es\/blog\/la-fotografia-documental-de-marcos-cebrian\/\"},\"author\":{\"name\":\"Sergio Sevilla\",\"@id\":\"https:\/\/madeinzaragoza.es\/blog\/#\/schema\/person\/fd836a8fe1177b6200bc8deffc3ad342\"},\"headline\":\"La fotograf\u00eda documental de Marcos Cebri\u00e1n\",\"datePublished\":\"2015-03-10T15:01:48+00:00\",\"dateModified\":\"2018-11-30T19:20:21+00:00\",\"mainEntityOfPage\":{\"@id\":\"https:\/\/madeinzaragoza.es\/blog\/la-fotografia-documental-de-marcos-cebrian\/\"},\"wordCount\":875,\"commentCount\":2,\"publisher\":{\"@id\":\"https:\/\/madeinzaragoza.es\/blog\/#organization\"},\"keywords\":[\"Corner MIZ\",\"exposicion\",\"fotografia\",\"fotograf\u00eda documental\",\"fotograf\u00eda social\",\"fotografia urbana\",\"gente\",\"identidad digital\",\"Marcos Cebri\u00e1n\",\"Sergio Sevilla\",\"zaragoza walkers\",\"zarayorkers\"],\"articleSection\":[\"CornerMIZ\",\"Cultura\"],\"inLanguage\":\"es\",\"potentialAction\":[{\"@type\":\"CommentAction\",\"name\":\"Comment\",\"target\":[\"https:\/\/madeinzaragoza.es\/blog\/la-fotografia-documental-de-marcos-cebrian\/#respond\"]}]},{\"@type\":\"WebPage\",\"@id\":\"https:\/\/madeinzaragoza.es\/blog\/la-fotografia-documental-de-marcos-cebrian\/\",\"url\":\"https:\/\/madeinzaragoza.es\/blog\/la-fotografia-documental-de-marcos-cebrian\/\",\"name\":\"La fotograf\u00eda documental de Marcos Cebri\u00e1n - Made in Zaragoza\",\"isPartOf\":{\"@id\":\"https:\/\/madeinzaragoza.es\/blog\/#website\"},\"datePublished\":\"2015-03-10T15:01:48+00:00\",\"dateModified\":\"2018-11-30T19:20:21+00:00\",\"breadcrumb\":{\"@id\":\"https:\/\/madeinzaragoza.es\/blog\/la-fotografia-documental-de-marcos-cebrian\/#breadcrumb\"},\"inLanguage\":\"es\",\"potentialAction\":[{\"@type\":\"ReadAction\",\"target\":[\"https:\/\/madeinzaragoza.es\/blog\/la-fotografia-documental-de-marcos-cebrian\/\"]}]},{\"@type\":\"BreadcrumbList\",\"@id\":\"https:\/\/madeinzaragoza.es\/blog\/la-fotografia-documental-de-marcos-cebrian\/#breadcrumb\",\"itemListElement\":[{\"@type\":\"ListItem\",\"position\":1,\"name\":\"Portada\",\"item\":\"https:\/\/madeinzaragoza.es\/blog\/\"},{\"@type\":\"ListItem\",\"position\":2,\"name\":\"La fotograf\u00eda documental de Marcos Cebri\u00e1n\"}]},{\"@type\":\"WebSite\",\"@id\":\"https:\/\/madeinzaragoza.es\/blog\/#website\",\"url\":\"https:\/\/madeinzaragoza.es\/blog\/\",\"name\":\"Made in Zaragoza\",\"description\":\"Blog de MadeinZGZ, Red de Econom\u00eda Creativa de Zaragoza\",\"publisher\":{\"@id\":\"https:\/\/madeinzaragoza.es\/blog\/#organization\"},\"potentialAction\":[{\"@type\":\"SearchAction\",\"target\":{\"@type\":\"EntryPoint\",\"urlTemplate\":\"https:\/\/madeinzaragoza.es\/blog\/?s={search_term_string}\"},\"query-input\":\"required name=search_term_string\"}],\"inLanguage\":\"es\"},{\"@type\":\"Organization\",\"@id\":\"https:\/\/madeinzaragoza.es\/blog\/#organization\",\"name\":\"Made In Zaragoza\",\"url\":\"https:\/\/madeinzaragoza.es\/blog\/\",\"sameAs\":[\"https:\/\/www.instagram.com\/madeinzaragoza.es\/\",\"https:\/\/www.facebook.com\/madeinzaragoza.es\/\",\"https:\/\/twitter.com\/madeinzaragoza\"],\"logo\":{\"@type\":\"ImageObject\",\"inLanguage\":\"es\",\"@id\":\"https:\/\/madeinzaragoza.es\/blog\/#\/schema\/logo\/image\/\",\"url\":\"https:\/\/madeinzaragoza.es\/blog\/wp-content\/uploads\/2022\/05\/logo.png\",\"contentUrl\":\"https:\/\/madeinzaragoza.es\/blog\/wp-content\/uploads\/2022\/05\/logo.png\",\"width\":193,\"height\":176,\"caption\":\"Made In Zaragoza\"},\"image\":{\"@id\":\"https:\/\/madeinzaragoza.es\/blog\/#\/schema\/logo\/image\/\"}},{\"@type\":\"Person\",\"@id\":\"https:\/\/madeinzaragoza.es\/blog\/#\/schema\/person\/fd836a8fe1177b6200bc8deffc3ad342\",\"name\":\"Sergio Sevilla\",\"image\":{\"@type\":\"ImageObject\",\"inLanguage\":\"es\",\"@id\":\"https:\/\/madeinzaragoza.es\/blog\/#\/schema\/person\/image\/\",\"url\":\"https:\/\/secure.gravatar.com\/avatar\/4a59e3901b7e749c4e3750c4fd5d0b43?s=96&d=mm&r=g\",\"contentUrl\":\"https:\/\/secure.gravatar.com\/avatar\/4a59e3901b7e749c4e3750c4fd5d0b43?s=96&d=mm&r=g\",\"caption\":\"Sergio Sevilla\"},\"description\":\"Gesti\u00f3n e Innovaci\u00f3n cultural (I+C) Mi trabajo se basa en la b\u00fasqueda de conexiones culturales en espacios de tr\u00e1nsito. Soy director y programador de proyectos culturales. He coordinado el espacio C\u00f3rner MIZ de Made in Zaragoza y, en la actualidad, me dedico a investigar, documentar y poner en valor el muralismo cer\u00e1mico de los a\u00f1os 60, 70 y 80 de Zaragoza y su relaci\u00f3n con los entornos arquitect\u00f3nicos y decorativos de la \u00e9poca. Descubre el perfil de @ZaragozaModerna en Instagram. Take a walk on the Art side.\",\"sameAs\":[\"zarayorkers\",\"@zaragozamoderna\",\"\/sergiosevillatabernero\"],\"url\":\"https:\/\/madeinzaragoza.es\/blog\/author\/sergiosevilla\/\"}]}<\/script>\n<!-- \/ Yoast SEO plugin. -->","yoast_head_json":{"title":"La fotograf\u00eda documental de Marcos Cebri\u00e1n - Made in Zaragoza","robots":{"index":"index","follow":"follow","max-snippet":"max-snippet:-1","max-image-preview":"max-image-preview:large","max-video-preview":"max-video-preview:-1"},"canonical":"https:\/\/madeinzaragoza.es\/blog\/la-fotografia-documental-de-marcos-cebrian\/","og_locale":"es_ES","og_type":"article","og_title":"La fotograf\u00eda documental de Marcos Cebri\u00e1n - Made in Zaragoza","og_description":"An\u00f3nimos y M\u00faltiples 1: Marcos Cebri\u00e1n. Marcos Cebri\u00e1n es fot\u00f3grafo pero es ante todo un cazador de im\u00e1genes, su labor y especialidad es la de capturar im\u00e1genes y situaciones, la de materializar y dar permanencia a momentos fugaces. Y es todo un experto en hacerlo. Marcos trabaja la imagen en diversos campos pero casi siempre &hellip; Continuar leyendo \"La fotograf\u00eda documental de Marcos Cebri\u00e1n\"","og_url":"https:\/\/madeinzaragoza.es\/blog\/la-fotografia-documental-de-marcos-cebrian\/","og_site_name":"Made in Zaragoza","article_publisher":"https:\/\/www.facebook.com\/madeinzaragoza.es\/","article_author":"zarayorkers","article_published_time":"2015-03-10T15:01:48+00:00","article_modified_time":"2018-11-30T19:20:21+00:00","og_image":[{"width":625,"height":281,"url":"https:\/\/madeinzaragoza.es\/blog\/wp-content\/uploads\/2015\/03\/ZGZ-WKRS-portada.jpg","type":"image\/jpeg"}],"author":"Sergio Sevilla","twitter_card":"summary","twitter_creator":"@madeinzaragoza","twitter_site":"@madeinzaragoza","twitter_misc":{"Escrito por":"Sergio Sevilla","Tiempo de lectura":"4 minutos"},"schema":{"@context":"https:\/\/schema.org","@graph":[{"@type":"Article","@id":"https:\/\/madeinzaragoza.es\/blog\/la-fotografia-documental-de-marcos-cebrian\/#article","isPartOf":{"@id":"https:\/\/madeinzaragoza.es\/blog\/la-fotografia-documental-de-marcos-cebrian\/"},"author":{"name":"Sergio Sevilla","@id":"https:\/\/madeinzaragoza.es\/blog\/#\/schema\/person\/fd836a8fe1177b6200bc8deffc3ad342"},"headline":"La fotograf\u00eda documental de Marcos Cebri\u00e1n","datePublished":"2015-03-10T15:01:48+00:00","dateModified":"2018-11-30T19:20:21+00:00","mainEntityOfPage":{"@id":"https:\/\/madeinzaragoza.es\/blog\/la-fotografia-documental-de-marcos-cebrian\/"},"wordCount":875,"commentCount":2,"publisher":{"@id":"https:\/\/madeinzaragoza.es\/blog\/#organization"},"keywords":["Corner MIZ","exposicion","fotografia","fotograf\u00eda documental","fotograf\u00eda social","fotografia urbana","gente","identidad digital","Marcos Cebri\u00e1n","Sergio Sevilla","zaragoza walkers","zarayorkers"],"articleSection":["CornerMIZ","Cultura"],"inLanguage":"es","potentialAction":[{"@type":"CommentAction","name":"Comment","target":["https:\/\/madeinzaragoza.es\/blog\/la-fotografia-documental-de-marcos-cebrian\/#respond"]}]},{"@type":"WebPage","@id":"https:\/\/madeinzaragoza.es\/blog\/la-fotografia-documental-de-marcos-cebrian\/","url":"https:\/\/madeinzaragoza.es\/blog\/la-fotografia-documental-de-marcos-cebrian\/","name":"La fotograf\u00eda documental de Marcos Cebri\u00e1n - Made in Zaragoza","isPartOf":{"@id":"https:\/\/madeinzaragoza.es\/blog\/#website"},"datePublished":"2015-03-10T15:01:48+00:00","dateModified":"2018-11-30T19:20:21+00:00","breadcrumb":{"@id":"https:\/\/madeinzaragoza.es\/blog\/la-fotografia-documental-de-marcos-cebrian\/#breadcrumb"},"inLanguage":"es","potentialAction":[{"@type":"ReadAction","target":["https:\/\/madeinzaragoza.es\/blog\/la-fotografia-documental-de-marcos-cebrian\/"]}]},{"@type":"BreadcrumbList","@id":"https:\/\/madeinzaragoza.es\/blog\/la-fotografia-documental-de-marcos-cebrian\/#breadcrumb","itemListElement":[{"@type":"ListItem","position":1,"name":"Portada","item":"https:\/\/madeinzaragoza.es\/blog\/"},{"@type":"ListItem","position":2,"name":"La fotograf\u00eda documental de Marcos Cebri\u00e1n"}]},{"@type":"WebSite","@id":"https:\/\/madeinzaragoza.es\/blog\/#website","url":"https:\/\/madeinzaragoza.es\/blog\/","name":"Made in Zaragoza","description":"Blog de MadeinZGZ, Red de Econom\u00eda Creativa de Zaragoza","publisher":{"@id":"https:\/\/madeinzaragoza.es\/blog\/#organization"},"potentialAction":[{"@type":"SearchAction","target":{"@type":"EntryPoint","urlTemplate":"https:\/\/madeinzaragoza.es\/blog\/?s={search_term_string}"},"query-input":"required name=search_term_string"}],"inLanguage":"es"},{"@type":"Organization","@id":"https:\/\/madeinzaragoza.es\/blog\/#organization","name":"Made In Zaragoza","url":"https:\/\/madeinzaragoza.es\/blog\/","sameAs":["https:\/\/www.instagram.com\/madeinzaragoza.es\/","https:\/\/www.facebook.com\/madeinzaragoza.es\/","https:\/\/twitter.com\/madeinzaragoza"],"logo":{"@type":"ImageObject","inLanguage":"es","@id":"https:\/\/madeinzaragoza.es\/blog\/#\/schema\/logo\/image\/","url":"https:\/\/madeinzaragoza.es\/blog\/wp-content\/uploads\/2022\/05\/logo.png","contentUrl":"https:\/\/madeinzaragoza.es\/blog\/wp-content\/uploads\/2022\/05\/logo.png","width":193,"height":176,"caption":"Made In Zaragoza"},"image":{"@id":"https:\/\/madeinzaragoza.es\/blog\/#\/schema\/logo\/image\/"}},{"@type":"Person","@id":"https:\/\/madeinzaragoza.es\/blog\/#\/schema\/person\/fd836a8fe1177b6200bc8deffc3ad342","name":"Sergio Sevilla","image":{"@type":"ImageObject","inLanguage":"es","@id":"https:\/\/madeinzaragoza.es\/blog\/#\/schema\/person\/image\/","url":"https:\/\/secure.gravatar.com\/avatar\/4a59e3901b7e749c4e3750c4fd5d0b43?s=96&d=mm&r=g","contentUrl":"https:\/\/secure.gravatar.com\/avatar\/4a59e3901b7e749c4e3750c4fd5d0b43?s=96&d=mm&r=g","caption":"Sergio Sevilla"},"description":"Gesti\u00f3n e Innovaci\u00f3n cultural (I+C) Mi trabajo se basa en la b\u00fasqueda de conexiones culturales en espacios de tr\u00e1nsito. Soy director y programador de proyectos culturales. He coordinado el espacio C\u00f3rner MIZ de Made in Zaragoza y, en la actualidad, me dedico a investigar, documentar y poner en valor el muralismo cer\u00e1mico de los a\u00f1os 60, 70 y 80 de Zaragoza y su relaci\u00f3n con los entornos arquitect\u00f3nicos y decorativos de la \u00e9poca. Descubre el perfil de @ZaragozaModerna en Instagram. Take a walk on the Art side.","sameAs":["zarayorkers","@zaragozamoderna","\/sergiosevillatabernero"],"url":"https:\/\/madeinzaragoza.es\/blog\/author\/sergiosevilla\/"}]}},"_links":{"self":[{"href":"https:\/\/madeinzaragoza.es\/blog\/wp-json\/wp\/v2\/posts\/8760"}],"collection":[{"href":"https:\/\/madeinzaragoza.es\/blog\/wp-json\/wp\/v2\/posts"}],"about":[{"href":"https:\/\/madeinzaragoza.es\/blog\/wp-json\/wp\/v2\/types\/post"}],"author":[{"embeddable":true,"href":"https:\/\/madeinzaragoza.es\/blog\/wp-json\/wp\/v2\/users\/36"}],"replies":[{"embeddable":true,"href":"https:\/\/madeinzaragoza.es\/blog\/wp-json\/wp\/v2\/comments?post=8760"}],"version-history":[{"count":14,"href":"https:\/\/madeinzaragoza.es\/blog\/wp-json\/wp\/v2\/posts\/8760\/revisions"}],"predecessor-version":[{"id":22599,"href":"https:\/\/madeinzaragoza.es\/blog\/wp-json\/wp\/v2\/posts\/8760\/revisions\/22599"}],"wp:featuredmedia":[{"embeddable":true,"href":"https:\/\/madeinzaragoza.es\/blog\/wp-json\/wp\/v2\/media\/8762"}],"wp:attachment":[{"href":"https:\/\/madeinzaragoza.es\/blog\/wp-json\/wp\/v2\/media?parent=8760"}],"wp:term":[{"taxonomy":"category","embeddable":true,"href":"https:\/\/madeinzaragoza.es\/blog\/wp-json\/wp\/v2\/categories?post=8760"},{"taxonomy":"post_tag","embeddable":true,"href":"https:\/\/madeinzaragoza.es\/blog\/wp-json\/wp\/v2\/tags?post=8760"}],"curies":[{"name":"wp","href":"https:\/\/api.w.org\/{rel}","templated":true}]}}