{"id":45607,"date":"2026-04-27T17:04:07","date_gmt":"2026-04-27T16:04:07","guid":{"rendered":"http:\/\/madeinzaragoza.es\/blog\/?p=45607"},"modified":"2026-04-27T17:04:08","modified_gmt":"2026-04-27T16:04:08","slug":"creactivate-ilustrador-alberto-gamon","status":"publish","type":"post","link":"https:\/\/madeinzaragoza.es\/blog\/creactivate-ilustrador-alberto-gamon\/","title":{"rendered":"CreActivaTe. Descubre tu creatividad con el ilustrador&#8230; Alberto Gam\u00f3n"},"content":{"rendered":"\n<h3 class=\"wp-block-heading\"><strong>Una de las premisas de la creatividad es que, no existe un camino \u00fanico para realizar las cosas, ni una \u00fanica soluci\u00f3n, en el proceso creativo todo es distinto cada vez y para cada uno. Ah\u00ed es d\u00f3nde reside la magia creativa y eso es lo que buscamos en los talleres, que cada uno encuentre su camino.<\/strong><\/h3>\n\n\n\n<p><\/p>\n\n\n\n<p><strong>CreActivaTe<\/strong> es una propuesta de <em>Made in Zaragoza<\/em>, la red de econom\u00eda creativa de <em>Zaragoza Activa<\/em> que tiene como objetivo, por un lado, motivar y potenciar la creatividad entre los m\u00e1s j\u00f3venes. Y por otro lado, quiere poner en valor el trabajo de los profesionales del \u00e1mbito de la econom\u00eda creativa de nuestra tierra.<\/p>\n\n\n\n<p>Esta iniciativa, que he puesto en marcha junto con Zaragoza Activa, consiste en una serie de talleres con varios creadores en activo de nuestra ciudad que nos ense\u00f1an su proceso de trabajo y comparten con los grupos un tiempo de experimentaci\u00f3n y creaci\u00f3n conjunta.&nbsp;<\/p>\n\n\n\n<p>En estos talleres vamos a conocer la trayectoria y el trabajo de un gran creativo de Zaragoza, el es el ilustrador <a href=\"https:\/\/gamongamon.com\" target=\"_blank\" rel=\"noreferrer noopener\">Alberto Gam\u00f3n<\/a>.<\/p>\n\n\n\n<figure class=\"wp-block-gallery has-nested-images columns-default is-cropped wp-block-gallery-1 is-layout-flex wp-block-gallery-is-layout-flex\">\n<figure class=\"wp-block-image size-large\"><img loading=\"lazy\" decoding=\"async\" width=\"578\" height=\"1024\" data-id=\"45612\" src=\"http:\/\/madeinzaragoza.es\/blog\/wp-content\/uploads\/2026\/04\/1-578x1024.jpg\" alt=\"\" class=\"wp-image-45612\" srcset=\"https:\/\/madeinzaragoza.es\/blog\/wp-content\/uploads\/2026\/04\/1-578x1024.jpg 578w, https:\/\/madeinzaragoza.es\/blog\/wp-content\/uploads\/2026\/04\/1-254x450.jpg 254w, https:\/\/madeinzaragoza.es\/blog\/wp-content\/uploads\/2026\/04\/1-768x1362.jpg 768w, https:\/\/madeinzaragoza.es\/blog\/wp-content\/uploads\/2026\/04\/1-866x1536.jpg 866w, https:\/\/madeinzaragoza.es\/blog\/wp-content\/uploads\/2026\/04\/1-1155x2048.jpg 1155w, https:\/\/madeinzaragoza.es\/blog\/wp-content\/uploads\/2026\/04\/1-1200x2128.jpg 1200w, https:\/\/madeinzaragoza.es\/blog\/wp-content\/uploads\/2026\/04\/1-scaled.jpg 1444w\" sizes=\"(max-width: 578px) 85vw, 578px\" \/><\/figure>\n\n\n\n<figure class=\"wp-block-image size-large\"><img loading=\"lazy\" decoding=\"async\" width=\"578\" height=\"1024\" data-id=\"45611\" src=\"http:\/\/madeinzaragoza.es\/blog\/wp-content\/uploads\/2026\/04\/3-578x1024.jpg\" alt=\"\" class=\"wp-image-45611\" srcset=\"https:\/\/madeinzaragoza.es\/blog\/wp-content\/uploads\/2026\/04\/3-578x1024.jpg 578w, https:\/\/madeinzaragoza.es\/blog\/wp-content\/uploads\/2026\/04\/3-254x450.jpg 254w, https:\/\/madeinzaragoza.es\/blog\/wp-content\/uploads\/2026\/04\/3-768x1362.jpg 768w, https:\/\/madeinzaragoza.es\/blog\/wp-content\/uploads\/2026\/04\/3-866x1536.jpg 866w, https:\/\/madeinzaragoza.es\/blog\/wp-content\/uploads\/2026\/04\/3-1155x2048.jpg 1155w, https:\/\/madeinzaragoza.es\/blog\/wp-content\/uploads\/2026\/04\/3-1200x2128.jpg 1200w, https:\/\/madeinzaragoza.es\/blog\/wp-content\/uploads\/2026\/04\/3-scaled.jpg 1444w\" sizes=\"(max-width: 578px) 85vw, 578px\" \/><\/figure>\n\n\n\n<figure class=\"wp-block-image size-large\"><img loading=\"lazy\" decoding=\"async\" width=\"578\" height=\"1024\" data-id=\"45613\" src=\"http:\/\/madeinzaragoza.es\/blog\/wp-content\/uploads\/2026\/04\/2-578x1024.jpg\" alt=\"\" class=\"wp-image-45613\" srcset=\"https:\/\/madeinzaragoza.es\/blog\/wp-content\/uploads\/2026\/04\/2-578x1024.jpg 578w, https:\/\/madeinzaragoza.es\/blog\/wp-content\/uploads\/2026\/04\/2-254x450.jpg 254w, https:\/\/madeinzaragoza.es\/blog\/wp-content\/uploads\/2026\/04\/2-768x1362.jpg 768w, https:\/\/madeinzaragoza.es\/blog\/wp-content\/uploads\/2026\/04\/2-866x1536.jpg 866w, https:\/\/madeinzaragoza.es\/blog\/wp-content\/uploads\/2026\/04\/2-1155x2048.jpg 1155w, https:\/\/madeinzaragoza.es\/blog\/wp-content\/uploads\/2026\/04\/2-1200x2128.jpg 1200w, https:\/\/madeinzaragoza.es\/blog\/wp-content\/uploads\/2026\/04\/2-scaled.jpg 1444w\" sizes=\"(max-width: 578px) 85vw, 578px\" \/><\/figure>\n<\/figure>\n\n\n\n<p><\/p>\n\n\n\n<h2 class=\"wp-block-heading\"><strong>La creatividad como ingrediente principal<\/strong><\/h2>\n\n\n\n<p><\/p>\n\n\n\n<p>Durante la carrera de Bellas Artes un profesor nos dijo que pintar era como cocinar. Y su raz\u00f3n ten\u00eda, aprender a elaborar los pigmentos y las imprimaciones, mezclar los productos, aplicarlos en el lienzo\u2026 si todo eso lo llevas al mundo de la cocina en realidad no se diferencia demasiado. Al final, la creatividad est\u00e1 en todo lo que hacemos y en la cocina hay mucha creatividad, y bien sabrosa que est\u00e1.<\/p>\n\n\n\n<p>Pero para que surja la creatividad hay que estar metido en faena. Como dice el cocinero Ferran Adri\u00e1, \u201cLa creatividad no llega en minutos, ni en horas: la creatividad llega en el momento que tiene que llegar\u201d. Y llega, claro que llega. Si est\u00e1s trabajando la creatividad llega. En realidad la creatividad es lo f\u00e1cil, solo es cuesti\u00f3n de ponerse y disfrutarlo. Lo dif\u00edcil es que surja la idea, la buena.\u00a0<\/p>\n\n\n\n<p><\/p>\n\n\n\n<figure class=\"wp-block-gallery has-nested-images columns-default is-cropped wp-block-gallery-2 is-layout-flex wp-block-gallery-is-layout-flex\">\n<figure class=\"wp-block-image size-large\"><img loading=\"lazy\" decoding=\"async\" width=\"578\" height=\"1024\" data-id=\"45616\" src=\"http:\/\/madeinzaragoza.es\/blog\/wp-content\/uploads\/2026\/04\/4-578x1024.jpg\" alt=\"\" class=\"wp-image-45616\" srcset=\"https:\/\/madeinzaragoza.es\/blog\/wp-content\/uploads\/2026\/04\/4-578x1024.jpg 578w, https:\/\/madeinzaragoza.es\/blog\/wp-content\/uploads\/2026\/04\/4-254x450.jpg 254w, https:\/\/madeinzaragoza.es\/blog\/wp-content\/uploads\/2026\/04\/4-768x1362.jpg 768w, https:\/\/madeinzaragoza.es\/blog\/wp-content\/uploads\/2026\/04\/4-866x1536.jpg 866w, https:\/\/madeinzaragoza.es\/blog\/wp-content\/uploads\/2026\/04\/4-1155x2048.jpg 1155w, https:\/\/madeinzaragoza.es\/blog\/wp-content\/uploads\/2026\/04\/4-1200x2128.jpg 1200w, https:\/\/madeinzaragoza.es\/blog\/wp-content\/uploads\/2026\/04\/4-scaled.jpg 1444w\" sizes=\"(max-width: 578px) 85vw, 578px\" \/><\/figure>\n\n\n\n<figure class=\"wp-block-image size-large\"><img loading=\"lazy\" decoding=\"async\" width=\"578\" height=\"1024\" data-id=\"45615\" src=\"http:\/\/madeinzaragoza.es\/blog\/wp-content\/uploads\/2026\/04\/5-578x1024.jpg\" alt=\"\" class=\"wp-image-45615\" srcset=\"https:\/\/madeinzaragoza.es\/blog\/wp-content\/uploads\/2026\/04\/5-578x1024.jpg 578w, https:\/\/madeinzaragoza.es\/blog\/wp-content\/uploads\/2026\/04\/5-254x450.jpg 254w, https:\/\/madeinzaragoza.es\/blog\/wp-content\/uploads\/2026\/04\/5-768x1362.jpg 768w, https:\/\/madeinzaragoza.es\/blog\/wp-content\/uploads\/2026\/04\/5-866x1536.jpg 866w, https:\/\/madeinzaragoza.es\/blog\/wp-content\/uploads\/2026\/04\/5-1155x2048.jpg 1155w, https:\/\/madeinzaragoza.es\/blog\/wp-content\/uploads\/2026\/04\/5-1200x2128.jpg 1200w, https:\/\/madeinzaragoza.es\/blog\/wp-content\/uploads\/2026\/04\/5-scaled.jpg 1444w\" sizes=\"(max-width: 578px) 85vw, 578px\" \/><\/figure>\n\n\n\n<figure class=\"wp-block-image size-large\"><img loading=\"lazy\" decoding=\"async\" width=\"578\" height=\"1024\" data-id=\"45614\" src=\"http:\/\/madeinzaragoza.es\/blog\/wp-content\/uploads\/2026\/04\/6-578x1024.jpg\" alt=\"\" class=\"wp-image-45614\" srcset=\"https:\/\/madeinzaragoza.es\/blog\/wp-content\/uploads\/2026\/04\/6-578x1024.jpg 578w, https:\/\/madeinzaragoza.es\/blog\/wp-content\/uploads\/2026\/04\/6-254x450.jpg 254w, https:\/\/madeinzaragoza.es\/blog\/wp-content\/uploads\/2026\/04\/6-768x1362.jpg 768w, https:\/\/madeinzaragoza.es\/blog\/wp-content\/uploads\/2026\/04\/6-866x1536.jpg 866w, https:\/\/madeinzaragoza.es\/blog\/wp-content\/uploads\/2026\/04\/6-1155x2048.jpg 1155w, https:\/\/madeinzaragoza.es\/blog\/wp-content\/uploads\/2026\/04\/6-1200x2128.jpg 1200w, https:\/\/madeinzaragoza.es\/blog\/wp-content\/uploads\/2026\/04\/6-scaled.jpg 1444w\" sizes=\"(max-width: 578px) 85vw, 578px\" \/><\/figure>\n<\/figure>\n\n\n\n<p><\/p>\n\n\n\n<h2 class=\"wp-block-heading\"><strong>Procesos creativos igual a resultados creativos<\/strong><\/h2>\n\n\n\n<p><\/p>\n\n\n\n<p>Para fomentar esta habilidad de conectar ideas, se busca acercar al alumnado al concepto de la creatividad como un recurso propio e inagotable para solucionar problemas y encontrar nuevas formas de realizar las cosas.<\/p>\n\n\n\n<p>Los alumnos participantes en los talleres encontrar\u00e1n a lo largo de las diferentes sesiones herramientas para plasmar sus ideas de manera libre y se aproximar\u00e1n a diferentes t\u00e9cnicas y procesos creativos que les ayudar\u00e1n a desarrollar su imaginaci\u00f3n.<\/p>\n\n\n\n<p><\/p>\n\n\n\n<figure class=\"wp-block-image size-large\"><img loading=\"lazy\" decoding=\"async\" width=\"1024\" height=\"578\" src=\"http:\/\/madeinzaragoza.es\/blog\/wp-content\/uploads\/2026\/04\/a-media-1024x578.jpg\" alt=\"\" class=\"wp-image-45617\" srcset=\"https:\/\/madeinzaragoza.es\/blog\/wp-content\/uploads\/2026\/04\/a-media-1024x578.jpg 1024w, https:\/\/madeinzaragoza.es\/blog\/wp-content\/uploads\/2026\/04\/a-media-450x254.jpg 450w, https:\/\/madeinzaragoza.es\/blog\/wp-content\/uploads\/2026\/04\/a-media-768x433.jpg 768w, https:\/\/madeinzaragoza.es\/blog\/wp-content\/uploads\/2026\/04\/a-media-1536x866.jpg 1536w, https:\/\/madeinzaragoza.es\/blog\/wp-content\/uploads\/2026\/04\/a-media-2048x1155.jpg 2048w, https:\/\/madeinzaragoza.es\/blog\/wp-content\/uploads\/2026\/04\/a-media-1200x677.jpg 1200w\" sizes=\"(max-width: 709px) 85vw, (max-width: 909px) 67vw, (max-width: 1362px) 62vw, 840px\" \/><\/figure>\n\n\n\n<p><\/p>\n\n\n\n<h2 class=\"wp-block-heading\"><strong>Alberto Gam\u00f3n, un ilustrador con <\/strong>mirada propia<\/h2>\n\n\n\n<p><\/p>\n\n\n\n<p>Alberto se dedica a la ilustraci\u00f3n desde 1995 trabajando en diferentes campos. Colabora en prensa y revistas ilustrando art\u00edculos. Sus inicios fueron en <em>El Peri\u00f3dico de Arag\u00f3n<\/em>, hace casi treinta a\u00f1os, y sus \u00faltimos trabajos han aparecido en <em>El Pa\u00eds Semanal<\/em> y la revista cultural <em>Jot Down<\/em>.<\/p>\n\n\n\n<p>En el \u00e1mbito infantil ha ilustrado libros para editoriales como <em>Imaginarium, Apila, Thule <\/em>o<em> Anaya<\/em>. Tambi\u00e9n tiene t\u00edtulos publicados en M\u00e9xico, Chile o Italia. Junto a otros autores se embarc\u00f3 en un proyecto de autoedici\u00f3n: <em>Ediciones sinPretensiones.<\/em><\/p>\n\n\n\n<p><\/p>\n\n\n\n<figure class=\"wp-block-gallery has-nested-images columns-default is-cropped wp-block-gallery-3 is-layout-flex wp-block-gallery-is-layout-flex\">\n<figure class=\"wp-block-image size-large\"><img loading=\"lazy\" decoding=\"async\" width=\"600\" height=\"800\" data-id=\"45619\" src=\"http:\/\/madeinzaragoza.es\/blog\/wp-content\/uploads\/2026\/04\/1-1.jpg\" alt=\"\" class=\"wp-image-45619\" srcset=\"https:\/\/madeinzaragoza.es\/blog\/wp-content\/uploads\/2026\/04\/1-1.jpg 600w, https:\/\/madeinzaragoza.es\/blog\/wp-content\/uploads\/2026\/04\/1-1-338x450.jpg 338w\" sizes=\"(max-width: 709px) 85vw, (max-width: 909px) 67vw, (max-width: 984px) 61vw, (max-width: 1362px) 45vw, 600px\" \/><\/figure>\n\n\n\n<figure class=\"wp-block-image size-large\"><img loading=\"lazy\" decoding=\"async\" width=\"713\" height=\"800\" data-id=\"45621\" src=\"http:\/\/madeinzaragoza.es\/blog\/wp-content\/uploads\/2026\/04\/2-1.jpg\" alt=\"\" class=\"wp-image-45621\" srcset=\"https:\/\/madeinzaragoza.es\/blog\/wp-content\/uploads\/2026\/04\/2-1.jpg 713w, https:\/\/madeinzaragoza.es\/blog\/wp-content\/uploads\/2026\/04\/2-1-401x450.jpg 401w\" sizes=\"(max-width: 709px) 85vw, (max-width: 909px) 67vw, (max-width: 984px) 61vw, (max-width: 1362px) 45vw, 600px\" \/><\/figure>\n\n\n\n<figure class=\"wp-block-image size-large\"><img loading=\"lazy\" decoding=\"async\" width=\"600\" height=\"800\" data-id=\"45620\" src=\"http:\/\/madeinzaragoza.es\/blog\/wp-content\/uploads\/2026\/04\/3-1.jpg\" alt=\"\" class=\"wp-image-45620\" srcset=\"https:\/\/madeinzaragoza.es\/blog\/wp-content\/uploads\/2026\/04\/3-1.jpg 600w, https:\/\/madeinzaragoza.es\/blog\/wp-content\/uploads\/2026\/04\/3-1-338x450.jpg 338w\" sizes=\"(max-width: 709px) 85vw, (max-width: 909px) 67vw, (max-width: 984px) 61vw, (max-width: 1362px) 45vw, 600px\" \/><\/figure>\n<\/figure>\n\n\n\n<p><\/p>\n\n\n\n<p>Ilustra cubiertas para libros de narrativa, trabajando con editoriales como <em>Contrase\u00f1a <\/em>y<em> N\u00f3rdica Libros<\/em>. Para esta \u00faltima ha realizado varios libros ilustrados para adultos como <em>Las almas muertas, M\u00e9xico insurgente o Las aventuras de Pinocho<\/em>.\u00a0<\/p>\n\n\n\n<p>Ha realizado dise\u00f1os de carteles para diferentes campa\u00f1a y realiza de manera habitual murales con sus ilustraciones.<\/p>\n\n\n\n<p><\/p>\n\n\n\n<figure class=\"wp-block-gallery has-nested-images columns-default is-cropped wp-block-gallery-4 is-layout-flex wp-block-gallery-is-layout-flex\">\n<figure class=\"wp-block-image size-large\"><img loading=\"lazy\" decoding=\"async\" width=\"600\" height=\"550\" data-id=\"45623\" src=\"http:\/\/madeinzaragoza.es\/blog\/wp-content\/uploads\/2026\/04\/4-1.jpg\" alt=\"\" class=\"wp-image-45623\" srcset=\"https:\/\/madeinzaragoza.es\/blog\/wp-content\/uploads\/2026\/04\/4-1.jpg 600w, https:\/\/madeinzaragoza.es\/blog\/wp-content\/uploads\/2026\/04\/4-1-450x413.jpg 450w\" sizes=\"(max-width: 709px) 85vw, (max-width: 909px) 67vw, (max-width: 984px) 61vw, (max-width: 1362px) 45vw, 600px\" \/><\/figure>\n\n\n\n<figure class=\"wp-block-image size-large\"><img loading=\"lazy\" decoding=\"async\" width=\"619\" height=\"786\" data-id=\"45624\" src=\"http:\/\/madeinzaragoza.es\/blog\/wp-content\/uploads\/2026\/04\/5-1.jpg\" alt=\"\" class=\"wp-image-45624\" srcset=\"https:\/\/madeinzaragoza.es\/blog\/wp-content\/uploads\/2026\/04\/5-1.jpg 619w, https:\/\/madeinzaragoza.es\/blog\/wp-content\/uploads\/2026\/04\/5-1-354x450.jpg 354w\" sizes=\"(max-width: 709px) 85vw, (max-width: 909px) 67vw, (max-width: 984px) 61vw, (max-width: 1362px) 45vw, 600px\" \/><\/figure>\n\n\n\n<figure class=\"wp-block-image size-large\"><img loading=\"lazy\" decoding=\"async\" width=\"600\" height=\"600\" data-id=\"45622\" src=\"http:\/\/madeinzaragoza.es\/blog\/wp-content\/uploads\/2026\/04\/6-1.jpg\" alt=\"\" class=\"wp-image-45622\" srcset=\"https:\/\/madeinzaragoza.es\/blog\/wp-content\/uploads\/2026\/04\/6-1.jpg 600w, https:\/\/madeinzaragoza.es\/blog\/wp-content\/uploads\/2026\/04\/6-1-450x450.jpg 450w, https:\/\/madeinzaragoza.es\/blog\/wp-content\/uploads\/2026\/04\/6-1-150x150.jpg 150w, https:\/\/madeinzaragoza.es\/blog\/wp-content\/uploads\/2026\/04\/6-1-120x120.jpg 120w\" sizes=\"(max-width: 709px) 85vw, (max-width: 909px) 67vw, (max-width: 984px) 61vw, (max-width: 1362px) 45vw, 600px\" \/><\/figure>\n<\/figure>\n\n\n\n<p><\/p>\n\n\n\n<p>Su trabajo ha sido seleccionado para diversas exposiciones, como \u00abIlustr\u00edsimos. Panorama de la ilustraci\u00f3n en Espa\u00f1a\u00bb, en la Feria Internacional del Libro Infantil y Juvenil de Bolonia, 2005 y la exposici\u00f3n \u00abIlustraci\u00f3n: una literatura visual\u00bb, en la Feria Internacional del libro de Frankfurt, 2022.<\/p>\n\n\n\n<p>En 2020 recibi\u00f3 el Premio Artes y Letras de Heraldo de Arag\u00f3n, en la categor\u00eda de Literatura Infantil y Juvenil. Tambi\u00e9n ha sido finalista de los Premios Junceda de la APIC (Associaci\u00f3 Professional d\u2019Il\u00b7lustradors de Catalunya) y de los Premios APIM (Asociaci\u00f3n Profesional de ilustradores de Madrid).<\/p>\n\n\n\n<p><\/p>\n\n\n\n<figure class=\"wp-block-gallery has-nested-images columns-default is-cropped wp-block-gallery-5 is-layout-flex wp-block-gallery-is-layout-flex\">\n<figure class=\"wp-block-image size-large\"><img loading=\"lazy\" decoding=\"async\" width=\"587\" height=\"800\" data-id=\"45626\" src=\"http:\/\/madeinzaragoza.es\/blog\/wp-content\/uploads\/2026\/04\/8.jpeg\" alt=\"\" class=\"wp-image-45626\" srcset=\"https:\/\/madeinzaragoza.es\/blog\/wp-content\/uploads\/2026\/04\/8.jpeg 587w, https:\/\/madeinzaragoza.es\/blog\/wp-content\/uploads\/2026\/04\/8-330x450.jpeg 330w\" sizes=\"(max-width: 587px) 85vw, 587px\" \/><\/figure>\n\n\n\n<figure class=\"wp-block-image size-large\"><img loading=\"lazy\" decoding=\"async\" width=\"571\" height=\"800\" data-id=\"45625\" src=\"http:\/\/madeinzaragoza.es\/blog\/wp-content\/uploads\/2026\/04\/7.jpg\" alt=\"\" class=\"wp-image-45625\" srcset=\"https:\/\/madeinzaragoza.es\/blog\/wp-content\/uploads\/2026\/04\/7.jpg 571w, https:\/\/madeinzaragoza.es\/blog\/wp-content\/uploads\/2026\/04\/7-321x450.jpg 321w\" sizes=\"(max-width: 571px) 85vw, 571px\" \/><\/figure>\n\n\n\n<figure class=\"wp-block-image size-large\"><img loading=\"lazy\" decoding=\"async\" width=\"763\" height=\"1024\" data-id=\"45627\" src=\"http:\/\/madeinzaragoza.es\/blog\/wp-content\/uploads\/2026\/04\/9-763x1024.jpg\" alt=\"\" class=\"wp-image-45627\" srcset=\"https:\/\/madeinzaragoza.es\/blog\/wp-content\/uploads\/2026\/04\/9-763x1024.jpg 763w, https:\/\/madeinzaragoza.es\/blog\/wp-content\/uploads\/2026\/04\/9-335x450.jpg 335w, https:\/\/madeinzaragoza.es\/blog\/wp-content\/uploads\/2026\/04\/9-768x1030.jpg 768w, https:\/\/madeinzaragoza.es\/blog\/wp-content\/uploads\/2026\/04\/9-1145x1536.jpg 1145w, https:\/\/madeinzaragoza.es\/blog\/wp-content\/uploads\/2026\/04\/9-1200x1610.jpg 1200w, https:\/\/madeinzaragoza.es\/blog\/wp-content\/uploads\/2026\/04\/9.jpg 1500w\" sizes=\"(max-width: 709px) 85vw, (max-width: 909px) 67vw, (max-width: 984px) 61vw, (max-width: 1362px) 45vw, 600px\" \/><\/figure>\n<\/figure>\n\n\n\n<p><\/p>\n\n\n\n<p><\/p>\n\n\n\n<h2 class=\"wp-block-heading\"><strong>Cuando una imagen vale m\u00e1s que mil palabras<\/strong><\/h2>\n\n\n\n<p><\/p>\n\n\n\n<p>En los talleres realizados por Alberto han venido varios grupos: uno de las Claretianas de 4\u00ba de la ESO y dos grupos del Santo Antonio de Padua de 2\u00ba de la ESO. Alumnado con diferentes franjas de edades que, como siempre, han respondido de manera fant\u00e1stica a las propuestas. Esta vez con un ejercicio en el que tendr\u00e1n que intervenir im\u00e1genes, dot\u00e1ndolas de un nuevo significado.<\/p>\n\n\n\n<p>Los talleres los comenzamos siempre con una charla din\u00e1mica sobre creatividad para que los alumnos empiecen a interactuar. Queremos que aprendan qu\u00e9 es la creatividad y sobre todo, c\u00f3mo sacarla de su interior. Una vez que han comprendido que todos y todas son creativos en potencia y se han centrado en el objetivo, pasamos a realizar el taller.\u00a0<\/p>\n\n\n\n<p><\/p>\n\n\n\n<figure class=\"wp-block-gallery has-nested-images columns-default is-cropped wp-block-gallery-6 is-layout-flex wp-block-gallery-is-layout-flex\">\n<figure class=\"wp-block-image size-large\"><img loading=\"lazy\" decoding=\"async\" width=\"1024\" height=\"768\" data-id=\"45629\" src=\"http:\/\/madeinzaragoza.es\/blog\/wp-content\/uploads\/2026\/04\/10-1-1024x768.jpg\" alt=\"\" class=\"wp-image-45629\" srcset=\"https:\/\/madeinzaragoza.es\/blog\/wp-content\/uploads\/2026\/04\/10-1-1024x768.jpg 1024w, https:\/\/madeinzaragoza.es\/blog\/wp-content\/uploads\/2026\/04\/10-1-450x338.jpg 450w, https:\/\/madeinzaragoza.es\/blog\/wp-content\/uploads\/2026\/04\/10-1-768x576.jpg 768w, https:\/\/madeinzaragoza.es\/blog\/wp-content\/uploads\/2026\/04\/10-1.jpg 1200w\" sizes=\"(max-width: 709px) 85vw, (max-width: 909px) 67vw, (max-width: 1362px) 62vw, 840px\" \/><\/figure>\n\n\n\n<figure class=\"wp-block-image size-large\"><img loading=\"lazy\" decoding=\"async\" width=\"1024\" height=\"768\" data-id=\"45630\" src=\"http:\/\/madeinzaragoza.es\/blog\/wp-content\/uploads\/2026\/04\/11-1024x768.jpg\" alt=\"\" class=\"wp-image-45630\" srcset=\"https:\/\/madeinzaragoza.es\/blog\/wp-content\/uploads\/2026\/04\/11-1024x768.jpg 1024w, https:\/\/madeinzaragoza.es\/blog\/wp-content\/uploads\/2026\/04\/11-450x338.jpg 450w, https:\/\/madeinzaragoza.es\/blog\/wp-content\/uploads\/2026\/04\/11-768x576.jpg 768w, https:\/\/madeinzaragoza.es\/blog\/wp-content\/uploads\/2026\/04\/11.jpg 1200w\" sizes=\"(max-width: 709px) 85vw, (max-width: 909px) 67vw, (max-width: 1362px) 62vw, 840px\" \/><\/figure>\n\n\n\n<figure class=\"wp-block-image size-large\"><img loading=\"lazy\" decoding=\"async\" width=\"1024\" height=\"768\" data-id=\"45631\" src=\"http:\/\/madeinzaragoza.es\/blog\/wp-content\/uploads\/2026\/04\/12-1024x768.jpg\" alt=\"\" class=\"wp-image-45631\" srcset=\"https:\/\/madeinzaragoza.es\/blog\/wp-content\/uploads\/2026\/04\/12-1024x768.jpg 1024w, https:\/\/madeinzaragoza.es\/blog\/wp-content\/uploads\/2026\/04\/12-450x338.jpg 450w, https:\/\/madeinzaragoza.es\/blog\/wp-content\/uploads\/2026\/04\/12-768x576.jpg 768w, https:\/\/madeinzaragoza.es\/blog\/wp-content\/uploads\/2026\/04\/12.jpg 1200w\" sizes=\"(max-width: 709px) 85vw, (max-width: 909px) 67vw, (max-width: 1362px) 62vw, 840px\" \/><\/figure>\n<\/figure>\n\n\n\n<p><\/p>\n\n\n\n<p>En los talleres de Alberto se puso a prueba la creatividad no solo con el dibujo, tambi\u00e9n con la s\u00edntesis de una idea que ten\u00eda que contar algo de un libro en su portada. Desde 2018 Alberto realiza <em>\u201cfajas de autor\u00bb<\/em> para la editorial N\u00f3rdica Libros. La faja de un libro es la tira de papel que se pone sobre la cubierta o la sobrecubierta, con una breve leyenda impresa alusiva a su contenido o a un galard\u00f3n que se le ha otorgado.<\/p>\n\n\n\n<p>Alberto hace una revisi\u00f3n del concepto tradicional de las fajas para libros, interviniendo una imagen ya existente y dot\u00e1ndola as\u00ed de un significado distinto. Para este taller, propuso hacer el mismo juego con los alumnos. Ellos ten\u00edan que modificar las im\u00e1genes (portadas) que les tocaran para darles un nuevo significado.\u00a0<\/p>\n\n\n\n<p><\/p>\n\n\n\n<figure class=\"wp-block-gallery has-nested-images columns-default is-cropped wp-block-gallery-7 is-layout-flex wp-block-gallery-is-layout-flex\">\n<figure class=\"wp-block-image size-large\"><img loading=\"lazy\" decoding=\"async\" width=\"578\" height=\"1024\" data-id=\"45633\" src=\"http:\/\/madeinzaragoza.es\/blog\/wp-content\/uploads\/2026\/04\/14-578x1024.jpg\" alt=\"\" class=\"wp-image-45633\" srcset=\"https:\/\/madeinzaragoza.es\/blog\/wp-content\/uploads\/2026\/04\/14-578x1024.jpg 578w, https:\/\/madeinzaragoza.es\/blog\/wp-content\/uploads\/2026\/04\/14-254x450.jpg 254w, https:\/\/madeinzaragoza.es\/blog\/wp-content\/uploads\/2026\/04\/14-768x1362.jpg 768w, https:\/\/madeinzaragoza.es\/blog\/wp-content\/uploads\/2026\/04\/14-866x1536.jpg 866w, https:\/\/madeinzaragoza.es\/blog\/wp-content\/uploads\/2026\/04\/14-1155x2048.jpg 1155w, https:\/\/madeinzaragoza.es\/blog\/wp-content\/uploads\/2026\/04\/14-1200x2128.jpg 1200w, https:\/\/madeinzaragoza.es\/blog\/wp-content\/uploads\/2026\/04\/14-scaled.jpg 1444w\" sizes=\"(max-width: 578px) 85vw, 578px\" \/><\/figure>\n\n\n\n<figure class=\"wp-block-image size-large\"><img loading=\"lazy\" decoding=\"async\" width=\"578\" height=\"1024\" data-id=\"45635\" src=\"http:\/\/madeinzaragoza.es\/blog\/wp-content\/uploads\/2026\/04\/16-578x1024.jpg\" alt=\"\" class=\"wp-image-45635\" srcset=\"https:\/\/madeinzaragoza.es\/blog\/wp-content\/uploads\/2026\/04\/16-578x1024.jpg 578w, https:\/\/madeinzaragoza.es\/blog\/wp-content\/uploads\/2026\/04\/16-254x450.jpg 254w, https:\/\/madeinzaragoza.es\/blog\/wp-content\/uploads\/2026\/04\/16-768x1362.jpg 768w, https:\/\/madeinzaragoza.es\/blog\/wp-content\/uploads\/2026\/04\/16-866x1536.jpg 866w, https:\/\/madeinzaragoza.es\/blog\/wp-content\/uploads\/2026\/04\/16-1155x2048.jpg 1155w, https:\/\/madeinzaragoza.es\/blog\/wp-content\/uploads\/2026\/04\/16-1200x2128.jpg 1200w, https:\/\/madeinzaragoza.es\/blog\/wp-content\/uploads\/2026\/04\/16-scaled.jpg 1444w\" sizes=\"(max-width: 578px) 85vw, 578px\" \/><\/figure>\n\n\n\n<figure class=\"wp-block-image size-large\"><img loading=\"lazy\" decoding=\"async\" width=\"578\" height=\"1024\" data-id=\"45634\" src=\"http:\/\/madeinzaragoza.es\/blog\/wp-content\/uploads\/2026\/04\/15-578x1024.jpg\" alt=\"\" class=\"wp-image-45634\" srcset=\"https:\/\/madeinzaragoza.es\/blog\/wp-content\/uploads\/2026\/04\/15-578x1024.jpg 578w, https:\/\/madeinzaragoza.es\/blog\/wp-content\/uploads\/2026\/04\/15-254x450.jpg 254w, https:\/\/madeinzaragoza.es\/blog\/wp-content\/uploads\/2026\/04\/15-768x1362.jpg 768w, https:\/\/madeinzaragoza.es\/blog\/wp-content\/uploads\/2026\/04\/15-866x1536.jpg 866w, https:\/\/madeinzaragoza.es\/blog\/wp-content\/uploads\/2026\/04\/15-1155x2048.jpg 1155w, https:\/\/madeinzaragoza.es\/blog\/wp-content\/uploads\/2026\/04\/15-1200x2128.jpg 1200w, https:\/\/madeinzaragoza.es\/blog\/wp-content\/uploads\/2026\/04\/15-scaled.jpg 1444w\" sizes=\"(max-width: 578px) 85vw, 578px\" \/><\/figure>\n<\/figure>\n\n\n\n<p><\/p>\n\n\n\n<p>Tambi\u00e9n se realizaron varios ejercicios contrarios a la faja. En estos casos se daba una imagen parcial y hab\u00eda dibujar lo que ella les sugiriera a los alumnos. As\u00ed, ellos descubrieron que un mismo trozo de imagen les suger\u00eda a cada uno algo diferente.<\/p>\n\n\n\n<p>El objetivo de estos ejercicios es descubrir que cada uno realiza las conexiones de una manera diferente y que todo lo que vemos pasa por nuestro filtro para ser decodificado o para darle un nuevo significado.<\/p>\n\n\n\n<p><\/p>\n\n\n\n<h2 class=\"wp-block-heading\"><strong>Dime con qui\u00e9n creas y te dir\u00e9\u2026 \u00a1que lo disfrutes!<\/strong><\/h2>\n\n\n\n<p><\/p>\n\n\n\n<p>Ya ha pasado un nuevo curso del Creactivate. Lo hemos finalizado con los talleres de ilustraci\u00f3n de Alberto Gam\u00f3n, pero hemos tenido la suerte de contar tambi\u00e9n con la muralista <a href=\"https:\/\/madeinzaragoza.es\/blog\/creactivate-descubre-tu-creatividad-con-arantxa-recio-harsa\/\">Arantxa Recio (Harsa)<\/a> y el dibujante de c\u00f3mic <a href=\"https:\/\/madeinzaragoza.es\/blog\/creactivate-creatividad-luis-orus\/\">Luis Or\u00fas<\/a>. Como todos los a\u00f1os es un lujo poder contar con estos artistas y profesionales de su trabajo.<\/p>\n\n\n\n<p><\/p>\n\n\n\n<figure class=\"wp-block-image size-large\"><img loading=\"lazy\" decoding=\"async\" width=\"1024\" height=\"537\" src=\"http:\/\/madeinzaragoza.es\/blog\/wp-content\/uploads\/2026\/04\/13-1024x537.jpg\" alt=\"\" class=\"wp-image-45632\" srcset=\"https:\/\/madeinzaragoza.es\/blog\/wp-content\/uploads\/2026\/04\/13-1024x537.jpg 1024w, https:\/\/madeinzaragoza.es\/blog\/wp-content\/uploads\/2026\/04\/13-450x236.jpg 450w, https:\/\/madeinzaragoza.es\/blog\/wp-content\/uploads\/2026\/04\/13-768x402.jpg 768w, https:\/\/madeinzaragoza.es\/blog\/wp-content\/uploads\/2026\/04\/13-1536x805.jpg 1536w, https:\/\/madeinzaragoza.es\/blog\/wp-content\/uploads\/2026\/04\/13-2048x1073.jpg 2048w, https:\/\/madeinzaragoza.es\/blog\/wp-content\/uploads\/2026\/04\/13-1200x629.jpg 1200w\" sizes=\"(max-width: 709px) 85vw, (max-width: 909px) 67vw, (max-width: 1362px) 62vw, 840px\" \/><\/figure>\n\n\n\n<p><\/p>\n\n\n\n<p>La variedad que intentamos mostrar en los talleres que proponemos demuestra la versatilidad de facetas que tiene tanto la creatividad en si misma, como los creativos y creativas de nuestra comunidad.&nbsp;<\/p>\n\n\n\n<p>Aunque repitamos de un a\u00f1o para otro, con algunas t\u00e9cnicas o propuestas, al final siempre es diferente porque cada taller parte de la experiencia del artista que nos visita y as\u00ed consiguen proponernos nuevas formas de afrontar los procesos creativos.<\/p>\n\n\n\n<p><\/p>\n\n\n\n<figure class=\"wp-block-image size-large\"><img loading=\"lazy\" decoding=\"async\" width=\"1024\" height=\"578\" src=\"http:\/\/madeinzaragoza.es\/blog\/wp-content\/uploads\/2026\/04\/final-1024x578.jpg\" alt=\"\" class=\"wp-image-45618\" srcset=\"https:\/\/madeinzaragoza.es\/blog\/wp-content\/uploads\/2026\/04\/final-1024x578.jpg 1024w, https:\/\/madeinzaragoza.es\/blog\/wp-content\/uploads\/2026\/04\/final-450x254.jpg 450w, https:\/\/madeinzaragoza.es\/blog\/wp-content\/uploads\/2026\/04\/final-768x433.jpg 768w, https:\/\/madeinzaragoza.es\/blog\/wp-content\/uploads\/2026\/04\/final-1536x866.jpg 1536w, https:\/\/madeinzaragoza.es\/blog\/wp-content\/uploads\/2026\/04\/final-2048x1155.jpg 2048w, https:\/\/madeinzaragoza.es\/blog\/wp-content\/uploads\/2026\/04\/final-1200x677.jpg 1200w\" sizes=\"(max-width: 709px) 85vw, (max-width: 909px) 67vw, (max-width: 1362px) 62vw, 840px\" \/><\/figure>\n\n\n\n<p><\/p>\n\n\n\n<p>Ahora que hemos terminado, ya solo nos queda esperar un a\u00f1o para descubrir an los nuevos artistas que van a colaborar en el proyecto el pr\u00f3ximo a\u00f1o. La espera va a ser larga, pero valdr\u00e1 la pena. Yo ya tengo a varias artistas pensadas que nos dar\u00e1n mucho juego. Que es a lo que hemos venido aqu\u00ed, a jugar con la creatividad.<\/p>\n\n\n\n<p>Son artistas, que crean tanto en t\u00e9cnica como en estilo, de una forma muy personal. Y eso es lo que buscamos aqu\u00ed, la personalidad, esa manera especial de contar\/hacer las cosas. Como dijo el director de cine Martin Scorsese \u201cLo m\u00e1s personal, es lo m\u00e1s creativo\u201d. Y a eso solo podemos contestarle con un\u2026 \u00a1ea!<\/p>\n\n\n\n<p><\/p>\n","protected":false},"excerpt":{"rendered":"<p>Una de las premisas de la creatividad es que, no existe un camino \u00fanico para realizar las cosas, ni una \u00fanica soluci\u00f3n, en el proceso creativo todo es distinto cada vez y para cada uno. Ah\u00ed es d\u00f3nde reside la magia creativa y eso es lo que buscamos en los talleres, que cada uno encuentre &hellip; <a href=\"https:\/\/madeinzaragoza.es\/blog\/creactivate-ilustrador-alberto-gamon\/\" class=\"more-link\">Continuar leyendo<span class=\"screen-reader-text\"> \u00abCreActivaTe. Descubre tu creatividad con el ilustrador&#8230; Alberto Gam\u00f3n\u00bb<\/span><\/a><\/p>\n","protected":false},"author":78,"featured_media":45608,"comment_status":"open","ping_status":"open","sticky":false,"template":"","format":"standard","meta":{"footnotes":""},"categories":[829,8],"tags":[2934,28,1337,2598,130,202,2762],"yoast_head":"<!-- This site is optimized with the Yoast SEO plugin v19.7.2 - https:\/\/yoast.com\/wordpress\/plugins\/seo\/ -->\n<title>CreActivaTe. Descubre tu creatividad con el ilustrador... Alberto Gam\u00f3n - Made in Zaragoza<\/title>\n<meta name=\"description\" content=\"En estos talleres vamos a conocer la trayectoria y el trabajo de un gran creativo de Zaragoza, el es el ilustrador Alberto Gam\u00f3n.\" \/>\n<meta name=\"robots\" content=\"index, follow, max-snippet:-1, max-image-preview:large, max-video-preview:-1\" \/>\n<link rel=\"canonical\" href=\"https:\/\/madeinzaragoza.es\/blog\/creactivate-ilustrador-alberto-gamon\/\" \/>\n<meta property=\"og:locale\" content=\"es_ES\" \/>\n<meta property=\"og:type\" content=\"article\" \/>\n<meta property=\"og:title\" content=\"CreActivaTe. Descubre tu creatividad con el ilustrador... Alberto Gam\u00f3n - Made in Zaragoza\" \/>\n<meta property=\"og:description\" content=\"En estos talleres vamos a conocer la trayectoria y el trabajo de un gran creativo de Zaragoza, el es el ilustrador Alberto Gam\u00f3n.\" \/>\n<meta property=\"og:url\" content=\"https:\/\/madeinzaragoza.es\/blog\/creactivate-ilustrador-alberto-gamon\/\" \/>\n<meta property=\"og:site_name\" content=\"Made in Zaragoza\" \/>\n<meta property=\"article:publisher\" content=\"https:\/\/www.facebook.com\/madeinzaragoza.es\/\" \/>\n<meta property=\"article:published_time\" content=\"2026-04-27T16:04:07+00:00\" \/>\n<meta property=\"article:modified_time\" content=\"2026-04-27T16:04:08+00:00\" \/>\n<meta property=\"og:image\" content=\"http:\/\/madeinzaragoza.es\/blog\/wp-content\/uploads\/2026\/04\/portada-scaled.jpg\" \/>\n\t<meta property=\"og:image:width\" content=\"2560\" \/>\n\t<meta property=\"og:image:height\" content=\"1444\" \/>\n\t<meta property=\"og:image:type\" content=\"image\/jpeg\" \/>\n<meta name=\"author\" content=\"Victor Garcia Romano\" \/>\n<meta name=\"twitter:card\" content=\"summary\" \/>\n<meta name=\"twitter:creator\" content=\"@madeinzaragoza\" \/>\n<meta name=\"twitter:site\" content=\"@madeinzaragoza\" \/>\n<meta name=\"twitter:label1\" content=\"Escrito por\" \/>\n\t<meta name=\"twitter:data1\" content=\"Victor Garcia Romano\" \/>\n\t<meta name=\"twitter:label2\" content=\"Tiempo de lectura\" \/>\n\t<meta name=\"twitter:data2\" content=\"7 minutos\" \/>\n<script type=\"application\/ld+json\" class=\"yoast-schema-graph\">{\"@context\":\"https:\/\/schema.org\",\"@graph\":[{\"@type\":\"Article\",\"@id\":\"https:\/\/madeinzaragoza.es\/blog\/creactivate-ilustrador-alberto-gamon\/#article\",\"isPartOf\":{\"@id\":\"https:\/\/madeinzaragoza.es\/blog\/creactivate-ilustrador-alberto-gamon\/\"},\"author\":{\"name\":\"Victor Garcia Romano\",\"@id\":\"http:\/\/madeinzaragoza.es\/blog\/#\/schema\/person\/643de3bb01548c61dbb595c283ea52d6\"},\"headline\":\"CreActivaTe. Descubre tu creatividad con el ilustrador&#8230; Alberto Gam\u00f3n\",\"datePublished\":\"2026-04-27T16:04:07+00:00\",\"dateModified\":\"2026-04-27T16:04:08+00:00\",\"mainEntityOfPage\":{\"@id\":\"https:\/\/madeinzaragoza.es\/blog\/creactivate-ilustrador-alberto-gamon\/\"},\"wordCount\":1327,\"commentCount\":0,\"publisher\":{\"@id\":\"http:\/\/madeinzaragoza.es\/blog\/#organization\"},\"keywords\":[\"albertogam\u00f3n\",\"creatividad\",\"Cultura\",\"dibujo\",\"emprendedores\",\"ilustracion\",\"libro\"],\"articleSection\":[\"Cultura\",\"Red MIZ\"],\"inLanguage\":\"es\",\"potentialAction\":[{\"@type\":\"CommentAction\",\"name\":\"Comment\",\"target\":[\"https:\/\/madeinzaragoza.es\/blog\/creactivate-ilustrador-alberto-gamon\/#respond\"]}]},{\"@type\":\"WebPage\",\"@id\":\"https:\/\/madeinzaragoza.es\/blog\/creactivate-ilustrador-alberto-gamon\/\",\"url\":\"https:\/\/madeinzaragoza.es\/blog\/creactivate-ilustrador-alberto-gamon\/\",\"name\":\"CreActivaTe. Descubre tu creatividad con el ilustrador... Alberto Gam\u00f3n - Made in Zaragoza\",\"isPartOf\":{\"@id\":\"http:\/\/madeinzaragoza.es\/blog\/#website\"},\"datePublished\":\"2026-04-27T16:04:07+00:00\",\"dateModified\":\"2026-04-27T16:04:08+00:00\",\"description\":\"En estos talleres vamos a conocer la trayectoria y el trabajo de un gran creativo de Zaragoza, el es el ilustrador Alberto Gam\u00f3n.\",\"breadcrumb\":{\"@id\":\"https:\/\/madeinzaragoza.es\/blog\/creactivate-ilustrador-alberto-gamon\/#breadcrumb\"},\"inLanguage\":\"es\",\"potentialAction\":[{\"@type\":\"ReadAction\",\"target\":[\"https:\/\/madeinzaragoza.es\/blog\/creactivate-ilustrador-alberto-gamon\/\"]}]},{\"@type\":\"BreadcrumbList\",\"@id\":\"https:\/\/madeinzaragoza.es\/blog\/creactivate-ilustrador-alberto-gamon\/#breadcrumb\",\"itemListElement\":[{\"@type\":\"ListItem\",\"position\":1,\"name\":\"Portada\",\"item\":\"http:\/\/madeinzaragoza.es\/blog\/\"},{\"@type\":\"ListItem\",\"position\":2,\"name\":\"CreActivaTe. Descubre tu creatividad con el ilustrador&#8230; Alberto Gam\u00f3n\"}]},{\"@type\":\"WebSite\",\"@id\":\"http:\/\/madeinzaragoza.es\/blog\/#website\",\"url\":\"http:\/\/madeinzaragoza.es\/blog\/\",\"name\":\"Made in Zaragoza\",\"description\":\"Blog de MadeinZGZ, Red de Econom\u00eda Creativa de Zaragoza\",\"publisher\":{\"@id\":\"http:\/\/madeinzaragoza.es\/blog\/#organization\"},\"potentialAction\":[{\"@type\":\"SearchAction\",\"target\":{\"@type\":\"EntryPoint\",\"urlTemplate\":\"http:\/\/madeinzaragoza.es\/blog\/?s={search_term_string}\"},\"query-input\":\"required name=search_term_string\"}],\"inLanguage\":\"es\"},{\"@type\":\"Organization\",\"@id\":\"http:\/\/madeinzaragoza.es\/blog\/#organization\",\"name\":\"Made In Zaragoza\",\"url\":\"http:\/\/madeinzaragoza.es\/blog\/\",\"sameAs\":[\"https:\/\/www.instagram.com\/madeinzaragoza.es\/\",\"https:\/\/www.facebook.com\/madeinzaragoza.es\/\",\"https:\/\/twitter.com\/madeinzaragoza\"],\"logo\":{\"@type\":\"ImageObject\",\"inLanguage\":\"es\",\"@id\":\"http:\/\/madeinzaragoza.es\/blog\/#\/schema\/logo\/image\/\",\"url\":\"https:\/\/madeinzaragoza.es\/blog\/wp-content\/uploads\/2022\/05\/logo.png\",\"contentUrl\":\"https:\/\/madeinzaragoza.es\/blog\/wp-content\/uploads\/2022\/05\/logo.png\",\"width\":193,\"height\":176,\"caption\":\"Made In Zaragoza\"},\"image\":{\"@id\":\"http:\/\/madeinzaragoza.es\/blog\/#\/schema\/logo\/image\/\"}},{\"@type\":\"Person\",\"@id\":\"http:\/\/madeinzaragoza.es\/blog\/#\/schema\/person\/643de3bb01548c61dbb595c283ea52d6\",\"name\":\"Victor Garcia Romano\",\"image\":{\"@type\":\"ImageObject\",\"inLanguage\":\"es\",\"@id\":\"http:\/\/madeinzaragoza.es\/blog\/#\/schema\/person\/image\/\",\"url\":\"https:\/\/secure.gravatar.com\/avatar\/6720c0f1c84e6a6250dcd70b33e2b5f9?s=96&d=mm&r=g\",\"contentUrl\":\"https:\/\/secure.gravatar.com\/avatar\/6720c0f1c84e6a6250dcd70b33e2b5f9?s=96&d=mm&r=g\",\"caption\":\"Victor Garcia Romano\"},\"description\":\"Librero en El Armadillo Ilustrado y dibujante de c\u00f3mic. Leo y dibujo todo lo que puedo, pero menos de lo que quiero. Organizo el \u2018Festival de Fanzines\u2019 y el \u2018Mercado del Libro\u2019 de Zaragoza.\",\"sameAs\":[\"@romano_comic\"],\"url\":\"https:\/\/madeinzaragoza.es\/blog\/author\/victorgarcia\/\"}]}<\/script>\n<!-- \/ Yoast SEO plugin. -->","yoast_head_json":{"title":"CreActivaTe. Descubre tu creatividad con el ilustrador... Alberto Gam\u00f3n - Made in Zaragoza","description":"En estos talleres vamos a conocer la trayectoria y el trabajo de un gran creativo de Zaragoza, el es el ilustrador Alberto Gam\u00f3n.","robots":{"index":"index","follow":"follow","max-snippet":"max-snippet:-1","max-image-preview":"max-image-preview:large","max-video-preview":"max-video-preview:-1"},"canonical":"https:\/\/madeinzaragoza.es\/blog\/creactivate-ilustrador-alberto-gamon\/","og_locale":"es_ES","og_type":"article","og_title":"CreActivaTe. Descubre tu creatividad con el ilustrador... Alberto Gam\u00f3n - Made in Zaragoza","og_description":"En estos talleres vamos a conocer la trayectoria y el trabajo de un gran creativo de Zaragoza, el es el ilustrador Alberto Gam\u00f3n.","og_url":"https:\/\/madeinzaragoza.es\/blog\/creactivate-ilustrador-alberto-gamon\/","og_site_name":"Made in Zaragoza","article_publisher":"https:\/\/www.facebook.com\/madeinzaragoza.es\/","article_published_time":"2026-04-27T16:04:07+00:00","article_modified_time":"2026-04-27T16:04:08+00:00","og_image":[{"width":2560,"height":1444,"url":"http:\/\/madeinzaragoza.es\/blog\/wp-content\/uploads\/2026\/04\/portada-scaled.jpg","type":"image\/jpeg"}],"author":"Victor Garcia Romano","twitter_card":"summary","twitter_creator":"@madeinzaragoza","twitter_site":"@madeinzaragoza","twitter_misc":{"Escrito por":"Victor Garcia Romano","Tiempo de lectura":"7 minutos"},"schema":{"@context":"https:\/\/schema.org","@graph":[{"@type":"Article","@id":"https:\/\/madeinzaragoza.es\/blog\/creactivate-ilustrador-alberto-gamon\/#article","isPartOf":{"@id":"https:\/\/madeinzaragoza.es\/blog\/creactivate-ilustrador-alberto-gamon\/"},"author":{"name":"Victor Garcia Romano","@id":"http:\/\/madeinzaragoza.es\/blog\/#\/schema\/person\/643de3bb01548c61dbb595c283ea52d6"},"headline":"CreActivaTe. Descubre tu creatividad con el ilustrador&#8230; Alberto Gam\u00f3n","datePublished":"2026-04-27T16:04:07+00:00","dateModified":"2026-04-27T16:04:08+00:00","mainEntityOfPage":{"@id":"https:\/\/madeinzaragoza.es\/blog\/creactivate-ilustrador-alberto-gamon\/"},"wordCount":1327,"commentCount":0,"publisher":{"@id":"http:\/\/madeinzaragoza.es\/blog\/#organization"},"keywords":["albertogam\u00f3n","creatividad","Cultura","dibujo","emprendedores","ilustracion","libro"],"articleSection":["Cultura","Red MIZ"],"inLanguage":"es","potentialAction":[{"@type":"CommentAction","name":"Comment","target":["https:\/\/madeinzaragoza.es\/blog\/creactivate-ilustrador-alberto-gamon\/#respond"]}]},{"@type":"WebPage","@id":"https:\/\/madeinzaragoza.es\/blog\/creactivate-ilustrador-alberto-gamon\/","url":"https:\/\/madeinzaragoza.es\/blog\/creactivate-ilustrador-alberto-gamon\/","name":"CreActivaTe. Descubre tu creatividad con el ilustrador... Alberto Gam\u00f3n - Made in Zaragoza","isPartOf":{"@id":"http:\/\/madeinzaragoza.es\/blog\/#website"},"datePublished":"2026-04-27T16:04:07+00:00","dateModified":"2026-04-27T16:04:08+00:00","description":"En estos talleres vamos a conocer la trayectoria y el trabajo de un gran creativo de Zaragoza, el es el ilustrador Alberto Gam\u00f3n.","breadcrumb":{"@id":"https:\/\/madeinzaragoza.es\/blog\/creactivate-ilustrador-alberto-gamon\/#breadcrumb"},"inLanguage":"es","potentialAction":[{"@type":"ReadAction","target":["https:\/\/madeinzaragoza.es\/blog\/creactivate-ilustrador-alberto-gamon\/"]}]},{"@type":"BreadcrumbList","@id":"https:\/\/madeinzaragoza.es\/blog\/creactivate-ilustrador-alberto-gamon\/#breadcrumb","itemListElement":[{"@type":"ListItem","position":1,"name":"Portada","item":"http:\/\/madeinzaragoza.es\/blog\/"},{"@type":"ListItem","position":2,"name":"CreActivaTe. Descubre tu creatividad con el ilustrador&#8230; Alberto Gam\u00f3n"}]},{"@type":"WebSite","@id":"http:\/\/madeinzaragoza.es\/blog\/#website","url":"http:\/\/madeinzaragoza.es\/blog\/","name":"Made in Zaragoza","description":"Blog de MadeinZGZ, Red de Econom\u00eda Creativa de Zaragoza","publisher":{"@id":"http:\/\/madeinzaragoza.es\/blog\/#organization"},"potentialAction":[{"@type":"SearchAction","target":{"@type":"EntryPoint","urlTemplate":"http:\/\/madeinzaragoza.es\/blog\/?s={search_term_string}"},"query-input":"required name=search_term_string"}],"inLanguage":"es"},{"@type":"Organization","@id":"http:\/\/madeinzaragoza.es\/blog\/#organization","name":"Made In Zaragoza","url":"http:\/\/madeinzaragoza.es\/blog\/","sameAs":["https:\/\/www.instagram.com\/madeinzaragoza.es\/","https:\/\/www.facebook.com\/madeinzaragoza.es\/","https:\/\/twitter.com\/madeinzaragoza"],"logo":{"@type":"ImageObject","inLanguage":"es","@id":"http:\/\/madeinzaragoza.es\/blog\/#\/schema\/logo\/image\/","url":"https:\/\/madeinzaragoza.es\/blog\/wp-content\/uploads\/2022\/05\/logo.png","contentUrl":"https:\/\/madeinzaragoza.es\/blog\/wp-content\/uploads\/2022\/05\/logo.png","width":193,"height":176,"caption":"Made In Zaragoza"},"image":{"@id":"http:\/\/madeinzaragoza.es\/blog\/#\/schema\/logo\/image\/"}},{"@type":"Person","@id":"http:\/\/madeinzaragoza.es\/blog\/#\/schema\/person\/643de3bb01548c61dbb595c283ea52d6","name":"Victor Garcia Romano","image":{"@type":"ImageObject","inLanguage":"es","@id":"http:\/\/madeinzaragoza.es\/blog\/#\/schema\/person\/image\/","url":"https:\/\/secure.gravatar.com\/avatar\/6720c0f1c84e6a6250dcd70b33e2b5f9?s=96&d=mm&r=g","contentUrl":"https:\/\/secure.gravatar.com\/avatar\/6720c0f1c84e6a6250dcd70b33e2b5f9?s=96&d=mm&r=g","caption":"Victor Garcia Romano"},"description":"Librero en El Armadillo Ilustrado y dibujante de c\u00f3mic. Leo y dibujo todo lo que puedo, pero menos de lo que quiero. Organizo el \u2018Festival de Fanzines\u2019 y el \u2018Mercado del Libro\u2019 de Zaragoza.","sameAs":["@romano_comic"],"url":"https:\/\/madeinzaragoza.es\/blog\/author\/victorgarcia\/"}]}},"_links":{"self":[{"href":"https:\/\/madeinzaragoza.es\/blog\/wp-json\/wp\/v2\/posts\/45607"}],"collection":[{"href":"https:\/\/madeinzaragoza.es\/blog\/wp-json\/wp\/v2\/posts"}],"about":[{"href":"https:\/\/madeinzaragoza.es\/blog\/wp-json\/wp\/v2\/types\/post"}],"author":[{"embeddable":true,"href":"https:\/\/madeinzaragoza.es\/blog\/wp-json\/wp\/v2\/users\/78"}],"replies":[{"embeddable":true,"href":"https:\/\/madeinzaragoza.es\/blog\/wp-json\/wp\/v2\/comments?post=45607"}],"version-history":[{"count":6,"href":"https:\/\/madeinzaragoza.es\/blog\/wp-json\/wp\/v2\/posts\/45607\/revisions"}],"predecessor-version":[{"id":45641,"href":"https:\/\/madeinzaragoza.es\/blog\/wp-json\/wp\/v2\/posts\/45607\/revisions\/45641"}],"wp:featuredmedia":[{"embeddable":true,"href":"https:\/\/madeinzaragoza.es\/blog\/wp-json\/wp\/v2\/media\/45608"}],"wp:attachment":[{"href":"https:\/\/madeinzaragoza.es\/blog\/wp-json\/wp\/v2\/media?parent=45607"}],"wp:term":[{"taxonomy":"category","embeddable":true,"href":"https:\/\/madeinzaragoza.es\/blog\/wp-json\/wp\/v2\/categories?post=45607"},{"taxonomy":"post_tag","embeddable":true,"href":"https:\/\/madeinzaragoza.es\/blog\/wp-json\/wp\/v2\/tags?post=45607"}],"curies":[{"name":"wp","href":"https:\/\/api.w.org\/{rel}","templated":true}]}}