{"id":45493,"date":"2026-03-31T21:53:02","date_gmt":"2026-03-31T20:53:02","guid":{"rendered":"https:\/\/madeinzaragoza.es\/blog\/?p=45493"},"modified":"2026-04-03T10:09:14","modified_gmt":"2026-04-03T09:09:14","slug":"historica-restauracion-y-enmarcacion","status":"publish","type":"post","link":"https:\/\/madeinzaragoza.es\/blog\/historica-restauracion-y-enmarcacion\/","title":{"rendered":"Hist\u00f3rica: restauraci\u00f3n y enmarcaci\u00f3n. Una segunda oportunidad para los tesoros que guardas en casa"},"content":{"rendered":"\n<p>Todos conservamos en casa fotograf\u00edas, dibujos o recuerdos que el paso del tiempo ha ido deteriorando. Im\u00e1genes de familiares, instantes de otra \u00e9poca, fragmentos de nuestra historia personal que, de alguna manera, nos gustar\u00eda preservar para siempre. <\/p>\n\n\n\n<p>Detr\u00e1s de esa posibilidad est\u00e1 Cristina Rico Liria, conservadora-restauradora y fot\u00f3grafa. Un perfil poco habitual que esconde una trayectoria marcada por el aprendizaje y el viaje: de Jaca a Londres, y de vuelta a Zaragoza tras diez a\u00f1os de formaci\u00f3n y experiencia. Hoy, lidera su propio taller, <strong><a href=\"https:\/\/madeinzaragoza.es\/comercio\/historica-consevacion-y-enmarcacion\/\">Hist\u00f3rica Conservaci\u00f3n y Enmarcaci\u00f3n<\/a><\/strong> (C\/ Antonio Agust\u00edn, 32).<\/p>\n\n\n\n<p><\/p>\n\n\n\n<p><\/p>\n\n\n\n<figure class=\"wp-block-gallery has-nested-images columns-default is-cropped wp-block-gallery-1 is-layout-flex wp-block-gallery-is-layout-flex\">\n<figure class=\"wp-block-image size-large\"><img loading=\"lazy\" decoding=\"async\" width=\"1024\" height=\"683\" data-id=\"45507\" src=\"https:\/\/madeinzaragoza.es\/blog\/wp-content\/uploads\/2026\/03\/IMG_3138-1024x683.jpeg\" alt=\"\" class=\"wp-image-45507\" srcset=\"https:\/\/madeinzaragoza.es\/blog\/wp-content\/uploads\/2026\/03\/IMG_3138-1024x683.jpeg 1024w, https:\/\/madeinzaragoza.es\/blog\/wp-content\/uploads\/2026\/03\/IMG_3138-450x300.jpeg 450w, https:\/\/madeinzaragoza.es\/blog\/wp-content\/uploads\/2026\/03\/IMG_3138-768x512.jpeg 768w, https:\/\/madeinzaragoza.es\/blog\/wp-content\/uploads\/2026\/03\/IMG_3138-1200x801.jpeg 1200w, https:\/\/madeinzaragoza.es\/blog\/wp-content\/uploads\/2026\/03\/IMG_3138.jpeg 1400w\" sizes=\"(max-width: 709px) 85vw, (max-width: 909px) 67vw, (max-width: 1362px) 62vw, 840px\" \/><\/figure>\n\n\n\n<figure class=\"wp-block-image size-large\"><img loading=\"lazy\" decoding=\"async\" width=\"768\" height=\"1024\" data-id=\"45519\" src=\"https:\/\/madeinzaragoza.es\/blog\/wp-content\/uploads\/2026\/03\/2fe2350e-6d0c-4b0b-bebd-a02ee309d7f0-768x1024.jpeg\" alt=\"\" class=\"wp-image-45519\" srcset=\"https:\/\/madeinzaragoza.es\/blog\/wp-content\/uploads\/2026\/03\/2fe2350e-6d0c-4b0b-bebd-a02ee309d7f0-768x1024.jpeg 768w, https:\/\/madeinzaragoza.es\/blog\/wp-content\/uploads\/2026\/03\/2fe2350e-6d0c-4b0b-bebd-a02ee309d7f0-338x450.jpeg 338w, https:\/\/madeinzaragoza.es\/blog\/wp-content\/uploads\/2026\/03\/2fe2350e-6d0c-4b0b-bebd-a02ee309d7f0-1152x1536.jpeg 1152w, https:\/\/madeinzaragoza.es\/blog\/wp-content\/uploads\/2026\/03\/2fe2350e-6d0c-4b0b-bebd-a02ee309d7f0.jpeg 1200w\" sizes=\"(max-width: 709px) 85vw, (max-width: 909px) 67vw, (max-width: 984px) 61vw, (max-width: 1362px) 45vw, 600px\" \/><\/figure>\n<\/figure>\n\n\n\n<p><\/p>\n\n\n\n<p><\/p>\n\n\n\n<p>En Hist\u00f3rica, Cristina trabaja con aquello que el tiempo pone en riesgo: obra gr\u00e1fica, fotograf\u00edas antiguas, dibujos o grabados. Todo lo que vive sobre papel y merece seguir existiendo. Su labor combina restauraci\u00f3n, conservaci\u00f3n y una forma de enmarcar \u00fanica en Zaragoza, donde el marco deja de ser un simple soporte para convertirse en parte de la propia obra.<\/p>\n\n\n\n<p>Hablamos con ella sobre el valor de lo antiguo, la magia de la fotograf\u00eda hist\u00f3rica y por qu\u00e9, en muchos casos, conservar es mucho m\u00e1s valioso que sustituir.<\/p>\n\n\n\n<p><\/p>\n\n\n\n<p><\/p>\n\n\n\n<figure class=\"wp-block-gallery has-nested-images columns-default is-cropped wp-block-gallery-2 is-layout-flex wp-block-gallery-is-layout-flex\">\n<figure class=\"wp-block-image size-large\"><img loading=\"lazy\" decoding=\"async\" width=\"833\" height=\"1024\" data-id=\"45511\" src=\"https:\/\/madeinzaragoza.es\/blog\/wp-content\/uploads\/2026\/03\/IMG_3120-833x1024.jpeg\" alt=\"\" class=\"wp-image-45511\" srcset=\"https:\/\/madeinzaragoza.es\/blog\/wp-content\/uploads\/2026\/03\/IMG_3120-833x1024.jpeg 833w, https:\/\/madeinzaragoza.es\/blog\/wp-content\/uploads\/2026\/03\/IMG_3120-366x450.jpeg 366w, https:\/\/madeinzaragoza.es\/blog\/wp-content\/uploads\/2026\/03\/IMG_3120-768x944.jpeg 768w, https:\/\/madeinzaragoza.es\/blog\/wp-content\/uploads\/2026\/03\/IMG_3120-1250x1536.jpeg 1250w, https:\/\/madeinzaragoza.es\/blog\/wp-content\/uploads\/2026\/03\/IMG_3120-1200x1475.jpeg 1200w, https:\/\/madeinzaragoza.es\/blog\/wp-content\/uploads\/2026\/03\/IMG_3120.jpeg 1320w\" sizes=\"(max-width: 709px) 85vw, (max-width: 909px) 67vw, (max-width: 984px) 61vw, (max-width: 1362px) 45vw, 600px\" \/><figcaption class=\"wp-element-caption\">Screenshot<\/figcaption><\/figure>\n\n\n\n<figure class=\"wp-block-image size-large\"><img loading=\"lazy\" decoding=\"async\" width=\"768\" height=\"1024\" data-id=\"45520\" src=\"https:\/\/madeinzaragoza.es\/blog\/wp-content\/uploads\/2026\/03\/IMG_3073-768x1024.jpeg\" alt=\"\" class=\"wp-image-45520\" srcset=\"https:\/\/madeinzaragoza.es\/blog\/wp-content\/uploads\/2026\/03\/IMG_3073-768x1024.jpeg 768w, https:\/\/madeinzaragoza.es\/blog\/wp-content\/uploads\/2026\/03\/IMG_3073-338x450.jpeg 338w, https:\/\/madeinzaragoza.es\/blog\/wp-content\/uploads\/2026\/03\/IMG_3073-1152x1536.jpeg 1152w, https:\/\/madeinzaragoza.es\/blog\/wp-content\/uploads\/2026\/03\/IMG_3073-1536x2048.jpeg 1536w, https:\/\/madeinzaragoza.es\/blog\/wp-content\/uploads\/2026\/03\/IMG_3073-1200x1600.jpeg 1200w, https:\/\/madeinzaragoza.es\/blog\/wp-content\/uploads\/2026\/03\/IMG_3073-scaled.jpeg 1920w\" sizes=\"(max-width: 709px) 85vw, (max-width: 909px) 67vw, (max-width: 984px) 61vw, (max-width: 1362px) 45vw, 600px\" \/><\/figure>\n<\/figure>\n\n\n\n<p><\/p>\n\n\n\n<p><\/p>\n\n\n\n<p><strong>\u00bfQu\u00e9 es Hist\u00f3rica?<\/strong>&nbsp;<\/p>\n\n\n\n<p>Hist\u00f3rica es un taller especializado en la restauraci\u00f3n y enmarcaci\u00f3n de obra gr\u00e1fica. Cristina se dedica a restaurar piezas sobre papel, dise\u00f1ar enmarcaciones para obras de arte y desarrollar soluciones de conservaci\u00f3n a medida, incluyendo marcos elaborados con cinta de papel.<\/p>\n\n\n\n<p><\/p>\n\n\n\n<p><strong>\u00bfQu\u00e9 servicios ofrec\u00e9is exactamente?<\/strong>&nbsp;<\/p>\n\n\n\n<p>Su trabajo abarca la restauraci\u00f3n de papel y fotograf\u00edas, as\u00ed como cualquier objeto sobre papel, el montaje de exposiciones y la creaci\u00f3n de sistemas de almacenamiento pensados para la conservaci\u00f3n, especialmente de obras sobre papel, aunque tambi\u00e9n de objetos de naturaleza org\u00e1nica.<\/p>\n\n\n\n<p>Su especialidad es una t\u00e9cnica de enmarcaci\u00f3n recuperada del siglo XIX: en lugar de madera, utiliza una cinta de papel combinada con vidrio y cart\u00f3n, logrando una pieza compacta que funciona como un objeto en s\u00ed mismo.<\/p>\n\n\n\n<p>El cart\u00f3n act\u00faa como <em>passe-partout<\/em>, creando una \u201cventana\u201d que protege y realza la obra. Todo el proceso es artesanal y completamente personalizado. <\/p>\n\n\n\n<p><\/p>\n\n\n\n<p><strong>\u00bfEn qu\u00e9 consiste la restauraci\u00f3n?<\/strong>&nbsp;<\/p>\n\n\n\n<p>La restauraci\u00f3n es una disciplina compleja que combina ciencia, arte y qu\u00edmica.<\/p>\n\n\n\n<p>Cada obra plantea un reto distinto: no existen f\u00f3rmulas universales. La experiencia es clave, pero tambi\u00e9n lo es la capacidad de investigar, comprender los materiales y adaptarse a cada caso. No siempre se devuelve un objeto a su estado original, pero se conserva su significado, memoria e integridad f\u00edsica, frenando el deterioro.<\/p>\n\n\n\n<p><\/p>\n\n\n\n<p><\/p>\n\n\n\n<figure class=\"wp-block-image size-large\"><img loading=\"lazy\" decoding=\"async\" width=\"1024\" height=\"768\" src=\"https:\/\/madeinzaragoza.es\/blog\/wp-content\/uploads\/2026\/03\/IMG_3066-1024x768.jpeg\" alt=\"\" class=\"wp-image-45513\" srcset=\"https:\/\/madeinzaragoza.es\/blog\/wp-content\/uploads\/2026\/03\/IMG_3066-1024x768.jpeg 1024w, https:\/\/madeinzaragoza.es\/blog\/wp-content\/uploads\/2026\/03\/IMG_3066-450x338.jpeg 450w, https:\/\/madeinzaragoza.es\/blog\/wp-content\/uploads\/2026\/03\/IMG_3066-768x576.jpeg 768w, https:\/\/madeinzaragoza.es\/blog\/wp-content\/uploads\/2026\/03\/IMG_3066-1536x1152.jpeg 1536w, https:\/\/madeinzaragoza.es\/blog\/wp-content\/uploads\/2026\/03\/IMG_3066-2048x1536.jpeg 2048w, https:\/\/madeinzaragoza.es\/blog\/wp-content\/uploads\/2026\/03\/IMG_3066-1200x900.jpeg 1200w\" sizes=\"(max-width: 709px) 85vw, (max-width: 909px) 67vw, (max-width: 1362px) 62vw, 840px\" \/><\/figure>\n\n\n\n<p><\/p>\n\n\n\n<p><\/p>\n\n\n\n<p><strong>\u00bfSe restaura mucho en Zaragoza?<\/strong>&nbsp;<\/p>\n\n\n\n<p>No tanto como cabr\u00eda esperar. Para muchos particulares, el coste puede resultar elevado, ya que se trata de un trabajo minucioso, manual y que requiere materiales espec\u00edficos.<\/p>\n\n\n\n<p>En ocasiones, el precio de la restauraci\u00f3n supera el valor econ\u00f3mico de la pieza, lo que lleva a descartar el proceso. Sin embargo, cada vez hay una mayor conciencia sobre el valor &#8211; no solo econ\u00f3mico, sino tambi\u00e9n emocional e hist\u00f3rico &#8211; de estos objetos.<\/p>\n\n\n\n<p><br><strong>\u00bfDeber\u00edamos restaurar m\u00e1s en lugar de tirar?<\/strong><\/p>\n\n\n\n<p>S\u00ed. Lo importante es conocer el valor de lo que se tiene, no solo econ\u00f3mico, sino tambi\u00e9n sentimental o hist\u00f3rico. Si quieres conservar, por ejemplo, una fotograf\u00eda familiar, lo ideal es guardarla con materiales estables dentro de un marco adecuado, y acudir a un profesional para que te asesore sobre c\u00f3mo preservarla para las generaciones futuras.<\/p>\n\n\n\n<p><\/p>\n\n\n\n<p><strong>\u00bfHay obras que ya no tienen soluci\u00f3n?<\/strong>&nbsp;<\/p>\n\n\n\n<p>S\u00ed, ocurre.<\/p>\n\n\n\n<p>Hay casos en los que el deterioro es demasiado avanzado o intervenciones previas han da\u00f1ado irreversiblemente la pieza. A veces se puede mejorar su estado, pero no devolverla a su condici\u00f3n original. <\/p>\n\n\n\n<p><\/p>\n\n\n\n<p><strong>\u00bfQu\u00e9 tipo de obras restauras?<\/strong>&nbsp;<\/p>\n\n\n\n<p>Estudi\u00e9 conservaci\u00f3n y restauraci\u00f3n de materiales org\u00e1nicos. Mi especialidad es el papel, que es el soporte de muchas obras: grabados, dibujos, fotograf\u00edas&#8230; Tambi\u00e9n he trabajado con textiles, pero eso fue m\u00e1s en mi etapa de estudiante. Las fotograf\u00edas pueden estar sobre papel, vidrio o pl\u00e1stico, pero el papel es el soporte m\u00e1s com\u00fan, as\u00ed que ah\u00ed se centra mi trabajo principalmente.<\/p>\n\n\n\n<p><\/p>\n\n\n\n<p><strong>Me han llamado mucho la atenci\u00f3n las cajas de conservaci\u00f3n para enmarcar fotos. \u00bfEn qu\u00e9 consisten?<\/strong>&nbsp;<\/p>\n\n\n\n<p>Son cajas fabricadas con materiales estables y libres de \u00e1cido, por lo que se evita que las fotograf\u00edas se oxiden.<\/p>\n\n\n\n<p>Est\u00e1n dise\u00f1adas para proteger y guardar obras de arte sin transmitirles deterioro. Un ejemplo es la Solanderbox o caja de concha. Los materiales pueden ser cart\u00f3n, tela y papel, y permiten guardar y sacar las obras de forma segura.<\/p>\n\n\n\n<p><\/p>\n\n\n\n<p><\/p>\n\n\n\n<figure class=\"wp-block-gallery has-nested-images columns-default is-cropped wp-block-gallery-3 is-layout-flex wp-block-gallery-is-layout-flex\">\n<figure class=\"wp-block-image size-large\"><img loading=\"lazy\" decoding=\"async\" width=\"842\" height=\"1024\" data-id=\"45506\" src=\"https:\/\/madeinzaragoza.es\/blog\/wp-content\/uploads\/2026\/03\/IMG_3137-842x1024.jpeg\" alt=\"\" class=\"wp-image-45506\" srcset=\"https:\/\/madeinzaragoza.es\/blog\/wp-content\/uploads\/2026\/03\/IMG_3137-842x1024.jpeg 842w, https:\/\/madeinzaragoza.es\/blog\/wp-content\/uploads\/2026\/03\/IMG_3137-370x450.jpeg 370w, https:\/\/madeinzaragoza.es\/blog\/wp-content\/uploads\/2026\/03\/IMG_3137-768x934.jpeg 768w, https:\/\/madeinzaragoza.es\/blog\/wp-content\/uploads\/2026\/03\/IMG_3137-1262x1536.jpeg 1262w, https:\/\/madeinzaragoza.es\/blog\/wp-content\/uploads\/2026\/03\/IMG_3137-1200x1460.jpeg 1200w, https:\/\/madeinzaragoza.es\/blog\/wp-content\/uploads\/2026\/03\/IMG_3137.jpeg 1320w\" sizes=\"(max-width: 709px) 85vw, (max-width: 909px) 67vw, (max-width: 1362px) 62vw, 840px\" \/><figcaption class=\"wp-element-caption\">Screenshot<\/figcaption><\/figure>\n\n\n\n<figure class=\"wp-block-image size-large\"><img loading=\"lazy\" decoding=\"async\" width=\"1024\" height=\"652\" data-id=\"45505\" src=\"https:\/\/madeinzaragoza.es\/blog\/wp-content\/uploads\/2026\/03\/IMG_3135-1024x652.png\" alt=\"\" class=\"wp-image-45505\" srcset=\"https:\/\/madeinzaragoza.es\/blog\/wp-content\/uploads\/2026\/03\/IMG_3135-1024x652.png 1024w, https:\/\/madeinzaragoza.es\/blog\/wp-content\/uploads\/2026\/03\/IMG_3135-450x286.png 450w, https:\/\/madeinzaragoza.es\/blog\/wp-content\/uploads\/2026\/03\/IMG_3135-768x489.png 768w, https:\/\/madeinzaragoza.es\/blog\/wp-content\/uploads\/2026\/03\/IMG_3135-1536x977.png 1536w, https:\/\/madeinzaragoza.es\/blog\/wp-content\/uploads\/2026\/03\/IMG_3135-2048x1303.png 2048w, https:\/\/madeinzaragoza.es\/blog\/wp-content\/uploads\/2026\/03\/IMG_3135-1200x764.png 1200w\" sizes=\"(max-width: 709px) 85vw, (max-width: 909px) 67vw, (max-width: 1362px) 62vw, 840px\" \/><\/figure>\n<\/figure>\n\n\n\n<p><\/p>\n\n\n\n<p><\/p>\n\n\n\n<p><strong>Tu especialidad es el papel, especialmente a la hora de enmarcar \u00bfEs muy variado como material?<\/strong>&nbsp;<\/p>\n\n\n\n<p>Much\u00edsimo. El papel lleg\u00f3 a Europa en la Edad Media, pero los chinos lo inventaron mucho antes. Jap\u00f3n, por ejemplo, es muy famoso por sus papeles de fibras largas, muy finos y flexibles, que son precisamente los que se usan en restauraci\u00f3n. Antiguamente en Europa se hac\u00edan papeles de trapo \u2014de algod\u00f3n\u2014 de gran calidad y a mano.<\/p>\n\n\n\n<p>Hoy en d\u00eda existe una infinidad de papeles. Desde el japon\u00e9s, hasta el de peri\u00f3dico, pensado para ser ef\u00edmero. El cart\u00f3n tambi\u00e9n es papel, simplemente en m\u00e1s capas.<\/p>\n\n\n\n<p><\/p>\n\n\n\n<p><strong>\u00bfQu\u00e9 sueles aconsejar a tus clientes para una buena enmarcaci\u00f3n?<\/strong>&nbsp;<\/p>\n\n\n\n<p>Tengo dos criterios fundamentales: la est\u00e9tica y la conservaci\u00f3n, orientando sobre qu\u00e9 soluci\u00f3n le va mejor a cada obra en particular, adapt\u00e1ndome a los gustos de cada cliente.<\/p>\n\n\n\n<p><\/p>\n\n\n\n<p><strong>\u00bfQui\u00e9nes son tus principales clientes?<\/strong>&nbsp;<\/p>\n\n\n\n<p>Sobre todo personas particulares. En enmarcaci\u00f3n hay bastante gente joven, mientras que en restauraci\u00f3n suelen ser encargos m\u00e1s vinculados a objetos familiares o de mayor antig\u00fcedad.<\/p>\n\n\n\n<p><\/p>\n\n\n\n<p><\/p>\n\n\n\n<figure class=\"wp-block-image size-large\"><img loading=\"lazy\" decoding=\"async\" width=\"1024\" height=\"1004\" src=\"https:\/\/madeinzaragoza.es\/blog\/wp-content\/uploads\/2026\/03\/IMG_3118-1024x1004.jpeg\" alt=\"\" class=\"wp-image-45509\" srcset=\"https:\/\/madeinzaragoza.es\/blog\/wp-content\/uploads\/2026\/03\/IMG_3118-1024x1004.jpeg 1024w, https:\/\/madeinzaragoza.es\/blog\/wp-content\/uploads\/2026\/03\/IMG_3118-450x441.jpeg 450w, https:\/\/madeinzaragoza.es\/blog\/wp-content\/uploads\/2026\/03\/IMG_3118-768x753.jpeg 768w, https:\/\/madeinzaragoza.es\/blog\/wp-content\/uploads\/2026\/03\/IMG_3118-1200x1176.jpeg 1200w, https:\/\/madeinzaragoza.es\/blog\/wp-content\/uploads\/2026\/03\/IMG_3118.jpeg 1320w\" sizes=\"(max-width: 709px) 85vw, (max-width: 909px) 67vw, (max-width: 1362px) 62vw, 840px\" \/><figcaption class=\"wp-element-caption\">Colaboraci\u00f3n entre Rara Avis, @madlab.zgz e @ibonbaquero para construir una c\u00e1mara oscura gigante con materiales reciclados en @harinerazgz<\/figcaption><\/figure>\n\n\n\n<p><\/p>\n\n\n\n<p><\/p>\n\n\n\n<p><strong>\u00bfTrabajas tambi\u00e9n para instituciones?<\/strong>&nbsp;<\/p>\n\n\n\n<p>No ha sido mi enfoque principal, pero actualmente estoy realizando alg\u00fan trabajo para el Museo de Goya. Hay pocos restauradores especializados en papel en Zaragoza, as\u00ed que hay bastante campo.<\/p>\n\n\n\n<p><\/p>\n\n\n\n<p><strong>Organizaste hace poco un taller de cianotipia bot\u00e1nica. \u00bfEn qu\u00e9 consiste?<\/strong><\/p>\n\n\n\n<p>&nbsp;Es un taller que impart\u00ed en el que ense\u00f1o esta t\u00e9cnica fotogr\u00e1fica antigua que no requiere c\u00e1mara. Se aplica una emulsi\u00f3n sobre papel, se colocan objetos encima \u2014en nuestro caso, plantas y hojas que encontramos en el parque\u2014 y la luz del sol fija las siluetas sobre el papel. Es una experiencia muy visual y creativa.<\/p>\n\n\n\n<p>Los talleres de cianotipia los hago junto a mi compa\u00f1era <strong>Luisa Monle\u00f3n<\/strong>, con quien formo el d\u00fao art\u00edstico <strong><a href=\"https:\/\/www.instagram.com\/raraavis_fotografia\/\" target=\"_blank\" rel=\"noreferrer noopener\">Rara Avis<\/a><\/strong>.<\/p>\n\n\n\n<p><\/p>\n\n\n\n<p><\/p>\n\n\n\n<figure class=\"wp-block-gallery has-nested-images columns-default is-cropped wp-block-gallery-4 is-layout-flex wp-block-gallery-is-layout-flex\">\n<figure class=\"wp-block-image size-large\"><img loading=\"lazy\" decoding=\"async\" width=\"660\" height=\"440\" data-id=\"45528\" src=\"https:\/\/madeinzaragoza.es\/blog\/wp-content\/uploads\/2026\/03\/Rara-Avis.png\" alt=\"\" class=\"wp-image-45528\" srcset=\"https:\/\/madeinzaragoza.es\/blog\/wp-content\/uploads\/2026\/03\/Rara-Avis.png 660w, https:\/\/madeinzaragoza.es\/blog\/wp-content\/uploads\/2026\/03\/Rara-Avis-450x300.png 450w\" sizes=\"(max-width: 709px) 85vw, (max-width: 909px) 67vw, (max-width: 984px) 61vw, (max-width: 1362px) 45vw, 600px\" \/><\/figure>\n<\/figure>\n\n\n\n<p><\/p>\n\n\n\n<p><\/p>\n\n\n\n<p><strong>\u00bfQu\u00e9 m\u00e1s hace Rara Avis adem\u00e1s de cianotipia?<\/strong>&nbsp;<\/p>\n\n\n\n<p>Tambi\u00e9n hacemos fotograf\u00eda minutera. Utilizamos una c\u00e1mara de madera que construimos nosotras mismas, igual a las que usaban los fot\u00f3grafos callejeros de principios del siglo XX.<\/p>\n\n\n\n<p>Estos fot\u00f3grafos ambulantes recorr\u00edan plazas y fiestas de pueblos, hac\u00edan la foto y la revelaban en el momento, porque dentro de la c\u00e1mara estaba el propio laboratorio. Hoy en d\u00eda, hay unos 30 o 40 fot\u00f3grafos en Espa\u00f1a han recuperado esta pr\u00e1ctica.<\/p>\n\n\n\n<p><\/p>\n\n\n\n<p><strong>\u00bfQui\u00e9n es Cristina Rico y c\u00f3mo lleg\u00f3 hasta aqu\u00ed?<\/strong>&nbsp;<\/p>\n\n\n\n<p>Estudi\u00e9 fotograf\u00eda en Huesca y luego me fui a vivir a Londres, donde estudi\u00e9 restauraci\u00f3n y conservaci\u00f3n de materiales org\u00e1nicos. Trabaj\u00e9 en <strong>The National Archives<\/strong> y en el taller <strong>A.R. Conservation<\/strong>. Tras diez a\u00f1os fuera, volv\u00ed echando de menos mi tierra y mi gente. Soy de Jaca, pero ten\u00eda amigos y familia en Zaragoza, as\u00ed que empec\u00e9 aqu\u00ed de nuevo, mont\u00e9 mi taller y he ido combinando la restauraci\u00f3n con la conservaci\u00f3n y la fotograf\u00eda.<\/p>\n\n\n\n<p>Cristina volvi\u00f3 a Zaragoza con una idea clara: devolver a la vida a todo aquello que el tiempo amenaza. Hist\u00f3rica se ha convertido en un peque\u00f1o refugio donde tus fotograf\u00edas y dibujos del pasado encuentran su futuro, y algunas im\u00e1genes merecen la pena seguir contando historias.<\/p>\n\n\n\n<p>Si quer\u00e9is poneros en contacto con Cristina, aqu\u00ed os dejamos su <strong><a href=\"https:\/\/www.instagram.com\/historica_conservacion\/\">Instagram<\/a><\/strong><\/p>\n","protected":false},"excerpt":{"rendered":"<p>Todos conservamos en casa fotograf\u00edas, dibujos o recuerdos que el paso del tiempo ha ido deteriorando. Im\u00e1genes de familiares, instantes de otra \u00e9poca, fragmentos de nuestra historia personal que, de alguna manera, nos gustar\u00eda preservar para siempre. Detr\u00e1s de esa posibilidad est\u00e1 Cristina Rico Liria, conservadora-restauradora y fot\u00f3grafa. Un perfil poco habitual que esconde una &hellip; <a href=\"https:\/\/madeinzaragoza.es\/blog\/historica-restauracion-y-enmarcacion\/\" class=\"more-link\">Continuar leyendo<span class=\"screen-reader-text\"> \u00abHist\u00f3rica: restauraci\u00f3n y enmarcaci\u00f3n. Una segunda oportunidad para los tesoros que guardas en casa\u00bb<\/span><\/a><\/p>\n","protected":false},"author":61,"featured_media":45500,"comment_status":"open","ping_status":"open","sticky":false,"template":"","format":"standard","meta":{"footnotes":""},"categories":[9,8,1],"tags":[2364,2930,2928,2929,2927],"yoast_head":"<!-- This site is optimized with the Yoast SEO plugin v19.7.2 - https:\/\/yoast.com\/wordpress\/plugins\/seo\/ -->\n<title>Hist\u00f3rica: restauraci\u00f3n y enmarcaci\u00f3n. Una segunda oportunidad para los tesoros que guardas en casa - Made in Zaragoza<\/title>\n<meta name=\"description\" content=\"Restauraci\u00f3n y enmarcaci\u00f3n de fotograf\u00edas y obra gr\u00e1fica en Zaragoza. Descubre c\u00f3mo dar una segunda vida a tus recuerdos con Hist\u00f3rica.\" \/>\n<meta name=\"robots\" content=\"index, follow, max-snippet:-1, max-image-preview:large, max-video-preview:-1\" \/>\n<link rel=\"canonical\" href=\"https:\/\/madeinzaragoza.es\/blog\/historica-restauracion-y-enmarcacion\/\" \/>\n<meta property=\"og:locale\" content=\"es_ES\" \/>\n<meta property=\"og:type\" content=\"article\" \/>\n<meta property=\"og:title\" content=\"Hist\u00f3rica: restauraci\u00f3n y enmarcaci\u00f3n. Una segunda oportunidad para los tesoros que guardas en casa - Made in Zaragoza\" \/>\n<meta property=\"og:description\" content=\"Restauraci\u00f3n y enmarcaci\u00f3n de fotograf\u00edas y obra gr\u00e1fica en Zaragoza. Descubre c\u00f3mo dar una segunda vida a tus recuerdos con Hist\u00f3rica.\" \/>\n<meta property=\"og:url\" content=\"https:\/\/madeinzaragoza.es\/blog\/historica-restauracion-y-enmarcacion\/\" \/>\n<meta property=\"og:site_name\" content=\"Made in Zaragoza\" \/>\n<meta property=\"article:publisher\" content=\"https:\/\/www.facebook.com\/madeinzaragoza.es\/\" \/>\n<meta property=\"article:published_time\" content=\"2026-03-31T20:53:02+00:00\" \/>\n<meta property=\"article:modified_time\" content=\"2026-04-03T09:09:14+00:00\" \/>\n<meta property=\"og:image\" content=\"https:\/\/madeinzaragoza.es\/blog\/wp-content\/uploads\/2026\/03\/IMG_3133.jpeg\" \/>\n\t<meta property=\"og:image:width\" content=\"1168\" \/>\n\t<meta property=\"og:image:height\" content=\"880\" \/>\n\t<meta property=\"og:image:type\" content=\"image\/jpeg\" \/>\n<meta name=\"author\" content=\"Placido Manzanares\" \/>\n<meta name=\"twitter:card\" content=\"summary\" \/>\n<meta name=\"twitter:creator\" content=\"@madeinzaragoza\" \/>\n<meta name=\"twitter:site\" content=\"@madeinzaragoza\" \/>\n<meta name=\"twitter:label1\" content=\"Escrito por\" \/>\n\t<meta name=\"twitter:data1\" content=\"Placido Manzanares\" \/>\n\t<meta name=\"twitter:label2\" content=\"Tiempo de lectura\" \/>\n\t<meta name=\"twitter:data2\" content=\"7 minutos\" \/>\n<script type=\"application\/ld+json\" class=\"yoast-schema-graph\">{\"@context\":\"https:\/\/schema.org\",\"@graph\":[{\"@type\":\"Article\",\"@id\":\"https:\/\/madeinzaragoza.es\/blog\/historica-restauracion-y-enmarcacion\/#article\",\"isPartOf\":{\"@id\":\"https:\/\/madeinzaragoza.es\/blog\/historica-restauracion-y-enmarcacion\/\"},\"author\":{\"name\":\"Placido Manzanares\",\"@id\":\"https:\/\/madeinzaragoza.es\/blog\/#\/schema\/person\/16f7f64617c4c4332ebf89708272a502\"},\"headline\":\"Hist\u00f3rica: restauraci\u00f3n y enmarcaci\u00f3n. Una segunda oportunidad para los tesoros que guardas en casa\",\"datePublished\":\"2026-03-31T20:53:02+00:00\",\"dateModified\":\"2026-04-03T09:09:14+00:00\",\"mainEntityOfPage\":{\"@id\":\"https:\/\/madeinzaragoza.es\/blog\/historica-restauracion-y-enmarcacion\/\"},\"wordCount\":1422,\"commentCount\":0,\"publisher\":{\"@id\":\"https:\/\/madeinzaragoza.es\/blog\/#organization\"},\"keywords\":[\"Arte\",\"conservaci\u00f3n\",\"enmarcaci\u00f3n\",\"fotograf\u00eda\",\"restauraci\u00f3n\"],\"articleSection\":[\"Econom\u00eda Creativa\",\"Red MIZ\",\"Tendencias\"],\"inLanguage\":\"es\",\"potentialAction\":[{\"@type\":\"CommentAction\",\"name\":\"Comment\",\"target\":[\"https:\/\/madeinzaragoza.es\/blog\/historica-restauracion-y-enmarcacion\/#respond\"]}]},{\"@type\":\"WebPage\",\"@id\":\"https:\/\/madeinzaragoza.es\/blog\/historica-restauracion-y-enmarcacion\/\",\"url\":\"https:\/\/madeinzaragoza.es\/blog\/historica-restauracion-y-enmarcacion\/\",\"name\":\"Hist\u00f3rica: restauraci\u00f3n y enmarcaci\u00f3n. Una segunda oportunidad para los tesoros que guardas en casa - Made in Zaragoza\",\"isPartOf\":{\"@id\":\"https:\/\/madeinzaragoza.es\/blog\/#website\"},\"datePublished\":\"2026-03-31T20:53:02+00:00\",\"dateModified\":\"2026-04-03T09:09:14+00:00\",\"description\":\"Restauraci\u00f3n y enmarcaci\u00f3n de fotograf\u00edas y obra gr\u00e1fica en Zaragoza. Descubre c\u00f3mo dar una segunda vida a tus recuerdos con Hist\u00f3rica.\",\"breadcrumb\":{\"@id\":\"https:\/\/madeinzaragoza.es\/blog\/historica-restauracion-y-enmarcacion\/#breadcrumb\"},\"inLanguage\":\"es\",\"potentialAction\":[{\"@type\":\"ReadAction\",\"target\":[\"https:\/\/madeinzaragoza.es\/blog\/historica-restauracion-y-enmarcacion\/\"]}]},{\"@type\":\"BreadcrumbList\",\"@id\":\"https:\/\/madeinzaragoza.es\/blog\/historica-restauracion-y-enmarcacion\/#breadcrumb\",\"itemListElement\":[{\"@type\":\"ListItem\",\"position\":1,\"name\":\"Portada\",\"item\":\"https:\/\/madeinzaragoza.es\/blog\/\"},{\"@type\":\"ListItem\",\"position\":2,\"name\":\"Hist\u00f3rica: restauraci\u00f3n y enmarcaci\u00f3n. Una segunda oportunidad para los tesoros que guardas en casa\"}]},{\"@type\":\"WebSite\",\"@id\":\"https:\/\/madeinzaragoza.es\/blog\/#website\",\"url\":\"https:\/\/madeinzaragoza.es\/blog\/\",\"name\":\"Made in Zaragoza\",\"description\":\"Blog de MadeinZGZ, Red de Econom\u00eda Creativa de Zaragoza\",\"publisher\":{\"@id\":\"https:\/\/madeinzaragoza.es\/blog\/#organization\"},\"potentialAction\":[{\"@type\":\"SearchAction\",\"target\":{\"@type\":\"EntryPoint\",\"urlTemplate\":\"https:\/\/madeinzaragoza.es\/blog\/?s={search_term_string}\"},\"query-input\":\"required name=search_term_string\"}],\"inLanguage\":\"es\"},{\"@type\":\"Organization\",\"@id\":\"https:\/\/madeinzaragoza.es\/blog\/#organization\",\"name\":\"Made In Zaragoza\",\"url\":\"https:\/\/madeinzaragoza.es\/blog\/\",\"sameAs\":[\"https:\/\/www.instagram.com\/madeinzaragoza.es\/\",\"https:\/\/www.facebook.com\/madeinzaragoza.es\/\",\"https:\/\/twitter.com\/madeinzaragoza\"],\"logo\":{\"@type\":\"ImageObject\",\"inLanguage\":\"es\",\"@id\":\"https:\/\/madeinzaragoza.es\/blog\/#\/schema\/logo\/image\/\",\"url\":\"https:\/\/madeinzaragoza.es\/blog\/wp-content\/uploads\/2022\/05\/logo.png\",\"contentUrl\":\"https:\/\/madeinzaragoza.es\/blog\/wp-content\/uploads\/2022\/05\/logo.png\",\"width\":193,\"height\":176,\"caption\":\"Made In Zaragoza\"},\"image\":{\"@id\":\"https:\/\/madeinzaragoza.es\/blog\/#\/schema\/logo\/image\/\"}},{\"@type\":\"Person\",\"@id\":\"https:\/\/madeinzaragoza.es\/blog\/#\/schema\/person\/16f7f64617c4c4332ebf89708272a502\",\"name\":\"Placido Manzanares\",\"image\":{\"@type\":\"ImageObject\",\"inLanguage\":\"es\",\"@id\":\"https:\/\/madeinzaragoza.es\/blog\/#\/schema\/person\/image\/\",\"url\":\"https:\/\/secure.gravatar.com\/avatar\/7f11d20df5055787e9150963bd247481?s=96&d=mm&r=g\",\"contentUrl\":\"https:\/\/secure.gravatar.com\/avatar\/7f11d20df5055787e9150963bd247481?s=96&d=mm&r=g\",\"caption\":\"Placido Manzanares\"},\"url\":\"https:\/\/madeinzaragoza.es\/blog\/author\/placidomanzanares\/\"}]}<\/script>\n<!-- \/ Yoast SEO plugin. -->","yoast_head_json":{"title":"Hist\u00f3rica: restauraci\u00f3n y enmarcaci\u00f3n. Una segunda oportunidad para los tesoros que guardas en casa - Made in Zaragoza","description":"Restauraci\u00f3n y enmarcaci\u00f3n de fotograf\u00edas y obra gr\u00e1fica en Zaragoza. Descubre c\u00f3mo dar una segunda vida a tus recuerdos con Hist\u00f3rica.","robots":{"index":"index","follow":"follow","max-snippet":"max-snippet:-1","max-image-preview":"max-image-preview:large","max-video-preview":"max-video-preview:-1"},"canonical":"https:\/\/madeinzaragoza.es\/blog\/historica-restauracion-y-enmarcacion\/","og_locale":"es_ES","og_type":"article","og_title":"Hist\u00f3rica: restauraci\u00f3n y enmarcaci\u00f3n. Una segunda oportunidad para los tesoros que guardas en casa - Made in Zaragoza","og_description":"Restauraci\u00f3n y enmarcaci\u00f3n de fotograf\u00edas y obra gr\u00e1fica en Zaragoza. Descubre c\u00f3mo dar una segunda vida a tus recuerdos con Hist\u00f3rica.","og_url":"https:\/\/madeinzaragoza.es\/blog\/historica-restauracion-y-enmarcacion\/","og_site_name":"Made in Zaragoza","article_publisher":"https:\/\/www.facebook.com\/madeinzaragoza.es\/","article_published_time":"2026-03-31T20:53:02+00:00","article_modified_time":"2026-04-03T09:09:14+00:00","og_image":[{"width":1168,"height":880,"url":"https:\/\/madeinzaragoza.es\/blog\/wp-content\/uploads\/2026\/03\/IMG_3133.jpeg","type":"image\/jpeg"}],"author":"Placido Manzanares","twitter_card":"summary","twitter_creator":"@madeinzaragoza","twitter_site":"@madeinzaragoza","twitter_misc":{"Escrito por":"Placido Manzanares","Tiempo de lectura":"7 minutos"},"schema":{"@context":"https:\/\/schema.org","@graph":[{"@type":"Article","@id":"https:\/\/madeinzaragoza.es\/blog\/historica-restauracion-y-enmarcacion\/#article","isPartOf":{"@id":"https:\/\/madeinzaragoza.es\/blog\/historica-restauracion-y-enmarcacion\/"},"author":{"name":"Placido Manzanares","@id":"https:\/\/madeinzaragoza.es\/blog\/#\/schema\/person\/16f7f64617c4c4332ebf89708272a502"},"headline":"Hist\u00f3rica: restauraci\u00f3n y enmarcaci\u00f3n. Una segunda oportunidad para los tesoros que guardas en casa","datePublished":"2026-03-31T20:53:02+00:00","dateModified":"2026-04-03T09:09:14+00:00","mainEntityOfPage":{"@id":"https:\/\/madeinzaragoza.es\/blog\/historica-restauracion-y-enmarcacion\/"},"wordCount":1422,"commentCount":0,"publisher":{"@id":"https:\/\/madeinzaragoza.es\/blog\/#organization"},"keywords":["Arte","conservaci\u00f3n","enmarcaci\u00f3n","fotograf\u00eda","restauraci\u00f3n"],"articleSection":["Econom\u00eda Creativa","Red MIZ","Tendencias"],"inLanguage":"es","potentialAction":[{"@type":"CommentAction","name":"Comment","target":["https:\/\/madeinzaragoza.es\/blog\/historica-restauracion-y-enmarcacion\/#respond"]}]},{"@type":"WebPage","@id":"https:\/\/madeinzaragoza.es\/blog\/historica-restauracion-y-enmarcacion\/","url":"https:\/\/madeinzaragoza.es\/blog\/historica-restauracion-y-enmarcacion\/","name":"Hist\u00f3rica: restauraci\u00f3n y enmarcaci\u00f3n. Una segunda oportunidad para los tesoros que guardas en casa - Made in Zaragoza","isPartOf":{"@id":"https:\/\/madeinzaragoza.es\/blog\/#website"},"datePublished":"2026-03-31T20:53:02+00:00","dateModified":"2026-04-03T09:09:14+00:00","description":"Restauraci\u00f3n y enmarcaci\u00f3n de fotograf\u00edas y obra gr\u00e1fica en Zaragoza. Descubre c\u00f3mo dar una segunda vida a tus recuerdos con Hist\u00f3rica.","breadcrumb":{"@id":"https:\/\/madeinzaragoza.es\/blog\/historica-restauracion-y-enmarcacion\/#breadcrumb"},"inLanguage":"es","potentialAction":[{"@type":"ReadAction","target":["https:\/\/madeinzaragoza.es\/blog\/historica-restauracion-y-enmarcacion\/"]}]},{"@type":"BreadcrumbList","@id":"https:\/\/madeinzaragoza.es\/blog\/historica-restauracion-y-enmarcacion\/#breadcrumb","itemListElement":[{"@type":"ListItem","position":1,"name":"Portada","item":"https:\/\/madeinzaragoza.es\/blog\/"},{"@type":"ListItem","position":2,"name":"Hist\u00f3rica: restauraci\u00f3n y enmarcaci\u00f3n. Una segunda oportunidad para los tesoros que guardas en casa"}]},{"@type":"WebSite","@id":"https:\/\/madeinzaragoza.es\/blog\/#website","url":"https:\/\/madeinzaragoza.es\/blog\/","name":"Made in Zaragoza","description":"Blog de MadeinZGZ, Red de Econom\u00eda Creativa de Zaragoza","publisher":{"@id":"https:\/\/madeinzaragoza.es\/blog\/#organization"},"potentialAction":[{"@type":"SearchAction","target":{"@type":"EntryPoint","urlTemplate":"https:\/\/madeinzaragoza.es\/blog\/?s={search_term_string}"},"query-input":"required name=search_term_string"}],"inLanguage":"es"},{"@type":"Organization","@id":"https:\/\/madeinzaragoza.es\/blog\/#organization","name":"Made In Zaragoza","url":"https:\/\/madeinzaragoza.es\/blog\/","sameAs":["https:\/\/www.instagram.com\/madeinzaragoza.es\/","https:\/\/www.facebook.com\/madeinzaragoza.es\/","https:\/\/twitter.com\/madeinzaragoza"],"logo":{"@type":"ImageObject","inLanguage":"es","@id":"https:\/\/madeinzaragoza.es\/blog\/#\/schema\/logo\/image\/","url":"https:\/\/madeinzaragoza.es\/blog\/wp-content\/uploads\/2022\/05\/logo.png","contentUrl":"https:\/\/madeinzaragoza.es\/blog\/wp-content\/uploads\/2022\/05\/logo.png","width":193,"height":176,"caption":"Made In Zaragoza"},"image":{"@id":"https:\/\/madeinzaragoza.es\/blog\/#\/schema\/logo\/image\/"}},{"@type":"Person","@id":"https:\/\/madeinzaragoza.es\/blog\/#\/schema\/person\/16f7f64617c4c4332ebf89708272a502","name":"Placido Manzanares","image":{"@type":"ImageObject","inLanguage":"es","@id":"https:\/\/madeinzaragoza.es\/blog\/#\/schema\/person\/image\/","url":"https:\/\/secure.gravatar.com\/avatar\/7f11d20df5055787e9150963bd247481?s=96&d=mm&r=g","contentUrl":"https:\/\/secure.gravatar.com\/avatar\/7f11d20df5055787e9150963bd247481?s=96&d=mm&r=g","caption":"Placido Manzanares"},"url":"https:\/\/madeinzaragoza.es\/blog\/author\/placidomanzanares\/"}]}},"_links":{"self":[{"href":"https:\/\/madeinzaragoza.es\/blog\/wp-json\/wp\/v2\/posts\/45493"}],"collection":[{"href":"https:\/\/madeinzaragoza.es\/blog\/wp-json\/wp\/v2\/posts"}],"about":[{"href":"https:\/\/madeinzaragoza.es\/blog\/wp-json\/wp\/v2\/types\/post"}],"author":[{"embeddable":true,"href":"https:\/\/madeinzaragoza.es\/blog\/wp-json\/wp\/v2\/users\/61"}],"replies":[{"embeddable":true,"href":"https:\/\/madeinzaragoza.es\/blog\/wp-json\/wp\/v2\/comments?post=45493"}],"version-history":[{"count":18,"href":"https:\/\/madeinzaragoza.es\/blog\/wp-json\/wp\/v2\/posts\/45493\/revisions"}],"predecessor-version":[{"id":45557,"href":"https:\/\/madeinzaragoza.es\/blog\/wp-json\/wp\/v2\/posts\/45493\/revisions\/45557"}],"wp:featuredmedia":[{"embeddable":true,"href":"https:\/\/madeinzaragoza.es\/blog\/wp-json\/wp\/v2\/media\/45500"}],"wp:attachment":[{"href":"https:\/\/madeinzaragoza.es\/blog\/wp-json\/wp\/v2\/media?parent=45493"}],"wp:term":[{"taxonomy":"category","embeddable":true,"href":"https:\/\/madeinzaragoza.es\/blog\/wp-json\/wp\/v2\/categories?post=45493"},{"taxonomy":"post_tag","embeddable":true,"href":"https:\/\/madeinzaragoza.es\/blog\/wp-json\/wp\/v2\/tags?post=45493"}],"curies":[{"name":"wp","href":"https:\/\/api.w.org\/{rel}","templated":true}]}}