{"id":45457,"date":"2026-03-20T09:21:00","date_gmt":"2026-03-20T08:21:00","guid":{"rendered":"https:\/\/madeinzaragoza.es\/blog\/?p=45457"},"modified":"2026-03-20T09:21:01","modified_gmt":"2026-03-20T08:21:01","slug":"cuericos-cierra-su-paso-por-la-decima-edicion-del-miz-lab-con-nuevos-caminos-por-explorar","status":"publish","type":"post","link":"https:\/\/madeinzaragoza.es\/blog\/cuericos-cierra-su-paso-por-la-decima-edicion-del-miz-lab-con-nuevos-caminos-por-explorar\/","title":{"rendered":"Cuericos cierra su paso por la d\u00e9cima edici\u00f3n del MIZ-Lab con nuevos caminos por explorar"},"content":{"rendered":"\n<p>Durante estos <strong>\u00faltimos meses<\/strong> os hemos contado el<strong> proceso<\/strong> de <a href=\"https:\/\/www.cuericos.es\/\">Cuericos<\/a>, dentro de la <a href=\"https:\/\/madeinzaragoza.es\/mizlab\/edicion.php?id=10\">d\u00e9cima edici\u00f3n del MIZ-Lab<\/a>, el programa de <strong>acompa\u00f1amiento para comercios creativos<\/strong> impulsado por Made in Zaragoza.<\/p>\n\n\n\n<p>Ahora que <strong>el programa llega a su fin<\/strong>, <strong>toca hacer balance<\/strong>. Porque m\u00e1s all\u00e1 de las mentor\u00edas o las sesiones de trabajo, MIZ-Lab es, sobre todo, <strong>un viaje para ordenar ideas<\/strong> y <strong>encontrar nuevas formas de seguir<\/strong> creciendo.<\/p>\n\n\n\n<p>Y eso es justo lo que ha supuesto esta experiencia para Cuericos: una oportunidad para parar, reflexionar y abrir nuevos caminos.<\/p>\n\n\n\n<h2 class=\"wp-block-heading\">Un proyecto artesano con identidad propia<\/h2>\n\n\n\n<p>Detr\u00e1s de <a href=\"https:\/\/www.instagram.com\/cuericos\/\">Cuericos <\/a>est\u00e1n<strong> Elena y Ana<\/strong>, dos creativas que <strong>trabajan el cuero de forma artesanal<\/strong> desde su taller localizado en la <strong>C\/ Las Armas n\u00famero 70<\/strong> con un universo muy reconocible y donde encontrar\u00e1s;<\/p>\n\n\n\n<ul>\n<li><strong><a href=\"https:\/\/www.cuericos.es\/\">Piezas artesanales <\/a>inspiradas en aves y naturaleza<\/strong>, una tem\u00e1tica muy presente en toda su colecci\u00f3n.<\/li>\n\n\n\n<li><strong>Trabajos personalizados<\/strong>, donde cada pieza se adapta a quien la encarga.<\/li>\n\n\n\n<li><strong><a href=\"https:\/\/www.cuericos.es\/talleres-y-cursos\/\">Talleres<\/a> creativos y monogr\u00e1ficos <\/strong>donde comparten su oficio y acercan la artesan\u00eda a otras personas.<\/li>\n\n\n\n<li>Un <strong>cat\u00e1logo espec\u00edfico para asociaciones, fundaciones y organizaciones<\/strong> interesadas en merchandising artesanal vinculado a la naturaleza.<\/li>\n<\/ul>\n\n\n\n<p>Un proyecto que, como muchos negocios creativos, se construye en el d\u00eda a d\u00eda entre ideas y mucho trabajo. Por eso, <strong>MIZ-Lab ha sido una oportunidad para revisar el proyecto y poner en orden todas esas ideas que ya exist\u00edan.<\/strong><\/p>\n\n\n\n<figure class=\"wp-block-image size-large\"><img loading=\"lazy\" decoding=\"async\" width=\"1024\" height=\"768\" src=\"https:\/\/madeinzaragoza.es\/blog\/wp-content\/uploads\/2026\/03\/Cuericos-Miz-Lab-1024x768.png\" alt=\"\" class=\"wp-image-45459\" srcset=\"https:\/\/madeinzaragoza.es\/blog\/wp-content\/uploads\/2026\/03\/Cuericos-Miz-Lab-1024x768.png 1024w, https:\/\/madeinzaragoza.es\/blog\/wp-content\/uploads\/2026\/03\/Cuericos-Miz-Lab-450x338.png 450w, https:\/\/madeinzaragoza.es\/blog\/wp-content\/uploads\/2026\/03\/Cuericos-Miz-Lab-768x576.png 768w, https:\/\/madeinzaragoza.es\/blog\/wp-content\/uploads\/2026\/03\/Cuericos-Miz-Lab-1536x1152.png 1536w, https:\/\/madeinzaragoza.es\/blog\/wp-content\/uploads\/2026\/03\/Cuericos-Miz-Lab-2048x1536.png 2048w, https:\/\/madeinzaragoza.es\/blog\/wp-content\/uploads\/2026\/03\/Cuericos-Miz-Lab-1200x900.png 1200w\" sizes=\"(max-width: 709px) 85vw, (max-width: 909px) 67vw, (max-width: 1362px) 62vw, 840px\" \/><\/figure>\n\n\n\n<h2 class=\"wp-block-heading\">Tres miradas para repensar el negocio<\/h2>\n\n\n\n<p>Durante el programa, <a href=\"https:\/\/www.instagram.com\/cuericos\/\">Cuericos<\/a> ha trabajado con <strong>tres mentores<\/strong> que han acompa\u00f1ado el proyecto desde <strong>distintas perspectivas<\/strong>: estrategia, comunicaci\u00f3n e identidad.<\/p>\n\n\n\n<p>Por un lado, el trabajo junto a <strong>Fernando Cebolla<\/strong> en <a href=\"https:\/\/madeinzaragoza.es\/blog\/miz-lab-10-comunicacion-digital-cuericos\/\">comunicaci\u00f3n digital <\/a>ha permitido mejorar el uso de las redes sociales desde un punto de vista m\u00e1s estrat\u00e9gico y t\u00e9cnico. Ya que como comenta Elena, <strong>comprender los formatos, c\u00f3mo funciona la creaci\u00f3n de contenido<\/strong> o c\u00f3mo <strong>planificar estrategia y publicaciones<\/strong> les est\u00e1 siendo muy \u00fatil.<\/p>\n\n\n\n<p>En paralelo, el <a href=\"https:\/\/madeinzaragoza.es\/blog\/miz-lab-10-consolidando-la-marca-de-cuericos\/\">acompa\u00f1amiento<\/a> de <strong>Sara de Recreando Estudio<\/strong>, sobre <strong>imagen de marca<\/strong> ha servido para reflexionar sobre la identidad del proyecto. Despu\u00e9s de varios cambios de logotipo a lo largo de los a\u00f1os, el MIZ-Lab les ha llevado a <strong>recuperar una est\u00e9tica muy cercana al origen de la marca<\/strong>, <strong>conectando de nuevo<\/strong> con los elementos que mejor representan <strong>la esencia de Cuericos<\/strong>.<\/p>\n\n\n\n<p>Y en la parte de <strong><a href=\"https:\/\/madeinzaragoza.es\/blog\/miz-lab-10-cuericos-estrategia-negocio\/\">estrategia de negocio<\/a>,<\/strong> <strong>Miriam Almaz\u00e1n<\/strong> les ha ayudado (entre otras cosas) a desarrollar la <strong>nueva l\u00ednea de productos<\/strong> <strong>dirigida a fundaciones y asociaciones <\/strong>vinculadas a la naturaleza, ofreciendo peque\u00f1as piezas artesanas como merchandising especializado.<\/p>\n\n\n\n<figure class=\"wp-block-gallery has-nested-images columns-default is-cropped wp-block-gallery-1 is-layout-flex wp-block-gallery-is-layout-flex\">\n<figure class=\"wp-block-image size-large\"><img loading=\"lazy\" decoding=\"async\" width=\"768\" height=\"1024\" data-id=\"45468\" src=\"https:\/\/madeinzaragoza.es\/blog\/wp-content\/uploads\/2026\/03\/Cuericos.-decima-edicion-MIZ-Lab_7-768x1024.png\" alt=\"\" class=\"wp-image-45468\" srcset=\"https:\/\/madeinzaragoza.es\/blog\/wp-content\/uploads\/2026\/03\/Cuericos.-decima-edicion-MIZ-Lab_7-768x1024.png 768w, https:\/\/madeinzaragoza.es\/blog\/wp-content\/uploads\/2026\/03\/Cuericos.-decima-edicion-MIZ-Lab_7-338x450.png 338w, https:\/\/madeinzaragoza.es\/blog\/wp-content\/uploads\/2026\/03\/Cuericos.-decima-edicion-MIZ-Lab_7-1152x1536.png 1152w, https:\/\/madeinzaragoza.es\/blog\/wp-content\/uploads\/2026\/03\/Cuericos.-decima-edicion-MIZ-Lab_7-1536x2048.png 1536w, https:\/\/madeinzaragoza.es\/blog\/wp-content\/uploads\/2026\/03\/Cuericos.-decima-edicion-MIZ-Lab_7-1200x1600.png 1200w\" sizes=\"(max-width: 709px) 85vw, (max-width: 909px) 67vw, (max-width: 984px) 61vw, (max-width: 1362px) 45vw, 600px\" \/><figcaption class=\"wp-element-caption\">Mentor\u00eda de Sara<\/figcaption><\/figure>\n\n\n\n<figure class=\"wp-block-image\"><img loading=\"lazy\" decoding=\"async\" width=\"2048\" height=\"1152\" data-id=\"44993\" src=\"http:\/\/madeinzaragoza.es\/blog\/wp-content\/uploads\/2026\/01\/cuericos-foto-sesion-1-mizlab-made-in-zaragoza.jpeg\" alt=\"cuericos foto sesion 1 mizlab made in zaragoza fernando cebolla\" class=\"wp-image-44993\" srcset=\"https:\/\/madeinzaragoza.es\/blog\/wp-content\/uploads\/2026\/01\/cuericos-foto-sesion-1-mizlab-made-in-zaragoza.jpeg 2048w, https:\/\/madeinzaragoza.es\/blog\/wp-content\/uploads\/2026\/01\/cuericos-foto-sesion-1-mizlab-made-in-zaragoza-450x253.jpeg 450w, https:\/\/madeinzaragoza.es\/blog\/wp-content\/uploads\/2026\/01\/cuericos-foto-sesion-1-mizlab-made-in-zaragoza-1024x576.jpeg 1024w, https:\/\/madeinzaragoza.es\/blog\/wp-content\/uploads\/2026\/01\/cuericos-foto-sesion-1-mizlab-made-in-zaragoza-768x432.jpeg 768w, https:\/\/madeinzaragoza.es\/blog\/wp-content\/uploads\/2026\/01\/cuericos-foto-sesion-1-mizlab-made-in-zaragoza-1536x864.jpeg 1536w, https:\/\/madeinzaragoza.es\/blog\/wp-content\/uploads\/2026\/01\/cuericos-foto-sesion-1-mizlab-made-in-zaragoza-1200x675.jpeg 1200w\" sizes=\"(max-width: 709px) 85vw, (max-width: 909px) 67vw, (max-width: 1362px) 62vw, 840px\" \/><figcaption class=\"wp-element-caption\">Mentor\u00eda de Fernando<\/figcaption><\/figure>\n\n\n\n<figure class=\"wp-block-image size-large\"><img loading=\"lazy\" decoding=\"async\" width=\"768\" height=\"1024\" data-id=\"45469\" src=\"https:\/\/madeinzaragoza.es\/blog\/wp-content\/uploads\/2026\/03\/Cuericos.-decima-edicion-MIZ-Lab_1-768x1024.png\" alt=\"\" class=\"wp-image-45469\" srcset=\"https:\/\/madeinzaragoza.es\/blog\/wp-content\/uploads\/2026\/03\/Cuericos.-decima-edicion-MIZ-Lab_1-768x1024.png 768w, https:\/\/madeinzaragoza.es\/blog\/wp-content\/uploads\/2026\/03\/Cuericos.-decima-edicion-MIZ-Lab_1-338x450.png 338w, https:\/\/madeinzaragoza.es\/blog\/wp-content\/uploads\/2026\/03\/Cuericos.-decima-edicion-MIZ-Lab_1-1152x1536.png 1152w, https:\/\/madeinzaragoza.es\/blog\/wp-content\/uploads\/2026\/03\/Cuericos.-decima-edicion-MIZ-Lab_1-1536x2048.png 1536w, https:\/\/madeinzaragoza.es\/blog\/wp-content\/uploads\/2026\/03\/Cuericos.-decima-edicion-MIZ-Lab_1-1200x1600.png 1200w\" sizes=\"(max-width: 709px) 85vw, (max-width: 909px) 67vw, (max-width: 984px) 61vw, (max-width: 1362px) 45vw, 600px\" \/><figcaption class=\"wp-element-caption\">Mentor\u00eda de Miriam<\/figcaption><\/figure>\n<\/figure>\n\n\n\n<p>M\u00e1s all\u00e1 de las herramientas concretas, una de las cosas que <strong>m\u00e1s destacan Ana y Elena<\/strong>, es que el programa les ha ayudado a <strong>organizar y enfocar mejor todas sus ideas.<\/strong><\/p>\n\n\n\n<p>Muchas veces, cuando se pone en marcha un negocio creativo, las ideas aparecen constantemente, pero no siempre es f\u00e1cil ordenarlas o decidir por d\u00f3nde empezar. En ese sentido, MIZ-Lab ha funcionado como <strong>un punto de apoyo<\/strong> y les ha servido para <strong>coordinarse mejor como equipo<\/strong>.<\/p>\n\n\n\n<p>Un <strong>mix perfecto <\/strong>para que Cuericos <strong>llegue a mucha m\u00e1s gente amante <\/strong>de la <strong>ornitolog\u00eda y naturaleza<\/strong>.<\/p>\n\n\n\n<h2 class=\"wp-block-heading\">Reinauguraci\u00f3n de Cuericos<\/h2>\n\n\n\n<p>Como <strong>broche final<\/strong> al programa, E<strong>lena y Ana han querido celebrar<\/strong> este nuevo impulso con la <strong>reinauguraci\u00f3n del taller<\/strong>.<\/p>\n\n\n\n<p>El evento tendr\u00e1 lugar el <strong>21 de marzo a partir de las 13:00h<\/strong>, en <strong>su local de Calle Las Armas<\/strong>, una forma de compartir con todos nosotros todo lo que ha supuesto este proceso lleno de aprendizajes.<\/p>\n\n\n\n<figure class=\"wp-block-image size-large\"><img loading=\"lazy\" decoding=\"async\" width=\"1024\" height=\"768\" src=\"http:\/\/madeinzaragoza.es\/blog\/wp-content\/uploads\/2026\/03\/Cuericos-Miz-Lab_2-1024x768.png\" alt=\"Cuericos en el MIZ-Lab\" class=\"wp-image-45475\" srcset=\"https:\/\/madeinzaragoza.es\/blog\/wp-content\/uploads\/2026\/03\/Cuericos-Miz-Lab_2-1024x768.png 1024w, https:\/\/madeinzaragoza.es\/blog\/wp-content\/uploads\/2026\/03\/Cuericos-Miz-Lab_2-450x338.png 450w, https:\/\/madeinzaragoza.es\/blog\/wp-content\/uploads\/2026\/03\/Cuericos-Miz-Lab_2-768x576.png 768w, https:\/\/madeinzaragoza.es\/blog\/wp-content\/uploads\/2026\/03\/Cuericos-Miz-Lab_2-1536x1152.png 1536w, https:\/\/madeinzaragoza.es\/blog\/wp-content\/uploads\/2026\/03\/Cuericos-Miz-Lab_2-2048x1536.png 2048w, https:\/\/madeinzaragoza.es\/blog\/wp-content\/uploads\/2026\/03\/Cuericos-Miz-Lab_2-1200x900.png 1200w\" sizes=\"(max-width: 709px) 85vw, (max-width: 909px) 67vw, (max-width: 1362px) 62vw, 840px\" \/><\/figure>\n\n\n\n<p>Porque si algo deja claro esta edici\u00f3n del <a href=\"https:\/\/madeinzaragoza.es\/mizlab\/\">Laboratorio de innovaci\u00f3n comercial,<\/a> es que el MIZ-Lab no es un punto final, sino m\u00e1s bien el inicio de una nueva etapa.<\/p>\n\n\n\n<p>Y en el caso de Cuericos, ese nuevo cap\u00edtulo ya ha empezado.<\/p>\n","protected":false},"excerpt":{"rendered":"<p>Durante estos \u00faltimos meses os hemos contado el proceso de Cuericos, dentro de la d\u00e9cima edici\u00f3n del MIZ-Lab, el programa de acompa\u00f1amiento para comercios creativos impulsado por Made in Zaragoza. Ahora que el programa llega a su fin, toca hacer balance. Porque m\u00e1s all\u00e1 de las mentor\u00edas o las sesiones de trabajo, MIZ-Lab es, sobre &hellip; <a href=\"https:\/\/madeinzaragoza.es\/blog\/cuericos-cierra-su-paso-por-la-decima-edicion-del-miz-lab-con-nuevos-caminos-por-explorar\/\" class=\"more-link\">Continuar leyendo<span class=\"screen-reader-text\"> \u00abCuericos cierra su paso por la d\u00e9cima edici\u00f3n del MIZ-Lab con nuevos caminos por explorar\u00bb<\/span><\/a><\/p>\n","protected":false},"author":84,"featured_media":45474,"comment_status":"open","ping_status":"open","sticky":false,"template":"","format":"standard","meta":{"footnotes":""},"categories":[9,1554,8],"tags":[130,1823,2924,848],"yoast_head":"<!-- This site is optimized with the Yoast SEO plugin v19.7.2 - https:\/\/yoast.com\/wordpress\/plugins\/seo\/ -->\n<title>Cuericos cierra su paso por la d\u00e9cima edici\u00f3n del MIZ-Lab con nuevos caminos por explorar - Made in Zaragoza<\/title>\n<meta name=\"robots\" content=\"index, follow, max-snippet:-1, max-image-preview:large, max-video-preview:-1\" \/>\n<link rel=\"canonical\" href=\"https:\/\/madeinzaragoza.es\/blog\/cuericos-cierra-su-paso-por-la-decima-edicion-del-miz-lab-con-nuevos-caminos-por-explorar\/\" \/>\n<meta property=\"og:locale\" content=\"es_ES\" \/>\n<meta property=\"og:type\" content=\"article\" \/>\n<meta property=\"og:title\" content=\"Cuericos cierra su paso por la d\u00e9cima edici\u00f3n del MIZ-Lab con nuevos caminos por explorar - Made in Zaragoza\" \/>\n<meta property=\"og:description\" content=\"Durante estos \u00faltimos meses os hemos contado el proceso de Cuericos, dentro de la d\u00e9cima edici\u00f3n del MIZ-Lab, el programa de acompa\u00f1amiento para comercios creativos impulsado por Made in Zaragoza. Ahora que el programa llega a su fin, toca hacer balance. Porque m\u00e1s all\u00e1 de las mentor\u00edas o las sesiones de trabajo, MIZ-Lab es, sobre &hellip; Continuar leyendo &quot;Cuericos cierra su paso por la d\u00e9cima edici\u00f3n del MIZ-Lab con nuevos caminos por explorar&quot;\" \/>\n<meta property=\"og:url\" content=\"https:\/\/madeinzaragoza.es\/blog\/cuericos-cierra-su-paso-por-la-decima-edicion-del-miz-lab-con-nuevos-caminos-por-explorar\/\" \/>\n<meta property=\"og:site_name\" content=\"Made in Zaragoza\" \/>\n<meta property=\"article:publisher\" content=\"https:\/\/www.facebook.com\/madeinzaragoza.es\/\" \/>\n<meta property=\"article:published_time\" content=\"2026-03-20T08:21:00+00:00\" \/>\n<meta property=\"article:modified_time\" content=\"2026-03-20T08:21:01+00:00\" \/>\n<meta property=\"og:image\" content=\"https:\/\/madeinzaragoza.es\/blog\/wp-content\/uploads\/2026\/03\/Cuericos-Miz-Lab_1-1024x768.png\" \/>\n\t<meta property=\"og:image:width\" content=\"1024\" \/>\n\t<meta property=\"og:image:height\" content=\"768\" \/>\n\t<meta property=\"og:image:type\" content=\"image\/png\" \/>\n<meta name=\"author\" content=\"Nagore Delgado\" \/>\n<meta name=\"twitter:card\" content=\"summary\" \/>\n<meta name=\"twitter:creator\" content=\"@madeinzaragoza\" \/>\n<meta name=\"twitter:site\" content=\"@madeinzaragoza\" \/>\n<meta name=\"twitter:label1\" content=\"Escrito por\" \/>\n\t<meta name=\"twitter:data1\" content=\"Nagore Delgado\" \/>\n\t<meta name=\"twitter:label2\" content=\"Tiempo de lectura\" \/>\n\t<meta name=\"twitter:data2\" content=\"3 minutos\" \/>\n<script type=\"application\/ld+json\" class=\"yoast-schema-graph\">{\"@context\":\"https:\/\/schema.org\",\"@graph\":[{\"@type\":\"Article\",\"@id\":\"https:\/\/madeinzaragoza.es\/blog\/cuericos-cierra-su-paso-por-la-decima-edicion-del-miz-lab-con-nuevos-caminos-por-explorar\/#article\",\"isPartOf\":{\"@id\":\"https:\/\/madeinzaragoza.es\/blog\/cuericos-cierra-su-paso-por-la-decima-edicion-del-miz-lab-con-nuevos-caminos-por-explorar\/\"},\"author\":{\"name\":\"Nagore Delgado\",\"@id\":\"https:\/\/madeinzaragoza.es\/blog\/#\/schema\/person\/9a0b249cbeeadd393f2fe8a350f05bae\"},\"headline\":\"Cuericos cierra su paso por la d\u00e9cima edici\u00f3n del MIZ-Lab con nuevos caminos por explorar\",\"datePublished\":\"2026-03-20T08:21:00+00:00\",\"dateModified\":\"2026-03-20T08:21:01+00:00\",\"mainEntityOfPage\":{\"@id\":\"https:\/\/madeinzaragoza.es\/blog\/cuericos-cierra-su-paso-por-la-decima-edicion-del-miz-lab-con-nuevos-caminos-por-explorar\/\"},\"wordCount\":678,\"commentCount\":0,\"publisher\":{\"@id\":\"https:\/\/madeinzaragoza.es\/blog\/#organization\"},\"keywords\":[\"emprendedores\",\"laboratorio de innovaci\u00f3n comercial\",\"MIZ-Lab 10\",\"tiendas creativas\"],\"articleSection\":[\"Econom\u00eda Creativa\",\"MIZ-Lab\",\"Red MIZ\"],\"inLanguage\":\"es\",\"potentialAction\":[{\"@type\":\"CommentAction\",\"name\":\"Comment\",\"target\":[\"https:\/\/madeinzaragoza.es\/blog\/cuericos-cierra-su-paso-por-la-decima-edicion-del-miz-lab-con-nuevos-caminos-por-explorar\/#respond\"]}]},{\"@type\":\"WebPage\",\"@id\":\"https:\/\/madeinzaragoza.es\/blog\/cuericos-cierra-su-paso-por-la-decima-edicion-del-miz-lab-con-nuevos-caminos-por-explorar\/\",\"url\":\"https:\/\/madeinzaragoza.es\/blog\/cuericos-cierra-su-paso-por-la-decima-edicion-del-miz-lab-con-nuevos-caminos-por-explorar\/\",\"name\":\"Cuericos cierra su paso por la d\u00e9cima edici\u00f3n del MIZ-Lab con nuevos caminos por explorar - Made in Zaragoza\",\"isPartOf\":{\"@id\":\"https:\/\/madeinzaragoza.es\/blog\/#website\"},\"datePublished\":\"2026-03-20T08:21:00+00:00\",\"dateModified\":\"2026-03-20T08:21:01+00:00\",\"breadcrumb\":{\"@id\":\"https:\/\/madeinzaragoza.es\/blog\/cuericos-cierra-su-paso-por-la-decima-edicion-del-miz-lab-con-nuevos-caminos-por-explorar\/#breadcrumb\"},\"inLanguage\":\"es\",\"potentialAction\":[{\"@type\":\"ReadAction\",\"target\":[\"https:\/\/madeinzaragoza.es\/blog\/cuericos-cierra-su-paso-por-la-decima-edicion-del-miz-lab-con-nuevos-caminos-por-explorar\/\"]}]},{\"@type\":\"BreadcrumbList\",\"@id\":\"https:\/\/madeinzaragoza.es\/blog\/cuericos-cierra-su-paso-por-la-decima-edicion-del-miz-lab-con-nuevos-caminos-por-explorar\/#breadcrumb\",\"itemListElement\":[{\"@type\":\"ListItem\",\"position\":1,\"name\":\"Portada\",\"item\":\"https:\/\/madeinzaragoza.es\/blog\/\"},{\"@type\":\"ListItem\",\"position\":2,\"name\":\"Cuericos cierra su paso por la d\u00e9cima edici\u00f3n del MIZ-Lab con nuevos caminos por explorar\"}]},{\"@type\":\"WebSite\",\"@id\":\"https:\/\/madeinzaragoza.es\/blog\/#website\",\"url\":\"https:\/\/madeinzaragoza.es\/blog\/\",\"name\":\"Made in Zaragoza\",\"description\":\"Blog de MadeinZGZ, Red de Econom\u00eda Creativa de Zaragoza\",\"publisher\":{\"@id\":\"https:\/\/madeinzaragoza.es\/blog\/#organization\"},\"potentialAction\":[{\"@type\":\"SearchAction\",\"target\":{\"@type\":\"EntryPoint\",\"urlTemplate\":\"https:\/\/madeinzaragoza.es\/blog\/?s={search_term_string}\"},\"query-input\":\"required name=search_term_string\"}],\"inLanguage\":\"es\"},{\"@type\":\"Organization\",\"@id\":\"https:\/\/madeinzaragoza.es\/blog\/#organization\",\"name\":\"Made In Zaragoza\",\"url\":\"https:\/\/madeinzaragoza.es\/blog\/\",\"sameAs\":[\"https:\/\/www.instagram.com\/madeinzaragoza.es\/\",\"https:\/\/www.facebook.com\/madeinzaragoza.es\/\",\"https:\/\/twitter.com\/madeinzaragoza\"],\"logo\":{\"@type\":\"ImageObject\",\"inLanguage\":\"es\",\"@id\":\"https:\/\/madeinzaragoza.es\/blog\/#\/schema\/logo\/image\/\",\"url\":\"https:\/\/madeinzaragoza.es\/blog\/wp-content\/uploads\/2022\/05\/logo.png\",\"contentUrl\":\"https:\/\/madeinzaragoza.es\/blog\/wp-content\/uploads\/2022\/05\/logo.png\",\"width\":193,\"height\":176,\"caption\":\"Made In Zaragoza\"},\"image\":{\"@id\":\"https:\/\/madeinzaragoza.es\/blog\/#\/schema\/logo\/image\/\"}},{\"@type\":\"Person\",\"@id\":\"https:\/\/madeinzaragoza.es\/blog\/#\/schema\/person\/9a0b249cbeeadd393f2fe8a350f05bae\",\"name\":\"Nagore Delgado\",\"image\":{\"@type\":\"ImageObject\",\"inLanguage\":\"es\",\"@id\":\"https:\/\/madeinzaragoza.es\/blog\/#\/schema\/person\/image\/\",\"url\":\"https:\/\/secure.gravatar.com\/avatar\/e938711838316a554100b9066f648c31?s=96&d=mm&r=g\",\"contentUrl\":\"https:\/\/secure.gravatar.com\/avatar\/e938711838316a554100b9066f648c31?s=96&d=mm&r=g\",\"caption\":\"Nagore Delgado\"},\"description\":\"Amante de la creatividad y de los proyectos con mucha alma. Mezclo mis dos pasiones, la fotograf\u00eda con el Marketing Digital. Creo y gestiono contenido y estrategias para las RRSS y blogs, a la vez que hago mis pinitos en el mundo del Dise\u00f1o Gr\u00e1fico. Imprescindible la comunicaci\u00f3n, en todas sus formas, pero siempre clara y transparente \u00a1Nos vemos en las redes!\",\"url\":\"https:\/\/madeinzaragoza.es\/blog\/author\/nagoredelgado\/\"}]}<\/script>\n<!-- \/ Yoast SEO plugin. -->","yoast_head_json":{"title":"Cuericos cierra su paso por la d\u00e9cima edici\u00f3n del MIZ-Lab con nuevos caminos por explorar - Made in Zaragoza","robots":{"index":"index","follow":"follow","max-snippet":"max-snippet:-1","max-image-preview":"max-image-preview:large","max-video-preview":"max-video-preview:-1"},"canonical":"https:\/\/madeinzaragoza.es\/blog\/cuericos-cierra-su-paso-por-la-decima-edicion-del-miz-lab-con-nuevos-caminos-por-explorar\/","og_locale":"es_ES","og_type":"article","og_title":"Cuericos cierra su paso por la d\u00e9cima edici\u00f3n del MIZ-Lab con nuevos caminos por explorar - Made in Zaragoza","og_description":"Durante estos \u00faltimos meses os hemos contado el proceso de Cuericos, dentro de la d\u00e9cima edici\u00f3n del MIZ-Lab, el programa de acompa\u00f1amiento para comercios creativos impulsado por Made in Zaragoza. Ahora que el programa llega a su fin, toca hacer balance. Porque m\u00e1s all\u00e1 de las mentor\u00edas o las sesiones de trabajo, MIZ-Lab es, sobre &hellip; Continuar leyendo \"Cuericos cierra su paso por la d\u00e9cima edici\u00f3n del MIZ-Lab con nuevos caminos por explorar\"","og_url":"https:\/\/madeinzaragoza.es\/blog\/cuericos-cierra-su-paso-por-la-decima-edicion-del-miz-lab-con-nuevos-caminos-por-explorar\/","og_site_name":"Made in Zaragoza","article_publisher":"https:\/\/www.facebook.com\/madeinzaragoza.es\/","article_published_time":"2026-03-20T08:21:00+00:00","article_modified_time":"2026-03-20T08:21:01+00:00","og_image":[{"width":1024,"height":768,"url":"https:\/\/madeinzaragoza.es\/blog\/wp-content\/uploads\/2026\/03\/Cuericos-Miz-Lab_1-1024x768.png","type":"image\/png"}],"author":"Nagore Delgado","twitter_card":"summary","twitter_creator":"@madeinzaragoza","twitter_site":"@madeinzaragoza","twitter_misc":{"Escrito por":"Nagore Delgado","Tiempo de lectura":"3 minutos"},"schema":{"@context":"https:\/\/schema.org","@graph":[{"@type":"Article","@id":"https:\/\/madeinzaragoza.es\/blog\/cuericos-cierra-su-paso-por-la-decima-edicion-del-miz-lab-con-nuevos-caminos-por-explorar\/#article","isPartOf":{"@id":"https:\/\/madeinzaragoza.es\/blog\/cuericos-cierra-su-paso-por-la-decima-edicion-del-miz-lab-con-nuevos-caminos-por-explorar\/"},"author":{"name":"Nagore Delgado","@id":"https:\/\/madeinzaragoza.es\/blog\/#\/schema\/person\/9a0b249cbeeadd393f2fe8a350f05bae"},"headline":"Cuericos cierra su paso por la d\u00e9cima edici\u00f3n del MIZ-Lab con nuevos caminos por explorar","datePublished":"2026-03-20T08:21:00+00:00","dateModified":"2026-03-20T08:21:01+00:00","mainEntityOfPage":{"@id":"https:\/\/madeinzaragoza.es\/blog\/cuericos-cierra-su-paso-por-la-decima-edicion-del-miz-lab-con-nuevos-caminos-por-explorar\/"},"wordCount":678,"commentCount":0,"publisher":{"@id":"https:\/\/madeinzaragoza.es\/blog\/#organization"},"keywords":["emprendedores","laboratorio de innovaci\u00f3n comercial","MIZ-Lab 10","tiendas creativas"],"articleSection":["Econom\u00eda Creativa","MIZ-Lab","Red MIZ"],"inLanguage":"es","potentialAction":[{"@type":"CommentAction","name":"Comment","target":["https:\/\/madeinzaragoza.es\/blog\/cuericos-cierra-su-paso-por-la-decima-edicion-del-miz-lab-con-nuevos-caminos-por-explorar\/#respond"]}]},{"@type":"WebPage","@id":"https:\/\/madeinzaragoza.es\/blog\/cuericos-cierra-su-paso-por-la-decima-edicion-del-miz-lab-con-nuevos-caminos-por-explorar\/","url":"https:\/\/madeinzaragoza.es\/blog\/cuericos-cierra-su-paso-por-la-decima-edicion-del-miz-lab-con-nuevos-caminos-por-explorar\/","name":"Cuericos cierra su paso por la d\u00e9cima edici\u00f3n del MIZ-Lab con nuevos caminos por explorar - Made in Zaragoza","isPartOf":{"@id":"https:\/\/madeinzaragoza.es\/blog\/#website"},"datePublished":"2026-03-20T08:21:00+00:00","dateModified":"2026-03-20T08:21:01+00:00","breadcrumb":{"@id":"https:\/\/madeinzaragoza.es\/blog\/cuericos-cierra-su-paso-por-la-decima-edicion-del-miz-lab-con-nuevos-caminos-por-explorar\/#breadcrumb"},"inLanguage":"es","potentialAction":[{"@type":"ReadAction","target":["https:\/\/madeinzaragoza.es\/blog\/cuericos-cierra-su-paso-por-la-decima-edicion-del-miz-lab-con-nuevos-caminos-por-explorar\/"]}]},{"@type":"BreadcrumbList","@id":"https:\/\/madeinzaragoza.es\/blog\/cuericos-cierra-su-paso-por-la-decima-edicion-del-miz-lab-con-nuevos-caminos-por-explorar\/#breadcrumb","itemListElement":[{"@type":"ListItem","position":1,"name":"Portada","item":"https:\/\/madeinzaragoza.es\/blog\/"},{"@type":"ListItem","position":2,"name":"Cuericos cierra su paso por la d\u00e9cima edici\u00f3n del MIZ-Lab con nuevos caminos por explorar"}]},{"@type":"WebSite","@id":"https:\/\/madeinzaragoza.es\/blog\/#website","url":"https:\/\/madeinzaragoza.es\/blog\/","name":"Made in Zaragoza","description":"Blog de MadeinZGZ, Red de Econom\u00eda Creativa de Zaragoza","publisher":{"@id":"https:\/\/madeinzaragoza.es\/blog\/#organization"},"potentialAction":[{"@type":"SearchAction","target":{"@type":"EntryPoint","urlTemplate":"https:\/\/madeinzaragoza.es\/blog\/?s={search_term_string}"},"query-input":"required name=search_term_string"}],"inLanguage":"es"},{"@type":"Organization","@id":"https:\/\/madeinzaragoza.es\/blog\/#organization","name":"Made In Zaragoza","url":"https:\/\/madeinzaragoza.es\/blog\/","sameAs":["https:\/\/www.instagram.com\/madeinzaragoza.es\/","https:\/\/www.facebook.com\/madeinzaragoza.es\/","https:\/\/twitter.com\/madeinzaragoza"],"logo":{"@type":"ImageObject","inLanguage":"es","@id":"https:\/\/madeinzaragoza.es\/blog\/#\/schema\/logo\/image\/","url":"https:\/\/madeinzaragoza.es\/blog\/wp-content\/uploads\/2022\/05\/logo.png","contentUrl":"https:\/\/madeinzaragoza.es\/blog\/wp-content\/uploads\/2022\/05\/logo.png","width":193,"height":176,"caption":"Made In Zaragoza"},"image":{"@id":"https:\/\/madeinzaragoza.es\/blog\/#\/schema\/logo\/image\/"}},{"@type":"Person","@id":"https:\/\/madeinzaragoza.es\/blog\/#\/schema\/person\/9a0b249cbeeadd393f2fe8a350f05bae","name":"Nagore Delgado","image":{"@type":"ImageObject","inLanguage":"es","@id":"https:\/\/madeinzaragoza.es\/blog\/#\/schema\/person\/image\/","url":"https:\/\/secure.gravatar.com\/avatar\/e938711838316a554100b9066f648c31?s=96&d=mm&r=g","contentUrl":"https:\/\/secure.gravatar.com\/avatar\/e938711838316a554100b9066f648c31?s=96&d=mm&r=g","caption":"Nagore Delgado"},"description":"Amante de la creatividad y de los proyectos con mucha alma. Mezclo mis dos pasiones, la fotograf\u00eda con el Marketing Digital. Creo y gestiono contenido y estrategias para las RRSS y blogs, a la vez que hago mis pinitos en el mundo del Dise\u00f1o Gr\u00e1fico. Imprescindible la comunicaci\u00f3n, en todas sus formas, pero siempre clara y transparente \u00a1Nos vemos en las redes!","url":"https:\/\/madeinzaragoza.es\/blog\/author\/nagoredelgado\/"}]}},"_links":{"self":[{"href":"https:\/\/madeinzaragoza.es\/blog\/wp-json\/wp\/v2\/posts\/45457"}],"collection":[{"href":"https:\/\/madeinzaragoza.es\/blog\/wp-json\/wp\/v2\/posts"}],"about":[{"href":"https:\/\/madeinzaragoza.es\/blog\/wp-json\/wp\/v2\/types\/post"}],"author":[{"embeddable":true,"href":"https:\/\/madeinzaragoza.es\/blog\/wp-json\/wp\/v2\/users\/84"}],"replies":[{"embeddable":true,"href":"https:\/\/madeinzaragoza.es\/blog\/wp-json\/wp\/v2\/comments?post=45457"}],"version-history":[{"count":9,"href":"https:\/\/madeinzaragoza.es\/blog\/wp-json\/wp\/v2\/posts\/45457\/revisions"}],"predecessor-version":[{"id":45479,"href":"https:\/\/madeinzaragoza.es\/blog\/wp-json\/wp\/v2\/posts\/45457\/revisions\/45479"}],"wp:featuredmedia":[{"embeddable":true,"href":"https:\/\/madeinzaragoza.es\/blog\/wp-json\/wp\/v2\/media\/45474"}],"wp:attachment":[{"href":"https:\/\/madeinzaragoza.es\/blog\/wp-json\/wp\/v2\/media?parent=45457"}],"wp:term":[{"taxonomy":"category","embeddable":true,"href":"https:\/\/madeinzaragoza.es\/blog\/wp-json\/wp\/v2\/categories?post=45457"},{"taxonomy":"post_tag","embeddable":true,"href":"https:\/\/madeinzaragoza.es\/blog\/wp-json\/wp\/v2\/tags?post=45457"}],"curies":[{"name":"wp","href":"https:\/\/api.w.org\/{rel}","templated":true}]}}