{"id":45401,"date":"2026-03-04T22:52:37","date_gmt":"2026-03-04T21:52:37","guid":{"rendered":"https:\/\/madeinzaragoza.es\/blog\/?p=45401"},"modified":"2026-03-08T23:06:20","modified_gmt":"2026-03-08T22:06:20","slug":"paseos-con-ciencia-la-madalena-zaragoza-11f","status":"publish","type":"post","link":"https:\/\/madeinzaragoza.es\/blog\/paseos-con-ciencia-la-madalena-zaragoza-11f\/","title":{"rendered":"Paseos con Ciencia: La ruta de los Escaparates11F que conquist\u00f3 La Madalena"},"content":{"rendered":"\n<p>El s\u00e1bado 14 de febrero por la ma\u00f1ana, el barrio de <strong>La Madalena<\/strong> se transform\u00f3 en un itinerario vivo de ciencia, curiosidad y mujeres que han marcado hitos en distintos campos del saber. La tercera edici\u00f3n de los <strong>Paseos con Ciencia<\/strong>, organizados por <strong>Zaragoza Activa &#8211; Made in Zaragoza<\/strong> dentro de la iniciativa <a href=\"https:\/\/madeinzaragoza.es\/blog\/escaparates11f\/\">#Escaparates11F<\/a>, llen\u00f3 de p\u00fablico las calles de uno de los barrios m\u00e1s emblem\u00e1ticos de la ciudad, en una ruta guiada que mostr\u00f3 c\u00f3mo el conocimiento puede aparecer en un escaparate, en una conversaci\u00f3n o en la historia de un negocio local.<\/p>\n\n\n\n<p><\/p>\n\n\n\n<h2 class=\"wp-block-heading\"><strong>Al Loro &#8211; Mar\u00eda Piedrafita<\/strong><\/h2>\n\n\n\n<p><\/p>\n\n\n\n<p>La ruta arranc\u00f3 a las 10.30 horas desde <strong><a href=\"https:\/\/madeinzaragoza.es\/comercio\/al-loro\/\">Al Loro<\/a><\/strong>, una tienda de dise\u00f1o independiente ubicada en la calle Casto M\u00e9ndez N\u00fa\u00f1ez. All\u00ed, la qu\u00edmica <strong>Mar\u00eda Piedrafita Monreal<\/strong> dio el pistoletazo de salida al paseo. Piedrafita, natural de Sabi\u00f1\u00e1nigo, relat\u00f3 c\u00f3mo su curiosidad por entender de qu\u00e9 est\u00e1n hechas las cosas la llev\u00f3 desde los laboratorios universitarios hasta el campo de los ensayos cl\u00ednicos, participando en proyectos de alta complejidad como terapias CART. <\/p>\n\n\n\n<p><\/p>\n\n\n\n<figure class=\"wp-block-gallery has-nested-images columns-default is-cropped wp-block-gallery-1 is-layout-flex wp-block-gallery-is-layout-flex\">\n<figure class=\"wp-block-image size-large\"><img loading=\"lazy\" decoding=\"async\" width=\"1024\" height=\"768\" data-id=\"45403\" src=\"https:\/\/madeinzaragoza.es\/blog\/wp-content\/uploads\/2026\/03\/paseos-cientificas-Al-loro-1024x768.jpeg\" alt=\"\" class=\"wp-image-45403\" srcset=\"https:\/\/madeinzaragoza.es\/blog\/wp-content\/uploads\/2026\/03\/paseos-cientificas-Al-loro-1024x768.jpeg 1024w, https:\/\/madeinzaragoza.es\/blog\/wp-content\/uploads\/2026\/03\/paseos-cientificas-Al-loro-450x338.jpeg 450w, https:\/\/madeinzaragoza.es\/blog\/wp-content\/uploads\/2026\/03\/paseos-cientificas-Al-loro-768x576.jpeg 768w, https:\/\/madeinzaragoza.es\/blog\/wp-content\/uploads\/2026\/03\/paseos-cientificas-Al-loro-1536x1152.jpeg 1536w, https:\/\/madeinzaragoza.es\/blog\/wp-content\/uploads\/2026\/03\/paseos-cientificas-Al-loro-1200x900.jpeg 1200w, https:\/\/madeinzaragoza.es\/blog\/wp-content\/uploads\/2026\/03\/paseos-cientificas-Al-loro.jpeg 2000w\" sizes=\"(max-width: 709px) 85vw, (max-width: 909px) 67vw, (max-width: 1362px) 62vw, 840px\" \/><\/figure>\n\n\n\n<figure class=\"wp-block-image size-large\"><img loading=\"lazy\" decoding=\"async\" width=\"768\" height=\"1024\" data-id=\"45402\" src=\"https:\/\/madeinzaragoza.es\/blog\/wp-content\/uploads\/2026\/03\/paseos-cientificas-Al-loro2-768x1024.jpeg\" alt=\"\" class=\"wp-image-45402\" srcset=\"https:\/\/madeinzaragoza.es\/blog\/wp-content\/uploads\/2026\/03\/paseos-cientificas-Al-loro2-768x1024.jpeg 768w, https:\/\/madeinzaragoza.es\/blog\/wp-content\/uploads\/2026\/03\/paseos-cientificas-Al-loro2-338x450.jpeg 338w, https:\/\/madeinzaragoza.es\/blog\/wp-content\/uploads\/2026\/03\/paseos-cientificas-Al-loro2-1152x1536.jpeg 1152w, https:\/\/madeinzaragoza.es\/blog\/wp-content\/uploads\/2026\/03\/paseos-cientificas-Al-loro2-1200x1600.jpeg 1200w, https:\/\/madeinzaragoza.es\/blog\/wp-content\/uploads\/2026\/03\/paseos-cientificas-Al-loro2.jpeg 1500w\" sizes=\"(max-width: 709px) 85vw, (max-width: 909px) 67vw, (max-width: 984px) 61vw, (max-width: 1362px) 45vw, 600px\" \/><\/figure>\n<\/figure>\n\n\n\n<p><\/p>\n\n\n\n<h2 class=\"wp-block-heading\"><\/h2>\n\n\n\n<h2 class=\"wp-block-heading\"><strong>WEARMINT SHOP \u2013 Graciela Gil Romera<\/strong><\/h2>\n\n\n\n<p><\/p>\n\n\n\n<p>M\u00e1s adelante, en <strong><a href=\"https:\/\/madeinzaragoza.es\/comercio\/wearmint-shop\/\">WEARMINT SHOP<\/a><\/strong>, una boutique con complementos de moda de dise\u00f1o propio, la ruta dio visibilidad a <strong>Graciela Gil Romera<\/strong>, una destacada cient\u00edfica e investigadora del Instituto Pirenaico de Ecolog\u00eda del CSIC en Zaragoza. Su escaparate invit\u00f3 a detenerse y reflexionar sobre el Cambio Global y la din\u00e1mica ecol\u00f3gica a escalas temporales largas, con especial \u00e9nfasis en c\u00f3mo la vegetaci\u00f3n ha respondido a cambios ambientales pasados y recientes.<\/p>\n\n\n\n<p><\/p>\n\n\n\n<figure class=\"wp-block-gallery has-nested-images columns-default is-cropped wp-block-gallery-2 is-layout-flex wp-block-gallery-is-layout-flex\">\n<figure class=\"wp-block-image size-large\"><img loading=\"lazy\" decoding=\"async\" width=\"1024\" height=\"768\" data-id=\"45406\" src=\"https:\/\/madeinzaragoza.es\/blog\/wp-content\/uploads\/2026\/03\/paseos-cientificas-wearemint-1024x768.jpeg\" alt=\"\" class=\"wp-image-45406\" srcset=\"https:\/\/madeinzaragoza.es\/blog\/wp-content\/uploads\/2026\/03\/paseos-cientificas-wearemint-1024x768.jpeg 1024w, https:\/\/madeinzaragoza.es\/blog\/wp-content\/uploads\/2026\/03\/paseos-cientificas-wearemint-450x338.jpeg 450w, https:\/\/madeinzaragoza.es\/blog\/wp-content\/uploads\/2026\/03\/paseos-cientificas-wearemint-768x576.jpeg 768w, https:\/\/madeinzaragoza.es\/blog\/wp-content\/uploads\/2026\/03\/paseos-cientificas-wearemint-1536x1152.jpeg 1536w, https:\/\/madeinzaragoza.es\/blog\/wp-content\/uploads\/2026\/03\/paseos-cientificas-wearemint-1200x900.jpeg 1200w, https:\/\/madeinzaragoza.es\/blog\/wp-content\/uploads\/2026\/03\/paseos-cientificas-wearemint.jpeg 2000w\" sizes=\"(max-width: 709px) 85vw, (max-width: 909px) 67vw, (max-width: 1362px) 62vw, 840px\" \/><\/figure>\n\n\n\n<figure class=\"wp-block-image size-large\"><img loading=\"lazy\" decoding=\"async\" width=\"768\" height=\"1024\" data-id=\"45407\" src=\"https:\/\/madeinzaragoza.es\/blog\/wp-content\/uploads\/2026\/03\/paseos-cientificas-wearemint2-768x1024.jpeg\" alt=\"\" class=\"wp-image-45407\" srcset=\"https:\/\/madeinzaragoza.es\/blog\/wp-content\/uploads\/2026\/03\/paseos-cientificas-wearemint2-768x1024.jpeg 768w, https:\/\/madeinzaragoza.es\/blog\/wp-content\/uploads\/2026\/03\/paseos-cientificas-wearemint2-338x450.jpeg 338w, https:\/\/madeinzaragoza.es\/blog\/wp-content\/uploads\/2026\/03\/paseos-cientificas-wearemint2-1152x1536.jpeg 1152w, https:\/\/madeinzaragoza.es\/blog\/wp-content\/uploads\/2026\/03\/paseos-cientificas-wearemint2-1200x1600.jpeg 1200w, https:\/\/madeinzaragoza.es\/blog\/wp-content\/uploads\/2026\/03\/paseos-cientificas-wearemint2.jpeg 1500w\" sizes=\"(max-width: 709px) 85vw, (max-width: 909px) 67vw, (max-width: 984px) 61vw, (max-width: 1362px) 45vw, 600px\" \/><\/figure>\n<\/figure>\n\n\n\n<p><\/p>\n\n\n\n<h2 class=\"wp-block-heading\"><strong>ESENZIA &#8211; Manuela Delgado<\/strong><\/h2>\n\n\n\n<p><\/p>\n\n\n\n<p>A pocos metros, en <strong><a href=\"https:\/\/madeinzaragoza.es\/comercio\/esenzia\/\">ESENZIA<\/a><\/strong>, un espacio que mezcla moda y estilo con propuestas culturales, rindi\u00f3 homenaje en su escaparate a la ingeniera <strong>Manuela Delgado<\/strong>. All\u00ed se present\u00f3 su trayectoria, marcada por la ingenier\u00eda industrial y proyectos tecnol\u00f3gicos pioneros, incluyendo su proyecto <strong>\u201cEl curioso caso del sesgo de la croqueta\u201d<\/strong>, que une creatividad, ciencia y divulgaci\u00f3n. <\/p>\n\n\n\n<p><\/p>\n\n\n\n<figure class=\"wp-block-gallery has-nested-images columns-default is-cropped wp-block-gallery-3 is-layout-flex wp-block-gallery-is-layout-flex\">\n<figure class=\"wp-block-image size-large\"><img loading=\"lazy\" decoding=\"async\" width=\"768\" height=\"1024\" data-id=\"45404\" src=\"https:\/\/madeinzaragoza.es\/blog\/wp-content\/uploads\/2026\/03\/paseos-cientificas-Esenzia-768x1024.jpeg\" alt=\"\" class=\"wp-image-45404\" srcset=\"https:\/\/madeinzaragoza.es\/blog\/wp-content\/uploads\/2026\/03\/paseos-cientificas-Esenzia-768x1024.jpeg 768w, https:\/\/madeinzaragoza.es\/blog\/wp-content\/uploads\/2026\/03\/paseos-cientificas-Esenzia-338x450.jpeg 338w, https:\/\/madeinzaragoza.es\/blog\/wp-content\/uploads\/2026\/03\/paseos-cientificas-Esenzia-1152x1536.jpeg 1152w, https:\/\/madeinzaragoza.es\/blog\/wp-content\/uploads\/2026\/03\/paseos-cientificas-Esenzia-1200x1600.jpeg 1200w, https:\/\/madeinzaragoza.es\/blog\/wp-content\/uploads\/2026\/03\/paseos-cientificas-Esenzia.jpeg 1500w\" sizes=\"(max-width: 709px) 85vw, (max-width: 909px) 67vw, (max-width: 984px) 61vw, (max-width: 1362px) 45vw, 600px\" \/><\/figure>\n\n\n\n<figure class=\"wp-block-image size-large\"><img loading=\"lazy\" decoding=\"async\" width=\"1024\" height=\"768\" data-id=\"45405\" src=\"https:\/\/madeinzaragoza.es\/blog\/wp-content\/uploads\/2026\/03\/paseos-cientificas-Esenzia2-1024x768.jpeg\" alt=\"\" class=\"wp-image-45405\" srcset=\"https:\/\/madeinzaragoza.es\/blog\/wp-content\/uploads\/2026\/03\/paseos-cientificas-Esenzia2-1024x768.jpeg 1024w, https:\/\/madeinzaragoza.es\/blog\/wp-content\/uploads\/2026\/03\/paseos-cientificas-Esenzia2-450x338.jpeg 450w, https:\/\/madeinzaragoza.es\/blog\/wp-content\/uploads\/2026\/03\/paseos-cientificas-Esenzia2-768x576.jpeg 768w, https:\/\/madeinzaragoza.es\/blog\/wp-content\/uploads\/2026\/03\/paseos-cientificas-Esenzia2-1536x1152.jpeg 1536w, https:\/\/madeinzaragoza.es\/blog\/wp-content\/uploads\/2026\/03\/paseos-cientificas-Esenzia2-1200x900.jpeg 1200w, https:\/\/madeinzaragoza.es\/blog\/wp-content\/uploads\/2026\/03\/paseos-cientificas-Esenzia2.jpeg 2000w\" sizes=\"(max-width: 709px) 85vw, (max-width: 909px) 67vw, (max-width: 1362px) 62vw, 840px\" \/><\/figure>\n<\/figure>\n\n\n\n<p><\/p>\n\n\n\n<h2 class=\"wp-block-heading\"><strong>IRONIC URBANWEAR y JUEVES SHOP \u2013 Susana Paricio Jarque<\/strong><\/h2>\n\n\n\n<p><\/p>\n\n\n\n<p>Continuamos la ruta en <strong><a href=\"https:\/\/madeinzaragoza.es\/comercio\/jueves-shop\/\"><strong>Jueves Shop<\/strong><\/a><\/strong>, un espacio entre el Casco Hist\u00f3rico y la Madalena en el que el p\u00fablico y los artistas se dan la mano para crear comunidad en torno a la artesan\u00eda y el dise\u00f1o. All\u00ed est\u00e1 presente el atelier de <strong><a href=\"https:\/\/madeinzaragoza.es\/comercio\/ironic-urbanwear\/\">IRONIC URBANWEAR<\/a><\/strong> con su moda \u00e9tica, artesana y \u00abpara todes\u00bb. <\/p>\n\n\n\n<p><\/p>\n\n\n\n<figure class=\"wp-block-gallery has-nested-images columns-default is-cropped wp-block-gallery-4 is-layout-flex wp-block-gallery-is-layout-flex\">\n<figure class=\"wp-block-image size-large\"><img loading=\"lazy\" decoding=\"async\" width=\"768\" height=\"1024\" data-id=\"45415\" src=\"https:\/\/madeinzaragoza.es\/blog\/wp-content\/uploads\/2026\/03\/paseos-cientificas-Ironic-768x1024.jpeg\" alt=\"\" class=\"wp-image-45415\" srcset=\"https:\/\/madeinzaragoza.es\/blog\/wp-content\/uploads\/2026\/03\/paseos-cientificas-Ironic-768x1024.jpeg 768w, https:\/\/madeinzaragoza.es\/blog\/wp-content\/uploads\/2026\/03\/paseos-cientificas-Ironic-338x450.jpeg 338w, https:\/\/madeinzaragoza.es\/blog\/wp-content\/uploads\/2026\/03\/paseos-cientificas-Ironic-1152x1536.jpeg 1152w, https:\/\/madeinzaragoza.es\/blog\/wp-content\/uploads\/2026\/03\/paseos-cientificas-Ironic-1200x1600.jpeg 1200w, https:\/\/madeinzaragoza.es\/blog\/wp-content\/uploads\/2026\/03\/paseos-cientificas-Ironic.jpeg 1500w\" sizes=\"(max-width: 709px) 85vw, (max-width: 909px) 67vw, (max-width: 984px) 61vw, (max-width: 1362px) 45vw, 600px\" \/><\/figure>\n\n\n\n<figure class=\"wp-block-image size-large\"><img loading=\"lazy\" decoding=\"async\" width=\"768\" height=\"1024\" data-id=\"45414\" src=\"https:\/\/madeinzaragoza.es\/blog\/wp-content\/uploads\/2026\/03\/paseos-cientificas-Ironic2-768x1024.jpeg\" alt=\"\" class=\"wp-image-45414\" srcset=\"https:\/\/madeinzaragoza.es\/blog\/wp-content\/uploads\/2026\/03\/paseos-cientificas-Ironic2-768x1024.jpeg 768w, https:\/\/madeinzaragoza.es\/blog\/wp-content\/uploads\/2026\/03\/paseos-cientificas-Ironic2-338x450.jpeg 338w, https:\/\/madeinzaragoza.es\/blog\/wp-content\/uploads\/2026\/03\/paseos-cientificas-Ironic2-1152x1536.jpeg 1152w, https:\/\/madeinzaragoza.es\/blog\/wp-content\/uploads\/2026\/03\/paseos-cientificas-Ironic2-1200x1600.jpeg 1200w, https:\/\/madeinzaragoza.es\/blog\/wp-content\/uploads\/2026\/03\/paseos-cientificas-Ironic2.jpeg 1500w\" sizes=\"(max-width: 709px) 85vw, (max-width: 909px) 67vw, (max-width: 984px) 61vw, (max-width: 1362px) 45vw, 600px\" \/><\/figure>\n<\/figure>\n\n\n\n<p><\/p>\n\n\n\n<p>Frente a su escaparate, nos detuvimos para conocer la historia de <strong>Susana Paricio Jarque<\/strong>. Esta ingeniera inform\u00e1tica zaragozana desarrolla tecnolog\u00eda para mejorar algo tan vital como la atenci\u00f3n sanitaria. Su trayectoria no solo rompe estereotipos, sino que reivindica el papel de las mujeres en sectores clave para nuestro bienestar.<\/p>\n\n\n\n<p><\/p>\n\n\n\n<blockquote class=\"instagram-media\" data-instgrm-permalink=\"https:\/\/www.instagram.com\/reel\/DUShuTGDTqH\/?utm_source=ig_embed&amp;utm_campaign=loading\" data-instgrm-version=\"14\" style=\" background:#FFF; border:0; border-radius:3px; box-shadow:0 0 1px 0 rgba(0,0,0,0.5),0 1px 10px 0 rgba(0,0,0,0.15); margin: 1px; max-width:540px; min-width:326px; padding:0; width:99.375%; width:-webkit-calc(100% - 2px); width:calc(100% - 2px);\"><div style=\"padding:16px;\"> <a href=\"https:\/\/www.instagram.com\/reel\/DUShuTGDTqH\/?utm_source=ig_embed&amp;utm_campaign=loading\" style=\" background:#FFFFFF; line-height:0; padding:0 0; text-align:center; text-decoration:none; width:100%;\" target=\"_blank\" rel=\"noopener\"> <div style=\" display: flex; flex-direction: row; align-items: center;\"> <div style=\"background-color: #F4F4F4; border-radius: 50%; flex-grow: 0; height: 40px; margin-right: 14px; width: 40px;\"><\/div> <div style=\"display: flex; flex-direction: column; flex-grow: 1; justify-content: center;\"> <div style=\" background-color: #F4F4F4; border-radius: 4px; flex-grow: 0; height: 14px; margin-bottom: 6px; width: 100px;\"><\/div> <div style=\" background-color: #F4F4F4; border-radius: 4px; flex-grow: 0; height: 14px; width: 60px;\"><\/div><\/div><\/div><div style=\"padding: 19% 0;\"><\/div> <div style=\"display:block; height:50px; margin:0 auto 12px; width:50px;\"><svg width=\"50px\" height=\"50px\" viewBox=\"0 0 60 60\" version=\"1.1\" xmlns=\"https:\/\/www.w3.org\/2000\/svg\" xmlns:xlink=\"https:\/\/www.w3.org\/1999\/xlink\"><g stroke=\"none\" stroke-width=\"1\" fill=\"none\" fill-rule=\"evenodd\"><g transform=\"translate(-511.000000, -20.000000)\" fill=\"#000000\"><g><path d=\"M556.869,30.41 C554.814,30.41 553.148,32.076 553.148,34.131 C553.148,36.186 554.814,37.852 556.869,37.852 C558.924,37.852 560.59,36.186 560.59,34.131 C560.59,32.076 558.924,30.41 556.869,30.41 M541,60.657 C535.114,60.657 530.342,55.887 530.342,50 C530.342,44.114 535.114,39.342 541,39.342 C546.887,39.342 551.658,44.114 551.658,50 C551.658,55.887 546.887,60.657 541,60.657 M541,33.886 C532.1,33.886 524.886,41.1 524.886,50 C524.886,58.899 532.1,66.113 541,66.113 C549.9,66.113 557.115,58.899 557.115,50 C557.115,41.1 549.9,33.886 541,33.886 M565.378,62.101 C565.244,65.022 564.756,66.606 564.346,67.663 C563.803,69.06 563.154,70.057 562.106,71.106 C561.058,72.155 560.06,72.803 558.662,73.347 C557.607,73.757 556.021,74.244 553.102,74.378 C549.944,74.521 548.997,74.552 541,74.552 C533.003,74.552 532.056,74.521 528.898,74.378 C525.979,74.244 524.393,73.757 523.338,73.347 C521.94,72.803 520.942,72.155 519.894,71.106 C518.846,70.057 518.197,69.06 517.654,67.663 C517.244,66.606 516.755,65.022 516.623,62.101 C516.479,58.943 516.448,57.996 516.448,50 C516.448,42.003 516.479,41.056 516.623,37.899 C516.755,34.978 517.244,33.391 517.654,32.338 C518.197,30.938 518.846,29.942 519.894,28.894 C520.942,27.846 521.94,27.196 523.338,26.654 C524.393,26.244 525.979,25.756 528.898,25.623 C532.057,25.479 533.004,25.448 541,25.448 C548.997,25.448 549.943,25.479 553.102,25.623 C556.021,25.756 557.607,26.244 558.662,26.654 C560.06,27.196 561.058,27.846 562.106,28.894 C563.154,29.942 563.803,30.938 564.346,32.338 C564.756,33.391 565.244,34.978 565.378,37.899 C565.522,41.056 565.552,42.003 565.552,50 C565.552,57.996 565.522,58.943 565.378,62.101 M570.82,37.631 C570.674,34.438 570.167,32.258 569.425,30.349 C568.659,28.377 567.633,26.702 565.965,25.035 C564.297,23.368 562.623,22.342 560.652,21.575 C558.743,20.834 556.562,20.326 553.369,20.18 C550.169,20.033 549.148,20 541,20 C532.853,20 531.831,20.033 528.631,20.18 C525.438,20.326 523.257,20.834 521.349,21.575 C519.376,22.342 517.703,23.368 516.035,25.035 C514.368,26.702 513.342,28.377 512.574,30.349 C511.834,32.258 511.326,34.438 511.181,37.631 C511.035,40.831 511,41.851 511,50 C511,58.147 511.035,59.17 511.181,62.369 C511.326,65.562 511.834,67.743 512.574,69.651 C513.342,71.625 514.368,73.296 516.035,74.965 C517.703,76.634 519.376,77.658 521.349,78.425 C523.257,79.167 525.438,79.673 528.631,79.82 C531.831,79.965 532.853,80.001 541,80.001 C549.148,80.001 550.169,79.965 553.369,79.82 C556.562,79.673 558.743,79.167 560.652,78.425 C562.623,77.658 564.297,76.634 565.965,74.965 C567.633,73.296 568.659,71.625 569.425,69.651 C570.167,67.743 570.674,65.562 570.82,62.369 C570.966,59.17 571,58.147 571,50 C571,41.851 570.966,40.831 570.82,37.631\"><\/path><\/g><\/g><\/g><\/svg><\/div><div style=\"padding-top: 8px;\"> <div style=\" color:#3897f0; font-family:Arial,sans-serif; font-size:14px; font-style:normal; font-weight:550; line-height:18px;\">View this post on Instagram<\/div><\/div><div style=\"padding: 12.5% 0;\"><\/div> <div style=\"display: flex; flex-direction: row; margin-bottom: 14px; align-items: center;\"><div> <div style=\"background-color: #F4F4F4; border-radius: 50%; height: 12.5px; width: 12.5px; transform: translateX(0px) translateY(7px);\"><\/div> <div style=\"background-color: #F4F4F4; height: 12.5px; transform: rotate(-45deg) translateX(3px) translateY(1px); width: 12.5px; flex-grow: 0; margin-right: 14px; margin-left: 2px;\"><\/div> <div style=\"background-color: #F4F4F4; border-radius: 50%; height: 12.5px; width: 12.5px; transform: translateX(9px) translateY(-18px);\"><\/div><\/div><div style=\"margin-left: 8px;\"> <div style=\" background-color: #F4F4F4; border-radius: 50%; flex-grow: 0; height: 20px; width: 20px;\"><\/div> <div style=\" width: 0; height: 0; border-top: 2px solid transparent; border-left: 6px solid #f4f4f4; border-bottom: 2px solid transparent; transform: translateX(16px) translateY(-4px) rotate(30deg)\"><\/div><\/div><div style=\"margin-left: auto;\"> <div style=\" width: 0px; border-top: 8px solid #F4F4F4; border-right: 8px solid transparent; transform: translateY(16px);\"><\/div> <div style=\" background-color: #F4F4F4; flex-grow: 0; height: 12px; width: 16px; transform: translateY(-4px);\"><\/div> <div style=\" width: 0; height: 0; border-top: 8px solid #F4F4F4; border-left: 8px solid transparent; transform: translateY(-4px) translateX(8px);\"><\/div><\/div><\/div> <div style=\"display: flex; flex-direction: column; flex-grow: 1; justify-content: center; margin-bottom: 24px;\"> <div style=\" background-color: #F4F4F4; border-radius: 4px; flex-grow: 0; height: 14px; margin-bottom: 6px; width: 224px;\"><\/div> <div style=\" background-color: #F4F4F4; border-radius: 4px; flex-grow: 0; height: 14px; width: 144px;\"><\/div><\/div><\/a><p style=\" color:#c9c8cd; font-family:Arial,sans-serif; font-size:14px; line-height:17px; margin-bottom:0; margin-top:8px; overflow:hidden; padding:8px 0 7px; text-align:center; text-overflow:ellipsis; white-space:nowrap;\"><a href=\"https:\/\/www.instagram.com\/reel\/DUShuTGDTqH\/?utm_source=ig_embed&amp;utm_campaign=loading\" style=\" color:#c9c8cd; font-family:Arial,sans-serif; font-size:14px; font-style:normal; font-weight:normal; line-height:17px; text-decoration:none;\" target=\"_blank\" rel=\"noopener\">A post shared by Jueves Shop | Tienda creativa (@juevesshop)<\/a><\/p><\/div><\/blockquote>\n<script async src=\"\/\/www.instagram.com\/embed.js\"><\/script>\n\n\n\n<p><\/p>\n\n\n\n<h2 class=\"wp-block-heading\"><strong>La Cicler\u00eda \u2013 Ana Moreno Caballud<\/strong><\/h2>\n\n\n\n<p><\/p>\n\n\n\n<p>El paseo sigui\u00f3 por la calle San Vicente de Pa\u00fal hasta <strong><a href=\"https:\/\/madeinzaragoza.es\/comercio\/la-cicleria\/\">La Cicler\u00eda<\/a><\/strong>, tienda y taller de bicicletas donde la ge\u00f3loga <strong>Ana Moreno Caballud<\/strong> se convirti\u00f3 en la protagonista. Ana investiga los cambios clim\u00e1ticos del pasado para entender mejor los retos actuales, habl\u00f3 de su trabajo con estalagmitas y de la importancia de movernos hacia una sociedad m\u00e1s sostenible. La elecci\u00f3n de este establecimiento no fue casual: all\u00ed, entre bicicletas y componentes, su mensaje sobre h\u00e1bitos saludables y cambio clim\u00e1tico encaj\u00f3 con la filosof\u00eda del local, que promueve un estilo de vida activo en sinton\u00eda con el entorno urbano.<\/p>\n\n\n\n<p><\/p>\n\n\n\n<figure class=\"wp-block-gallery has-nested-images columns-default is-cropped wp-block-gallery-5 is-layout-flex wp-block-gallery-is-layout-flex\">\n<figure class=\"wp-block-image size-large\"><img loading=\"lazy\" decoding=\"async\" width=\"768\" height=\"1024\" data-id=\"45410\" src=\"https:\/\/madeinzaragoza.es\/blog\/wp-content\/uploads\/2026\/03\/paseos-cientificas-cicleria2-1-768x1024.jpeg\" alt=\"\" class=\"wp-image-45410\" srcset=\"https:\/\/madeinzaragoza.es\/blog\/wp-content\/uploads\/2026\/03\/paseos-cientificas-cicleria2-1-768x1024.jpeg 768w, https:\/\/madeinzaragoza.es\/blog\/wp-content\/uploads\/2026\/03\/paseos-cientificas-cicleria2-1-338x450.jpeg 338w, https:\/\/madeinzaragoza.es\/blog\/wp-content\/uploads\/2026\/03\/paseos-cientificas-cicleria2-1-1152x1536.jpeg 1152w, https:\/\/madeinzaragoza.es\/blog\/wp-content\/uploads\/2026\/03\/paseos-cientificas-cicleria2-1-1200x1600.jpeg 1200w, https:\/\/madeinzaragoza.es\/blog\/wp-content\/uploads\/2026\/03\/paseos-cientificas-cicleria2-1.jpeg 1500w\" sizes=\"(max-width: 709px) 85vw, (max-width: 909px) 67vw, (max-width: 984px) 61vw, (max-width: 1362px) 45vw, 600px\" \/><\/figure>\n\n\n\n<figure class=\"wp-block-image size-large\"><img loading=\"lazy\" decoding=\"async\" width=\"1024\" height=\"768\" data-id=\"45411\" src=\"https:\/\/madeinzaragoza.es\/blog\/wp-content\/uploads\/2026\/03\/paseos-cientificas-cicleria3-1024x768.jpeg\" alt=\"\" class=\"wp-image-45411\" srcset=\"https:\/\/madeinzaragoza.es\/blog\/wp-content\/uploads\/2026\/03\/paseos-cientificas-cicleria3-1024x768.jpeg 1024w, https:\/\/madeinzaragoza.es\/blog\/wp-content\/uploads\/2026\/03\/paseos-cientificas-cicleria3-450x338.jpeg 450w, https:\/\/madeinzaragoza.es\/blog\/wp-content\/uploads\/2026\/03\/paseos-cientificas-cicleria3-768x576.jpeg 768w, https:\/\/madeinzaragoza.es\/blog\/wp-content\/uploads\/2026\/03\/paseos-cientificas-cicleria3-1536x1152.jpeg 1536w, https:\/\/madeinzaragoza.es\/blog\/wp-content\/uploads\/2026\/03\/paseos-cientificas-cicleria3-1200x900.jpeg 1200w, https:\/\/madeinzaragoza.es\/blog\/wp-content\/uploads\/2026\/03\/paseos-cientificas-cicleria3.jpeg 2000w\" sizes=\"(max-width: 709px) 85vw, (max-width: 909px) 67vw, (max-width: 1362px) 62vw, 840px\" \/><\/figure>\n<\/figure>\n\n\n\n<p><\/p>\n\n\n\n<h2 class=\"wp-block-heading\"><strong>BLACKLIGHT VINTAGE \u2013 Lupita Montoya<\/strong><\/h2>\n\n\n\n<p><\/p>\n\n\n\n<p>La siguiente parada fue <strong><a href=\"https:\/\/madeinzaragoza.es\/comercio\/black-light-vintage\/\">BLACKLIGHT VINTAGE<\/a><\/strong>, en la calle San\u202fLorenzo, un espacio de ropa y complementos de segunda mano. En este escaparate pudimos conocer a <strong>Lupita Montoya<\/strong>, ingeniera ambiental e investigadora que ha dedicado d\u00e9cadas a estudiar la calidad del aire y la salud en interiores, en especial en espacios como salones de manicura, donde ha analizado c\u00f3mo los compuestos qu\u00edmicos de productos cosm\u00e9ticos afectan la salud de trabajadores y comunidades expuestas.<\/p>\n\n\n\n<p><\/p>\n\n\n\n<figure class=\"wp-block-gallery has-nested-images columns-default is-cropped wp-block-gallery-6 is-layout-flex wp-block-gallery-is-layout-flex\">\n<figure class=\"wp-block-image size-large\"><img loading=\"lazy\" decoding=\"async\" width=\"768\" height=\"1024\" data-id=\"45412\" src=\"https:\/\/madeinzaragoza.es\/blog\/wp-content\/uploads\/2026\/03\/paseos-cientificas-Blacklight-768x1024.jpeg\" alt=\"\" class=\"wp-image-45412\" srcset=\"https:\/\/madeinzaragoza.es\/blog\/wp-content\/uploads\/2026\/03\/paseos-cientificas-Blacklight-768x1024.jpeg 768w, https:\/\/madeinzaragoza.es\/blog\/wp-content\/uploads\/2026\/03\/paseos-cientificas-Blacklight-338x450.jpeg 338w, https:\/\/madeinzaragoza.es\/blog\/wp-content\/uploads\/2026\/03\/paseos-cientificas-Blacklight-1152x1536.jpeg 1152w, https:\/\/madeinzaragoza.es\/blog\/wp-content\/uploads\/2026\/03\/paseos-cientificas-Blacklight-1200x1600.jpeg 1200w, https:\/\/madeinzaragoza.es\/blog\/wp-content\/uploads\/2026\/03\/paseos-cientificas-Blacklight.jpeg 1500w\" sizes=\"(max-width: 709px) 85vw, (max-width: 909px) 67vw, (max-width: 984px) 61vw, (max-width: 1362px) 45vw, 600px\" \/><\/figure>\n\n\n\n<figure class=\"wp-block-image size-large\"><img loading=\"lazy\" decoding=\"async\" width=\"768\" height=\"1024\" data-id=\"45413\" src=\"https:\/\/madeinzaragoza.es\/blog\/wp-content\/uploads\/2026\/03\/paseos-cientificas-Blacklight3-768x1024.jpeg\" alt=\"\" class=\"wp-image-45413\" srcset=\"https:\/\/madeinzaragoza.es\/blog\/wp-content\/uploads\/2026\/03\/paseos-cientificas-Blacklight3-768x1024.jpeg 768w, https:\/\/madeinzaragoza.es\/blog\/wp-content\/uploads\/2026\/03\/paseos-cientificas-Blacklight3-338x450.jpeg 338w, https:\/\/madeinzaragoza.es\/blog\/wp-content\/uploads\/2026\/03\/paseos-cientificas-Blacklight3-1152x1536.jpeg 1152w, https:\/\/madeinzaragoza.es\/blog\/wp-content\/uploads\/2026\/03\/paseos-cientificas-Blacklight3-1200x1600.jpeg 1200w, https:\/\/madeinzaragoza.es\/blog\/wp-content\/uploads\/2026\/03\/paseos-cientificas-Blacklight3.jpeg 1500w\" sizes=\"(max-width: 709px) 85vw, (max-width: 909px) 67vw, (max-width: 984px) 61vw, (max-width: 1362px) 45vw, 600px\" \/><\/figure>\n<\/figure>\n\n\n\n<p><\/p>\n\n\n\n<h2 class=\"wp-block-heading\"><\/h2>\n\n\n\n<p>Fue incre\u00edble ver c\u00f3mo, a pesar de que este Paseo con Ciencia tuviera las plazas agotadas, mucha gente se uni\u00f3 sobre la marcha. Esto nos demuestra que cuando la <strong>ciencia se cuenta con voz humana<\/strong> y sale a la calle, nos engancha a todos.<\/p>\n\n\n\n<p>Estos paseos no son solo rutas guiadas; son una invitaci\u00f3n a mirar nuestra ciudad con otros ojos. Es una forma de encontrarnos con las mujeres que hicieron historia y de entender que la ciencia tambi\u00e9n vive en los barrios y en nuestros cruces cotidianos.<\/p>\n\n\n\n<p><strong>\u00bfTe lo perdiste?<\/strong> Recuerda que puedes hacer la visita por tu cuenta y escuchar historias y testimonios en el <strong><a href=\"https:\/\/www.youtube.com\/watch?v=7ihosTTwmSw&amp;list=PLvlgnQYUgDGQfn48lpBug8KAVhQXx4Dtj\">\u00c1lbum Sonoro de las Cient\u00edficas<\/a><\/strong>. <\/p>\n\n\n\n<p><\/p>\n\n\n\n<p><\/p>\n","protected":false},"excerpt":{"rendered":"<p>El s\u00e1bado 14 de febrero por la ma\u00f1ana, el barrio de La Madalena se transform\u00f3 en un itinerario vivo de ciencia, curiosidad y mujeres que han marcado hitos en distintos campos del saber. La tercera edici\u00f3n de los Paseos con Ciencia, organizados por Zaragoza Activa &#8211; Made in Zaragoza dentro de la iniciativa #Escaparates11F, llen\u00f3 &hellip; <a href=\"https:\/\/madeinzaragoza.es\/blog\/paseos-con-ciencia-la-madalena-zaragoza-11f\/\" class=\"more-link\">Continuar leyendo<span class=\"screen-reader-text\"> \u00abPaseos con Ciencia: La ruta de los Escaparates11F que conquist\u00f3 La Madalena\u00bb<\/span><\/a><\/p>\n","protected":false},"author":3,"featured_media":45416,"comment_status":"open","ping_status":"open","sticky":false,"template":"","format":"standard","meta":{"footnotes":""},"categories":[8],"tags":[1693,2909,2245],"yoast_head":"<!-- This site is optimized with the Yoast SEO plugin v19.7.2 - https:\/\/yoast.com\/wordpress\/plugins\/seo\/ -->\n<title>Paseos con Ciencia: La ruta de los Escaparates11F que conquist\u00f3 La Madalena - Made in Zaragoza<\/title>\n<meta name=\"description\" content=\"Descubre c\u00f3mo fue la III edici\u00f3n de Paseos con Ciencia en La Madalena, Zaragoza. Una ruta por escaparates que rinde homenaje a cient\u00edficas como Mar\u00eda Piedrafita y Ana Moreno. \u00a1Conoce la ciencia que vive en nuestros barrios!\" \/>\n<meta name=\"robots\" content=\"index, follow, max-snippet:-1, max-image-preview:large, max-video-preview:-1\" \/>\n<link rel=\"canonical\" href=\"https:\/\/madeinzaragoza.es\/blog\/paseos-con-ciencia-la-madalena-zaragoza-11f\/\" \/>\n<meta property=\"og:locale\" content=\"es_ES\" \/>\n<meta property=\"og:type\" content=\"article\" \/>\n<meta property=\"og:title\" content=\"Paseos con Ciencia: La ruta de los Escaparates11F que conquist\u00f3 La Madalena - Made in Zaragoza\" \/>\n<meta property=\"og:description\" content=\"Descubre c\u00f3mo fue la III edici\u00f3n de Paseos con Ciencia en La Madalena, Zaragoza. Una ruta por escaparates que rinde homenaje a cient\u00edficas como Mar\u00eda Piedrafita y Ana Moreno. \u00a1Conoce la ciencia que vive en nuestros barrios!\" \/>\n<meta property=\"og:url\" content=\"https:\/\/madeinzaragoza.es\/blog\/paseos-con-ciencia-la-madalena-zaragoza-11f\/\" \/>\n<meta property=\"og:site_name\" content=\"Made in Zaragoza\" \/>\n<meta property=\"article:publisher\" content=\"https:\/\/www.facebook.com\/madeinzaragoza.es\/\" \/>\n<meta property=\"article:author\" content=\"misstechin\" \/>\n<meta property=\"article:published_time\" content=\"2026-03-04T21:52:37+00:00\" \/>\n<meta property=\"article:modified_time\" content=\"2026-03-08T22:06:20+00:00\" \/>\n<meta property=\"og:image\" content=\"https:\/\/madeinzaragoza.es\/blog\/wp-content\/uploads\/2026\/03\/paseos-cientificas-Blacklight2-1.jpeg\" \/>\n\t<meta property=\"og:image:width\" content=\"2000\" \/>\n\t<meta property=\"og:image:height\" content=\"1500\" \/>\n\t<meta property=\"og:image:type\" content=\"image\/jpeg\" \/>\n<meta name=\"author\" content=\"Monica Gim\u00e9nez\" \/>\n<meta name=\"twitter:card\" content=\"summary\" \/>\n<meta name=\"twitter:creator\" content=\"@misstechin\" \/>\n<meta name=\"twitter:site\" content=\"@madeinzaragoza\" \/>\n<meta name=\"twitter:label1\" content=\"Escrito por\" \/>\n\t<meta name=\"twitter:data1\" content=\"Monica Gim\u00e9nez\" \/>\n\t<meta name=\"twitter:label2\" content=\"Tiempo de lectura\" \/>\n\t<meta name=\"twitter:data2\" content=\"4 minutos\" \/>\n<script type=\"application\/ld+json\" class=\"yoast-schema-graph\">{\"@context\":\"https:\/\/schema.org\",\"@graph\":[{\"@type\":\"Article\",\"@id\":\"https:\/\/madeinzaragoza.es\/blog\/paseos-con-ciencia-la-madalena-zaragoza-11f\/#article\",\"isPartOf\":{\"@id\":\"https:\/\/madeinzaragoza.es\/blog\/paseos-con-ciencia-la-madalena-zaragoza-11f\/\"},\"author\":{\"name\":\"Monica Gim\u00e9nez\",\"@id\":\"https:\/\/madeinzaragoza.es\/blog\/#\/schema\/person\/7f474fda5b3cfb05e3d9963093971cca\"},\"headline\":\"Paseos con Ciencia: La ruta de los Escaparates11F que conquist\u00f3 La Madalena\",\"datePublished\":\"2026-03-04T21:52:37+00:00\",\"dateModified\":\"2026-03-08T22:06:20+00:00\",\"mainEntityOfPage\":{\"@id\":\"https:\/\/madeinzaragoza.es\/blog\/paseos-con-ciencia-la-madalena-zaragoza-11f\/\"},\"wordCount\":793,\"commentCount\":0,\"publisher\":{\"@id\":\"https:\/\/madeinzaragoza.es\/blog\/#organization\"},\"keywords\":[\"11 de Febrero\",\"ESCAPARATES 11F\",\"escaparates11f\"],\"articleSection\":[\"Red MIZ\"],\"inLanguage\":\"es\",\"potentialAction\":[{\"@type\":\"CommentAction\",\"name\":\"Comment\",\"target\":[\"https:\/\/madeinzaragoza.es\/blog\/paseos-con-ciencia-la-madalena-zaragoza-11f\/#respond\"]}]},{\"@type\":\"WebPage\",\"@id\":\"https:\/\/madeinzaragoza.es\/blog\/paseos-con-ciencia-la-madalena-zaragoza-11f\/\",\"url\":\"https:\/\/madeinzaragoza.es\/blog\/paseos-con-ciencia-la-madalena-zaragoza-11f\/\",\"name\":\"Paseos con Ciencia: La ruta de los Escaparates11F que conquist\u00f3 La Madalena - Made in Zaragoza\",\"isPartOf\":{\"@id\":\"https:\/\/madeinzaragoza.es\/blog\/#website\"},\"datePublished\":\"2026-03-04T21:52:37+00:00\",\"dateModified\":\"2026-03-08T22:06:20+00:00\",\"description\":\"Descubre c\u00f3mo fue la III edici\u00f3n de Paseos con Ciencia en La Madalena, Zaragoza. Una ruta por escaparates que rinde homenaje a cient\u00edficas como Mar\u00eda Piedrafita y Ana Moreno. \u00a1Conoce la ciencia que vive en nuestros barrios!\",\"breadcrumb\":{\"@id\":\"https:\/\/madeinzaragoza.es\/blog\/paseos-con-ciencia-la-madalena-zaragoza-11f\/#breadcrumb\"},\"inLanguage\":\"es\",\"potentialAction\":[{\"@type\":\"ReadAction\",\"target\":[\"https:\/\/madeinzaragoza.es\/blog\/paseos-con-ciencia-la-madalena-zaragoza-11f\/\"]}]},{\"@type\":\"BreadcrumbList\",\"@id\":\"https:\/\/madeinzaragoza.es\/blog\/paseos-con-ciencia-la-madalena-zaragoza-11f\/#breadcrumb\",\"itemListElement\":[{\"@type\":\"ListItem\",\"position\":1,\"name\":\"Portada\",\"item\":\"https:\/\/madeinzaragoza.es\/blog\/\"},{\"@type\":\"ListItem\",\"position\":2,\"name\":\"Paseos con Ciencia: La ruta de los Escaparates11F que conquist\u00f3 La Madalena\"}]},{\"@type\":\"WebSite\",\"@id\":\"https:\/\/madeinzaragoza.es\/blog\/#website\",\"url\":\"https:\/\/madeinzaragoza.es\/blog\/\",\"name\":\"Made in Zaragoza\",\"description\":\"Blog de MadeinZGZ, Red de Econom\u00eda Creativa de Zaragoza\",\"publisher\":{\"@id\":\"https:\/\/madeinzaragoza.es\/blog\/#organization\"},\"potentialAction\":[{\"@type\":\"SearchAction\",\"target\":{\"@type\":\"EntryPoint\",\"urlTemplate\":\"https:\/\/madeinzaragoza.es\/blog\/?s={search_term_string}\"},\"query-input\":\"required name=search_term_string\"}],\"inLanguage\":\"es\"},{\"@type\":\"Organization\",\"@id\":\"https:\/\/madeinzaragoza.es\/blog\/#organization\",\"name\":\"Made In Zaragoza\",\"url\":\"https:\/\/madeinzaragoza.es\/blog\/\",\"sameAs\":[\"https:\/\/www.instagram.com\/madeinzaragoza.es\/\",\"https:\/\/www.facebook.com\/madeinzaragoza.es\/\",\"https:\/\/twitter.com\/madeinzaragoza\"],\"logo\":{\"@type\":\"ImageObject\",\"inLanguage\":\"es\",\"@id\":\"https:\/\/madeinzaragoza.es\/blog\/#\/schema\/logo\/image\/\",\"url\":\"https:\/\/madeinzaragoza.es\/blog\/wp-content\/uploads\/2022\/05\/logo.png\",\"contentUrl\":\"https:\/\/madeinzaragoza.es\/blog\/wp-content\/uploads\/2022\/05\/logo.png\",\"width\":193,\"height\":176,\"caption\":\"Made In Zaragoza\"},\"image\":{\"@id\":\"https:\/\/madeinzaragoza.es\/blog\/#\/schema\/logo\/image\/\"}},{\"@type\":\"Person\",\"@id\":\"https:\/\/madeinzaragoza.es\/blog\/#\/schema\/person\/7f474fda5b3cfb05e3d9963093971cca\",\"name\":\"Monica Gim\u00e9nez\",\"image\":{\"@type\":\"ImageObject\",\"inLanguage\":\"es\",\"@id\":\"https:\/\/madeinzaragoza.es\/blog\/#\/schema\/person\/image\/\",\"url\":\"https:\/\/secure.gravatar.com\/avatar\/bdd60894f529a2929832a56d3c3eb2f2?s=96&d=mm&r=g\",\"contentUrl\":\"https:\/\/secure.gravatar.com\/avatar\/bdd60894f529a2929832a56d3c3eb2f2?s=96&d=mm&r=g\",\"caption\":\"Monica Gim\u00e9nez\"},\"description\":\"Coordinadora del blog de MadeinZaragoza. Me dedico a la comunicaci\u00f3n y al marketing online. Me gusta el teatro, leer c\u00f3mic, comer sushi y descubrir nuevos lugares con encanto en mi ciudad.\",\"sameAs\":[\"https:\/\/misstechin.com\",\"misstechin\",\"https:\/\/twitter.com\/misstechin\"],\"url\":\"https:\/\/madeinzaragoza.es\/blog\/author\/moni\/\"}]}<\/script>\n<!-- \/ Yoast SEO plugin. -->","yoast_head_json":{"title":"Paseos con Ciencia: La ruta de los Escaparates11F que conquist\u00f3 La Madalena - Made in Zaragoza","description":"Descubre c\u00f3mo fue la III edici\u00f3n de Paseos con Ciencia en La Madalena, Zaragoza. Una ruta por escaparates que rinde homenaje a cient\u00edficas como Mar\u00eda Piedrafita y Ana Moreno. \u00a1Conoce la ciencia que vive en nuestros barrios!","robots":{"index":"index","follow":"follow","max-snippet":"max-snippet:-1","max-image-preview":"max-image-preview:large","max-video-preview":"max-video-preview:-1"},"canonical":"https:\/\/madeinzaragoza.es\/blog\/paseos-con-ciencia-la-madalena-zaragoza-11f\/","og_locale":"es_ES","og_type":"article","og_title":"Paseos con Ciencia: La ruta de los Escaparates11F que conquist\u00f3 La Madalena - Made in Zaragoza","og_description":"Descubre c\u00f3mo fue la III edici\u00f3n de Paseos con Ciencia en La Madalena, Zaragoza. Una ruta por escaparates que rinde homenaje a cient\u00edficas como Mar\u00eda Piedrafita y Ana Moreno. \u00a1Conoce la ciencia que vive en nuestros barrios!","og_url":"https:\/\/madeinzaragoza.es\/blog\/paseos-con-ciencia-la-madalena-zaragoza-11f\/","og_site_name":"Made in Zaragoza","article_publisher":"https:\/\/www.facebook.com\/madeinzaragoza.es\/","article_author":"misstechin","article_published_time":"2026-03-04T21:52:37+00:00","article_modified_time":"2026-03-08T22:06:20+00:00","og_image":[{"width":2000,"height":1500,"url":"https:\/\/madeinzaragoza.es\/blog\/wp-content\/uploads\/2026\/03\/paseos-cientificas-Blacklight2-1.jpeg","type":"image\/jpeg"}],"author":"Monica Gim\u00e9nez","twitter_card":"summary","twitter_creator":"@misstechin","twitter_site":"@madeinzaragoza","twitter_misc":{"Escrito por":"Monica Gim\u00e9nez","Tiempo de lectura":"4 minutos"},"schema":{"@context":"https:\/\/schema.org","@graph":[{"@type":"Article","@id":"https:\/\/madeinzaragoza.es\/blog\/paseos-con-ciencia-la-madalena-zaragoza-11f\/#article","isPartOf":{"@id":"https:\/\/madeinzaragoza.es\/blog\/paseos-con-ciencia-la-madalena-zaragoza-11f\/"},"author":{"name":"Monica Gim\u00e9nez","@id":"https:\/\/madeinzaragoza.es\/blog\/#\/schema\/person\/7f474fda5b3cfb05e3d9963093971cca"},"headline":"Paseos con Ciencia: La ruta de los Escaparates11F que conquist\u00f3 La Madalena","datePublished":"2026-03-04T21:52:37+00:00","dateModified":"2026-03-08T22:06:20+00:00","mainEntityOfPage":{"@id":"https:\/\/madeinzaragoza.es\/blog\/paseos-con-ciencia-la-madalena-zaragoza-11f\/"},"wordCount":793,"commentCount":0,"publisher":{"@id":"https:\/\/madeinzaragoza.es\/blog\/#organization"},"keywords":["11 de Febrero","ESCAPARATES 11F","escaparates11f"],"articleSection":["Red MIZ"],"inLanguage":"es","potentialAction":[{"@type":"CommentAction","name":"Comment","target":["https:\/\/madeinzaragoza.es\/blog\/paseos-con-ciencia-la-madalena-zaragoza-11f\/#respond"]}]},{"@type":"WebPage","@id":"https:\/\/madeinzaragoza.es\/blog\/paseos-con-ciencia-la-madalena-zaragoza-11f\/","url":"https:\/\/madeinzaragoza.es\/blog\/paseos-con-ciencia-la-madalena-zaragoza-11f\/","name":"Paseos con Ciencia: La ruta de los Escaparates11F que conquist\u00f3 La Madalena - Made in Zaragoza","isPartOf":{"@id":"https:\/\/madeinzaragoza.es\/blog\/#website"},"datePublished":"2026-03-04T21:52:37+00:00","dateModified":"2026-03-08T22:06:20+00:00","description":"Descubre c\u00f3mo fue la III edici\u00f3n de Paseos con Ciencia en La Madalena, Zaragoza. Una ruta por escaparates que rinde homenaje a cient\u00edficas como Mar\u00eda Piedrafita y Ana Moreno. \u00a1Conoce la ciencia que vive en nuestros barrios!","breadcrumb":{"@id":"https:\/\/madeinzaragoza.es\/blog\/paseos-con-ciencia-la-madalena-zaragoza-11f\/#breadcrumb"},"inLanguage":"es","potentialAction":[{"@type":"ReadAction","target":["https:\/\/madeinzaragoza.es\/blog\/paseos-con-ciencia-la-madalena-zaragoza-11f\/"]}]},{"@type":"BreadcrumbList","@id":"https:\/\/madeinzaragoza.es\/blog\/paseos-con-ciencia-la-madalena-zaragoza-11f\/#breadcrumb","itemListElement":[{"@type":"ListItem","position":1,"name":"Portada","item":"https:\/\/madeinzaragoza.es\/blog\/"},{"@type":"ListItem","position":2,"name":"Paseos con Ciencia: La ruta de los Escaparates11F que conquist\u00f3 La Madalena"}]},{"@type":"WebSite","@id":"https:\/\/madeinzaragoza.es\/blog\/#website","url":"https:\/\/madeinzaragoza.es\/blog\/","name":"Made in Zaragoza","description":"Blog de MadeinZGZ, Red de Econom\u00eda Creativa de Zaragoza","publisher":{"@id":"https:\/\/madeinzaragoza.es\/blog\/#organization"},"potentialAction":[{"@type":"SearchAction","target":{"@type":"EntryPoint","urlTemplate":"https:\/\/madeinzaragoza.es\/blog\/?s={search_term_string}"},"query-input":"required name=search_term_string"}],"inLanguage":"es"},{"@type":"Organization","@id":"https:\/\/madeinzaragoza.es\/blog\/#organization","name":"Made In Zaragoza","url":"https:\/\/madeinzaragoza.es\/blog\/","sameAs":["https:\/\/www.instagram.com\/madeinzaragoza.es\/","https:\/\/www.facebook.com\/madeinzaragoza.es\/","https:\/\/twitter.com\/madeinzaragoza"],"logo":{"@type":"ImageObject","inLanguage":"es","@id":"https:\/\/madeinzaragoza.es\/blog\/#\/schema\/logo\/image\/","url":"https:\/\/madeinzaragoza.es\/blog\/wp-content\/uploads\/2022\/05\/logo.png","contentUrl":"https:\/\/madeinzaragoza.es\/blog\/wp-content\/uploads\/2022\/05\/logo.png","width":193,"height":176,"caption":"Made In Zaragoza"},"image":{"@id":"https:\/\/madeinzaragoza.es\/blog\/#\/schema\/logo\/image\/"}},{"@type":"Person","@id":"https:\/\/madeinzaragoza.es\/blog\/#\/schema\/person\/7f474fda5b3cfb05e3d9963093971cca","name":"Monica Gim\u00e9nez","image":{"@type":"ImageObject","inLanguage":"es","@id":"https:\/\/madeinzaragoza.es\/blog\/#\/schema\/person\/image\/","url":"https:\/\/secure.gravatar.com\/avatar\/bdd60894f529a2929832a56d3c3eb2f2?s=96&d=mm&r=g","contentUrl":"https:\/\/secure.gravatar.com\/avatar\/bdd60894f529a2929832a56d3c3eb2f2?s=96&d=mm&r=g","caption":"Monica Gim\u00e9nez"},"description":"Coordinadora del blog de MadeinZaragoza. Me dedico a la comunicaci\u00f3n y al marketing online. Me gusta el teatro, leer c\u00f3mic, comer sushi y descubrir nuevos lugares con encanto en mi ciudad.","sameAs":["https:\/\/misstechin.com","misstechin","https:\/\/twitter.com\/misstechin"],"url":"https:\/\/madeinzaragoza.es\/blog\/author\/moni\/"}]}},"_links":{"self":[{"href":"https:\/\/madeinzaragoza.es\/blog\/wp-json\/wp\/v2\/posts\/45401"}],"collection":[{"href":"https:\/\/madeinzaragoza.es\/blog\/wp-json\/wp\/v2\/posts"}],"about":[{"href":"https:\/\/madeinzaragoza.es\/blog\/wp-json\/wp\/v2\/types\/post"}],"author":[{"embeddable":true,"href":"https:\/\/madeinzaragoza.es\/blog\/wp-json\/wp\/v2\/users\/3"}],"replies":[{"embeddable":true,"href":"https:\/\/madeinzaragoza.es\/blog\/wp-json\/wp\/v2\/comments?post=45401"}],"version-history":[{"count":5,"href":"https:\/\/madeinzaragoza.es\/blog\/wp-json\/wp\/v2\/posts\/45401\/revisions"}],"predecessor-version":[{"id":45422,"href":"https:\/\/madeinzaragoza.es\/blog\/wp-json\/wp\/v2\/posts\/45401\/revisions\/45422"}],"wp:featuredmedia":[{"embeddable":true,"href":"https:\/\/madeinzaragoza.es\/blog\/wp-json\/wp\/v2\/media\/45416"}],"wp:attachment":[{"href":"https:\/\/madeinzaragoza.es\/blog\/wp-json\/wp\/v2\/media?parent=45401"}],"wp:term":[{"taxonomy":"category","embeddable":true,"href":"https:\/\/madeinzaragoza.es\/blog\/wp-json\/wp\/v2\/categories?post=45401"},{"taxonomy":"post_tag","embeddable":true,"href":"https:\/\/madeinzaragoza.es\/blog\/wp-json\/wp\/v2\/tags?post=45401"}],"curies":[{"name":"wp","href":"https:\/\/api.w.org\/{rel}","templated":true}]}}