{"id":45386,"date":"2026-03-10T08:47:00","date_gmt":"2026-03-10T07:47:00","guid":{"rendered":"https:\/\/madeinzaragoza.es\/blog\/?p=45386"},"modified":"2026-03-08T21:48:35","modified_gmt":"2026-03-08T20:48:35","slug":"miz-lab-10-consolidando-la-marca-de-cuericos","status":"publish","type":"post","link":"https:\/\/madeinzaragoza.es\/blog\/miz-lab-10-consolidando-la-marca-de-cuericos\/","title":{"rendered":"MIZ-Lab 10: Consolidando la marca de Cuericos a trav\u00e9s de su identidad visual"},"content":{"rendered":"\n<p>Tras la <a href=\"https:\/\/madeinzaragoza.es\/blog\/miz-lab-10-imagen-espacio-cuericos\/\">fase de diagn\u00f3stico en el MIZ-Lab 10<\/a>, el trabajo con Cuericos se ha centrado en <strong>renovar su imagen corporativa<\/strong> para que Elena y Ana cuenten con una identidad visual a la altura de su oficio.<\/p>\n\n\n\n<p><\/p>\n\n\n\n<h2 class=\"wp-block-heading\"><strong>Renovar la imagen sin perder la esencia artesanal<\/strong><\/h2>\n\n\n\n<p>El reto no era cambiar su esencia, sino crear las herramientas gr\u00e1ficas necesarias para que la calidad de su marroquiner\u00eda se perciba de forma profesional en cada uno de sus canales de comunicaci\u00f3n y venta. Al alinear su identidad con un logotipo actualizado y una paleta de colores que refleja el car\u00e1cter artesano de su trabajo, hemos sentado las bases para profesionalizar todos los puntos de contacto del proyecto.<\/p>\n\n\n\n<p><\/p>\n\n\n\n<figure class=\"wp-block-image size-large\"><img loading=\"lazy\" decoding=\"async\" width=\"1024\" height=\"622\" src=\"https:\/\/madeinzaragoza.es\/blog\/wp-content\/uploads\/2026\/03\/Cuericos.-decima-edicion-MIZ-Lab_10-1200x1305-1-1024x622.png\" alt=\"\" class=\"wp-image-45387\" srcset=\"https:\/\/madeinzaragoza.es\/blog\/wp-content\/uploads\/2026\/03\/Cuericos.-decima-edicion-MIZ-Lab_10-1200x1305-1-1024x622.png 1024w, https:\/\/madeinzaragoza.es\/blog\/wp-content\/uploads\/2026\/03\/Cuericos.-decima-edicion-MIZ-Lab_10-1200x1305-1-450x273.png 450w, https:\/\/madeinzaragoza.es\/blog\/wp-content\/uploads\/2026\/03\/Cuericos.-decima-edicion-MIZ-Lab_10-1200x1305-1-768x466.png 768w, https:\/\/madeinzaragoza.es\/blog\/wp-content\/uploads\/2026\/03\/Cuericos.-decima-edicion-MIZ-Lab_10-1200x1305-1.png 1189w\" sizes=\"(max-width: 709px) 85vw, (max-width: 909px) 67vw, (max-width: 1362px) 62vw, 840px\" \/><\/figure>\n\n\n\n<p><\/p>\n\n\n\n<h2 class=\"wp-block-heading\"><strong>Herramientas gr\u00e1ficas para el d\u00eda a d\u00eda del taller<\/strong><\/h2>\n\n\n\n<p>A partir de esta nueva base gr\u00e1fica, hemos desarrollado una <strong>serie de elementos f\u00edsicos fundamentales para el d\u00eda a d\u00eda del taller<\/strong>. Las nuevas tarjetas de visita y las pegatinas personalizadas permiten que la marca est\u00e9 presente de forma coherente desde el primer contacto.<\/p>\n\n\n\n<p>Adem\u00e1s, uno de los avances m\u00e1s pr\u00e1cticos ha sido la creaci\u00f3n de un<strong> sello f\u00edsico con el nuevo logotipo<\/strong>, que permite marcar directamente el cuero y asegurar la autor\u00eda de cada pieza. Este cuidado por el detalle tambi\u00e9n se ha trasladado al <strong>packaging<\/strong>, con nuevos materiales de embalaje que transforman la entrega en una experiencia mucho m\u00e1s cuidada y transmiten el mimo que ponen en cada costura.<\/p>\n\n\n\n<p><\/p>\n\n\n\n<h2 class=\"wp-block-heading\"><strong>Herramientas estrat\u00e9gicas para crecer<\/strong><\/h2>\n\n\n\n<p>En el apartado estrat\u00e9gico, hemos trabajado en <strong>herramientas clave para el avance comercial de Cuericos<\/strong>. Por un lado, el dise\u00f1o de plantillas para redes sociales busca mejorar el atractivo visual de sus publicaciones y aumentar la participaci\u00f3n en sus talleres, una de sus necesidades principales.<\/p>\n\n\n\n<p>Por otro lado, hemos elaborado un <strong>dossier profesional y un cat\u00e1logo de productos<\/strong>, esenciales para presentar el proyecto ante instituciones y facilitar la entrada de sus piezas en puntos de venta especializados en ornitolog\u00eda y naturaleza, conectando as\u00ed con su p\u00fablico objetivo.<\/p>\n\n\n\n<p>Aunque el grueso del trabajo se ha centrado en la imagen corporativa, no hemos querido dejar de lado el entorno donde ocurre la magia.<\/p>\n\n\n\n<p><\/p>\n\n\n\n<h2 class=\"wp-block-heading\"><strong>Pensar tambi\u00e9n en el espacio del taller<\/strong><\/h2>\n\n\n\n<p>Para ello, hemos creado un moodboard con ideas y propuestas para el espacio del taller, una gu\u00eda visual que servir\u00e1 de inspiraci\u00f3n para que puedan ir transformando su lugar de trabajo poco a poco. Se ha planteado como un objetivo a medio plazo, ya que requiere una inversi\u00f3n mayor que el resto de acciones, pero contar con este mapa de ruta permitir\u00e1 que el espacio f\u00edsico respire la misma identidad que el resto de la marca.<\/p>\n\n\n\n<p><\/p>\n\n\n\n<figure class=\"wp-block-gallery has-nested-images columns-default is-cropped wp-block-gallery-1 is-layout-flex wp-block-gallery-is-layout-flex\">\n<figure class=\"wp-block-image size-large\"><img loading=\"lazy\" decoding=\"async\" width=\"1024\" height=\"819\" data-id=\"45391\" src=\"https:\/\/madeinzaragoza.es\/blog\/wp-content\/uploads\/2026\/03\/cuericos9_384851823-1024x819.jpeg\" alt=\"\" class=\"wp-image-45391\" srcset=\"https:\/\/madeinzaragoza.es\/blog\/wp-content\/uploads\/2026\/03\/cuericos9_384851823-1024x819.jpeg 1024w, https:\/\/madeinzaragoza.es\/blog\/wp-content\/uploads\/2026\/03\/cuericos9_384851823-450x360.jpeg 450w, https:\/\/madeinzaragoza.es\/blog\/wp-content\/uploads\/2026\/03\/cuericos9_384851823-768x614.jpeg 768w, https:\/\/madeinzaragoza.es\/blog\/wp-content\/uploads\/2026\/03\/cuericos9_384851823-1200x960.jpeg 1200w, https:\/\/madeinzaragoza.es\/blog\/wp-content\/uploads\/2026\/03\/cuericos9_384851823.jpeg 1400w\" sizes=\"(max-width: 709px) 85vw, (max-width: 909px) 67vw, (max-width: 1362px) 62vw, 840px\" \/><\/figure>\n\n\n\n<figure class=\"wp-block-image size-large\"><img loading=\"lazy\" decoding=\"async\" width=\"1024\" height=\"683\" data-id=\"45392\" src=\"https:\/\/madeinzaragoza.es\/blog\/wp-content\/uploads\/2026\/03\/cuericos13_2114036854-1024x683.jpg\" alt=\"\" class=\"wp-image-45392\" srcset=\"https:\/\/madeinzaragoza.es\/blog\/wp-content\/uploads\/2026\/03\/cuericos13_2114036854-1024x683.jpg 1024w, https:\/\/madeinzaragoza.es\/blog\/wp-content\/uploads\/2026\/03\/cuericos13_2114036854-450x300.jpg 450w, https:\/\/madeinzaragoza.es\/blog\/wp-content\/uploads\/2026\/03\/cuericos13_2114036854-768x512.jpg 768w, https:\/\/madeinzaragoza.es\/blog\/wp-content\/uploads\/2026\/03\/cuericos13_2114036854-1200x801.jpg 1200w, https:\/\/madeinzaragoza.es\/blog\/wp-content\/uploads\/2026\/03\/cuericos13_2114036854.jpg 1400w\" sizes=\"(max-width: 709px) 85vw, (max-width: 909px) 67vw, (max-width: 1362px) 62vw, 840px\" \/><\/figure>\n<\/figure>\n\n\n\n<p><\/p>\n\n\n\n<p>Con este conjunto de herramientas, Cuericos cuenta ahora con una base firme para seguir avanzando a su propio ritmo.<\/p>\n\n\n\n<p><\/p>\n\n\n\n<p><em>Si quieres seguir de cerca la evoluci\u00f3n del MIZLab y conocer todas las novedades de esta edici\u00f3n, puedes hacerlo a trav\u00e9s de la&nbsp;<a href=\"https:\/\/madeinzaragoza.es\/blog\/miz-lab\/\">secci\u00f3n del blog de Made in Zaragoza<\/a>&nbsp;y en nuestras redes sociales, donde iremos compartiendo avances, aprendizajes y pr\u00f3ximos pasos de los proyectos participantes.<\/em><\/p>\n","protected":false},"excerpt":{"rendered":"<p>Tras la fase de diagn\u00f3stico en el MIZ-Lab 10, el trabajo con Cuericos se ha centrado en renovar su imagen corporativa para que Elena y Ana cuenten con una identidad visual a la altura de su oficio. Renovar la imagen sin perder la esencia artesanal El reto no era cambiar su esencia, sino crear las &hellip; <a href=\"https:\/\/madeinzaragoza.es\/blog\/miz-lab-10-consolidando-la-marca-de-cuericos\/\" class=\"more-link\">Continuar leyendo<span class=\"screen-reader-text\"> \u00abMIZ-Lab 10: Consolidando la marca de Cuericos a trav\u00e9s de su identidad visual\u00bb<\/span><\/a><\/p>\n","protected":false},"author":49,"featured_media":45388,"comment_status":"open","ping_status":"open","sticky":false,"template":"","format":"standard","meta":{"footnotes":""},"categories":[1554],"tags":[1823,1910,2924],"yoast_head":"<!-- This site is optimized with the Yoast SEO plugin v19.7.2 - https:\/\/yoast.com\/wordpress\/plugins\/seo\/ -->\n<title>MIZ-Lab 10: Consolidando la marca de Cuericos a trav\u00e9s de su identidad visual - Made in Zaragoza<\/title>\n<meta name=\"description\" content=\"En MIZ-Lab 10 trabajamos la identidad visual de Cuericos: nuevo logo, materiales de marca, packaging y herramientas para impulsar su comunicaci\u00f3n y crecimiento.\" \/>\n<meta name=\"robots\" content=\"index, follow, max-snippet:-1, max-image-preview:large, max-video-preview:-1\" \/>\n<link rel=\"canonical\" href=\"https:\/\/madeinzaragoza.es\/blog\/miz-lab-10-consolidando-la-marca-de-cuericos\/\" \/>\n<meta property=\"og:locale\" content=\"es_ES\" \/>\n<meta property=\"og:type\" content=\"article\" \/>\n<meta property=\"og:title\" content=\"MIZ-Lab 10: Consolidando la marca de Cuericos a trav\u00e9s de su identidad visual - Made in Zaragoza\" \/>\n<meta property=\"og:description\" content=\"En MIZ-Lab 10 trabajamos la identidad visual de Cuericos: nuevo logo, materiales de marca, packaging y herramientas para impulsar su comunicaci\u00f3n y crecimiento.\" \/>\n<meta property=\"og:url\" content=\"https:\/\/madeinzaragoza.es\/blog\/miz-lab-10-consolidando-la-marca-de-cuericos\/\" \/>\n<meta property=\"og:site_name\" content=\"Made in Zaragoza\" \/>\n<meta property=\"article:publisher\" content=\"https:\/\/www.facebook.com\/madeinzaragoza.es\/\" \/>\n<meta property=\"article:published_time\" content=\"2026-03-10T07:47:00+00:00\" \/>\n<meta property=\"article:modified_time\" content=\"2026-03-08T20:48:35+00:00\" \/>\n<meta property=\"og:image\" content=\"https:\/\/madeinzaragoza.es\/blog\/wp-content\/uploads\/2026\/03\/Cuericos.-decima-edicion-MIZ-Lab-1200x900-1.png\" \/>\n\t<meta property=\"og:image:width\" content=\"1200\" \/>\n\t<meta property=\"og:image:height\" content=\"900\" \/>\n\t<meta property=\"og:image:type\" content=\"image\/png\" \/>\n<meta name=\"author\" content=\"Recreando Estudio\" \/>\n<meta name=\"twitter:card\" content=\"summary\" \/>\n<meta name=\"twitter:creator\" content=\"@madeinzaragoza\" \/>\n<meta name=\"twitter:site\" content=\"@madeinzaragoza\" \/>\n<meta name=\"twitter:label1\" content=\"Escrito por\" \/>\n\t<meta name=\"twitter:data1\" content=\"Recreando Estudio\" \/>\n\t<meta name=\"twitter:label2\" content=\"Tiempo de lectura\" \/>\n\t<meta name=\"twitter:data2\" content=\"3 minutos\" \/>\n<script type=\"application\/ld+json\" class=\"yoast-schema-graph\">{\"@context\":\"https:\/\/schema.org\",\"@graph\":[{\"@type\":\"Article\",\"@id\":\"https:\/\/madeinzaragoza.es\/blog\/miz-lab-10-consolidando-la-marca-de-cuericos\/#article\",\"isPartOf\":{\"@id\":\"https:\/\/madeinzaragoza.es\/blog\/miz-lab-10-consolidando-la-marca-de-cuericos\/\"},\"author\":{\"name\":\"Recreando Estudio\",\"@id\":\"https:\/\/madeinzaragoza.es\/blog\/#\/schema\/person\/a7967e126429bfd6d3b99d3b34a2590e\"},\"headline\":\"MIZ-Lab 10: Consolidando la marca de Cuericos a trav\u00e9s de su identidad visual\",\"datePublished\":\"2026-03-10T07:47:00+00:00\",\"dateModified\":\"2026-03-08T20:48:35+00:00\",\"mainEntityOfPage\":{\"@id\":\"https:\/\/madeinzaragoza.es\/blog\/miz-lab-10-consolidando-la-marca-de-cuericos\/\"},\"wordCount\":549,\"commentCount\":0,\"publisher\":{\"@id\":\"https:\/\/madeinzaragoza.es\/blog\/#organization\"},\"keywords\":[\"laboratorio de innovaci\u00f3n comercial\",\"Laboratorio Innovaci\u00f3n Comercial\",\"MIZ-Lab 10\"],\"articleSection\":[\"MIZ-Lab\"],\"inLanguage\":\"es\",\"potentialAction\":[{\"@type\":\"CommentAction\",\"name\":\"Comment\",\"target\":[\"https:\/\/madeinzaragoza.es\/blog\/miz-lab-10-consolidando-la-marca-de-cuericos\/#respond\"]}]},{\"@type\":\"WebPage\",\"@id\":\"https:\/\/madeinzaragoza.es\/blog\/miz-lab-10-consolidando-la-marca-de-cuericos\/\",\"url\":\"https:\/\/madeinzaragoza.es\/blog\/miz-lab-10-consolidando-la-marca-de-cuericos\/\",\"name\":\"MIZ-Lab 10: Consolidando la marca de Cuericos a trav\u00e9s de su identidad visual - Made in Zaragoza\",\"isPartOf\":{\"@id\":\"https:\/\/madeinzaragoza.es\/blog\/#website\"},\"datePublished\":\"2026-03-10T07:47:00+00:00\",\"dateModified\":\"2026-03-08T20:48:35+00:00\",\"description\":\"En MIZ-Lab 10 trabajamos la identidad visual de Cuericos: nuevo logo, materiales de marca, packaging y herramientas para impulsar su comunicaci\u00f3n y crecimiento.\",\"breadcrumb\":{\"@id\":\"https:\/\/madeinzaragoza.es\/blog\/miz-lab-10-consolidando-la-marca-de-cuericos\/#breadcrumb\"},\"inLanguage\":\"es\",\"potentialAction\":[{\"@type\":\"ReadAction\",\"target\":[\"https:\/\/madeinzaragoza.es\/blog\/miz-lab-10-consolidando-la-marca-de-cuericos\/\"]}]},{\"@type\":\"BreadcrumbList\",\"@id\":\"https:\/\/madeinzaragoza.es\/blog\/miz-lab-10-consolidando-la-marca-de-cuericos\/#breadcrumb\",\"itemListElement\":[{\"@type\":\"ListItem\",\"position\":1,\"name\":\"Portada\",\"item\":\"https:\/\/madeinzaragoza.es\/blog\/\"},{\"@type\":\"ListItem\",\"position\":2,\"name\":\"MIZ-Lab 10: Consolidando la marca de Cuericos a trav\u00e9s de su identidad visual\"}]},{\"@type\":\"WebSite\",\"@id\":\"https:\/\/madeinzaragoza.es\/blog\/#website\",\"url\":\"https:\/\/madeinzaragoza.es\/blog\/\",\"name\":\"Made in Zaragoza\",\"description\":\"Blog de MadeinZGZ, Red de Econom\u00eda Creativa de Zaragoza\",\"publisher\":{\"@id\":\"https:\/\/madeinzaragoza.es\/blog\/#organization\"},\"potentialAction\":[{\"@type\":\"SearchAction\",\"target\":{\"@type\":\"EntryPoint\",\"urlTemplate\":\"https:\/\/madeinzaragoza.es\/blog\/?s={search_term_string}\"},\"query-input\":\"required name=search_term_string\"}],\"inLanguage\":\"es\"},{\"@type\":\"Organization\",\"@id\":\"https:\/\/madeinzaragoza.es\/blog\/#organization\",\"name\":\"Made In Zaragoza\",\"url\":\"https:\/\/madeinzaragoza.es\/blog\/\",\"sameAs\":[\"https:\/\/www.instagram.com\/madeinzaragoza.es\/\",\"https:\/\/www.facebook.com\/madeinzaragoza.es\/\",\"https:\/\/twitter.com\/madeinzaragoza\"],\"logo\":{\"@type\":\"ImageObject\",\"inLanguage\":\"es\",\"@id\":\"https:\/\/madeinzaragoza.es\/blog\/#\/schema\/logo\/image\/\",\"url\":\"https:\/\/madeinzaragoza.es\/blog\/wp-content\/uploads\/2022\/05\/logo.png\",\"contentUrl\":\"https:\/\/madeinzaragoza.es\/blog\/wp-content\/uploads\/2022\/05\/logo.png\",\"width\":193,\"height\":176,\"caption\":\"Made In Zaragoza\"},\"image\":{\"@id\":\"https:\/\/madeinzaragoza.es\/blog\/#\/schema\/logo\/image\/\"}},{\"@type\":\"Person\",\"@id\":\"https:\/\/madeinzaragoza.es\/blog\/#\/schema\/person\/a7967e126429bfd6d3b99d3b34a2590e\",\"name\":\"Recreando Estudio\",\"image\":{\"@type\":\"ImageObject\",\"inLanguage\":\"es\",\"@id\":\"https:\/\/madeinzaragoza.es\/blog\/#\/schema\/person\/image\/\",\"url\":\"https:\/\/secure.gravatar.com\/avatar\/b64a9b785b875a20d135b20d711a193d?s=96&d=mm&r=g\",\"contentUrl\":\"https:\/\/secure.gravatar.com\/avatar\/b64a9b785b875a20d135b20d711a193d?s=96&d=mm&r=g\",\"caption\":\"Recreando Estudio\"},\"description\":\"Recreando Estudio Creativo es una cooperativa de iniciativa social que dise\u00f1a y desarrolla proyectos creativos poniendo en el centro el cuidado de las personas y el entorno. Como consultoras de imagen en el MIZ-Lab, ayudan a proyectos locales a alinear su identidad visual y sus espacios con el valor real de sus productos, desplegando su creatividad y valores en cada intervenci\u00f3n.\",\"sameAs\":[\"https:\/\/recreandoestudio.com\/\",\"https:\/\/www.instagram.com\/recreandoestudio\/\",\"https:\/\/www.linkedin.com\/company\/recreando-estudio-creativo\/?originalSubdomain=es\"],\"url\":\"https:\/\/madeinzaragoza.es\/blog\/author\/recreando-estudio\/\"}]}<\/script>\n<!-- \/ Yoast SEO plugin. -->","yoast_head_json":{"title":"MIZ-Lab 10: Consolidando la marca de Cuericos a trav\u00e9s de su identidad visual - Made in Zaragoza","description":"En MIZ-Lab 10 trabajamos la identidad visual de Cuericos: nuevo logo, materiales de marca, packaging y herramientas para impulsar su comunicaci\u00f3n y crecimiento.","robots":{"index":"index","follow":"follow","max-snippet":"max-snippet:-1","max-image-preview":"max-image-preview:large","max-video-preview":"max-video-preview:-1"},"canonical":"https:\/\/madeinzaragoza.es\/blog\/miz-lab-10-consolidando-la-marca-de-cuericos\/","og_locale":"es_ES","og_type":"article","og_title":"MIZ-Lab 10: Consolidando la marca de Cuericos a trav\u00e9s de su identidad visual - Made in Zaragoza","og_description":"En MIZ-Lab 10 trabajamos la identidad visual de Cuericos: nuevo logo, materiales de marca, packaging y herramientas para impulsar su comunicaci\u00f3n y crecimiento.","og_url":"https:\/\/madeinzaragoza.es\/blog\/miz-lab-10-consolidando-la-marca-de-cuericos\/","og_site_name":"Made in Zaragoza","article_publisher":"https:\/\/www.facebook.com\/madeinzaragoza.es\/","article_published_time":"2026-03-10T07:47:00+00:00","article_modified_time":"2026-03-08T20:48:35+00:00","og_image":[{"width":1200,"height":900,"url":"https:\/\/madeinzaragoza.es\/blog\/wp-content\/uploads\/2026\/03\/Cuericos.-decima-edicion-MIZ-Lab-1200x900-1.png","type":"image\/png"}],"author":"Recreando Estudio","twitter_card":"summary","twitter_creator":"@madeinzaragoza","twitter_site":"@madeinzaragoza","twitter_misc":{"Escrito por":"Recreando Estudio","Tiempo de lectura":"3 minutos"},"schema":{"@context":"https:\/\/schema.org","@graph":[{"@type":"Article","@id":"https:\/\/madeinzaragoza.es\/blog\/miz-lab-10-consolidando-la-marca-de-cuericos\/#article","isPartOf":{"@id":"https:\/\/madeinzaragoza.es\/blog\/miz-lab-10-consolidando-la-marca-de-cuericos\/"},"author":{"name":"Recreando Estudio","@id":"https:\/\/madeinzaragoza.es\/blog\/#\/schema\/person\/a7967e126429bfd6d3b99d3b34a2590e"},"headline":"MIZ-Lab 10: Consolidando la marca de Cuericos a trav\u00e9s de su identidad visual","datePublished":"2026-03-10T07:47:00+00:00","dateModified":"2026-03-08T20:48:35+00:00","mainEntityOfPage":{"@id":"https:\/\/madeinzaragoza.es\/blog\/miz-lab-10-consolidando-la-marca-de-cuericos\/"},"wordCount":549,"commentCount":0,"publisher":{"@id":"https:\/\/madeinzaragoza.es\/blog\/#organization"},"keywords":["laboratorio de innovaci\u00f3n comercial","Laboratorio Innovaci\u00f3n Comercial","MIZ-Lab 10"],"articleSection":["MIZ-Lab"],"inLanguage":"es","potentialAction":[{"@type":"CommentAction","name":"Comment","target":["https:\/\/madeinzaragoza.es\/blog\/miz-lab-10-consolidando-la-marca-de-cuericos\/#respond"]}]},{"@type":"WebPage","@id":"https:\/\/madeinzaragoza.es\/blog\/miz-lab-10-consolidando-la-marca-de-cuericos\/","url":"https:\/\/madeinzaragoza.es\/blog\/miz-lab-10-consolidando-la-marca-de-cuericos\/","name":"MIZ-Lab 10: Consolidando la marca de Cuericos a trav\u00e9s de su identidad visual - Made in Zaragoza","isPartOf":{"@id":"https:\/\/madeinzaragoza.es\/blog\/#website"},"datePublished":"2026-03-10T07:47:00+00:00","dateModified":"2026-03-08T20:48:35+00:00","description":"En MIZ-Lab 10 trabajamos la identidad visual de Cuericos: nuevo logo, materiales de marca, packaging y herramientas para impulsar su comunicaci\u00f3n y crecimiento.","breadcrumb":{"@id":"https:\/\/madeinzaragoza.es\/blog\/miz-lab-10-consolidando-la-marca-de-cuericos\/#breadcrumb"},"inLanguage":"es","potentialAction":[{"@type":"ReadAction","target":["https:\/\/madeinzaragoza.es\/blog\/miz-lab-10-consolidando-la-marca-de-cuericos\/"]}]},{"@type":"BreadcrumbList","@id":"https:\/\/madeinzaragoza.es\/blog\/miz-lab-10-consolidando-la-marca-de-cuericos\/#breadcrumb","itemListElement":[{"@type":"ListItem","position":1,"name":"Portada","item":"https:\/\/madeinzaragoza.es\/blog\/"},{"@type":"ListItem","position":2,"name":"MIZ-Lab 10: Consolidando la marca de Cuericos a trav\u00e9s de su identidad visual"}]},{"@type":"WebSite","@id":"https:\/\/madeinzaragoza.es\/blog\/#website","url":"https:\/\/madeinzaragoza.es\/blog\/","name":"Made in Zaragoza","description":"Blog de MadeinZGZ, Red de Econom\u00eda Creativa de Zaragoza","publisher":{"@id":"https:\/\/madeinzaragoza.es\/blog\/#organization"},"potentialAction":[{"@type":"SearchAction","target":{"@type":"EntryPoint","urlTemplate":"https:\/\/madeinzaragoza.es\/blog\/?s={search_term_string}"},"query-input":"required name=search_term_string"}],"inLanguage":"es"},{"@type":"Organization","@id":"https:\/\/madeinzaragoza.es\/blog\/#organization","name":"Made In Zaragoza","url":"https:\/\/madeinzaragoza.es\/blog\/","sameAs":["https:\/\/www.instagram.com\/madeinzaragoza.es\/","https:\/\/www.facebook.com\/madeinzaragoza.es\/","https:\/\/twitter.com\/madeinzaragoza"],"logo":{"@type":"ImageObject","inLanguage":"es","@id":"https:\/\/madeinzaragoza.es\/blog\/#\/schema\/logo\/image\/","url":"https:\/\/madeinzaragoza.es\/blog\/wp-content\/uploads\/2022\/05\/logo.png","contentUrl":"https:\/\/madeinzaragoza.es\/blog\/wp-content\/uploads\/2022\/05\/logo.png","width":193,"height":176,"caption":"Made In Zaragoza"},"image":{"@id":"https:\/\/madeinzaragoza.es\/blog\/#\/schema\/logo\/image\/"}},{"@type":"Person","@id":"https:\/\/madeinzaragoza.es\/blog\/#\/schema\/person\/a7967e126429bfd6d3b99d3b34a2590e","name":"Recreando Estudio","image":{"@type":"ImageObject","inLanguage":"es","@id":"https:\/\/madeinzaragoza.es\/blog\/#\/schema\/person\/image\/","url":"https:\/\/secure.gravatar.com\/avatar\/b64a9b785b875a20d135b20d711a193d?s=96&d=mm&r=g","contentUrl":"https:\/\/secure.gravatar.com\/avatar\/b64a9b785b875a20d135b20d711a193d?s=96&d=mm&r=g","caption":"Recreando Estudio"},"description":"Recreando Estudio Creativo es una cooperativa de iniciativa social que dise\u00f1a y desarrolla proyectos creativos poniendo en el centro el cuidado de las personas y el entorno. Como consultoras de imagen en el MIZ-Lab, ayudan a proyectos locales a alinear su identidad visual y sus espacios con el valor real de sus productos, desplegando su creatividad y valores en cada intervenci\u00f3n.","sameAs":["https:\/\/recreandoestudio.com\/","https:\/\/www.instagram.com\/recreandoestudio\/","https:\/\/www.linkedin.com\/company\/recreando-estudio-creativo\/?originalSubdomain=es"],"url":"https:\/\/madeinzaragoza.es\/blog\/author\/recreando-estudio\/"}]}},"_links":{"self":[{"href":"https:\/\/madeinzaragoza.es\/blog\/wp-json\/wp\/v2\/posts\/45386"}],"collection":[{"href":"https:\/\/madeinzaragoza.es\/blog\/wp-json\/wp\/v2\/posts"}],"about":[{"href":"https:\/\/madeinzaragoza.es\/blog\/wp-json\/wp\/v2\/types\/post"}],"author":[{"embeddable":true,"href":"https:\/\/madeinzaragoza.es\/blog\/wp-json\/wp\/v2\/users\/49"}],"replies":[{"embeddable":true,"href":"https:\/\/madeinzaragoza.es\/blog\/wp-json\/wp\/v2\/comments?post=45386"}],"version-history":[{"count":2,"href":"https:\/\/madeinzaragoza.es\/blog\/wp-json\/wp\/v2\/posts\/45386\/revisions"}],"predecessor-version":[{"id":45393,"href":"https:\/\/madeinzaragoza.es\/blog\/wp-json\/wp\/v2\/posts\/45386\/revisions\/45393"}],"wp:featuredmedia":[{"embeddable":true,"href":"https:\/\/madeinzaragoza.es\/blog\/wp-json\/wp\/v2\/media\/45388"}],"wp:attachment":[{"href":"https:\/\/madeinzaragoza.es\/blog\/wp-json\/wp\/v2\/media?parent=45386"}],"wp:term":[{"taxonomy":"category","embeddable":true,"href":"https:\/\/madeinzaragoza.es\/blog\/wp-json\/wp\/v2\/categories?post=45386"},{"taxonomy":"post_tag","embeddable":true,"href":"https:\/\/madeinzaragoza.es\/blog\/wp-json\/wp\/v2\/tags?post=45386"}],"curies":[{"name":"wp","href":"https:\/\/api.w.org\/{rel}","templated":true}]}}