{"id":45381,"date":"2026-03-09T08:36:00","date_gmt":"2026-03-09T07:36:00","guid":{"rendered":"https:\/\/madeinzaragoza.es\/blog\/?p=45381"},"modified":"2026-03-16T12:09:26","modified_gmt":"2026-03-16T11:09:26","slug":"miz-lab-10-cuericos-estrategia-negocio","status":"publish","type":"post","link":"https:\/\/madeinzaragoza.es\/blog\/miz-lab-10-cuericos-estrategia-negocio\/","title":{"rendered":"MIZ-Lab 10: Mirar la trastienda del negocio. Segunda y tercera sesi\u00f3n de trabajo con Cuericos"},"content":{"rendered":"\n<p>El laboratorio de innovaci\u00f3n comercial <strong><a href=\"https:\/\/madeinzaragoza.es\/mizlab\/edicion.php?id=10\">MIZ-Lab<\/a><\/strong>, impulsado por Made in Zaragoza, contin\u00faa acompa\u00f1ando a Cuericos en su proceso de crecimiento dentro de esta d\u00e9cima edici\u00f3n.<\/p>\n\n\n\n<p>Tras una primera sesi\u00f3n de diagn\u00f3stico, en este segundo encuentro de asesor\u00eda de negocio hemos dado un paso clave: analizar la \u201ctrastienda\u201d del proyecto antes de abordar cualquier cambio visible.<\/p>\n\n\n\n<p><a href=\"https:\/\/madeinzaragoza.es\/blog\/cuericos-proyecto-10a-edicion-del-miz-lab\/\">Cuericos<\/a> es un taller de artesan\u00eda en cuero curtido en vegetal que destaca por su originalidad, su apuesta por la sostenibilidad y por recuperar el valor del trabajo artesanal. Detr\u00e1s del proyecto est\u00e1n Elena y Ana, las artesanas que dan vida al taller y que est\u00e1n aprovechando este proceso para reforzar las bases de su negocio.<\/p>\n\n\n\n<h2 class=\"wp-block-heading\">Entender el mercado para definir la esencia<\/h2>\n\n\n\n<p>Uno de los primeros pasos ha sido <strong>analizar el sector y estudiar la competencia<\/strong>. Mirar hacia fuera nos ayuda a entender mejor qui\u00e9nes somos y qu\u00e9 lugar ocupa Cuericos en el mercado. Este an\u00e1lisis nos ha permitido trabajar en algo fundamental: definir con mayor claridad la voz, la personalidad y la propuesta de valor del proyecto.<\/p>\n\n\n\n<p>Este trabajo estrat\u00e9gico es adem\u00e1s el punto de partida para las siguientes fases del laboratorio. Con estas bases claras, el equipo de <strong>Recreando Estudio Creativo<\/strong>, encargado del <a href=\"https:\/\/madeinzaragoza.es\/blog\/miz-lab-10-imagen-espacio-cuericos\/\">desarrollo de la imagen de marca<\/a>, podr\u00e1 trabajar la identidad visual con una direcci\u00f3n s\u00f3lida. Posteriormente, el <a href=\"https:\/\/madeinzaragoza.es\/blog\/primera-sesion-con-cuericos-en-comunicacion-digital\/\">\u00e1rea de comunicaci\u00f3n<\/a>, liderada por <strong>Fernando Cebolla<\/strong>, trasladar\u00e1 ese posicionamiento de forma coherente.<\/p>\n\n\n\n<h2 class=\"wp-block-heading\">Explorar nuevos espacios de mercado<\/h2>\n\n\n\n<p>Durante el an\u00e1lisis tambi\u00e9n han surgido oportunidades interesantes de posicionamiento. Uno de los nichos que hemos identificado es el de la <strong>ornitolog\u00eda y las personas amantes de la naturaleza<\/strong>, un \u00e1mbito que encaja muy bien con los valores del taller y con su capacidad t\u00e9cnica.<\/p>\n\n\n\n<p>A partir de esta idea hemos empezado a esbozar un plan para posicionar a Cuericos en este \u00e1mbito ya que su propuesta de valor responde a las necesidades de este perfil de cliente. Un ejemplo son sus fundas para cuadernos de campo o estuches para prism\u00e1ticos elaboradas con cuero sostenible de curtici\u00f3n vegetal e ilustraciones de fauna y naturaleza.<\/p>\n\n\n\n<p><\/p>\n\n\n\n<figure class=\"wp-block-gallery has-nested-images columns-default is-cropped wp-block-gallery-1 is-layout-flex wp-block-gallery-is-layout-flex\">\n<figure class=\"wp-block-image size-large\"><img loading=\"lazy\" decoding=\"async\" width=\"550\" height=\"824\" data-id=\"45383\" src=\"https:\/\/madeinzaragoza.es\/blog\/wp-content\/uploads\/2026\/03\/p_cuericos1_257511434.jpg\" alt=\"\" class=\"wp-image-45383\" srcset=\"https:\/\/madeinzaragoza.es\/blog\/wp-content\/uploads\/2026\/03\/p_cuericos1_257511434.jpg 550w, https:\/\/madeinzaragoza.es\/blog\/wp-content\/uploads\/2026\/03\/p_cuericos1_257511434-300x450.jpg 300w\" sizes=\"(max-width: 550px) 85vw, 550px\" \/><\/figure>\n\n\n\n<figure class=\"wp-block-image size-large\"><img loading=\"lazy\" decoding=\"async\" width=\"550\" height=\"440\" data-id=\"45382\" src=\"https:\/\/madeinzaragoza.es\/blog\/wp-content\/uploads\/2026\/03\/p_cuericos7_2142220137.jpeg\" alt=\"\" class=\"wp-image-45382\" srcset=\"https:\/\/madeinzaragoza.es\/blog\/wp-content\/uploads\/2026\/03\/p_cuericos7_2142220137.jpeg 550w, https:\/\/madeinzaragoza.es\/blog\/wp-content\/uploads\/2026\/03\/p_cuericos7_2142220137-450x360.jpeg 450w\" sizes=\"(max-width: 550px) 85vw, 550px\" \/><\/figure>\n<\/figure>\n\n\n\n<p><\/p>\n\n\n\n<h2 class=\"wp-block-heading\">El taller como espacio de aprendizaje<\/h2>\n\n\n\n<p>Otro de los pilares del proyecto es el propio <strong>taller<\/strong>. M\u00e1s all\u00e1 de la venta de piezas, queremos que los talleres de Cuericos sean una alternativa para cualquier persona que, en Zaragoza y fuera de ella, quiera vivir y aprender el antiguo oficio y poder crear sus propias piezas.<\/p>\n\n\n\n<h2 class=\"wp-block-heading\">Poner en valor el tiempo del trabajo artesanal<\/h2>\n\n\n\n<p><strong>La rentabilidad es clave en cualquier negocio artesano.<\/strong> Hemos revisado en detalle la estructura de ingresos y gastos del taller.<\/p>\n\n\n\n<p>Dado que los productos personalizados de cuero conllevan una gran inversi\u00f3n de tiempo, hemos creado un sistema sencillo para presupuestar de forma adecuada. El objetivo es que el precio final refleje correctamente tanto los materiales como el tiempo real de dedicaci\u00f3n.<\/p>\n\n\n\n<p><\/p>\n\n\n\n<h2 class=\"wp-block-heading\">Organizaci\u00f3n del espacio h\u00edbrido<\/h2>\n\n\n\n<p>Tambi\u00e9n hemos abordado la <strong>organizaci\u00f3n interna<\/strong>. Al ser un espacio h\u00edbrido de producci\u00f3n y formaci\u00f3n, la gesti\u00f3n de los flujos de trabajo es importante. Hemos trabajado en la optimizaci\u00f3n de los tiempos y en la creaci\u00f3n de unas normas de funcionamiento claras para el taller. La finalidad es doble: asegurar que el alumnado tenga la mejor experiencia posible y que Elena y Ana dispongan de tiempos de producci\u00f3n creativa.<\/p>\n\n\n\n<p>Por el camino nos han surgido muchas ideas, y Elena y Ana tienen mucho trabajo por hacer. No te pierdas los pr\u00f3ximos art\u00edculos para saber c\u00f3mo evoluciona Cuericos.<\/p>\n\n\n\n<h2 class=\"wp-block-heading\"><strong>\u00bfPor qu\u00e9 deber\u00edas pasarte por Cuericos?<\/strong><\/h2>\n\n\n\n<p>Si quieres descubrir el resultado de todo este trabajo, te doy tres razones r\u00e1pidas para visitar su taller en el coraz\u00f3n creativo de Zaragoza:<\/p>\n\n\n\n<ul>\n<li><strong>No solo compras, creas. <\/strong>Puedes ser el artesano por un d\u00eda. Ofrecen masterclass donde aprender\u00e1s a trabajar la piel y te llevar\u00e1s una pieza hecha con tus propias manos (carteras, bolsos, pendientes\u2026).<\/li>\n\n\n\n<li><strong>Calidad sostenible.<\/strong> Trabajan exclusivamente con cuero de curtici\u00f3n vegetal. Sin t\u00f3xicos, biodegradable y con un tacto y aroma inconfundibles.<\/li>\n\n\n\n<li><strong>Artesan\u00eda y arte. <\/strong>Sus piezas de cuero son lienzos \u00fanicos pintados a mano, por lo que nadie m\u00e1s tendr\u00e1 la misma que t\u00fa.<\/li>\n<\/ul>\n\n\n\n<p>P\u00e1sate a ver trabajar a Elena y Ana en vivo y descubre el valor de lo \u00abhecho despacio\u00bb y con alma. <\/p>\n\n\n\n<p><\/p>\n\n\n\n<p><em>Si quieres seguir de cerca la evoluci\u00f3n del MIZLab y conocer todas las novedades de esta edici\u00f3n, puedes hacerlo a trav\u00e9s de la&nbsp;<a href=\"https:\/\/madeinzaragoza.es\/blog\/miz-lab\/\">secci\u00f3n del blog de Made in Zaragoza<\/a>&nbsp;y en nuestras redes sociales, donde iremos compartiendo avances, aprendizajes y pr\u00f3ximos pasos de los proyectos participantes.<\/em> <\/p>\n\n\n\n<p><\/p>\n\n\n\n<p><\/p>\n","protected":false},"excerpt":{"rendered":"<p>El laboratorio de innovaci\u00f3n comercial MIZ-Lab, impulsado por Made in Zaragoza, contin\u00faa acompa\u00f1ando a Cuericos en su proceso de crecimiento dentro de esta d\u00e9cima edici\u00f3n. Tras una primera sesi\u00f3n de diagn\u00f3stico, en este segundo encuentro de asesor\u00eda de negocio hemos dado un paso clave: analizar la \u201ctrastienda\u201d del proyecto antes de abordar cualquier cambio visible. &hellip; <a href=\"https:\/\/madeinzaragoza.es\/blog\/miz-lab-10-cuericos-estrategia-negocio\/\" class=\"more-link\">Continuar leyendo<span class=\"screen-reader-text\"> \u00abMIZ-Lab 10: Mirar la trastienda del negocio. Segunda y tercera sesi\u00f3n de trabajo con Cuericos\u00bb<\/span><\/a><\/p>\n","protected":false},"author":82,"featured_media":45384,"comment_status":"open","ping_status":"open","sticky":false,"template":"","format":"standard","meta":{"footnotes":""},"categories":[1554],"tags":[1823,1910,2920],"yoast_head":"<!-- This site is optimized with the Yoast SEO plugin v19.7.2 - https:\/\/yoast.com\/wordpress\/plugins\/seo\/ -->\n<title>MIZ-Lab 10: Mirar la trastienda del negocio. Segunda y tercera sesi\u00f3n de trabajo con Cuericos - Made in Zaragoza<\/title>\n<meta name=\"description\" content=\"Seguimos el proceso de Cuericos en MIZ-Lab 10. En esta sesi\u00f3n trabajamos estrategia, posicionamiento, rentabilidad y nuevos nichos para este taller artesanal de Zaragoza.\" \/>\n<meta name=\"robots\" content=\"index, follow, max-snippet:-1, max-image-preview:large, max-video-preview:-1\" \/>\n<link rel=\"canonical\" href=\"https:\/\/madeinzaragoza.es\/blog\/miz-lab-10-cuericos-estrategia-negocio\/\" \/>\n<meta property=\"og:locale\" content=\"es_ES\" \/>\n<meta property=\"og:type\" content=\"article\" \/>\n<meta property=\"og:title\" content=\"MIZ-Lab 10: Mirar la trastienda del negocio. Segunda y tercera sesi\u00f3n de trabajo con Cuericos - Made in Zaragoza\" \/>\n<meta property=\"og:description\" content=\"Seguimos el proceso de Cuericos en MIZ-Lab 10. En esta sesi\u00f3n trabajamos estrategia, posicionamiento, rentabilidad y nuevos nichos para este taller artesanal de Zaragoza.\" \/>\n<meta property=\"og:url\" content=\"https:\/\/madeinzaragoza.es\/blog\/miz-lab-10-cuericos-estrategia-negocio\/\" \/>\n<meta property=\"og:site_name\" content=\"Made in Zaragoza\" \/>\n<meta property=\"article:publisher\" content=\"https:\/\/www.facebook.com\/madeinzaragoza.es\/\" \/>\n<meta property=\"article:published_time\" content=\"2026-03-09T07:36:00+00:00\" \/>\n<meta property=\"article:modified_time\" content=\"2026-03-16T11:09:26+00:00\" \/>\n<meta property=\"og:image\" content=\"https:\/\/madeinzaragoza.es\/blog\/wp-content\/uploads\/2026\/03\/Cuericos-mizlab.png\" \/>\n\t<meta property=\"og:image:width\" content=\"765\" \/>\n\t<meta property=\"og:image:height\" content=\"452\" \/>\n\t<meta property=\"og:image:type\" content=\"image\/png\" \/>\n<meta name=\"author\" content=\"Miriam Almaz\u00e1n\" \/>\n<meta name=\"twitter:card\" content=\"summary\" \/>\n<meta name=\"twitter:creator\" content=\"@madeinzaragoza\" \/>\n<meta name=\"twitter:site\" content=\"@madeinzaragoza\" \/>\n<meta name=\"twitter:label1\" content=\"Escrito por\" \/>\n\t<meta name=\"twitter:data1\" content=\"Miriam Almaz\u00e1n\" \/>\n\t<meta name=\"twitter:label2\" content=\"Tiempo de lectura\" \/>\n\t<meta name=\"twitter:data2\" content=\"4 minutos\" \/>\n<script type=\"application\/ld+json\" class=\"yoast-schema-graph\">{\"@context\":\"https:\/\/schema.org\",\"@graph\":[{\"@type\":\"Article\",\"@id\":\"https:\/\/madeinzaragoza.es\/blog\/miz-lab-10-cuericos-estrategia-negocio\/#article\",\"isPartOf\":{\"@id\":\"https:\/\/madeinzaragoza.es\/blog\/miz-lab-10-cuericos-estrategia-negocio\/\"},\"author\":{\"name\":\"Miriam Almaz\u00e1n\",\"@id\":\"https:\/\/madeinzaragoza.es\/blog\/#\/schema\/person\/2be127b852a0b08631b50fb4671faf1c\"},\"headline\":\"MIZ-Lab 10: Mirar la trastienda del negocio. Segunda y tercera sesi\u00f3n de trabajo con Cuericos\",\"datePublished\":\"2026-03-09T07:36:00+00:00\",\"dateModified\":\"2026-03-16T11:09:26+00:00\",\"mainEntityOfPage\":{\"@id\":\"https:\/\/madeinzaragoza.es\/blog\/miz-lab-10-cuericos-estrategia-negocio\/\"},\"wordCount\":812,\"commentCount\":0,\"publisher\":{\"@id\":\"https:\/\/madeinzaragoza.es\/blog\/#organization\"},\"keywords\":[\"laboratorio de innovaci\u00f3n comercial\",\"Laboratorio Innovaci\u00f3n Comercial\",\"mizlab10\"],\"articleSection\":[\"MIZ-Lab\"],\"inLanguage\":\"es\",\"potentialAction\":[{\"@type\":\"CommentAction\",\"name\":\"Comment\",\"target\":[\"https:\/\/madeinzaragoza.es\/blog\/miz-lab-10-cuericos-estrategia-negocio\/#respond\"]}]},{\"@type\":\"WebPage\",\"@id\":\"https:\/\/madeinzaragoza.es\/blog\/miz-lab-10-cuericos-estrategia-negocio\/\",\"url\":\"https:\/\/madeinzaragoza.es\/blog\/miz-lab-10-cuericos-estrategia-negocio\/\",\"name\":\"MIZ-Lab 10: Mirar la trastienda del negocio. Segunda y tercera sesi\u00f3n de trabajo con Cuericos - Made in Zaragoza\",\"isPartOf\":{\"@id\":\"https:\/\/madeinzaragoza.es\/blog\/#website\"},\"datePublished\":\"2026-03-09T07:36:00+00:00\",\"dateModified\":\"2026-03-16T11:09:26+00:00\",\"description\":\"Seguimos el proceso de Cuericos en MIZ-Lab 10. En esta sesi\u00f3n trabajamos estrategia, posicionamiento, rentabilidad y nuevos nichos para este taller artesanal de Zaragoza.\",\"breadcrumb\":{\"@id\":\"https:\/\/madeinzaragoza.es\/blog\/miz-lab-10-cuericos-estrategia-negocio\/#breadcrumb\"},\"inLanguage\":\"es\",\"potentialAction\":[{\"@type\":\"ReadAction\",\"target\":[\"https:\/\/madeinzaragoza.es\/blog\/miz-lab-10-cuericos-estrategia-negocio\/\"]}]},{\"@type\":\"BreadcrumbList\",\"@id\":\"https:\/\/madeinzaragoza.es\/blog\/miz-lab-10-cuericos-estrategia-negocio\/#breadcrumb\",\"itemListElement\":[{\"@type\":\"ListItem\",\"position\":1,\"name\":\"Portada\",\"item\":\"https:\/\/madeinzaragoza.es\/blog\/\"},{\"@type\":\"ListItem\",\"position\":2,\"name\":\"MIZ-Lab 10: Mirar la trastienda del negocio. Segunda y tercera sesi\u00f3n de trabajo con Cuericos\"}]},{\"@type\":\"WebSite\",\"@id\":\"https:\/\/madeinzaragoza.es\/blog\/#website\",\"url\":\"https:\/\/madeinzaragoza.es\/blog\/\",\"name\":\"Made in Zaragoza\",\"description\":\"Blog de MadeinZGZ, Red de Econom\u00eda Creativa de Zaragoza\",\"publisher\":{\"@id\":\"https:\/\/madeinzaragoza.es\/blog\/#organization\"},\"potentialAction\":[{\"@type\":\"SearchAction\",\"target\":{\"@type\":\"EntryPoint\",\"urlTemplate\":\"https:\/\/madeinzaragoza.es\/blog\/?s={search_term_string}\"},\"query-input\":\"required name=search_term_string\"}],\"inLanguage\":\"es\"},{\"@type\":\"Organization\",\"@id\":\"https:\/\/madeinzaragoza.es\/blog\/#organization\",\"name\":\"Made In Zaragoza\",\"url\":\"https:\/\/madeinzaragoza.es\/blog\/\",\"sameAs\":[\"https:\/\/www.instagram.com\/madeinzaragoza.es\/\",\"https:\/\/www.facebook.com\/madeinzaragoza.es\/\",\"https:\/\/twitter.com\/madeinzaragoza\"],\"logo\":{\"@type\":\"ImageObject\",\"inLanguage\":\"es\",\"@id\":\"https:\/\/madeinzaragoza.es\/blog\/#\/schema\/logo\/image\/\",\"url\":\"https:\/\/madeinzaragoza.es\/blog\/wp-content\/uploads\/2022\/05\/logo.png\",\"contentUrl\":\"https:\/\/madeinzaragoza.es\/blog\/wp-content\/uploads\/2022\/05\/logo.png\",\"width\":193,\"height\":176,\"caption\":\"Made In Zaragoza\"},\"image\":{\"@id\":\"https:\/\/madeinzaragoza.es\/blog\/#\/schema\/logo\/image\/\"}},{\"@type\":\"Person\",\"@id\":\"https:\/\/madeinzaragoza.es\/blog\/#\/schema\/person\/2be127b852a0b08631b50fb4671faf1c\",\"name\":\"Miriam Almaz\u00e1n\",\"image\":{\"@type\":\"ImageObject\",\"inLanguage\":\"es\",\"@id\":\"https:\/\/madeinzaragoza.es\/blog\/#\/schema\/person\/image\/\",\"url\":\"https:\/\/secure.gravatar.com\/avatar\/c71735d28e0857558d07859b9bc0baef?s=96&d=mm&r=g\",\"contentUrl\":\"https:\/\/secure.gravatar.com\/avatar\/c71735d28e0857558d07859b9bc0baef?s=96&d=mm&r=g\",\"caption\":\"Miriam Almaz\u00e1n\"},\"description\":\"Miriam Almaz\u00e1n es economista y consultora de negocio en Afiris, donde lidera proyectos con energ\u00eda y creatividad. Con m\u00e1s de 15 a\u00f1os de experiencia en asesor\u00eda y formaci\u00f3n, acompa\u00f1a a emprendedores y negocios locales en el Laboratorio de Innovaci\u00f3n Comercial de Made in Zaragoza (MIZ-Lab), ayud\u00e1ndoles a analizar y definir sus estrategias de negocio.\",\"sameAs\":[\"https:\/\/www.afiris.es\/\",\"https:\/\/www.linkedin.com\/in\/miriamelenaalmazan?originalSubdomain=es\"],\"url\":\"https:\/\/madeinzaragoza.es\/blog\/author\/miriamalmazan\/\"}]}<\/script>\n<!-- \/ Yoast SEO plugin. -->","yoast_head_json":{"title":"MIZ-Lab 10: Mirar la trastienda del negocio. Segunda y tercera sesi\u00f3n de trabajo con Cuericos - Made in Zaragoza","description":"Seguimos el proceso de Cuericos en MIZ-Lab 10. En esta sesi\u00f3n trabajamos estrategia, posicionamiento, rentabilidad y nuevos nichos para este taller artesanal de Zaragoza.","robots":{"index":"index","follow":"follow","max-snippet":"max-snippet:-1","max-image-preview":"max-image-preview:large","max-video-preview":"max-video-preview:-1"},"canonical":"https:\/\/madeinzaragoza.es\/blog\/miz-lab-10-cuericos-estrategia-negocio\/","og_locale":"es_ES","og_type":"article","og_title":"MIZ-Lab 10: Mirar la trastienda del negocio. Segunda y tercera sesi\u00f3n de trabajo con Cuericos - Made in Zaragoza","og_description":"Seguimos el proceso de Cuericos en MIZ-Lab 10. En esta sesi\u00f3n trabajamos estrategia, posicionamiento, rentabilidad y nuevos nichos para este taller artesanal de Zaragoza.","og_url":"https:\/\/madeinzaragoza.es\/blog\/miz-lab-10-cuericos-estrategia-negocio\/","og_site_name":"Made in Zaragoza","article_publisher":"https:\/\/www.facebook.com\/madeinzaragoza.es\/","article_published_time":"2026-03-09T07:36:00+00:00","article_modified_time":"2026-03-16T11:09:26+00:00","og_image":[{"width":765,"height":452,"url":"https:\/\/madeinzaragoza.es\/blog\/wp-content\/uploads\/2026\/03\/Cuericos-mizlab.png","type":"image\/png"}],"author":"Miriam Almaz\u00e1n","twitter_card":"summary","twitter_creator":"@madeinzaragoza","twitter_site":"@madeinzaragoza","twitter_misc":{"Escrito por":"Miriam Almaz\u00e1n","Tiempo de lectura":"4 minutos"},"schema":{"@context":"https:\/\/schema.org","@graph":[{"@type":"Article","@id":"https:\/\/madeinzaragoza.es\/blog\/miz-lab-10-cuericos-estrategia-negocio\/#article","isPartOf":{"@id":"https:\/\/madeinzaragoza.es\/blog\/miz-lab-10-cuericos-estrategia-negocio\/"},"author":{"name":"Miriam Almaz\u00e1n","@id":"https:\/\/madeinzaragoza.es\/blog\/#\/schema\/person\/2be127b852a0b08631b50fb4671faf1c"},"headline":"MIZ-Lab 10: Mirar la trastienda del negocio. Segunda y tercera sesi\u00f3n de trabajo con Cuericos","datePublished":"2026-03-09T07:36:00+00:00","dateModified":"2026-03-16T11:09:26+00:00","mainEntityOfPage":{"@id":"https:\/\/madeinzaragoza.es\/blog\/miz-lab-10-cuericos-estrategia-negocio\/"},"wordCount":812,"commentCount":0,"publisher":{"@id":"https:\/\/madeinzaragoza.es\/blog\/#organization"},"keywords":["laboratorio de innovaci\u00f3n comercial","Laboratorio Innovaci\u00f3n Comercial","mizlab10"],"articleSection":["MIZ-Lab"],"inLanguage":"es","potentialAction":[{"@type":"CommentAction","name":"Comment","target":["https:\/\/madeinzaragoza.es\/blog\/miz-lab-10-cuericos-estrategia-negocio\/#respond"]}]},{"@type":"WebPage","@id":"https:\/\/madeinzaragoza.es\/blog\/miz-lab-10-cuericos-estrategia-negocio\/","url":"https:\/\/madeinzaragoza.es\/blog\/miz-lab-10-cuericos-estrategia-negocio\/","name":"MIZ-Lab 10: Mirar la trastienda del negocio. Segunda y tercera sesi\u00f3n de trabajo con Cuericos - Made in Zaragoza","isPartOf":{"@id":"https:\/\/madeinzaragoza.es\/blog\/#website"},"datePublished":"2026-03-09T07:36:00+00:00","dateModified":"2026-03-16T11:09:26+00:00","description":"Seguimos el proceso de Cuericos en MIZ-Lab 10. En esta sesi\u00f3n trabajamos estrategia, posicionamiento, rentabilidad y nuevos nichos para este taller artesanal de Zaragoza.","breadcrumb":{"@id":"https:\/\/madeinzaragoza.es\/blog\/miz-lab-10-cuericos-estrategia-negocio\/#breadcrumb"},"inLanguage":"es","potentialAction":[{"@type":"ReadAction","target":["https:\/\/madeinzaragoza.es\/blog\/miz-lab-10-cuericos-estrategia-negocio\/"]}]},{"@type":"BreadcrumbList","@id":"https:\/\/madeinzaragoza.es\/blog\/miz-lab-10-cuericos-estrategia-negocio\/#breadcrumb","itemListElement":[{"@type":"ListItem","position":1,"name":"Portada","item":"https:\/\/madeinzaragoza.es\/blog\/"},{"@type":"ListItem","position":2,"name":"MIZ-Lab 10: Mirar la trastienda del negocio. Segunda y tercera sesi\u00f3n de trabajo con Cuericos"}]},{"@type":"WebSite","@id":"https:\/\/madeinzaragoza.es\/blog\/#website","url":"https:\/\/madeinzaragoza.es\/blog\/","name":"Made in Zaragoza","description":"Blog de MadeinZGZ, Red de Econom\u00eda Creativa de Zaragoza","publisher":{"@id":"https:\/\/madeinzaragoza.es\/blog\/#organization"},"potentialAction":[{"@type":"SearchAction","target":{"@type":"EntryPoint","urlTemplate":"https:\/\/madeinzaragoza.es\/blog\/?s={search_term_string}"},"query-input":"required name=search_term_string"}],"inLanguage":"es"},{"@type":"Organization","@id":"https:\/\/madeinzaragoza.es\/blog\/#organization","name":"Made In Zaragoza","url":"https:\/\/madeinzaragoza.es\/blog\/","sameAs":["https:\/\/www.instagram.com\/madeinzaragoza.es\/","https:\/\/www.facebook.com\/madeinzaragoza.es\/","https:\/\/twitter.com\/madeinzaragoza"],"logo":{"@type":"ImageObject","inLanguage":"es","@id":"https:\/\/madeinzaragoza.es\/blog\/#\/schema\/logo\/image\/","url":"https:\/\/madeinzaragoza.es\/blog\/wp-content\/uploads\/2022\/05\/logo.png","contentUrl":"https:\/\/madeinzaragoza.es\/blog\/wp-content\/uploads\/2022\/05\/logo.png","width":193,"height":176,"caption":"Made In Zaragoza"},"image":{"@id":"https:\/\/madeinzaragoza.es\/blog\/#\/schema\/logo\/image\/"}},{"@type":"Person","@id":"https:\/\/madeinzaragoza.es\/blog\/#\/schema\/person\/2be127b852a0b08631b50fb4671faf1c","name":"Miriam Almaz\u00e1n","image":{"@type":"ImageObject","inLanguage":"es","@id":"https:\/\/madeinzaragoza.es\/blog\/#\/schema\/person\/image\/","url":"https:\/\/secure.gravatar.com\/avatar\/c71735d28e0857558d07859b9bc0baef?s=96&d=mm&r=g","contentUrl":"https:\/\/secure.gravatar.com\/avatar\/c71735d28e0857558d07859b9bc0baef?s=96&d=mm&r=g","caption":"Miriam Almaz\u00e1n"},"description":"Miriam Almaz\u00e1n es economista y consultora de negocio en Afiris, donde lidera proyectos con energ\u00eda y creatividad. Con m\u00e1s de 15 a\u00f1os de experiencia en asesor\u00eda y formaci\u00f3n, acompa\u00f1a a emprendedores y negocios locales en el Laboratorio de Innovaci\u00f3n Comercial de Made in Zaragoza (MIZ-Lab), ayud\u00e1ndoles a analizar y definir sus estrategias de negocio.","sameAs":["https:\/\/www.afiris.es\/","https:\/\/www.linkedin.com\/in\/miriamelenaalmazan?originalSubdomain=es"],"url":"https:\/\/madeinzaragoza.es\/blog\/author\/miriamalmazan\/"}]}},"_links":{"self":[{"href":"https:\/\/madeinzaragoza.es\/blog\/wp-json\/wp\/v2\/posts\/45381"}],"collection":[{"href":"https:\/\/madeinzaragoza.es\/blog\/wp-json\/wp\/v2\/posts"}],"about":[{"href":"https:\/\/madeinzaragoza.es\/blog\/wp-json\/wp\/v2\/types\/post"}],"author":[{"embeddable":true,"href":"https:\/\/madeinzaragoza.es\/blog\/wp-json\/wp\/v2\/users\/82"}],"replies":[{"embeddable":true,"href":"https:\/\/madeinzaragoza.es\/blog\/wp-json\/wp\/v2\/comments?post=45381"}],"version-history":[{"count":2,"href":"https:\/\/madeinzaragoza.es\/blog\/wp-json\/wp\/v2\/posts\/45381\/revisions"}],"predecessor-version":[{"id":45467,"href":"https:\/\/madeinzaragoza.es\/blog\/wp-json\/wp\/v2\/posts\/45381\/revisions\/45467"}],"wp:featuredmedia":[{"embeddable":true,"href":"https:\/\/madeinzaragoza.es\/blog\/wp-json\/wp\/v2\/media\/45384"}],"wp:attachment":[{"href":"https:\/\/madeinzaragoza.es\/blog\/wp-json\/wp\/v2\/media?parent=45381"}],"wp:term":[{"taxonomy":"category","embeddable":true,"href":"https:\/\/madeinzaragoza.es\/blog\/wp-json\/wp\/v2\/categories?post=45381"},{"taxonomy":"post_tag","embeddable":true,"href":"https:\/\/madeinzaragoza.es\/blog\/wp-json\/wp\/v2\/tags?post=45381"}],"curies":[{"name":"wp","href":"https:\/\/api.w.org\/{rel}","templated":true}]}}