{"id":45221,"date":"2026-03-11T08:08:00","date_gmt":"2026-03-11T07:08:00","guid":{"rendered":"http:\/\/madeinzaragoza.es\/blog\/?p=45221"},"modified":"2026-03-08T22:11:09","modified_gmt":"2026-03-08T21:11:09","slug":"miz-lab-10-comunicacion-digital-cuericos","status":"publish","type":"post","link":"https:\/\/madeinzaragoza.es\/blog\/miz-lab-10-comunicacion-digital-cuericos\/","title":{"rendered":"MIZ-Lab 10: Nos ponemos a trabajar \u2013 segunda y tercera sesi\u00f3n de comunicaci\u00f3n con Cuericos"},"content":{"rendered":"\n<p>Elena y Ana de <strong><a href=\"https:\/\/www.cuericos.es\/\">Cuericos<\/a><\/strong> son dos personas muy implicadas con su negocio. Saben lo que quieren y desean aprender a comunicarlo mejor. En esta <a href=\"https:\/\/madeinzaragoza.es\/mizlab\/edicion.php?id=10\">d\u00e9cima edici\u00f3n del <strong>MIZ-Lab<\/strong> de Made in Zaragoza<\/a>, y durante las sesiones 2 y 3 de comunicaci\u00f3n, nos ponemos \u201cel mono de trabajo\u201d para desarrollar las acciones necesarias que les permitan comunicar de manera m\u00e1s efectiva lo que hacen.<\/p>\n\n\n\n<p><\/p>\n\n\n\n<h2 class=\"wp-block-heading\"><strong>La importancia de unos cimientos s\u00f3lidos en comunicaci\u00f3n<\/strong><\/h2>\n\n\n\n<p>Cualquier negocio local necesita de unos cimientos s\u00f3lidos en su comunicaci\u00f3n. Primero, porque son <strong>comercios de proximidad<\/strong>; y segundo, porque tienen <strong>un valor a\u00f1adido distinto <\/strong>a las grandes superficies y franquicias. Si como peque\u00f1o comercio queremos emular a los grandes, adem\u00e1s de que es imposible por los recursos que tienen, es improductivo. No lograremos m\u00e1s que quebraderos de cabeza, y no llegaremos a nuestro p\u00fablico de verdad. <\/p>\n\n\n\n<p>Con Cuericos, hemos trabajado estos aspectos en su comunicaci\u00f3n digital, y luego veremos c\u00f3mo ponerlo en pr\u00e1ctica:<\/p>\n\n\n\n<h3 class=\"wp-block-heading\">1. Mensaje claro y coherente<\/h3>\n\n\n\n<p>Antes de publicar, define qui\u00e9n eres, a qui\u00e9n te diriges y qu\u00e9 problema solucionas. Un mensaje sencillo y repetible hace que los clientes te recuerden. <\/p>\n\n\n\n<p>Cuericos es un negocio local que potencia el trabajo artesanal y los materiales naturales, adem\u00e1s de compartir conocimiento mediante talleres presenciales. Definir claramente qu\u00e9 beneficio reciben las personas que compran o asisten a los talleres es esencial.<\/p>\n\n\n\n<p>La claridad evita confusi\u00f3n y genera confianza. Cuando los clientes entienden r\u00e1pidamente la propuesta de valor, se sienten atra\u00eddos y conectan con el negocio. Mantener coherencia en el mensaje tambi\u00e9n fortalece la identidad de la marca y permite que todo el contenido tenga un hilo conductor.<\/p>\n\n\n\n<p><\/p>\n\n\n\n<h3 class=\"wp-block-heading\">2. Mostrar cercan\u00eda y humanidad<\/h3>\n\n\n\n<p>Las redes sociales son un espacio para crear v\u00ednculos, no solo para mostrar productos o servicios. <strong>Mostrar el lado humano de tu negocio<\/strong> ayuda a que los clientes conf\u00eden y se identifiquen contigo. <\/p>\n\n\n\n<p>Contar historias, compartir procesos o hablar en primera persona acerca de la filosof\u00eda de la empresa permite que la audiencia perciba autenticidad. Esta cercan\u00eda hace que la comunicaci\u00f3n sea m\u00e1s atractiva y que los clientes potenciales se sientan parte de la comunidad del negocio, en lugar de simples receptores de publicidad.<\/p>\n\n\n\n<p><strong>Cuericos aprende a utilizar la IA<\/strong>, si, pero no para todo ni en todo. Un complemento para estructurar mensajes, mejorar los dise\u00f1os, y potenciar las palabras clave esenciales en cada publicaci\u00f3n que hagan.<\/p>\n\n\n\n<p><\/p>\n\n\n\n<figure class=\"wp-block-gallery has-nested-images columns-default is-cropped wp-block-gallery-1 is-layout-flex wp-block-gallery-is-layout-flex\">\n<figure class=\"wp-block-image size-large\"><img loading=\"lazy\" decoding=\"async\" width=\"692\" height=\"726\" data-id=\"45396\" src=\"https:\/\/madeinzaragoza.es\/blog\/wp-content\/uploads\/2026\/03\/taller-cuericos-1.png\" alt=\"\" class=\"wp-image-45396\" srcset=\"https:\/\/madeinzaragoza.es\/blog\/wp-content\/uploads\/2026\/03\/taller-cuericos-1.png 692w, https:\/\/madeinzaragoza.es\/blog\/wp-content\/uploads\/2026\/03\/taller-cuericos-1-429x450.png 429w\" sizes=\"(max-width: 709px) 85vw, (max-width: 909px) 67vw, (max-width: 984px) 61vw, (max-width: 1362px) 45vw, 600px\" \/><\/figure>\n\n\n\n<figure class=\"wp-block-image size-large\"><img loading=\"lazy\" decoding=\"async\" width=\"620\" height=\"718\" data-id=\"45395\" src=\"https:\/\/madeinzaragoza.es\/blog\/wp-content\/uploads\/2026\/03\/taller-cuericos-2.png\" alt=\"\" class=\"wp-image-45395\" srcset=\"https:\/\/madeinzaragoza.es\/blog\/wp-content\/uploads\/2026\/03\/taller-cuericos-2.png 620w, https:\/\/madeinzaragoza.es\/blog\/wp-content\/uploads\/2026\/03\/taller-cuericos-2-389x450.png 389w\" sizes=\"(max-width: 709px) 85vw, (max-width: 909px) 67vw, (max-width: 984px) 61vw, (max-width: 1362px) 45vw, 600px\" \/><\/figure>\n<\/figure>\n\n\n\n<p><\/p>\n\n\n\n<h3 class=\"wp-block-heading\"><strong>3. Contenido que aporte valor<\/strong><\/h3>\n\n\n\n<p>Un negocio local debe <strong>equilibrar la comunicaci\u00f3n entre promoci\u00f3n y valor real<\/strong> para la audiencia. Compartir contenido que sea educativo, informativo o inspirador ayuda a que los seguidores perciban tu marca como \u00fatil y relevante.  Este tipo de comunicaci\u00f3n construye autoridad y credibilidad en el sector, y hace que la comunidad busque activamente tus publicaciones. <\/p>\n\n\n\n<p>Cuando el contenido aporta valor y resuelve dudas o problemas de la audiencia, la relaci\u00f3n con los clientes se fortalece y aumenta la probabilidad de que conf\u00eden en tu negocio a la hora de tomar decisiones.<\/p>\n\n\n\n<p>Como negocio de proximidad, Cuericos ha entendido que tiene que diferenciarse n los contenidos, poner cara  alas personas que vienen a sus talleres, ponerle cara a ellas, especialmente a Elena, como hilo conductor de una comunicaci\u00f3n cercana y que sea un im\u00e1n para generar clientas y clientes recurrentes, tanto en compras, como en sus talleres presenciales.<\/p>\n\n\n\n<p><\/p>\n\n\n\n<h3 class=\"wp-block-heading\"><strong>4. Coherencia y constancia visual<\/strong><\/h3>\n\n\n\n<p>La <strong>regularidad en la publicaci\u00f3n y la coherencia en el estilo visual<\/strong> son esenciales para que un negocio local se haga reconocible en redes. Publicar de manera constante permite que la comunidad se acostumbre a tu presencia y genere expectativas sobre tu contenido. <\/p>\n\n\n\n<p>Mantener un estilo definido en colores, tipograf\u00eda y tono de comunicaci\u00f3n hace que cada publicaci\u00f3n sea identificable y refuerza la imagen de marca. La constancia visual genera confianza, profesionalismo y facilita que el p\u00fablico recuerde el negocio.<\/p>\n\n\n\n<p>Cuericos ha aprendido a editar y programar sus publicaciones para el mejor momento seg\u00fan su propia audiencia, a medir esencialmente c\u00f3mo les funcionan las cosas, y a reutilizar el contenido que genera m\u00e1s impacto. <\/p>\n\n\n\n<p>Saben que pueden llevar una comunicaci\u00f3n digital m\u00e1s eficaz, sin publicar lo primero que se les ocurra, o lo que mejor les vaya en cada momento por mera comodidad. Planificar los contenidos es esencial para que la visibilidad de Cuericos crezca en el futuro. <\/p>\n\n\n\n<p><\/p>\n\n\n\n<h3 class=\"wp-block-heading\"><strong>5. Generar conversaci\u00f3n e interacci\u00f3n<\/strong><\/h3>\n\n\n\n<p>El objetivo de la comunicaci\u00f3n digital no es solo ser visto, sino <strong>interactuar con la comunidad<\/strong>. Fomentar la conversaci\u00f3n convierte las redes sociales en un canal de relaci\u00f3n bidireccional, donde los clientes se sienten escuchados y valorados. <\/p>\n\n\n\n<p>Hacer preguntas, invitar a participar, responder comentarios y mensajes r\u00e1pidamente aumenta el compromiso y la fidelidad. Cuanto m\u00e1s interact\u00faan los seguidores con el negocio, mayor es la visibilidad de la marca y m\u00e1s s\u00f3lida se vuelve la conexi\u00f3n con la comunidad. <\/p>\n\n\n\n<p>La conversaci\u00f3n constante tambi\u00e9n permite conocer mejor las necesidades de los clientes y adaptar la comunicaci\u00f3n de manera efectiva.<\/p>\n\n\n\n<p>Los <strong>ganchos <\/strong>y las<strong> llamadas a la acci\u00f3n<\/strong> (<strong>CTAs<\/strong>) en cada mensaje es fundamental. Cuericos lo saben ya. No se puede publicar el mero mensaje informativo. cada post tiene un objetivo, y armamos toda la conversaci\u00f3n en base a ello. <\/p>\n\n\n\n<h2 class=\"wp-block-heading\">Herramientas y canales para comunicar mejor<\/h2>\n\n\n\n<p>Cuericos sabe que ahora hay que poner se a trabajar para comunicar sus valores, quienes son ellas, lo que hacen, de manera m\u00e1s profesional, y tambi\u00e9n m\u00e1s efectiva. mejor y en menos tiempo de ejecuci\u00f3n.<\/p>\n\n\n\n<p><strong>1. Cuericos usar\u00e1 Instagram como el principal canal de comunicaci\u00f3n. <\/strong>Ha aprendido a c\u00f3mo armar un buen mensaje (copy), d\u00f3nde y c\u00f3mo utilizar los hashtags, c\u00f3mo utilizar los diferentes formatos que nos ofrece Instagram, y para qu\u00e9 sirven cada uno de ellos. <\/p>\n\n\n\n<p><strong>2. Facebook ser\u00e1 el complemento en comunicaci\u00f3n para atraer al p\u00fablico m\u00e1s maduro<\/strong> que tambi\u00e9n consume sus productos y servicios. Que tambi\u00e9n acude a sus talleres presenciales y con los que comparten experiencias. No podemos dejarlo de lado, porque funciona realmente bien si lo utilizamos bien.<\/p>\n\n\n\n<p><strong>3. Anuncios segmentados:<\/strong> hemos aprendido a hacer una segmentaci\u00f3n de anuncios b\u00e1sica, pero bien hecha. Paso a paso, para atraer a perosnas similares en audiencia a la que ya tienen. <\/p>\n\n\n\n<p><strong>4. Canva como herramienta de dise\u00f1o gratuita esencial <\/strong>en la configuraci\u00f3n de los carruseles, de las fotos y de los v\u00eddeos. Primero porque ofrece muchos recursos gratuitos; y segundo, porque podemos trabajar sobre plantillas hechas para generar otras nuevas. <\/p>\n\n\n\n<p>Elena y Ana han demostrado disposici\u00f3n y curiosidad, cualidades fundamentales para que la comunicaci\u00f3n sea efectiva y genere mayor visibilidad. Ser visibles es clave tanto para mantener a su p\u00fablico actual como para atraer a nuevos clientes que valoren la artesan\u00eda de Cuericos.<\/p>\n\n\n\n<p><\/p>\n","protected":false},"excerpt":{"rendered":"<p>Elena y Ana de Cuericos son dos personas muy implicadas con su negocio. Saben lo que quieren y desean aprender a comunicarlo mejor. En esta d\u00e9cima edici\u00f3n del MIZ-Lab de Made in Zaragoza, y durante las sesiones 2 y 3 de comunicaci\u00f3n, nos ponemos \u201cel mono de trabajo\u201d para desarrollar las acciones necesarias que les &hellip; <a href=\"https:\/\/madeinzaragoza.es\/blog\/miz-lab-10-comunicacion-digital-cuericos\/\" class=\"more-link\">Continuar leyendo<span class=\"screen-reader-text\"> \u00abMIZ-Lab 10: Nos ponemos a trabajar \u2013 segunda y tercera sesi\u00f3n de comunicaci\u00f3n con Cuericos\u00bb<\/span><\/a><\/p>\n","protected":false},"author":63,"featured_media":45225,"comment_status":"open","ping_status":"open","sticky":false,"template":"","format":"standard","meta":{"footnotes":""},"categories":[1554],"tags":[2921,2904,2580,1614,2905,1098],"yoast_head":"<!-- This site is optimized with the Yoast SEO plugin v19.7.2 - https:\/\/yoast.com\/wordpress\/plugins\/seo\/ -->\n<title>MIZ-Lab 10: Nos ponemos a trabajar \u2013 segunda y tercera sesi\u00f3n de comunicaci\u00f3n con Cuericos - Made in Zaragoza<\/title>\n<meta name=\"description\" content=\"En MIZ-Lab 10 trabajamos la comunicaci\u00f3n de Cuericos: mensaje claro, contenido de valor, redes sociales, interacci\u00f3n con la comunidad y herramientas pr\u00e1cticas para crecer.\" \/>\n<meta name=\"robots\" content=\"index, follow, max-snippet:-1, max-image-preview:large, max-video-preview:-1\" \/>\n<link rel=\"canonical\" href=\"https:\/\/madeinzaragoza.es\/blog\/miz-lab-10-comunicacion-digital-cuericos\/\" \/>\n<meta property=\"og:locale\" content=\"es_ES\" \/>\n<meta property=\"og:type\" content=\"article\" \/>\n<meta property=\"og:title\" content=\"MIZ-Lab 10: Nos ponemos a trabajar \u2013 segunda y tercera sesi\u00f3n de comunicaci\u00f3n con Cuericos - Made in Zaragoza\" \/>\n<meta property=\"og:description\" content=\"En MIZ-Lab 10 trabajamos la comunicaci\u00f3n de Cuericos: mensaje claro, contenido de valor, redes sociales, interacci\u00f3n con la comunidad y herramientas pr\u00e1cticas para crecer.\" \/>\n<meta property=\"og:url\" content=\"https:\/\/madeinzaragoza.es\/blog\/miz-lab-10-comunicacion-digital-cuericos\/\" \/>\n<meta property=\"og:site_name\" content=\"Made in Zaragoza\" \/>\n<meta property=\"article:publisher\" content=\"https:\/\/www.facebook.com\/madeinzaragoza.es\/\" \/>\n<meta property=\"article:published_time\" content=\"2026-03-11T07:08:00+00:00\" \/>\n<meta property=\"article:modified_time\" content=\"2026-03-08T21:11:09+00:00\" \/>\n<meta property=\"og:image\" content=\"https:\/\/madeinzaragoza.es\/blog\/wp-content\/uploads\/2026\/02\/mizlab-10-cuericos-post-2-made-in-zaragoza.png\" \/>\n\t<meta property=\"og:image:width\" content=\"1200\" \/>\n\t<meta property=\"og:image:height\" content=\"675\" \/>\n\t<meta property=\"og:image:type\" content=\"image\/png\" \/>\n<meta name=\"author\" content=\"Fernando Cebolla\" \/>\n<meta name=\"twitter:card\" content=\"summary\" \/>\n<meta name=\"twitter:creator\" content=\"@fcpsocialmedia\" \/>\n<meta name=\"twitter:site\" content=\"@madeinzaragoza\" \/>\n<meta name=\"twitter:label1\" content=\"Escrito por\" \/>\n\t<meta name=\"twitter:data1\" content=\"Fernando Cebolla\" \/>\n\t<meta name=\"twitter:label2\" content=\"Tiempo de lectura\" \/>\n\t<meta name=\"twitter:data2\" content=\"6 minutos\" \/>\n<script type=\"application\/ld+json\" class=\"yoast-schema-graph\">{\"@context\":\"https:\/\/schema.org\",\"@graph\":[{\"@type\":\"Article\",\"@id\":\"https:\/\/madeinzaragoza.es\/blog\/miz-lab-10-comunicacion-digital-cuericos\/#article\",\"isPartOf\":{\"@id\":\"https:\/\/madeinzaragoza.es\/blog\/miz-lab-10-comunicacion-digital-cuericos\/\"},\"author\":{\"name\":\"Fernando Cebolla\",\"@id\":\"https:\/\/madeinzaragoza.es\/blog\/#\/schema\/person\/dfd0dc5fdb51dc5dcd948dc49fce07b0\"},\"headline\":\"MIZ-Lab 10: Nos ponemos a trabajar \u2013 segunda y tercera sesi\u00f3n de comunicaci\u00f3n con Cuericos\",\"datePublished\":\"2026-03-11T07:08:00+00:00\",\"dateModified\":\"2026-03-08T21:11:09+00:00\",\"mainEntityOfPage\":{\"@id\":\"https:\/\/madeinzaragoza.es\/blog\/miz-lab-10-comunicacion-digital-cuericos\/\"},\"wordCount\":1181,\"commentCount\":0,\"publisher\":{\"@id\":\"https:\/\/madeinzaragoza.es\/blog\/#organization\"},\"keywords\":[\"comunicaci\u00f3n digital\",\"Cuericos\",\"Made In Zaragoza\",\"MIZ-LAB\",\"mizlab 10\",\"redes sociales\"],\"articleSection\":[\"MIZ-Lab\"],\"inLanguage\":\"es\",\"potentialAction\":[{\"@type\":\"CommentAction\",\"name\":\"Comment\",\"target\":[\"https:\/\/madeinzaragoza.es\/blog\/miz-lab-10-comunicacion-digital-cuericos\/#respond\"]}]},{\"@type\":\"WebPage\",\"@id\":\"https:\/\/madeinzaragoza.es\/blog\/miz-lab-10-comunicacion-digital-cuericos\/\",\"url\":\"https:\/\/madeinzaragoza.es\/blog\/miz-lab-10-comunicacion-digital-cuericos\/\",\"name\":\"MIZ-Lab 10: Nos ponemos a trabajar \u2013 segunda y tercera sesi\u00f3n de comunicaci\u00f3n con Cuericos - Made in Zaragoza\",\"isPartOf\":{\"@id\":\"https:\/\/madeinzaragoza.es\/blog\/#website\"},\"datePublished\":\"2026-03-11T07:08:00+00:00\",\"dateModified\":\"2026-03-08T21:11:09+00:00\",\"description\":\"En MIZ-Lab 10 trabajamos la comunicaci\u00f3n de Cuericos: mensaje claro, contenido de valor, redes sociales, interacci\u00f3n con la comunidad y herramientas pr\u00e1cticas para crecer.\",\"breadcrumb\":{\"@id\":\"https:\/\/madeinzaragoza.es\/blog\/miz-lab-10-comunicacion-digital-cuericos\/#breadcrumb\"},\"inLanguage\":\"es\",\"potentialAction\":[{\"@type\":\"ReadAction\",\"target\":[\"https:\/\/madeinzaragoza.es\/blog\/miz-lab-10-comunicacion-digital-cuericos\/\"]}]},{\"@type\":\"BreadcrumbList\",\"@id\":\"https:\/\/madeinzaragoza.es\/blog\/miz-lab-10-comunicacion-digital-cuericos\/#breadcrumb\",\"itemListElement\":[{\"@type\":\"ListItem\",\"position\":1,\"name\":\"Portada\",\"item\":\"https:\/\/madeinzaragoza.es\/blog\/\"},{\"@type\":\"ListItem\",\"position\":2,\"name\":\"MIZ-Lab 10: Nos ponemos a trabajar \u2013 segunda y tercera sesi\u00f3n de comunicaci\u00f3n con Cuericos\"}]},{\"@type\":\"WebSite\",\"@id\":\"https:\/\/madeinzaragoza.es\/blog\/#website\",\"url\":\"https:\/\/madeinzaragoza.es\/blog\/\",\"name\":\"Made in Zaragoza\",\"description\":\"Blog de MadeinZGZ, Red de Econom\u00eda Creativa de Zaragoza\",\"publisher\":{\"@id\":\"https:\/\/madeinzaragoza.es\/blog\/#organization\"},\"potentialAction\":[{\"@type\":\"SearchAction\",\"target\":{\"@type\":\"EntryPoint\",\"urlTemplate\":\"https:\/\/madeinzaragoza.es\/blog\/?s={search_term_string}\"},\"query-input\":\"required name=search_term_string\"}],\"inLanguage\":\"es\"},{\"@type\":\"Organization\",\"@id\":\"https:\/\/madeinzaragoza.es\/blog\/#organization\",\"name\":\"Made In Zaragoza\",\"url\":\"https:\/\/madeinzaragoza.es\/blog\/\",\"sameAs\":[\"https:\/\/www.instagram.com\/madeinzaragoza.es\/\",\"https:\/\/www.facebook.com\/madeinzaragoza.es\/\",\"https:\/\/twitter.com\/madeinzaragoza\"],\"logo\":{\"@type\":\"ImageObject\",\"inLanguage\":\"es\",\"@id\":\"https:\/\/madeinzaragoza.es\/blog\/#\/schema\/logo\/image\/\",\"url\":\"https:\/\/madeinzaragoza.es\/blog\/wp-content\/uploads\/2022\/05\/logo.png\",\"contentUrl\":\"https:\/\/madeinzaragoza.es\/blog\/wp-content\/uploads\/2022\/05\/logo.png\",\"width\":193,\"height\":176,\"caption\":\"Made In Zaragoza\"},\"image\":{\"@id\":\"https:\/\/madeinzaragoza.es\/blog\/#\/schema\/logo\/image\/\"}},{\"@type\":\"Person\",\"@id\":\"https:\/\/madeinzaragoza.es\/blog\/#\/schema\/person\/dfd0dc5fdb51dc5dcd948dc49fce07b0\",\"name\":\"Fernando Cebolla\",\"image\":{\"@type\":\"ImageObject\",\"inLanguage\":\"es\",\"@id\":\"https:\/\/madeinzaragoza.es\/blog\/#\/schema\/person\/image\/\",\"url\":\"https:\/\/secure.gravatar.com\/avatar\/bf5c705d25b1b881bc79c29530006274?s=96&d=mm&r=g\",\"contentUrl\":\"https:\/\/secure.gravatar.com\/avatar\/bf5c705d25b1b881bc79c29530006274?s=96&d=mm&r=g\",\"caption\":\"Fernando Cebolla\"},\"description\":\"Fernando Cebolla es consultor de comunicaci\u00f3n digital de emprendedores en el MIZ-Lab, especializado en visibilidad y estrategia digital para empresas. Como Social Media Manager, ayuda a negocios a ganar alcance, contactos y reputaci\u00f3n en redes sociales, conectando su mensaje con las audiencias adecuadas.\",\"sameAs\":[\"http:\/\/fernandocebolla.com\/\",\"https:\/\/www.instagram.com\/tusocialmediamanager\/?hl=es\",\"https:\/\/www.linkedin.com\/in\/fernandocebollapola\/?originalSubdomain=es\",\"https:\/\/twitter.com\/fcpsocialmedia\"],\"url\":\"https:\/\/madeinzaragoza.es\/blog\/author\/fernandocebolla\/\"}]}<\/script>\n<!-- \/ Yoast SEO plugin. -->","yoast_head_json":{"title":"MIZ-Lab 10: Nos ponemos a trabajar \u2013 segunda y tercera sesi\u00f3n de comunicaci\u00f3n con Cuericos - Made in Zaragoza","description":"En MIZ-Lab 10 trabajamos la comunicaci\u00f3n de Cuericos: mensaje claro, contenido de valor, redes sociales, interacci\u00f3n con la comunidad y herramientas pr\u00e1cticas para crecer.","robots":{"index":"index","follow":"follow","max-snippet":"max-snippet:-1","max-image-preview":"max-image-preview:large","max-video-preview":"max-video-preview:-1"},"canonical":"https:\/\/madeinzaragoza.es\/blog\/miz-lab-10-comunicacion-digital-cuericos\/","og_locale":"es_ES","og_type":"article","og_title":"MIZ-Lab 10: Nos ponemos a trabajar \u2013 segunda y tercera sesi\u00f3n de comunicaci\u00f3n con Cuericos - Made in Zaragoza","og_description":"En MIZ-Lab 10 trabajamos la comunicaci\u00f3n de Cuericos: mensaje claro, contenido de valor, redes sociales, interacci\u00f3n con la comunidad y herramientas pr\u00e1cticas para crecer.","og_url":"https:\/\/madeinzaragoza.es\/blog\/miz-lab-10-comunicacion-digital-cuericos\/","og_site_name":"Made in Zaragoza","article_publisher":"https:\/\/www.facebook.com\/madeinzaragoza.es\/","article_published_time":"2026-03-11T07:08:00+00:00","article_modified_time":"2026-03-08T21:11:09+00:00","og_image":[{"width":1200,"height":675,"url":"https:\/\/madeinzaragoza.es\/blog\/wp-content\/uploads\/2026\/02\/mizlab-10-cuericos-post-2-made-in-zaragoza.png","type":"image\/png"}],"author":"Fernando Cebolla","twitter_card":"summary","twitter_creator":"@fcpsocialmedia","twitter_site":"@madeinzaragoza","twitter_misc":{"Escrito por":"Fernando Cebolla","Tiempo de lectura":"6 minutos"},"schema":{"@context":"https:\/\/schema.org","@graph":[{"@type":"Article","@id":"https:\/\/madeinzaragoza.es\/blog\/miz-lab-10-comunicacion-digital-cuericos\/#article","isPartOf":{"@id":"https:\/\/madeinzaragoza.es\/blog\/miz-lab-10-comunicacion-digital-cuericos\/"},"author":{"name":"Fernando Cebolla","@id":"https:\/\/madeinzaragoza.es\/blog\/#\/schema\/person\/dfd0dc5fdb51dc5dcd948dc49fce07b0"},"headline":"MIZ-Lab 10: Nos ponemos a trabajar \u2013 segunda y tercera sesi\u00f3n de comunicaci\u00f3n con Cuericos","datePublished":"2026-03-11T07:08:00+00:00","dateModified":"2026-03-08T21:11:09+00:00","mainEntityOfPage":{"@id":"https:\/\/madeinzaragoza.es\/blog\/miz-lab-10-comunicacion-digital-cuericos\/"},"wordCount":1181,"commentCount":0,"publisher":{"@id":"https:\/\/madeinzaragoza.es\/blog\/#organization"},"keywords":["comunicaci\u00f3n digital","Cuericos","Made In Zaragoza","MIZ-LAB","mizlab 10","redes sociales"],"articleSection":["MIZ-Lab"],"inLanguage":"es","potentialAction":[{"@type":"CommentAction","name":"Comment","target":["https:\/\/madeinzaragoza.es\/blog\/miz-lab-10-comunicacion-digital-cuericos\/#respond"]}]},{"@type":"WebPage","@id":"https:\/\/madeinzaragoza.es\/blog\/miz-lab-10-comunicacion-digital-cuericos\/","url":"https:\/\/madeinzaragoza.es\/blog\/miz-lab-10-comunicacion-digital-cuericos\/","name":"MIZ-Lab 10: Nos ponemos a trabajar \u2013 segunda y tercera sesi\u00f3n de comunicaci\u00f3n con Cuericos - Made in Zaragoza","isPartOf":{"@id":"https:\/\/madeinzaragoza.es\/blog\/#website"},"datePublished":"2026-03-11T07:08:00+00:00","dateModified":"2026-03-08T21:11:09+00:00","description":"En MIZ-Lab 10 trabajamos la comunicaci\u00f3n de Cuericos: mensaje claro, contenido de valor, redes sociales, interacci\u00f3n con la comunidad y herramientas pr\u00e1cticas para crecer.","breadcrumb":{"@id":"https:\/\/madeinzaragoza.es\/blog\/miz-lab-10-comunicacion-digital-cuericos\/#breadcrumb"},"inLanguage":"es","potentialAction":[{"@type":"ReadAction","target":["https:\/\/madeinzaragoza.es\/blog\/miz-lab-10-comunicacion-digital-cuericos\/"]}]},{"@type":"BreadcrumbList","@id":"https:\/\/madeinzaragoza.es\/blog\/miz-lab-10-comunicacion-digital-cuericos\/#breadcrumb","itemListElement":[{"@type":"ListItem","position":1,"name":"Portada","item":"https:\/\/madeinzaragoza.es\/blog\/"},{"@type":"ListItem","position":2,"name":"MIZ-Lab 10: Nos ponemos a trabajar \u2013 segunda y tercera sesi\u00f3n de comunicaci\u00f3n con Cuericos"}]},{"@type":"WebSite","@id":"https:\/\/madeinzaragoza.es\/blog\/#website","url":"https:\/\/madeinzaragoza.es\/blog\/","name":"Made in Zaragoza","description":"Blog de MadeinZGZ, Red de Econom\u00eda Creativa de Zaragoza","publisher":{"@id":"https:\/\/madeinzaragoza.es\/blog\/#organization"},"potentialAction":[{"@type":"SearchAction","target":{"@type":"EntryPoint","urlTemplate":"https:\/\/madeinzaragoza.es\/blog\/?s={search_term_string}"},"query-input":"required name=search_term_string"}],"inLanguage":"es"},{"@type":"Organization","@id":"https:\/\/madeinzaragoza.es\/blog\/#organization","name":"Made In Zaragoza","url":"https:\/\/madeinzaragoza.es\/blog\/","sameAs":["https:\/\/www.instagram.com\/madeinzaragoza.es\/","https:\/\/www.facebook.com\/madeinzaragoza.es\/","https:\/\/twitter.com\/madeinzaragoza"],"logo":{"@type":"ImageObject","inLanguage":"es","@id":"https:\/\/madeinzaragoza.es\/blog\/#\/schema\/logo\/image\/","url":"https:\/\/madeinzaragoza.es\/blog\/wp-content\/uploads\/2022\/05\/logo.png","contentUrl":"https:\/\/madeinzaragoza.es\/blog\/wp-content\/uploads\/2022\/05\/logo.png","width":193,"height":176,"caption":"Made In Zaragoza"},"image":{"@id":"https:\/\/madeinzaragoza.es\/blog\/#\/schema\/logo\/image\/"}},{"@type":"Person","@id":"https:\/\/madeinzaragoza.es\/blog\/#\/schema\/person\/dfd0dc5fdb51dc5dcd948dc49fce07b0","name":"Fernando Cebolla","image":{"@type":"ImageObject","inLanguage":"es","@id":"https:\/\/madeinzaragoza.es\/blog\/#\/schema\/person\/image\/","url":"https:\/\/secure.gravatar.com\/avatar\/bf5c705d25b1b881bc79c29530006274?s=96&d=mm&r=g","contentUrl":"https:\/\/secure.gravatar.com\/avatar\/bf5c705d25b1b881bc79c29530006274?s=96&d=mm&r=g","caption":"Fernando Cebolla"},"description":"Fernando Cebolla es consultor de comunicaci\u00f3n digital de emprendedores en el MIZ-Lab, especializado en visibilidad y estrategia digital para empresas. Como Social Media Manager, ayuda a negocios a ganar alcance, contactos y reputaci\u00f3n en redes sociales, conectando su mensaje con las audiencias adecuadas.","sameAs":["http:\/\/fernandocebolla.com\/","https:\/\/www.instagram.com\/tusocialmediamanager\/?hl=es","https:\/\/www.linkedin.com\/in\/fernandocebollapola\/?originalSubdomain=es","https:\/\/twitter.com\/fcpsocialmedia"],"url":"https:\/\/madeinzaragoza.es\/blog\/author\/fernandocebolla\/"}]}},"_links":{"self":[{"href":"https:\/\/madeinzaragoza.es\/blog\/wp-json\/wp\/v2\/posts\/45221"}],"collection":[{"href":"https:\/\/madeinzaragoza.es\/blog\/wp-json\/wp\/v2\/posts"}],"about":[{"href":"https:\/\/madeinzaragoza.es\/blog\/wp-json\/wp\/v2\/types\/post"}],"author":[{"embeddable":true,"href":"https:\/\/madeinzaragoza.es\/blog\/wp-json\/wp\/v2\/users\/63"}],"replies":[{"embeddable":true,"href":"https:\/\/madeinzaragoza.es\/blog\/wp-json\/wp\/v2\/comments?post=45221"}],"version-history":[{"count":4,"href":"https:\/\/madeinzaragoza.es\/blog\/wp-json\/wp\/v2\/posts\/45221\/revisions"}],"predecessor-version":[{"id":45397,"href":"https:\/\/madeinzaragoza.es\/blog\/wp-json\/wp\/v2\/posts\/45221\/revisions\/45397"}],"wp:featuredmedia":[{"embeddable":true,"href":"https:\/\/madeinzaragoza.es\/blog\/wp-json\/wp\/v2\/media\/45225"}],"wp:attachment":[{"href":"https:\/\/madeinzaragoza.es\/blog\/wp-json\/wp\/v2\/media?parent=45221"}],"wp:term":[{"taxonomy":"category","embeddable":true,"href":"https:\/\/madeinzaragoza.es\/blog\/wp-json\/wp\/v2\/categories?post=45221"},{"taxonomy":"post_tag","embeddable":true,"href":"https:\/\/madeinzaragoza.es\/blog\/wp-json\/wp\/v2\/tags?post=45221"}],"curies":[{"name":"wp","href":"https:\/\/api.w.org\/{rel}","templated":true}]}}