{"id":45048,"date":"2026-01-21T08:00:00","date_gmt":"2026-01-21T07:00:00","guid":{"rendered":"https:\/\/madeinzaragoza.es\/blog\/?p=45048"},"modified":"2026-01-20T22:55:35","modified_gmt":"2026-01-20T21:55:35","slug":"miz-lab-10-estrategia-negocio-artesania-cuericos","status":"publish","type":"post","link":"https:\/\/madeinzaragoza.es\/blog\/miz-lab-10-estrategia-negocio-artesania-cuericos\/","title":{"rendered":"Miz-Lab 10: Artesan\u00eda con visi\u00f3n de negocio, primera fase con Cuericos"},"content":{"rendered":"\n<p><strong>Estrategia y oficio en el taller de Cuericos<\/strong><\/p>\n\n\n\n<p>\u00a1Estamos en marcha! Parece que fue ayer cuando comenz\u00f3 este proyecto y ya vamos por la <a href=\"https:\/\/madeinzaragoza.es\/blog\/cuericos-proyecto-10a-edicion-del-miz-lab\/\">d\u00e9cima edici\u00f3n<\/a>. Seguimos col\u00e1ndonos en las trastiendas de los comercios m\u00e1s creativos de la red Made in Zaragoza para impulsar el talento local.<\/p>\n\n\n\n<p>En esta ocasi\u00f3n el negocio protagonista es <a href=\"https:\/\/www.cuericos.es\/\" target=\"_blank\" rel=\"noreferrer noopener\">Cuericos.<\/a>\u00a0<\/p>\n\n\n\n<p>Nada m\u00e1s entrar en su taller de la calle Las Armas, te envuelve ese olor inconfundible a cuero. Te rodean herramientas que cuentan historias: buriles, mazos y piezas repujadas que esperan su turno sobre la mesa de trabajo. All\u00ed me esperaban <strong>Elena Mart\u00edn<\/strong>, fundadora del proyecto, y <strong>Ana<\/strong>, que se ha sumado recientemente a esta aventura artesana.<\/p>\n\n\n\n<p>Pero como ya sab\u00e9is, en la fase de Estrategia del MIZ-Lab mi misi\u00f3n es mirar m\u00e1s all\u00e1 del producto: <strong>toca mirar el negocio.<\/strong><\/p>\n\n\n\n<p>Es la ocasi\u00f3n de parar un momento la producci\u00f3n, levantar la vista de la mesa de corte y preguntarse: <em>\u00ab\u00bfQui\u00e9nes somos y a d\u00f3nde queremos ir?\u00bb<\/em>.<\/p>\n\n\n\n<p>Elena y Ana son artesanas de verdad. Sus manos transforman el cuero en piezas \u00fanicas con t\u00e9cnicas complejas como el moldeado y el pintado a mano. Solo hace falta ver su <a href=\"https:\/\/www.instagram.com\/cuericos\/\" target=\"_blank\" rel=\"noreferrer noopener\">Instagram<\/a> para entender de qu\u00e9 hablo: es hipn\u00f3tico ver a Elena, pincel fino en mano, dando vida a sus <a href=\"https:\/\/www.instagram.com\/pajareles_con_pinceles\/\" target=\"_blank\" rel=\"noreferrer noopener\">p\u00e1jaros <\/a>con una paciencia infinita.\u00a0<\/p>\n\n\n\n<p>Cuericos ha ido creciendo en estructura y calidad, y ahora se trata de sentar unas buenas bases para seguir avanzando.<\/p>\n\n\n\n<p><\/p>\n\n\n\n<figure class=\"wp-block-gallery has-nested-images columns-default is-cropped wp-block-gallery-1 is-layout-flex wp-block-gallery-is-layout-flex\">\n<figure class=\"wp-block-image size-large\"><img loading=\"lazy\" decoding=\"async\" width=\"683\" height=\"1024\" data-id=\"45082\" src=\"https:\/\/madeinzaragoza.es\/blog\/wp-content\/uploads\/2026\/01\/cuericos1_257511434-683x1024.jpg\" alt=\"\" class=\"wp-image-45082\" srcset=\"https:\/\/madeinzaragoza.es\/blog\/wp-content\/uploads\/2026\/01\/cuericos1_257511434-683x1024.jpg 683w, https:\/\/madeinzaragoza.es\/blog\/wp-content\/uploads\/2026\/01\/cuericos1_257511434-300x450.jpg 300w, https:\/\/madeinzaragoza.es\/blog\/wp-content\/uploads\/2026\/01\/cuericos1_257511434-768x1151.jpg 768w, https:\/\/madeinzaragoza.es\/blog\/wp-content\/uploads\/2026\/01\/cuericos1_257511434.jpg 934w\" sizes=\"(max-width: 709px) 85vw, (max-width: 909px) 67vw, (max-width: 984px) 61vw, (max-width: 1362px) 45vw, 600px\" \/><\/figure>\n\n\n\n<figure class=\"wp-block-image size-large\"><img loading=\"lazy\" decoding=\"async\" width=\"683\" height=\"1024\" data-id=\"45083\" src=\"https:\/\/madeinzaragoza.es\/blog\/wp-content\/uploads\/2026\/01\/cuericos3_1251163506-683x1024.jpg\" alt=\"\" class=\"wp-image-45083\" srcset=\"https:\/\/madeinzaragoza.es\/blog\/wp-content\/uploads\/2026\/01\/cuericos3_1251163506-683x1024.jpg 683w, https:\/\/madeinzaragoza.es\/blog\/wp-content\/uploads\/2026\/01\/cuericos3_1251163506-300x450.jpg 300w, https:\/\/madeinzaragoza.es\/blog\/wp-content\/uploads\/2026\/01\/cuericos3_1251163506-768x1151.jpg 768w, https:\/\/madeinzaragoza.es\/blog\/wp-content\/uploads\/2026\/01\/cuericos3_1251163506.jpg 934w\" sizes=\"(max-width: 709px) 85vw, (max-width: 909px) 67vw, (max-width: 984px) 61vw, (max-width: 1362px) 45vw, 600px\" \/><\/figure>\n<\/figure>\n\n\n\n<p><\/p>\n\n\n\n<p>Desde la consultor\u00eda de estrategia buscamos definir los pilares para un <strong>crecimiento sostenible<\/strong>. Sin cambiar el alma artesana, pero ganando en rentabilidad y eficiencia. Para ello, hemos trabajado en tres frentes:<\/p>\n\n\n\n<ul>\n<li><strong>An\u00e1lisis del modelo de negocio:<\/strong> Cuericos no es solo venta de producto. Su vertiente de talleres y formaci\u00f3n es fundamental para conectar con el p\u00fablico y rentabilizar el espacio.<\/li>\n\n\n\n<li><strong>El valor de lo intangible:<\/strong> Hemos hablado de c\u00f3mo dignificar el encargo. La clientela debe entender que no compra un objeto, sino un proceso lento y minucioso.<\/li>\n\n\n\n<li><strong>La clientela ideal:<\/strong> Hemos empezado a poner \u00abcara y ojos\u00bb a quien valora realmente este trabajo.<\/li>\n<\/ul>\n\n\n\n<h2 class=\"wp-block-heading\"><strong>Pr\u00f3ximos pasos en el laboratorio de innovaci\u00f3n comercial<\/strong><\/h2>\n\n\n\n<p>Cuericos tiene unos cimientos s\u00f3lidos basados en la autenticidad. Mi trabajo es ayudar a Elena y Ana a trazar esa hoja de ruta, organizar sus roles y poner a su disposici\u00f3n herramientas \u00e1giles para que gestionen el proyecto con seguridad.<\/p>\n\n\n\n<p>Con los deberes de estrategia ya encargados, entra en juego el resto del equipo:<a href=\"https:\/\/recreandoestudio.com\/\" target=\"_blank\" rel=\"noreferrer noopener\"> Recreando Estudio Creativo<\/a>, que trabajar\u00e1 para que la imagen visual y el espacio de Cuericos respiren la misma calidad que sus productos , y<a href=\"https:\/\/fernandocebolla.com\/\" target=\"_blank\" rel=\"noreferrer noopener\"> Fernando Cebolla<\/a>, que se encargar\u00e1 de que el mensaje llegue alto y claro en el entorno digital.<\/p>\n\n\n\n<p>Sal\u00ed del taller de Cuericos con la libreta llena de notas y la certeza de que este equipo va a aprovechar al m\u00e1ximo la oportunidad. \u00a1Seguimos!<\/p>\n\n\n\n<p><\/p>\n\n\n\n<p><em>Si quieres seguir de cerca la evoluci\u00f3n del MIZLab y conocer todas las novedades de esta edici\u00f3n, puedes hacerlo a trav\u00e9s de la <a href=\"https:\/\/madeinzaragoza.es\/blog\/miz-lab\/\">secci\u00f3n del blog de Made in Zaragoza<\/a> y en nuestras redes sociales, donde iremos compartiendo avances, aprendizajes y pr\u00f3ximos pasos de los proyectos participantes.<\/em><\/p>\n","protected":false},"excerpt":{"rendered":"<p>Estrategia y oficio en el taller de Cuericos \u00a1Estamos en marcha! Parece que fue ayer cuando comenz\u00f3 este proyecto y ya vamos por la d\u00e9cima edici\u00f3n. Seguimos col\u00e1ndonos en las trastiendas de los comercios m\u00e1s creativos de la red Made in Zaragoza para impulsar el talento local. En esta ocasi\u00f3n el negocio protagonista es Cuericos.\u00a0 &hellip; <a href=\"https:\/\/madeinzaragoza.es\/blog\/miz-lab-10-estrategia-negocio-artesania-cuericos\/\" class=\"more-link\">Continuar leyendo<span class=\"screen-reader-text\"> \u00abMiz-Lab 10: Artesan\u00eda con visi\u00f3n de negocio, primera fase con Cuericos\u00bb<\/span><\/a><\/p>\n","protected":false},"author":82,"featured_media":45081,"comment_status":"open","ping_status":"open","sticky":false,"template":"","format":"standard","meta":{"footnotes":""},"categories":[1554],"tags":[2904,2908,2580,1614,2599,2905],"yoast_head":"<!-- This site is optimized with the Yoast SEO plugin v19.7.2 - https:\/\/yoast.com\/wordpress\/plugins\/seo\/ -->\n<title>Miz-Lab 10: Artesan\u00eda con visi\u00f3n de negocio, primera fase con Cuericos - Made in Zaragoza<\/title>\n<meta name=\"description\" content=\"As\u00ed fue la fase de estrategia del Miz-Lab 10 con Cuericos: artesan\u00eda, modelo de negocio y bases para un crecimiento sostenible.\" \/>\n<meta name=\"robots\" content=\"index, follow, max-snippet:-1, max-image-preview:large, max-video-preview:-1\" \/>\n<link rel=\"canonical\" href=\"https:\/\/madeinzaragoza.es\/blog\/miz-lab-10-estrategia-negocio-artesania-cuericos\/\" \/>\n<meta property=\"og:locale\" content=\"es_ES\" \/>\n<meta property=\"og:type\" content=\"article\" \/>\n<meta property=\"og:title\" content=\"Miz-Lab 10: Artesan\u00eda con visi\u00f3n de negocio, primera fase con Cuericos - Made in Zaragoza\" \/>\n<meta property=\"og:description\" content=\"As\u00ed fue la fase de estrategia del Miz-Lab 10 con Cuericos: artesan\u00eda, modelo de negocio y bases para un crecimiento sostenible.\" \/>\n<meta property=\"og:url\" content=\"https:\/\/madeinzaragoza.es\/blog\/miz-lab-10-estrategia-negocio-artesania-cuericos\/\" \/>\n<meta property=\"og:site_name\" content=\"Made in Zaragoza\" \/>\n<meta property=\"article:publisher\" content=\"https:\/\/www.facebook.com\/madeinzaragoza.es\/\" \/>\n<meta property=\"article:published_time\" content=\"2026-01-21T07:00:00+00:00\" \/>\n<meta property=\"article:modified_time\" content=\"2026-01-20T21:55:35+00:00\" \/>\n<meta property=\"og:image\" content=\"https:\/\/madeinzaragoza.es\/blog\/wp-content\/uploads\/2026\/01\/cuericos9_384851823.jpeg\" \/>\n\t<meta property=\"og:image:width\" content=\"1400\" \/>\n\t<meta property=\"og:image:height\" content=\"1120\" \/>\n\t<meta property=\"og:image:type\" content=\"image\/jpeg\" \/>\n<meta name=\"author\" content=\"Miriam Almaz\u00e1n\" \/>\n<meta name=\"twitter:card\" content=\"summary\" \/>\n<meta name=\"twitter:creator\" content=\"@madeinzaragoza\" \/>\n<meta name=\"twitter:site\" content=\"@madeinzaragoza\" \/>\n<meta name=\"twitter:label1\" content=\"Escrito por\" \/>\n\t<meta name=\"twitter:data1\" content=\"Miriam Almaz\u00e1n\" \/>\n\t<meta name=\"twitter:label2\" content=\"Tiempo de lectura\" \/>\n\t<meta name=\"twitter:data2\" content=\"3 minutos\" \/>\n<script type=\"application\/ld+json\" class=\"yoast-schema-graph\">{\"@context\":\"https:\/\/schema.org\",\"@graph\":[{\"@type\":\"Article\",\"@id\":\"https:\/\/madeinzaragoza.es\/blog\/miz-lab-10-estrategia-negocio-artesania-cuericos\/#article\",\"isPartOf\":{\"@id\":\"https:\/\/madeinzaragoza.es\/blog\/miz-lab-10-estrategia-negocio-artesania-cuericos\/\"},\"author\":{\"name\":\"Miriam Almaz\u00e1n\",\"@id\":\"http:\/\/madeinzaragoza.es\/blog\/#\/schema\/person\/2be127b852a0b08631b50fb4671faf1c\"},\"headline\":\"Miz-Lab 10: Artesan\u00eda con visi\u00f3n de negocio, primera fase con Cuericos\",\"datePublished\":\"2026-01-21T07:00:00+00:00\",\"dateModified\":\"2026-01-20T21:55:35+00:00\",\"mainEntityOfPage\":{\"@id\":\"https:\/\/madeinzaragoza.es\/blog\/miz-lab-10-estrategia-negocio-artesania-cuericos\/\"},\"wordCount\":558,\"commentCount\":0,\"publisher\":{\"@id\":\"http:\/\/madeinzaragoza.es\/blog\/#organization\"},\"keywords\":[\"Cuericos\",\"estrategia\",\"Made In Zaragoza\",\"MIZ-LAB\",\"mizlab\",\"mizlab 10\"],\"articleSection\":[\"MIZ-Lab\"],\"inLanguage\":\"es\",\"potentialAction\":[{\"@type\":\"CommentAction\",\"name\":\"Comment\",\"target\":[\"https:\/\/madeinzaragoza.es\/blog\/miz-lab-10-estrategia-negocio-artesania-cuericos\/#respond\"]}]},{\"@type\":\"WebPage\",\"@id\":\"https:\/\/madeinzaragoza.es\/blog\/miz-lab-10-estrategia-negocio-artesania-cuericos\/\",\"url\":\"https:\/\/madeinzaragoza.es\/blog\/miz-lab-10-estrategia-negocio-artesania-cuericos\/\",\"name\":\"Miz-Lab 10: Artesan\u00eda con visi\u00f3n de negocio, primera fase con Cuericos - Made in Zaragoza\",\"isPartOf\":{\"@id\":\"http:\/\/madeinzaragoza.es\/blog\/#website\"},\"datePublished\":\"2026-01-21T07:00:00+00:00\",\"dateModified\":\"2026-01-20T21:55:35+00:00\",\"description\":\"As\u00ed fue la fase de estrategia del Miz-Lab 10 con Cuericos: artesan\u00eda, modelo de negocio y bases para un crecimiento sostenible.\",\"breadcrumb\":{\"@id\":\"https:\/\/madeinzaragoza.es\/blog\/miz-lab-10-estrategia-negocio-artesania-cuericos\/#breadcrumb\"},\"inLanguage\":\"es\",\"potentialAction\":[{\"@type\":\"ReadAction\",\"target\":[\"https:\/\/madeinzaragoza.es\/blog\/miz-lab-10-estrategia-negocio-artesania-cuericos\/\"]}]},{\"@type\":\"BreadcrumbList\",\"@id\":\"https:\/\/madeinzaragoza.es\/blog\/miz-lab-10-estrategia-negocio-artesania-cuericos\/#breadcrumb\",\"itemListElement\":[{\"@type\":\"ListItem\",\"position\":1,\"name\":\"Portada\",\"item\":\"http:\/\/madeinzaragoza.es\/blog\/\"},{\"@type\":\"ListItem\",\"position\":2,\"name\":\"Miz-Lab 10: Artesan\u00eda con visi\u00f3n de negocio, primera fase con Cuericos\"}]},{\"@type\":\"WebSite\",\"@id\":\"http:\/\/madeinzaragoza.es\/blog\/#website\",\"url\":\"http:\/\/madeinzaragoza.es\/blog\/\",\"name\":\"Made in Zaragoza\",\"description\":\"Blog de MadeinZGZ, Red de Econom\u00eda Creativa de Zaragoza\",\"publisher\":{\"@id\":\"http:\/\/madeinzaragoza.es\/blog\/#organization\"},\"potentialAction\":[{\"@type\":\"SearchAction\",\"target\":{\"@type\":\"EntryPoint\",\"urlTemplate\":\"http:\/\/madeinzaragoza.es\/blog\/?s={search_term_string}\"},\"query-input\":\"required name=search_term_string\"}],\"inLanguage\":\"es\"},{\"@type\":\"Organization\",\"@id\":\"http:\/\/madeinzaragoza.es\/blog\/#organization\",\"name\":\"Made In Zaragoza\",\"url\":\"http:\/\/madeinzaragoza.es\/blog\/\",\"sameAs\":[\"https:\/\/www.instagram.com\/madeinzaragoza.es\/\",\"https:\/\/www.facebook.com\/madeinzaragoza.es\/\",\"https:\/\/twitter.com\/madeinzaragoza\"],\"logo\":{\"@type\":\"ImageObject\",\"inLanguage\":\"es\",\"@id\":\"http:\/\/madeinzaragoza.es\/blog\/#\/schema\/logo\/image\/\",\"url\":\"https:\/\/madeinzaragoza.es\/blog\/wp-content\/uploads\/2022\/05\/logo.png\",\"contentUrl\":\"https:\/\/madeinzaragoza.es\/blog\/wp-content\/uploads\/2022\/05\/logo.png\",\"width\":193,\"height\":176,\"caption\":\"Made In Zaragoza\"},\"image\":{\"@id\":\"http:\/\/madeinzaragoza.es\/blog\/#\/schema\/logo\/image\/\"}},{\"@type\":\"Person\",\"@id\":\"http:\/\/madeinzaragoza.es\/blog\/#\/schema\/person\/2be127b852a0b08631b50fb4671faf1c\",\"name\":\"Miriam Almaz\u00e1n\",\"image\":{\"@type\":\"ImageObject\",\"inLanguage\":\"es\",\"@id\":\"http:\/\/madeinzaragoza.es\/blog\/#\/schema\/person\/image\/\",\"url\":\"https:\/\/secure.gravatar.com\/avatar\/c71735d28e0857558d07859b9bc0baef?s=96&d=mm&r=g\",\"contentUrl\":\"https:\/\/secure.gravatar.com\/avatar\/c71735d28e0857558d07859b9bc0baef?s=96&d=mm&r=g\",\"caption\":\"Miriam Almaz\u00e1n\"},\"description\":\"Miriam Almaz\u00e1n es economista y consultora de negocio en Afiris, donde lidera proyectos con energ\u00eda y creatividad. Con m\u00e1s de 15 a\u00f1os de experiencia en asesor\u00eda y formaci\u00f3n, acompa\u00f1a a emprendedores y negocios locales en el Laboratorio de Innovaci\u00f3n Comercial de Made in Zaragoza (MIZ-Lab), ayud\u00e1ndoles a analizar y definir sus estrategias de negocio.\",\"sameAs\":[\"https:\/\/www.afiris.es\/\",\"https:\/\/www.linkedin.com\/in\/miriamelenaalmazan?originalSubdomain=es\"],\"url\":\"https:\/\/madeinzaragoza.es\/blog\/author\/miriamalmazan\/\"}]}<\/script>\n<!-- \/ Yoast SEO plugin. -->","yoast_head_json":{"title":"Miz-Lab 10: Artesan\u00eda con visi\u00f3n de negocio, primera fase con Cuericos - Made in Zaragoza","description":"As\u00ed fue la fase de estrategia del Miz-Lab 10 con Cuericos: artesan\u00eda, modelo de negocio y bases para un crecimiento sostenible.","robots":{"index":"index","follow":"follow","max-snippet":"max-snippet:-1","max-image-preview":"max-image-preview:large","max-video-preview":"max-video-preview:-1"},"canonical":"https:\/\/madeinzaragoza.es\/blog\/miz-lab-10-estrategia-negocio-artesania-cuericos\/","og_locale":"es_ES","og_type":"article","og_title":"Miz-Lab 10: Artesan\u00eda con visi\u00f3n de negocio, primera fase con Cuericos - Made in Zaragoza","og_description":"As\u00ed fue la fase de estrategia del Miz-Lab 10 con Cuericos: artesan\u00eda, modelo de negocio y bases para un crecimiento sostenible.","og_url":"https:\/\/madeinzaragoza.es\/blog\/miz-lab-10-estrategia-negocio-artesania-cuericos\/","og_site_name":"Made in Zaragoza","article_publisher":"https:\/\/www.facebook.com\/madeinzaragoza.es\/","article_published_time":"2026-01-21T07:00:00+00:00","article_modified_time":"2026-01-20T21:55:35+00:00","og_image":[{"width":1400,"height":1120,"url":"https:\/\/madeinzaragoza.es\/blog\/wp-content\/uploads\/2026\/01\/cuericos9_384851823.jpeg","type":"image\/jpeg"}],"author":"Miriam Almaz\u00e1n","twitter_card":"summary","twitter_creator":"@madeinzaragoza","twitter_site":"@madeinzaragoza","twitter_misc":{"Escrito por":"Miriam Almaz\u00e1n","Tiempo de lectura":"3 minutos"},"schema":{"@context":"https:\/\/schema.org","@graph":[{"@type":"Article","@id":"https:\/\/madeinzaragoza.es\/blog\/miz-lab-10-estrategia-negocio-artesania-cuericos\/#article","isPartOf":{"@id":"https:\/\/madeinzaragoza.es\/blog\/miz-lab-10-estrategia-negocio-artesania-cuericos\/"},"author":{"name":"Miriam Almaz\u00e1n","@id":"http:\/\/madeinzaragoza.es\/blog\/#\/schema\/person\/2be127b852a0b08631b50fb4671faf1c"},"headline":"Miz-Lab 10: Artesan\u00eda con visi\u00f3n de negocio, primera fase con Cuericos","datePublished":"2026-01-21T07:00:00+00:00","dateModified":"2026-01-20T21:55:35+00:00","mainEntityOfPage":{"@id":"https:\/\/madeinzaragoza.es\/blog\/miz-lab-10-estrategia-negocio-artesania-cuericos\/"},"wordCount":558,"commentCount":0,"publisher":{"@id":"http:\/\/madeinzaragoza.es\/blog\/#organization"},"keywords":["Cuericos","estrategia","Made In Zaragoza","MIZ-LAB","mizlab","mizlab 10"],"articleSection":["MIZ-Lab"],"inLanguage":"es","potentialAction":[{"@type":"CommentAction","name":"Comment","target":["https:\/\/madeinzaragoza.es\/blog\/miz-lab-10-estrategia-negocio-artesania-cuericos\/#respond"]}]},{"@type":"WebPage","@id":"https:\/\/madeinzaragoza.es\/blog\/miz-lab-10-estrategia-negocio-artesania-cuericos\/","url":"https:\/\/madeinzaragoza.es\/blog\/miz-lab-10-estrategia-negocio-artesania-cuericos\/","name":"Miz-Lab 10: Artesan\u00eda con visi\u00f3n de negocio, primera fase con Cuericos - Made in Zaragoza","isPartOf":{"@id":"http:\/\/madeinzaragoza.es\/blog\/#website"},"datePublished":"2026-01-21T07:00:00+00:00","dateModified":"2026-01-20T21:55:35+00:00","description":"As\u00ed fue la fase de estrategia del Miz-Lab 10 con Cuericos: artesan\u00eda, modelo de negocio y bases para un crecimiento sostenible.","breadcrumb":{"@id":"https:\/\/madeinzaragoza.es\/blog\/miz-lab-10-estrategia-negocio-artesania-cuericos\/#breadcrumb"},"inLanguage":"es","potentialAction":[{"@type":"ReadAction","target":["https:\/\/madeinzaragoza.es\/blog\/miz-lab-10-estrategia-negocio-artesania-cuericos\/"]}]},{"@type":"BreadcrumbList","@id":"https:\/\/madeinzaragoza.es\/blog\/miz-lab-10-estrategia-negocio-artesania-cuericos\/#breadcrumb","itemListElement":[{"@type":"ListItem","position":1,"name":"Portada","item":"http:\/\/madeinzaragoza.es\/blog\/"},{"@type":"ListItem","position":2,"name":"Miz-Lab 10: Artesan\u00eda con visi\u00f3n de negocio, primera fase con Cuericos"}]},{"@type":"WebSite","@id":"http:\/\/madeinzaragoza.es\/blog\/#website","url":"http:\/\/madeinzaragoza.es\/blog\/","name":"Made in Zaragoza","description":"Blog de MadeinZGZ, Red de Econom\u00eda Creativa de Zaragoza","publisher":{"@id":"http:\/\/madeinzaragoza.es\/blog\/#organization"},"potentialAction":[{"@type":"SearchAction","target":{"@type":"EntryPoint","urlTemplate":"http:\/\/madeinzaragoza.es\/blog\/?s={search_term_string}"},"query-input":"required name=search_term_string"}],"inLanguage":"es"},{"@type":"Organization","@id":"http:\/\/madeinzaragoza.es\/blog\/#organization","name":"Made In Zaragoza","url":"http:\/\/madeinzaragoza.es\/blog\/","sameAs":["https:\/\/www.instagram.com\/madeinzaragoza.es\/","https:\/\/www.facebook.com\/madeinzaragoza.es\/","https:\/\/twitter.com\/madeinzaragoza"],"logo":{"@type":"ImageObject","inLanguage":"es","@id":"http:\/\/madeinzaragoza.es\/blog\/#\/schema\/logo\/image\/","url":"https:\/\/madeinzaragoza.es\/blog\/wp-content\/uploads\/2022\/05\/logo.png","contentUrl":"https:\/\/madeinzaragoza.es\/blog\/wp-content\/uploads\/2022\/05\/logo.png","width":193,"height":176,"caption":"Made In Zaragoza"},"image":{"@id":"http:\/\/madeinzaragoza.es\/blog\/#\/schema\/logo\/image\/"}},{"@type":"Person","@id":"http:\/\/madeinzaragoza.es\/blog\/#\/schema\/person\/2be127b852a0b08631b50fb4671faf1c","name":"Miriam Almaz\u00e1n","image":{"@type":"ImageObject","inLanguage":"es","@id":"http:\/\/madeinzaragoza.es\/blog\/#\/schema\/person\/image\/","url":"https:\/\/secure.gravatar.com\/avatar\/c71735d28e0857558d07859b9bc0baef?s=96&d=mm&r=g","contentUrl":"https:\/\/secure.gravatar.com\/avatar\/c71735d28e0857558d07859b9bc0baef?s=96&d=mm&r=g","caption":"Miriam Almaz\u00e1n"},"description":"Miriam Almaz\u00e1n es economista y consultora de negocio en Afiris, donde lidera proyectos con energ\u00eda y creatividad. Con m\u00e1s de 15 a\u00f1os de experiencia en asesor\u00eda y formaci\u00f3n, acompa\u00f1a a emprendedores y negocios locales en el Laboratorio de Innovaci\u00f3n Comercial de Made in Zaragoza (MIZ-Lab), ayud\u00e1ndoles a analizar y definir sus estrategias de negocio.","sameAs":["https:\/\/www.afiris.es\/","https:\/\/www.linkedin.com\/in\/miriamelenaalmazan?originalSubdomain=es"],"url":"https:\/\/madeinzaragoza.es\/blog\/author\/miriamalmazan\/"}]}},"_links":{"self":[{"href":"https:\/\/madeinzaragoza.es\/blog\/wp-json\/wp\/v2\/posts\/45048"}],"collection":[{"href":"https:\/\/madeinzaragoza.es\/blog\/wp-json\/wp\/v2\/posts"}],"about":[{"href":"https:\/\/madeinzaragoza.es\/blog\/wp-json\/wp\/v2\/types\/post"}],"author":[{"embeddable":true,"href":"https:\/\/madeinzaragoza.es\/blog\/wp-json\/wp\/v2\/users\/82"}],"replies":[{"embeddable":true,"href":"https:\/\/madeinzaragoza.es\/blog\/wp-json\/wp\/v2\/comments?post=45048"}],"version-history":[{"count":6,"href":"https:\/\/madeinzaragoza.es\/blog\/wp-json\/wp\/v2\/posts\/45048\/revisions"}],"predecessor-version":[{"id":45085,"href":"https:\/\/madeinzaragoza.es\/blog\/wp-json\/wp\/v2\/posts\/45048\/revisions\/45085"}],"wp:featuredmedia":[{"embeddable":true,"href":"https:\/\/madeinzaragoza.es\/blog\/wp-json\/wp\/v2\/media\/45081"}],"wp:attachment":[{"href":"https:\/\/madeinzaragoza.es\/blog\/wp-json\/wp\/v2\/media?parent=45048"}],"wp:term":[{"taxonomy":"category","embeddable":true,"href":"https:\/\/madeinzaragoza.es\/blog\/wp-json\/wp\/v2\/categories?post=45048"},{"taxonomy":"post_tag","embeddable":true,"href":"https:\/\/madeinzaragoza.es\/blog\/wp-json\/wp\/v2\/tags?post=45048"}],"curies":[{"name":"wp","href":"https:\/\/api.w.org\/{rel}","templated":true}]}}