{"id":45046,"date":"2026-01-23T08:00:00","date_gmt":"2026-01-23T07:00:00","guid":{"rendered":"https:\/\/madeinzaragoza.es\/blog\/?p=45046"},"modified":"2026-01-20T23:10:56","modified_gmt":"2026-01-20T22:10:56","slug":"miz-lab-10-imagen-espacio-cuericos","status":"publish","type":"post","link":"https:\/\/madeinzaragoza.es\/blog\/miz-lab-10-imagen-espacio-cuericos\/","title":{"rendered":"Miz-Lab 10: Imagen y espacio, la primera sesi\u00f3n con Cuericos"},"content":{"rendered":"\n<p><strong>Haciendo visible el valor de Cuericos<\/strong><\/p>\n\n\n\n<p>Seguimos avanzando en el <a href=\"https:\/\/madeinzaragoza.es\/mizlab\/edicion.php?id=10\">MIZ-Lab<\/a> y esta vez tocaba mirar <a href=\"https:\/\/madeinzaragoza.es\/comercio\/cuericos\/\">Cuericos<\/a> desde otro \u00e1ngulo: el de la imagen y el espacio comercial. Porque en un proyecto artesano como este, no solo importa lo que se hace, sino c\u00f3mo se ve y c\u00f3mo se vive.<\/p>\n\n\n\n<p>El taller de Cuericos habla antes incluso de que nadie diga una palabra. El olor del cuero, las herramientas sobre la mesa, los retales y las piezas a medio hacer nos sit\u00faan r\u00e1pidamente en un lugar donde el tiempo va a otro ritmo y el oficio manda.<\/p>\n\n\n\n<p>All\u00ed me esperaban Elena y Ana, rodeadas de materiales y procesos que forman parte de su d\u00eda a d\u00eda. Dos artesanas en un momento clave del proyecto: consolidar el cambio hacia el comercio local y reforzar la l\u00ednea de talleres, una parte del negocio que disfrutan especialmente y que quieren hacer llegar a m\u00e1s personas.<\/p>\n\n\n\n<p>Desde la asesor\u00eda de imagen y espacio, la primera sesi\u00f3n no consiste en proponer cambios, sino en observar, escuchar y detectar desajustes. Parar la producci\u00f3n por un momento y hacerse preguntas como:<br><strong><em>\u00bfEsto que somos se est\u00e1 viendo? \u00bfNuestro espacio y nuestra imagen acompa\u00f1an al valor real de nuestro trabajo?<\/em><\/strong><\/p>\n\n\n\n<p><blockquote class=\"instagram-media\" data-instgrm-permalink=\"https:\/\/www.instagram.com\/reel\/DS1_qOXlDUa\/?utm_source=ig_embed&amp;utm_campaign=loading\" data-instgrm-version=\"14\" style=\" background:#FFF; border:0; border-radius:3px; box-shadow:0 0 1px 0 rgba(0,0,0,0.5),0 1px 10px 0 rgba(0,0,0,0.15); margin: 1px; max-width:540px; min-width:326px; padding:0; width:99.375%; width:-webkit-calc(100% - 2px); width:calc(100% - 2px);\"><div style=\"padding:16px;\"> <a href=\"https:\/\/www.instagram.com\/reel\/DS1_qOXlDUa\/?utm_source=ig_embed&amp;utm_campaign=loading\" style=\" background:#FFFFFF; line-height:0; padding:0 0; text-align:center; text-decoration:none; width:100%;\" target=\"_blank\" rel=\"noopener\"> <div style=\" display: flex; flex-direction: row; align-items: center;\"> <div style=\"background-color: #F4F4F4; border-radius: 50%; flex-grow: 0; height: 40px; margin-right: 14px; width: 40px;\"><\/div> <div style=\"display: flex; flex-direction: column; flex-grow: 1; justify-content: center;\"> <div style=\" background-color: #F4F4F4; border-radius: 4px; flex-grow: 0; height: 14px; margin-bottom: 6px; width: 100px;\"><\/div> <div style=\" background-color: #F4F4F4; border-radius: 4px; flex-grow: 0; height: 14px; width: 60px;\"><\/div><\/div><\/div><div style=\"padding: 19% 0;\"><\/div> <div style=\"display:block; height:50px; margin:0 auto 12px; width:50px;\"><svg width=\"50px\" height=\"50px\" viewBox=\"0 0 60 60\" version=\"1.1\" xmlns=\"https:\/\/www.w3.org\/2000\/svg\" xmlns:xlink=\"https:\/\/www.w3.org\/1999\/xlink\"><g stroke=\"none\" stroke-width=\"1\" fill=\"none\" fill-rule=\"evenodd\"><g transform=\"translate(-511.000000, -20.000000)\" fill=\"#000000\"><g><path d=\"M556.869,30.41 C554.814,30.41 553.148,32.076 553.148,34.131 C553.148,36.186 554.814,37.852 556.869,37.852 C558.924,37.852 560.59,36.186 560.59,34.131 C560.59,32.076 558.924,30.41 556.869,30.41 M541,60.657 C535.114,60.657 530.342,55.887 530.342,50 C530.342,44.114 535.114,39.342 541,39.342 C546.887,39.342 551.658,44.114 551.658,50 C551.658,55.887 546.887,60.657 541,60.657 M541,33.886 C532.1,33.886 524.886,41.1 524.886,50 C524.886,58.899 532.1,66.113 541,66.113 C549.9,66.113 557.115,58.899 557.115,50 C557.115,41.1 549.9,33.886 541,33.886 M565.378,62.101 C565.244,65.022 564.756,66.606 564.346,67.663 C563.803,69.06 563.154,70.057 562.106,71.106 C561.058,72.155 560.06,72.803 558.662,73.347 C557.607,73.757 556.021,74.244 553.102,74.378 C549.944,74.521 548.997,74.552 541,74.552 C533.003,74.552 532.056,74.521 528.898,74.378 C525.979,74.244 524.393,73.757 523.338,73.347 C521.94,72.803 520.942,72.155 519.894,71.106 C518.846,70.057 518.197,69.06 517.654,67.663 C517.244,66.606 516.755,65.022 516.623,62.101 C516.479,58.943 516.448,57.996 516.448,50 C516.448,42.003 516.479,41.056 516.623,37.899 C516.755,34.978 517.244,33.391 517.654,32.338 C518.197,30.938 518.846,29.942 519.894,28.894 C520.942,27.846 521.94,27.196 523.338,26.654 C524.393,26.244 525.979,25.756 528.898,25.623 C532.057,25.479 533.004,25.448 541,25.448 C548.997,25.448 549.943,25.479 553.102,25.623 C556.021,25.756 557.607,26.244 558.662,26.654 C560.06,27.196 561.058,27.846 562.106,28.894 C563.154,29.942 563.803,30.938 564.346,32.338 C564.756,33.391 565.244,34.978 565.378,37.899 C565.522,41.056 565.552,42.003 565.552,50 C565.552,57.996 565.522,58.943 565.378,62.101 M570.82,37.631 C570.674,34.438 570.167,32.258 569.425,30.349 C568.659,28.377 567.633,26.702 565.965,25.035 C564.297,23.368 562.623,22.342 560.652,21.575 C558.743,20.834 556.562,20.326 553.369,20.18 C550.169,20.033 549.148,20 541,20 C532.853,20 531.831,20.033 528.631,20.18 C525.438,20.326 523.257,20.834 521.349,21.575 C519.376,22.342 517.703,23.368 516.035,25.035 C514.368,26.702 513.342,28.377 512.574,30.349 C511.834,32.258 511.326,34.438 511.181,37.631 C511.035,40.831 511,41.851 511,50 C511,58.147 511.035,59.17 511.181,62.369 C511.326,65.562 511.834,67.743 512.574,69.651 C513.342,71.625 514.368,73.296 516.035,74.965 C517.703,76.634 519.376,77.658 521.349,78.425 C523.257,79.167 525.438,79.673 528.631,79.82 C531.831,79.965 532.853,80.001 541,80.001 C549.148,80.001 550.169,79.965 553.369,79.82 C556.562,79.673 558.743,79.167 560.652,78.425 C562.623,77.658 564.297,76.634 565.965,74.965 C567.633,73.296 568.659,71.625 569.425,69.651 C570.167,67.743 570.674,65.562 570.82,62.369 C570.966,59.17 571,58.147 571,50 C571,41.851 570.966,40.831 570.82,37.631\"><\/path><\/g><\/g><\/g><\/svg><\/div><div style=\"padding-top: 8px;\"> <div style=\" color:#3897f0; font-family:Arial,sans-serif; font-size:14px; font-style:normal; font-weight:550; line-height:18px;\">View this post on Instagram<\/div><\/div><div style=\"padding: 12.5% 0;\"><\/div> <div style=\"display: flex; flex-direction: row; margin-bottom: 14px; align-items: center;\"><div> <div style=\"background-color: #F4F4F4; border-radius: 50%; height: 12.5px; width: 12.5px; transform: translateX(0px) translateY(7px);\"><\/div> <div style=\"background-color: #F4F4F4; height: 12.5px; transform: rotate(-45deg) translateX(3px) translateY(1px); width: 12.5px; flex-grow: 0; margin-right: 14px; margin-left: 2px;\"><\/div> <div style=\"background-color: #F4F4F4; border-radius: 50%; height: 12.5px; width: 12.5px; transform: translateX(9px) translateY(-18px);\"><\/div><\/div><div style=\"margin-left: 8px;\"> <div style=\" background-color: #F4F4F4; border-radius: 50%; flex-grow: 0; height: 20px; width: 20px;\"><\/div> <div style=\" width: 0; height: 0; border-top: 2px solid transparent; border-left: 6px solid #f4f4f4; border-bottom: 2px solid transparent; transform: translateX(16px) translateY(-4px) rotate(30deg)\"><\/div><\/div><div style=\"margin-left: auto;\"> <div style=\" width: 0px; border-top: 8px solid #F4F4F4; border-right: 8px solid transparent; transform: translateY(16px);\"><\/div> <div style=\" background-color: #F4F4F4; flex-grow: 0; height: 12px; width: 16px; transform: translateY(-4px);\"><\/div> <div style=\" width: 0; height: 0; border-top: 8px solid #F4F4F4; border-left: 8px solid transparent; transform: translateY(-4px) translateX(8px);\"><\/div><\/div><\/div> <div style=\"display: flex; flex-direction: column; flex-grow: 1; justify-content: center; margin-bottom: 24px;\"> <div style=\" background-color: #F4F4F4; border-radius: 4px; flex-grow: 0; height: 14px; margin-bottom: 6px; width: 224px;\"><\/div> <div style=\" background-color: #F4F4F4; border-radius: 4px; flex-grow: 0; height: 14px; width: 144px;\"><\/div><\/div><\/a><p style=\" color:#c9c8cd; font-family:Arial,sans-serif; font-size:14px; line-height:17px; margin-bottom:0; margin-top:8px; overflow:hidden; padding:8px 0 7px; text-align:center; text-overflow:ellipsis; white-space:nowrap;\"><a href=\"https:\/\/www.instagram.com\/reel\/DS1_qOXlDUa\/?utm_source=ig_embed&amp;utm_campaign=loading\" style=\" color:#c9c8cd; font-family:Arial,sans-serif; font-size:14px; font-style:normal; font-weight:normal; line-height:17px; text-decoration:none;\" target=\"_blank\" rel=\"noopener\">A post shared by Made in Zaragoza (@madeinzaragoza.es)<\/a><\/p><\/div><\/blockquote>\n<script async src=\"\/\/www.instagram.com\/embed.js\"><\/script><\/p>\n\n\n\n<p><\/p>\n\n\n\n<h2 class=\"wp-block-heading\"><strong>Conclusiones de la primera sesi\u00f3n<\/strong><\/h2>\n\n\n\n<p>Una de las primeras cosas que detectamos fue la <strong>desalineaci\u00f3n entre el valor del producto y la imagen corporativa actual<\/strong>. Cuericos ofrece piezas de marroquiner\u00eda artesana con t\u00e9cnicas poco habituales, como el repujado, que requieren tiempo, conocimiento y experiencia. Sin embargo, su imagen visual no refleja ese nivel de calidad ni ese posicionamiento.<\/p>\n\n\n\n<p>Tambi\u00e9n identificamos la <strong>falta de una l\u00ednea visual clara<\/strong>: colores, tipograf\u00edas y recursos gr\u00e1ficos no siguen un criterio com\u00fan, lo que dificulta explicar el proyecto de forma coherente, tanto en el espacio f\u00edsico como en otros soportes.<\/p>\n\n\n\n<p>En cuanto al <strong>espacio<\/strong>, el taller cumple m\u00faltiples funciones: lugar de trabajo, de venta y de formaci\u00f3n. Esta convivencia genera desorden visual, especialmente en el almacenaje de materiales y trabajos de los alumnos, lo que afecta a la percepci\u00f3n general y a la experiencia durante los talleres.<\/p>\n\n\n\n<p>Nada de esto es extra\u00f1o en proyectos artesanos en crecimiento. Al contrario: son se\u00f1ales de que el proyecto ha evolucionado y necesita <strong>ordenar y traducir mejor lo que ya es<\/strong>.<\/p>\n\n\n\n<p><\/p>\n\n\n\n<h2 class=\"wp-block-heading\"><strong>Propuestas de trabajo en el MIZ-Lab<\/strong><\/h2>\n\n\n\n<p>A partir de esta primera sesi\u00f3n, el trabajo desde imagen y espacio se centrar\u00e1 en tres l\u00edneas muy concretas y realistas:<\/p>\n\n\n\n<p><strong>1. Reforzar la imagen visual<\/strong> para que est\u00e9 a la altura del oficio y del valor del producto, creando una base gr\u00e1fica coherente que pueda aplicarse tanto en el espacio como en materiales de apoyo para talleres y proyectos.<\/p>\n\n\n\n<p><strong>2. Ordenar el espacio de trabajo y formaci\u00f3n<\/strong>, mejorando la lectura del taller y la experiencia del alumnado, sin grandes inversiones, pero con soluciones pr\u00e1cticas y adaptadas a su realidad.<\/p>\n\n\n\n<p><strong>3. Hacer m\u00e1s visible la propuesta de talleres<\/strong>, ayudando a que se entiendan mejor desde dentro y desde fuera del taller, y que conecten con nuevas personas interesadas en aprender un oficio artesanal.<\/p>\n\n\n\n<p>Cuericos tiene algo muy valioso entre manos: conocimiento, t\u00e9cnica y autenticidad. El reto ahora es que todo eso se perciba a primera vista, tanto en su imagen como en su espacio.<\/p>\n\n\n\n<p>Con esta primera sesi\u00f3n cerrada, el laboratorio contin\u00faa. Junto al resto del equipo del <strong>MIZ-Lab<\/strong>, seguiremos acompa\u00f1ando a Elena y Ana para que <strong>Cuericos respire, en todos los sentidos, la calidad de lo que crean cada d\u00eda con sus manos<\/strong>.<\/p>\n\n\n\n<p><\/p>\n\n\n\n<p><em>Si quieres seguir de cerca la evoluci\u00f3n del MIZLab y conocer todas las novedades de esta edici\u00f3n, puedes hacerlo a trav\u00e9s de la <a href=\"https:\/\/madeinzaragoza.es\/blog\/miz-lab\/\">secci\u00f3n del blog de Made in Zaragoza<\/a> y en nuestras redes sociales, donde iremos compartiendo avances, aprendizajes y pr\u00f3ximos pasos de los proyectos participantes.<\/em><\/p>\n","protected":false},"excerpt":{"rendered":"<p>Haciendo visible el valor de Cuericos Seguimos avanzando en el MIZ-Lab y esta vez tocaba mirar Cuericos desde otro \u00e1ngulo: el de la imagen y el espacio comercial. Porque en un proyecto artesano como este, no solo importa lo que se hace, sino c\u00f3mo se ve y c\u00f3mo se vive. El taller de Cuericos habla &hellip; <a href=\"https:\/\/madeinzaragoza.es\/blog\/miz-lab-10-imagen-espacio-cuericos\/\" class=\"more-link\">Continuar leyendo<span class=\"screen-reader-text\"> \u00abMiz-Lab 10: Imagen y espacio, la primera sesi\u00f3n con Cuericos\u00bb<\/span><\/a><\/p>\n","protected":false},"author":49,"featured_media":45051,"comment_status":"open","ping_status":"open","sticky":false,"template":"","format":"standard","meta":{"footnotes":""},"categories":[1554],"tags":[2904,2907,2580,1614,2599,2905],"yoast_head":"<!-- This site is optimized with the Yoast SEO plugin v19.7.2 - https:\/\/yoast.com\/wordpress\/plugins\/seo\/ -->\n<title>Miz-Lab 10: Imagen y espacio, la primera sesi\u00f3n con Cuericos - Made in Zaragoza<\/title>\n<meta name=\"description\" content=\"En la fase de imagen y espacio del Miz-Lab 10, Cuericos trabaja su taller y marca para reflejar la calidad artesanal de sus productos y talleres.\" \/>\n<meta name=\"robots\" content=\"index, follow, max-snippet:-1, max-image-preview:large, max-video-preview:-1\" \/>\n<link rel=\"canonical\" href=\"http:\/\/madeinzaragoza.es\/blog\/miz-lab-10-imagen-espacio-cuericos\/\" \/>\n<meta property=\"og:locale\" content=\"es_ES\" \/>\n<meta property=\"og:type\" content=\"article\" \/>\n<meta property=\"og:title\" content=\"Miz-Lab 10: Imagen y espacio, la primera sesi\u00f3n con Cuericos - Made in Zaragoza\" \/>\n<meta property=\"og:description\" content=\"En la fase de imagen y espacio del Miz-Lab 10, Cuericos trabaja su taller y marca para reflejar la calidad artesanal de sus productos y talleres.\" \/>\n<meta property=\"og:url\" content=\"http:\/\/madeinzaragoza.es\/blog\/miz-lab-10-imagen-espacio-cuericos\/\" \/>\n<meta property=\"og:site_name\" content=\"Made in Zaragoza\" \/>\n<meta property=\"article:publisher\" content=\"https:\/\/www.facebook.com\/madeinzaragoza.es\/\" \/>\n<meta property=\"article:published_time\" content=\"2026-01-23T07:00:00+00:00\" \/>\n<meta property=\"article:modified_time\" content=\"2026-01-20T22:10:56+00:00\" \/>\n<meta property=\"og:image\" content=\"http:\/\/madeinzaragoza.es\/blog\/wp-content\/uploads\/2026\/01\/Sesion-1-Recreando-Estudio-Creativo-7-scaled.jpg\" \/>\n\t<meta property=\"og:image:width\" content=\"2560\" \/>\n\t<meta property=\"og:image:height\" content=\"1920\" \/>\n\t<meta property=\"og:image:type\" content=\"image\/jpeg\" \/>\n<meta name=\"author\" content=\"Recreando Estudio\" \/>\n<meta name=\"twitter:card\" content=\"summary\" \/>\n<meta name=\"twitter:creator\" content=\"@madeinzaragoza\" \/>\n<meta name=\"twitter:site\" content=\"@madeinzaragoza\" \/>\n<meta name=\"twitter:label1\" content=\"Escrito por\" \/>\n\t<meta name=\"twitter:data1\" content=\"Recreando Estudio\" \/>\n\t<meta name=\"twitter:label2\" content=\"Tiempo de lectura\" \/>\n\t<meta name=\"twitter:data2\" content=\"3 minutos\" \/>\n<script type=\"application\/ld+json\" class=\"yoast-schema-graph\">{\"@context\":\"https:\/\/schema.org\",\"@graph\":[{\"@type\":\"Article\",\"@id\":\"http:\/\/madeinzaragoza.es\/blog\/miz-lab-10-imagen-espacio-cuericos\/#article\",\"isPartOf\":{\"@id\":\"http:\/\/madeinzaragoza.es\/blog\/miz-lab-10-imagen-espacio-cuericos\/\"},\"author\":{\"name\":\"Recreando Estudio\",\"@id\":\"https:\/\/madeinzaragoza.es\/blog\/#\/schema\/person\/a7967e126429bfd6d3b99d3b34a2590e\"},\"headline\":\"Miz-Lab 10: Imagen y espacio, la primera sesi\u00f3n con Cuericos\",\"datePublished\":\"2026-01-23T07:00:00+00:00\",\"dateModified\":\"2026-01-20T22:10:56+00:00\",\"mainEntityOfPage\":{\"@id\":\"http:\/\/madeinzaragoza.es\/blog\/miz-lab-10-imagen-espacio-cuericos\/\"},\"wordCount\":685,\"commentCount\":0,\"publisher\":{\"@id\":\"https:\/\/madeinzaragoza.es\/blog\/#organization\"},\"keywords\":[\"Cuericos\",\"imagen de marca\",\"Made In Zaragoza\",\"MIZ-LAB\",\"mizlab\",\"mizlab 10\"],\"articleSection\":[\"MIZ-Lab\"],\"inLanguage\":\"es\",\"potentialAction\":[{\"@type\":\"CommentAction\",\"name\":\"Comment\",\"target\":[\"http:\/\/madeinzaragoza.es\/blog\/miz-lab-10-imagen-espacio-cuericos\/#respond\"]}]},{\"@type\":\"WebPage\",\"@id\":\"http:\/\/madeinzaragoza.es\/blog\/miz-lab-10-imagen-espacio-cuericos\/\",\"url\":\"http:\/\/madeinzaragoza.es\/blog\/miz-lab-10-imagen-espacio-cuericos\/\",\"name\":\"Miz-Lab 10: Imagen y espacio, la primera sesi\u00f3n con Cuericos - Made in Zaragoza\",\"isPartOf\":{\"@id\":\"https:\/\/madeinzaragoza.es\/blog\/#website\"},\"datePublished\":\"2026-01-23T07:00:00+00:00\",\"dateModified\":\"2026-01-20T22:10:56+00:00\",\"description\":\"En la fase de imagen y espacio del Miz-Lab 10, Cuericos trabaja su taller y marca para reflejar la calidad artesanal de sus productos y talleres.\",\"breadcrumb\":{\"@id\":\"http:\/\/madeinzaragoza.es\/blog\/miz-lab-10-imagen-espacio-cuericos\/#breadcrumb\"},\"inLanguage\":\"es\",\"potentialAction\":[{\"@type\":\"ReadAction\",\"target\":[\"http:\/\/madeinzaragoza.es\/blog\/miz-lab-10-imagen-espacio-cuericos\/\"]}]},{\"@type\":\"BreadcrumbList\",\"@id\":\"http:\/\/madeinzaragoza.es\/blog\/miz-lab-10-imagen-espacio-cuericos\/#breadcrumb\",\"itemListElement\":[{\"@type\":\"ListItem\",\"position\":1,\"name\":\"Portada\",\"item\":\"https:\/\/madeinzaragoza.es\/blog\/\"},{\"@type\":\"ListItem\",\"position\":2,\"name\":\"Miz-Lab 10: Imagen y espacio, la primera sesi\u00f3n con Cuericos\"}]},{\"@type\":\"WebSite\",\"@id\":\"https:\/\/madeinzaragoza.es\/blog\/#website\",\"url\":\"https:\/\/madeinzaragoza.es\/blog\/\",\"name\":\"Made in Zaragoza\",\"description\":\"Blog de MadeinZGZ, Red de Econom\u00eda Creativa de Zaragoza\",\"publisher\":{\"@id\":\"https:\/\/madeinzaragoza.es\/blog\/#organization\"},\"potentialAction\":[{\"@type\":\"SearchAction\",\"target\":{\"@type\":\"EntryPoint\",\"urlTemplate\":\"https:\/\/madeinzaragoza.es\/blog\/?s={search_term_string}\"},\"query-input\":\"required name=search_term_string\"}],\"inLanguage\":\"es\"},{\"@type\":\"Organization\",\"@id\":\"https:\/\/madeinzaragoza.es\/blog\/#organization\",\"name\":\"Made In Zaragoza\",\"url\":\"https:\/\/madeinzaragoza.es\/blog\/\",\"sameAs\":[\"https:\/\/www.instagram.com\/madeinzaragoza.es\/\",\"https:\/\/www.facebook.com\/madeinzaragoza.es\/\",\"https:\/\/twitter.com\/madeinzaragoza\"],\"logo\":{\"@type\":\"ImageObject\",\"inLanguage\":\"es\",\"@id\":\"https:\/\/madeinzaragoza.es\/blog\/#\/schema\/logo\/image\/\",\"url\":\"https:\/\/madeinzaragoza.es\/blog\/wp-content\/uploads\/2022\/05\/logo.png\",\"contentUrl\":\"https:\/\/madeinzaragoza.es\/blog\/wp-content\/uploads\/2022\/05\/logo.png\",\"width\":193,\"height\":176,\"caption\":\"Made In Zaragoza\"},\"image\":{\"@id\":\"https:\/\/madeinzaragoza.es\/blog\/#\/schema\/logo\/image\/\"}},{\"@type\":\"Person\",\"@id\":\"https:\/\/madeinzaragoza.es\/blog\/#\/schema\/person\/a7967e126429bfd6d3b99d3b34a2590e\",\"name\":\"Recreando Estudio\",\"image\":{\"@type\":\"ImageObject\",\"inLanguage\":\"es\",\"@id\":\"https:\/\/madeinzaragoza.es\/blog\/#\/schema\/person\/image\/\",\"url\":\"https:\/\/secure.gravatar.com\/avatar\/b64a9b785b875a20d135b20d711a193d?s=96&d=mm&r=g\",\"contentUrl\":\"https:\/\/secure.gravatar.com\/avatar\/b64a9b785b875a20d135b20d711a193d?s=96&d=mm&r=g\",\"caption\":\"Recreando Estudio\"},\"description\":\"Recreando Estudio Creativo es una cooperativa de iniciativa social que dise\u00f1a y desarrolla proyectos creativos poniendo en el centro el cuidado de las personas y el entorno. Como consultoras de imagen en el MIZ-Lab, ayudan a proyectos locales a alinear su identidad visual y sus espacios con el valor real de sus productos, desplegando su creatividad y valores en cada intervenci\u00f3n.\",\"sameAs\":[\"https:\/\/recreandoestudio.com\/\",\"https:\/\/www.instagram.com\/recreandoestudio\/\",\"https:\/\/www.linkedin.com\/company\/recreando-estudio-creativo\/?originalSubdomain=es\"],\"url\":\"https:\/\/madeinzaragoza.es\/blog\/author\/recreando-estudio\/\"}]}<\/script>\n<!-- \/ Yoast SEO plugin. -->","yoast_head_json":{"title":"Miz-Lab 10: Imagen y espacio, la primera sesi\u00f3n con Cuericos - Made in Zaragoza","description":"En la fase de imagen y espacio del Miz-Lab 10, Cuericos trabaja su taller y marca para reflejar la calidad artesanal de sus productos y talleres.","robots":{"index":"index","follow":"follow","max-snippet":"max-snippet:-1","max-image-preview":"max-image-preview:large","max-video-preview":"max-video-preview:-1"},"canonical":"http:\/\/madeinzaragoza.es\/blog\/miz-lab-10-imagen-espacio-cuericos\/","og_locale":"es_ES","og_type":"article","og_title":"Miz-Lab 10: Imagen y espacio, la primera sesi\u00f3n con Cuericos - Made in Zaragoza","og_description":"En la fase de imagen y espacio del Miz-Lab 10, Cuericos trabaja su taller y marca para reflejar la calidad artesanal de sus productos y talleres.","og_url":"http:\/\/madeinzaragoza.es\/blog\/miz-lab-10-imagen-espacio-cuericos\/","og_site_name":"Made in Zaragoza","article_publisher":"https:\/\/www.facebook.com\/madeinzaragoza.es\/","article_published_time":"2026-01-23T07:00:00+00:00","article_modified_time":"2026-01-20T22:10:56+00:00","og_image":[{"width":2560,"height":1920,"url":"http:\/\/madeinzaragoza.es\/blog\/wp-content\/uploads\/2026\/01\/Sesion-1-Recreando-Estudio-Creativo-7-scaled.jpg","type":"image\/jpeg"}],"author":"Recreando Estudio","twitter_card":"summary","twitter_creator":"@madeinzaragoza","twitter_site":"@madeinzaragoza","twitter_misc":{"Escrito por":"Recreando Estudio","Tiempo de lectura":"3 minutos"},"schema":{"@context":"https:\/\/schema.org","@graph":[{"@type":"Article","@id":"http:\/\/madeinzaragoza.es\/blog\/miz-lab-10-imagen-espacio-cuericos\/#article","isPartOf":{"@id":"http:\/\/madeinzaragoza.es\/blog\/miz-lab-10-imagen-espacio-cuericos\/"},"author":{"name":"Recreando Estudio","@id":"https:\/\/madeinzaragoza.es\/blog\/#\/schema\/person\/a7967e126429bfd6d3b99d3b34a2590e"},"headline":"Miz-Lab 10: Imagen y espacio, la primera sesi\u00f3n con Cuericos","datePublished":"2026-01-23T07:00:00+00:00","dateModified":"2026-01-20T22:10:56+00:00","mainEntityOfPage":{"@id":"http:\/\/madeinzaragoza.es\/blog\/miz-lab-10-imagen-espacio-cuericos\/"},"wordCount":685,"commentCount":0,"publisher":{"@id":"https:\/\/madeinzaragoza.es\/blog\/#organization"},"keywords":["Cuericos","imagen de marca","Made In Zaragoza","MIZ-LAB","mizlab","mizlab 10"],"articleSection":["MIZ-Lab"],"inLanguage":"es","potentialAction":[{"@type":"CommentAction","name":"Comment","target":["http:\/\/madeinzaragoza.es\/blog\/miz-lab-10-imagen-espacio-cuericos\/#respond"]}]},{"@type":"WebPage","@id":"http:\/\/madeinzaragoza.es\/blog\/miz-lab-10-imagen-espacio-cuericos\/","url":"http:\/\/madeinzaragoza.es\/blog\/miz-lab-10-imagen-espacio-cuericos\/","name":"Miz-Lab 10: Imagen y espacio, la primera sesi\u00f3n con Cuericos - Made in Zaragoza","isPartOf":{"@id":"https:\/\/madeinzaragoza.es\/blog\/#website"},"datePublished":"2026-01-23T07:00:00+00:00","dateModified":"2026-01-20T22:10:56+00:00","description":"En la fase de imagen y espacio del Miz-Lab 10, Cuericos trabaja su taller y marca para reflejar la calidad artesanal de sus productos y talleres.","breadcrumb":{"@id":"http:\/\/madeinzaragoza.es\/blog\/miz-lab-10-imagen-espacio-cuericos\/#breadcrumb"},"inLanguage":"es","potentialAction":[{"@type":"ReadAction","target":["http:\/\/madeinzaragoza.es\/blog\/miz-lab-10-imagen-espacio-cuericos\/"]}]},{"@type":"BreadcrumbList","@id":"http:\/\/madeinzaragoza.es\/blog\/miz-lab-10-imagen-espacio-cuericos\/#breadcrumb","itemListElement":[{"@type":"ListItem","position":1,"name":"Portada","item":"https:\/\/madeinzaragoza.es\/blog\/"},{"@type":"ListItem","position":2,"name":"Miz-Lab 10: Imagen y espacio, la primera sesi\u00f3n con Cuericos"}]},{"@type":"WebSite","@id":"https:\/\/madeinzaragoza.es\/blog\/#website","url":"https:\/\/madeinzaragoza.es\/blog\/","name":"Made in Zaragoza","description":"Blog de MadeinZGZ, Red de Econom\u00eda Creativa de Zaragoza","publisher":{"@id":"https:\/\/madeinzaragoza.es\/blog\/#organization"},"potentialAction":[{"@type":"SearchAction","target":{"@type":"EntryPoint","urlTemplate":"https:\/\/madeinzaragoza.es\/blog\/?s={search_term_string}"},"query-input":"required name=search_term_string"}],"inLanguage":"es"},{"@type":"Organization","@id":"https:\/\/madeinzaragoza.es\/blog\/#organization","name":"Made In Zaragoza","url":"https:\/\/madeinzaragoza.es\/blog\/","sameAs":["https:\/\/www.instagram.com\/madeinzaragoza.es\/","https:\/\/www.facebook.com\/madeinzaragoza.es\/","https:\/\/twitter.com\/madeinzaragoza"],"logo":{"@type":"ImageObject","inLanguage":"es","@id":"https:\/\/madeinzaragoza.es\/blog\/#\/schema\/logo\/image\/","url":"https:\/\/madeinzaragoza.es\/blog\/wp-content\/uploads\/2022\/05\/logo.png","contentUrl":"https:\/\/madeinzaragoza.es\/blog\/wp-content\/uploads\/2022\/05\/logo.png","width":193,"height":176,"caption":"Made In Zaragoza"},"image":{"@id":"https:\/\/madeinzaragoza.es\/blog\/#\/schema\/logo\/image\/"}},{"@type":"Person","@id":"https:\/\/madeinzaragoza.es\/blog\/#\/schema\/person\/a7967e126429bfd6d3b99d3b34a2590e","name":"Recreando Estudio","image":{"@type":"ImageObject","inLanguage":"es","@id":"https:\/\/madeinzaragoza.es\/blog\/#\/schema\/person\/image\/","url":"https:\/\/secure.gravatar.com\/avatar\/b64a9b785b875a20d135b20d711a193d?s=96&d=mm&r=g","contentUrl":"https:\/\/secure.gravatar.com\/avatar\/b64a9b785b875a20d135b20d711a193d?s=96&d=mm&r=g","caption":"Recreando Estudio"},"description":"Recreando Estudio Creativo es una cooperativa de iniciativa social que dise\u00f1a y desarrolla proyectos creativos poniendo en el centro el cuidado de las personas y el entorno. Como consultoras de imagen en el MIZ-Lab, ayudan a proyectos locales a alinear su identidad visual y sus espacios con el valor real de sus productos, desplegando su creatividad y valores en cada intervenci\u00f3n.","sameAs":["https:\/\/recreandoestudio.com\/","https:\/\/www.instagram.com\/recreandoestudio\/","https:\/\/www.linkedin.com\/company\/recreando-estudio-creativo\/?originalSubdomain=es"],"url":"https:\/\/madeinzaragoza.es\/blog\/author\/recreando-estudio\/"}]}},"_links":{"self":[{"href":"https:\/\/madeinzaragoza.es\/blog\/wp-json\/wp\/v2\/posts\/45046"}],"collection":[{"href":"https:\/\/madeinzaragoza.es\/blog\/wp-json\/wp\/v2\/posts"}],"about":[{"href":"https:\/\/madeinzaragoza.es\/blog\/wp-json\/wp\/v2\/types\/post"}],"author":[{"embeddable":true,"href":"https:\/\/madeinzaragoza.es\/blog\/wp-json\/wp\/v2\/users\/49"}],"replies":[{"embeddable":true,"href":"https:\/\/madeinzaragoza.es\/blog\/wp-json\/wp\/v2\/comments?post=45046"}],"version-history":[{"count":8,"href":"https:\/\/madeinzaragoza.es\/blog\/wp-json\/wp\/v2\/posts\/45046\/revisions"}],"predecessor-version":[{"id":45088,"href":"https:\/\/madeinzaragoza.es\/blog\/wp-json\/wp\/v2\/posts\/45046\/revisions\/45088"}],"wp:featuredmedia":[{"embeddable":true,"href":"https:\/\/madeinzaragoza.es\/blog\/wp-json\/wp\/v2\/media\/45051"}],"wp:attachment":[{"href":"https:\/\/madeinzaragoza.es\/blog\/wp-json\/wp\/v2\/media?parent=45046"}],"wp:term":[{"taxonomy":"category","embeddable":true,"href":"https:\/\/madeinzaragoza.es\/blog\/wp-json\/wp\/v2\/categories?post=45046"},{"taxonomy":"post_tag","embeddable":true,"href":"https:\/\/madeinzaragoza.es\/blog\/wp-json\/wp\/v2\/tags?post=45046"}],"curies":[{"name":"wp","href":"https:\/\/api.w.org\/{rel}","templated":true}]}}