{"id":44992,"date":"2026-01-22T08:00:00","date_gmt":"2026-01-22T07:00:00","guid":{"rendered":"http:\/\/madeinzaragoza.es\/blog\/?p=44992"},"modified":"2026-01-20T22:51:48","modified_gmt":"2026-01-20T21:51:48","slug":"primera-sesion-con-cuericos-en-comunicacion-digital","status":"publish","type":"post","link":"https:\/\/madeinzaragoza.es\/blog\/primera-sesion-con-cuericos-en-comunicacion-digital\/","title":{"rendered":"MIZ-Lab 10: De la escucha al plan, primera sesi\u00f3n de Comunicaci\u00f3n con Cuericos"},"content":{"rendered":"\n<p>El primer contacto con un negocio implica conocerlo en profundidad: <strong>entender de primera mano sus necesidades<\/strong>, para luego determinar, de manera mas efectiva, en qu\u00e9 le puedes ayudar, los medios de los que dispone, y qu\u00e9 pasos a seguir en el futuro para desarrollar las acciones. Y esto es lo que hicimos en la primera sesi\u00f3n con <strong><a href=\"https:\/\/www.cuericos.es\/\">Cuericos<\/a><\/strong>, el negocio elegido en esta <strong>edici\u00f3n del <a href=\"https:\/\/madeinzaragoza.es\/mizlab\/\">MIZLab de Made In Zaragoza<\/a><\/strong>.<\/p>\n\n\n\n<p>La escucha activa es fundamental en todo el proceso. Escucha activa presencial, conversando con las personas que est\u00e1n al frente del negocio; pero tambi\u00e9n escucha activa digital, analizando su rendimiento, estudiando a la competencia y observando contenidos y cuentas que puedan servir de inspiraci\u00f3n. Porque nuestro trabajo se parece mucho al de un cirujano que, antes de operar, sabe exactamente qu\u00e9 le ocurre al paciente. Antes de usar el bistur\u00ed, hay que entender qu\u00e9 \u201cle duele\u201d al negocio y qu\u00e9 remedios podemos aplicar para su recuperaci\u00f3n, siempre desde una visi\u00f3n realista y teniendo en cuenta hasta d\u00f3nde puede llegar con los recursos de los que dispone. <\/p>\n\n\n\n<p><\/p>\n\n\n<blockquote class=\"instagram-media\" data-instgrm-permalink=\"https:\/\/www.instagram.com\/reel\/DSX-eEoCqlm\/?utm_source=ig_embed&amp;utm_campaign=loading\" data-instgrm-version=\"14\" style=\" background:#FFF; border:0; border-radius:3px; box-shadow:0 0 1px 0 rgba(0,0,0,0.5),0 1px 10px 0 rgba(0,0,0,0.15); margin: 1px; max-width:540px; min-width:326px; padding:0; width:99.375%; width:-webkit-calc(100% - 2px); width:calc(100% - 2px);\">\n<div style=\"padding:16px;\"> <a href=\"https:\/\/www.instagram.com\/reel\/DSX-eEoCqlm\/?utm_source=ig_embed&amp;utm_campaign=loading\" style=\" background:#FFFFFF; line-height:0; padding:0 0; text-align:center; text-decoration:none; width:100%;\" target=\"_blank\" rel=\"noopener\"> <\/p>\n<div style=\" display: flex; flex-direction: row; align-items: center;\">\n<div style=\"background-color: #F4F4F4; border-radius: 50%; flex-grow: 0; height: 40px; margin-right: 14px; width: 40px;\"><\/div>\n<div style=\"display: flex; flex-direction: column; flex-grow: 1; justify-content: center;\">\n<div style=\" background-color: #F4F4F4; border-radius: 4px; flex-grow: 0; height: 14px; margin-bottom: 6px; width: 100px;\"><\/div>\n<div style=\" background-color: #F4F4F4; border-radius: 4px; flex-grow: 0; height: 14px; width: 60px;\"><\/div>\n<\/div>\n<\/div>\n<div style=\"padding: 19% 0;\"><\/div>\n<div style=\"display:block; height:50px; margin:0 auto 12px; width:50px;\"><svg width=\"50px\" height=\"50px\" viewBox=\"0 0 60 60\" version=\"1.1\" xmlns=\"https:\/\/www.w3.org\/2000\/svg\" xmlns:xlink=\"https:\/\/www.w3.org\/1999\/xlink\"><g stroke=\"none\" stroke-width=\"1\" fill=\"none\" fill-rule=\"evenodd\"><g transform=\"translate(-511.000000, -20.000000)\" fill=\"#000000\"><g><path d=\"M556.869,30.41 C554.814,30.41 553.148,32.076 553.148,34.131 C553.148,36.186 554.814,37.852 556.869,37.852 C558.924,37.852 560.59,36.186 560.59,34.131 C560.59,32.076 558.924,30.41 556.869,30.41 M541,60.657 C535.114,60.657 530.342,55.887 530.342,50 C530.342,44.114 535.114,39.342 541,39.342 C546.887,39.342 551.658,44.114 551.658,50 C551.658,55.887 546.887,60.657 541,60.657 M541,33.886 C532.1,33.886 524.886,41.1 524.886,50 C524.886,58.899 532.1,66.113 541,66.113 C549.9,66.113 557.115,58.899 557.115,50 C557.115,41.1 549.9,33.886 541,33.886 M565.378,62.101 C565.244,65.022 564.756,66.606 564.346,67.663 C563.803,69.06 563.154,70.057 562.106,71.106 C561.058,72.155 560.06,72.803 558.662,73.347 C557.607,73.757 556.021,74.244 553.102,74.378 C549.944,74.521 548.997,74.552 541,74.552 C533.003,74.552 532.056,74.521 528.898,74.378 C525.979,74.244 524.393,73.757 523.338,73.347 C521.94,72.803 520.942,72.155 519.894,71.106 C518.846,70.057 518.197,69.06 517.654,67.663 C517.244,66.606 516.755,65.022 516.623,62.101 C516.479,58.943 516.448,57.996 516.448,50 C516.448,42.003 516.479,41.056 516.623,37.899 C516.755,34.978 517.244,33.391 517.654,32.338 C518.197,30.938 518.846,29.942 519.894,28.894 C520.942,27.846 521.94,27.196 523.338,26.654 C524.393,26.244 525.979,25.756 528.898,25.623 C532.057,25.479 533.004,25.448 541,25.448 C548.997,25.448 549.943,25.479 553.102,25.623 C556.021,25.756 557.607,26.244 558.662,26.654 C560.06,27.196 561.058,27.846 562.106,28.894 C563.154,29.942 563.803,30.938 564.346,32.338 C564.756,33.391 565.244,34.978 565.378,37.899 C565.522,41.056 565.552,42.003 565.552,50 C565.552,57.996 565.522,58.943 565.378,62.101 M570.82,37.631 C570.674,34.438 570.167,32.258 569.425,30.349 C568.659,28.377 567.633,26.702 565.965,25.035 C564.297,23.368 562.623,22.342 560.652,21.575 C558.743,20.834 556.562,20.326 553.369,20.18 C550.169,20.033 549.148,20 541,20 C532.853,20 531.831,20.033 528.631,20.18 C525.438,20.326 523.257,20.834 521.349,21.575 C519.376,22.342 517.703,23.368 516.035,25.035 C514.368,26.702 513.342,28.377 512.574,30.349 C511.834,32.258 511.326,34.438 511.181,37.631 C511.035,40.831 511,41.851 511,50 C511,58.147 511.035,59.17 511.181,62.369 C511.326,65.562 511.834,67.743 512.574,69.651 C513.342,71.625 514.368,73.296 516.035,74.965 C517.703,76.634 519.376,77.658 521.349,78.425 C523.257,79.167 525.438,79.673 528.631,79.82 C531.831,79.965 532.853,80.001 541,80.001 C549.148,80.001 550.169,79.965 553.369,79.82 C556.562,79.673 558.743,79.167 560.652,78.425 C562.623,77.658 564.297,76.634 565.965,74.965 C567.633,73.296 568.659,71.625 569.425,69.651 C570.167,67.743 570.674,65.562 570.82,62.369 C570.966,59.17 571,58.147 571,50 C571,41.851 570.966,40.831 570.82,37.631\"><\/path><\/g><\/g><\/g><\/svg><\/div>\n<div style=\"padding-top: 8px;\">\n<div style=\" color:#3897f0; font-family:Arial,sans-serif; font-size:14px; font-style:normal; font-weight:550; line-height:18px;\">View this post on Instagram<\/div>\n<\/div>\n<div style=\"padding: 12.5% 0;\"><\/div>\n<div style=\"display: flex; flex-direction: row; margin-bottom: 14px; align-items: center;\">\n<div>\n<div style=\"background-color: #F4F4F4; border-radius: 50%; height: 12.5px; width: 12.5px; transform: translateX(0px) translateY(7px);\"><\/div>\n<div style=\"background-color: #F4F4F4; height: 12.5px; transform: rotate(-45deg) translateX(3px) translateY(1px); width: 12.5px; flex-grow: 0; margin-right: 14px; margin-left: 2px;\"><\/div>\n<div style=\"background-color: #F4F4F4; border-radius: 50%; height: 12.5px; width: 12.5px; transform: translateX(9px) translateY(-18px);\"><\/div>\n<\/div>\n<div style=\"margin-left: 8px;\">\n<div style=\" background-color: #F4F4F4; border-radius: 50%; flex-grow: 0; height: 20px; width: 20px;\"><\/div>\n<div style=\" width: 0; height: 0; border-top: 2px solid transparent; border-left: 6px solid #f4f4f4; border-bottom: 2px solid transparent; transform: translateX(16px) translateY(-4px) rotate(30deg)\"><\/div>\n<\/div>\n<div style=\"margin-left: auto;\">\n<div style=\" width: 0px; border-top: 8px solid #F4F4F4; border-right: 8px solid transparent; transform: translateY(16px);\"><\/div>\n<div style=\" background-color: #F4F4F4; flex-grow: 0; height: 12px; width: 16px; transform: translateY(-4px);\"><\/div>\n<div style=\" width: 0; height: 0; border-top: 8px solid #F4F4F4; border-left: 8px solid transparent; transform: translateY(-4px) translateX(8px);\"><\/div>\n<\/div>\n<\/div>\n<div style=\"display: flex; flex-direction: column; flex-grow: 1; justify-content: center; margin-bottom: 24px;\">\n<div style=\" background-color: #F4F4F4; border-radius: 4px; flex-grow: 0; height: 14px; margin-bottom: 6px; width: 224px;\"><\/div>\n<div style=\" background-color: #F4F4F4; border-radius: 4px; flex-grow: 0; height: 14px; width: 144px;\"><\/div>\n<\/div>\n<p><\/a><\/p>\n<p style=\" color:#c9c8cd; font-family:Arial,sans-serif; font-size:14px; line-height:17px; margin-bottom:0; margin-top:8px; overflow:hidden; padding:8px 0 7px; text-align:center; text-overflow:ellipsis; white-space:nowrap;\"><a href=\"https:\/\/www.instagram.com\/reel\/DSX-eEoCqlm\/?utm_source=ig_embed&amp;utm_campaign=loading\" style=\" color:#c9c8cd; font-family:Arial,sans-serif; font-size:14px; font-style:normal; font-weight:normal; line-height:17px; text-decoration:none;\" target=\"_blank\" rel=\"noopener\">A post shared by Made in Zaragoza (@madeinzaragoza.es)<\/a><\/p>\n<\/div>\n<\/blockquote>\n<p><script async src=\"\/\/www.instagram.com\/embed.js\"><\/script><\/p>\n\n\n<p><\/p>\n\n\n\n<p>As\u00ed lo hice en esta primera sesi\u00f3n, que ahora os cuento en este peque\u00f1o resumen. <strong>Ana <\/strong>y <strong>Elena<\/strong> son socias de Cuericos, y en materia digital, tienen mucho andado ya: tienen una <a href=\"https:\/\/www.cuericos.es\/\">p\u00e1gina web<\/a>, un <a href=\"https:\/\/www.cuericos.es\/portfolio\/\">blog<\/a>, una <a href=\"https:\/\/www.cuericos.es\/categoria-producto\/monederos\/\">tienda online<\/a>, redes sociales &#8211; como <a href=\"https:\/\/www.instagram.com\/cuericos\/\">Instagram<\/a> &#8211; que no abandonan. Es un gran primer paso.<\/p>\n\n\n\n<p>Ahora, mi trabajo con ellas consiste en ayudarlas a sistematizar procesos y agilizar tiempos, para que puedan seguir desarrollando acciones comerciales mientras su comunicaci\u00f3n digital contin\u00faa fluyendo de forma coherente y sostenible.<\/p>\n\n\n\n<p>En nuestra primera conversaci\u00f3n, ya determinamos algunos par\u00e1metros en lo que a comunicaci\u00f3n digital se refiere:<\/p>\n\n\n\n<ul>\n<li>Veremos unas pinceladas sobre el posicionamiento fundamental de <strong>todo el contenido que vuelcan a la web<\/strong>, para ganar en calidad del contenido que comparten. Hay unos procesos repetitivos que les ense\u00f1ar\u00e9 para que los apliquen en cada circunstancia.<\/li>\n\n\n\n<li>En cuanto a las propias redes sociales, existe una necesidad de afinar en los contenidos que se publican, especialmente en Instagram, su canal principal. <strong>Trabajaremos formatos, los aprenderemos a utilizar a hacer desde cero, y de manera gratuita, sin pagar por apps. <\/strong>Todos podemos crear contenidos, es f\u00e1cil. La clave es hacerlo de manera que conectes con tu audiencia tipo, y no vayas a contenidos generalistas. Adem\u00e1s, existe una necesidad de saber c\u00f3mo hacer anuncios en Meta de manera efectiva. Los veremos paso a paso, para llegar a su p\u00fablico objetivo.<\/li>\n\n\n\n<li><strong>Y fundamental: <\/strong>determinaremos la comunicaci\u00f3n digital de la marca Cuericos. Desde el slogan hasta los mensajes clave, valores, porque todo ello se va a reflejar en c\u00f3mo comunicamos lo que hacemos. Y la clave es humanizar. Podemos humanizar los contenidos de muchas maneras. Las trabajaremos juntos. Porque las marcas que se recuerdan son las que conectan la esencia de lo que son, con su p\u00fablico objetivo.<\/li>\n<\/ul>\n\n\n\n<p>Comienza aqu\u00ed un viaje apasionante. Para todos.<\/p>\n\n\n\n<p>Por un lado, ellas mostraron su necesidad y especialmente su disposici\u00f3n.<\/p>\n\n\n\n<p>Pero tambi\u00e9n para mi.<\/p>\n\n\n\n<p>Es apasionante comenzar a trabajar con una marca implicada, y ver como la constancia en el trabajo les hace ganar visibilidad. Quiero que ganen visibilidad, ser visibles de manera efectiva. Que les lleve menos tiempo hacer las cosas, y que tengan m\u00e1s calidad y rendimiento.<\/p>\n\n\n\n<p><\/p>\n\n\n\n<p><em>Si quieres seguir de cerca la evoluci\u00f3n del MIZLab y conocer todas las novedades de esta edici\u00f3n, puedes hacerlo a trav\u00e9s de la <a href=\"https:\/\/madeinzaragoza.es\/blog\/miz-lab\/\">secci\u00f3n del blog de Made in Zaragoza<\/a> y en nuestras redes sociales, donde iremos compartiendo avances, aprendizajes y pr\u00f3ximos pasos de los proyectos participantes.<\/em><\/p>\n","protected":false},"excerpt":{"rendered":"<p>El primer contacto con un negocio implica conocerlo en profundidad: entender de primera mano sus necesidades, para luego determinar, de manera mas efectiva, en qu\u00e9 le puedes ayudar, los medios de los que dispone, y qu\u00e9 pasos a seguir en el futuro para desarrollar las acciones. Y esto es lo que hicimos en la primera &hellip; <a href=\"https:\/\/madeinzaragoza.es\/blog\/primera-sesion-con-cuericos-en-comunicacion-digital\/\" class=\"more-link\">Continuar leyendo<span class=\"screen-reader-text\"> \u00abMIZ-Lab 10: De la escucha al plan, primera sesi\u00f3n de Comunicaci\u00f3n con Cuericos\u00bb<\/span><\/a><\/p>\n","protected":false},"author":63,"featured_media":44993,"comment_status":"open","ping_status":"open","sticky":false,"template":"","format":"standard","meta":{"footnotes":""},"categories":[1554],"tags":[2904,2580,1614,2599,2905],"yoast_head":"<!-- This site is optimized with the Yoast SEO plugin v19.7.2 - https:\/\/yoast.com\/wordpress\/plugins\/seo\/ -->\n<title>De la escucha al plan, primera sesi\u00f3n de Comunicaci\u00f3n con Cuericos<\/title>\n<meta name=\"description\" content=\"C\u00f3mo fue la primera sesi\u00f3n con Cuericos en el MIZLab: escucha activa, diagn\u00f3stico digital y los primeros pasos para una comunicaci\u00f3n m\u00e1s estrat\u00e9gica.\" \/>\n<meta name=\"robots\" content=\"index, follow, max-snippet:-1, max-image-preview:large, max-video-preview:-1\" \/>\n<link rel=\"canonical\" href=\"http:\/\/madeinzaragoza.es\/blog\/primera-sesion-con-cuericos-en-comunicacion-digital\/\" \/>\n<meta property=\"og:locale\" content=\"es_ES\" \/>\n<meta property=\"og:type\" content=\"article\" \/>\n<meta property=\"og:title\" content=\"De la escucha al plan, primera sesi\u00f3n de Comunicaci\u00f3n con Cuericos\" \/>\n<meta property=\"og:description\" content=\"C\u00f3mo fue la primera sesi\u00f3n con Cuericos en el MIZLab: escucha activa, diagn\u00f3stico digital y los primeros pasos para una comunicaci\u00f3n m\u00e1s estrat\u00e9gica.\" \/>\n<meta property=\"og:url\" content=\"http:\/\/madeinzaragoza.es\/blog\/primera-sesion-con-cuericos-en-comunicacion-digital\/\" \/>\n<meta property=\"og:site_name\" content=\"Made in Zaragoza\" \/>\n<meta property=\"article:publisher\" content=\"https:\/\/www.facebook.com\/madeinzaragoza.es\/\" \/>\n<meta property=\"article:published_time\" content=\"2026-01-22T07:00:00+00:00\" \/>\n<meta property=\"article:modified_time\" content=\"2026-01-20T21:51:48+00:00\" \/>\n<meta property=\"og:image\" content=\"http:\/\/madeinzaragoza.es\/blog\/wp-content\/uploads\/2026\/01\/cuericos-foto-sesion-1-mizlab-made-in-zaragoza.jpeg\" \/>\n\t<meta property=\"og:image:width\" content=\"2048\" \/>\n\t<meta property=\"og:image:height\" content=\"1152\" \/>\n\t<meta property=\"og:image:type\" content=\"image\/jpeg\" \/>\n<meta name=\"author\" content=\"Fernando Cebolla\" \/>\n<meta name=\"twitter:card\" content=\"summary\" \/>\n<meta name=\"twitter:creator\" content=\"@fcpsocialmedia\" \/>\n<meta name=\"twitter:site\" content=\"@madeinzaragoza\" \/>\n<meta name=\"twitter:label1\" content=\"Escrito por\" \/>\n\t<meta name=\"twitter:data1\" content=\"Fernando Cebolla\" \/>\n\t<meta name=\"twitter:label2\" content=\"Tiempo de lectura\" \/>\n\t<meta name=\"twitter:data2\" content=\"3 minutos\" \/>\n<script type=\"application\/ld+json\" class=\"yoast-schema-graph\">{\"@context\":\"https:\/\/schema.org\",\"@graph\":[{\"@type\":\"Article\",\"@id\":\"http:\/\/madeinzaragoza.es\/blog\/primera-sesion-con-cuericos-en-comunicacion-digital\/#article\",\"isPartOf\":{\"@id\":\"http:\/\/madeinzaragoza.es\/blog\/primera-sesion-con-cuericos-en-comunicacion-digital\/\"},\"author\":{\"name\":\"Fernando Cebolla\",\"@id\":\"http:\/\/madeinzaragoza.es\/blog\/#\/schema\/person\/dfd0dc5fdb51dc5dcd948dc49fce07b0\"},\"headline\":\"MIZ-Lab 10: De la escucha al plan, primera sesi\u00f3n de Comunicaci\u00f3n con Cuericos\",\"datePublished\":\"2026-01-22T07:00:00+00:00\",\"dateModified\":\"2026-01-20T21:51:48+00:00\",\"mainEntityOfPage\":{\"@id\":\"http:\/\/madeinzaragoza.es\/blog\/primera-sesion-con-cuericos-en-comunicacion-digital\/\"},\"wordCount\":646,\"commentCount\":0,\"publisher\":{\"@id\":\"http:\/\/madeinzaragoza.es\/blog\/#organization\"},\"keywords\":[\"Cuericos\",\"Made In Zaragoza\",\"MIZ-LAB\",\"mizlab\",\"mizlab 10\"],\"articleSection\":[\"MIZ-Lab\"],\"inLanguage\":\"es\",\"potentialAction\":[{\"@type\":\"CommentAction\",\"name\":\"Comment\",\"target\":[\"http:\/\/madeinzaragoza.es\/blog\/primera-sesion-con-cuericos-en-comunicacion-digital\/#respond\"]}]},{\"@type\":\"WebPage\",\"@id\":\"http:\/\/madeinzaragoza.es\/blog\/primera-sesion-con-cuericos-en-comunicacion-digital\/\",\"url\":\"http:\/\/madeinzaragoza.es\/blog\/primera-sesion-con-cuericos-en-comunicacion-digital\/\",\"name\":\"De la escucha al plan, primera sesi\u00f3n de Comunicaci\u00f3n con Cuericos\",\"isPartOf\":{\"@id\":\"http:\/\/madeinzaragoza.es\/blog\/#website\"},\"datePublished\":\"2026-01-22T07:00:00+00:00\",\"dateModified\":\"2026-01-20T21:51:48+00:00\",\"description\":\"C\u00f3mo fue la primera sesi\u00f3n con Cuericos en el MIZLab: escucha activa, diagn\u00f3stico digital y los primeros pasos para una comunicaci\u00f3n m\u00e1s estrat\u00e9gica.\",\"breadcrumb\":{\"@id\":\"http:\/\/madeinzaragoza.es\/blog\/primera-sesion-con-cuericos-en-comunicacion-digital\/#breadcrumb\"},\"inLanguage\":\"es\",\"potentialAction\":[{\"@type\":\"ReadAction\",\"target\":[\"http:\/\/madeinzaragoza.es\/blog\/primera-sesion-con-cuericos-en-comunicacion-digital\/\"]}]},{\"@type\":\"BreadcrumbList\",\"@id\":\"http:\/\/madeinzaragoza.es\/blog\/primera-sesion-con-cuericos-en-comunicacion-digital\/#breadcrumb\",\"itemListElement\":[{\"@type\":\"ListItem\",\"position\":1,\"name\":\"Portada\",\"item\":\"http:\/\/madeinzaragoza.es\/blog\/\"},{\"@type\":\"ListItem\",\"position\":2,\"name\":\"MIZ-Lab 10: De la escucha al plan, primera sesi\u00f3n de Comunicaci\u00f3n con Cuericos\"}]},{\"@type\":\"WebSite\",\"@id\":\"http:\/\/madeinzaragoza.es\/blog\/#website\",\"url\":\"http:\/\/madeinzaragoza.es\/blog\/\",\"name\":\"Made in Zaragoza\",\"description\":\"Blog de MadeinZGZ, Red de Econom\u00eda Creativa de Zaragoza\",\"publisher\":{\"@id\":\"http:\/\/madeinzaragoza.es\/blog\/#organization\"},\"potentialAction\":[{\"@type\":\"SearchAction\",\"target\":{\"@type\":\"EntryPoint\",\"urlTemplate\":\"http:\/\/madeinzaragoza.es\/blog\/?s={search_term_string}\"},\"query-input\":\"required name=search_term_string\"}],\"inLanguage\":\"es\"},{\"@type\":\"Organization\",\"@id\":\"http:\/\/madeinzaragoza.es\/blog\/#organization\",\"name\":\"Made In Zaragoza\",\"url\":\"http:\/\/madeinzaragoza.es\/blog\/\",\"sameAs\":[\"https:\/\/www.instagram.com\/madeinzaragoza.es\/\",\"https:\/\/www.facebook.com\/madeinzaragoza.es\/\",\"https:\/\/twitter.com\/madeinzaragoza\"],\"logo\":{\"@type\":\"ImageObject\",\"inLanguage\":\"es\",\"@id\":\"http:\/\/madeinzaragoza.es\/blog\/#\/schema\/logo\/image\/\",\"url\":\"https:\/\/madeinzaragoza.es\/blog\/wp-content\/uploads\/2022\/05\/logo.png\",\"contentUrl\":\"https:\/\/madeinzaragoza.es\/blog\/wp-content\/uploads\/2022\/05\/logo.png\",\"width\":193,\"height\":176,\"caption\":\"Made In Zaragoza\"},\"image\":{\"@id\":\"http:\/\/madeinzaragoza.es\/blog\/#\/schema\/logo\/image\/\"}},{\"@type\":\"Person\",\"@id\":\"http:\/\/madeinzaragoza.es\/blog\/#\/schema\/person\/dfd0dc5fdb51dc5dcd948dc49fce07b0\",\"name\":\"Fernando Cebolla\",\"image\":{\"@type\":\"ImageObject\",\"inLanguage\":\"es\",\"@id\":\"http:\/\/madeinzaragoza.es\/blog\/#\/schema\/person\/image\/\",\"url\":\"https:\/\/secure.gravatar.com\/avatar\/bf5c705d25b1b881bc79c29530006274?s=96&d=mm&r=g\",\"contentUrl\":\"https:\/\/secure.gravatar.com\/avatar\/bf5c705d25b1b881bc79c29530006274?s=96&d=mm&r=g\",\"caption\":\"Fernando Cebolla\"},\"description\":\"Fernando Cebolla es consultor de comunicaci\u00f3n digital de emprendedores en el MIZ-Lab, especializado en visibilidad y estrategia digital para empresas. Como Social Media Manager, ayuda a negocios a ganar alcance, contactos y reputaci\u00f3n en redes sociales, conectando su mensaje con las audiencias adecuadas.\",\"sameAs\":[\"http:\/\/fernandocebolla.com\/\",\"https:\/\/www.instagram.com\/tusocialmediamanager\/?hl=es\",\"https:\/\/www.linkedin.com\/in\/fernandocebollapola\/?originalSubdomain=es\",\"https:\/\/twitter.com\/fcpsocialmedia\"],\"url\":\"https:\/\/madeinzaragoza.es\/blog\/author\/fernandocebolla\/\"}]}<\/script>\n<!-- \/ Yoast SEO plugin. -->","yoast_head_json":{"title":"De la escucha al plan, primera sesi\u00f3n de Comunicaci\u00f3n con Cuericos","description":"C\u00f3mo fue la primera sesi\u00f3n con Cuericos en el MIZLab: escucha activa, diagn\u00f3stico digital y los primeros pasos para una comunicaci\u00f3n m\u00e1s estrat\u00e9gica.","robots":{"index":"index","follow":"follow","max-snippet":"max-snippet:-1","max-image-preview":"max-image-preview:large","max-video-preview":"max-video-preview:-1"},"canonical":"http:\/\/madeinzaragoza.es\/blog\/primera-sesion-con-cuericos-en-comunicacion-digital\/","og_locale":"es_ES","og_type":"article","og_title":"De la escucha al plan, primera sesi\u00f3n de Comunicaci\u00f3n con Cuericos","og_description":"C\u00f3mo fue la primera sesi\u00f3n con Cuericos en el MIZLab: escucha activa, diagn\u00f3stico digital y los primeros pasos para una comunicaci\u00f3n m\u00e1s estrat\u00e9gica.","og_url":"http:\/\/madeinzaragoza.es\/blog\/primera-sesion-con-cuericos-en-comunicacion-digital\/","og_site_name":"Made in Zaragoza","article_publisher":"https:\/\/www.facebook.com\/madeinzaragoza.es\/","article_published_time":"2026-01-22T07:00:00+00:00","article_modified_time":"2026-01-20T21:51:48+00:00","og_image":[{"width":2048,"height":1152,"url":"http:\/\/madeinzaragoza.es\/blog\/wp-content\/uploads\/2026\/01\/cuericos-foto-sesion-1-mizlab-made-in-zaragoza.jpeg","type":"image\/jpeg"}],"author":"Fernando Cebolla","twitter_card":"summary","twitter_creator":"@fcpsocialmedia","twitter_site":"@madeinzaragoza","twitter_misc":{"Escrito por":"Fernando Cebolla","Tiempo de lectura":"3 minutos"},"schema":{"@context":"https:\/\/schema.org","@graph":[{"@type":"Article","@id":"http:\/\/madeinzaragoza.es\/blog\/primera-sesion-con-cuericos-en-comunicacion-digital\/#article","isPartOf":{"@id":"http:\/\/madeinzaragoza.es\/blog\/primera-sesion-con-cuericos-en-comunicacion-digital\/"},"author":{"name":"Fernando Cebolla","@id":"http:\/\/madeinzaragoza.es\/blog\/#\/schema\/person\/dfd0dc5fdb51dc5dcd948dc49fce07b0"},"headline":"MIZ-Lab 10: De la escucha al plan, primera sesi\u00f3n de Comunicaci\u00f3n con Cuericos","datePublished":"2026-01-22T07:00:00+00:00","dateModified":"2026-01-20T21:51:48+00:00","mainEntityOfPage":{"@id":"http:\/\/madeinzaragoza.es\/blog\/primera-sesion-con-cuericos-en-comunicacion-digital\/"},"wordCount":646,"commentCount":0,"publisher":{"@id":"http:\/\/madeinzaragoza.es\/blog\/#organization"},"keywords":["Cuericos","Made In Zaragoza","MIZ-LAB","mizlab","mizlab 10"],"articleSection":["MIZ-Lab"],"inLanguage":"es","potentialAction":[{"@type":"CommentAction","name":"Comment","target":["http:\/\/madeinzaragoza.es\/blog\/primera-sesion-con-cuericos-en-comunicacion-digital\/#respond"]}]},{"@type":"WebPage","@id":"http:\/\/madeinzaragoza.es\/blog\/primera-sesion-con-cuericos-en-comunicacion-digital\/","url":"http:\/\/madeinzaragoza.es\/blog\/primera-sesion-con-cuericos-en-comunicacion-digital\/","name":"De la escucha al plan, primera sesi\u00f3n de Comunicaci\u00f3n con Cuericos","isPartOf":{"@id":"http:\/\/madeinzaragoza.es\/blog\/#website"},"datePublished":"2026-01-22T07:00:00+00:00","dateModified":"2026-01-20T21:51:48+00:00","description":"C\u00f3mo fue la primera sesi\u00f3n con Cuericos en el MIZLab: escucha activa, diagn\u00f3stico digital y los primeros pasos para una comunicaci\u00f3n m\u00e1s estrat\u00e9gica.","breadcrumb":{"@id":"http:\/\/madeinzaragoza.es\/blog\/primera-sesion-con-cuericos-en-comunicacion-digital\/#breadcrumb"},"inLanguage":"es","potentialAction":[{"@type":"ReadAction","target":["http:\/\/madeinzaragoza.es\/blog\/primera-sesion-con-cuericos-en-comunicacion-digital\/"]}]},{"@type":"BreadcrumbList","@id":"http:\/\/madeinzaragoza.es\/blog\/primera-sesion-con-cuericos-en-comunicacion-digital\/#breadcrumb","itemListElement":[{"@type":"ListItem","position":1,"name":"Portada","item":"http:\/\/madeinzaragoza.es\/blog\/"},{"@type":"ListItem","position":2,"name":"MIZ-Lab 10: De la escucha al plan, primera sesi\u00f3n de Comunicaci\u00f3n con Cuericos"}]},{"@type":"WebSite","@id":"http:\/\/madeinzaragoza.es\/blog\/#website","url":"http:\/\/madeinzaragoza.es\/blog\/","name":"Made in Zaragoza","description":"Blog de MadeinZGZ, Red de Econom\u00eda Creativa de Zaragoza","publisher":{"@id":"http:\/\/madeinzaragoza.es\/blog\/#organization"},"potentialAction":[{"@type":"SearchAction","target":{"@type":"EntryPoint","urlTemplate":"http:\/\/madeinzaragoza.es\/blog\/?s={search_term_string}"},"query-input":"required name=search_term_string"}],"inLanguage":"es"},{"@type":"Organization","@id":"http:\/\/madeinzaragoza.es\/blog\/#organization","name":"Made In Zaragoza","url":"http:\/\/madeinzaragoza.es\/blog\/","sameAs":["https:\/\/www.instagram.com\/madeinzaragoza.es\/","https:\/\/www.facebook.com\/madeinzaragoza.es\/","https:\/\/twitter.com\/madeinzaragoza"],"logo":{"@type":"ImageObject","inLanguage":"es","@id":"http:\/\/madeinzaragoza.es\/blog\/#\/schema\/logo\/image\/","url":"https:\/\/madeinzaragoza.es\/blog\/wp-content\/uploads\/2022\/05\/logo.png","contentUrl":"https:\/\/madeinzaragoza.es\/blog\/wp-content\/uploads\/2022\/05\/logo.png","width":193,"height":176,"caption":"Made In Zaragoza"},"image":{"@id":"http:\/\/madeinzaragoza.es\/blog\/#\/schema\/logo\/image\/"}},{"@type":"Person","@id":"http:\/\/madeinzaragoza.es\/blog\/#\/schema\/person\/dfd0dc5fdb51dc5dcd948dc49fce07b0","name":"Fernando Cebolla","image":{"@type":"ImageObject","inLanguage":"es","@id":"http:\/\/madeinzaragoza.es\/blog\/#\/schema\/person\/image\/","url":"https:\/\/secure.gravatar.com\/avatar\/bf5c705d25b1b881bc79c29530006274?s=96&d=mm&r=g","contentUrl":"https:\/\/secure.gravatar.com\/avatar\/bf5c705d25b1b881bc79c29530006274?s=96&d=mm&r=g","caption":"Fernando Cebolla"},"description":"Fernando Cebolla es consultor de comunicaci\u00f3n digital de emprendedores en el MIZ-Lab, especializado en visibilidad y estrategia digital para empresas. Como Social Media Manager, ayuda a negocios a ganar alcance, contactos y reputaci\u00f3n en redes sociales, conectando su mensaje con las audiencias adecuadas.","sameAs":["http:\/\/fernandocebolla.com\/","https:\/\/www.instagram.com\/tusocialmediamanager\/?hl=es","https:\/\/www.linkedin.com\/in\/fernandocebollapola\/?originalSubdomain=es","https:\/\/twitter.com\/fcpsocialmedia"],"url":"https:\/\/madeinzaragoza.es\/blog\/author\/fernandocebolla\/"}]}},"_links":{"self":[{"href":"https:\/\/madeinzaragoza.es\/blog\/wp-json\/wp\/v2\/posts\/44992"}],"collection":[{"href":"https:\/\/madeinzaragoza.es\/blog\/wp-json\/wp\/v2\/posts"}],"about":[{"href":"https:\/\/madeinzaragoza.es\/blog\/wp-json\/wp\/v2\/types\/post"}],"author":[{"embeddable":true,"href":"https:\/\/madeinzaragoza.es\/blog\/wp-json\/wp\/v2\/users\/63"}],"replies":[{"embeddable":true,"href":"https:\/\/madeinzaragoza.es\/blog\/wp-json\/wp\/v2\/comments?post=44992"}],"version-history":[{"count":4,"href":"https:\/\/madeinzaragoza.es\/blog\/wp-json\/wp\/v2\/posts\/44992\/revisions"}],"predecessor-version":[{"id":45084,"href":"https:\/\/madeinzaragoza.es\/blog\/wp-json\/wp\/v2\/posts\/44992\/revisions\/45084"}],"wp:featuredmedia":[{"embeddable":true,"href":"https:\/\/madeinzaragoza.es\/blog\/wp-json\/wp\/v2\/media\/44993"}],"wp:attachment":[{"href":"https:\/\/madeinzaragoza.es\/blog\/wp-json\/wp\/v2\/media?parent=44992"}],"wp:term":[{"taxonomy":"category","embeddable":true,"href":"https:\/\/madeinzaragoza.es\/blog\/wp-json\/wp\/v2\/categories?post=44992"},{"taxonomy":"post_tag","embeddable":true,"href":"https:\/\/madeinzaragoza.es\/blog\/wp-json\/wp\/v2\/tags?post=44992"}],"curies":[{"name":"wp","href":"https:\/\/api.w.org\/{rel}","templated":true}]}}