{"id":44690,"date":"2025-10-24T17:10:00","date_gmt":"2025-10-24T16:10:00","guid":{"rendered":"https:\/\/madeinzaragoza.es\/blog\/?p=44690"},"modified":"2025-10-24T17:18:24","modified_gmt":"2025-10-24T16:18:24","slug":"ole-tus-libros-25-anos-de-amor-por-la-lectura","status":"publish","type":"post","link":"https:\/\/madeinzaragoza.es\/blog\/ole-tus-libros-25-anos-de-amor-por-la-lectura\/","title":{"rendered":"Ol\u00e9 tus libros, 25 a\u00f1os de amor por la lectura"},"content":{"rendered":"\n<h2 class=\"wp-block-heading has-medium-font-size\">La <a href=\"https:\/\/oletuslibros.com\/\" target=\"_blank\" rel=\"noreferrer noopener\">veterana librer\u00eda zaragoza Ol\u00e9 tus Libros<\/a> cumple 25 a\u00f1os. <\/h2>\n\n\n\n<p>En un tiempo en que las pantallas parecen haber desplazado al papel, mantener viva una librer\u00eda independiente durante un cuarto de siglo es casi un acto de resistencia. Pero tambi\u00e9n de pasi\u00f3n. <\/p>\n\n\n\n<p>Ol\u00e9 tus Libros, en la zaragozana calle Miguel Servet, cumple 25 a\u00f1os convertida en todo un  referente para lectoras y lectores que buscan algo m\u00e1s que novedades editoriales: un espacio donde el libro sigue siendo objeto de encuentro, de conversaci\u00f3n y de memoria. <\/p>\n\n\n\n<p>Fundada por <strong>Mar\u00eda Jes\u00fas Naya<\/strong>, profesional de la documentaci\u00f3n, y pionera en la venta online de libros mucho antes de que el comercio electr\u00f3nico se generalizara, esta librer\u00eda ha sabido adaptarse sin perder su esencia. Entre ediciones del <em>Principito<\/em> en decenas de lenguas (\u00a1y propias!), literatura aragonesa, literatura infantil o rarezas editoriales, su historia es tambi\u00e9n la de una mujer que ha hecho de los libros su forma de vida.<\/p>\n\n\n\n<p>Hablamos con Mar\u00eda Jes\u00fas para que nos cuente m\u00e1s sobre este aniversario y sobre la librer\u00eda. <br><\/p>\n\n\n<div class=\"wp-block-image\">\n<figure class=\"aligncenter size-large\"><img loading=\"lazy\" decoding=\"async\" width=\"711\" height=\"1024\" src=\"http:\/\/madeinzaragoza.es\/blog\/wp-content\/uploads\/2025\/10\/oletuslibros25aniversario-711x1024.webp\" alt=\"\" class=\"wp-image-44697\" srcset=\"https:\/\/madeinzaragoza.es\/blog\/wp-content\/uploads\/2025\/10\/oletuslibros25aniversario-711x1024.webp 711w, https:\/\/madeinzaragoza.es\/blog\/wp-content\/uploads\/2025\/10\/oletuslibros25aniversario-312x450.webp 312w, https:\/\/madeinzaragoza.es\/blog\/wp-content\/uploads\/2025\/10\/oletuslibros25aniversario-768x1107.webp 768w, https:\/\/madeinzaragoza.es\/blog\/wp-content\/uploads\/2025\/10\/oletuslibros25aniversario-1066x1536.webp 1066w, https:\/\/madeinzaragoza.es\/blog\/wp-content\/uploads\/2025\/10\/oletuslibros25aniversario-1421x2048.webp 1421w, https:\/\/madeinzaragoza.es\/blog\/wp-content\/uploads\/2025\/10\/oletuslibros25aniversario-1200x1729.webp 1200w, https:\/\/madeinzaragoza.es\/blog\/wp-content\/uploads\/2025\/10\/oletuslibros25aniversario-scaled.webp 1777w\" sizes=\"(max-width: 709px) 85vw, (max-width: 909px) 67vw, (max-width: 984px) 61vw, (max-width: 1362px) 45vw, 600px\" \/><\/figure><\/div>\n\n\n<p><strong>\u00bfCu\u00e1l fue la chispa, la idea primera, que te llev\u00f3 a fundar Ol\u00e9 tus libros hace 25 a\u00f1os?<\/strong><\/p>\n\n\n\n<p>Siempre quise trabajar entre libros o documentos (estudi\u00e9 Biblioteconom\u00eda y Documentaci\u00f3n) y en ese momento comenzaba apenas internet y la posibilidad de vender a todo el mundo libros en muchos idiomas me pareci\u00f3 la mejor.<\/p>\n\n\n\n<p><\/p>\n\n\n\n<p><strong>Cuando comenzasteis como librer\u00eda online (fuisteis pioneros), \u00bfqu\u00e9 retos t\u00e9cnicos, log\u00edsticos o culturales te encontraste?<\/strong><\/p>\n\n\n\n<p>Las p\u00e1ginas web en ese momento eran muy caras y se encargaban a inform\u00e1ticos, adem\u00e1s la primera fu\u00e9 en espa\u00f1ol y en ingl\u00e9s, lo que result\u00f3 m\u00e1s dif\u00edcil y caro. Nos pareci\u00f3 necesario, ya que no exist\u00eda la traducci\u00f3n autom\u00e1tica como hoy en d\u00eda.<\/p>\n\n\n\n<p>Los env\u00edos para un peque\u00f1o comercio eran y son un reto, s\u00f3lo las grandes empresas tienen ventajas.&nbsp;<\/p>\n\n\n\n<p>La desconfianza inicial de los posibles clientes tambi\u00e9n fue un problema, ya que la venta on line estaba en pa\u00f1ales, y es normal que dar tus datos y pagar un producto sin ver al vendedor fuese una aventura.<\/p>\n\n\n\n<p><strong>\u00bfEn qu\u00e9 momento decidiste abrir un local f\u00edsico en Zaragoza, y por qu\u00e9 en calle Miguel Servet?<\/strong><\/p>\n\n\n\n<p>El primer a\u00f1o no tuvimos local comercial, pero el segundo a\u00f1o nos pareci\u00f3 buena idea abrir uno para los clientes de Zaragoza.<\/p>\n\n\n\n<p>El primer local no fu\u00e9 en esta direcci\u00f3n, pero cuando naci\u00f3 mi hija, hace casi 18 a\u00f1os me cambi\u00e9 m\u00e1s cerca de casa para tener facilitarme la vida por un lado y porque me gusta la zona tambi\u00e9n.<\/p>\n\n\n\n<p><strong>A lo largo de estos 25 a\u00f1os, \u00bfcu\u00e1les han sido las etapas o hitos m\u00e1s decisivos para Ol\u00e9 tus Libros?<\/strong><\/p>\n\n\n\n<p>Una librer\u00eda independiente y peque\u00f1a tiene muchas crisis y altibajos, he tenido muchas suerte, porque siempre que he pensado que quiz\u00e1s deber\u00eda cerrar, ha mejorado la situaci\u00f3n y he seguido con ilusi\u00f3n.&nbsp; Mi mayor logro es mantenerme,&nbsp; la expansi\u00f3n es un sue\u00f1o poco real.<\/p>\n\n\n\n<p><strong>\u00bfC\u00f3mo ha cambiado el perfil de sus lectores desde los inicios hasta ahora?<\/strong><\/p>\n\n\n\n<p>Es verdad que ha cambiado y est\u00e1 siempre en continuo cambio, al principio eran clientes que buscaban m\u00e1s rarezas, cosas muy espec\u00edficas. Y con el tiempo es una clientela muy variada, lecturas infantiles, novedades, autoedici\u00f3n&#8230;.<\/p>\n\n\n<div class=\"wp-block-image\">\n<figure class=\"aligncenter size-large\"><img loading=\"lazy\" decoding=\"async\" width=\"1024\" height=\"632\" src=\"https:\/\/madeinzaragoza.es\/blog\/wp-content\/uploads\/2025\/10\/oletuslibros-1024x632.webp\" alt=\"liberia ole tus libros\" class=\"wp-image-44695\" srcset=\"https:\/\/madeinzaragoza.es\/blog\/wp-content\/uploads\/2025\/10\/oletuslibros-1024x632.webp 1024w, https:\/\/madeinzaragoza.es\/blog\/wp-content\/uploads\/2025\/10\/oletuslibros-450x278.webp 450w, https:\/\/madeinzaragoza.es\/blog\/wp-content\/uploads\/2025\/10\/oletuslibros-768x474.webp 768w, https:\/\/madeinzaragoza.es\/blog\/wp-content\/uploads\/2025\/10\/oletuslibros-1536x948.webp 1536w, https:\/\/madeinzaragoza.es\/blog\/wp-content\/uploads\/2025\/10\/oletuslibros-2048x1264.webp 2048w, https:\/\/madeinzaragoza.es\/blog\/wp-content\/uploads\/2025\/10\/oletuslibros-1200x741.webp 1200w\" sizes=\"(max-width: 709px) 85vw, (max-width: 909px) 67vw, (max-width: 1362px) 62vw, 840px\" \/><\/figure><\/div>\n\n\n<p><strong>En un panorama editorial que ha sufrido m\u00faltiples crisis (econ\u00f3micas, del papel, del mercado del libro), mantenerse 25 a\u00f1os es toda una haza\u00f1a. \u00bfcu\u00e1les piensas que han sido las claves?<\/strong><\/p>\n\n\n\n<p>Supongo que afrontar todo de forma modesta, por ejemplo desde el principio me propuse reutilizar todo tipo de papel, caja o sobre, por un motivo ecol\u00f3gico que result\u00f3 una ventaja econ\u00f3mica. Adaptarse a los gustos y a la demanda de los clientes y de cada \u00e9poca que te toca vivir puede ser otra.<\/p>\n\n\n\n<p>Facilitar todo lo posible la vida a tus clientes, buscar y conseguir lo que necesiten.<\/p>\n\n\n\n<p><strong>\u00bfC\u00f3mo describir\u00edas la \u00abpersonalidad literaria\u00bb de Ol\u00e9 tus libros? O dicho de otra forma, \u00bfCu\u00e1l es la \u00abvoz\u00bb de su cat\u00e1logo?<\/strong><\/p>\n\n\n\n<p>La idea original era ser una librer\u00eda especializada en idiomas, como consecuencia surgi\u00f3 \u00abel Principito en idiomas\u00bb que fue un \u00e9xito muy imitado.<\/p>\n\n\n\n<p>Muy pronto incorporamos la literatura infantil, aragonesa, escrita por mujeres, autoedici\u00f3n, el quijote en idiomas, hasta convertirnos en una librer\u00eda omn\u00edvora, como defino a los lectores que les gusta leer de todo.<\/p>\n\n\n\n<p><strong>\u00bfQu\u00e9 criterios hay para elegir qu\u00e9 libros traer, especialmente en g\u00e9neros menos comerciales, libros dif\u00edciles de encontrar o descatalogados?<\/strong><\/p>\n\n\n\n<p>Es necesario tener un poco de todo, porque nunca sabes lo que el cliente va a solicitar, lo que es muy dif\u00edcil.<\/p>\n\n\n\n<p>La secci\u00f3n de novedades y libros m\u00e1s vendidos es imprescindible para sostener otras secciones m\u00e1s minoritarias como la poes\u00eda o el ensayo.<\/p>\n\n\n\n<p>Los libros descatalogados llegan solos y esperan al cliente apropiado, o bien&nbsp; nos lo solicitan y lo buscamos incansablemente.<\/p>\n\n\n<div class=\"wp-block-image\">\n<figure class=\"aligncenter size-large\"><img loading=\"lazy\" decoding=\"async\" width=\"1024\" height=\"683\" src=\"https:\/\/madeinzaragoza.es\/blog\/wp-content\/uploads\/2025\/10\/ole_tus_libros_mjnaya-1024x683.jpg\" alt=\"La librera Mar\u00eda Jes\u00fas Naya\" class=\"wp-image-44696\" srcset=\"https:\/\/madeinzaragoza.es\/blog\/wp-content\/uploads\/2025\/10\/ole_tus_libros_mjnaya-1024x683.jpg 1024w, https:\/\/madeinzaragoza.es\/blog\/wp-content\/uploads\/2025\/10\/ole_tus_libros_mjnaya-450x300.jpg 450w, https:\/\/madeinzaragoza.es\/blog\/wp-content\/uploads\/2025\/10\/ole_tus_libros_mjnaya-768x512.jpg 768w, https:\/\/madeinzaragoza.es\/blog\/wp-content\/uploads\/2025\/10\/ole_tus_libros_mjnaya-1536x1024.jpg 1536w, https:\/\/madeinzaragoza.es\/blog\/wp-content\/uploads\/2025\/10\/ole_tus_libros_mjnaya-2048x1365.jpg 2048w, https:\/\/madeinzaragoza.es\/blog\/wp-content\/uploads\/2025\/10\/ole_tus_libros_mjnaya-1200x800.jpg 1200w\" sizes=\"(max-width: 709px) 85vw, (max-width: 909px) 67vw, (max-width: 1362px) 62vw, 840px\" \/><\/figure><\/div>\n\n\n<p><strong>\u00bfCu\u00e1l es tu secci\u00f3n preferida y por qu\u00e9?<\/strong><\/p>\n\n\n\n<p>Qu\u00e9 dif\u00edcil! El Principito en todos idiomas y ediciones sin duda. La secci\u00f3n infantil llena de ilustraciones y de imaginaci\u00f3n tambi\u00e9n. La de Arag\u00f3n y aragon\u00e9s, por supuesto.&nbsp;<\/p>\n\n\n\n<p><strong>\u00bfQu\u00e9 papel ha jugado El Principito en su identidad editorial y cultural dentro de la librer\u00eda?<\/strong><\/p>\n\n\n\n<p>El principito me ha acompa\u00f1ado desde el principio, es algo que nos distingu\u00eda, hasta el punto que consigui\u00f3 su propia p\u00e1gina web. Tuvimos una exposici\u00f3n con maravillosos ilustradores aragoneses que hicieron su propia versi\u00f3n, m\u00fasica y un corto&#8230;.una tarde inolvidable.<\/p>\n\n\n\n<p><strong>Libros Y autores que no pueden faltar nunca en las estanter\u00edas de tu librer\u00eda, cu\u00e9ntanos.<\/strong><\/p>\n\n\n\n<p>Los cl\u00e1sicos espa\u00f1oles de novela, teatro y poes\u00eda: <strong>Cervantes, Machado, Lorca, Gald\u00f3s,&nbsp; Almudena Grandes<\/strong>&#8230;<\/p>\n\n\n\n<p>Mujeres escritoras como <strong>Virgina Woolf, Concepci\u00f3n Arenal, Emilia Pardo Baz\u00e1n, Mart\u00edn Gaite, Austen, Rosal\u00eda de Castro.<\/strong>..<\/p>\n\n\n\n<p>Son autores imprescindibles para conocer el mundo pasado y presente y necesarios para la gente m\u00e1s joven.<\/p>\n\n\n\n<p><strong>\u00bfC\u00f3mo ha sido la relaci\u00f3n con el tejido cultural de Zaragoza y Arag\u00f3n?<\/strong><\/p>\n\n\n\n<p>Me encantar\u00eda que fuese m\u00e1s flu\u00edda.<\/p>\n\n\n\n<p><strong>\u00bfHay alg\u00fan libro, proyecto o autor local al que te gustar\u00eda dedicar una edici\u00f3n especial, una antolog\u00eda o un espacio destacado?<\/strong><\/p>\n\n\n\n<p>S\u00ed, una antolog\u00eda de ilustradores de leyendas aragonesas.<\/p>\n\n\n\n<p><strong>\u00bfC\u00f3mo vais a conmemorar estos 25 a\u00f1os?<\/strong><\/p>\n\n\n\n<p>Lo celebramos el 23 de abril, d\u00eda del Libro, de la mejor forma posible, trabajando rodeados de lectores y autores firmando sus libros, con una gran tarta. Adem\u00e1s, un 23 de abril apareci\u00f3 nuestra primera p\u00e1gina web.<\/p>\n\n\n\n<p><strong>\u00bfQu\u00e9 significado personal tiene este aniversario para ti?<\/strong> 25 a\u00f1os son bastantes.<\/p>\n\n\n\n<p>Es un peque\u00f1o triunfo como librera independiente, una peque\u00f1a victoria en este mar lleno de tiburones y grandes corporaciones, casi un acto de rebeld\u00eda.<\/p>\n\n\n\n<p><strong>En este momento de celebrarlo, \u00bfqu\u00e9 le dir\u00edas al \u00abyo librera\u00bb de hace 25&nbsp;a\u00f1os?<\/strong><\/p>\n\n\n\n<p>Aguanta que todo puede mejorar, pero&nbsp; no sacrifiques tantos momentos personales por el trabajo.<\/p>\n\n\n\n<p><strong>\u00bfCu\u00e1les son los tres principales sue\u00f1os o metas que a\u00fan quieren alcanzar en los pr\u00f3ximos 5-10 a\u00f1os con Ol\u00e9 tus libros?<\/strong><\/p>\n\n\n\n<p>Ya he cumplido dos, la edici\u00f3n de nuestro propio principito y la reedici\u00f3n de un librito feminista de mi bisabuelo.<\/p>\n\n\n\n<p>Ahora tenemos en mente una peque\u00f1a obra infantil y muy aragonesa&#8230;.con tranquilidad en un futuro pr\u00f3ximo.<\/p>\n\n\n\n<p><strong>\u00bfCu\u00e1l crees que es la responsabilidad cultural de una librer\u00eda en una ciudad como Zaragoza?<\/strong><\/p>\n\n\n\n<p>Apoyar a los autores aragoneses sin duda, a los que tienen buena distribuci\u00f3n y a los que no.<\/p>\n\n\n\n<p>Lecturas y libros populares en redes sociales para los&nbsp;m\u00e1s j\u00f3venes, son un puente a otro tipo de lecturas.<\/p>\n\n\n\n<p><strong>Si pudieras imaginar una librer\u00eda ideal dentro de otros 25 a\u00f1os, \u00bfc\u00f3mo&nbsp;la describir\u00edas?<\/strong><\/p>\n\n\n\n<p>Un espacio con libros en papel por supuesto, pero tambi\u00e9n en otros soportes que ahora no podemos imaginar.<\/p>\n\n\n\n<p>Pero siempre un espacio acogedor, con sabor a siglo XX<\/p>\n\n\n\n<p><strong>\u00bfQu\u00e9 libro recomendar\u00edan hoy a alguien que quiere descubrir Zaragoza a trav\u00e9s de sus letras (o Arag\u00f3n)?<\/strong><\/p>\n\n\n\n<p><strong>Tango para una asesina<\/strong> de <strong>Javier V\u00e1zquez<\/strong>, para conocer la Zaragoza de principios del siglo XX y <strong>El c\u00edrculo herm\u00e9tico<\/strong> de <strong>Fernando Lalana<\/strong> para los m\u00e1s j\u00f3venes.<\/p>\n\n\n\n<p>Pod\u00e9is visitar Ol\u00e9 tus libros en su web, en Miguel Servet 11 o en redes, como <a href=\"https:\/\/www.instagram.com\/ole_tus_libros\/\" target=\"_blank\" rel=\"noreferrer noopener\">en su perfil de instagram<\/a><\/p>\n","protected":false},"excerpt":{"rendered":"<p>La veterana librer\u00eda zaragoza Ol\u00e9 tus Libros cumple 25 a\u00f1os<\/p>\n","protected":false},"author":55,"featured_media":44694,"comment_status":"open","ping_status":"open","sticky":false,"template":"","format":"standard","meta":{"footnotes":""},"categories":[829,6,8],"tags":[1337,130,24,2237,2350,2304,848],"yoast_head":"<!-- This site is optimized with the Yoast SEO plugin v19.7.2 - https:\/\/yoast.com\/wordpress\/plugins\/seo\/ -->\n<title>Ol\u00e9 tus libros, 25 a\u00f1os de amor por la lectura - Made in Zaragoza<\/title>\n<meta name=\"robots\" content=\"index, follow, max-snippet:-1, max-image-preview:large, max-video-preview:-1\" \/>\n<link rel=\"canonical\" href=\"https:\/\/madeinzaragoza.es\/blog\/ole-tus-libros-25-anos-de-amor-por-la-lectura\/\" \/>\n<meta property=\"og:locale\" content=\"es_ES\" \/>\n<meta property=\"og:type\" content=\"article\" \/>\n<meta property=\"og:title\" content=\"Ol\u00e9 tus libros, 25 a\u00f1os de amor por la lectura - Made in Zaragoza\" \/>\n<meta property=\"og:description\" content=\"La veterana librer\u00eda zaragoza Ol\u00e9 tus Libros cumple 25 a\u00f1os\" \/>\n<meta property=\"og:url\" content=\"https:\/\/madeinzaragoza.es\/blog\/ole-tus-libros-25-anos-de-amor-por-la-lectura\/\" \/>\n<meta property=\"og:site_name\" content=\"Made in Zaragoza\" \/>\n<meta property=\"article:publisher\" content=\"https:\/\/www.facebook.com\/madeinzaragoza.es\/\" \/>\n<meta property=\"article:published_time\" content=\"2025-10-24T16:10:00+00:00\" \/>\n<meta property=\"article:modified_time\" content=\"2025-10-24T16:18:24+00:00\" \/>\n<meta property=\"og:image\" content=\"https:\/\/madeinzaragoza.es\/blog\/wp-content\/uploads\/2025\/10\/ole_tus_libros-scaled.jpg\" \/>\n\t<meta property=\"og:image:width\" content=\"2560\" \/>\n\t<meta property=\"og:image:height\" content=\"1707\" \/>\n\t<meta property=\"og:image:type\" content=\"image\/jpeg\" \/>\n<meta name=\"author\" content=\"M\u00f3nica Anchelergues\" \/>\n<meta name=\"twitter:card\" content=\"summary\" \/>\n<meta name=\"twitter:creator\" content=\"@madeinzaragoza\" \/>\n<meta name=\"twitter:site\" content=\"@madeinzaragoza\" \/>\n<meta name=\"twitter:label1\" content=\"Escrito por\" \/>\n\t<meta name=\"twitter:data1\" content=\"M\u00f3nica Anchelergues\" \/>\n\t<meta name=\"twitter:label2\" content=\"Tiempo de lectura\" \/>\n\t<meta name=\"twitter:data2\" content=\"7 minutos\" \/>\n<script type=\"application\/ld+json\" class=\"yoast-schema-graph\">{\"@context\":\"https:\/\/schema.org\",\"@graph\":[{\"@type\":\"Article\",\"@id\":\"https:\/\/madeinzaragoza.es\/blog\/ole-tus-libros-25-anos-de-amor-por-la-lectura\/#article\",\"isPartOf\":{\"@id\":\"https:\/\/madeinzaragoza.es\/blog\/ole-tus-libros-25-anos-de-amor-por-la-lectura\/\"},\"author\":{\"name\":\"M\u00f3nica Anchelergues\",\"@id\":\"https:\/\/madeinzaragoza.es\/blog\/#\/schema\/person\/d2a02be2248a3b9c7d4f508ee7173884\"},\"headline\":\"Ol\u00e9 tus libros, 25 a\u00f1os de amor por la lectura\",\"datePublished\":\"2025-10-24T16:10:00+00:00\",\"dateModified\":\"2025-10-24T16:18:24+00:00\",\"mainEntityOfPage\":{\"@id\":\"https:\/\/madeinzaragoza.es\/blog\/ole-tus-libros-25-anos-de-amor-por-la-lectura\/\"},\"wordCount\":1481,\"commentCount\":0,\"publisher\":{\"@id\":\"https:\/\/madeinzaragoza.es\/blog\/#organization\"},\"keywords\":[\"Cultura\",\"emprendedores\",\"entrevista\",\"Librer\u00edas\",\"Libros aragoneses\",\"libros para ni\u00f1os\",\"tiendas creativas\"],\"articleSection\":[\"Cultura\",\"Gente\",\"Red MIZ\"],\"inLanguage\":\"es\",\"potentialAction\":[{\"@type\":\"CommentAction\",\"name\":\"Comment\",\"target\":[\"https:\/\/madeinzaragoza.es\/blog\/ole-tus-libros-25-anos-de-amor-por-la-lectura\/#respond\"]}]},{\"@type\":\"WebPage\",\"@id\":\"https:\/\/madeinzaragoza.es\/blog\/ole-tus-libros-25-anos-de-amor-por-la-lectura\/\",\"url\":\"https:\/\/madeinzaragoza.es\/blog\/ole-tus-libros-25-anos-de-amor-por-la-lectura\/\",\"name\":\"Ol\u00e9 tus libros, 25 a\u00f1os de amor por la lectura - Made in Zaragoza\",\"isPartOf\":{\"@id\":\"https:\/\/madeinzaragoza.es\/blog\/#website\"},\"datePublished\":\"2025-10-24T16:10:00+00:00\",\"dateModified\":\"2025-10-24T16:18:24+00:00\",\"breadcrumb\":{\"@id\":\"https:\/\/madeinzaragoza.es\/blog\/ole-tus-libros-25-anos-de-amor-por-la-lectura\/#breadcrumb\"},\"inLanguage\":\"es\",\"potentialAction\":[{\"@type\":\"ReadAction\",\"target\":[\"https:\/\/madeinzaragoza.es\/blog\/ole-tus-libros-25-anos-de-amor-por-la-lectura\/\"]}]},{\"@type\":\"BreadcrumbList\",\"@id\":\"https:\/\/madeinzaragoza.es\/blog\/ole-tus-libros-25-anos-de-amor-por-la-lectura\/#breadcrumb\",\"itemListElement\":[{\"@type\":\"ListItem\",\"position\":1,\"name\":\"Portada\",\"item\":\"https:\/\/madeinzaragoza.es\/blog\/\"},{\"@type\":\"ListItem\",\"position\":2,\"name\":\"Ol\u00e9 tus libros, 25 a\u00f1os de amor por la lectura\"}]},{\"@type\":\"WebSite\",\"@id\":\"https:\/\/madeinzaragoza.es\/blog\/#website\",\"url\":\"https:\/\/madeinzaragoza.es\/blog\/\",\"name\":\"Made in Zaragoza\",\"description\":\"Blog de MadeinZGZ, Red de Econom\u00eda Creativa de Zaragoza\",\"publisher\":{\"@id\":\"https:\/\/madeinzaragoza.es\/blog\/#organization\"},\"potentialAction\":[{\"@type\":\"SearchAction\",\"target\":{\"@type\":\"EntryPoint\",\"urlTemplate\":\"https:\/\/madeinzaragoza.es\/blog\/?s={search_term_string}\"},\"query-input\":\"required name=search_term_string\"}],\"inLanguage\":\"es\"},{\"@type\":\"Organization\",\"@id\":\"https:\/\/madeinzaragoza.es\/blog\/#organization\",\"name\":\"Made In Zaragoza\",\"url\":\"https:\/\/madeinzaragoza.es\/blog\/\",\"sameAs\":[\"https:\/\/www.instagram.com\/madeinzaragoza.es\/\",\"https:\/\/www.facebook.com\/madeinzaragoza.es\/\",\"https:\/\/twitter.com\/madeinzaragoza\"],\"logo\":{\"@type\":\"ImageObject\",\"inLanguage\":\"es\",\"@id\":\"https:\/\/madeinzaragoza.es\/blog\/#\/schema\/logo\/image\/\",\"url\":\"https:\/\/madeinzaragoza.es\/blog\/wp-content\/uploads\/2022\/05\/logo.png\",\"contentUrl\":\"https:\/\/madeinzaragoza.es\/blog\/wp-content\/uploads\/2022\/05\/logo.png\",\"width\":193,\"height\":176,\"caption\":\"Made In Zaragoza\"},\"image\":{\"@id\":\"https:\/\/madeinzaragoza.es\/blog\/#\/schema\/logo\/image\/\"}},{\"@type\":\"Person\",\"@id\":\"https:\/\/madeinzaragoza.es\/blog\/#\/schema\/person\/d2a02be2248a3b9c7d4f508ee7173884\",\"name\":\"M\u00f3nica Anchelergues\",\"image\":{\"@type\":\"ImageObject\",\"inLanguage\":\"es\",\"@id\":\"https:\/\/madeinzaragoza.es\/blog\/#\/schema\/person\/image\/\",\"url\":\"https:\/\/secure.gravatar.com\/avatar\/81ac539568d0b9bf93ce83cff1bc0345?s=96&d=mm&r=g\",\"contentUrl\":\"https:\/\/secure.gravatar.com\/avatar\/81ac539568d0b9bf93ce83cff1bc0345?s=96&d=mm&r=g\",\"caption\":\"M\u00f3nica Anchelergues\"},\"description\":\"Estudi\u00e9 Publicidad porque mi vocaci\u00f3n es la creatividad, la comunicaci\u00f3n, lo visual y adem\u00e1s adoro escribir. Complet\u00e9 mi formaci\u00f3n con estudios de fotograf\u00eda, de arte, dise\u00f1o, web y de programaci\u00f3n lo que me permiti\u00f3 trabajar en agencias de publicidad madrile\u00f1as en los nacientes departamentos online del siglo pasado. M\u00e1s tarde quise centrarme en el Marketing Online, curs\u00e9 un M\u00e1ster, y trabaj\u00e9 como Marketing Manager en la divisi\u00f3n online de Cond\u00e9Nast. Aunque me apasionaba mi trabajo volv\u00ed a mi ciudad, y aqu\u00ed sigo, ahora como freelance, inmersa en varios proyectos, como la web ConpequesenZgz.com de la que soy directora, y otros proyectos creativos: de imagen, publicidad, web, o fotograf\u00eda...\",\"sameAs\":[\"http:\/\/conpequesenzgz.com\/\"],\"url\":\"https:\/\/madeinzaragoza.es\/blog\/author\/monica-anchelergues\/\"}]}<\/script>\n<!-- \/ Yoast SEO plugin. -->","yoast_head_json":{"title":"Ol\u00e9 tus libros, 25 a\u00f1os de amor por la lectura - Made in Zaragoza","robots":{"index":"index","follow":"follow","max-snippet":"max-snippet:-1","max-image-preview":"max-image-preview:large","max-video-preview":"max-video-preview:-1"},"canonical":"https:\/\/madeinzaragoza.es\/blog\/ole-tus-libros-25-anos-de-amor-por-la-lectura\/","og_locale":"es_ES","og_type":"article","og_title":"Ol\u00e9 tus libros, 25 a\u00f1os de amor por la lectura - Made in Zaragoza","og_description":"La veterana librer\u00eda zaragoza Ol\u00e9 tus Libros cumple 25 a\u00f1os","og_url":"https:\/\/madeinzaragoza.es\/blog\/ole-tus-libros-25-anos-de-amor-por-la-lectura\/","og_site_name":"Made in Zaragoza","article_publisher":"https:\/\/www.facebook.com\/madeinzaragoza.es\/","article_published_time":"2025-10-24T16:10:00+00:00","article_modified_time":"2025-10-24T16:18:24+00:00","og_image":[{"width":2560,"height":1707,"url":"https:\/\/madeinzaragoza.es\/blog\/wp-content\/uploads\/2025\/10\/ole_tus_libros-scaled.jpg","type":"image\/jpeg"}],"author":"M\u00f3nica Anchelergues","twitter_card":"summary","twitter_creator":"@madeinzaragoza","twitter_site":"@madeinzaragoza","twitter_misc":{"Escrito por":"M\u00f3nica Anchelergues","Tiempo de lectura":"7 minutos"},"schema":{"@context":"https:\/\/schema.org","@graph":[{"@type":"Article","@id":"https:\/\/madeinzaragoza.es\/blog\/ole-tus-libros-25-anos-de-amor-por-la-lectura\/#article","isPartOf":{"@id":"https:\/\/madeinzaragoza.es\/blog\/ole-tus-libros-25-anos-de-amor-por-la-lectura\/"},"author":{"name":"M\u00f3nica Anchelergues","@id":"https:\/\/madeinzaragoza.es\/blog\/#\/schema\/person\/d2a02be2248a3b9c7d4f508ee7173884"},"headline":"Ol\u00e9 tus libros, 25 a\u00f1os de amor por la lectura","datePublished":"2025-10-24T16:10:00+00:00","dateModified":"2025-10-24T16:18:24+00:00","mainEntityOfPage":{"@id":"https:\/\/madeinzaragoza.es\/blog\/ole-tus-libros-25-anos-de-amor-por-la-lectura\/"},"wordCount":1481,"commentCount":0,"publisher":{"@id":"https:\/\/madeinzaragoza.es\/blog\/#organization"},"keywords":["Cultura","emprendedores","entrevista","Librer\u00edas","Libros aragoneses","libros para ni\u00f1os","tiendas creativas"],"articleSection":["Cultura","Gente","Red MIZ"],"inLanguage":"es","potentialAction":[{"@type":"CommentAction","name":"Comment","target":["https:\/\/madeinzaragoza.es\/blog\/ole-tus-libros-25-anos-de-amor-por-la-lectura\/#respond"]}]},{"@type":"WebPage","@id":"https:\/\/madeinzaragoza.es\/blog\/ole-tus-libros-25-anos-de-amor-por-la-lectura\/","url":"https:\/\/madeinzaragoza.es\/blog\/ole-tus-libros-25-anos-de-amor-por-la-lectura\/","name":"Ol\u00e9 tus libros, 25 a\u00f1os de amor por la lectura - Made in Zaragoza","isPartOf":{"@id":"https:\/\/madeinzaragoza.es\/blog\/#website"},"datePublished":"2025-10-24T16:10:00+00:00","dateModified":"2025-10-24T16:18:24+00:00","breadcrumb":{"@id":"https:\/\/madeinzaragoza.es\/blog\/ole-tus-libros-25-anos-de-amor-por-la-lectura\/#breadcrumb"},"inLanguage":"es","potentialAction":[{"@type":"ReadAction","target":["https:\/\/madeinzaragoza.es\/blog\/ole-tus-libros-25-anos-de-amor-por-la-lectura\/"]}]},{"@type":"BreadcrumbList","@id":"https:\/\/madeinzaragoza.es\/blog\/ole-tus-libros-25-anos-de-amor-por-la-lectura\/#breadcrumb","itemListElement":[{"@type":"ListItem","position":1,"name":"Portada","item":"https:\/\/madeinzaragoza.es\/blog\/"},{"@type":"ListItem","position":2,"name":"Ol\u00e9 tus libros, 25 a\u00f1os de amor por la lectura"}]},{"@type":"WebSite","@id":"https:\/\/madeinzaragoza.es\/blog\/#website","url":"https:\/\/madeinzaragoza.es\/blog\/","name":"Made in Zaragoza","description":"Blog de MadeinZGZ, Red de Econom\u00eda Creativa de Zaragoza","publisher":{"@id":"https:\/\/madeinzaragoza.es\/blog\/#organization"},"potentialAction":[{"@type":"SearchAction","target":{"@type":"EntryPoint","urlTemplate":"https:\/\/madeinzaragoza.es\/blog\/?s={search_term_string}"},"query-input":"required name=search_term_string"}],"inLanguage":"es"},{"@type":"Organization","@id":"https:\/\/madeinzaragoza.es\/blog\/#organization","name":"Made In Zaragoza","url":"https:\/\/madeinzaragoza.es\/blog\/","sameAs":["https:\/\/www.instagram.com\/madeinzaragoza.es\/","https:\/\/www.facebook.com\/madeinzaragoza.es\/","https:\/\/twitter.com\/madeinzaragoza"],"logo":{"@type":"ImageObject","inLanguage":"es","@id":"https:\/\/madeinzaragoza.es\/blog\/#\/schema\/logo\/image\/","url":"https:\/\/madeinzaragoza.es\/blog\/wp-content\/uploads\/2022\/05\/logo.png","contentUrl":"https:\/\/madeinzaragoza.es\/blog\/wp-content\/uploads\/2022\/05\/logo.png","width":193,"height":176,"caption":"Made In Zaragoza"},"image":{"@id":"https:\/\/madeinzaragoza.es\/blog\/#\/schema\/logo\/image\/"}},{"@type":"Person","@id":"https:\/\/madeinzaragoza.es\/blog\/#\/schema\/person\/d2a02be2248a3b9c7d4f508ee7173884","name":"M\u00f3nica Anchelergues","image":{"@type":"ImageObject","inLanguage":"es","@id":"https:\/\/madeinzaragoza.es\/blog\/#\/schema\/person\/image\/","url":"https:\/\/secure.gravatar.com\/avatar\/81ac539568d0b9bf93ce83cff1bc0345?s=96&d=mm&r=g","contentUrl":"https:\/\/secure.gravatar.com\/avatar\/81ac539568d0b9bf93ce83cff1bc0345?s=96&d=mm&r=g","caption":"M\u00f3nica Anchelergues"},"description":"Estudi\u00e9 Publicidad porque mi vocaci\u00f3n es la creatividad, la comunicaci\u00f3n, lo visual y adem\u00e1s adoro escribir. Complet\u00e9 mi formaci\u00f3n con estudios de fotograf\u00eda, de arte, dise\u00f1o, web y de programaci\u00f3n lo que me permiti\u00f3 trabajar en agencias de publicidad madrile\u00f1as en los nacientes departamentos online del siglo pasado. M\u00e1s tarde quise centrarme en el Marketing Online, curs\u00e9 un M\u00e1ster, y trabaj\u00e9 como Marketing Manager en la divisi\u00f3n online de Cond\u00e9Nast. Aunque me apasionaba mi trabajo volv\u00ed a mi ciudad, y aqu\u00ed sigo, ahora como freelance, inmersa en varios proyectos, como la web ConpequesenZgz.com de la que soy directora, y otros proyectos creativos: de imagen, publicidad, web, o fotograf\u00eda...","sameAs":["http:\/\/conpequesenzgz.com\/"],"url":"https:\/\/madeinzaragoza.es\/blog\/author\/monica-anchelergues\/"}]}},"_links":{"self":[{"href":"https:\/\/madeinzaragoza.es\/blog\/wp-json\/wp\/v2\/posts\/44690"}],"collection":[{"href":"https:\/\/madeinzaragoza.es\/blog\/wp-json\/wp\/v2\/posts"}],"about":[{"href":"https:\/\/madeinzaragoza.es\/blog\/wp-json\/wp\/v2\/types\/post"}],"author":[{"embeddable":true,"href":"https:\/\/madeinzaragoza.es\/blog\/wp-json\/wp\/v2\/users\/55"}],"replies":[{"embeddable":true,"href":"https:\/\/madeinzaragoza.es\/blog\/wp-json\/wp\/v2\/comments?post=44690"}],"version-history":[{"count":5,"href":"https:\/\/madeinzaragoza.es\/blog\/wp-json\/wp\/v2\/posts\/44690\/revisions"}],"predecessor-version":[{"id":44730,"href":"https:\/\/madeinzaragoza.es\/blog\/wp-json\/wp\/v2\/posts\/44690\/revisions\/44730"}],"wp:featuredmedia":[{"embeddable":true,"href":"https:\/\/madeinzaragoza.es\/blog\/wp-json\/wp\/v2\/media\/44694"}],"wp:attachment":[{"href":"https:\/\/madeinzaragoza.es\/blog\/wp-json\/wp\/v2\/media?parent=44690"}],"wp:term":[{"taxonomy":"category","embeddable":true,"href":"https:\/\/madeinzaragoza.es\/blog\/wp-json\/wp\/v2\/categories?post=44690"},{"taxonomy":"post_tag","embeddable":true,"href":"https:\/\/madeinzaragoza.es\/blog\/wp-json\/wp\/v2\/tags?post=44690"}],"curies":[{"name":"wp","href":"https:\/\/api.w.org\/{rel}","templated":true}]}}