{"id":43556,"date":"2025-02-20T09:24:14","date_gmt":"2025-02-20T08:24:14","guid":{"rendered":"https:\/\/madeinzaragoza.es\/blog\/?p=43556"},"modified":"2025-02-20T09:24:15","modified_gmt":"2025-02-20T08:24:15","slug":"monologo-racher-carson-mujer-que-desperto-la-conciencia-medioambiental","status":"publish","type":"post","link":"https:\/\/madeinzaragoza.es\/blog\/monologo-racher-carson-mujer-que-desperto-la-conciencia-medioambiental\/","title":{"rendered":"Mon\u00f3logo sobre Racher Carson en Escaparates11f: La mujer que despert\u00f3 la conciencia medioambiental"},"content":{"rendered":"\n<p>El pasado viernes, 14 de febrero, nos acercamos hasta el comercio creativo de la red <a href=\"https:\/\/madeinzaragoza.es\/comercios\/categorias.php\">MIZ<\/a>, <a href=\"https:\/\/madeinzaragoza.es\/comercio\/picaraza-shop\/\" target=\"_blank\" rel=\"noreferrer noopener\">Picaraza Shop<\/a> para asistir a una cita muy especial.<\/p>\n\n\n\n<p>Gracias a la magn\u00edfica interpretaci\u00f3n del equipo de <a href=\"https:\/\/laclac.es\/\" target=\"_blank\" rel=\"noreferrer noopener\">La Clac Teatro<\/a>, pudimos conocer la <strong>fascinante vida<\/strong> de la <strong>cient\u00edfica, escritora y madre del ecologismo<\/strong>, <a href=\"https:\/\/mujeresconciencia.com\/2015\/06\/22\/el-caso-de-rachel-carson\/\" target=\"_blank\" rel=\"noreferrer noopener\">Rachel Carson<\/a>.\u00a0<\/p>\n\n\n\n<p>Una actividad dentro de la programaci\u00f3n para celebrar el <strong>D\u00eda Internacional de la Mujer y la Ni\u00f1a en la Ciencia<\/strong> de la <a href=\"https:\/\/11defebrero.org\/\">iniciativa 11F<\/a>.<\/p>\n\n\n\n<p><\/p>\n\n\n\n<h2 class=\"wp-block-heading\">Un evento para inspirar y concienciar<\/h2>\n\n\n\n<p>El mon\u00f3logo tuvo lugar en <strong>Picaraza Shop, una librer\u00eda y tienda de discos de vinilo en Zaragoza<\/strong>. Exactamente en Avd, Fco de Goya, n\u00famero 58. Esta tienda se ha convertido en referencia, ya que combina <strong>comercio local con propuestas art\u00edsticas y divulgativas<\/strong>, lo que la hacen el escenario perfecto para el mon\u00f3logo sobre<strong> Rachel Carson<\/strong>.<\/p>\n\n\n\n<p>En el marco del D\u00eda Internacional de la Mujer y la Ni\u00f1a en la Ciencia (11F), esta iniciativa busc\u00f3 resaltar el papel de las mujeres en la ciencia, acercando al p\u00fablico la historia de una <strong>pionera del pensamiento ecol\u00f3gico <\/strong>de una forma l\u00fadica y entretenida.<\/p>\n\n\n\n<p><\/p>\n\n\n\n<figure class=\"wp-block-gallery has-nested-images columns-default is-cropped wp-block-gallery-1 is-layout-flex wp-block-gallery-is-layout-flex\">\n<figure class=\"wp-block-image size-large\"><img loading=\"lazy\" decoding=\"async\" width=\"1024\" height=\"577\" data-id=\"43562\" src=\"https:\/\/madeinzaragoza.es\/blog\/wp-content\/uploads\/2025\/02\/IMG_20250214_191230-1024x577.jpg\" alt=\"\" class=\"wp-image-43562\" srcset=\"https:\/\/madeinzaragoza.es\/blog\/wp-content\/uploads\/2025\/02\/IMG_20250214_191230-1024x577.jpg 1024w, https:\/\/madeinzaragoza.es\/blog\/wp-content\/uploads\/2025\/02\/IMG_20250214_191230-450x253.jpg 450w, https:\/\/madeinzaragoza.es\/blog\/wp-content\/uploads\/2025\/02\/IMG_20250214_191230-768x432.jpg 768w, https:\/\/madeinzaragoza.es\/blog\/wp-content\/uploads\/2025\/02\/IMG_20250214_191230-1536x865.jpg 1536w, https:\/\/madeinzaragoza.es\/blog\/wp-content\/uploads\/2025\/02\/IMG_20250214_191230-2048x1153.jpg 2048w, https:\/\/madeinzaragoza.es\/blog\/wp-content\/uploads\/2025\/02\/IMG_20250214_191230-1200x676.jpg 1200w\" sizes=\"(max-width: 709px) 85vw, (max-width: 909px) 67vw, (max-width: 1362px) 62vw, 840px\" \/><\/figure>\n<\/figure>\n\n\n\n<p><\/p>\n\n\n\n<h2 class=\"wp-block-heading\">La Clac: teatro con compromiso<\/h2>\n\n\n\n<p>El mon\u00f3logo fue llevado a escena por<strong> La Clac Teatro<\/strong>, una compa\u00f1\u00eda teatral con una larga trayectoria en la creaci\u00f3n de espect\u00e1culos que combinan el <strong>arte esc\u00e9nico con la divulgaci\u00f3n y el compromiso social<\/strong>. Su propuesta destaca por su capacidad para conectar con el p\u00fablico a trav\u00e9s de formatos innovadores, promoviendo el <strong>pensamiento cr\u00edtico y la reflexi\u00f3n<\/strong> sobre temas de actualidad.<\/p>\n\n\n\n<p>La Clac se ha consolidado como una referencia en el teatro educativo y de concienciaci\u00f3n en Zaragoza, utilizando el <strong>humor y la cercan\u00eda<\/strong> para transmitir <strong>mensajes que calan<\/strong>. En este mon\u00f3logo sobre Rachel Carson, lograron acercar la ciencia y el ecologismo al p\u00fablico de una manera divertida y entretenida, reafirmando su compromiso con la cultura y la educaci\u00f3n ambiental.<\/p>\n\n\n\n<p><\/p>\n\n\n\n<h2 class=\"wp-block-heading\">\u00bfConoces el gran trabajo de la pionera Rachel Carson?<\/h2>\n\n\n\n<p><strong>Rachel Carson (1907-1964) <\/strong>aunque comenz\u00f3 form\u00e1ndose en literatura, fue una <strong>bi\u00f3loga marina estadounidense <\/strong>considerada una de las fundadoras del movimiento ecologista moderno. Su libro m\u00e1s influyente,<a href=\"https:\/\/www.nationalgeographic.com.es\/medio-ambiente\/que-trata-primavera-silenciosa-libro-que-aparece-problema-tres-cuerpos_21979\" target=\"_blank\" rel=\"noreferrer noopener\"> \u00abPrimavera Silenciosa\u00bb<\/a>, publicado en 1962, <strong>denunci\u00f3 los efectos nocivos de los pesticidas<\/strong> en el medio ambiente y <strong>sent\u00f3 las bases para la regulaci\u00f3n<\/strong> del uso de sustancias qu\u00edmicas perjudiciales.<\/p>\n\n\n\n<p><\/p>\n\n\n\n<figure class=\"wp-block-image size-large\"><img loading=\"lazy\" decoding=\"async\" width=\"1021\" height=\"1024\" src=\"https:\/\/madeinzaragoza.es\/blog\/wp-content\/uploads\/2025\/02\/rachel-carson-1021x1024.jpg\" alt=\"\" class=\"wp-image-43569\" srcset=\"https:\/\/madeinzaragoza.es\/blog\/wp-content\/uploads\/2025\/02\/rachel-carson-1021x1024.jpg 1021w, https:\/\/madeinzaragoza.es\/blog\/wp-content\/uploads\/2025\/02\/rachel-carson-450x450.jpg 450w, https:\/\/madeinzaragoza.es\/blog\/wp-content\/uploads\/2025\/02\/rachel-carson-150x150.jpg 150w, https:\/\/madeinzaragoza.es\/blog\/wp-content\/uploads\/2025\/02\/rachel-carson-768x770.jpg 768w, https:\/\/madeinzaragoza.es\/blog\/wp-content\/uploads\/2025\/02\/rachel-carson-1532x1536.jpg 1532w, https:\/\/madeinzaragoza.es\/blog\/wp-content\/uploads\/2025\/02\/rachel-carson-1200x1203.jpg 1200w, https:\/\/madeinzaragoza.es\/blog\/wp-content\/uploads\/2025\/02\/rachel-carson-120x120.jpg 120w, https:\/\/madeinzaragoza.es\/blog\/wp-content\/uploads\/2025\/02\/rachel-carson.jpg 1867w\" sizes=\"(max-width: 709px) 85vw, (max-width: 909px) 67vw, (max-width: 1362px) 62vw, 840px\" \/><\/figure>\n\n\n\n<p><\/p>\n\n\n\n<p>Desde sus inicios como cient\u00edfica y a pesar de todas las trabas que encontr\u00f3 a lo largo de su carrera, Carson demostr\u00f3 una <strong>pasi\u00f3n inquebrantable<\/strong> por la <strong>naturaleza, el mar y la divulgaci\u00f3n cient\u00edfica<\/strong>. Su capacidad para transmitir conocimientos <strong>con un lenguaje accesible<\/strong> la convirti\u00f3 en una figura clave en la <strong>concienciaci\u00f3n medioambiental<\/strong>. Gracias a su trabajo, se establecieron pol\u00edticas que protegieron ecosistemas y especies en peligro.<\/p>\n\n\n\n<p><\/p>\n\n\n\n<h2 class=\"wp-block-heading\">La importancia de c\u00f3mo contar una historia<\/h2>\n\n\n\n<p>La representaci\u00f3n del mon\u00f3logo en Picaraza consigui\u00f3 <strong>capturar la esencia de Rachel Carson<\/strong> de una forma din\u00e1mica y entretenida. Un <strong>espect\u00e1culo<\/strong> <strong>para todos y toda la familia.<\/strong><\/p>\n\n\n\n<p>Mediante una combinaci\u00f3n de <strong>narrativa, im\u00e1genes y v\u00eddeos<\/strong>, el espect\u00e1culo nos traslad\u00f3 a un <strong>fascinante viaje<\/strong> por la <strong>vida de esta influyente cient\u00edfica<\/strong>. La mezcla de <strong>humor y documentaci\u00f3n gr\u00e1fica<\/strong> con fotos reales, permiti\u00f3 que tanto ni\u00f1os como adultos nos sinti\u00e9ramos inspirados por su legado.<\/p>\n\n\n\n<p>Este formato innovador facilit\u00f3 la comprensi\u00f3n de los retos que Carson enfrent\u00f3 en una \u00e9poca donde el papel de la mujer en la ciencia era a menudo subestimado (Incluso alguna vez torpedeado).<\/p>\n\n\n\n<p>Su valent\u00eda, pasi\u00f3n por la naturaleza\u00a0 y determinaci\u00f3n para luchar contra la contaminaci\u00f3n qu\u00edmica y la destrucci\u00f3n del medio ambiente quedaron reflejadas en cada parte de la actuaci\u00f3n.<\/p>\n\n\n\n<p><\/p>\n\n\n\n<figure class=\"wp-block-gallery has-nested-images columns-default is-cropped wp-block-gallery-2 is-layout-flex wp-block-gallery-is-layout-flex\">\n<figure class=\"wp-block-image size-large\"><img loading=\"lazy\" decoding=\"async\" width=\"577\" height=\"1024\" data-id=\"43565\" src=\"https:\/\/madeinzaragoza.es\/blog\/wp-content\/uploads\/2025\/02\/11-La-Clac-y-picaraza-shop-1-577x1024.jpg\" alt=\"\" class=\"wp-image-43565\" srcset=\"https:\/\/madeinzaragoza.es\/blog\/wp-content\/uploads\/2025\/02\/11-La-Clac-y-picaraza-shop-1-577x1024.jpg 577w, https:\/\/madeinzaragoza.es\/blog\/wp-content\/uploads\/2025\/02\/11-La-Clac-y-picaraza-shop-1-253x450.jpg 253w, https:\/\/madeinzaragoza.es\/blog\/wp-content\/uploads\/2025\/02\/11-La-Clac-y-picaraza-shop-1-768x1364.jpg 768w, https:\/\/madeinzaragoza.es\/blog\/wp-content\/uploads\/2025\/02\/11-La-Clac-y-picaraza-shop-1-865x1536.jpg 865w, https:\/\/madeinzaragoza.es\/blog\/wp-content\/uploads\/2025\/02\/11-La-Clac-y-picaraza-shop-1-1153x2048.jpg 1153w, https:\/\/madeinzaragoza.es\/blog\/wp-content\/uploads\/2025\/02\/11-La-Clac-y-picaraza-shop-1-1200x2131.jpg 1200w, https:\/\/madeinzaragoza.es\/blog\/wp-content\/uploads\/2025\/02\/11-La-Clac-y-picaraza-shop-1-scaled.jpg 1442w\" sizes=\"(max-width: 577px) 85vw, 577px\" \/><\/figure>\n\n\n\n<figure class=\"wp-block-image size-large\"><img loading=\"lazy\" decoding=\"async\" width=\"577\" height=\"1024\" data-id=\"43566\" src=\"https:\/\/madeinzaragoza.es\/blog\/wp-content\/uploads\/2025\/02\/MIZ-11F-rachel-carson-577x1024.jpg\" alt=\"\" class=\"wp-image-43566\" srcset=\"https:\/\/madeinzaragoza.es\/blog\/wp-content\/uploads\/2025\/02\/MIZ-11F-rachel-carson-577x1024.jpg 577w, https:\/\/madeinzaragoza.es\/blog\/wp-content\/uploads\/2025\/02\/MIZ-11F-rachel-carson-253x450.jpg 253w, https:\/\/madeinzaragoza.es\/blog\/wp-content\/uploads\/2025\/02\/MIZ-11F-rachel-carson-768x1364.jpg 768w, https:\/\/madeinzaragoza.es\/blog\/wp-content\/uploads\/2025\/02\/MIZ-11F-rachel-carson-865x1536.jpg 865w, https:\/\/madeinzaragoza.es\/blog\/wp-content\/uploads\/2025\/02\/MIZ-11F-rachel-carson-1153x2048.jpg 1153w, https:\/\/madeinzaragoza.es\/blog\/wp-content\/uploads\/2025\/02\/MIZ-11F-rachel-carson-1200x2131.jpg 1200w, https:\/\/madeinzaragoza.es\/blog\/wp-content\/uploads\/2025\/02\/MIZ-11F-rachel-carson-scaled.jpg 1442w\" sizes=\"(max-width: 577px) 85vw, 577px\" \/><\/figure>\n<\/figure>\n\n\n\n<p><\/p>\n\n\n\n<h2 class=\"wp-block-heading\">Un impacto que trasciende<\/h2>\n\n\n\n<p>Eventos como este mon\u00f3logo no solo sirven para recordar a f<strong>iguras clave de la ciencia<\/strong>, sino que tambi\u00e9n <strong>fomentan la inspiraci\u00f3n y la conciencia<\/strong> ecol\u00f3gica en la comunidad.&nbsp;<\/p>\n\n\n\n<p>La celebraci\u00f3n del 11F, con propuestas innovadoras como esta, demuestra el creciente inter\u00e9s por divulgar la ciencia y destacar el papel de las mujeres en ella.<\/p>\n\n\n\n<p><\/p>\n\n\n\n<figure class=\"wp-block-image size-large\"><img loading=\"lazy\" decoding=\"async\" width=\"1024\" height=\"577\" src=\"https:\/\/madeinzaragoza.es\/blog\/wp-content\/uploads\/2025\/02\/la-clac-teatro-y-picarza-shopen-el-11f-1024x577.jpg\" alt=\"\" class=\"wp-image-43570\" srcset=\"https:\/\/madeinzaragoza.es\/blog\/wp-content\/uploads\/2025\/02\/la-clac-teatro-y-picarza-shopen-el-11f-1024x577.jpg 1024w, https:\/\/madeinzaragoza.es\/blog\/wp-content\/uploads\/2025\/02\/la-clac-teatro-y-picarza-shopen-el-11f-450x253.jpg 450w, https:\/\/madeinzaragoza.es\/blog\/wp-content\/uploads\/2025\/02\/la-clac-teatro-y-picarza-shopen-el-11f-768x432.jpg 768w, https:\/\/madeinzaragoza.es\/blog\/wp-content\/uploads\/2025\/02\/la-clac-teatro-y-picarza-shopen-el-11f-1536x865.jpg 1536w, https:\/\/madeinzaragoza.es\/blog\/wp-content\/uploads\/2025\/02\/la-clac-teatro-y-picarza-shopen-el-11f-2048x1153.jpg 2048w, https:\/\/madeinzaragoza.es\/blog\/wp-content\/uploads\/2025\/02\/la-clac-teatro-y-picarza-shopen-el-11f-1200x676.jpg 1200w\" sizes=\"(max-width: 709px) 85vw, (max-width: 909px) 67vw, (max-width: 1362px) 62vw, 840px\" \/><\/figure>\n\n\n\n<p><\/p>\n\n\n\n<p>Si te perdiste esta representaci\u00f3n, te animamos a seguir las actividades de <a href=\"https:\/\/www.instagram.com\/picarazashop\/?hl=es\" target=\"_blank\" rel=\"noreferrer noopener\">Picaraza Shop<\/a> y <a href=\"https:\/\/www.instagram.com\/p\/DGEIncYoE6F\/?img_index=1\" target=\"_blank\" rel=\"noreferrer noopener\">Teatro La Clac <\/a>y a profundizar en la obra de Rachel Carson. <\/p>\n\n\n\n<p>Su legado sigue vigente, record\u00e1ndonos la importancia de cuidar el planeta y valorar el trabajo de las mujeres que han marcado la historia de la ciencia.<\/p>\n","protected":false},"excerpt":{"rendered":"<p>El pasado viernes, 14 de febrero, nos acercamos hasta el comercio creativo de la red MIZ, Picaraza Shop para asistir a una cita muy especial. Gracias a la magn\u00edfica interpretaci\u00f3n del equipo de La Clac Teatro, pudimos conocer la fascinante vida de la cient\u00edfica, escritora y madre del ecologismo, Rachel Carson.\u00a0 Una actividad dentro de &hellip; <a href=\"https:\/\/madeinzaragoza.es\/blog\/monologo-racher-carson-mujer-que-desperto-la-conciencia-medioambiental\/\" class=\"more-link\">Continuar leyendo<span class=\"screen-reader-text\"> \u00abMon\u00f3logo sobre Racher Carson en Escaparates11f: La mujer que despert\u00f3 la conciencia medioambiental\u00bb<\/span><\/a><\/p>\n","protected":false},"author":84,"featured_media":43572,"comment_status":"open","ping_status":"open","sticky":false,"template":"","format":"standard","meta":{"footnotes":""},"categories":[829,7,8],"tags":[2245,2859,490,848],"yoast_head":"<!-- This site is optimized with the Yoast SEO plugin v19.7.2 - https:\/\/yoast.com\/wordpress\/plugins\/seo\/ -->\n<title>Mon\u00f3logo sobre Racher Carson en Escaparates11f: La mujer que despert\u00f3 la conciencia medioambiental - Made in Zaragoza<\/title>\n<meta name=\"robots\" content=\"index, follow, max-snippet:-1, max-image-preview:large, max-video-preview:-1\" \/>\n<link rel=\"canonical\" href=\"https:\/\/madeinzaragoza.es\/blog\/monologo-racher-carson-mujer-que-desperto-la-conciencia-medioambiental\/\" \/>\n<meta property=\"og:locale\" content=\"es_ES\" \/>\n<meta property=\"og:type\" content=\"article\" \/>\n<meta property=\"og:title\" content=\"Mon\u00f3logo sobre Racher Carson en Escaparates11f: La mujer que despert\u00f3 la conciencia medioambiental - Made in Zaragoza\" \/>\n<meta property=\"og:description\" content=\"El pasado viernes, 14 de febrero, nos acercamos hasta el comercio creativo de la red MIZ, Picaraza Shop para asistir a una cita muy especial. Gracias a la magn\u00edfica interpretaci\u00f3n del equipo de La Clac Teatro, pudimos conocer la fascinante vida de la cient\u00edfica, escritora y madre del ecologismo, Rachel Carson.\u00a0 Una actividad dentro de &hellip; Continuar leyendo &quot;Mon\u00f3logo sobre Racher Carson en Escaparates11f: La mujer que despert\u00f3 la conciencia medioambiental&quot;\" \/>\n<meta property=\"og:url\" content=\"https:\/\/madeinzaragoza.es\/blog\/monologo-racher-carson-mujer-que-desperto-la-conciencia-medioambiental\/\" \/>\n<meta property=\"og:site_name\" content=\"Made in Zaragoza\" \/>\n<meta property=\"article:publisher\" content=\"https:\/\/www.facebook.com\/madeinzaragoza.es\/\" \/>\n<meta property=\"article:published_time\" content=\"2025-02-20T08:24:14+00:00\" \/>\n<meta property=\"article:modified_time\" content=\"2025-02-20T08:24:15+00:00\" \/>\n<meta property=\"og:image\" content=\"https:\/\/madeinzaragoza.es\/blog\/wp-content\/uploads\/2025\/02\/no-more-matildas-11F-made-in-zaragoza-scaled.jpg\" \/>\n\t<meta property=\"og:image:width\" content=\"2560\" \/>\n\t<meta property=\"og:image:height\" content=\"1442\" \/>\n\t<meta property=\"og:image:type\" content=\"image\/jpeg\" \/>\n<meta name=\"author\" content=\"Nagore Delgado\" \/>\n<meta name=\"twitter:card\" content=\"summary\" \/>\n<meta name=\"twitter:creator\" content=\"@madeinzaragoza\" \/>\n<meta name=\"twitter:site\" content=\"@madeinzaragoza\" \/>\n<meta name=\"twitter:label1\" content=\"Escrito por\" \/>\n\t<meta name=\"twitter:data1\" content=\"Nagore Delgado\" \/>\n\t<meta name=\"twitter:label2\" content=\"Tiempo de lectura\" \/>\n\t<meta name=\"twitter:data2\" content=\"4 minutos\" \/>\n<script type=\"application\/ld+json\" class=\"yoast-schema-graph\">{\"@context\":\"https:\/\/schema.org\",\"@graph\":[{\"@type\":\"Article\",\"@id\":\"https:\/\/madeinzaragoza.es\/blog\/monologo-racher-carson-mujer-que-desperto-la-conciencia-medioambiental\/#article\",\"isPartOf\":{\"@id\":\"https:\/\/madeinzaragoza.es\/blog\/monologo-racher-carson-mujer-que-desperto-la-conciencia-medioambiental\/\"},\"author\":{\"name\":\"Nagore Delgado\",\"@id\":\"http:\/\/madeinzaragoza.es\/blog\/#\/schema\/person\/9a0b249cbeeadd393f2fe8a350f05bae\"},\"headline\":\"Mon\u00f3logo sobre Racher Carson en Escaparates11f: La mujer que despert\u00f3 la conciencia medioambiental\",\"datePublished\":\"2025-02-20T08:24:14+00:00\",\"dateModified\":\"2025-02-20T08:24:15+00:00\",\"mainEntityOfPage\":{\"@id\":\"https:\/\/madeinzaragoza.es\/blog\/monologo-racher-carson-mujer-que-desperto-la-conciencia-medioambiental\/\"},\"wordCount\":772,\"commentCount\":0,\"publisher\":{\"@id\":\"http:\/\/madeinzaragoza.es\/blog\/#organization\"},\"keywords\":[\"escaparates11f\",\"mon\u00f3logo\",\"teatro\",\"tiendas creativas\"],\"articleSection\":[\"Cultura\",\"Qu\u00e9 hacer\",\"Red MIZ\"],\"inLanguage\":\"es\",\"potentialAction\":[{\"@type\":\"CommentAction\",\"name\":\"Comment\",\"target\":[\"https:\/\/madeinzaragoza.es\/blog\/monologo-racher-carson-mujer-que-desperto-la-conciencia-medioambiental\/#respond\"]}]},{\"@type\":\"WebPage\",\"@id\":\"https:\/\/madeinzaragoza.es\/blog\/monologo-racher-carson-mujer-que-desperto-la-conciencia-medioambiental\/\",\"url\":\"https:\/\/madeinzaragoza.es\/blog\/monologo-racher-carson-mujer-que-desperto-la-conciencia-medioambiental\/\",\"name\":\"Mon\u00f3logo sobre Racher Carson en Escaparates11f: La mujer que despert\u00f3 la conciencia medioambiental - Made in Zaragoza\",\"isPartOf\":{\"@id\":\"http:\/\/madeinzaragoza.es\/blog\/#website\"},\"datePublished\":\"2025-02-20T08:24:14+00:00\",\"dateModified\":\"2025-02-20T08:24:15+00:00\",\"breadcrumb\":{\"@id\":\"https:\/\/madeinzaragoza.es\/blog\/monologo-racher-carson-mujer-que-desperto-la-conciencia-medioambiental\/#breadcrumb\"},\"inLanguage\":\"es\",\"potentialAction\":[{\"@type\":\"ReadAction\",\"target\":[\"https:\/\/madeinzaragoza.es\/blog\/monologo-racher-carson-mujer-que-desperto-la-conciencia-medioambiental\/\"]}]},{\"@type\":\"BreadcrumbList\",\"@id\":\"https:\/\/madeinzaragoza.es\/blog\/monologo-racher-carson-mujer-que-desperto-la-conciencia-medioambiental\/#breadcrumb\",\"itemListElement\":[{\"@type\":\"ListItem\",\"position\":1,\"name\":\"Portada\",\"item\":\"http:\/\/madeinzaragoza.es\/blog\/\"},{\"@type\":\"ListItem\",\"position\":2,\"name\":\"Mon\u00f3logo sobre Racher Carson en Escaparates11f: La mujer que despert\u00f3 la conciencia medioambiental\"}]},{\"@type\":\"WebSite\",\"@id\":\"http:\/\/madeinzaragoza.es\/blog\/#website\",\"url\":\"http:\/\/madeinzaragoza.es\/blog\/\",\"name\":\"Made in Zaragoza\",\"description\":\"Blog de MadeinZGZ, Red de Econom\u00eda Creativa de Zaragoza\",\"publisher\":{\"@id\":\"http:\/\/madeinzaragoza.es\/blog\/#organization\"},\"potentialAction\":[{\"@type\":\"SearchAction\",\"target\":{\"@type\":\"EntryPoint\",\"urlTemplate\":\"http:\/\/madeinzaragoza.es\/blog\/?s={search_term_string}\"},\"query-input\":\"required name=search_term_string\"}],\"inLanguage\":\"es\"},{\"@type\":\"Organization\",\"@id\":\"http:\/\/madeinzaragoza.es\/blog\/#organization\",\"name\":\"Made In Zaragoza\",\"url\":\"http:\/\/madeinzaragoza.es\/blog\/\",\"sameAs\":[\"https:\/\/www.instagram.com\/madeinzaragoza.es\/\",\"https:\/\/www.facebook.com\/madeinzaragoza.es\/\",\"https:\/\/twitter.com\/madeinzaragoza\"],\"logo\":{\"@type\":\"ImageObject\",\"inLanguage\":\"es\",\"@id\":\"http:\/\/madeinzaragoza.es\/blog\/#\/schema\/logo\/image\/\",\"url\":\"https:\/\/madeinzaragoza.es\/blog\/wp-content\/uploads\/2022\/05\/logo.png\",\"contentUrl\":\"https:\/\/madeinzaragoza.es\/blog\/wp-content\/uploads\/2022\/05\/logo.png\",\"width\":193,\"height\":176,\"caption\":\"Made In Zaragoza\"},\"image\":{\"@id\":\"http:\/\/madeinzaragoza.es\/blog\/#\/schema\/logo\/image\/\"}},{\"@type\":\"Person\",\"@id\":\"http:\/\/madeinzaragoza.es\/blog\/#\/schema\/person\/9a0b249cbeeadd393f2fe8a350f05bae\",\"name\":\"Nagore Delgado\",\"image\":{\"@type\":\"ImageObject\",\"inLanguage\":\"es\",\"@id\":\"http:\/\/madeinzaragoza.es\/blog\/#\/schema\/person\/image\/\",\"url\":\"https:\/\/secure.gravatar.com\/avatar\/e938711838316a554100b9066f648c31?s=96&d=mm&r=g\",\"contentUrl\":\"https:\/\/secure.gravatar.com\/avatar\/e938711838316a554100b9066f648c31?s=96&d=mm&r=g\",\"caption\":\"Nagore Delgado\"},\"description\":\"Amante de la creatividad y de los proyectos con mucha alma. Mezclo mis dos pasiones, la fotograf\u00eda con el Marketing Digital. Creo y gestiono contenido y estrategias para las RRSS y blogs, a la vez que hago mis pinitos en el mundo del Dise\u00f1o Gr\u00e1fico. Imprescindible la comunicaci\u00f3n, en todas sus formas, pero siempre clara y transparente \u00a1Nos vemos en las redes!\",\"url\":\"https:\/\/madeinzaragoza.es\/blog\/author\/nagoredelgado\/\"}]}<\/script>\n<!-- \/ Yoast SEO plugin. -->","yoast_head_json":{"title":"Mon\u00f3logo sobre Racher Carson en Escaparates11f: La mujer que despert\u00f3 la conciencia medioambiental - Made in Zaragoza","robots":{"index":"index","follow":"follow","max-snippet":"max-snippet:-1","max-image-preview":"max-image-preview:large","max-video-preview":"max-video-preview:-1"},"canonical":"https:\/\/madeinzaragoza.es\/blog\/monologo-racher-carson-mujer-que-desperto-la-conciencia-medioambiental\/","og_locale":"es_ES","og_type":"article","og_title":"Mon\u00f3logo sobre Racher Carson en Escaparates11f: La mujer que despert\u00f3 la conciencia medioambiental - Made in Zaragoza","og_description":"El pasado viernes, 14 de febrero, nos acercamos hasta el comercio creativo de la red MIZ, Picaraza Shop para asistir a una cita muy especial. Gracias a la magn\u00edfica interpretaci\u00f3n del equipo de La Clac Teatro, pudimos conocer la fascinante vida de la cient\u00edfica, escritora y madre del ecologismo, Rachel Carson.\u00a0 Una actividad dentro de &hellip; Continuar leyendo \"Mon\u00f3logo sobre Racher Carson en Escaparates11f: La mujer que despert\u00f3 la conciencia medioambiental\"","og_url":"https:\/\/madeinzaragoza.es\/blog\/monologo-racher-carson-mujer-que-desperto-la-conciencia-medioambiental\/","og_site_name":"Made in Zaragoza","article_publisher":"https:\/\/www.facebook.com\/madeinzaragoza.es\/","article_published_time":"2025-02-20T08:24:14+00:00","article_modified_time":"2025-02-20T08:24:15+00:00","og_image":[{"width":2560,"height":1442,"url":"https:\/\/madeinzaragoza.es\/blog\/wp-content\/uploads\/2025\/02\/no-more-matildas-11F-made-in-zaragoza-scaled.jpg","type":"image\/jpeg"}],"author":"Nagore Delgado","twitter_card":"summary","twitter_creator":"@madeinzaragoza","twitter_site":"@madeinzaragoza","twitter_misc":{"Escrito por":"Nagore Delgado","Tiempo de lectura":"4 minutos"},"schema":{"@context":"https:\/\/schema.org","@graph":[{"@type":"Article","@id":"https:\/\/madeinzaragoza.es\/blog\/monologo-racher-carson-mujer-que-desperto-la-conciencia-medioambiental\/#article","isPartOf":{"@id":"https:\/\/madeinzaragoza.es\/blog\/monologo-racher-carson-mujer-que-desperto-la-conciencia-medioambiental\/"},"author":{"name":"Nagore Delgado","@id":"http:\/\/madeinzaragoza.es\/blog\/#\/schema\/person\/9a0b249cbeeadd393f2fe8a350f05bae"},"headline":"Mon\u00f3logo sobre Racher Carson en Escaparates11f: La mujer que despert\u00f3 la conciencia medioambiental","datePublished":"2025-02-20T08:24:14+00:00","dateModified":"2025-02-20T08:24:15+00:00","mainEntityOfPage":{"@id":"https:\/\/madeinzaragoza.es\/blog\/monologo-racher-carson-mujer-que-desperto-la-conciencia-medioambiental\/"},"wordCount":772,"commentCount":0,"publisher":{"@id":"http:\/\/madeinzaragoza.es\/blog\/#organization"},"keywords":["escaparates11f","mon\u00f3logo","teatro","tiendas creativas"],"articleSection":["Cultura","Qu\u00e9 hacer","Red MIZ"],"inLanguage":"es","potentialAction":[{"@type":"CommentAction","name":"Comment","target":["https:\/\/madeinzaragoza.es\/blog\/monologo-racher-carson-mujer-que-desperto-la-conciencia-medioambiental\/#respond"]}]},{"@type":"WebPage","@id":"https:\/\/madeinzaragoza.es\/blog\/monologo-racher-carson-mujer-que-desperto-la-conciencia-medioambiental\/","url":"https:\/\/madeinzaragoza.es\/blog\/monologo-racher-carson-mujer-que-desperto-la-conciencia-medioambiental\/","name":"Mon\u00f3logo sobre Racher Carson en Escaparates11f: La mujer que despert\u00f3 la conciencia medioambiental - Made in Zaragoza","isPartOf":{"@id":"http:\/\/madeinzaragoza.es\/blog\/#website"},"datePublished":"2025-02-20T08:24:14+00:00","dateModified":"2025-02-20T08:24:15+00:00","breadcrumb":{"@id":"https:\/\/madeinzaragoza.es\/blog\/monologo-racher-carson-mujer-que-desperto-la-conciencia-medioambiental\/#breadcrumb"},"inLanguage":"es","potentialAction":[{"@type":"ReadAction","target":["https:\/\/madeinzaragoza.es\/blog\/monologo-racher-carson-mujer-que-desperto-la-conciencia-medioambiental\/"]}]},{"@type":"BreadcrumbList","@id":"https:\/\/madeinzaragoza.es\/blog\/monologo-racher-carson-mujer-que-desperto-la-conciencia-medioambiental\/#breadcrumb","itemListElement":[{"@type":"ListItem","position":1,"name":"Portada","item":"http:\/\/madeinzaragoza.es\/blog\/"},{"@type":"ListItem","position":2,"name":"Mon\u00f3logo sobre Racher Carson en Escaparates11f: La mujer que despert\u00f3 la conciencia medioambiental"}]},{"@type":"WebSite","@id":"http:\/\/madeinzaragoza.es\/blog\/#website","url":"http:\/\/madeinzaragoza.es\/blog\/","name":"Made in Zaragoza","description":"Blog de MadeinZGZ, Red de Econom\u00eda Creativa de Zaragoza","publisher":{"@id":"http:\/\/madeinzaragoza.es\/blog\/#organization"},"potentialAction":[{"@type":"SearchAction","target":{"@type":"EntryPoint","urlTemplate":"http:\/\/madeinzaragoza.es\/blog\/?s={search_term_string}"},"query-input":"required name=search_term_string"}],"inLanguage":"es"},{"@type":"Organization","@id":"http:\/\/madeinzaragoza.es\/blog\/#organization","name":"Made In Zaragoza","url":"http:\/\/madeinzaragoza.es\/blog\/","sameAs":["https:\/\/www.instagram.com\/madeinzaragoza.es\/","https:\/\/www.facebook.com\/madeinzaragoza.es\/","https:\/\/twitter.com\/madeinzaragoza"],"logo":{"@type":"ImageObject","inLanguage":"es","@id":"http:\/\/madeinzaragoza.es\/blog\/#\/schema\/logo\/image\/","url":"https:\/\/madeinzaragoza.es\/blog\/wp-content\/uploads\/2022\/05\/logo.png","contentUrl":"https:\/\/madeinzaragoza.es\/blog\/wp-content\/uploads\/2022\/05\/logo.png","width":193,"height":176,"caption":"Made In Zaragoza"},"image":{"@id":"http:\/\/madeinzaragoza.es\/blog\/#\/schema\/logo\/image\/"}},{"@type":"Person","@id":"http:\/\/madeinzaragoza.es\/blog\/#\/schema\/person\/9a0b249cbeeadd393f2fe8a350f05bae","name":"Nagore Delgado","image":{"@type":"ImageObject","inLanguage":"es","@id":"http:\/\/madeinzaragoza.es\/blog\/#\/schema\/person\/image\/","url":"https:\/\/secure.gravatar.com\/avatar\/e938711838316a554100b9066f648c31?s=96&d=mm&r=g","contentUrl":"https:\/\/secure.gravatar.com\/avatar\/e938711838316a554100b9066f648c31?s=96&d=mm&r=g","caption":"Nagore Delgado"},"description":"Amante de la creatividad y de los proyectos con mucha alma. Mezclo mis dos pasiones, la fotograf\u00eda con el Marketing Digital. Creo y gestiono contenido y estrategias para las RRSS y blogs, a la vez que hago mis pinitos en el mundo del Dise\u00f1o Gr\u00e1fico. Imprescindible la comunicaci\u00f3n, en todas sus formas, pero siempre clara y transparente \u00a1Nos vemos en las redes!","url":"https:\/\/madeinzaragoza.es\/blog\/author\/nagoredelgado\/"}]}},"_links":{"self":[{"href":"https:\/\/madeinzaragoza.es\/blog\/wp-json\/wp\/v2\/posts\/43556"}],"collection":[{"href":"https:\/\/madeinzaragoza.es\/blog\/wp-json\/wp\/v2\/posts"}],"about":[{"href":"https:\/\/madeinzaragoza.es\/blog\/wp-json\/wp\/v2\/types\/post"}],"author":[{"embeddable":true,"href":"https:\/\/madeinzaragoza.es\/blog\/wp-json\/wp\/v2\/users\/84"}],"replies":[{"embeddable":true,"href":"https:\/\/madeinzaragoza.es\/blog\/wp-json\/wp\/v2\/comments?post=43556"}],"version-history":[{"count":5,"href":"https:\/\/madeinzaragoza.es\/blog\/wp-json\/wp\/v2\/posts\/43556\/revisions"}],"predecessor-version":[{"id":43585,"href":"https:\/\/madeinzaragoza.es\/blog\/wp-json\/wp\/v2\/posts\/43556\/revisions\/43585"}],"wp:featuredmedia":[{"embeddable":true,"href":"https:\/\/madeinzaragoza.es\/blog\/wp-json\/wp\/v2\/media\/43572"}],"wp:attachment":[{"href":"https:\/\/madeinzaragoza.es\/blog\/wp-json\/wp\/v2\/media?parent=43556"}],"wp:term":[{"taxonomy":"category","embeddable":true,"href":"https:\/\/madeinzaragoza.es\/blog\/wp-json\/wp\/v2\/categories?post=43556"},{"taxonomy":"post_tag","embeddable":true,"href":"https:\/\/madeinzaragoza.es\/blog\/wp-json\/wp\/v2\/tags?post=43556"}],"curies":[{"name":"wp","href":"https:\/\/api.w.org\/{rel}","templated":true}]}}