{"id":43452,"date":"2025-02-21T17:33:39","date_gmt":"2025-02-21T16:33:39","guid":{"rendered":"https:\/\/madeinzaragoza.es\/blog\/?p=43452"},"modified":"2026-01-20T22:23:01","modified_gmt":"2026-01-20T21:23:01","slug":"mizlab9-estrategia-hermanos-blasco-seguimos","status":"publish","type":"post","link":"https:\/\/madeinzaragoza.es\/blog\/mizlab9-estrategia-hermanos-blasco-seguimos\/","title":{"rendered":"MIZ-Lab 9: La profesionalidad es clave para consolidar tu negocio"},"content":{"rendered":"\n<p>La \u00faltima sesi\u00f3n de MIZ Lab dej\u00f3 a los hermanos Blasco con muchas tareas pendientes para dar un paso m\u00e1s en la profesionalizaci\u00f3n de su negocio.&nbsp;<\/p>\n\n\n\n<p>Tras repasar a fondo su modelo de trabajo, la experiencia de venta y la gesti\u00f3n interna, Miriam Almaz\u00e1n de <a href=\"https:\/\/www.afiris.es\/\">Afiris<\/a> como asesora de estrategia les plante\u00f3 varias sugerencias para mejorar la forma en la que operan y se relacionan con sus clientes.<\/p>\n\n\n\n<p>En este art\u00edculo compartimos algunas recomendaciones junto con algunos consejos generales de estrategia empresarial que pueden servir a cualquier negocio. \u00bfTe animas a avanzar con el tuyo?<\/p>\n\n\n\n<p><\/p>\n\n\n\n<h2 class=\"wp-block-heading\"><strong>1. Poner orden al espacio de trabajo<\/strong><\/h2>\n\n\n\n<p>Uno de los primeros y m\u00e1s visibles cambios que necesita cualquier negocio para transmitir profesionalidad es <strong>mantener un espacio de trabajo limpio y organizado<\/strong>. Ebanister\u00eda Hermanos Blasco es un taller en el que se cortan materiales, hay herramientas, se recepcionan maderas de varios formatos, etc. as\u00ed que planteamos establecer zonas diferenciadas de atenci\u00f3n al p\u00fablico c\u00f3modas en las que poder atender al cliente y explicar sobre los proyectos, diferenciadas del espacio de trabajo. Para esto contamos con los valiosos consejos de nuestra compa\u00f1era Paula, de <a href=\"https:\/\/recreandoestudio.com\/\">Recreando Estudio Creativo<\/a>.<\/p>\n\n\n\n<p>De vez en cuando conviene hacer una limpieza general de materiales, papeles, etc. que ocupan espacio y ya no sirven.<\/p>\n\n\n\n<p>La imagen que tu cliente percibe empieza desde la puerta de tu local, taller u oficina. Un entorno ordenado transmite confianza, profesionalidad y te ayuda a trabajar de forma m\u00e1s eficiente, lo cual se traduce en un mejor servicio.<\/p>\n\n\n\n<p><\/p>\n\n\n\n<h2 class=\"wp-block-heading\"><strong>2. Ofrecer diferentes formas de financiaci\u00f3n<\/strong><\/h2>\n\n\n\n<p>Otro de los pilares para mejorar la experiencia de compra es <strong>facilitar el pago<\/strong>. Ebanister\u00eda Hermanos Blasco podr\u00eda implantar sistemas de financiaci\u00f3n, de modo que la clientela pueda&nbsp; dividir sus pagos con o sin intereses, seg\u00fan cada caso.<\/p>\n\n\n\n<p>Contar con opciones de pago flexibles puede eliminar barreras de compra y hacer que tus productos o servicios resulten m\u00e1s atractivos. Existen diversas plataformas y f\u00f3rmulas de financiaci\u00f3n online para pymes y aut\u00f3nomos que agilizan el proceso.<\/p>\n\n\n\n<p><\/p>\n\n\n\n<h2 class=\"wp-block-heading\"><strong>3. Crear un marco de condiciones comerciales<\/strong><\/h2>\n\n\n\n<p>Establecer condiciones claras en las ventas aporta transparencia y refuerza el compromiso de ambas partes. En proyectos que se alargan en el tiempo, se recomienda cobrar una parte por adelantado y explicar claramente qu\u00e9 incluye y qu\u00e9 no incluye el servicio (desmontaje, plazos de entrega\u2026). Hermanos Blasco contar\u00e1 con una <strong>plantilla de presupuestos<\/strong> bien dise\u00f1ada para no dejar cabos sueltos.<\/p>\n\n\n\n<p>Establecer en un documento condiciones, plazos y costes refuerza la percepci\u00f3n de profesionalidad, reduce malos entendidos con tu cliente y protege a ambas partes.<\/p>\n\n\n\n<p>Adem\u00e1s de esto, en el caso de Ebanister\u00eda Hermanos Blasco es importante definir horarios de atenci\u00f3n y cita previa, ya que no tienen ese marco preestablecido.<\/p>\n\n\n\n<p>Tu tiempo es valioso; si no lo usas para producir, \u00fasalo para descansar o crear estrategias que aporten valor real a tu negocio.<\/p>\n\n\n\n<p><\/p>\n\n\n\n<h2 class=\"wp-block-heading\"><strong>4. Comunicar el proceso de trabajo de forma clara<\/strong><\/h2>\n\n\n\n<p>A la hora de enviar una comunicaci\u00f3n al cliente, es importante <strong>explica c\u00f3mo se desarrolla el proyecto<\/strong>: qu\u00e9 pasos hay, qui\u00e9n se encarga de cada fase y cu\u00e1les son los plazos aproximados.&nbsp;<\/p>\n\n\n\n<p>En esta l\u00ednea, trabajamos con Ebanister\u00eda Hermanos Blasco el unificar las conversaciones,para que exista una comunicaci\u00f3n clara y estructurada y esto contribuya a la satisfacci\u00f3n del cliente.&nbsp;<\/p>\n\n\n\n<p>Definir y documentar cada fase (y sus responsables) sirve tanto para empresas de servicios como de producto. \u00a1La claridad ahorra tiempo y problemas!<\/p>\n\n\n\n<p><\/p>\n\n\n\n<h2 class=\"wp-block-heading\"><strong>5. Abrir nuevas v\u00edas de negocio y establecer alianzas.<\/strong><\/h2>\n\n\n\n<p>En la consultor\u00eda hemos estudiado la oportunidad de colaborar con empresas de construcci\u00f3n o reformas para ofrecer sus servicios de forma recurrente. Este paso requiere <strong>proactividad comercial<\/strong> y puede ser clave para una carga de trabajo estable.<\/p>\n\n\n\n<p>Gracias a la consultor\u00eda que est\u00e1n realizando con <a href=\"https:\/\/fernandocebolla.com\/\">Fernando Cebolla,<\/a> el trabajo de la ebanister\u00eda cada vez es m\u00e1s visible hacia el exterior.<\/p>\n\n\n\n<p>Aseg\u00farate de que tu negocio est\u00e1 visible en el mercado y analiza en qu\u00e9 otros sectores tus productos o servicios pueden ser una parte complementaria. Forjar alianzas estrat\u00e9gicas te abrir\u00e1 puertas a nuevos mercados y clientes potenciales.<\/p>\n\n\n\n<p><\/p>\n\n\n\n<h2 class=\"wp-block-heading\"><strong>6. Mejorar la organizaci\u00f3n interna<\/strong><\/h2>\n\n\n\n<p>Uno de los consejos pr\u00e1cticos que hemos aconsejado a Ebanister\u00eda Hermanos Blasco fue <strong>plasmar la informaci\u00f3n de los proyectos en un tablero visible<\/strong> dentro del taller. Usar post-its con datos del cliente, presupuestos, plazos y materiales pendientes, e ir movi\u00e9ndolos por columnas (por ejemplo, \u201cEn espera\u201d, \u201cEn producci\u00f3n\u201d, \u201cFacturar\u201d) facilita el seguimiento y la comunicaci\u00f3n entre los miembros del equipo.<\/p>\n\n\n\n<p>La gesti\u00f3n visual de proyectos (con tableros f\u00edsicos o herramientas digitales) aumenta la productividad y reduce errores. Ver de un vistazo el estado de cada tarea permite detectar cuellos de botella y planificar mejor.<\/p>\n\n\n\n<p><\/p>\n\n\n\n<h2 class=\"wp-block-heading\"><strong>Seguimos<\/strong><\/h2>\n\n\n\n<p>Estos pasos son esenciales para que Hermanos Blasco consolide su negocio y d\u00e9 una imagen m\u00e1s profesional ante clientes y colaboradores. Desde la organizaci\u00f3n f\u00edsica del taller hasta la claridad en la comunicaci\u00f3n, cada detalle cuenta para mejorar la experiencia de compra y la eficiencia interna.<\/p>\n\n\n\n<p>Al mismo tiempo, son consejos perfectamente aplicables a otros negocios: mantener un entorno profesional, definir procesos claros y organizar tu tiempo y recursos de forma estrat\u00e9gica son factores comunes a todas las empresas que buscan crecer de forma sostenible.<\/p>\n\n\n\n<p>El \u00e9xito no depende \u00fanicamente de la calidad de los productos o servicios, sino tambi\u00e9n de la percepci\u00f3n y el valor a\u00f1adido que tus clientes sientan al trabajar contigo. <strong>\u00a1Pon en pr\u00e1ctica estos consejos y cu\u00e9ntanos c\u00f3mo mejora tu d\u00eda a d\u00eda empresarial!<\/strong><\/p>\n\n\n\n<p><em>\u00bfTe ha resultado \u00fatil? \u00a1Comparte tu experiencia en los comentarios y no dejes de seguir a Hermanos Blasco para ver c\u00f3mo aplican estos consejos en su evoluci\u00f3n tras su paso por MIZ Lab!<\/em><\/p>\n","protected":false},"excerpt":{"rendered":"<p>La \u00faltima sesi\u00f3n de MIZ Lab dej\u00f3 a los hermanos Blasco con muchas tareas pendientes para dar un paso m\u00e1s en la profesionalizaci\u00f3n de su negocio.&nbsp; Tras repasar a fondo su modelo de trabajo, la experiencia de venta y la gesti\u00f3n interna, Miriam Almaz\u00e1n de Afiris como asesora de estrategia les plante\u00f3 varias sugerencias para &hellip; <a href=\"https:\/\/madeinzaragoza.es\/blog\/mizlab9-estrategia-hermanos-blasco-seguimos\/\" class=\"more-link\">Continuar leyendo<span class=\"screen-reader-text\"> \u00abMIZ-Lab 9: La profesionalidad es clave para consolidar tu negocio\u00bb<\/span><\/a><\/p>\n","protected":false},"author":82,"featured_media":43453,"comment_status":"open","ping_status":"open","sticky":false,"template":"","format":"standard","meta":{"footnotes":""},"categories":[1554],"tags":[1823,1910,2714],"yoast_head":"<!-- This site is optimized with the Yoast SEO plugin v19.7.2 - https:\/\/yoast.com\/wordpress\/plugins\/seo\/ -->\n<title>MIZ-Lab 9: La profesionalidad es clave para consolidar tu negocio - Made in Zaragoza<\/title>\n<meta name=\"description\" content=\"Tras repasar a fondo su modelo de trabajo, la experiencia de venta y la gesti\u00f3n interna, Miriam Almaz\u00e1n de Afiris como asesora de estrategia les plante\u00f3 varias sugerencias. Con\u00f3celas.\" \/>\n<meta name=\"robots\" content=\"index, follow, max-snippet:-1, max-image-preview:large, max-video-preview:-1\" \/>\n<link rel=\"canonical\" href=\"https:\/\/madeinzaragoza.es\/blog\/mizlab9-estrategia-hermanos-blasco-seguimos\/\" \/>\n<meta property=\"og:locale\" content=\"es_ES\" \/>\n<meta property=\"og:type\" content=\"article\" \/>\n<meta property=\"og:title\" content=\"MIZ-Lab 9: La profesionalidad es clave para consolidar tu negocio - Made in Zaragoza\" \/>\n<meta property=\"og:description\" content=\"Tras repasar a fondo su modelo de trabajo, la experiencia de venta y la gesti\u00f3n interna, Miriam Almaz\u00e1n de Afiris como asesora de estrategia les plante\u00f3 varias sugerencias. Con\u00f3celas.\" \/>\n<meta property=\"og:url\" content=\"https:\/\/madeinzaragoza.es\/blog\/mizlab9-estrategia-hermanos-blasco-seguimos\/\" \/>\n<meta property=\"og:site_name\" content=\"Made in Zaragoza\" \/>\n<meta property=\"article:publisher\" content=\"https:\/\/www.facebook.com\/madeinzaragoza.es\/\" \/>\n<meta property=\"article:published_time\" content=\"2025-02-21T16:33:39+00:00\" \/>\n<meta property=\"article:modified_time\" content=\"2026-01-20T21:23:01+00:00\" \/>\n<meta property=\"og:image\" content=\"https:\/\/madeinzaragoza.es\/blog\/wp-content\/uploads\/2025\/02\/IMG-20250108-WA0004.jpg\" \/>\n\t<meta property=\"og:image:width\" content=\"1600\" \/>\n\t<meta property=\"og:image:height\" content=\"900\" \/>\n\t<meta property=\"og:image:type\" content=\"image\/jpeg\" \/>\n<meta name=\"author\" content=\"Miriam Almaz\u00e1n\" \/>\n<meta name=\"twitter:card\" content=\"summary\" \/>\n<meta name=\"twitter:creator\" content=\"@madeinzaragoza\" \/>\n<meta name=\"twitter:site\" content=\"@madeinzaragoza\" \/>\n<meta name=\"twitter:label1\" content=\"Escrito por\" \/>\n\t<meta name=\"twitter:data1\" content=\"Miriam Almaz\u00e1n\" \/>\n\t<meta name=\"twitter:label2\" content=\"Tiempo de lectura\" \/>\n\t<meta name=\"twitter:data2\" content=\"5 minutos\" \/>\n<script type=\"application\/ld+json\" class=\"yoast-schema-graph\">{\"@context\":\"https:\/\/schema.org\",\"@graph\":[{\"@type\":\"Article\",\"@id\":\"https:\/\/madeinzaragoza.es\/blog\/mizlab9-estrategia-hermanos-blasco-seguimos\/#article\",\"isPartOf\":{\"@id\":\"https:\/\/madeinzaragoza.es\/blog\/mizlab9-estrategia-hermanos-blasco-seguimos\/\"},\"author\":{\"name\":\"Miriam Almaz\u00e1n\",\"@id\":\"http:\/\/madeinzaragoza.es\/blog\/#\/schema\/person\/2be127b852a0b08631b50fb4671faf1c\"},\"headline\":\"MIZ-Lab 9: La profesionalidad es clave para consolidar tu negocio\",\"datePublished\":\"2025-02-21T16:33:39+00:00\",\"dateModified\":\"2026-01-20T21:23:01+00:00\",\"mainEntityOfPage\":{\"@id\":\"https:\/\/madeinzaragoza.es\/blog\/mizlab9-estrategia-hermanos-blasco-seguimos\/\"},\"wordCount\":1004,\"commentCount\":0,\"publisher\":{\"@id\":\"http:\/\/madeinzaragoza.es\/blog\/#organization\"},\"keywords\":[\"laboratorio de innovaci\u00f3n comercial\",\"Laboratorio Innovaci\u00f3n Comercial\",\"Mizlab8\"],\"articleSection\":[\"MIZ-Lab\"],\"inLanguage\":\"es\",\"potentialAction\":[{\"@type\":\"CommentAction\",\"name\":\"Comment\",\"target\":[\"https:\/\/madeinzaragoza.es\/blog\/mizlab9-estrategia-hermanos-blasco-seguimos\/#respond\"]}]},{\"@type\":\"WebPage\",\"@id\":\"https:\/\/madeinzaragoza.es\/blog\/mizlab9-estrategia-hermanos-blasco-seguimos\/\",\"url\":\"https:\/\/madeinzaragoza.es\/blog\/mizlab9-estrategia-hermanos-blasco-seguimos\/\",\"name\":\"MIZ-Lab 9: La profesionalidad es clave para consolidar tu negocio - Made in Zaragoza\",\"isPartOf\":{\"@id\":\"http:\/\/madeinzaragoza.es\/blog\/#website\"},\"datePublished\":\"2025-02-21T16:33:39+00:00\",\"dateModified\":\"2026-01-20T21:23:01+00:00\",\"description\":\"Tras repasar a fondo su modelo de trabajo, la experiencia de venta y la gesti\u00f3n interna, Miriam Almaz\u00e1n de Afiris como asesora de estrategia les plante\u00f3 varias sugerencias. Con\u00f3celas.\",\"breadcrumb\":{\"@id\":\"https:\/\/madeinzaragoza.es\/blog\/mizlab9-estrategia-hermanos-blasco-seguimos\/#breadcrumb\"},\"inLanguage\":\"es\",\"potentialAction\":[{\"@type\":\"ReadAction\",\"target\":[\"https:\/\/madeinzaragoza.es\/blog\/mizlab9-estrategia-hermanos-blasco-seguimos\/\"]}]},{\"@type\":\"BreadcrumbList\",\"@id\":\"https:\/\/madeinzaragoza.es\/blog\/mizlab9-estrategia-hermanos-blasco-seguimos\/#breadcrumb\",\"itemListElement\":[{\"@type\":\"ListItem\",\"position\":1,\"name\":\"Portada\",\"item\":\"http:\/\/madeinzaragoza.es\/blog\/\"},{\"@type\":\"ListItem\",\"position\":2,\"name\":\"MIZ-Lab 9: La profesionalidad es clave para consolidar tu negocio\"}]},{\"@type\":\"WebSite\",\"@id\":\"http:\/\/madeinzaragoza.es\/blog\/#website\",\"url\":\"http:\/\/madeinzaragoza.es\/blog\/\",\"name\":\"Made in Zaragoza\",\"description\":\"Blog de MadeinZGZ, Red de Econom\u00eda Creativa de Zaragoza\",\"publisher\":{\"@id\":\"http:\/\/madeinzaragoza.es\/blog\/#organization\"},\"potentialAction\":[{\"@type\":\"SearchAction\",\"target\":{\"@type\":\"EntryPoint\",\"urlTemplate\":\"http:\/\/madeinzaragoza.es\/blog\/?s={search_term_string}\"},\"query-input\":\"required name=search_term_string\"}],\"inLanguage\":\"es\"},{\"@type\":\"Organization\",\"@id\":\"http:\/\/madeinzaragoza.es\/blog\/#organization\",\"name\":\"Made In Zaragoza\",\"url\":\"http:\/\/madeinzaragoza.es\/blog\/\",\"sameAs\":[\"https:\/\/www.instagram.com\/madeinzaragoza.es\/\",\"https:\/\/www.facebook.com\/madeinzaragoza.es\/\",\"https:\/\/twitter.com\/madeinzaragoza\"],\"logo\":{\"@type\":\"ImageObject\",\"inLanguage\":\"es\",\"@id\":\"http:\/\/madeinzaragoza.es\/blog\/#\/schema\/logo\/image\/\",\"url\":\"https:\/\/madeinzaragoza.es\/blog\/wp-content\/uploads\/2022\/05\/logo.png\",\"contentUrl\":\"https:\/\/madeinzaragoza.es\/blog\/wp-content\/uploads\/2022\/05\/logo.png\",\"width\":193,\"height\":176,\"caption\":\"Made In Zaragoza\"},\"image\":{\"@id\":\"http:\/\/madeinzaragoza.es\/blog\/#\/schema\/logo\/image\/\"}},{\"@type\":\"Person\",\"@id\":\"http:\/\/madeinzaragoza.es\/blog\/#\/schema\/person\/2be127b852a0b08631b50fb4671faf1c\",\"name\":\"Miriam Almaz\u00e1n\",\"image\":{\"@type\":\"ImageObject\",\"inLanguage\":\"es\",\"@id\":\"http:\/\/madeinzaragoza.es\/blog\/#\/schema\/person\/image\/\",\"url\":\"https:\/\/secure.gravatar.com\/avatar\/c71735d28e0857558d07859b9bc0baef?s=96&d=mm&r=g\",\"contentUrl\":\"https:\/\/secure.gravatar.com\/avatar\/c71735d28e0857558d07859b9bc0baef?s=96&d=mm&r=g\",\"caption\":\"Miriam Almaz\u00e1n\"},\"description\":\"Miriam Almaz\u00e1n es economista y consultora de negocio en Afiris, donde lidera proyectos con energ\u00eda y creatividad. Con m\u00e1s de 15 a\u00f1os de experiencia en asesor\u00eda y formaci\u00f3n, acompa\u00f1a a emprendedores y negocios locales en el Laboratorio de Innovaci\u00f3n Comercial de Made in Zaragoza (MIZ-Lab), ayud\u00e1ndoles a analizar y definir sus estrategias de negocio.\",\"sameAs\":[\"https:\/\/www.afiris.es\/\",\"https:\/\/www.linkedin.com\/in\/miriamelenaalmazan?originalSubdomain=es\"],\"url\":\"https:\/\/madeinzaragoza.es\/blog\/author\/miriamalmazan\/\"}]}<\/script>\n<!-- \/ Yoast SEO plugin. -->","yoast_head_json":{"title":"MIZ-Lab 9: La profesionalidad es clave para consolidar tu negocio - Made in Zaragoza","description":"Tras repasar a fondo su modelo de trabajo, la experiencia de venta y la gesti\u00f3n interna, Miriam Almaz\u00e1n de Afiris como asesora de estrategia les plante\u00f3 varias sugerencias. Con\u00f3celas.","robots":{"index":"index","follow":"follow","max-snippet":"max-snippet:-1","max-image-preview":"max-image-preview:large","max-video-preview":"max-video-preview:-1"},"canonical":"https:\/\/madeinzaragoza.es\/blog\/mizlab9-estrategia-hermanos-blasco-seguimos\/","og_locale":"es_ES","og_type":"article","og_title":"MIZ-Lab 9: La profesionalidad es clave para consolidar tu negocio - Made in Zaragoza","og_description":"Tras repasar a fondo su modelo de trabajo, la experiencia de venta y la gesti\u00f3n interna, Miriam Almaz\u00e1n de Afiris como asesora de estrategia les plante\u00f3 varias sugerencias. Con\u00f3celas.","og_url":"https:\/\/madeinzaragoza.es\/blog\/mizlab9-estrategia-hermanos-blasco-seguimos\/","og_site_name":"Made in Zaragoza","article_publisher":"https:\/\/www.facebook.com\/madeinzaragoza.es\/","article_published_time":"2025-02-21T16:33:39+00:00","article_modified_time":"2026-01-20T21:23:01+00:00","og_image":[{"width":1600,"height":900,"url":"https:\/\/madeinzaragoza.es\/blog\/wp-content\/uploads\/2025\/02\/IMG-20250108-WA0004.jpg","type":"image\/jpeg"}],"author":"Miriam Almaz\u00e1n","twitter_card":"summary","twitter_creator":"@madeinzaragoza","twitter_site":"@madeinzaragoza","twitter_misc":{"Escrito por":"Miriam Almaz\u00e1n","Tiempo de lectura":"5 minutos"},"schema":{"@context":"https:\/\/schema.org","@graph":[{"@type":"Article","@id":"https:\/\/madeinzaragoza.es\/blog\/mizlab9-estrategia-hermanos-blasco-seguimos\/#article","isPartOf":{"@id":"https:\/\/madeinzaragoza.es\/blog\/mizlab9-estrategia-hermanos-blasco-seguimos\/"},"author":{"name":"Miriam Almaz\u00e1n","@id":"http:\/\/madeinzaragoza.es\/blog\/#\/schema\/person\/2be127b852a0b08631b50fb4671faf1c"},"headline":"MIZ-Lab 9: La profesionalidad es clave para consolidar tu negocio","datePublished":"2025-02-21T16:33:39+00:00","dateModified":"2026-01-20T21:23:01+00:00","mainEntityOfPage":{"@id":"https:\/\/madeinzaragoza.es\/blog\/mizlab9-estrategia-hermanos-blasco-seguimos\/"},"wordCount":1004,"commentCount":0,"publisher":{"@id":"http:\/\/madeinzaragoza.es\/blog\/#organization"},"keywords":["laboratorio de innovaci\u00f3n comercial","Laboratorio Innovaci\u00f3n Comercial","Mizlab8"],"articleSection":["MIZ-Lab"],"inLanguage":"es","potentialAction":[{"@type":"CommentAction","name":"Comment","target":["https:\/\/madeinzaragoza.es\/blog\/mizlab9-estrategia-hermanos-blasco-seguimos\/#respond"]}]},{"@type":"WebPage","@id":"https:\/\/madeinzaragoza.es\/blog\/mizlab9-estrategia-hermanos-blasco-seguimos\/","url":"https:\/\/madeinzaragoza.es\/blog\/mizlab9-estrategia-hermanos-blasco-seguimos\/","name":"MIZ-Lab 9: La profesionalidad es clave para consolidar tu negocio - Made in Zaragoza","isPartOf":{"@id":"http:\/\/madeinzaragoza.es\/blog\/#website"},"datePublished":"2025-02-21T16:33:39+00:00","dateModified":"2026-01-20T21:23:01+00:00","description":"Tras repasar a fondo su modelo de trabajo, la experiencia de venta y la gesti\u00f3n interna, Miriam Almaz\u00e1n de Afiris como asesora de estrategia les plante\u00f3 varias sugerencias. Con\u00f3celas.","breadcrumb":{"@id":"https:\/\/madeinzaragoza.es\/blog\/mizlab9-estrategia-hermanos-blasco-seguimos\/#breadcrumb"},"inLanguage":"es","potentialAction":[{"@type":"ReadAction","target":["https:\/\/madeinzaragoza.es\/blog\/mizlab9-estrategia-hermanos-blasco-seguimos\/"]}]},{"@type":"BreadcrumbList","@id":"https:\/\/madeinzaragoza.es\/blog\/mizlab9-estrategia-hermanos-blasco-seguimos\/#breadcrumb","itemListElement":[{"@type":"ListItem","position":1,"name":"Portada","item":"http:\/\/madeinzaragoza.es\/blog\/"},{"@type":"ListItem","position":2,"name":"MIZ-Lab 9: La profesionalidad es clave para consolidar tu negocio"}]},{"@type":"WebSite","@id":"http:\/\/madeinzaragoza.es\/blog\/#website","url":"http:\/\/madeinzaragoza.es\/blog\/","name":"Made in Zaragoza","description":"Blog de MadeinZGZ, Red de Econom\u00eda Creativa de Zaragoza","publisher":{"@id":"http:\/\/madeinzaragoza.es\/blog\/#organization"},"potentialAction":[{"@type":"SearchAction","target":{"@type":"EntryPoint","urlTemplate":"http:\/\/madeinzaragoza.es\/blog\/?s={search_term_string}"},"query-input":"required name=search_term_string"}],"inLanguage":"es"},{"@type":"Organization","@id":"http:\/\/madeinzaragoza.es\/blog\/#organization","name":"Made In Zaragoza","url":"http:\/\/madeinzaragoza.es\/blog\/","sameAs":["https:\/\/www.instagram.com\/madeinzaragoza.es\/","https:\/\/www.facebook.com\/madeinzaragoza.es\/","https:\/\/twitter.com\/madeinzaragoza"],"logo":{"@type":"ImageObject","inLanguage":"es","@id":"http:\/\/madeinzaragoza.es\/blog\/#\/schema\/logo\/image\/","url":"https:\/\/madeinzaragoza.es\/blog\/wp-content\/uploads\/2022\/05\/logo.png","contentUrl":"https:\/\/madeinzaragoza.es\/blog\/wp-content\/uploads\/2022\/05\/logo.png","width":193,"height":176,"caption":"Made In Zaragoza"},"image":{"@id":"http:\/\/madeinzaragoza.es\/blog\/#\/schema\/logo\/image\/"}},{"@type":"Person","@id":"http:\/\/madeinzaragoza.es\/blog\/#\/schema\/person\/2be127b852a0b08631b50fb4671faf1c","name":"Miriam Almaz\u00e1n","image":{"@type":"ImageObject","inLanguage":"es","@id":"http:\/\/madeinzaragoza.es\/blog\/#\/schema\/person\/image\/","url":"https:\/\/secure.gravatar.com\/avatar\/c71735d28e0857558d07859b9bc0baef?s=96&d=mm&r=g","contentUrl":"https:\/\/secure.gravatar.com\/avatar\/c71735d28e0857558d07859b9bc0baef?s=96&d=mm&r=g","caption":"Miriam Almaz\u00e1n"},"description":"Miriam Almaz\u00e1n es economista y consultora de negocio en Afiris, donde lidera proyectos con energ\u00eda y creatividad. Con m\u00e1s de 15 a\u00f1os de experiencia en asesor\u00eda y formaci\u00f3n, acompa\u00f1a a emprendedores y negocios locales en el Laboratorio de Innovaci\u00f3n Comercial de Made in Zaragoza (MIZ-Lab), ayud\u00e1ndoles a analizar y definir sus estrategias de negocio.","sameAs":["https:\/\/www.afiris.es\/","https:\/\/www.linkedin.com\/in\/miriamelenaalmazan?originalSubdomain=es"],"url":"https:\/\/madeinzaragoza.es\/blog\/author\/miriamalmazan\/"}]}},"_links":{"self":[{"href":"https:\/\/madeinzaragoza.es\/blog\/wp-json\/wp\/v2\/posts\/43452"}],"collection":[{"href":"https:\/\/madeinzaragoza.es\/blog\/wp-json\/wp\/v2\/posts"}],"about":[{"href":"https:\/\/madeinzaragoza.es\/blog\/wp-json\/wp\/v2\/types\/post"}],"author":[{"embeddable":true,"href":"https:\/\/madeinzaragoza.es\/blog\/wp-json\/wp\/v2\/users\/82"}],"replies":[{"embeddable":true,"href":"https:\/\/madeinzaragoza.es\/blog\/wp-json\/wp\/v2\/comments?post=43452"}],"version-history":[{"count":4,"href":"https:\/\/madeinzaragoza.es\/blog\/wp-json\/wp\/v2\/posts\/43452\/revisions"}],"predecessor-version":[{"id":45067,"href":"https:\/\/madeinzaragoza.es\/blog\/wp-json\/wp\/v2\/posts\/43452\/revisions\/45067"}],"wp:featuredmedia":[{"embeddable":true,"href":"https:\/\/madeinzaragoza.es\/blog\/wp-json\/wp\/v2\/media\/43453"}],"wp:attachment":[{"href":"https:\/\/madeinzaragoza.es\/blog\/wp-json\/wp\/v2\/media?parent=43452"}],"wp:term":[{"taxonomy":"category","embeddable":true,"href":"https:\/\/madeinzaragoza.es\/blog\/wp-json\/wp\/v2\/categories?post=43452"},{"taxonomy":"post_tag","embeddable":true,"href":"https:\/\/madeinzaragoza.es\/blog\/wp-json\/wp\/v2\/tags?post=43452"}],"curies":[{"name":"wp","href":"https:\/\/api.w.org\/{rel}","templated":true}]}}