{"id":43394,"date":"2025-02-22T19:12:19","date_gmt":"2025-02-22T18:12:19","guid":{"rendered":"https:\/\/madeinzaragoza.es\/blog\/?p=43394"},"modified":"2026-01-20T22:23:06","modified_gmt":"2026-01-20T21:23:06","slug":"mizlab9-desarrollo-comunicacion","status":"publish","type":"post","link":"https:\/\/madeinzaragoza.es\/blog\/mizlab9-desarrollo-comunicacion\/","title":{"rendered":"MIZ-Lab 9: Poniendo los cimientos para comunicar en las redes sociales"},"content":{"rendered":"\n<p>Hoy os quiero contar como hemos seguido trabajando con Juan Carlos y Javier, de la <strong>Ebanister\u00eda Hnos<\/strong>. <strong>Blasco<\/strong>, dentro del <strong>MIZLab9<\/strong>, el laboratorio de innovaci\u00f3n comercial de Made In Zaragoza, durante estas semanas de 2025.<\/p>\n\n\n\n<p>Como ya vimos en el post anterior, <strong>esta ebanister\u00eda es un negocio local, de barrio,<\/strong> que vertebre un territorio muy localizado y cercano, con el propio barrio, y con sus vecinos. Pero, por otro lado, quieren expandirse, quieren que les conozcan m\u00e1s all\u00e1 de las puertas del taller en el <strong>barrio de Delicias<\/strong>.<\/p>\n\n\n\n<p>Para determinar una estrategia definitiva, que est\u00e1 pensada para la \u00faltima sesi\u00f3n que tendr\u00e9 con ellos, y donde concretaremos, llevando al papel lo que hemos hablado y pensado juntos, hemos desarrollado dos sesiones intermedias para ir concretando.<\/p>\n\n\n\n<p>Hay que tener en cuenta y hablando especialmente con Juan Carlos me he dado cuenta, de que no van a atener la soltura ni la capacidad inicial para desarrollar todo lo que podr\u00edan hacer.<\/p>\n\n\n\n<p>Pero, como todo en la vida, hay que empezar por el principio, por un principio que ponga<strong> los cimientos de lo que luego ser\u00e1 una estructura b\u00e1sica de comunicaci\u00f3n <\/strong>en sus redes sociales, que se puedan permitir desarrollar, sin agobios, y que les reporte la visibilidad al alza que todos queremos para ellos.<\/p>\n\n\n\n<p>As\u00ed, mi acompa\u00f1amiento con ellos estas dos sesiones intermedias fue para:<\/p>\n\n\n\n<p>a- <strong>C\u00f3mo funcionan las dos redes sociales que van a impulsar: <\/strong>Instagram y Facebook.<\/p>\n\n\n\n<p>b- <strong>C\u00f3mo organizar las tareas semanales<\/strong> de trabajo.<\/p>\n\n\n\n<p>c- <strong>Monitorizar sus contenidos y los de la competencia,<\/strong> para sacar ideas de publicaciones. <\/p>\n\n\n\n<p>Todo ello, teniendo en cuenta su capacidad ahora mismo, que es muy inicial, y que tienen que preparar ellos mismos las publicaciones desde cero, sin que les suponga un estr\u00e9s, y que cumplan su funci\u00f3n y objetivos, que vean que lo que hacen vale la pena.<\/p>\n\n\n\n<p>Ya les dije que, conforme pase el tiempo, ser\u00e1n capaces de hacer m\u00e1s cosas. Pero que hoy por hoy, mejor empezar poniendo las bases, que ellos se vean capaces de hacer las cosas por si mismo, con unas pautas b\u00e1sicas que hemos visto y hablado:<\/p>\n\n\n\n<p>.<strong>\u00a0Por un lado, hay que pensar primero qu\u00e9 se quiere comunicar<\/strong>. La idea de lo que queremos compartir con nuestra audiencia es muy clara, tiene que estarlo. Y esa idea no tiene que repetirse cada vez que se publique, para que se vea todo el abanico de posibilidades que la Ebanister\u00eda Hnos.Blasco ofrece.<\/p>\n\n\n\n<p>.<strong>\u00a0Rastreamos lo que hab\u00edan hecho hasta la fecha, viendo que les ha funcionado, y qu\u00e9 no.<\/strong> Y como mejorar el posicionamiento de lo que hab\u00edamos hecho, Retocamos algunos post en Instagram y los reposicionamos, y vimos juntos el resultado. Es importante saber como hemos llegado m\u00e1s a nuestro p\u00fablico, para seguir mejorando por ese camino en el futuro.<\/p>\n\n\n\n<p>.<strong>\u00a0Tambi\u00e9n monitorizamos a la competencia directa, en Zaragoza, y nos inspiramos en otras ebanister\u00edas y trabajos artesanales profesionales en otras ciudades, tambi\u00e9n fuera de Espa\u00f1a<\/strong>. Vieron la de ideas que se pueden sacar de los competidores, y como las podemos incorporar a nuestra historia, a nuestros valores, a c\u00f3mo comunicar en el futuro. <\/p>\n\n\n\n<p>.<strong>\u00a0Una vez que tenemos las ideas, tenemos que ver como darles forma<\/strong>. \u00bfC\u00f3mo trasladar esa idea que hemos visto a un formato concreto de red social determinada? Vimos juntos qu\u00e9 objetivos tienen cada tipo de publicaci\u00f3n, su estructura, como poner los hashtags, las llamadas a la acci\u00f3n, como empezar a escribir el post, etc. Todo lo que hacemos deber\u00eda tener un por qu\u00e9, un motivo, una finalidad.<\/p>\n\n\n\n<p>.<strong>\u00a0Ahora tocaba prepararlo para su publicaci\u00f3n<\/strong>. Si tenemos la idea, tenemos el formato, nos queda prepararlo para su publicaci\u00f3n. Y vimos que algunos contenidos podremos publicarlos al momento, pero que otros muchos se preparan para que se publiquen en el mejor momento posible, seg\u00fan la red social. Con Juan Carlos especialmente, vimos como hay que preparar los contenidos con antelaci\u00f3n suficiente para que haya un flujo de comunicaci\u00f3n constante con nuestra audiencia actual, y captar a potenciales nuevos clientes. Ni mucho ni poco: publicar lo necesario para ellos, para estar siempre ah\u00ed. <\/p>\n\n\n\n<p><strong>. Programaci\u00f3n y medici\u00f3n. <\/strong>Todo lo que hagan, lo podemos programar en cada red social, y vimos c\u00f3mo, y podemos, tenemos que medirlo. Si lo que hacemos no sabemos como funciona, \u00bfc\u00f3mo sabemos en qu\u00e9 estamos fallando? Es la clave para ir creciendo poco a poco en redes sociales. Juntos vimos como programar los contenidos cuando sea necesario, y donde est\u00e1n las estad\u00edsticas, y como interpretarlas. <\/p>\n\n\n\n<p>Como ya dije en el primer post, trabajar con la Ebanister\u00eda Hnos.Blasco es un reto, porque parten de este campo muy abajo. Pero tienen mucho terreno por delante, mucho margen de mejora. Oye, y todos hemos empezado de abajo para ir gan\u00e1ndonos un pedazo del pastel de la visibilidad. Desde el equipo del MIZLab estamos seguros de que, con su compromiso, llegar\u00e1n buenas cosas para la Ebanister\u00eda Hnos.Blasco. <\/p>\n","protected":false},"excerpt":{"rendered":"<p>Hoy os quiero contar como hemos seguido trabajando con Juan Carlos y Javier, de la Ebanister\u00eda Hnos. Blasco, dentro del MIZLab9, el laboratorio de innovaci\u00f3n comercial de Made In Zaragoza, durante estas semanas de 2025. Como ya vimos en el post anterior, esta ebanister\u00eda es un negocio local, de barrio, que vertebre un territorio muy &hellip; <a href=\"https:\/\/madeinzaragoza.es\/blog\/mizlab9-desarrollo-comunicacion\/\" class=\"more-link\">Continuar leyendo<span class=\"screen-reader-text\"> \u00abMIZ-Lab 9: Poniendo los cimientos para comunicar en las redes sociales\u00bb<\/span><\/a><\/p>\n","protected":false},"author":63,"featured_media":43401,"comment_status":"open","ping_status":"open","sticky":false,"template":"","format":"standard","meta":{"footnotes":""},"categories":[1554],"tags":[2851,2852,2838,2839,1785,2836,2840],"yoast_head":"<!-- This site is optimized with the Yoast SEO plugin v19.7.2 - https:\/\/yoast.com\/wordpress\/plugins\/seo\/ -->\n<title>MIZLab9: estrategia de comunicaci\u00f3n Ebanister\u00eda Hnos.Blasco<\/title>\n<meta name=\"description\" content=\"Os contamos el desarrollo del MIZLab9, el laboratorio de innovaci\u00f3n comercial de Made In Zaragoza, con la Ebanister\u00eda de los Hermanos Blasco.\" \/>\n<meta name=\"robots\" content=\"index, follow, max-snippet:-1, max-image-preview:large, max-video-preview:-1\" \/>\n<link rel=\"canonical\" href=\"http:\/\/madeinzaragoza.es\/blog\/mizlab9-desarrollo-comunicacion\/\" \/>\n<meta property=\"og:locale\" content=\"es_ES\" \/>\n<meta property=\"og:type\" content=\"article\" \/>\n<meta property=\"og:title\" content=\"MIZLab9: estrategia de comunicaci\u00f3n Ebanister\u00eda Hnos.Blasco\" \/>\n<meta property=\"og:description\" content=\"Os contamos el desarrollo del MIZLab9, el laboratorio de innovaci\u00f3n comercial de Made In Zaragoza, con la Ebanister\u00eda de los Hermanos Blasco.\" \/>\n<meta property=\"og:url\" content=\"http:\/\/madeinzaragoza.es\/blog\/mizlab9-desarrollo-comunicacion\/\" \/>\n<meta property=\"og:site_name\" content=\"Made in Zaragoza\" \/>\n<meta property=\"article:publisher\" content=\"https:\/\/www.facebook.com\/madeinzaragoza.es\/\" \/>\n<meta property=\"article:published_time\" content=\"2025-02-22T18:12:19+00:00\" \/>\n<meta property=\"article:modified_time\" content=\"2026-01-20T21:23:06+00:00\" \/>\n<meta property=\"og:image\" content=\"http:\/\/madeinzaragoza.es\/blog\/wp-content\/uploads\/2025\/01\/MIZ-Lab-9-desarrollo-estrategia-comunicacion-con-Ebanisteria-Hermanos-Blasco.png\" \/>\n\t<meta property=\"og:image:width\" content=\"1024\" \/>\n\t<meta property=\"og:image:height\" content=\"512\" \/>\n\t<meta property=\"og:image:type\" content=\"image\/png\" \/>\n<meta name=\"author\" content=\"Fernando Cebolla\" \/>\n<meta name=\"twitter:card\" content=\"summary\" \/>\n<meta name=\"twitter:creator\" content=\"@fcpsocialmedia\" \/>\n<meta name=\"twitter:site\" content=\"@madeinzaragoza\" \/>\n<meta name=\"twitter:label1\" content=\"Escrito por\" \/>\n\t<meta name=\"twitter:data1\" content=\"Fernando Cebolla\" \/>\n\t<meta name=\"twitter:label2\" content=\"Tiempo de lectura\" \/>\n\t<meta name=\"twitter:data2\" content=\"4 minutos\" \/>\n<script type=\"application\/ld+json\" class=\"yoast-schema-graph\">{\"@context\":\"https:\/\/schema.org\",\"@graph\":[{\"@type\":\"Article\",\"@id\":\"http:\/\/madeinzaragoza.es\/blog\/mizlab9-desarrollo-comunicacion\/#article\",\"isPartOf\":{\"@id\":\"http:\/\/madeinzaragoza.es\/blog\/mizlab9-desarrollo-comunicacion\/\"},\"author\":{\"name\":\"Fernando Cebolla\",\"@id\":\"http:\/\/madeinzaragoza.es\/blog\/#\/schema\/person\/dfd0dc5fdb51dc5dcd948dc49fce07b0\"},\"headline\":\"MIZ-Lab 9: Poniendo los cimientos para comunicar en las redes sociales\",\"datePublished\":\"2025-02-22T18:12:19+00:00\",\"dateModified\":\"2026-01-20T21:23:06+00:00\",\"mainEntityOfPage\":{\"@id\":\"http:\/\/madeinzaragoza.es\/blog\/mizlab9-desarrollo-comunicacion\/\"},\"wordCount\":863,\"commentCount\":0,\"publisher\":{\"@id\":\"http:\/\/madeinzaragoza.es\/blog\/#organization\"},\"keywords\":[\"Ebanister\u00eda Hnos.Blasco\",\"estrategia de comunicaci\u00f3n\",\"estrategia digital\",\"estrategia redes sociales\",\"innovaci\u00f3n comercial\",\"mizlab9\",\"redes sociales para comercios\"],\"articleSection\":[\"MIZ-Lab\"],\"inLanguage\":\"es\",\"potentialAction\":[{\"@type\":\"CommentAction\",\"name\":\"Comment\",\"target\":[\"http:\/\/madeinzaragoza.es\/blog\/mizlab9-desarrollo-comunicacion\/#respond\"]}]},{\"@type\":\"WebPage\",\"@id\":\"http:\/\/madeinzaragoza.es\/blog\/mizlab9-desarrollo-comunicacion\/\",\"url\":\"http:\/\/madeinzaragoza.es\/blog\/mizlab9-desarrollo-comunicacion\/\",\"name\":\"MIZLab9: estrategia de comunicaci\u00f3n Ebanister\u00eda Hnos.Blasco\",\"isPartOf\":{\"@id\":\"http:\/\/madeinzaragoza.es\/blog\/#website\"},\"datePublished\":\"2025-02-22T18:12:19+00:00\",\"dateModified\":\"2026-01-20T21:23:06+00:00\",\"description\":\"Os contamos el desarrollo del MIZLab9, el laboratorio de innovaci\u00f3n comercial de Made In Zaragoza, con la Ebanister\u00eda de los Hermanos Blasco.\",\"breadcrumb\":{\"@id\":\"http:\/\/madeinzaragoza.es\/blog\/mizlab9-desarrollo-comunicacion\/#breadcrumb\"},\"inLanguage\":\"es\",\"potentialAction\":[{\"@type\":\"ReadAction\",\"target\":[\"http:\/\/madeinzaragoza.es\/blog\/mizlab9-desarrollo-comunicacion\/\"]}]},{\"@type\":\"BreadcrumbList\",\"@id\":\"http:\/\/madeinzaragoza.es\/blog\/mizlab9-desarrollo-comunicacion\/#breadcrumb\",\"itemListElement\":[{\"@type\":\"ListItem\",\"position\":1,\"name\":\"Portada\",\"item\":\"http:\/\/madeinzaragoza.es\/blog\/\"},{\"@type\":\"ListItem\",\"position\":2,\"name\":\"MIZ-Lab 9: Poniendo los cimientos para comunicar en las redes sociales\"}]},{\"@type\":\"WebSite\",\"@id\":\"http:\/\/madeinzaragoza.es\/blog\/#website\",\"url\":\"http:\/\/madeinzaragoza.es\/blog\/\",\"name\":\"Made in Zaragoza\",\"description\":\"Blog de MadeinZGZ, Red de Econom\u00eda Creativa de Zaragoza\",\"publisher\":{\"@id\":\"http:\/\/madeinzaragoza.es\/blog\/#organization\"},\"potentialAction\":[{\"@type\":\"SearchAction\",\"target\":{\"@type\":\"EntryPoint\",\"urlTemplate\":\"http:\/\/madeinzaragoza.es\/blog\/?s={search_term_string}\"},\"query-input\":\"required name=search_term_string\"}],\"inLanguage\":\"es\"},{\"@type\":\"Organization\",\"@id\":\"http:\/\/madeinzaragoza.es\/blog\/#organization\",\"name\":\"Made In Zaragoza\",\"url\":\"http:\/\/madeinzaragoza.es\/blog\/\",\"sameAs\":[\"https:\/\/www.instagram.com\/madeinzaragoza.es\/\",\"https:\/\/www.facebook.com\/madeinzaragoza.es\/\",\"https:\/\/twitter.com\/madeinzaragoza\"],\"logo\":{\"@type\":\"ImageObject\",\"inLanguage\":\"es\",\"@id\":\"http:\/\/madeinzaragoza.es\/blog\/#\/schema\/logo\/image\/\",\"url\":\"https:\/\/madeinzaragoza.es\/blog\/wp-content\/uploads\/2022\/05\/logo.png\",\"contentUrl\":\"https:\/\/madeinzaragoza.es\/blog\/wp-content\/uploads\/2022\/05\/logo.png\",\"width\":193,\"height\":176,\"caption\":\"Made In Zaragoza\"},\"image\":{\"@id\":\"http:\/\/madeinzaragoza.es\/blog\/#\/schema\/logo\/image\/\"}},{\"@type\":\"Person\",\"@id\":\"http:\/\/madeinzaragoza.es\/blog\/#\/schema\/person\/dfd0dc5fdb51dc5dcd948dc49fce07b0\",\"name\":\"Fernando Cebolla\",\"image\":{\"@type\":\"ImageObject\",\"inLanguage\":\"es\",\"@id\":\"http:\/\/madeinzaragoza.es\/blog\/#\/schema\/person\/image\/\",\"url\":\"https:\/\/secure.gravatar.com\/avatar\/bf5c705d25b1b881bc79c29530006274?s=96&d=mm&r=g\",\"contentUrl\":\"https:\/\/secure.gravatar.com\/avatar\/bf5c705d25b1b881bc79c29530006274?s=96&d=mm&r=g\",\"caption\":\"Fernando Cebolla\"},\"description\":\"Fernando Cebolla es consultor de comunicaci\u00f3n digital de emprendedores en el MIZ-Lab, especializado en visibilidad y estrategia digital para empresas. Como Social Media Manager, ayuda a negocios a ganar alcance, contactos y reputaci\u00f3n en redes sociales, conectando su mensaje con las audiencias adecuadas.\",\"sameAs\":[\"http:\/\/fernandocebolla.com\/\",\"https:\/\/www.instagram.com\/tusocialmediamanager\/?hl=es\",\"https:\/\/www.linkedin.com\/in\/fernandocebollapola\/?originalSubdomain=es\",\"https:\/\/twitter.com\/fcpsocialmedia\"],\"url\":\"https:\/\/madeinzaragoza.es\/blog\/author\/fernandocebolla\/\"}]}<\/script>\n<!-- \/ Yoast SEO plugin. -->","yoast_head_json":{"title":"MIZLab9: estrategia de comunicaci\u00f3n Ebanister\u00eda Hnos.Blasco","description":"Os contamos el desarrollo del MIZLab9, el laboratorio de innovaci\u00f3n comercial de Made In Zaragoza, con la Ebanister\u00eda de los Hermanos Blasco.","robots":{"index":"index","follow":"follow","max-snippet":"max-snippet:-1","max-image-preview":"max-image-preview:large","max-video-preview":"max-video-preview:-1"},"canonical":"http:\/\/madeinzaragoza.es\/blog\/mizlab9-desarrollo-comunicacion\/","og_locale":"es_ES","og_type":"article","og_title":"MIZLab9: estrategia de comunicaci\u00f3n Ebanister\u00eda Hnos.Blasco","og_description":"Os contamos el desarrollo del MIZLab9, el laboratorio de innovaci\u00f3n comercial de Made In Zaragoza, con la Ebanister\u00eda de los Hermanos Blasco.","og_url":"http:\/\/madeinzaragoza.es\/blog\/mizlab9-desarrollo-comunicacion\/","og_site_name":"Made in Zaragoza","article_publisher":"https:\/\/www.facebook.com\/madeinzaragoza.es\/","article_published_time":"2025-02-22T18:12:19+00:00","article_modified_time":"2026-01-20T21:23:06+00:00","og_image":[{"width":1024,"height":512,"url":"http:\/\/madeinzaragoza.es\/blog\/wp-content\/uploads\/2025\/01\/MIZ-Lab-9-desarrollo-estrategia-comunicacion-con-Ebanisteria-Hermanos-Blasco.png","type":"image\/png"}],"author":"Fernando Cebolla","twitter_card":"summary","twitter_creator":"@fcpsocialmedia","twitter_site":"@madeinzaragoza","twitter_misc":{"Escrito por":"Fernando Cebolla","Tiempo de lectura":"4 minutos"},"schema":{"@context":"https:\/\/schema.org","@graph":[{"@type":"Article","@id":"http:\/\/madeinzaragoza.es\/blog\/mizlab9-desarrollo-comunicacion\/#article","isPartOf":{"@id":"http:\/\/madeinzaragoza.es\/blog\/mizlab9-desarrollo-comunicacion\/"},"author":{"name":"Fernando Cebolla","@id":"http:\/\/madeinzaragoza.es\/blog\/#\/schema\/person\/dfd0dc5fdb51dc5dcd948dc49fce07b0"},"headline":"MIZ-Lab 9: Poniendo los cimientos para comunicar en las redes sociales","datePublished":"2025-02-22T18:12:19+00:00","dateModified":"2026-01-20T21:23:06+00:00","mainEntityOfPage":{"@id":"http:\/\/madeinzaragoza.es\/blog\/mizlab9-desarrollo-comunicacion\/"},"wordCount":863,"commentCount":0,"publisher":{"@id":"http:\/\/madeinzaragoza.es\/blog\/#organization"},"keywords":["Ebanister\u00eda Hnos.Blasco","estrategia de comunicaci\u00f3n","estrategia digital","estrategia redes sociales","innovaci\u00f3n comercial","mizlab9","redes sociales para comercios"],"articleSection":["MIZ-Lab"],"inLanguage":"es","potentialAction":[{"@type":"CommentAction","name":"Comment","target":["http:\/\/madeinzaragoza.es\/blog\/mizlab9-desarrollo-comunicacion\/#respond"]}]},{"@type":"WebPage","@id":"http:\/\/madeinzaragoza.es\/blog\/mizlab9-desarrollo-comunicacion\/","url":"http:\/\/madeinzaragoza.es\/blog\/mizlab9-desarrollo-comunicacion\/","name":"MIZLab9: estrategia de comunicaci\u00f3n Ebanister\u00eda Hnos.Blasco","isPartOf":{"@id":"http:\/\/madeinzaragoza.es\/blog\/#website"},"datePublished":"2025-02-22T18:12:19+00:00","dateModified":"2026-01-20T21:23:06+00:00","description":"Os contamos el desarrollo del MIZLab9, el laboratorio de innovaci\u00f3n comercial de Made In Zaragoza, con la Ebanister\u00eda de los Hermanos Blasco.","breadcrumb":{"@id":"http:\/\/madeinzaragoza.es\/blog\/mizlab9-desarrollo-comunicacion\/#breadcrumb"},"inLanguage":"es","potentialAction":[{"@type":"ReadAction","target":["http:\/\/madeinzaragoza.es\/blog\/mizlab9-desarrollo-comunicacion\/"]}]},{"@type":"BreadcrumbList","@id":"http:\/\/madeinzaragoza.es\/blog\/mizlab9-desarrollo-comunicacion\/#breadcrumb","itemListElement":[{"@type":"ListItem","position":1,"name":"Portada","item":"http:\/\/madeinzaragoza.es\/blog\/"},{"@type":"ListItem","position":2,"name":"MIZ-Lab 9: Poniendo los cimientos para comunicar en las redes sociales"}]},{"@type":"WebSite","@id":"http:\/\/madeinzaragoza.es\/blog\/#website","url":"http:\/\/madeinzaragoza.es\/blog\/","name":"Made in Zaragoza","description":"Blog de MadeinZGZ, Red de Econom\u00eda Creativa de Zaragoza","publisher":{"@id":"http:\/\/madeinzaragoza.es\/blog\/#organization"},"potentialAction":[{"@type":"SearchAction","target":{"@type":"EntryPoint","urlTemplate":"http:\/\/madeinzaragoza.es\/blog\/?s={search_term_string}"},"query-input":"required name=search_term_string"}],"inLanguage":"es"},{"@type":"Organization","@id":"http:\/\/madeinzaragoza.es\/blog\/#organization","name":"Made In Zaragoza","url":"http:\/\/madeinzaragoza.es\/blog\/","sameAs":["https:\/\/www.instagram.com\/madeinzaragoza.es\/","https:\/\/www.facebook.com\/madeinzaragoza.es\/","https:\/\/twitter.com\/madeinzaragoza"],"logo":{"@type":"ImageObject","inLanguage":"es","@id":"http:\/\/madeinzaragoza.es\/blog\/#\/schema\/logo\/image\/","url":"https:\/\/madeinzaragoza.es\/blog\/wp-content\/uploads\/2022\/05\/logo.png","contentUrl":"https:\/\/madeinzaragoza.es\/blog\/wp-content\/uploads\/2022\/05\/logo.png","width":193,"height":176,"caption":"Made In Zaragoza"},"image":{"@id":"http:\/\/madeinzaragoza.es\/blog\/#\/schema\/logo\/image\/"}},{"@type":"Person","@id":"http:\/\/madeinzaragoza.es\/blog\/#\/schema\/person\/dfd0dc5fdb51dc5dcd948dc49fce07b0","name":"Fernando Cebolla","image":{"@type":"ImageObject","inLanguage":"es","@id":"http:\/\/madeinzaragoza.es\/blog\/#\/schema\/person\/image\/","url":"https:\/\/secure.gravatar.com\/avatar\/bf5c705d25b1b881bc79c29530006274?s=96&d=mm&r=g","contentUrl":"https:\/\/secure.gravatar.com\/avatar\/bf5c705d25b1b881bc79c29530006274?s=96&d=mm&r=g","caption":"Fernando Cebolla"},"description":"Fernando Cebolla es consultor de comunicaci\u00f3n digital de emprendedores en el MIZ-Lab, especializado en visibilidad y estrategia digital para empresas. Como Social Media Manager, ayuda a negocios a ganar alcance, contactos y reputaci\u00f3n en redes sociales, conectando su mensaje con las audiencias adecuadas.","sameAs":["http:\/\/fernandocebolla.com\/","https:\/\/www.instagram.com\/tusocialmediamanager\/?hl=es","https:\/\/www.linkedin.com\/in\/fernandocebollapola\/?originalSubdomain=es","https:\/\/twitter.com\/fcpsocialmedia"],"url":"https:\/\/madeinzaragoza.es\/blog\/author\/fernandocebolla\/"}]}},"_links":{"self":[{"href":"https:\/\/madeinzaragoza.es\/blog\/wp-json\/wp\/v2\/posts\/43394"}],"collection":[{"href":"https:\/\/madeinzaragoza.es\/blog\/wp-json\/wp\/v2\/posts"}],"about":[{"href":"https:\/\/madeinzaragoza.es\/blog\/wp-json\/wp\/v2\/types\/post"}],"author":[{"embeddable":true,"href":"https:\/\/madeinzaragoza.es\/blog\/wp-json\/wp\/v2\/users\/63"}],"replies":[{"embeddable":true,"href":"https:\/\/madeinzaragoza.es\/blog\/wp-json\/wp\/v2\/comments?post=43394"}],"version-history":[{"count":6,"href":"https:\/\/madeinzaragoza.es\/blog\/wp-json\/wp\/v2\/posts\/43394\/revisions"}],"predecessor-version":[{"id":45068,"href":"https:\/\/madeinzaragoza.es\/blog\/wp-json\/wp\/v2\/posts\/43394\/revisions\/45068"}],"wp:featuredmedia":[{"embeddable":true,"href":"https:\/\/madeinzaragoza.es\/blog\/wp-json\/wp\/v2\/media\/43401"}],"wp:attachment":[{"href":"https:\/\/madeinzaragoza.es\/blog\/wp-json\/wp\/v2\/media?parent=43394"}],"wp:term":[{"taxonomy":"category","embeddable":true,"href":"https:\/\/madeinzaragoza.es\/blog\/wp-json\/wp\/v2\/categories?post=43394"},{"taxonomy":"post_tag","embeddable":true,"href":"https:\/\/madeinzaragoza.es\/blog\/wp-json\/wp\/v2\/tags?post=43394"}],"curies":[{"name":"wp","href":"https:\/\/api.w.org\/{rel}","templated":true}]}}