{"id":43277,"date":"2025-01-20T16:56:45","date_gmt":"2025-01-20T15:56:45","guid":{"rendered":"https:\/\/madeinzaragoza.es\/blog\/?p=43277"},"modified":"2025-01-20T16:56:46","modified_gmt":"2025-01-20T15:56:46","slug":"el-arte-de-aby-celebrar-la-musica-en-picaraza-shop","status":"publish","type":"post","link":"https:\/\/madeinzaragoza.es\/blog\/el-arte-de-aby-celebrar-la-musica-en-picaraza-shop\/","title":{"rendered":"El arte de Aby: una exposici\u00f3n para celebrar la m\u00fasica en Picaraza Shop"},"content":{"rendered":"\n<p>En el coraz\u00f3n de Zaragoza, donde la <strong>literatura, la m\u00fasica y el arte convergen<\/strong>, <a href=\"https:\/\/picarazashop.com\/\" target=\"_blank\" rel=\"noreferrer noopener\">Picaraza Shop<\/a> nos invita a disfrutar de la primera exposici\u00f3n de <a href=\"https:\/\/abysanchez.es\/\" target=\"_blank\" rel=\"noreferrer noopener\">Aby S\u00e1nchez<\/a>.<\/p>\n\n\n\n<p>Una artista que <strong>transforma la pasi\u00f3n por la m\u00fasica en arte visual <\/strong>y que podr\u00e1s conocer de cerca en esta exposici\u00f3n desde el <strong>9 de enero hasta el 9 de febrero<\/strong>, en <strong>Av. Fco. de Goya, 58<\/strong> en este comercio de la <a href=\"https:\/\/madeinzaragoza.es\/comercios\/categorias.php\">red creativa MIZ.<\/a><\/p>\n\n\n\n<p>Los retratos de figuras ic\u00f3nicas son una experiencia que conecta lo emocional con lo creativo&#8230; As\u00ed que vamos a conocer a la artista que hay detr\u00e1s de estas obras.<\/p>\n\n\n\n<p><\/p>\n\n\n\n<h2 class=\"wp-block-heading\"><strong>De los garabatos a los lienzos: la trayectoria de Aby<\/strong><\/h2>\n\n\n\n<p>Desde ni\u00f1a, imitando a su padre, <strong>el dibujo se convirti\u00f3 en una necesidad <\/strong>m\u00e1s que en un simple hobby. Comenta que no tiene recuerdos en los que no estuviera dibujando y aunque su formaci\u00f3n acad\u00e9mica tom\u00f3 otro rumbo \u2014 con estudios en Administraci\u00f3n e Inform\u00e1tica de Gesti\u00f3n \u2014 el arte siempre encontr\u00f3 un hueco en su vida.<\/p>\n\n\n\n<p><\/p>\n\n\n\n<figure class=\"wp-block-gallery has-nested-images columns-default is-cropped wp-block-gallery-1 is-layout-flex wp-block-gallery-is-layout-flex\">\n<figure class=\"wp-block-image size-large\"><img loading=\"lazy\" decoding=\"async\" width=\"1024\" height=\"768\" data-id=\"43288\" src=\"https:\/\/madeinzaragoza.es\/blog\/wp-content\/uploads\/2025\/01\/Espetos-1024x768.jpg\" alt=\"\" class=\"wp-image-43288\" srcset=\"https:\/\/madeinzaragoza.es\/blog\/wp-content\/uploads\/2025\/01\/Espetos-1024x768.jpg 1024w, https:\/\/madeinzaragoza.es\/blog\/wp-content\/uploads\/2025\/01\/Espetos-450x338.jpg 450w, https:\/\/madeinzaragoza.es\/blog\/wp-content\/uploads\/2025\/01\/Espetos-768x576.jpg 768w, https:\/\/madeinzaragoza.es\/blog\/wp-content\/uploads\/2025\/01\/Espetos-1536x1152.jpg 1536w, https:\/\/madeinzaragoza.es\/blog\/wp-content\/uploads\/2025\/01\/Espetos-2048x1536.jpg 2048w, https:\/\/madeinzaragoza.es\/blog\/wp-content\/uploads\/2025\/01\/Espetos-1200x900.jpg 1200w\" sizes=\"(max-width: 709px) 85vw, (max-width: 909px) 67vw, (max-width: 1362px) 62vw, 840px\" \/><\/figure>\n\n\n\n<figure class=\"wp-block-image size-large\"><img loading=\"lazy\" decoding=\"async\" width=\"1024\" height=\"1014\" data-id=\"43287\" src=\"https:\/\/madeinzaragoza.es\/blog\/wp-content\/uploads\/2025\/01\/Doni-1024x1014.jpg\" alt=\"\" class=\"wp-image-43287\" srcset=\"https:\/\/madeinzaragoza.es\/blog\/wp-content\/uploads\/2025\/01\/Doni-1024x1014.jpg 1024w, https:\/\/madeinzaragoza.es\/blog\/wp-content\/uploads\/2025\/01\/Doni-450x446.jpg 450w, https:\/\/madeinzaragoza.es\/blog\/wp-content\/uploads\/2025\/01\/Doni-150x150.jpg 150w, https:\/\/madeinzaragoza.es\/blog\/wp-content\/uploads\/2025\/01\/Doni-768x761.jpg 768w, https:\/\/madeinzaragoza.es\/blog\/wp-content\/uploads\/2025\/01\/Doni-1536x1522.jpg 1536w, https:\/\/madeinzaragoza.es\/blog\/wp-content\/uploads\/2025\/01\/Doni-2048x2029.jpg 2048w, https:\/\/madeinzaragoza.es\/blog\/wp-content\/uploads\/2025\/01\/Doni-1200x1189.jpg 1200w, https:\/\/madeinzaragoza.es\/blog\/wp-content\/uploads\/2025\/01\/Doni-120x120.jpg 120w\" sizes=\"(max-width: 709px) 85vw, (max-width: 909px) 67vw, (max-width: 1362px) 62vw, 840px\" \/><\/figure>\n<\/figure>\n\n\n\n<p><\/p>\n\n\n\n<p>Cuando lleg\u00f3 la hora de trabajar, pens\u00f3 que si toda su vida laboral ten\u00eda que ser as\u00ed, no iba a ser completamente feliz. Fue entonces cuando <strong>descubri\u00f3 el dise\u00f1o gr\u00e1fico<\/strong> y, con muchas horas de autoaprendizaje y cursos, comenz\u00f3 su carrera como <strong>dise\u00f1adora web y, m\u00e1s tarde, UX\/UI.<\/strong><\/p>\n\n\n\n<p>Pero <strong>el dibujo siempre estuvo ah\u00ed,<\/strong> creciendo en paralelo, especialmente tras conocer al <a href=\"http:\/\/www.pacolafarga.es\/\" target=\"_blank\" rel=\"noreferrer noopener\">pintor Paco Lafarga<\/a>. Hoy en d\u00eda <strong>sigue tomando clases<\/strong> en su estudio y apunta que es <strong>el mejor momento de la semana<\/strong> tanto por el rato de pintura como por los compa\u00f1eros.<\/p>\n\n\n\n<p><\/p>\n\n\n\n<figure class=\"wp-block-gallery has-nested-images columns-default is-cropped wp-block-gallery-2 is-layout-flex wp-block-gallery-is-layout-flex\">\n<figure class=\"wp-block-image size-large\"><img loading=\"lazy\" decoding=\"async\" width=\"768\" height=\"1024\" data-id=\"43281\" src=\"https:\/\/madeinzaragoza.es\/blog\/wp-content\/uploads\/2025\/01\/Madre-768x1024.jpg\" alt=\"\" class=\"wp-image-43281\" srcset=\"https:\/\/madeinzaragoza.es\/blog\/wp-content\/uploads\/2025\/01\/Madre-768x1024.jpg 768w, https:\/\/madeinzaragoza.es\/blog\/wp-content\/uploads\/2025\/01\/Madre-338x450.jpg 338w, https:\/\/madeinzaragoza.es\/blog\/wp-content\/uploads\/2025\/01\/Madre-1152x1536.jpg 1152w, https:\/\/madeinzaragoza.es\/blog\/wp-content\/uploads\/2025\/01\/Madre-1536x2048.jpg 1536w, https:\/\/madeinzaragoza.es\/blog\/wp-content\/uploads\/2025\/01\/Madre-1200x1600.jpg 1200w, https:\/\/madeinzaragoza.es\/blog\/wp-content\/uploads\/2025\/01\/Madre-scaled.jpg 1920w\" sizes=\"(max-width: 709px) 85vw, (max-width: 909px) 67vw, (max-width: 984px) 61vw, (max-width: 1362px) 45vw, 600px\" \/><\/figure>\n\n\n\n<figure class=\"wp-block-image size-large\"><img loading=\"lazy\" decoding=\"async\" width=\"768\" height=\"1024\" data-id=\"43280\" src=\"https:\/\/madeinzaragoza.es\/blog\/wp-content\/uploads\/2025\/01\/Proceso-768x1024.jpg\" alt=\"\" class=\"wp-image-43280\" srcset=\"https:\/\/madeinzaragoza.es\/blog\/wp-content\/uploads\/2025\/01\/Proceso-768x1024.jpg 768w, https:\/\/madeinzaragoza.es\/blog\/wp-content\/uploads\/2025\/01\/Proceso-338x450.jpg 338w, https:\/\/madeinzaragoza.es\/blog\/wp-content\/uploads\/2025\/01\/Proceso-1152x1536.jpg 1152w, https:\/\/madeinzaragoza.es\/blog\/wp-content\/uploads\/2025\/01\/Proceso-1200x1600.jpg 1200w, https:\/\/madeinzaragoza.es\/blog\/wp-content\/uploads\/2025\/01\/Proceso.jpg 1536w\" sizes=\"(max-width: 709px) 85vw, (max-width: 909px) 67vw, (max-width: 984px) 61vw, (max-width: 1362px) 45vw, 600px\" \/><\/figure>\n<\/figure>\n\n\n\n<p><\/p>\n\n\n\n<h2 class=\"wp-block-heading\"><strong>La m\u00fasica como musa<\/strong><\/h2>\n\n\n\n<p>La exposici\u00f3n en Picaraza Shop es <strong>un tributo a la m\u00fasica y su impacto en la vida de Aby<\/strong>.<\/p>\n\n\n\n<blockquote class=\"wp-block-quote\">\n<p>\u201cEs mi forma de agradecer todo lo que me ha dado. La m\u00fasica me ha salvado de muchas, me ha ayudado a desahogarme, a disfrutar, a compartir\u201d. <\/p>\n<cite>Aby <\/cite><\/blockquote>\n\n\n\n<p>Cada retrato est\u00e1 cargado de significado, representando a <strong>artistas que han acompa\u00f1ado su vida<\/strong>, desde el jazz y el soul hasta el punk y el rock.<\/p>\n\n\n\n<p>El proceso creativo tambi\u00e9n tiene su propia historia. Influenciada por Paco Lafarga, Aby <strong>adopt\u00f3 la t\u00e9cnica de pintar directamente sobre el lienzo sin bocetos previos<\/strong>, un desaf\u00edo que se ha convertido en su se\u00f1a de identidad.<\/p>\n\n\n\n<p><\/p>\n\n\n\n<figure class=\"wp-block-image size-large\"><img loading=\"lazy\" decoding=\"async\" width=\"1024\" height=\"768\" src=\"https:\/\/madeinzaragoza.es\/blog\/wp-content\/uploads\/2025\/01\/Exposicion-Aby-Picaraza-Shop-1024x768.png\" alt=\"\" class=\"wp-image-43282\" srcset=\"https:\/\/madeinzaragoza.es\/blog\/wp-content\/uploads\/2025\/01\/Exposicion-Aby-Picaraza-Shop-1024x768.png 1024w, https:\/\/madeinzaragoza.es\/blog\/wp-content\/uploads\/2025\/01\/Exposicion-Aby-Picaraza-Shop-450x338.png 450w, https:\/\/madeinzaragoza.es\/blog\/wp-content\/uploads\/2025\/01\/Exposicion-Aby-Picaraza-Shop-768x576.png 768w, https:\/\/madeinzaragoza.es\/blog\/wp-content\/uploads\/2025\/01\/Exposicion-Aby-Picaraza-Shop-1536x1152.png 1536w, https:\/\/madeinzaragoza.es\/blog\/wp-content\/uploads\/2025\/01\/Exposicion-Aby-Picaraza-Shop-2048x1536.png 2048w, https:\/\/madeinzaragoza.es\/blog\/wp-content\/uploads\/2025\/01\/Exposicion-Aby-Picaraza-Shop-1200x900.png 1200w\" sizes=\"(max-width: 709px) 85vw, (max-width: 909px) 67vw, (max-width: 1362px) 62vw, 840px\" \/><\/figure>\n\n\n\n<p><\/p>\n\n\n\n<p>Empez\u00f3 a probar este estilo, mientras pintaba el cuadro de\u00a0Patti Smith. <strong>Un proceso<\/strong> largo lleno de pruebas, pero tambi\u00e9n <strong>muy liberador<\/strong>. <strong>De los errores salen detalles<\/strong> que a veces se convierten en<strong> lo mejor del cuadro<\/strong>. Esa misma energ\u00eda fluye en obras dedicadas a Etta James, John Coltrane y otras leyendas que han dejado huella en su vida.<\/p>\n\n\n\n<p><\/p>\n\n\n\n<h2 class=\"wp-block-heading\"><strong>Picaraza Shop el aliado creativo<\/strong><\/h2>\n\n\n\n<p><strong>El luga<\/strong>r elegido para esta primera exposici\u00f3n <strong>no es casualidad<\/strong>.<strong> Picaraza Shop<\/strong>, con su selecci\u00f3n de libros y m\u00fasica, es <strong>mucho m\u00e1s que una tienda<\/strong>. Es un punto de encuentro para amantes de lo alternativo, un espacio donde se respira creatividad y pasi\u00f3n.<\/p>\n\n\n\n<blockquote class=\"wp-block-quote\">\n<p>\u201cC\u00e9sar, el propietario, sabe muy bien qu\u00e9 traer. Es un gran lector y sus recomendaciones son siempre acertadas\u201d<\/p>\n<cite>Aby<\/cite><\/blockquote>\n\n\n\n<p><strong>La colaboraci\u00f3n entre Aby y Picaraza era casi inevitable<\/strong>, un encuentro entre dos proyectos que comparten el amor por la autenticidad y la m\u00fasica.<\/p>\n\n\n\n<p><\/p>\n\n\n\n<figure class=\"wp-block-gallery has-nested-images columns-default is-cropped wp-block-gallery-3 is-layout-flex wp-block-gallery-is-layout-flex\">\n<figure class=\"wp-block-image size-large\"><img loading=\"lazy\" decoding=\"async\" width=\"768\" height=\"1024\" data-id=\"43286\" src=\"https:\/\/madeinzaragoza.es\/blog\/wp-content\/uploads\/2025\/01\/Exposicion-Aby-Picaraza-Shop_3-1-768x1024.png\" alt=\"\" class=\"wp-image-43286\" srcset=\"https:\/\/madeinzaragoza.es\/blog\/wp-content\/uploads\/2025\/01\/Exposicion-Aby-Picaraza-Shop_3-1-768x1024.png 768w, https:\/\/madeinzaragoza.es\/blog\/wp-content\/uploads\/2025\/01\/Exposicion-Aby-Picaraza-Shop_3-1-338x450.png 338w, https:\/\/madeinzaragoza.es\/blog\/wp-content\/uploads\/2025\/01\/Exposicion-Aby-Picaraza-Shop_3-1-1152x1536.png 1152w, https:\/\/madeinzaragoza.es\/blog\/wp-content\/uploads\/2025\/01\/Exposicion-Aby-Picaraza-Shop_3-1-1536x2048.png 1536w, https:\/\/madeinzaragoza.es\/blog\/wp-content\/uploads\/2025\/01\/Exposicion-Aby-Picaraza-Shop_3-1-1200x1600.png 1200w\" sizes=\"(max-width: 709px) 85vw, (max-width: 909px) 67vw, (max-width: 984px) 61vw, (max-width: 1362px) 45vw, 600px\" \/><\/figure>\n\n\n\n<figure class=\"wp-block-image size-large\"><img loading=\"lazy\" decoding=\"async\" width=\"1024\" height=\"768\" data-id=\"43285\" src=\"https:\/\/madeinzaragoza.es\/blog\/wp-content\/uploads\/2025\/01\/Exposicion-Aby-Picaraza-Shop_2-1024x768.png\" alt=\"\" class=\"wp-image-43285\" srcset=\"https:\/\/madeinzaragoza.es\/blog\/wp-content\/uploads\/2025\/01\/Exposicion-Aby-Picaraza-Shop_2-1024x768.png 1024w, https:\/\/madeinzaragoza.es\/blog\/wp-content\/uploads\/2025\/01\/Exposicion-Aby-Picaraza-Shop_2-450x338.png 450w, https:\/\/madeinzaragoza.es\/blog\/wp-content\/uploads\/2025\/01\/Exposicion-Aby-Picaraza-Shop_2-768x576.png 768w, https:\/\/madeinzaragoza.es\/blog\/wp-content\/uploads\/2025\/01\/Exposicion-Aby-Picaraza-Shop_2-1536x1152.png 1536w, https:\/\/madeinzaragoza.es\/blog\/wp-content\/uploads\/2025\/01\/Exposicion-Aby-Picaraza-Shop_2-2048x1536.png 2048w, https:\/\/madeinzaragoza.es\/blog\/wp-content\/uploads\/2025\/01\/Exposicion-Aby-Picaraza-Shop_2-1200x900.png 1200w\" sizes=\"(max-width: 709px) 85vw, (max-width: 909px) 67vw, (max-width: 1362px) 62vw, 840px\" \/><\/figure>\n<\/figure>\n\n\n\n<p><\/p>\n\n\n\n<p>En su <strong>nuevo horario<\/strong> de <strong>lunes a viernes de 10 a13:30h y de 17:30 a 20:30H<\/strong>, encontrar\u00e1s una amplia variedad de art\u00edculos \u00fanicos, desde camisetas hasta chapas y pendientes, convirti\u00e9ndose en un lugar de referencia para quienes buscan regalos originales.<\/p>\n\n\n\n<p>\u00a1Pero a\u00fan hay m\u00e1s! En estos pr\u00f3ximos d\u00edas tienen <strong>nuevos eventos<\/strong>, ya que proyectar\u00e1n una pel\u00edcula dentro de la programaci\u00f3n de <a href=\"https:\/\/filmmakers.festhome.com\/f\/5534\/999\">Zaragoza Fear<\/a> y \u00abse viene\u00bb <strong>verm\u00fa con DJs<\/strong> para la pr\u00f3xima edici\u00f3n del Mercado Creativo de la calle Calatayud. Muy atento, a los anuncios a trav\u00e9s de su cuenta de<a href=\"https:\/\/www.instagram.com\/abydrawing\/?hl=es\"> Instagram<\/a>.<\/p>\n\n\n\n<p><\/p>\n\n\n\n<h2 class=\"wp-block-heading\"><strong>Un plan para disfrutar del arte y la m\u00fasica<\/strong><\/h2>\n\n\n\n<p>La exposici\u00f3n de Aby en Picaraza Shop es una invitaci\u00f3n a reflexionar sobre la conexi\u00f3n entre el arte y la m\u00fasica, sobre c\u00f3mo estas dos disciplinas pueden transformar y enriquecer nuestras vidas. Si a esto le sumamos la magia de un espacio como Picaraza, el plan es sencillamente irresistible.<\/p>\n\n\n\n<p>Aprovecha <strong>hasta el pr\u00f3ximo domingo 9 de febrero<\/strong> para descubrir nuevos libros, disfrutar de buena m\u00fasica y dejarte inspirar por<strong> la pasi\u00f3n que <a href=\"https:\/\/www.instagram.com\/abydrawing\/\">Aby<\/a> deja en cada pincelada.<\/strong><\/p>\n","protected":false},"excerpt":{"rendered":"<p>En el coraz\u00f3n de Zaragoza, donde la literatura, la m\u00fasica y el arte convergen, Picaraza Shop nos invita a disfrutar de la primera exposici\u00f3n de Aby S\u00e1nchez. Una artista que transforma la pasi\u00f3n por la m\u00fasica en arte visual y que podr\u00e1s conocer de cerca en esta exposici\u00f3n desde el 9 de enero hasta el &hellip; <a href=\"https:\/\/madeinzaragoza.es\/blog\/el-arte-de-aby-celebrar-la-musica-en-picaraza-shop\/\" class=\"more-link\">Continuar leyendo<span class=\"screen-reader-text\"> \u00abEl arte de Aby: una exposici\u00f3n para celebrar la m\u00fasica en Picaraza Shop\u00bb<\/span><\/a><\/p>\n","protected":false},"author":84,"featured_media":43279,"comment_status":"open","ping_status":"open","sticky":false,"template":"","format":"standard","meta":{"footnotes":""},"categories":[9,6,7,8],"tags":[2364,130,63,848],"yoast_head":"<!-- This site is optimized with the Yoast SEO plugin v19.7.2 - https:\/\/yoast.com\/wordpress\/plugins\/seo\/ -->\n<title>El arte de Aby: una exposici\u00f3n para celebrar la m\u00fasica en Picaraza Shop - Made in Zaragoza<\/title>\n<meta name=\"description\" content=\"La primera exposici\u00f3n de Aby Sanchez en Picaraza Shop, d\u00f3nde retrata sus m\u00fasicos favoritos en cuadros y l\u00e1minas\" \/>\n<meta name=\"robots\" content=\"index, follow, max-snippet:-1, max-image-preview:large, max-video-preview:-1\" \/>\n<link rel=\"canonical\" href=\"https:\/\/madeinzaragoza.es\/blog\/el-arte-de-aby-celebrar-la-musica-en-picaraza-shop\/\" \/>\n<meta property=\"og:locale\" content=\"es_ES\" \/>\n<meta property=\"og:type\" content=\"article\" \/>\n<meta property=\"og:title\" content=\"El arte de Aby: una exposici\u00f3n para celebrar la m\u00fasica en Picaraza Shop - Made in Zaragoza\" \/>\n<meta property=\"og:description\" content=\"La primera exposici\u00f3n de Aby Sanchez en Picaraza Shop, d\u00f3nde retrata sus m\u00fasicos favoritos en cuadros y l\u00e1minas\" \/>\n<meta property=\"og:url\" content=\"https:\/\/madeinzaragoza.es\/blog\/el-arte-de-aby-celebrar-la-musica-en-picaraza-shop\/\" \/>\n<meta property=\"og:site_name\" content=\"Made in Zaragoza\" \/>\n<meta property=\"article:publisher\" content=\"https:\/\/www.facebook.com\/madeinzaragoza.es\/\" \/>\n<meta property=\"article:published_time\" content=\"2025-01-20T15:56:45+00:00\" \/>\n<meta property=\"article:modified_time\" content=\"2025-01-20T15:56:46+00:00\" \/>\n<meta property=\"og:image\" content=\"https:\/\/madeinzaragoza.es\/blog\/wp-content\/uploads\/2025\/01\/aby-sanchez-made-in-zaragoza-scaled.jpg\" \/>\n\t<meta property=\"og:image:width\" content=\"2560\" \/>\n\t<meta property=\"og:image:height\" content=\"1920\" \/>\n\t<meta property=\"og:image:type\" content=\"image\/jpeg\" \/>\n<meta name=\"author\" content=\"Nagore Delgado\" \/>\n<meta name=\"twitter:card\" content=\"summary\" \/>\n<meta name=\"twitter:creator\" content=\"@madeinzaragoza\" \/>\n<meta name=\"twitter:site\" content=\"@madeinzaragoza\" \/>\n<meta name=\"twitter:label1\" content=\"Escrito por\" \/>\n\t<meta name=\"twitter:data1\" content=\"Nagore Delgado\" \/>\n\t<meta name=\"twitter:label2\" content=\"Tiempo de lectura\" \/>\n\t<meta name=\"twitter:data2\" content=\"4 minutos\" \/>\n<script type=\"application\/ld+json\" class=\"yoast-schema-graph\">{\"@context\":\"https:\/\/schema.org\",\"@graph\":[{\"@type\":\"Article\",\"@id\":\"https:\/\/madeinzaragoza.es\/blog\/el-arte-de-aby-celebrar-la-musica-en-picaraza-shop\/#article\",\"isPartOf\":{\"@id\":\"https:\/\/madeinzaragoza.es\/blog\/el-arte-de-aby-celebrar-la-musica-en-picaraza-shop\/\"},\"author\":{\"name\":\"Nagore Delgado\",\"@id\":\"https:\/\/madeinzaragoza.es\/blog\/#\/schema\/person\/9a0b249cbeeadd393f2fe8a350f05bae\"},\"headline\":\"El arte de Aby: una exposici\u00f3n para celebrar la m\u00fasica en Picaraza Shop\",\"datePublished\":\"2025-01-20T15:56:45+00:00\",\"dateModified\":\"2025-01-20T15:56:46+00:00\",\"mainEntityOfPage\":{\"@id\":\"https:\/\/madeinzaragoza.es\/blog\/el-arte-de-aby-celebrar-la-musica-en-picaraza-shop\/\"},\"wordCount\":776,\"commentCount\":0,\"publisher\":{\"@id\":\"https:\/\/madeinzaragoza.es\/blog\/#organization\"},\"keywords\":[\"Arte\",\"emprendedores\",\"exposicion\",\"tiendas creativas\"],\"articleSection\":[\"Econom\u00eda Creativa\",\"Gente\",\"Qu\u00e9 hacer\",\"Red MIZ\"],\"inLanguage\":\"es\",\"potentialAction\":[{\"@type\":\"CommentAction\",\"name\":\"Comment\",\"target\":[\"https:\/\/madeinzaragoza.es\/blog\/el-arte-de-aby-celebrar-la-musica-en-picaraza-shop\/#respond\"]}]},{\"@type\":\"WebPage\",\"@id\":\"https:\/\/madeinzaragoza.es\/blog\/el-arte-de-aby-celebrar-la-musica-en-picaraza-shop\/\",\"url\":\"https:\/\/madeinzaragoza.es\/blog\/el-arte-de-aby-celebrar-la-musica-en-picaraza-shop\/\",\"name\":\"El arte de Aby: una exposici\u00f3n para celebrar la m\u00fasica en Picaraza Shop - Made in Zaragoza\",\"isPartOf\":{\"@id\":\"https:\/\/madeinzaragoza.es\/blog\/#website\"},\"datePublished\":\"2025-01-20T15:56:45+00:00\",\"dateModified\":\"2025-01-20T15:56:46+00:00\",\"description\":\"La primera exposici\u00f3n de Aby Sanchez en Picaraza Shop, d\u00f3nde retrata sus m\u00fasicos favoritos en cuadros y l\u00e1minas\",\"breadcrumb\":{\"@id\":\"https:\/\/madeinzaragoza.es\/blog\/el-arte-de-aby-celebrar-la-musica-en-picaraza-shop\/#breadcrumb\"},\"inLanguage\":\"es\",\"potentialAction\":[{\"@type\":\"ReadAction\",\"target\":[\"https:\/\/madeinzaragoza.es\/blog\/el-arte-de-aby-celebrar-la-musica-en-picaraza-shop\/\"]}]},{\"@type\":\"BreadcrumbList\",\"@id\":\"https:\/\/madeinzaragoza.es\/blog\/el-arte-de-aby-celebrar-la-musica-en-picaraza-shop\/#breadcrumb\",\"itemListElement\":[{\"@type\":\"ListItem\",\"position\":1,\"name\":\"Portada\",\"item\":\"https:\/\/madeinzaragoza.es\/blog\/\"},{\"@type\":\"ListItem\",\"position\":2,\"name\":\"El arte de Aby: una exposici\u00f3n para celebrar la m\u00fasica en Picaraza Shop\"}]},{\"@type\":\"WebSite\",\"@id\":\"https:\/\/madeinzaragoza.es\/blog\/#website\",\"url\":\"https:\/\/madeinzaragoza.es\/blog\/\",\"name\":\"Made in Zaragoza\",\"description\":\"Blog de MadeinZGZ, Red de Econom\u00eda Creativa de Zaragoza\",\"publisher\":{\"@id\":\"https:\/\/madeinzaragoza.es\/blog\/#organization\"},\"potentialAction\":[{\"@type\":\"SearchAction\",\"target\":{\"@type\":\"EntryPoint\",\"urlTemplate\":\"https:\/\/madeinzaragoza.es\/blog\/?s={search_term_string}\"},\"query-input\":\"required name=search_term_string\"}],\"inLanguage\":\"es\"},{\"@type\":\"Organization\",\"@id\":\"https:\/\/madeinzaragoza.es\/blog\/#organization\",\"name\":\"Made In Zaragoza\",\"url\":\"https:\/\/madeinzaragoza.es\/blog\/\",\"sameAs\":[\"https:\/\/www.instagram.com\/madeinzaragoza.es\/\",\"https:\/\/www.facebook.com\/madeinzaragoza.es\/\",\"https:\/\/twitter.com\/madeinzaragoza\"],\"logo\":{\"@type\":\"ImageObject\",\"inLanguage\":\"es\",\"@id\":\"https:\/\/madeinzaragoza.es\/blog\/#\/schema\/logo\/image\/\",\"url\":\"https:\/\/madeinzaragoza.es\/blog\/wp-content\/uploads\/2022\/05\/logo.png\",\"contentUrl\":\"https:\/\/madeinzaragoza.es\/blog\/wp-content\/uploads\/2022\/05\/logo.png\",\"width\":193,\"height\":176,\"caption\":\"Made In Zaragoza\"},\"image\":{\"@id\":\"https:\/\/madeinzaragoza.es\/blog\/#\/schema\/logo\/image\/\"}},{\"@type\":\"Person\",\"@id\":\"https:\/\/madeinzaragoza.es\/blog\/#\/schema\/person\/9a0b249cbeeadd393f2fe8a350f05bae\",\"name\":\"Nagore Delgado\",\"image\":{\"@type\":\"ImageObject\",\"inLanguage\":\"es\",\"@id\":\"https:\/\/madeinzaragoza.es\/blog\/#\/schema\/person\/image\/\",\"url\":\"https:\/\/secure.gravatar.com\/avatar\/e938711838316a554100b9066f648c31?s=96&d=mm&r=g\",\"contentUrl\":\"https:\/\/secure.gravatar.com\/avatar\/e938711838316a554100b9066f648c31?s=96&d=mm&r=g\",\"caption\":\"Nagore Delgado\"},\"description\":\"Amante de la creatividad y de los proyectos con mucha alma. Mezclo mis dos pasiones, la fotograf\u00eda con el Marketing Digital. Creo y gestiono contenido y estrategias para las RRSS y blogs, a la vez que hago mis pinitos en el mundo del Dise\u00f1o Gr\u00e1fico. Imprescindible la comunicaci\u00f3n, en todas sus formas, pero siempre clara y transparente \u00a1Nos vemos en las redes!\",\"url\":\"https:\/\/madeinzaragoza.es\/blog\/author\/nagoredelgado\/\"}]}<\/script>\n<!-- \/ Yoast SEO plugin. -->","yoast_head_json":{"title":"El arte de Aby: una exposici\u00f3n para celebrar la m\u00fasica en Picaraza Shop - Made in Zaragoza","description":"La primera exposici\u00f3n de Aby Sanchez en Picaraza Shop, d\u00f3nde retrata sus m\u00fasicos favoritos en cuadros y l\u00e1minas","robots":{"index":"index","follow":"follow","max-snippet":"max-snippet:-1","max-image-preview":"max-image-preview:large","max-video-preview":"max-video-preview:-1"},"canonical":"https:\/\/madeinzaragoza.es\/blog\/el-arte-de-aby-celebrar-la-musica-en-picaraza-shop\/","og_locale":"es_ES","og_type":"article","og_title":"El arte de Aby: una exposici\u00f3n para celebrar la m\u00fasica en Picaraza Shop - Made in Zaragoza","og_description":"La primera exposici\u00f3n de Aby Sanchez en Picaraza Shop, d\u00f3nde retrata sus m\u00fasicos favoritos en cuadros y l\u00e1minas","og_url":"https:\/\/madeinzaragoza.es\/blog\/el-arte-de-aby-celebrar-la-musica-en-picaraza-shop\/","og_site_name":"Made in Zaragoza","article_publisher":"https:\/\/www.facebook.com\/madeinzaragoza.es\/","article_published_time":"2025-01-20T15:56:45+00:00","article_modified_time":"2025-01-20T15:56:46+00:00","og_image":[{"width":2560,"height":1920,"url":"https:\/\/madeinzaragoza.es\/blog\/wp-content\/uploads\/2025\/01\/aby-sanchez-made-in-zaragoza-scaled.jpg","type":"image\/jpeg"}],"author":"Nagore Delgado","twitter_card":"summary","twitter_creator":"@madeinzaragoza","twitter_site":"@madeinzaragoza","twitter_misc":{"Escrito por":"Nagore Delgado","Tiempo de lectura":"4 minutos"},"schema":{"@context":"https:\/\/schema.org","@graph":[{"@type":"Article","@id":"https:\/\/madeinzaragoza.es\/blog\/el-arte-de-aby-celebrar-la-musica-en-picaraza-shop\/#article","isPartOf":{"@id":"https:\/\/madeinzaragoza.es\/blog\/el-arte-de-aby-celebrar-la-musica-en-picaraza-shop\/"},"author":{"name":"Nagore Delgado","@id":"https:\/\/madeinzaragoza.es\/blog\/#\/schema\/person\/9a0b249cbeeadd393f2fe8a350f05bae"},"headline":"El arte de Aby: una exposici\u00f3n para celebrar la m\u00fasica en Picaraza Shop","datePublished":"2025-01-20T15:56:45+00:00","dateModified":"2025-01-20T15:56:46+00:00","mainEntityOfPage":{"@id":"https:\/\/madeinzaragoza.es\/blog\/el-arte-de-aby-celebrar-la-musica-en-picaraza-shop\/"},"wordCount":776,"commentCount":0,"publisher":{"@id":"https:\/\/madeinzaragoza.es\/blog\/#organization"},"keywords":["Arte","emprendedores","exposicion","tiendas creativas"],"articleSection":["Econom\u00eda Creativa","Gente","Qu\u00e9 hacer","Red MIZ"],"inLanguage":"es","potentialAction":[{"@type":"CommentAction","name":"Comment","target":["https:\/\/madeinzaragoza.es\/blog\/el-arte-de-aby-celebrar-la-musica-en-picaraza-shop\/#respond"]}]},{"@type":"WebPage","@id":"https:\/\/madeinzaragoza.es\/blog\/el-arte-de-aby-celebrar-la-musica-en-picaraza-shop\/","url":"https:\/\/madeinzaragoza.es\/blog\/el-arte-de-aby-celebrar-la-musica-en-picaraza-shop\/","name":"El arte de Aby: una exposici\u00f3n para celebrar la m\u00fasica en Picaraza Shop - Made in Zaragoza","isPartOf":{"@id":"https:\/\/madeinzaragoza.es\/blog\/#website"},"datePublished":"2025-01-20T15:56:45+00:00","dateModified":"2025-01-20T15:56:46+00:00","description":"La primera exposici\u00f3n de Aby Sanchez en Picaraza Shop, d\u00f3nde retrata sus m\u00fasicos favoritos en cuadros y l\u00e1minas","breadcrumb":{"@id":"https:\/\/madeinzaragoza.es\/blog\/el-arte-de-aby-celebrar-la-musica-en-picaraza-shop\/#breadcrumb"},"inLanguage":"es","potentialAction":[{"@type":"ReadAction","target":["https:\/\/madeinzaragoza.es\/blog\/el-arte-de-aby-celebrar-la-musica-en-picaraza-shop\/"]}]},{"@type":"BreadcrumbList","@id":"https:\/\/madeinzaragoza.es\/blog\/el-arte-de-aby-celebrar-la-musica-en-picaraza-shop\/#breadcrumb","itemListElement":[{"@type":"ListItem","position":1,"name":"Portada","item":"https:\/\/madeinzaragoza.es\/blog\/"},{"@type":"ListItem","position":2,"name":"El arte de Aby: una exposici\u00f3n para celebrar la m\u00fasica en Picaraza Shop"}]},{"@type":"WebSite","@id":"https:\/\/madeinzaragoza.es\/blog\/#website","url":"https:\/\/madeinzaragoza.es\/blog\/","name":"Made in Zaragoza","description":"Blog de MadeinZGZ, Red de Econom\u00eda Creativa de Zaragoza","publisher":{"@id":"https:\/\/madeinzaragoza.es\/blog\/#organization"},"potentialAction":[{"@type":"SearchAction","target":{"@type":"EntryPoint","urlTemplate":"https:\/\/madeinzaragoza.es\/blog\/?s={search_term_string}"},"query-input":"required name=search_term_string"}],"inLanguage":"es"},{"@type":"Organization","@id":"https:\/\/madeinzaragoza.es\/blog\/#organization","name":"Made In Zaragoza","url":"https:\/\/madeinzaragoza.es\/blog\/","sameAs":["https:\/\/www.instagram.com\/madeinzaragoza.es\/","https:\/\/www.facebook.com\/madeinzaragoza.es\/","https:\/\/twitter.com\/madeinzaragoza"],"logo":{"@type":"ImageObject","inLanguage":"es","@id":"https:\/\/madeinzaragoza.es\/blog\/#\/schema\/logo\/image\/","url":"https:\/\/madeinzaragoza.es\/blog\/wp-content\/uploads\/2022\/05\/logo.png","contentUrl":"https:\/\/madeinzaragoza.es\/blog\/wp-content\/uploads\/2022\/05\/logo.png","width":193,"height":176,"caption":"Made In Zaragoza"},"image":{"@id":"https:\/\/madeinzaragoza.es\/blog\/#\/schema\/logo\/image\/"}},{"@type":"Person","@id":"https:\/\/madeinzaragoza.es\/blog\/#\/schema\/person\/9a0b249cbeeadd393f2fe8a350f05bae","name":"Nagore Delgado","image":{"@type":"ImageObject","inLanguage":"es","@id":"https:\/\/madeinzaragoza.es\/blog\/#\/schema\/person\/image\/","url":"https:\/\/secure.gravatar.com\/avatar\/e938711838316a554100b9066f648c31?s=96&d=mm&r=g","contentUrl":"https:\/\/secure.gravatar.com\/avatar\/e938711838316a554100b9066f648c31?s=96&d=mm&r=g","caption":"Nagore Delgado"},"description":"Amante de la creatividad y de los proyectos con mucha alma. Mezclo mis dos pasiones, la fotograf\u00eda con el Marketing Digital. Creo y gestiono contenido y estrategias para las RRSS y blogs, a la vez que hago mis pinitos en el mundo del Dise\u00f1o Gr\u00e1fico. Imprescindible la comunicaci\u00f3n, en todas sus formas, pero siempre clara y transparente \u00a1Nos vemos en las redes!","url":"https:\/\/madeinzaragoza.es\/blog\/author\/nagoredelgado\/"}]}},"_links":{"self":[{"href":"https:\/\/madeinzaragoza.es\/blog\/wp-json\/wp\/v2\/posts\/43277"}],"collection":[{"href":"https:\/\/madeinzaragoza.es\/blog\/wp-json\/wp\/v2\/posts"}],"about":[{"href":"https:\/\/madeinzaragoza.es\/blog\/wp-json\/wp\/v2\/types\/post"}],"author":[{"embeddable":true,"href":"https:\/\/madeinzaragoza.es\/blog\/wp-json\/wp\/v2\/users\/84"}],"replies":[{"embeddable":true,"href":"https:\/\/madeinzaragoza.es\/blog\/wp-json\/wp\/v2\/comments?post=43277"}],"version-history":[{"count":5,"href":"https:\/\/madeinzaragoza.es\/blog\/wp-json\/wp\/v2\/posts\/43277\/revisions"}],"predecessor-version":[{"id":43298,"href":"https:\/\/madeinzaragoza.es\/blog\/wp-json\/wp\/v2\/posts\/43277\/revisions\/43298"}],"wp:featuredmedia":[{"embeddable":true,"href":"https:\/\/madeinzaragoza.es\/blog\/wp-json\/wp\/v2\/media\/43279"}],"wp:attachment":[{"href":"https:\/\/madeinzaragoza.es\/blog\/wp-json\/wp\/v2\/media?parent=43277"}],"wp:term":[{"taxonomy":"category","embeddable":true,"href":"https:\/\/madeinzaragoza.es\/blog\/wp-json\/wp\/v2\/categories?post=43277"},{"taxonomy":"post_tag","embeddable":true,"href":"https:\/\/madeinzaragoza.es\/blog\/wp-json\/wp\/v2\/tags?post=43277"}],"curies":[{"name":"wp","href":"https:\/\/api.w.org\/{rel}","templated":true}]}}