{"id":43237,"date":"2025-08-12T17:54:40","date_gmt":"2025-08-12T16:54:40","guid":{"rendered":"https:\/\/madeinzaragoza.es\/blog\/?p=43237"},"modified":"2025-08-25T13:27:11","modified_gmt":"2025-08-25T12:27:11","slug":"el-arte-de-monu","status":"publish","type":"post","link":"https:\/\/madeinzaragoza.es\/blog\/el-arte-de-monu\/","title":{"rendered":"El arte de Mo\u00f1\u00fa: cuando el trazo se convierte en emoci\u00f3n"},"content":{"rendered":"\n<p>El zaragozano Jos\u00e9 Mo\u00f1\u00fa (1981), con tan solo 10 a\u00f1os, decidi\u00f3 que quer\u00eda ser artista. Se aferr\u00f3 a su sue\u00f1o y, gracias a su peculiar estilo, se ha convertido en un referente de la pintura contempor\u00e1nea.<\/p>\n\n\n\n<p>Jos\u00e9 Mo\u00f1\u00fa se presenta como persona y artista, ambos t\u00edmidos y valientes, sensibles y fuertes. <em>\u201cSupongo que el arte ha ido creciendo en mi vida, como si se hubiera expandido, y muchas de las cosas que me rodean est\u00e1n relacionadas con \u00e9l\u201d<\/em>, indica Mo\u00f1\u00fa.<\/p>\n\n\n\n<p><\/p>\n\n\n\n<figure class=\"wp-block-embed is-type-video is-provider-youtube wp-block-embed-youtube wp-embed-aspect-16-9 wp-has-aspect-ratio\"><div class=\"wp-block-embed__wrapper\">\n<iframe loading=\"lazy\" title=\"Mo\u00f1\u00fa. El poder de unos trazos en\u00e9rgicos que atrapan en un torbellino de emociones y sentimientos.\" width=\"840\" height=\"473\" src=\"https:\/\/www.youtube.com\/embed\/M3cCXgQNrFE?feature=oembed\" frameborder=\"0\" allow=\"accelerometer; autoplay; clipboard-write; encrypted-media; gyroscope; picture-in-picture; web-share\" referrerpolicy=\"strict-origin-when-cross-origin\" allowfullscreen><\/iframe>\n<\/div><\/figure>\n\n\n\n<p><\/p>\n\n\n\n<p><strong>Jos\u00e9 <\/strong>es un joven que adora a su familia y reconoce que vivi\u00f3 una infancia estupenda de la que mantiene bonitos recuerdos y en la que descubri\u00f3 que quer\u00eda ser artista <em>\u00abRecuerdo una vez que en la televisi\u00f3n apareci\u00f3 una persona con los pelos de diferentes colores y a mi padre le dije que yo quer\u00eda ese pelo. Entonces \u00e9l me dijo, pero hijo ese es artista y yo le dije, eso es lo que quiero<\/em>\u00bb confiesa <strong>Mo\u00f1\u00fa <\/strong>t\u00edmidamente y con a\u00f1oranza en su mirada.<\/p>\n\n\n\n<p><strong>\u00bfQu\u00e9 despert\u00f3 en ti el amor por el arte?<\/strong> <\/p>\n\n\n\n<p>El arte fue una especie de llamada, algo m\u00edstico. Surgi\u00f3 en mi un gran inter\u00e9s por todo lo creativo en el verano del 99. Siempre hab\u00eda estado muy interesado en cosas peculiares y divertidas, mi primer inter\u00e9s vino en modo de cortometraje, hice un corto titulado \u00abFuma y deja el f\u00fatbol\u00bb, era muy rudimentario y por ello ten\u00eda su encanto, me encantar\u00eda encontrar esa cinta.<\/p>\n\n\n\n<p>El cine de autor era lo que m\u00e1s me gustaba, pero en cambio la pintura era totalmente inexplorada en mi cabeza, entonces comenc\u00e9 a pintar, cuando los dem\u00e1s componentes de los cortos no ven\u00edan empec\u00e9 la labor solitaria y dulce de pintar, esos fueron mis primeros cuadros, en verano del 99, con total inocencia y siendo totalmente autodidacta. Era un total desconocimiento de la materia y eso me hizo m\u00e1s aut\u00e9ntico. <\/p>\n\n\n\n<p>Cuando fueron pasando los a\u00f1os tambi\u00e9n segu\u00eda rechazando la informaci\u00f3n pict\u00f3rica en busca de un arte muy original, pero finalmente ca\u00ed en el mundo de la informaci\u00f3n y la desinformaci\u00f3n. Nunca m\u00e1s ser\u00e9 autodidacta. Es algo \u00fanico, mereci\u00f3 la pena, durante ese tiempo afloraron pinceladas con cierto parecido a pintores que yo en aquel momento desconoc\u00eda.<\/p>\n\n\n\n<p><\/p>\n\n\n\n<figure class=\"wp-block-gallery has-nested-images columns-default is-cropped wp-block-gallery-1 is-layout-flex wp-block-gallery-is-layout-flex\">\n<figure class=\"wp-block-image size-large\"><img loading=\"lazy\" decoding=\"async\" width=\"1024\" height=\"668\" data-id=\"43246\" src=\"https:\/\/madeinzaragoza.es\/blog\/wp-content\/uploads\/2025\/01\/Monu-blogssipgirl-160125-3-1024x668.jpg\" alt=\"\" class=\"wp-image-43246\" srcset=\"https:\/\/madeinzaragoza.es\/blog\/wp-content\/uploads\/2025\/01\/Monu-blogssipgirl-160125-3-1024x668.jpg 1024w, https:\/\/madeinzaragoza.es\/blog\/wp-content\/uploads\/2025\/01\/Monu-blogssipgirl-160125-3-450x294.jpg 450w, https:\/\/madeinzaragoza.es\/blog\/wp-content\/uploads\/2025\/01\/Monu-blogssipgirl-160125-3-768x501.jpg 768w, https:\/\/madeinzaragoza.es\/blog\/wp-content\/uploads\/2025\/01\/Monu-blogssipgirl-160125-3-1536x1003.jpg 1536w, https:\/\/madeinzaragoza.es\/blog\/wp-content\/uploads\/2025\/01\/Monu-blogssipgirl-160125-3-1200x783.jpg 1200w, https:\/\/madeinzaragoza.es\/blog\/wp-content\/uploads\/2025\/01\/Monu-blogssipgirl-160125-3.jpg 1549w\" sizes=\"(max-width: 709px) 85vw, (max-width: 909px) 67vw, (max-width: 1362px) 62vw, 840px\" \/><\/figure>\n\n\n\n<figure class=\"wp-block-image size-large\"><img loading=\"lazy\" decoding=\"async\" width=\"1024\" height=\"765\" data-id=\"43245\" src=\"https:\/\/madeinzaragoza.es\/blog\/wp-content\/uploads\/2025\/01\/Monu-blogssipgirl-160125-15-1024x765.jpg\" alt=\"\" class=\"wp-image-43245\" srcset=\"https:\/\/madeinzaragoza.es\/blog\/wp-content\/uploads\/2025\/01\/Monu-blogssipgirl-160125-15-1024x765.jpg 1024w, https:\/\/madeinzaragoza.es\/blog\/wp-content\/uploads\/2025\/01\/Monu-blogssipgirl-160125-15-450x336.jpg 450w, https:\/\/madeinzaragoza.es\/blog\/wp-content\/uploads\/2025\/01\/Monu-blogssipgirl-160125-15-768x574.jpg 768w, https:\/\/madeinzaragoza.es\/blog\/wp-content\/uploads\/2025\/01\/Monu-blogssipgirl-160125-15-1536x1148.jpg 1536w, https:\/\/madeinzaragoza.es\/blog\/wp-content\/uploads\/2025\/01\/Monu-blogssipgirl-160125-15-1200x897.jpg 1200w, https:\/\/madeinzaragoza.es\/blog\/wp-content\/uploads\/2025\/01\/Monu-blogssipgirl-160125-15.jpg 1600w\" sizes=\"(max-width: 709px) 85vw, (max-width: 909px) 67vw, (max-width: 1362px) 62vw, 840px\" \/><\/figure>\n<\/figure>\n\n\n\n<p><\/p>\n\n\n\n<p><strong>Tienes un estilo particular, un sello personal que te caracteriza. Tu pintura es potente, explosiva, intensa, llena de color y energ\u00eda. \u00bfPodr\u00edamos definir tu obra como abstracta, figurativa con alto grado de expresionismo?<\/strong> <\/p>\n\n\n\n<p>Siempre he sido particular, supongo que es porque he tenido bastante libertad y as\u00ed puede aflorar el resultado de una b\u00fasqueda m\u00e1s profunda. <\/p>\n\n\n\n<p>Poco a poco he ido hacia juegos de color, sin abandonar el gesto y la inocencia. Supongo que es complejo ser inocente cuando pasan los a\u00f1os, pero a veces termino los cuadros con la otra mano o simplemente no doy la \u00faltima pincelada. Es dif\u00edcil el mundo de las etiquetas, supongo que sirven para ubicar al gran p\u00fablico, pero no creo pertenecer a una \u00fanica etiqueta, seg\u00fan pasan los d\u00edas me siento identificado con m\u00e1s etiquetas pict\u00f3ricas y adjetivos y adem\u00e1s a la vez, s\u00f3lo con <strong>Mo\u00f1\u00fa<\/strong>.<\/p>\n\n\n\n<p><\/p>\n\n\n\n<figure class=\"wp-block-gallery has-nested-images columns-default is-cropped wp-block-gallery-2 is-layout-flex wp-block-gallery-is-layout-flex\">\n<figure class=\"wp-block-image size-large\"><img loading=\"lazy\" decoding=\"async\" width=\"1024\" height=\"765\" data-id=\"43252\" src=\"https:\/\/madeinzaragoza.es\/blog\/wp-content\/uploads\/2025\/01\/Monu-blogssipgirl-160125-1-1024x765.jpg\" alt=\"\" class=\"wp-image-43252\" srcset=\"https:\/\/madeinzaragoza.es\/blog\/wp-content\/uploads\/2025\/01\/Monu-blogssipgirl-160125-1-1024x765.jpg 1024w, https:\/\/madeinzaragoza.es\/blog\/wp-content\/uploads\/2025\/01\/Monu-blogssipgirl-160125-1-450x336.jpg 450w, https:\/\/madeinzaragoza.es\/blog\/wp-content\/uploads\/2025\/01\/Monu-blogssipgirl-160125-1-768x574.jpg 768w, https:\/\/madeinzaragoza.es\/blog\/wp-content\/uploads\/2025\/01\/Monu-blogssipgirl-160125-1-1536x1148.jpg 1536w, https:\/\/madeinzaragoza.es\/blog\/wp-content\/uploads\/2025\/01\/Monu-blogssipgirl-160125-1-1200x897.jpg 1200w, https:\/\/madeinzaragoza.es\/blog\/wp-content\/uploads\/2025\/01\/Monu-blogssipgirl-160125-1.jpg 1600w\" sizes=\"(max-width: 709px) 85vw, (max-width: 909px) 67vw, (max-width: 1362px) 62vw, 840px\" \/><\/figure>\n\n\n\n<figure class=\"wp-block-image size-large\"><img loading=\"lazy\" decoding=\"async\" width=\"1024\" height=\"765\" data-id=\"43248\" src=\"https:\/\/madeinzaragoza.es\/blog\/wp-content\/uploads\/2025\/01\/Monu-blogssipgirl-160125-6-1024x765.jpg\" alt=\"\" class=\"wp-image-43248\" srcset=\"https:\/\/madeinzaragoza.es\/blog\/wp-content\/uploads\/2025\/01\/Monu-blogssipgirl-160125-6-1024x765.jpg 1024w, https:\/\/madeinzaragoza.es\/blog\/wp-content\/uploads\/2025\/01\/Monu-blogssipgirl-160125-6-450x336.jpg 450w, https:\/\/madeinzaragoza.es\/blog\/wp-content\/uploads\/2025\/01\/Monu-blogssipgirl-160125-6-768x574.jpg 768w, https:\/\/madeinzaragoza.es\/blog\/wp-content\/uploads\/2025\/01\/Monu-blogssipgirl-160125-6-1536x1148.jpg 1536w, https:\/\/madeinzaragoza.es\/blog\/wp-content\/uploads\/2025\/01\/Monu-blogssipgirl-160125-6-1200x897.jpg 1200w, https:\/\/madeinzaragoza.es\/blog\/wp-content\/uploads\/2025\/01\/Monu-blogssipgirl-160125-6.jpg 1600w\" sizes=\"(max-width: 709px) 85vw, (max-width: 909px) 67vw, (max-width: 1362px) 62vw, 840px\" \/><\/figure>\n\n\n\n<figure class=\"wp-block-image size-large\"><img loading=\"lazy\" decoding=\"async\" width=\"1024\" height=\"715\" data-id=\"43251\" src=\"https:\/\/madeinzaragoza.es\/blog\/wp-content\/uploads\/2025\/01\/Monu-blogssipgirl-160125-9-1024x715.jpg\" alt=\"\" class=\"wp-image-43251\" srcset=\"https:\/\/madeinzaragoza.es\/blog\/wp-content\/uploads\/2025\/01\/Monu-blogssipgirl-160125-9-1024x715.jpg 1024w, https:\/\/madeinzaragoza.es\/blog\/wp-content\/uploads\/2025\/01\/Monu-blogssipgirl-160125-9-450x314.jpg 450w, https:\/\/madeinzaragoza.es\/blog\/wp-content\/uploads\/2025\/01\/Monu-blogssipgirl-160125-9-768x536.jpg 768w, https:\/\/madeinzaragoza.es\/blog\/wp-content\/uploads\/2025\/01\/Monu-blogssipgirl-160125-9-1200x838.jpg 1200w, https:\/\/madeinzaragoza.es\/blog\/wp-content\/uploads\/2025\/01\/Monu-blogssipgirl-160125-9.jpg 1494w\" sizes=\"(max-width: 709px) 85vw, (max-width: 909px) 67vw, (max-width: 1362px) 62vw, 840px\" \/><\/figure>\n\n\n\n<figure class=\"wp-block-image size-large\"><img loading=\"lazy\" decoding=\"async\" width=\"1024\" height=\"915\" data-id=\"43250\" src=\"https:\/\/madeinzaragoza.es\/blog\/wp-content\/uploads\/2025\/01\/Monu-blogssipgirl-160125-13-1024x915.jpg\" alt=\"\" class=\"wp-image-43250\" srcset=\"https:\/\/madeinzaragoza.es\/blog\/wp-content\/uploads\/2025\/01\/Monu-blogssipgirl-160125-13-1024x915.jpg 1024w, https:\/\/madeinzaragoza.es\/blog\/wp-content\/uploads\/2025\/01\/Monu-blogssipgirl-160125-13-450x402.jpg 450w, https:\/\/madeinzaragoza.es\/blog\/wp-content\/uploads\/2025\/01\/Monu-blogssipgirl-160125-13-768x686.jpg 768w, https:\/\/madeinzaragoza.es\/blog\/wp-content\/uploads\/2025\/01\/Monu-blogssipgirl-160125-13-1200x1072.jpg 1200w, https:\/\/madeinzaragoza.es\/blog\/wp-content\/uploads\/2025\/01\/Monu-blogssipgirl-160125-13.jpg 1305w\" sizes=\"(max-width: 709px) 85vw, (max-width: 909px) 67vw, (max-width: 1362px) 62vw, 840px\" \/><\/figure>\n\n\n\n<figure class=\"wp-block-image size-large\"><img loading=\"lazy\" decoding=\"async\" width=\"1024\" height=\"774\" data-id=\"43249\" src=\"https:\/\/madeinzaragoza.es\/blog\/wp-content\/uploads\/2025\/01\/Monu-blogssipgirl-160125-14-1024x774.jpg\" alt=\"\" class=\"wp-image-43249\" srcset=\"https:\/\/madeinzaragoza.es\/blog\/wp-content\/uploads\/2025\/01\/Monu-blogssipgirl-160125-14-1024x774.jpg 1024w, https:\/\/madeinzaragoza.es\/blog\/wp-content\/uploads\/2025\/01\/Monu-blogssipgirl-160125-14-450x340.jpg 450w, https:\/\/madeinzaragoza.es\/blog\/wp-content\/uploads\/2025\/01\/Monu-blogssipgirl-160125-14-768x580.jpg 768w, https:\/\/madeinzaragoza.es\/blog\/wp-content\/uploads\/2025\/01\/Monu-blogssipgirl-160125-14-1200x906.jpg 1200w, https:\/\/madeinzaragoza.es\/blog\/wp-content\/uploads\/2025\/01\/Monu-blogssipgirl-160125-14.jpg 1529w\" sizes=\"(max-width: 709px) 85vw, (max-width: 909px) 67vw, (max-width: 1362px) 62vw, 840px\" \/><\/figure>\n<\/figure>\n\n\n\n<p><\/p>\n\n\n\n<p><strong>Tu arte busca proyectar los sentimientos y actitudes de los personajes representados, te centras en los pensamientos y en el alma m\u00e1s que en lo f\u00edsico. \u00bfTe sientes identificado con cada figura que creas, seg\u00fan el momento en el que tomas los pinceles? \u00bfEn qu\u00e9 te inspiras? <\/strong><\/p>\n\n\n\n<p>Mi arte refleja casi siempre lo que busco, cada vez proyecto con m\u00e1s precisi\u00f3n y necesito dar menos pinceladas, Quiz\u00e1s estoy m\u00e1s sint\u00e9tico y eso me gusta y tambi\u00e9n produce un poco de v\u00e9rtigo.<\/p>\n\n\n\n<p>Al pintar personajes siempre hay m\u00e1s sentimientos, pensamientos o semejanzas que con los objetos en general. Soy un veh\u00edculo que canaliza una serie de ideas, supongo que cada pincelada es parte del momento y eso supera o intenta superar lo f\u00edsico, llegando al sentimiento.<\/p>\n\n\n\n<p><\/p>\n\n\n\n<figure class=\"wp-block-image size-large\"><img loading=\"lazy\" decoding=\"async\" width=\"1024\" height=\"755\" src=\"https:\/\/madeinzaragoza.es\/blog\/wp-content\/uploads\/2025\/01\/Monu-blogssipgirl-160125-18-1024x755.jpg\" alt=\"\" class=\"wp-image-43253\" srcset=\"https:\/\/madeinzaragoza.es\/blog\/wp-content\/uploads\/2025\/01\/Monu-blogssipgirl-160125-18-1024x755.jpg 1024w, https:\/\/madeinzaragoza.es\/blog\/wp-content\/uploads\/2025\/01\/Monu-blogssipgirl-160125-18-450x332.jpg 450w, https:\/\/madeinzaragoza.es\/blog\/wp-content\/uploads\/2025\/01\/Monu-blogssipgirl-160125-18-768x567.jpg 768w, https:\/\/madeinzaragoza.es\/blog\/wp-content\/uploads\/2025\/01\/Monu-blogssipgirl-160125-18-1536x1133.jpg 1536w, https:\/\/madeinzaragoza.es\/blog\/wp-content\/uploads\/2025\/01\/Monu-blogssipgirl-160125-18-1200x885.jpg 1200w, https:\/\/madeinzaragoza.es\/blog\/wp-content\/uploads\/2025\/01\/Monu-blogssipgirl-160125-18.jpg 1586w\" sizes=\"(max-width: 709px) 85vw, (max-width: 909px) 67vw, (max-width: 1362px) 62vw, 840px\" \/><\/figure>\n\n\n\n<p><\/p>\n\n\n\n<p><strong>Tus obras forman parte de relevantes colecciones institucionales y particulares. como colecci\u00f3n CIRCA, Colecci\u00f3n Museo Pablo Serrano (Zaragoza), Colecci\u00f3n Museo de Fuenlabrada (Madrid), Colecci\u00f3n JAPS (Juan Antonio P\u00e9rez Sim\u00f3n-M\u00e9xico), Colecci\u00f3n Fundaci\u00f3n CAI (Zaragoza), Colecci\u00f3n Diputaci\u00f3n Provincial (Zaragoza), Masaveu-Peterson, Banco Santander, Lexus, Pilar Citoler, o como las de los exfutbolistas Iv\u00e1n Helguera y \u00c1lvaro Arbeloa, o la del cantante del grupo Delorian, Guillermo Astrain, entre otras. \u00bfQu\u00e9 sientes al encontrarte dentro de este c\u00edrculo art\u00edstico?<\/strong> <\/p>\n\n\n\n<p>Supongo que me gusta, me siento c\u00f3modo, es algo que sucede poco a poco. Hay gente que decide pasar tiempo en el sof\u00e1 y otros hacer m\u00fasculo. Yo apost\u00e9 por el arte y en eso sigo, es muy dif\u00edcil desconectar, es mi vida.<\/p>\n\n\n\n<figure class=\"wp-block-image size-large\"><img loading=\"lazy\" decoding=\"async\" width=\"1024\" height=\"662\" src=\"https:\/\/madeinzaragoza.es\/blog\/wp-content\/uploads\/2025\/03\/Monu-blogssipgirl-160125-7-1024x662.jpg\" alt=\"\" class=\"wp-image-43698\" srcset=\"https:\/\/madeinzaragoza.es\/blog\/wp-content\/uploads\/2025\/03\/Monu-blogssipgirl-160125-7-1024x662.jpg 1024w, https:\/\/madeinzaragoza.es\/blog\/wp-content\/uploads\/2025\/03\/Monu-blogssipgirl-160125-7-450x291.jpg 450w, https:\/\/madeinzaragoza.es\/blog\/wp-content\/uploads\/2025\/03\/Monu-blogssipgirl-160125-7-768x497.jpg 768w, https:\/\/madeinzaragoza.es\/blog\/wp-content\/uploads\/2025\/03\/Monu-blogssipgirl-160125-7-1200x776.jpg 1200w, https:\/\/madeinzaragoza.es\/blog\/wp-content\/uploads\/2025\/03\/Monu-blogssipgirl-160125-7.jpg 1336w\" sizes=\"(max-width: 709px) 85vw, (max-width: 909px) 67vw, (max-width: 1362px) 62vw, 840px\" \/><\/figure>\n\n\n\n<p><\/p>\n\n\n\n<p><strong>Tienes un curr\u00edculo art\u00edstico impactante, has expuesto en notables galer\u00edas de diferentes pa\u00edses. \u00bfQu\u00e9 puedes contarnos acerca de ellas?<\/strong> <\/p>\n\n\n\n<p>Exponer en diferentes pa\u00edses tambi\u00e9n es un aprendizaje, por ejemplo, los transportes internacionales a veces se complican o tienen un modo diferente de trabajo en el otro pa\u00eds, supongo que para todos es m\u00e1s f\u00e1cil jugar en casa, pero lejos es una aventura mayor. Tambi\u00e9n al regresar resulta todo m\u00e1s sencillo.<\/p>\n\n\n\n<p><\/p>\n\n\n\n<p><strong>En Espa\u00f1a y m\u00e1s concretamente en Zaragoza, \u00bfD\u00f3nde podemos contemplar tus obras?<\/strong> <\/p>\n\n\n\n<p>En Zaragoza en la <strong><a href=\"https:\/\/madeinzaragoza.es\/blog\/olga-julian-galeria-donde-el-arte-nos-invade-con-fuerza\/\">Galer\u00eda Olga Juli\u00e1n<\/a><\/strong> y en <strong>Carmen Terreros<\/strong>, adem\u00e1s las dos galer\u00edas est\u00e1n muy cerca.<\/p>\n\n\n\n<p><\/p>\n\n\n\n<p><strong>\u00bfQu\u00e9 premios y reconocimientos has obtenido a lo largo de tu trayectoria profesional?<\/strong><\/p>\n\n\n\n<p>A lo largo de mi trayectoria, he sido reconocido por mi estilo \u00fanico y mi capacidad para transmitir emociones a trav\u00e9s de sus trazos en\u00e9rgicos y expresivos. Uno de los hitos m\u00e1s recientes en mi carrera fue en 2023, cuando fu\u00ed seleccionado para participar en <strong>LEXUS Art Car, Spain<\/strong>, un prestigioso proyecto que fusiona arte y automoci\u00f3n.<\/p>\n\n\n\n<p><\/p>\n\n\n\n<figure class=\"wp-block-gallery has-nested-images columns-default is-cropped wp-block-gallery-3 is-layout-flex wp-block-gallery-is-layout-flex\">\n<figure class=\"wp-block-image size-large\"><img loading=\"lazy\" decoding=\"async\" width=\"1024\" height=\"683\" data-id=\"43241\" src=\"https:\/\/madeinzaragoza.es\/blog\/wp-content\/uploads\/2025\/01\/GH-NH2BWkAADCE7-1024x683.jpg\" alt=\"\" class=\"wp-image-43241\" srcset=\"https:\/\/madeinzaragoza.es\/blog\/wp-content\/uploads\/2025\/01\/GH-NH2BWkAADCE7-1024x683.jpg 1024w, https:\/\/madeinzaragoza.es\/blog\/wp-content\/uploads\/2025\/01\/GH-NH2BWkAADCE7-450x300.jpg 450w, https:\/\/madeinzaragoza.es\/blog\/wp-content\/uploads\/2025\/01\/GH-NH2BWkAADCE7-768x512.jpg 768w, https:\/\/madeinzaragoza.es\/blog\/wp-content\/uploads\/2025\/01\/GH-NH2BWkAADCE7-1536x1024.jpg 1536w, https:\/\/madeinzaragoza.es\/blog\/wp-content\/uploads\/2025\/01\/GH-NH2BWkAADCE7-1200x800.jpg 1200w, https:\/\/madeinzaragoza.es\/blog\/wp-content\/uploads\/2025\/01\/GH-NH2BWkAADCE7.jpg 1600w\" sizes=\"(max-width: 709px) 85vw, (max-width: 909px) 67vw, (max-width: 1362px) 62vw, 840px\" \/><\/figure>\n\n\n\n<figure class=\"wp-block-image size-large\"><img loading=\"lazy\" decoding=\"async\" width=\"1024\" height=\"683\" data-id=\"43240\" src=\"https:\/\/madeinzaragoza.es\/blog\/wp-content\/uploads\/2025\/01\/GH-NH2BXEAANRRZ-1024x683.jpg\" alt=\"\" class=\"wp-image-43240\" srcset=\"https:\/\/madeinzaragoza.es\/blog\/wp-content\/uploads\/2025\/01\/GH-NH2BXEAANRRZ-1024x683.jpg 1024w, https:\/\/madeinzaragoza.es\/blog\/wp-content\/uploads\/2025\/01\/GH-NH2BXEAANRRZ-450x300.jpg 450w, https:\/\/madeinzaragoza.es\/blog\/wp-content\/uploads\/2025\/01\/GH-NH2BXEAANRRZ-768x512.jpg 768w, https:\/\/madeinzaragoza.es\/blog\/wp-content\/uploads\/2025\/01\/GH-NH2BXEAANRRZ-1536x1024.jpg 1536w, https:\/\/madeinzaragoza.es\/blog\/wp-content\/uploads\/2025\/01\/GH-NH2BXEAANRRZ-1200x800.jpg 1200w, https:\/\/madeinzaragoza.es\/blog\/wp-content\/uploads\/2025\/01\/GH-NH2BXEAANRRZ.jpg 1600w\" sizes=\"(max-width: 709px) 85vw, (max-width: 909px) 67vw, (max-width: 1362px) 62vw, 840px\" \/><\/figure>\n<\/figure>\n\n\n\n<p><\/p>\n\n\n\n<p>A lo largo de mi trayectoria, he recibido numerosos premios y reconocimientos de proyecci\u00f3n internacional. En 2022, fu\u00ed finalista del <strong>A&amp;G Art Prize<\/strong> en Madrid y particip\u00e9 en la prestigiosa <strong>Arthouse Holland Residency<\/strong>, donde tambi\u00e9n fu\u00ed galardonado con el <strong>Art House Holland Prize<\/strong> en los Pa\u00edses Bajos. En 2021, obtuve la beca <strong>CAI grant<\/strong> para desarrollar mi trabajo en la residencia <strong>Residency Unlimited<\/strong> en Nueva York.<\/p>\n\n\n\n<p>Mi trayectoria en residencias art\u00edsticas comenz\u00f3 en Berl\u00edn, con mi participaci\u00f3n en <strong>GlogauAir Residence<\/strong> en 2011 y 2012. Antes de ello, en 2009, recib\u00ed una <strong>Menci\u00f3n de Honor en el XXIII Concurso de Pintura \u201cIsabel de Arag\u00f3n y Reina de Portugal\u201d<\/strong>, y en 2006 fu\u00ed premiado en el <strong>XIX Concurso de Pintura Francisco Padilla<\/strong>. Adem\u00e1s, fui reconocido con varias becas otorgadas por el <strong>Gobierno de Arag\u00f3n para J\u00f3venes Creadores en las Artes Pl\u00e1sticas<\/strong> en los a\u00f1os 2006, 2007 y 2008.<\/p>\n\n\n\n<p><\/p>\n\n\n\n<p><strong>\u00bfQu\u00e9 t\u00e9cnicas y materiales utilizas en tus creaciones?<\/strong> <\/p>\n\n\n\n<p>Acr\u00edlico sobre lienzo y sobre papel. A veces tambi\u00e9n rotulador o tinta China sobre papel.<\/p>\n\n\n\n<p><\/p>\n\n\n\n<figure class=\"wp-block-gallery has-nested-images columns-default is-cropped wp-block-gallery-4 is-layout-flex wp-block-gallery-is-layout-flex\">\n<figure class=\"wp-block-image size-large\"><img loading=\"lazy\" decoding=\"async\" width=\"1024\" height=\"765\" data-id=\"43256\" src=\"https:\/\/madeinzaragoza.es\/blog\/wp-content\/uploads\/2025\/01\/6d0dd1d0-765d-4b6c-8032-e6e916e507f2-1024x765.jpg\" alt=\"\" class=\"wp-image-43256\" srcset=\"https:\/\/madeinzaragoza.es\/blog\/wp-content\/uploads\/2025\/01\/6d0dd1d0-765d-4b6c-8032-e6e916e507f2-1024x765.jpg 1024w, https:\/\/madeinzaragoza.es\/blog\/wp-content\/uploads\/2025\/01\/6d0dd1d0-765d-4b6c-8032-e6e916e507f2-450x336.jpg 450w, https:\/\/madeinzaragoza.es\/blog\/wp-content\/uploads\/2025\/01\/6d0dd1d0-765d-4b6c-8032-e6e916e507f2-768x574.jpg 768w, https:\/\/madeinzaragoza.es\/blog\/wp-content\/uploads\/2025\/01\/6d0dd1d0-765d-4b6c-8032-e6e916e507f2-1536x1148.jpg 1536w, https:\/\/madeinzaragoza.es\/blog\/wp-content\/uploads\/2025\/01\/6d0dd1d0-765d-4b6c-8032-e6e916e507f2-1200x897.jpg 1200w, https:\/\/madeinzaragoza.es\/blog\/wp-content\/uploads\/2025\/01\/6d0dd1d0-765d-4b6c-8032-e6e916e507f2.jpg 1600w\" sizes=\"(max-width: 709px) 85vw, (max-width: 909px) 67vw, (max-width: 1362px) 62vw, 840px\" \/><\/figure>\n\n\n\n<figure class=\"wp-block-image size-large\"><img loading=\"lazy\" decoding=\"async\" width=\"1024\" height=\"765\" data-id=\"43257\" src=\"https:\/\/madeinzaragoza.es\/blog\/wp-content\/uploads\/2025\/01\/a18143b9-bb43-45b2-af77-d480c8bff53e-1024x765.jpg\" alt=\"\" class=\"wp-image-43257\" srcset=\"https:\/\/madeinzaragoza.es\/blog\/wp-content\/uploads\/2025\/01\/a18143b9-bb43-45b2-af77-d480c8bff53e-1024x765.jpg 1024w, https:\/\/madeinzaragoza.es\/blog\/wp-content\/uploads\/2025\/01\/a18143b9-bb43-45b2-af77-d480c8bff53e-450x336.jpg 450w, https:\/\/madeinzaragoza.es\/blog\/wp-content\/uploads\/2025\/01\/a18143b9-bb43-45b2-af77-d480c8bff53e-768x574.jpg 768w, https:\/\/madeinzaragoza.es\/blog\/wp-content\/uploads\/2025\/01\/a18143b9-bb43-45b2-af77-d480c8bff53e-1536x1148.jpg 1536w, https:\/\/madeinzaragoza.es\/blog\/wp-content\/uploads\/2025\/01\/a18143b9-bb43-45b2-af77-d480c8bff53e-1200x897.jpg 1200w, https:\/\/madeinzaragoza.es\/blog\/wp-content\/uploads\/2025\/01\/a18143b9-bb43-45b2-af77-d480c8bff53e.jpg 1600w\" sizes=\"(max-width: 709px) 85vw, (max-width: 909px) 67vw, (max-width: 1362px) 62vw, 840px\" \/><\/figure>\n\n\n\n<figure class=\"wp-block-image size-large\"><img loading=\"lazy\" decoding=\"async\" width=\"1024\" height=\"765\" data-id=\"43258\" src=\"https:\/\/madeinzaragoza.es\/blog\/wp-content\/uploads\/2025\/01\/ef5aef60-d00b-4933-bb8c-e76c7d52e823-1024x765.jpg\" alt=\"\" class=\"wp-image-43258\" srcset=\"https:\/\/madeinzaragoza.es\/blog\/wp-content\/uploads\/2025\/01\/ef5aef60-d00b-4933-bb8c-e76c7d52e823-1024x765.jpg 1024w, https:\/\/madeinzaragoza.es\/blog\/wp-content\/uploads\/2025\/01\/ef5aef60-d00b-4933-bb8c-e76c7d52e823-450x336.jpg 450w, https:\/\/madeinzaragoza.es\/blog\/wp-content\/uploads\/2025\/01\/ef5aef60-d00b-4933-bb8c-e76c7d52e823-768x574.jpg 768w, https:\/\/madeinzaragoza.es\/blog\/wp-content\/uploads\/2025\/01\/ef5aef60-d00b-4933-bb8c-e76c7d52e823-1536x1148.jpg 1536w, https:\/\/madeinzaragoza.es\/blog\/wp-content\/uploads\/2025\/01\/ef5aef60-d00b-4933-bb8c-e76c7d52e823-1200x897.jpg 1200w, https:\/\/madeinzaragoza.es\/blog\/wp-content\/uploads\/2025\/01\/ef5aef60-d00b-4933-bb8c-e76c7d52e823.jpg 1600w\" sizes=\"(max-width: 709px) 85vw, (max-width: 909px) 67vw, (max-width: 1362px) 62vw, 840px\" \/><\/figure>\n<\/figure>\n\n\n\n<p><\/p>\n\n\n\n<p> <strong>\u00bfQui\u00e9n es tu m\u00e1ximo referente en el mundo del arte?<\/strong> <\/p>\n\n\n\n<p>Tengo distintos referentes en cada disciplina, tambi\u00e9n me inspiro en cosas que no son pintura. Pero destacar\u00eda los grandes titanes del SXX y tambi\u00e9n querr\u00eda destacar a <em>Goya <\/em>por ser de Arag\u00f3n y por ser el padre de la pintura moderna, o el padre de muchas cosas. Me encanta <em>Dal\u00ed<\/em> por ese canto a la locura y a su genialidad, <em>Magritte <\/em>como dise\u00f1ador gr\u00e1fico y pintor, <em>Francis Bacon<\/em> por la fuerza en general, <em>Basquiat <\/em>por el color y la composici\u00f3n de apariencia ca\u00f3tica. Por otro lado en la actualidad me gusta seguir a <em>Koons, Hirst, Ai Weiwei, Takashi Murakami, Glenn Brown, Jonathan Meese, Jorge Galindo, Cecily Brown<\/em>. <\/p>\n\n\n\n<p>Pero el m\u00e1ximo referente siempre es variable, supongo que son todos ellos juntos, sufre variaciones seg\u00fan el momento y el lugar, por ejemplo estuve en una inauguraci\u00f3n en el Whitney de <em>Jasper Johns<\/em> y me cambi\u00f3 la perspectiva por completo, ese d\u00eda \u00e9l tambi\u00e9n estaba entre mis favoritos y cuando pens\u00e9 que cesar\u00eda en mis pensamientos vi una obra suya muy peque\u00f1a s\u00faper delicada en una galer\u00eda de Chelsea, pelos de punta y casi lloros, era una obra realizada de joven y no era una bandera, pero hab\u00eda sido trabajada del mismo modo.<\/p>\n\n\n\n<p><\/p>\n\n\n\n<figure class=\"wp-block-image size-large\"><img loading=\"lazy\" decoding=\"async\" width=\"1024\" height=\"765\" src=\"https:\/\/madeinzaragoza.es\/blog\/wp-content\/uploads\/2025\/01\/Monu-blogssipgirl-160125-8-1024x765.jpg\" alt=\"\" class=\"wp-image-43260\" srcset=\"https:\/\/madeinzaragoza.es\/blog\/wp-content\/uploads\/2025\/01\/Monu-blogssipgirl-160125-8-1024x765.jpg 1024w, https:\/\/madeinzaragoza.es\/blog\/wp-content\/uploads\/2025\/01\/Monu-blogssipgirl-160125-8-450x336.jpg 450w, https:\/\/madeinzaragoza.es\/blog\/wp-content\/uploads\/2025\/01\/Monu-blogssipgirl-160125-8-768x574.jpg 768w, https:\/\/madeinzaragoza.es\/blog\/wp-content\/uploads\/2025\/01\/Monu-blogssipgirl-160125-8-1536x1148.jpg 1536w, https:\/\/madeinzaragoza.es\/blog\/wp-content\/uploads\/2025\/01\/Monu-blogssipgirl-160125-8-1200x897.jpg 1200w, https:\/\/madeinzaragoza.es\/blog\/wp-content\/uploads\/2025\/01\/Monu-blogssipgirl-160125-8.jpg 1600w\" sizes=\"(max-width: 709px) 85vw, (max-width: 909px) 67vw, (max-width: 1362px) 62vw, 840px\" \/><\/figure>\n\n\n\n<p><\/p>\n\n\n\n<p><strong>\u00bfCon qu\u00e9 nos va sorprender Mo\u00f1\u00fa en el futuro? \u00bfPodr\u00edas dar una peque\u00f1a pincelada acerca de pr\u00f3ximos proyectos en mente?<\/strong> <\/p>\n\n\n\n<p>La pr\u00f3xima semana tengo inauguraci\u00f3n en Miami, es una colectiva en el Instituto Cultural de M\u00e9xico, y en el mes de marzo individual en la<strong> Galer\u00eda Olga Juli\u00e1n <\/strong>en Zaragoza, <strong>Feria JustMad<\/strong> en Madrid tambi\u00e9n con la galer\u00eda de <strong>Olga <\/strong>y tendr\u00e9 un cuadro de formato grande en la <strong>Universidad de San Jorge<\/strong>.<\/p>\n\n\n\n<p><\/p>\n\n\n\n<figure class=\"wp-block-gallery has-nested-images columns-default is-cropped wp-block-gallery-5 is-layout-flex wp-block-gallery-is-layout-flex\">\n<figure class=\"wp-block-image size-large\"><img loading=\"lazy\" decoding=\"async\" width=\"1024\" height=\"765\" data-id=\"43260\" src=\"https:\/\/madeinzaragoza.es\/blog\/wp-content\/uploads\/2025\/01\/Monu-blogssipgirl-160125-8-1024x765.jpg\" alt=\"\" class=\"wp-image-43260\" srcset=\"https:\/\/madeinzaragoza.es\/blog\/wp-content\/uploads\/2025\/01\/Monu-blogssipgirl-160125-8-1024x765.jpg 1024w, https:\/\/madeinzaragoza.es\/blog\/wp-content\/uploads\/2025\/01\/Monu-blogssipgirl-160125-8-450x336.jpg 450w, https:\/\/madeinzaragoza.es\/blog\/wp-content\/uploads\/2025\/01\/Monu-blogssipgirl-160125-8-768x574.jpg 768w, https:\/\/madeinzaragoza.es\/blog\/wp-content\/uploads\/2025\/01\/Monu-blogssipgirl-160125-8-1536x1148.jpg 1536w, https:\/\/madeinzaragoza.es\/blog\/wp-content\/uploads\/2025\/01\/Monu-blogssipgirl-160125-8-1200x897.jpg 1200w, https:\/\/madeinzaragoza.es\/blog\/wp-content\/uploads\/2025\/01\/Monu-blogssipgirl-160125-8.jpg 1600w\" sizes=\"(max-width: 709px) 85vw, (max-width: 909px) 67vw, (max-width: 1362px) 62vw, 840px\" \/><\/figure>\n\n\n\n<figure class=\"wp-block-image size-large\"><img loading=\"lazy\" decoding=\"async\" width=\"819\" height=\"1024\" data-id=\"43692\" src=\"https:\/\/madeinzaragoza.es\/blog\/wp-content\/uploads\/2025\/03\/ESTAMOS-EN-SHOW-3-1229x1536-1-819x1024.jpg\" alt=\"\" class=\"wp-image-43692\" srcset=\"https:\/\/madeinzaragoza.es\/blog\/wp-content\/uploads\/2025\/03\/ESTAMOS-EN-SHOW-3-1229x1536-1-819x1024.jpg 819w, https:\/\/madeinzaragoza.es\/blog\/wp-content\/uploads\/2025\/03\/ESTAMOS-EN-SHOW-3-1229x1536-1-360x450.jpg 360w, https:\/\/madeinzaragoza.es\/blog\/wp-content\/uploads\/2025\/03\/ESTAMOS-EN-SHOW-3-1229x1536-1-768x960.jpg 768w, https:\/\/madeinzaragoza.es\/blog\/wp-content\/uploads\/2025\/03\/ESTAMOS-EN-SHOW-3-1229x1536-1-1200x1500.jpg 1200w, https:\/\/madeinzaragoza.es\/blog\/wp-content\/uploads\/2025\/03\/ESTAMOS-EN-SHOW-3-1229x1536-1.jpg 1229w\" sizes=\"(max-width: 709px) 85vw, (max-width: 909px) 67vw, (max-width: 984px) 61vw, (max-width: 1362px) 45vw, 600px\" \/><\/figure>\n<\/figure>\n\n\n\n<p><\/p>\n\n\n\n<p><strong>M\u00e1s informaci\u00f3n: <\/strong>en su <strong><a href=\"https:\/\/www.josemonu.com\/\" target=\"_blank\" rel=\"noreferrer noopener\">web<\/a><\/strong>, en <strong><a href=\"https:\/\/www.instagram.com\/josemonu_official\/\" target=\"_blank\" rel=\"noreferrer noopener\">Instagram <\/a><\/strong>y por email: hola@josemonu.com<br><\/p>\n","protected":false},"excerpt":{"rendered":"<p>El zaragozano Jos\u00e9 Mo\u00f1\u00fa (1981), con tan solo 10 a\u00f1os, decidi\u00f3 que quer\u00eda ser artista. Se aferr\u00f3 a su sue\u00f1o y, gracias a su peculiar estilo, se ha convertido en un referente de la pintura contempor\u00e1nea. Jos\u00e9 Mo\u00f1\u00fa se presenta como persona y artista, ambos t\u00edmidos y valientes, sensibles y fuertes. \u201cSupongo que el arte &hellip; <a href=\"https:\/\/madeinzaragoza.es\/blog\/el-arte-de-monu\/\" class=\"more-link\">Continuar leyendo<span class=\"screen-reader-text\"> \u00abEl arte de Mo\u00f1\u00fa: cuando el trazo se convierte en emoci\u00f3n\u00bb<\/span><\/a><\/p>\n","protected":false},"author":4,"featured_media":43244,"comment_status":"open","ping_status":"open","sticky":false,"template":"","format":"standard","meta":{"footnotes":""},"categories":[829,6],"tags":[2364,1016,27,1337,24],"yoast_head":"<!-- This site is optimized with the Yoast SEO plugin v19.7.2 - https:\/\/yoast.com\/wordpress\/plugins\/seo\/ -->\n<title>El arte de Mo\u00f1\u00fa: cuando el trazo se convierte en emoci\u00f3n - Made in Zaragoza<\/title>\n<meta name=\"description\" content=\"Descubre el universo pict\u00f3rico de Jos\u00e9 Mo\u00f1\u00fa, un artista zaragozano cuyo trazo en\u00e9rgico y expresivo lo ha convertido en un referente de la pintura contempor\u00e1nea. Exploramos su trayectoria, premios y el impacto de su arte.\" \/>\n<meta name=\"robots\" content=\"index, follow, max-snippet:-1, max-image-preview:large, max-video-preview:-1\" \/>\n<link rel=\"canonical\" href=\"https:\/\/madeinzaragoza.es\/blog\/el-arte-de-monu\/\" \/>\n<meta property=\"og:locale\" content=\"es_ES\" \/>\n<meta property=\"og:type\" content=\"article\" \/>\n<meta property=\"og:title\" content=\"El arte de Mo\u00f1\u00fa: cuando el trazo se convierte en emoci\u00f3n - Made in Zaragoza\" \/>\n<meta property=\"og:description\" content=\"Descubre el universo pict\u00f3rico de Jos\u00e9 Mo\u00f1\u00fa, un artista zaragozano cuyo trazo en\u00e9rgico y expresivo lo ha convertido en un referente de la pintura contempor\u00e1nea. Exploramos su trayectoria, premios y el impacto de su arte.\" \/>\n<meta property=\"og:url\" content=\"https:\/\/madeinzaragoza.es\/blog\/el-arte-de-monu\/\" \/>\n<meta property=\"og:site_name\" content=\"Made in Zaragoza\" \/>\n<meta property=\"article:publisher\" content=\"https:\/\/www.facebook.com\/madeinzaragoza.es\/\" \/>\n<meta property=\"article:author\" content=\"blogssipgirl\/197083753685798\" \/>\n<meta property=\"article:published_time\" content=\"2025-08-12T16:54:40+00:00\" \/>\n<meta property=\"article:modified_time\" content=\"2025-08-25T12:27:11+00:00\" \/>\n<meta property=\"og:image\" content=\"https:\/\/madeinzaragoza.es\/blog\/wp-content\/uploads\/2025\/01\/Monu-blogssipgirl-160125-2.jpg\" \/>\n\t<meta property=\"og:image:width\" content=\"1600\" \/>\n\t<meta property=\"og:image:height\" content=\"1196\" \/>\n\t<meta property=\"og:image:type\" content=\"image\/jpeg\" \/>\n<meta name=\"author\" content=\"Blogssipgirl\" \/>\n<meta name=\"twitter:card\" content=\"summary\" \/>\n<meta name=\"twitter:creator\" content=\"@blogssipgirl1\" \/>\n<meta name=\"twitter:site\" content=\"@madeinzaragoza\" \/>\n<meta name=\"twitter:label1\" content=\"Escrito por\" \/>\n\t<meta name=\"twitter:data1\" content=\"Blogssipgirl\" \/>\n\t<meta name=\"twitter:label2\" content=\"Tiempo de lectura\" \/>\n\t<meta name=\"twitter:data2\" content=\"8 minutos\" \/>\n<script type=\"application\/ld+json\" class=\"yoast-schema-graph\">{\"@context\":\"https:\/\/schema.org\",\"@graph\":[{\"@type\":\"Article\",\"@id\":\"https:\/\/madeinzaragoza.es\/blog\/el-arte-de-monu\/#article\",\"isPartOf\":{\"@id\":\"https:\/\/madeinzaragoza.es\/blog\/el-arte-de-monu\/\"},\"author\":{\"name\":\"Blogssipgirl\",\"@id\":\"http:\/\/madeinzaragoza.es\/blog\/#\/schema\/person\/b6199e649857e868c4cf0717b007a717\"},\"headline\":\"El arte de Mo\u00f1\u00fa: cuando el trazo se convierte en emoci\u00f3n\",\"datePublished\":\"2025-08-12T16:54:40+00:00\",\"dateModified\":\"2025-08-25T12:27:11+00:00\",\"mainEntityOfPage\":{\"@id\":\"https:\/\/madeinzaragoza.es\/blog\/el-arte-de-monu\/\"},\"wordCount\":1541,\"commentCount\":0,\"publisher\":{\"@id\":\"http:\/\/madeinzaragoza.es\/blog\/#organization\"},\"keywords\":[\"Arte\",\"Arte Contempor\u00e1neo\",\"Artistas de Zaragoza\",\"Cultura\",\"entrevista\"],\"articleSection\":[\"Cultura\",\"Gente\"],\"inLanguage\":\"es\",\"potentialAction\":[{\"@type\":\"CommentAction\",\"name\":\"Comment\",\"target\":[\"https:\/\/madeinzaragoza.es\/blog\/el-arte-de-monu\/#respond\"]}]},{\"@type\":\"WebPage\",\"@id\":\"https:\/\/madeinzaragoza.es\/blog\/el-arte-de-monu\/\",\"url\":\"https:\/\/madeinzaragoza.es\/blog\/el-arte-de-monu\/\",\"name\":\"El arte de Mo\u00f1\u00fa: cuando el trazo se convierte en emoci\u00f3n - Made in Zaragoza\",\"isPartOf\":{\"@id\":\"http:\/\/madeinzaragoza.es\/blog\/#website\"},\"datePublished\":\"2025-08-12T16:54:40+00:00\",\"dateModified\":\"2025-08-25T12:27:11+00:00\",\"description\":\"Descubre el universo pict\u00f3rico de Jos\u00e9 Mo\u00f1\u00fa, un artista zaragozano cuyo trazo en\u00e9rgico y expresivo lo ha convertido en un referente de la pintura contempor\u00e1nea. Exploramos su trayectoria, premios y el impacto de su arte.\",\"breadcrumb\":{\"@id\":\"https:\/\/madeinzaragoza.es\/blog\/el-arte-de-monu\/#breadcrumb\"},\"inLanguage\":\"es\",\"potentialAction\":[{\"@type\":\"ReadAction\",\"target\":[\"https:\/\/madeinzaragoza.es\/blog\/el-arte-de-monu\/\"]}]},{\"@type\":\"BreadcrumbList\",\"@id\":\"https:\/\/madeinzaragoza.es\/blog\/el-arte-de-monu\/#breadcrumb\",\"itemListElement\":[{\"@type\":\"ListItem\",\"position\":1,\"name\":\"Portada\",\"item\":\"http:\/\/madeinzaragoza.es\/blog\/\"},{\"@type\":\"ListItem\",\"position\":2,\"name\":\"El arte de Mo\u00f1\u00fa: cuando el trazo se convierte en emoci\u00f3n\"}]},{\"@type\":\"WebSite\",\"@id\":\"http:\/\/madeinzaragoza.es\/blog\/#website\",\"url\":\"http:\/\/madeinzaragoza.es\/blog\/\",\"name\":\"Made in Zaragoza\",\"description\":\"Blog de MadeinZGZ, Red de Econom\u00eda Creativa de Zaragoza\",\"publisher\":{\"@id\":\"http:\/\/madeinzaragoza.es\/blog\/#organization\"},\"potentialAction\":[{\"@type\":\"SearchAction\",\"target\":{\"@type\":\"EntryPoint\",\"urlTemplate\":\"http:\/\/madeinzaragoza.es\/blog\/?s={search_term_string}\"},\"query-input\":\"required name=search_term_string\"}],\"inLanguage\":\"es\"},{\"@type\":\"Organization\",\"@id\":\"http:\/\/madeinzaragoza.es\/blog\/#organization\",\"name\":\"Made In Zaragoza\",\"url\":\"http:\/\/madeinzaragoza.es\/blog\/\",\"sameAs\":[\"https:\/\/www.instagram.com\/madeinzaragoza.es\/\",\"https:\/\/www.facebook.com\/madeinzaragoza.es\/\",\"https:\/\/twitter.com\/madeinzaragoza\"],\"logo\":{\"@type\":\"ImageObject\",\"inLanguage\":\"es\",\"@id\":\"http:\/\/madeinzaragoza.es\/blog\/#\/schema\/logo\/image\/\",\"url\":\"https:\/\/madeinzaragoza.es\/blog\/wp-content\/uploads\/2022\/05\/logo.png\",\"contentUrl\":\"https:\/\/madeinzaragoza.es\/blog\/wp-content\/uploads\/2022\/05\/logo.png\",\"width\":193,\"height\":176,\"caption\":\"Made In Zaragoza\"},\"image\":{\"@id\":\"http:\/\/madeinzaragoza.es\/blog\/#\/schema\/logo\/image\/\"}},{\"@type\":\"Person\",\"@id\":\"http:\/\/madeinzaragoza.es\/blog\/#\/schema\/person\/b6199e649857e868c4cf0717b007a717\",\"name\":\"Blogssipgirl\",\"image\":{\"@type\":\"ImageObject\",\"inLanguage\":\"es\",\"@id\":\"http:\/\/madeinzaragoza.es\/blog\/#\/schema\/person\/image\/\",\"url\":\"https:\/\/secure.gravatar.com\/avatar\/6171ea2cd2ec17b189583c580ab912a7?s=96&d=mm&r=g\",\"contentUrl\":\"https:\/\/secure.gravatar.com\/avatar\/6171ea2cd2ec17b189583c580ab912a7?s=96&d=mm&r=g\",\"caption\":\"Blogssipgirl\"},\"description\":\"Organizadora de eventos, editora de blogs y gestora de RRSS. Y como hobby, bloguera: Blogssipgirl es mi alterego... Me gusta moverme por las redes sociales y colaborar en miles de proyectos, no s\u00e9 estar quieta. Me apasiona la moda y el buen gusto, adoro los peque\u00f1os placeres como pasear y disfrutar de mi familia y amigos.\",\"sameAs\":[\"http:\/\/blogssipgirl.blogspot.com\",\"blogssipgirl\/197083753685798\",\"https:\/\/twitter.com\/blogssipgirl1\"],\"url\":\"https:\/\/madeinzaragoza.es\/blog\/author\/blogssipgirl\/\"}]}<\/script>\n<!-- \/ Yoast SEO plugin. -->","yoast_head_json":{"title":"El arte de Mo\u00f1\u00fa: cuando el trazo se convierte en emoci\u00f3n - Made in Zaragoza","description":"Descubre el universo pict\u00f3rico de Jos\u00e9 Mo\u00f1\u00fa, un artista zaragozano cuyo trazo en\u00e9rgico y expresivo lo ha convertido en un referente de la pintura contempor\u00e1nea. Exploramos su trayectoria, premios y el impacto de su arte.","robots":{"index":"index","follow":"follow","max-snippet":"max-snippet:-1","max-image-preview":"max-image-preview:large","max-video-preview":"max-video-preview:-1"},"canonical":"https:\/\/madeinzaragoza.es\/blog\/el-arte-de-monu\/","og_locale":"es_ES","og_type":"article","og_title":"El arte de Mo\u00f1\u00fa: cuando el trazo se convierte en emoci\u00f3n - Made in Zaragoza","og_description":"Descubre el universo pict\u00f3rico de Jos\u00e9 Mo\u00f1\u00fa, un artista zaragozano cuyo trazo en\u00e9rgico y expresivo lo ha convertido en un referente de la pintura contempor\u00e1nea. Exploramos su trayectoria, premios y el impacto de su arte.","og_url":"https:\/\/madeinzaragoza.es\/blog\/el-arte-de-monu\/","og_site_name":"Made in Zaragoza","article_publisher":"https:\/\/www.facebook.com\/madeinzaragoza.es\/","article_author":"blogssipgirl\/197083753685798","article_published_time":"2025-08-12T16:54:40+00:00","article_modified_time":"2025-08-25T12:27:11+00:00","og_image":[{"width":1600,"height":1196,"url":"https:\/\/madeinzaragoza.es\/blog\/wp-content\/uploads\/2025\/01\/Monu-blogssipgirl-160125-2.jpg","type":"image\/jpeg"}],"author":"Blogssipgirl","twitter_card":"summary","twitter_creator":"@blogssipgirl1","twitter_site":"@madeinzaragoza","twitter_misc":{"Escrito por":"Blogssipgirl","Tiempo de lectura":"8 minutos"},"schema":{"@context":"https:\/\/schema.org","@graph":[{"@type":"Article","@id":"https:\/\/madeinzaragoza.es\/blog\/el-arte-de-monu\/#article","isPartOf":{"@id":"https:\/\/madeinzaragoza.es\/blog\/el-arte-de-monu\/"},"author":{"name":"Blogssipgirl","@id":"http:\/\/madeinzaragoza.es\/blog\/#\/schema\/person\/b6199e649857e868c4cf0717b007a717"},"headline":"El arte de Mo\u00f1\u00fa: cuando el trazo se convierte en emoci\u00f3n","datePublished":"2025-08-12T16:54:40+00:00","dateModified":"2025-08-25T12:27:11+00:00","mainEntityOfPage":{"@id":"https:\/\/madeinzaragoza.es\/blog\/el-arte-de-monu\/"},"wordCount":1541,"commentCount":0,"publisher":{"@id":"http:\/\/madeinzaragoza.es\/blog\/#organization"},"keywords":["Arte","Arte Contempor\u00e1neo","Artistas de Zaragoza","Cultura","entrevista"],"articleSection":["Cultura","Gente"],"inLanguage":"es","potentialAction":[{"@type":"CommentAction","name":"Comment","target":["https:\/\/madeinzaragoza.es\/blog\/el-arte-de-monu\/#respond"]}]},{"@type":"WebPage","@id":"https:\/\/madeinzaragoza.es\/blog\/el-arte-de-monu\/","url":"https:\/\/madeinzaragoza.es\/blog\/el-arte-de-monu\/","name":"El arte de Mo\u00f1\u00fa: cuando el trazo se convierte en emoci\u00f3n - Made in Zaragoza","isPartOf":{"@id":"http:\/\/madeinzaragoza.es\/blog\/#website"},"datePublished":"2025-08-12T16:54:40+00:00","dateModified":"2025-08-25T12:27:11+00:00","description":"Descubre el universo pict\u00f3rico de Jos\u00e9 Mo\u00f1\u00fa, un artista zaragozano cuyo trazo en\u00e9rgico y expresivo lo ha convertido en un referente de la pintura contempor\u00e1nea. Exploramos su trayectoria, premios y el impacto de su arte.","breadcrumb":{"@id":"https:\/\/madeinzaragoza.es\/blog\/el-arte-de-monu\/#breadcrumb"},"inLanguage":"es","potentialAction":[{"@type":"ReadAction","target":["https:\/\/madeinzaragoza.es\/blog\/el-arte-de-monu\/"]}]},{"@type":"BreadcrumbList","@id":"https:\/\/madeinzaragoza.es\/blog\/el-arte-de-monu\/#breadcrumb","itemListElement":[{"@type":"ListItem","position":1,"name":"Portada","item":"http:\/\/madeinzaragoza.es\/blog\/"},{"@type":"ListItem","position":2,"name":"El arte de Mo\u00f1\u00fa: cuando el trazo se convierte en emoci\u00f3n"}]},{"@type":"WebSite","@id":"http:\/\/madeinzaragoza.es\/blog\/#website","url":"http:\/\/madeinzaragoza.es\/blog\/","name":"Made in Zaragoza","description":"Blog de MadeinZGZ, Red de Econom\u00eda Creativa de Zaragoza","publisher":{"@id":"http:\/\/madeinzaragoza.es\/blog\/#organization"},"potentialAction":[{"@type":"SearchAction","target":{"@type":"EntryPoint","urlTemplate":"http:\/\/madeinzaragoza.es\/blog\/?s={search_term_string}"},"query-input":"required name=search_term_string"}],"inLanguage":"es"},{"@type":"Organization","@id":"http:\/\/madeinzaragoza.es\/blog\/#organization","name":"Made In Zaragoza","url":"http:\/\/madeinzaragoza.es\/blog\/","sameAs":["https:\/\/www.instagram.com\/madeinzaragoza.es\/","https:\/\/www.facebook.com\/madeinzaragoza.es\/","https:\/\/twitter.com\/madeinzaragoza"],"logo":{"@type":"ImageObject","inLanguage":"es","@id":"http:\/\/madeinzaragoza.es\/blog\/#\/schema\/logo\/image\/","url":"https:\/\/madeinzaragoza.es\/blog\/wp-content\/uploads\/2022\/05\/logo.png","contentUrl":"https:\/\/madeinzaragoza.es\/blog\/wp-content\/uploads\/2022\/05\/logo.png","width":193,"height":176,"caption":"Made In Zaragoza"},"image":{"@id":"http:\/\/madeinzaragoza.es\/blog\/#\/schema\/logo\/image\/"}},{"@type":"Person","@id":"http:\/\/madeinzaragoza.es\/blog\/#\/schema\/person\/b6199e649857e868c4cf0717b007a717","name":"Blogssipgirl","image":{"@type":"ImageObject","inLanguage":"es","@id":"http:\/\/madeinzaragoza.es\/blog\/#\/schema\/person\/image\/","url":"https:\/\/secure.gravatar.com\/avatar\/6171ea2cd2ec17b189583c580ab912a7?s=96&d=mm&r=g","contentUrl":"https:\/\/secure.gravatar.com\/avatar\/6171ea2cd2ec17b189583c580ab912a7?s=96&d=mm&r=g","caption":"Blogssipgirl"},"description":"Organizadora de eventos, editora de blogs y gestora de RRSS. Y como hobby, bloguera: Blogssipgirl es mi alterego... Me gusta moverme por las redes sociales y colaborar en miles de proyectos, no s\u00e9 estar quieta. Me apasiona la moda y el buen gusto, adoro los peque\u00f1os placeres como pasear y disfrutar de mi familia y amigos.","sameAs":["http:\/\/blogssipgirl.blogspot.com","blogssipgirl\/197083753685798","https:\/\/twitter.com\/blogssipgirl1"],"url":"https:\/\/madeinzaragoza.es\/blog\/author\/blogssipgirl\/"}]}},"_links":{"self":[{"href":"https:\/\/madeinzaragoza.es\/blog\/wp-json\/wp\/v2\/posts\/43237"}],"collection":[{"href":"https:\/\/madeinzaragoza.es\/blog\/wp-json\/wp\/v2\/posts"}],"about":[{"href":"https:\/\/madeinzaragoza.es\/blog\/wp-json\/wp\/v2\/types\/post"}],"author":[{"embeddable":true,"href":"https:\/\/madeinzaragoza.es\/blog\/wp-json\/wp\/v2\/users\/4"}],"replies":[{"embeddable":true,"href":"https:\/\/madeinzaragoza.es\/blog\/wp-json\/wp\/v2\/comments?post=43237"}],"version-history":[{"count":14,"href":"https:\/\/madeinzaragoza.es\/blog\/wp-json\/wp\/v2\/posts\/43237\/revisions"}],"predecessor-version":[{"id":43699,"href":"https:\/\/madeinzaragoza.es\/blog\/wp-json\/wp\/v2\/posts\/43237\/revisions\/43699"}],"wp:featuredmedia":[{"embeddable":true,"href":"https:\/\/madeinzaragoza.es\/blog\/wp-json\/wp\/v2\/media\/43244"}],"wp:attachment":[{"href":"https:\/\/madeinzaragoza.es\/blog\/wp-json\/wp\/v2\/media?parent=43237"}],"wp:term":[{"taxonomy":"category","embeddable":true,"href":"https:\/\/madeinzaragoza.es\/blog\/wp-json\/wp\/v2\/categories?post=43237"},{"taxonomy":"post_tag","embeddable":true,"href":"https:\/\/madeinzaragoza.es\/blog\/wp-json\/wp\/v2\/tags?post=43237"}],"curies":[{"name":"wp","href":"https:\/\/api.w.org\/{rel}","templated":true}]}}