{"id":42896,"date":"2024-11-26T03:15:00","date_gmt":"2024-11-26T02:15:00","guid":{"rendered":"https:\/\/madeinzaragoza.es\/blog\/?p=42896"},"modified":"2024-11-28T08:54:27","modified_gmt":"2024-11-28T07:54:27","slug":"mizlab9-estrategia","status":"publish","type":"post","link":"https:\/\/madeinzaragoza.es\/blog\/mizlab9-estrategia\/","title":{"rendered":"MIZ-Lab 9: Estrategia empresarial para Ebanister\u00eda Hnos.Blasco"},"content":{"rendered":"\n<p>En un peque\u00f1o taller en Zaragoza, el tiempo parece detenerse cuando observamos a Juan Carlos y Javier Blasco en acci\u00f3n. Los hermanos, herederos de una tradici\u00f3n familiar que comenz\u00f3 en 1964, han dedicado su vida a la ebanister\u00eda y a la creaci\u00f3n de muebles personalizados, piezas \u00fanicas que combinan la funcionalidad con la m\u00e1s alta calidad artesanal.<\/p>\n\n\n\n<p>Como muchas empresas tradicionales, Ebanister\u00eda Hnos.Blasco se encuentra en un punto de inflexi\u00f3n: <strong>\u00bfc\u00f3mo adaptarse al mercado moderno sin perder su esencia?<\/strong><\/p>\n\n\n\n<p>Su proyecto ha sido seleccionado para participar en la <strong>novena edici\u00f3n del MizLab<\/strong> y os podremos ir contando c\u00f3mo estos maestros de la madera van dando pasos adelante para revitalizar su negocio.<\/p>\n\n\n\n<p>Desde su fundaci\u00f3n hace casi seis d\u00e9cadas en el barrio de las Delicias, los hermanos Blasco ha construido una reputaci\u00f3n basada en el trabajo artesanal, el detalle y la personalizaci\u00f3n.<\/p>\n\n\n\n<p>Son especialistas en <strong>muebles a medida<\/strong>, armarios empotrados, cocinas y ba\u00f1os\u2026 y tambi\u00e9n hacen trabajos personalizados en madera como muebles Montessori (tri\u00e1ngulo pickler), teatros de marionetas o kamishibai. Cada pieza cuenta una historia y refleja la pasi\u00f3n que los hermanos Blasco ponen en su oficio.<\/p>\n\n\n\n<p>Cada mueble se dise\u00f1a pensando en las necesidades, gustos y espacios de la persona que lo compra, ofreciendo soluciones totalmente personalizadas. Este enfoque ha generado una base de <strong>clientes leales que aprecian la calidad y el trato cercano<\/strong>.<\/p>\n\n\n\n<p>A pesar de su s\u00f3lida experiencia y una clientela satisfecha, en Ebanister\u00eda Hnos Blasco saben que necesita evolucionar para competir en un mercado en constante cambio.<\/p>\n\n\n\n<p>Y este es el primer paso para abrir la puerta a la innovaci\u00f3n.<\/p>\n\n\n\n<p>Seguro que has escuchado alguna vez la frase<strong> \u201cEsto siempre se ha hecho as\u00ed\u2026.\u201d<\/strong><\/p>\n\n\n\n<p>Desde la asesor\u00eda de estrategia hemos comenzado revisando sus puntos fuertes y las \u00e1reas de mejora, dise\u00f1ando un plan de acci\u00f3n para las siguientes semanas.<\/p>\n\n\n\n<p>Os contamos algunos titulares:<\/p>\n\n\n\n<p>. <strong>Optimizaci\u00f3n de procesos en el taller y mejora de la rentabilidad<\/strong>, revisando las tarifas asignadas de cada proyecto y el tiempo invertido.<\/p>\n\n\n\n<p>. <strong>Valoraci\u00f3n de tecnolog\u00edas<\/strong> que puedan ayudar a mejorar la competitividad de la empresa.<\/p>\n\n\n\n<p>. <strong>Estudio de la competencia<\/strong> para potenciar las fortalezas que ellos tienen dentro del sector.<\/p>\n\n\n\n<p>. <strong>Mejora de la imagen de marca y el posicionamiento<\/strong> online. Atenci\u00f3n a su cuenta de <a href=\"https:\/\/www.instagram.com\/ebanisteriablasco\/\">Instagram.<\/a><\/p>\n\n\n\n<p>. <strong>Revisi\u00f3n y creaci\u00f3n del cat\u00e1logo de productos y servicios ofrecidos<\/strong> para que los potenciales clientes conozcan todas las posibilidades que tienen a su alcance.<\/p>\n\n\n\n<p>El reto es combinar la tradici\u00f3n con las herramientas y estrategias modernas que les permitan llegar a m\u00e1s personas y garantizar la sostenibilidad de su negocio.<\/p>\n\n\n\n<p>Si eres amante del dise\u00f1o personalizado y valoras la calidad artesanal, sigue a <strong>Ebanister\u00eda Hnos, Blasco<\/strong> en ese nuevo cap\u00edtulo de su historia.<\/p>\n","protected":false},"excerpt":{"rendered":"<p>En un peque\u00f1o taller en Zaragoza, el tiempo parece detenerse cuando observamos a Juan Carlos y Javier Blasco en acci\u00f3n. Los hermanos, herederos de una tradici\u00f3n familiar que comenz\u00f3 en 1964, han dedicado su vida a la ebanister\u00eda y a la creaci\u00f3n de muebles personalizados, piezas \u00fanicas que combinan la funcionalidad con la m\u00e1s alta &hellip; <a href=\"https:\/\/madeinzaragoza.es\/blog\/mizlab9-estrategia\/\" class=\"more-link\">Continuar leyendo<span class=\"screen-reader-text\"> \u00abMIZ-Lab 9: Estrategia empresarial para Ebanister\u00eda Hnos.Blasco\u00bb<\/span><\/a><\/p>\n","protected":false},"author":82,"featured_media":42897,"comment_status":"open","ping_status":"open","sticky":false,"template":"","format":"standard","meta":{"footnotes":""},"categories":[1554],"tags":[1823,1910,2836],"yoast_head":"<!-- This site is optimized with the Yoast SEO plugin v19.7.2 - https:\/\/yoast.com\/wordpress\/plugins\/seo\/ -->\n<title>MIZ-Lab 9: Estrategia empresarial para Ebanister\u00eda Hnos.Blasco - Made in Zaragoza<\/title>\n<meta name=\"robots\" content=\"index, follow, max-snippet:-1, max-image-preview:large, max-video-preview:-1\" \/>\n<link rel=\"canonical\" href=\"https:\/\/madeinzaragoza.es\/blog\/mizlab9-estrategia\/\" \/>\n<meta property=\"og:locale\" content=\"es_ES\" \/>\n<meta property=\"og:type\" content=\"article\" \/>\n<meta property=\"og:title\" content=\"MIZ-Lab 9: Estrategia empresarial para Ebanister\u00eda Hnos.Blasco - Made in Zaragoza\" \/>\n<meta property=\"og:description\" content=\"En un peque\u00f1o taller en Zaragoza, el tiempo parece detenerse cuando observamos a Juan Carlos y Javier Blasco en acci\u00f3n. Los hermanos, herederos de una tradici\u00f3n familiar que comenz\u00f3 en 1964, han dedicado su vida a la ebanister\u00eda y a la creaci\u00f3n de muebles personalizados, piezas \u00fanicas que combinan la funcionalidad con la m\u00e1s alta &hellip; Continuar leyendo &quot;MIZ-Lab 9: Estrategia empresarial para Ebanister\u00eda Hnos.Blasco&quot;\" \/>\n<meta property=\"og:url\" content=\"https:\/\/madeinzaragoza.es\/blog\/mizlab9-estrategia\/\" \/>\n<meta property=\"og:site_name\" content=\"Made in Zaragoza\" \/>\n<meta property=\"article:publisher\" content=\"https:\/\/www.facebook.com\/madeinzaragoza.es\/\" \/>\n<meta property=\"article:published_time\" content=\"2024-11-26T02:15:00+00:00\" \/>\n<meta property=\"article:modified_time\" content=\"2024-11-28T07:54:27+00:00\" \/>\n<meta property=\"og:image\" content=\"https:\/\/madeinzaragoza.es\/blog\/wp-content\/uploads\/2024\/11\/IMG-20241106-WA0010.jpg\" \/>\n\t<meta property=\"og:image:width\" content=\"2000\" \/>\n\t<meta property=\"og:image:height\" content=\"900\" \/>\n\t<meta property=\"og:image:type\" content=\"image\/jpeg\" \/>\n<meta name=\"author\" content=\"Miriam Almaz\u00e1n\" \/>\n<meta name=\"twitter:card\" content=\"summary\" \/>\n<meta name=\"twitter:creator\" content=\"@madeinzaragoza\" \/>\n<meta name=\"twitter:site\" content=\"@madeinzaragoza\" \/>\n<meta name=\"twitter:label1\" content=\"Escrito por\" \/>\n\t<meta name=\"twitter:data1\" content=\"Miriam Almaz\u00e1n\" \/>\n\t<meta name=\"twitter:label2\" content=\"Tiempo de lectura\" \/>\n\t<meta name=\"twitter:data2\" content=\"2 minutos\" \/>\n<script type=\"application\/ld+json\" class=\"yoast-schema-graph\">{\"@context\":\"https:\/\/schema.org\",\"@graph\":[{\"@type\":\"Article\",\"@id\":\"https:\/\/madeinzaragoza.es\/blog\/mizlab9-estrategia\/#article\",\"isPartOf\":{\"@id\":\"https:\/\/madeinzaragoza.es\/blog\/mizlab9-estrategia\/\"},\"author\":{\"name\":\"Miriam Almaz\u00e1n\",\"@id\":\"http:\/\/madeinzaragoza.es\/blog\/#\/schema\/person\/2be127b852a0b08631b50fb4671faf1c\"},\"headline\":\"MIZ-Lab 9: Estrategia empresarial para Ebanister\u00eda Hnos.Blasco\",\"datePublished\":\"2024-11-26T02:15:00+00:00\",\"dateModified\":\"2024-11-28T07:54:27+00:00\",\"mainEntityOfPage\":{\"@id\":\"https:\/\/madeinzaragoza.es\/blog\/mizlab9-estrategia\/\"},\"wordCount\":490,\"commentCount\":0,\"publisher\":{\"@id\":\"http:\/\/madeinzaragoza.es\/blog\/#organization\"},\"keywords\":[\"laboratorio de innovaci\u00f3n comercial\",\"Laboratorio Innovaci\u00f3n Comercial\",\"mizlab9\"],\"articleSection\":[\"MIZ-Lab\"],\"inLanguage\":\"es\",\"potentialAction\":[{\"@type\":\"CommentAction\",\"name\":\"Comment\",\"target\":[\"https:\/\/madeinzaragoza.es\/blog\/mizlab9-estrategia\/#respond\"]}]},{\"@type\":\"WebPage\",\"@id\":\"https:\/\/madeinzaragoza.es\/blog\/mizlab9-estrategia\/\",\"url\":\"https:\/\/madeinzaragoza.es\/blog\/mizlab9-estrategia\/\",\"name\":\"MIZ-Lab 9: Estrategia empresarial para Ebanister\u00eda Hnos.Blasco - Made in Zaragoza\",\"isPartOf\":{\"@id\":\"http:\/\/madeinzaragoza.es\/blog\/#website\"},\"datePublished\":\"2024-11-26T02:15:00+00:00\",\"dateModified\":\"2024-11-28T07:54:27+00:00\",\"breadcrumb\":{\"@id\":\"https:\/\/madeinzaragoza.es\/blog\/mizlab9-estrategia\/#breadcrumb\"},\"inLanguage\":\"es\",\"potentialAction\":[{\"@type\":\"ReadAction\",\"target\":[\"https:\/\/madeinzaragoza.es\/blog\/mizlab9-estrategia\/\"]}]},{\"@type\":\"BreadcrumbList\",\"@id\":\"https:\/\/madeinzaragoza.es\/blog\/mizlab9-estrategia\/#breadcrumb\",\"itemListElement\":[{\"@type\":\"ListItem\",\"position\":1,\"name\":\"Portada\",\"item\":\"http:\/\/madeinzaragoza.es\/blog\/\"},{\"@type\":\"ListItem\",\"position\":2,\"name\":\"MIZ-Lab 9: Estrategia empresarial para Ebanister\u00eda Hnos.Blasco\"}]},{\"@type\":\"WebSite\",\"@id\":\"http:\/\/madeinzaragoza.es\/blog\/#website\",\"url\":\"http:\/\/madeinzaragoza.es\/blog\/\",\"name\":\"Made in Zaragoza\",\"description\":\"Blog de MadeinZGZ, Red de Econom\u00eda Creativa de Zaragoza\",\"publisher\":{\"@id\":\"http:\/\/madeinzaragoza.es\/blog\/#organization\"},\"potentialAction\":[{\"@type\":\"SearchAction\",\"target\":{\"@type\":\"EntryPoint\",\"urlTemplate\":\"http:\/\/madeinzaragoza.es\/blog\/?s={search_term_string}\"},\"query-input\":\"required name=search_term_string\"}],\"inLanguage\":\"es\"},{\"@type\":\"Organization\",\"@id\":\"http:\/\/madeinzaragoza.es\/blog\/#organization\",\"name\":\"Made In Zaragoza\",\"url\":\"http:\/\/madeinzaragoza.es\/blog\/\",\"sameAs\":[\"https:\/\/www.instagram.com\/madeinzaragoza.es\/\",\"https:\/\/www.facebook.com\/madeinzaragoza.es\/\",\"https:\/\/twitter.com\/madeinzaragoza\"],\"logo\":{\"@type\":\"ImageObject\",\"inLanguage\":\"es\",\"@id\":\"http:\/\/madeinzaragoza.es\/blog\/#\/schema\/logo\/image\/\",\"url\":\"https:\/\/madeinzaragoza.es\/blog\/wp-content\/uploads\/2022\/05\/logo.png\",\"contentUrl\":\"https:\/\/madeinzaragoza.es\/blog\/wp-content\/uploads\/2022\/05\/logo.png\",\"width\":193,\"height\":176,\"caption\":\"Made In Zaragoza\"},\"image\":{\"@id\":\"http:\/\/madeinzaragoza.es\/blog\/#\/schema\/logo\/image\/\"}},{\"@type\":\"Person\",\"@id\":\"http:\/\/madeinzaragoza.es\/blog\/#\/schema\/person\/2be127b852a0b08631b50fb4671faf1c\",\"name\":\"Miriam Almaz\u00e1n\",\"image\":{\"@type\":\"ImageObject\",\"inLanguage\":\"es\",\"@id\":\"http:\/\/madeinzaragoza.es\/blog\/#\/schema\/person\/image\/\",\"url\":\"https:\/\/secure.gravatar.com\/avatar\/c71735d28e0857558d07859b9bc0baef?s=96&d=mm&r=g\",\"contentUrl\":\"https:\/\/secure.gravatar.com\/avatar\/c71735d28e0857558d07859b9bc0baef?s=96&d=mm&r=g\",\"caption\":\"Miriam Almaz\u00e1n\"},\"description\":\"Miriam Almaz\u00e1n es economista y consultora de negocio en Afiris, donde lidera proyectos con energ\u00eda y creatividad. Con m\u00e1s de 15 a\u00f1os de experiencia en asesor\u00eda y formaci\u00f3n, acompa\u00f1a a emprendedores y negocios locales en el Laboratorio de Innovaci\u00f3n Comercial de Made in Zaragoza (MIZ-Lab), ayud\u00e1ndoles a analizar y definir sus estrategias de negocio.\",\"sameAs\":[\"https:\/\/www.afiris.es\/\",\"https:\/\/www.linkedin.com\/in\/miriamelenaalmazan?originalSubdomain=es\"],\"url\":\"https:\/\/madeinzaragoza.es\/blog\/author\/miriamalmazan\/\"}]}<\/script>\n<!-- \/ Yoast SEO plugin. -->","yoast_head_json":{"title":"MIZ-Lab 9: Estrategia empresarial para Ebanister\u00eda Hnos.Blasco - Made in Zaragoza","robots":{"index":"index","follow":"follow","max-snippet":"max-snippet:-1","max-image-preview":"max-image-preview:large","max-video-preview":"max-video-preview:-1"},"canonical":"https:\/\/madeinzaragoza.es\/blog\/mizlab9-estrategia\/","og_locale":"es_ES","og_type":"article","og_title":"MIZ-Lab 9: Estrategia empresarial para Ebanister\u00eda Hnos.Blasco - Made in Zaragoza","og_description":"En un peque\u00f1o taller en Zaragoza, el tiempo parece detenerse cuando observamos a Juan Carlos y Javier Blasco en acci\u00f3n. Los hermanos, herederos de una tradici\u00f3n familiar que comenz\u00f3 en 1964, han dedicado su vida a la ebanister\u00eda y a la creaci\u00f3n de muebles personalizados, piezas \u00fanicas que combinan la funcionalidad con la m\u00e1s alta &hellip; Continuar leyendo \"MIZ-Lab 9: Estrategia empresarial para Ebanister\u00eda Hnos.Blasco\"","og_url":"https:\/\/madeinzaragoza.es\/blog\/mizlab9-estrategia\/","og_site_name":"Made in Zaragoza","article_publisher":"https:\/\/www.facebook.com\/madeinzaragoza.es\/","article_published_time":"2024-11-26T02:15:00+00:00","article_modified_time":"2024-11-28T07:54:27+00:00","og_image":[{"width":2000,"height":900,"url":"https:\/\/madeinzaragoza.es\/blog\/wp-content\/uploads\/2024\/11\/IMG-20241106-WA0010.jpg","type":"image\/jpeg"}],"author":"Miriam Almaz\u00e1n","twitter_card":"summary","twitter_creator":"@madeinzaragoza","twitter_site":"@madeinzaragoza","twitter_misc":{"Escrito por":"Miriam Almaz\u00e1n","Tiempo de lectura":"2 minutos"},"schema":{"@context":"https:\/\/schema.org","@graph":[{"@type":"Article","@id":"https:\/\/madeinzaragoza.es\/blog\/mizlab9-estrategia\/#article","isPartOf":{"@id":"https:\/\/madeinzaragoza.es\/blog\/mizlab9-estrategia\/"},"author":{"name":"Miriam Almaz\u00e1n","@id":"http:\/\/madeinzaragoza.es\/blog\/#\/schema\/person\/2be127b852a0b08631b50fb4671faf1c"},"headline":"MIZ-Lab 9: Estrategia empresarial para Ebanister\u00eda Hnos.Blasco","datePublished":"2024-11-26T02:15:00+00:00","dateModified":"2024-11-28T07:54:27+00:00","mainEntityOfPage":{"@id":"https:\/\/madeinzaragoza.es\/blog\/mizlab9-estrategia\/"},"wordCount":490,"commentCount":0,"publisher":{"@id":"http:\/\/madeinzaragoza.es\/blog\/#organization"},"keywords":["laboratorio de innovaci\u00f3n comercial","Laboratorio Innovaci\u00f3n Comercial","mizlab9"],"articleSection":["MIZ-Lab"],"inLanguage":"es","potentialAction":[{"@type":"CommentAction","name":"Comment","target":["https:\/\/madeinzaragoza.es\/blog\/mizlab9-estrategia\/#respond"]}]},{"@type":"WebPage","@id":"https:\/\/madeinzaragoza.es\/blog\/mizlab9-estrategia\/","url":"https:\/\/madeinzaragoza.es\/blog\/mizlab9-estrategia\/","name":"MIZ-Lab 9: Estrategia empresarial para Ebanister\u00eda Hnos.Blasco - Made in Zaragoza","isPartOf":{"@id":"http:\/\/madeinzaragoza.es\/blog\/#website"},"datePublished":"2024-11-26T02:15:00+00:00","dateModified":"2024-11-28T07:54:27+00:00","breadcrumb":{"@id":"https:\/\/madeinzaragoza.es\/blog\/mizlab9-estrategia\/#breadcrumb"},"inLanguage":"es","potentialAction":[{"@type":"ReadAction","target":["https:\/\/madeinzaragoza.es\/blog\/mizlab9-estrategia\/"]}]},{"@type":"BreadcrumbList","@id":"https:\/\/madeinzaragoza.es\/blog\/mizlab9-estrategia\/#breadcrumb","itemListElement":[{"@type":"ListItem","position":1,"name":"Portada","item":"http:\/\/madeinzaragoza.es\/blog\/"},{"@type":"ListItem","position":2,"name":"MIZ-Lab 9: Estrategia empresarial para Ebanister\u00eda Hnos.Blasco"}]},{"@type":"WebSite","@id":"http:\/\/madeinzaragoza.es\/blog\/#website","url":"http:\/\/madeinzaragoza.es\/blog\/","name":"Made in Zaragoza","description":"Blog de MadeinZGZ, Red de Econom\u00eda Creativa de Zaragoza","publisher":{"@id":"http:\/\/madeinzaragoza.es\/blog\/#organization"},"potentialAction":[{"@type":"SearchAction","target":{"@type":"EntryPoint","urlTemplate":"http:\/\/madeinzaragoza.es\/blog\/?s={search_term_string}"},"query-input":"required name=search_term_string"}],"inLanguage":"es"},{"@type":"Organization","@id":"http:\/\/madeinzaragoza.es\/blog\/#organization","name":"Made In Zaragoza","url":"http:\/\/madeinzaragoza.es\/blog\/","sameAs":["https:\/\/www.instagram.com\/madeinzaragoza.es\/","https:\/\/www.facebook.com\/madeinzaragoza.es\/","https:\/\/twitter.com\/madeinzaragoza"],"logo":{"@type":"ImageObject","inLanguage":"es","@id":"http:\/\/madeinzaragoza.es\/blog\/#\/schema\/logo\/image\/","url":"https:\/\/madeinzaragoza.es\/blog\/wp-content\/uploads\/2022\/05\/logo.png","contentUrl":"https:\/\/madeinzaragoza.es\/blog\/wp-content\/uploads\/2022\/05\/logo.png","width":193,"height":176,"caption":"Made In Zaragoza"},"image":{"@id":"http:\/\/madeinzaragoza.es\/blog\/#\/schema\/logo\/image\/"}},{"@type":"Person","@id":"http:\/\/madeinzaragoza.es\/blog\/#\/schema\/person\/2be127b852a0b08631b50fb4671faf1c","name":"Miriam Almaz\u00e1n","image":{"@type":"ImageObject","inLanguage":"es","@id":"http:\/\/madeinzaragoza.es\/blog\/#\/schema\/person\/image\/","url":"https:\/\/secure.gravatar.com\/avatar\/c71735d28e0857558d07859b9bc0baef?s=96&d=mm&r=g","contentUrl":"https:\/\/secure.gravatar.com\/avatar\/c71735d28e0857558d07859b9bc0baef?s=96&d=mm&r=g","caption":"Miriam Almaz\u00e1n"},"description":"Miriam Almaz\u00e1n es economista y consultora de negocio en Afiris, donde lidera proyectos con energ\u00eda y creatividad. Con m\u00e1s de 15 a\u00f1os de experiencia en asesor\u00eda y formaci\u00f3n, acompa\u00f1a a emprendedores y negocios locales en el Laboratorio de Innovaci\u00f3n Comercial de Made in Zaragoza (MIZ-Lab), ayud\u00e1ndoles a analizar y definir sus estrategias de negocio.","sameAs":["https:\/\/www.afiris.es\/","https:\/\/www.linkedin.com\/in\/miriamelenaalmazan?originalSubdomain=es"],"url":"https:\/\/madeinzaragoza.es\/blog\/author\/miriamalmazan\/"}]}},"_links":{"self":[{"href":"https:\/\/madeinzaragoza.es\/blog\/wp-json\/wp\/v2\/posts\/42896"}],"collection":[{"href":"https:\/\/madeinzaragoza.es\/blog\/wp-json\/wp\/v2\/posts"}],"about":[{"href":"https:\/\/madeinzaragoza.es\/blog\/wp-json\/wp\/v2\/types\/post"}],"author":[{"embeddable":true,"href":"https:\/\/madeinzaragoza.es\/blog\/wp-json\/wp\/v2\/users\/82"}],"replies":[{"embeddable":true,"href":"https:\/\/madeinzaragoza.es\/blog\/wp-json\/wp\/v2\/comments?post=42896"}],"version-history":[{"count":3,"href":"https:\/\/madeinzaragoza.es\/blog\/wp-json\/wp\/v2\/posts\/42896\/revisions"}],"predecessor-version":[{"id":42929,"href":"https:\/\/madeinzaragoza.es\/blog\/wp-json\/wp\/v2\/posts\/42896\/revisions\/42929"}],"wp:featuredmedia":[{"embeddable":true,"href":"https:\/\/madeinzaragoza.es\/blog\/wp-json\/wp\/v2\/media\/42897"}],"wp:attachment":[{"href":"https:\/\/madeinzaragoza.es\/blog\/wp-json\/wp\/v2\/media?parent=42896"}],"wp:term":[{"taxonomy":"category","embeddable":true,"href":"https:\/\/madeinzaragoza.es\/blog\/wp-json\/wp\/v2\/categories?post=42896"},{"taxonomy":"post_tag","embeddable":true,"href":"https:\/\/madeinzaragoza.es\/blog\/wp-json\/wp\/v2\/tags?post=42896"}],"curies":[{"name":"wp","href":"https:\/\/api.w.org\/{rel}","templated":true}]}}