{"id":42845,"date":"2024-11-25T09:00:10","date_gmt":"2024-11-25T08:00:10","guid":{"rendered":"https:\/\/madeinzaragoza.es\/blog\/?p=42845"},"modified":"2024-11-25T09:07:09","modified_gmt":"2024-11-25T08:07:09","slug":"luz-oscuridad-de-la-escultora-laura-guarnieri","status":"publish","type":"post","link":"https:\/\/madeinzaragoza.es\/blog\/luz-oscuridad-de-la-escultora-laura-guarnieri\/","title":{"rendered":"Luz &amp; Oscuridad, de la escultora Laura Guarnieri. Una exposici\u00f3n que nos transporta a otra dimensi\u00f3n."},"content":{"rendered":"\n<p>Espacios abiertos que se cierran creando un universo on\u00edrico, un viaje a otra dimensi\u00f3n. <strong><a href=\"https:\/\/lauraguarnieriarte.blogspot.com\/\" target=\"_blank\" rel=\"noreferrer noopener\">Laura Guarnieri<\/a><\/strong> es un argentina que dej\u00f3 su tierra para explorar sensaciones y emociones encerradas en su ser y que, con los a\u00f1os, han visto la luz.<br>Dejar fluir experimentando con t\u00e9cnicas innovadoras y materiales ligeros y d\u00factiles, ha dado lugar a piezas \u00fanicas con vida e historia.<br><\/p>\n\n\n\n<p>En la exposici\u00f3n <strong><a href=\"https:\/\/www.aapga.es\/evento.asp?idevento=483\" target=\"_blank\" rel=\"noreferrer noopener\">Luz &amp; Oscuridad<\/a><\/strong>, que tiene lugar hasta el 28 de noviembre en la <strong><a href=\"https:\/\/www.aapga.es\/\" target=\"_blank\" rel=\"noreferrer noopener\">Sala Asociaci\u00f3n De Artistas Pl\u00e1sticos De Goya<\/a><\/strong>, <strong>Laura <\/strong>nos invita a adentrarnos en su fascinante mundo.<\/p>\n\n\n\n<p><\/p>\n\n\n\n<figure class=\"wp-block-image size-large\"><img loading=\"lazy\" decoding=\"async\" width=\"1024\" height=\"782\" src=\"https:\/\/madeinzaragoza.es\/blog\/wp-content\/uploads\/2024\/11\/Laura-Guarnieri-Luz-y-oscuridad-Blogssipgirl-211124-1-1024x782.jpg\" alt=\"\" class=\"wp-image-42849\" srcset=\"https:\/\/madeinzaragoza.es\/blog\/wp-content\/uploads\/2024\/11\/Laura-Guarnieri-Luz-y-oscuridad-Blogssipgirl-211124-1-1024x782.jpg 1024w, https:\/\/madeinzaragoza.es\/blog\/wp-content\/uploads\/2024\/11\/Laura-Guarnieri-Luz-y-oscuridad-Blogssipgirl-211124-1-450x343.jpg 450w, https:\/\/madeinzaragoza.es\/blog\/wp-content\/uploads\/2024\/11\/Laura-Guarnieri-Luz-y-oscuridad-Blogssipgirl-211124-1-768x586.jpg 768w, https:\/\/madeinzaragoza.es\/blog\/wp-content\/uploads\/2024\/11\/Laura-Guarnieri-Luz-y-oscuridad-Blogssipgirl-211124-1-1536x1172.jpg 1536w, https:\/\/madeinzaragoza.es\/blog\/wp-content\/uploads\/2024\/11\/Laura-Guarnieri-Luz-y-oscuridad-Blogssipgirl-211124-1-1200x916.jpg 1200w, https:\/\/madeinzaragoza.es\/blog\/wp-content\/uploads\/2024\/11\/Laura-Guarnieri-Luz-y-oscuridad-Blogssipgirl-211124-1.jpg 1884w\" sizes=\"(max-width: 709px) 85vw, (max-width: 909px) 67vw, (max-width: 1362px) 62vw, 840px\" \/><\/figure>\n\n\n\n<figure class=\"wp-block-embed is-type-video is-provider-youtube wp-block-embed-youtube wp-embed-aspect-16-9 wp-has-aspect-ratio\"><div class=\"wp-block-embed__wrapper\">\n<iframe loading=\"lazy\" title=\"Luz &amp; Oscuridad de Laura Guarnieri. Noviembre 24\" width=\"840\" height=\"473\" src=\"https:\/\/www.youtube.com\/embed\/uqMnEoq11R4?feature=oembed\" frameborder=\"0\" allow=\"accelerometer; autoplay; clipboard-write; encrypted-media; gyroscope; picture-in-picture; web-share\" referrerpolicy=\"strict-origin-when-cross-origin\" allowfullscreen><\/iframe>\n<\/div><\/figure>\n\n\n\n<p><\/p>\n\n\n\n<p><strong>Laura <\/strong>naci\u00f3 en Buenos Aires en 1970. Es p\u00e9rito mercantil auxiliar en administraci\u00f3n de empresas, y durante un tiempo se form\u00f3 en Marketing, aunque no lleg\u00f3 a terminar sus estudios universitarios.<br>Hace 24 a\u00f1os, conoci\u00f3 a su marido por internet, y fue el amor lo que le trajo a Espa\u00f1a en 2001.<br><\/p>\n\n\n\n<p>Desde entonces, reside en Zaragoza, en el barrio de Torrero, donde ha formado una familia con sus dos hijos, Lucas y Juan. En 2008, fund\u00f3 \u201c<strong>YoToY<\/strong>,\u201d una empresa dedicada a la creaci\u00f3n de figuras personalizadas con arcilla polim\u00e9rica para decorar tartas de boda. Estas piezas r\u00e1pidamente se hicieron muy populares en toda Espa\u00f1a. En 2017 decidi\u00f3  dar un giro a su carrera profesional. De forma autodidacta, comenz\u00f3 a explorar la t\u00e9cnica de dibujo en el aire con alambre, marcando el inicio de su incursi\u00f3n en el mundo de la escultura. Este momento fue clave para descubrir su pasi\u00f3n por la combinaci\u00f3n de formas, vac\u00edos y espacios. <\/p>\n\n\n\n<p>Finalmente, en 2022, inici\u00f3 este proyecto expositivo con el que <strong>profundiza en temas como la espiritualidad, la introspecci\u00f3n y la conexi\u00f3n entre la materia y el vac\u00edo<\/strong>, consolidando su lenguaje art\u00edstico y abriendo nuevas puertas a su creatividad.<\/p>\n\n\n\n<p><br><\/p>\n\n\n\n<figure class=\"wp-block-image size-large\"><img loading=\"lazy\" decoding=\"async\" width=\"1024\" height=\"718\" src=\"https:\/\/madeinzaragoza.es\/blog\/wp-content\/uploads\/2024\/11\/Laura-Guarnieri-Luz-y-oscuridad-Blogssipgirl-211124-26-1024x718.jpg\" alt=\"\" class=\"wp-image-42850\" srcset=\"https:\/\/madeinzaragoza.es\/blog\/wp-content\/uploads\/2024\/11\/Laura-Guarnieri-Luz-y-oscuridad-Blogssipgirl-211124-26-1024x718.jpg 1024w, https:\/\/madeinzaragoza.es\/blog\/wp-content\/uploads\/2024\/11\/Laura-Guarnieri-Luz-y-oscuridad-Blogssipgirl-211124-26-450x316.jpg 450w, https:\/\/madeinzaragoza.es\/blog\/wp-content\/uploads\/2024\/11\/Laura-Guarnieri-Luz-y-oscuridad-Blogssipgirl-211124-26-768x539.jpg 768w, https:\/\/madeinzaragoza.es\/blog\/wp-content\/uploads\/2024\/11\/Laura-Guarnieri-Luz-y-oscuridad-Blogssipgirl-211124-26-1536x1077.jpg 1536w, https:\/\/madeinzaragoza.es\/blog\/wp-content\/uploads\/2024\/11\/Laura-Guarnieri-Luz-y-oscuridad-Blogssipgirl-211124-26-1200x842.jpg 1200w, https:\/\/madeinzaragoza.es\/blog\/wp-content\/uploads\/2024\/11\/Laura-Guarnieri-Luz-y-oscuridad-Blogssipgirl-211124-26.jpg 1695w\" sizes=\"(max-width: 709px) 85vw, (max-width: 909px) 67vw, (max-width: 1362px) 62vw, 840px\" \/><\/figure>\n\n\n\n<p><\/p>\n\n\n\n<p><strong>\u00bfDesde cu\u00e1ndo sientes esa pasi\u00f3n por el arte pl\u00e1stico y por innovar m\u00e1s all\u00e1 de lo puramente convencional?<\/strong> <\/p>\n\n\n\n<p>Mi lado creativo se manifest\u00f3 cuando fund\u00e9 <strong>YoToY <\/strong>en el a\u00f1o 2008, pero en 2017 encontr\u00e9 un punto de inflexi\u00f3n cuando comenc\u00e9 a trabajar con alambre, investigando la t\u00e9cnica de dibujo en el aire y c\u00f3mo los vac\u00edos pueden ser tan expresivos como la materia. Ese descubrimiento marc\u00f3 un antes y<br>un despu\u00e9s en mi forma de concebir la escultura.<\/p>\n\n\n\n<p><\/p>\n\n\n\n<figure class=\"wp-block-image size-large\"><img loading=\"lazy\" decoding=\"async\" width=\"1024\" height=\"796\" src=\"https:\/\/madeinzaragoza.es\/blog\/wp-content\/uploads\/2024\/11\/Laura-Guarnieri-Luz-y-oscuridad-Blogssipgirl-211124-3-1024x796.jpg\" alt=\"\" class=\"wp-image-42855\" srcset=\"https:\/\/madeinzaragoza.es\/blog\/wp-content\/uploads\/2024\/11\/Laura-Guarnieri-Luz-y-oscuridad-Blogssipgirl-211124-3-1024x796.jpg 1024w, https:\/\/madeinzaragoza.es\/blog\/wp-content\/uploads\/2024\/11\/Laura-Guarnieri-Luz-y-oscuridad-Blogssipgirl-211124-3-450x350.jpg 450w, https:\/\/madeinzaragoza.es\/blog\/wp-content\/uploads\/2024\/11\/Laura-Guarnieri-Luz-y-oscuridad-Blogssipgirl-211124-3-768x597.jpg 768w, https:\/\/madeinzaragoza.es\/blog\/wp-content\/uploads\/2024\/11\/Laura-Guarnieri-Luz-y-oscuridad-Blogssipgirl-211124-3-1536x1194.jpg 1536w, https:\/\/madeinzaragoza.es\/blog\/wp-content\/uploads\/2024\/11\/Laura-Guarnieri-Luz-y-oscuridad-Blogssipgirl-211124-3-1200x933.jpg 1200w, https:\/\/madeinzaragoza.es\/blog\/wp-content\/uploads\/2024\/11\/Laura-Guarnieri-Luz-y-oscuridad-Blogssipgirl-211124-3.jpg 1808w\" sizes=\"(max-width: 709px) 85vw, (max-width: 909px) 67vw, (max-width: 1362px) 62vw, 840px\" \/><\/figure>\n\n\n\n<p><\/p>\n\n\n\n<p><strong>Tu arte refleja una b\u00fasqueda constante de la perfecci\u00f3n. A trav\u00e9s de la cuarta dimensi\u00f3n en la escultura consigues crear una relaci\u00f3n desafiante entre el intraespacialismo y la exploraci\u00f3n de la luz interior de las esculturas. Tus obras nos brindan la oportunidad de vivirlas, gracias a esta cuarta dimensi\u00f3n que nos envuelve para sentir una experiencia inmersiva. \u00bfC\u00f3mo lo logras?<\/strong> <\/p>\n\n\n\n<p>La integraci\u00f3n de tecnolog\u00edas como la realidad virtual (VR) y la realidad aumentada (AR) en mis obras posiciona mi pr\u00e1ctica dentro de una corriente contempor\u00e1nea que va m\u00e1s all\u00e1 de lo f\u00edsico para explorar dimensiones inmersivas y sensoriales. Este enfoque es especialmente relevante si lo vinculamos al concepto de espacialismo extendido, porque ampl\u00eda los principios de Lucio Fontana al incorporar no solo el espacio f\u00edsico sino tambi\u00e9n el digital y experiencial. <\/p>\n\n\n\n<p><br>La <strong>VR<\/strong> permite a tus obras trascender los l\u00edmites materiales, ofreciendo al espectador la posibilidad<br>de sumergirse en ellas. M\u00e1s que mirar la escultura desde el exterior, ahora pueden \u00abentrar\u00bb en ella, recorrer sus formas y experimentar el vac\u00edo y el espacio desde dentro. Este proceso no solo transforma la relaci\u00f3n entre la obra y el espectador, sino que tambi\u00e9n desaf\u00eda la noci\u00f3n tradicional de escultura al incluir el movimiento, el tiempo y la interacci\u00f3n como componentes esenciales. <\/p>\n\n\n\n<p>Incorporar <strong>AR<\/strong> en uno de mis cuadros agrega una capa interactiva que conecta lo tradicional con lo contempor\u00e1neo. A trav\u00e9s de un dispositivo (como un m\u00f3vil o tablet), el espectador puede descubrir elementos ocultos, animaciones, o dimensiones narrativas adicionales que enriquecen su comprensi\u00f3n de la obra. <\/p>\n\n\n\n<p>Tanto el VR como el AR no son s\u00f3lo herramientas t\u00e9cnicas, sino extensiones de mi filosof\u00eda creativa. Permiten explorar temas como la espiritualidad, la introspecci\u00f3n y la relaci\u00f3n entre la materia y el vac\u00edo de maneras profundamente innovadoras. En VR, el espectador puede experimentar una \u00abinmersi\u00f3n espiritual\u00bb al enfrentarse con paisajes interiores creados en mis esculturas, mientras que el AR ofrece un \u00abportal\u00bb entre el mundo f\u00edsico y lo intangible, una met\u00e1fora de la conexi\u00f3n entre lo visible y lo espiritual.<\/p>\n\n\n\n<p><\/p>\n\n\n\n<figure class=\"wp-block-gallery has-nested-images columns-default is-cropped wp-block-gallery-1 is-layout-flex wp-block-gallery-is-layout-flex\">\n<figure class=\"wp-block-image size-large\"><img loading=\"lazy\" decoding=\"async\" width=\"1024\" height=\"744\" data-id=\"42853\" src=\"https:\/\/madeinzaragoza.es\/blog\/wp-content\/uploads\/2024\/11\/Laura-Guarnieri-Luz-y-oscuridad-Blogssipgirl-211124-19-1024x744.jpg\" alt=\"\" class=\"wp-image-42853\" srcset=\"https:\/\/madeinzaragoza.es\/blog\/wp-content\/uploads\/2024\/11\/Laura-Guarnieri-Luz-y-oscuridad-Blogssipgirl-211124-19-1024x744.jpg 1024w, https:\/\/madeinzaragoza.es\/blog\/wp-content\/uploads\/2024\/11\/Laura-Guarnieri-Luz-y-oscuridad-Blogssipgirl-211124-19-450x327.jpg 450w, https:\/\/madeinzaragoza.es\/blog\/wp-content\/uploads\/2024\/11\/Laura-Guarnieri-Luz-y-oscuridad-Blogssipgirl-211124-19-768x558.jpg 768w, https:\/\/madeinzaragoza.es\/blog\/wp-content\/uploads\/2024\/11\/Laura-Guarnieri-Luz-y-oscuridad-Blogssipgirl-211124-19-1536x1116.jpg 1536w, https:\/\/madeinzaragoza.es\/blog\/wp-content\/uploads\/2024\/11\/Laura-Guarnieri-Luz-y-oscuridad-Blogssipgirl-211124-19-1200x872.jpg 1200w, https:\/\/madeinzaragoza.es\/blog\/wp-content\/uploads\/2024\/11\/Laura-Guarnieri-Luz-y-oscuridad-Blogssipgirl-211124-19.jpg 1943w\" sizes=\"(max-width: 709px) 85vw, (max-width: 909px) 67vw, (max-width: 1362px) 62vw, 840px\" \/><\/figure>\n\n\n\n<figure class=\"wp-block-image size-large\"><img loading=\"lazy\" decoding=\"async\" width=\"1024\" height=\"701\" data-id=\"42852\" src=\"https:\/\/madeinzaragoza.es\/blog\/wp-content\/uploads\/2024\/11\/Laura-Guarnieri-Luz-y-oscuridad-Blogssipgirl-211124-24-1024x701.jpg\" alt=\"\" class=\"wp-image-42852\" srcset=\"https:\/\/madeinzaragoza.es\/blog\/wp-content\/uploads\/2024\/11\/Laura-Guarnieri-Luz-y-oscuridad-Blogssipgirl-211124-24-1024x701.jpg 1024w, https:\/\/madeinzaragoza.es\/blog\/wp-content\/uploads\/2024\/11\/Laura-Guarnieri-Luz-y-oscuridad-Blogssipgirl-211124-24-450x308.jpg 450w, https:\/\/madeinzaragoza.es\/blog\/wp-content\/uploads\/2024\/11\/Laura-Guarnieri-Luz-y-oscuridad-Blogssipgirl-211124-24-768x526.jpg 768w, https:\/\/madeinzaragoza.es\/blog\/wp-content\/uploads\/2024\/11\/Laura-Guarnieri-Luz-y-oscuridad-Blogssipgirl-211124-24-1536x1052.jpg 1536w, https:\/\/madeinzaragoza.es\/blog\/wp-content\/uploads\/2024\/11\/Laura-Guarnieri-Luz-y-oscuridad-Blogssipgirl-211124-24-1200x822.jpg 1200w, https:\/\/madeinzaragoza.es\/blog\/wp-content\/uploads\/2024\/11\/Laura-Guarnieri-Luz-y-oscuridad-Blogssipgirl-211124-24.jpg 1835w\" sizes=\"(max-width: 709px) 85vw, (max-width: 909px) 67vw, (max-width: 1362px) 62vw, 840px\" \/><\/figure>\n<\/figure>\n\n\n\n<p><\/p>\n\n\n\n<p><\/p>\n\n\n\n<p><strong>\u00bfC\u00f3mo definir\u00edas el estilo Laura Guarnieri?<\/strong> <\/p>\n\n\n\n<p>Es un estilo que combina la fluidez de las formas con la profundidad emocional. Mis esculturas est\u00e1n dise\u00f1adas para parecer ligeras, en movimiento, y a la vez invitan a la introspecci\u00f3n. Trabajo con el espacio como un componente m\u00e1s, donde los vac\u00edos y las sombras tambi\u00e9n cuentan historias. <\/p>\n\n\n\n<p>A nivel personal soy una persona muy sencilla, me ilusiona pensar en la posibilidad de mudarme y vivir en un pueblo en los Pirineos, me relaja muy especialmente el bosque, el contacto con la naturaleza.<\/p>\n\n\n\n<p><\/p>\n\n\n\n<figure class=\"wp-block-image size-large\"><img loading=\"lazy\" decoding=\"async\" width=\"1024\" height=\"770\" src=\"https:\/\/madeinzaragoza.es\/blog\/wp-content\/uploads\/2024\/11\/Laura-Guarnieri-Luz-y-oscuridad-Blogssipgirl-211124-25-1024x770.jpg\" alt=\"\" class=\"wp-image-42856\" srcset=\"https:\/\/madeinzaragoza.es\/blog\/wp-content\/uploads\/2024\/11\/Laura-Guarnieri-Luz-y-oscuridad-Blogssipgirl-211124-25-1024x770.jpg 1024w, https:\/\/madeinzaragoza.es\/blog\/wp-content\/uploads\/2024\/11\/Laura-Guarnieri-Luz-y-oscuridad-Blogssipgirl-211124-25-450x338.jpg 450w, https:\/\/madeinzaragoza.es\/blog\/wp-content\/uploads\/2024\/11\/Laura-Guarnieri-Luz-y-oscuridad-Blogssipgirl-211124-25-768x577.jpg 768w, https:\/\/madeinzaragoza.es\/blog\/wp-content\/uploads\/2024\/11\/Laura-Guarnieri-Luz-y-oscuridad-Blogssipgirl-211124-25-1536x1155.jpg 1536w, https:\/\/madeinzaragoza.es\/blog\/wp-content\/uploads\/2024\/11\/Laura-Guarnieri-Luz-y-oscuridad-Blogssipgirl-211124-25-1200x902.jpg 1200w, https:\/\/madeinzaragoza.es\/blog\/wp-content\/uploads\/2024\/11\/Laura-Guarnieri-Luz-y-oscuridad-Blogssipgirl-211124-25.jpg 1838w\" sizes=\"(max-width: 709px) 85vw, (max-width: 909px) 67vw, (max-width: 1362px) 62vw, 840px\" \/><\/figure>\n\n\n\n<p><\/p>\n\n\n\n<p><strong>\u00bfQu\u00e9 t\u00e9cnicas y materiales utilizas en tus creaciones?<\/strong> <\/p>\n\n\n\n<p>Desde 2017, trabajo principalmente con alambre recocido negro, utilizando t\u00e9cnicas de dibujo en el aire para crear esculturas que exploran el vac\u00edo y la luz. Tambi\u00e9n utilizo mallas met\u00e1licas y acero inoxidable para aportar textura y profundidad. La tecnolog\u00eda, como la realidad virtual, se suma como una herramienta creativa para el dise\u00f1o y la interacci\u00f3n. En el a\u00f1o 2024 incorporo tecnolog\u00eda de VR .<\/p>\n\n\n\n<p><\/p>\n\n\n\n<figure class=\"wp-block-image size-large\"><img loading=\"lazy\" decoding=\"async\" width=\"1024\" height=\"678\" src=\"https:\/\/madeinzaragoza.es\/blog\/wp-content\/uploads\/2024\/11\/Laura-Guarnieri-Luz-y-oscuridad-Blogssipgirl-211124-13-1024x678.jpg\" alt=\"\" class=\"wp-image-42867\" srcset=\"https:\/\/madeinzaragoza.es\/blog\/wp-content\/uploads\/2024\/11\/Laura-Guarnieri-Luz-y-oscuridad-Blogssipgirl-211124-13-1024x678.jpg 1024w, https:\/\/madeinzaragoza.es\/blog\/wp-content\/uploads\/2024\/11\/Laura-Guarnieri-Luz-y-oscuridad-Blogssipgirl-211124-13-450x298.jpg 450w, https:\/\/madeinzaragoza.es\/blog\/wp-content\/uploads\/2024\/11\/Laura-Guarnieri-Luz-y-oscuridad-Blogssipgirl-211124-13-768x509.jpg 768w, https:\/\/madeinzaragoza.es\/blog\/wp-content\/uploads\/2024\/11\/Laura-Guarnieri-Luz-y-oscuridad-Blogssipgirl-211124-13-1536x1017.jpg 1536w, https:\/\/madeinzaragoza.es\/blog\/wp-content\/uploads\/2024\/11\/Laura-Guarnieri-Luz-y-oscuridad-Blogssipgirl-211124-13-1200x795.jpg 1200w, https:\/\/madeinzaragoza.es\/blog\/wp-content\/uploads\/2024\/11\/Laura-Guarnieri-Luz-y-oscuridad-Blogssipgirl-211124-13.jpg 1945w\" sizes=\"(max-width: 709px) 85vw, (max-width: 909px) 67vw, (max-width: 1362px) 62vw, 840px\" \/><\/figure>\n\n\n\n<p><\/p>\n\n\n\n<p><strong>\u00bfQu\u00e9 buscas transmitir con tus obras?<\/strong> <\/p>\n\n\n\n<p>Quiero transmitir una <strong>experiencia introspectiva que conecte al espectador con su dualidad interna<\/strong>, explorando temas como la soledad, la espiritualidad y el equilibrio entre luz y oscuridad. Mis esculturas son espacios para reflexionar y reconectar con lo esencial.<br><\/p>\n\n\n\n<p><strong>\u00bfEn qu\u00e9 te inspiras a la hora de crear?<\/strong> <\/p>\n\n\n\n<p>Mi inspiraci\u00f3n viene de la naturaleza, las emociones humanas y los conceptos filos\u00f3ficos. Tambi\u00e9n me inspiran mis propias vivencias, especialmente aquellas que me han enfrentado con lo desconocido o lo espiritual.<\/p>\n\n\n\n<p><\/p>\n\n\n\n<figure class=\"wp-block-image size-large\"><img loading=\"lazy\" decoding=\"async\" width=\"1024\" height=\"381\" src=\"https:\/\/madeinzaragoza.es\/blog\/wp-content\/uploads\/2024\/11\/Laura-Guarnieri-Luz-y-oscuridad-Blogssipgirl-211124-4-1024x381.jpg\" alt=\"\" class=\"wp-image-42857\" srcset=\"https:\/\/madeinzaragoza.es\/blog\/wp-content\/uploads\/2024\/11\/Laura-Guarnieri-Luz-y-oscuridad-Blogssipgirl-211124-4-1024x381.jpg 1024w, https:\/\/madeinzaragoza.es\/blog\/wp-content\/uploads\/2024\/11\/Laura-Guarnieri-Luz-y-oscuridad-Blogssipgirl-211124-4-450x167.jpg 450w, https:\/\/madeinzaragoza.es\/blog\/wp-content\/uploads\/2024\/11\/Laura-Guarnieri-Luz-y-oscuridad-Blogssipgirl-211124-4-768x286.jpg 768w, https:\/\/madeinzaragoza.es\/blog\/wp-content\/uploads\/2024\/11\/Laura-Guarnieri-Luz-y-oscuridad-Blogssipgirl-211124-4-1536x571.jpg 1536w, https:\/\/madeinzaragoza.es\/blog\/wp-content\/uploads\/2024\/11\/Laura-Guarnieri-Luz-y-oscuridad-Blogssipgirl-211124-4-1200x446.jpg 1200w, https:\/\/madeinzaragoza.es\/blog\/wp-content\/uploads\/2024\/11\/Laura-Guarnieri-Luz-y-oscuridad-Blogssipgirl-211124-4.jpg 2000w\" sizes=\"(max-width: 709px) 85vw, (max-width: 909px) 67vw, (max-width: 1362px) 62vw, 840px\" \/><\/figure>\n\n\n\n<p><br><strong>Tus creaciones son \u00fanicas y exclusivas. \u00bfC\u00f3mo trabajas? \u00bfCon piezas ya listas para adquirir seg\u00fan tu mente va creando? \u00bfEs posible hacer encargos personalizados?<\/strong> <\/p>\n\n\n\n<p>Con <strong>YoToY<\/strong> trabajo siempre en piezas personalizadas, modelando de forma artesanal cada Figura, s\u00f3lo necesito fotos de los detalles a reproducir. En este caso solo trabajo por encargo. En cambio, las <strong>esculturas y pinturas<\/strong> son el resultado de un trabajo interior y muy personal, no realizo encargos, trabajo en piezas \u00fanicas que pertenecen a una serie numerada.<\/p>\n\n\n\n<p><\/p>\n\n\n\n<figure class=\"wp-block-gallery has-nested-images columns-default is-cropped wp-block-gallery-2 is-layout-flex wp-block-gallery-is-layout-flex\">\n<figure class=\"wp-block-image size-large\"><img loading=\"lazy\" decoding=\"async\" width=\"540\" height=\"540\" data-id=\"42878\" src=\"https:\/\/madeinzaragoza.es\/blog\/wp-content\/uploads\/2024\/11\/1-3.jpg\" alt=\"\" class=\"wp-image-42878\" srcset=\"https:\/\/madeinzaragoza.es\/blog\/wp-content\/uploads\/2024\/11\/1-3.jpg 540w, https:\/\/madeinzaragoza.es\/blog\/wp-content\/uploads\/2024\/11\/1-3-450x450.jpg 450w, https:\/\/madeinzaragoza.es\/blog\/wp-content\/uploads\/2024\/11\/1-3-150x150.jpg 150w, https:\/\/madeinzaragoza.es\/blog\/wp-content\/uploads\/2024\/11\/1-3-120x120.jpg 120w\" sizes=\"(max-width: 540px) 85vw, 540px\" \/><\/figure>\n\n\n\n<figure class=\"wp-block-image size-large\"><img loading=\"lazy\" decoding=\"async\" width=\"563\" height=\"563\" data-id=\"42880\" src=\"https:\/\/madeinzaragoza.es\/blog\/wp-content\/uploads\/2024\/11\/2-2.jpg\" alt=\"\" class=\"wp-image-42880\" srcset=\"https:\/\/madeinzaragoza.es\/blog\/wp-content\/uploads\/2024\/11\/2-2.jpg 563w, https:\/\/madeinzaragoza.es\/blog\/wp-content\/uploads\/2024\/11\/2-2-450x450.jpg 450w, https:\/\/madeinzaragoza.es\/blog\/wp-content\/uploads\/2024\/11\/2-2-150x150.jpg 150w, https:\/\/madeinzaragoza.es\/blog\/wp-content\/uploads\/2024\/11\/2-2-120x120.jpg 120w\" sizes=\"(max-width: 563px) 85vw, 563px\" \/><\/figure>\n\n\n\n<figure class=\"wp-block-image size-large\"><img loading=\"lazy\" decoding=\"async\" width=\"563\" height=\"563\" data-id=\"42879\" src=\"https:\/\/madeinzaragoza.es\/blog\/wp-content\/uploads\/2024\/11\/5-1.jpg\" alt=\"\" class=\"wp-image-42879\" srcset=\"https:\/\/madeinzaragoza.es\/blog\/wp-content\/uploads\/2024\/11\/5-1.jpg 563w, https:\/\/madeinzaragoza.es\/blog\/wp-content\/uploads\/2024\/11\/5-1-450x450.jpg 450w, https:\/\/madeinzaragoza.es\/blog\/wp-content\/uploads\/2024\/11\/5-1-150x150.jpg 150w, https:\/\/madeinzaragoza.es\/blog\/wp-content\/uploads\/2024\/11\/5-1-120x120.jpg 120w\" sizes=\"(max-width: 563px) 85vw, 563px\" \/><\/figure>\n\n\n\n<figure class=\"wp-block-image size-large\"><img loading=\"lazy\" decoding=\"async\" width=\"768\" height=\"1024\" data-id=\"42881\" src=\"https:\/\/madeinzaragoza.es\/blog\/wp-content\/uploads\/2024\/11\/6-768x1024.jpg\" alt=\"\" class=\"wp-image-42881\" srcset=\"https:\/\/madeinzaragoza.es\/blog\/wp-content\/uploads\/2024\/11\/6-768x1024.jpg 768w, https:\/\/madeinzaragoza.es\/blog\/wp-content\/uploads\/2024\/11\/6-338x450.jpg 338w, https:\/\/madeinzaragoza.es\/blog\/wp-content\/uploads\/2024\/11\/6-1152x1536.jpg 1152w, https:\/\/madeinzaragoza.es\/blog\/wp-content\/uploads\/2024\/11\/6.jpg 1200w\" sizes=\"(max-width: 709px) 85vw, (max-width: 909px) 67vw, (max-width: 984px) 61vw, (max-width: 1362px) 45vw, 600px\" \/><\/figure>\n\n\n\n<figure class=\"wp-block-image size-large\"><img loading=\"lazy\" decoding=\"async\" width=\"1024\" height=\"1024\" data-id=\"42882\" src=\"https:\/\/madeinzaragoza.es\/blog\/wp-content\/uploads\/2024\/11\/7-1024x1024.jpg\" alt=\"\" class=\"wp-image-42882\" srcset=\"https:\/\/madeinzaragoza.es\/blog\/wp-content\/uploads\/2024\/11\/7-1024x1024.jpg 1024w, https:\/\/madeinzaragoza.es\/blog\/wp-content\/uploads\/2024\/11\/7-450x450.jpg 450w, https:\/\/madeinzaragoza.es\/blog\/wp-content\/uploads\/2024\/11\/7-150x150.jpg 150w, https:\/\/madeinzaragoza.es\/blog\/wp-content\/uploads\/2024\/11\/7-768x768.jpg 768w, https:\/\/madeinzaragoza.es\/blog\/wp-content\/uploads\/2024\/11\/7-1536x1536.jpg 1536w, https:\/\/madeinzaragoza.es\/blog\/wp-content\/uploads\/2024\/11\/7-1200x1200.jpg 1200w, https:\/\/madeinzaragoza.es\/blog\/wp-content\/uploads\/2024\/11\/7-120x120.jpg 120w, https:\/\/madeinzaragoza.es\/blog\/wp-content\/uploads\/2024\/11\/7.jpg 1600w\" sizes=\"(max-width: 709px) 85vw, (max-width: 909px) 67vw, (max-width: 1362px) 62vw, 840px\" \/><\/figure>\n<\/figure>\n\n\n\n<p><\/p>\n\n\n\n<p><strong>Actualmente y hasta el 28 de noviembre, podemos contemplar tus obras en la exposici\u00f3n <a href=\"https:\/\/www.aapga.es\/evento.asp?idevento=483\">\u00abLuz &amp; Oscuridad\u00bb<\/a>, en la <a href=\"https:\/\/www.aapga.es\/index.asp\">Sala Asociaci\u00f3n De Artistas Pl\u00e1sticos De Goya<\/a>, en Avda. Goya 87-89, Zaragoza. \u00bfQu\u00e9 vamos a encontrar en esta muestra?<\/strong> <\/p>\n\n\n\n<p>En <strong>\u00abLuz &amp; Oscuridad\u00bb <\/strong>encontrar\u00e1n esculturas y pintura espacialista que exploran la interacci\u00f3n entre lo tangible y lo intangible, el vac\u00edo y la materia. La exposici\u00f3n propone un viaje introspectivo a trav\u00e9s de piezas que dialogan con la luz y la sombra, acompa\u00f1adas de experiencias inmersivas en realidad virtual.<\/p>\n\n\n\n<p><\/p>\n\n\n\n<figure class=\"wp-block-gallery has-nested-images columns-default is-cropped wp-block-gallery-3 is-layout-flex wp-block-gallery-is-layout-flex\">\n<figure class=\"wp-block-image size-large\"><img loading=\"lazy\" decoding=\"async\" width=\"1024\" height=\"766\" data-id=\"42861\" src=\"https:\/\/madeinzaragoza.es\/blog\/wp-content\/uploads\/2024\/11\/Laura-Guarnieri-Luz-y-oscuridad-Blogssipgirl-211124-2-1024x766.jpg\" alt=\"\" class=\"wp-image-42861\" srcset=\"https:\/\/madeinzaragoza.es\/blog\/wp-content\/uploads\/2024\/11\/Laura-Guarnieri-Luz-y-oscuridad-Blogssipgirl-211124-2-1024x766.jpg 1024w, https:\/\/madeinzaragoza.es\/blog\/wp-content\/uploads\/2024\/11\/Laura-Guarnieri-Luz-y-oscuridad-Blogssipgirl-211124-2-450x337.jpg 450w, https:\/\/madeinzaragoza.es\/blog\/wp-content\/uploads\/2024\/11\/Laura-Guarnieri-Luz-y-oscuridad-Blogssipgirl-211124-2-768x574.jpg 768w, https:\/\/madeinzaragoza.es\/blog\/wp-content\/uploads\/2024\/11\/Laura-Guarnieri-Luz-y-oscuridad-Blogssipgirl-211124-2-1536x1149.jpg 1536w, https:\/\/madeinzaragoza.es\/blog\/wp-content\/uploads\/2024\/11\/Laura-Guarnieri-Luz-y-oscuridad-Blogssipgirl-211124-2-1200x898.jpg 1200w, https:\/\/madeinzaragoza.es\/blog\/wp-content\/uploads\/2024\/11\/Laura-Guarnieri-Luz-y-oscuridad-Blogssipgirl-211124-2.jpg 2000w\" sizes=\"(max-width: 709px) 85vw, (max-width: 909px) 67vw, (max-width: 1362px) 62vw, 840px\" \/><\/figure>\n\n\n\n<figure class=\"wp-block-image size-large\"><img loading=\"lazy\" decoding=\"async\" width=\"1024\" height=\"693\" data-id=\"42864\" src=\"https:\/\/madeinzaragoza.es\/blog\/wp-content\/uploads\/2024\/11\/Laura-Guarnieri-Luz-y-oscuridad-Blogssipgirl-211124-5-1024x693.jpg\" alt=\"\" class=\"wp-image-42864\" srcset=\"https:\/\/madeinzaragoza.es\/blog\/wp-content\/uploads\/2024\/11\/Laura-Guarnieri-Luz-y-oscuridad-Blogssipgirl-211124-5-1024x693.jpg 1024w, https:\/\/madeinzaragoza.es\/blog\/wp-content\/uploads\/2024\/11\/Laura-Guarnieri-Luz-y-oscuridad-Blogssipgirl-211124-5-450x305.jpg 450w, https:\/\/madeinzaragoza.es\/blog\/wp-content\/uploads\/2024\/11\/Laura-Guarnieri-Luz-y-oscuridad-Blogssipgirl-211124-5-768x520.jpg 768w, https:\/\/madeinzaragoza.es\/blog\/wp-content\/uploads\/2024\/11\/Laura-Guarnieri-Luz-y-oscuridad-Blogssipgirl-211124-5-1536x1040.jpg 1536w, https:\/\/madeinzaragoza.es\/blog\/wp-content\/uploads\/2024\/11\/Laura-Guarnieri-Luz-y-oscuridad-Blogssipgirl-211124-5-1200x813.jpg 1200w, https:\/\/madeinzaragoza.es\/blog\/wp-content\/uploads\/2024\/11\/Laura-Guarnieri-Luz-y-oscuridad-Blogssipgirl-211124-5.jpg 1951w\" sizes=\"(max-width: 709px) 85vw, (max-width: 909px) 67vw, (max-width: 1362px) 62vw, 840px\" \/><\/figure>\n\n\n\n<figure class=\"wp-block-image size-large\"><img loading=\"lazy\" decoding=\"async\" width=\"1024\" height=\"729\" data-id=\"42858\" src=\"https:\/\/madeinzaragoza.es\/blog\/wp-content\/uploads\/2024\/11\/Laura-Guarnieri-Luz-y-oscuridad-Blogssipgirl-211124-7-1-1024x729.jpg\" alt=\"\" class=\"wp-image-42858\" srcset=\"https:\/\/madeinzaragoza.es\/blog\/wp-content\/uploads\/2024\/11\/Laura-Guarnieri-Luz-y-oscuridad-Blogssipgirl-211124-7-1-1024x729.jpg 1024w, https:\/\/madeinzaragoza.es\/blog\/wp-content\/uploads\/2024\/11\/Laura-Guarnieri-Luz-y-oscuridad-Blogssipgirl-211124-7-1-450x320.jpg 450w, https:\/\/madeinzaragoza.es\/blog\/wp-content\/uploads\/2024\/11\/Laura-Guarnieri-Luz-y-oscuridad-Blogssipgirl-211124-7-1-768x547.jpg 768w, https:\/\/madeinzaragoza.es\/blog\/wp-content\/uploads\/2024\/11\/Laura-Guarnieri-Luz-y-oscuridad-Blogssipgirl-211124-7-1-1536x1094.jpg 1536w, https:\/\/madeinzaragoza.es\/blog\/wp-content\/uploads\/2024\/11\/Laura-Guarnieri-Luz-y-oscuridad-Blogssipgirl-211124-7-1-1200x854.jpg 1200w, https:\/\/madeinzaragoza.es\/blog\/wp-content\/uploads\/2024\/11\/Laura-Guarnieri-Luz-y-oscuridad-Blogssipgirl-211124-7-1.jpg 1924w\" sizes=\"(max-width: 709px) 85vw, (max-width: 909px) 67vw, (max-width: 1362px) 62vw, 840px\" \/><\/figure>\n\n\n\n<figure class=\"wp-block-image size-large\"><img loading=\"lazy\" decoding=\"async\" width=\"1024\" height=\"889\" data-id=\"42860\" src=\"https:\/\/madeinzaragoza.es\/blog\/wp-content\/uploads\/2024\/11\/Laura-Guarnieri-Luz-y-oscuridad-Blogssipgirl-211124-8-1024x889.jpg\" alt=\"\" class=\"wp-image-42860\" srcset=\"https:\/\/madeinzaragoza.es\/blog\/wp-content\/uploads\/2024\/11\/Laura-Guarnieri-Luz-y-oscuridad-Blogssipgirl-211124-8-1024x889.jpg 1024w, https:\/\/madeinzaragoza.es\/blog\/wp-content\/uploads\/2024\/11\/Laura-Guarnieri-Luz-y-oscuridad-Blogssipgirl-211124-8-450x391.jpg 450w, https:\/\/madeinzaragoza.es\/blog\/wp-content\/uploads\/2024\/11\/Laura-Guarnieri-Luz-y-oscuridad-Blogssipgirl-211124-8-768x667.jpg 768w, https:\/\/madeinzaragoza.es\/blog\/wp-content\/uploads\/2024\/11\/Laura-Guarnieri-Luz-y-oscuridad-Blogssipgirl-211124-8-1536x1333.jpg 1536w, https:\/\/madeinzaragoza.es\/blog\/wp-content\/uploads\/2024\/11\/Laura-Guarnieri-Luz-y-oscuridad-Blogssipgirl-211124-8-1200x1042.jpg 1200w, https:\/\/madeinzaragoza.es\/blog\/wp-content\/uploads\/2024\/11\/Laura-Guarnieri-Luz-y-oscuridad-Blogssipgirl-211124-8.jpg 1666w\" sizes=\"(max-width: 709px) 85vw, (max-width: 909px) 67vw, (max-width: 1362px) 62vw, 840px\" \/><\/figure>\n\n\n\n<figure class=\"wp-block-image size-large\"><img loading=\"lazy\" decoding=\"async\" width=\"1024\" height=\"801\" data-id=\"42863\" src=\"https:\/\/madeinzaragoza.es\/blog\/wp-content\/uploads\/2024\/11\/Laura-Guarnieri-Luz-y-oscuridad-Blogssipgirl-211124-12-1024x801.jpg\" alt=\"\" class=\"wp-image-42863\" srcset=\"https:\/\/madeinzaragoza.es\/blog\/wp-content\/uploads\/2024\/11\/Laura-Guarnieri-Luz-y-oscuridad-Blogssipgirl-211124-12-1024x801.jpg 1024w, https:\/\/madeinzaragoza.es\/blog\/wp-content\/uploads\/2024\/11\/Laura-Guarnieri-Luz-y-oscuridad-Blogssipgirl-211124-12-450x352.jpg 450w, https:\/\/madeinzaragoza.es\/blog\/wp-content\/uploads\/2024\/11\/Laura-Guarnieri-Luz-y-oscuridad-Blogssipgirl-211124-12-768x601.jpg 768w, https:\/\/madeinzaragoza.es\/blog\/wp-content\/uploads\/2024\/11\/Laura-Guarnieri-Luz-y-oscuridad-Blogssipgirl-211124-12-1536x1202.jpg 1536w, https:\/\/madeinzaragoza.es\/blog\/wp-content\/uploads\/2024\/11\/Laura-Guarnieri-Luz-y-oscuridad-Blogssipgirl-211124-12-1200x939.jpg 1200w, https:\/\/madeinzaragoza.es\/blog\/wp-content\/uploads\/2024\/11\/Laura-Guarnieri-Luz-y-oscuridad-Blogssipgirl-211124-12.jpg 1755w\" sizes=\"(max-width: 709px) 85vw, (max-width: 909px) 67vw, (max-width: 1362px) 62vw, 840px\" \/><\/figure>\n\n\n\n<figure class=\"wp-block-image size-large\"><img loading=\"lazy\" decoding=\"async\" width=\"1024\" height=\"811\" data-id=\"42865\" src=\"https:\/\/madeinzaragoza.es\/blog\/wp-content\/uploads\/2024\/11\/Laura-Guarnieri-Luz-y-oscuridad-Blogssipgirl-211124-18-1024x811.jpg\" alt=\"\" class=\"wp-image-42865\" srcset=\"https:\/\/madeinzaragoza.es\/blog\/wp-content\/uploads\/2024\/11\/Laura-Guarnieri-Luz-y-oscuridad-Blogssipgirl-211124-18-1024x811.jpg 1024w, https:\/\/madeinzaragoza.es\/blog\/wp-content\/uploads\/2024\/11\/Laura-Guarnieri-Luz-y-oscuridad-Blogssipgirl-211124-18-450x356.jpg 450w, https:\/\/madeinzaragoza.es\/blog\/wp-content\/uploads\/2024\/11\/Laura-Guarnieri-Luz-y-oscuridad-Blogssipgirl-211124-18-768x608.jpg 768w, https:\/\/madeinzaragoza.es\/blog\/wp-content\/uploads\/2024\/11\/Laura-Guarnieri-Luz-y-oscuridad-Blogssipgirl-211124-18-1536x1216.jpg 1536w, https:\/\/madeinzaragoza.es\/blog\/wp-content\/uploads\/2024\/11\/Laura-Guarnieri-Luz-y-oscuridad-Blogssipgirl-211124-18-1200x950.jpg 1200w, https:\/\/madeinzaragoza.es\/blog\/wp-content\/uploads\/2024\/11\/Laura-Guarnieri-Luz-y-oscuridad-Blogssipgirl-211124-18.jpg 1824w\" sizes=\"(max-width: 709px) 85vw, (max-width: 909px) 67vw, (max-width: 1362px) 62vw, 840px\" \/><\/figure>\n\n\n\n<figure class=\"wp-block-image size-large\"><img loading=\"lazy\" decoding=\"async\" width=\"1024\" height=\"977\" data-id=\"42862\" src=\"https:\/\/madeinzaragoza.es\/blog\/wp-content\/uploads\/2024\/11\/Laura-Guarnieri-Luz-y-oscuridad-Blogssipgirl-211124-22-1024x977.jpg\" alt=\"\" class=\"wp-image-42862\" srcset=\"https:\/\/madeinzaragoza.es\/blog\/wp-content\/uploads\/2024\/11\/Laura-Guarnieri-Luz-y-oscuridad-Blogssipgirl-211124-22-1024x977.jpg 1024w, https:\/\/madeinzaragoza.es\/blog\/wp-content\/uploads\/2024\/11\/Laura-Guarnieri-Luz-y-oscuridad-Blogssipgirl-211124-22-450x429.jpg 450w, https:\/\/madeinzaragoza.es\/blog\/wp-content\/uploads\/2024\/11\/Laura-Guarnieri-Luz-y-oscuridad-Blogssipgirl-211124-22-768x733.jpg 768w, https:\/\/madeinzaragoza.es\/blog\/wp-content\/uploads\/2024\/11\/Laura-Guarnieri-Luz-y-oscuridad-Blogssipgirl-211124-22-1200x1145.jpg 1200w, https:\/\/madeinzaragoza.es\/blog\/wp-content\/uploads\/2024\/11\/Laura-Guarnieri-Luz-y-oscuridad-Blogssipgirl-211124-22.jpg 1519w\" sizes=\"(max-width: 709px) 85vw, (max-width: 909px) 67vw, (max-width: 1362px) 62vw, 840px\" \/><\/figure>\n\n\n\n<figure class=\"wp-block-image size-large\"><img loading=\"lazy\" decoding=\"async\" width=\"1024\" height=\"550\" data-id=\"42859\" src=\"https:\/\/madeinzaragoza.es\/blog\/wp-content\/uploads\/2024\/11\/Laura-Guarnieri-Luz-y-oscuridad-Blogssipgirl-211124-27-1024x550.jpg\" alt=\"\" class=\"wp-image-42859\" srcset=\"https:\/\/madeinzaragoza.es\/blog\/wp-content\/uploads\/2024\/11\/Laura-Guarnieri-Luz-y-oscuridad-Blogssipgirl-211124-27-1024x550.jpg 1024w, https:\/\/madeinzaragoza.es\/blog\/wp-content\/uploads\/2024\/11\/Laura-Guarnieri-Luz-y-oscuridad-Blogssipgirl-211124-27-450x242.jpg 450w, https:\/\/madeinzaragoza.es\/blog\/wp-content\/uploads\/2024\/11\/Laura-Guarnieri-Luz-y-oscuridad-Blogssipgirl-211124-27-768x412.jpg 768w, https:\/\/madeinzaragoza.es\/blog\/wp-content\/uploads\/2024\/11\/Laura-Guarnieri-Luz-y-oscuridad-Blogssipgirl-211124-27-1536x824.jpg 1536w, https:\/\/madeinzaragoza.es\/blog\/wp-content\/uploads\/2024\/11\/Laura-Guarnieri-Luz-y-oscuridad-Blogssipgirl-211124-27-1200x644.jpg 1200w, https:\/\/madeinzaragoza.es\/blog\/wp-content\/uploads\/2024\/11\/Laura-Guarnieri-Luz-y-oscuridad-Blogssipgirl-211124-27.jpg 1947w\" sizes=\"(max-width: 709px) 85vw, (max-width: 909px) 67vw, (max-width: 1362px) 62vw, 840px\" \/><\/figure>\n\n\n\n<figure class=\"wp-block-image size-large\"><img loading=\"lazy\" decoding=\"async\" width=\"1024\" height=\"788\" data-id=\"42866\" src=\"https:\/\/madeinzaragoza.es\/blog\/wp-content\/uploads\/2024\/11\/Laura-Guarnieri-Luz-y-oscuridad-Blogssipgirl-211124-28-1024x788.jpg\" alt=\"\" class=\"wp-image-42866\" srcset=\"https:\/\/madeinzaragoza.es\/blog\/wp-content\/uploads\/2024\/11\/Laura-Guarnieri-Luz-y-oscuridad-Blogssipgirl-211124-28-1024x788.jpg 1024w, https:\/\/madeinzaragoza.es\/blog\/wp-content\/uploads\/2024\/11\/Laura-Guarnieri-Luz-y-oscuridad-Blogssipgirl-211124-28-450x346.jpg 450w, https:\/\/madeinzaragoza.es\/blog\/wp-content\/uploads\/2024\/11\/Laura-Guarnieri-Luz-y-oscuridad-Blogssipgirl-211124-28-768x591.jpg 768w, https:\/\/madeinzaragoza.es\/blog\/wp-content\/uploads\/2024\/11\/Laura-Guarnieri-Luz-y-oscuridad-Blogssipgirl-211124-28-1536x1182.jpg 1536w, https:\/\/madeinzaragoza.es\/blog\/wp-content\/uploads\/2024\/11\/Laura-Guarnieri-Luz-y-oscuridad-Blogssipgirl-211124-28-1200x923.jpg 1200w, https:\/\/madeinzaragoza.es\/blog\/wp-content\/uploads\/2024\/11\/Laura-Guarnieri-Luz-y-oscuridad-Blogssipgirl-211124-28.jpg 1844w\" sizes=\"(max-width: 709px) 85vw, (max-width: 909px) 67vw, (max-width: 1362px) 62vw, 840px\" \/><\/figure>\n<\/figure>\n\n\n\n<p><\/p>\n\n\n\n<p><strong>\u00bfQu\u00e9 premios y reconocimientos has obtenido a lo largo de tu trayectoria profesional?<\/strong> <\/p>\n\n\n\n<p>Aunque he recibido reconocimientos por mi trabajo, mi mayor logro es la conexi\u00f3n que mis obras logran con quienes las contemplan. Es ah\u00ed donde encuentro la verdadera satisfacci\u00f3n.<\/p>\n\n\n\n<p><strong>M\u00e1s informaci\u00f3n:<\/strong> En su <strong><a href=\"https:\/\/lauraguarnieriarte.blogspot.com\/\">blog<\/a><\/strong>, en <strong><a href=\"https:\/\/www.instagram.com\/lauraguarnieri_arte\/\">Instagram<\/a><\/strong>, en <strong><a href=\"https:\/\/www.facebook.com\/laura.guarnieriguirado\/\">Facebook <\/a><\/strong>y por Whatsapp: +34 605480009<br><\/p>\n","protected":false},"excerpt":{"rendered":"<p>Espacios abiertos que se cierran creando un universo on\u00edrico, un viaje a otra dimensi\u00f3n. Laura Guarnieri es un argentina que dej\u00f3 su tierra para explorar sensaciones y emociones encerradas en su ser y que, con los a\u00f1os, han visto la luz.Dejar fluir experimentando con t\u00e9cnicas innovadoras y materiales ligeros y d\u00factiles, ha dado lugar a &hellip; <a href=\"https:\/\/madeinzaragoza.es\/blog\/luz-oscuridad-de-la-escultora-laura-guarnieri\/\" class=\"more-link\">Continuar leyendo<span class=\"screen-reader-text\"> \u00abLuz &amp; Oscuridad, de la escultora Laura Guarnieri. Una exposici\u00f3n que nos transporta a otra dimensi\u00f3n.\u00bb<\/span><\/a><\/p>\n","protected":false},"author":4,"featured_media":42848,"comment_status":"open","ping_status":"open","sticky":false,"template":"","format":"standard","meta":{"footnotes":""},"categories":[829,7],"tags":[2364,27,28,943,63,62,2506],"yoast_head":"<!-- This site is optimized with the Yoast SEO plugin v19.7.2 - https:\/\/yoast.com\/wordpress\/plugins\/seo\/ -->\n<title>Luz &amp; Oscuridad, de la escultora Laura Guarnieri. Una exposici\u00f3n que nos transporta a otra dimensi\u00f3n. - Made in Zaragoza<\/title>\n<meta name=\"description\" content=\"En la exposici\u00f3n Luz &amp; Oscuridad, que tiene lugar hasta el 28 de noviembre en la Sala Asociaci\u00f3n De Artistas Pl\u00e1sticos De Goya, Laura nos invita a adentrarnos en su fascinante mundo.\" \/>\n<meta name=\"robots\" content=\"index, follow, max-snippet:-1, max-image-preview:large, max-video-preview:-1\" \/>\n<link rel=\"canonical\" href=\"https:\/\/madeinzaragoza.es\/blog\/luz-oscuridad-de-la-escultora-laura-guarnieri\/\" \/>\n<meta property=\"og:locale\" content=\"es_ES\" \/>\n<meta property=\"og:type\" content=\"article\" \/>\n<meta property=\"og:title\" content=\"Luz &amp; Oscuridad, de la escultora Laura Guarnieri. Una exposici\u00f3n que nos transporta a otra dimensi\u00f3n. - Made in Zaragoza\" \/>\n<meta property=\"og:description\" content=\"En la exposici\u00f3n Luz &amp; Oscuridad, que tiene lugar hasta el 28 de noviembre en la Sala Asociaci\u00f3n De Artistas Pl\u00e1sticos De Goya, Laura nos invita a adentrarnos en su fascinante mundo.\" \/>\n<meta property=\"og:url\" content=\"https:\/\/madeinzaragoza.es\/blog\/luz-oscuridad-de-la-escultora-laura-guarnieri\/\" \/>\n<meta property=\"og:site_name\" content=\"Made in Zaragoza\" \/>\n<meta property=\"article:publisher\" content=\"https:\/\/www.facebook.com\/madeinzaragoza.es\/\" \/>\n<meta property=\"article:author\" content=\"blogssipgirl\/197083753685798\" \/>\n<meta property=\"article:published_time\" content=\"2024-11-25T08:00:10+00:00\" \/>\n<meta property=\"article:modified_time\" content=\"2024-11-25T08:07:09+00:00\" \/>\n<meta property=\"og:image\" content=\"https:\/\/madeinzaragoza.es\/blog\/wp-content\/uploads\/2024\/11\/Laura-Guarnieri-Luz-y-oscuridad-Blogssipgirl-211124-9.jpg\" \/>\n\t<meta property=\"og:image:width\" content=\"1951\" \/>\n\t<meta property=\"og:image:height\" content=\"1368\" \/>\n\t<meta property=\"og:image:type\" content=\"image\/jpeg\" \/>\n<meta name=\"author\" content=\"Blogssipgirl\" \/>\n<meta name=\"twitter:card\" content=\"summary\" \/>\n<meta name=\"twitter:creator\" content=\"@blogssipgirl1\" \/>\n<meta name=\"twitter:site\" content=\"@madeinzaragoza\" \/>\n<meta name=\"twitter:label1\" content=\"Escrito por\" \/>\n\t<meta name=\"twitter:data1\" content=\"Blogssipgirl\" \/>\n\t<meta name=\"twitter:label2\" content=\"Tiempo de lectura\" \/>\n\t<meta name=\"twitter:data2\" content=\"6 minutos\" \/>\n<script type=\"application\/ld+json\" class=\"yoast-schema-graph\">{\"@context\":\"https:\/\/schema.org\",\"@graph\":[{\"@type\":\"Article\",\"@id\":\"https:\/\/madeinzaragoza.es\/blog\/luz-oscuridad-de-la-escultora-laura-guarnieri\/#article\",\"isPartOf\":{\"@id\":\"https:\/\/madeinzaragoza.es\/blog\/luz-oscuridad-de-la-escultora-laura-guarnieri\/\"},\"author\":{\"name\":\"Blogssipgirl\",\"@id\":\"https:\/\/madeinzaragoza.es\/blog\/#\/schema\/person\/b6199e649857e868c4cf0717b007a717\"},\"headline\":\"Luz &amp; Oscuridad, de la escultora Laura Guarnieri. Una exposici\u00f3n que nos transporta a otra dimensi\u00f3n.\",\"datePublished\":\"2024-11-25T08:00:10+00:00\",\"dateModified\":\"2024-11-25T08:07:09+00:00\",\"mainEntityOfPage\":{\"@id\":\"https:\/\/madeinzaragoza.es\/blog\/luz-oscuridad-de-la-escultora-laura-guarnieri\/\"},\"wordCount\":1289,\"commentCount\":1,\"publisher\":{\"@id\":\"https:\/\/madeinzaragoza.es\/blog\/#organization\"},\"keywords\":[\"Arte\",\"Artistas de Zaragoza\",\"creatividad\",\"escultura\",\"exposicion\",\"Exposiciones\",\"mujeres artistas\"],\"articleSection\":[\"Cultura\",\"Qu\u00e9 hacer\"],\"inLanguage\":\"es\",\"potentialAction\":[{\"@type\":\"CommentAction\",\"name\":\"Comment\",\"target\":[\"https:\/\/madeinzaragoza.es\/blog\/luz-oscuridad-de-la-escultora-laura-guarnieri\/#respond\"]}]},{\"@type\":\"WebPage\",\"@id\":\"https:\/\/madeinzaragoza.es\/blog\/luz-oscuridad-de-la-escultora-laura-guarnieri\/\",\"url\":\"https:\/\/madeinzaragoza.es\/blog\/luz-oscuridad-de-la-escultora-laura-guarnieri\/\",\"name\":\"Luz &amp; Oscuridad, de la escultora Laura Guarnieri. Una exposici\u00f3n que nos transporta a otra dimensi\u00f3n. - Made in Zaragoza\",\"isPartOf\":{\"@id\":\"https:\/\/madeinzaragoza.es\/blog\/#website\"},\"datePublished\":\"2024-11-25T08:00:10+00:00\",\"dateModified\":\"2024-11-25T08:07:09+00:00\",\"description\":\"En la exposici\u00f3n Luz & Oscuridad, que tiene lugar hasta el 28 de noviembre en la Sala Asociaci\u00f3n De Artistas Pl\u00e1sticos De Goya, Laura nos invita a adentrarnos en su fascinante mundo.\",\"breadcrumb\":{\"@id\":\"https:\/\/madeinzaragoza.es\/blog\/luz-oscuridad-de-la-escultora-laura-guarnieri\/#breadcrumb\"},\"inLanguage\":\"es\",\"potentialAction\":[{\"@type\":\"ReadAction\",\"target\":[\"https:\/\/madeinzaragoza.es\/blog\/luz-oscuridad-de-la-escultora-laura-guarnieri\/\"]}]},{\"@type\":\"BreadcrumbList\",\"@id\":\"https:\/\/madeinzaragoza.es\/blog\/luz-oscuridad-de-la-escultora-laura-guarnieri\/#breadcrumb\",\"itemListElement\":[{\"@type\":\"ListItem\",\"position\":1,\"name\":\"Portada\",\"item\":\"https:\/\/madeinzaragoza.es\/blog\/\"},{\"@type\":\"ListItem\",\"position\":2,\"name\":\"Luz &amp; Oscuridad, de la escultora Laura Guarnieri. Una exposici\u00f3n que nos transporta a otra dimensi\u00f3n.\"}]},{\"@type\":\"WebSite\",\"@id\":\"https:\/\/madeinzaragoza.es\/blog\/#website\",\"url\":\"https:\/\/madeinzaragoza.es\/blog\/\",\"name\":\"Made in Zaragoza\",\"description\":\"Blog de MadeinZGZ, Red de Econom\u00eda Creativa de Zaragoza\",\"publisher\":{\"@id\":\"https:\/\/madeinzaragoza.es\/blog\/#organization\"},\"potentialAction\":[{\"@type\":\"SearchAction\",\"target\":{\"@type\":\"EntryPoint\",\"urlTemplate\":\"https:\/\/madeinzaragoza.es\/blog\/?s={search_term_string}\"},\"query-input\":\"required name=search_term_string\"}],\"inLanguage\":\"es\"},{\"@type\":\"Organization\",\"@id\":\"https:\/\/madeinzaragoza.es\/blog\/#organization\",\"name\":\"Made In Zaragoza\",\"url\":\"https:\/\/madeinzaragoza.es\/blog\/\",\"sameAs\":[\"https:\/\/www.instagram.com\/madeinzaragoza.es\/\",\"https:\/\/www.facebook.com\/madeinzaragoza.es\/\",\"https:\/\/twitter.com\/madeinzaragoza\"],\"logo\":{\"@type\":\"ImageObject\",\"inLanguage\":\"es\",\"@id\":\"https:\/\/madeinzaragoza.es\/blog\/#\/schema\/logo\/image\/\",\"url\":\"https:\/\/madeinzaragoza.es\/blog\/wp-content\/uploads\/2022\/05\/logo.png\",\"contentUrl\":\"https:\/\/madeinzaragoza.es\/blog\/wp-content\/uploads\/2022\/05\/logo.png\",\"width\":193,\"height\":176,\"caption\":\"Made In Zaragoza\"},\"image\":{\"@id\":\"https:\/\/madeinzaragoza.es\/blog\/#\/schema\/logo\/image\/\"}},{\"@type\":\"Person\",\"@id\":\"https:\/\/madeinzaragoza.es\/blog\/#\/schema\/person\/b6199e649857e868c4cf0717b007a717\",\"name\":\"Blogssipgirl\",\"image\":{\"@type\":\"ImageObject\",\"inLanguage\":\"es\",\"@id\":\"https:\/\/madeinzaragoza.es\/blog\/#\/schema\/person\/image\/\",\"url\":\"https:\/\/secure.gravatar.com\/avatar\/6171ea2cd2ec17b189583c580ab912a7?s=96&d=mm&r=g\",\"contentUrl\":\"https:\/\/secure.gravatar.com\/avatar\/6171ea2cd2ec17b189583c580ab912a7?s=96&d=mm&r=g\",\"caption\":\"Blogssipgirl\"},\"description\":\"Organizadora de eventos, editora de blogs y gestora de RRSS. Y como hobby, bloguera: Blogssipgirl es mi alterego... Me gusta moverme por las redes sociales y colaborar en miles de proyectos, no s\u00e9 estar quieta. Me apasiona la moda y el buen gusto, adoro los peque\u00f1os placeres como pasear y disfrutar de mi familia y amigos.\",\"sameAs\":[\"http:\/\/blogssipgirl.blogspot.com\",\"blogssipgirl\/197083753685798\",\"https:\/\/twitter.com\/blogssipgirl1\"],\"url\":\"https:\/\/madeinzaragoza.es\/blog\/author\/blogssipgirl\/\"}]}<\/script>\n<!-- \/ Yoast SEO plugin. -->","yoast_head_json":{"title":"Luz &amp; Oscuridad, de la escultora Laura Guarnieri. Una exposici\u00f3n que nos transporta a otra dimensi\u00f3n. - Made in Zaragoza","description":"En la exposici\u00f3n Luz & Oscuridad, que tiene lugar hasta el 28 de noviembre en la Sala Asociaci\u00f3n De Artistas Pl\u00e1sticos De Goya, Laura nos invita a adentrarnos en su fascinante mundo.","robots":{"index":"index","follow":"follow","max-snippet":"max-snippet:-1","max-image-preview":"max-image-preview:large","max-video-preview":"max-video-preview:-1"},"canonical":"https:\/\/madeinzaragoza.es\/blog\/luz-oscuridad-de-la-escultora-laura-guarnieri\/","og_locale":"es_ES","og_type":"article","og_title":"Luz &amp; Oscuridad, de la escultora Laura Guarnieri. Una exposici\u00f3n que nos transporta a otra dimensi\u00f3n. - Made in Zaragoza","og_description":"En la exposici\u00f3n Luz & Oscuridad, que tiene lugar hasta el 28 de noviembre en la Sala Asociaci\u00f3n De Artistas Pl\u00e1sticos De Goya, Laura nos invita a adentrarnos en su fascinante mundo.","og_url":"https:\/\/madeinzaragoza.es\/blog\/luz-oscuridad-de-la-escultora-laura-guarnieri\/","og_site_name":"Made in Zaragoza","article_publisher":"https:\/\/www.facebook.com\/madeinzaragoza.es\/","article_author":"blogssipgirl\/197083753685798","article_published_time":"2024-11-25T08:00:10+00:00","article_modified_time":"2024-11-25T08:07:09+00:00","og_image":[{"width":1951,"height":1368,"url":"https:\/\/madeinzaragoza.es\/blog\/wp-content\/uploads\/2024\/11\/Laura-Guarnieri-Luz-y-oscuridad-Blogssipgirl-211124-9.jpg","type":"image\/jpeg"}],"author":"Blogssipgirl","twitter_card":"summary","twitter_creator":"@blogssipgirl1","twitter_site":"@madeinzaragoza","twitter_misc":{"Escrito por":"Blogssipgirl","Tiempo de lectura":"6 minutos"},"schema":{"@context":"https:\/\/schema.org","@graph":[{"@type":"Article","@id":"https:\/\/madeinzaragoza.es\/blog\/luz-oscuridad-de-la-escultora-laura-guarnieri\/#article","isPartOf":{"@id":"https:\/\/madeinzaragoza.es\/blog\/luz-oscuridad-de-la-escultora-laura-guarnieri\/"},"author":{"name":"Blogssipgirl","@id":"https:\/\/madeinzaragoza.es\/blog\/#\/schema\/person\/b6199e649857e868c4cf0717b007a717"},"headline":"Luz &amp; Oscuridad, de la escultora Laura Guarnieri. Una exposici\u00f3n que nos transporta a otra dimensi\u00f3n.","datePublished":"2024-11-25T08:00:10+00:00","dateModified":"2024-11-25T08:07:09+00:00","mainEntityOfPage":{"@id":"https:\/\/madeinzaragoza.es\/blog\/luz-oscuridad-de-la-escultora-laura-guarnieri\/"},"wordCount":1289,"commentCount":1,"publisher":{"@id":"https:\/\/madeinzaragoza.es\/blog\/#organization"},"keywords":["Arte","Artistas de Zaragoza","creatividad","escultura","exposicion","Exposiciones","mujeres artistas"],"articleSection":["Cultura","Qu\u00e9 hacer"],"inLanguage":"es","potentialAction":[{"@type":"CommentAction","name":"Comment","target":["https:\/\/madeinzaragoza.es\/blog\/luz-oscuridad-de-la-escultora-laura-guarnieri\/#respond"]}]},{"@type":"WebPage","@id":"https:\/\/madeinzaragoza.es\/blog\/luz-oscuridad-de-la-escultora-laura-guarnieri\/","url":"https:\/\/madeinzaragoza.es\/blog\/luz-oscuridad-de-la-escultora-laura-guarnieri\/","name":"Luz &amp; Oscuridad, de la escultora Laura Guarnieri. Una exposici\u00f3n que nos transporta a otra dimensi\u00f3n. - Made in Zaragoza","isPartOf":{"@id":"https:\/\/madeinzaragoza.es\/blog\/#website"},"datePublished":"2024-11-25T08:00:10+00:00","dateModified":"2024-11-25T08:07:09+00:00","description":"En la exposici\u00f3n Luz & Oscuridad, que tiene lugar hasta el 28 de noviembre en la Sala Asociaci\u00f3n De Artistas Pl\u00e1sticos De Goya, Laura nos invita a adentrarnos en su fascinante mundo.","breadcrumb":{"@id":"https:\/\/madeinzaragoza.es\/blog\/luz-oscuridad-de-la-escultora-laura-guarnieri\/#breadcrumb"},"inLanguage":"es","potentialAction":[{"@type":"ReadAction","target":["https:\/\/madeinzaragoza.es\/blog\/luz-oscuridad-de-la-escultora-laura-guarnieri\/"]}]},{"@type":"BreadcrumbList","@id":"https:\/\/madeinzaragoza.es\/blog\/luz-oscuridad-de-la-escultora-laura-guarnieri\/#breadcrumb","itemListElement":[{"@type":"ListItem","position":1,"name":"Portada","item":"https:\/\/madeinzaragoza.es\/blog\/"},{"@type":"ListItem","position":2,"name":"Luz &amp; Oscuridad, de la escultora Laura Guarnieri. Una exposici\u00f3n que nos transporta a otra dimensi\u00f3n."}]},{"@type":"WebSite","@id":"https:\/\/madeinzaragoza.es\/blog\/#website","url":"https:\/\/madeinzaragoza.es\/blog\/","name":"Made in Zaragoza","description":"Blog de MadeinZGZ, Red de Econom\u00eda Creativa de Zaragoza","publisher":{"@id":"https:\/\/madeinzaragoza.es\/blog\/#organization"},"potentialAction":[{"@type":"SearchAction","target":{"@type":"EntryPoint","urlTemplate":"https:\/\/madeinzaragoza.es\/blog\/?s={search_term_string}"},"query-input":"required name=search_term_string"}],"inLanguage":"es"},{"@type":"Organization","@id":"https:\/\/madeinzaragoza.es\/blog\/#organization","name":"Made In Zaragoza","url":"https:\/\/madeinzaragoza.es\/blog\/","sameAs":["https:\/\/www.instagram.com\/madeinzaragoza.es\/","https:\/\/www.facebook.com\/madeinzaragoza.es\/","https:\/\/twitter.com\/madeinzaragoza"],"logo":{"@type":"ImageObject","inLanguage":"es","@id":"https:\/\/madeinzaragoza.es\/blog\/#\/schema\/logo\/image\/","url":"https:\/\/madeinzaragoza.es\/blog\/wp-content\/uploads\/2022\/05\/logo.png","contentUrl":"https:\/\/madeinzaragoza.es\/blog\/wp-content\/uploads\/2022\/05\/logo.png","width":193,"height":176,"caption":"Made In Zaragoza"},"image":{"@id":"https:\/\/madeinzaragoza.es\/blog\/#\/schema\/logo\/image\/"}},{"@type":"Person","@id":"https:\/\/madeinzaragoza.es\/blog\/#\/schema\/person\/b6199e649857e868c4cf0717b007a717","name":"Blogssipgirl","image":{"@type":"ImageObject","inLanguage":"es","@id":"https:\/\/madeinzaragoza.es\/blog\/#\/schema\/person\/image\/","url":"https:\/\/secure.gravatar.com\/avatar\/6171ea2cd2ec17b189583c580ab912a7?s=96&d=mm&r=g","contentUrl":"https:\/\/secure.gravatar.com\/avatar\/6171ea2cd2ec17b189583c580ab912a7?s=96&d=mm&r=g","caption":"Blogssipgirl"},"description":"Organizadora de eventos, editora de blogs y gestora de RRSS. Y como hobby, bloguera: Blogssipgirl es mi alterego... Me gusta moverme por las redes sociales y colaborar en miles de proyectos, no s\u00e9 estar quieta. Me apasiona la moda y el buen gusto, adoro los peque\u00f1os placeres como pasear y disfrutar de mi familia y amigos.","sameAs":["http:\/\/blogssipgirl.blogspot.com","blogssipgirl\/197083753685798","https:\/\/twitter.com\/blogssipgirl1"],"url":"https:\/\/madeinzaragoza.es\/blog\/author\/blogssipgirl\/"}]}},"_links":{"self":[{"href":"https:\/\/madeinzaragoza.es\/blog\/wp-json\/wp\/v2\/posts\/42845"}],"collection":[{"href":"https:\/\/madeinzaragoza.es\/blog\/wp-json\/wp\/v2\/posts"}],"about":[{"href":"https:\/\/madeinzaragoza.es\/blog\/wp-json\/wp\/v2\/types\/post"}],"author":[{"embeddable":true,"href":"https:\/\/madeinzaragoza.es\/blog\/wp-json\/wp\/v2\/users\/4"}],"replies":[{"embeddable":true,"href":"https:\/\/madeinzaragoza.es\/blog\/wp-json\/wp\/v2\/comments?post=42845"}],"version-history":[{"count":12,"href":"https:\/\/madeinzaragoza.es\/blog\/wp-json\/wp\/v2\/posts\/42845\/revisions"}],"predecessor-version":[{"id":42904,"href":"https:\/\/madeinzaragoza.es\/blog\/wp-json\/wp\/v2\/posts\/42845\/revisions\/42904"}],"wp:featuredmedia":[{"embeddable":true,"href":"https:\/\/madeinzaragoza.es\/blog\/wp-json\/wp\/v2\/media\/42848"}],"wp:attachment":[{"href":"https:\/\/madeinzaragoza.es\/blog\/wp-json\/wp\/v2\/media?parent=42845"}],"wp:term":[{"taxonomy":"category","embeddable":true,"href":"https:\/\/madeinzaragoza.es\/blog\/wp-json\/wp\/v2\/categories?post=42845"},{"taxonomy":"post_tag","embeddable":true,"href":"https:\/\/madeinzaragoza.es\/blog\/wp-json\/wp\/v2\/tags?post=42845"}],"curies":[{"name":"wp","href":"https:\/\/api.w.org\/{rel}","templated":true}]}}