{"id":42820,"date":"2024-11-27T09:00:00","date_gmt":"2024-11-27T08:00:00","guid":{"rendered":"http:\/\/madeinzaragoza.es\/blog\/?p=42820"},"modified":"2026-01-20T22:22:42","modified_gmt":"2026-01-20T21:22:42","slug":"mizlab9-comunicacion","status":"publish","type":"post","link":"https:\/\/madeinzaragoza.es\/blog\/mizlab9-comunicacion\/","title":{"rendered":"MIZ-Lab 9: Estrategia de comunicaci\u00f3n para Ebanister\u00eda Hnos.Blasco"},"content":{"rendered":"\n<p>Cuando los vi por primera vez lo supe: <strong>Javier y Juan Carlos, Ebanister\u00eda Hnos<\/strong>. <strong>Blasco <\/strong>tienen una historia. Y si tienes una historia que contar, tienes un p\u00fablico al que le interesa escucharla.<\/p>\n\n\n\n<p>En los tiempos que corren, no es f\u00e1cil tener un negocio propio, un espacio f\u00edsico, y como es su caso, <strong>mantenerlo en pie desde los a\u00f1os 60<\/strong>. Su padre levant\u00f3 el negocio. Luego, tanto Javier como Juan Carlos, fueron participando del mismo, pasando de aprendices de ebanistas, a artesanos ebanistas con todas las letras.<\/p>\n\n\n\n<p><strong>Un negocio tradicional, de siempre, que tiene que adaptarse a los tiempos modernos para mantenerse<\/strong>, <strong>sin dejar atr\u00e1s su esencia, por lo que son conocidos<\/strong>.<\/p>\n\n\n\n<p>Y lo son, principalmente, por la gente del <strong>barrio de Delicias<\/strong>, en primer lugar. El d\u00eda que estuve en la puerta del taller, esperando a Juan Carlos que ven\u00eda a la hora convenida, estuve charlando con una persona mayor que parec\u00eda estar tambi\u00e9n esperando a los hermanos.<\/p>\n\n\n\n<p>\u00c9l me pregunt\u00f3 que si estaba esperando a entrar, y le dije que si. Me dijo que \u00e9l tambi\u00e9n. Parec\u00eda que los conoc\u00eda de siempre. Y como hablo con quienes me dan buenas vibraciones, estuve charlando, y comenc\u00e9 yo.<\/p>\n\n\n\n<p>\u00ab\u00bfViene siempre aqu\u00ed? \u00bfLos conoce desde hace mucho tiempo?\u00bb &#8211; le pregunt\u00e9.<\/p>\n\n\n\n<p>Me dijo que si, que ya conoc\u00eda a su padre, y que luego el trato se mantuvo con ellos. Que los conoce de \u00ab<strong>toda la vida<\/strong>\u00ab. Que siempre que ha necesitado algo en madera, recurr\u00eda a <strong>Ebanister\u00eda Hnos.Blasco <\/strong>porque los conoce \u00ab<strong>desde siempre<\/strong>\u00ab. Y que , cualquier problema o trabajo relacionado con la madera, ellos eran los m\u00e1s indicados.<\/p>\n\n\n\n<p>Y eso es muy dif\u00edcil de conseguir. Llevar toda la vida, y<strong> que te recomienden as\u00ed<\/strong>, con ese cari\u00f1o, no tiene precio.<\/p>\n\n\n\n<p>Pero claro, <strong>es un negocio de siempre que trabaja a la manera tradicional<\/strong> desde que empezaron, incluida la comunicaci\u00f3n con el exterior, con comunicar lo que hacen de puertas hacia dentro en el taller.<\/p>\n\n\n\n<p>Y aqu\u00ed creo que, como hacen mis compa\u00f1eras en estrategia empresarial y en estrategia de dise\u00f1o, en estrategia de comunicaci\u00f3n podemos darle un impulso tambi\u00e9n. <\/p>\n\n\n\n<p>Lo m\u00e1s importante es tener actitud, y los dos, especialmente Juan Carlos, el m\u00e1s tecnol\u00f3gico, la tienen. Conociendo los procesos de trabajo en comunicaci\u00f3n, nos quedaron claras unas necesidades iniciales:<\/p>\n\n\n\n<p>.&nbsp;<strong>Falta de imagen global de marca<\/strong>, para que sea reconocible en el mundo digital.<\/p>\n\n\n\n<p>.<strong>&nbsp;Desconocimiento de los procesos b\u00e1sicos de trabajo en comunicaci\u00f3n digital<\/strong>, desde los elementos b\u00e1sicos que tienen las redes sociales, su funcionamiento, hasta, por ejemplo, la manera de programar contenidos.<\/p>\n\n\n\n<p>.<strong>&nbsp;No sistematizaci\u00f3n de los contenidos a compartir con la audiencia digital<\/strong>, especialmente en Instagram, que ser\u00e1 su principal red social. <\/p>\n\n\n\n<p>.<strong>\u00a0No saben como contar lo mucho que hacen en el taller, <\/strong>los trabajos que realizan tan dispares, todos artesanales, a medida y personalizados.<\/p>\n\n\n\n<p>.<strong>&nbsp;Les cuesta mucho tiempo pasar de la idea que qu\u00e9 contar, a materializarla en una publicaci\u00f3n en redes sociales que defina esa idea realmente<\/strong>. Les lleva adem\u00e1s mucho tiempo, lo que hace que la comunicaci\u00f3n no sea fluida con su audiencia y, que les impide, llegar a p\u00fablicos nuevos que puedan comprar lo que hacen. <\/p>\n\n\n\n<p>El trabajo en redes sociales requiere varias cosas, pero alguna son esenciales sociales.<\/p>\n\n\n\n<p>a- <strong>Tener una planificaci\u00f3n estrat\u00e9gica<\/strong> de qu\u00e9 quieres comunicar.<\/p>\n\n\n\n<p>b- Saber <strong>a qu\u00e9 p\u00fablicos<\/strong> est\u00e1s legando, y a cu\u00e1les quieres llegar en el futuro tambi\u00e9n.<\/p>\n\n\n\n<p>c- <strong>C\u00f3mo vas a contarlo<\/strong>, cu\u00e1l es la historia detr\u00e1s de cada tipo de contenido que har\u00e1s.<\/p>\n\n\n\n<p>La Ebanister\u00eda Hnos.Blasco es un reto para todos los que formamos parte del equipo del MIZLab, pero su compromiso personal de mejorar como cuentan lo que hacen, ya es poner el primer ladrillo en la edificaci\u00f3n de una estrategia s\u00f3lida, realista y personalizada, para este taller \u00abde toda la vida\u00bb que queremos que tenga un gran futuro. <br><\/p>\n","protected":false},"excerpt":{"rendered":"<p>Cuando los vi por primera vez lo supe: Javier y Juan Carlos, Ebanister\u00eda Hnos. Blasco tienen una historia. Y si tienes una historia que contar, tienes un p\u00fablico al que le interesa escucharla. En los tiempos que corren, no es f\u00e1cil tener un negocio propio, un espacio f\u00edsico, y como es su caso, mantenerlo en &hellip; <a href=\"https:\/\/madeinzaragoza.es\/blog\/mizlab9-comunicacion\/\" class=\"more-link\">Continuar leyendo<span class=\"screen-reader-text\"> \u00abMIZ-Lab 9: Estrategia de comunicaci\u00f3n para Ebanister\u00eda Hnos.Blasco\u00bb<\/span><\/a><\/p>\n","protected":false},"author":63,"featured_media":42823,"comment_status":"open","ping_status":"open","sticky":false,"template":"","format":"standard","meta":{"footnotes":""},"categories":[1554],"tags":[2837,2838,2839,2841,1785,2580,2836,2840],"yoast_head":"<!-- This site is optimized with the Yoast SEO plugin v19.7.2 - https:\/\/yoast.com\/wordpress\/plugins\/seo\/ -->\n<title>MIZLab9: \u00a0Estrategia de comunicaci\u00f3n Ebanister\u00eda Hnos.Blasco<\/title>\n<meta name=\"description\" content=\"Os contamos el inicio del MIZLab9, el laboratorio de innovaci\u00f3n comercial de Made In Zaragoza, con la Ebanister\u00eda de los Hermanos Blasco.\" \/>\n<meta name=\"robots\" content=\"index, follow, max-snippet:-1, max-image-preview:large, max-video-preview:-1\" \/>\n<link rel=\"canonical\" href=\"http:\/\/madeinzaragoza.es\/blog\/mizlab9-comunicacion\/\" \/>\n<meta property=\"og:locale\" content=\"es_ES\" \/>\n<meta property=\"og:type\" content=\"article\" \/>\n<meta property=\"og:title\" content=\"MIZLab9: \u00a0Estrategia de comunicaci\u00f3n Ebanister\u00eda Hnos.Blasco\" \/>\n<meta property=\"og:description\" content=\"Os contamos el inicio del MIZLab9, el laboratorio de innovaci\u00f3n comercial de Made In Zaragoza, con la Ebanister\u00eda de los Hermanos Blasco.\" \/>\n<meta property=\"og:url\" content=\"http:\/\/madeinzaragoza.es\/blog\/mizlab9-comunicacion\/\" \/>\n<meta property=\"og:site_name\" content=\"Made in Zaragoza\" \/>\n<meta property=\"article:publisher\" content=\"https:\/\/www.facebook.com\/madeinzaragoza.es\/\" \/>\n<meta property=\"article:published_time\" content=\"2024-11-27T08:00:00+00:00\" \/>\n<meta property=\"article:modified_time\" content=\"2026-01-20T21:22:42+00:00\" \/>\n<meta property=\"og:image\" content=\"http:\/\/madeinzaragoza.es\/blog\/wp-content\/uploads\/2024\/11\/MIZLab9-detectar-necesidades-estrategia-redes-sociales-de-un-negocio.png\" \/>\n\t<meta property=\"og:image:width\" content=\"1024\" \/>\n\t<meta property=\"og:image:height\" content=\"512\" \/>\n\t<meta property=\"og:image:type\" content=\"image\/png\" \/>\n<meta name=\"author\" content=\"Fernando Cebolla\" \/>\n<meta name=\"twitter:card\" content=\"summary\" \/>\n<meta name=\"twitter:creator\" content=\"@fcpsocialmedia\" \/>\n<meta name=\"twitter:site\" content=\"@madeinzaragoza\" \/>\n<meta name=\"twitter:label1\" content=\"Escrito por\" \/>\n\t<meta name=\"twitter:data1\" content=\"Fernando Cebolla\" \/>\n\t<meta name=\"twitter:label2\" content=\"Tiempo de lectura\" \/>\n\t<meta name=\"twitter:data2\" content=\"3 minutos\" \/>\n<script type=\"application\/ld+json\" class=\"yoast-schema-graph\">{\"@context\":\"https:\/\/schema.org\",\"@graph\":[{\"@type\":\"Article\",\"@id\":\"http:\/\/madeinzaragoza.es\/blog\/mizlab9-comunicacion\/#article\",\"isPartOf\":{\"@id\":\"http:\/\/madeinzaragoza.es\/blog\/mizlab9-comunicacion\/\"},\"author\":{\"name\":\"Fernando Cebolla\",\"@id\":\"http:\/\/madeinzaragoza.es\/blog\/#\/schema\/person\/dfd0dc5fdb51dc5dcd948dc49fce07b0\"},\"headline\":\"MIZ-Lab 9: Estrategia de comunicaci\u00f3n para Ebanister\u00eda Hnos.Blasco\",\"datePublished\":\"2024-11-27T08:00:00+00:00\",\"dateModified\":\"2026-01-20T21:22:42+00:00\",\"mainEntityOfPage\":{\"@id\":\"http:\/\/madeinzaragoza.es\/blog\/mizlab9-comunicacion\/\"},\"wordCount\":696,\"commentCount\":0,\"publisher\":{\"@id\":\"http:\/\/madeinzaragoza.es\/blog\/#organization\"},\"keywords\":[\"Ebanister\u00eda Hermanos Blasco\",\"estrategia digital\",\"estrategia redes sociales\",\"Fernando Cebolla\",\"innovaci\u00f3n comercial\",\"Made In Zaragoza\",\"mizlab9\",\"redes sociales para comercios\"],\"articleSection\":[\"MIZ-Lab\"],\"inLanguage\":\"es\",\"potentialAction\":[{\"@type\":\"CommentAction\",\"name\":\"Comment\",\"target\":[\"http:\/\/madeinzaragoza.es\/blog\/mizlab9-comunicacion\/#respond\"]}]},{\"@type\":\"WebPage\",\"@id\":\"http:\/\/madeinzaragoza.es\/blog\/mizlab9-comunicacion\/\",\"url\":\"http:\/\/madeinzaragoza.es\/blog\/mizlab9-comunicacion\/\",\"name\":\"MIZLab9: \u00a0Estrategia de comunicaci\u00f3n Ebanister\u00eda Hnos.Blasco\",\"isPartOf\":{\"@id\":\"http:\/\/madeinzaragoza.es\/blog\/#website\"},\"datePublished\":\"2024-11-27T08:00:00+00:00\",\"dateModified\":\"2026-01-20T21:22:42+00:00\",\"description\":\"Os contamos el inicio del MIZLab9, el laboratorio de innovaci\u00f3n comercial de Made In Zaragoza, con la Ebanister\u00eda de los Hermanos Blasco.\",\"breadcrumb\":{\"@id\":\"http:\/\/madeinzaragoza.es\/blog\/mizlab9-comunicacion\/#breadcrumb\"},\"inLanguage\":\"es\",\"potentialAction\":[{\"@type\":\"ReadAction\",\"target\":[\"http:\/\/madeinzaragoza.es\/blog\/mizlab9-comunicacion\/\"]}]},{\"@type\":\"BreadcrumbList\",\"@id\":\"http:\/\/madeinzaragoza.es\/blog\/mizlab9-comunicacion\/#breadcrumb\",\"itemListElement\":[{\"@type\":\"ListItem\",\"position\":1,\"name\":\"Portada\",\"item\":\"http:\/\/madeinzaragoza.es\/blog\/\"},{\"@type\":\"ListItem\",\"position\":2,\"name\":\"MIZ-Lab 9: Estrategia de comunicaci\u00f3n para Ebanister\u00eda Hnos.Blasco\"}]},{\"@type\":\"WebSite\",\"@id\":\"http:\/\/madeinzaragoza.es\/blog\/#website\",\"url\":\"http:\/\/madeinzaragoza.es\/blog\/\",\"name\":\"Made in Zaragoza\",\"description\":\"Blog de MadeinZGZ, Red de Econom\u00eda Creativa de Zaragoza\",\"publisher\":{\"@id\":\"http:\/\/madeinzaragoza.es\/blog\/#organization\"},\"potentialAction\":[{\"@type\":\"SearchAction\",\"target\":{\"@type\":\"EntryPoint\",\"urlTemplate\":\"http:\/\/madeinzaragoza.es\/blog\/?s={search_term_string}\"},\"query-input\":\"required name=search_term_string\"}],\"inLanguage\":\"es\"},{\"@type\":\"Organization\",\"@id\":\"http:\/\/madeinzaragoza.es\/blog\/#organization\",\"name\":\"Made In Zaragoza\",\"url\":\"http:\/\/madeinzaragoza.es\/blog\/\",\"sameAs\":[\"https:\/\/www.instagram.com\/madeinzaragoza.es\/\",\"https:\/\/www.facebook.com\/madeinzaragoza.es\/\",\"https:\/\/twitter.com\/madeinzaragoza\"],\"logo\":{\"@type\":\"ImageObject\",\"inLanguage\":\"es\",\"@id\":\"http:\/\/madeinzaragoza.es\/blog\/#\/schema\/logo\/image\/\",\"url\":\"https:\/\/madeinzaragoza.es\/blog\/wp-content\/uploads\/2022\/05\/logo.png\",\"contentUrl\":\"https:\/\/madeinzaragoza.es\/blog\/wp-content\/uploads\/2022\/05\/logo.png\",\"width\":193,\"height\":176,\"caption\":\"Made In Zaragoza\"},\"image\":{\"@id\":\"http:\/\/madeinzaragoza.es\/blog\/#\/schema\/logo\/image\/\"}},{\"@type\":\"Person\",\"@id\":\"http:\/\/madeinzaragoza.es\/blog\/#\/schema\/person\/dfd0dc5fdb51dc5dcd948dc49fce07b0\",\"name\":\"Fernando Cebolla\",\"image\":{\"@type\":\"ImageObject\",\"inLanguage\":\"es\",\"@id\":\"http:\/\/madeinzaragoza.es\/blog\/#\/schema\/person\/image\/\",\"url\":\"https:\/\/secure.gravatar.com\/avatar\/bf5c705d25b1b881bc79c29530006274?s=96&d=mm&r=g\",\"contentUrl\":\"https:\/\/secure.gravatar.com\/avatar\/bf5c705d25b1b881bc79c29530006274?s=96&d=mm&r=g\",\"caption\":\"Fernando Cebolla\"},\"description\":\"Fernando Cebolla es consultor de comunicaci\u00f3n digital de emprendedores en el MIZ-Lab, especializado en visibilidad y estrategia digital para empresas. Como Social Media Manager, ayuda a negocios a ganar alcance, contactos y reputaci\u00f3n en redes sociales, conectando su mensaje con las audiencias adecuadas.\",\"sameAs\":[\"http:\/\/fernandocebolla.com\/\",\"https:\/\/www.instagram.com\/tusocialmediamanager\/?hl=es\",\"https:\/\/www.linkedin.com\/in\/fernandocebollapola\/?originalSubdomain=es\",\"https:\/\/twitter.com\/fcpsocialmedia\"],\"url\":\"https:\/\/madeinzaragoza.es\/blog\/author\/fernandocebolla\/\"}]}<\/script>\n<!-- \/ Yoast SEO plugin. -->","yoast_head_json":{"title":"MIZLab9: \u00a0Estrategia de comunicaci\u00f3n Ebanister\u00eda Hnos.Blasco","description":"Os contamos el inicio del MIZLab9, el laboratorio de innovaci\u00f3n comercial de Made In Zaragoza, con la Ebanister\u00eda de los Hermanos Blasco.","robots":{"index":"index","follow":"follow","max-snippet":"max-snippet:-1","max-image-preview":"max-image-preview:large","max-video-preview":"max-video-preview:-1"},"canonical":"http:\/\/madeinzaragoza.es\/blog\/mizlab9-comunicacion\/","og_locale":"es_ES","og_type":"article","og_title":"MIZLab9: \u00a0Estrategia de comunicaci\u00f3n Ebanister\u00eda Hnos.Blasco","og_description":"Os contamos el inicio del MIZLab9, el laboratorio de innovaci\u00f3n comercial de Made In Zaragoza, con la Ebanister\u00eda de los Hermanos Blasco.","og_url":"http:\/\/madeinzaragoza.es\/blog\/mizlab9-comunicacion\/","og_site_name":"Made in Zaragoza","article_publisher":"https:\/\/www.facebook.com\/madeinzaragoza.es\/","article_published_time":"2024-11-27T08:00:00+00:00","article_modified_time":"2026-01-20T21:22:42+00:00","og_image":[{"width":1024,"height":512,"url":"http:\/\/madeinzaragoza.es\/blog\/wp-content\/uploads\/2024\/11\/MIZLab9-detectar-necesidades-estrategia-redes-sociales-de-un-negocio.png","type":"image\/png"}],"author":"Fernando Cebolla","twitter_card":"summary","twitter_creator":"@fcpsocialmedia","twitter_site":"@madeinzaragoza","twitter_misc":{"Escrito por":"Fernando Cebolla","Tiempo de lectura":"3 minutos"},"schema":{"@context":"https:\/\/schema.org","@graph":[{"@type":"Article","@id":"http:\/\/madeinzaragoza.es\/blog\/mizlab9-comunicacion\/#article","isPartOf":{"@id":"http:\/\/madeinzaragoza.es\/blog\/mizlab9-comunicacion\/"},"author":{"name":"Fernando Cebolla","@id":"http:\/\/madeinzaragoza.es\/blog\/#\/schema\/person\/dfd0dc5fdb51dc5dcd948dc49fce07b0"},"headline":"MIZ-Lab 9: Estrategia de comunicaci\u00f3n para Ebanister\u00eda Hnos.Blasco","datePublished":"2024-11-27T08:00:00+00:00","dateModified":"2026-01-20T21:22:42+00:00","mainEntityOfPage":{"@id":"http:\/\/madeinzaragoza.es\/blog\/mizlab9-comunicacion\/"},"wordCount":696,"commentCount":0,"publisher":{"@id":"http:\/\/madeinzaragoza.es\/blog\/#organization"},"keywords":["Ebanister\u00eda Hermanos Blasco","estrategia digital","estrategia redes sociales","Fernando Cebolla","innovaci\u00f3n comercial","Made In Zaragoza","mizlab9","redes sociales para comercios"],"articleSection":["MIZ-Lab"],"inLanguage":"es","potentialAction":[{"@type":"CommentAction","name":"Comment","target":["http:\/\/madeinzaragoza.es\/blog\/mizlab9-comunicacion\/#respond"]}]},{"@type":"WebPage","@id":"http:\/\/madeinzaragoza.es\/blog\/mizlab9-comunicacion\/","url":"http:\/\/madeinzaragoza.es\/blog\/mizlab9-comunicacion\/","name":"MIZLab9: \u00a0Estrategia de comunicaci\u00f3n Ebanister\u00eda Hnos.Blasco","isPartOf":{"@id":"http:\/\/madeinzaragoza.es\/blog\/#website"},"datePublished":"2024-11-27T08:00:00+00:00","dateModified":"2026-01-20T21:22:42+00:00","description":"Os contamos el inicio del MIZLab9, el laboratorio de innovaci\u00f3n comercial de Made In Zaragoza, con la Ebanister\u00eda de los Hermanos Blasco.","breadcrumb":{"@id":"http:\/\/madeinzaragoza.es\/blog\/mizlab9-comunicacion\/#breadcrumb"},"inLanguage":"es","potentialAction":[{"@type":"ReadAction","target":["http:\/\/madeinzaragoza.es\/blog\/mizlab9-comunicacion\/"]}]},{"@type":"BreadcrumbList","@id":"http:\/\/madeinzaragoza.es\/blog\/mizlab9-comunicacion\/#breadcrumb","itemListElement":[{"@type":"ListItem","position":1,"name":"Portada","item":"http:\/\/madeinzaragoza.es\/blog\/"},{"@type":"ListItem","position":2,"name":"MIZ-Lab 9: Estrategia de comunicaci\u00f3n para Ebanister\u00eda Hnos.Blasco"}]},{"@type":"WebSite","@id":"http:\/\/madeinzaragoza.es\/blog\/#website","url":"http:\/\/madeinzaragoza.es\/blog\/","name":"Made in Zaragoza","description":"Blog de MadeinZGZ, Red de Econom\u00eda Creativa de Zaragoza","publisher":{"@id":"http:\/\/madeinzaragoza.es\/blog\/#organization"},"potentialAction":[{"@type":"SearchAction","target":{"@type":"EntryPoint","urlTemplate":"http:\/\/madeinzaragoza.es\/blog\/?s={search_term_string}"},"query-input":"required name=search_term_string"}],"inLanguage":"es"},{"@type":"Organization","@id":"http:\/\/madeinzaragoza.es\/blog\/#organization","name":"Made In Zaragoza","url":"http:\/\/madeinzaragoza.es\/blog\/","sameAs":["https:\/\/www.instagram.com\/madeinzaragoza.es\/","https:\/\/www.facebook.com\/madeinzaragoza.es\/","https:\/\/twitter.com\/madeinzaragoza"],"logo":{"@type":"ImageObject","inLanguage":"es","@id":"http:\/\/madeinzaragoza.es\/blog\/#\/schema\/logo\/image\/","url":"https:\/\/madeinzaragoza.es\/blog\/wp-content\/uploads\/2022\/05\/logo.png","contentUrl":"https:\/\/madeinzaragoza.es\/blog\/wp-content\/uploads\/2022\/05\/logo.png","width":193,"height":176,"caption":"Made In Zaragoza"},"image":{"@id":"http:\/\/madeinzaragoza.es\/blog\/#\/schema\/logo\/image\/"}},{"@type":"Person","@id":"http:\/\/madeinzaragoza.es\/blog\/#\/schema\/person\/dfd0dc5fdb51dc5dcd948dc49fce07b0","name":"Fernando Cebolla","image":{"@type":"ImageObject","inLanguage":"es","@id":"http:\/\/madeinzaragoza.es\/blog\/#\/schema\/person\/image\/","url":"https:\/\/secure.gravatar.com\/avatar\/bf5c705d25b1b881bc79c29530006274?s=96&d=mm&r=g","contentUrl":"https:\/\/secure.gravatar.com\/avatar\/bf5c705d25b1b881bc79c29530006274?s=96&d=mm&r=g","caption":"Fernando Cebolla"},"description":"Fernando Cebolla es consultor de comunicaci\u00f3n digital de emprendedores en el MIZ-Lab, especializado en visibilidad y estrategia digital para empresas. Como Social Media Manager, ayuda a negocios a ganar alcance, contactos y reputaci\u00f3n en redes sociales, conectando su mensaje con las audiencias adecuadas.","sameAs":["http:\/\/fernandocebolla.com\/","https:\/\/www.instagram.com\/tusocialmediamanager\/?hl=es","https:\/\/www.linkedin.com\/in\/fernandocebollapola\/?originalSubdomain=es","https:\/\/twitter.com\/fcpsocialmedia"],"url":"https:\/\/madeinzaragoza.es\/blog\/author\/fernandocebolla\/"}]}},"_links":{"self":[{"href":"https:\/\/madeinzaragoza.es\/blog\/wp-json\/wp\/v2\/posts\/42820"}],"collection":[{"href":"https:\/\/madeinzaragoza.es\/blog\/wp-json\/wp\/v2\/posts"}],"about":[{"href":"https:\/\/madeinzaragoza.es\/blog\/wp-json\/wp\/v2\/types\/post"}],"author":[{"embeddable":true,"href":"https:\/\/madeinzaragoza.es\/blog\/wp-json\/wp\/v2\/users\/63"}],"replies":[{"embeddable":true,"href":"https:\/\/madeinzaragoza.es\/blog\/wp-json\/wp\/v2\/comments?post=42820"}],"version-history":[{"count":14,"href":"https:\/\/madeinzaragoza.es\/blog\/wp-json\/wp\/v2\/posts\/42820\/revisions"}],"predecessor-version":[{"id":45065,"href":"https:\/\/madeinzaragoza.es\/blog\/wp-json\/wp\/v2\/posts\/42820\/revisions\/45065"}],"wp:featuredmedia":[{"embeddable":true,"href":"https:\/\/madeinzaragoza.es\/blog\/wp-json\/wp\/v2\/media\/42823"}],"wp:attachment":[{"href":"https:\/\/madeinzaragoza.es\/blog\/wp-json\/wp\/v2\/media?parent=42820"}],"wp:term":[{"taxonomy":"category","embeddable":true,"href":"https:\/\/madeinzaragoza.es\/blog\/wp-json\/wp\/v2\/categories?post=42820"},{"taxonomy":"post_tag","embeddable":true,"href":"https:\/\/madeinzaragoza.es\/blog\/wp-json\/wp\/v2\/tags?post=42820"}],"curies":[{"name":"wp","href":"https:\/\/api.w.org\/{rel}","templated":true}]}}