{"id":42635,"date":"2024-11-04T08:45:00","date_gmt":"2024-11-04T07:45:00","guid":{"rendered":"https:\/\/madeinzaragoza.es\/blog\/?p=42635"},"modified":"2024-11-03T22:51:16","modified_gmt":"2024-11-03T21:51:16","slug":"ebanisteria-hermanos-blasco-miz-lab-9","status":"publish","type":"post","link":"https:\/\/madeinzaragoza.es\/blog\/ebanisteria-hermanos-blasco-miz-lab-9\/","title":{"rendered":"Ebanister\u00eda Hermanos Blasco, proyecto seleccionado para la novena edici\u00f3n del Laboratorio de Innovaci\u00f3n Comercial MIZ-Lab"},"content":{"rendered":"\n<p><\/p>\n\n\n\n<p><strong>Made in Zaragoza<\/strong>, la red de econom\u00eda creativa impulsada por Zaragoza Activa, sigue comprometida con su misi\u00f3n de apoyar el comercio local, especialmente en sectores creativos y artesanales. Como parte de su iniciativa, la novena edici\u00f3n del laboratorio de innovaci\u00f3n comercial, <a href=\"https:\/\/madeinzaragoza.es\/mizlab\/\">MIZ-Lab<\/a>, ha seleccionado el proyecto de <strong>Ebanister\u00eda Hermanos Blasco<\/strong>, una empresa familiar con m\u00e1s de 20 a\u00f1os de historia y un fuerte enfoque en la fabricaci\u00f3n artesanal de muebles a medida.<\/p>\n\n\n\n<p>En esta edici\u00f3n, la Comisi\u00f3n de Valoraci\u00f3n del Laboratorio, compuesta por expertos en estrategia empresarial, dise\u00f1o y comunicaci\u00f3n, se reuni\u00f3 el pasado 10 de octubre para evaluar a los participantes. Entre los proyectos presentados, Ebanister\u00eda Hermanos Blasco destac\u00f3 por su dedicaci\u00f3n al trabajo manual de alta calidad y su esfuerzo por <strong>mantener viva la tradici\u00f3n de la ebanister\u00eda en Zaragoza<\/strong>, enfrentando los desaf\u00edos de un mercado cada vez m\u00e1s digital y competitivo.<\/p>\n\n\n\n<div style=\"height:40px\" aria-hidden=\"true\" class=\"wp-block-spacer\"><\/div>\n\n\n\n<h3 class=\"wp-block-heading\"><strong>Ebanister\u00eda Hermanos Blasco, preservando la tradici\u00f3n artesanal<\/strong><\/h3>\n\n\n\n<p>Ebanister\u00eda Hermanos Blasco, dirigida por Juan Carlos Blasco y su hermano, es una empresa familiar que ha mantenido su dedicaci\u00f3n a la fabricaci\u00f3n de muebles personalizados desde su fundaci\u00f3n en el a\u00f1o 2000. Est\u00e1n localizados en el barrio de las Delicias y son conocidos por su trabajo artesanal, que combina t\u00e9cnicas tradicionales y acabados impecables en madera.<\/p>\n\n\n\n<p>Los hermanos Blasco crean cada pieza de manera completamente manual, dise\u00f1ando muebles \u00fanicos para cada cliente. Este enfoque en la perfecci\u00f3n y la personalizaci\u00f3n cuenta con una base de clientes de confianza, aunque el negocio tambi\u00e9n se enfrenta a algunos desaf\u00edos como la gesti\u00f3n financiera y la digitalizaci\u00f3n, que MIZ-Lab ayudar\u00e1 a superar. <\/p>\n\n\n\n<p><\/p>\n\n\n\n<figure class=\"wp-block-gallery has-nested-images columns-default is-cropped wp-block-gallery-1 is-layout-flex wp-block-gallery-is-layout-flex\">\n<figure class=\"wp-block-image size-large\"><img loading=\"lazy\" decoding=\"async\" width=\"1024\" height=\"768\" data-id=\"36430\" src=\"https:\/\/madeinzaragoza.es\/blog\/wp-content\/uploads\/2022\/11\/la-cornoderia-zaragoza-mizlab-7-sesion-2-1024x768.jpg\" alt=\"la cornoderia zaragoza mizlab 7 made in zaragoza\" class=\"wp-image-36430\" srcset=\"https:\/\/madeinzaragoza.es\/blog\/wp-content\/uploads\/2022\/11\/la-cornoderia-zaragoza-mizlab-7-sesion-2-1024x768.jpg 1024w, https:\/\/madeinzaragoza.es\/blog\/wp-content\/uploads\/2022\/11\/la-cornoderia-zaragoza-mizlab-7-sesion-2-450x338.jpg 450w, https:\/\/madeinzaragoza.es\/blog\/wp-content\/uploads\/2022\/11\/la-cornoderia-zaragoza-mizlab-7-sesion-2-768x576.jpg 768w, https:\/\/madeinzaragoza.es\/blog\/wp-content\/uploads\/2022\/11\/la-cornoderia-zaragoza-mizlab-7-sesion-2-1536x1152.jpg 1536w, https:\/\/madeinzaragoza.es\/blog\/wp-content\/uploads\/2022\/11\/la-cornoderia-zaragoza-mizlab-7-sesion-2-2048x1536.jpg 2048w, https:\/\/madeinzaragoza.es\/blog\/wp-content\/uploads\/2022\/11\/la-cornoderia-zaragoza-mizlab-7-sesion-2-1200x900.jpg 1200w\" sizes=\"(max-width: 709px) 85vw, (max-width: 909px) 67vw, (max-width: 1362px) 62vw, 840px\" \/><\/figure>\n\n\n\n<figure class=\"wp-block-image size-large\"><img loading=\"lazy\" decoding=\"async\" width=\"1024\" height=\"683\" data-id=\"40043\" src=\"https:\/\/madeinzaragoza.es\/blog\/wp-content\/uploads\/2023\/12\/MIZLAB-8-Miriam-s201-1024x683.jpg\" alt=\"\" class=\"wp-image-40043\" srcset=\"https:\/\/madeinzaragoza.es\/blog\/wp-content\/uploads\/2023\/12\/MIZLAB-8-Miriam-s201-1024x683.jpg 1024w, https:\/\/madeinzaragoza.es\/blog\/wp-content\/uploads\/2023\/12\/MIZLAB-8-Miriam-s201-450x300.jpg 450w, https:\/\/madeinzaragoza.es\/blog\/wp-content\/uploads\/2023\/12\/MIZLAB-8-Miriam-s201-768x512.jpg 768w, https:\/\/madeinzaragoza.es\/blog\/wp-content\/uploads\/2023\/12\/MIZLAB-8-Miriam-s201-1536x1024.jpg 1536w, https:\/\/madeinzaragoza.es\/blog\/wp-content\/uploads\/2023\/12\/MIZLAB-8-Miriam-s201-2048x1366.jpg 2048w, https:\/\/madeinzaragoza.es\/blog\/wp-content\/uploads\/2023\/12\/MIZLAB-8-Miriam-s201-1200x800.jpg 1200w\" sizes=\"(max-width: 709px) 85vw, (max-width: 909px) 67vw, (max-width: 1362px) 62vw, 840px\" \/><\/figure>\n\n\n\n<figure class=\"wp-block-image size-large\"><img loading=\"lazy\" decoding=\"async\" width=\"1024\" height=\"576\" data-id=\"36381\" src=\"https:\/\/madeinzaragoza.es\/blog\/wp-content\/uploads\/2022\/10\/MizLab7-Vendelo-1024x576.jpeg\" alt=\"MizLab7 Vendelo Amazing\" class=\"wp-image-36381\" srcset=\"https:\/\/madeinzaragoza.es\/blog\/wp-content\/uploads\/2022\/10\/MizLab7-Vendelo-1024x576.jpeg 1024w, https:\/\/madeinzaragoza.es\/blog\/wp-content\/uploads\/2022\/10\/MizLab7-Vendelo-450x253.jpeg 450w, https:\/\/madeinzaragoza.es\/blog\/wp-content\/uploads\/2022\/10\/MizLab7-Vendelo-768x432.jpeg 768w, https:\/\/madeinzaragoza.es\/blog\/wp-content\/uploads\/2022\/10\/MizLab7-Vendelo-1536x864.jpeg 1536w, https:\/\/madeinzaragoza.es\/blog\/wp-content\/uploads\/2022\/10\/MizLab7-Vendelo-1200x675.jpeg 1200w, https:\/\/madeinzaragoza.es\/blog\/wp-content\/uploads\/2022\/10\/MizLab7-Vendelo.jpeg 1600w\" sizes=\"(max-width: 709px) 85vw, (max-width: 909px) 67vw, (max-width: 1362px) 62vw, 840px\" \/><\/figure>\n<\/figure>\n\n\n\n<div style=\"height:43px\" aria-hidden=\"true\" class=\"wp-block-spacer\"><\/div>\n\n\n\n<h3 class=\"wp-block-heading\"><strong>Una mentor\u00eda integral para dar el salto<\/strong><\/h3>\n\n\n\n<p>Durante los pr\u00f3ximos dos meses, Juan Carlos Blasco trabajar\u00e1 de cerca con mentores especializados del Laboratorio en <strong>estrategia comercial, digitalizaci\u00f3n y comunicaci\u00f3n<\/strong>. El objetivo del programa es optimizar el negocio de los Hermanos Blasco, ayud\u00e1ndoles a explorar nuevas oportunidades de mercado, mejorar su visibilidad online y desarrollar herramientas de gesti\u00f3n que faciliten la administraci\u00f3n de su taller artesanal.<\/p>\n\n\n\n<p>La Ebanister\u00eda Hermanos Blasco es un ejemplo de resiliencia y compromiso con el oficio de la ebanister\u00eda. <\/p>\n\n\n\n<p><\/p>\n\n\n\n<p>El MIZ-Lab aportar\u00e1 a la Ebanister\u00eda Hermanos Blasco el apoyo necesario para mejorar su estructura de negocio y expandir su presencia online, herramientas esenciales para alcanzar a nuevos p\u00fablicos y asegurar su sostenibilidad. Esta edici\u00f3n del laboratorio representa una gran oportunidad para que esta empresa zaragozana siga aportando su talento y experiencia a la comunidad.<\/p>\n\n\n\n<p><strong><em>\u00a1Mantente al tanto de los avances del proyecto y del MIZ-Lab en nuestras redes sociales y acomp\u00e1\u00f1anos en este proceso de transformaci\u00f3n!<\/em><\/strong> <\/p>\n\n\n\n<p><\/p>\n","protected":false},"excerpt":{"rendered":"<p>Made in Zaragoza, la red de econom\u00eda creativa impulsada por Zaragoza Activa, sigue comprometida con su misi\u00f3n de apoyar el comercio local, especialmente en sectores creativos y artesanales. Como parte de su iniciativa, la novena edici\u00f3n del laboratorio de innovaci\u00f3n comercial, MIZ-Lab, ha seleccionado el proyecto de Ebanister\u00eda Hermanos Blasco, una empresa familiar con m\u00e1s &hellip; <a href=\"https:\/\/madeinzaragoza.es\/blog\/ebanisteria-hermanos-blasco-miz-lab-9\/\" class=\"more-link\">Continuar leyendo<span class=\"screen-reader-text\"> \u00abEbanister\u00eda Hermanos Blasco, proyecto seleccionado para la novena edici\u00f3n del Laboratorio de Innovaci\u00f3n Comercial MIZ-Lab\u00bb<\/span><\/a><\/p>\n","protected":false},"author":22,"featured_media":42669,"comment_status":"open","ping_status":"open","sticky":false,"template":"","format":"standard","meta":{"footnotes":""},"categories":[1554,8],"tags":[1823,1614,2836],"yoast_head":"<!-- This site is optimized with the Yoast SEO plugin v19.7.2 - https:\/\/yoast.com\/wordpress\/plugins\/seo\/ -->\n<title>Ebanister\u00eda Hermanos Blasco, proyecto seleccionado para la novena edici\u00f3n del Laboratorio de Innovaci\u00f3n Comercial MIZ-Lab - Made in Zaragoza<\/title>\n<meta name=\"description\" content=\"MIZ-Lab ha seleccionado el proyecto de Ebanister\u00eda Hermanos Blasco, una empresa familiar con m\u00e1s de 20 a\u00f1os de historia y un fuerte enfoque en la fabricaci\u00f3n artesanal de muebles a medida.\" \/>\n<meta name=\"robots\" content=\"index, follow, max-snippet:-1, max-image-preview:large, max-video-preview:-1\" \/>\n<link rel=\"canonical\" href=\"https:\/\/madeinzaragoza.es\/blog\/ebanisteria-hermanos-blasco-miz-lab-9\/\" \/>\n<meta property=\"og:locale\" content=\"es_ES\" \/>\n<meta property=\"og:type\" content=\"article\" \/>\n<meta property=\"og:title\" content=\"Ebanister\u00eda Hermanos Blasco, proyecto seleccionado para la novena edici\u00f3n del Laboratorio de Innovaci\u00f3n Comercial MIZ-Lab - Made in Zaragoza\" \/>\n<meta property=\"og:description\" content=\"MIZ-Lab ha seleccionado el proyecto de Ebanister\u00eda Hermanos Blasco, una empresa familiar con m\u00e1s de 20 a\u00f1os de historia y un fuerte enfoque en la fabricaci\u00f3n artesanal de muebles a medida.\" \/>\n<meta property=\"og:url\" content=\"https:\/\/madeinzaragoza.es\/blog\/ebanisteria-hermanos-blasco-miz-lab-9\/\" \/>\n<meta property=\"og:site_name\" content=\"Made in Zaragoza\" \/>\n<meta property=\"article:publisher\" content=\"https:\/\/www.facebook.com\/madeinzaragoza.es\/\" \/>\n<meta property=\"article:author\" content=\"LasArmasZAC\" \/>\n<meta property=\"article:published_time\" content=\"2024-11-04T07:45:00+00:00\" \/>\n<meta property=\"article:modified_time\" content=\"2024-11-03T21:51:16+00:00\" \/>\n<meta property=\"og:image\" content=\"https:\/\/madeinzaragoza.es\/blog\/wp-content\/uploads\/2024\/10\/creative-man-working-woodshop-scaled.jpg\" \/>\n\t<meta property=\"og:image:width\" content=\"2560\" \/>\n\t<meta property=\"og:image:height\" content=\"1440\" \/>\n\t<meta property=\"og:image:type\" content=\"image\/jpeg\" \/>\n<meta name=\"author\" content=\"MadeinZGZ\" \/>\n<meta name=\"twitter:card\" content=\"summary\" \/>\n<meta name=\"twitter:creator\" content=\"@madeinzaragoza\" \/>\n<meta name=\"twitter:site\" content=\"@madeinzaragoza\" \/>\n<meta name=\"twitter:label1\" content=\"Escrito por\" \/>\n\t<meta name=\"twitter:data1\" content=\"MadeinZGZ\" \/>\n\t<meta name=\"twitter:label2\" content=\"Tiempo de lectura\" \/>\n\t<meta name=\"twitter:data2\" content=\"2 minutos\" \/>\n<script type=\"application\/ld+json\" class=\"yoast-schema-graph\">{\"@context\":\"https:\/\/schema.org\",\"@graph\":[{\"@type\":\"Article\",\"@id\":\"https:\/\/madeinzaragoza.es\/blog\/ebanisteria-hermanos-blasco-miz-lab-9\/#article\",\"isPartOf\":{\"@id\":\"https:\/\/madeinzaragoza.es\/blog\/ebanisteria-hermanos-blasco-miz-lab-9\/\"},\"author\":{\"name\":\"MadeinZGZ\",\"@id\":\"http:\/\/madeinzaragoza.es\/blog\/#\/schema\/person\/59f4073cf7e7bc2b2f33b48241478a32\"},\"headline\":\"Ebanister\u00eda Hermanos Blasco, proyecto seleccionado para la novena edici\u00f3n del Laboratorio de Innovaci\u00f3n Comercial MIZ-Lab\",\"datePublished\":\"2024-11-04T07:45:00+00:00\",\"dateModified\":\"2024-11-03T21:51:16+00:00\",\"mainEntityOfPage\":{\"@id\":\"https:\/\/madeinzaragoza.es\/blog\/ebanisteria-hermanos-blasco-miz-lab-9\/\"},\"wordCount\":484,\"commentCount\":0,\"publisher\":{\"@id\":\"http:\/\/madeinzaragoza.es\/blog\/#organization\"},\"keywords\":[\"laboratorio de innovaci\u00f3n comercial\",\"MIZ-LAB\",\"mizlab9\"],\"articleSection\":[\"MIZ-Lab\",\"Red MIZ\"],\"inLanguage\":\"es\",\"potentialAction\":[{\"@type\":\"CommentAction\",\"name\":\"Comment\",\"target\":[\"https:\/\/madeinzaragoza.es\/blog\/ebanisteria-hermanos-blasco-miz-lab-9\/#respond\"]}]},{\"@type\":\"WebPage\",\"@id\":\"https:\/\/madeinzaragoza.es\/blog\/ebanisteria-hermanos-blasco-miz-lab-9\/\",\"url\":\"https:\/\/madeinzaragoza.es\/blog\/ebanisteria-hermanos-blasco-miz-lab-9\/\",\"name\":\"Ebanister\u00eda Hermanos Blasco, proyecto seleccionado para la novena edici\u00f3n del Laboratorio de Innovaci\u00f3n Comercial MIZ-Lab - Made in Zaragoza\",\"isPartOf\":{\"@id\":\"http:\/\/madeinzaragoza.es\/blog\/#website\"},\"datePublished\":\"2024-11-04T07:45:00+00:00\",\"dateModified\":\"2024-11-03T21:51:16+00:00\",\"description\":\"MIZ-Lab ha seleccionado el proyecto de Ebanister\u00eda Hermanos Blasco, una empresa familiar con m\u00e1s de 20 a\u00f1os de historia y un fuerte enfoque en la fabricaci\u00f3n artesanal de muebles a medida.\",\"breadcrumb\":{\"@id\":\"https:\/\/madeinzaragoza.es\/blog\/ebanisteria-hermanos-blasco-miz-lab-9\/#breadcrumb\"},\"inLanguage\":\"es\",\"potentialAction\":[{\"@type\":\"ReadAction\",\"target\":[\"https:\/\/madeinzaragoza.es\/blog\/ebanisteria-hermanos-blasco-miz-lab-9\/\"]}]},{\"@type\":\"BreadcrumbList\",\"@id\":\"https:\/\/madeinzaragoza.es\/blog\/ebanisteria-hermanos-blasco-miz-lab-9\/#breadcrumb\",\"itemListElement\":[{\"@type\":\"ListItem\",\"position\":1,\"name\":\"Portada\",\"item\":\"http:\/\/madeinzaragoza.es\/blog\/\"},{\"@type\":\"ListItem\",\"position\":2,\"name\":\"Ebanister\u00eda Hermanos Blasco, proyecto seleccionado para la novena edici\u00f3n del Laboratorio de Innovaci\u00f3n Comercial MIZ-Lab\"}]},{\"@type\":\"WebSite\",\"@id\":\"http:\/\/madeinzaragoza.es\/blog\/#website\",\"url\":\"http:\/\/madeinzaragoza.es\/blog\/\",\"name\":\"Made in Zaragoza\",\"description\":\"Blog de MadeinZGZ, Red de Econom\u00eda Creativa de Zaragoza\",\"publisher\":{\"@id\":\"http:\/\/madeinzaragoza.es\/blog\/#organization\"},\"potentialAction\":[{\"@type\":\"SearchAction\",\"target\":{\"@type\":\"EntryPoint\",\"urlTemplate\":\"http:\/\/madeinzaragoza.es\/blog\/?s={search_term_string}\"},\"query-input\":\"required name=search_term_string\"}],\"inLanguage\":\"es\"},{\"@type\":\"Organization\",\"@id\":\"http:\/\/madeinzaragoza.es\/blog\/#organization\",\"name\":\"Made In Zaragoza\",\"url\":\"http:\/\/madeinzaragoza.es\/blog\/\",\"sameAs\":[\"https:\/\/www.instagram.com\/madeinzaragoza.es\/\",\"https:\/\/www.facebook.com\/madeinzaragoza.es\/\",\"https:\/\/twitter.com\/madeinzaragoza\"],\"logo\":{\"@type\":\"ImageObject\",\"inLanguage\":\"es\",\"@id\":\"http:\/\/madeinzaragoza.es\/blog\/#\/schema\/logo\/image\/\",\"url\":\"https:\/\/madeinzaragoza.es\/blog\/wp-content\/uploads\/2022\/05\/logo.png\",\"contentUrl\":\"https:\/\/madeinzaragoza.es\/blog\/wp-content\/uploads\/2022\/05\/logo.png\",\"width\":193,\"height\":176,\"caption\":\"Made In Zaragoza\"},\"image\":{\"@id\":\"http:\/\/madeinzaragoza.es\/blog\/#\/schema\/logo\/image\/\"}},{\"@type\":\"Person\",\"@id\":\"http:\/\/madeinzaragoza.es\/blog\/#\/schema\/person\/59f4073cf7e7bc2b2f33b48241478a32\",\"name\":\"MadeinZGZ\",\"image\":{\"@type\":\"ImageObject\",\"inLanguage\":\"es\",\"@id\":\"http:\/\/madeinzaragoza.es\/blog\/#\/schema\/person\/image\/\",\"url\":\"https:\/\/secure.gravatar.com\/avatar\/23c2456a35687aa268b52997d8f142d1?s=96&d=mm&r=g\",\"contentUrl\":\"https:\/\/secure.gravatar.com\/avatar\/23c2456a35687aa268b52997d8f142d1?s=96&d=mm&r=g\",\"caption\":\"MadeinZGZ\"},\"description\":\"Red de comercios y emprendedores creativos de Zaragoza impulsada por ZGZ Activa.\",\"sameAs\":[\"LasArmasZAC\",\"https:\/\/twitter.com\/madeinzaragoza\"],\"url\":\"https:\/\/madeinzaragoza.es\/blog\/author\/madeinzgz\/\"}]}<\/script>\n<!-- \/ Yoast SEO plugin. -->","yoast_head_json":{"title":"Ebanister\u00eda Hermanos Blasco, proyecto seleccionado para la novena edici\u00f3n del Laboratorio de Innovaci\u00f3n Comercial MIZ-Lab - Made in Zaragoza","description":"MIZ-Lab ha seleccionado el proyecto de Ebanister\u00eda Hermanos Blasco, una empresa familiar con m\u00e1s de 20 a\u00f1os de historia y un fuerte enfoque en la fabricaci\u00f3n artesanal de muebles a medida.","robots":{"index":"index","follow":"follow","max-snippet":"max-snippet:-1","max-image-preview":"max-image-preview:large","max-video-preview":"max-video-preview:-1"},"canonical":"https:\/\/madeinzaragoza.es\/blog\/ebanisteria-hermanos-blasco-miz-lab-9\/","og_locale":"es_ES","og_type":"article","og_title":"Ebanister\u00eda Hermanos Blasco, proyecto seleccionado para la novena edici\u00f3n del Laboratorio de Innovaci\u00f3n Comercial MIZ-Lab - Made in Zaragoza","og_description":"MIZ-Lab ha seleccionado el proyecto de Ebanister\u00eda Hermanos Blasco, una empresa familiar con m\u00e1s de 20 a\u00f1os de historia y un fuerte enfoque en la fabricaci\u00f3n artesanal de muebles a medida.","og_url":"https:\/\/madeinzaragoza.es\/blog\/ebanisteria-hermanos-blasco-miz-lab-9\/","og_site_name":"Made in Zaragoza","article_publisher":"https:\/\/www.facebook.com\/madeinzaragoza.es\/","article_author":"LasArmasZAC","article_published_time":"2024-11-04T07:45:00+00:00","article_modified_time":"2024-11-03T21:51:16+00:00","og_image":[{"width":2560,"height":1440,"url":"https:\/\/madeinzaragoza.es\/blog\/wp-content\/uploads\/2024\/10\/creative-man-working-woodshop-scaled.jpg","type":"image\/jpeg"}],"author":"MadeinZGZ","twitter_card":"summary","twitter_creator":"@madeinzaragoza","twitter_site":"@madeinzaragoza","twitter_misc":{"Escrito por":"MadeinZGZ","Tiempo de lectura":"2 minutos"},"schema":{"@context":"https:\/\/schema.org","@graph":[{"@type":"Article","@id":"https:\/\/madeinzaragoza.es\/blog\/ebanisteria-hermanos-blasco-miz-lab-9\/#article","isPartOf":{"@id":"https:\/\/madeinzaragoza.es\/blog\/ebanisteria-hermanos-blasco-miz-lab-9\/"},"author":{"name":"MadeinZGZ","@id":"http:\/\/madeinzaragoza.es\/blog\/#\/schema\/person\/59f4073cf7e7bc2b2f33b48241478a32"},"headline":"Ebanister\u00eda Hermanos Blasco, proyecto seleccionado para la novena edici\u00f3n del Laboratorio de Innovaci\u00f3n Comercial MIZ-Lab","datePublished":"2024-11-04T07:45:00+00:00","dateModified":"2024-11-03T21:51:16+00:00","mainEntityOfPage":{"@id":"https:\/\/madeinzaragoza.es\/blog\/ebanisteria-hermanos-blasco-miz-lab-9\/"},"wordCount":484,"commentCount":0,"publisher":{"@id":"http:\/\/madeinzaragoza.es\/blog\/#organization"},"keywords":["laboratorio de innovaci\u00f3n comercial","MIZ-LAB","mizlab9"],"articleSection":["MIZ-Lab","Red MIZ"],"inLanguage":"es","potentialAction":[{"@type":"CommentAction","name":"Comment","target":["https:\/\/madeinzaragoza.es\/blog\/ebanisteria-hermanos-blasco-miz-lab-9\/#respond"]}]},{"@type":"WebPage","@id":"https:\/\/madeinzaragoza.es\/blog\/ebanisteria-hermanos-blasco-miz-lab-9\/","url":"https:\/\/madeinzaragoza.es\/blog\/ebanisteria-hermanos-blasco-miz-lab-9\/","name":"Ebanister\u00eda Hermanos Blasco, proyecto seleccionado para la novena edici\u00f3n del Laboratorio de Innovaci\u00f3n Comercial MIZ-Lab - Made in Zaragoza","isPartOf":{"@id":"http:\/\/madeinzaragoza.es\/blog\/#website"},"datePublished":"2024-11-04T07:45:00+00:00","dateModified":"2024-11-03T21:51:16+00:00","description":"MIZ-Lab ha seleccionado el proyecto de Ebanister\u00eda Hermanos Blasco, una empresa familiar con m\u00e1s de 20 a\u00f1os de historia y un fuerte enfoque en la fabricaci\u00f3n artesanal de muebles a medida.","breadcrumb":{"@id":"https:\/\/madeinzaragoza.es\/blog\/ebanisteria-hermanos-blasco-miz-lab-9\/#breadcrumb"},"inLanguage":"es","potentialAction":[{"@type":"ReadAction","target":["https:\/\/madeinzaragoza.es\/blog\/ebanisteria-hermanos-blasco-miz-lab-9\/"]}]},{"@type":"BreadcrumbList","@id":"https:\/\/madeinzaragoza.es\/blog\/ebanisteria-hermanos-blasco-miz-lab-9\/#breadcrumb","itemListElement":[{"@type":"ListItem","position":1,"name":"Portada","item":"http:\/\/madeinzaragoza.es\/blog\/"},{"@type":"ListItem","position":2,"name":"Ebanister\u00eda Hermanos Blasco, proyecto seleccionado para la novena edici\u00f3n del Laboratorio de Innovaci\u00f3n Comercial MIZ-Lab"}]},{"@type":"WebSite","@id":"http:\/\/madeinzaragoza.es\/blog\/#website","url":"http:\/\/madeinzaragoza.es\/blog\/","name":"Made in Zaragoza","description":"Blog de MadeinZGZ, Red de Econom\u00eda Creativa de Zaragoza","publisher":{"@id":"http:\/\/madeinzaragoza.es\/blog\/#organization"},"potentialAction":[{"@type":"SearchAction","target":{"@type":"EntryPoint","urlTemplate":"http:\/\/madeinzaragoza.es\/blog\/?s={search_term_string}"},"query-input":"required name=search_term_string"}],"inLanguage":"es"},{"@type":"Organization","@id":"http:\/\/madeinzaragoza.es\/blog\/#organization","name":"Made In Zaragoza","url":"http:\/\/madeinzaragoza.es\/blog\/","sameAs":["https:\/\/www.instagram.com\/madeinzaragoza.es\/","https:\/\/www.facebook.com\/madeinzaragoza.es\/","https:\/\/twitter.com\/madeinzaragoza"],"logo":{"@type":"ImageObject","inLanguage":"es","@id":"http:\/\/madeinzaragoza.es\/blog\/#\/schema\/logo\/image\/","url":"https:\/\/madeinzaragoza.es\/blog\/wp-content\/uploads\/2022\/05\/logo.png","contentUrl":"https:\/\/madeinzaragoza.es\/blog\/wp-content\/uploads\/2022\/05\/logo.png","width":193,"height":176,"caption":"Made In Zaragoza"},"image":{"@id":"http:\/\/madeinzaragoza.es\/blog\/#\/schema\/logo\/image\/"}},{"@type":"Person","@id":"http:\/\/madeinzaragoza.es\/blog\/#\/schema\/person\/59f4073cf7e7bc2b2f33b48241478a32","name":"MadeinZGZ","image":{"@type":"ImageObject","inLanguage":"es","@id":"http:\/\/madeinzaragoza.es\/blog\/#\/schema\/person\/image\/","url":"https:\/\/secure.gravatar.com\/avatar\/23c2456a35687aa268b52997d8f142d1?s=96&d=mm&r=g","contentUrl":"https:\/\/secure.gravatar.com\/avatar\/23c2456a35687aa268b52997d8f142d1?s=96&d=mm&r=g","caption":"MadeinZGZ"},"description":"Red de comercios y emprendedores creativos de Zaragoza impulsada por ZGZ Activa.","sameAs":["LasArmasZAC","https:\/\/twitter.com\/madeinzaragoza"],"url":"https:\/\/madeinzaragoza.es\/blog\/author\/madeinzgz\/"}]}},"_links":{"self":[{"href":"https:\/\/madeinzaragoza.es\/blog\/wp-json\/wp\/v2\/posts\/42635"}],"collection":[{"href":"https:\/\/madeinzaragoza.es\/blog\/wp-json\/wp\/v2\/posts"}],"about":[{"href":"https:\/\/madeinzaragoza.es\/blog\/wp-json\/wp\/v2\/types\/post"}],"author":[{"embeddable":true,"href":"https:\/\/madeinzaragoza.es\/blog\/wp-json\/wp\/v2\/users\/22"}],"replies":[{"embeddable":true,"href":"https:\/\/madeinzaragoza.es\/blog\/wp-json\/wp\/v2\/comments?post=42635"}],"version-history":[{"count":4,"href":"https:\/\/madeinzaragoza.es\/blog\/wp-json\/wp\/v2\/posts\/42635\/revisions"}],"predecessor-version":[{"id":42673,"href":"https:\/\/madeinzaragoza.es\/blog\/wp-json\/wp\/v2\/posts\/42635\/revisions\/42673"}],"wp:featuredmedia":[{"embeddable":true,"href":"https:\/\/madeinzaragoza.es\/blog\/wp-json\/wp\/v2\/media\/42669"}],"wp:attachment":[{"href":"https:\/\/madeinzaragoza.es\/blog\/wp-json\/wp\/v2\/media?parent=42635"}],"wp:term":[{"taxonomy":"category","embeddable":true,"href":"https:\/\/madeinzaragoza.es\/blog\/wp-json\/wp\/v2\/categories?post=42635"},{"taxonomy":"post_tag","embeddable":true,"href":"https:\/\/madeinzaragoza.es\/blog\/wp-json\/wp\/v2\/tags?post=42635"}],"curies":[{"name":"wp","href":"https:\/\/api.w.org\/{rel}","templated":true}]}}