{"id":42553,"date":"2024-10-24T02:10:30","date_gmt":"2024-10-24T01:10:30","guid":{"rendered":"https:\/\/madeinzaragoza.es\/blog\/?p=42553"},"modified":"2024-10-24T17:53:18","modified_gmt":"2024-10-24T16:53:18","slug":"diversidad-de-mercedes-millan-y-flaneur-de-pepe-torrecilla-2-ceramistas-en-torreon-fortea","status":"publish","type":"post","link":"https:\/\/madeinzaragoza.es\/blog\/diversidad-de-mercedes-millan-y-flaneur-de-pepe-torrecilla-2-ceramistas-en-torreon-fortea\/","title":{"rendered":"\u00abDiversidad\u00bb de Mercedes Mill\u00e1n y \u00abFl\u00e2neur\u00bb de Pepe Torrecilla, 2 ceramistas en Torre\u00f3n Fortea."},"content":{"rendered":"\n<p>Un universo de color, vida y luz mezclado con materiales nobles da sentido a una explosi\u00f3n de creatividad e imaginaci\u00f3n que nos transporta a un mundo de Diversidad de paisajes, naturaleza, arte y seres vivos. <br><br>La ceramista <strong><a href=\"https:\/\/www.facebook.com\/terracotasmercedesmillan\">Mercedes Mill\u00e1n<\/a> <\/strong>con \u201c<em><strong>Diversidad<\/strong><\/em>\u201d nos comparte su particular visi\u00f3n de la vida.<br>De la mano de un simp\u00e1tico personaje de cer\u00e1mica, <strong>Pepe Torrecilla<\/strong>, a trav\u00e9s de \u00ab<em><strong>Fl\u00e2neur<\/strong><\/em>\u00bb nos invita a pasear y descubrir el paisaje mirando desde nuestro interior.<br><br><strong>Mercedes <\/strong>y <strong>Pepe <\/strong>nos gu\u00edan y explican esta muestra \u00ab<strong><a href=\"https:\/\/www.zaragoza.es\/sede\/servicio\/cultura\/evento\/283084\">Cer\u00e1mica. Pepe Torrecilla &amp; Mercedes Mill\u00e1n\u00bb<\/a><\/strong> que se encuentra inscrita en el certamen internacional de Cer\u00e1mica Contempor\u00e1nea <strong>CERCO <\/strong>y que, hasta el 24 de noviembre, alberga el <strong>Torre\u00f3n Fortea<\/strong>.<\/p>\n\n\n\n<figure class=\"wp-block-image size-large\"><img loading=\"lazy\" decoding=\"async\" width=\"1024\" height=\"766\" src=\"https:\/\/madeinzaragoza.es\/blog\/wp-content\/uploads\/2024\/10\/Mercedes-Millan-Pepe-Torrecilla-Blogssipgirl-181024-15-1-1024x766.jpg\" alt=\"\" class=\"wp-image-42576\" srcset=\"https:\/\/madeinzaragoza.es\/blog\/wp-content\/uploads\/2024\/10\/Mercedes-Millan-Pepe-Torrecilla-Blogssipgirl-181024-15-1-1024x766.jpg 1024w, https:\/\/madeinzaragoza.es\/blog\/wp-content\/uploads\/2024\/10\/Mercedes-Millan-Pepe-Torrecilla-Blogssipgirl-181024-15-1-450x337.jpg 450w, https:\/\/madeinzaragoza.es\/blog\/wp-content\/uploads\/2024\/10\/Mercedes-Millan-Pepe-Torrecilla-Blogssipgirl-181024-15-1-768x574.jpg 768w, https:\/\/madeinzaragoza.es\/blog\/wp-content\/uploads\/2024\/10\/Mercedes-Millan-Pepe-Torrecilla-Blogssipgirl-181024-15-1-1536x1149.jpg 1536w, https:\/\/madeinzaragoza.es\/blog\/wp-content\/uploads\/2024\/10\/Mercedes-Millan-Pepe-Torrecilla-Blogssipgirl-181024-15-1-1200x898.jpg 1200w, https:\/\/madeinzaragoza.es\/blog\/wp-content\/uploads\/2024\/10\/Mercedes-Millan-Pepe-Torrecilla-Blogssipgirl-181024-15-1.jpg 2000w\" sizes=\"(max-width: 709px) 85vw, (max-width: 909px) 67vw, (max-width: 1362px) 62vw, 840px\" \/><\/figure>\n\n\n\n<p><\/p>\n\n\n\n<p><strong>Mercedes Mill\u00e1n<\/strong> es una persona creativa que trabaja el barro, la arcilla y la cer\u00e1mica desde hace muchos a\u00f1os y a la que le sigue apasionando, como el primer d\u00eda, plasmar sus ideas e inquietudes en este soporte. Ya desde peque\u00f1a so\u00f1aba con el mundo del arte, le entusiasmaba todo lo creativo, la pintura, los dibujos, el modelar y crear magia con su manos&#8230; <br><br>Toda esa pasi\u00f3n le llev\u00f3 a estudiar en la Escuela de Artes de Zaragoza y hoy en d\u00eda se le considera una de las ceramistas m\u00e1s reconocidas de nuestra tierra.<\/p>\n\n\n\n<p><\/p>\n\n\n\n<figure class=\"wp-block-image size-large\"><img loading=\"lazy\" decoding=\"async\" width=\"1024\" height=\"766\" src=\"https:\/\/madeinzaragoza.es\/blog\/wp-content\/uploads\/2024\/10\/Mercedes-Millan-Pepe-Torrecilla-Blogssipgirl-181024-2-1024x766.jpg\" alt=\"\" class=\"wp-image-42556\" srcset=\"https:\/\/madeinzaragoza.es\/blog\/wp-content\/uploads\/2024\/10\/Mercedes-Millan-Pepe-Torrecilla-Blogssipgirl-181024-2-1024x766.jpg 1024w, https:\/\/madeinzaragoza.es\/blog\/wp-content\/uploads\/2024\/10\/Mercedes-Millan-Pepe-Torrecilla-Blogssipgirl-181024-2-450x337.jpg 450w, https:\/\/madeinzaragoza.es\/blog\/wp-content\/uploads\/2024\/10\/Mercedes-Millan-Pepe-Torrecilla-Blogssipgirl-181024-2-768x574.jpg 768w, https:\/\/madeinzaragoza.es\/blog\/wp-content\/uploads\/2024\/10\/Mercedes-Millan-Pepe-Torrecilla-Blogssipgirl-181024-2-1536x1149.jpg 1536w, https:\/\/madeinzaragoza.es\/blog\/wp-content\/uploads\/2024\/10\/Mercedes-Millan-Pepe-Torrecilla-Blogssipgirl-181024-2-1200x898.jpg 1200w, https:\/\/madeinzaragoza.es\/blog\/wp-content\/uploads\/2024\/10\/Mercedes-Millan-Pepe-Torrecilla-Blogssipgirl-181024-2.jpg 2000w\" sizes=\"(max-width: 709px) 85vw, (max-width: 909px) 67vw, (max-width: 1362px) 62vw, 840px\" \/><\/figure>\n\n\n\n<p><\/p>\n\n\n\n<p><strong>\u00bfDesde cu\u00e1ndo sientes esa pasi\u00f3n por la cer\u00e1mica y por crear ese universo enigm\u00e1tico que proyectan tus obras?<\/strong> <\/p>\n\n\n\n<p>El modelado y la escultura, fueron durante una \u00e9poca mi prioridad, redescubr\u00ed la cer\u00e1mica, gracias al festival de CERCO mostrando obras de autor de artistas internacionales que despertaron mi curiosidad por esta t\u00e9cnica, enganch\u00e1ndome al torno que es pura magia.<\/p>\n\n\n\n<p><\/p>\n\n\n\n<figure class=\"wp-block-image size-large\"><img loading=\"lazy\" decoding=\"async\" width=\"1024\" height=\"1024\" src=\"http:\/\/madeinzaragoza.es\/blog\/wp-content\/uploads\/2024\/10\/Mercedes-Millan-5-1024x1024.jpg\" alt=\"\" class=\"wp-image-42557\" srcset=\"https:\/\/madeinzaragoza.es\/blog\/wp-content\/uploads\/2024\/10\/Mercedes-Millan-5-1024x1024.jpg 1024w, https:\/\/madeinzaragoza.es\/blog\/wp-content\/uploads\/2024\/10\/Mercedes-Millan-5-450x450.jpg 450w, https:\/\/madeinzaragoza.es\/blog\/wp-content\/uploads\/2024\/10\/Mercedes-Millan-5-150x150.jpg 150w, https:\/\/madeinzaragoza.es\/blog\/wp-content\/uploads\/2024\/10\/Mercedes-Millan-5-768x768.jpg 768w, https:\/\/madeinzaragoza.es\/blog\/wp-content\/uploads\/2024\/10\/Mercedes-Millan-5-120x120.jpg 120w, https:\/\/madeinzaragoza.es\/blog\/wp-content\/uploads\/2024\/10\/Mercedes-Millan-5.jpg 1080w\" sizes=\"(max-width: 709px) 85vw, (max-width: 909px) 67vw, (max-width: 1362px) 62vw, 840px\" \/><\/figure>\n\n\n\n<p><\/p>\n\n\n\n<p><strong>\u00bfQu\u00e9 quieres transmitir con tus obras? \u00bfEn qu\u00e9 te inspiras a la hora de crear?<\/strong> <\/p>\n\n\n\n<p>Con un estilo figurativo aunque no realista, suelo plantearme un tema que me resulte interesante en cada momento creativo y entonces realizo una serie de piezas con el tema elegido.<\/p>\n\n\n\n<p><\/p>\n\n\n\n<figure class=\"wp-block-image size-large\"><img loading=\"lazy\" decoding=\"async\" width=\"1024\" height=\"771\" src=\"https:\/\/madeinzaragoza.es\/blog\/wp-content\/uploads\/2024\/10\/Mercedes-Millan-Pepe-Torrecilla-Blogssipgirl-181024-20-1024x771.jpg\" alt=\"\" class=\"wp-image-42570\" srcset=\"https:\/\/madeinzaragoza.es\/blog\/wp-content\/uploads\/2024\/10\/Mercedes-Millan-Pepe-Torrecilla-Blogssipgirl-181024-20-1024x771.jpg 1024w, https:\/\/madeinzaragoza.es\/blog\/wp-content\/uploads\/2024\/10\/Mercedes-Millan-Pepe-Torrecilla-Blogssipgirl-181024-20-450x339.jpg 450w, https:\/\/madeinzaragoza.es\/blog\/wp-content\/uploads\/2024\/10\/Mercedes-Millan-Pepe-Torrecilla-Blogssipgirl-181024-20-768x578.jpg 768w, https:\/\/madeinzaragoza.es\/blog\/wp-content\/uploads\/2024\/10\/Mercedes-Millan-Pepe-Torrecilla-Blogssipgirl-181024-20-1536x1156.jpg 1536w, https:\/\/madeinzaragoza.es\/blog\/wp-content\/uploads\/2024\/10\/Mercedes-Millan-Pepe-Torrecilla-Blogssipgirl-181024-20-1200x903.jpg 1200w, https:\/\/madeinzaragoza.es\/blog\/wp-content\/uploads\/2024\/10\/Mercedes-Millan-Pepe-Torrecilla-Blogssipgirl-181024-20.jpg 1913w\" sizes=\"(max-width: 709px) 85vw, (max-width: 909px) 67vw, (max-width: 1362px) 62vw, 840px\" \/><\/figure>\n\n\n\n<p><\/p>\n\n\n\n<p><strong>\u00bfQu\u00e9 materiales utilizas en tus creaciones?<\/strong> <\/p>\n\n\n\n<p>Me gusta trabajar el barro, la arcilla, la cer\u00e1mica, el hierro o la madera que forma parte de estructuras anteriores, como vigas de casas antiguas.<\/p>\n\n\n\n<p><\/p>\n\n\n\n<figure class=\"wp-block-image size-large\"><img loading=\"lazy\" decoding=\"async\" width=\"1024\" height=\"1024\" src=\"https:\/\/madeinzaragoza.es\/blog\/wp-content\/uploads\/2024\/10\/Mercedes-Millan-4-1024x1024.jpg\" alt=\"\" class=\"wp-image-42559\" srcset=\"https:\/\/madeinzaragoza.es\/blog\/wp-content\/uploads\/2024\/10\/Mercedes-Millan-4-1024x1024.jpg 1024w, https:\/\/madeinzaragoza.es\/blog\/wp-content\/uploads\/2024\/10\/Mercedes-Millan-4-450x450.jpg 450w, https:\/\/madeinzaragoza.es\/blog\/wp-content\/uploads\/2024\/10\/Mercedes-Millan-4-150x150.jpg 150w, https:\/\/madeinzaragoza.es\/blog\/wp-content\/uploads\/2024\/10\/Mercedes-Millan-4-768x768.jpg 768w, https:\/\/madeinzaragoza.es\/blog\/wp-content\/uploads\/2024\/10\/Mercedes-Millan-4-1536x1536.jpg 1536w, https:\/\/madeinzaragoza.es\/blog\/wp-content\/uploads\/2024\/10\/Mercedes-Millan-4-1200x1200.jpg 1200w, https:\/\/madeinzaragoza.es\/blog\/wp-content\/uploads\/2024\/10\/Mercedes-Millan-4-120x120.jpg 120w, https:\/\/madeinzaragoza.es\/blog\/wp-content\/uploads\/2024\/10\/Mercedes-Millan-4.jpg 1728w\" sizes=\"(max-width: 709px) 85vw, (max-width: 909px) 67vw, (max-width: 1362px) 62vw, 840px\" \/><\/figure>\n\n\n\n<p><\/p>\n\n\n\n<p><strong>Tu obra, de la exposici\u00f3n \u00abDiversidad\u00bb, forma parte del Certamen Internacional de Cer\u00e1mica Contempor\u00e1nea, CERCO \u00bfQu\u00e9 sientes al encontrarte dentro de esta muestra por excelencia de cer\u00e1mica en Arag\u00f3n?<\/strong> <\/p>\n\n\n\n<p>Es un orgullo encontrarme dentro de esta muestra que lleva a\u00f1os en Zaragoza y que le ha puesto en el mapa contando con grandes ceramistas. A la vez ha abierto ventanas a muchos artistas de todo el mundo.<\/p>\n\n\n\n<p><\/p>\n\n\n\n<figure class=\"wp-block-image size-large\"><img loading=\"lazy\" decoding=\"async\" width=\"1024\" height=\"766\" src=\"https:\/\/madeinzaragoza.es\/blog\/wp-content\/uploads\/2024\/10\/Mercedes-Millan-Pepe-Torrecilla-Blogssipgirl-181024-8-1024x766.jpg\" alt=\"\" class=\"wp-image-42571\" srcset=\"https:\/\/madeinzaragoza.es\/blog\/wp-content\/uploads\/2024\/10\/Mercedes-Millan-Pepe-Torrecilla-Blogssipgirl-181024-8-1024x766.jpg 1024w, https:\/\/madeinzaragoza.es\/blog\/wp-content\/uploads\/2024\/10\/Mercedes-Millan-Pepe-Torrecilla-Blogssipgirl-181024-8-450x337.jpg 450w, https:\/\/madeinzaragoza.es\/blog\/wp-content\/uploads\/2024\/10\/Mercedes-Millan-Pepe-Torrecilla-Blogssipgirl-181024-8-768x574.jpg 768w, https:\/\/madeinzaragoza.es\/blog\/wp-content\/uploads\/2024\/10\/Mercedes-Millan-Pepe-Torrecilla-Blogssipgirl-181024-8-1536x1149.jpg 1536w, https:\/\/madeinzaragoza.es\/blog\/wp-content\/uploads\/2024\/10\/Mercedes-Millan-Pepe-Torrecilla-Blogssipgirl-181024-8-1200x898.jpg 1200w, https:\/\/madeinzaragoza.es\/blog\/wp-content\/uploads\/2024\/10\/Mercedes-Millan-Pepe-Torrecilla-Blogssipgirl-181024-8.jpg 2000w\" sizes=\"(max-width: 709px) 85vw, (max-width: 909px) 67vw, (max-width: 1362px) 62vw, 840px\" \/><\/figure>\n\n\n\n<p><\/p>\n\n\n\n<p><strong>\u00bfQu\u00e9 vamos a encontrar en \u00abDiversidad\u00bb?<\/strong> <\/p>\n\n\n\n<p>En esta muestra, mis piezas transmiten aspectos relacionados con la diversidad en paisajes, vegetales, animales, seres humanos\u2026 Encontramos personajes irreales, imaginarios que representan la gran diversidad que tenemos en la tierra y que constituye una riqueza, en la que no sobra nadie y nos enriquece a todos. <\/p>\n\n\n\n<p>Otras piezas muestran seres acu\u00e1ticos inventados, pero como una posibilidad de que la evoluci\u00f3n hubiera podido generar cualquier tipo de ser. Intento plasmar el agua ya que es donde se origin\u00f3 much\u00edsima vida. Mezclo hierro y madera, troncos que vienen de casas antiguas del Pirineo. <\/p>\n\n\n\n<p>El origen de la vida tambi\u00e9n est\u00e1 representado. As\u00ed como los seres humanos, todos somos distintos, diferentes cuerpos, ideolog\u00edas, mentalidades, razas y pensamientos, pero todos tenemos que permanecer unidos y respet\u00e1ndonos.<br><\/p>\n\n\n\n<figure class=\"wp-block-gallery has-nested-images columns-default is-cropped wp-block-gallery-1 is-layout-flex wp-block-gallery-is-layout-flex\">\n<figure class=\"wp-block-image size-large\"><img loading=\"lazy\" decoding=\"async\" width=\"1024\" height=\"766\" data-id=\"42560\" src=\"https:\/\/madeinzaragoza.es\/blog\/wp-content\/uploads\/2024\/10\/Mercedes-Millan-Pepe-Torrecilla-Blogssipgirl-181024-1-1024x766.jpg\" alt=\"\" class=\"wp-image-42560\" srcset=\"https:\/\/madeinzaragoza.es\/blog\/wp-content\/uploads\/2024\/10\/Mercedes-Millan-Pepe-Torrecilla-Blogssipgirl-181024-1-1024x766.jpg 1024w, https:\/\/madeinzaragoza.es\/blog\/wp-content\/uploads\/2024\/10\/Mercedes-Millan-Pepe-Torrecilla-Blogssipgirl-181024-1-450x337.jpg 450w, https:\/\/madeinzaragoza.es\/blog\/wp-content\/uploads\/2024\/10\/Mercedes-Millan-Pepe-Torrecilla-Blogssipgirl-181024-1-768x574.jpg 768w, https:\/\/madeinzaragoza.es\/blog\/wp-content\/uploads\/2024\/10\/Mercedes-Millan-Pepe-Torrecilla-Blogssipgirl-181024-1-1536x1149.jpg 1536w, https:\/\/madeinzaragoza.es\/blog\/wp-content\/uploads\/2024\/10\/Mercedes-Millan-Pepe-Torrecilla-Blogssipgirl-181024-1-1200x898.jpg 1200w, https:\/\/madeinzaragoza.es\/blog\/wp-content\/uploads\/2024\/10\/Mercedes-Millan-Pepe-Torrecilla-Blogssipgirl-181024-1.jpg 2000w\" sizes=\"(max-width: 709px) 85vw, (max-width: 909px) 67vw, (max-width: 1362px) 62vw, 840px\" \/><\/figure>\n\n\n\n<figure class=\"wp-block-image size-large\"><img loading=\"lazy\" decoding=\"async\" width=\"1024\" height=\"766\" data-id=\"42564\" src=\"https:\/\/madeinzaragoza.es\/blog\/wp-content\/uploads\/2024\/10\/Mercedes-Millan-Pepe-Torrecilla-Blogssipgirl-181024-12-1024x766.jpg\" alt=\"\" class=\"wp-image-42564\" srcset=\"https:\/\/madeinzaragoza.es\/blog\/wp-content\/uploads\/2024\/10\/Mercedes-Millan-Pepe-Torrecilla-Blogssipgirl-181024-12-1024x766.jpg 1024w, https:\/\/madeinzaragoza.es\/blog\/wp-content\/uploads\/2024\/10\/Mercedes-Millan-Pepe-Torrecilla-Blogssipgirl-181024-12-450x337.jpg 450w, https:\/\/madeinzaragoza.es\/blog\/wp-content\/uploads\/2024\/10\/Mercedes-Millan-Pepe-Torrecilla-Blogssipgirl-181024-12-768x574.jpg 768w, https:\/\/madeinzaragoza.es\/blog\/wp-content\/uploads\/2024\/10\/Mercedes-Millan-Pepe-Torrecilla-Blogssipgirl-181024-12-1536x1149.jpg 1536w, https:\/\/madeinzaragoza.es\/blog\/wp-content\/uploads\/2024\/10\/Mercedes-Millan-Pepe-Torrecilla-Blogssipgirl-181024-12-1200x898.jpg 1200w, https:\/\/madeinzaragoza.es\/blog\/wp-content\/uploads\/2024\/10\/Mercedes-Millan-Pepe-Torrecilla-Blogssipgirl-181024-12.jpg 2000w\" sizes=\"(max-width: 709px) 85vw, (max-width: 909px) 67vw, (max-width: 1362px) 62vw, 840px\" \/><\/figure>\n\n\n\n<figure class=\"wp-block-image size-large\"><img loading=\"lazy\" decoding=\"async\" width=\"1024\" height=\"828\" data-id=\"42565\" src=\"https:\/\/madeinzaragoza.es\/blog\/wp-content\/uploads\/2024\/10\/Mercedes-Millan-Pepe-Torrecilla-Blogssipgirl-181024-13-1024x828.jpg\" alt=\"\" class=\"wp-image-42565\" srcset=\"https:\/\/madeinzaragoza.es\/blog\/wp-content\/uploads\/2024\/10\/Mercedes-Millan-Pepe-Torrecilla-Blogssipgirl-181024-13-1024x828.jpg 1024w, https:\/\/madeinzaragoza.es\/blog\/wp-content\/uploads\/2024\/10\/Mercedes-Millan-Pepe-Torrecilla-Blogssipgirl-181024-13-450x364.jpg 450w, https:\/\/madeinzaragoza.es\/blog\/wp-content\/uploads\/2024\/10\/Mercedes-Millan-Pepe-Torrecilla-Blogssipgirl-181024-13-768x621.jpg 768w, https:\/\/madeinzaragoza.es\/blog\/wp-content\/uploads\/2024\/10\/Mercedes-Millan-Pepe-Torrecilla-Blogssipgirl-181024-13-1536x1241.jpg 1536w, https:\/\/madeinzaragoza.es\/blog\/wp-content\/uploads\/2024\/10\/Mercedes-Millan-Pepe-Torrecilla-Blogssipgirl-181024-13-1200x970.jpg 1200w, https:\/\/madeinzaragoza.es\/blog\/wp-content\/uploads\/2024\/10\/Mercedes-Millan-Pepe-Torrecilla-Blogssipgirl-181024-13.jpg 1720w\" sizes=\"(max-width: 709px) 85vw, (max-width: 909px) 67vw, (max-width: 1362px) 62vw, 840px\" \/><\/figure>\n\n\n\n<figure class=\"wp-block-image size-large\"><img loading=\"lazy\" decoding=\"async\" width=\"1024\" height=\"766\" data-id=\"42561\" src=\"https:\/\/madeinzaragoza.es\/blog\/wp-content\/uploads\/2024\/10\/Mercedes-Millan-Pepe-Torrecilla-Blogssipgirl-181024-14-1024x766.jpg\" alt=\"\" class=\"wp-image-42561\" srcset=\"https:\/\/madeinzaragoza.es\/blog\/wp-content\/uploads\/2024\/10\/Mercedes-Millan-Pepe-Torrecilla-Blogssipgirl-181024-14-1024x766.jpg 1024w, https:\/\/madeinzaragoza.es\/blog\/wp-content\/uploads\/2024\/10\/Mercedes-Millan-Pepe-Torrecilla-Blogssipgirl-181024-14-450x337.jpg 450w, https:\/\/madeinzaragoza.es\/blog\/wp-content\/uploads\/2024\/10\/Mercedes-Millan-Pepe-Torrecilla-Blogssipgirl-181024-14-768x574.jpg 768w, https:\/\/madeinzaragoza.es\/blog\/wp-content\/uploads\/2024\/10\/Mercedes-Millan-Pepe-Torrecilla-Blogssipgirl-181024-14-1536x1149.jpg 1536w, https:\/\/madeinzaragoza.es\/blog\/wp-content\/uploads\/2024\/10\/Mercedes-Millan-Pepe-Torrecilla-Blogssipgirl-181024-14-1200x898.jpg 1200w, https:\/\/madeinzaragoza.es\/blog\/wp-content\/uploads\/2024\/10\/Mercedes-Millan-Pepe-Torrecilla-Blogssipgirl-181024-14.jpg 2000w\" sizes=\"(max-width: 709px) 85vw, (max-width: 909px) 67vw, (max-width: 1362px) 62vw, 840px\" \/><\/figure>\n\n\n\n<figure class=\"wp-block-image size-large\"><img loading=\"lazy\" decoding=\"async\" width=\"1024\" height=\"766\" data-id=\"42563\" src=\"https:\/\/madeinzaragoza.es\/blog\/wp-content\/uploads\/2024\/10\/Mercedes-Millan-Pepe-Torrecilla-Blogssipgirl-181024-17-1024x766.jpg\" alt=\"\" class=\"wp-image-42563\" srcset=\"https:\/\/madeinzaragoza.es\/blog\/wp-content\/uploads\/2024\/10\/Mercedes-Millan-Pepe-Torrecilla-Blogssipgirl-181024-17-1024x766.jpg 1024w, https:\/\/madeinzaragoza.es\/blog\/wp-content\/uploads\/2024\/10\/Mercedes-Millan-Pepe-Torrecilla-Blogssipgirl-181024-17-450x337.jpg 450w, https:\/\/madeinzaragoza.es\/blog\/wp-content\/uploads\/2024\/10\/Mercedes-Millan-Pepe-Torrecilla-Blogssipgirl-181024-17-768x574.jpg 768w, https:\/\/madeinzaragoza.es\/blog\/wp-content\/uploads\/2024\/10\/Mercedes-Millan-Pepe-Torrecilla-Blogssipgirl-181024-17-1536x1149.jpg 1536w, https:\/\/madeinzaragoza.es\/blog\/wp-content\/uploads\/2024\/10\/Mercedes-Millan-Pepe-Torrecilla-Blogssipgirl-181024-17-1200x898.jpg 1200w, https:\/\/madeinzaragoza.es\/blog\/wp-content\/uploads\/2024\/10\/Mercedes-Millan-Pepe-Torrecilla-Blogssipgirl-181024-17.jpg 2000w\" sizes=\"(max-width: 709px) 85vw, (max-width: 909px) 67vw, (max-width: 1362px) 62vw, 840px\" \/><\/figure>\n\n\n\n<figure class=\"wp-block-image size-large\"><img loading=\"lazy\" decoding=\"async\" width=\"1024\" height=\"766\" data-id=\"42567\" src=\"https:\/\/madeinzaragoza.es\/blog\/wp-content\/uploads\/2024\/10\/Mercedes-Millan-Pepe-Torrecilla-Blogssipgirl-181024-21-1024x766.jpg\" alt=\"\" class=\"wp-image-42567\" srcset=\"https:\/\/madeinzaragoza.es\/blog\/wp-content\/uploads\/2024\/10\/Mercedes-Millan-Pepe-Torrecilla-Blogssipgirl-181024-21-1024x766.jpg 1024w, https:\/\/madeinzaragoza.es\/blog\/wp-content\/uploads\/2024\/10\/Mercedes-Millan-Pepe-Torrecilla-Blogssipgirl-181024-21-450x337.jpg 450w, https:\/\/madeinzaragoza.es\/blog\/wp-content\/uploads\/2024\/10\/Mercedes-Millan-Pepe-Torrecilla-Blogssipgirl-181024-21-768x574.jpg 768w, https:\/\/madeinzaragoza.es\/blog\/wp-content\/uploads\/2024\/10\/Mercedes-Millan-Pepe-Torrecilla-Blogssipgirl-181024-21-1536x1149.jpg 1536w, https:\/\/madeinzaragoza.es\/blog\/wp-content\/uploads\/2024\/10\/Mercedes-Millan-Pepe-Torrecilla-Blogssipgirl-181024-21-1200x898.jpg 1200w, https:\/\/madeinzaragoza.es\/blog\/wp-content\/uploads\/2024\/10\/Mercedes-Millan-Pepe-Torrecilla-Blogssipgirl-181024-21.jpg 2000w\" sizes=\"(max-width: 709px) 85vw, (max-width: 909px) 67vw, (max-width: 1362px) 62vw, 840px\" \/><\/figure>\n\n\n\n<figure class=\"wp-block-image size-large\"><img loading=\"lazy\" decoding=\"async\" width=\"1024\" height=\"766\" data-id=\"42562\" src=\"https:\/\/madeinzaragoza.es\/blog\/wp-content\/uploads\/2024\/10\/Mercedes-Millan-Pepe-Torrecilla-Blogssipgirl-181024-22-1024x766.jpg\" alt=\"\" class=\"wp-image-42562\" srcset=\"https:\/\/madeinzaragoza.es\/blog\/wp-content\/uploads\/2024\/10\/Mercedes-Millan-Pepe-Torrecilla-Blogssipgirl-181024-22-1024x766.jpg 1024w, https:\/\/madeinzaragoza.es\/blog\/wp-content\/uploads\/2024\/10\/Mercedes-Millan-Pepe-Torrecilla-Blogssipgirl-181024-22-450x337.jpg 450w, https:\/\/madeinzaragoza.es\/blog\/wp-content\/uploads\/2024\/10\/Mercedes-Millan-Pepe-Torrecilla-Blogssipgirl-181024-22-768x574.jpg 768w, https:\/\/madeinzaragoza.es\/blog\/wp-content\/uploads\/2024\/10\/Mercedes-Millan-Pepe-Torrecilla-Blogssipgirl-181024-22-1536x1149.jpg 1536w, https:\/\/madeinzaragoza.es\/blog\/wp-content\/uploads\/2024\/10\/Mercedes-Millan-Pepe-Torrecilla-Blogssipgirl-181024-22-1200x898.jpg 1200w, https:\/\/madeinzaragoza.es\/blog\/wp-content\/uploads\/2024\/10\/Mercedes-Millan-Pepe-Torrecilla-Blogssipgirl-181024-22.jpg 2000w\" sizes=\"(max-width: 709px) 85vw, (max-width: 909px) 67vw, (max-width: 1362px) 62vw, 840px\" \/><\/figure>\n\n\n\n<figure class=\"wp-block-image size-large\"><img loading=\"lazy\" decoding=\"async\" width=\"1024\" height=\"766\" data-id=\"42566\" src=\"https:\/\/madeinzaragoza.es\/blog\/wp-content\/uploads\/2024\/10\/Mercedes-Millan-Pepe-Torrecilla-Blogssipgirl-181024-25-1024x766.jpg\" alt=\"\" class=\"wp-image-42566\" srcset=\"https:\/\/madeinzaragoza.es\/blog\/wp-content\/uploads\/2024\/10\/Mercedes-Millan-Pepe-Torrecilla-Blogssipgirl-181024-25-1024x766.jpg 1024w, https:\/\/madeinzaragoza.es\/blog\/wp-content\/uploads\/2024\/10\/Mercedes-Millan-Pepe-Torrecilla-Blogssipgirl-181024-25-450x337.jpg 450w, https:\/\/madeinzaragoza.es\/blog\/wp-content\/uploads\/2024\/10\/Mercedes-Millan-Pepe-Torrecilla-Blogssipgirl-181024-25-768x574.jpg 768w, https:\/\/madeinzaragoza.es\/blog\/wp-content\/uploads\/2024\/10\/Mercedes-Millan-Pepe-Torrecilla-Blogssipgirl-181024-25-1536x1149.jpg 1536w, https:\/\/madeinzaragoza.es\/blog\/wp-content\/uploads\/2024\/10\/Mercedes-Millan-Pepe-Torrecilla-Blogssipgirl-181024-25-1200x898.jpg 1200w, https:\/\/madeinzaragoza.es\/blog\/wp-content\/uploads\/2024\/10\/Mercedes-Millan-Pepe-Torrecilla-Blogssipgirl-181024-25.jpg 2000w\" sizes=\"(max-width: 709px) 85vw, (max-width: 909px) 67vw, (max-width: 1362px) 62vw, 840px\" \/><\/figure>\n\n\n\n<figure class=\"wp-block-image size-large\"><img loading=\"lazy\" decoding=\"async\" width=\"1024\" height=\"1005\" data-id=\"42579\" src=\"https:\/\/madeinzaragoza.es\/blog\/wp-content\/uploads\/2024\/10\/93d4f1fd-8dc2-4306-84be-4fa3221b7877-1024x1005.jpg\" alt=\"\" class=\"wp-image-42579\" srcset=\"https:\/\/madeinzaragoza.es\/blog\/wp-content\/uploads\/2024\/10\/93d4f1fd-8dc2-4306-84be-4fa3221b7877-1024x1005.jpg 1024w, https:\/\/madeinzaragoza.es\/blog\/wp-content\/uploads\/2024\/10\/93d4f1fd-8dc2-4306-84be-4fa3221b7877-450x442.jpg 450w, https:\/\/madeinzaragoza.es\/blog\/wp-content\/uploads\/2024\/10\/93d4f1fd-8dc2-4306-84be-4fa3221b7877-768x754.jpg 768w, https:\/\/madeinzaragoza.es\/blog\/wp-content\/uploads\/2024\/10\/93d4f1fd-8dc2-4306-84be-4fa3221b7877-1200x1178.jpg 1200w, https:\/\/madeinzaragoza.es\/blog\/wp-content\/uploads\/2024\/10\/93d4f1fd-8dc2-4306-84be-4fa3221b7877.jpg 1373w\" sizes=\"(max-width: 709px) 85vw, (max-width: 909px) 67vw, (max-width: 1362px) 62vw, 840px\" \/><\/figure>\n<\/figure>\n\n\n\n<p><\/p>\n\n\n\n<p><strong>\u00bfQu\u00e9 premios y reconocimientos has obtenido a lo largo de tu trayectoria profesional?<\/strong> <\/p>\n\n\n\n<p>Me siento orgullosa de que una de mis piezas haya sido elegida como trofeo en el <strong><a href=\"https:\/\/www.espiello.com\/?idi=1&amp;AnP=1280\">Festival Internacional de Documental Etnogr\u00e1fico de Sobrarbe en Espiello<\/a><\/strong>. La figura representa a una mujer con una c\u00e1mara en su cabeza y el \u00e1rbol del Sobrarbe a la espalda. Este trofeo se entregar\u00e1 durante 10 a\u00f1os en este festival.<\/p>\n\n\n\n<p><\/p>\n\n\n\n<figure class=\"wp-block-image size-large\"><img loading=\"lazy\" decoding=\"async\" width=\"1024\" height=\"1024\" src=\"https:\/\/madeinzaragoza.es\/blog\/wp-content\/uploads\/2024\/10\/a980974d-3a92-4238-861e-753a5d854b8f-1024x1024.jpg\" alt=\"\" class=\"wp-image-42578\" srcset=\"https:\/\/madeinzaragoza.es\/blog\/wp-content\/uploads\/2024\/10\/a980974d-3a92-4238-861e-753a5d854b8f-1024x1024.jpg 1024w, https:\/\/madeinzaragoza.es\/blog\/wp-content\/uploads\/2024\/10\/a980974d-3a92-4238-861e-753a5d854b8f-450x450.jpg 450w, https:\/\/madeinzaragoza.es\/blog\/wp-content\/uploads\/2024\/10\/a980974d-3a92-4238-861e-753a5d854b8f-150x150.jpg 150w, https:\/\/madeinzaragoza.es\/blog\/wp-content\/uploads\/2024\/10\/a980974d-3a92-4238-861e-753a5d854b8f-768x768.jpg 768w, https:\/\/madeinzaragoza.es\/blog\/wp-content\/uploads\/2024\/10\/a980974d-3a92-4238-861e-753a5d854b8f-1536x1536.jpg 1536w, https:\/\/madeinzaragoza.es\/blog\/wp-content\/uploads\/2024\/10\/a980974d-3a92-4238-861e-753a5d854b8f-1200x1200.jpg 1200w, https:\/\/madeinzaragoza.es\/blog\/wp-content\/uploads\/2024\/10\/a980974d-3a92-4238-861e-753a5d854b8f-120x120.jpg 120w, https:\/\/madeinzaragoza.es\/blog\/wp-content\/uploads\/2024\/10\/a980974d-3a92-4238-861e-753a5d854b8f.jpg 1736w\" sizes=\"(max-width: 709px) 85vw, (max-width: 909px) 67vw, (max-width: 1362px) 62vw, 840px\" \/><\/figure>\n\n\n\n<p><\/p>\n\n\n\n<p><strong>\u00bfQu\u00e9 supone para ti el exponer en un espacio tan emblem\u00e1tico como el Torre\u00f3n Fortea?<\/strong> <\/p>\n\n\n\n<p>Para m\u00ed es un honor exponer en una sala como la del Torre\u00f3n Fortea dentro del programa de CERCO. He preparado con especial ilusi\u00f3n est\u00e1 exposici\u00f3n, que trata de la diversidad en el planeta, imagino seres fant\u00e1sticos para llamar la atenci\u00f3n de la maravillosa diversidad y de la importancia de todos los seres vivos, incluidos los humanos como uno m\u00e1s de ellos.<\/p>\n\n\n\n<p><\/p>\n\n\n\n<figure class=\"wp-block-image size-large\"><img loading=\"lazy\" decoding=\"async\" width=\"1024\" height=\"812\" src=\"https:\/\/madeinzaragoza.es\/blog\/wp-content\/uploads\/2024\/10\/Mercedes-Millan-Pepe-Torrecilla-Blogssipgirl-181024-4-1024x812.jpg\" alt=\"\" class=\"wp-image-42572\" srcset=\"https:\/\/madeinzaragoza.es\/blog\/wp-content\/uploads\/2024\/10\/Mercedes-Millan-Pepe-Torrecilla-Blogssipgirl-181024-4-1024x812.jpg 1024w, https:\/\/madeinzaragoza.es\/blog\/wp-content\/uploads\/2024\/10\/Mercedes-Millan-Pepe-Torrecilla-Blogssipgirl-181024-4-450x357.jpg 450w, https:\/\/madeinzaragoza.es\/blog\/wp-content\/uploads\/2024\/10\/Mercedes-Millan-Pepe-Torrecilla-Blogssipgirl-181024-4-768x609.jpg 768w, https:\/\/madeinzaragoza.es\/blog\/wp-content\/uploads\/2024\/10\/Mercedes-Millan-Pepe-Torrecilla-Blogssipgirl-181024-4-1536x1218.jpg 1536w, https:\/\/madeinzaragoza.es\/blog\/wp-content\/uploads\/2024\/10\/Mercedes-Millan-Pepe-Torrecilla-Blogssipgirl-181024-4-1200x952.jpg 1200w, https:\/\/madeinzaragoza.es\/blog\/wp-content\/uploads\/2024\/10\/Mercedes-Millan-Pepe-Torrecilla-Blogssipgirl-181024-4.jpg 1727w\" sizes=\"(max-width: 709px) 85vw, (max-width: 909px) 67vw, (max-width: 1362px) 62vw, 840px\" \/><\/figure>\n\n\n\n<p><br>Junto a ella, expone <strong>Pepe Torrecilla<\/strong>, un artista enamorado del color, de la vida y del movimiento que as\u00ed lo representa en sus obras. M\u00fasico y pintor, <strong>Pepe <\/strong>nos envuelve con la magia de su sinton\u00eda y nos propone un paseo con conciencia, abriendo los ojos y la mente a todas las im\u00e1genes que nos devuelve la ciudad, el campo, la monta\u00f1a o el mar\u2026 Es una invitaci\u00f3n a descubrir, siempre, m\u00e1s all\u00e1 de lo que vemos habitualmente.<\/p>\n\n\n\n<p><\/p>\n\n\n\n<figure class=\"wp-block-image size-large\"><img loading=\"lazy\" decoding=\"async\" width=\"1024\" height=\"766\" src=\"https:\/\/madeinzaragoza.es\/blog\/wp-content\/uploads\/2024\/10\/Mercedes-Millan-Pepe-Torrecilla-Blogssipgirl-181024-11-1024x766.jpg\" alt=\"\" class=\"wp-image-42569\" srcset=\"https:\/\/madeinzaragoza.es\/blog\/wp-content\/uploads\/2024\/10\/Mercedes-Millan-Pepe-Torrecilla-Blogssipgirl-181024-11-1024x766.jpg 1024w, https:\/\/madeinzaragoza.es\/blog\/wp-content\/uploads\/2024\/10\/Mercedes-Millan-Pepe-Torrecilla-Blogssipgirl-181024-11-450x337.jpg 450w, https:\/\/madeinzaragoza.es\/blog\/wp-content\/uploads\/2024\/10\/Mercedes-Millan-Pepe-Torrecilla-Blogssipgirl-181024-11-768x574.jpg 768w, https:\/\/madeinzaragoza.es\/blog\/wp-content\/uploads\/2024\/10\/Mercedes-Millan-Pepe-Torrecilla-Blogssipgirl-181024-11-1536x1149.jpg 1536w, https:\/\/madeinzaragoza.es\/blog\/wp-content\/uploads\/2024\/10\/Mercedes-Millan-Pepe-Torrecilla-Blogssipgirl-181024-11-1200x898.jpg 1200w, https:\/\/madeinzaragoza.es\/blog\/wp-content\/uploads\/2024\/10\/Mercedes-Millan-Pepe-Torrecilla-Blogssipgirl-181024-11.jpg 2000w\" sizes=\"(max-width: 709px) 85vw, (max-width: 909px) 67vw, (max-width: 1362px) 62vw, 840px\" \/><\/figure>\n\n\n\n<p><\/p>\n\n\n\n<p>Para su exposici\u00f3n \u201c<em>Fl\u00e2neur<\/em>\u201d, <strong>Pepe <\/strong>ha credo un simp\u00e1tico personaje, curioso por naturaleza, que nos da la mano y nos adentra en paisajes coloridos y vitalistas. Todo comenz\u00f3 en plena pandemia\u2026<\/p>\n\n\n\n<p><\/p>\n\n\n\n<figure class=\"wp-block-image size-large\"><img loading=\"lazy\" decoding=\"async\" width=\"766\" height=\"1024\" src=\"https:\/\/madeinzaragoza.es\/blog\/wp-content\/uploads\/2024\/10\/Mercedes-Millan-Pepe-Torrecilla-Blogssipgirl-181024-18-766x1024.jpg\" alt=\"\" class=\"wp-image-42568\" srcset=\"https:\/\/madeinzaragoza.es\/blog\/wp-content\/uploads\/2024\/10\/Mercedes-Millan-Pepe-Torrecilla-Blogssipgirl-181024-18-766x1024.jpg 766w, https:\/\/madeinzaragoza.es\/blog\/wp-content\/uploads\/2024\/10\/Mercedes-Millan-Pepe-Torrecilla-Blogssipgirl-181024-18-337x450.jpg 337w, https:\/\/madeinzaragoza.es\/blog\/wp-content\/uploads\/2024\/10\/Mercedes-Millan-Pepe-Torrecilla-Blogssipgirl-181024-18-768x1027.jpg 768w, https:\/\/madeinzaragoza.es\/blog\/wp-content\/uploads\/2024\/10\/Mercedes-Millan-Pepe-Torrecilla-Blogssipgirl-181024-18-1149x1536.jpg 1149w, https:\/\/madeinzaragoza.es\/blog\/wp-content\/uploads\/2024\/10\/Mercedes-Millan-Pepe-Torrecilla-Blogssipgirl-181024-18-1200x1604.jpg 1200w, https:\/\/madeinzaragoza.es\/blog\/wp-content\/uploads\/2024\/10\/Mercedes-Millan-Pepe-Torrecilla-Blogssipgirl-181024-18.jpg 1496w\" sizes=\"(max-width: 709px) 85vw, (max-width: 909px) 67vw, (max-width: 984px) 61vw, (max-width: 1362px) 45vw, 600px\" \/><\/figure>\n\n\n\n<p><\/p>\n\n\n\n<p><strong>\u00bfHasta cu\u00e1ndo podemos visitar la exposici\u00f3n?<\/strong> <\/p>\n\n\n\n<p>Hasta el 24 de noviembre, en los siguientes horarios:<br>\u2022 Martes &#8211; S\u00e1bado de 10h a 14h y de 17h a 21h. <br>\u2022 Domingo de 10h a 14h30h.<\/p>\n\n\n\n<p><strong>M\u00e1s informaci\u00f3n:<\/strong> En <strong><a href=\"https:\/\/www.facebook.com\/terracotasmercedesmillan\">Facebook<\/a><\/strong>: en <strong><a href=\"https:\/\/www.instagram.com\/terracotasmillan\/\">Instagram<\/a><\/strong>: por tel\u00e9fono: 618 63 83 15 y por mail: terracotasmillan@hotmail.com<\/p>\n\n\n\n<p><\/p>\n","protected":false},"excerpt":{"rendered":"<p>Un universo de color, vida y luz mezclado con materiales nobles da sentido a una explosi\u00f3n de creatividad e imaginaci\u00f3n que nos transporta a un mundo de Diversidad de paisajes, naturaleza, arte y seres vivos. La ceramista Mercedes Mill\u00e1n con \u201cDiversidad\u201d nos comparte su particular visi\u00f3n de la vida.De la mano de un simp\u00e1tico personaje &hellip; <a href=\"https:\/\/madeinzaragoza.es\/blog\/diversidad-de-mercedes-millan-y-flaneur-de-pepe-torrecilla-2-ceramistas-en-torreon-fortea\/\" class=\"more-link\">Continuar leyendo<span class=\"screen-reader-text\"> \u00ab\u00abDiversidad\u00bb de Mercedes Mill\u00e1n y \u00abFl\u00e2neur\u00bb de Pepe Torrecilla, 2 ceramistas en Torre\u00f3n Fortea.\u00bb<\/span><\/a><\/p>\n","protected":false},"author":4,"featured_media":42555,"comment_status":"open","ping_status":"open","sticky":false,"template":"","format":"standard","meta":{"footnotes":""},"categories":[829],"tags":[2364,2459,28,1337,24],"yoast_head":"<!-- This site is optimized with the Yoast SEO plugin v19.7.2 - https:\/\/yoast.com\/wordpress\/plugins\/seo\/ -->\n<title>&quot;Diversidad&quot; de Mercedes Mill\u00e1n y &quot;Fl\u00e2neur&quot; de Pepe Torrecilla, 2 ceramistas en Torre\u00f3n Fortea. - Made in Zaragoza<\/title>\n<meta name=\"robots\" content=\"index, follow, max-snippet:-1, max-image-preview:large, max-video-preview:-1\" \/>\n<link rel=\"canonical\" href=\"https:\/\/madeinzaragoza.es\/blog\/diversidad-de-mercedes-millan-y-flaneur-de-pepe-torrecilla-2-ceramistas-en-torreon-fortea\/\" \/>\n<meta property=\"og:locale\" content=\"es_ES\" \/>\n<meta property=\"og:type\" content=\"article\" \/>\n<meta property=\"og:title\" content=\"&quot;Diversidad&quot; de Mercedes Mill\u00e1n y &quot;Fl\u00e2neur&quot; de Pepe Torrecilla, 2 ceramistas en Torre\u00f3n Fortea. - Made in Zaragoza\" \/>\n<meta property=\"og:description\" content=\"Un universo de color, vida y luz mezclado con materiales nobles da sentido a una explosi\u00f3n de creatividad e imaginaci\u00f3n que nos transporta a un mundo de Diversidad de paisajes, naturaleza, arte y seres vivos. La ceramista Mercedes Mill\u00e1n con \u201cDiversidad\u201d nos comparte su particular visi\u00f3n de la vida.De la mano de un simp\u00e1tico personaje &hellip; Continuar leyendo &quot;\u00abDiversidad\u00bb de Mercedes Mill\u00e1n y \u00abFl\u00e2neur\u00bb de Pepe Torrecilla, 2 ceramistas en Torre\u00f3n Fortea.&quot;\" \/>\n<meta property=\"og:url\" content=\"https:\/\/madeinzaragoza.es\/blog\/diversidad-de-mercedes-millan-y-flaneur-de-pepe-torrecilla-2-ceramistas-en-torreon-fortea\/\" \/>\n<meta property=\"og:site_name\" content=\"Made in Zaragoza\" \/>\n<meta property=\"article:publisher\" content=\"https:\/\/www.facebook.com\/madeinzaragoza.es\/\" \/>\n<meta property=\"article:author\" content=\"blogssipgirl\/197083753685798\" \/>\n<meta property=\"article:published_time\" content=\"2024-10-24T01:10:30+00:00\" \/>\n<meta property=\"article:modified_time\" content=\"2024-10-24T16:53:18+00:00\" \/>\n<meta property=\"og:image\" content=\"https:\/\/madeinzaragoza.es\/blog\/wp-content\/uploads\/2024\/10\/Mercedes-Millan-Pepe-Torrecilla-Blogssipgirl-181024-6.jpg\" \/>\n\t<meta property=\"og:image:width\" content=\"2000\" \/>\n\t<meta property=\"og:image:height\" content=\"1496\" \/>\n\t<meta property=\"og:image:type\" content=\"image\/jpeg\" \/>\n<meta name=\"author\" content=\"Blogssipgirl\" \/>\n<meta name=\"twitter:card\" content=\"summary\" \/>\n<meta name=\"twitter:creator\" content=\"@blogssipgirl1\" \/>\n<meta name=\"twitter:site\" content=\"@madeinzaragoza\" \/>\n<meta name=\"twitter:label1\" content=\"Escrito por\" \/>\n\t<meta name=\"twitter:data1\" content=\"Blogssipgirl\" \/>\n\t<meta name=\"twitter:label2\" content=\"Tiempo de lectura\" \/>\n\t<meta name=\"twitter:data2\" content=\"5 minutos\" \/>\n<script type=\"application\/ld+json\" class=\"yoast-schema-graph\">{\"@context\":\"https:\/\/schema.org\",\"@graph\":[{\"@type\":\"Article\",\"@id\":\"https:\/\/madeinzaragoza.es\/blog\/diversidad-de-mercedes-millan-y-flaneur-de-pepe-torrecilla-2-ceramistas-en-torreon-fortea\/#article\",\"isPartOf\":{\"@id\":\"https:\/\/madeinzaragoza.es\/blog\/diversidad-de-mercedes-millan-y-flaneur-de-pepe-torrecilla-2-ceramistas-en-torreon-fortea\/\"},\"author\":{\"name\":\"Blogssipgirl\",\"@id\":\"http:\/\/madeinzaragoza.es\/blog\/#\/schema\/person\/b6199e649857e868c4cf0717b007a717\"},\"headline\":\"\u00abDiversidad\u00bb de Mercedes Mill\u00e1n y \u00abFl\u00e2neur\u00bb de Pepe Torrecilla, 2 ceramistas en Torre\u00f3n Fortea.\",\"datePublished\":\"2024-10-24T01:10:30+00:00\",\"dateModified\":\"2024-10-24T16:53:18+00:00\",\"mainEntityOfPage\":{\"@id\":\"https:\/\/madeinzaragoza.es\/blog\/diversidad-de-mercedes-millan-y-flaneur-de-pepe-torrecilla-2-ceramistas-en-torreon-fortea\/\"},\"wordCount\":921,\"commentCount\":0,\"publisher\":{\"@id\":\"http:\/\/madeinzaragoza.es\/blog\/#organization\"},\"keywords\":[\"Arte\",\"Cer\u00e1mica\",\"creatividad\",\"Cultura\",\"entrevista\"],\"articleSection\":[\"Cultura\"],\"inLanguage\":\"es\",\"potentialAction\":[{\"@type\":\"CommentAction\",\"name\":\"Comment\",\"target\":[\"https:\/\/madeinzaragoza.es\/blog\/diversidad-de-mercedes-millan-y-flaneur-de-pepe-torrecilla-2-ceramistas-en-torreon-fortea\/#respond\"]}]},{\"@type\":\"WebPage\",\"@id\":\"https:\/\/madeinzaragoza.es\/blog\/diversidad-de-mercedes-millan-y-flaneur-de-pepe-torrecilla-2-ceramistas-en-torreon-fortea\/\",\"url\":\"https:\/\/madeinzaragoza.es\/blog\/diversidad-de-mercedes-millan-y-flaneur-de-pepe-torrecilla-2-ceramistas-en-torreon-fortea\/\",\"name\":\"\\\"Diversidad\\\" de Mercedes Mill\u00e1n y \\\"Fl\u00e2neur\\\" de Pepe Torrecilla, 2 ceramistas en Torre\u00f3n Fortea. - Made in Zaragoza\",\"isPartOf\":{\"@id\":\"http:\/\/madeinzaragoza.es\/blog\/#website\"},\"datePublished\":\"2024-10-24T01:10:30+00:00\",\"dateModified\":\"2024-10-24T16:53:18+00:00\",\"breadcrumb\":{\"@id\":\"https:\/\/madeinzaragoza.es\/blog\/diversidad-de-mercedes-millan-y-flaneur-de-pepe-torrecilla-2-ceramistas-en-torreon-fortea\/#breadcrumb\"},\"inLanguage\":\"es\",\"potentialAction\":[{\"@type\":\"ReadAction\",\"target\":[\"https:\/\/madeinzaragoza.es\/blog\/diversidad-de-mercedes-millan-y-flaneur-de-pepe-torrecilla-2-ceramistas-en-torreon-fortea\/\"]}]},{\"@type\":\"BreadcrumbList\",\"@id\":\"https:\/\/madeinzaragoza.es\/blog\/diversidad-de-mercedes-millan-y-flaneur-de-pepe-torrecilla-2-ceramistas-en-torreon-fortea\/#breadcrumb\",\"itemListElement\":[{\"@type\":\"ListItem\",\"position\":1,\"name\":\"Portada\",\"item\":\"http:\/\/madeinzaragoza.es\/blog\/\"},{\"@type\":\"ListItem\",\"position\":2,\"name\":\"\u00abDiversidad\u00bb de Mercedes Mill\u00e1n y \u00abFl\u00e2neur\u00bb de Pepe Torrecilla, 2 ceramistas en Torre\u00f3n Fortea.\"}]},{\"@type\":\"WebSite\",\"@id\":\"http:\/\/madeinzaragoza.es\/blog\/#website\",\"url\":\"http:\/\/madeinzaragoza.es\/blog\/\",\"name\":\"Made in Zaragoza\",\"description\":\"Blog de MadeinZGZ, Red de Econom\u00eda Creativa de Zaragoza\",\"publisher\":{\"@id\":\"http:\/\/madeinzaragoza.es\/blog\/#organization\"},\"potentialAction\":[{\"@type\":\"SearchAction\",\"target\":{\"@type\":\"EntryPoint\",\"urlTemplate\":\"http:\/\/madeinzaragoza.es\/blog\/?s={search_term_string}\"},\"query-input\":\"required name=search_term_string\"}],\"inLanguage\":\"es\"},{\"@type\":\"Organization\",\"@id\":\"http:\/\/madeinzaragoza.es\/blog\/#organization\",\"name\":\"Made In Zaragoza\",\"url\":\"http:\/\/madeinzaragoza.es\/blog\/\",\"sameAs\":[\"https:\/\/www.instagram.com\/madeinzaragoza.es\/\",\"https:\/\/www.facebook.com\/madeinzaragoza.es\/\",\"https:\/\/twitter.com\/madeinzaragoza\"],\"logo\":{\"@type\":\"ImageObject\",\"inLanguage\":\"es\",\"@id\":\"http:\/\/madeinzaragoza.es\/blog\/#\/schema\/logo\/image\/\",\"url\":\"https:\/\/madeinzaragoza.es\/blog\/wp-content\/uploads\/2022\/05\/logo.png\",\"contentUrl\":\"https:\/\/madeinzaragoza.es\/blog\/wp-content\/uploads\/2022\/05\/logo.png\",\"width\":193,\"height\":176,\"caption\":\"Made In Zaragoza\"},\"image\":{\"@id\":\"http:\/\/madeinzaragoza.es\/blog\/#\/schema\/logo\/image\/\"}},{\"@type\":\"Person\",\"@id\":\"http:\/\/madeinzaragoza.es\/blog\/#\/schema\/person\/b6199e649857e868c4cf0717b007a717\",\"name\":\"Blogssipgirl\",\"image\":{\"@type\":\"ImageObject\",\"inLanguage\":\"es\",\"@id\":\"http:\/\/madeinzaragoza.es\/blog\/#\/schema\/person\/image\/\",\"url\":\"https:\/\/secure.gravatar.com\/avatar\/6171ea2cd2ec17b189583c580ab912a7?s=96&d=mm&r=g\",\"contentUrl\":\"https:\/\/secure.gravatar.com\/avatar\/6171ea2cd2ec17b189583c580ab912a7?s=96&d=mm&r=g\",\"caption\":\"Blogssipgirl\"},\"description\":\"Organizadora de eventos, editora de blogs y gestora de RRSS. Y como hobby, bloguera: Blogssipgirl es mi alterego... Me gusta moverme por las redes sociales y colaborar en miles de proyectos, no s\u00e9 estar quieta. Me apasiona la moda y el buen gusto, adoro los peque\u00f1os placeres como pasear y disfrutar de mi familia y amigos.\",\"sameAs\":[\"http:\/\/blogssipgirl.blogspot.com\",\"blogssipgirl\/197083753685798\",\"https:\/\/twitter.com\/blogssipgirl1\"],\"url\":\"https:\/\/madeinzaragoza.es\/blog\/author\/blogssipgirl\/\"}]}<\/script>\n<!-- \/ Yoast SEO plugin. -->","yoast_head_json":{"title":"\"Diversidad\" de Mercedes Mill\u00e1n y \"Fl\u00e2neur\" de Pepe Torrecilla, 2 ceramistas en Torre\u00f3n Fortea. - Made in Zaragoza","robots":{"index":"index","follow":"follow","max-snippet":"max-snippet:-1","max-image-preview":"max-image-preview:large","max-video-preview":"max-video-preview:-1"},"canonical":"https:\/\/madeinzaragoza.es\/blog\/diversidad-de-mercedes-millan-y-flaneur-de-pepe-torrecilla-2-ceramistas-en-torreon-fortea\/","og_locale":"es_ES","og_type":"article","og_title":"\"Diversidad\" de Mercedes Mill\u00e1n y \"Fl\u00e2neur\" de Pepe Torrecilla, 2 ceramistas en Torre\u00f3n Fortea. - Made in Zaragoza","og_description":"Un universo de color, vida y luz mezclado con materiales nobles da sentido a una explosi\u00f3n de creatividad e imaginaci\u00f3n que nos transporta a un mundo de Diversidad de paisajes, naturaleza, arte y seres vivos. La ceramista Mercedes Mill\u00e1n con \u201cDiversidad\u201d nos comparte su particular visi\u00f3n de la vida.De la mano de un simp\u00e1tico personaje &hellip; Continuar leyendo \"\u00abDiversidad\u00bb de Mercedes Mill\u00e1n y \u00abFl\u00e2neur\u00bb de Pepe Torrecilla, 2 ceramistas en Torre\u00f3n Fortea.\"","og_url":"https:\/\/madeinzaragoza.es\/blog\/diversidad-de-mercedes-millan-y-flaneur-de-pepe-torrecilla-2-ceramistas-en-torreon-fortea\/","og_site_name":"Made in Zaragoza","article_publisher":"https:\/\/www.facebook.com\/madeinzaragoza.es\/","article_author":"blogssipgirl\/197083753685798","article_published_time":"2024-10-24T01:10:30+00:00","article_modified_time":"2024-10-24T16:53:18+00:00","og_image":[{"width":2000,"height":1496,"url":"https:\/\/madeinzaragoza.es\/blog\/wp-content\/uploads\/2024\/10\/Mercedes-Millan-Pepe-Torrecilla-Blogssipgirl-181024-6.jpg","type":"image\/jpeg"}],"author":"Blogssipgirl","twitter_card":"summary","twitter_creator":"@blogssipgirl1","twitter_site":"@madeinzaragoza","twitter_misc":{"Escrito por":"Blogssipgirl","Tiempo de lectura":"5 minutos"},"schema":{"@context":"https:\/\/schema.org","@graph":[{"@type":"Article","@id":"https:\/\/madeinzaragoza.es\/blog\/diversidad-de-mercedes-millan-y-flaneur-de-pepe-torrecilla-2-ceramistas-en-torreon-fortea\/#article","isPartOf":{"@id":"https:\/\/madeinzaragoza.es\/blog\/diversidad-de-mercedes-millan-y-flaneur-de-pepe-torrecilla-2-ceramistas-en-torreon-fortea\/"},"author":{"name":"Blogssipgirl","@id":"http:\/\/madeinzaragoza.es\/blog\/#\/schema\/person\/b6199e649857e868c4cf0717b007a717"},"headline":"\u00abDiversidad\u00bb de Mercedes Mill\u00e1n y \u00abFl\u00e2neur\u00bb de Pepe Torrecilla, 2 ceramistas en Torre\u00f3n Fortea.","datePublished":"2024-10-24T01:10:30+00:00","dateModified":"2024-10-24T16:53:18+00:00","mainEntityOfPage":{"@id":"https:\/\/madeinzaragoza.es\/blog\/diversidad-de-mercedes-millan-y-flaneur-de-pepe-torrecilla-2-ceramistas-en-torreon-fortea\/"},"wordCount":921,"commentCount":0,"publisher":{"@id":"http:\/\/madeinzaragoza.es\/blog\/#organization"},"keywords":["Arte","Cer\u00e1mica","creatividad","Cultura","entrevista"],"articleSection":["Cultura"],"inLanguage":"es","potentialAction":[{"@type":"CommentAction","name":"Comment","target":["https:\/\/madeinzaragoza.es\/blog\/diversidad-de-mercedes-millan-y-flaneur-de-pepe-torrecilla-2-ceramistas-en-torreon-fortea\/#respond"]}]},{"@type":"WebPage","@id":"https:\/\/madeinzaragoza.es\/blog\/diversidad-de-mercedes-millan-y-flaneur-de-pepe-torrecilla-2-ceramistas-en-torreon-fortea\/","url":"https:\/\/madeinzaragoza.es\/blog\/diversidad-de-mercedes-millan-y-flaneur-de-pepe-torrecilla-2-ceramistas-en-torreon-fortea\/","name":"\"Diversidad\" de Mercedes Mill\u00e1n y \"Fl\u00e2neur\" de Pepe Torrecilla, 2 ceramistas en Torre\u00f3n Fortea. - Made in Zaragoza","isPartOf":{"@id":"http:\/\/madeinzaragoza.es\/blog\/#website"},"datePublished":"2024-10-24T01:10:30+00:00","dateModified":"2024-10-24T16:53:18+00:00","breadcrumb":{"@id":"https:\/\/madeinzaragoza.es\/blog\/diversidad-de-mercedes-millan-y-flaneur-de-pepe-torrecilla-2-ceramistas-en-torreon-fortea\/#breadcrumb"},"inLanguage":"es","potentialAction":[{"@type":"ReadAction","target":["https:\/\/madeinzaragoza.es\/blog\/diversidad-de-mercedes-millan-y-flaneur-de-pepe-torrecilla-2-ceramistas-en-torreon-fortea\/"]}]},{"@type":"BreadcrumbList","@id":"https:\/\/madeinzaragoza.es\/blog\/diversidad-de-mercedes-millan-y-flaneur-de-pepe-torrecilla-2-ceramistas-en-torreon-fortea\/#breadcrumb","itemListElement":[{"@type":"ListItem","position":1,"name":"Portada","item":"http:\/\/madeinzaragoza.es\/blog\/"},{"@type":"ListItem","position":2,"name":"\u00abDiversidad\u00bb de Mercedes Mill\u00e1n y \u00abFl\u00e2neur\u00bb de Pepe Torrecilla, 2 ceramistas en Torre\u00f3n Fortea."}]},{"@type":"WebSite","@id":"http:\/\/madeinzaragoza.es\/blog\/#website","url":"http:\/\/madeinzaragoza.es\/blog\/","name":"Made in Zaragoza","description":"Blog de MadeinZGZ, Red de Econom\u00eda Creativa de Zaragoza","publisher":{"@id":"http:\/\/madeinzaragoza.es\/blog\/#organization"},"potentialAction":[{"@type":"SearchAction","target":{"@type":"EntryPoint","urlTemplate":"http:\/\/madeinzaragoza.es\/blog\/?s={search_term_string}"},"query-input":"required name=search_term_string"}],"inLanguage":"es"},{"@type":"Organization","@id":"http:\/\/madeinzaragoza.es\/blog\/#organization","name":"Made In Zaragoza","url":"http:\/\/madeinzaragoza.es\/blog\/","sameAs":["https:\/\/www.instagram.com\/madeinzaragoza.es\/","https:\/\/www.facebook.com\/madeinzaragoza.es\/","https:\/\/twitter.com\/madeinzaragoza"],"logo":{"@type":"ImageObject","inLanguage":"es","@id":"http:\/\/madeinzaragoza.es\/blog\/#\/schema\/logo\/image\/","url":"https:\/\/madeinzaragoza.es\/blog\/wp-content\/uploads\/2022\/05\/logo.png","contentUrl":"https:\/\/madeinzaragoza.es\/blog\/wp-content\/uploads\/2022\/05\/logo.png","width":193,"height":176,"caption":"Made In Zaragoza"},"image":{"@id":"http:\/\/madeinzaragoza.es\/blog\/#\/schema\/logo\/image\/"}},{"@type":"Person","@id":"http:\/\/madeinzaragoza.es\/blog\/#\/schema\/person\/b6199e649857e868c4cf0717b007a717","name":"Blogssipgirl","image":{"@type":"ImageObject","inLanguage":"es","@id":"http:\/\/madeinzaragoza.es\/blog\/#\/schema\/person\/image\/","url":"https:\/\/secure.gravatar.com\/avatar\/6171ea2cd2ec17b189583c580ab912a7?s=96&d=mm&r=g","contentUrl":"https:\/\/secure.gravatar.com\/avatar\/6171ea2cd2ec17b189583c580ab912a7?s=96&d=mm&r=g","caption":"Blogssipgirl"},"description":"Organizadora de eventos, editora de blogs y gestora de RRSS. Y como hobby, bloguera: Blogssipgirl es mi alterego... Me gusta moverme por las redes sociales y colaborar en miles de proyectos, no s\u00e9 estar quieta. Me apasiona la moda y el buen gusto, adoro los peque\u00f1os placeres como pasear y disfrutar de mi familia y amigos.","sameAs":["http:\/\/blogssipgirl.blogspot.com","blogssipgirl\/197083753685798","https:\/\/twitter.com\/blogssipgirl1"],"url":"https:\/\/madeinzaragoza.es\/blog\/author\/blogssipgirl\/"}]}},"_links":{"self":[{"href":"https:\/\/madeinzaragoza.es\/blog\/wp-json\/wp\/v2\/posts\/42553"}],"collection":[{"href":"https:\/\/madeinzaragoza.es\/blog\/wp-json\/wp\/v2\/posts"}],"about":[{"href":"https:\/\/madeinzaragoza.es\/blog\/wp-json\/wp\/v2\/types\/post"}],"author":[{"embeddable":true,"href":"https:\/\/madeinzaragoza.es\/blog\/wp-json\/wp\/v2\/users\/4"}],"replies":[{"embeddable":true,"href":"https:\/\/madeinzaragoza.es\/blog\/wp-json\/wp\/v2\/comments?post=42553"}],"version-history":[{"count":17,"href":"https:\/\/madeinzaragoza.es\/blog\/wp-json\/wp\/v2\/posts\/42553\/revisions"}],"predecessor-version":[{"id":42609,"href":"https:\/\/madeinzaragoza.es\/blog\/wp-json\/wp\/v2\/posts\/42553\/revisions\/42609"}],"wp:featuredmedia":[{"embeddable":true,"href":"https:\/\/madeinzaragoza.es\/blog\/wp-json\/wp\/v2\/media\/42555"}],"wp:attachment":[{"href":"https:\/\/madeinzaragoza.es\/blog\/wp-json\/wp\/v2\/media?parent=42553"}],"wp:term":[{"taxonomy":"category","embeddable":true,"href":"https:\/\/madeinzaragoza.es\/blog\/wp-json\/wp\/v2\/categories?post=42553"},{"taxonomy":"post_tag","embeddable":true,"href":"https:\/\/madeinzaragoza.es\/blog\/wp-json\/wp\/v2\/tags?post=42553"}],"curies":[{"name":"wp","href":"https:\/\/api.w.org\/{rel}","templated":true}]}}