{"id":42461,"date":"2024-10-14T07:55:11","date_gmt":"2024-10-14T06:55:11","guid":{"rendered":"https:\/\/madeinzaragoza.es\/blog\/?p=42461"},"modified":"2024-10-14T07:55:12","modified_gmt":"2024-10-14T06:55:12","slug":"rebeca-zarza-cuando-el-arte-semiabstracto-invade-los-espacios","status":"publish","type":"post","link":"https:\/\/madeinzaragoza.es\/blog\/rebeca-zarza-cuando-el-arte-semiabstracto-invade-los-espacios\/","title":{"rendered":"Rebeca Zarza, cuando el arte semiabstracto invade los espacios"},"content":{"rendered":"\n<p><strong><a href=\"https:\/\/rebecazarza.com\/?srsltid=AfmBOord_LE8iOi0JSTb8Qh-AZYnfyqSpAmb5UasPZdJQUNUVWKP4Uvl\" target=\"_blank\" rel=\"noreferrer noopener\">Rebeca Zarza<\/a><\/strong> es una dise\u00f1adora, artista e ilustradora que destila magia en cada una de sus obras. Con una mirada que irradia paz y serenidad, plasma su esencia en creaciones \u00fanicas. Su dominio de t\u00e9cnicas muy cuidadas le permite aportar a cada pieza de una expresividad vibrante y una luz especial que atrapa y hechiza.<\/p>\n\n\n\n<p class=\"has-text-align-center\"><strong>Rebeca Zarza Estudio. C\/Sixto Celorrio 26, local izquierda. Zaragoza<\/strong>.<\/p>\n\n\n\n<figure class=\"wp-block-image size-large\"><img loading=\"lazy\" decoding=\"async\" width=\"1024\" height=\"752\" src=\"https:\/\/madeinzaragoza.es\/blog\/wp-content\/uploads\/2024\/10\/Rebeca-Zarza-Blogssipgirl-270924-6-1024x752.jpg\" alt=\"\" class=\"wp-image-42465\" srcset=\"https:\/\/madeinzaragoza.es\/blog\/wp-content\/uploads\/2024\/10\/Rebeca-Zarza-Blogssipgirl-270924-6-1024x752.jpg 1024w, https:\/\/madeinzaragoza.es\/blog\/wp-content\/uploads\/2024\/10\/Rebeca-Zarza-Blogssipgirl-270924-6-450x331.jpg 450w, https:\/\/madeinzaragoza.es\/blog\/wp-content\/uploads\/2024\/10\/Rebeca-Zarza-Blogssipgirl-270924-6-768x564.jpg 768w, https:\/\/madeinzaragoza.es\/blog\/wp-content\/uploads\/2024\/10\/Rebeca-Zarza-Blogssipgirl-270924-6-1536x1128.jpg 1536w, https:\/\/madeinzaragoza.es\/blog\/wp-content\/uploads\/2024\/10\/Rebeca-Zarza-Blogssipgirl-270924-6-1200x882.jpg 1200w, https:\/\/madeinzaragoza.es\/blog\/wp-content\/uploads\/2024\/10\/Rebeca-Zarza-Blogssipgirl-270924-6.jpg 1948w\" sizes=\"(max-width: 709px) 85vw, (max-width: 909px) 67vw, (max-width: 1362px) 62vw, 840px\" \/><\/figure>\n\n\n\n<p><\/p>\n\n\n\n<p><strong>\u00bfQui\u00e9n se esconde detr\u00e1s de Rebeca Zarza, la artista<\/strong>?<\/p>\n\n\n\n<p>Soy una persona curiosa por naturaleza, con una pasi\u00f3n que abarca muchos campos. El arte y el trabajo artesano son, sin duda, dos de mis grandes debilidades, pero tambi\u00e9n me atraen profundamente la psicolog\u00eda, la neurociencia, la f\u00edsica cu\u00e1ntica y la naturaleza. Disfruto leyendo y aprendiendo, y hoy en d\u00eda tenemos la fortuna de acceder a formaciones de gran calidad con solo un clic, lo que nos permite crecer tanto a nivel personal como profesional. El aprendizaje continuo es una de mis mayores inquietudes y pasiones.<br><\/p>\n\n\n\n<p>Mi formaci\u00f3n inicial fue el grado en Dise\u00f1o Gr\u00e1fico porque no pod\u00eda salir fuera a estudiar Bellas Artes, pero siempre he estado form\u00e1ndome en ilustraci\u00f3n y arte. Despu\u00e9s, pude estudiar Grabado y tambi\u00e9n he realizado un diplomado interdisciplinar de investigaci\u00f3n y creaci\u00f3n art\u00edstica y distintas formaciones en Creatividad.<\/p>\n\n\n\n<p><\/p>\n\n\n\n<figure class=\"wp-block-video\"><video controls src=\"https:\/\/madeinzaragoza.es\/blog\/wp-content\/uploads\/2024\/10\/Reel-Rebeca-Zarza-270924.mp4\"><\/video><\/figure>\n\n\n\n<p><br>Una de la experiencias que m\u00e1s cambi\u00f3 mi vida fue en Tailandia. Tras a\u00f1os trabajando en agencias de dise\u00f1o en Espa\u00f1a, me embarqu\u00e9 en un viaje profesional. Llegu\u00e9 sin saber tailand\u00e9s y con un ingl\u00e9s muy b\u00e1sico. Me mud\u00e9 a Bangkok gracias a TNOP Design, uno de los estudios m\u00e1s reconocidos del pa\u00eds, que entendi\u00f3 que el arte es un lenguaje universal. <\/p>\n\n\n\n<p><\/p>\n\n\n\n<blockquote class=\"wp-block-quote is-style-plain\">\n<p>Esta experiencia me transform\u00f3 a muchos niveles, me dio una nueva perspectiva del dise\u00f1o, ense\u00f1\u00e1ndome a valorar el trabajo artesanal, el tiempo y cada l\u00ednea y cada trazo para comunicar. <\/p>\n<\/blockquote>\n\n\n\n<p><\/p>\n\n\n\n<p>A finales de 2014, regres\u00e9 a Espa\u00f1a con una nueva perspectiva y el deseo de compartir lo aprendido, decidida a trabajar de una manera distinta.<\/p>\n\n\n\n<p>Hace m\u00e1s de una d\u00e9cada fund\u00e9 mi estudio y he trabajado como directora creativa y dise\u00f1adora para clientes, tanto a nivel nacional como internacional, creando proyectos muy diversos.<\/p>\n\n\n\n<p>En la actualidad, combino mi trabajo de <strong>dise\u00f1o y docencia en el grado de Dise\u00f1o de Hacer Creativo,<\/strong> con la creaci\u00f3n e investigaci\u00f3n art\u00edstica, algo a lo que le he dado mucho espacio desde hace un a\u00f1o y disfruto profundamente.<\/p>\n\n\n\n<p><\/p>\n\n\n\n<figure class=\"wp-block-image size-large\"><img loading=\"lazy\" decoding=\"async\" width=\"1024\" height=\"766\" src=\"https:\/\/madeinzaragoza.es\/blog\/wp-content\/uploads\/2024\/10\/Rebeca-Zarza-Blogssipgirl-270924-16-1024x766.jpg\" alt=\"\" class=\"wp-image-42466\" srcset=\"https:\/\/madeinzaragoza.es\/blog\/wp-content\/uploads\/2024\/10\/Rebeca-Zarza-Blogssipgirl-270924-16-1024x766.jpg 1024w, https:\/\/madeinzaragoza.es\/blog\/wp-content\/uploads\/2024\/10\/Rebeca-Zarza-Blogssipgirl-270924-16-450x337.jpg 450w, https:\/\/madeinzaragoza.es\/blog\/wp-content\/uploads\/2024\/10\/Rebeca-Zarza-Blogssipgirl-270924-16-768x574.jpg 768w, https:\/\/madeinzaragoza.es\/blog\/wp-content\/uploads\/2024\/10\/Rebeca-Zarza-Blogssipgirl-270924-16-1536x1149.jpg 1536w, https:\/\/madeinzaragoza.es\/blog\/wp-content\/uploads\/2024\/10\/Rebeca-Zarza-Blogssipgirl-270924-16-1200x898.jpg 1200w, https:\/\/madeinzaragoza.es\/blog\/wp-content\/uploads\/2024\/10\/Rebeca-Zarza-Blogssipgirl-270924-16.jpg 2000w\" sizes=\"(max-width: 709px) 85vw, (max-width: 909px) 67vw, (max-width: 1362px) 62vw, 840px\" \/><\/figure>\n\n\n\n<p><br><strong>\u00bfDesde cu\u00e1ndo sientes ese impulso de colorear tus sue\u00f1os, vivencias y anhelos?<\/strong> <\/p>\n\n\n\n<p>Desde siempre he sentido una gran curiosidad por los procesos artesanales, la ilustraci\u00f3n y el arte. De peque\u00f1a, hac\u00eda ropa para mis mu\u00f1ecas y recuerdo un mural que pint\u00e9 en mi habitaci\u00f3n mientras mis padres estaban fuera un fin semana y yo me quedaba con mi hermana mayor. Cuando volvieron, lejos de enfadarse, les gust\u00f3 tanto que decidieron dejarlo. Tal vez su aprobaci\u00f3n plant\u00f3 la semilla de lo que soy hoy.<\/p>\n\n\n\n<p><\/p>\n\n\n\n<figure class=\"wp-block-image size-large\"><img loading=\"lazy\" decoding=\"async\" width=\"1024\" height=\"683\" src=\"https:\/\/madeinzaragoza.es\/blog\/wp-content\/uploads\/2024\/10\/image6_2048x-1024x683.webp\" alt=\"\" class=\"wp-image-42467\" srcset=\"https:\/\/madeinzaragoza.es\/blog\/wp-content\/uploads\/2024\/10\/image6_2048x-1024x683.webp 1024w, https:\/\/madeinzaragoza.es\/blog\/wp-content\/uploads\/2024\/10\/image6_2048x-450x300.webp 450w, https:\/\/madeinzaragoza.es\/blog\/wp-content\/uploads\/2024\/10\/image6_2048x-768x512.webp 768w, https:\/\/madeinzaragoza.es\/blog\/wp-content\/uploads\/2024\/10\/image6_2048x-1536x1024.webp 1536w, https:\/\/madeinzaragoza.es\/blog\/wp-content\/uploads\/2024\/10\/image6_2048x-1200x800.webp 1200w, https:\/\/madeinzaragoza.es\/blog\/wp-content\/uploads\/2024\/10\/image6_2048x.webp 1620w\" sizes=\"(max-width: 709px) 85vw, (max-width: 909px) 67vw, (max-width: 1362px) 62vw, 840px\" \/><\/figure>\n\n\n\n<p><br><strong>\u00bfEn qu\u00e9 estilo podemos enmarcar tus obras?<\/strong> <\/p>\n\n\n\n<p>Mi estilo podr\u00eda describirse como semiabstracto. No intento representar la realidad tal cual, pero s\u00ed se pueden identificar elementos de la naturaleza en mis trabajos. Me interesa difuminar las l\u00edneas entre lo digital y lo artesano, abordando lo digital desde una mentalidad artesanal donde el detalle y la presencia son esenciales. El color es un elemento fundamental en mi obra, jugando siempre un papel crucial. Tambi\u00e9n me gusta jugar con distintos materiales, que la obra se salga del lienzo y crear una nueva realidad que se pueda ver y casi tocar, que palpite, que se muestre viva de cara al espectador. <\/p>\n\n\n\n<p>Me encanta utilizar la tecnolog\u00eda y hacer trabajo nativo-digital. Pero tambi\u00e9n me parece muy importante equilibrar con los procesos manuales, experimentando con t\u00e9cnicas y materiales.<\/p>\n\n\n\n<p><\/p>\n\n\n\n<figure class=\"wp-block-image size-large\"><img loading=\"lazy\" decoding=\"async\" width=\"619\" height=\"1024\" src=\"https:\/\/madeinzaragoza.es\/blog\/wp-content\/uploads\/2024\/10\/detalle-IMG_4687-619x1024.jpg\" alt=\"\" class=\"wp-image-42468\" srcset=\"https:\/\/madeinzaragoza.es\/blog\/wp-content\/uploads\/2024\/10\/detalle-IMG_4687-619x1024.jpg 619w, https:\/\/madeinzaragoza.es\/blog\/wp-content\/uploads\/2024\/10\/detalle-IMG_4687-272x450.jpg 272w, https:\/\/madeinzaragoza.es\/blog\/wp-content\/uploads\/2024\/10\/detalle-IMG_4687.jpg 653w\" sizes=\"(max-width: 709px) 85vw, (max-width: 909px) 67vw, (max-width: 984px) 61vw, (max-width: 1362px) 45vw, 600px\" \/><\/figure>\n\n\n\n<p><\/p>\n\n\n\n<p><strong>\u00bfQu\u00e9 tem\u00e1ticas abordas? <\/strong><\/p>\n\n\n\n<p>El paisaje suele ser un tema recurrente en mi obra, pero todo depende del proyecto y del concepto en el que est\u00e9 trabajando. Esa fase inicial de desarrollo de la idea es la que m\u00e1s disfruto.<\/p>\n\n\n\n<p><strong>Eres una artista multidisciplinar y dise\u00f1as l\u00e1minas, ilustras libros o carteler\u00eda, decoras murales, escaparates, espacios singulares\u2026\u00bfPuedes ampliarnos y comentarnos cu\u00e1les son tus obras m\u00e1s destacadas y de las que m\u00e1s orgullosa te sientes?<\/strong> <\/p>\n\n\n\n<p>Disfruto de cada proyecto, y actualmente elijo cuidadosamente en qu\u00e9 me involucro. <\/p>\n\n\n\n<p>Te mencionar\u00e9 dos proyectos que recuerdo con especial cari\u00f1o: primero, la intervenci\u00f3n para Melia Innside, en la que cre\u00e9 dos obras site-specific comisariadas por <strong><a href=\"https:\/\/www.festivalasalto.com\/\">Asalto<\/a><\/strong>. Fue un proyecto enriquecedor, no solo por la propuesta, sino por el ambiente de colaboraci\u00f3n con artistas como <strong>Harsa <\/strong>y <strong>Maiki <\/strong>y el resto del equipo. <\/p>\n\n\n\n<p><\/p>\n\n\n\n<figure class=\"wp-block-image size-large\"><img loading=\"lazy\" decoding=\"async\" width=\"1024\" height=\"681\" src=\"https:\/\/madeinzaragoza.es\/blog\/wp-content\/uploads\/2024\/10\/MCM0991-1024x681.jpg\" alt=\"\" class=\"wp-image-42469\" srcset=\"https:\/\/madeinzaragoza.es\/blog\/wp-content\/uploads\/2024\/10\/MCM0991-1024x681.jpg 1024w, https:\/\/madeinzaragoza.es\/blog\/wp-content\/uploads\/2024\/10\/MCM0991-450x299.jpg 450w, https:\/\/madeinzaragoza.es\/blog\/wp-content\/uploads\/2024\/10\/MCM0991-768x511.jpg 768w, https:\/\/madeinzaragoza.es\/blog\/wp-content\/uploads\/2024\/10\/MCM0991-1200x798.jpg 1200w, https:\/\/madeinzaragoza.es\/blog\/wp-content\/uploads\/2024\/10\/MCM0991.jpg 1500w\" sizes=\"(max-width: 709px) 85vw, (max-width: 909px) 67vw, (max-width: 1362px) 62vw, 840px\" \/><\/figure>\n\n\n\n<p><\/p>\n\n\n\n<p>Tambi\u00e9n estoy orgullosa del redise\u00f1o para <strong><a href=\"https:\/\/jaleadeluz.com\/?srsltid=AfmBOopX8HiEB0EEZ4U-co4T1hgvjEXchPgxfiY5iasJh9sDEQbZgaj_\">Jalea de Luz<\/a><\/strong>, una empresa familiar de Monegros, donde he trabajado en la identidad y packaging de sus 25 variedades de miel cruda artesanal. Es gratificante ver c\u00f3mo el dise\u00f1o puede ayudar a un producto de calidad a expandirse, y Jalea de Luz ha logrado exportar a pa\u00edses como Alemania, Francia y Asia.<\/p>\n\n\n\n<p><\/p>\n\n\n\n<figure class=\"wp-block-image size-large\"><img loading=\"lazy\" decoding=\"async\" width=\"1024\" height=\"630\" src=\"https:\/\/madeinzaragoza.es\/blog\/wp-content\/uploads\/2024\/10\/miel-de-eucalipto-1024x630.jpg\" alt=\"\" class=\"wp-image-42470\" srcset=\"https:\/\/madeinzaragoza.es\/blog\/wp-content\/uploads\/2024\/10\/miel-de-eucalipto-1024x630.jpg 1024w, https:\/\/madeinzaragoza.es\/blog\/wp-content\/uploads\/2024\/10\/miel-de-eucalipto-450x277.jpg 450w, https:\/\/madeinzaragoza.es\/blog\/wp-content\/uploads\/2024\/10\/miel-de-eucalipto-768x472.jpg 768w, https:\/\/madeinzaragoza.es\/blog\/wp-content\/uploads\/2024\/10\/miel-de-eucalipto-1536x945.jpg 1536w, https:\/\/madeinzaragoza.es\/blog\/wp-content\/uploads\/2024\/10\/miel-de-eucalipto-2048x1260.jpg 2048w, https:\/\/madeinzaragoza.es\/blog\/wp-content\/uploads\/2024\/10\/miel-de-eucalipto-1200x738.jpg 1200w\" sizes=\"(max-width: 709px) 85vw, (max-width: 909px) 67vw, (max-width: 1362px) 62vw, 840px\" \/><\/figure>\n\n\n\n<p><br><strong>\u00bfQu\u00e9 intentas transmitir con tu pintura?<\/strong> <\/p>\n\n\n\n<p>Mi obra en parte busca transportarte a otros lugares. Siempre hay un concepto detr\u00e1s pero m\u00e1s que explicarla hay que sentirla para que puedas conectar con ella.<\/p>\n\n\n\n<p><\/p>\n\n\n\n<figure class=\"wp-block-image size-full\"><img loading=\"lazy\" decoding=\"async\" width=\"1024\" height=\"682\" src=\"https:\/\/madeinzaragoza.es\/blog\/wp-content\/uploads\/2024\/10\/image.png\" alt=\"\" class=\"wp-image-42482\" srcset=\"https:\/\/madeinzaragoza.es\/blog\/wp-content\/uploads\/2024\/10\/image.png 1024w, https:\/\/madeinzaragoza.es\/blog\/wp-content\/uploads\/2024\/10\/image-450x300.png 450w, https:\/\/madeinzaragoza.es\/blog\/wp-content\/uploads\/2024\/10\/image-768x512.png 768w\" sizes=\"(max-width: 709px) 85vw, (max-width: 909px) 67vw, (max-width: 1362px) 62vw, 840px\" \/><\/figure>\n\n\n\n<p><\/p>\n\n\n\n<p><strong>\u00bfEn qu\u00e9 te inspiras a la hora de crear? <\/strong><\/p>\n\n\n\n<p>En muchas cosas. Depende del proyecto, pero mi mente de dise\u00f1adora tiende a ordenar las ideas y trabajar en un concepto. La naturaleza es una fuente recurrente e inagotable de inspiraci\u00f3n, hasta para combinar colores si no sabes como hacerlo solo tienes que observarla.<\/p>\n\n\n\n<p><strong>Adem\u00e1s de todo esto, has fundado \u00ab<a href=\"https:\/\/www.instagram.com\/creatividadconsciente\/\">Creatividad Consciente<\/a>\u00ab. \u00bfQu\u00e9 puedes contarnos sobre este proyecto? <\/strong><\/p>\n\n\n\n<p>La creatividad siempre me ha fascinado, y tambi\u00e9n me interesa la neurociencia relacionada con ella, un campo en el que sigo form\u00e1ndome. Existe la creencia de que la creatividad es un don para unos pocos, pero la realidad es que se entrena, como un m\u00fasculo. <strong>\u00ab<a href=\"https:\/\/www.instagram.com\/creatividadconsciente\/\" target=\"_blank\" rel=\"noreferrer noopener\">Creatividad Consciente<\/a>\u00bb <\/strong>es un espacio que busca fomentar la creatividad, el autoconocimiento, superar bloqueos y generar innovaci\u00f3n de forma colaborativa con otros profesionales para hacerla accesible a quien sienta curiosidad por el tema.<br><\/p>\n\n\n\n<p><strong>\u00bfD\u00f3nde se han podido y se pueden contemplar tus obras? <\/strong><\/p>\n\n\n\n<p>He participado en varios festivales y exposiciones. Algunos ejemplos son el Festival Asalto, donde se pueden ver mis murales en Valdefierro y Alfam\u00e9n, o exposiciones como \u00abHere is ZINE\u00bb en Bangkok, \u00abPertegaz Arte y Moda\u00bb en el Pablo Serrano, y \u00abD-espacio y tiempo\u00bb en el C\u00f3rner Miz, Palacio de S\u00e1stago o \u201cNow here, Nowhere\u201d en el centro Joaqu\u00edn Roncal entre otras.<\/p>\n\n\n\n<p><\/p>\n\n\n\n<figure class=\"wp-block-gallery has-nested-images columns-default is-cropped wp-block-gallery-1 is-layout-flex wp-block-gallery-is-layout-flex\">\n<figure class=\"wp-block-image size-large\"><img loading=\"lazy\" decoding=\"async\" width=\"681\" height=\"1024\" data-id=\"42479\" src=\"https:\/\/madeinzaragoza.es\/blog\/wp-content\/uploads\/2024\/10\/MCM1303-681x1024.jpg\" alt=\"\" class=\"wp-image-42479\" srcset=\"https:\/\/madeinzaragoza.es\/blog\/wp-content\/uploads\/2024\/10\/MCM1303-681x1024.jpg 681w, https:\/\/madeinzaragoza.es\/blog\/wp-content\/uploads\/2024\/10\/MCM1303-299x450.jpg 299w, https:\/\/madeinzaragoza.es\/blog\/wp-content\/uploads\/2024\/10\/MCM1303-768x1154.jpg 768w, https:\/\/madeinzaragoza.es\/blog\/wp-content\/uploads\/2024\/10\/MCM1303.jpg 998w\" sizes=\"(max-width: 709px) 85vw, (max-width: 909px) 67vw, (max-width: 984px) 61vw, (max-width: 1362px) 45vw, 600px\" \/><\/figure>\n\n\n\n<figure class=\"wp-block-image size-large\"><img loading=\"lazy\" decoding=\"async\" width=\"999\" height=\"1024\" data-id=\"42480\" src=\"https:\/\/madeinzaragoza.es\/blog\/wp-content\/uploads\/2024\/10\/03-metro-1-999x1024.jpg\" alt=\"\" class=\"wp-image-42480\" srcset=\"https:\/\/madeinzaragoza.es\/blog\/wp-content\/uploads\/2024\/10\/03-metro-1-999x1024.jpg 999w, https:\/\/madeinzaragoza.es\/blog\/wp-content\/uploads\/2024\/10\/03-metro-1-439x450.jpg 439w, https:\/\/madeinzaragoza.es\/blog\/wp-content\/uploads\/2024\/10\/03-metro-1-768x788.jpg 768w, https:\/\/madeinzaragoza.es\/blog\/wp-content\/uploads\/2024\/10\/03-metro-1-1498x1536.jpg 1498w, https:\/\/madeinzaragoza.es\/blog\/wp-content\/uploads\/2024\/10\/03-metro-1-1200x1231.jpg 1200w, https:\/\/madeinzaragoza.es\/blog\/wp-content\/uploads\/2024\/10\/03-metro-1.jpg 1920w\" sizes=\"(max-width: 709px) 85vw, (max-width: 909px) 67vw, (max-width: 1362px) 62vw, 840px\" \/><\/figure>\n\n\n\n<figure class=\"wp-block-image size-large\"><img loading=\"lazy\" decoding=\"async\" width=\"850\" height=\"567\" data-id=\"42477\" src=\"https:\/\/madeinzaragoza.es\/blog\/wp-content\/uploads\/2024\/10\/escaleras-02-rebeca-zarza-1.jpg\" alt=\"\" class=\"wp-image-42477\" srcset=\"https:\/\/madeinzaragoza.es\/blog\/wp-content\/uploads\/2024\/10\/escaleras-02-rebeca-zarza-1.jpg 850w, https:\/\/madeinzaragoza.es\/blog\/wp-content\/uploads\/2024\/10\/escaleras-02-rebeca-zarza-1-450x300.jpg 450w, https:\/\/madeinzaragoza.es\/blog\/wp-content\/uploads\/2024\/10\/escaleras-02-rebeca-zarza-1-768x512.jpg 768w\" sizes=\"(max-width: 709px) 85vw, (max-width: 909px) 67vw, (max-width: 1362px) 62vw, 840px\" \/><\/figure>\n\n\n\n<figure class=\"wp-block-image size-large\"><img loading=\"lazy\" decoding=\"async\" width=\"849\" height=\"1024\" data-id=\"42478\" src=\"https:\/\/madeinzaragoza.es\/blog\/wp-content\/uploads\/2024\/10\/Novis-Flos-849x1024.jpg\" alt=\"\" class=\"wp-image-42478\" srcset=\"https:\/\/madeinzaragoza.es\/blog\/wp-content\/uploads\/2024\/10\/Novis-Flos-849x1024.jpg 849w, https:\/\/madeinzaragoza.es\/blog\/wp-content\/uploads\/2024\/10\/Novis-Flos-373x450.jpg 373w, https:\/\/madeinzaragoza.es\/blog\/wp-content\/uploads\/2024\/10\/Novis-Flos-768x926.jpg 768w, https:\/\/madeinzaragoza.es\/blog\/wp-content\/uploads\/2024\/10\/Novis-Flos.jpg 938w\" sizes=\"(max-width: 709px) 85vw, (max-width: 909px) 67vw, (max-width: 1362px) 62vw, 840px\" \/><figcaption class=\"wp-element-caption\">Empty white room modern space interior 3d rendering image.White room Many rooms are connected with arch shape door.There are poliished concrete floor,white wall<\/figcaption><\/figure>\n<\/figure>\n\n\n\n<p> <\/p>\n\n\n\n<p>Actualmente y hasta el 13 de octubre, participo en una colectiva en el <strong><a href=\"https:\/\/www.zaragoza.es\/sede\/servicio\/cultura\/evento\/285939\">Proyecto Rabalarte<\/a><\/strong> en Zaragoza. Y tambi\u00e9n tengo mi estudio, un local en el Arrabal (C\/Sixto Celorrio 26, local izquierda. Zaragoza) donde creo muchas de mis obras.<\/p>\n\n\n\n<p><\/p>\n\n\n\n<figure class=\"wp-block-image size-large\"><img loading=\"lazy\" decoding=\"async\" width=\"1024\" height=\"869\" src=\"https:\/\/madeinzaragoza.es\/blog\/wp-content\/uploads\/2024\/10\/Rebeca-Zarza-Blogssipgirl-270924-19-1024x869.jpg\" alt=\"\" class=\"wp-image-42481\" srcset=\"https:\/\/madeinzaragoza.es\/blog\/wp-content\/uploads\/2024\/10\/Rebeca-Zarza-Blogssipgirl-270924-19-1024x869.jpg 1024w, https:\/\/madeinzaragoza.es\/blog\/wp-content\/uploads\/2024\/10\/Rebeca-Zarza-Blogssipgirl-270924-19-450x382.jpg 450w, https:\/\/madeinzaragoza.es\/blog\/wp-content\/uploads\/2024\/10\/Rebeca-Zarza-Blogssipgirl-270924-19-768x651.jpg 768w, https:\/\/madeinzaragoza.es\/blog\/wp-content\/uploads\/2024\/10\/Rebeca-Zarza-Blogssipgirl-270924-19-1536x1303.jpg 1536w, https:\/\/madeinzaragoza.es\/blog\/wp-content\/uploads\/2024\/10\/Rebeca-Zarza-Blogssipgirl-270924-19-1200x1018.jpg 1200w, https:\/\/madeinzaragoza.es\/blog\/wp-content\/uploads\/2024\/10\/Rebeca-Zarza-Blogssipgirl-270924-19.jpg 2048w\" sizes=\"(max-width: 709px) 85vw, (max-width: 909px) 67vw, (max-width: 1362px) 62vw, 840px\" \/><\/figure>\n\n\n\n<p><\/p>\n\n\n\n<p><strong>\u00bfQu\u00e9 premios y reconocimientos has obtenido?<\/strong> <\/p>\n\n\n\n<p>He recibido premios de ilustraci\u00f3n y dise\u00f1o tanto a nivel nacional como internacional, como los Anuaria e Igdea. Este a\u00f1o fui finalista en el <strong>Premio Isabel de Portugal, <\/strong>lo que me hizo mucha ilusi\u00f3n, ya que era la primera vez que me presentaba.<\/p>\n\n\n\n<p><\/p>\n\n\n\n<figure class=\"wp-block-image size-large\"><img loading=\"lazy\" decoding=\"async\" width=\"758\" height=\"1024\" src=\"https:\/\/madeinzaragoza.es\/blog\/wp-content\/uploads\/2024\/10\/image0-758x1024.jpg\" alt=\"\" class=\"wp-image-42473\" srcset=\"https:\/\/madeinzaragoza.es\/blog\/wp-content\/uploads\/2024\/10\/image0-758x1024.jpg 758w, https:\/\/madeinzaragoza.es\/blog\/wp-content\/uploads\/2024\/10\/image0-333x450.jpg 333w, https:\/\/madeinzaragoza.es\/blog\/wp-content\/uploads\/2024\/10\/image0-768x1037.jpg 768w, https:\/\/madeinzaragoza.es\/blog\/wp-content\/uploads\/2024\/10\/image0-1137x1536.jpg 1137w, https:\/\/madeinzaragoza.es\/blog\/wp-content\/uploads\/2024\/10\/image0-1200x1621.jpg 1200w, https:\/\/madeinzaragoza.es\/blog\/wp-content\/uploads\/2024\/10\/image0.jpg 1289w\" sizes=\"(max-width: 709px) 85vw, (max-width: 909px) 67vw, (max-width: 984px) 61vw, (max-width: 1362px) 45vw, 600px\" \/><\/figure>\n\n\n\n<p><\/p>\n\n\n\n<p><strong>\u00bfCon qu\u00e9 nos va a sorprender Rebeca Zarza en el futuro?<\/strong> <\/p>\n\n\n\n<p>\u00a1Jaja, ni yo misma lo s\u00e9! Pero estoy segura de que seguir\u00e9 form\u00e1ndome, desarrollando proyectos de arte y dise\u00f1o y, probablemente, dedicando m\u00e1s tiempo a la formaci\u00f3n de \u00ab<strong>Creatividad Consciente<\/strong>\u00ab.<br><\/p>\n\n\n\n<p><strong>\u00bfPodr\u00edas dar una peque\u00f1a pincelada acerca de pr\u00f3ximos proyectos, exposiciones en mente? <\/strong><\/p>\n\n\n\n<p>Sigo desarrollando obra y tengo varias colaboraciones junto a otros artistas. Tengo en mente una nueva colecci\u00f3n de obras en formatos que todav\u00eda no he trabajado y experimentar a trav\u00e9s de los materiales y el color.<\/p>\n\n\n\n<p><\/p>\n\n\n\n<figure class=\"wp-block-image size-large\"><img loading=\"lazy\" decoding=\"async\" width=\"1024\" height=\"835\" src=\"https:\/\/madeinzaragoza.es\/blog\/wp-content\/uploads\/2024\/10\/Rebeca-Zarza-Blogssipgirl-270924-13-1024x835.jpg\" alt=\"\" class=\"wp-image-42474\" srcset=\"https:\/\/madeinzaragoza.es\/blog\/wp-content\/uploads\/2024\/10\/Rebeca-Zarza-Blogssipgirl-270924-13-1024x835.jpg 1024w, https:\/\/madeinzaragoza.es\/blog\/wp-content\/uploads\/2024\/10\/Rebeca-Zarza-Blogssipgirl-270924-13-450x367.jpg 450w, https:\/\/madeinzaragoza.es\/blog\/wp-content\/uploads\/2024\/10\/Rebeca-Zarza-Blogssipgirl-270924-13-768x627.jpg 768w, https:\/\/madeinzaragoza.es\/blog\/wp-content\/uploads\/2024\/10\/Rebeca-Zarza-Blogssipgirl-270924-13-1536x1253.jpg 1536w, https:\/\/madeinzaragoza.es\/blog\/wp-content\/uploads\/2024\/10\/Rebeca-Zarza-Blogssipgirl-270924-13-1200x979.jpg 1200w, https:\/\/madeinzaragoza.es\/blog\/wp-content\/uploads\/2024\/10\/Rebeca-Zarza-Blogssipgirl-270924-13.jpg 1764w\" sizes=\"(max-width: 709px) 85vw, (max-width: 909px) 67vw, (max-width: 1362px) 62vw, 840px\" \/><\/figure>\n\n\n\n<p><\/p>\n\n\n\n<p><strong>\u00bfC\u00f3mo podemos adquirir tus obras y seguir tu trayectoria? <\/strong><\/p>\n\n\n\n<p>A trav\u00e9s de mis redes sociales: <strong>Instagram<\/strong>: <strong><a href=\"https:\/\/www.instagram.com\/rebeca_zarzaestudio\/\">@rebeca_zarzaestudio<\/a><\/strong>, mi p\u00e1gina <strong>web<\/strong>: <strong><a href=\"https:\/\/rebecazarza.com\/\">zarzaestudio.e<\/a><a href=\"https:\/\/zarzaestudio.es\/\">s<\/a><\/strong> \/ <strong><a href=\"https:\/\/rebecazarza.com\/\">rebecazarza.com<\/a><\/strong> y en mi estudio <strong>C\/Sixto Celorrio 26, local izquierda. Zaragoza<\/strong>.<br><\/p>\n\n\n\n<p><\/p>\n","protected":false},"excerpt":{"rendered":"<p>Rebeca Zarza es una dise\u00f1adora, artista e ilustradora que destila magia en cada una de sus obras. Con una mirada que irradia paz y serenidad, plasma su esencia en creaciones \u00fanicas. Su dominio de t\u00e9cnicas muy cuidadas le permite aportar a cada pieza de una expresividad vibrante y una luz especial que atrapa y hechiza. &hellip; <a href=\"https:\/\/madeinzaragoza.es\/blog\/rebeca-zarza-cuando-el-arte-semiabstracto-invade-los-espacios\/\" class=\"more-link\">Continuar leyendo<span class=\"screen-reader-text\"> \u00abRebeca Zarza, cuando el arte semiabstracto invade los espacios\u00bb<\/span><\/a><\/p>\n","protected":false},"author":4,"featured_media":42464,"comment_status":"open","ping_status":"open","sticky":false,"template":"","format":"standard","meta":{"footnotes":""},"categories":[829,6],"tags":[2364,28,1337,24,63,308],"yoast_head":"<!-- This site is optimized with the Yoast SEO plugin v19.7.2 - https:\/\/yoast.com\/wordpress\/plugins\/seo\/ -->\n<title>Rebeca Zarza, cuando el arte semiabstracto invade los espacios - Made in Zaragoza<\/title>\n<meta name=\"description\" content=\"Rebeca Zarza es una dise\u00f1adora, artista e ilustradora que destila magia en cada una de sus obras.\" \/>\n<meta name=\"robots\" content=\"index, follow, max-snippet:-1, max-image-preview:large, max-video-preview:-1\" \/>\n<link rel=\"canonical\" href=\"https:\/\/madeinzaragoza.es\/blog\/rebeca-zarza-cuando-el-arte-semiabstracto-invade-los-espacios\/\" \/>\n<meta property=\"og:locale\" content=\"es_ES\" \/>\n<meta property=\"og:type\" content=\"article\" \/>\n<meta property=\"og:title\" content=\"Rebeca Zarza, cuando el arte semiabstracto invade los espacios - Made in Zaragoza\" \/>\n<meta property=\"og:description\" content=\"Rebeca Zarza es una dise\u00f1adora, artista e ilustradora que destila magia en cada una de sus obras.\" \/>\n<meta property=\"og:url\" content=\"https:\/\/madeinzaragoza.es\/blog\/rebeca-zarza-cuando-el-arte-semiabstracto-invade-los-espacios\/\" \/>\n<meta property=\"og:site_name\" content=\"Made in Zaragoza\" \/>\n<meta property=\"article:publisher\" content=\"https:\/\/www.facebook.com\/madeinzaragoza.es\/\" \/>\n<meta property=\"article:author\" content=\"blogssipgirl\/197083753685798\" \/>\n<meta property=\"article:published_time\" content=\"2024-10-14T06:55:11+00:00\" \/>\n<meta property=\"article:modified_time\" content=\"2024-10-14T06:55:12+00:00\" \/>\n<meta property=\"og:image\" content=\"https:\/\/madeinzaragoza.es\/blog\/wp-content\/uploads\/2024\/10\/cf6d4e08-bcdd-440c-b5e5-aae1196d8022-1.jpg\" \/>\n\t<meta property=\"og:image:width\" content=\"2000\" \/>\n\t<meta property=\"og:image:height\" content=\"1496\" \/>\n\t<meta property=\"og:image:type\" content=\"image\/jpeg\" \/>\n<meta name=\"author\" content=\"Blogssipgirl\" \/>\n<meta name=\"twitter:card\" content=\"summary\" \/>\n<meta name=\"twitter:creator\" content=\"@blogssipgirl1\" \/>\n<meta name=\"twitter:site\" content=\"@madeinzaragoza\" \/>\n<meta name=\"twitter:label1\" content=\"Escrito por\" \/>\n\t<meta name=\"twitter:data1\" content=\"Blogssipgirl\" \/>\n\t<meta name=\"twitter:label2\" content=\"Tiempo de lectura\" \/>\n\t<meta name=\"twitter:data2\" content=\"7 minutos\" \/>\n<script type=\"application\/ld+json\" class=\"yoast-schema-graph\">{\"@context\":\"https:\/\/schema.org\",\"@graph\":[{\"@type\":\"Article\",\"@id\":\"https:\/\/madeinzaragoza.es\/blog\/rebeca-zarza-cuando-el-arte-semiabstracto-invade-los-espacios\/#article\",\"isPartOf\":{\"@id\":\"https:\/\/madeinzaragoza.es\/blog\/rebeca-zarza-cuando-el-arte-semiabstracto-invade-los-espacios\/\"},\"author\":{\"name\":\"Blogssipgirl\",\"@id\":\"http:\/\/madeinzaragoza.es\/blog\/#\/schema\/person\/b6199e649857e868c4cf0717b007a717\"},\"headline\":\"Rebeca Zarza, cuando el arte semiabstracto invade los espacios\",\"datePublished\":\"2024-10-14T06:55:11+00:00\",\"dateModified\":\"2024-10-14T06:55:12+00:00\",\"mainEntityOfPage\":{\"@id\":\"https:\/\/madeinzaragoza.es\/blog\/rebeca-zarza-cuando-el-arte-semiabstracto-invade-los-espacios\/\"},\"wordCount\":1401,\"commentCount\":0,\"publisher\":{\"@id\":\"http:\/\/madeinzaragoza.es\/blog\/#organization\"},\"keywords\":[\"Arte\",\"creatividad\",\"Cultura\",\"entrevista\",\"exposicion\",\"pintura\"],\"articleSection\":[\"Cultura\",\"Gente\"],\"inLanguage\":\"es\",\"potentialAction\":[{\"@type\":\"CommentAction\",\"name\":\"Comment\",\"target\":[\"https:\/\/madeinzaragoza.es\/blog\/rebeca-zarza-cuando-el-arte-semiabstracto-invade-los-espacios\/#respond\"]}]},{\"@type\":\"WebPage\",\"@id\":\"https:\/\/madeinzaragoza.es\/blog\/rebeca-zarza-cuando-el-arte-semiabstracto-invade-los-espacios\/\",\"url\":\"https:\/\/madeinzaragoza.es\/blog\/rebeca-zarza-cuando-el-arte-semiabstracto-invade-los-espacios\/\",\"name\":\"Rebeca Zarza, cuando el arte semiabstracto invade los espacios - Made in Zaragoza\",\"isPartOf\":{\"@id\":\"http:\/\/madeinzaragoza.es\/blog\/#website\"},\"datePublished\":\"2024-10-14T06:55:11+00:00\",\"dateModified\":\"2024-10-14T06:55:12+00:00\",\"description\":\"Rebeca Zarza es una dise\u00f1adora, artista e ilustradora que destila magia en cada una de sus obras.\",\"breadcrumb\":{\"@id\":\"https:\/\/madeinzaragoza.es\/blog\/rebeca-zarza-cuando-el-arte-semiabstracto-invade-los-espacios\/#breadcrumb\"},\"inLanguage\":\"es\",\"potentialAction\":[{\"@type\":\"ReadAction\",\"target\":[\"https:\/\/madeinzaragoza.es\/blog\/rebeca-zarza-cuando-el-arte-semiabstracto-invade-los-espacios\/\"]}]},{\"@type\":\"BreadcrumbList\",\"@id\":\"https:\/\/madeinzaragoza.es\/blog\/rebeca-zarza-cuando-el-arte-semiabstracto-invade-los-espacios\/#breadcrumb\",\"itemListElement\":[{\"@type\":\"ListItem\",\"position\":1,\"name\":\"Portada\",\"item\":\"http:\/\/madeinzaragoza.es\/blog\/\"},{\"@type\":\"ListItem\",\"position\":2,\"name\":\"Rebeca Zarza, cuando el arte semiabstracto invade los espacios\"}]},{\"@type\":\"WebSite\",\"@id\":\"http:\/\/madeinzaragoza.es\/blog\/#website\",\"url\":\"http:\/\/madeinzaragoza.es\/blog\/\",\"name\":\"Made in Zaragoza\",\"description\":\"Blog de MadeinZGZ, Red de Econom\u00eda Creativa de Zaragoza\",\"publisher\":{\"@id\":\"http:\/\/madeinzaragoza.es\/blog\/#organization\"},\"potentialAction\":[{\"@type\":\"SearchAction\",\"target\":{\"@type\":\"EntryPoint\",\"urlTemplate\":\"http:\/\/madeinzaragoza.es\/blog\/?s={search_term_string}\"},\"query-input\":\"required name=search_term_string\"}],\"inLanguage\":\"es\"},{\"@type\":\"Organization\",\"@id\":\"http:\/\/madeinzaragoza.es\/blog\/#organization\",\"name\":\"Made In Zaragoza\",\"url\":\"http:\/\/madeinzaragoza.es\/blog\/\",\"sameAs\":[\"https:\/\/www.instagram.com\/madeinzaragoza.es\/\",\"https:\/\/www.facebook.com\/madeinzaragoza.es\/\",\"https:\/\/twitter.com\/madeinzaragoza\"],\"logo\":{\"@type\":\"ImageObject\",\"inLanguage\":\"es\",\"@id\":\"http:\/\/madeinzaragoza.es\/blog\/#\/schema\/logo\/image\/\",\"url\":\"https:\/\/madeinzaragoza.es\/blog\/wp-content\/uploads\/2022\/05\/logo.png\",\"contentUrl\":\"https:\/\/madeinzaragoza.es\/blog\/wp-content\/uploads\/2022\/05\/logo.png\",\"width\":193,\"height\":176,\"caption\":\"Made In Zaragoza\"},\"image\":{\"@id\":\"http:\/\/madeinzaragoza.es\/blog\/#\/schema\/logo\/image\/\"}},{\"@type\":\"Person\",\"@id\":\"http:\/\/madeinzaragoza.es\/blog\/#\/schema\/person\/b6199e649857e868c4cf0717b007a717\",\"name\":\"Blogssipgirl\",\"image\":{\"@type\":\"ImageObject\",\"inLanguage\":\"es\",\"@id\":\"http:\/\/madeinzaragoza.es\/blog\/#\/schema\/person\/image\/\",\"url\":\"https:\/\/secure.gravatar.com\/avatar\/6171ea2cd2ec17b189583c580ab912a7?s=96&d=mm&r=g\",\"contentUrl\":\"https:\/\/secure.gravatar.com\/avatar\/6171ea2cd2ec17b189583c580ab912a7?s=96&d=mm&r=g\",\"caption\":\"Blogssipgirl\"},\"description\":\"Organizadora de eventos, editora de blogs y gestora de RRSS. Y como hobby, bloguera: Blogssipgirl es mi alterego... Me gusta moverme por las redes sociales y colaborar en miles de proyectos, no s\u00e9 estar quieta. Me apasiona la moda y el buen gusto, adoro los peque\u00f1os placeres como pasear y disfrutar de mi familia y amigos.\",\"sameAs\":[\"http:\/\/blogssipgirl.blogspot.com\",\"blogssipgirl\/197083753685798\",\"https:\/\/twitter.com\/blogssipgirl1\"],\"url\":\"https:\/\/madeinzaragoza.es\/blog\/author\/blogssipgirl\/\"}]}<\/script>\n<!-- \/ Yoast SEO plugin. -->","yoast_head_json":{"title":"Rebeca Zarza, cuando el arte semiabstracto invade los espacios - Made in Zaragoza","description":"Rebeca Zarza es una dise\u00f1adora, artista e ilustradora que destila magia en cada una de sus obras.","robots":{"index":"index","follow":"follow","max-snippet":"max-snippet:-1","max-image-preview":"max-image-preview:large","max-video-preview":"max-video-preview:-1"},"canonical":"https:\/\/madeinzaragoza.es\/blog\/rebeca-zarza-cuando-el-arte-semiabstracto-invade-los-espacios\/","og_locale":"es_ES","og_type":"article","og_title":"Rebeca Zarza, cuando el arte semiabstracto invade los espacios - Made in Zaragoza","og_description":"Rebeca Zarza es una dise\u00f1adora, artista e ilustradora que destila magia en cada una de sus obras.","og_url":"https:\/\/madeinzaragoza.es\/blog\/rebeca-zarza-cuando-el-arte-semiabstracto-invade-los-espacios\/","og_site_name":"Made in Zaragoza","article_publisher":"https:\/\/www.facebook.com\/madeinzaragoza.es\/","article_author":"blogssipgirl\/197083753685798","article_published_time":"2024-10-14T06:55:11+00:00","article_modified_time":"2024-10-14T06:55:12+00:00","og_image":[{"width":2000,"height":1496,"url":"https:\/\/madeinzaragoza.es\/blog\/wp-content\/uploads\/2024\/10\/cf6d4e08-bcdd-440c-b5e5-aae1196d8022-1.jpg","type":"image\/jpeg"}],"author":"Blogssipgirl","twitter_card":"summary","twitter_creator":"@blogssipgirl1","twitter_site":"@madeinzaragoza","twitter_misc":{"Escrito por":"Blogssipgirl","Tiempo de lectura":"7 minutos"},"schema":{"@context":"https:\/\/schema.org","@graph":[{"@type":"Article","@id":"https:\/\/madeinzaragoza.es\/blog\/rebeca-zarza-cuando-el-arte-semiabstracto-invade-los-espacios\/#article","isPartOf":{"@id":"https:\/\/madeinzaragoza.es\/blog\/rebeca-zarza-cuando-el-arte-semiabstracto-invade-los-espacios\/"},"author":{"name":"Blogssipgirl","@id":"http:\/\/madeinzaragoza.es\/blog\/#\/schema\/person\/b6199e649857e868c4cf0717b007a717"},"headline":"Rebeca Zarza, cuando el arte semiabstracto invade los espacios","datePublished":"2024-10-14T06:55:11+00:00","dateModified":"2024-10-14T06:55:12+00:00","mainEntityOfPage":{"@id":"https:\/\/madeinzaragoza.es\/blog\/rebeca-zarza-cuando-el-arte-semiabstracto-invade-los-espacios\/"},"wordCount":1401,"commentCount":0,"publisher":{"@id":"http:\/\/madeinzaragoza.es\/blog\/#organization"},"keywords":["Arte","creatividad","Cultura","entrevista","exposicion","pintura"],"articleSection":["Cultura","Gente"],"inLanguage":"es","potentialAction":[{"@type":"CommentAction","name":"Comment","target":["https:\/\/madeinzaragoza.es\/blog\/rebeca-zarza-cuando-el-arte-semiabstracto-invade-los-espacios\/#respond"]}]},{"@type":"WebPage","@id":"https:\/\/madeinzaragoza.es\/blog\/rebeca-zarza-cuando-el-arte-semiabstracto-invade-los-espacios\/","url":"https:\/\/madeinzaragoza.es\/blog\/rebeca-zarza-cuando-el-arte-semiabstracto-invade-los-espacios\/","name":"Rebeca Zarza, cuando el arte semiabstracto invade los espacios - Made in Zaragoza","isPartOf":{"@id":"http:\/\/madeinzaragoza.es\/blog\/#website"},"datePublished":"2024-10-14T06:55:11+00:00","dateModified":"2024-10-14T06:55:12+00:00","description":"Rebeca Zarza es una dise\u00f1adora, artista e ilustradora que destila magia en cada una de sus obras.","breadcrumb":{"@id":"https:\/\/madeinzaragoza.es\/blog\/rebeca-zarza-cuando-el-arte-semiabstracto-invade-los-espacios\/#breadcrumb"},"inLanguage":"es","potentialAction":[{"@type":"ReadAction","target":["https:\/\/madeinzaragoza.es\/blog\/rebeca-zarza-cuando-el-arte-semiabstracto-invade-los-espacios\/"]}]},{"@type":"BreadcrumbList","@id":"https:\/\/madeinzaragoza.es\/blog\/rebeca-zarza-cuando-el-arte-semiabstracto-invade-los-espacios\/#breadcrumb","itemListElement":[{"@type":"ListItem","position":1,"name":"Portada","item":"http:\/\/madeinzaragoza.es\/blog\/"},{"@type":"ListItem","position":2,"name":"Rebeca Zarza, cuando el arte semiabstracto invade los espacios"}]},{"@type":"WebSite","@id":"http:\/\/madeinzaragoza.es\/blog\/#website","url":"http:\/\/madeinzaragoza.es\/blog\/","name":"Made in Zaragoza","description":"Blog de MadeinZGZ, Red de Econom\u00eda Creativa de Zaragoza","publisher":{"@id":"http:\/\/madeinzaragoza.es\/blog\/#organization"},"potentialAction":[{"@type":"SearchAction","target":{"@type":"EntryPoint","urlTemplate":"http:\/\/madeinzaragoza.es\/blog\/?s={search_term_string}"},"query-input":"required name=search_term_string"}],"inLanguage":"es"},{"@type":"Organization","@id":"http:\/\/madeinzaragoza.es\/blog\/#organization","name":"Made In Zaragoza","url":"http:\/\/madeinzaragoza.es\/blog\/","sameAs":["https:\/\/www.instagram.com\/madeinzaragoza.es\/","https:\/\/www.facebook.com\/madeinzaragoza.es\/","https:\/\/twitter.com\/madeinzaragoza"],"logo":{"@type":"ImageObject","inLanguage":"es","@id":"http:\/\/madeinzaragoza.es\/blog\/#\/schema\/logo\/image\/","url":"https:\/\/madeinzaragoza.es\/blog\/wp-content\/uploads\/2022\/05\/logo.png","contentUrl":"https:\/\/madeinzaragoza.es\/blog\/wp-content\/uploads\/2022\/05\/logo.png","width":193,"height":176,"caption":"Made In Zaragoza"},"image":{"@id":"http:\/\/madeinzaragoza.es\/blog\/#\/schema\/logo\/image\/"}},{"@type":"Person","@id":"http:\/\/madeinzaragoza.es\/blog\/#\/schema\/person\/b6199e649857e868c4cf0717b007a717","name":"Blogssipgirl","image":{"@type":"ImageObject","inLanguage":"es","@id":"http:\/\/madeinzaragoza.es\/blog\/#\/schema\/person\/image\/","url":"https:\/\/secure.gravatar.com\/avatar\/6171ea2cd2ec17b189583c580ab912a7?s=96&d=mm&r=g","contentUrl":"https:\/\/secure.gravatar.com\/avatar\/6171ea2cd2ec17b189583c580ab912a7?s=96&d=mm&r=g","caption":"Blogssipgirl"},"description":"Organizadora de eventos, editora de blogs y gestora de RRSS. Y como hobby, bloguera: Blogssipgirl es mi alterego... Me gusta moverme por las redes sociales y colaborar en miles de proyectos, no s\u00e9 estar quieta. Me apasiona la moda y el buen gusto, adoro los peque\u00f1os placeres como pasear y disfrutar de mi familia y amigos.","sameAs":["http:\/\/blogssipgirl.blogspot.com","blogssipgirl\/197083753685798","https:\/\/twitter.com\/blogssipgirl1"],"url":"https:\/\/madeinzaragoza.es\/blog\/author\/blogssipgirl\/"}]}},"_links":{"self":[{"href":"https:\/\/madeinzaragoza.es\/blog\/wp-json\/wp\/v2\/posts\/42461"}],"collection":[{"href":"https:\/\/madeinzaragoza.es\/blog\/wp-json\/wp\/v2\/posts"}],"about":[{"href":"https:\/\/madeinzaragoza.es\/blog\/wp-json\/wp\/v2\/types\/post"}],"author":[{"embeddable":true,"href":"https:\/\/madeinzaragoza.es\/blog\/wp-json\/wp\/v2\/users\/4"}],"replies":[{"embeddable":true,"href":"https:\/\/madeinzaragoza.es\/blog\/wp-json\/wp\/v2\/comments?post=42461"}],"version-history":[{"count":16,"href":"https:\/\/madeinzaragoza.es\/blog\/wp-json\/wp\/v2\/posts\/42461\/revisions"}],"predecessor-version":[{"id":42513,"href":"https:\/\/madeinzaragoza.es\/blog\/wp-json\/wp\/v2\/posts\/42461\/revisions\/42513"}],"wp:featuredmedia":[{"embeddable":true,"href":"https:\/\/madeinzaragoza.es\/blog\/wp-json\/wp\/v2\/media\/42464"}],"wp:attachment":[{"href":"https:\/\/madeinzaragoza.es\/blog\/wp-json\/wp\/v2\/media?parent=42461"}],"wp:term":[{"taxonomy":"category","embeddable":true,"href":"https:\/\/madeinzaragoza.es\/blog\/wp-json\/wp\/v2\/categories?post=42461"},{"taxonomy":"post_tag","embeddable":true,"href":"https:\/\/madeinzaragoza.es\/blog\/wp-json\/wp\/v2\/tags?post=42461"}],"curies":[{"name":"wp","href":"https:\/\/api.w.org\/{rel}","templated":true}]}}