{"id":41823,"date":"2024-06-24T13:54:49","date_gmt":"2024-06-24T12:54:49","guid":{"rendered":"https:\/\/madeinzaragoza.es\/blog\/?p=41823"},"modified":"2024-06-25T19:31:03","modified_gmt":"2024-06-25T18:31:03","slug":"leo-dexter-band-la-reencarnacion-de-los-viejos-rockeros","status":"publish","type":"post","link":"https:\/\/madeinzaragoza.es\/blog\/leo-dexter-band-la-reencarnacion-de-los-viejos-rockeros\/","title":{"rendered":"Leo Dexter Band, la reencarnaci\u00f3n de los viejos rockeros."},"content":{"rendered":"\n<p><\/p>\n\n\n\n<p>Una voz rasgada, rota, profunda, envolvente, con personalidad propia pero, que recuerda a los viejos rockeros. Ritmos y acordes dan lugar a una mezcla de pop, rock, folk, country, blues&#8230; sonidos peculiares que no dejan indiferente a nadie.<br><br><strong><a href=\"https:\/\/www.leodexterband.es\/\">Leo Dexter Band <\/a><\/strong>es una banda de m\u00fasica fuera de lo com\u00fan, dentro de todo lo visto en la actualidad. Sus 8 componentes son los encargados de trasladarnos a rincones secretos con melod\u00edas que hacen so\u00f1ar y con un sonido actual, lleno de energ\u00eda, positividad, descaro y movimiento.<\/p>\n\n\n\n<p><\/p>\n\n\n\n<figure class=\"wp-block-image size-large\"><img loading=\"lazy\" decoding=\"async\" width=\"1024\" height=\"473\" src=\"http:\/\/madeinzaragoza.es\/blog\/wp-content\/uploads\/2024\/06\/Leo-Dexter-Band-1024x473.jpg\" alt=\"\" class=\"wp-image-41824\" srcset=\"https:\/\/madeinzaragoza.es\/blog\/wp-content\/uploads\/2024\/06\/Leo-Dexter-Band-1024x473.jpg 1024w, https:\/\/madeinzaragoza.es\/blog\/wp-content\/uploads\/2024\/06\/Leo-Dexter-Band-450x208.jpg 450w, https:\/\/madeinzaragoza.es\/blog\/wp-content\/uploads\/2024\/06\/Leo-Dexter-Band-768x354.jpg 768w, https:\/\/madeinzaragoza.es\/blog\/wp-content\/uploads\/2024\/06\/Leo-Dexter-Band-1536x709.jpg 1536w, https:\/\/madeinzaragoza.es\/blog\/wp-content\/uploads\/2024\/06\/Leo-Dexter-Band-1200x554.jpg 1200w, https:\/\/madeinzaragoza.es\/blog\/wp-content\/uploads\/2024\/06\/Leo-Dexter-Band.jpg 2048w\" sizes=\"(max-width: 709px) 85vw, (max-width: 909px) 67vw, (max-width: 1362px) 62vw, 840px\" \/><\/figure>\n\n\n\n<p><\/p>\n\n\n\n<p>A trav\u00e9s de esta entrevista, a <strong>Dar\u00edo Dexter<\/strong> (voz y guitarra), conoceremos a sus integrantes, su historia y sus trabajos.<\/p>\n\n\n\n<p><\/p>\n\n\n\n<figure class=\"wp-block-embed is-type-video is-provider-youtube wp-block-embed-youtube wp-embed-aspect-16-9 wp-has-aspect-ratio\"><div class=\"wp-block-embed__wrapper\">\n<iframe loading=\"lazy\" title=\"Leo Dexter Band\" width=\"840\" height=\"473\" src=\"https:\/\/www.youtube.com\/embed\/XITgISz2ye0?feature=oembed\" frameborder=\"0\" allow=\"accelerometer; autoplay; clipboard-write; encrypted-media; gyroscope; picture-in-picture; web-share\" referrerpolicy=\"strict-origin-when-cross-origin\" allowfullscreen><\/iframe>\n<\/div><\/figure>\n\n\n\n<p>Freddy Bl\u00e1zquez: bater\u00eda; Iban Flores: bajo; Oscar Abos: trompeta y fliscorno; Octavio: saxo alto, tenor,  voces; Octavio Jr.: tromb\u00f3n; Antonio Beltr\u00e1n: teclados; Jos\u00e9 Antonio Cerqueira: guitarra solista.<\/p>\n\n\n\n<p><\/p>\n\n\n\n<figure class=\"wp-block-gallery has-nested-images columns-default is-cropped wp-block-gallery-1 is-layout-flex wp-block-gallery-is-layout-flex\">\n<figure class=\"wp-block-image size-large\"><img loading=\"lazy\" decoding=\"async\" width=\"717\" height=\"1024\" data-id=\"41827\" src=\"https:\/\/madeinzaragoza.es\/blog\/wp-content\/uploads\/2024\/06\/4eea8e43-5d98-41ae-872f-023a884eb90c-717x1024.jpg\" alt=\"\" class=\"wp-image-41827\" srcset=\"https:\/\/madeinzaragoza.es\/blog\/wp-content\/uploads\/2024\/06\/4eea8e43-5d98-41ae-872f-023a884eb90c-717x1024.jpg 717w, https:\/\/madeinzaragoza.es\/blog\/wp-content\/uploads\/2024\/06\/4eea8e43-5d98-41ae-872f-023a884eb90c-315x450.jpg 315w, https:\/\/madeinzaragoza.es\/blog\/wp-content\/uploads\/2024\/06\/4eea8e43-5d98-41ae-872f-023a884eb90c-768x1097.jpg 768w, https:\/\/madeinzaragoza.es\/blog\/wp-content\/uploads\/2024\/06\/4eea8e43-5d98-41ae-872f-023a884eb90c-1075x1536.jpg 1075w, https:\/\/madeinzaragoza.es\/blog\/wp-content\/uploads\/2024\/06\/4eea8e43-5d98-41ae-872f-023a884eb90c.jpg 1120w\" sizes=\"(max-width: 709px) 85vw, (max-width: 909px) 67vw, (max-width: 984px) 61vw, (max-width: 1362px) 45vw, 600px\" \/><\/figure>\n\n\n\n<figure class=\"wp-block-image size-large\"><img loading=\"lazy\" decoding=\"async\" width=\"801\" height=\"1024\" data-id=\"41832\" src=\"https:\/\/madeinzaragoza.es\/blog\/wp-content\/uploads\/2024\/06\/08c0a2da-2c44-4d19-92d6-4724e01f9ccd-801x1024.jpg\" alt=\"\" class=\"wp-image-41832\" srcset=\"https:\/\/madeinzaragoza.es\/blog\/wp-content\/uploads\/2024\/06\/08c0a2da-2c44-4d19-92d6-4724e01f9ccd-801x1024.jpg 801w, https:\/\/madeinzaragoza.es\/blog\/wp-content\/uploads\/2024\/06\/08c0a2da-2c44-4d19-92d6-4724e01f9ccd-352x450.jpg 352w, https:\/\/madeinzaragoza.es\/blog\/wp-content\/uploads\/2024\/06\/08c0a2da-2c44-4d19-92d6-4724e01f9ccd-768x981.jpg 768w, https:\/\/madeinzaragoza.es\/blog\/wp-content\/uploads\/2024\/06\/08c0a2da-2c44-4d19-92d6-4724e01f9ccd-1202x1536.jpg 1202w, https:\/\/madeinzaragoza.es\/blog\/wp-content\/uploads\/2024\/06\/08c0a2da-2c44-4d19-92d6-4724e01f9ccd-1200x1534.jpg 1200w, https:\/\/madeinzaragoza.es\/blog\/wp-content\/uploads\/2024\/06\/08c0a2da-2c44-4d19-92d6-4724e01f9ccd.jpg 1252w\" sizes=\"(max-width: 709px) 85vw, (max-width: 909px) 67vw, (max-width: 984px) 61vw, (max-width: 1362px) 45vw, 600px\" \/><\/figure>\n\n\n\n<figure class=\"wp-block-image size-large\"><img loading=\"lazy\" decoding=\"async\" width=\"979\" height=\"1024\" data-id=\"41833\" src=\"https:\/\/madeinzaragoza.es\/blog\/wp-content\/uploads\/2024\/06\/9b2c3f6c-740a-4185-9201-ea14c825f62c-979x1024.jpg\" alt=\"\" class=\"wp-image-41833\" srcset=\"https:\/\/madeinzaragoza.es\/blog\/wp-content\/uploads\/2024\/06\/9b2c3f6c-740a-4185-9201-ea14c825f62c-979x1024.jpg 979w, https:\/\/madeinzaragoza.es\/blog\/wp-content\/uploads\/2024\/06\/9b2c3f6c-740a-4185-9201-ea14c825f62c-430x450.jpg 430w, https:\/\/madeinzaragoza.es\/blog\/wp-content\/uploads\/2024\/06\/9b2c3f6c-740a-4185-9201-ea14c825f62c-768x803.jpg 768w, https:\/\/madeinzaragoza.es\/blog\/wp-content\/uploads\/2024\/06\/9b2c3f6c-740a-4185-9201-ea14c825f62c-1469x1536.jpg 1469w, https:\/\/madeinzaragoza.es\/blog\/wp-content\/uploads\/2024\/06\/9b2c3f6c-740a-4185-9201-ea14c825f62c-1200x1255.jpg 1200w, https:\/\/madeinzaragoza.es\/blog\/wp-content\/uploads\/2024\/06\/9b2c3f6c-740a-4185-9201-ea14c825f62c.jpg 1530w\" sizes=\"(max-width: 709px) 85vw, (max-width: 909px) 67vw, (max-width: 1362px) 62vw, 840px\" \/><\/figure>\n\n\n\n<figure class=\"wp-block-image size-large\"><img loading=\"lazy\" decoding=\"async\" width=\"726\" height=\"1024\" data-id=\"41830\" src=\"https:\/\/madeinzaragoza.es\/blog\/wp-content\/uploads\/2024\/06\/9e66d054-0a26-46cc-a7b2-4b52e2a200b3-726x1024.jpg\" alt=\"\" class=\"wp-image-41830\" srcset=\"https:\/\/madeinzaragoza.es\/blog\/wp-content\/uploads\/2024\/06\/9e66d054-0a26-46cc-a7b2-4b52e2a200b3-726x1024.jpg 726w, https:\/\/madeinzaragoza.es\/blog\/wp-content\/uploads\/2024\/06\/9e66d054-0a26-46cc-a7b2-4b52e2a200b3-319x450.jpg 319w, https:\/\/madeinzaragoza.es\/blog\/wp-content\/uploads\/2024\/06\/9e66d054-0a26-46cc-a7b2-4b52e2a200b3-768x1084.jpg 768w, https:\/\/madeinzaragoza.es\/blog\/wp-content\/uploads\/2024\/06\/9e66d054-0a26-46cc-a7b2-4b52e2a200b3-1089x1536.jpg 1089w, https:\/\/madeinzaragoza.es\/blog\/wp-content\/uploads\/2024\/06\/9e66d054-0a26-46cc-a7b2-4b52e2a200b3.jpg 1134w\" sizes=\"(max-width: 709px) 85vw, (max-width: 909px) 67vw, (max-width: 984px) 61vw, (max-width: 1362px) 45vw, 600px\" \/><\/figure>\n\n\n\n<figure class=\"wp-block-image size-large\"><img loading=\"lazy\" decoding=\"async\" width=\"676\" height=\"1024\" data-id=\"41826\" src=\"https:\/\/madeinzaragoza.es\/blog\/wp-content\/uploads\/2024\/06\/a6918d7c-7858-42f4-bdd9-660d68149646-676x1024.jpg\" alt=\"\" class=\"wp-image-41826\" srcset=\"https:\/\/madeinzaragoza.es\/blog\/wp-content\/uploads\/2024\/06\/a6918d7c-7858-42f4-bdd9-660d68149646-676x1024.jpg 676w, https:\/\/madeinzaragoza.es\/blog\/wp-content\/uploads\/2024\/06\/a6918d7c-7858-42f4-bdd9-660d68149646-297x450.jpg 297w, https:\/\/madeinzaragoza.es\/blog\/wp-content\/uploads\/2024\/06\/a6918d7c-7858-42f4-bdd9-660d68149646-768x1164.jpg 768w, https:\/\/madeinzaragoza.es\/blog\/wp-content\/uploads\/2024\/06\/a6918d7c-7858-42f4-bdd9-660d68149646-1014x1536.jpg 1014w, https:\/\/madeinzaragoza.es\/blog\/wp-content\/uploads\/2024\/06\/a6918d7c-7858-42f4-bdd9-660d68149646.jpg 1056w\" sizes=\"(max-width: 709px) 85vw, (max-width: 909px) 67vw, (max-width: 984px) 61vw, (max-width: 1362px) 45vw, 600px\" \/><\/figure>\n\n\n\n<figure class=\"wp-block-image size-large\"><img loading=\"lazy\" decoding=\"async\" width=\"722\" height=\"1024\" data-id=\"41828\" src=\"https:\/\/madeinzaragoza.es\/blog\/wp-content\/uploads\/2024\/06\/cd1d1c22-5ce0-4bdf-bd76-b00b061e0c6a-722x1024.jpg\" alt=\"\" class=\"wp-image-41828\" srcset=\"https:\/\/madeinzaragoza.es\/blog\/wp-content\/uploads\/2024\/06\/cd1d1c22-5ce0-4bdf-bd76-b00b061e0c6a-722x1024.jpg 722w, https:\/\/madeinzaragoza.es\/blog\/wp-content\/uploads\/2024\/06\/cd1d1c22-5ce0-4bdf-bd76-b00b061e0c6a-317x450.jpg 317w, https:\/\/madeinzaragoza.es\/blog\/wp-content\/uploads\/2024\/06\/cd1d1c22-5ce0-4bdf-bd76-b00b061e0c6a-768x1089.jpg 768w, https:\/\/madeinzaragoza.es\/blog\/wp-content\/uploads\/2024\/06\/cd1d1c22-5ce0-4bdf-bd76-b00b061e0c6a-1083x1536.jpg 1083w, https:\/\/madeinzaragoza.es\/blog\/wp-content\/uploads\/2024\/06\/cd1d1c22-5ce0-4bdf-bd76-b00b061e0c6a.jpg 1128w\" sizes=\"(max-width: 709px) 85vw, (max-width: 909px) 67vw, (max-width: 984px) 61vw, (max-width: 1362px) 45vw, 600px\" \/><\/figure>\n\n\n\n<figure class=\"wp-block-image size-large\"><img loading=\"lazy\" decoding=\"async\" width=\"918\" height=\"1024\" data-id=\"41831\" src=\"https:\/\/madeinzaragoza.es\/blog\/wp-content\/uploads\/2024\/06\/edc99f9c-70a8-4fff-a67f-df3bf7854d4f-918x1024.jpg\" alt=\"\" class=\"wp-image-41831\" srcset=\"https:\/\/madeinzaragoza.es\/blog\/wp-content\/uploads\/2024\/06\/edc99f9c-70a8-4fff-a67f-df3bf7854d4f-918x1024.jpg 918w, https:\/\/madeinzaragoza.es\/blog\/wp-content\/uploads\/2024\/06\/edc99f9c-70a8-4fff-a67f-df3bf7854d4f-403x450.jpg 403w, https:\/\/madeinzaragoza.es\/blog\/wp-content\/uploads\/2024\/06\/edc99f9c-70a8-4fff-a67f-df3bf7854d4f-768x857.jpg 768w, https:\/\/madeinzaragoza.es\/blog\/wp-content\/uploads\/2024\/06\/edc99f9c-70a8-4fff-a67f-df3bf7854d4f-1377x1536.jpg 1377w, https:\/\/madeinzaragoza.es\/blog\/wp-content\/uploads\/2024\/06\/edc99f9c-70a8-4fff-a67f-df3bf7854d4f-1200x1339.jpg 1200w, https:\/\/madeinzaragoza.es\/blog\/wp-content\/uploads\/2024\/06\/edc99f9c-70a8-4fff-a67f-df3bf7854d4f.jpg 1434w\" sizes=\"(max-width: 709px) 85vw, (max-width: 909px) 67vw, (max-width: 1362px) 62vw, 840px\" \/><\/figure>\n\n\n\n<figure class=\"wp-block-image size-large\"><img loading=\"lazy\" decoding=\"async\" width=\"1024\" height=\"902\" data-id=\"41829\" src=\"https:\/\/madeinzaragoza.es\/blog\/wp-content\/uploads\/2024\/06\/fd366661-9cbc-4d8d-96a5-cf632b7bacf7-1024x902.jpg\" alt=\"\" class=\"wp-image-41829\" srcset=\"https:\/\/madeinzaragoza.es\/blog\/wp-content\/uploads\/2024\/06\/fd366661-9cbc-4d8d-96a5-cf632b7bacf7-1024x902.jpg 1024w, https:\/\/madeinzaragoza.es\/blog\/wp-content\/uploads\/2024\/06\/fd366661-9cbc-4d8d-96a5-cf632b7bacf7-450x397.jpg 450w, https:\/\/madeinzaragoza.es\/blog\/wp-content\/uploads\/2024\/06\/fd366661-9cbc-4d8d-96a5-cf632b7bacf7-768x677.jpg 768w, https:\/\/madeinzaragoza.es\/blog\/wp-content\/uploads\/2024\/06\/fd366661-9cbc-4d8d-96a5-cf632b7bacf7-1536x1354.jpg 1536w, https:\/\/madeinzaragoza.es\/blog\/wp-content\/uploads\/2024\/06\/fd366661-9cbc-4d8d-96a5-cf632b7bacf7-1200x1058.jpg 1200w, https:\/\/madeinzaragoza.es\/blog\/wp-content\/uploads\/2024\/06\/fd366661-9cbc-4d8d-96a5-cf632b7bacf7.jpg 1600w\" sizes=\"(max-width: 709px) 85vw, (max-width: 909px) 67vw, (max-width: 1362px) 62vw, 840px\" \/><\/figure>\n<\/figure>\n\n\n\n<p><\/p>\n\n\n\n<p><strong>\u00bfQu\u00e9 sue\u00f1os tiene Leo Dexter Band? <\/strong><\/p>\n\n\n\n<p>Nuestro deseo es muy terrenal, poder ofrecer actuaciones durante el m\u00e1ximo tiempo posible, puesto que tener una banda tan numerosa de componentes y que se mantenga en el tiempo, es complicado.<\/p>\n\n\n\n<p><strong>\u00bfC\u00f3mo empieza la aventura musical de Leo Dexter Band?<\/strong> <\/p>\n\n\n\n<p>La Banda nace en 2010 y al principio, como todas, hace versiones. Recuerdo las primeras, Gabinete Caligari, M-Clan, Los Rodr\u00edguez\u2026 Pero el sue\u00f1o empez\u00f3 a forjarse en 2009 cuando Alfredo (bater\u00eda) y Dar\u00edo (voz y guitarra), trabajando en una obra en Calatayud, exponen su inquietud por la m\u00fasica. Alfredo comenta que tiene un amigo bajista (Iban). Unos d\u00edas despu\u00e9s quedamos para tocar y desde entonces hasta hoy la banda ha ido incorporando y tambi\u00e9n cambiando a diferentes miembros. Julio Bona (saxo), Luismi Garc\u00eda (guitarra), J. Manuel Garc\u00eda Cabrero (teclista).<\/p>\n\n\n\n<p><\/p>\n\n\n\n<figure class=\"wp-block-image size-large\"><img loading=\"lazy\" decoding=\"async\" width=\"1024\" height=\"768\" src=\"https:\/\/madeinzaragoza.es\/blog\/wp-content\/uploads\/2024\/06\/LeoDexterBand-Blogssipgirl-060624-2-1024x768.jpg\" alt=\"\" class=\"wp-image-41834\" srcset=\"https:\/\/madeinzaragoza.es\/blog\/wp-content\/uploads\/2024\/06\/LeoDexterBand-Blogssipgirl-060624-2-1024x768.jpg 1024w, https:\/\/madeinzaragoza.es\/blog\/wp-content\/uploads\/2024\/06\/LeoDexterBand-Blogssipgirl-060624-2-450x338.jpg 450w, https:\/\/madeinzaragoza.es\/blog\/wp-content\/uploads\/2024\/06\/LeoDexterBand-Blogssipgirl-060624-2-768x576.jpg 768w, https:\/\/madeinzaragoza.es\/blog\/wp-content\/uploads\/2024\/06\/LeoDexterBand-Blogssipgirl-060624-2-1536x1152.jpg 1536w, https:\/\/madeinzaragoza.es\/blog\/wp-content\/uploads\/2024\/06\/LeoDexterBand-Blogssipgirl-060624-2-1200x900.jpg 1200w, https:\/\/madeinzaragoza.es\/blog\/wp-content\/uploads\/2024\/06\/LeoDexterBand-Blogssipgirl-060624-2.jpg 1600w\" sizes=\"(max-width: 709px) 85vw, (max-width: 909px) 67vw, (max-width: 1362px) 62vw, 840px\" \/><\/figure>\n\n\n\n<p><\/p>\n\n\n\n<p><strong>\u00bfQu\u00e9 podemos encontrar bajo este universo musical? <\/strong><\/p>\n\n\n\n<p>Hablar del universo musical de la banda es complicado cuando hay 8 miembros, pero las referencias en general son cl\u00e1sicas: Gary Moore, Toto, David Bowie, Guns &amp; Roses, Bruce Springsteen, Radio Futura, Tako, Enrique Bunbury, Tom Petty\u2026<\/p>\n\n\n\n<p><strong>Ten\u00e9is un estilo muy identificativo \u00bfC\u00f3mo lo hab\u00e9is conseguido? <\/strong> <\/p>\n\n\n\n<p>Cuando metes en la coctelera a todos estos artistas y sumas a otros much\u00edsimos m\u00e1s, nace nuestra m\u00fasica que es tan f\u00e1cil y dif\u00edcil de definir a la vez. En cada canci\u00f3n puedes escarbar para reconocer el estilo de alg\u00fan artista consagrado. Es un estilo cada vez m\u00e1s escaso y en peligro de extinci\u00f3n. Nuestro sonido de metales hace el resto.<\/p>\n\n\n\n<p><strong>Form\u00e1is un grupo muy completo: compon\u00e9is, actu\u00e1is, produc\u00eds, grab\u00e1is\u2026\u00bfC\u00f3mo os organiz\u00e1is para tener tanto material y tanta actividad?<\/strong> <\/p>\n\n\n\n<p>Estamos grabando nuestro cuarto disco. Los tres anteriores tienen 14 temas cada uno, y como curiosidad en todos ellos la canci\u00f3n 14 es instrumental.<br><br>Es un trabajo que, sin prisa, pero sin pausa, desde 2009 hasta hoy, aproximadamente no se ha dejado de hacer, por eso cuando se acabe este cuarto trabajo \u00abD\u00edas de Revoluci\u00f3n\u00bb, la banda habr\u00e1 grabado 56 temas, adem\u00e1s de incorporar un video clip m\u00e1s a los dos que ya tenemos, \u00bfD\u00f3nde Vas? Y De Cero, videos hechos por Rub\u00e9n Gracia (Nasville).<\/p>\n\n\n\n<p><strong>Ten\u00e9is una trayectoria verdaderamente impresionante. \u00bfCu\u00e1les son vuestros trabajos m\u00e1s destacados?<\/strong> <\/p>\n\n\n\n<p>Nuestros trabajos son:<br><br>-(2010) LA VOZ DEL ALMA. Este se grab\u00f3 en CDS y es dif\u00edcil escuchar sus canciones porque en la red s\u00f3lo hay un v\u00eddeo de la canci\u00f3n que da nombra al disco (YouTube).<\/p>\n\n\n\n<p><\/p>\n\n\n\n<figure class=\"wp-block-embed is-type-video is-provider-youtube wp-block-embed-youtube wp-embed-aspect-4-3 wp-has-aspect-ratio\"><div class=\"wp-block-embed__wrapper\">\n<iframe loading=\"lazy\" title=\"LEO DEXTER BAND LA VOZ DEL ALMA\" width=\"840\" height=\"630\" src=\"https:\/\/www.youtube.com\/embed\/p-F1FLCeCwk?feature=oembed\" frameborder=\"0\" allow=\"accelerometer; autoplay; clipboard-write; encrypted-media; gyroscope; picture-in-picture; web-share\" referrerpolicy=\"strict-origin-when-cross-origin\" allowfullscreen><\/iframe>\n<\/div><\/figure>\n\n\n\n<p>-(2020) PR\u00d3XIMA ESTACI\u00d3N.<br>-(2022) UN GIRO DE 180\u00b0.<br>\u00bfD\u00f3nde Vas?\u00bb <\/p>\n\n\n\n<figure class=\"wp-block-embed is-type-video is-provider-youtube wp-block-embed-youtube wp-embed-aspect-16-9 wp-has-aspect-ratio\"><div class=\"wp-block-embed__wrapper\">\n<iframe loading=\"lazy\" title=\"Leo Dexter Band - Donde Vas (Video Oficial).\" width=\"840\" height=\"473\" src=\"https:\/\/www.youtube.com\/embed\/Wmey_7i4Brc?feature=oembed\" frameborder=\"0\" allow=\"accelerometer; autoplay; clipboard-write; encrypted-media; gyroscope; picture-in-picture; web-share\" referrerpolicy=\"strict-origin-when-cross-origin\" allowfullscreen><\/iframe>\n<\/div><\/figure>\n\n\n\n<p>\u00abDe Cero\u00bb<\/p>\n\n\n\n<figure class=\"wp-block-embed is-type-video is-provider-youtube wp-block-embed-youtube wp-embed-aspect-16-9 wp-has-aspect-ratio\"><div class=\"wp-block-embed__wrapper\">\n<iframe loading=\"lazy\" title=\"&#039;DE CERO&#039; Leo Dexter Band\" width=\"840\" height=\"473\" src=\"https:\/\/www.youtube.com\/embed\/fPmGUgYUROk?feature=oembed\" frameborder=\"0\" allow=\"accelerometer; autoplay; clipboard-write; encrypted-media; gyroscope; picture-in-picture; web-share\" referrerpolicy=\"strict-origin-when-cross-origin\" allowfullscreen><\/iframe>\n<\/div><\/figure>\n\n\n\n<p>Hemos tocado en muchas salas de Zaragoza adem\u00e1s de plazas de la ciudad: Sala Z, Rock &amp; Blues, Sala Creedence, Plaza del Pilar, Plaza San Felipe, o m\u00e1s recientemente en Muel&#8230;<br><\/p>\n\n\n\n<figure class=\"wp-block-video\"><video controls src=\"https:\/\/madeinzaragoza.es\/blog\/wp-content\/uploads\/2024\/06\/actuacion-Muel-80624.mp4\"><\/video><\/figure>\n\n\n\n<p><\/p>\n\n\n\n<p><strong>Empezasteis haciendo adaptaciones de temas conocidos de figuras como Bruce Springsteen, Miguel R\u00edos, U2, Rolling Stones\u2026 \u00bfCu\u00e1l es la versi\u00f3n que m\u00e1s \u00e9xito ha tenido?<\/strong> <\/p>\n\n\n\n<p>No somos un grupo con grandes n\u00fameros, pero por lo testado a nuestro alrededor, hay dos temas que han quedado algo m\u00e1s que el resto y ser\u00edan \u201c\u00bfD\u00f3nde Vas?\u00bb y \u00abLa voz del alma\u201d, aunque considero que si tuvi\u00e9ramos una difusi\u00f3n m\u00e1s potente creo que habr\u00eda m\u00e1s temas que estar\u00edan en el cortex de la gente, porque estoy seguro de que tenemos bastantes buenos temas, pero tienen poca difusi\u00f3n (temas propios).<br><br>En versiones siempre gustan las m\u00e1s conocidas como el \u00abYou never can tell\u00bb de Chuck Berry en versi\u00f3n de Bruce Springsteen &amp; The E Street Band.<\/p>\n\n\n\n<p><strong>Poco a poco hab\u00e9is pasado a componer vuestros propios temas \u00bfDesde cu\u00e1ndo y qu\u00e9 os empuj\u00f3 a hacerlo?<\/strong> <\/p>\n\n\n\n<p>Los temas los empiezo a hacer animado por alg\u00fan amigo que cree que soy capaz de hacerlo. Esto ser\u00eda por 2008\/2009, y desde entonces hasta hoy ya no he parado. Los temas los hago, los grabo, los presento a la banda y le vamos dando forma hasta que despu\u00e9s vamos al estudio a grabarlos.<\/p>\n\n\n\n<p><\/p>\n\n\n\n<figure class=\"wp-block-image size-full\"><img loading=\"lazy\" decoding=\"async\" width=\"1024\" height=\"766\" src=\"https:\/\/madeinzaragoza.es\/blog\/wp-content\/uploads\/2024\/06\/image.png\" alt=\"\" class=\"wp-image-41838\" srcset=\"https:\/\/madeinzaragoza.es\/blog\/wp-content\/uploads\/2024\/06\/image.png 1024w, https:\/\/madeinzaragoza.es\/blog\/wp-content\/uploads\/2024\/06\/image-450x337.png 450w, https:\/\/madeinzaragoza.es\/blog\/wp-content\/uploads\/2024\/06\/image-768x575.png 768w\" sizes=\"(max-width: 709px) 85vw, (max-width: 909px) 67vw, (max-width: 1362px) 62vw, 840px\" \/><\/figure>\n\n\n\n<p><\/p>\n\n\n\n<p><strong>\u00bfOs sent\u00eds m\u00e1s c\u00f3modos tocando vuestras creaciones y transmitiendo vuestra esencia?<\/strong> <\/p>\n\n\n\n<p>Creo que, aunque nos encanta hacer temas de los grandes, es verdad que con los nuestros sentimos algo especial y aunque parece mentira, a\u00fan no hemos hecho un concierto donde todos los temas sean nuestros. La primera vez que lo vamos a hacer ser\u00e1 el <strong>26 de junio de 2024 a las 22:00 en el festival ROCK AL GANCHO (Centro Musical Las Armas). <\/strong><\/p>\n\n\n\n<p>Llevaremos 14 temas propios de 4 trabajos diferentes. Quien nos escucha, escucha una m\u00fasica muy reconocible que ya en La Voz del Alma estaba cogiendo forma hasta alcanzar la identidad propia que hoy en d\u00eda tiene.<\/p>\n\n\n\n<p><\/p>\n\n\n\n<figure class=\"wp-block-gallery has-nested-images columns-default is-cropped wp-block-gallery-2 is-layout-flex wp-block-gallery-is-layout-flex\">\n<figure class=\"wp-block-image size-large\"><img loading=\"lazy\" decoding=\"async\" width=\"730\" height=\"738\" data-id=\"41841\" src=\"https:\/\/madeinzaragoza.es\/blog\/wp-content\/uploads\/2024\/06\/115c5057-a0c2-4834-abb6-075fa10e33e4.jpg\" alt=\"\" class=\"wp-image-41841\" srcset=\"https:\/\/madeinzaragoza.es\/blog\/wp-content\/uploads\/2024\/06\/115c5057-a0c2-4834-abb6-075fa10e33e4.jpg 730w, https:\/\/madeinzaragoza.es\/blog\/wp-content\/uploads\/2024\/06\/115c5057-a0c2-4834-abb6-075fa10e33e4-445x450.jpg 445w, https:\/\/madeinzaragoza.es\/blog\/wp-content\/uploads\/2024\/06\/115c5057-a0c2-4834-abb6-075fa10e33e4-120x120.jpg 120w\" sizes=\"(max-width: 709px) 85vw, (max-width: 909px) 67vw, (max-width: 984px) 61vw, (max-width: 1362px) 45vw, 600px\" \/><\/figure>\n\n\n\n<figure class=\"wp-block-image size-large\"><img loading=\"lazy\" decoding=\"async\" width=\"768\" height=\"958\" data-id=\"41842\" src=\"https:\/\/madeinzaragoza.es\/blog\/wp-content\/uploads\/2024\/06\/image-768x958-2.jpg\" alt=\"\" class=\"wp-image-41842\" srcset=\"https:\/\/madeinzaragoza.es\/blog\/wp-content\/uploads\/2024\/06\/image-768x958-2.jpg 768w, https:\/\/madeinzaragoza.es\/blog\/wp-content\/uploads\/2024\/06\/image-768x958-2-361x450.jpg 361w\" sizes=\"(max-width: 709px) 85vw, (max-width: 909px) 67vw, (max-width: 984px) 61vw, (max-width: 1362px) 45vw, 600px\" \/><\/figure>\n<\/figure>\n\n\n\n<p><\/p>\n\n\n\n<p><strong>De cara a pr\u00f3ximos proyectos\u2026 \u00bfTen\u00e9is alguna sorpresa que darnos?<\/strong> <\/p>\n\n\n\n<p>La sorpresa es que tenemos muy avanzado nuestro cuarto trabajo \u201cD\u00edas de revoluci\u00f3n\u201d, con temas como \u00abCu\u00e1ntas veces\u00bb, \u00abM\u00e1s vale\u00bb\u2026del que prepararemos nuestro siguiente videoclip.<\/p>\n\n\n\n<p><strong>\u00bfC\u00f3mo os podemos encontrar y seguir en RRSS?<\/strong> En nuestra <strong><a href=\"https:\/\/www.leodexterband.es\/\">web<\/a><\/strong>, <strong><a href=\"https:\/\/www.instagram.com\/leodexterband\/\">Instagram <\/a><\/strong>y <strong><a href=\"https:\/\/www.youtube.com\/watch?v=fPmGUgYUROk\">YouTube<\/a><\/strong><\/p>\n","protected":false},"excerpt":{"rendered":"<p>Una voz rasgada, rota, profunda, envolvente, con personalidad propia pero, que recuerda a los viejos rockeros. Ritmos y acordes dan lugar a una mezcla de pop, rock, folk, country, blues&#8230; sonidos peculiares que no dejan indiferente a nadie. Leo Dexter Band es una banda de m\u00fasica fuera de lo com\u00fan, dentro de todo lo visto &hellip; <a href=\"https:\/\/madeinzaragoza.es\/blog\/leo-dexter-band-la-reencarnacion-de-los-viejos-rockeros\/\" class=\"more-link\">Continuar leyendo<span class=\"screen-reader-text\"> \u00abLeo Dexter Band, la reencarnaci\u00f3n de los viejos rockeros.\u00bb<\/span><\/a><\/p>\n","protected":false},"author":4,"featured_media":41825,"comment_status":"open","ping_status":"open","sticky":false,"template":"","format":"standard","meta":{"footnotes":""},"categories":[829,6,1],"tags":[28,1337,24,78,289,2418],"yoast_head":"<!-- This site is optimized with the Yoast SEO plugin v19.7.2 - https:\/\/yoast.com\/wordpress\/plugins\/seo\/ -->\n<title>Leo Dexter Band, la reencarnaci\u00f3n de los viejos rockeros. - Made in Zaragoza<\/title>\n<meta name=\"robots\" content=\"index, follow, max-snippet:-1, max-image-preview:large, max-video-preview:-1\" \/>\n<link rel=\"canonical\" href=\"https:\/\/madeinzaragoza.es\/blog\/leo-dexter-band-la-reencarnacion-de-los-viejos-rockeros\/\" \/>\n<meta property=\"og:locale\" content=\"es_ES\" \/>\n<meta property=\"og:type\" content=\"article\" \/>\n<meta property=\"og:title\" content=\"Leo Dexter Band, la reencarnaci\u00f3n de los viejos rockeros. - Made in Zaragoza\" \/>\n<meta property=\"og:description\" content=\"Una voz rasgada, rota, profunda, envolvente, con personalidad propia pero, que recuerda a los viejos rockeros. Ritmos y acordes dan lugar a una mezcla de pop, rock, folk, country, blues&#8230; sonidos peculiares que no dejan indiferente a nadie. Leo Dexter Band es una banda de m\u00fasica fuera de lo com\u00fan, dentro de todo lo visto &hellip; Continuar leyendo &quot;Leo Dexter Band, la reencarnaci\u00f3n de los viejos rockeros.&quot;\" \/>\n<meta property=\"og:url\" content=\"https:\/\/madeinzaragoza.es\/blog\/leo-dexter-band-la-reencarnacion-de-los-viejos-rockeros\/\" \/>\n<meta property=\"og:site_name\" content=\"Made in Zaragoza\" \/>\n<meta property=\"article:publisher\" content=\"https:\/\/www.facebook.com\/madeinzaragoza.es\/\" \/>\n<meta property=\"article:author\" content=\"blogssipgirl\/197083753685798\" \/>\n<meta property=\"article:published_time\" content=\"2024-06-24T12:54:49+00:00\" \/>\n<meta property=\"article:modified_time\" content=\"2024-06-25T18:31:03+00:00\" \/>\n<meta property=\"og:image\" content=\"https:\/\/madeinzaragoza.es\/blog\/wp-content\/uploads\/2024\/06\/48287b9a-5237-45af-81d7-bda9716734ba.jpg\" \/>\n\t<meta property=\"og:image:width\" content=\"2048\" \/>\n\t<meta property=\"og:image:height\" content=\"1520\" \/>\n\t<meta property=\"og:image:type\" content=\"image\/jpeg\" \/>\n<meta name=\"author\" content=\"Blogssipgirl\" \/>\n<meta name=\"twitter:card\" content=\"summary\" \/>\n<meta name=\"twitter:creator\" content=\"@blogssipgirl1\" \/>\n<meta name=\"twitter:site\" content=\"@madeinzaragoza\" \/>\n<meta name=\"twitter:label1\" content=\"Escrito por\" \/>\n\t<meta name=\"twitter:data1\" content=\"Blogssipgirl\" \/>\n\t<meta name=\"twitter:label2\" content=\"Tiempo de lectura\" \/>\n\t<meta name=\"twitter:data2\" content=\"5 minutos\" \/>\n<script type=\"application\/ld+json\" class=\"yoast-schema-graph\">{\"@context\":\"https:\/\/schema.org\",\"@graph\":[{\"@type\":\"Article\",\"@id\":\"https:\/\/madeinzaragoza.es\/blog\/leo-dexter-band-la-reencarnacion-de-los-viejos-rockeros\/#article\",\"isPartOf\":{\"@id\":\"https:\/\/madeinzaragoza.es\/blog\/leo-dexter-band-la-reencarnacion-de-los-viejos-rockeros\/\"},\"author\":{\"name\":\"Blogssipgirl\",\"@id\":\"http:\/\/madeinzaragoza.es\/blog\/#\/schema\/person\/b6199e649857e868c4cf0717b007a717\"},\"headline\":\"Leo Dexter Band, la reencarnaci\u00f3n de los viejos rockeros.\",\"datePublished\":\"2024-06-24T12:54:49+00:00\",\"dateModified\":\"2024-06-25T18:31:03+00:00\",\"mainEntityOfPage\":{\"@id\":\"https:\/\/madeinzaragoza.es\/blog\/leo-dexter-band-la-reencarnacion-de-los-viejos-rockeros\/\"},\"wordCount\":1055,\"commentCount\":1,\"publisher\":{\"@id\":\"http:\/\/madeinzaragoza.es\/blog\/#organization\"},\"keywords\":[\"creatividad\",\"Cultura\",\"entrevista\",\"m\u00fasica\",\"m\u00fasica en vivo\",\"M\u00fasicos en Zaragoza\"],\"articleSection\":[\"Cultura\",\"Gente\",\"Tendencias\"],\"inLanguage\":\"es\",\"potentialAction\":[{\"@type\":\"CommentAction\",\"name\":\"Comment\",\"target\":[\"https:\/\/madeinzaragoza.es\/blog\/leo-dexter-band-la-reencarnacion-de-los-viejos-rockeros\/#respond\"]}]},{\"@type\":\"WebPage\",\"@id\":\"https:\/\/madeinzaragoza.es\/blog\/leo-dexter-band-la-reencarnacion-de-los-viejos-rockeros\/\",\"url\":\"https:\/\/madeinzaragoza.es\/blog\/leo-dexter-band-la-reencarnacion-de-los-viejos-rockeros\/\",\"name\":\"Leo Dexter Band, la reencarnaci\u00f3n de los viejos rockeros. - Made in Zaragoza\",\"isPartOf\":{\"@id\":\"http:\/\/madeinzaragoza.es\/blog\/#website\"},\"datePublished\":\"2024-06-24T12:54:49+00:00\",\"dateModified\":\"2024-06-25T18:31:03+00:00\",\"breadcrumb\":{\"@id\":\"https:\/\/madeinzaragoza.es\/blog\/leo-dexter-band-la-reencarnacion-de-los-viejos-rockeros\/#breadcrumb\"},\"inLanguage\":\"es\",\"potentialAction\":[{\"@type\":\"ReadAction\",\"target\":[\"https:\/\/madeinzaragoza.es\/blog\/leo-dexter-band-la-reencarnacion-de-los-viejos-rockeros\/\"]}]},{\"@type\":\"BreadcrumbList\",\"@id\":\"https:\/\/madeinzaragoza.es\/blog\/leo-dexter-band-la-reencarnacion-de-los-viejos-rockeros\/#breadcrumb\",\"itemListElement\":[{\"@type\":\"ListItem\",\"position\":1,\"name\":\"Portada\",\"item\":\"http:\/\/madeinzaragoza.es\/blog\/\"},{\"@type\":\"ListItem\",\"position\":2,\"name\":\"Leo Dexter Band, la reencarnaci\u00f3n de los viejos rockeros.\"}]},{\"@type\":\"WebSite\",\"@id\":\"http:\/\/madeinzaragoza.es\/blog\/#website\",\"url\":\"http:\/\/madeinzaragoza.es\/blog\/\",\"name\":\"Made in Zaragoza\",\"description\":\"Blog de MadeinZGZ, Red de Econom\u00eda Creativa de Zaragoza\",\"publisher\":{\"@id\":\"http:\/\/madeinzaragoza.es\/blog\/#organization\"},\"potentialAction\":[{\"@type\":\"SearchAction\",\"target\":{\"@type\":\"EntryPoint\",\"urlTemplate\":\"http:\/\/madeinzaragoza.es\/blog\/?s={search_term_string}\"},\"query-input\":\"required name=search_term_string\"}],\"inLanguage\":\"es\"},{\"@type\":\"Organization\",\"@id\":\"http:\/\/madeinzaragoza.es\/blog\/#organization\",\"name\":\"Made In Zaragoza\",\"url\":\"http:\/\/madeinzaragoza.es\/blog\/\",\"sameAs\":[\"https:\/\/www.instagram.com\/madeinzaragoza.es\/\",\"https:\/\/www.facebook.com\/madeinzaragoza.es\/\",\"https:\/\/twitter.com\/madeinzaragoza\"],\"logo\":{\"@type\":\"ImageObject\",\"inLanguage\":\"es\",\"@id\":\"http:\/\/madeinzaragoza.es\/blog\/#\/schema\/logo\/image\/\",\"url\":\"https:\/\/madeinzaragoza.es\/blog\/wp-content\/uploads\/2022\/05\/logo.png\",\"contentUrl\":\"https:\/\/madeinzaragoza.es\/blog\/wp-content\/uploads\/2022\/05\/logo.png\",\"width\":193,\"height\":176,\"caption\":\"Made In Zaragoza\"},\"image\":{\"@id\":\"http:\/\/madeinzaragoza.es\/blog\/#\/schema\/logo\/image\/\"}},{\"@type\":\"Person\",\"@id\":\"http:\/\/madeinzaragoza.es\/blog\/#\/schema\/person\/b6199e649857e868c4cf0717b007a717\",\"name\":\"Blogssipgirl\",\"image\":{\"@type\":\"ImageObject\",\"inLanguage\":\"es\",\"@id\":\"http:\/\/madeinzaragoza.es\/blog\/#\/schema\/person\/image\/\",\"url\":\"https:\/\/secure.gravatar.com\/avatar\/6171ea2cd2ec17b189583c580ab912a7?s=96&d=mm&r=g\",\"contentUrl\":\"https:\/\/secure.gravatar.com\/avatar\/6171ea2cd2ec17b189583c580ab912a7?s=96&d=mm&r=g\",\"caption\":\"Blogssipgirl\"},\"description\":\"Organizadora de eventos, editora de blogs y gestora de RRSS. Y como hobby, bloguera: Blogssipgirl es mi alterego... Me gusta moverme por las redes sociales y colaborar en miles de proyectos, no s\u00e9 estar quieta. Me apasiona la moda y el buen gusto, adoro los peque\u00f1os placeres como pasear y disfrutar de mi familia y amigos.\",\"sameAs\":[\"http:\/\/blogssipgirl.blogspot.com\",\"blogssipgirl\/197083753685798\",\"https:\/\/twitter.com\/blogssipgirl1\"],\"url\":\"https:\/\/madeinzaragoza.es\/blog\/author\/blogssipgirl\/\"}]}<\/script>\n<!-- \/ Yoast SEO plugin. -->","yoast_head_json":{"title":"Leo Dexter Band, la reencarnaci\u00f3n de los viejos rockeros. - Made in Zaragoza","robots":{"index":"index","follow":"follow","max-snippet":"max-snippet:-1","max-image-preview":"max-image-preview:large","max-video-preview":"max-video-preview:-1"},"canonical":"https:\/\/madeinzaragoza.es\/blog\/leo-dexter-band-la-reencarnacion-de-los-viejos-rockeros\/","og_locale":"es_ES","og_type":"article","og_title":"Leo Dexter Band, la reencarnaci\u00f3n de los viejos rockeros. - Made in Zaragoza","og_description":"Una voz rasgada, rota, profunda, envolvente, con personalidad propia pero, que recuerda a los viejos rockeros. Ritmos y acordes dan lugar a una mezcla de pop, rock, folk, country, blues&#8230; sonidos peculiares que no dejan indiferente a nadie. Leo Dexter Band es una banda de m\u00fasica fuera de lo com\u00fan, dentro de todo lo visto &hellip; Continuar leyendo \"Leo Dexter Band, la reencarnaci\u00f3n de los viejos rockeros.\"","og_url":"https:\/\/madeinzaragoza.es\/blog\/leo-dexter-band-la-reencarnacion-de-los-viejos-rockeros\/","og_site_name":"Made in Zaragoza","article_publisher":"https:\/\/www.facebook.com\/madeinzaragoza.es\/","article_author":"blogssipgirl\/197083753685798","article_published_time":"2024-06-24T12:54:49+00:00","article_modified_time":"2024-06-25T18:31:03+00:00","og_image":[{"width":2048,"height":1520,"url":"https:\/\/madeinzaragoza.es\/blog\/wp-content\/uploads\/2024\/06\/48287b9a-5237-45af-81d7-bda9716734ba.jpg","type":"image\/jpeg"}],"author":"Blogssipgirl","twitter_card":"summary","twitter_creator":"@blogssipgirl1","twitter_site":"@madeinzaragoza","twitter_misc":{"Escrito por":"Blogssipgirl","Tiempo de lectura":"5 minutos"},"schema":{"@context":"https:\/\/schema.org","@graph":[{"@type":"Article","@id":"https:\/\/madeinzaragoza.es\/blog\/leo-dexter-band-la-reencarnacion-de-los-viejos-rockeros\/#article","isPartOf":{"@id":"https:\/\/madeinzaragoza.es\/blog\/leo-dexter-band-la-reencarnacion-de-los-viejos-rockeros\/"},"author":{"name":"Blogssipgirl","@id":"http:\/\/madeinzaragoza.es\/blog\/#\/schema\/person\/b6199e649857e868c4cf0717b007a717"},"headline":"Leo Dexter Band, la reencarnaci\u00f3n de los viejos rockeros.","datePublished":"2024-06-24T12:54:49+00:00","dateModified":"2024-06-25T18:31:03+00:00","mainEntityOfPage":{"@id":"https:\/\/madeinzaragoza.es\/blog\/leo-dexter-band-la-reencarnacion-de-los-viejos-rockeros\/"},"wordCount":1055,"commentCount":1,"publisher":{"@id":"http:\/\/madeinzaragoza.es\/blog\/#organization"},"keywords":["creatividad","Cultura","entrevista","m\u00fasica","m\u00fasica en vivo","M\u00fasicos en Zaragoza"],"articleSection":["Cultura","Gente","Tendencias"],"inLanguage":"es","potentialAction":[{"@type":"CommentAction","name":"Comment","target":["https:\/\/madeinzaragoza.es\/blog\/leo-dexter-band-la-reencarnacion-de-los-viejos-rockeros\/#respond"]}]},{"@type":"WebPage","@id":"https:\/\/madeinzaragoza.es\/blog\/leo-dexter-band-la-reencarnacion-de-los-viejos-rockeros\/","url":"https:\/\/madeinzaragoza.es\/blog\/leo-dexter-band-la-reencarnacion-de-los-viejos-rockeros\/","name":"Leo Dexter Band, la reencarnaci\u00f3n de los viejos rockeros. - Made in Zaragoza","isPartOf":{"@id":"http:\/\/madeinzaragoza.es\/blog\/#website"},"datePublished":"2024-06-24T12:54:49+00:00","dateModified":"2024-06-25T18:31:03+00:00","breadcrumb":{"@id":"https:\/\/madeinzaragoza.es\/blog\/leo-dexter-band-la-reencarnacion-de-los-viejos-rockeros\/#breadcrumb"},"inLanguage":"es","potentialAction":[{"@type":"ReadAction","target":["https:\/\/madeinzaragoza.es\/blog\/leo-dexter-band-la-reencarnacion-de-los-viejos-rockeros\/"]}]},{"@type":"BreadcrumbList","@id":"https:\/\/madeinzaragoza.es\/blog\/leo-dexter-band-la-reencarnacion-de-los-viejos-rockeros\/#breadcrumb","itemListElement":[{"@type":"ListItem","position":1,"name":"Portada","item":"http:\/\/madeinzaragoza.es\/blog\/"},{"@type":"ListItem","position":2,"name":"Leo Dexter Band, la reencarnaci\u00f3n de los viejos rockeros."}]},{"@type":"WebSite","@id":"http:\/\/madeinzaragoza.es\/blog\/#website","url":"http:\/\/madeinzaragoza.es\/blog\/","name":"Made in Zaragoza","description":"Blog de MadeinZGZ, Red de Econom\u00eda Creativa de Zaragoza","publisher":{"@id":"http:\/\/madeinzaragoza.es\/blog\/#organization"},"potentialAction":[{"@type":"SearchAction","target":{"@type":"EntryPoint","urlTemplate":"http:\/\/madeinzaragoza.es\/blog\/?s={search_term_string}"},"query-input":"required name=search_term_string"}],"inLanguage":"es"},{"@type":"Organization","@id":"http:\/\/madeinzaragoza.es\/blog\/#organization","name":"Made In Zaragoza","url":"http:\/\/madeinzaragoza.es\/blog\/","sameAs":["https:\/\/www.instagram.com\/madeinzaragoza.es\/","https:\/\/www.facebook.com\/madeinzaragoza.es\/","https:\/\/twitter.com\/madeinzaragoza"],"logo":{"@type":"ImageObject","inLanguage":"es","@id":"http:\/\/madeinzaragoza.es\/blog\/#\/schema\/logo\/image\/","url":"https:\/\/madeinzaragoza.es\/blog\/wp-content\/uploads\/2022\/05\/logo.png","contentUrl":"https:\/\/madeinzaragoza.es\/blog\/wp-content\/uploads\/2022\/05\/logo.png","width":193,"height":176,"caption":"Made In Zaragoza"},"image":{"@id":"http:\/\/madeinzaragoza.es\/blog\/#\/schema\/logo\/image\/"}},{"@type":"Person","@id":"http:\/\/madeinzaragoza.es\/blog\/#\/schema\/person\/b6199e649857e868c4cf0717b007a717","name":"Blogssipgirl","image":{"@type":"ImageObject","inLanguage":"es","@id":"http:\/\/madeinzaragoza.es\/blog\/#\/schema\/person\/image\/","url":"https:\/\/secure.gravatar.com\/avatar\/6171ea2cd2ec17b189583c580ab912a7?s=96&d=mm&r=g","contentUrl":"https:\/\/secure.gravatar.com\/avatar\/6171ea2cd2ec17b189583c580ab912a7?s=96&d=mm&r=g","caption":"Blogssipgirl"},"description":"Organizadora de eventos, editora de blogs y gestora de RRSS. Y como hobby, bloguera: Blogssipgirl es mi alterego... Me gusta moverme por las redes sociales y colaborar en miles de proyectos, no s\u00e9 estar quieta. Me apasiona la moda y el buen gusto, adoro los peque\u00f1os placeres como pasear y disfrutar de mi familia y amigos.","sameAs":["http:\/\/blogssipgirl.blogspot.com","blogssipgirl\/197083753685798","https:\/\/twitter.com\/blogssipgirl1"],"url":"https:\/\/madeinzaragoza.es\/blog\/author\/blogssipgirl\/"}]}},"_links":{"self":[{"href":"https:\/\/madeinzaragoza.es\/blog\/wp-json\/wp\/v2\/posts\/41823"}],"collection":[{"href":"https:\/\/madeinzaragoza.es\/blog\/wp-json\/wp\/v2\/posts"}],"about":[{"href":"https:\/\/madeinzaragoza.es\/blog\/wp-json\/wp\/v2\/types\/post"}],"author":[{"embeddable":true,"href":"https:\/\/madeinzaragoza.es\/blog\/wp-json\/wp\/v2\/users\/4"}],"replies":[{"embeddable":true,"href":"https:\/\/madeinzaragoza.es\/blog\/wp-json\/wp\/v2\/comments?post=41823"}],"version-history":[{"count":7,"href":"https:\/\/madeinzaragoza.es\/blog\/wp-json\/wp\/v2\/posts\/41823\/revisions"}],"predecessor-version":[{"id":41869,"href":"https:\/\/madeinzaragoza.es\/blog\/wp-json\/wp\/v2\/posts\/41823\/revisions\/41869"}],"wp:featuredmedia":[{"embeddable":true,"href":"https:\/\/madeinzaragoza.es\/blog\/wp-json\/wp\/v2\/media\/41825"}],"wp:attachment":[{"href":"https:\/\/madeinzaragoza.es\/blog\/wp-json\/wp\/v2\/media?parent=41823"}],"wp:term":[{"taxonomy":"category","embeddable":true,"href":"https:\/\/madeinzaragoza.es\/blog\/wp-json\/wp\/v2\/categories?post=41823"},{"taxonomy":"post_tag","embeddable":true,"href":"https:\/\/madeinzaragoza.es\/blog\/wp-json\/wp\/v2\/tags?post=41823"}],"curies":[{"name":"wp","href":"https:\/\/api.w.org\/{rel}","templated":true}]}}