{"id":41787,"date":"2024-07-03T12:30:46","date_gmt":"2024-07-03T11:30:46","guid":{"rendered":"http:\/\/madeinzaragoza.es\/blog\/?p=41787"},"modified":"2026-01-20T22:22:22","modified_gmt":"2026-01-20T21:22:22","slug":"miz-lab8-estrategia-de-comunicacion-de-el-arquetipo-6-meses-despues","status":"publish","type":"post","link":"https:\/\/madeinzaragoza.es\/blog\/miz-lab8-estrategia-de-comunicacion-de-el-arquetipo-6-meses-despues\/","title":{"rendered":"MIZ-Lab 8: estrategia de comunicaci\u00f3n de El Arquetipo, 6 meses despu\u00e9s"},"content":{"rendered":"\n<p>Vamos a revisar, 6 meses despu\u00e9s, el trabajo que ha realizado el proyecto elegido para el <strong><a href=\"http:\/\/madeinzaragoza.es\/mizlab\/\">MIZLab 8<\/a><\/strong> de <strong>Made In Zaragoza<\/strong>: <strong><a href=\"http:\/\/davidballestar.es\">El Arquetipo<\/a><\/strong>. <\/p>\n\n\n\n<p>El Arquetipo, un <strong>taller de escultura creativa en Zaragoza<\/strong>, dirigido por el escultor <strong>David Ballestar<\/strong>, desde las \u00faltimas sesiones, <strong>ha realizado las siguientes tareas estos 6 meses, con la siguientes conclusiones<\/strong>.<\/p>\n\n\n\n<p><strong>Lograr resultados significativos en redes sociales no es tarea sencilla<\/strong>; requiere constancia, un compromiso s\u00f3lido con la marca y la aplicaci\u00f3n de ciertas pautas de trabajo que facilitan la comunicaci\u00f3n efectiva de lo que se ofrece en plataformas digitales.<\/p>\n\n\n\n<p><\/p>\n\n\n<div class=\"wp-block-image\">\n<figure class=\"aligncenter size-large is-resized\"><img loading=\"lazy\" decoding=\"async\" width=\"1024\" height=\"576\" src=\"http:\/\/madeinzaragoza.es\/blog\/wp-content\/uploads\/2024\/01\/Arquetipo-taller1-1024x576.jpg\" alt=\"\" class=\"wp-image-40389\" style=\"width:523px;height:auto\" srcset=\"https:\/\/madeinzaragoza.es\/blog\/wp-content\/uploads\/2024\/01\/Arquetipo-taller1-1024x576.jpg 1024w, https:\/\/madeinzaragoza.es\/blog\/wp-content\/uploads\/2024\/01\/Arquetipo-taller1-450x253.jpg 450w, https:\/\/madeinzaragoza.es\/blog\/wp-content\/uploads\/2024\/01\/Arquetipo-taller1-768x432.jpg 768w, https:\/\/madeinzaragoza.es\/blog\/wp-content\/uploads\/2024\/01\/Arquetipo-taller1-1536x864.jpg 1536w, https:\/\/madeinzaragoza.es\/blog\/wp-content\/uploads\/2024\/01\/Arquetipo-taller1-2048x1152.jpg 2048w, https:\/\/madeinzaragoza.es\/blog\/wp-content\/uploads\/2024\/01\/Arquetipo-taller1-1200x675.jpg 1200w\" sizes=\"(max-width: 709px) 85vw, (max-width: 909px) 67vw, (max-width: 1362px) 62vw, 840px\" \/><\/figure><\/div>\n\n\n<p><\/p>\n\n\n\n<h3 class=\"wp-block-heading\">6 meses despu\u00e9s para El Arquetipo<\/h3>\n\n\n\n<p>El Arquetipo, estos 6 meses, ha comenzado a trabajar algunas de las tareas que pod\u00e9is ver en <strong><a href=\"http:\/\/madeinzaragoza.es\/blog\/miz-lab8-resultados-en-redes-sociales-para-el-arquetipo\/\">otros post sobre la estrategia de redes sociales<\/a><\/strong>, pero el d\u00eda a d\u00eda, que es normal en cualquier negocio local, hace que no se tenga un ritmo tan intenso como se desear\u00eda.<\/p>\n\n\n\n<p>Las publicaciones en Instagram y en Facebook no han sido, hasta la fecha, muchas, pero la idea es seguir trabajando, con constancia y tiempo de dedicaci\u00f3n, en estas tareas, que resumimos a continuaci\u00f3n para <strong>crecer y ser constante en redes sociales<\/strong>.<\/p>\n\n\n\n<p><\/p>\n\n\n\n<h2 class=\"wp-block-heading\">C\u00f3mo ser constante y crecer en redes sociales<\/h2>\n\n\n\n<p><\/p>\n\n\n\n<p><strong>1. Establece objetivos claros<\/strong><\/p>\n\n\n\n<p>Antes publicar, buscar likes y seguidores, define qu\u00e9 es lo que deseas lograr. \u00bfQuieres aumentar tu base de seguidores? \u00bfMejorar el engagement con tu contenido? \u00bfO convertir seguidores en clientes? Establece metas espec\u00edficas y medibles para orientar tus esfuerzos.<\/p>\n\n\n\n<p><strong>2. Constancia y mensaje<\/strong><\/p>\n\n\n\n<p>La coherencia es clave para construir una identidad de marca s\u00f3lida en redes sociales. Define tu voz, tono y estilo visual y mant\u00e9nlos consistentes en todas tus publicaciones. Esto no solo fortalece la percepci\u00f3n de tu marca, sino que tambi\u00e9n ayuda a que tu audiencia se familiarice y conecte m\u00e1s f\u00e1cilmente contigo.<\/p>\n\n\n\n<p><strong>3. Publica regularmente y en horarios determinados<\/strong><\/p>\n\n\n\n<p>La constancia en la frecuencia de publicaci\u00f3n es fundamental para mantener el inter\u00e9s de tu audiencia y aumentar tu visibilidad. Crea un calendario editorial que te permita planificar y distribuir tu contenido de manera coherente. Adem\u00e1s, identifica los momentos \u00f3ptimos para publicar, seg\u00fan el comportamiento de tu audiencia en cada plataforma.<\/p>\n\n\n\n<p><strong>4. Interact\u00faa y responde a tu audiencia<\/strong><\/p>\n\n\n\n<p>Las redes sociales son espacios de conversaci\u00f3n. No se trata solo de hablar, sino tambi\u00e9n de escuchar. Responde a los comentarios, preguntas y mensajes directos de manera oportuna y aut\u00e9ntica. Fomenta la participaci\u00f3n activa mediante encuestas, preguntas abiertas y desaf\u00edos que inviten a tu comunidad a interactuar.<\/p>\n\n\n\n<p><strong>5. Aprende de tus resultados<\/strong><\/p>\n\n\n\n<p>El an\u00e1lisis de m\u00e9tricas no es solo una tarea al final del mes. Es una herramienta poderosa para entender qu\u00e9 est\u00e1 funcionando y qu\u00e9 no en tu estrategia de redes sociales. Monitorea regularmente el rendimiento de tus publicaciones, estudia los insights de las plataformas y ajusta tu enfoque seg\u00fan los datos obtenidos.<\/p>\n\n\n\n<p><strong>6. Explora nuevas formas de contenido<\/strong><\/p>\n\n\n\n<p>El contenido diverso y creativo atrae y retiene la atenci\u00f3n de tu audiencia. Experimenta con diferentes formatos como videos, historias, infograf\u00edas o contenido interactivo. Mant\u00e9n tu contenido fresco y relevante para mantener el inter\u00e9s de tus seguidores y atraer a nuevos usuarios.<\/p>\n\n\n\n<p><strong>7. Colabora<\/strong><\/p>\n\n\n\n<p>No subestimes el poder de las colaboraciones en redes sociales. As\u00f3ciate con otras marcas, marcas complementarias o incluso tus propios seguidores para expandir tu alcance y llegar a nuevas audiencias. Las alianzas estrat\u00e9gicas pueden proporcionar un impulso significativo a tu crecimiento en redes sociales.<\/p>\n\n\n\n<p><strong>8. Dedica un tiempo cada d\u00eda<\/strong><\/p>\n\n\n\n<p>Dedica un tiempo a las redes sociales, si las tienes, y a tu blog, para ganar tr\u00e1fico web y visitas de calidad hacia tu negocio. Si eres constante, y lo tomas como un trabajo complementario, llegan los resultados a medio y largo plazo. <\/p>\n\n\n\n<p><\/p>\n\n\n<div class=\"wp-block-image\">\n<figure class=\"aligncenter size-full is-resized\"><img loading=\"lazy\" decoding=\"async\" width=\"1024\" height=\"512\" src=\"http:\/\/madeinzaragoza.es\/blog\/wp-content\/uploads\/2023\/12\/MIZLab8-resultados-en-redes-sociales-para-El-Arquetipo.png\" alt=\"resultados en redes sociales\" class=\"wp-image-40008\" style=\"width:525px;height:auto\" srcset=\"https:\/\/madeinzaragoza.es\/blog\/wp-content\/uploads\/2023\/12\/MIZLab8-resultados-en-redes-sociales-para-El-Arquetipo.png 1024w, https:\/\/madeinzaragoza.es\/blog\/wp-content\/uploads\/2023\/12\/MIZLab8-resultados-en-redes-sociales-para-El-Arquetipo-450x225.png 450w, https:\/\/madeinzaragoza.es\/blog\/wp-content\/uploads\/2023\/12\/MIZLab8-resultados-en-redes-sociales-para-El-Arquetipo-768x384.png 768w\" sizes=\"(max-width: 709px) 85vw, (max-width: 909px) 67vw, (max-width: 1362px) 62vw, 840px\" \/><\/figure><\/div>\n\n\n<p><\/p>\n\n\n\n<h2 class=\"wp-block-heading\">Paso a paso se hace el camino<\/h2>\n\n\n\n<p>El <strong>crecimiento en redes sociales<\/strong> es un proceso que requiere tiempo, esfuerzo y paciencia. Al enfocarte en la consistencia, la calidad del contenido y la interacci\u00f3n genuina con tu audiencia, estar\u00e1s sentando las bases para un crecimiento sostenible y significativo en el mundo digital.<\/p>\n\n\n\n<p>As\u00ed, el <strong>\u00e9xito en redes sociales<\/strong> no ocurre por casualidad. Requiere comprender profundamente a la audiencia, planificar una estrategia efectiva, crear contenido relevante y estar dispuesto a adaptarse continuamente a un entorno din\u00e1mico.<\/p>\n\n\n\n<p>Con una <strong>comunicaci\u00f3n estrat\u00e9gica<\/strong>, una monitorizaci\u00f3n activa de la competencia y la creaci\u00f3n de contenido de calidad, los resultados en redes sociales para El Arquetipo llegar\u00e1n paso a paso.<\/p>\n\n\n\n<p><\/p>\n","protected":false},"excerpt":{"rendered":"<p>Vamos a revisar, 6 meses despu\u00e9s, el trabajo que ha realizado el proyecto elegido para el MIZLab 8 de Made In Zaragoza: El Arquetipo. El Arquetipo, un taller de escultura creativa en Zaragoza, dirigido por el escultor David Ballestar, desde las \u00faltimas sesiones, ha realizado las siguientes tareas estos 6 meses, con la siguientes conclusiones. &hellip; <a href=\"https:\/\/madeinzaragoza.es\/blog\/miz-lab8-estrategia-de-comunicacion-de-el-arquetipo-6-meses-despues\/\" class=\"more-link\">Continuar leyendo<span class=\"screen-reader-text\"> \u00abMIZ-Lab 8: estrategia de comunicaci\u00f3n de El Arquetipo, 6 meses despu\u00e9s\u00bb<\/span><\/a><\/p>\n","protected":false},"author":63,"featured_media":39986,"comment_status":"open","ping_status":"open","sticky":false,"template":"","format":"standard","meta":{"footnotes":""},"categories":[1554],"tags":[2286,2764,2742,1823,1910,2580,2599,2714],"yoast_head":"<!-- This site is optimized with the Yoast SEO plugin v19.7.2 - https:\/\/yoast.com\/wordpress\/plugins\/seo\/ -->\n<title>MIZ-Lab 8: estrategia de comunicaci\u00f3n de El Arquetipo, 6 meses despu\u00e9s - Made in Zaragoza<\/title>\n<meta name=\"description\" content=\"Vamos a revisar, 6 meses despu\u00e9s, el trabajo que ha realizado el proyecto elegido para el MIZLab 8 de Made In Zaragoza.\" \/>\n<meta name=\"robots\" content=\"index, follow, max-snippet:-1, max-image-preview:large, max-video-preview:-1\" \/>\n<link rel=\"canonical\" href=\"https:\/\/madeinzaragoza.es\/blog\/miz-lab8-estrategia-de-comunicacion-de-el-arquetipo-6-meses-despues\/\" \/>\n<meta property=\"og:locale\" content=\"es_ES\" \/>\n<meta property=\"og:type\" content=\"article\" \/>\n<meta property=\"og:title\" content=\"MIZ-Lab 8: estrategia de comunicaci\u00f3n de El Arquetipo, 6 meses despu\u00e9s - Made in Zaragoza\" \/>\n<meta property=\"og:description\" content=\"Vamos a revisar, 6 meses despu\u00e9s, el trabajo que ha realizado el proyecto elegido para el MIZLab 8 de Made In Zaragoza.\" \/>\n<meta property=\"og:url\" content=\"https:\/\/madeinzaragoza.es\/blog\/miz-lab8-estrategia-de-comunicacion-de-el-arquetipo-6-meses-despues\/\" \/>\n<meta property=\"og:site_name\" content=\"Made in Zaragoza\" \/>\n<meta property=\"article:publisher\" content=\"https:\/\/www.facebook.com\/madeinzaragoza.es\/\" \/>\n<meta property=\"article:published_time\" content=\"2024-07-03T11:30:46+00:00\" \/>\n<meta property=\"article:modified_time\" content=\"2026-01-20T21:22:22+00:00\" \/>\n<meta property=\"og:image\" content=\"https:\/\/madeinzaragoza.es\/blog\/wp-content\/uploads\/2023\/11\/MIZ-Lab8-definiendo-la-estrategia-social-media-para-El-Arquetipo.png\" \/>\n\t<meta property=\"og:image:width\" content=\"1024\" \/>\n\t<meta property=\"og:image:height\" content=\"512\" \/>\n\t<meta property=\"og:image:type\" content=\"image\/png\" \/>\n<meta name=\"author\" content=\"Fernando Cebolla\" \/>\n<meta name=\"twitter:card\" content=\"summary\" \/>\n<meta name=\"twitter:creator\" content=\"@fcpsocialmedia\" \/>\n<meta name=\"twitter:site\" content=\"@madeinzaragoza\" \/>\n<meta name=\"twitter:label1\" content=\"Escrito por\" \/>\n\t<meta name=\"twitter:data1\" content=\"Fernando Cebolla\" \/>\n\t<meta name=\"twitter:label2\" content=\"Tiempo de lectura\" \/>\n\t<meta name=\"twitter:data2\" content=\"4 minutos\" \/>\n<script type=\"application\/ld+json\" class=\"yoast-schema-graph\">{\"@context\":\"https:\/\/schema.org\",\"@graph\":[{\"@type\":\"Article\",\"@id\":\"https:\/\/madeinzaragoza.es\/blog\/miz-lab8-estrategia-de-comunicacion-de-el-arquetipo-6-meses-despues\/#article\",\"isPartOf\":{\"@id\":\"https:\/\/madeinzaragoza.es\/blog\/miz-lab8-estrategia-de-comunicacion-de-el-arquetipo-6-meses-despues\/\"},\"author\":{\"name\":\"Fernando Cebolla\",\"@id\":\"http:\/\/madeinzaragoza.es\/blog\/#\/schema\/person\/dfd0dc5fdb51dc5dcd948dc49fce07b0\"},\"headline\":\"MIZ-Lab 8: estrategia de comunicaci\u00f3n de El Arquetipo, 6 meses despu\u00e9s\",\"datePublished\":\"2024-07-03T11:30:46+00:00\",\"dateModified\":\"2026-01-20T21:22:22+00:00\",\"mainEntityOfPage\":{\"@id\":\"https:\/\/madeinzaragoza.es\/blog\/miz-lab8-estrategia-de-comunicacion-de-el-arquetipo-6-meses-despues\/\"},\"wordCount\":768,\"commentCount\":0,\"publisher\":{\"@id\":\"http:\/\/madeinzaragoza.es\/blog\/#organization\"},\"keywords\":[\"David Ballestar\",\"David Ballestar escultor\",\"El Arquetipo\",\"laboratorio de innovaci\u00f3n comercial\",\"Laboratorio Innovaci\u00f3n Comercial\",\"Made In Zaragoza\",\"mizlab\",\"Mizlab8\"],\"articleSection\":[\"MIZ-Lab\"],\"inLanguage\":\"es\",\"potentialAction\":[{\"@type\":\"CommentAction\",\"name\":\"Comment\",\"target\":[\"https:\/\/madeinzaragoza.es\/blog\/miz-lab8-estrategia-de-comunicacion-de-el-arquetipo-6-meses-despues\/#respond\"]}]},{\"@type\":\"WebPage\",\"@id\":\"https:\/\/madeinzaragoza.es\/blog\/miz-lab8-estrategia-de-comunicacion-de-el-arquetipo-6-meses-despues\/\",\"url\":\"https:\/\/madeinzaragoza.es\/blog\/miz-lab8-estrategia-de-comunicacion-de-el-arquetipo-6-meses-despues\/\",\"name\":\"MIZ-Lab 8: estrategia de comunicaci\u00f3n de El Arquetipo, 6 meses despu\u00e9s - Made in Zaragoza\",\"isPartOf\":{\"@id\":\"http:\/\/madeinzaragoza.es\/blog\/#website\"},\"datePublished\":\"2024-07-03T11:30:46+00:00\",\"dateModified\":\"2026-01-20T21:22:22+00:00\",\"description\":\"Vamos a revisar, 6 meses despu\u00e9s, el trabajo que ha realizado el proyecto elegido para el MIZLab 8 de Made In Zaragoza.\",\"breadcrumb\":{\"@id\":\"https:\/\/madeinzaragoza.es\/blog\/miz-lab8-estrategia-de-comunicacion-de-el-arquetipo-6-meses-despues\/#breadcrumb\"},\"inLanguage\":\"es\",\"potentialAction\":[{\"@type\":\"ReadAction\",\"target\":[\"https:\/\/madeinzaragoza.es\/blog\/miz-lab8-estrategia-de-comunicacion-de-el-arquetipo-6-meses-despues\/\"]}]},{\"@type\":\"BreadcrumbList\",\"@id\":\"https:\/\/madeinzaragoza.es\/blog\/miz-lab8-estrategia-de-comunicacion-de-el-arquetipo-6-meses-despues\/#breadcrumb\",\"itemListElement\":[{\"@type\":\"ListItem\",\"position\":1,\"name\":\"Portada\",\"item\":\"http:\/\/madeinzaragoza.es\/blog\/\"},{\"@type\":\"ListItem\",\"position\":2,\"name\":\"MIZ-Lab 8: estrategia de comunicaci\u00f3n de El Arquetipo, 6 meses despu\u00e9s\"}]},{\"@type\":\"WebSite\",\"@id\":\"http:\/\/madeinzaragoza.es\/blog\/#website\",\"url\":\"http:\/\/madeinzaragoza.es\/blog\/\",\"name\":\"Made in Zaragoza\",\"description\":\"Blog de MadeinZGZ, Red de Econom\u00eda Creativa de Zaragoza\",\"publisher\":{\"@id\":\"http:\/\/madeinzaragoza.es\/blog\/#organization\"},\"potentialAction\":[{\"@type\":\"SearchAction\",\"target\":{\"@type\":\"EntryPoint\",\"urlTemplate\":\"http:\/\/madeinzaragoza.es\/blog\/?s={search_term_string}\"},\"query-input\":\"required name=search_term_string\"}],\"inLanguage\":\"es\"},{\"@type\":\"Organization\",\"@id\":\"http:\/\/madeinzaragoza.es\/blog\/#organization\",\"name\":\"Made In Zaragoza\",\"url\":\"http:\/\/madeinzaragoza.es\/blog\/\",\"sameAs\":[\"https:\/\/www.instagram.com\/madeinzaragoza.es\/\",\"https:\/\/www.facebook.com\/madeinzaragoza.es\/\",\"https:\/\/twitter.com\/madeinzaragoza\"],\"logo\":{\"@type\":\"ImageObject\",\"inLanguage\":\"es\",\"@id\":\"http:\/\/madeinzaragoza.es\/blog\/#\/schema\/logo\/image\/\",\"url\":\"https:\/\/madeinzaragoza.es\/blog\/wp-content\/uploads\/2022\/05\/logo.png\",\"contentUrl\":\"https:\/\/madeinzaragoza.es\/blog\/wp-content\/uploads\/2022\/05\/logo.png\",\"width\":193,\"height\":176,\"caption\":\"Made In Zaragoza\"},\"image\":{\"@id\":\"http:\/\/madeinzaragoza.es\/blog\/#\/schema\/logo\/image\/\"}},{\"@type\":\"Person\",\"@id\":\"http:\/\/madeinzaragoza.es\/blog\/#\/schema\/person\/dfd0dc5fdb51dc5dcd948dc49fce07b0\",\"name\":\"Fernando Cebolla\",\"image\":{\"@type\":\"ImageObject\",\"inLanguage\":\"es\",\"@id\":\"http:\/\/madeinzaragoza.es\/blog\/#\/schema\/person\/image\/\",\"url\":\"https:\/\/secure.gravatar.com\/avatar\/bf5c705d25b1b881bc79c29530006274?s=96&d=mm&r=g\",\"contentUrl\":\"https:\/\/secure.gravatar.com\/avatar\/bf5c705d25b1b881bc79c29530006274?s=96&d=mm&r=g\",\"caption\":\"Fernando Cebolla\"},\"description\":\"Fernando Cebolla es consultor de comunicaci\u00f3n digital de emprendedores en el MIZ-Lab, especializado en visibilidad y estrategia digital para empresas. Como Social Media Manager, ayuda a negocios a ganar alcance, contactos y reputaci\u00f3n en redes sociales, conectando su mensaje con las audiencias adecuadas.\",\"sameAs\":[\"http:\/\/fernandocebolla.com\/\",\"https:\/\/www.instagram.com\/tusocialmediamanager\/?hl=es\",\"https:\/\/www.linkedin.com\/in\/fernandocebollapola\/?originalSubdomain=es\",\"https:\/\/twitter.com\/fcpsocialmedia\"],\"url\":\"https:\/\/madeinzaragoza.es\/blog\/author\/fernandocebolla\/\"}]}<\/script>\n<!-- \/ Yoast SEO plugin. -->","yoast_head_json":{"title":"MIZ-Lab 8: estrategia de comunicaci\u00f3n de El Arquetipo, 6 meses despu\u00e9s - Made in Zaragoza","description":"Vamos a revisar, 6 meses despu\u00e9s, el trabajo que ha realizado el proyecto elegido para el MIZLab 8 de Made In Zaragoza.","robots":{"index":"index","follow":"follow","max-snippet":"max-snippet:-1","max-image-preview":"max-image-preview:large","max-video-preview":"max-video-preview:-1"},"canonical":"https:\/\/madeinzaragoza.es\/blog\/miz-lab8-estrategia-de-comunicacion-de-el-arquetipo-6-meses-despues\/","og_locale":"es_ES","og_type":"article","og_title":"MIZ-Lab 8: estrategia de comunicaci\u00f3n de El Arquetipo, 6 meses despu\u00e9s - Made in Zaragoza","og_description":"Vamos a revisar, 6 meses despu\u00e9s, el trabajo que ha realizado el proyecto elegido para el MIZLab 8 de Made In Zaragoza.","og_url":"https:\/\/madeinzaragoza.es\/blog\/miz-lab8-estrategia-de-comunicacion-de-el-arquetipo-6-meses-despues\/","og_site_name":"Made in Zaragoza","article_publisher":"https:\/\/www.facebook.com\/madeinzaragoza.es\/","article_published_time":"2024-07-03T11:30:46+00:00","article_modified_time":"2026-01-20T21:22:22+00:00","og_image":[{"width":1024,"height":512,"url":"https:\/\/madeinzaragoza.es\/blog\/wp-content\/uploads\/2023\/11\/MIZ-Lab8-definiendo-la-estrategia-social-media-para-El-Arquetipo.png","type":"image\/png"}],"author":"Fernando Cebolla","twitter_card":"summary","twitter_creator":"@fcpsocialmedia","twitter_site":"@madeinzaragoza","twitter_misc":{"Escrito por":"Fernando Cebolla","Tiempo de lectura":"4 minutos"},"schema":{"@context":"https:\/\/schema.org","@graph":[{"@type":"Article","@id":"https:\/\/madeinzaragoza.es\/blog\/miz-lab8-estrategia-de-comunicacion-de-el-arquetipo-6-meses-despues\/#article","isPartOf":{"@id":"https:\/\/madeinzaragoza.es\/blog\/miz-lab8-estrategia-de-comunicacion-de-el-arquetipo-6-meses-despues\/"},"author":{"name":"Fernando Cebolla","@id":"http:\/\/madeinzaragoza.es\/blog\/#\/schema\/person\/dfd0dc5fdb51dc5dcd948dc49fce07b0"},"headline":"MIZ-Lab 8: estrategia de comunicaci\u00f3n de El Arquetipo, 6 meses despu\u00e9s","datePublished":"2024-07-03T11:30:46+00:00","dateModified":"2026-01-20T21:22:22+00:00","mainEntityOfPage":{"@id":"https:\/\/madeinzaragoza.es\/blog\/miz-lab8-estrategia-de-comunicacion-de-el-arquetipo-6-meses-despues\/"},"wordCount":768,"commentCount":0,"publisher":{"@id":"http:\/\/madeinzaragoza.es\/blog\/#organization"},"keywords":["David Ballestar","David Ballestar escultor","El Arquetipo","laboratorio de innovaci\u00f3n comercial","Laboratorio Innovaci\u00f3n Comercial","Made In Zaragoza","mizlab","Mizlab8"],"articleSection":["MIZ-Lab"],"inLanguage":"es","potentialAction":[{"@type":"CommentAction","name":"Comment","target":["https:\/\/madeinzaragoza.es\/blog\/miz-lab8-estrategia-de-comunicacion-de-el-arquetipo-6-meses-despues\/#respond"]}]},{"@type":"WebPage","@id":"https:\/\/madeinzaragoza.es\/blog\/miz-lab8-estrategia-de-comunicacion-de-el-arquetipo-6-meses-despues\/","url":"https:\/\/madeinzaragoza.es\/blog\/miz-lab8-estrategia-de-comunicacion-de-el-arquetipo-6-meses-despues\/","name":"MIZ-Lab 8: estrategia de comunicaci\u00f3n de El Arquetipo, 6 meses despu\u00e9s - Made in Zaragoza","isPartOf":{"@id":"http:\/\/madeinzaragoza.es\/blog\/#website"},"datePublished":"2024-07-03T11:30:46+00:00","dateModified":"2026-01-20T21:22:22+00:00","description":"Vamos a revisar, 6 meses despu\u00e9s, el trabajo que ha realizado el proyecto elegido para el MIZLab 8 de Made In Zaragoza.","breadcrumb":{"@id":"https:\/\/madeinzaragoza.es\/blog\/miz-lab8-estrategia-de-comunicacion-de-el-arquetipo-6-meses-despues\/#breadcrumb"},"inLanguage":"es","potentialAction":[{"@type":"ReadAction","target":["https:\/\/madeinzaragoza.es\/blog\/miz-lab8-estrategia-de-comunicacion-de-el-arquetipo-6-meses-despues\/"]}]},{"@type":"BreadcrumbList","@id":"https:\/\/madeinzaragoza.es\/blog\/miz-lab8-estrategia-de-comunicacion-de-el-arquetipo-6-meses-despues\/#breadcrumb","itemListElement":[{"@type":"ListItem","position":1,"name":"Portada","item":"http:\/\/madeinzaragoza.es\/blog\/"},{"@type":"ListItem","position":2,"name":"MIZ-Lab 8: estrategia de comunicaci\u00f3n de El Arquetipo, 6 meses despu\u00e9s"}]},{"@type":"WebSite","@id":"http:\/\/madeinzaragoza.es\/blog\/#website","url":"http:\/\/madeinzaragoza.es\/blog\/","name":"Made in Zaragoza","description":"Blog de MadeinZGZ, Red de Econom\u00eda Creativa de Zaragoza","publisher":{"@id":"http:\/\/madeinzaragoza.es\/blog\/#organization"},"potentialAction":[{"@type":"SearchAction","target":{"@type":"EntryPoint","urlTemplate":"http:\/\/madeinzaragoza.es\/blog\/?s={search_term_string}"},"query-input":"required name=search_term_string"}],"inLanguage":"es"},{"@type":"Organization","@id":"http:\/\/madeinzaragoza.es\/blog\/#organization","name":"Made In Zaragoza","url":"http:\/\/madeinzaragoza.es\/blog\/","sameAs":["https:\/\/www.instagram.com\/madeinzaragoza.es\/","https:\/\/www.facebook.com\/madeinzaragoza.es\/","https:\/\/twitter.com\/madeinzaragoza"],"logo":{"@type":"ImageObject","inLanguage":"es","@id":"http:\/\/madeinzaragoza.es\/blog\/#\/schema\/logo\/image\/","url":"https:\/\/madeinzaragoza.es\/blog\/wp-content\/uploads\/2022\/05\/logo.png","contentUrl":"https:\/\/madeinzaragoza.es\/blog\/wp-content\/uploads\/2022\/05\/logo.png","width":193,"height":176,"caption":"Made In Zaragoza"},"image":{"@id":"http:\/\/madeinzaragoza.es\/blog\/#\/schema\/logo\/image\/"}},{"@type":"Person","@id":"http:\/\/madeinzaragoza.es\/blog\/#\/schema\/person\/dfd0dc5fdb51dc5dcd948dc49fce07b0","name":"Fernando Cebolla","image":{"@type":"ImageObject","inLanguage":"es","@id":"http:\/\/madeinzaragoza.es\/blog\/#\/schema\/person\/image\/","url":"https:\/\/secure.gravatar.com\/avatar\/bf5c705d25b1b881bc79c29530006274?s=96&d=mm&r=g","contentUrl":"https:\/\/secure.gravatar.com\/avatar\/bf5c705d25b1b881bc79c29530006274?s=96&d=mm&r=g","caption":"Fernando Cebolla"},"description":"Fernando Cebolla es consultor de comunicaci\u00f3n digital de emprendedores en el MIZ-Lab, especializado en visibilidad y estrategia digital para empresas. Como Social Media Manager, ayuda a negocios a ganar alcance, contactos y reputaci\u00f3n en redes sociales, conectando su mensaje con las audiencias adecuadas.","sameAs":["http:\/\/fernandocebolla.com\/","https:\/\/www.instagram.com\/tusocialmediamanager\/?hl=es","https:\/\/www.linkedin.com\/in\/fernandocebollapola\/?originalSubdomain=es","https:\/\/twitter.com\/fcpsocialmedia"],"url":"https:\/\/madeinzaragoza.es\/blog\/author\/fernandocebolla\/"}]}},"_links":{"self":[{"href":"https:\/\/madeinzaragoza.es\/blog\/wp-json\/wp\/v2\/posts\/41787"}],"collection":[{"href":"https:\/\/madeinzaragoza.es\/blog\/wp-json\/wp\/v2\/posts"}],"about":[{"href":"https:\/\/madeinzaragoza.es\/blog\/wp-json\/wp\/v2\/types\/post"}],"author":[{"embeddable":true,"href":"https:\/\/madeinzaragoza.es\/blog\/wp-json\/wp\/v2\/users\/63"}],"replies":[{"embeddable":true,"href":"https:\/\/madeinzaragoza.es\/blog\/wp-json\/wp\/v2\/comments?post=41787"}],"version-history":[{"count":6,"href":"https:\/\/madeinzaragoza.es\/blog\/wp-json\/wp\/v2\/posts\/41787\/revisions"}],"predecessor-version":[{"id":45064,"href":"https:\/\/madeinzaragoza.es\/blog\/wp-json\/wp\/v2\/posts\/41787\/revisions\/45064"}],"wp:featuredmedia":[{"embeddable":true,"href":"https:\/\/madeinzaragoza.es\/blog\/wp-json\/wp\/v2\/media\/39986"}],"wp:attachment":[{"href":"https:\/\/madeinzaragoza.es\/blog\/wp-json\/wp\/v2\/media?parent=41787"}],"wp:term":[{"taxonomy":"category","embeddable":true,"href":"https:\/\/madeinzaragoza.es\/blog\/wp-json\/wp\/v2\/categories?post=41787"},{"taxonomy":"post_tag","embeddable":true,"href":"https:\/\/madeinzaragoza.es\/blog\/wp-json\/wp\/v2\/tags?post=41787"}],"curies":[{"name":"wp","href":"https:\/\/api.w.org\/{rel}","templated":true}]}}