{"id":41651,"date":"2024-06-05T10:36:58","date_gmt":"2024-06-05T09:36:58","guid":{"rendered":"http:\/\/madeinzaragoza.es\/blog\/?p=41651"},"modified":"2024-06-06T15:57:50","modified_gmt":"2024-06-06T14:57:50","slug":"zaragoza-fear-cine-fantastico-terror-reclama-su-sitio-ciudad","status":"publish","type":"post","link":"https:\/\/madeinzaragoza.es\/blog\/zaragoza-fear-cine-fantastico-terror-reclama-su-sitio-ciudad\/","title":{"rendered":"Zaragoza Fear: el cine fant\u00e1stico y de terror reclama su sitio en la ciudad"},"content":{"rendered":"\n<h2 class=\"wp-block-heading\">La asociaci\u00f3n cultural dedicada a promover el cine de g\u00e9nero lleva dos a\u00f1os de andadura. Iv\u00e1n Fanlo, uno de sus rostros, habla de sus actividades y de lo que preparan para la &#8216;siguiente temporada&#8217;<\/h2>\n\n\n\n<p><\/p>\n\n\n\n<p>En Zaragoza se echaba en falta una mayor atenci\u00f3n al cine fant\u00e1stico y de terror, tan apreciado por los que lo disfrutan como infravalorado por los que se gu\u00edan por prejuicios. Una carencia que ha empezado a resolver <strong><a href=\"http:\/\/madeinzaragoza.es\/blog\/zaragoza-fear-maestros-del-terror-y-la-fantasia\/\">Zaragoza Fear<\/a><\/strong>, asociaci\u00f3n cultural dedicada a darlo a conocer y por supuesto compartir su devoci\u00f3n. <strong>Iv\u00e1n Fanlo, una de las caras visibles del colectivo<\/strong> (la otra es David Garc\u00eda Sari\u00f1ena), <strong>habla de su ideario, de las \u00faltimas proyecciones y de las actividades en el horizonte<\/strong>, como las que tienen en mente para hacer las delicias del aficionado en octubre y noviembre, la temporada alta (por Sitges y Halloween) del cine de g\u00e9nero.<\/p>\n\n\n\n<p><\/p>\n\n\n\n<p><strong>\u00bfC\u00f3mo fueron los inicios de Zaragoza Fear?<\/strong><\/p>\n\n\n\n<p>Su andadura oficial comenz\u00f3 en 2022, aunque su germen est\u00e1 unos a\u00f1os antes en RetroZaragoza, en la que mi compa\u00f1ero Ignacio Zarranz y yo proyectamos <em>Golpe en la peque\u00f1a China<\/em> y <em>Demons<\/em>. En ese marco conoc\u00ed a David Garc\u00eda Sari\u00f1ena y pensamos en sacar adelante un festival especializado. Con mucho trabajo, desarrollamos un proyecto importante y ambicioso con concurso de cortos, premios\u2026 Incluso \u00edbamos a presentarlo en Sitges. Sin embargo, por varias razones, entre ellas la llegada de la pandemia, no sali\u00f3. Fue un golpe duro, pero entonces nos preguntamos que por qu\u00e9 no hac\u00edamos cosas m\u00e1s peque\u00f1itas, y as\u00ed naci\u00f3 Zaragoza Fear.<\/p>\n\n\n\n<p><\/p>\n\n\n<div class=\"wp-block-image\">\n<figure class=\"aligncenter size-full\"><img loading=\"lazy\" decoding=\"async\" width=\"900\" height=\"388\" src=\"http:\/\/madeinzaragoza.es\/blog\/wp-content\/uploads\/2024\/06\/Riddle-Fire-Zgz-Fear.jpg\" alt=\"\" class=\"wp-image-41660\" srcset=\"https:\/\/madeinzaragoza.es\/blog\/wp-content\/uploads\/2024\/06\/Riddle-Fire-Zgz-Fear.jpg 900w, https:\/\/madeinzaragoza.es\/blog\/wp-content\/uploads\/2024\/06\/Riddle-Fire-Zgz-Fear-450x194.jpg 450w, https:\/\/madeinzaragoza.es\/blog\/wp-content\/uploads\/2024\/06\/Riddle-Fire-Zgz-Fear-768x331.jpg 768w\" sizes=\"(max-width: 709px) 85vw, (max-width: 909px) 67vw, (max-width: 1362px) 62vw, 840px\" \/><figcaption class=\"wp-element-caption\">Imagen del pase reciente de &#8216;Riddle of Fire&#8217; en la Filmoteca<\/figcaption><\/figure><\/div>\n\n\n<p><strong>Zaragoza Fear ha cogido carrerilla por las actividades que ha ido encadenando. Ha llegado a ofrecer en Madrid una proyecci\u00f3n del cl\u00e1sico <em>Nosferatu<\/em> con m\u00fasica en directo.<\/strong><\/p>\n\n\n\n<p>S\u00ed, en Madrid repetimos el evento especial que celebramos con \u00e9xito en Zaragoza en noviembre de 2022. En ese momento nos dimos cuenta de que pod\u00edan funcionar las cosas. A partir de ah\u00ed fuimos preparando los siguientes movimientos y ha ido todo un poco rodado: el evento en torno a <em>Dentro del laberinto<\/em>, presentaciones en El armadillo ilustrado y C\u00e1lamo\u2026 No nos queremos cerrar solo a proyecciones de pel\u00edculas, tambi\u00e9n por el coste econ\u00f3mico de los derechos. El dinero para adquirirlos proviene de las cuotas de miembros y de las ventas por productos de <em>merchandising<\/em>, en su mayor\u00eda postales e ilustraciones.<\/p>\n\n\n\n<p><\/p>\n\n\n<div class=\"wp-block-image\">\n<figure class=\"aligncenter size-full\"><img loading=\"lazy\" decoding=\"async\" width=\"424\" height=\"600\" src=\"http:\/\/madeinzaragoza.es\/blog\/wp-content\/uploads\/2024\/06\/programa-Zaragoza-Fear-2.jpg\" alt=\"\" class=\"wp-image-41670\" srcset=\"https:\/\/madeinzaragoza.es\/blog\/wp-content\/uploads\/2024\/06\/programa-Zaragoza-Fear-2.jpg 424w, https:\/\/madeinzaragoza.es\/blog\/wp-content\/uploads\/2024\/06\/programa-Zaragoza-Fear-2-318x450.jpg 318w\" sizes=\"(max-width: 424px) 85vw, 424px\" \/><figcaption class=\"wp-element-caption\">Programa de las \u00faltimas sesiones de Zaragoza Fear en la Filmoteca<\/figcaption><\/figure><\/div>\n\n\n<p><strong>Con la mexicana <em>Huesera<\/em>, este viernes finaliza su doble ciclo de mayo y junio en la Filmoteca de Zaragoza, uno dedicado a la animaci\u00f3n de g\u00e9nero espa\u00f1ola y otro, a dos t\u00edtulos in\u00e9ditos por aqu\u00ed.<\/strong><\/p>\n\n\n\n<p>Estas sesiones las hemos tomado como fiesta de fin de curso. Quer\u00edamos traer cine in\u00e9dito y fruto de esta idea proyectamos dos \u00f3peras primas fascinantes, <em>Riddle of Fire<\/em> (Weston Razooli, 2023), peculiar, que mete en un mundo muy extra\u00f1o y que sorprende por el sentimiento con el que trata la nostalgia, y <em>Huesera<\/em> (Michelle Garza, 2022), muy <em>punky<\/em> en cuanto a su contenido ya c\u00f3mo plasma la maternidad y el embarazo. Huesera nos gust\u00f3 mucho cuando la vimos en Sitges y conseguimos sus derechos cuando est\u00e1bamos buscando pel\u00edculas latinoamericanas de g\u00e9nero.<\/p>\n\n\n\n<p><\/p>\n\n\n\n<p><strong>\u00bfQu\u00e9 puede avanzar de las siguientes actividades de Zaragoza Fear? El contexto de Halloween es propicio para sorprender con platos fuertes.<\/strong><\/p>\n\n\n\n<p>Hemos cogido carrerilla y preparamos las actividades con meses de antelaci\u00f3n. Este verano tenemos un club de lectura online, con <em>podcast<\/em>, y volveremos el 31 de octubre, por Halloween, y la primera semana de noviembre para celebrar el segundo aniversario del evento musical de <em>Nosferatu<\/em>, que para nosotros fue muy especial. No s\u00e9 si nos arriesgaremos a llamarlo Zaragoza Fear Fest, y de ser as\u00ed se tratar\u00eda de un festival no con la obligaci\u00f3n de hacerlo anualmente, sino cuando se pudiera y sobre todo de ir haciendo cosas a lo largo del a\u00f1o. Puedo avanzar que pondremos m\u00fasica en directo a <em>La matanza de Texas<\/em>, banda sonora en la que lleva tiempo inmerso Isaac Moreira (Naos), y posiblemente proyectaremos el cl\u00e1sico espa\u00f1ol de culto <em>Mil gritos tiene la noche<\/em>, la francesa extrema <em>Al interior<\/em> y <em>Bliss<\/em>. Queremos que sean unas fechas muy Fear.<\/p>\n\n\n\n<p><\/p>\n\n\n\n<p><strong>Nunca est\u00e1 de m\u00e1s reivindicar el cine de g\u00e9nero, y Zaragoza Fear lo hace.<\/strong><\/p>\n\n\n\n<p>El cine de terror y fant\u00e1stico est\u00e1 muy denostado, pero conviene recordar que no es solo sangre. A eso hay que sumar, por ejemplo, que Zaragoza es una ciudad complicada para bastantes cosas y para mover a la gente para actividades culturales. No obstante, empezamos muy bien con <em>Nosferatu<\/em> y, aunque no hemos repetido ese \u00e9xito, despu\u00e9s no nos ha ido mal.<\/p>\n\n\n\n<p><\/p>\n\n\n\n<p><strong>En Zaragoza est\u00e1 la asignatura pendiente de un festival de cine de g\u00e9nero.<\/strong> <\/p>\n\n\n\n<p>El concepto festival nos gusta mucho, lo veo divertido, pero no s\u00e9 si el p\u00fablico todav\u00eda est\u00e1 preparado para din\u00e1micas como la de las varias sesiones seguidas. En Zaragoza Fear queremos que la gente descubra cl\u00e1sicos, t\u00edtulos actuales y, por qu\u00e9 no, tambi\u00e9n cosas locas. Creo que estamos funcionando bien con lo de ir haciendo cosas poco a poco porque da tiempo de pensar, de rectificar. Es m\u00e1s pr\u00e1ctico hacer actividades durante todo el a\u00f1o, cuando se puede, y que la gente lo tome en ese sentido como un festival continuo. Es genial que la gente venga y nos apoye. De momento todas las actividades han sido gratuitas y nuestra intenci\u00f3n es que lo sigan siendo.<\/p>\n\n\n\n<p><\/p>\n\n\n<div class=\"wp-block-image\">\n<figure class=\"aligncenter size-full\"><img loading=\"lazy\" decoding=\"async\" width=\"900\" height=\"577\" src=\"http:\/\/madeinzaragoza.es\/blog\/wp-content\/uploads\/2024\/06\/Zgz-Fear-equipo.jpg\" alt=\"\" class=\"wp-image-41658\" srcset=\"https:\/\/madeinzaragoza.es\/blog\/wp-content\/uploads\/2024\/06\/Zgz-Fear-equipo.jpg 900w, https:\/\/madeinzaragoza.es\/blog\/wp-content\/uploads\/2024\/06\/Zgz-Fear-equipo-450x289.jpg 450w, https:\/\/madeinzaragoza.es\/blog\/wp-content\/uploads\/2024\/06\/Zgz-Fear-equipo-768x492.jpg 768w\" sizes=\"(max-width: 709px) 85vw, (max-width: 909px) 67vw, (max-width: 1362px) 62vw, 840px\" \/><figcaption class=\"wp-element-caption\">Parte del equipo de Zaragoza Fear, junto a To\u00f1a (Filmoteca), antes del pase de &#8216;Riddle of Fire&#8217;<\/figcaption><\/figure><\/div>\n\n\n<p><\/p>\n","protected":false},"excerpt":{"rendered":"<p>La asociaci\u00f3n cultural dedicada a promover el cine de g\u00e9nero lleva dos a\u00f1os de andadura. Iv\u00e1n Fanlo, uno de sus rostros, habla de sus actividades y de lo que preparan para la &#8216;siguiente temporada&#8217; En Zaragoza se echaba en falta una mayor atenci\u00f3n al cine fant\u00e1stico y de terror, tan apreciado por los que lo &hellip; <a href=\"https:\/\/madeinzaragoza.es\/blog\/zaragoza-fear-cine-fantastico-terror-reclama-su-sitio-ciudad\/\" class=\"more-link\">Continuar leyendo<span class=\"screen-reader-text\"> \u00abZaragoza Fear: el cine fant\u00e1stico y de terror reclama su sitio en la ciudad\u00bb<\/span><\/a><\/p>\n","protected":false},"author":59,"featured_media":41652,"comment_status":"open","ping_status":"open","sticky":false,"template":"","format":"standard","meta":{"footnotes":""},"categories":[829],"tags":[1039,2189,2820,2819,2378,2818],"yoast_head":"<!-- This site is optimized with the Yoast SEO plugin v19.7.2 - https:\/\/yoast.com\/wordpress\/plugins\/seo\/ -->\n<title>Zaragoza Fear: el cine fant\u00e1stico y de terror reclama su sitio<\/title>\n<meta name=\"description\" content=\"MIZ habla con Iv\u00e1n Fanlo, uno de los rostros de Zaragoza Fear, asociaci\u00f3n dedicada a promover el cine fant\u00e1stico y de terror en Zaragoza\" \/>\n<meta name=\"robots\" content=\"index, follow, max-snippet:-1, max-image-preview:large, max-video-preview:-1\" \/>\n<link rel=\"canonical\" href=\"https:\/\/madeinzaragoza.es\/blog\/zaragoza-fear-cine-fantastico-terror-reclama-su-sitio-ciudad\/\" \/>\n<meta property=\"og:locale\" content=\"es_ES\" \/>\n<meta property=\"og:type\" content=\"article\" \/>\n<meta property=\"og:title\" content=\"Zaragoza Fear: el cine fant\u00e1stico y de terror reclama su sitio\" \/>\n<meta property=\"og:description\" content=\"MIZ habla con Iv\u00e1n Fanlo, uno de los rostros de Zaragoza Fear, asociaci\u00f3n dedicada a promover el cine fant\u00e1stico y de terror en Zaragoza\" \/>\n<meta property=\"og:url\" content=\"https:\/\/madeinzaragoza.es\/blog\/zaragoza-fear-cine-fantastico-terror-reclama-su-sitio-ciudad\/\" \/>\n<meta property=\"og:site_name\" content=\"Made in Zaragoza\" \/>\n<meta property=\"article:publisher\" content=\"https:\/\/www.facebook.com\/madeinzaragoza.es\/\" \/>\n<meta property=\"article:published_time\" content=\"2024-06-05T09:36:58+00:00\" \/>\n<meta property=\"article:modified_time\" content=\"2024-06-06T14:57:50+00:00\" \/>\n<meta property=\"og:image\" content=\"https:\/\/madeinzaragoza.es\/blog\/wp-content\/uploads\/2024\/06\/Ivan-Fanlo-Zgz-Fear.jpg\" \/>\n\t<meta property=\"og:image:width\" content=\"1400\" \/>\n\t<meta property=\"og:image:height\" content=\"627\" \/>\n\t<meta property=\"og:image:type\" content=\"image\/jpeg\" \/>\n<meta name=\"author\" content=\"Enrique Abenia\" \/>\n<meta name=\"twitter:card\" content=\"summary\" \/>\n<meta name=\"twitter:creator\" content=\"@Enrique_Abenia\" \/>\n<meta name=\"twitter:site\" content=\"@madeinzaragoza\" \/>\n<meta name=\"twitter:label1\" content=\"Escrito por\" \/>\n\t<meta name=\"twitter:data1\" content=\"Enrique Abenia\" \/>\n\t<meta name=\"twitter:label2\" content=\"Tiempo de lectura\" \/>\n\t<meta name=\"twitter:data2\" content=\"5 minutos\" \/>\n<script type=\"application\/ld+json\" class=\"yoast-schema-graph\">{\"@context\":\"https:\/\/schema.org\",\"@graph\":[{\"@type\":\"Article\",\"@id\":\"https:\/\/madeinzaragoza.es\/blog\/zaragoza-fear-cine-fantastico-terror-reclama-su-sitio-ciudad\/#article\",\"isPartOf\":{\"@id\":\"https:\/\/madeinzaragoza.es\/blog\/zaragoza-fear-cine-fantastico-terror-reclama-su-sitio-ciudad\/\"},\"author\":{\"name\":\"Enrique Abenia\",\"@id\":\"http:\/\/madeinzaragoza.es\/blog\/#\/schema\/person\/b4cf98cbc61a51fb48dbdab258a8c523\"},\"headline\":\"Zaragoza Fear: el cine fant\u00e1stico y de terror reclama su sitio en la ciudad\",\"datePublished\":\"2024-06-05T09:36:58+00:00\",\"dateModified\":\"2024-06-06T14:57:50+00:00\",\"mainEntityOfPage\":{\"@id\":\"https:\/\/madeinzaragoza.es\/blog\/zaragoza-fear-cine-fantastico-terror-reclama-su-sitio-ciudad\/\"},\"wordCount\":992,\"commentCount\":0,\"publisher\":{\"@id\":\"http:\/\/madeinzaragoza.es\/blog\/#organization\"},\"keywords\":[\"Cine\",\"Cine en Zaragoza\",\"cine terror Zaragoza\",\"cine Zaragoza\",\"festivales de cine Zaragoza\",\"Zaragoza Fear\"],\"articleSection\":[\"Cultura\"],\"inLanguage\":\"es\",\"potentialAction\":[{\"@type\":\"CommentAction\",\"name\":\"Comment\",\"target\":[\"https:\/\/madeinzaragoza.es\/blog\/zaragoza-fear-cine-fantastico-terror-reclama-su-sitio-ciudad\/#respond\"]}]},{\"@type\":\"WebPage\",\"@id\":\"https:\/\/madeinzaragoza.es\/blog\/zaragoza-fear-cine-fantastico-terror-reclama-su-sitio-ciudad\/\",\"url\":\"https:\/\/madeinzaragoza.es\/blog\/zaragoza-fear-cine-fantastico-terror-reclama-su-sitio-ciudad\/\",\"name\":\"Zaragoza Fear: el cine fant\u00e1stico y de terror reclama su sitio\",\"isPartOf\":{\"@id\":\"http:\/\/madeinzaragoza.es\/blog\/#website\"},\"datePublished\":\"2024-06-05T09:36:58+00:00\",\"dateModified\":\"2024-06-06T14:57:50+00:00\",\"description\":\"MIZ habla con Iv\u00e1n Fanlo, uno de los rostros de Zaragoza Fear, asociaci\u00f3n dedicada a promover el cine fant\u00e1stico y de terror en Zaragoza\",\"breadcrumb\":{\"@id\":\"https:\/\/madeinzaragoza.es\/blog\/zaragoza-fear-cine-fantastico-terror-reclama-su-sitio-ciudad\/#breadcrumb\"},\"inLanguage\":\"es\",\"potentialAction\":[{\"@type\":\"ReadAction\",\"target\":[\"https:\/\/madeinzaragoza.es\/blog\/zaragoza-fear-cine-fantastico-terror-reclama-su-sitio-ciudad\/\"]}]},{\"@type\":\"BreadcrumbList\",\"@id\":\"https:\/\/madeinzaragoza.es\/blog\/zaragoza-fear-cine-fantastico-terror-reclama-su-sitio-ciudad\/#breadcrumb\",\"itemListElement\":[{\"@type\":\"ListItem\",\"position\":1,\"name\":\"Portada\",\"item\":\"http:\/\/madeinzaragoza.es\/blog\/\"},{\"@type\":\"ListItem\",\"position\":2,\"name\":\"Zaragoza Fear: el cine fant\u00e1stico y de terror reclama su sitio en la ciudad\"}]},{\"@type\":\"WebSite\",\"@id\":\"http:\/\/madeinzaragoza.es\/blog\/#website\",\"url\":\"http:\/\/madeinzaragoza.es\/blog\/\",\"name\":\"Made in Zaragoza\",\"description\":\"Blog de MadeinZGZ, Red de Econom\u00eda Creativa de Zaragoza\",\"publisher\":{\"@id\":\"http:\/\/madeinzaragoza.es\/blog\/#organization\"},\"potentialAction\":[{\"@type\":\"SearchAction\",\"target\":{\"@type\":\"EntryPoint\",\"urlTemplate\":\"http:\/\/madeinzaragoza.es\/blog\/?s={search_term_string}\"},\"query-input\":\"required name=search_term_string\"}],\"inLanguage\":\"es\"},{\"@type\":\"Organization\",\"@id\":\"http:\/\/madeinzaragoza.es\/blog\/#organization\",\"name\":\"Made In Zaragoza\",\"url\":\"http:\/\/madeinzaragoza.es\/blog\/\",\"sameAs\":[\"https:\/\/www.instagram.com\/madeinzaragoza.es\/\",\"https:\/\/www.facebook.com\/madeinzaragoza.es\/\",\"https:\/\/twitter.com\/madeinzaragoza\"],\"logo\":{\"@type\":\"ImageObject\",\"inLanguage\":\"es\",\"@id\":\"http:\/\/madeinzaragoza.es\/blog\/#\/schema\/logo\/image\/\",\"url\":\"https:\/\/madeinzaragoza.es\/blog\/wp-content\/uploads\/2022\/05\/logo.png\",\"contentUrl\":\"https:\/\/madeinzaragoza.es\/blog\/wp-content\/uploads\/2022\/05\/logo.png\",\"width\":193,\"height\":176,\"caption\":\"Made In Zaragoza\"},\"image\":{\"@id\":\"http:\/\/madeinzaragoza.es\/blog\/#\/schema\/logo\/image\/\"}},{\"@type\":\"Person\",\"@id\":\"http:\/\/madeinzaragoza.es\/blog\/#\/schema\/person\/b4cf98cbc61a51fb48dbdab258a8c523\",\"name\":\"Enrique Abenia\",\"image\":{\"@type\":\"ImageObject\",\"inLanguage\":\"es\",\"@id\":\"http:\/\/madeinzaragoza.es\/blog\/#\/schema\/person\/image\/\",\"url\":\"https:\/\/secure.gravatar.com\/avatar\/a747099e3518ccf440789a57b07dd884?s=96&d=mm&r=g\",\"contentUrl\":\"https:\/\/secure.gravatar.com\/avatar\/a747099e3518ccf440789a57b07dd884?s=96&d=mm&r=g\",\"caption\":\"Enrique Abenia\"},\"description\":\"Periodista aut\u00f3nomo. Cr\u00edtico de \u2018Heraldo de Arag\u00f3n\u2019, tambi\u00e9n escribe en 'Cineman\u00eda' y en 20bits, donde analiza smartphones.\",\"sameAs\":[\"https:\/\/twitter.com\/Enrique_Abenia\"],\"url\":\"https:\/\/madeinzaragoza.es\/blog\/author\/enriqueabenia\/\"}]}<\/script>\n<!-- \/ Yoast SEO plugin. -->","yoast_head_json":{"title":"Zaragoza Fear: el cine fant\u00e1stico y de terror reclama su sitio","description":"MIZ habla con Iv\u00e1n Fanlo, uno de los rostros de Zaragoza Fear, asociaci\u00f3n dedicada a promover el cine fant\u00e1stico y de terror en Zaragoza","robots":{"index":"index","follow":"follow","max-snippet":"max-snippet:-1","max-image-preview":"max-image-preview:large","max-video-preview":"max-video-preview:-1"},"canonical":"https:\/\/madeinzaragoza.es\/blog\/zaragoza-fear-cine-fantastico-terror-reclama-su-sitio-ciudad\/","og_locale":"es_ES","og_type":"article","og_title":"Zaragoza Fear: el cine fant\u00e1stico y de terror reclama su sitio","og_description":"MIZ habla con Iv\u00e1n Fanlo, uno de los rostros de Zaragoza Fear, asociaci\u00f3n dedicada a promover el cine fant\u00e1stico y de terror en Zaragoza","og_url":"https:\/\/madeinzaragoza.es\/blog\/zaragoza-fear-cine-fantastico-terror-reclama-su-sitio-ciudad\/","og_site_name":"Made in Zaragoza","article_publisher":"https:\/\/www.facebook.com\/madeinzaragoza.es\/","article_published_time":"2024-06-05T09:36:58+00:00","article_modified_time":"2024-06-06T14:57:50+00:00","og_image":[{"width":1400,"height":627,"url":"https:\/\/madeinzaragoza.es\/blog\/wp-content\/uploads\/2024\/06\/Ivan-Fanlo-Zgz-Fear.jpg","type":"image\/jpeg"}],"author":"Enrique Abenia","twitter_card":"summary","twitter_creator":"@Enrique_Abenia","twitter_site":"@madeinzaragoza","twitter_misc":{"Escrito por":"Enrique Abenia","Tiempo de lectura":"5 minutos"},"schema":{"@context":"https:\/\/schema.org","@graph":[{"@type":"Article","@id":"https:\/\/madeinzaragoza.es\/blog\/zaragoza-fear-cine-fantastico-terror-reclama-su-sitio-ciudad\/#article","isPartOf":{"@id":"https:\/\/madeinzaragoza.es\/blog\/zaragoza-fear-cine-fantastico-terror-reclama-su-sitio-ciudad\/"},"author":{"name":"Enrique Abenia","@id":"http:\/\/madeinzaragoza.es\/blog\/#\/schema\/person\/b4cf98cbc61a51fb48dbdab258a8c523"},"headline":"Zaragoza Fear: el cine fant\u00e1stico y de terror reclama su sitio en la ciudad","datePublished":"2024-06-05T09:36:58+00:00","dateModified":"2024-06-06T14:57:50+00:00","mainEntityOfPage":{"@id":"https:\/\/madeinzaragoza.es\/blog\/zaragoza-fear-cine-fantastico-terror-reclama-su-sitio-ciudad\/"},"wordCount":992,"commentCount":0,"publisher":{"@id":"http:\/\/madeinzaragoza.es\/blog\/#organization"},"keywords":["Cine","Cine en Zaragoza","cine terror Zaragoza","cine Zaragoza","festivales de cine Zaragoza","Zaragoza Fear"],"articleSection":["Cultura"],"inLanguage":"es","potentialAction":[{"@type":"CommentAction","name":"Comment","target":["https:\/\/madeinzaragoza.es\/blog\/zaragoza-fear-cine-fantastico-terror-reclama-su-sitio-ciudad\/#respond"]}]},{"@type":"WebPage","@id":"https:\/\/madeinzaragoza.es\/blog\/zaragoza-fear-cine-fantastico-terror-reclama-su-sitio-ciudad\/","url":"https:\/\/madeinzaragoza.es\/blog\/zaragoza-fear-cine-fantastico-terror-reclama-su-sitio-ciudad\/","name":"Zaragoza Fear: el cine fant\u00e1stico y de terror reclama su sitio","isPartOf":{"@id":"http:\/\/madeinzaragoza.es\/blog\/#website"},"datePublished":"2024-06-05T09:36:58+00:00","dateModified":"2024-06-06T14:57:50+00:00","description":"MIZ habla con Iv\u00e1n Fanlo, uno de los rostros de Zaragoza Fear, asociaci\u00f3n dedicada a promover el cine fant\u00e1stico y de terror en Zaragoza","breadcrumb":{"@id":"https:\/\/madeinzaragoza.es\/blog\/zaragoza-fear-cine-fantastico-terror-reclama-su-sitio-ciudad\/#breadcrumb"},"inLanguage":"es","potentialAction":[{"@type":"ReadAction","target":["https:\/\/madeinzaragoza.es\/blog\/zaragoza-fear-cine-fantastico-terror-reclama-su-sitio-ciudad\/"]}]},{"@type":"BreadcrumbList","@id":"https:\/\/madeinzaragoza.es\/blog\/zaragoza-fear-cine-fantastico-terror-reclama-su-sitio-ciudad\/#breadcrumb","itemListElement":[{"@type":"ListItem","position":1,"name":"Portada","item":"http:\/\/madeinzaragoza.es\/blog\/"},{"@type":"ListItem","position":2,"name":"Zaragoza Fear: el cine fant\u00e1stico y de terror reclama su sitio en la ciudad"}]},{"@type":"WebSite","@id":"http:\/\/madeinzaragoza.es\/blog\/#website","url":"http:\/\/madeinzaragoza.es\/blog\/","name":"Made in Zaragoza","description":"Blog de MadeinZGZ, Red de Econom\u00eda Creativa de Zaragoza","publisher":{"@id":"http:\/\/madeinzaragoza.es\/blog\/#organization"},"potentialAction":[{"@type":"SearchAction","target":{"@type":"EntryPoint","urlTemplate":"http:\/\/madeinzaragoza.es\/blog\/?s={search_term_string}"},"query-input":"required name=search_term_string"}],"inLanguage":"es"},{"@type":"Organization","@id":"http:\/\/madeinzaragoza.es\/blog\/#organization","name":"Made In Zaragoza","url":"http:\/\/madeinzaragoza.es\/blog\/","sameAs":["https:\/\/www.instagram.com\/madeinzaragoza.es\/","https:\/\/www.facebook.com\/madeinzaragoza.es\/","https:\/\/twitter.com\/madeinzaragoza"],"logo":{"@type":"ImageObject","inLanguage":"es","@id":"http:\/\/madeinzaragoza.es\/blog\/#\/schema\/logo\/image\/","url":"https:\/\/madeinzaragoza.es\/blog\/wp-content\/uploads\/2022\/05\/logo.png","contentUrl":"https:\/\/madeinzaragoza.es\/blog\/wp-content\/uploads\/2022\/05\/logo.png","width":193,"height":176,"caption":"Made In Zaragoza"},"image":{"@id":"http:\/\/madeinzaragoza.es\/blog\/#\/schema\/logo\/image\/"}},{"@type":"Person","@id":"http:\/\/madeinzaragoza.es\/blog\/#\/schema\/person\/b4cf98cbc61a51fb48dbdab258a8c523","name":"Enrique Abenia","image":{"@type":"ImageObject","inLanguage":"es","@id":"http:\/\/madeinzaragoza.es\/blog\/#\/schema\/person\/image\/","url":"https:\/\/secure.gravatar.com\/avatar\/a747099e3518ccf440789a57b07dd884?s=96&d=mm&r=g","contentUrl":"https:\/\/secure.gravatar.com\/avatar\/a747099e3518ccf440789a57b07dd884?s=96&d=mm&r=g","caption":"Enrique Abenia"},"description":"Periodista aut\u00f3nomo. Cr\u00edtico de \u2018Heraldo de Arag\u00f3n\u2019, tambi\u00e9n escribe en 'Cineman\u00eda' y en 20bits, donde analiza smartphones.","sameAs":["https:\/\/twitter.com\/Enrique_Abenia"],"url":"https:\/\/madeinzaragoza.es\/blog\/author\/enriqueabenia\/"}]}},"_links":{"self":[{"href":"https:\/\/madeinzaragoza.es\/blog\/wp-json\/wp\/v2\/posts\/41651"}],"collection":[{"href":"https:\/\/madeinzaragoza.es\/blog\/wp-json\/wp\/v2\/posts"}],"about":[{"href":"https:\/\/madeinzaragoza.es\/blog\/wp-json\/wp\/v2\/types\/post"}],"author":[{"embeddable":true,"href":"https:\/\/madeinzaragoza.es\/blog\/wp-json\/wp\/v2\/users\/59"}],"replies":[{"embeddable":true,"href":"https:\/\/madeinzaragoza.es\/blog\/wp-json\/wp\/v2\/comments?post=41651"}],"version-history":[{"count":10,"href":"https:\/\/madeinzaragoza.es\/blog\/wp-json\/wp\/v2\/posts\/41651\/revisions"}],"predecessor-version":[{"id":41686,"href":"https:\/\/madeinzaragoza.es\/blog\/wp-json\/wp\/v2\/posts\/41651\/revisions\/41686"}],"wp:featuredmedia":[{"embeddable":true,"href":"https:\/\/madeinzaragoza.es\/blog\/wp-json\/wp\/v2\/media\/41652"}],"wp:attachment":[{"href":"https:\/\/madeinzaragoza.es\/blog\/wp-json\/wp\/v2\/media?parent=41651"}],"wp:term":[{"taxonomy":"category","embeddable":true,"href":"https:\/\/madeinzaragoza.es\/blog\/wp-json\/wp\/v2\/categories?post=41651"},{"taxonomy":"post_tag","embeddable":true,"href":"https:\/\/madeinzaragoza.es\/blog\/wp-json\/wp\/v2\/tags?post=41651"}],"curies":[{"name":"wp","href":"https:\/\/api.w.org\/{rel}","templated":true}]}}