{"id":41037,"date":"2024-05-06T16:38:04","date_gmt":"2024-05-06T15:38:04","guid":{"rendered":"https:\/\/madeinzaragoza.es\/blog\/?p=41037"},"modified":"2024-05-06T17:06:12","modified_gmt":"2024-05-06T16:06:12","slug":"paula-duran-hair-studio-belleza-en-estado-puro","status":"publish","type":"post","link":"https:\/\/madeinzaragoza.es\/blog\/paula-duran-hair-studio-belleza-en-estado-puro\/","title":{"rendered":"Paula Dur\u00e1n Hair Studio, belleza en estado puro"},"content":{"rendered":"\n<p><\/p>\n\n\n\n<p>\u00bfEst\u00e1s deseando renovar tu imagen? \u00bfConseguir un cabello cuidado, un corte favorecedor, un color brillante, un maquillaje deslumbrante o unas u\u00f1as delicadas? \u00bfBuscas un espacio donde sentirte especial y \u00fanica? \u00bfDeseas ser atendida con un trato exquisito y recibir un asesoramiento personalizado que resalte tu belleza natural? <strong><a href=\"https:\/\/www.instagram.com\/pauladuranhairstudio\/\" target=\"_blank\" rel=\"noreferrer noopener\">Paula Dur\u00e1n Hair Studio<\/a><\/strong> es la respuesta. <\/p>\n\n\n\n<p><a href=\"https:\/\/madeinzaragoza.es\/comercio\/paula-duran\/\">Paula Dur\u00e1n<\/a>, con m\u00e1s de 11 a\u00f1os potenciando tu estilo, ahora se ha propuesto seguir avanzando contigo desde un local m\u00e1s amplio, luminoso y lleno de vida propia.<\/p>\n\n\n\n<p>Especialista en rubios y cortes de \u00faltima tendencia, Paula Dur\u00e1n te espera en Calle Mundir I, 8 (esquina con Echegaray y Caballero), Zaragoza.<\/p>\n\n\n\n<div style=\"height:39px\" aria-hidden=\"true\" class=\"wp-block-spacer\"><\/div>\n\n\n\n<figure class=\"wp-block-image size-large\"><img loading=\"lazy\" decoding=\"async\" width=\"1024\" height=\"766\" src=\"https:\/\/madeinzaragoza.es\/blog\/wp-content\/uploads\/2024\/04\/Paula-Duran-Blogssipgirl-080424-12-1024x766.jpg\" alt=\"\" class=\"wp-image-41039\" srcset=\"https:\/\/madeinzaragoza.es\/blog\/wp-content\/uploads\/2024\/04\/Paula-Duran-Blogssipgirl-080424-12-1024x766.jpg 1024w, https:\/\/madeinzaragoza.es\/blog\/wp-content\/uploads\/2024\/04\/Paula-Duran-Blogssipgirl-080424-12-450x337.jpg 450w, https:\/\/madeinzaragoza.es\/blog\/wp-content\/uploads\/2024\/04\/Paula-Duran-Blogssipgirl-080424-12-768x574.jpg 768w, https:\/\/madeinzaragoza.es\/blog\/wp-content\/uploads\/2024\/04\/Paula-Duran-Blogssipgirl-080424-12-1536x1149.jpg 1536w, https:\/\/madeinzaragoza.es\/blog\/wp-content\/uploads\/2024\/04\/Paula-Duran-Blogssipgirl-080424-12-1200x898.jpg 1200w, https:\/\/madeinzaragoza.es\/blog\/wp-content\/uploads\/2024\/04\/Paula-Duran-Blogssipgirl-080424-12.jpg 2000w\" sizes=\"(max-width: 709px) 85vw, (max-width: 909px) 67vw, (max-width: 1362px) 62vw, 840px\" \/><\/figure>\n\n\n\n<p><\/p>\n\n\n\n<div style=\"height:32px\" aria-hidden=\"true\" class=\"wp-block-spacer\"><\/div>\n\n\n\n<p><\/p>\n\n\n\n<p>Paula Dur\u00e1n es una dulce y bella argentina de 39 a\u00f1os, incansable, so\u00f1adora y muy luchadora. Se confiesa una enamorada de la decoraci\u00f3n, el arte y la poes\u00eda. Creci\u00f3 entre peines y tijeras, y se form\u00f3 en peluquer\u00eda y est\u00e9tica. Hace 21 a\u00f1os que se dedica profesionalmente al mundo de la belleza.<\/p>\n\n\n\n<p><\/p>\n\n\n\n<p><strong>\u00bfCu\u00e1l es la historia de Paula Dur\u00e1n Hair Studio?<\/strong> <\/p>\n\n\n\n<p>La historia de Paula Dur\u00e1n Hair Studio comenz\u00f3 hace 24 a\u00f1os, cuando llegu\u00e9 de Argentina con mi familia, con toda una vida en las maletas y muchos sue\u00f1os por delante. Hace 11 a\u00f1os, cumpl\u00ed mi sue\u00f1o de tener mi propio sal\u00f3n en la Calle San Lorenzo. Adoro mi trabajo y me mantengo en formaci\u00f3n continua, recicl\u00e1ndome con nuevas t\u00e9cnicas y al tanto de las \u00faltimas tendencias. <\/p>\n\n\n\n<div style=\"height:46px\" aria-hidden=\"true\" class=\"wp-block-spacer\"><\/div>\n\n\n\n<figure class=\"wp-block-embed is-type-video is-provider-youtube wp-block-embed-youtube wp-embed-aspect-16-9 wp-has-aspect-ratio\"><div class=\"wp-block-embed__wrapper\">\n<iframe loading=\"lazy\" title=\"Entrevista a Paula Dur\u00e1n 080424\" width=\"840\" height=\"473\" src=\"https:\/\/www.youtube.com\/embed\/6vtBEENEdWo?feature=oembed\" frameborder=\"0\" allow=\"accelerometer; autoplay; clipboard-write; encrypted-media; gyroscope; picture-in-picture; web-share\" referrerpolicy=\"strict-origin-when-cross-origin\" allowfullscreen><\/iframe>\n<\/div><\/figure>\n\n\n\n<p><\/p>\n\n\n\n<div style=\"height:36px\" aria-hidden=\"true\" class=\"wp-block-spacer\"><\/div>\n\n\n\n<p><br><strong>Desde ese inicio en un peque\u00f1o local que fusionaba arte y belleza, has experimentado una gran evoluci\u00f3n, lo que te ha llevado incluso a cambiar de ubicaci\u00f3n. Ahora te encuentras en C\/ Mundir I, 8 (esquina con P.\u00ba Echegaray y Caballero), en un espacio m\u00e1s amplio y luminoso.<\/strong><\/p>\n\n\n\n<p><\/p>\n\n\n\n<p>El cambio ha sido incre\u00edble. En agosto de 2023, finalmente, mi gran sue\u00f1o se hizo realidad: tener mi propio sal\u00f3n, en un lugar con unas vistas privilegiadas al r\u00edo Ebro. Aparte de la maternidad, este ha sido el proyecto m\u00e1s importante de mi vida hasta ahora. Quiero agradecer enormemente a mi compa\u00f1ero de vida, Aitor, con quien formamos un gran equipo. Me siento profundamente agradecida a la vida, porque tanto a nivel personal como profesional, estoy feliz.<\/p>\n\n\n\n<div style=\"height:34px\" aria-hidden=\"true\" class=\"wp-block-spacer\"><\/div>\n\n\n\n<figure class=\"wp-block-gallery has-nested-images columns-default is-cropped wp-block-gallery-1 is-layout-flex wp-block-gallery-is-layout-flex\">\n<figure class=\"wp-block-image size-large\"><img loading=\"lazy\" decoding=\"async\" width=\"1024\" height=\"766\" data-id=\"41042\" src=\"https:\/\/madeinzaragoza.es\/blog\/wp-content\/uploads\/2024\/04\/Paula-Duran-Blogssipgirl-080424-8-1024x766.jpg\" alt=\"\" class=\"wp-image-41042\" srcset=\"https:\/\/madeinzaragoza.es\/blog\/wp-content\/uploads\/2024\/04\/Paula-Duran-Blogssipgirl-080424-8-1024x766.jpg 1024w, https:\/\/madeinzaragoza.es\/blog\/wp-content\/uploads\/2024\/04\/Paula-Duran-Blogssipgirl-080424-8-450x337.jpg 450w, https:\/\/madeinzaragoza.es\/blog\/wp-content\/uploads\/2024\/04\/Paula-Duran-Blogssipgirl-080424-8-768x574.jpg 768w, https:\/\/madeinzaragoza.es\/blog\/wp-content\/uploads\/2024\/04\/Paula-Duran-Blogssipgirl-080424-8-1536x1149.jpg 1536w, https:\/\/madeinzaragoza.es\/blog\/wp-content\/uploads\/2024\/04\/Paula-Duran-Blogssipgirl-080424-8-1200x898.jpg 1200w, https:\/\/madeinzaragoza.es\/blog\/wp-content\/uploads\/2024\/04\/Paula-Duran-Blogssipgirl-080424-8.jpg 2000w\" sizes=\"(max-width: 709px) 85vw, (max-width: 909px) 67vw, (max-width: 1362px) 62vw, 840px\" \/><\/figure>\n\n\n\n<figure class=\"wp-block-image size-large\"><img loading=\"lazy\" decoding=\"async\" width=\"1024\" height=\"766\" data-id=\"41045\" src=\"https:\/\/madeinzaragoza.es\/blog\/wp-content\/uploads\/2024\/04\/Paula-Duran-Blogssipgirl-080424-3-1024x766.jpg\" alt=\"\" class=\"wp-image-41045\" srcset=\"https:\/\/madeinzaragoza.es\/blog\/wp-content\/uploads\/2024\/04\/Paula-Duran-Blogssipgirl-080424-3-1024x766.jpg 1024w, https:\/\/madeinzaragoza.es\/blog\/wp-content\/uploads\/2024\/04\/Paula-Duran-Blogssipgirl-080424-3-450x337.jpg 450w, https:\/\/madeinzaragoza.es\/blog\/wp-content\/uploads\/2024\/04\/Paula-Duran-Blogssipgirl-080424-3-768x574.jpg 768w, https:\/\/madeinzaragoza.es\/blog\/wp-content\/uploads\/2024\/04\/Paula-Duran-Blogssipgirl-080424-3-1536x1149.jpg 1536w, https:\/\/madeinzaragoza.es\/blog\/wp-content\/uploads\/2024\/04\/Paula-Duran-Blogssipgirl-080424-3-1200x898.jpg 1200w, https:\/\/madeinzaragoza.es\/blog\/wp-content\/uploads\/2024\/04\/Paula-Duran-Blogssipgirl-080424-3.jpg 2000w\" sizes=\"(max-width: 709px) 85vw, (max-width: 909px) 67vw, (max-width: 1362px) 62vw, 840px\" \/><\/figure>\n\n\n\n<figure class=\"wp-block-image size-large\"><img loading=\"lazy\" decoding=\"async\" width=\"1024\" height=\"766\" data-id=\"41049\" src=\"https:\/\/madeinzaragoza.es\/blog\/wp-content\/uploads\/2024\/04\/0974e7b6-62e3-4db2-b0e6-1170f19eacef-1024x766.jpg\" alt=\"\" class=\"wp-image-41049\" srcset=\"https:\/\/madeinzaragoza.es\/blog\/wp-content\/uploads\/2024\/04\/0974e7b6-62e3-4db2-b0e6-1170f19eacef-1024x766.jpg 1024w, https:\/\/madeinzaragoza.es\/blog\/wp-content\/uploads\/2024\/04\/0974e7b6-62e3-4db2-b0e6-1170f19eacef-450x337.jpg 450w, https:\/\/madeinzaragoza.es\/blog\/wp-content\/uploads\/2024\/04\/0974e7b6-62e3-4db2-b0e6-1170f19eacef-768x574.jpg 768w, https:\/\/madeinzaragoza.es\/blog\/wp-content\/uploads\/2024\/04\/0974e7b6-62e3-4db2-b0e6-1170f19eacef-1536x1149.jpg 1536w, https:\/\/madeinzaragoza.es\/blog\/wp-content\/uploads\/2024\/04\/0974e7b6-62e3-4db2-b0e6-1170f19eacef-1200x898.jpg 1200w, https:\/\/madeinzaragoza.es\/blog\/wp-content\/uploads\/2024\/04\/0974e7b6-62e3-4db2-b0e6-1170f19eacef.jpg 2000w\" sizes=\"(max-width: 709px) 85vw, (max-width: 909px) 67vw, (max-width: 1362px) 62vw, 840px\" \/><\/figure>\n<\/figure>\n\n\n\n<div style=\"height:37px\" aria-hidden=\"true\" class=\"wp-block-spacer\"><\/div>\n\n\n\n<p><strong>En Paula Dur\u00e1n Hair Studio, ofreces un estudio personalizado de la imagen para ayudar a tus clientas a resaltar su mejor versi\u00f3n. \u00bfQu\u00e9 nos puedes contar sobre este proceso?<\/strong><br><\/p>\n\n\n\n<p>En mi sal\u00f3n, llevamos a cabo un estudio previo basado en la colorimetr\u00eda, los gustos y el estilo de vida de cada clienta. De esta manera, nos aseguramos de sacar el m\u00e1ximo partido a cada persona que nos visita.<\/p>\n\n\n\n<div style=\"height:46px\" aria-hidden=\"true\" class=\"wp-block-spacer\"><\/div>\n\n\n\n<figure class=\"wp-block-gallery has-nested-images columns-default is-cropped wp-block-gallery-2 is-layout-flex wp-block-gallery-is-layout-flex\">\n<figure class=\"wp-block-image size-large\"><img loading=\"lazy\" decoding=\"async\" width=\"1024\" height=\"766\" data-id=\"41041\" src=\"https:\/\/madeinzaragoza.es\/blog\/wp-content\/uploads\/2024\/04\/Paula-Duran-Blogssipgirl-080424-19-1024x766.jpg\" alt=\"\" class=\"wp-image-41041\" srcset=\"https:\/\/madeinzaragoza.es\/blog\/wp-content\/uploads\/2024\/04\/Paula-Duran-Blogssipgirl-080424-19-1024x766.jpg 1024w, https:\/\/madeinzaragoza.es\/blog\/wp-content\/uploads\/2024\/04\/Paula-Duran-Blogssipgirl-080424-19-450x337.jpg 450w, https:\/\/madeinzaragoza.es\/blog\/wp-content\/uploads\/2024\/04\/Paula-Duran-Blogssipgirl-080424-19-768x574.jpg 768w, https:\/\/madeinzaragoza.es\/blog\/wp-content\/uploads\/2024\/04\/Paula-Duran-Blogssipgirl-080424-19-1536x1149.jpg 1536w, https:\/\/madeinzaragoza.es\/blog\/wp-content\/uploads\/2024\/04\/Paula-Duran-Blogssipgirl-080424-19-1200x898.jpg 1200w, https:\/\/madeinzaragoza.es\/blog\/wp-content\/uploads\/2024\/04\/Paula-Duran-Blogssipgirl-080424-19.jpg 2000w\" sizes=\"(max-width: 709px) 85vw, (max-width: 909px) 67vw, (max-width: 1362px) 62vw, 840px\" \/><\/figure>\n\n\n\n<figure class=\"wp-block-image size-large\"><img loading=\"lazy\" decoding=\"async\" width=\"1024\" height=\"766\" data-id=\"41108\" src=\"https:\/\/madeinzaragoza.es\/blog\/wp-content\/uploads\/2024\/04\/Paula-Duran-Blogssipgirl-080424-6-2-1024x766.jpg\" alt=\"\" class=\"wp-image-41108\" srcset=\"https:\/\/madeinzaragoza.es\/blog\/wp-content\/uploads\/2024\/04\/Paula-Duran-Blogssipgirl-080424-6-2-1024x766.jpg 1024w, https:\/\/madeinzaragoza.es\/blog\/wp-content\/uploads\/2024\/04\/Paula-Duran-Blogssipgirl-080424-6-2-450x337.jpg 450w, https:\/\/madeinzaragoza.es\/blog\/wp-content\/uploads\/2024\/04\/Paula-Duran-Blogssipgirl-080424-6-2-768x574.jpg 768w, https:\/\/madeinzaragoza.es\/blog\/wp-content\/uploads\/2024\/04\/Paula-Duran-Blogssipgirl-080424-6-2-1536x1149.jpg 1536w, https:\/\/madeinzaragoza.es\/blog\/wp-content\/uploads\/2024\/04\/Paula-Duran-Blogssipgirl-080424-6-2-1200x898.jpg 1200w, https:\/\/madeinzaragoza.es\/blog\/wp-content\/uploads\/2024\/04\/Paula-Duran-Blogssipgirl-080424-6-2.jpg 2000w\" sizes=\"(max-width: 709px) 85vw, (max-width: 909px) 67vw, (max-width: 1362px) 62vw, 840px\" \/><\/figure>\n<\/figure>\n\n\n\n<div style=\"height:44px\" aria-hidden=\"true\" class=\"wp-block-spacer\"><\/div>\n\n\n\n<p><strong>Eres especialista en tonos rubios y tienes una amplia gama para todos los gustos, \u00bfes ese tu punto fuerte?<\/strong> <\/p>\n\n\n\n<p>En nuestro sal\u00f3n, destacamos especialmente en balayage y contamos con un tratamiento estrella: el Regenerador Celular, que ha enamorado a todas nuestras clientas. Es importante mencionar que trabajamos con marcas como REDKEN, L\u2019OREAL, NAK HAIR y GHD, que ofrecen productos de alta calidad y son veganos, siempre pensando en brindar el mejor cuidado a nuestras clientas.<\/p>\n\n\n\n<p>Recientemente, hemos inaugurado nuestro servicio de manicura y pedicura, y adem\u00e1s organizamos talleres y beauty parties.<\/p>\n\n\n\n<p>Todos nuestros servicios se realizan con cita previa para garantizar la mejor atenci\u00f3n a nuestras clientas.<\/p>\n\n\n\n<div style=\"height:36px\" aria-hidden=\"true\" class=\"wp-block-spacer\"><\/div>\n\n\n\n<div style=\"height:36px\" aria-hidden=\"true\" class=\"wp-block-spacer\"><\/div>\n\n\n\n<figure class=\"wp-block-gallery has-nested-images columns-default is-cropped wp-block-gallery-3 is-layout-flex wp-block-gallery-is-layout-flex\">\n<figure class=\"wp-block-image size-large\"><img loading=\"lazy\" decoding=\"async\" width=\"897\" height=\"1024\" data-id=\"41098\" src=\"https:\/\/madeinzaragoza.es\/blog\/wp-content\/uploads\/2024\/04\/374492387_1032696308120391_5950289852517376949_n-897x1024.jpg\" alt=\"\" class=\"wp-image-41098\" srcset=\"https:\/\/madeinzaragoza.es\/blog\/wp-content\/uploads\/2024\/04\/374492387_1032696308120391_5950289852517376949_n-897x1024.jpg 897w, https:\/\/madeinzaragoza.es\/blog\/wp-content\/uploads\/2024\/04\/374492387_1032696308120391_5950289852517376949_n-394x450.jpg 394w, https:\/\/madeinzaragoza.es\/blog\/wp-content\/uploads\/2024\/04\/374492387_1032696308120391_5950289852517376949_n-768x877.jpg 768w, https:\/\/madeinzaragoza.es\/blog\/wp-content\/uploads\/2024\/04\/374492387_1032696308120391_5950289852517376949_n-1345x1536.jpg 1345w, https:\/\/madeinzaragoza.es\/blog\/wp-content\/uploads\/2024\/04\/374492387_1032696308120391_5950289852517376949_n-1200x1370.jpg 1200w, https:\/\/madeinzaragoza.es\/blog\/wp-content\/uploads\/2024\/04\/374492387_1032696308120391_5950289852517376949_n.jpg 1440w\" sizes=\"(max-width: 709px) 85vw, (max-width: 909px) 67vw, (max-width: 1362px) 62vw, 840px\" \/><\/figure>\n\n\n\n<figure class=\"wp-block-image size-large\"><img loading=\"lazy\" decoding=\"async\" width=\"819\" height=\"1024\" data-id=\"41100\" src=\"https:\/\/madeinzaragoza.es\/blog\/wp-content\/uploads\/2024\/04\/387778883_18392735797026200_7068666726923978033_n-819x1024.jpg\" alt=\"\" class=\"wp-image-41100\" srcset=\"https:\/\/madeinzaragoza.es\/blog\/wp-content\/uploads\/2024\/04\/387778883_18392735797026200_7068666726923978033_n-819x1024.jpg 819w, https:\/\/madeinzaragoza.es\/blog\/wp-content\/uploads\/2024\/04\/387778883_18392735797026200_7068666726923978033_n-360x450.jpg 360w, https:\/\/madeinzaragoza.es\/blog\/wp-content\/uploads\/2024\/04\/387778883_18392735797026200_7068666726923978033_n-768x960.jpg 768w, https:\/\/madeinzaragoza.es\/blog\/wp-content\/uploads\/2024\/04\/387778883_18392735797026200_7068666726923978033_n-1229x1536.jpg 1229w, https:\/\/madeinzaragoza.es\/blog\/wp-content\/uploads\/2024\/04\/387778883_18392735797026200_7068666726923978033_n-1200x1500.jpg 1200w, https:\/\/madeinzaragoza.es\/blog\/wp-content\/uploads\/2024\/04\/387778883_18392735797026200_7068666726923978033_n.jpg 1440w\" sizes=\"(max-width: 709px) 85vw, (max-width: 909px) 67vw, (max-width: 984px) 61vw, (max-width: 1362px) 45vw, 600px\" \/><\/figure>\n\n\n\n<figure class=\"wp-block-image size-large\"><img loading=\"lazy\" decoding=\"async\" width=\"819\" height=\"1024\" data-id=\"41101\" src=\"https:\/\/madeinzaragoza.es\/blog\/wp-content\/uploads\/2024\/04\/395422685_18395609104026200_9198698260421385887_n-819x1024.jpg\" alt=\"\" class=\"wp-image-41101\" srcset=\"https:\/\/madeinzaragoza.es\/blog\/wp-content\/uploads\/2024\/04\/395422685_18395609104026200_9198698260421385887_n-819x1024.jpg 819w, https:\/\/madeinzaragoza.es\/blog\/wp-content\/uploads\/2024\/04\/395422685_18395609104026200_9198698260421385887_n-360x450.jpg 360w, https:\/\/madeinzaragoza.es\/blog\/wp-content\/uploads\/2024\/04\/395422685_18395609104026200_9198698260421385887_n-768x960.jpg 768w, https:\/\/madeinzaragoza.es\/blog\/wp-content\/uploads\/2024\/04\/395422685_18395609104026200_9198698260421385887_n-1229x1536.jpg 1229w, https:\/\/madeinzaragoza.es\/blog\/wp-content\/uploads\/2024\/04\/395422685_18395609104026200_9198698260421385887_n-1200x1500.jpg 1200w, https:\/\/madeinzaragoza.es\/blog\/wp-content\/uploads\/2024\/04\/395422685_18395609104026200_9198698260421385887_n.jpg 1440w\" sizes=\"(max-width: 709px) 85vw, (max-width: 909px) 67vw, (max-width: 984px) 61vw, (max-width: 1362px) 45vw, 600px\" \/><\/figure>\n\n\n\n<figure class=\"wp-block-image size-large\"><img loading=\"lazy\" decoding=\"async\" width=\"819\" height=\"1024\" data-id=\"41099\" src=\"https:\/\/madeinzaragoza.es\/blog\/wp-content\/uploads\/2024\/04\/398612036_18399567754026200_8184476272019725655_n-819x1024.jpg\" alt=\"\" class=\"wp-image-41099\" srcset=\"https:\/\/madeinzaragoza.es\/blog\/wp-content\/uploads\/2024\/04\/398612036_18399567754026200_8184476272019725655_n-819x1024.jpg 819w, https:\/\/madeinzaragoza.es\/blog\/wp-content\/uploads\/2024\/04\/398612036_18399567754026200_8184476272019725655_n-360x450.jpg 360w, https:\/\/madeinzaragoza.es\/blog\/wp-content\/uploads\/2024\/04\/398612036_18399567754026200_8184476272019725655_n-768x960.jpg 768w, https:\/\/madeinzaragoza.es\/blog\/wp-content\/uploads\/2024\/04\/398612036_18399567754026200_8184476272019725655_n-1229x1536.jpg 1229w, https:\/\/madeinzaragoza.es\/blog\/wp-content\/uploads\/2024\/04\/398612036_18399567754026200_8184476272019725655_n-1200x1500.jpg 1200w, https:\/\/madeinzaragoza.es\/blog\/wp-content\/uploads\/2024\/04\/398612036_18399567754026200_8184476272019725655_n.jpg 1440w\" sizes=\"(max-width: 709px) 85vw, (max-width: 909px) 67vw, (max-width: 984px) 61vw, (max-width: 1362px) 45vw, 600px\" \/><\/figure>\n\n\n\n<figure class=\"wp-block-image size-large\"><img loading=\"lazy\" decoding=\"async\" width=\"820\" height=\"1024\" data-id=\"41102\" src=\"https:\/\/madeinzaragoza.es\/blog\/wp-content\/uploads\/2024\/04\/420106580_18413442223026200_8394919197775846701_n-820x1024.jpg\" alt=\"\" class=\"wp-image-41102\" srcset=\"https:\/\/madeinzaragoza.es\/blog\/wp-content\/uploads\/2024\/04\/420106580_18413442223026200_8394919197775846701_n-820x1024.jpg 820w, https:\/\/madeinzaragoza.es\/blog\/wp-content\/uploads\/2024\/04\/420106580_18413442223026200_8394919197775846701_n-360x450.jpg 360w, https:\/\/madeinzaragoza.es\/blog\/wp-content\/uploads\/2024\/04\/420106580_18413442223026200_8394919197775846701_n-768x959.jpg 768w, https:\/\/madeinzaragoza.es\/blog\/wp-content\/uploads\/2024\/04\/420106580_18413442223026200_8394919197775846701_n-1229x1536.jpg 1229w, https:\/\/madeinzaragoza.es\/blog\/wp-content\/uploads\/2024\/04\/420106580_18413442223026200_8394919197775846701_n-1200x1499.jpg 1200w, https:\/\/madeinzaragoza.es\/blog\/wp-content\/uploads\/2024\/04\/420106580_18413442223026200_8394919197775846701_n.jpg 1440w\" sizes=\"(max-width: 709px) 85vw, (max-width: 909px) 67vw, (max-width: 984px) 61vw, (max-width: 1362px) 45vw, 600px\" \/><\/figure>\n\n\n\n<figure class=\"wp-block-image size-large\"><img loading=\"lazy\" decoding=\"async\" width=\"918\" height=\"1024\" data-id=\"41110\" src=\"https:\/\/madeinzaragoza.es\/blog\/wp-content\/uploads\/2024\/04\/419220972_18411470728026200_6063912449704384115_n-918x1024.jpg\" alt=\"\" class=\"wp-image-41110\" srcset=\"https:\/\/madeinzaragoza.es\/blog\/wp-content\/uploads\/2024\/04\/419220972_18411470728026200_6063912449704384115_n-918x1024.jpg 918w, https:\/\/madeinzaragoza.es\/blog\/wp-content\/uploads\/2024\/04\/419220972_18411470728026200_6063912449704384115_n-403x450.jpg 403w, https:\/\/madeinzaragoza.es\/blog\/wp-content\/uploads\/2024\/04\/419220972_18411470728026200_6063912449704384115_n-768x857.jpg 768w, https:\/\/madeinzaragoza.es\/blog\/wp-content\/uploads\/2024\/04\/419220972_18411470728026200_6063912449704384115_n-1376x1536.jpg 1376w, https:\/\/madeinzaragoza.es\/blog\/wp-content\/uploads\/2024\/04\/419220972_18411470728026200_6063912449704384115_n-1200x1339.jpg 1200w, https:\/\/madeinzaragoza.es\/blog\/wp-content\/uploads\/2024\/04\/419220972_18411470728026200_6063912449704384115_n.jpg 1440w\" sizes=\"(max-width: 709px) 85vw, (max-width: 909px) 67vw, (max-width: 1362px) 62vw, 840px\" \/><\/figure>\n<\/figure>\n\n\n\n<p><\/p>\n\n\n\n<figure class=\"wp-block-image size-large\"><img loading=\"lazy\" decoding=\"async\" width=\"1024\" height=\"806\" src=\"https:\/\/madeinzaragoza.es\/blog\/wp-content\/uploads\/2024\/04\/Paula-Duran-Blogssipgirl-080424-7-1024x806.jpg\" alt=\"\" class=\"wp-image-41050\" srcset=\"https:\/\/madeinzaragoza.es\/blog\/wp-content\/uploads\/2024\/04\/Paula-Duran-Blogssipgirl-080424-7-1024x806.jpg 1024w, https:\/\/madeinzaragoza.es\/blog\/wp-content\/uploads\/2024\/04\/Paula-Duran-Blogssipgirl-080424-7-450x354.jpg 450w, https:\/\/madeinzaragoza.es\/blog\/wp-content\/uploads\/2024\/04\/Paula-Duran-Blogssipgirl-080424-7-768x605.jpg 768w, https:\/\/madeinzaragoza.es\/blog\/wp-content\/uploads\/2024\/04\/Paula-Duran-Blogssipgirl-080424-7-1536x1210.jpg 1536w, https:\/\/madeinzaragoza.es\/blog\/wp-content\/uploads\/2024\/04\/Paula-Duran-Blogssipgirl-080424-7-1200x945.jpg 1200w, https:\/\/madeinzaragoza.es\/blog\/wp-content\/uploads\/2024\/04\/Paula-Duran-Blogssipgirl-080424-7.jpg 1878w\" sizes=\"(max-width: 709px) 85vw, (max-width: 909px) 67vw, (max-width: 1362px) 62vw, 840px\" \/><\/figure>\n\n\n\n<div style=\"height:50px\" aria-hidden=\"true\" class=\"wp-block-spacer\"><\/div>\n\n\n\n<p><strong>M\u00e1s informaci\u00f3n:<\/strong> En <strong><a href=\"https:\/\/www.instagram.com\/pauladuranhairstudio\/\">Instagram<\/a><\/strong>, por tel\u00e9fono 637 58 28 45 y en su sal\u00f3n situado en Calle Mundir I, 8 (esquina con Echegaray y Caballero), Zaragoza.<\/p>\n","protected":false},"excerpt":{"rendered":"<p>\u00bfEst\u00e1s deseando renovar tu imagen? \u00bfConseguir un cabello cuidado, un corte favorecedor, un color brillante, un maquillaje deslumbrante o unas u\u00f1as delicadas? \u00bfBuscas un espacio donde sentirte especial y \u00fanica? \u00bfDeseas ser atendida con un trato exquisito y recibir un asesoramiento personalizado que resalte tu belleza natural? Paula Dur\u00e1n Hair Studio es la respuesta. Paula &hellip; <a href=\"https:\/\/madeinzaragoza.es\/blog\/paula-duran-hair-studio-belleza-en-estado-puro\/\" class=\"more-link\">Continuar leyendo<span class=\"screen-reader-text\"> \u00abPaula Dur\u00e1n Hair Studio, belleza en estado puro\u00bb<\/span><\/a><\/p>\n","protected":false},"author":4,"featured_media":41054,"comment_status":"open","ping_status":"open","sticky":false,"template":"","format":"standard","meta":{"footnotes":""},"categories":[6,8,1],"tags":[751,741,2057,740,2218,739,812,2056],"yoast_head":"<!-- This site is optimized with the Yoast SEO plugin v19.7.2 - https:\/\/yoast.com\/wordpress\/plugins\/seo\/ -->\n<title>Paula Dur\u00e1n Hair Studio, belleza en estado puro - Made in Zaragoza<\/title>\n<meta name=\"description\" content=\"Especialista en rubios y cortes de \u00faltima tendencia, Paula Dur\u00e1n Hair Studio te espera en Calle Mundir I, 8 (esquina con Echegaray y Caballero), Zaragoza.\" \/>\n<meta name=\"robots\" content=\"index, follow, max-snippet:-1, max-image-preview:large, max-video-preview:-1\" \/>\n<link rel=\"canonical\" href=\"http:\/\/madeinzaragoza.es\/blog\/paula-duran-hair-studio-belleza-en-estado-puro\/\" \/>\n<meta property=\"og:locale\" content=\"es_ES\" \/>\n<meta property=\"og:type\" content=\"article\" \/>\n<meta property=\"og:title\" content=\"Paula Dur\u00e1n Hair Studio, belleza en estado puro - Made in Zaragoza\" \/>\n<meta property=\"og:description\" content=\"Especialista en rubios y cortes de \u00faltima tendencia, Paula Dur\u00e1n Hair Studio te espera en Calle Mundir I, 8 (esquina con Echegaray y Caballero), Zaragoza.\" \/>\n<meta property=\"og:url\" content=\"http:\/\/madeinzaragoza.es\/blog\/paula-duran-hair-studio-belleza-en-estado-puro\/\" \/>\n<meta property=\"og:site_name\" content=\"Made in Zaragoza\" \/>\n<meta property=\"article:publisher\" content=\"https:\/\/www.facebook.com\/madeinzaragoza.es\/\" \/>\n<meta property=\"article:author\" content=\"blogssipgirl\/197083753685798\" \/>\n<meta property=\"article:published_time\" content=\"2024-05-06T15:38:04+00:00\" \/>\n<meta property=\"article:modified_time\" content=\"2024-05-06T16:06:12+00:00\" \/>\n<meta property=\"og:image\" content=\"http:\/\/madeinzaragoza.es\/blog\/wp-content\/uploads\/2024\/04\/Paula-Duran-Blogssipgirl-080424-13-1.jpg\" \/>\n\t<meta property=\"og:image:width\" content=\"2048\" \/>\n\t<meta property=\"og:image:height\" content=\"1689\" \/>\n\t<meta property=\"og:image:type\" content=\"image\/jpeg\" \/>\n<meta name=\"author\" content=\"Blogssipgirl\" \/>\n<meta name=\"twitter:card\" content=\"summary\" \/>\n<meta name=\"twitter:creator\" content=\"@blogssipgirl1\" \/>\n<meta name=\"twitter:site\" content=\"@madeinzaragoza\" \/>\n<meta name=\"twitter:label1\" content=\"Escrito por\" \/>\n\t<meta name=\"twitter:data1\" content=\"Blogssipgirl\" \/>\n\t<meta name=\"twitter:label2\" content=\"Tiempo de lectura\" \/>\n\t<meta name=\"twitter:data2\" content=\"3 minutos\" \/>\n<script type=\"application\/ld+json\" class=\"yoast-schema-graph\">{\"@context\":\"https:\/\/schema.org\",\"@graph\":[{\"@type\":\"Article\",\"@id\":\"http:\/\/madeinzaragoza.es\/blog\/paula-duran-hair-studio-belleza-en-estado-puro\/#article\",\"isPartOf\":{\"@id\":\"http:\/\/madeinzaragoza.es\/blog\/paula-duran-hair-studio-belleza-en-estado-puro\/\"},\"author\":{\"name\":\"Blogssipgirl\",\"@id\":\"http:\/\/madeinzaragoza.es\/blog\/#\/schema\/person\/b6199e649857e868c4cf0717b007a717\"},\"headline\":\"Paula Dur\u00e1n Hair Studio, belleza en estado puro\",\"datePublished\":\"2024-05-06T15:38:04+00:00\",\"dateModified\":\"2024-05-06T16:06:12+00:00\",\"mainEntityOfPage\":{\"@id\":\"http:\/\/madeinzaragoza.es\/blog\/paula-duran-hair-studio-belleza-en-estado-puro\/\"},\"wordCount\":611,\"commentCount\":0,\"publisher\":{\"@id\":\"http:\/\/madeinzaragoza.es\/blog\/#organization\"},\"keywords\":[\"Casco hist\u00f3rico\",\"Centros de belleza\",\"Establecimientos de belleza\",\"estetica\",\"estilista\",\"paula duran\",\"Pauladuran House of Beauty\",\"Peluquer\u00eda\"],\"articleSection\":[\"Gente\",\"Red MIZ\",\"Tendencias\"],\"inLanguage\":\"es\",\"potentialAction\":[{\"@type\":\"CommentAction\",\"name\":\"Comment\",\"target\":[\"http:\/\/madeinzaragoza.es\/blog\/paula-duran-hair-studio-belleza-en-estado-puro\/#respond\"]}]},{\"@type\":\"WebPage\",\"@id\":\"http:\/\/madeinzaragoza.es\/blog\/paula-duran-hair-studio-belleza-en-estado-puro\/\",\"url\":\"http:\/\/madeinzaragoza.es\/blog\/paula-duran-hair-studio-belleza-en-estado-puro\/\",\"name\":\"Paula Dur\u00e1n Hair Studio, belleza en estado puro - Made in Zaragoza\",\"isPartOf\":{\"@id\":\"http:\/\/madeinzaragoza.es\/blog\/#website\"},\"datePublished\":\"2024-05-06T15:38:04+00:00\",\"dateModified\":\"2024-05-06T16:06:12+00:00\",\"description\":\"Especialista en rubios y cortes de \u00faltima tendencia, Paula Dur\u00e1n Hair Studio te espera en Calle Mundir I, 8 (esquina con Echegaray y Caballero), Zaragoza.\",\"breadcrumb\":{\"@id\":\"http:\/\/madeinzaragoza.es\/blog\/paula-duran-hair-studio-belleza-en-estado-puro\/#breadcrumb\"},\"inLanguage\":\"es\",\"potentialAction\":[{\"@type\":\"ReadAction\",\"target\":[\"http:\/\/madeinzaragoza.es\/blog\/paula-duran-hair-studio-belleza-en-estado-puro\/\"]}]},{\"@type\":\"BreadcrumbList\",\"@id\":\"http:\/\/madeinzaragoza.es\/blog\/paula-duran-hair-studio-belleza-en-estado-puro\/#breadcrumb\",\"itemListElement\":[{\"@type\":\"ListItem\",\"position\":1,\"name\":\"Portada\",\"item\":\"http:\/\/madeinzaragoza.es\/blog\/\"},{\"@type\":\"ListItem\",\"position\":2,\"name\":\"Paula Dur\u00e1n Hair Studio, belleza en estado puro\"}]},{\"@type\":\"WebSite\",\"@id\":\"http:\/\/madeinzaragoza.es\/blog\/#website\",\"url\":\"http:\/\/madeinzaragoza.es\/blog\/\",\"name\":\"Made in Zaragoza\",\"description\":\"Blog de MadeinZGZ, Red de Econom\u00eda Creativa de Zaragoza\",\"publisher\":{\"@id\":\"http:\/\/madeinzaragoza.es\/blog\/#organization\"},\"potentialAction\":[{\"@type\":\"SearchAction\",\"target\":{\"@type\":\"EntryPoint\",\"urlTemplate\":\"http:\/\/madeinzaragoza.es\/blog\/?s={search_term_string}\"},\"query-input\":\"required name=search_term_string\"}],\"inLanguage\":\"es\"},{\"@type\":\"Organization\",\"@id\":\"http:\/\/madeinzaragoza.es\/blog\/#organization\",\"name\":\"Made In Zaragoza\",\"url\":\"http:\/\/madeinzaragoza.es\/blog\/\",\"sameAs\":[\"https:\/\/www.instagram.com\/madeinzaragoza.es\/\",\"https:\/\/www.facebook.com\/madeinzaragoza.es\/\",\"https:\/\/twitter.com\/madeinzaragoza\"],\"logo\":{\"@type\":\"ImageObject\",\"inLanguage\":\"es\",\"@id\":\"http:\/\/madeinzaragoza.es\/blog\/#\/schema\/logo\/image\/\",\"url\":\"https:\/\/madeinzaragoza.es\/blog\/wp-content\/uploads\/2022\/05\/logo.png\",\"contentUrl\":\"https:\/\/madeinzaragoza.es\/blog\/wp-content\/uploads\/2022\/05\/logo.png\",\"width\":193,\"height\":176,\"caption\":\"Made In Zaragoza\"},\"image\":{\"@id\":\"http:\/\/madeinzaragoza.es\/blog\/#\/schema\/logo\/image\/\"}},{\"@type\":\"Person\",\"@id\":\"http:\/\/madeinzaragoza.es\/blog\/#\/schema\/person\/b6199e649857e868c4cf0717b007a717\",\"name\":\"Blogssipgirl\",\"image\":{\"@type\":\"ImageObject\",\"inLanguage\":\"es\",\"@id\":\"http:\/\/madeinzaragoza.es\/blog\/#\/schema\/person\/image\/\",\"url\":\"https:\/\/secure.gravatar.com\/avatar\/6171ea2cd2ec17b189583c580ab912a7?s=96&d=mm&r=g\",\"contentUrl\":\"https:\/\/secure.gravatar.com\/avatar\/6171ea2cd2ec17b189583c580ab912a7?s=96&d=mm&r=g\",\"caption\":\"Blogssipgirl\"},\"description\":\"Organizadora de eventos, editora de blogs y gestora de RRSS. Y como hobby, bloguera: Blogssipgirl es mi alterego... Me gusta moverme por las redes sociales y colaborar en miles de proyectos, no s\u00e9 estar quieta. Me apasiona la moda y el buen gusto, adoro los peque\u00f1os placeres como pasear y disfrutar de mi familia y amigos.\",\"sameAs\":[\"http:\/\/blogssipgirl.blogspot.com\",\"blogssipgirl\/197083753685798\",\"https:\/\/twitter.com\/blogssipgirl1\"],\"url\":\"https:\/\/madeinzaragoza.es\/blog\/author\/blogssipgirl\/\"}]}<\/script>\n<!-- \/ Yoast SEO plugin. -->","yoast_head_json":{"title":"Paula Dur\u00e1n Hair Studio, belleza en estado puro - Made in Zaragoza","description":"Especialista en rubios y cortes de \u00faltima tendencia, Paula Dur\u00e1n Hair Studio te espera en Calle Mundir I, 8 (esquina con Echegaray y Caballero), Zaragoza.","robots":{"index":"index","follow":"follow","max-snippet":"max-snippet:-1","max-image-preview":"max-image-preview:large","max-video-preview":"max-video-preview:-1"},"canonical":"http:\/\/madeinzaragoza.es\/blog\/paula-duran-hair-studio-belleza-en-estado-puro\/","og_locale":"es_ES","og_type":"article","og_title":"Paula Dur\u00e1n Hair Studio, belleza en estado puro - Made in Zaragoza","og_description":"Especialista en rubios y cortes de \u00faltima tendencia, Paula Dur\u00e1n Hair Studio te espera en Calle Mundir I, 8 (esquina con Echegaray y Caballero), Zaragoza.","og_url":"http:\/\/madeinzaragoza.es\/blog\/paula-duran-hair-studio-belleza-en-estado-puro\/","og_site_name":"Made in Zaragoza","article_publisher":"https:\/\/www.facebook.com\/madeinzaragoza.es\/","article_author":"blogssipgirl\/197083753685798","article_published_time":"2024-05-06T15:38:04+00:00","article_modified_time":"2024-05-06T16:06:12+00:00","og_image":[{"width":2048,"height":1689,"url":"http:\/\/madeinzaragoza.es\/blog\/wp-content\/uploads\/2024\/04\/Paula-Duran-Blogssipgirl-080424-13-1.jpg","type":"image\/jpeg"}],"author":"Blogssipgirl","twitter_card":"summary","twitter_creator":"@blogssipgirl1","twitter_site":"@madeinzaragoza","twitter_misc":{"Escrito por":"Blogssipgirl","Tiempo de lectura":"3 minutos"},"schema":{"@context":"https:\/\/schema.org","@graph":[{"@type":"Article","@id":"http:\/\/madeinzaragoza.es\/blog\/paula-duran-hair-studio-belleza-en-estado-puro\/#article","isPartOf":{"@id":"http:\/\/madeinzaragoza.es\/blog\/paula-duran-hair-studio-belleza-en-estado-puro\/"},"author":{"name":"Blogssipgirl","@id":"http:\/\/madeinzaragoza.es\/blog\/#\/schema\/person\/b6199e649857e868c4cf0717b007a717"},"headline":"Paula Dur\u00e1n Hair Studio, belleza en estado puro","datePublished":"2024-05-06T15:38:04+00:00","dateModified":"2024-05-06T16:06:12+00:00","mainEntityOfPage":{"@id":"http:\/\/madeinzaragoza.es\/blog\/paula-duran-hair-studio-belleza-en-estado-puro\/"},"wordCount":611,"commentCount":0,"publisher":{"@id":"http:\/\/madeinzaragoza.es\/blog\/#organization"},"keywords":["Casco hist\u00f3rico","Centros de belleza","Establecimientos de belleza","estetica","estilista","paula duran","Pauladuran House of Beauty","Peluquer\u00eda"],"articleSection":["Gente","Red MIZ","Tendencias"],"inLanguage":"es","potentialAction":[{"@type":"CommentAction","name":"Comment","target":["http:\/\/madeinzaragoza.es\/blog\/paula-duran-hair-studio-belleza-en-estado-puro\/#respond"]}]},{"@type":"WebPage","@id":"http:\/\/madeinzaragoza.es\/blog\/paula-duran-hair-studio-belleza-en-estado-puro\/","url":"http:\/\/madeinzaragoza.es\/blog\/paula-duran-hair-studio-belleza-en-estado-puro\/","name":"Paula Dur\u00e1n Hair Studio, belleza en estado puro - Made in Zaragoza","isPartOf":{"@id":"http:\/\/madeinzaragoza.es\/blog\/#website"},"datePublished":"2024-05-06T15:38:04+00:00","dateModified":"2024-05-06T16:06:12+00:00","description":"Especialista en rubios y cortes de \u00faltima tendencia, Paula Dur\u00e1n Hair Studio te espera en Calle Mundir I, 8 (esquina con Echegaray y Caballero), Zaragoza.","breadcrumb":{"@id":"http:\/\/madeinzaragoza.es\/blog\/paula-duran-hair-studio-belleza-en-estado-puro\/#breadcrumb"},"inLanguage":"es","potentialAction":[{"@type":"ReadAction","target":["http:\/\/madeinzaragoza.es\/blog\/paula-duran-hair-studio-belleza-en-estado-puro\/"]}]},{"@type":"BreadcrumbList","@id":"http:\/\/madeinzaragoza.es\/blog\/paula-duran-hair-studio-belleza-en-estado-puro\/#breadcrumb","itemListElement":[{"@type":"ListItem","position":1,"name":"Portada","item":"http:\/\/madeinzaragoza.es\/blog\/"},{"@type":"ListItem","position":2,"name":"Paula Dur\u00e1n Hair Studio, belleza en estado puro"}]},{"@type":"WebSite","@id":"http:\/\/madeinzaragoza.es\/blog\/#website","url":"http:\/\/madeinzaragoza.es\/blog\/","name":"Made in Zaragoza","description":"Blog de MadeinZGZ, Red de Econom\u00eda Creativa de Zaragoza","publisher":{"@id":"http:\/\/madeinzaragoza.es\/blog\/#organization"},"potentialAction":[{"@type":"SearchAction","target":{"@type":"EntryPoint","urlTemplate":"http:\/\/madeinzaragoza.es\/blog\/?s={search_term_string}"},"query-input":"required name=search_term_string"}],"inLanguage":"es"},{"@type":"Organization","@id":"http:\/\/madeinzaragoza.es\/blog\/#organization","name":"Made In Zaragoza","url":"http:\/\/madeinzaragoza.es\/blog\/","sameAs":["https:\/\/www.instagram.com\/madeinzaragoza.es\/","https:\/\/www.facebook.com\/madeinzaragoza.es\/","https:\/\/twitter.com\/madeinzaragoza"],"logo":{"@type":"ImageObject","inLanguage":"es","@id":"http:\/\/madeinzaragoza.es\/blog\/#\/schema\/logo\/image\/","url":"https:\/\/madeinzaragoza.es\/blog\/wp-content\/uploads\/2022\/05\/logo.png","contentUrl":"https:\/\/madeinzaragoza.es\/blog\/wp-content\/uploads\/2022\/05\/logo.png","width":193,"height":176,"caption":"Made In Zaragoza"},"image":{"@id":"http:\/\/madeinzaragoza.es\/blog\/#\/schema\/logo\/image\/"}},{"@type":"Person","@id":"http:\/\/madeinzaragoza.es\/blog\/#\/schema\/person\/b6199e649857e868c4cf0717b007a717","name":"Blogssipgirl","image":{"@type":"ImageObject","inLanguage":"es","@id":"http:\/\/madeinzaragoza.es\/blog\/#\/schema\/person\/image\/","url":"https:\/\/secure.gravatar.com\/avatar\/6171ea2cd2ec17b189583c580ab912a7?s=96&d=mm&r=g","contentUrl":"https:\/\/secure.gravatar.com\/avatar\/6171ea2cd2ec17b189583c580ab912a7?s=96&d=mm&r=g","caption":"Blogssipgirl"},"description":"Organizadora de eventos, editora de blogs y gestora de RRSS. Y como hobby, bloguera: Blogssipgirl es mi alterego... Me gusta moverme por las redes sociales y colaborar en miles de proyectos, no s\u00e9 estar quieta. Me apasiona la moda y el buen gusto, adoro los peque\u00f1os placeres como pasear y disfrutar de mi familia y amigos.","sameAs":["http:\/\/blogssipgirl.blogspot.com","blogssipgirl\/197083753685798","https:\/\/twitter.com\/blogssipgirl1"],"url":"https:\/\/madeinzaragoza.es\/blog\/author\/blogssipgirl\/"}]}},"_links":{"self":[{"href":"https:\/\/madeinzaragoza.es\/blog\/wp-json\/wp\/v2\/posts\/41037"}],"collection":[{"href":"https:\/\/madeinzaragoza.es\/blog\/wp-json\/wp\/v2\/posts"}],"about":[{"href":"https:\/\/madeinzaragoza.es\/blog\/wp-json\/wp\/v2\/types\/post"}],"author":[{"embeddable":true,"href":"https:\/\/madeinzaragoza.es\/blog\/wp-json\/wp\/v2\/users\/4"}],"replies":[{"embeddable":true,"href":"https:\/\/madeinzaragoza.es\/blog\/wp-json\/wp\/v2\/comments?post=41037"}],"version-history":[{"count":11,"href":"https:\/\/madeinzaragoza.es\/blog\/wp-json\/wp\/v2\/posts\/41037\/revisions"}],"predecessor-version":[{"id":41531,"href":"https:\/\/madeinzaragoza.es\/blog\/wp-json\/wp\/v2\/posts\/41037\/revisions\/41531"}],"wp:featuredmedia":[{"embeddable":true,"href":"https:\/\/madeinzaragoza.es\/blog\/wp-json\/wp\/v2\/media\/41054"}],"wp:attachment":[{"href":"https:\/\/madeinzaragoza.es\/blog\/wp-json\/wp\/v2\/media?parent=41037"}],"wp:term":[{"taxonomy":"category","embeddable":true,"href":"https:\/\/madeinzaragoza.es\/blog\/wp-json\/wp\/v2\/categories?post=41037"},{"taxonomy":"post_tag","embeddable":true,"href":"https:\/\/madeinzaragoza.es\/blog\/wp-json\/wp\/v2\/tags?post=41037"}],"curies":[{"name":"wp","href":"https:\/\/api.w.org\/{rel}","templated":true}]}}