{"id":40955,"date":"2026-03-27T15:12:00","date_gmt":"2026-03-27T14:12:00","guid":{"rendered":"https:\/\/madeinzaragoza.es\/blog\/?p=40955"},"modified":"2026-03-27T16:29:29","modified_gmt":"2026-03-27T15:29:29","slug":"dia-del-teatro-conoce-el-teatro-de-zaragoza-desde-8-puntos-de-vista","status":"publish","type":"post","link":"https:\/\/madeinzaragoza.es\/blog\/dia-del-teatro-conoce-el-teatro-de-zaragoza-desde-8-puntos-de-vista\/","title":{"rendered":"D\u00eda del Teatro: Conoce el teatro de Zaragoza desde 8 puntos de vista"},"content":{"rendered":"\n<p>\u00bfSab\u00edas que hoy, <strong>27 de marzo<\/strong>, es el <strong>D\u00eda del Teatro<\/strong>? Este d\u00eda se cre\u00f3 por el <a href=\"https:\/\/www.iti-worldwide.org\/es\/\">Instituto Internacional del Teatro (ITI)<\/a> en el a\u00f1o 1961. Nace con el <strong>objetivo<\/strong>, de <strong>dar a conocer la importancia de las artes esc\u00e9nicas y el teatro para la cultur<\/strong>a (y para todos) a nivel mundial.<\/p>\n\n\n\n<p>Porque\u2026 \u00bfte imaginas un mundo sin danza, teatro o sin m\u00fasica? El teatro se ha convertido en <strong>punto de encuentro<\/strong> para todo tipo de expresiones art\u00edsticas y el espectador. Un lugar donde los problemas se quedan en la puerta y solo hay que \u201cpreocuparse\u201d de <strong>disfrutar del viaje y del momento presente<\/strong>.<\/p>\n\n\n\n<p>Y qu\u00e9 mejor que celebrar este d\u00eda que junto a <strong>personas y proyectos<\/strong> que se mueven dentro de este <strong>fascinante mundo<\/strong> lleno de creatividad, pasi\u00f3n e ingenio.<\/p>\n\n\n\n<p>Porque s\u00ed, no hay que salir de Zaragoza para disfrutar de una gran variedad art\u00edstica y de la riqueza cultural que nos aporta el teatro.<\/p>\n\n\n\n<h2 class=\"wp-block-heading\"><strong>Ana Continente<\/strong><\/h2>\n\n\n\n<p>Artista <strong>autodidacta, interdisciplinar y creadora nata<\/strong>. Bailarina, core\u00f3grafa, docente y actriz.&nbsp;<\/p>\n\n\n\n<p><strong>Desde peque\u00f1a<\/strong> ha tenido atracci\u00f3n y pasi\u00f3n por la danza, incluso cuando a\u00fan no era consciente de ello. La danza era la \u00fanica manera de poder expresar la excitaci\u00f3n y revoluci\u00f3n emocional que le causaba la m\u00fasica. En el colegio ya escrib\u00eda obras de teatro e inclu\u00eda coreograf\u00edas muy creativas y llenas de pasos ins\u00f3litos.<\/p>\n\n\n\n<p>Su vocaci\u00f3n estaba clara, aunque sin atreverse a expresarlo ante s\u00ed misma o ante sus padres.&nbsp;<\/p>\n\n\n\n<p><strong>Estudi\u00f3<\/strong> en la <strong>Escuela Esarc de Zaragoza<\/strong> y en la <strong>Escuela de Emilia Baylo<\/strong>. Como actriz, comenz\u00f3 con el <strong>Silbo Vulnerado y Santiago Mel\u00e9ndez (Teatro del Alba) <\/strong>para terminar creando su propia <a href=\"https:\/\/anacontinentedanza.com\/compania-de-danza\/\">compa\u00f1\u00eda independiente<\/a> en <strong>2005<\/strong> y <a href=\"https:\/\/anacontinentedanza.com\/escuela\/\">Escuela de Danza<\/a>.<\/p>\n\n\n\n<blockquote class=\"wp-block-quote\">\n<p><em>\u201cLo que consigo vivir es algo \u00fanico e irrepetible, en el escenario todos generamos m\u00e1s verdad que fuera de \u00e9l. Es un trance que me aleja del tiempo y el espacio cotidiano y a la vez me hace sentir m\u00e1s cerca de mi esencia y de m\u00ed misma que ninguna otra experiencia que he vivido\u201d<\/em><\/p>\n<cite>Ana Continente<\/cite><\/blockquote>\n\n\n\n<p>Lo tiene MUY claro, si volviese a nacer, <strong>elegir\u00eda su profesi\u00f3n una vez m\u00e1s<\/strong> sin dudarlo. Para ella el teatro es el <strong>medio de interpretar<\/strong> todo aquello que el cuerpo expresa de una manera instintiva e impulsiva. Una <strong>experiencia psicol\u00f3gica<\/strong> y <strong>v\u00eda de conocimiento<\/strong> muy efectiva y profunda. Para ella, es la <strong>v\u00eda de expresi\u00f3n de la sociedad y el reflejo de la conducta humana<\/strong>.<\/p>\n\n\n\n<p><\/p>\n\n\n\n<figure class=\"wp-block-gallery has-nested-images columns-default is-cropped wp-block-gallery-1 is-layout-flex wp-block-gallery-is-layout-flex\">\n<figure class=\"wp-block-image size-large\"><img loading=\"lazy\" decoding=\"async\" width=\"1024\" height=\"683\" data-id=\"40961\" src=\"https:\/\/madeinzaragoza.es\/blog\/wp-content\/uploads\/2024\/03\/Ana-continente-dia-del-teatro-made-in-zaragoza-1024x683.jpg\" alt=\"\" class=\"wp-image-40961\" srcset=\"https:\/\/madeinzaragoza.es\/blog\/wp-content\/uploads\/2024\/03\/Ana-continente-dia-del-teatro-made-in-zaragoza-1024x683.jpg 1024w, https:\/\/madeinzaragoza.es\/blog\/wp-content\/uploads\/2024\/03\/Ana-continente-dia-del-teatro-made-in-zaragoza-450x300.jpg 450w, https:\/\/madeinzaragoza.es\/blog\/wp-content\/uploads\/2024\/03\/Ana-continente-dia-del-teatro-made-in-zaragoza-768x512.jpg 768w, https:\/\/madeinzaragoza.es\/blog\/wp-content\/uploads\/2024\/03\/Ana-continente-dia-del-teatro-made-in-zaragoza-1536x1024.jpg 1536w, https:\/\/madeinzaragoza.es\/blog\/wp-content\/uploads\/2024\/03\/Ana-continente-dia-del-teatro-made-in-zaragoza-2048x1365.jpg 2048w, https:\/\/madeinzaragoza.es\/blog\/wp-content\/uploads\/2024\/03\/Ana-continente-dia-del-teatro-made-in-zaragoza-1200x800.jpg 1200w\" sizes=\"(max-width: 709px) 85vw, (max-width: 909px) 67vw, (max-width: 1362px) 62vw, 840px\" \/><\/figure>\n\n\n\n<figure class=\"wp-block-image size-large\"><img loading=\"lazy\" decoding=\"async\" width=\"1024\" height=\"683\" data-id=\"40962\" src=\"https:\/\/madeinzaragoza.es\/blog\/wp-content\/uploads\/2024\/03\/Ana-Continente-dia-del-teatro-1024x683.jpg\" alt=\"\" class=\"wp-image-40962\" srcset=\"https:\/\/madeinzaragoza.es\/blog\/wp-content\/uploads\/2024\/03\/Ana-Continente-dia-del-teatro-1024x683.jpg 1024w, https:\/\/madeinzaragoza.es\/blog\/wp-content\/uploads\/2024\/03\/Ana-Continente-dia-del-teatro-450x300.jpg 450w, https:\/\/madeinzaragoza.es\/blog\/wp-content\/uploads\/2024\/03\/Ana-Continente-dia-del-teatro-768x512.jpg 768w, https:\/\/madeinzaragoza.es\/blog\/wp-content\/uploads\/2024\/03\/Ana-Continente-dia-del-teatro-1536x1024.jpg 1536w, https:\/\/madeinzaragoza.es\/blog\/wp-content\/uploads\/2024\/03\/Ana-Continente-dia-del-teatro-2048x1365.jpg 2048w, https:\/\/madeinzaragoza.es\/blog\/wp-content\/uploads\/2024\/03\/Ana-Continente-dia-del-teatro-1200x800.jpg 1200w\" sizes=\"(max-width: 709px) 85vw, (max-width: 909px) 67vw, (max-width: 1362px) 62vw, 840px\" \/><\/figure>\n<\/figure>\n\n\n\n<p><\/p>\n\n\n\n<p>Se muestra muy positiva ya que cree que pasan muchas cosas de manera subterr\u00e1nea. Hay un <strong>sustrato<\/strong> muy nutritivo <strong>con nuevos espacios alternativos<\/strong> (El circo est\u00e1 muy activo, la Danza Contempor\u00e1nea tiene un recorrido m\u00e1s amplio\u2026). Cuenta que, a pesar de que <strong>no hay mucho apoyo econ\u00f3mico<\/strong> para las Compa\u00f1\u00edas independientes, cada vez son m\u00e1s visibles.<\/p>\n\n\n\n<p>Ganas y talento hay. Ella que defiende la Danza Teatro hace tanto tiempo, <strong>grita con propiedad<\/strong>: <strong>\u00a1\u00a1VIVA EL TEATRO<\/strong>!!<\/p>\n\n\n\n<h2 class=\"wp-block-heading\"><strong>J<\/strong>avier Guzm\u00e1n<\/h2>\n\n\n\n<p>Desde los<strong> 15 ya hac\u00eda teatro<\/strong> en una Casa de Juventud, y fue a los <strong>17<\/strong>&nbsp;cuando <strong>comenz\u00f3 sus estudios<\/strong> teatrales en la <a href=\"https:\/\/www.zaragoza.es\/sede\/portal\/ensenanzas-artisticas\/emmd\/\">Escuela Municipal de Zaragoza<\/a>. Aqu\u00ed encontr\u00f3 buenos amigos con los que empez\u00f3 a crear sus propias obras.&nbsp;<\/p>\n\n\n\n<p>En el <strong>2021<\/strong> form\u00f3 la <strong>escuela de teatro<\/strong> <a href=\"https:\/\/laballena.es\/\">La Ballena<\/a>, lo que es su principal ocupaci\u00f3n actualmente. Aunque ha tenido que<strong> intercalarlo con alg\u00fan trabajo fuera<\/strong> de este mundillo, ya que no es nada f\u00e1cil poder vivir del teatro.&nbsp;<\/p>\n\n\n\n<blockquote class=\"wp-block-quote\">\n<p><em>\u201cEl teatro es mi vida. Es lo que me apasiona, me encanta seguir form\u00e1ndome, leer sobre teatro, estudiar y sobre todo ver nuevas obras. Hay gente haciendo unos trabajos incre\u00edbles.\u201d<\/em><\/p>\n<cite>Javier Guzm\u00e1n<\/cite><\/blockquote>\n\n\n\n<p>Remarca que en cuanto a <strong>creadores<\/strong> hay un <strong>panorama muy<\/strong> interesante en Zaragoza. Gente haciendo <strong>cosas propias sin<\/strong> pr\u00e1cticamente <strong>medios<\/strong>, de <strong>manera sincera<\/strong> y que <strong>dejan una huella<\/strong> que merece respeto. Aunque siempre existen las obras creadas por y para obtener financiaci\u00f3n que carecen de cualquier inter\u00e9s, ni para quienes las hace.&nbsp;<\/p>\n\n\n\n<p><\/p>\n\n\n\n<figure class=\"wp-block-gallery has-nested-images columns-default is-cropped wp-block-gallery-2 is-layout-flex wp-block-gallery-is-layout-flex\">\n<figure class=\"wp-block-image size-large\"><img loading=\"lazy\" decoding=\"async\" width=\"1024\" height=\"683\" data-id=\"40965\" src=\"https:\/\/madeinzaragoza.es\/blog\/wp-content\/uploads\/2024\/03\/Javier-Guzman-2-1024x683.jpg\" alt=\"\" class=\"wp-image-40965\" srcset=\"https:\/\/madeinzaragoza.es\/blog\/wp-content\/uploads\/2024\/03\/Javier-Guzman-2-1024x683.jpg 1024w, https:\/\/madeinzaragoza.es\/blog\/wp-content\/uploads\/2024\/03\/Javier-Guzman-2-450x300.jpg 450w, https:\/\/madeinzaragoza.es\/blog\/wp-content\/uploads\/2024\/03\/Javier-Guzman-2-768x512.jpg 768w, https:\/\/madeinzaragoza.es\/blog\/wp-content\/uploads\/2024\/03\/Javier-Guzman-2-1536x1024.jpg 1536w, https:\/\/madeinzaragoza.es\/blog\/wp-content\/uploads\/2024\/03\/Javier-Guzman-2-2048x1365.jpg 2048w, https:\/\/madeinzaragoza.es\/blog\/wp-content\/uploads\/2024\/03\/Javier-Guzman-2-1200x800.jpg 1200w\" sizes=\"(max-width: 709px) 85vw, (max-width: 909px) 67vw, (max-width: 1362px) 62vw, 840px\" \/><\/figure>\n\n\n\n<figure class=\"wp-block-image size-large\"><img loading=\"lazy\" decoding=\"async\" width=\"1024\" height=\"683\" data-id=\"40964\" src=\"https:\/\/madeinzaragoza.es\/blog\/wp-content\/uploads\/2024\/03\/Javier-Guzman-1-1024x683.jpg\" alt=\"\" class=\"wp-image-40964\" srcset=\"https:\/\/madeinzaragoza.es\/blog\/wp-content\/uploads\/2024\/03\/Javier-Guzman-1-1024x683.jpg 1024w, https:\/\/madeinzaragoza.es\/blog\/wp-content\/uploads\/2024\/03\/Javier-Guzman-1-450x300.jpg 450w, https:\/\/madeinzaragoza.es\/blog\/wp-content\/uploads\/2024\/03\/Javier-Guzman-1-768x512.jpg 768w, https:\/\/madeinzaragoza.es\/blog\/wp-content\/uploads\/2024\/03\/Javier-Guzman-1-1536x1024.jpg 1536w, https:\/\/madeinzaragoza.es\/blog\/wp-content\/uploads\/2024\/03\/Javier-Guzman-1-2048x1365.jpg 2048w, https:\/\/madeinzaragoza.es\/blog\/wp-content\/uploads\/2024\/03\/Javier-Guzman-1-1200x800.jpg 1200w\" sizes=\"(max-width: 709px) 85vw, (max-width: 909px) 67vw, (max-width: 1362px) 62vw, 840px\" \/><\/figure>\n<\/figure>\n\n\n\n<p><\/p>\n\n\n\n<p>A su vez, piensa que la <strong>programaci\u00f3n p\u00fablica<\/strong> <strong>deja mucho que desear<\/strong>. Comenta que ahora si quieres ver las mejores obras te tienes que ir a Logro\u00f1o, Valencia, Madrid o Barcelona, o rezar para que alguno de los teatros privados traigan algo interesante y puedas asistir.<\/p>\n\n\n\n<p>Tambi\u00e9n pod\u00e9is encontrara a Javier dentro del <strong>proyecto creativo MIZ<\/strong> la<a href=\"https:\/\/madeinzaragoza.es\/comercio\/canasta-escenica\/\"> Canasta Esc\u00e9nica.<\/a><\/p>\n\n\n\n<p><\/p>\n\n\n\n<h2 class=\"wp-block-heading\"><strong>Leyre \u00c1vila<\/strong><\/h2>\n\n\n\n<p><strong><a href=\"https:\/\/www.instagram.com\/leyrevilasainzdemurieta\/\">Bailarina y performance<\/a><\/strong>. Se forma desde muy joven dentro del \u00e1mbito de la<strong> danza cl\u00e1sica<\/strong> y <strong>contempor\u00e1nea<\/strong> en Zaragoza.<\/p>\n\n\n\n<p>Pero no es hasta mucho m\u00e1s tarde que el teatro llega a su vida gracias a la las<strong> Clases de Danza Teatro<\/strong> de <strong>Ana Continente<\/strong>. Lo que le permiti\u00f3, formar parte de los <strong>espect\u00e1culos de su compa\u00f1\u00eda<\/strong>.<\/p>\n\n\n\n<p>A partir de ah\u00ed, decidi\u00f3 salir de su ciudad natal para <strong>seguir form\u00e1ndose<\/strong> a lo largo de <strong>Espa\u00f1a, Portugal, Bruselas e Italia<\/strong> para continuar en su incansable b\u00fasqueda de la <strong>combinaci\u00f3n perfecta<\/strong> de ambas disciplinas.<\/p>\n\n\n\n<p><\/p>\n\n\n\n<figure class=\"wp-block-gallery has-nested-images columns-default is-cropped wp-block-gallery-3 is-layout-flex wp-block-gallery-is-layout-flex\">\n<figure class=\"wp-block-image size-full\"><img loading=\"lazy\" decoding=\"async\" width=\"900\" height=\"756\" data-id=\"40968\" src=\"https:\/\/madeinzaragoza.es\/blog\/wp-content\/uploads\/2024\/03\/leyre-dia-del-teatro-zaragoza-2.jpg\" alt=\"\" class=\"wp-image-40968\" srcset=\"https:\/\/madeinzaragoza.es\/blog\/wp-content\/uploads\/2024\/03\/leyre-dia-del-teatro-zaragoza-2.jpg 900w, https:\/\/madeinzaragoza.es\/blog\/wp-content\/uploads\/2024\/03\/leyre-dia-del-teatro-zaragoza-2-450x378.jpg 450w, https:\/\/madeinzaragoza.es\/blog\/wp-content\/uploads\/2024\/03\/leyre-dia-del-teatro-zaragoza-2-768x645.jpg 768w\" sizes=\"(max-width: 709px) 85vw, (max-width: 909px) 67vw, (max-width: 1362px) 62vw, 840px\" \/><\/figure>\n<\/figure>\n\n\n\n<p><\/p>\n\n\n\n<p>Recientemente ha participado en la \u00faltima<strong> creaci\u00f3n del proyecto de \u201cA Choven compa\u00f1\u00eda\u201d<\/strong> del <a href=\"https:\/\/teatrodeltemple.com\/\">Teatro del Temple.<\/a> Adem\u00e1s, acaba de estrenar el proyecto de <strong>creaci\u00f3n propia<\/strong>, <a href=\"https:\/\/www.instagram.com\/p\/C2pcZSDIzGF\/\">\u00abConductas P\u00fablico\/privadas\u00bb<\/a>, en teatros de Madrid y Bilbao. Esperamos que pronto tengamos el placer de \u201cverle jugar en casa\u201d.<\/p>\n\n\n\n<p>Aunque en ocasiones <strong>tiene que compaginar su carrera art\u00edstica con otras actividades<\/strong> laborales que le den estabilidad por la <strong>situaci\u00f3n voluble<\/strong> y dependiente del teatro respecto a la coyuntura socio-pol\u00edtica, cree que <strong>Zaragoza<\/strong> es una ciudad <strong>llena de buenos maestros<\/strong>, de <strong>gente con talento<\/strong> y donde no faltan las ganas de trabajar y producir encuentros para y con el p\u00fablico.<\/p>\n\n\n\n<blockquote class=\"wp-block-quote\">\n<p><em>\u201cPara m\u00ed, es una puerta a los pensamientos y experiencias de otras personas que me permiten entender el mundo desde diferentes perspectivas. A su vez, encima del escenario me puedo expresar de una manera m\u00e1s amplia. Es&nbsp; una sensaci\u00f3n de plenitud el poder compartir y trasmitir de forma distinta&nbsp; a la que lo hacemos en el d\u00eda a d\u00eda.\u201d<\/em><\/p>\n<cite>Leyre \u00c1vila<\/cite><\/blockquote>\n\n\n\n<h2 class=\"wp-block-heading\"><strong>J<\/strong>avier Aranda<\/h2>\n\n\n\n<p>No son otras que un <strong>c\u00famulo de casualidades<\/strong>, las que llevan a Javier a hacer del teatro su actividad profesional. Pas\u00f3 por diferentes trabajos como camarero, alba\u00f1il, pastelero&#8230; Hasta que alguien le descubri\u00f3 la <strong>Escuela de Teatro de Zaragoza<\/strong>.<\/p>\n\n\n\n<p>Desde entonces, compagina su trabajo como <strong>actor de teatro y titiritero<\/strong> con la <strong>interpretaci\u00f3n para producciones audiovisuales y cinematogr\u00e1ficas.&nbsp;<\/strong><\/p>\n\n\n\n<p><\/p>\n\n\n\n<figure class=\"wp-block-gallery has-nested-images columns-default is-cropped wp-block-gallery-4 is-layout-flex wp-block-gallery-is-layout-flex\">\n<figure class=\"wp-block-image size-large\"><img loading=\"lazy\" decoding=\"async\" width=\"1024\" height=\"575\" data-id=\"40972\" src=\"https:\/\/madeinzaragoza.es\/blog\/wp-content\/uploads\/2024\/03\/Javier-Aranda-otras-1-1024x575.jpg\" alt=\"\" class=\"wp-image-40972\" srcset=\"https:\/\/madeinzaragoza.es\/blog\/wp-content\/uploads\/2024\/03\/Javier-Aranda-otras-1-1024x575.jpg 1024w, https:\/\/madeinzaragoza.es\/blog\/wp-content\/uploads\/2024\/03\/Javier-Aranda-otras-1-450x253.jpg 450w, https:\/\/madeinzaragoza.es\/blog\/wp-content\/uploads\/2024\/03\/Javier-Aranda-otras-1-768x431.jpg 768w, https:\/\/madeinzaragoza.es\/blog\/wp-content\/uploads\/2024\/03\/Javier-Aranda-otras-1-1536x863.jpg 1536w, https:\/\/madeinzaragoza.es\/blog\/wp-content\/uploads\/2024\/03\/Javier-Aranda-otras-1-2048x1150.jpg 2048w, https:\/\/madeinzaragoza.es\/blog\/wp-content\/uploads\/2024\/03\/Javier-Aranda-otras-1-1200x674.jpg 1200w\" sizes=\"(max-width: 709px) 85vw, (max-width: 909px) 67vw, (max-width: 1362px) 62vw, 840px\" \/><\/figure>\n\n\n\n<figure class=\"wp-block-image size-large\"><img loading=\"lazy\" decoding=\"async\" width=\"1024\" height=\"732\" data-id=\"40971\" src=\"https:\/\/madeinzaragoza.es\/blog\/wp-content\/uploads\/2024\/03\/Javier-Aranda-1-1024x732.jpg\" alt=\"\" class=\"wp-image-40971\" srcset=\"https:\/\/madeinzaragoza.es\/blog\/wp-content\/uploads\/2024\/03\/Javier-Aranda-1-1024x732.jpg 1024w, https:\/\/madeinzaragoza.es\/blog\/wp-content\/uploads\/2024\/03\/Javier-Aranda-1-450x322.jpg 450w, https:\/\/madeinzaragoza.es\/blog\/wp-content\/uploads\/2024\/03\/Javier-Aranda-1-768x549.jpg 768w, https:\/\/madeinzaragoza.es\/blog\/wp-content\/uploads\/2024\/03\/Javier-Aranda-1-1536x1098.jpg 1536w, https:\/\/madeinzaragoza.es\/blog\/wp-content\/uploads\/2024\/03\/Javier-Aranda-1-1200x858.jpg 1200w, https:\/\/madeinzaragoza.es\/blog\/wp-content\/uploads\/2024\/03\/Javier-Aranda-1.jpg 1600w\" sizes=\"(max-width: 709px) 85vw, (max-width: 909px) 67vw, (max-width: 1362px) 62vw, 840px\" \/><\/figure>\n<\/figure>\n\n\n\n<p><\/p>\n\n\n\n<p>En 2015 cre\u00f3 su propia compa\u00f1\u00eda, con la que ha producido dos obras: \u201cVIDA\u201d y \u201cPARIAS\u201d. Adem\u00e1s de esto, desde 2021 trabaj\u00f3 como director art\u00edstico en <a href=\"https:\/\/madeinzaragoza.es\/comercio\/canasta-escenica\/\">Canasta Esc\u00e9nica<\/a>, una iniciativa para promover la creaci\u00f3n esc\u00e9nica en Zaragoza, junto a <strong>Javier Guzm\u00e1n y Diana Jim\u00e9nez<\/strong>.<\/p>\n\n\n\n<blockquote class=\"wp-block-quote\">\n<p><em>\u201cEn realidad, el teatro me permite hacer lo que m\u00e1s me gusta en el mundo que es jugar, como un ni\u00f1o. Sin embargo, tambi\u00e9n es una responsabilidad, es un juego en el que se adquiere un compromiso profundo, con el p\u00fablico y con la vida.\u201d<\/em><\/p>\n<cite>Javier Aranda<\/cite><\/blockquote>\n\n\n\n<p><\/p>\n\n\n\n<p>Comenta que hay <strong>mucho por hacer en este sector<\/strong> y que es necesario que haya una <strong>pol\u00edtica cultural <\/strong>con <strong>objetivos a largo plazo<\/strong> que no dependa de los cambios pol\u00edticos. Adem\u00e1s, se debe valorar la <strong>capacidad<\/strong> de la cultura para <strong>generar empleo y desarrollo econ\u00f3mico<\/strong> sostenible. Sin olvidarnos de que<strong> en Zaragoza <\/strong>existen <strong>compa\u00f1\u00edas<\/strong> que est\u00e1n<strong> trabajando<\/strong> a <strong>unos niveles de calidad art\u00edstica muy altos<\/strong> y que se mantienen en activo, <strong>adapt\u00e1ndose<\/strong> a un <strong>contexto incierto y variable<\/strong>, algo que \u00e9l valora much\u00edsimo.<\/p>\n\n\n\n<h2 class=\"wp-block-heading\"><strong>Ana Cotor\u00e9<\/strong><\/h2>\n\n\n\n<p><strong><a href=\"https:\/\/anacotore.wixsite.com\/danza\">Bailarina, int\u00e9rprete, creadora y pedagoga<\/a> nacida en Zaragoza<\/strong>. Sus inicios son dentro de la gimnasia r\u00edtmica de competici\u00f3n, el ballet cl\u00e1sico y la danza contempor\u00e1nea, en la que actualmente centra su actividad.<\/p>\n\n\n\n<p>A la hora de dedicarse a la danza de forma profesional <strong>encontr\u00f3 muchas trabas<\/strong> (Econ\u00f3micas, falta de apoyo, \u201ceres muy mayor para hacer ballet\u201d&#8230;) y en un primer momento opt\u00f3 por una profesi\u00f3n estable, pero siempre sinti\u00f3 que le faltaba algo\u2026 As\u00ed que <strong>retom\u00f3 la danza<\/strong> y empez\u00f3 a crear sus propias piezas y a trabajar en una compa\u00f1\u00eda de teatro hasta que, en <strong>2020<\/strong>, despu\u00e9s del confinamiento, <strong>dio el salto definitivo <\/strong>(y sin red) y dej\u00f3 su trabajo estable para dedicarse 100% a lo que realmente era importante para ella.<\/p>\n\n\n\n<figure class=\"wp-block-gallery has-nested-images columns-default is-cropped wp-block-gallery-5 is-layout-flex wp-block-gallery-is-layout-flex\">\n<figure class=\"wp-block-image size-large\"><img loading=\"lazy\" decoding=\"async\" width=\"1024\" height=\"683\" data-id=\"40975\" src=\"https:\/\/madeinzaragoza.es\/blog\/wp-content\/uploads\/2024\/03\/Ana_Cotore_Stage_Diving_Autor_foto_Aureo_Gomez-1024x683.jpg\" alt=\"\" class=\"wp-image-40975\" srcset=\"https:\/\/madeinzaragoza.es\/blog\/wp-content\/uploads\/2024\/03\/Ana_Cotore_Stage_Diving_Autor_foto_Aureo_Gomez-1024x683.jpg 1024w, https:\/\/madeinzaragoza.es\/blog\/wp-content\/uploads\/2024\/03\/Ana_Cotore_Stage_Diving_Autor_foto_Aureo_Gomez-450x300.jpg 450w, https:\/\/madeinzaragoza.es\/blog\/wp-content\/uploads\/2024\/03\/Ana_Cotore_Stage_Diving_Autor_foto_Aureo_Gomez-768x512.jpg 768w, https:\/\/madeinzaragoza.es\/blog\/wp-content\/uploads\/2024\/03\/Ana_Cotore_Stage_Diving_Autor_foto_Aureo_Gomez-1536x1024.jpg 1536w, https:\/\/madeinzaragoza.es\/blog\/wp-content\/uploads\/2024\/03\/Ana_Cotore_Stage_Diving_Autor_foto_Aureo_Gomez-2048x1365.jpg 2048w, https:\/\/madeinzaragoza.es\/blog\/wp-content\/uploads\/2024\/03\/Ana_Cotore_Stage_Diving_Autor_foto_Aureo_Gomez-1200x800.jpg 1200w\" sizes=\"(max-width: 709px) 85vw, (max-width: 909px) 67vw, (max-width: 1362px) 62vw, 840px\" \/><\/figure>\n\n\n\n<figure class=\"wp-block-image size-large\"><img loading=\"lazy\" decoding=\"async\" width=\"1024\" height=\"683\" data-id=\"40974\" src=\"https:\/\/madeinzaragoza.es\/blog\/wp-content\/uploads\/2024\/03\/Ana_Cotore_Stage_Diving_Autor_foto_Alberto_Rodrigalvarez-1024x683.jpg\" alt=\"\" class=\"wp-image-40974\" srcset=\"https:\/\/madeinzaragoza.es\/blog\/wp-content\/uploads\/2024\/03\/Ana_Cotore_Stage_Diving_Autor_foto_Alberto_Rodrigalvarez-1024x683.jpg 1024w, https:\/\/madeinzaragoza.es\/blog\/wp-content\/uploads\/2024\/03\/Ana_Cotore_Stage_Diving_Autor_foto_Alberto_Rodrigalvarez-450x300.jpg 450w, https:\/\/madeinzaragoza.es\/blog\/wp-content\/uploads\/2024\/03\/Ana_Cotore_Stage_Diving_Autor_foto_Alberto_Rodrigalvarez-768x512.jpg 768w, https:\/\/madeinzaragoza.es\/blog\/wp-content\/uploads\/2024\/03\/Ana_Cotore_Stage_Diving_Autor_foto_Alberto_Rodrigalvarez-1536x1024.jpg 1536w, https:\/\/madeinzaragoza.es\/blog\/wp-content\/uploads\/2024\/03\/Ana_Cotore_Stage_Diving_Autor_foto_Alberto_Rodrigalvarez-2048x1365.jpg 2048w, https:\/\/madeinzaragoza.es\/blog\/wp-content\/uploads\/2024\/03\/Ana_Cotore_Stage_Diving_Autor_foto_Alberto_Rodrigalvarez-1200x800.jpg 1200w\" sizes=\"(max-width: 709px) 85vw, (max-width: 909px) 67vw, (max-width: 1362px) 62vw, 840px\" \/><\/figure>\n<\/figure>\n\n\n\n<p>A pesar de haber un gran potencial dentro de nuestra ciudad, <a href=\"https:\/\/www.instagram.com\/cotore_ana\/\">Ana<\/a> <strong>demanda m\u00e1s apoyo y financiaci\u00f3n<\/strong> para impulsar este talento, las residencias de creaci\u00f3n en condiciones, sinergias art\u00edsticas\u2026 No entiende como <strong>comunidades m\u00e1s peque\u00f1as se asocian<\/strong>, hacen intercambios con otras comunidades vecinas, mientras que <strong>en Zaragoza<\/strong>, las pocas <strong>iniciativas<\/strong> que se mantienen lo hacen <strong>con mucho esfuerzo<\/strong> y con el temor de desaparecer por recortes culturales tristemente asumidos.<\/p>\n\n\n\n<blockquote class=\"wp-block-quote\">\n<p><em>\u201cCuando estoy encima de un escenario siento como mi verdadero yo se expresa, como si mi cuerpo se separase de m\u00ed, como en un viaje astral. Tambi\u00e9n me conmueve sentir al p\u00fablico, que no estoy sola y que les hago parte de algo que de otra manera no s\u00e9 compartir\u201d<\/em><\/p>\n<cite>Ana Cotor\u00e9<\/cite><\/blockquote>\n\n\n\n<p><strong>Actualmente<\/strong>, trabaja en Madrid con <strong>Marina Otero en la obra \u201cKill me\u201d,<\/strong> que ser\u00e1 <strong>estrenada <\/strong>primero en <strong>Francia <\/strong>y despu\u00e9s en <strong>Teatros del Canal (Madrid) en junio<\/strong> de 2024.<\/p>\n\n\n\n<p><\/p>\n\n\n\n<h2 class=\"wp-block-heading\"><strong>Fran Mart\u00ednez<\/strong><\/h2>\n\n\n\n<p><strong>Coincide<\/strong> en <strong>La Escuela de Teatro de Zaragoza<\/strong> con<strong> Javier Guzm\u00e1n<\/strong> y junto a diferentes amigos del sector, <strong>comienza<\/strong> su carrera actuando en <strong>diferentes salas de la ciudad<\/strong> (El Zorro, V\u00eda L\u00e1ctea\u2026) hasta que crea <a href=\"https:\/\/teatrobicho.com\/\">Teatro Bicho.<\/a><\/p>\n\n\n\n<p>Un espacio que nace con el <strong>objetivo<\/strong> de <strong>crear comunidad, sinergias, residencias art\u00edsticas<\/strong> (Actualmente <a href=\"https:\/\/teatrobicho.com\/blog\/\">The Enjambre<\/a> como compa\u00f1\u00eda residente)\u2026 En definitiva, un lugar en que el teatro y la improvisaci\u00f3n no encuentren l\u00edmites.<\/p>\n\n\n\n<p><strong>Siempre ha hecho teatro<\/strong> de joven, pero en un primer momento, opt\u00f3 por la <strong>interpretaci\u00f3n y el cine<\/strong>. Hasta que conect\u00f3 de verdad con el teatro y descubri\u00f3 las <strong>sensaciones que despierta \u201cel directo\u201d<\/strong>.<\/p>\n\n\n\n<p><\/p>\n\n\n\n<figure class=\"wp-block-image size-large\"><img loading=\"lazy\" decoding=\"async\" width=\"1024\" height=\"576\" src=\"https:\/\/madeinzaragoza.es\/blog\/wp-content\/uploads\/2024\/03\/fran-teatro-bicho-dia-del-teatro-miz-1024x576.jpeg\" alt=\"\" class=\"wp-image-40977\" srcset=\"https:\/\/madeinzaragoza.es\/blog\/wp-content\/uploads\/2024\/03\/fran-teatro-bicho-dia-del-teatro-miz-1024x576.jpeg 1024w, https:\/\/madeinzaragoza.es\/blog\/wp-content\/uploads\/2024\/03\/fran-teatro-bicho-dia-del-teatro-miz-450x253.jpeg 450w, https:\/\/madeinzaragoza.es\/blog\/wp-content\/uploads\/2024\/03\/fran-teatro-bicho-dia-del-teatro-miz-768x432.jpeg 768w, https:\/\/madeinzaragoza.es\/blog\/wp-content\/uploads\/2024\/03\/fran-teatro-bicho-dia-del-teatro-miz-1536x864.jpeg 1536w, https:\/\/madeinzaragoza.es\/blog\/wp-content\/uploads\/2024\/03\/fran-teatro-bicho-dia-del-teatro-miz-1200x675.jpeg 1200w, https:\/\/madeinzaragoza.es\/blog\/wp-content\/uploads\/2024\/03\/fran-teatro-bicho-dia-del-teatro-miz.jpeg 1920w\" sizes=\"(max-width: 709px) 85vw, (max-width: 909px) 67vw, (max-width: 1362px) 62vw, 840px\" \/><\/figure>\n\n\n\n<p><\/p>\n\n\n\n<p>Echa en falta la <strong>disponibilidad de m\u00e1s espacios<\/strong> para realizar teatro. Aunque cada vez hay m\u00e1s espacios alternativos, <strong>la disponibilidad de los municipales no aumenta<\/strong>. Muchos proyectos deben irse fuera de la ciudad, por falta de apoyo (incluso entre compa\u00f1eros de profesi\u00f3n) y lo <strong>dif\u00edcil <\/strong>que se hace la <strong>comunicaci\u00f3n <\/strong>para llegar al p\u00fablico final.<\/p>\n\n\n\n<p><strong>El boca a boca<\/strong> sigue siendo <strong>la mejor herramienta<\/strong> contra este problema, <strong>pero no es suficiente<\/strong>.<\/p>\n\n\n\n<blockquote class=\"wp-block-quote\">\n<p><em>\u201cMis sentimientos cambian un poco dependiendo de la obra o si se trata de una improvisaci\u00f3n, pero siempre tengo ganas de actuar. Me encanta disfrutar de la sensaci\u00f3n de estar encima de un escenario, es incre\u00edble.\u201d<\/em><\/p>\n<cite>Fran Mart\u00ednez<\/cite><\/blockquote>\n\n\n\n<p><\/p>\n\n\n\n<p><\/p>\n\n\n\n<h2 class=\"wp-block-heading\"><strong>D<\/strong>iana Jim\u00e9nez<\/h2>\n\n\n\n<p>Aunque Diana estudi\u00f3 <strong>Historia del Arte y Gesti\u00f3n Cultural en la Universidad de Zaragoza<\/strong>, en 2018, <strong>cruz\u00f3 su camino<\/strong> con algunos <strong>proyectos esc\u00e9nicos<\/strong> que ten\u00edan una <strong>necesidad<\/strong> de apoyo en las <strong>gestiones de oficina.<\/strong><\/p>\n\n\n\n<p>Poco a poco, se ha especializado en este \u00e1mbito profesional, en el que <strong>trabaja<\/strong> como <strong>mediadora<\/strong> entre el mundo de la <strong>creaci\u00f3n art\u00edstica y el de la gesti\u00f3n administrativa<\/strong>.<\/p>\n\n\n\n<p>Su punto de inflexi\u00f3n fue cuando se le present\u00f3 la oportunidad de formar parte del equipo de Canasta Esc\u00e9nica. Ella vive otra perspectiva de este mundo, pero considera que la vida del artista, conlleva una gran carga de trabajo y una enorme implicaci\u00f3n emocional.<\/p>\n\n\n\n<p><\/p>\n\n\n\n<figure class=\"wp-block-image size-large\"><img loading=\"lazy\" decoding=\"async\" width=\"1024\" height=\"635\" src=\"https:\/\/madeinzaragoza.es\/blog\/wp-content\/uploads\/2024\/03\/diana-1-1024x635.jpg\" alt=\"\" class=\"wp-image-40981\" srcset=\"https:\/\/madeinzaragoza.es\/blog\/wp-content\/uploads\/2024\/03\/diana-1-1024x635.jpg 1024w, https:\/\/madeinzaragoza.es\/blog\/wp-content\/uploads\/2024\/03\/diana-1-450x279.jpg 450w, https:\/\/madeinzaragoza.es\/blog\/wp-content\/uploads\/2024\/03\/diana-1-768x476.jpg 768w, https:\/\/madeinzaragoza.es\/blog\/wp-content\/uploads\/2024\/03\/diana-1-1536x953.jpg 1536w, https:\/\/madeinzaragoza.es\/blog\/wp-content\/uploads\/2024\/03\/diana-1-2048x1270.jpg 2048w, https:\/\/madeinzaragoza.es\/blog\/wp-content\/uploads\/2024\/03\/diana-1-1200x744.jpg 1200w\" sizes=\"(max-width: 709px) 85vw, (max-width: 909px) 67vw, (max-width: 1362px) 62vw, 840px\" \/><\/figure>\n\n\n\n<p><\/p>\n\n\n\n<p>Su experiencia, le hace pensar que <strong>hace falta m\u00e1s formaci\u00f3n en gesti\u00f3n empresarial espec\u00edfica<\/strong>, que ofrezca recursos y soluciones para un \u00e1mbito con unas particularidades muy concretas.<\/p>\n\n\n\n<blockquote class=\"wp-block-quote\">\n<p><em>\u201cYo no he actuado en mi vida, pero te puedo hablar como p\u00fablico. Para m\u00ed, el arte en general es la esperanza en el ser humano. Cuando veo una obra en escena, me encanta pensar que mi trabajo en la oficina ha contribuido para hacerlo posible. Adem\u00e1s del int\u00e9rprete en escena y del p\u00fablico, detr\u00e1s del teatro hay todo un equipo de profesionales imprescindibles.\u201d&nbsp;<\/em><\/p>\n<cite>Diana Jim\u00e9nez<\/cite><\/blockquote>\n\n\n\n<p><\/p>\n\n\n\n<p>As\u00ed mismo, me cuenta que la participaci\u00f3n cultural a trav\u00e9s del teatro y las artes esc\u00e9nicas, que tambi\u00e9n debe <strong>recibir m\u00e1s apoyo por parte de las administraciones<\/strong>, para que toda la poblaci\u00f3n pueda tener la oportunidad de <strong>vivir la experiencia <\/strong>de la interpretaci\u00f3n <strong>en primera persona<\/strong>.<\/p>\n\n\n\n<p><\/p>\n\n\n\n<h2 class=\"wp-block-heading\"><strong>Laura L\u00faa<\/strong><\/h2>\n\n\n\n<p><strong>Desde los 12 a\u00f1os lo ten\u00eda claro<\/strong>; Quer\u00eda formar parte del mundo teatral.<\/p>\n\n\n\n<p><a href=\"https:\/\/unicarepresentaciones.com\/actores-actrices\/laura-l%C3%BAa\">Laura<\/a>,<strong> estudi\u00f3 en la Emad y Resad <\/strong>y complet\u00f3 su formaci\u00f3n en <strong>Italia<\/strong>. Despu\u00e9s de pasar por varios grupos y compa\u00f1\u00edas ha creado, junto a <strong>3 mujeres m\u00e1s<\/strong>, C\u00eda Attraverso para poder realizar sus propios proyectos.<\/p>\n\n\n\n<p>A pesar de que <strong>no es f\u00e1cil<\/strong>, se lanz\u00f3 a esta aventura de <strong>manera intuitiva<\/strong> y como una <strong>actitud ante la vida<\/strong>.&nbsp; Actualmente, reparte su carrera profesional entre Zaragoza y Madrid&nbsp; y est\u00e1 inmersa en el proyecto A nova con El teatro del Temple y con \u00abLa se\u00f1orita&nbsp;Else\u00b4\u00b4.<\/p>\n\n\n\n<p><\/p>\n\n\n\n<figure class=\"wp-block-gallery has-nested-images columns-default is-cropped wp-block-gallery-6 is-layout-flex wp-block-gallery-is-layout-flex\">\n<figure class=\"wp-block-image size-large\"><img loading=\"lazy\" decoding=\"async\" width=\"1024\" height=\"547\" data-id=\"40984\" src=\"https:\/\/madeinzaragoza.es\/blog\/wp-content\/uploads\/2024\/03\/ERRANCIAS-Teatro-Pradillo-1024x547.jpg\" alt=\"\" class=\"wp-image-40984\" srcset=\"https:\/\/madeinzaragoza.es\/blog\/wp-content\/uploads\/2024\/03\/ERRANCIAS-Teatro-Pradillo-1024x547.jpg 1024w, https:\/\/madeinzaragoza.es\/blog\/wp-content\/uploads\/2024\/03\/ERRANCIAS-Teatro-Pradillo-450x240.jpg 450w, https:\/\/madeinzaragoza.es\/blog\/wp-content\/uploads\/2024\/03\/ERRANCIAS-Teatro-Pradillo-768x410.jpg 768w, https:\/\/madeinzaragoza.es\/blog\/wp-content\/uploads\/2024\/03\/ERRANCIAS-Teatro-Pradillo-1536x820.jpg 1536w, https:\/\/madeinzaragoza.es\/blog\/wp-content\/uploads\/2024\/03\/ERRANCIAS-Teatro-Pradillo-1200x641.jpg 1200w, https:\/\/madeinzaragoza.es\/blog\/wp-content\/uploads\/2024\/03\/ERRANCIAS-Teatro-Pradillo.jpg 1600w\" sizes=\"(max-width: 709px) 85vw, (max-width: 909px) 67vw, (max-width: 1362px) 62vw, 840px\" \/><\/figure>\n\n\n\n<figure class=\"wp-block-image size-large\"><img loading=\"lazy\" decoding=\"async\" width=\"1024\" height=\"514\" data-id=\"40985\" src=\"https:\/\/madeinzaragoza.es\/blog\/wp-content\/uploads\/2024\/03\/errancias-2-1-1024x514.jpg\" alt=\"\" class=\"wp-image-40985\" srcset=\"https:\/\/madeinzaragoza.es\/blog\/wp-content\/uploads\/2024\/03\/errancias-2-1-1024x514.jpg 1024w, https:\/\/madeinzaragoza.es\/blog\/wp-content\/uploads\/2024\/03\/errancias-2-1-450x226.jpg 450w, https:\/\/madeinzaragoza.es\/blog\/wp-content\/uploads\/2024\/03\/errancias-2-1-768x385.jpg 768w, https:\/\/madeinzaragoza.es\/blog\/wp-content\/uploads\/2024\/03\/errancias-2-1-1536x771.jpg 1536w, https:\/\/madeinzaragoza.es\/blog\/wp-content\/uploads\/2024\/03\/errancias-2-1-1200x602.jpg 1200w, https:\/\/madeinzaragoza.es\/blog\/wp-content\/uploads\/2024\/03\/errancias-2-1.jpg 1600w\" sizes=\"(max-width: 709px) 85vw, (max-width: 909px) 67vw, (max-width: 1362px) 62vw, 840px\" \/><\/figure>\n<\/figure>\n\n\n\n<p><\/p>\n\n\n\n<p>Siempre ha sentido fascinaci\u00f3n por <strong>mezclar&nbsp;las artes y el teatro<\/strong>, jugar con la m\u00fasica, la puesta en escena, el baile, la interpretaci\u00f3n, audiovisual\u2026 El teatro, a su entender, <strong>es el espacio perfecto donde todo es posible<\/strong>\u2026 Decir lo que piensas a&nbsp;trav\u00e9s de otros autores o con tus creaciones, es una realidad.<\/p>\n\n\n\n<blockquote class=\"wp-block-quote\">\n<p><em>\u201cCuando estoy encima del escenario siento una fuerza arrolladora que es imparable, siento que formo parte de un engranaje en el que puedo transmitir ideas o emociones para intentar despertar y despertarme. Cuando te metes en esto hay algo de enganche que es muy dif\u00edcil de soltar. Es un espacio de creatividad, uni\u00f3n y libertad.\u201d<\/em><\/p>\n<cite>Laura L\u00faa<\/cite><\/blockquote>\n\n\n\n<p><\/p>\n\n\n\n<p>La <strong>lucha<\/strong> contra la <strong>frustraci\u00f3n es constante<\/strong>\u2026 Despu\u00e9s de la extensa dedicaci\u00f3n a la creaci\u00f3n de obras y espect\u00e1culos, echa de menos, la <strong>falta de espacios y ayudas<\/strong> a artistas que est\u00e1n empezando. <strong>No existe acompa\u00f1amiento<\/strong> ya que cree que falta una red y uni\u00f3n para poder trabajar y darse&nbsp;a conocer en vez de estar cada uno, por un lado.<strong> <a href=\"https:\/\/www.instagram.com\/unica_representaciones\/\">Hay mucho talento en esta ciudad<\/a><\/strong><a href=\"https:\/\/www.instagram.com\/unica_representaciones\/\"> <\/a>solo hay que dar oportunidades&nbsp;y visibilizar.<\/p>\n\n\n\n<p><\/p>\n\n\n\n<p>\u00bfConoc\u00edas a estos artistas y proyectos?<\/p>\n\n\n\n<p>Sin p\u00fablico no hay teatro, pero sin teatro \u00bfQu\u00e9 clase de personas ser\u00edamos? <strong>Es el \u201cdeber\u201d de todos, apoyar a las artes esc\u00e9nicas y al teatro<\/strong>, porque queda claro que por falta de talento y ganas no ser\u00e1\u2026<\/p>\n\n\n\n<p><\/p>\n","protected":false},"excerpt":{"rendered":"<p>\u00bfSab\u00edas que hoy, 27 de marzo, es el D\u00eda del Teatro? Este d\u00eda se cre\u00f3 por el Instituto Internacional del Teatro (ITI) en el a\u00f1o 1961. Nace con el objetivo, de dar a conocer la importancia de las artes esc\u00e9nicas y el teatro para la cultura (y para todos) a nivel mundial. Porque\u2026 \u00bfte imaginas &hellip; <a href=\"https:\/\/madeinzaragoza.es\/blog\/dia-del-teatro-conoce-el-teatro-de-zaragoza-desde-8-puntos-de-vista\/\" class=\"more-link\">Continuar leyendo<span class=\"screen-reader-text\"> \u00abD\u00eda del Teatro: Conoce el teatro de Zaragoza desde 8 puntos de vista\u00bb<\/span><\/a><\/p>\n","protected":false},"author":84,"featured_media":40988,"comment_status":"open","ping_status":"open","sticky":false,"template":"","format":"standard","meta":{"footnotes":""},"categories":[829,9,6,8],"tags":[28,1337,24],"yoast_head":"<!-- This site is optimized with the Yoast SEO plugin v19.7.2 - https:\/\/yoast.com\/wordpress\/plugins\/seo\/ -->\n<title>D\u00eda del Teatro: Conoce el teatro de Zaragoza desde 8 puntos de vista - Made in Zaragoza<\/title>\n<meta name=\"robots\" content=\"index, follow, max-snippet:-1, max-image-preview:large, max-video-preview:-1\" \/>\n<link rel=\"canonical\" href=\"https:\/\/madeinzaragoza.es\/blog\/dia-del-teatro-conoce-el-teatro-de-zaragoza-desde-8-puntos-de-vista\/\" \/>\n<meta property=\"og:locale\" content=\"es_ES\" \/>\n<meta property=\"og:type\" content=\"article\" \/>\n<meta property=\"og:title\" content=\"D\u00eda del Teatro: Conoce el teatro de Zaragoza desde 8 puntos de vista - Made in Zaragoza\" \/>\n<meta property=\"og:description\" content=\"\u00bfSab\u00edas que hoy, 27 de marzo, es el D\u00eda del Teatro? Este d\u00eda se cre\u00f3 por el Instituto Internacional del Teatro (ITI) en el a\u00f1o 1961. Nace con el objetivo, de dar a conocer la importancia de las artes esc\u00e9nicas y el teatro para la cultura (y para todos) a nivel mundial. Porque\u2026 \u00bfte imaginas &hellip; Continuar leyendo &quot;D\u00eda del Teatro: Conoce el teatro de Zaragoza desde 8 puntos de vista&quot;\" \/>\n<meta property=\"og:url\" content=\"https:\/\/madeinzaragoza.es\/blog\/dia-del-teatro-conoce-el-teatro-de-zaragoza-desde-8-puntos-de-vista\/\" \/>\n<meta property=\"og:site_name\" content=\"Made in Zaragoza\" \/>\n<meta property=\"article:publisher\" content=\"https:\/\/www.facebook.com\/madeinzaragoza.es\/\" \/>\n<meta property=\"article:published_time\" content=\"2026-03-27T14:12:00+00:00\" \/>\n<meta property=\"article:modified_time\" content=\"2026-03-27T15:29:29+00:00\" \/>\n<meta property=\"og:image\" content=\"https:\/\/madeinzaragoza.es\/blog\/wp-content\/uploads\/2024\/03\/Dia-del-teatro-Made-in-zaragoza-Nagore-delgado.png\" \/>\n\t<meta property=\"og:image:width\" content=\"1200\" \/>\n\t<meta property=\"og:image:height\" content=\"800\" \/>\n\t<meta property=\"og:image:type\" content=\"image\/png\" \/>\n<meta name=\"author\" content=\"Nagore Delgado\" \/>\n<meta name=\"twitter:card\" content=\"summary\" \/>\n<meta name=\"twitter:creator\" content=\"@madeinzaragoza\" \/>\n<meta name=\"twitter:site\" content=\"@madeinzaragoza\" \/>\n<meta name=\"twitter:label1\" content=\"Escrito por\" \/>\n\t<meta name=\"twitter:data1\" content=\"Nagore Delgado\" \/>\n\t<meta name=\"twitter:label2\" content=\"Tiempo de lectura\" \/>\n\t<meta name=\"twitter:data2\" content=\"12 minutos\" \/>\n<script type=\"application\/ld+json\" class=\"yoast-schema-graph\">{\"@context\":\"https:\/\/schema.org\",\"@graph\":[{\"@type\":\"Article\",\"@id\":\"https:\/\/madeinzaragoza.es\/blog\/dia-del-teatro-conoce-el-teatro-de-zaragoza-desde-8-puntos-de-vista\/#article\",\"isPartOf\":{\"@id\":\"https:\/\/madeinzaragoza.es\/blog\/dia-del-teatro-conoce-el-teatro-de-zaragoza-desde-8-puntos-de-vista\/\"},\"author\":{\"name\":\"Nagore Delgado\",\"@id\":\"https:\/\/madeinzaragoza.es\/blog\/#\/schema\/person\/9a0b249cbeeadd393f2fe8a350f05bae\"},\"headline\":\"D\u00eda del Teatro: Conoce el teatro de Zaragoza desde 8 puntos de vista\",\"datePublished\":\"2026-03-27T14:12:00+00:00\",\"dateModified\":\"2026-03-27T15:29:29+00:00\",\"mainEntityOfPage\":{\"@id\":\"https:\/\/madeinzaragoza.es\/blog\/dia-del-teatro-conoce-el-teatro-de-zaragoza-desde-8-puntos-de-vista\/\"},\"wordCount\":2476,\"commentCount\":0,\"publisher\":{\"@id\":\"https:\/\/madeinzaragoza.es\/blog\/#organization\"},\"keywords\":[\"creatividad\",\"Cultura\",\"entrevista\"],\"articleSection\":[\"Cultura\",\"Econom\u00eda Creativa\",\"Gente\",\"Red MIZ\"],\"inLanguage\":\"es\",\"potentialAction\":[{\"@type\":\"CommentAction\",\"name\":\"Comment\",\"target\":[\"https:\/\/madeinzaragoza.es\/blog\/dia-del-teatro-conoce-el-teatro-de-zaragoza-desde-8-puntos-de-vista\/#respond\"]}]},{\"@type\":\"WebPage\",\"@id\":\"https:\/\/madeinzaragoza.es\/blog\/dia-del-teatro-conoce-el-teatro-de-zaragoza-desde-8-puntos-de-vista\/\",\"url\":\"https:\/\/madeinzaragoza.es\/blog\/dia-del-teatro-conoce-el-teatro-de-zaragoza-desde-8-puntos-de-vista\/\",\"name\":\"D\u00eda del Teatro: Conoce el teatro de Zaragoza desde 8 puntos de vista - Made in Zaragoza\",\"isPartOf\":{\"@id\":\"https:\/\/madeinzaragoza.es\/blog\/#website\"},\"datePublished\":\"2026-03-27T14:12:00+00:00\",\"dateModified\":\"2026-03-27T15:29:29+00:00\",\"breadcrumb\":{\"@id\":\"https:\/\/madeinzaragoza.es\/blog\/dia-del-teatro-conoce-el-teatro-de-zaragoza-desde-8-puntos-de-vista\/#breadcrumb\"},\"inLanguage\":\"es\",\"potentialAction\":[{\"@type\":\"ReadAction\",\"target\":[\"https:\/\/madeinzaragoza.es\/blog\/dia-del-teatro-conoce-el-teatro-de-zaragoza-desde-8-puntos-de-vista\/\"]}]},{\"@type\":\"BreadcrumbList\",\"@id\":\"https:\/\/madeinzaragoza.es\/blog\/dia-del-teatro-conoce-el-teatro-de-zaragoza-desde-8-puntos-de-vista\/#breadcrumb\",\"itemListElement\":[{\"@type\":\"ListItem\",\"position\":1,\"name\":\"Portada\",\"item\":\"https:\/\/madeinzaragoza.es\/blog\/\"},{\"@type\":\"ListItem\",\"position\":2,\"name\":\"D\u00eda del Teatro: Conoce el teatro de Zaragoza desde 8 puntos de vista\"}]},{\"@type\":\"WebSite\",\"@id\":\"https:\/\/madeinzaragoza.es\/blog\/#website\",\"url\":\"https:\/\/madeinzaragoza.es\/blog\/\",\"name\":\"Made in Zaragoza\",\"description\":\"Blog de MadeinZGZ, Red de Econom\u00eda Creativa de Zaragoza\",\"publisher\":{\"@id\":\"https:\/\/madeinzaragoza.es\/blog\/#organization\"},\"potentialAction\":[{\"@type\":\"SearchAction\",\"target\":{\"@type\":\"EntryPoint\",\"urlTemplate\":\"https:\/\/madeinzaragoza.es\/blog\/?s={search_term_string}\"},\"query-input\":\"required name=search_term_string\"}],\"inLanguage\":\"es\"},{\"@type\":\"Organization\",\"@id\":\"https:\/\/madeinzaragoza.es\/blog\/#organization\",\"name\":\"Made In Zaragoza\",\"url\":\"https:\/\/madeinzaragoza.es\/blog\/\",\"sameAs\":[\"https:\/\/www.instagram.com\/madeinzaragoza.es\/\",\"https:\/\/www.facebook.com\/madeinzaragoza.es\/\",\"https:\/\/twitter.com\/madeinzaragoza\"],\"logo\":{\"@type\":\"ImageObject\",\"inLanguage\":\"es\",\"@id\":\"https:\/\/madeinzaragoza.es\/blog\/#\/schema\/logo\/image\/\",\"url\":\"https:\/\/madeinzaragoza.es\/blog\/wp-content\/uploads\/2022\/05\/logo.png\",\"contentUrl\":\"https:\/\/madeinzaragoza.es\/blog\/wp-content\/uploads\/2022\/05\/logo.png\",\"width\":193,\"height\":176,\"caption\":\"Made In Zaragoza\"},\"image\":{\"@id\":\"https:\/\/madeinzaragoza.es\/blog\/#\/schema\/logo\/image\/\"}},{\"@type\":\"Person\",\"@id\":\"https:\/\/madeinzaragoza.es\/blog\/#\/schema\/person\/9a0b249cbeeadd393f2fe8a350f05bae\",\"name\":\"Nagore Delgado\",\"image\":{\"@type\":\"ImageObject\",\"inLanguage\":\"es\",\"@id\":\"https:\/\/madeinzaragoza.es\/blog\/#\/schema\/person\/image\/\",\"url\":\"https:\/\/secure.gravatar.com\/avatar\/e938711838316a554100b9066f648c31?s=96&d=mm&r=g\",\"contentUrl\":\"https:\/\/secure.gravatar.com\/avatar\/e938711838316a554100b9066f648c31?s=96&d=mm&r=g\",\"caption\":\"Nagore Delgado\"},\"description\":\"Amante de la creatividad y de los proyectos con mucha alma. Mezclo mis dos pasiones, la fotograf\u00eda con el Marketing Digital. Creo y gestiono contenido y estrategias para las RRSS y blogs, a la vez que hago mis pinitos en el mundo del Dise\u00f1o Gr\u00e1fico. Imprescindible la comunicaci\u00f3n, en todas sus formas, pero siempre clara y transparente \u00a1Nos vemos en las redes!\",\"url\":\"https:\/\/madeinzaragoza.es\/blog\/author\/nagoredelgado\/\"}]}<\/script>\n<!-- \/ Yoast SEO plugin. -->","yoast_head_json":{"title":"D\u00eda del Teatro: Conoce el teatro de Zaragoza desde 8 puntos de vista - Made in Zaragoza","robots":{"index":"index","follow":"follow","max-snippet":"max-snippet:-1","max-image-preview":"max-image-preview:large","max-video-preview":"max-video-preview:-1"},"canonical":"https:\/\/madeinzaragoza.es\/blog\/dia-del-teatro-conoce-el-teatro-de-zaragoza-desde-8-puntos-de-vista\/","og_locale":"es_ES","og_type":"article","og_title":"D\u00eda del Teatro: Conoce el teatro de Zaragoza desde 8 puntos de vista - Made in Zaragoza","og_description":"\u00bfSab\u00edas que hoy, 27 de marzo, es el D\u00eda del Teatro? Este d\u00eda se cre\u00f3 por el Instituto Internacional del Teatro (ITI) en el a\u00f1o 1961. Nace con el objetivo, de dar a conocer la importancia de las artes esc\u00e9nicas y el teatro para la cultura (y para todos) a nivel mundial. Porque\u2026 \u00bfte imaginas &hellip; Continuar leyendo \"D\u00eda del Teatro: Conoce el teatro de Zaragoza desde 8 puntos de vista\"","og_url":"https:\/\/madeinzaragoza.es\/blog\/dia-del-teatro-conoce-el-teatro-de-zaragoza-desde-8-puntos-de-vista\/","og_site_name":"Made in Zaragoza","article_publisher":"https:\/\/www.facebook.com\/madeinzaragoza.es\/","article_published_time":"2026-03-27T14:12:00+00:00","article_modified_time":"2026-03-27T15:29:29+00:00","og_image":[{"width":1200,"height":800,"url":"https:\/\/madeinzaragoza.es\/blog\/wp-content\/uploads\/2024\/03\/Dia-del-teatro-Made-in-zaragoza-Nagore-delgado.png","type":"image\/png"}],"author":"Nagore Delgado","twitter_card":"summary","twitter_creator":"@madeinzaragoza","twitter_site":"@madeinzaragoza","twitter_misc":{"Escrito por":"Nagore Delgado","Tiempo de lectura":"12 minutos"},"schema":{"@context":"https:\/\/schema.org","@graph":[{"@type":"Article","@id":"https:\/\/madeinzaragoza.es\/blog\/dia-del-teatro-conoce-el-teatro-de-zaragoza-desde-8-puntos-de-vista\/#article","isPartOf":{"@id":"https:\/\/madeinzaragoza.es\/blog\/dia-del-teatro-conoce-el-teatro-de-zaragoza-desde-8-puntos-de-vista\/"},"author":{"name":"Nagore Delgado","@id":"https:\/\/madeinzaragoza.es\/blog\/#\/schema\/person\/9a0b249cbeeadd393f2fe8a350f05bae"},"headline":"D\u00eda del Teatro: Conoce el teatro de Zaragoza desde 8 puntos de vista","datePublished":"2026-03-27T14:12:00+00:00","dateModified":"2026-03-27T15:29:29+00:00","mainEntityOfPage":{"@id":"https:\/\/madeinzaragoza.es\/blog\/dia-del-teatro-conoce-el-teatro-de-zaragoza-desde-8-puntos-de-vista\/"},"wordCount":2476,"commentCount":0,"publisher":{"@id":"https:\/\/madeinzaragoza.es\/blog\/#organization"},"keywords":["creatividad","Cultura","entrevista"],"articleSection":["Cultura","Econom\u00eda Creativa","Gente","Red MIZ"],"inLanguage":"es","potentialAction":[{"@type":"CommentAction","name":"Comment","target":["https:\/\/madeinzaragoza.es\/blog\/dia-del-teatro-conoce-el-teatro-de-zaragoza-desde-8-puntos-de-vista\/#respond"]}]},{"@type":"WebPage","@id":"https:\/\/madeinzaragoza.es\/blog\/dia-del-teatro-conoce-el-teatro-de-zaragoza-desde-8-puntos-de-vista\/","url":"https:\/\/madeinzaragoza.es\/blog\/dia-del-teatro-conoce-el-teatro-de-zaragoza-desde-8-puntos-de-vista\/","name":"D\u00eda del Teatro: Conoce el teatro de Zaragoza desde 8 puntos de vista - Made in Zaragoza","isPartOf":{"@id":"https:\/\/madeinzaragoza.es\/blog\/#website"},"datePublished":"2026-03-27T14:12:00+00:00","dateModified":"2026-03-27T15:29:29+00:00","breadcrumb":{"@id":"https:\/\/madeinzaragoza.es\/blog\/dia-del-teatro-conoce-el-teatro-de-zaragoza-desde-8-puntos-de-vista\/#breadcrumb"},"inLanguage":"es","potentialAction":[{"@type":"ReadAction","target":["https:\/\/madeinzaragoza.es\/blog\/dia-del-teatro-conoce-el-teatro-de-zaragoza-desde-8-puntos-de-vista\/"]}]},{"@type":"BreadcrumbList","@id":"https:\/\/madeinzaragoza.es\/blog\/dia-del-teatro-conoce-el-teatro-de-zaragoza-desde-8-puntos-de-vista\/#breadcrumb","itemListElement":[{"@type":"ListItem","position":1,"name":"Portada","item":"https:\/\/madeinzaragoza.es\/blog\/"},{"@type":"ListItem","position":2,"name":"D\u00eda del Teatro: Conoce el teatro de Zaragoza desde 8 puntos de vista"}]},{"@type":"WebSite","@id":"https:\/\/madeinzaragoza.es\/blog\/#website","url":"https:\/\/madeinzaragoza.es\/blog\/","name":"Made in Zaragoza","description":"Blog de MadeinZGZ, Red de Econom\u00eda Creativa de Zaragoza","publisher":{"@id":"https:\/\/madeinzaragoza.es\/blog\/#organization"},"potentialAction":[{"@type":"SearchAction","target":{"@type":"EntryPoint","urlTemplate":"https:\/\/madeinzaragoza.es\/blog\/?s={search_term_string}"},"query-input":"required name=search_term_string"}],"inLanguage":"es"},{"@type":"Organization","@id":"https:\/\/madeinzaragoza.es\/blog\/#organization","name":"Made In Zaragoza","url":"https:\/\/madeinzaragoza.es\/blog\/","sameAs":["https:\/\/www.instagram.com\/madeinzaragoza.es\/","https:\/\/www.facebook.com\/madeinzaragoza.es\/","https:\/\/twitter.com\/madeinzaragoza"],"logo":{"@type":"ImageObject","inLanguage":"es","@id":"https:\/\/madeinzaragoza.es\/blog\/#\/schema\/logo\/image\/","url":"https:\/\/madeinzaragoza.es\/blog\/wp-content\/uploads\/2022\/05\/logo.png","contentUrl":"https:\/\/madeinzaragoza.es\/blog\/wp-content\/uploads\/2022\/05\/logo.png","width":193,"height":176,"caption":"Made In Zaragoza"},"image":{"@id":"https:\/\/madeinzaragoza.es\/blog\/#\/schema\/logo\/image\/"}},{"@type":"Person","@id":"https:\/\/madeinzaragoza.es\/blog\/#\/schema\/person\/9a0b249cbeeadd393f2fe8a350f05bae","name":"Nagore Delgado","image":{"@type":"ImageObject","inLanguage":"es","@id":"https:\/\/madeinzaragoza.es\/blog\/#\/schema\/person\/image\/","url":"https:\/\/secure.gravatar.com\/avatar\/e938711838316a554100b9066f648c31?s=96&d=mm&r=g","contentUrl":"https:\/\/secure.gravatar.com\/avatar\/e938711838316a554100b9066f648c31?s=96&d=mm&r=g","caption":"Nagore Delgado"},"description":"Amante de la creatividad y de los proyectos con mucha alma. Mezclo mis dos pasiones, la fotograf\u00eda con el Marketing Digital. Creo y gestiono contenido y estrategias para las RRSS y blogs, a la vez que hago mis pinitos en el mundo del Dise\u00f1o Gr\u00e1fico. Imprescindible la comunicaci\u00f3n, en todas sus formas, pero siempre clara y transparente \u00a1Nos vemos en las redes!","url":"https:\/\/madeinzaragoza.es\/blog\/author\/nagoredelgado\/"}]}},"_links":{"self":[{"href":"https:\/\/madeinzaragoza.es\/blog\/wp-json\/wp\/v2\/posts\/40955"}],"collection":[{"href":"https:\/\/madeinzaragoza.es\/blog\/wp-json\/wp\/v2\/posts"}],"about":[{"href":"https:\/\/madeinzaragoza.es\/blog\/wp-json\/wp\/v2\/types\/post"}],"author":[{"embeddable":true,"href":"https:\/\/madeinzaragoza.es\/blog\/wp-json\/wp\/v2\/users\/84"}],"replies":[{"embeddable":true,"href":"https:\/\/madeinzaragoza.es\/blog\/wp-json\/wp\/v2\/comments?post=40955"}],"version-history":[{"count":13,"href":"https:\/\/madeinzaragoza.es\/blog\/wp-json\/wp\/v2\/posts\/40955\/revisions"}],"predecessor-version":[{"id":45491,"href":"https:\/\/madeinzaragoza.es\/blog\/wp-json\/wp\/v2\/posts\/40955\/revisions\/45491"}],"wp:featuredmedia":[{"embeddable":true,"href":"https:\/\/madeinzaragoza.es\/blog\/wp-json\/wp\/v2\/media\/40988"}],"wp:attachment":[{"href":"https:\/\/madeinzaragoza.es\/blog\/wp-json\/wp\/v2\/media?parent=40955"}],"wp:term":[{"taxonomy":"category","embeddable":true,"href":"https:\/\/madeinzaragoza.es\/blog\/wp-json\/wp\/v2\/categories?post=40955"},{"taxonomy":"post_tag","embeddable":true,"href":"https:\/\/madeinzaragoza.es\/blog\/wp-json\/wp\/v2\/tags?post=40955"}],"curies":[{"name":"wp","href":"https:\/\/api.w.org\/{rel}","templated":true}]}}