{"id":40545,"date":"2024-02-28T20:09:11","date_gmt":"2024-02-28T19:09:11","guid":{"rendered":"https:\/\/madeinzaragoza.es\/blog\/?p=40545"},"modified":"2024-02-29T18:39:09","modified_gmt":"2024-02-29T17:39:09","slug":"de-propio-diseno-grafico-aragones-a-tu-medida","status":"publish","type":"post","link":"https:\/\/madeinzaragoza.es\/blog\/de-propio-diseno-grafico-aragones-a-tu-medida\/","title":{"rendered":"Descubre De Propio: dise\u00f1o gr\u00e1fico con calidad y rasmia"},"content":{"rendered":"\n<p><br>Si eres de por aqu\u00ed, de Zaragoza o alrededores, no te har\u00e1 falta esta peque\u00f1a aclaraci\u00f3n, puedes salt\u00e1rtela. Pero si no, presta atenci\u00f3n: <strong>cuando mencionamos nuestra expresi\u00f3n fetiche hacer algo \u00abde propio\u00bb, es para explicar que hacemos algo especialmente a prop\u00f3sito, con toda nuestra intenci\u00f3n, esfuerzo y rasmia.<\/strong> <br><\/p>\n\n\n\n<p>Precisamente, como hace Laura Renieblas sus dise\u00f1os: <a href=\"https:\/\/www.depropiod.es\/\" target=\"_blank\" rel=\"noreferrer noopener\">de propio para sus clientes<\/a>.<br><\/p>\n\n\n\n<h2 class=\"wp-block-heading\">Qu\u00e9 es De Propio<br><\/h2>\n\n\n\n<p>En una \u00e9poca como \u00e9sta, en la que las nuevas herramientas, llamadas inteligentes, recopilan dise\u00f1os y textos gen\u00e9ricos con un solo clic, <strong>adaptarse a lo que quieren los clientes de verdad y hacerles \u201cun traje a medida\u201d, es m\u00e1s necesario que nunca.<\/strong><\/p>\n\n\n\n<p>Por eso, os cuento que De Propio es un servicio personalizado de comunicaci\u00f3n gr\u00e1fica, especializado en logos. Adem\u00e1s, desarrolla el dise\u00f1o en cualquier aplicaci\u00f3n, como <strong><em>packaging<\/em>, tarjetas, etiquetas, papeler\u00eda, carteler\u00eda\u2026<\/strong> Y tambi\u00e9n en su <strong>maquetaci\u00f3n editorial<\/strong>, abarcando desde folletos publicitarios a revistas o cat\u00e1logos.<\/p>\n\n\n<div class=\"wp-block-image\">\n<figure class=\"aligncenter size-large\"><img loading=\"lazy\" decoding=\"async\" width=\"1024\" height=\"1024\" src=\"https:\/\/madeinzaragoza.es\/blog\/wp-content\/uploads\/2024\/02\/Redes-sociales-1024x1024.jpg\" alt=\"\" class=\"wp-image-40756\" srcset=\"https:\/\/madeinzaragoza.es\/blog\/wp-content\/uploads\/2024\/02\/Redes-sociales-1024x1024.jpg 1024w, https:\/\/madeinzaragoza.es\/blog\/wp-content\/uploads\/2024\/02\/Redes-sociales-450x450.jpg 450w, https:\/\/madeinzaragoza.es\/blog\/wp-content\/uploads\/2024\/02\/Redes-sociales-150x150.jpg 150w, https:\/\/madeinzaragoza.es\/blog\/wp-content\/uploads\/2024\/02\/Redes-sociales-768x768.jpg 768w, https:\/\/madeinzaragoza.es\/blog\/wp-content\/uploads\/2024\/02\/Redes-sociales-120x120.jpg 120w, https:\/\/madeinzaragoza.es\/blog\/wp-content\/uploads\/2024\/02\/Redes-sociales.jpg 1080w\" sizes=\"(max-width: 709px) 85vw, (max-width: 909px) 67vw, (max-width: 1362px) 62vw, 840px\" \/><\/figure><\/div>\n\n\n<p><\/p>\n\n\n\n<p>En palabras de Laura, la emprendedora tras el nombre: \u201cEst\u00e1 principalmente enfocado a personas que emprenden un negocio y no tienen clara la definici\u00f3n gr\u00e1fica de su marca. Como no es una tarea f\u00e1cil, <strong>desarrollamos juntos <\/strong>esa identidad gr\u00e1fica. Y lo hacemos de manera muy <strong>f\u00e1cil y cercana<\/strong>, hablando el lenguaje de mis clientes\u201d.<br><\/p>\n\n\n\n<h2 class=\"wp-block-heading\">Lo que De Propio puede hacer por ti<\/h2>\n\n\n\n<p>Como buena emprendedora Laura es consciente de sus puntos fuertes: \u201cCreo que adem\u00e1s de la identidad visual, <strong>mi producto estrella es el dise\u00f1o y maquetaci\u00f3n de revistas y dosieres publicitarios de empresas<\/strong>.<br><strong>Dise\u00f1o para saber qu\u00e9 decir, a qui\u00e9n y c\u00f3mo. <\/strong>Trato de hacerlo con un estilo transparente, sencillo, teniendo presente que debe traslucir siempre calidad.<\/p>\n\n\n\n<p><\/p>\n\n\n\n<figure class=\"wp-block-image size-large\"><img loading=\"lazy\" decoding=\"async\" width=\"1024\" height=\"673\" src=\"https:\/\/madeinzaragoza.es\/blog\/wp-content\/uploads\/2024\/02\/revista-tematica-1024x673.jpg\" alt=\"\" class=\"wp-image-40755\" srcset=\"https:\/\/madeinzaragoza.es\/blog\/wp-content\/uploads\/2024\/02\/revista-tematica-1024x673.jpg 1024w, https:\/\/madeinzaragoza.es\/blog\/wp-content\/uploads\/2024\/02\/revista-tematica-450x296.jpg 450w, https:\/\/madeinzaragoza.es\/blog\/wp-content\/uploads\/2024\/02\/revista-tematica-768x505.jpg 768w, https:\/\/madeinzaragoza.es\/blog\/wp-content\/uploads\/2024\/02\/revista-tematica-1536x1009.jpg 1536w, https:\/\/madeinzaragoza.es\/blog\/wp-content\/uploads\/2024\/02\/revista-tematica-2048x1346.jpg 2048w, https:\/\/madeinzaragoza.es\/blog\/wp-content\/uploads\/2024\/02\/revista-tematica-1200x789.jpg 1200w\" sizes=\"(max-width: 709px) 85vw, (max-width: 909px) 67vw, (max-width: 1362px) 62vw, 840px\" \/><\/figure>\n\n\n\n<p><br>Y, por supuesto, para hacer honor al nombre de mi empresa, y a mi parte ma\u00f1a, puedo decir que la \u201ccabezoner\u00eda\u201d es un punto fuerte, \u00a1no paro hasta que consigo lo que quiero!<br><\/p>\n\n\n\n<p>Creo que lo que m\u00e1s me enriquece al entregar un trabajo es cuando el cliente me dice: \u201chas dado de lleno con lo que ten\u00eda en la cabeza\u201d. <br><\/p>\n\n\n<div class=\"wp-block-image\">\n<figure class=\"aligncenter size-large\"><img loading=\"lazy\" decoding=\"async\" width=\"823\" height=\"1024\" src=\"https:\/\/madeinzaragoza.es\/blog\/wp-content\/uploads\/2024\/02\/mercadillos-ecopapel-823x1024.jpg\" alt=\"\" class=\"wp-image-40751\" srcset=\"https:\/\/madeinzaragoza.es\/blog\/wp-content\/uploads\/2024\/02\/mercadillos-ecopapel-823x1024.jpg 823w, https:\/\/madeinzaragoza.es\/blog\/wp-content\/uploads\/2024\/02\/mercadillos-ecopapel-362x450.jpg 362w, https:\/\/madeinzaragoza.es\/blog\/wp-content\/uploads\/2024\/02\/mercadillos-ecopapel-768x956.jpg 768w, https:\/\/madeinzaragoza.es\/blog\/wp-content\/uploads\/2024\/02\/mercadillos-ecopapel-1234x1536.jpg 1234w, https:\/\/madeinzaragoza.es\/blog\/wp-content\/uploads\/2024\/02\/mercadillos-ecopapel-1645x2048.jpg 1645w, https:\/\/madeinzaragoza.es\/blog\/wp-content\/uploads\/2024\/02\/mercadillos-ecopapel-1200x1494.jpg 1200w\" sizes=\"(max-width: 709px) 85vw, (max-width: 909px) 67vw, (max-width: 984px) 61vw, (max-width: 1362px) 45vw, 600px\" \/><\/figure><\/div>\n\n\n<h2 class=\"wp-block-heading\"><br>C\u00f3ctel ganador: marketing y dise\u00f1o<\/h2>\n\n\n\n<p><br>Laura nos explica que: \u201cMi formaci\u00f3n inicial fue en marketing y publicidad, pero mi vida laboral me ha llevado por el lado del dise\u00f1o gr\u00e1fico. <br><\/p>\n\n\n\n<p>Unir dise\u00f1o con marketing tiene una gran ventaja a la hora de transmitir mensajes y hacer clic en quien lo recibe. Reconozco que se me da bien conceptualizar ideas y plasmarlas gr\u00e1ficamente sin perder el norte de la marca corporativa. Por algo mi especialidad es la maquetaci\u00f3n editorial y la creaci\u00f3n de identidad visual.<br><\/p>\n\n\n\n<p>Mi experiencia profesional se remonta a hace m\u00e1s de 20 a\u00f1os, comenc\u00e9 trabajando en imprentas y en alguna agencia de publicidad y finalmente desarroll\u00e9 la mayor parte de mi carrera, casi 20 a\u00f1os, en el \u00e1rea de <em>packaging<\/em> de una multinacional juguetera de Zaragoza. <\/p>\n\n\n\n<p><\/p>\n\n\n<div class=\"wp-block-image\">\n<figure class=\"aligncenter size-large\"><img loading=\"lazy\" decoding=\"async\" width=\"747\" height=\"1024\" src=\"https:\/\/madeinzaragoza.es\/blog\/wp-content\/uploads\/2024\/02\/Portada-libro-747x1024.jpg\" alt=\"\" class=\"wp-image-40753\" srcset=\"https:\/\/madeinzaragoza.es\/blog\/wp-content\/uploads\/2024\/02\/Portada-libro-747x1024.jpg 747w, https:\/\/madeinzaragoza.es\/blog\/wp-content\/uploads\/2024\/02\/Portada-libro-328x450.jpg 328w, https:\/\/madeinzaragoza.es\/blog\/wp-content\/uploads\/2024\/02\/Portada-libro-768x1053.jpg 768w, https:\/\/madeinzaragoza.es\/blog\/wp-content\/uploads\/2024\/02\/Portada-libro-1120x1536.jpg 1120w, https:\/\/madeinzaragoza.es\/blog\/wp-content\/uploads\/2024\/02\/Portada-libro-1493x2048.jpg 1493w, https:\/\/madeinzaragoza.es\/blog\/wp-content\/uploads\/2024\/02\/Portada-libro-1200x1646.jpg 1200w, https:\/\/madeinzaragoza.es\/blog\/wp-content\/uploads\/2024\/02\/Portada-libro-scaled.jpg 1867w\" sizes=\"(max-width: 709px) 85vw, (max-width: 909px) 67vw, (max-width: 984px) 61vw, (max-width: 1362px) 45vw, 600px\" \/><\/figure><\/div>\n\n\n<p><\/p>\n\n\n\n<p>Y a ra\u00edz de desarrollar alg\u00fan proyecto creativo para amigos y conocidos y formarme en la creaci\u00f3n de negocios, \u00a1me lanc\u00e9 al mundo emprendedor!\u00bb<\/p>\n\n\n\n<h2 class=\"wp-block-heading\"><br>\u00bfQu\u00e9 es eso de la Ecopapeler\u00eda?<\/h2>\n\n\n\n<p><br>Laura nos lo explica r\u00e1pidamente: \u00abActualmente estoy desarrollando una l\u00ednea basada en la econom\u00eda circular de ecopapeler\u00eda llamada <a href=\"https:\/\/madeinzaragoza.es\/comercio\/depropio-diseno-grafico\/\">Brotes de Papel<\/a>. <\/p>\n\n\n\n<p><\/p>\n\n\n<div class=\"wp-block-image\">\n<figure class=\"aligncenter size-large\"><img loading=\"lazy\" decoding=\"async\" width=\"1024\" height=\"1024\" src=\"https:\/\/madeinzaragoza.es\/blog\/wp-content\/uploads\/2024\/02\/cuaderno-simiente-1024x1024.jpeg\" alt=\"\" class=\"wp-image-40754\" srcset=\"https:\/\/madeinzaragoza.es\/blog\/wp-content\/uploads\/2024\/02\/cuaderno-simiente-1024x1024.jpeg 1024w, https:\/\/madeinzaragoza.es\/blog\/wp-content\/uploads\/2024\/02\/cuaderno-simiente-450x450.jpeg 450w, https:\/\/madeinzaragoza.es\/blog\/wp-content\/uploads\/2024\/02\/cuaderno-simiente-150x150.jpeg 150w, https:\/\/madeinzaragoza.es\/blog\/wp-content\/uploads\/2024\/02\/cuaderno-simiente-768x768.jpeg 768w, https:\/\/madeinzaragoza.es\/blog\/wp-content\/uploads\/2024\/02\/cuaderno-simiente-120x120.jpeg 120w, https:\/\/madeinzaragoza.es\/blog\/wp-content\/uploads\/2024\/02\/cuaderno-simiente.jpeg 1080w\" sizes=\"(max-width: 709px) 85vw, (max-width: 909px) 67vw, (max-width: 1362px) 62vw, 840px\" \/><\/figure><\/div>\n\n\n<p><\/p>\n\n\n\n<p><strong>Realizo dise\u00f1os tipo collage sobre papel plantable <\/strong>en distintos formatos: postales, cuadernos, marcap\u00e1ginas, etiquetas, lapiceros\u2026 El nexo com\u00fan de los dise\u00f1os son las plantas y mensajes haciendo juegos de palabras relacionados con el mundo floral. <br><\/p>\n\n\n\n<p>Y, por supuesto, tambi\u00e9n personalizo el dise\u00f1o bajo pedido, por ejemplo, para invitaciones de eventos, tarjetas de visita, material de oficina\u2026<br><\/p>\n\n\n\n<p>Estoy muy contenta porque es un proyecto que ha ido creciendo poco a poco desde principios de 2023 y en el que estoy invirtiendo ahora la mayor parte de mi trabajo.<\/p>\n\n\n\n<figure class=\"wp-block-image size-large\"><img loading=\"lazy\" decoding=\"async\" width=\"768\" height=\"1024\" src=\"https:\/\/madeinzaragoza.es\/blog\/wp-content\/uploads\/2024\/02\/mercadillos-ecopapel2-768x1024.jpg\" alt=\"\" class=\"wp-image-40752\" srcset=\"https:\/\/madeinzaragoza.es\/blog\/wp-content\/uploads\/2024\/02\/mercadillos-ecopapel2-768x1024.jpg 768w, https:\/\/madeinzaragoza.es\/blog\/wp-content\/uploads\/2024\/02\/mercadillos-ecopapel2-338x450.jpg 338w, https:\/\/madeinzaragoza.es\/blog\/wp-content\/uploads\/2024\/02\/mercadillos-ecopapel2-1152x1536.jpg 1152w, https:\/\/madeinzaragoza.es\/blog\/wp-content\/uploads\/2024\/02\/mercadillos-ecopapel2-1536x2048.jpg 1536w, https:\/\/madeinzaragoza.es\/blog\/wp-content\/uploads\/2024\/02\/mercadillos-ecopapel2-1200x1600.jpg 1200w, https:\/\/madeinzaragoza.es\/blog\/wp-content\/uploads\/2024\/02\/mercadillos-ecopapel2-scaled.jpg 1920w\" sizes=\"(max-width: 709px) 85vw, (max-width: 909px) 67vw, (max-width: 984px) 61vw, (max-width: 1362px) 45vw, 600px\" \/><\/figure>\n\n\n\n<h2 class=\"wp-block-heading\"><br>La inteligencia artificial, \u00bfamenaza o aliada?<\/h2>\n\n\n\n<p><br>\u00abSer una persona emprendedora te obliga a estar continuamente reinvent\u00e1ndote, as\u00ed que en unos a\u00f1os deseo seguir trabajando por mi cuenta y disfrutando de vivir de mi creatividad, da igual de qu\u00e9 manera. <br><\/p>\n\n\n\n<p>La inteligencia artificial est\u00e1 cambiando much\u00edsimas cosas, pero creo que en el mundo del dise\u00f1o es m\u00e1s aliada que enemiga porque te permite optimizar m\u00e1s tus tiempos t\u00e9cnicos y dedicarle m\u00e1s a los creativos. <br><\/p>\n\n\n\n<p>El \u00fanico enemigo del dise\u00f1ador son aquellas personas que infravaloran nuestro trabajo y formaci\u00f3n, conform\u00e1ndose con utilizar aplicaciones gratuitas que ofrecen dise\u00f1os est\u00e1ndar que no tienen ninguna esencia de fondo. Ah\u00ed est\u00e1 el principal peligro. <br>El dise\u00f1o personalizado crea la diferencia y es elemento clave para comunicar eficazmente.\u00bb<\/p>\n\n\n\n<p><\/p>\n\n\n\n<figure class=\"wp-block-image size-large\"><img loading=\"lazy\" decoding=\"async\" width=\"1024\" height=\"512\" src=\"http:\/\/madeinzaragoza.es\/blog\/wp-content\/uploads\/2024\/02\/Brotes-publi-1024x512.jpg\" alt=\"\" class=\"wp-image-40548\" srcset=\"https:\/\/madeinzaragoza.es\/blog\/wp-content\/uploads\/2024\/02\/Brotes-publi-1024x512.jpg 1024w, https:\/\/madeinzaragoza.es\/blog\/wp-content\/uploads\/2024\/02\/Brotes-publi-450x225.jpg 450w, https:\/\/madeinzaragoza.es\/blog\/wp-content\/uploads\/2024\/02\/Brotes-publi-768x384.jpg 768w, https:\/\/madeinzaragoza.es\/blog\/wp-content\/uploads\/2024\/02\/Brotes-publi-1536x768.jpg 1536w, https:\/\/madeinzaragoza.es\/blog\/wp-content\/uploads\/2024\/02\/Brotes-publi-2048x1024.jpg 2048w, https:\/\/madeinzaragoza.es\/blog\/wp-content\/uploads\/2024\/02\/Brotes-publi-1200x600.jpg 1200w\" sizes=\"(max-width: 709px) 85vw, (max-width: 909px) 67vw, (max-width: 1362px) 62vw, 840px\" \/><\/figure>\n\n\n\n<h2 class=\"wp-block-heading\"><br>\u00bfD\u00f3nde podemos encontrar a De Propio?<br><\/h2>\n\n\n\n<p>Laura participa en varios proyectos de la red de ZAC, por un lado, \u201cdentro de <a href=\"https:\/\/www.zaragoza.es\/ciudad\/sectores\/activa\/elbrinco.htm\">El Brinco<\/a> tengo mi despacho desde donde trabajo y en Escaparate ZAC he participado dando un taller sobre marca con buena aceptaci\u00f3n\u201d.<br>Y por supuesto tambi\u00e9n pod\u00e9is encontrarme por las <a href=\"https:\/\/www.instagram.com\/depropio_diseno\/\">redes<\/a> y en mi <a href=\"depropiodiseno@gmail.com\">correo electr\u00f3nico<\/a>.<\/p>\n\n\n\n<p>Pero para m\u00ed, lo m\u00e1s gratificante es conocer a la gente directamente en mercadillos, algo que he conocido a ra\u00edz de desarrollar Brotes de Papel en los mercados de los s\u00e1bados al mercado de San Vicente de Pa\u00fal\u00bb. \u00bfOs anim\u00e1is a ir \u00abde propio\u00bb a conocerla?<br><\/p>\n\n\n\n<figure class=\"wp-block-image size-large\"><img loading=\"lazy\" decoding=\"async\" width=\"766\" height=\"1024\" src=\"http:\/\/madeinzaragoza.es\/blog\/wp-content\/uploads\/2024\/02\/De-propio-mercadillo2-766x1024.jpg\" alt=\"\" class=\"wp-image-40558\" srcset=\"https:\/\/madeinzaragoza.es\/blog\/wp-content\/uploads\/2024\/02\/De-propio-mercadillo2-766x1024.jpg 766w, https:\/\/madeinzaragoza.es\/blog\/wp-content\/uploads\/2024\/02\/De-propio-mercadillo2-337x450.jpg 337w, https:\/\/madeinzaragoza.es\/blog\/wp-content\/uploads\/2024\/02\/De-propio-mercadillo2-768x1026.jpg 768w, https:\/\/madeinzaragoza.es\/blog\/wp-content\/uploads\/2024\/02\/De-propio-mercadillo2.jpg 1080w\" sizes=\"(max-width: 709px) 85vw, (max-width: 909px) 67vw, (max-width: 984px) 61vw, (max-width: 1362px) 45vw, 600px\" \/><\/figure>\n\n\n\n<p><br><br><br><br><br><\/p>\n","protected":false},"excerpt":{"rendered":"<p>Si eres de por aqu\u00ed, de Zaragoza o alrededores, no te har\u00e1 falta esta peque\u00f1a aclaraci\u00f3n, puedes salt\u00e1rtela. Pero si no, presta atenci\u00f3n: cuando mencionamos nuestra expresi\u00f3n fetiche hacer algo \u00abde propio\u00bb, es para explicar que hacemos algo especialmente a prop\u00f3sito, con toda nuestra intenci\u00f3n, esfuerzo y rasmia. Precisamente, como hace Laura Renieblas sus dise\u00f1os: &hellip; <a href=\"https:\/\/madeinzaragoza.es\/blog\/de-propio-diseno-grafico-aragones-a-tu-medida\/\" class=\"more-link\">Continuar leyendo<span class=\"screen-reader-text\"> \u00abDescubre De Propio: dise\u00f1o gr\u00e1fico con calidad y rasmia\u00bb<\/span><\/a><\/p>\n","protected":false},"author":66,"featured_media":40549,"comment_status":"open","ping_status":"open","sticky":false,"template":"","format":"standard","meta":{"footnotes":""},"categories":[1],"tags":[],"yoast_head":"<!-- This site is optimized with the Yoast SEO plugin v19.7.2 - https:\/\/yoast.com\/wordpress\/plugins\/seo\/ -->\n<title>Descubre De Propio: dise\u00f1o gr\u00e1fico con calidad y rasmia - Made in Zaragoza<\/title>\n<meta name=\"description\" content=\"Conoce el dise\u00f1o gr\u00e1fico aragon\u00e9s a la medida de los clientes, \u00a1hecho De Propio para ti! Con toda la intenci\u00f3n, calidad y rasmia.\" \/>\n<meta name=\"robots\" content=\"index, follow, max-snippet:-1, max-image-preview:large, max-video-preview:-1\" \/>\n<link rel=\"canonical\" href=\"http:\/\/madeinzaragoza.es\/blog\/de-propio-diseno-grafico-aragones-a-tu-medida\/\" \/>\n<meta property=\"og:locale\" content=\"es_ES\" \/>\n<meta property=\"og:type\" content=\"article\" \/>\n<meta property=\"og:title\" content=\"Descubre De Propio: dise\u00f1o gr\u00e1fico con calidad y rasmia - Made in Zaragoza\" \/>\n<meta property=\"og:description\" content=\"Conoce el dise\u00f1o gr\u00e1fico aragon\u00e9s a la medida de los clientes, \u00a1hecho De Propio para ti! Con toda la intenci\u00f3n, calidad y rasmia.\" \/>\n<meta property=\"og:url\" content=\"http:\/\/madeinzaragoza.es\/blog\/de-propio-diseno-grafico-aragones-a-tu-medida\/\" \/>\n<meta property=\"og:site_name\" content=\"Made in Zaragoza\" \/>\n<meta property=\"article:publisher\" content=\"https:\/\/www.facebook.com\/madeinzaragoza.es\/\" \/>\n<meta property=\"article:published_time\" content=\"2024-02-28T19:09:11+00:00\" \/>\n<meta property=\"article:modified_time\" content=\"2024-02-29T17:39:09+00:00\" \/>\n<meta property=\"og:image\" content=\"http:\/\/madeinzaragoza.es\/blog\/wp-content\/uploads\/2024\/02\/LAURA-RENIEBLAS-DEPROPIO-DISENO-GRAFICO.jpeg\" \/>\n\t<meta property=\"og:image:width\" content=\"1522\" \/>\n\t<meta property=\"og:image:height\" content=\"1200\" \/>\n\t<meta property=\"og:image:type\" content=\"image\/jpeg\" \/>\n<meta name=\"author\" content=\"Cristina Castejon\" \/>\n<meta name=\"twitter:card\" content=\"summary\" \/>\n<meta name=\"twitter:creator\" content=\"@cdecontar\" \/>\n<meta name=\"twitter:site\" content=\"@madeinzaragoza\" \/>\n<meta name=\"twitter:label1\" content=\"Escrito por\" \/>\n\t<meta name=\"twitter:data1\" content=\"Cristina Castejon\" \/>\n\t<meta name=\"twitter:label2\" content=\"Tiempo de lectura\" \/>\n\t<meta name=\"twitter:data2\" content=\"5 minutos\" \/>\n<script type=\"application\/ld+json\" class=\"yoast-schema-graph\">{\"@context\":\"https:\/\/schema.org\",\"@graph\":[{\"@type\":\"Article\",\"@id\":\"http:\/\/madeinzaragoza.es\/blog\/de-propio-diseno-grafico-aragones-a-tu-medida\/#article\",\"isPartOf\":{\"@id\":\"http:\/\/madeinzaragoza.es\/blog\/de-propio-diseno-grafico-aragones-a-tu-medida\/\"},\"author\":{\"name\":\"Cristina Castejon\",\"@id\":\"https:\/\/madeinzaragoza.es\/blog\/#\/schema\/person\/f6a3e33e7bb103b00b0f9321931cc3ea\"},\"headline\":\"Descubre De Propio: dise\u00f1o gr\u00e1fico con calidad y rasmia\",\"datePublished\":\"2024-02-28T19:09:11+00:00\",\"dateModified\":\"2024-02-29T17:39:09+00:00\",\"mainEntityOfPage\":{\"@id\":\"http:\/\/madeinzaragoza.es\/blog\/de-propio-diseno-grafico-aragones-a-tu-medida\/\"},\"wordCount\":913,\"commentCount\":0,\"publisher\":{\"@id\":\"https:\/\/madeinzaragoza.es\/blog\/#organization\"},\"articleSection\":[\"Tendencias\"],\"inLanguage\":\"es\",\"potentialAction\":[{\"@type\":\"CommentAction\",\"name\":\"Comment\",\"target\":[\"http:\/\/madeinzaragoza.es\/blog\/de-propio-diseno-grafico-aragones-a-tu-medida\/#respond\"]}]},{\"@type\":\"WebPage\",\"@id\":\"http:\/\/madeinzaragoza.es\/blog\/de-propio-diseno-grafico-aragones-a-tu-medida\/\",\"url\":\"http:\/\/madeinzaragoza.es\/blog\/de-propio-diseno-grafico-aragones-a-tu-medida\/\",\"name\":\"Descubre De Propio: dise\u00f1o gr\u00e1fico con calidad y rasmia - Made in Zaragoza\",\"isPartOf\":{\"@id\":\"https:\/\/madeinzaragoza.es\/blog\/#website\"},\"datePublished\":\"2024-02-28T19:09:11+00:00\",\"dateModified\":\"2024-02-29T17:39:09+00:00\",\"description\":\"Conoce el dise\u00f1o gr\u00e1fico aragon\u00e9s a la medida de los clientes, \u00a1hecho De Propio para ti! Con toda la intenci\u00f3n, calidad y rasmia.\",\"breadcrumb\":{\"@id\":\"http:\/\/madeinzaragoza.es\/blog\/de-propio-diseno-grafico-aragones-a-tu-medida\/#breadcrumb\"},\"inLanguage\":\"es\",\"potentialAction\":[{\"@type\":\"ReadAction\",\"target\":[\"http:\/\/madeinzaragoza.es\/blog\/de-propio-diseno-grafico-aragones-a-tu-medida\/\"]}]},{\"@type\":\"BreadcrumbList\",\"@id\":\"http:\/\/madeinzaragoza.es\/blog\/de-propio-diseno-grafico-aragones-a-tu-medida\/#breadcrumb\",\"itemListElement\":[{\"@type\":\"ListItem\",\"position\":1,\"name\":\"Portada\",\"item\":\"https:\/\/madeinzaragoza.es\/blog\/\"},{\"@type\":\"ListItem\",\"position\":2,\"name\":\"Descubre De Propio: dise\u00f1o gr\u00e1fico con calidad y rasmia\"}]},{\"@type\":\"WebSite\",\"@id\":\"https:\/\/madeinzaragoza.es\/blog\/#website\",\"url\":\"https:\/\/madeinzaragoza.es\/blog\/\",\"name\":\"Made in Zaragoza\",\"description\":\"Blog de MadeinZGZ, Red de Econom\u00eda Creativa de Zaragoza\",\"publisher\":{\"@id\":\"https:\/\/madeinzaragoza.es\/blog\/#organization\"},\"potentialAction\":[{\"@type\":\"SearchAction\",\"target\":{\"@type\":\"EntryPoint\",\"urlTemplate\":\"https:\/\/madeinzaragoza.es\/blog\/?s={search_term_string}\"},\"query-input\":\"required name=search_term_string\"}],\"inLanguage\":\"es\"},{\"@type\":\"Organization\",\"@id\":\"https:\/\/madeinzaragoza.es\/blog\/#organization\",\"name\":\"Made In Zaragoza\",\"url\":\"https:\/\/madeinzaragoza.es\/blog\/\",\"sameAs\":[\"https:\/\/www.instagram.com\/madeinzaragoza.es\/\",\"https:\/\/www.facebook.com\/madeinzaragoza.es\/\",\"https:\/\/twitter.com\/madeinzaragoza\"],\"logo\":{\"@type\":\"ImageObject\",\"inLanguage\":\"es\",\"@id\":\"https:\/\/madeinzaragoza.es\/blog\/#\/schema\/logo\/image\/\",\"url\":\"https:\/\/madeinzaragoza.es\/blog\/wp-content\/uploads\/2022\/05\/logo.png\",\"contentUrl\":\"https:\/\/madeinzaragoza.es\/blog\/wp-content\/uploads\/2022\/05\/logo.png\",\"width\":193,\"height\":176,\"caption\":\"Made In Zaragoza\"},\"image\":{\"@id\":\"https:\/\/madeinzaragoza.es\/blog\/#\/schema\/logo\/image\/\"}},{\"@type\":\"Person\",\"@id\":\"https:\/\/madeinzaragoza.es\/blog\/#\/schema\/person\/f6a3e33e7bb103b00b0f9321931cc3ea\",\"name\":\"Cristina Castejon\",\"image\":{\"@type\":\"ImageObject\",\"inLanguage\":\"es\",\"@id\":\"https:\/\/madeinzaragoza.es\/blog\/#\/schema\/person\/image\/\",\"url\":\"https:\/\/secure.gravatar.com\/avatar\/2915f57f02d0a7f564ca0bdd8e3ea1cb?s=96&d=mm&r=g\",\"contentUrl\":\"https:\/\/secure.gravatar.com\/avatar\/2915f57f02d0a7f564ca0bdd8e3ea1cb?s=96&d=mm&r=g\",\"caption\":\"Cristina Castejon\"},\"description\":\"De letras hasta la m\u00e9dula, siempre he pensado que la narrativa es el pastel, no la guinda. Da igual que sea en un libro o una peli, las buenas historias siempre nos enganchan. Escribo para mi blog www.cdecontar.com y para todo aquel que necesite poner alma a su marca o servicio. Me encanta mirar escaparates, contemplar fachadas y descubrir rincones escondidos. Creo que Zaragoza est\u00e1 plagada de buenas historias: ziudadanos curiosos, \u00a1callejeemos para darles caza!\",\"sameAs\":[\"http:\/\/www.cdecontar.com\",\"https:\/\/twitter.com\/cdecontar\"],\"url\":\"https:\/\/madeinzaragoza.es\/blog\/author\/cristina-castejon\/\"}]}<\/script>\n<!-- \/ Yoast SEO plugin. -->","yoast_head_json":{"title":"Descubre De Propio: dise\u00f1o gr\u00e1fico con calidad y rasmia - Made in Zaragoza","description":"Conoce el dise\u00f1o gr\u00e1fico aragon\u00e9s a la medida de los clientes, \u00a1hecho De Propio para ti! Con toda la intenci\u00f3n, calidad y rasmia.","robots":{"index":"index","follow":"follow","max-snippet":"max-snippet:-1","max-image-preview":"max-image-preview:large","max-video-preview":"max-video-preview:-1"},"canonical":"http:\/\/madeinzaragoza.es\/blog\/de-propio-diseno-grafico-aragones-a-tu-medida\/","og_locale":"es_ES","og_type":"article","og_title":"Descubre De Propio: dise\u00f1o gr\u00e1fico con calidad y rasmia - Made in Zaragoza","og_description":"Conoce el dise\u00f1o gr\u00e1fico aragon\u00e9s a la medida de los clientes, \u00a1hecho De Propio para ti! Con toda la intenci\u00f3n, calidad y rasmia.","og_url":"http:\/\/madeinzaragoza.es\/blog\/de-propio-diseno-grafico-aragones-a-tu-medida\/","og_site_name":"Made in Zaragoza","article_publisher":"https:\/\/www.facebook.com\/madeinzaragoza.es\/","article_published_time":"2024-02-28T19:09:11+00:00","article_modified_time":"2024-02-29T17:39:09+00:00","og_image":[{"width":1522,"height":1200,"url":"http:\/\/madeinzaragoza.es\/blog\/wp-content\/uploads\/2024\/02\/LAURA-RENIEBLAS-DEPROPIO-DISENO-GRAFICO.jpeg","type":"image\/jpeg"}],"author":"Cristina Castejon","twitter_card":"summary","twitter_creator":"@cdecontar","twitter_site":"@madeinzaragoza","twitter_misc":{"Escrito por":"Cristina Castejon","Tiempo de lectura":"5 minutos"},"schema":{"@context":"https:\/\/schema.org","@graph":[{"@type":"Article","@id":"http:\/\/madeinzaragoza.es\/blog\/de-propio-diseno-grafico-aragones-a-tu-medida\/#article","isPartOf":{"@id":"http:\/\/madeinzaragoza.es\/blog\/de-propio-diseno-grafico-aragones-a-tu-medida\/"},"author":{"name":"Cristina Castejon","@id":"https:\/\/madeinzaragoza.es\/blog\/#\/schema\/person\/f6a3e33e7bb103b00b0f9321931cc3ea"},"headline":"Descubre De Propio: dise\u00f1o gr\u00e1fico con calidad y rasmia","datePublished":"2024-02-28T19:09:11+00:00","dateModified":"2024-02-29T17:39:09+00:00","mainEntityOfPage":{"@id":"http:\/\/madeinzaragoza.es\/blog\/de-propio-diseno-grafico-aragones-a-tu-medida\/"},"wordCount":913,"commentCount":0,"publisher":{"@id":"https:\/\/madeinzaragoza.es\/blog\/#organization"},"articleSection":["Tendencias"],"inLanguage":"es","potentialAction":[{"@type":"CommentAction","name":"Comment","target":["http:\/\/madeinzaragoza.es\/blog\/de-propio-diseno-grafico-aragones-a-tu-medida\/#respond"]}]},{"@type":"WebPage","@id":"http:\/\/madeinzaragoza.es\/blog\/de-propio-diseno-grafico-aragones-a-tu-medida\/","url":"http:\/\/madeinzaragoza.es\/blog\/de-propio-diseno-grafico-aragones-a-tu-medida\/","name":"Descubre De Propio: dise\u00f1o gr\u00e1fico con calidad y rasmia - Made in Zaragoza","isPartOf":{"@id":"https:\/\/madeinzaragoza.es\/blog\/#website"},"datePublished":"2024-02-28T19:09:11+00:00","dateModified":"2024-02-29T17:39:09+00:00","description":"Conoce el dise\u00f1o gr\u00e1fico aragon\u00e9s a la medida de los clientes, \u00a1hecho De Propio para ti! Con toda la intenci\u00f3n, calidad y rasmia.","breadcrumb":{"@id":"http:\/\/madeinzaragoza.es\/blog\/de-propio-diseno-grafico-aragones-a-tu-medida\/#breadcrumb"},"inLanguage":"es","potentialAction":[{"@type":"ReadAction","target":["http:\/\/madeinzaragoza.es\/blog\/de-propio-diseno-grafico-aragones-a-tu-medida\/"]}]},{"@type":"BreadcrumbList","@id":"http:\/\/madeinzaragoza.es\/blog\/de-propio-diseno-grafico-aragones-a-tu-medida\/#breadcrumb","itemListElement":[{"@type":"ListItem","position":1,"name":"Portada","item":"https:\/\/madeinzaragoza.es\/blog\/"},{"@type":"ListItem","position":2,"name":"Descubre De Propio: dise\u00f1o gr\u00e1fico con calidad y rasmia"}]},{"@type":"WebSite","@id":"https:\/\/madeinzaragoza.es\/blog\/#website","url":"https:\/\/madeinzaragoza.es\/blog\/","name":"Made in Zaragoza","description":"Blog de MadeinZGZ, Red de Econom\u00eda Creativa de Zaragoza","publisher":{"@id":"https:\/\/madeinzaragoza.es\/blog\/#organization"},"potentialAction":[{"@type":"SearchAction","target":{"@type":"EntryPoint","urlTemplate":"https:\/\/madeinzaragoza.es\/blog\/?s={search_term_string}"},"query-input":"required name=search_term_string"}],"inLanguage":"es"},{"@type":"Organization","@id":"https:\/\/madeinzaragoza.es\/blog\/#organization","name":"Made In Zaragoza","url":"https:\/\/madeinzaragoza.es\/blog\/","sameAs":["https:\/\/www.instagram.com\/madeinzaragoza.es\/","https:\/\/www.facebook.com\/madeinzaragoza.es\/","https:\/\/twitter.com\/madeinzaragoza"],"logo":{"@type":"ImageObject","inLanguage":"es","@id":"https:\/\/madeinzaragoza.es\/blog\/#\/schema\/logo\/image\/","url":"https:\/\/madeinzaragoza.es\/blog\/wp-content\/uploads\/2022\/05\/logo.png","contentUrl":"https:\/\/madeinzaragoza.es\/blog\/wp-content\/uploads\/2022\/05\/logo.png","width":193,"height":176,"caption":"Made In Zaragoza"},"image":{"@id":"https:\/\/madeinzaragoza.es\/blog\/#\/schema\/logo\/image\/"}},{"@type":"Person","@id":"https:\/\/madeinzaragoza.es\/blog\/#\/schema\/person\/f6a3e33e7bb103b00b0f9321931cc3ea","name":"Cristina Castejon","image":{"@type":"ImageObject","inLanguage":"es","@id":"https:\/\/madeinzaragoza.es\/blog\/#\/schema\/person\/image\/","url":"https:\/\/secure.gravatar.com\/avatar\/2915f57f02d0a7f564ca0bdd8e3ea1cb?s=96&d=mm&r=g","contentUrl":"https:\/\/secure.gravatar.com\/avatar\/2915f57f02d0a7f564ca0bdd8e3ea1cb?s=96&d=mm&r=g","caption":"Cristina Castejon"},"description":"De letras hasta la m\u00e9dula, siempre he pensado que la narrativa es el pastel, no la guinda. Da igual que sea en un libro o una peli, las buenas historias siempre nos enganchan. Escribo para mi blog www.cdecontar.com y para todo aquel que necesite poner alma a su marca o servicio. Me encanta mirar escaparates, contemplar fachadas y descubrir rincones escondidos. Creo que Zaragoza est\u00e1 plagada de buenas historias: ziudadanos curiosos, \u00a1callejeemos para darles caza!","sameAs":["http:\/\/www.cdecontar.com","https:\/\/twitter.com\/cdecontar"],"url":"https:\/\/madeinzaragoza.es\/blog\/author\/cristina-castejon\/"}]}},"_links":{"self":[{"href":"https:\/\/madeinzaragoza.es\/blog\/wp-json\/wp\/v2\/posts\/40545"}],"collection":[{"href":"https:\/\/madeinzaragoza.es\/blog\/wp-json\/wp\/v2\/posts"}],"about":[{"href":"https:\/\/madeinzaragoza.es\/blog\/wp-json\/wp\/v2\/types\/post"}],"author":[{"embeddable":true,"href":"https:\/\/madeinzaragoza.es\/blog\/wp-json\/wp\/v2\/users\/66"}],"replies":[{"embeddable":true,"href":"https:\/\/madeinzaragoza.es\/blog\/wp-json\/wp\/v2\/comments?post=40545"}],"version-history":[{"count":10,"href":"https:\/\/madeinzaragoza.es\/blog\/wp-json\/wp\/v2\/posts\/40545\/revisions"}],"predecessor-version":[{"id":40796,"href":"https:\/\/madeinzaragoza.es\/blog\/wp-json\/wp\/v2\/posts\/40545\/revisions\/40796"}],"wp:featuredmedia":[{"embeddable":true,"href":"https:\/\/madeinzaragoza.es\/blog\/wp-json\/wp\/v2\/media\/40549"}],"wp:attachment":[{"href":"https:\/\/madeinzaragoza.es\/blog\/wp-json\/wp\/v2\/media?parent=40545"}],"wp:term":[{"taxonomy":"category","embeddable":true,"href":"https:\/\/madeinzaragoza.es\/blog\/wp-json\/wp\/v2\/categories?post=40545"},{"taxonomy":"post_tag","embeddable":true,"href":"https:\/\/madeinzaragoza.es\/blog\/wp-json\/wp\/v2\/tags?post=40545"}],"curies":[{"name":"wp","href":"https:\/\/api.w.org\/{rel}","templated":true}]}}