{"id":40111,"date":"2023-12-26T17:20:00","date_gmt":"2023-12-26T16:20:00","guid":{"rendered":"https:\/\/madeinzaragoza.es\/blog\/?p=40111"},"modified":"2023-12-30T16:21:41","modified_gmt":"2023-12-30T15:21:41","slug":"muralista-hector-vacui","status":"publish","type":"post","link":"https:\/\/madeinzaragoza.es\/blog\/muralista-hector-vacui\/","title":{"rendered":"Arte a gran escala: El muralista H\u00e9ctor Vacui"},"content":{"rendered":"\n<p>Probablemente hayas visto alguno de sus<strong> impresionantes murales<\/strong> por la calle. Pero \u00bfEres de los que se paran a ver las obras callejeras o pasas de largo?<\/p>\n\n\n\n<p>Cr\u00e9eme, despu\u00e9s de conocer el trabajo de <a href=\"https:\/\/www.instagram.com\/hectorvacui\/\">H\u00e9ctor Vacui<\/a>, parar\u00e1s en todos los murales para comprobar si es uno de sus trabajos.<\/p>\n\n\n\n<p>Conozcamos a fondo a este artista <strong>nacido<\/strong> en <strong>Barcelona<\/strong> pero <strong>afincado<\/strong> en <strong>Zaragoza<\/strong> y los <strong>entresijos<\/strong> de esta inusual <strong>profesi\u00f3n.<\/strong><\/p>\n\n\n\n<p><\/p>\n\n\n\n<figure class=\"wp-block-image size-large\"><img loading=\"lazy\" decoding=\"async\" width=\"1024\" height=\"683\" src=\"https:\/\/madeinzaragoza.es\/blog\/wp-content\/uploads\/2023\/12\/MUNKUN-GRANCASA-1072-1024x683.jpg\" alt=\"\" class=\"wp-image-40112\" srcset=\"https:\/\/madeinzaragoza.es\/blog\/wp-content\/uploads\/2023\/12\/MUNKUN-GRANCASA-1072-1024x683.jpg 1024w, https:\/\/madeinzaragoza.es\/blog\/wp-content\/uploads\/2023\/12\/MUNKUN-GRANCASA-1072-450x300.jpg 450w, https:\/\/madeinzaragoza.es\/blog\/wp-content\/uploads\/2023\/12\/MUNKUN-GRANCASA-1072-768x512.jpg 768w, https:\/\/madeinzaragoza.es\/blog\/wp-content\/uploads\/2023\/12\/MUNKUN-GRANCASA-1072-1536x1024.jpg 1536w, https:\/\/madeinzaragoza.es\/blog\/wp-content\/uploads\/2023\/12\/MUNKUN-GRANCASA-1072-1200x800.jpg 1200w, https:\/\/madeinzaragoza.es\/blog\/wp-content\/uploads\/2023\/12\/MUNKUN-GRANCASA-1072.jpg 1920w\" sizes=\"(max-width: 709px) 85vw, (max-width: 909px) 67vw, (max-width: 1362px) 62vw, 840px\" \/><figcaption>Muralista H\u00e9ctor Vidal<\/figcaption><\/figure>\n\n\n\n<p><\/p>\n\n\n\n<h2 class=\"wp-block-heading\">\u00bfC\u00f3mo te lanzaste a pintar murales? \u00bfDe d\u00f3nde y cu\u00e1ndo nace esta pasi\u00f3n?<\/h2>\n\n\n\n<p>Llevo <strong>toda la vida dibujando<\/strong>. En el colegio era bastante distra\u00eddo y dibujaba, no atend\u00eda\u2026 Ten\u00eda claro que no quer\u00eda hacer la selectividad, as\u00ed que opt\u00e9 por un grado superior. Una opci\u00f3n m\u00e1s centrada y mucho m\u00e1s pr\u00e1ctica. As\u00ed que me met\u00ed en el \u201cGrado de Artes aplicadas al muro\u201d porque <strong>quer\u00eda hacer un grado<\/strong> <strong>superior<\/strong> si o si.<\/p>\n\n\n\n<p>Yo <strong>vengo del grafiti<\/strong>, en la <strong>ESO empec\u00e9 a pintar<\/strong>\u2026 Eres adolescente y est\u00e1 guay pintar grafitis. Esto te lleva a juntarte con gente como t\u00fa, con la que compartes aficiones.<\/p>\n\n\n\n<p>Justo en aquella \u00e9poca, en Barcelona, se empez\u00f3 a poner de moda el muralismo como tal. Es decir, pintar fachadas enormes. Hubo un boom de gente que empez\u00f3 a pintar murales. Por ejemplo, hab\u00eda una crew de grafiteros que se iban a f\u00e1bricas y con rodillo hac\u00edan murales pero con la peculiaridad de ser super altos.<\/p>\n\n\n\n<p>Nadie los contrataba, era arte callejero. No exist\u00eda el muralismo como lo conocemos hoy en d\u00eda, tipo el Festival Asalto. Y claro, para nosotros que <strong>ten\u00edamos<\/strong> como <strong>15 a\u00f1os<\/strong>\u2026 Era como \u00a1GUAU! <strong>Queremos hacer esto<\/strong>.<\/p>\n\n\n\n<p><\/p>\n\n\n\n<figure class=\"wp-block-image size-large\"><img loading=\"lazy\" decoding=\"async\" width=\"1024\" height=\"683\" src=\"https:\/\/madeinzaragoza.es\/blog\/wp-content\/uploads\/2023\/12\/MURAL-HELIOS-CARAS-1024x683.jpg\" alt=\"\" class=\"wp-image-40113\" srcset=\"https:\/\/madeinzaragoza.es\/blog\/wp-content\/uploads\/2023\/12\/MURAL-HELIOS-CARAS-1024x683.jpg 1024w, https:\/\/madeinzaragoza.es\/blog\/wp-content\/uploads\/2023\/12\/MURAL-HELIOS-CARAS-450x300.jpg 450w, https:\/\/madeinzaragoza.es\/blog\/wp-content\/uploads\/2023\/12\/MURAL-HELIOS-CARAS-768x512.jpg 768w, https:\/\/madeinzaragoza.es\/blog\/wp-content\/uploads\/2023\/12\/MURAL-HELIOS-CARAS-1536x1024.jpg 1536w, https:\/\/madeinzaragoza.es\/blog\/wp-content\/uploads\/2023\/12\/MURAL-HELIOS-CARAS-1200x800.jpg 1200w, https:\/\/madeinzaragoza.es\/blog\/wp-content\/uploads\/2023\/12\/MURAL-HELIOS-CARAS.jpg 2048w\" sizes=\"(max-width: 709px) 85vw, (max-width: 909px) 67vw, (max-width: 1362px) 62vw, 840px\" \/><figcaption>Mural callejero de caras en la zona de Helios<\/figcaption><\/figure>\n\n\n\n<p><\/p>\n\n\n\n<p>En mi pueblo ya sab\u00edan que pintaba y con<strong> 15-16 a\u00f1os<\/strong> me hicieron<strong> mi primer encargo<\/strong>. Desde entonces, no he parado y cada vez ha ido a m\u00e1s. Este<strong> primer encargo<\/strong> fue <strong>un bar de Calanda<\/strong>, despu\u00e9s vino una peluquer\u00eda, alg\u00fan bar tambi\u00e9n en Barcelona, alguna persiana y aqu\u00ed ya en Zaragoza sin parar.<\/p>\n\n\n\n<p><strong>Ahora <\/strong>si que <strong>concebimos el muralismo como algo art\u00edstico<\/strong>, bonito, legal\u2026 Pero antes no era as\u00ed, era muy raro ver un encargo de un grafiti. Ahora est\u00e1 a la orden del d\u00eda. Incluso ahora hay ilustradores que hacen murales.<\/p>\n\n\n\n<p><\/p>\n\n\n\n<h2 class=\"wp-block-heading\">\u00bfQu\u00e9 formaci\u00f3n cursaste para dedicarte a esto?<\/h2>\n\n\n\n<p>Hice <strong>m\u00fasica de peque\u00f1o<\/strong>, pero dej\u00e9 la m\u00fasica por el arte pl\u00e1stico. Podemos decir que <strong>siempre<\/strong> he estado muy<strong> unido <\/strong>con el <strong>mundo art\u00edstico<\/strong>.<\/p>\n\n\n\n<p>As\u00ed que decid\u00ed estudiar el <strong>Bachillerato art\u00edstico<\/strong> en Barcelona, despu\u00e9s el <strong>Grado Superior de \u201cArtes aplicadas al muro\u201d<\/strong> que engloba&nbsp; pintura, mosaico, vidrieras\u2026 Un poco de todo\u2026 Soporte mural, pero no en s\u00ed murales\u2026<\/p>\n\n\n\n<p><\/p>\n\n\n\n<figure class=\"wp-block-image size-large\"><img loading=\"lazy\" decoding=\"async\" width=\"1024\" height=\"683\" src=\"https:\/\/madeinzaragoza.es\/blog\/wp-content\/uploads\/2023\/12\/MUNKUN-GRANCASA-0393-1024x683.jpg\" alt=\"\" class=\"wp-image-40119\" srcset=\"https:\/\/madeinzaragoza.es\/blog\/wp-content\/uploads\/2023\/12\/MUNKUN-GRANCASA-0393-1024x683.jpg 1024w, https:\/\/madeinzaragoza.es\/blog\/wp-content\/uploads\/2023\/12\/MUNKUN-GRANCASA-0393-450x300.jpg 450w, https:\/\/madeinzaragoza.es\/blog\/wp-content\/uploads\/2023\/12\/MUNKUN-GRANCASA-0393-768x512.jpg 768w, https:\/\/madeinzaragoza.es\/blog\/wp-content\/uploads\/2023\/12\/MUNKUN-GRANCASA-0393-1536x1024.jpg 1536w, https:\/\/madeinzaragoza.es\/blog\/wp-content\/uploads\/2023\/12\/MUNKUN-GRANCASA-0393-1200x800.jpg 1200w, https:\/\/madeinzaragoza.es\/blog\/wp-content\/uploads\/2023\/12\/MUNKUN-GRANCASA-0393.jpg 1920w\" sizes=\"(max-width: 709px) 85vw, (max-width: 909px) 67vw, (max-width: 1362px) 62vw, 840px\" \/><figcaption>H\u00e9ctor en acci\u00f3n<\/figcaption><\/figure>\n\n\n\n<p><\/p>\n\n\n\n<p>A los 20 a\u00f1os nos mudamos a Zaragoza para estar m\u00e1s cerca de la familia e hice el <strong>\u201cCurso de c\u00e1mara\u201d<\/strong> del <a href=\"https:\/\/inaem.aragon.es\/\">INAEM<\/a> (instituto Aragon\u00e9s de Empleo), pr\u00e1cticas en<strong><a href=\"http:\/\/www.aragontelevision.es\/\"> Arag\u00f3n TV<\/a><\/strong> y cuando termin\u00e9, me met\u00ed a <strong>Ilustraci\u00f3n<\/strong> en la <a href=\"https:\/\/www.escueladeartedezaragoza.com\/\">Escuela de Arte de Zaragoza<\/a> durante 2 a\u00f1os.<\/p>\n\n\n\n<p>Por \u00faltimo, curs\u00e9 la <strong>carrera de Dise\u00f1o Gr\u00e1fico<\/strong> que son 4 a\u00f1os en la <a href=\"https:\/\/esda.es\/\">ESDA<\/a> (Escuela Superior de Dise\u00f1o de Arag\u00f3n). Aunque no descarto hacer <strong>Bellas Artes en un futuro<\/strong>.<\/p>\n\n\n\n<p><\/p>\n\n\n\n<h2 class=\"wp-block-heading\">\u00bfCu\u00e1ndo empiezas a trabajar por tu cuenta?<\/h2>\n\n\n\n<p>Me hice <strong>aut\u00f3nomo<\/strong> justo en el \u00faltimo trimestre de la carrera de dise\u00f1o. All\u00e1 por el a\u00f1o<strong> 2021<\/strong>. Hice pr\u00e1cticas al final de la carrera en el estudio de dise\u00f1o <strong><a href=\"https:\/\/www.12caracteres.com\/\">12 caracteres<\/a><\/strong> y cuando estaba terminando, Miguel y  Samuel me comentaron la opci\u00f3n de hacer un encargo.<\/p>\n\n\n\n<p>\u201cSi quieres hacer un encargo, hazte aut\u00f3nomo que va estar muy guay\u201d. Sin pensarlo me hice freelance y empec\u00e9 a buscar m\u00e1s trabajo para pagar las mil cosas que esto implica.<\/p>\n\n\n\n<p><strong>Mi oficina es mi casa<\/strong>, es este cuarto de 2X2 (Bromea). Pero desde ese encargo he tenido la oportunidad de hacer cositas puntuales muy guais como echar una mano para el <strong><a href=\"https:\/\/vivelatino.es\/\">Vive Latino<\/a><\/strong>, pintando las piezas que salen en el cartel de la mano de 12 caracteres, colaborar con <strong><a href=\"https:\/\/montalbanestudio.es\/\">Montalb\u00e1n Estudio<\/a><\/strong>\u2026<\/p>\n\n\n\n<p><\/p>\n\n\n\n<h2 class=\"wp-block-heading\">\u00bfHaces otro tipo de trabajos?<\/h2>\n\n\n\n<p>Podr\u00edamos decir que los<strong> 3 pilares de mi trabajo<\/strong> son: <strong>murales, ilustraci\u00f3n y dise\u00f1o gr\u00e1fico<\/strong>. Pero puede variar <strong>dependiendo del proyecto<\/strong>\u2026 Director art\u00edstico, esculpir, producir m\u00fasica&#8230;<\/p>\n\n\n\n<p>Pero <strong>me gusta m\u00e1s el arte pl\u00e1stico<\/strong> que el dise\u00f1o. El dise\u00f1o me parece m\u00e1s cuadriculado, tienes un encargo y ya est\u00e1\u2026 Me gusta m\u00e1s el mural y si ya es libre \u00a1Puff! Si no te dicen pinta el pueblo desde no se donde\u2026 Si no te dan tema y pintas libremente, es como m\u00e1s salvaje, a lo grande\u2026 Es como pintar un lienzo, pero enorme.<\/p>\n\n\n\n<p><\/p>\n\n\n\n<figure class=\"wp-block-gallery has-nested-images columns-default is-cropped wp-block-gallery-1 is-layout-flex wp-block-gallery-is-layout-flex\">\n<figure class=\"wp-block-image size-large\"><img loading=\"lazy\" decoding=\"async\" width=\"1024\" height=\"705\" data-id=\"40121\" src=\"https:\/\/madeinzaragoza.es\/blog\/wp-content\/uploads\/2023\/12\/EL-BANO-1-1024x705.jpg\" alt=\"\" class=\"wp-image-40121\" srcset=\"https:\/\/madeinzaragoza.es\/blog\/wp-content\/uploads\/2023\/12\/EL-BANO-1-1024x705.jpg 1024w, https:\/\/madeinzaragoza.es\/blog\/wp-content\/uploads\/2023\/12\/EL-BANO-1-450x310.jpg 450w, https:\/\/madeinzaragoza.es\/blog\/wp-content\/uploads\/2023\/12\/EL-BANO-1-768x529.jpg 768w, https:\/\/madeinzaragoza.es\/blog\/wp-content\/uploads\/2023\/12\/EL-BANO-1-1536x1058.jpg 1536w, https:\/\/madeinzaragoza.es\/blog\/wp-content\/uploads\/2023\/12\/EL-BANO-1-2048x1411.jpg 2048w, https:\/\/madeinzaragoza.es\/blog\/wp-content\/uploads\/2023\/12\/EL-BANO-1-1200x827.jpg 1200w\" sizes=\"(max-width: 709px) 85vw, (max-width: 909px) 67vw, (max-width: 1362px) 62vw, 840px\" \/><\/figure>\n\n\n\n<figure class=\"wp-block-image size-large\"><img loading=\"lazy\" decoding=\"async\" width=\"1024\" height=\"683\" data-id=\"40122\" src=\"https:\/\/madeinzaragoza.es\/blog\/wp-content\/uploads\/2023\/12\/GOS-1-1024x683.jpg\" alt=\"\" class=\"wp-image-40122\" srcset=\"https:\/\/madeinzaragoza.es\/blog\/wp-content\/uploads\/2023\/12\/GOS-1-1024x683.jpg 1024w, https:\/\/madeinzaragoza.es\/blog\/wp-content\/uploads\/2023\/12\/GOS-1-450x300.jpg 450w, https:\/\/madeinzaragoza.es\/blog\/wp-content\/uploads\/2023\/12\/GOS-1-768x512.jpg 768w, https:\/\/madeinzaragoza.es\/blog\/wp-content\/uploads\/2023\/12\/GOS-1-1536x1024.jpg 1536w, https:\/\/madeinzaragoza.es\/blog\/wp-content\/uploads\/2023\/12\/GOS-1-2048x1365.jpg 2048w, https:\/\/madeinzaragoza.es\/blog\/wp-content\/uploads\/2023\/12\/GOS-1-1200x800.jpg 1200w\" sizes=\"(max-width: 709px) 85vw, (max-width: 909px) 67vw, (max-width: 1362px) 62vw, 840px\" \/><\/figure>\n\n\n\n<figure class=\"wp-block-image size-large\"><img loading=\"lazy\" decoding=\"async\" width=\"977\" height=\"1024\" data-id=\"40120\" src=\"https:\/\/madeinzaragoza.es\/blog\/wp-content\/uploads\/2023\/12\/IMG-0605-977x1024.jpg\" alt=\"\" class=\"wp-image-40120\" srcset=\"https:\/\/madeinzaragoza.es\/blog\/wp-content\/uploads\/2023\/12\/IMG-0605-977x1024.jpg 977w, https:\/\/madeinzaragoza.es\/blog\/wp-content\/uploads\/2023\/12\/IMG-0605-429x450.jpg 429w, https:\/\/madeinzaragoza.es\/blog\/wp-content\/uploads\/2023\/12\/IMG-0605-768x805.jpg 768w, https:\/\/madeinzaragoza.es\/blog\/wp-content\/uploads\/2023\/12\/IMG-0605-1466x1536.jpg 1466w, https:\/\/madeinzaragoza.es\/blog\/wp-content\/uploads\/2023\/12\/IMG-0605-1954x2048.jpg 1954w, https:\/\/madeinzaragoza.es\/blog\/wp-content\/uploads\/2023\/12\/IMG-0605-1200x1257.jpg 1200w, https:\/\/madeinzaragoza.es\/blog\/wp-content\/uploads\/2023\/12\/IMG-0605.jpg 2004w\" sizes=\"(max-width: 709px) 85vw, (max-width: 909px) 67vw, (max-width: 1362px) 62vw, 840px\" \/><\/figure>\n<figcaption class=\"blocks-gallery-caption\">Obras arte pl\u00e1stico <\/figcaption><\/figure>\n\n\n\n<p><\/p>\n\n\n\n<h2 class=\"wp-block-heading\">\u00daltimos proyectos<\/h2>\n\n\n\n<p>Particip\u00e9 en el <a href=\"https:\/\/www.festivalasalto.com\/\">Festival Asalto <\/a>en <strong>2022<\/strong> con una<strong> parada del tranv\u00eda<\/strong>. Hice <strong>16 ilustraciones<\/strong>, una por cada lado de la parada. El<strong> tema<\/strong> era <strong>la gente de Zaragoza<\/strong>, gente de todo tipo, por eso hice desde un rapero bebiendo un zumo, hasta una se\u00f1ora con un carro de la compra, un jotero, incluso me hice a mi mismo pintando.<\/p>\n\n\n\n<p>La <strong>pasada primavera<\/strong>, contribu\u00ed a la exposici\u00f3n callejera con <strong>bustos de Goya<\/strong> que fue una iniciativa del <a href=\"https:\/\/www.heraldo.es\/\">Heraldo<\/a> y El <a href=\"https:\/\/www.zaragoza.es\/sede\/\">Ayuntamiento de Zaragoza<\/a>. Era libre, pero por supuesto, ten\u00eda que estar relacionado con Goya. En vez de optar por cosas literales, como por ejemplo recrear alg\u00fan cuadro, <strong>opt\u00e9 por pintar mi movida<\/strong>\u2026. Como Goya pintaba costumbrismo de su \u00e9poca pues yo opt\u00e9 por el<strong> costumbrismo de la m\u00eda<\/strong>.&nbsp;<\/p>\n\n\n\n<p>Este a\u00f1o tambi\u00e9n he participado junto a 5 artistas m\u00e1s y gracias a&nbsp; <a href=\"https:\/\/www.instagram.com\/zaragozajoven\/\">Zaragoza Joven<\/a> en un mural en el recinto ferial de Valdespartera.<\/p>\n\n\n\n<p><\/p>\n\n\n\n<figure class=\"wp-block-image size-large\"><img loading=\"lazy\" decoding=\"async\" width=\"1200\" height=\"900\" src=\"https:\/\/madeinzaragoza.es\/blog\/wp-content\/uploads\/2023\/12\/mural-recinto-Valdespartera-edited-1.jpg\" alt=\"\" class=\"wp-image-40117\" srcset=\"https:\/\/madeinzaragoza.es\/blog\/wp-content\/uploads\/2023\/12\/mural-recinto-Valdespartera-edited-1.jpg 1200w, https:\/\/madeinzaragoza.es\/blog\/wp-content\/uploads\/2023\/12\/mural-recinto-Valdespartera-edited-1-450x338.jpg 450w, https:\/\/madeinzaragoza.es\/blog\/wp-content\/uploads\/2023\/12\/mural-recinto-Valdespartera-edited-1-1024x768.jpg 1024w, https:\/\/madeinzaragoza.es\/blog\/wp-content\/uploads\/2023\/12\/mural-recinto-Valdespartera-edited-1-768x576.jpg 768w\" sizes=\"(max-width: 709px) 85vw, (max-width: 909px) 67vw, (max-width: 1362px) 62vw, 840px\" \/><figcaption>Mural en Recinto Ferial de Valdespartera<\/figcaption><\/figure>\n\n\n\n<p><\/p>\n\n\n\n<p>En este caso, quer\u00eda hacer <strong>algo relacionado con las ferias<\/strong>, porque me mola mucho el <strong>rollo de los 80 y 90<\/strong>, <strong>underground<\/strong>, luces, los coches\u2026 Y a ver, yo tengo una carpeta con miles de im\u00e1genes que voy encontrando por ah\u00ed. Y ten\u00eda una de <strong>un coche<\/strong> que parec\u00eda como de <strong>cine \u201cquinqui\u201d<\/strong> y lo asoci\u00e9 un poco al parking de esa zona. Me hizo gracia las<strong> similitudes<\/strong> del coche y la gente joven.<\/p>\n\n\n\n<p>Adem\u00e1s, voy haciendo cosillas de dise\u00f1o. Hace poco, me contact\u00f3 <strong>Los Estudios Universal<\/strong> e&nbsp; hice la car\u00e1tula de un disco para un <strong>reguetonero llamado Fabio<\/strong>.<\/p>\n\n\n\n<p><\/p>\n\n\n\n<h2 class=\"wp-block-heading\">\u00bfC\u00f3mo es el proceso creativo?<\/h2>\n\n\n\n<p>Yo trabajo<strong> todo el d\u00eda<\/strong>. Es decir, yo estoy todo el d\u00eda mirando por Instagram, Behance, Friker, mercadillos, \u00e1lbumes familiares, fotos antiguas&#8230; <strong>Guardo las im\u00e1genes<\/strong> que me gustan, me hace gracia o que me digan algo y luego cuando me sale alg\u00fan encargo o dise\u00f1o libre, miro en esa carpeta y digo anda pues esta. <strong>Elijo la que m\u00e1s encaja para ese sitio, ese d\u00eda<\/strong>\u2026<\/p>\n\n\n\n<p>Si el <strong>dise\u00f1o es establecido<\/strong>, me pasan unas cuantas <strong>fotos<\/strong> y yo decido.<\/p>\n\n\n\n<p>Pero ahora me he comprado una <strong>c\u00e1mara antigua<\/strong> y as\u00ed <strong>las fotos las har\u00e9 yo<\/strong>. Me gusta pintar a gente desconocida e imaginar qu\u00e9 historia habr\u00e1 detr\u00e1s.<\/p>\n\n\n\n<p><\/p>\n\n\n\n<h2 class=\"wp-block-heading\">Manos a la obra \u00bfQu\u00e9 pasos sigues para hacer un mural?<\/h2>\n\n\n\n<p>Normalmente me contactan y me mandan una <strong>foto y los metros cuadrados<\/strong> para poder pasar un presupuesto (Depende del dise\u00f1o y los m\u00b2 que ocupe el mural). Te dicen el <strong>tema<\/strong> que quieren. Normalmente cuando es un negocio o tienda de aqu\u00ed de Zaragoza, ayuntamientos\u2026 S\u00ed que suelen decir queremos esto as\u00ed y no hay m\u00e1s.<\/p>\n\n\n\n<figure class=\"wp-block-gallery has-nested-images columns-default is-cropped wp-block-gallery-2 is-layout-flex wp-block-gallery-is-layout-flex\">\n<figure class=\"wp-block-image size-large\"><img loading=\"lazy\" decoding=\"async\" width=\"1024\" height=\"768\" data-id=\"40123\" src=\"https:\/\/madeinzaragoza.es\/blog\/wp-content\/uploads\/2023\/12\/TORREVELILLA-mural-1024x768.jpg\" alt=\"\" class=\"wp-image-40123\" srcset=\"https:\/\/madeinzaragoza.es\/blog\/wp-content\/uploads\/2023\/12\/TORREVELILLA-mural-1024x768.jpg 1024w, https:\/\/madeinzaragoza.es\/blog\/wp-content\/uploads\/2023\/12\/TORREVELILLA-mural-450x338.jpg 450w, https:\/\/madeinzaragoza.es\/blog\/wp-content\/uploads\/2023\/12\/TORREVELILLA-mural-768x576.jpg 768w, https:\/\/madeinzaragoza.es\/blog\/wp-content\/uploads\/2023\/12\/TORREVELILLA-mural-1536x1152.jpg 1536w, https:\/\/madeinzaragoza.es\/blog\/wp-content\/uploads\/2023\/12\/TORREVELILLA-mural-2048x1536.jpg 2048w, https:\/\/madeinzaragoza.es\/blog\/wp-content\/uploads\/2023\/12\/TORREVELILLA-mural-1200x900.jpg 1200w\" sizes=\"(max-width: 709px) 85vw, (max-width: 909px) 67vw, (max-width: 1362px) 62vw, 840px\" \/><figcaption>Mural de la localidad de Torrevelilla en Teruel<\/figcaption><\/figure>\n\n\n\n<figure class=\"wp-block-image size-large\"><img loading=\"lazy\" decoding=\"async\" width=\"2560\" height=\"2560\" data-id=\"40127\" src=\"https:\/\/madeinzaragoza.es\/blog\/wp-content\/uploads\/2023\/12\/TABUENCA-edited-1-scaled.jpg\" alt=\"\" class=\"wp-image-40127\" srcset=\"https:\/\/madeinzaragoza.es\/blog\/wp-content\/uploads\/2023\/12\/TABUENCA-edited-1-scaled.jpg 2560w, https:\/\/madeinzaragoza.es\/blog\/wp-content\/uploads\/2023\/12\/TABUENCA-edited-1-450x450.jpg 450w, https:\/\/madeinzaragoza.es\/blog\/wp-content\/uploads\/2023\/12\/TABUENCA-edited-1-1024x1024.jpg 1024w, https:\/\/madeinzaragoza.es\/blog\/wp-content\/uploads\/2023\/12\/TABUENCA-edited-1-150x150.jpg 150w, https:\/\/madeinzaragoza.es\/blog\/wp-content\/uploads\/2023\/12\/TABUENCA-edited-1-768x768.jpg 768w, https:\/\/madeinzaragoza.es\/blog\/wp-content\/uploads\/2023\/12\/TABUENCA-edited-1-1536x1536.jpg 1536w, https:\/\/madeinzaragoza.es\/blog\/wp-content\/uploads\/2023\/12\/TABUENCA-edited-1-2048x2048.jpg 2048w, https:\/\/madeinzaragoza.es\/blog\/wp-content\/uploads\/2023\/12\/TABUENCA-edited-1-1200x1200.jpg 1200w, https:\/\/madeinzaragoza.es\/blog\/wp-content\/uploads\/2023\/12\/TABUENCA-edited-1-120x120.jpg 120w\" sizes=\"(max-width: 709px) 85vw, (max-width: 909px) 67vw, (max-width: 1362px) 62vw, 840px\" \/><figcaption>Mural en Tabuenca, provincia de Zaragoza<\/figcaption><\/figure>\n<\/figure>\n\n\n\n<p>Antes de pintar, <strong>haces un boceto<\/strong> de como si fuera real en la pared y as\u00ed el cliente se hace m\u00e1s a la idea.<\/p>\n\n\n\n<p>Cuando te aprueban el <strong>presupuesto<\/strong>, encargas la pintura y vas. El proceso de pintar est\u00e1 muy guay.<\/p>\n\n\n\n<p>Como son fachadas enormes y t\u00fa has hecho el boceto a escala en peque\u00f1o, para que todo cuadre y encaje, <strong>dibujas una malla<\/strong> en la pared y haces una foto de la pared con la malla. Pones el <strong>boceto semitransparente en la malla<\/strong> y entonces ya te vas guiando\u2026 Ves por donde va el pelo de no se quien, una mano\u2026 Vas proporcionando todo en la pared.<\/p>\n\n\n\n<p><strong>Primero <\/strong>hago la <strong>silueta y luego pinto<\/strong>. Hago el contorno y las sombras, as\u00ed es mucho m\u00e1s f\u00e1cil pintar despu\u00e9s.<\/p>\n\n\n\n<p><\/p>\n\n\n\n<h2 class=\"wp-block-heading\">\u00bfCu\u00e1ntas horas puedes tardar en pintar un mural?<\/h2>\n\n\n\n<p><strong>El m\u00e1s grande<\/strong> que he hecho (200 m\u00b2), lo pint\u00e9 con un amigo en Albelda y nos cost\u00f3 <strong>5 d\u00edas<\/strong>. Dependemos mucho de la luz, del fr\u00edo, la lluvia, el aire\u2026 Pero m\u00e1s o menos un<strong> mural est\u00e1ndar<\/strong> de 30 m\u00b2 tardo <strong>1-2 d\u00edas.<\/strong><\/p>\n\n\n\n<p><\/p>\n\n\n\n<h2 class=\"wp-block-heading\">\u00bfAlg\u00fan trabajo por el que tengas especial cari\u00f1o?<\/h2>\n\n\n\n<p>Un cuadro que pinte que qued\u00f3 <strong>finalista<\/strong> para un <strong>concurso de pintura de Ibercaja<\/strong>. Es mi <strong>familia<\/strong> y no suelo pintar a nadie de mi familia nunca.. pero justo los pinto y queda finalista.<\/p>\n\n\n\n<p>De mis <strong>murales favoritos<\/strong> est\u00e1 el de <strong>Valdespartera<\/strong> que coment\u00e1bamos antes. Uno que hice en <strong>Villazonay <\/strong>que es como un puente\u2026 Tambi\u00e9n estoy pintando <strong>una serie de cuadros<\/strong> para ver si los expongo.<\/p>\n\n\n\n<p>Adem\u00e1s, ahora tengo un encargo para pintar un <strong>mural en Azuara<\/strong>, el <strong>pueblo de <\/strong><a href=\"https:\/\/kaseoreal.com\/home-kaseo\/\"><strong>Kase. O<\/strong>.<\/a><\/p>\n\n\n\n<p><\/p>\n\n\n\n<figure class=\"wp-block-gallery has-nested-images columns-default is-cropped wp-block-gallery-3 is-layout-flex wp-block-gallery-is-layout-flex\">\n<figure class=\"wp-block-image size-large\"><img loading=\"lazy\" decoding=\"async\" width=\"820\" height=\"1024\" data-id=\"40131\" src=\"https:\/\/madeinzaragoza.es\/blog\/wp-content\/uploads\/2023\/12\/NO-ES-MI-CUMPLEANOS-pintura-hector-vidal-820x1024.jpg\" alt=\"\" class=\"wp-image-40131\" srcset=\"https:\/\/madeinzaragoza.es\/blog\/wp-content\/uploads\/2023\/12\/NO-ES-MI-CUMPLEANOS-pintura-hector-vidal-820x1024.jpg 820w, https:\/\/madeinzaragoza.es\/blog\/wp-content\/uploads\/2023\/12\/NO-ES-MI-CUMPLEANOS-pintura-hector-vidal-360x450.jpg 360w, https:\/\/madeinzaragoza.es\/blog\/wp-content\/uploads\/2023\/12\/NO-ES-MI-CUMPLEANOS-pintura-hector-vidal-768x959.jpg 768w, https:\/\/madeinzaragoza.es\/blog\/wp-content\/uploads\/2023\/12\/NO-ES-MI-CUMPLEANOS-pintura-hector-vidal-1230x1536.jpg 1230w, https:\/\/madeinzaragoza.es\/blog\/wp-content\/uploads\/2023\/12\/NO-ES-MI-CUMPLEANOS-pintura-hector-vidal-1640x2048.jpg 1640w, https:\/\/madeinzaragoza.es\/blog\/wp-content\/uploads\/2023\/12\/NO-ES-MI-CUMPLEANOS-pintura-hector-vidal-1200x1498.jpg 1200w\" sizes=\"(max-width: 709px) 85vw, (max-width: 909px) 67vw, (max-width: 984px) 61vw, (max-width: 1362px) 45vw, 600px\" \/><\/figure>\n\n\n\n<figure class=\"wp-block-image size-large\"><img loading=\"lazy\" decoding=\"async\" width=\"1024\" height=\"832\" data-id=\"40129\" src=\"https:\/\/madeinzaragoza.es\/blog\/wp-content\/uploads\/2023\/12\/SAN-VALENTIN-1980-hector-vacui-1024x832.jpg\" alt=\"\" class=\"wp-image-40129\" srcset=\"https:\/\/madeinzaragoza.es\/blog\/wp-content\/uploads\/2023\/12\/SAN-VALENTIN-1980-hector-vacui-1024x832.jpg 1024w, https:\/\/madeinzaragoza.es\/blog\/wp-content\/uploads\/2023\/12\/SAN-VALENTIN-1980-hector-vacui-450x366.jpg 450w, https:\/\/madeinzaragoza.es\/blog\/wp-content\/uploads\/2023\/12\/SAN-VALENTIN-1980-hector-vacui-768x624.jpg 768w, https:\/\/madeinzaragoza.es\/blog\/wp-content\/uploads\/2023\/12\/SAN-VALENTIN-1980-hector-vacui-1536x1248.jpg 1536w, https:\/\/madeinzaragoza.es\/blog\/wp-content\/uploads\/2023\/12\/SAN-VALENTIN-1980-hector-vacui-2048x1664.jpg 2048w, https:\/\/madeinzaragoza.es\/blog\/wp-content\/uploads\/2023\/12\/SAN-VALENTIN-1980-hector-vacui-1200x975.jpg 1200w\" sizes=\"(max-width: 709px) 85vw, (max-width: 909px) 67vw, (max-width: 1362px) 62vw, 840px\" \/><\/figure>\n\n\n\n<figure class=\"wp-block-image size-large\"><img loading=\"lazy\" decoding=\"async\" width=\"839\" height=\"1024\" data-id=\"40130\" src=\"https:\/\/madeinzaragoza.es\/blog\/wp-content\/uploads\/2023\/12\/Who-is-this-hector-vacui-839x1024.jpg\" alt=\"\" class=\"wp-image-40130\" srcset=\"https:\/\/madeinzaragoza.es\/blog\/wp-content\/uploads\/2023\/12\/Who-is-this-hector-vacui-839x1024.jpg 839w, https:\/\/madeinzaragoza.es\/blog\/wp-content\/uploads\/2023\/12\/Who-is-this-hector-vacui-369x450.jpg 369w, https:\/\/madeinzaragoza.es\/blog\/wp-content\/uploads\/2023\/12\/Who-is-this-hector-vacui-768x938.jpg 768w, https:\/\/madeinzaragoza.es\/blog\/wp-content\/uploads\/2023\/12\/Who-is-this-hector-vacui-1258x1536.jpg 1258w, https:\/\/madeinzaragoza.es\/blog\/wp-content\/uploads\/2023\/12\/Who-is-this-hector-vacui-1677x2048.jpg 1677w, https:\/\/madeinzaragoza.es\/blog\/wp-content\/uploads\/2023\/12\/Who-is-this-hector-vacui-1200x1465.jpg 1200w\" sizes=\"(max-width: 709px) 85vw, (max-width: 909px) 67vw, (max-width: 984px) 61vw, (max-width: 1362px) 45vw, 600px\" \/><\/figure>\n<figcaption class=\"blocks-gallery-caption\">Trabajo de H\u00e9ctor<\/figcaption><\/figure>\n\n\n\n<p><\/p>\n\n\n\n<p>Pues ya sabes , si necesitas decorar un espacio o te apetece darle un <strong>toque \u00fanico a una pared&nbsp;<\/strong> y llenarla de arte, puedes contactar con <strong>H\u00e9ctor<\/strong> a trav\u00e9s de su<a href=\"https:\/\/www.instagram.com\/hectorvacui\/\"> Instagram<\/a> o de su propia <a href=\"https:\/\/www.hectorvacui.com\/\">p\u00e1gina web<\/a>.<\/p>\n\n\n\n<p>\u00a1No te puedes perder sus maravillosos trabajos!<\/p>\n","protected":false},"excerpt":{"rendered":"<p>Probablemente hayas visto alguno de sus impresionantes murales por la calle. Pero \u00bfEres de los que se paran a ver las obras callejeras o pasas de largo? Cr\u00e9eme, despu\u00e9s de conocer el trabajo de H\u00e9ctor Vacui, parar\u00e1s en todos los murales para comprobar si es uno de sus trabajos. Conozcamos a fondo a este artista &hellip; <a href=\"https:\/\/madeinzaragoza.es\/blog\/muralista-hector-vacui\/\" class=\"more-link\">Continuar leyendo<span class=\"screen-reader-text\"> \u00abArte a gran escala: El muralista H\u00e9ctor Vacui\u00bb<\/span><\/a><\/p>\n","protected":false},"author":84,"featured_media":40128,"comment_status":"open","ping_status":"open","sticky":false,"template":"","format":"standard","meta":{"footnotes":""},"categories":[829,9,6],"tags":[28,1337,130,24,1164,2722,1171],"yoast_head":"<!-- This site is optimized with the Yoast SEO plugin v19.7.2 - https:\/\/yoast.com\/wordpress\/plugins\/seo\/ -->\n<title>Arte a gran escala: El muralista H\u00e9ctor Vacui - Made in Zaragoza<\/title>\n<meta name=\"description\" content=\"Conoce el arte mural de H\u00e9ctor Vacui, artista catal\u00e1n residente en Zaragoza. Te explica c\u00f3mo trabaja un mural paso a paso.\" \/>\n<meta name=\"robots\" content=\"index, follow, max-snippet:-1, max-image-preview:large, max-video-preview:-1\" \/>\n<link rel=\"canonical\" href=\"https:\/\/madeinzaragoza.es\/blog\/muralista-hector-vacui\/\" \/>\n<meta property=\"og:locale\" content=\"es_ES\" \/>\n<meta property=\"og:type\" content=\"article\" \/>\n<meta property=\"og:title\" content=\"Arte a gran escala: El muralista H\u00e9ctor Vacui - Made in Zaragoza\" \/>\n<meta property=\"og:description\" content=\"Conoce el arte mural de H\u00e9ctor Vacui, artista catal\u00e1n residente en Zaragoza. Te explica c\u00f3mo trabaja un mural paso a paso.\" \/>\n<meta property=\"og:url\" content=\"https:\/\/madeinzaragoza.es\/blog\/muralista-hector-vacui\/\" \/>\n<meta property=\"og:site_name\" content=\"Made in Zaragoza\" \/>\n<meta property=\"article:publisher\" content=\"https:\/\/www.facebook.com\/madeinzaragoza.es\/\" \/>\n<meta property=\"article:published_time\" content=\"2023-12-26T16:20:00+00:00\" \/>\n<meta property=\"article:modified_time\" content=\"2023-12-30T15:21:41+00:00\" \/>\n<meta property=\"og:image\" content=\"https:\/\/madeinzaragoza.es\/blog\/wp-content\/uploads\/2023\/12\/Hector-Vacui-muralista.jpg\" \/>\n\t<meta property=\"og:image:width\" content=\"1920\" \/>\n\t<meta property=\"og:image:height\" content=\"1280\" \/>\n\t<meta property=\"og:image:type\" content=\"image\/jpeg\" \/>\n<meta name=\"author\" content=\"Nagore Delgado\" \/>\n<meta name=\"twitter:card\" content=\"summary\" \/>\n<meta name=\"twitter:creator\" content=\"@madeinzaragoza\" \/>\n<meta name=\"twitter:site\" content=\"@madeinzaragoza\" \/>\n<meta name=\"twitter:label1\" content=\"Escrito por\" \/>\n\t<meta name=\"twitter:data1\" content=\"Nagore Delgado\" \/>\n\t<meta name=\"twitter:label2\" content=\"Tiempo de lectura\" \/>\n\t<meta name=\"twitter:data2\" content=\"10 minutos\" \/>\n<script type=\"application\/ld+json\" class=\"yoast-schema-graph\">{\"@context\":\"https:\/\/schema.org\",\"@graph\":[{\"@type\":\"Article\",\"@id\":\"https:\/\/madeinzaragoza.es\/blog\/muralista-hector-vacui\/#article\",\"isPartOf\":{\"@id\":\"https:\/\/madeinzaragoza.es\/blog\/muralista-hector-vacui\/\"},\"author\":{\"name\":\"Nagore Delgado\",\"@id\":\"https:\/\/madeinzaragoza.es\/blog\/#\/schema\/person\/9a0b249cbeeadd393f2fe8a350f05bae\"},\"headline\":\"Arte a gran escala: El muralista H\u00e9ctor Vacui\",\"datePublished\":\"2023-12-26T16:20:00+00:00\",\"dateModified\":\"2023-12-30T15:21:41+00:00\",\"mainEntityOfPage\":{\"@id\":\"https:\/\/madeinzaragoza.es\/blog\/muralista-hector-vacui\/\"},\"wordCount\":1648,\"commentCount\":0,\"publisher\":{\"@id\":\"https:\/\/madeinzaragoza.es\/blog\/#organization\"},\"keywords\":[\"creatividad\",\"Cultura\",\"emprendedores\",\"entrevista\",\"intervenci\u00f3n mural\",\"mural\",\"muralismo\"],\"articleSection\":[\"Cultura\",\"Econom\u00eda Creativa\",\"Gente\"],\"inLanguage\":\"es\",\"potentialAction\":[{\"@type\":\"CommentAction\",\"name\":\"Comment\",\"target\":[\"https:\/\/madeinzaragoza.es\/blog\/muralista-hector-vacui\/#respond\"]}]},{\"@type\":\"WebPage\",\"@id\":\"https:\/\/madeinzaragoza.es\/blog\/muralista-hector-vacui\/\",\"url\":\"https:\/\/madeinzaragoza.es\/blog\/muralista-hector-vacui\/\",\"name\":\"Arte a gran escala: El muralista H\u00e9ctor Vacui - Made in Zaragoza\",\"isPartOf\":{\"@id\":\"https:\/\/madeinzaragoza.es\/blog\/#website\"},\"datePublished\":\"2023-12-26T16:20:00+00:00\",\"dateModified\":\"2023-12-30T15:21:41+00:00\",\"description\":\"Conoce el arte mural de H\u00e9ctor Vacui, artista catal\u00e1n residente en Zaragoza. Te explica c\u00f3mo trabaja un mural paso a paso.\",\"breadcrumb\":{\"@id\":\"https:\/\/madeinzaragoza.es\/blog\/muralista-hector-vacui\/#breadcrumb\"},\"inLanguage\":\"es\",\"potentialAction\":[{\"@type\":\"ReadAction\",\"target\":[\"https:\/\/madeinzaragoza.es\/blog\/muralista-hector-vacui\/\"]}]},{\"@type\":\"BreadcrumbList\",\"@id\":\"https:\/\/madeinzaragoza.es\/blog\/muralista-hector-vacui\/#breadcrumb\",\"itemListElement\":[{\"@type\":\"ListItem\",\"position\":1,\"name\":\"Portada\",\"item\":\"https:\/\/madeinzaragoza.es\/blog\/\"},{\"@type\":\"ListItem\",\"position\":2,\"name\":\"Arte a gran escala: El muralista H\u00e9ctor Vacui\"}]},{\"@type\":\"WebSite\",\"@id\":\"https:\/\/madeinzaragoza.es\/blog\/#website\",\"url\":\"https:\/\/madeinzaragoza.es\/blog\/\",\"name\":\"Made in Zaragoza\",\"description\":\"Blog de MadeinZGZ, Red de Econom\u00eda Creativa de Zaragoza\",\"publisher\":{\"@id\":\"https:\/\/madeinzaragoza.es\/blog\/#organization\"},\"potentialAction\":[{\"@type\":\"SearchAction\",\"target\":{\"@type\":\"EntryPoint\",\"urlTemplate\":\"https:\/\/madeinzaragoza.es\/blog\/?s={search_term_string}\"},\"query-input\":\"required name=search_term_string\"}],\"inLanguage\":\"es\"},{\"@type\":\"Organization\",\"@id\":\"https:\/\/madeinzaragoza.es\/blog\/#organization\",\"name\":\"Made In Zaragoza\",\"url\":\"https:\/\/madeinzaragoza.es\/blog\/\",\"sameAs\":[\"https:\/\/www.instagram.com\/madeinzaragoza.es\/\",\"https:\/\/www.facebook.com\/madeinzaragoza.es\/\",\"https:\/\/twitter.com\/madeinzaragoza\"],\"logo\":{\"@type\":\"ImageObject\",\"inLanguage\":\"es\",\"@id\":\"https:\/\/madeinzaragoza.es\/blog\/#\/schema\/logo\/image\/\",\"url\":\"https:\/\/madeinzaragoza.es\/blog\/wp-content\/uploads\/2022\/05\/logo.png\",\"contentUrl\":\"https:\/\/madeinzaragoza.es\/blog\/wp-content\/uploads\/2022\/05\/logo.png\",\"width\":193,\"height\":176,\"caption\":\"Made In Zaragoza\"},\"image\":{\"@id\":\"https:\/\/madeinzaragoza.es\/blog\/#\/schema\/logo\/image\/\"}},{\"@type\":\"Person\",\"@id\":\"https:\/\/madeinzaragoza.es\/blog\/#\/schema\/person\/9a0b249cbeeadd393f2fe8a350f05bae\",\"name\":\"Nagore Delgado\",\"image\":{\"@type\":\"ImageObject\",\"inLanguage\":\"es\",\"@id\":\"https:\/\/madeinzaragoza.es\/blog\/#\/schema\/person\/image\/\",\"url\":\"https:\/\/secure.gravatar.com\/avatar\/e938711838316a554100b9066f648c31?s=96&d=mm&r=g\",\"contentUrl\":\"https:\/\/secure.gravatar.com\/avatar\/e938711838316a554100b9066f648c31?s=96&d=mm&r=g\",\"caption\":\"Nagore Delgado\"},\"description\":\"Amante de la creatividad y de los proyectos con mucha alma. Mezclo mis dos pasiones, la fotograf\u00eda con el Marketing Digital. Creo y gestiono contenido y estrategias para las RRSS y blogs, a la vez que hago mis pinitos en el mundo del Dise\u00f1o Gr\u00e1fico. Imprescindible la comunicaci\u00f3n, en todas sus formas, pero siempre clara y transparente \u00a1Nos vemos en las redes!\",\"url\":\"https:\/\/madeinzaragoza.es\/blog\/author\/nagoredelgado\/\"}]}<\/script>\n<!-- \/ Yoast SEO plugin. -->","yoast_head_json":{"title":"Arte a gran escala: El muralista H\u00e9ctor Vacui - Made in Zaragoza","description":"Conoce el arte mural de H\u00e9ctor Vacui, artista catal\u00e1n residente en Zaragoza. Te explica c\u00f3mo trabaja un mural paso a paso.","robots":{"index":"index","follow":"follow","max-snippet":"max-snippet:-1","max-image-preview":"max-image-preview:large","max-video-preview":"max-video-preview:-1"},"canonical":"https:\/\/madeinzaragoza.es\/blog\/muralista-hector-vacui\/","og_locale":"es_ES","og_type":"article","og_title":"Arte a gran escala: El muralista H\u00e9ctor Vacui - Made in Zaragoza","og_description":"Conoce el arte mural de H\u00e9ctor Vacui, artista catal\u00e1n residente en Zaragoza. Te explica c\u00f3mo trabaja un mural paso a paso.","og_url":"https:\/\/madeinzaragoza.es\/blog\/muralista-hector-vacui\/","og_site_name":"Made in Zaragoza","article_publisher":"https:\/\/www.facebook.com\/madeinzaragoza.es\/","article_published_time":"2023-12-26T16:20:00+00:00","article_modified_time":"2023-12-30T15:21:41+00:00","og_image":[{"width":1920,"height":1280,"url":"https:\/\/madeinzaragoza.es\/blog\/wp-content\/uploads\/2023\/12\/Hector-Vacui-muralista.jpg","type":"image\/jpeg"}],"author":"Nagore Delgado","twitter_card":"summary","twitter_creator":"@madeinzaragoza","twitter_site":"@madeinzaragoza","twitter_misc":{"Escrito por":"Nagore Delgado","Tiempo de lectura":"10 minutos"},"schema":{"@context":"https:\/\/schema.org","@graph":[{"@type":"Article","@id":"https:\/\/madeinzaragoza.es\/blog\/muralista-hector-vacui\/#article","isPartOf":{"@id":"https:\/\/madeinzaragoza.es\/blog\/muralista-hector-vacui\/"},"author":{"name":"Nagore Delgado","@id":"https:\/\/madeinzaragoza.es\/blog\/#\/schema\/person\/9a0b249cbeeadd393f2fe8a350f05bae"},"headline":"Arte a gran escala: El muralista H\u00e9ctor Vacui","datePublished":"2023-12-26T16:20:00+00:00","dateModified":"2023-12-30T15:21:41+00:00","mainEntityOfPage":{"@id":"https:\/\/madeinzaragoza.es\/blog\/muralista-hector-vacui\/"},"wordCount":1648,"commentCount":0,"publisher":{"@id":"https:\/\/madeinzaragoza.es\/blog\/#organization"},"keywords":["creatividad","Cultura","emprendedores","entrevista","intervenci\u00f3n mural","mural","muralismo"],"articleSection":["Cultura","Econom\u00eda Creativa","Gente"],"inLanguage":"es","potentialAction":[{"@type":"CommentAction","name":"Comment","target":["https:\/\/madeinzaragoza.es\/blog\/muralista-hector-vacui\/#respond"]}]},{"@type":"WebPage","@id":"https:\/\/madeinzaragoza.es\/blog\/muralista-hector-vacui\/","url":"https:\/\/madeinzaragoza.es\/blog\/muralista-hector-vacui\/","name":"Arte a gran escala: El muralista H\u00e9ctor Vacui - Made in Zaragoza","isPartOf":{"@id":"https:\/\/madeinzaragoza.es\/blog\/#website"},"datePublished":"2023-12-26T16:20:00+00:00","dateModified":"2023-12-30T15:21:41+00:00","description":"Conoce el arte mural de H\u00e9ctor Vacui, artista catal\u00e1n residente en Zaragoza. Te explica c\u00f3mo trabaja un mural paso a paso.","breadcrumb":{"@id":"https:\/\/madeinzaragoza.es\/blog\/muralista-hector-vacui\/#breadcrumb"},"inLanguage":"es","potentialAction":[{"@type":"ReadAction","target":["https:\/\/madeinzaragoza.es\/blog\/muralista-hector-vacui\/"]}]},{"@type":"BreadcrumbList","@id":"https:\/\/madeinzaragoza.es\/blog\/muralista-hector-vacui\/#breadcrumb","itemListElement":[{"@type":"ListItem","position":1,"name":"Portada","item":"https:\/\/madeinzaragoza.es\/blog\/"},{"@type":"ListItem","position":2,"name":"Arte a gran escala: El muralista H\u00e9ctor Vacui"}]},{"@type":"WebSite","@id":"https:\/\/madeinzaragoza.es\/blog\/#website","url":"https:\/\/madeinzaragoza.es\/blog\/","name":"Made in Zaragoza","description":"Blog de MadeinZGZ, Red de Econom\u00eda Creativa de Zaragoza","publisher":{"@id":"https:\/\/madeinzaragoza.es\/blog\/#organization"},"potentialAction":[{"@type":"SearchAction","target":{"@type":"EntryPoint","urlTemplate":"https:\/\/madeinzaragoza.es\/blog\/?s={search_term_string}"},"query-input":"required name=search_term_string"}],"inLanguage":"es"},{"@type":"Organization","@id":"https:\/\/madeinzaragoza.es\/blog\/#organization","name":"Made In Zaragoza","url":"https:\/\/madeinzaragoza.es\/blog\/","sameAs":["https:\/\/www.instagram.com\/madeinzaragoza.es\/","https:\/\/www.facebook.com\/madeinzaragoza.es\/","https:\/\/twitter.com\/madeinzaragoza"],"logo":{"@type":"ImageObject","inLanguage":"es","@id":"https:\/\/madeinzaragoza.es\/blog\/#\/schema\/logo\/image\/","url":"https:\/\/madeinzaragoza.es\/blog\/wp-content\/uploads\/2022\/05\/logo.png","contentUrl":"https:\/\/madeinzaragoza.es\/blog\/wp-content\/uploads\/2022\/05\/logo.png","width":193,"height":176,"caption":"Made In Zaragoza"},"image":{"@id":"https:\/\/madeinzaragoza.es\/blog\/#\/schema\/logo\/image\/"}},{"@type":"Person","@id":"https:\/\/madeinzaragoza.es\/blog\/#\/schema\/person\/9a0b249cbeeadd393f2fe8a350f05bae","name":"Nagore Delgado","image":{"@type":"ImageObject","inLanguage":"es","@id":"https:\/\/madeinzaragoza.es\/blog\/#\/schema\/person\/image\/","url":"https:\/\/secure.gravatar.com\/avatar\/e938711838316a554100b9066f648c31?s=96&d=mm&r=g","contentUrl":"https:\/\/secure.gravatar.com\/avatar\/e938711838316a554100b9066f648c31?s=96&d=mm&r=g","caption":"Nagore Delgado"},"description":"Amante de la creatividad y de los proyectos con mucha alma. Mezclo mis dos pasiones, la fotograf\u00eda con el Marketing Digital. Creo y gestiono contenido y estrategias para las RRSS y blogs, a la vez que hago mis pinitos en el mundo del Dise\u00f1o Gr\u00e1fico. Imprescindible la comunicaci\u00f3n, en todas sus formas, pero siempre clara y transparente \u00a1Nos vemos en las redes!","url":"https:\/\/madeinzaragoza.es\/blog\/author\/nagoredelgado\/"}]}},"_links":{"self":[{"href":"https:\/\/madeinzaragoza.es\/blog\/wp-json\/wp\/v2\/posts\/40111"}],"collection":[{"href":"https:\/\/madeinzaragoza.es\/blog\/wp-json\/wp\/v2\/posts"}],"about":[{"href":"https:\/\/madeinzaragoza.es\/blog\/wp-json\/wp\/v2\/types\/post"}],"author":[{"embeddable":true,"href":"https:\/\/madeinzaragoza.es\/blog\/wp-json\/wp\/v2\/users\/84"}],"replies":[{"embeddable":true,"href":"https:\/\/madeinzaragoza.es\/blog\/wp-json\/wp\/v2\/comments?post=40111"}],"version-history":[{"count":9,"href":"https:\/\/madeinzaragoza.es\/blog\/wp-json\/wp\/v2\/posts\/40111\/revisions"}],"predecessor-version":[{"id":40230,"href":"https:\/\/madeinzaragoza.es\/blog\/wp-json\/wp\/v2\/posts\/40111\/revisions\/40230"}],"wp:featuredmedia":[{"embeddable":true,"href":"https:\/\/madeinzaragoza.es\/blog\/wp-json\/wp\/v2\/media\/40128"}],"wp:attachment":[{"href":"https:\/\/madeinzaragoza.es\/blog\/wp-json\/wp\/v2\/media?parent=40111"}],"wp:term":[{"taxonomy":"category","embeddable":true,"href":"https:\/\/madeinzaragoza.es\/blog\/wp-json\/wp\/v2\/categories?post=40111"},{"taxonomy":"post_tag","embeddable":true,"href":"https:\/\/madeinzaragoza.es\/blog\/wp-json\/wp\/v2\/tags?post=40111"}],"curies":[{"name":"wp","href":"https:\/\/api.w.org\/{rel}","templated":true}]}}