{"id":40005,"date":"2023-12-14T10:00:00","date_gmt":"2023-12-14T09:00:00","guid":{"rendered":"https:\/\/madeinzaragoza.es\/blog\/?p=40005"},"modified":"2023-12-12T12:39:42","modified_gmt":"2023-12-12T11:39:42","slug":"miz-lab8-resultados-en-redes-sociales-para-el-arquetipo","status":"publish","type":"post","link":"https:\/\/madeinzaragoza.es\/blog\/miz-lab8-resultados-en-redes-sociales-para-el-arquetipo\/","title":{"rendered":"MIZ-Lab8: resultados en redes sociales para El Arquetipo"},"content":{"rendered":"\n<p>Hemos acabado las sesiones de trabajo con el proyecto elegido en este<strong> <a href=\"https:\/\/madeinzaragoza.es\/mizlab\/\" target=\"_blank\" rel=\"noreferrer noopener\">MIZLab 8<\/a><\/strong> de <strong>Made In Zaragoza<\/strong>: <strong><a href=\"https:\/\/davidballestar.es\/\" target=\"_blank\" rel=\"noreferrer noopener\">El Arquetipo<\/a><\/strong>. El Arquetipo <strong>es un taller de escultura creativa de Zaragoza<\/strong>, que lleva el escultor<strong> David Ballestar.<\/strong> Con David, hemos definido ya la estrategia a seguir para los pr\u00f3ximos meses, marcado objetivos, y hecho un calendario editorial para <strong>conseguir resultados en redes sociales<\/strong>.<\/p>\n\n\n\n<p>Conseguir resultados en redes sociales no es tarea f\u00e1cil: necesitas constancia, compromiso con tu marca, y aprender una serie de pautas de trabaja que te har\u00e1n la vida m\u00e1s f\u00e1cil, a la hora de<strong> <a href=\"https:\/\/madeinzaragoza.es\/blog\/miz-lab8-definiendo-la-estrategia-social-media-para-el-arquetipo\/\" target=\"_blank\" rel=\"noreferrer noopener\">comunicar lo que haces en redes sociales<\/a><\/strong>. <\/p>\n\n\n\n<h2 class=\"wp-block-heading\">C\u00f3mo conseguir resultados en redes sociales para tu negocio<\/h2>\n\n\n\n<p>Ya hace unos a\u00f1os, las redes sociales se han convertido en una herramienta fundamental para emprendedores y empresas. Tener resultados en redes sociales no es cosa de magia. Si que necesitas invertir tiempo y recursos en ello, pero se logran resultados reales si tienes el compromiso necesario. <\/p>\n\n\n\n<h2 class=\"wp-block-heading\">\u00bfQu\u00e9 necesitas para tener resultados en redes sociales?<\/h2>\n\n\n\n<h3 class=\"wp-block-heading\">1. Comprender la p\u00fablico objetivo y marcar objetivos definidos<\/h3>\n\n\n\n<p>Antes de publicar nada en las redes sociales, es esencial <strong>comprender la audiencia objetivo<\/strong>. Investigar sus preferencias, comportamientos y necesidades allana el camino para crear contenido relevante. <\/p>\n\n\n\n<p>Adem\u00e1s, hay que <strong>establecer objetivos claros<\/strong> que nos ayuden a tener una direcci\u00f3n y permite evaluar el \u00e9xito y resultados en redes sociales.<\/p>\n\n\n\n<p>Con David, hemos delimitado los objetivos tanto por redes sociales existentes, como a la hora de ganar palabras clave en su blog. <\/p>\n\n\n\n<h3 class=\"wp-block-heading\">2. Apuesta por las mejores redes sociales <\/h3>\n\n\n\n<p>Un error muy com\u00fan que impide lograr resultados en redes sociales elegirlas mal.<\/p>\n\n\n\n<p>No todas las redes sociales son iguales. Analiza las caracter\u00edsticas de cada red social y alinealas con los objetivos y la audiencia es esencial. <\/p>\n\n\n\n<h3 class=\"wp-block-heading\">3. Contenido que hable de los beneficios de lo que ofreces<\/h3>\n\n\n\n<p>La creaci\u00f3n de contenido es el coraz\u00f3n de cualquier<strong> estrategia en redes sociales<\/strong>. <\/p>\n\n\n\n<p>As\u00ed, con David, hemos <strong>analizado a la competencia en redes sociales<\/strong>, y hemos visto sus mejores contenidos. Tambi\u00e9n lo hemos hecho con los propios.<\/p>\n\n\n\n<p>Esta visi\u00f3n de conjunto nos permite definir los siguientes contenidos a publicar en las redes sociales de El Arquetipo. <\/p>\n\n\n\n<h3 class=\"wp-block-heading\">4. Fomentar la Interacci\u00f3n y Construir Comunidad<\/h3>\n\n\n\n<p>La interacci\u00f3n va m\u00e1s all\u00e1 de los \u00abme gusta\u00bb y los comentarios. Fomentar la participaci\u00f3n activa construye una comunidad comprometida con nuestra marca.<\/p>\n\n\n\n<p>Hablando con David, hemos definido estrategias que van m\u00e1s all\u00e1 de publicar en redes sociales. Desde monitorizar a la competencia, captar seguidores de otras cuentas, e interactuar con los seguidores m\u00e1s activos en redes sociales, dentro de nuestro nicho.<\/p>\n\n\n\n<h3 class=\"wp-block-heading\">5. Revisa lo que publicas<\/h3>\n\n\n\n<p>Para mejorar en resultados en redes sociales, es clave <strong>analizar regularmente las m\u00e9tricas<\/strong> y analizar la informaci\u00f3n sobre el rendimiento de las campa\u00f1as en redes sociales. <\/p>\n\n\n\n<p>Estar dispuesto a ajustar estrategias seg\u00fan los datos es esencial para la mejora continua.<\/p>\n\n\n\n<p>Para ello, David dispone de un documento donde anota el rendimiento de las redes sociales y la web\/blog, para ver tendencias y saber interpretar los resultados de redes sociales. <\/p>\n\n\n\n<p><strong>6. Colabora con tus usuarios<\/strong><\/p>\n\n\n\n<p>Muchas marcas no dan voz a los usuarios que utilizan y recomiendan su producto o servicio. <\/p>\n\n\n\n<p>As\u00ed, con David de El Arquetipo hemos visto c\u00f3mo puede utilizar el potenciar de otros negocios, y de los usuarios que vienen a sus talleres semanalmente, como veh\u00edculos para potenciar su contenido, y lograr as\u00ed mejores resultados. <\/p>\n\n\n\n<p><strong>7. Varia el contenido<\/strong><\/p>\n\n\n\n<p><strong>Los buenos resultados en redes sociales llegan tambi\u00e9n si no haces siempre lo mismo<\/strong>.<\/p>\n\n\n\n<p>Para ello, diversifica los formatos en redes sociales, comunica lo mismo, pero de diferente forma. Sorprende a tu audiencia, publica en momentos \u00abvalle\u00bb. Haz cosas que en principio, no las ver\u00edan en redes sociales. <\/p>\n\n\n\n<h3 class=\"wp-block-heading\">8. Uso de Palabras Clave<\/h3>\n\n\n\n<p>La optimizaci\u00f3n de perfiles y el <strong>uso de palabras clave<\/strong> no solo mejoran la visibilidad en las redes, sino que tambi\u00e9n facilitan la b\u00fasqueda por parte de nuevos seguidores interesados en el contenido ofrecido.<\/p>\n\n\n\n<p>Las palabras clave no son otra cosa que las palabras y t\u00e9rminos por los que nos encuentran, tanto en Google, como en redes sociales. <\/p>\n\n\n\n<p>Tienes que identificar esas palabras clave, y ponerlas en tus descripciones de redes, en tus post, en tus contenidos multimedia (fotos y v\u00eddeos). Esto te permite posicionar tus contenidos y lograr, a la larga, mejores resultados. <\/p>\n\n\n\n<h2 class=\"wp-block-heading\">Conclusi\u00f3n: los resultados en redes sociales no son magia<\/h2>\n\n\n\n<p>As\u00ed, el \u00e9xito en las redes sociales no ocurre por accidente. Requiere una comprensi\u00f3n profunda de la audiencia, una estrategia bien planificada, contenido creativo y la capacidad de adaptarse a un entorno en constante cambio. <\/p>\n\n\n\n<p>Trabaja duro la comunicaci\u00f3n en redes sociales, define tu estrategia, monitoriza a tu competencia, y edita los mejores contenidos posibles. Y los resultados en redes sociales llegar\u00e1n. <\/p>\n","protected":false},"excerpt":{"rendered":"<p>Hemos acabado las sesiones de trabajo con el proyecto elegido en este MIZLab 8 de Made In Zaragoza: El Arquetipo. El Arquetipo es un taller de escultura creativa de Zaragoza, que lleva el escultor David Ballestar. Con David, hemos definido ya la estrategia a seguir para los pr\u00f3ximos meses, marcado objetivos, y hecho un calendario &hellip; <a href=\"https:\/\/madeinzaragoza.es\/blog\/miz-lab8-resultados-en-redes-sociales-para-el-arquetipo\/\" class=\"more-link\">Continuar leyendo<span class=\"screen-reader-text\"> \u00abMIZ-Lab8: resultados en redes sociales para El Arquetipo\u00bb<\/span><\/a><\/p>\n","protected":false},"author":63,"featured_media":40008,"comment_status":"open","ping_status":"open","sticky":false,"template":"","format":"standard","meta":{"footnotes":""},"categories":[1554],"tags":[2286,2742,1823,1910,1614,2714,2743,346],"yoast_head":"<!-- This site is optimized with the Yoast SEO plugin v19.7.2 - https:\/\/yoast.com\/wordpress\/plugins\/seo\/ -->\n<title>MIZ-Lab8: resultados en redes sociales para El Arquetipo<\/title>\n<meta name=\"description\" content=\"Hemos definido ya la estrategia a seguir, marcado objetivos, y hecho un calendario editorial para conseguir resultados en redes sociales.\" \/>\n<meta name=\"robots\" content=\"index, follow, max-snippet:-1, max-image-preview:large, max-video-preview:-1\" \/>\n<link rel=\"canonical\" href=\"https:\/\/madeinzaragoza.es\/blog\/miz-lab8-resultados-en-redes-sociales-para-el-arquetipo\/\" \/>\n<meta property=\"og:locale\" content=\"es_ES\" \/>\n<meta property=\"og:type\" content=\"article\" \/>\n<meta property=\"og:title\" content=\"MIZ-Lab8: resultados en redes sociales para El Arquetipo\" \/>\n<meta property=\"og:description\" content=\"Hemos definido ya la estrategia a seguir, marcado objetivos, y hecho un calendario editorial para conseguir resultados en redes sociales.\" \/>\n<meta property=\"og:url\" content=\"https:\/\/madeinzaragoza.es\/blog\/miz-lab8-resultados-en-redes-sociales-para-el-arquetipo\/\" \/>\n<meta property=\"og:site_name\" content=\"Made in Zaragoza\" \/>\n<meta property=\"article:publisher\" content=\"https:\/\/www.facebook.com\/madeinzaragoza.es\/\" \/>\n<meta property=\"article:published_time\" content=\"2023-12-14T09:00:00+00:00\" \/>\n<meta property=\"article:modified_time\" content=\"2023-12-12T11:39:42+00:00\" \/>\n<meta property=\"og:image\" content=\"https:\/\/madeinzaragoza.es\/blog\/wp-content\/uploads\/2023\/12\/MIZLab8-resultados-en-redes-sociales-para-El-Arquetipo.png\" \/>\n\t<meta property=\"og:image:width\" content=\"1024\" \/>\n\t<meta property=\"og:image:height\" content=\"512\" \/>\n\t<meta property=\"og:image:type\" content=\"image\/png\" \/>\n<meta name=\"author\" content=\"Fernando Cebolla\" \/>\n<meta name=\"twitter:card\" content=\"summary\" \/>\n<meta name=\"twitter:creator\" content=\"@fcpsocialmedia\" \/>\n<meta name=\"twitter:site\" content=\"@madeinzaragoza\" \/>\n<meta name=\"twitter:label1\" content=\"Escrito por\" \/>\n\t<meta name=\"twitter:data1\" content=\"Fernando Cebolla\" \/>\n\t<meta name=\"twitter:label2\" content=\"Tiempo de lectura\" \/>\n\t<meta name=\"twitter:data2\" content=\"4 minutos\" \/>\n<script type=\"application\/ld+json\" class=\"yoast-schema-graph\">{\"@context\":\"https:\/\/schema.org\",\"@graph\":[{\"@type\":\"Article\",\"@id\":\"https:\/\/madeinzaragoza.es\/blog\/miz-lab8-resultados-en-redes-sociales-para-el-arquetipo\/#article\",\"isPartOf\":{\"@id\":\"https:\/\/madeinzaragoza.es\/blog\/miz-lab8-resultados-en-redes-sociales-para-el-arquetipo\/\"},\"author\":{\"name\":\"Fernando Cebolla\",\"@id\":\"http:\/\/madeinzaragoza.es\/blog\/#\/schema\/person\/dfd0dc5fdb51dc5dcd948dc49fce07b0\"},\"headline\":\"MIZ-Lab8: resultados en redes sociales para El Arquetipo\",\"datePublished\":\"2023-12-14T09:00:00+00:00\",\"dateModified\":\"2023-12-12T11:39:42+00:00\",\"mainEntityOfPage\":{\"@id\":\"https:\/\/madeinzaragoza.es\/blog\/miz-lab8-resultados-en-redes-sociales-para-el-arquetipo\/\"},\"wordCount\":821,\"commentCount\":0,\"publisher\":{\"@id\":\"http:\/\/madeinzaragoza.es\/blog\/#organization\"},\"keywords\":[\"David Ballestar\",\"El Arquetipo\",\"laboratorio de innovaci\u00f3n comercial\",\"Laboratorio Innovaci\u00f3n Comercial\",\"MIZ-LAB\",\"Mizlab8\",\"taller escultura creativa\",\"Zaragoza Activa\"],\"articleSection\":[\"MIZ-Lab\"],\"inLanguage\":\"es\",\"potentialAction\":[{\"@type\":\"CommentAction\",\"name\":\"Comment\",\"target\":[\"https:\/\/madeinzaragoza.es\/blog\/miz-lab8-resultados-en-redes-sociales-para-el-arquetipo\/#respond\"]}]},{\"@type\":\"WebPage\",\"@id\":\"https:\/\/madeinzaragoza.es\/blog\/miz-lab8-resultados-en-redes-sociales-para-el-arquetipo\/\",\"url\":\"https:\/\/madeinzaragoza.es\/blog\/miz-lab8-resultados-en-redes-sociales-para-el-arquetipo\/\",\"name\":\"MIZ-Lab8: resultados en redes sociales para El Arquetipo\",\"isPartOf\":{\"@id\":\"http:\/\/madeinzaragoza.es\/blog\/#website\"},\"datePublished\":\"2023-12-14T09:00:00+00:00\",\"dateModified\":\"2023-12-12T11:39:42+00:00\",\"description\":\"Hemos definido ya la estrategia a seguir, marcado objetivos, y hecho un calendario editorial para conseguir resultados en redes sociales.\",\"breadcrumb\":{\"@id\":\"https:\/\/madeinzaragoza.es\/blog\/miz-lab8-resultados-en-redes-sociales-para-el-arquetipo\/#breadcrumb\"},\"inLanguage\":\"es\",\"potentialAction\":[{\"@type\":\"ReadAction\",\"target\":[\"https:\/\/madeinzaragoza.es\/blog\/miz-lab8-resultados-en-redes-sociales-para-el-arquetipo\/\"]}]},{\"@type\":\"BreadcrumbList\",\"@id\":\"https:\/\/madeinzaragoza.es\/blog\/miz-lab8-resultados-en-redes-sociales-para-el-arquetipo\/#breadcrumb\",\"itemListElement\":[{\"@type\":\"ListItem\",\"position\":1,\"name\":\"Portada\",\"item\":\"http:\/\/madeinzaragoza.es\/blog\/\"},{\"@type\":\"ListItem\",\"position\":2,\"name\":\"MIZ-Lab8: resultados en redes sociales para El Arquetipo\"}]},{\"@type\":\"WebSite\",\"@id\":\"http:\/\/madeinzaragoza.es\/blog\/#website\",\"url\":\"http:\/\/madeinzaragoza.es\/blog\/\",\"name\":\"Made in Zaragoza\",\"description\":\"Blog de MadeinZGZ, Red de Econom\u00eda Creativa de Zaragoza\",\"publisher\":{\"@id\":\"http:\/\/madeinzaragoza.es\/blog\/#organization\"},\"potentialAction\":[{\"@type\":\"SearchAction\",\"target\":{\"@type\":\"EntryPoint\",\"urlTemplate\":\"http:\/\/madeinzaragoza.es\/blog\/?s={search_term_string}\"},\"query-input\":\"required name=search_term_string\"}],\"inLanguage\":\"es\"},{\"@type\":\"Organization\",\"@id\":\"http:\/\/madeinzaragoza.es\/blog\/#organization\",\"name\":\"Made In Zaragoza\",\"url\":\"http:\/\/madeinzaragoza.es\/blog\/\",\"sameAs\":[\"https:\/\/www.instagram.com\/madeinzaragoza.es\/\",\"https:\/\/www.facebook.com\/madeinzaragoza.es\/\",\"https:\/\/twitter.com\/madeinzaragoza\"],\"logo\":{\"@type\":\"ImageObject\",\"inLanguage\":\"es\",\"@id\":\"http:\/\/madeinzaragoza.es\/blog\/#\/schema\/logo\/image\/\",\"url\":\"https:\/\/madeinzaragoza.es\/blog\/wp-content\/uploads\/2022\/05\/logo.png\",\"contentUrl\":\"https:\/\/madeinzaragoza.es\/blog\/wp-content\/uploads\/2022\/05\/logo.png\",\"width\":193,\"height\":176,\"caption\":\"Made In Zaragoza\"},\"image\":{\"@id\":\"http:\/\/madeinzaragoza.es\/blog\/#\/schema\/logo\/image\/\"}},{\"@type\":\"Person\",\"@id\":\"http:\/\/madeinzaragoza.es\/blog\/#\/schema\/person\/dfd0dc5fdb51dc5dcd948dc49fce07b0\",\"name\":\"Fernando Cebolla\",\"image\":{\"@type\":\"ImageObject\",\"inLanguage\":\"es\",\"@id\":\"http:\/\/madeinzaragoza.es\/blog\/#\/schema\/person\/image\/\",\"url\":\"https:\/\/secure.gravatar.com\/avatar\/bf5c705d25b1b881bc79c29530006274?s=96&d=mm&r=g\",\"contentUrl\":\"https:\/\/secure.gravatar.com\/avatar\/bf5c705d25b1b881bc79c29530006274?s=96&d=mm&r=g\",\"caption\":\"Fernando Cebolla\"},\"description\":\"Fernando Cebolla es consultor de comunicaci\u00f3n digital de emprendedores en el MIZ-Lab, especializado en visibilidad y estrategia digital para empresas. Como Social Media Manager, ayuda a negocios a ganar alcance, contactos y reputaci\u00f3n en redes sociales, conectando su mensaje con las audiencias adecuadas.\",\"sameAs\":[\"http:\/\/fernandocebolla.com\/\",\"https:\/\/www.instagram.com\/tusocialmediamanager\/?hl=es\",\"https:\/\/www.linkedin.com\/in\/fernandocebollapola\/?originalSubdomain=es\",\"https:\/\/twitter.com\/fcpsocialmedia\"],\"url\":\"https:\/\/madeinzaragoza.es\/blog\/author\/fernandocebolla\/\"}]}<\/script>\n<!-- \/ Yoast SEO plugin. -->","yoast_head_json":{"title":"MIZ-Lab8: resultados en redes sociales para El Arquetipo","description":"Hemos definido ya la estrategia a seguir, marcado objetivos, y hecho un calendario editorial para conseguir resultados en redes sociales.","robots":{"index":"index","follow":"follow","max-snippet":"max-snippet:-1","max-image-preview":"max-image-preview:large","max-video-preview":"max-video-preview:-1"},"canonical":"https:\/\/madeinzaragoza.es\/blog\/miz-lab8-resultados-en-redes-sociales-para-el-arquetipo\/","og_locale":"es_ES","og_type":"article","og_title":"MIZ-Lab8: resultados en redes sociales para El Arquetipo","og_description":"Hemos definido ya la estrategia a seguir, marcado objetivos, y hecho un calendario editorial para conseguir resultados en redes sociales.","og_url":"https:\/\/madeinzaragoza.es\/blog\/miz-lab8-resultados-en-redes-sociales-para-el-arquetipo\/","og_site_name":"Made in Zaragoza","article_publisher":"https:\/\/www.facebook.com\/madeinzaragoza.es\/","article_published_time":"2023-12-14T09:00:00+00:00","article_modified_time":"2023-12-12T11:39:42+00:00","og_image":[{"width":1024,"height":512,"url":"https:\/\/madeinzaragoza.es\/blog\/wp-content\/uploads\/2023\/12\/MIZLab8-resultados-en-redes-sociales-para-El-Arquetipo.png","type":"image\/png"}],"author":"Fernando Cebolla","twitter_card":"summary","twitter_creator":"@fcpsocialmedia","twitter_site":"@madeinzaragoza","twitter_misc":{"Escrito por":"Fernando Cebolla","Tiempo de lectura":"4 minutos"},"schema":{"@context":"https:\/\/schema.org","@graph":[{"@type":"Article","@id":"https:\/\/madeinzaragoza.es\/blog\/miz-lab8-resultados-en-redes-sociales-para-el-arquetipo\/#article","isPartOf":{"@id":"https:\/\/madeinzaragoza.es\/blog\/miz-lab8-resultados-en-redes-sociales-para-el-arquetipo\/"},"author":{"name":"Fernando Cebolla","@id":"http:\/\/madeinzaragoza.es\/blog\/#\/schema\/person\/dfd0dc5fdb51dc5dcd948dc49fce07b0"},"headline":"MIZ-Lab8: resultados en redes sociales para El Arquetipo","datePublished":"2023-12-14T09:00:00+00:00","dateModified":"2023-12-12T11:39:42+00:00","mainEntityOfPage":{"@id":"https:\/\/madeinzaragoza.es\/blog\/miz-lab8-resultados-en-redes-sociales-para-el-arquetipo\/"},"wordCount":821,"commentCount":0,"publisher":{"@id":"http:\/\/madeinzaragoza.es\/blog\/#organization"},"keywords":["David Ballestar","El Arquetipo","laboratorio de innovaci\u00f3n comercial","Laboratorio Innovaci\u00f3n Comercial","MIZ-LAB","Mizlab8","taller escultura creativa","Zaragoza Activa"],"articleSection":["MIZ-Lab"],"inLanguage":"es","potentialAction":[{"@type":"CommentAction","name":"Comment","target":["https:\/\/madeinzaragoza.es\/blog\/miz-lab8-resultados-en-redes-sociales-para-el-arquetipo\/#respond"]}]},{"@type":"WebPage","@id":"https:\/\/madeinzaragoza.es\/blog\/miz-lab8-resultados-en-redes-sociales-para-el-arquetipo\/","url":"https:\/\/madeinzaragoza.es\/blog\/miz-lab8-resultados-en-redes-sociales-para-el-arquetipo\/","name":"MIZ-Lab8: resultados en redes sociales para El Arquetipo","isPartOf":{"@id":"http:\/\/madeinzaragoza.es\/blog\/#website"},"datePublished":"2023-12-14T09:00:00+00:00","dateModified":"2023-12-12T11:39:42+00:00","description":"Hemos definido ya la estrategia a seguir, marcado objetivos, y hecho un calendario editorial para conseguir resultados en redes sociales.","breadcrumb":{"@id":"https:\/\/madeinzaragoza.es\/blog\/miz-lab8-resultados-en-redes-sociales-para-el-arquetipo\/#breadcrumb"},"inLanguage":"es","potentialAction":[{"@type":"ReadAction","target":["https:\/\/madeinzaragoza.es\/blog\/miz-lab8-resultados-en-redes-sociales-para-el-arquetipo\/"]}]},{"@type":"BreadcrumbList","@id":"https:\/\/madeinzaragoza.es\/blog\/miz-lab8-resultados-en-redes-sociales-para-el-arquetipo\/#breadcrumb","itemListElement":[{"@type":"ListItem","position":1,"name":"Portada","item":"http:\/\/madeinzaragoza.es\/blog\/"},{"@type":"ListItem","position":2,"name":"MIZ-Lab8: resultados en redes sociales para El Arquetipo"}]},{"@type":"WebSite","@id":"http:\/\/madeinzaragoza.es\/blog\/#website","url":"http:\/\/madeinzaragoza.es\/blog\/","name":"Made in Zaragoza","description":"Blog de MadeinZGZ, Red de Econom\u00eda Creativa de Zaragoza","publisher":{"@id":"http:\/\/madeinzaragoza.es\/blog\/#organization"},"potentialAction":[{"@type":"SearchAction","target":{"@type":"EntryPoint","urlTemplate":"http:\/\/madeinzaragoza.es\/blog\/?s={search_term_string}"},"query-input":"required name=search_term_string"}],"inLanguage":"es"},{"@type":"Organization","@id":"http:\/\/madeinzaragoza.es\/blog\/#organization","name":"Made In Zaragoza","url":"http:\/\/madeinzaragoza.es\/blog\/","sameAs":["https:\/\/www.instagram.com\/madeinzaragoza.es\/","https:\/\/www.facebook.com\/madeinzaragoza.es\/","https:\/\/twitter.com\/madeinzaragoza"],"logo":{"@type":"ImageObject","inLanguage":"es","@id":"http:\/\/madeinzaragoza.es\/blog\/#\/schema\/logo\/image\/","url":"https:\/\/madeinzaragoza.es\/blog\/wp-content\/uploads\/2022\/05\/logo.png","contentUrl":"https:\/\/madeinzaragoza.es\/blog\/wp-content\/uploads\/2022\/05\/logo.png","width":193,"height":176,"caption":"Made In Zaragoza"},"image":{"@id":"http:\/\/madeinzaragoza.es\/blog\/#\/schema\/logo\/image\/"}},{"@type":"Person","@id":"http:\/\/madeinzaragoza.es\/blog\/#\/schema\/person\/dfd0dc5fdb51dc5dcd948dc49fce07b0","name":"Fernando Cebolla","image":{"@type":"ImageObject","inLanguage":"es","@id":"http:\/\/madeinzaragoza.es\/blog\/#\/schema\/person\/image\/","url":"https:\/\/secure.gravatar.com\/avatar\/bf5c705d25b1b881bc79c29530006274?s=96&d=mm&r=g","contentUrl":"https:\/\/secure.gravatar.com\/avatar\/bf5c705d25b1b881bc79c29530006274?s=96&d=mm&r=g","caption":"Fernando Cebolla"},"description":"Fernando Cebolla es consultor de comunicaci\u00f3n digital de emprendedores en el MIZ-Lab, especializado en visibilidad y estrategia digital para empresas. Como Social Media Manager, ayuda a negocios a ganar alcance, contactos y reputaci\u00f3n en redes sociales, conectando su mensaje con las audiencias adecuadas.","sameAs":["http:\/\/fernandocebolla.com\/","https:\/\/www.instagram.com\/tusocialmediamanager\/?hl=es","https:\/\/www.linkedin.com\/in\/fernandocebollapola\/?originalSubdomain=es","https:\/\/twitter.com\/fcpsocialmedia"],"url":"https:\/\/madeinzaragoza.es\/blog\/author\/fernandocebolla\/"}]}},"_links":{"self":[{"href":"https:\/\/madeinzaragoza.es\/blog\/wp-json\/wp\/v2\/posts\/40005"}],"collection":[{"href":"https:\/\/madeinzaragoza.es\/blog\/wp-json\/wp\/v2\/posts"}],"about":[{"href":"https:\/\/madeinzaragoza.es\/blog\/wp-json\/wp\/v2\/types\/post"}],"author":[{"embeddable":true,"href":"https:\/\/madeinzaragoza.es\/blog\/wp-json\/wp\/v2\/users\/63"}],"replies":[{"embeddable":true,"href":"https:\/\/madeinzaragoza.es\/blog\/wp-json\/wp\/v2\/comments?post=40005"}],"version-history":[{"count":5,"href":"https:\/\/madeinzaragoza.es\/blog\/wp-json\/wp\/v2\/posts\/40005\/revisions"}],"predecessor-version":[{"id":41788,"href":"https:\/\/madeinzaragoza.es\/blog\/wp-json\/wp\/v2\/posts\/40005\/revisions\/41788"}],"wp:featuredmedia":[{"embeddable":true,"href":"https:\/\/madeinzaragoza.es\/blog\/wp-json\/wp\/v2\/media\/40008"}],"wp:attachment":[{"href":"https:\/\/madeinzaragoza.es\/blog\/wp-json\/wp\/v2\/media?parent=40005"}],"wp:term":[{"taxonomy":"category","embeddable":true,"href":"https:\/\/madeinzaragoza.es\/blog\/wp-json\/wp\/v2\/categories?post=40005"},{"taxonomy":"post_tag","embeddable":true,"href":"https:\/\/madeinzaragoza.es\/blog\/wp-json\/wp\/v2\/tags?post=40005"}],"curies":[{"name":"wp","href":"https:\/\/api.w.org\/{rel}","templated":true}]}}