{"id":39953,"date":"2023-11-14T09:00:00","date_gmt":"2023-11-14T08:00:00","guid":{"rendered":"https:\/\/madeinzaragoza.es\/blog\/?p=39953"},"modified":"2023-11-15T17:44:00","modified_gmt":"2023-11-15T16:44:00","slug":"miz-lab-8-estrategia-empresarial-para-el-arquetipo","status":"publish","type":"post","link":"https:\/\/madeinzaragoza.es\/blog\/miz-lab-8-estrategia-empresarial-para-el-arquetipo\/","title":{"rendered":"MIZ-Lab 8: Estrategia empresarial para El Arquetipo"},"content":{"rendered":"\n<p>Hoy te quiero presentar <strong><a href=\"https:\/\/madeinzaragoza.es\/comercio\/el-arquetipo\/\" target=\"_blank\" rel=\"noreferrer noopener\">El Arquetipo<\/a><\/strong>, proyecto seleccionado en la <a href=\"https:\/\/madeinzaragoza.es\/mizlab\/\" target=\"_blank\" rel=\"noreferrer noopener\">8\u00aa edici\u00f3n del MIZ-Lab<\/a> y contarte lo que vamos a ir trabajando juntos, por si puede ser de ayuda para tu negocio. <\/p>\n\n\n\n<p>Un arquetipo (del griego \u03b1\u03c1\u03c7\u03ae, arj\u00e9, &#8216;fuente&#8217;, &#8216;principio&#8217; u &#8216;origen&#8217;, y \u03c4\u03c5\u03c0\u03bf\u03c2, tipos, &#8216;impresi\u00f3n&#8217; o &#8216;modelo&#8217;) es el patr\u00f3n ejemplar del cual se derivan otros objetos, ideas o conceptos.<\/p>\n\n\n\n<p>En la asesor\u00eda empresarial que realizamos desde el MIZ-Lab trabajamos en varias fases y <strong>empezamos por el principio: la estrategia de negocio.<\/strong><\/p>\n\n\n\n<p><a href=\"https:\/\/davidballestar.es\/\" target=\"_blank\" rel=\"noreferrer noopener\"><strong>David Ballestar<\/strong> <\/a>desarrolla su actividad art\u00edstica como escultor. <a href=\"https:\/\/davidballestar.es\/el-arquetipo\/\" target=\"_blank\" rel=\"noreferrer noopener\">El Arquetipo<\/a> adem\u00e1s de su taller es un espacio abierto creado para el <a href=\"https:\/\/davidballestar.es\/cursos\/\" target=\"_blank\" rel=\"noreferrer noopener\">aprendizaje de diferentes t\u00e9cnicas de escultura.<\/a><\/p>\n\n\n\n<p><strong>Es un espacio con una magia especial y tiene una propuesta de valor muy interesante<\/strong>, pero todav\u00eda no es muy conocido en la ciudad. Estoy segura de que esta circunstancia cambiar\u00e1 tras su paso por el Mizlab.<\/p>\n\n\n\n<p>En el Arquetipo <a href=\"https:\/\/davidballestar.es\/quien-soy\/\" target=\"_blank\" rel=\"noreferrer noopener\">David <\/a>nos invita a <strong>recuperar el tacto como sentido<\/strong>, a veces olvidado en este mundo de pantallas y dos dimensiones.<\/p>\n\n\n\n<h2 class=\"wp-block-heading\">En su espacio se puede probar, experimentar, jugar y fallar desde la libertad creadora.<\/h2>\n\n\n\n<p>En el taller se puede parar, algo que cada vez se hace m\u00e1s complicado en este mundo de inmediatez y ritmo acelerado. Desconectar para conectar con tu creatividad y autenticidad.<\/p>\n\n\n\n<p><strong>Esto es lo primero que hacemos en las sesiones de estrategia, parar<\/strong>.<\/p>\n\n\n\n<p>Parar para reflexionar en lo que estamos haciendo y si nuestro proyecto es coherente con el modelo de empresa que queremos, responde a las necesidades del mercado, es econ\u00f3micamente viable, es sostenible a nivel personal\u2026<\/p>\n\n\n\n<p>Por mi actividad como asesora de personas emprendedoras tengo la oportunidad de acompa\u00f1ar a muchos negocios diferentes y a las personas que los lideran, y considero que a veces <strong>cuesta mucho frenar la inercia, parar y realizar este tipo de reflexiones estrat\u00e9gicas.<\/strong><\/p>\n\n\n\n<h2 class=\"wp-block-heading\"><strong>\u00bfCu\u00e1nto y cu\u00e1ndo paras con el objetivo de pensar en tu negocio?<\/strong><\/h2>\n\n\n\n<p>Te voy a dar algunos motivos acerca de la importancia de realizar una reflexi\u00f3n estrat\u00e9gica en tu negocio.<\/p>\n\n\n\n<ul><li>Para tener<strong> claridad de objetivos<\/strong>, a corto, medio y largo plazo y as\u00ed establecer metas espec\u00edficas que orienten nuestras acciones diarias. Todo es m\u00e1s f\u00e1cil si tenemos una hoja de ruta.<\/li><li>Para <strong>adaptarse al entorno cambiante<\/strong>, considerando factores como tecnolog\u00eda, competencia y tendencias del mercado, y evaluar la efectividad de las t\u00e1cticas empleadas.<\/li><li>Para <strong>identificar oportunidades emergentes y posibles amenazas<\/strong> en el mercado y as\u00ed anticiparnos.Estaremos mejor preparados ante imprevistos.<\/li><li>Para <strong>optimizar recursos<\/strong> asegurando que se utilizan de la manera m\u00e1s eficiente para alcanzar los objetivos estrat\u00e9gicos.<\/li><li>Para <strong>evaluar el modelo de negocio<\/strong> (sostenibilidad a largo plazo, mejora de flujos de ingresos, informaci\u00f3n sobre rentabilidad\u2026.).<\/li><li>Para <strong>alinear la estrategia con los valores y la visi\u00f3n original del proyecto<\/strong>. Esta coherencia es fundamental y la base de la comunicaci\u00f3n de nuestro proyecto.<\/li><li>Para <strong>gestionar los riesgos<\/strong>, evaluando posibles obst\u00e1culos y trazando un \u201cplan B\u201d.<\/li><li>Para desarrollar y construir capacidades a medio y largo plazo que impulsen un <strong>crecimiento sostenible<\/strong>.<\/li><li>Para <strong>comunicar adecuadamente la propuesta de valor<\/strong> de forma clara al mercado.<\/li><\/ul>\n\n\n\n<p>\u00bfTe he convencido?&nbsp;<\/p>\n\n\n\n<p>Volviendo al proyecto del Arquetipo, adem\u00e1s de invitaros a visitar su taller y espacio online para conocer m\u00e1s sobre el proyecto, os comparto alguna de las cuestiones que hemos comenzado a trabajar.<\/p>\n\n\n\n<ul><li><strong>Segmentaci\u00f3n de mercado<\/strong>. Exploramos c\u00f3mo identificar y dirigirse a diferentes segmentos de mercado dentro del \u00e1mbito de la escultura (<a href=\"https:\/\/davidballestar.es\/tienda\/\" target=\"_blank\" rel=\"noreferrer noopener\">venta de piezas personalizadas<\/a>, <a href=\"https:\/\/davidballestar.es\/cursos\/\" target=\"_blank\" rel=\"noreferrer noopener\">talleres<\/a>, simposios\u2026)<\/li><li><strong>Colaboraciones y redes<\/strong>. Hablamos de la importancia de establecer colaboraciones con otros artistas, galer\u00edas de arte, museos, instituciones educativas o empresas.<\/li><li><strong>Estrategias de marketing.<\/strong> Es importante dar a conocer el espacio, gracias a la asesor\u00eda de comunicaci\u00f3n y espacio f\u00edsico avanzaremos para que el taller sea una referencia en la ciudad.<\/li><li><strong>Diversificaci\u00f3n de productos y servicios.<\/strong> Valoramos c\u00f3mo diversificar la oferta del proyecto.<\/li><li><strong>Desarrollo profesional.<\/strong> Adem\u00e1s de la labor realizada en el taller, para David tambi\u00e9n es importante su desarrollo continuo como artista (participaci\u00f3n en talleres, asistencia a eventos art\u00edsticos y\u00a0 b\u00fasqueda de oportunidades de aprendizaje).<\/li><\/ul>\n\n\n\n<p>El Arquetipo tiene muchos retos por delante, que ser\u00e1n m\u00e1s f\u00e1ciles de llevar a cabo con estrategia y planificaci\u00f3n, y toda la ilusi\u00f3n y trabajo que David pone en su proyecto.<\/p>\n\n\n\n<p>Te invito a leer las siguientes entradas del <a href=\"https:\/\/madeinzaragoza.es\/blog\/miz-lab\/\">MIZ-Lab<\/a> para ver los avances.<\/p>\n","protected":false},"excerpt":{"rendered":"<p>Hoy te quiero presentar El Arquetipo, proyecto seleccionado en la 8\u00aa edici\u00f3n del MIZ-Lab y contarte lo que vamos a ir trabajando juntos, por si puede ser de ayuda para tu negocio. Un arquetipo (del griego \u03b1\u03c1\u03c7\u03ae, arj\u00e9, &#8216;fuente&#8217;, &#8216;principio&#8217; u &#8216;origen&#8217;, y \u03c4\u03c5\u03c0\u03bf\u03c2, tipos, &#8216;impresi\u00f3n&#8217; o &#8216;modelo&#8217;) es el patr\u00f3n ejemplar del cual se &hellip; <a href=\"https:\/\/madeinzaragoza.es\/blog\/miz-lab-8-estrategia-empresarial-para-el-arquetipo\/\" class=\"more-link\">Continuar leyendo<span class=\"screen-reader-text\"> \u00abMIZ-Lab 8: Estrategia empresarial para El Arquetipo\u00bb<\/span><\/a><\/p>\n","protected":false},"author":82,"featured_media":39956,"comment_status":"open","ping_status":"open","sticky":false,"template":"","format":"standard","meta":{"footnotes":""},"categories":[1554],"tags":[1823,1910,1614,2714],"yoast_head":"<!-- This site is optimized with the Yoast SEO plugin v19.7.2 - https:\/\/yoast.com\/wordpress\/plugins\/seo\/ -->\n<title>MIZ-Lab 8: Estrategia empresarial para El Arquetipo - Made in Zaragoza<\/title>\n<meta name=\"description\" content=\"Hoy te quiero presentar El Arquetipo, proyecto seleccionado en la 8\u00aa edici\u00f3n del MIZ-Lab y contarte lo que vamos a ir trabajando juntos en la estrategia empresarial.\" \/>\n<meta name=\"robots\" content=\"index, follow, max-snippet:-1, max-image-preview:large, max-video-preview:-1\" \/>\n<link rel=\"canonical\" href=\"http:\/\/madeinzaragoza.es\/blog\/miz-lab-8-estrategia-empresarial-para-el-arquetipo\/\" \/>\n<meta property=\"og:locale\" content=\"es_ES\" \/>\n<meta property=\"og:type\" content=\"article\" \/>\n<meta property=\"og:title\" content=\"MIZ-Lab 8: Estrategia empresarial para El Arquetipo - Made in Zaragoza\" \/>\n<meta property=\"og:description\" content=\"Hoy te quiero presentar El Arquetipo, proyecto seleccionado en la 8\u00aa edici\u00f3n del MIZ-Lab y contarte lo que vamos a ir trabajando juntos en la estrategia empresarial.\" \/>\n<meta property=\"og:url\" content=\"http:\/\/madeinzaragoza.es\/blog\/miz-lab-8-estrategia-empresarial-para-el-arquetipo\/\" \/>\n<meta property=\"og:site_name\" content=\"Made in Zaragoza\" \/>\n<meta property=\"article:publisher\" content=\"https:\/\/www.facebook.com\/madeinzaragoza.es\/\" \/>\n<meta property=\"article:published_time\" content=\"2023-11-14T08:00:00+00:00\" \/>\n<meta property=\"article:modified_time\" content=\"2023-11-15T16:44:00+00:00\" \/>\n<meta property=\"og:image\" content=\"http:\/\/madeinzaragoza.es\/blog\/wp-content\/uploads\/2023\/11\/IMG-20231016-WA0031-1.jpg\" \/>\n\t<meta property=\"og:image:width\" content=\"1600\" \/>\n\t<meta property=\"og:image:height\" content=\"1066\" \/>\n\t<meta property=\"og:image:type\" content=\"image\/jpeg\" \/>\n<meta name=\"author\" content=\"Miriam Almaz\u00e1n\" \/>\n<meta name=\"twitter:card\" content=\"summary\" \/>\n<meta name=\"twitter:creator\" content=\"@madeinzaragoza\" \/>\n<meta name=\"twitter:site\" content=\"@madeinzaragoza\" \/>\n<meta name=\"twitter:label1\" content=\"Escrito por\" \/>\n\t<meta name=\"twitter:data1\" content=\"Miriam Almaz\u00e1n\" \/>\n\t<meta name=\"twitter:label2\" content=\"Tiempo de lectura\" \/>\n\t<meta name=\"twitter:data2\" content=\"4 minutos\" \/>\n<script type=\"application\/ld+json\" class=\"yoast-schema-graph\">{\"@context\":\"https:\/\/schema.org\",\"@graph\":[{\"@type\":\"Article\",\"@id\":\"http:\/\/madeinzaragoza.es\/blog\/miz-lab-8-estrategia-empresarial-para-el-arquetipo\/#article\",\"isPartOf\":{\"@id\":\"http:\/\/madeinzaragoza.es\/blog\/miz-lab-8-estrategia-empresarial-para-el-arquetipo\/\"},\"author\":{\"name\":\"Miriam Almaz\u00e1n\",\"@id\":\"http:\/\/madeinzaragoza.es\/blog\/#\/schema\/person\/2be127b852a0b08631b50fb4671faf1c\"},\"headline\":\"MIZ-Lab 8: Estrategia empresarial para El Arquetipo\",\"datePublished\":\"2023-11-14T08:00:00+00:00\",\"dateModified\":\"2023-11-15T16:44:00+00:00\",\"mainEntityOfPage\":{\"@id\":\"http:\/\/madeinzaragoza.es\/blog\/miz-lab-8-estrategia-empresarial-para-el-arquetipo\/\"},\"wordCount\":755,\"commentCount\":0,\"publisher\":{\"@id\":\"http:\/\/madeinzaragoza.es\/blog\/#organization\"},\"keywords\":[\"laboratorio de innovaci\u00f3n comercial\",\"Laboratorio Innovaci\u00f3n Comercial\",\"MIZ-LAB\",\"Mizlab8\"],\"articleSection\":[\"MIZ-Lab\"],\"inLanguage\":\"es\",\"potentialAction\":[{\"@type\":\"CommentAction\",\"name\":\"Comment\",\"target\":[\"http:\/\/madeinzaragoza.es\/blog\/miz-lab-8-estrategia-empresarial-para-el-arquetipo\/#respond\"]}]},{\"@type\":\"WebPage\",\"@id\":\"http:\/\/madeinzaragoza.es\/blog\/miz-lab-8-estrategia-empresarial-para-el-arquetipo\/\",\"url\":\"http:\/\/madeinzaragoza.es\/blog\/miz-lab-8-estrategia-empresarial-para-el-arquetipo\/\",\"name\":\"MIZ-Lab 8: Estrategia empresarial para El Arquetipo - Made in Zaragoza\",\"isPartOf\":{\"@id\":\"http:\/\/madeinzaragoza.es\/blog\/#website\"},\"datePublished\":\"2023-11-14T08:00:00+00:00\",\"dateModified\":\"2023-11-15T16:44:00+00:00\",\"description\":\"Hoy te quiero presentar El Arquetipo, proyecto seleccionado en la 8\u00aa edici\u00f3n del MIZ-Lab y contarte lo que vamos a ir trabajando juntos en la estrategia empresarial.\",\"breadcrumb\":{\"@id\":\"http:\/\/madeinzaragoza.es\/blog\/miz-lab-8-estrategia-empresarial-para-el-arquetipo\/#breadcrumb\"},\"inLanguage\":\"es\",\"potentialAction\":[{\"@type\":\"ReadAction\",\"target\":[\"http:\/\/madeinzaragoza.es\/blog\/miz-lab-8-estrategia-empresarial-para-el-arquetipo\/\"]}]},{\"@type\":\"BreadcrumbList\",\"@id\":\"http:\/\/madeinzaragoza.es\/blog\/miz-lab-8-estrategia-empresarial-para-el-arquetipo\/#breadcrumb\",\"itemListElement\":[{\"@type\":\"ListItem\",\"position\":1,\"name\":\"Portada\",\"item\":\"http:\/\/madeinzaragoza.es\/blog\/\"},{\"@type\":\"ListItem\",\"position\":2,\"name\":\"MIZ-Lab 8: Estrategia empresarial para El Arquetipo\"}]},{\"@type\":\"WebSite\",\"@id\":\"http:\/\/madeinzaragoza.es\/blog\/#website\",\"url\":\"http:\/\/madeinzaragoza.es\/blog\/\",\"name\":\"Made in Zaragoza\",\"description\":\"Blog de MadeinZGZ, Red de Econom\u00eda Creativa de Zaragoza\",\"publisher\":{\"@id\":\"http:\/\/madeinzaragoza.es\/blog\/#organization\"},\"potentialAction\":[{\"@type\":\"SearchAction\",\"target\":{\"@type\":\"EntryPoint\",\"urlTemplate\":\"http:\/\/madeinzaragoza.es\/blog\/?s={search_term_string}\"},\"query-input\":\"required name=search_term_string\"}],\"inLanguage\":\"es\"},{\"@type\":\"Organization\",\"@id\":\"http:\/\/madeinzaragoza.es\/blog\/#organization\",\"name\":\"Made In Zaragoza\",\"url\":\"http:\/\/madeinzaragoza.es\/blog\/\",\"sameAs\":[\"https:\/\/www.instagram.com\/madeinzaragoza.es\/\",\"https:\/\/www.facebook.com\/madeinzaragoza.es\/\",\"https:\/\/twitter.com\/madeinzaragoza\"],\"logo\":{\"@type\":\"ImageObject\",\"inLanguage\":\"es\",\"@id\":\"http:\/\/madeinzaragoza.es\/blog\/#\/schema\/logo\/image\/\",\"url\":\"https:\/\/madeinzaragoza.es\/blog\/wp-content\/uploads\/2022\/05\/logo.png\",\"contentUrl\":\"https:\/\/madeinzaragoza.es\/blog\/wp-content\/uploads\/2022\/05\/logo.png\",\"width\":193,\"height\":176,\"caption\":\"Made In Zaragoza\"},\"image\":{\"@id\":\"http:\/\/madeinzaragoza.es\/blog\/#\/schema\/logo\/image\/\"}},{\"@type\":\"Person\",\"@id\":\"http:\/\/madeinzaragoza.es\/blog\/#\/schema\/person\/2be127b852a0b08631b50fb4671faf1c\",\"name\":\"Miriam Almaz\u00e1n\",\"image\":{\"@type\":\"ImageObject\",\"inLanguage\":\"es\",\"@id\":\"http:\/\/madeinzaragoza.es\/blog\/#\/schema\/person\/image\/\",\"url\":\"https:\/\/secure.gravatar.com\/avatar\/c71735d28e0857558d07859b9bc0baef?s=96&d=mm&r=g\",\"contentUrl\":\"https:\/\/secure.gravatar.com\/avatar\/c71735d28e0857558d07859b9bc0baef?s=96&d=mm&r=g\",\"caption\":\"Miriam Almaz\u00e1n\"},\"description\":\"Miriam Almaz\u00e1n es economista y consultora de negocio en Afiris, donde lidera proyectos con energ\u00eda y creatividad. Con m\u00e1s de 15 a\u00f1os de experiencia en asesor\u00eda y formaci\u00f3n, acompa\u00f1a a emprendedores y negocios locales en el Laboratorio de Innovaci\u00f3n Comercial de Made in Zaragoza (MIZ-Lab), ayud\u00e1ndoles a analizar y definir sus estrategias de negocio.\",\"sameAs\":[\"https:\/\/www.afiris.es\/\",\"https:\/\/www.linkedin.com\/in\/miriamelenaalmazan?originalSubdomain=es\"],\"url\":\"https:\/\/madeinzaragoza.es\/blog\/author\/miriamalmazan\/\"}]}<\/script>\n<!-- \/ Yoast SEO plugin. -->","yoast_head_json":{"title":"MIZ-Lab 8: Estrategia empresarial para El Arquetipo - Made in Zaragoza","description":"Hoy te quiero presentar El Arquetipo, proyecto seleccionado en la 8\u00aa edici\u00f3n del MIZ-Lab y contarte lo que vamos a ir trabajando juntos en la estrategia empresarial.","robots":{"index":"index","follow":"follow","max-snippet":"max-snippet:-1","max-image-preview":"max-image-preview:large","max-video-preview":"max-video-preview:-1"},"canonical":"http:\/\/madeinzaragoza.es\/blog\/miz-lab-8-estrategia-empresarial-para-el-arquetipo\/","og_locale":"es_ES","og_type":"article","og_title":"MIZ-Lab 8: Estrategia empresarial para El Arquetipo - Made in Zaragoza","og_description":"Hoy te quiero presentar El Arquetipo, proyecto seleccionado en la 8\u00aa edici\u00f3n del MIZ-Lab y contarte lo que vamos a ir trabajando juntos en la estrategia empresarial.","og_url":"http:\/\/madeinzaragoza.es\/blog\/miz-lab-8-estrategia-empresarial-para-el-arquetipo\/","og_site_name":"Made in Zaragoza","article_publisher":"https:\/\/www.facebook.com\/madeinzaragoza.es\/","article_published_time":"2023-11-14T08:00:00+00:00","article_modified_time":"2023-11-15T16:44:00+00:00","og_image":[{"width":1600,"height":1066,"url":"http:\/\/madeinzaragoza.es\/blog\/wp-content\/uploads\/2023\/11\/IMG-20231016-WA0031-1.jpg","type":"image\/jpeg"}],"author":"Miriam Almaz\u00e1n","twitter_card":"summary","twitter_creator":"@madeinzaragoza","twitter_site":"@madeinzaragoza","twitter_misc":{"Escrito por":"Miriam Almaz\u00e1n","Tiempo de lectura":"4 minutos"},"schema":{"@context":"https:\/\/schema.org","@graph":[{"@type":"Article","@id":"http:\/\/madeinzaragoza.es\/blog\/miz-lab-8-estrategia-empresarial-para-el-arquetipo\/#article","isPartOf":{"@id":"http:\/\/madeinzaragoza.es\/blog\/miz-lab-8-estrategia-empresarial-para-el-arquetipo\/"},"author":{"name":"Miriam Almaz\u00e1n","@id":"http:\/\/madeinzaragoza.es\/blog\/#\/schema\/person\/2be127b852a0b08631b50fb4671faf1c"},"headline":"MIZ-Lab 8: Estrategia empresarial para El Arquetipo","datePublished":"2023-11-14T08:00:00+00:00","dateModified":"2023-11-15T16:44:00+00:00","mainEntityOfPage":{"@id":"http:\/\/madeinzaragoza.es\/blog\/miz-lab-8-estrategia-empresarial-para-el-arquetipo\/"},"wordCount":755,"commentCount":0,"publisher":{"@id":"http:\/\/madeinzaragoza.es\/blog\/#organization"},"keywords":["laboratorio de innovaci\u00f3n comercial","Laboratorio Innovaci\u00f3n Comercial","MIZ-LAB","Mizlab8"],"articleSection":["MIZ-Lab"],"inLanguage":"es","potentialAction":[{"@type":"CommentAction","name":"Comment","target":["http:\/\/madeinzaragoza.es\/blog\/miz-lab-8-estrategia-empresarial-para-el-arquetipo\/#respond"]}]},{"@type":"WebPage","@id":"http:\/\/madeinzaragoza.es\/blog\/miz-lab-8-estrategia-empresarial-para-el-arquetipo\/","url":"http:\/\/madeinzaragoza.es\/blog\/miz-lab-8-estrategia-empresarial-para-el-arquetipo\/","name":"MIZ-Lab 8: Estrategia empresarial para El Arquetipo - Made in Zaragoza","isPartOf":{"@id":"http:\/\/madeinzaragoza.es\/blog\/#website"},"datePublished":"2023-11-14T08:00:00+00:00","dateModified":"2023-11-15T16:44:00+00:00","description":"Hoy te quiero presentar El Arquetipo, proyecto seleccionado en la 8\u00aa edici\u00f3n del MIZ-Lab y contarte lo que vamos a ir trabajando juntos en la estrategia empresarial.","breadcrumb":{"@id":"http:\/\/madeinzaragoza.es\/blog\/miz-lab-8-estrategia-empresarial-para-el-arquetipo\/#breadcrumb"},"inLanguage":"es","potentialAction":[{"@type":"ReadAction","target":["http:\/\/madeinzaragoza.es\/blog\/miz-lab-8-estrategia-empresarial-para-el-arquetipo\/"]}]},{"@type":"BreadcrumbList","@id":"http:\/\/madeinzaragoza.es\/blog\/miz-lab-8-estrategia-empresarial-para-el-arquetipo\/#breadcrumb","itemListElement":[{"@type":"ListItem","position":1,"name":"Portada","item":"http:\/\/madeinzaragoza.es\/blog\/"},{"@type":"ListItem","position":2,"name":"MIZ-Lab 8: Estrategia empresarial para El Arquetipo"}]},{"@type":"WebSite","@id":"http:\/\/madeinzaragoza.es\/blog\/#website","url":"http:\/\/madeinzaragoza.es\/blog\/","name":"Made in Zaragoza","description":"Blog de MadeinZGZ, Red de Econom\u00eda Creativa de Zaragoza","publisher":{"@id":"http:\/\/madeinzaragoza.es\/blog\/#organization"},"potentialAction":[{"@type":"SearchAction","target":{"@type":"EntryPoint","urlTemplate":"http:\/\/madeinzaragoza.es\/blog\/?s={search_term_string}"},"query-input":"required name=search_term_string"}],"inLanguage":"es"},{"@type":"Organization","@id":"http:\/\/madeinzaragoza.es\/blog\/#organization","name":"Made In Zaragoza","url":"http:\/\/madeinzaragoza.es\/blog\/","sameAs":["https:\/\/www.instagram.com\/madeinzaragoza.es\/","https:\/\/www.facebook.com\/madeinzaragoza.es\/","https:\/\/twitter.com\/madeinzaragoza"],"logo":{"@type":"ImageObject","inLanguage":"es","@id":"http:\/\/madeinzaragoza.es\/blog\/#\/schema\/logo\/image\/","url":"https:\/\/madeinzaragoza.es\/blog\/wp-content\/uploads\/2022\/05\/logo.png","contentUrl":"https:\/\/madeinzaragoza.es\/blog\/wp-content\/uploads\/2022\/05\/logo.png","width":193,"height":176,"caption":"Made In Zaragoza"},"image":{"@id":"http:\/\/madeinzaragoza.es\/blog\/#\/schema\/logo\/image\/"}},{"@type":"Person","@id":"http:\/\/madeinzaragoza.es\/blog\/#\/schema\/person\/2be127b852a0b08631b50fb4671faf1c","name":"Miriam Almaz\u00e1n","image":{"@type":"ImageObject","inLanguage":"es","@id":"http:\/\/madeinzaragoza.es\/blog\/#\/schema\/person\/image\/","url":"https:\/\/secure.gravatar.com\/avatar\/c71735d28e0857558d07859b9bc0baef?s=96&d=mm&r=g","contentUrl":"https:\/\/secure.gravatar.com\/avatar\/c71735d28e0857558d07859b9bc0baef?s=96&d=mm&r=g","caption":"Miriam Almaz\u00e1n"},"description":"Miriam Almaz\u00e1n es economista y consultora de negocio en Afiris, donde lidera proyectos con energ\u00eda y creatividad. Con m\u00e1s de 15 a\u00f1os de experiencia en asesor\u00eda y formaci\u00f3n, acompa\u00f1a a emprendedores y negocios locales en el Laboratorio de Innovaci\u00f3n Comercial de Made in Zaragoza (MIZ-Lab), ayud\u00e1ndoles a analizar y definir sus estrategias de negocio.","sameAs":["https:\/\/www.afiris.es\/","https:\/\/www.linkedin.com\/in\/miriamelenaalmazan?originalSubdomain=es"],"url":"https:\/\/madeinzaragoza.es\/blog\/author\/miriamalmazan\/"}]}},"_links":{"self":[{"href":"https:\/\/madeinzaragoza.es\/blog\/wp-json\/wp\/v2\/posts\/39953"}],"collection":[{"href":"https:\/\/madeinzaragoza.es\/blog\/wp-json\/wp\/v2\/posts"}],"about":[{"href":"https:\/\/madeinzaragoza.es\/blog\/wp-json\/wp\/v2\/types\/post"}],"author":[{"embeddable":true,"href":"https:\/\/madeinzaragoza.es\/blog\/wp-json\/wp\/v2\/users\/82"}],"replies":[{"embeddable":true,"href":"https:\/\/madeinzaragoza.es\/blog\/wp-json\/wp\/v2\/comments?post=39953"}],"version-history":[{"count":5,"href":"https:\/\/madeinzaragoza.es\/blog\/wp-json\/wp\/v2\/posts\/39953\/revisions"}],"predecessor-version":[{"id":39962,"href":"https:\/\/madeinzaragoza.es\/blog\/wp-json\/wp\/v2\/posts\/39953\/revisions\/39962"}],"wp:featuredmedia":[{"embeddable":true,"href":"https:\/\/madeinzaragoza.es\/blog\/wp-json\/wp\/v2\/media\/39956"}],"wp:attachment":[{"href":"https:\/\/madeinzaragoza.es\/blog\/wp-json\/wp\/v2\/media?parent=39953"}],"wp:term":[{"taxonomy":"category","embeddable":true,"href":"https:\/\/madeinzaragoza.es\/blog\/wp-json\/wp\/v2\/categories?post=39953"},{"taxonomy":"post_tag","embeddable":true,"href":"https:\/\/madeinzaragoza.es\/blog\/wp-json\/wp\/v2\/tags?post=39953"}],"curies":[{"name":"wp","href":"https:\/\/api.w.org\/{rel}","templated":true}]}}