{"id":39696,"date":"2023-11-15T10:00:00","date_gmt":"2023-11-15T09:00:00","guid":{"rendered":"https:\/\/madeinzaragoza.es\/blog\/?p=39696"},"modified":"2023-11-15T17:57:21","modified_gmt":"2023-11-15T16:57:21","slug":"mizlab8-redes-sociales-arquetipo","status":"publish","type":"post","link":"https:\/\/madeinzaragoza.es\/blog\/mizlab8-redes-sociales-arquetipo\/","title":{"rendered":"MIZ-Lab8: evaluamos la trayectoria en redes sociales de El Arquetipo"},"content":{"rendered":"\n<p>Comenzamos el trabajo con el proyecto elegido en este<strong> <a href=\"https:\/\/madeinzaragoza.es\/mizlab\/\" target=\"_blank\" rel=\"noreferrer noopener\">MIZLab 8<\/a><\/strong> de <strong>Made In Zaragoza<\/strong>: <strong><a href=\"https:\/\/davidballestar.es\/\" target=\"_blank\" rel=\"noreferrer noopener\">El Arquetipo<\/a><\/strong>. El Arquetipo <strong>es un taller de escultura creativa de Zaragoza<\/strong>, que lleva el escultor<strong> David Ballestar.<\/strong> Un negocio que tiene buena reputaci\u00f3n online tanto f\u00edsica como digitalmente. <\/p>\n\n\n\n<p>Hablando en la primera sesi\u00f3n con David, vimos su trayectoria en redes sociales y en la web, c\u00f3mo captar potenciales clientes para sus talleres y formaciones, y vimos por encima el trabajo que haremos en las 3 sesiones restantes.<\/p>\n\n\n\n<h2 class=\"wp-block-heading\">Las redes sociales para El Arquetipo<\/h2>\n\n\n\n<p>El<strong> uso de las redes sociales en el sector cultural <\/strong>ha revolucionado la forma en que las organizaciones art\u00edsticas, museos, teatros y <strong>artistas individuales<\/strong> se conectan con su audiencia y promocionan sus obras. Estas plataformas ofrecen una ventana sin precedentes para difundir la creatividad y el patrimonio cultural a nivel global. <\/p>\n\n\n\n<p>Las redes sociales permiten compartir contenido visual, como im\u00e1genes de exposiciones, actuaciones en vivo, videos promocionales y m\u00e1s, llegando as\u00ed a una audiencia diversa y geogr\u00e1ficamente dispersa.<\/p>\n\n\n\n<p>Adem\u00e1s, las redes sociales brindan oportunidades de compromiso directo con el p\u00fablico. Los seguidores pueden interactuar a trav\u00e9s de comentarios, compartiendo sus propias perspectivas y preguntas, lo que fomenta un di\u00e1logo en tiempo real entre los creadores culturales y su audiencia. <\/p>\n\n\n\n<p>Esto no solo aumenta la visibilidad y la participaci\u00f3n, sino que tambi\u00e9n ayuda a construir una comunidad en torno a la cultura y el arte, lo que<strong> fomenta un sentido de pertenencia y conexi\u00f3n<\/strong>.<\/p>\n\n\n\n<p>As\u00ed, las redes sociales son una poderosa herramienta para la promoci\u00f3n de eventos culturales y exposiciones. La capacidad de llegar a un p\u00fablico espec\u00edfico a trav\u00e9s de la segmentaci\u00f3n de anuncios y la promoci\u00f3n dirigida puede aumentar la asistencia y el inter\u00e9s en actividades culturales. <\/p>\n\n\n\n<p><\/p>\n\n\n\n<div class=\"wp-block-image\"><figure class=\"aligncenter size-large is-resized\"><img decoding=\"async\" src=\"https:\/\/madeinzaragoza.es\/blog\/wp-content\/uploads\/2023\/11\/F-fDU8QWoAEMELE-1024x1024.jpg\" alt=\"\" class=\"wp-image-39964\" width=\"-275\" height=\"-275\" srcset=\"https:\/\/madeinzaragoza.es\/blog\/wp-content\/uploads\/2023\/11\/F-fDU8QWoAEMELE-1024x1024.jpg 1024w, https:\/\/madeinzaragoza.es\/blog\/wp-content\/uploads\/2023\/11\/F-fDU8QWoAEMELE-450x450.jpg 450w, https:\/\/madeinzaragoza.es\/blog\/wp-content\/uploads\/2023\/11\/F-fDU8QWoAEMELE-150x150.jpg 150w, https:\/\/madeinzaragoza.es\/blog\/wp-content\/uploads\/2023\/11\/F-fDU8QWoAEMELE-768x768.jpg 768w, https:\/\/madeinzaragoza.es\/blog\/wp-content\/uploads\/2023\/11\/F-fDU8QWoAEMELE-120x120.jpg 120w, https:\/\/madeinzaragoza.es\/blog\/wp-content\/uploads\/2023\/11\/F-fDU8QWoAEMELE.jpg 1080w\" sizes=\"(max-width: 709px) 85vw, (max-width: 909px) 67vw, (max-width: 1362px) 62vw, 840px\" \/><figcaption>Fernando Cebolla, asesor de comunicaci\u00f3n on line del MIZ-Lab8 junto a David Ballestar.<\/figcaption><\/figure><\/div>\n\n\n\n<p><\/p>\n\n\n\n<h2 class=\"wp-block-heading\">Trayectoria en redes sociales de El Arquetipo<\/h2>\n\n\n\n<p>Evaluar la trayectoria en redes sociales de un negocio es crucial para garantizar que est\u00e1s aprovechando al m\u00e1ximo estas plataformas para alcanzar tus objetivos. Ya sea que est\u00e9s empezando con las redes sociales, o buscando mejorar tu presencia online, necesitas conocer las herramientas para evaluar y mejorar la estrategia de tu negocio en las redes sociales.<\/p>\n\n\n\n<p>Para El Arquetipo, como para otros negocios con presencia digital, es clave:<\/p>\n\n\n\n<h3 class=\"wp-block-heading\">1. Define tus objetivos<\/h3>\n\n\n\n<p>Antes de evaluar cualquier cosa, es importante tener claros tus objetivos.<strong> \u00bfQu\u00e9 quieres lograr con tu presencia en redes sociales?<\/strong> Pueden ser objetivos como aumentar la visibilidad de la marca, generar leads, aumentar las ventas o mejorar la relaci\u00f3n con los clientes. Cada objetivo requerir\u00e1 m\u00e9tricas de evaluaci\u00f3n diferentes.<\/p>\n\n\n\n<p>Para El Arquetipo, determinaremos qu\u00e9 objetivos conseguir en las pr\u00f3ximas semanas.<\/p>\n\n\n\n<h3 class=\"wp-block-heading\">2. Identifica tu audiencia<\/h3>\n\n\n\n<p>Conoce a tu p\u00fablico objetivo. <strong>\u00bfQui\u00e9nes son tus seguidores en las redes sociales? \u00bfQu\u00e9 intereses tienen? \u00bfD\u00f3nde est\u00e1n ubicados?<\/strong> Entender a tu audiencia te ayudar\u00e1 a crear contenido m\u00e1s relevante y atractivo.<\/p>\n\n\n\n<p><strong>El Arquetipo necesita atraer a potenciales clientes interesados en lo que ofrece<\/strong>, tanto a trav\u00e9s del blog en su p\u00e1gina web, como desde redes sociales. <\/p>\n\n\n\n<h3 class=\"wp-block-heading\">3. Revisa tus perfiles<\/h3>\n\n\n\n<p>Eval\u00faa la consistencia y profesionalismo de tus perfiles en las redes sociales. Aseg\u00farate de que tu imagen de perfil, descripci\u00f3n y enlaces est\u00e9n actualizados y reflejen la identidad de tu marca. <\/p>\n\n\n\n<p>En el caso de El Arquetipo, David entiende que la marca es \u00e9l, y su presencia tiene que ser constante en redes sociales que elijamos mantener en su negocio, u otras que utilizar en el futuro. <\/p>\n\n\n\n<h3 class=\"wp-block-heading\">4. Analiza tus publicaciones<\/h3>\n\n\n\n<p>As\u00ed, echa un vistazo a tus publicaciones pasadas. <strong>\u00bfQu\u00e9 tipo de contenido ha funcionado mejor? \u00bfQu\u00e9 publicaciones generaron m\u00e1s interacci\u00f3n? <\/strong>Utiliza esta informaci\u00f3n para refinar tu estrategia y crear contenido m\u00e1s efectivo en el futuro.<\/p>\n\n\n\n<p>Y es clave. David no entiende, me dijo, los datos de las anal\u00edticas de redes sociales y web, simplemente porque su trabajo es otro. Repasaremos las m\u00e9tricas esenciales para que pueda evaluar su rendimiento aut\u00f3nomamente. <\/p>\n\n\n\n<h3 class=\"wp-block-heading\">5. Revisa la frecuencia de publicaci\u00f3n<\/h3>\n\n\n\n<p>La constancia es clave en las redes sociales. Eval\u00faa <strong>con qu\u00e9 frecuencia est\u00e1s publicando contenido<\/strong> y si es necesario ajustar tu <strong>calendario de publicaciones<\/strong> para mantener a tu audiencia comprometida.<\/p>\n\n\n\n<p>Para El Arquetipo, dise\u00f1aremos un calendario de publicaciones para que David trabaja con anticipaci\u00f3n, y sepa qu\u00e9 contenidos tiene que preparar antes, y con el tiempo suficiente. <\/p>\n\n\n\n<h3 class=\"wp-block-heading\">6. Monitoriza las m\u00e9tricas<\/h3>\n\n\n\n<p>Utiliza herramientas de an\u00e1lisis de redes sociales para rastrear tus m\u00e9tricas clave. Esto incluye el alcance, la interacci\u00f3n, el crecimiento de seguidores, el tr\u00e1fico web y las conversiones. Analiza estas m\u00e9tricas de forma regular para medir el progreso hacia tus objetivos.<\/p>\n\n\n\n<p>Para El Arquetipo, <strong>haremos un seguimiento de las m\u00e9tricas desde redes sociales<\/strong>, y con herramientas complementarias como G4 Google Analytics, y Metricool. <\/p>\n\n\n\n<h3 class=\"wp-block-heading\">7. Compara con la competencia<\/h3>\n\n\n\n<p>No te olvides de echar un vistazo a lo<strong> que est\u00e1n haciendo tus competidores en las redes sociales<\/strong>. Esto te proporcionar\u00e1 informaci\u00f3n sobre las tendencias del mercado y te ayudar\u00e1 a identificar oportunidades para destacar.<\/p>\n\n\n\n<p>Hablando con David, ya sacamos varios competidores, tanto en posicionamiento web, como competencia en redes sociales. <\/p>\n\n\n\n<h3 class=\"wp-block-heading\">8. Escucha a tu audiencia<\/h3>\n\n\n\n<p>Interact\u00faa con tus seguidores y escucha sus comentarios. Esto te ayudar\u00e1 a comprender sus necesidades y deseos, y te permitir\u00e1 ajustar tu estrategia en consecuencia.<\/p>\n\n\n\n<p>Veremos como David prepara mensajes instant\u00e1neos para dar respuesta a preguntas comunes, y como gestionar las dem\u00e1s comunicaciones e interacciones de su p\u00fablico. <\/p>\n\n\n\n<h3 class=\"wp-block-heading\">9. Ajusta y mejora<\/h3>\n\n\n\n<p>Bas\u00e1ndote en la informaci\u00f3n recopilada, ajusta tu estrategia de redes sociales. Experimenta con nuevos tipos de contenido, horarios de publicaci\u00f3n y enfoques para ver qu\u00e9 funciona mejor.<\/p>\n\n\n\n<p>Hablando con David, le expliqu\u00e9 que el trabajo es constante, pero no fijo. Es decir, est\u00e1 sujeto a cambios en el tiempo. Por ello es esencial conocer lo que hacemos siempre, para seguir trabajando lo que funciona, y desechar lo que no funciona. <\/p>\n\n\n\n<h3 class=\"wp-block-heading\">10. Mant\u00e9n la constancia<\/h3>\n\n\n\n<p>La constancia es clave para el \u00e9xito a largo plazo en las redes sociales. Contin\u00faa evaluando y ajustando tu estrategia de forma regular para mantener a tu audiencia comprometida.<\/p>\n\n\n\n<p>Le expliqu\u00e9 a David de El Arquetipo, que su negocio tiene que tener una presencia regular y constante en redes sociales y blog, ofreciendo buenos contenidos que aporten valor a sus potenciales clientes. <\/p>\n\n\n\n<h2 class=\"wp-block-heading\">Conclusi\u00f3n: el trabajo que viene para El Arquetipo<\/h2>\n\n\n\n<p>En resumen, evaluar la trayectoria de tu negocio en las redes sociales, como El Arquetipo, es un proceso continuo que requiere atenci\u00f3n constante y adaptaci\u00f3n. <\/p>\n\n\n\n<p>As\u00ed, estos pasos son s\u00f3lo el inicio del trabajo. Hay que estar dispuesto a aprender de los \u00e9xitos y fracasos, para poder mejorar tu presencia en las redes sociales y alcanzar tus objetivos de manera m\u00e1s efectiva. <\/p>\n\n\n\n<p><strong>La comunicaci\u00f3n online de El Arquetipo<\/strong>, como de cualquier negocio, es parte de su trabajo. Le va a suponer a David una inversi\u00f3n de tiempo que, si se hace bien, le dar\u00e1 el rendimiento deseado. <\/p>\n\n\n\n<p>Os contaremos m\u00e1s temas tratados en la futuras sesiones con David Ballestar de El Arquetipo, dentro del MIZLab 8 de Made In Zaragoza. <\/p>\n","protected":false},"excerpt":{"rendered":"<p>Comenzamos el trabajo con el proyecto elegido en este MIZLab 8 de Made In Zaragoza: El Arquetipo. El Arquetipo es un taller de escultura creativa de Zaragoza, que lleva el escultor David Ballestar. Un negocio que tiene buena reputaci\u00f3n online tanto f\u00edsica como digitalmente. Hablando en la primera sesi\u00f3n con David, vimos su trayectoria en &hellip; <a href=\"https:\/\/madeinzaragoza.es\/blog\/mizlab8-redes-sociales-arquetipo\/\" class=\"more-link\">Continuar leyendo<span class=\"screen-reader-text\"> \u00abMIZ-Lab8: evaluamos la trayectoria en redes sociales de El Arquetipo\u00bb<\/span><\/a><\/p>\n","protected":false},"author":63,"featured_media":39698,"comment_status":"open","ping_status":"open","sticky":false,"template":"","format":"standard","meta":{"footnotes":""},"categories":[1554],"tags":[2286,2742,1823,1910,1614,2714,2743,346],"yoast_head":"<!-- This site is optimized with the Yoast SEO plugin v19.7.2 - https:\/\/yoast.com\/wordpress\/plugins\/seo\/ -->\n<title>Evaluar trayectoria en redes sociales de El Arquetipo<\/title>\n<meta name=\"description\" content=\"Comenzamos el trabajo con el proyecto elegido en este MIZLab 8 de Made In Zaragoza: El Arquetipo, un taller de escultura creativa de Zaragoza.\" \/>\n<meta name=\"robots\" content=\"index, follow, max-snippet:-1, max-image-preview:large, max-video-preview:-1\" \/>\n<link rel=\"canonical\" href=\"https:\/\/madeinzaragoza.es\/blog\/mizlab8-redes-sociales-arquetipo\/\" \/>\n<meta property=\"og:locale\" content=\"es_ES\" \/>\n<meta property=\"og:type\" content=\"article\" \/>\n<meta property=\"og:title\" content=\"Evaluar trayectoria en redes sociales de El Arquetipo\" \/>\n<meta property=\"og:description\" content=\"Comenzamos el trabajo con el proyecto elegido en este MIZLab 8 de Made In Zaragoza: El Arquetipo, un taller de escultura creativa de Zaragoza.\" \/>\n<meta property=\"og:url\" content=\"https:\/\/madeinzaragoza.es\/blog\/mizlab8-redes-sociales-arquetipo\/\" \/>\n<meta property=\"og:site_name\" content=\"Made in Zaragoza\" \/>\n<meta property=\"article:publisher\" content=\"https:\/\/www.facebook.com\/madeinzaragoza.es\/\" \/>\n<meta property=\"article:published_time\" content=\"2023-11-15T09:00:00+00:00\" \/>\n<meta property=\"article:modified_time\" content=\"2023-11-15T16:57:21+00:00\" \/>\n<meta property=\"og:image\" content=\"https:\/\/madeinzaragoza.es\/blog\/wp-content\/uploads\/2023\/11\/Evaluar-trayectoria-en-redes-sociales-de-El-Arquetipo-gestion-y-competencia.png\" \/>\n\t<meta property=\"og:image:width\" content=\"1024\" \/>\n\t<meta property=\"og:image:height\" content=\"512\" \/>\n\t<meta property=\"og:image:type\" content=\"image\/png\" \/>\n<meta name=\"author\" content=\"Fernando Cebolla\" \/>\n<meta name=\"twitter:card\" content=\"summary\" \/>\n<meta name=\"twitter:creator\" content=\"@fcpsocialmedia\" \/>\n<meta name=\"twitter:site\" content=\"@madeinzaragoza\" \/>\n<meta name=\"twitter:label1\" content=\"Escrito por\" \/>\n\t<meta name=\"twitter:data1\" content=\"Fernando Cebolla\" \/>\n\t<meta name=\"twitter:label2\" content=\"Tiempo de lectura\" \/>\n\t<meta name=\"twitter:data2\" content=\"6 minutos\" \/>\n<script type=\"application\/ld+json\" class=\"yoast-schema-graph\">{\"@context\":\"https:\/\/schema.org\",\"@graph\":[{\"@type\":\"Article\",\"@id\":\"https:\/\/madeinzaragoza.es\/blog\/mizlab8-redes-sociales-arquetipo\/#article\",\"isPartOf\":{\"@id\":\"https:\/\/madeinzaragoza.es\/blog\/mizlab8-redes-sociales-arquetipo\/\"},\"author\":{\"name\":\"Fernando Cebolla\",\"@id\":\"http:\/\/madeinzaragoza.es\/blog\/#\/schema\/person\/dfd0dc5fdb51dc5dcd948dc49fce07b0\"},\"headline\":\"MIZ-Lab8: evaluamos la trayectoria en redes sociales de El Arquetipo\",\"datePublished\":\"2023-11-15T09:00:00+00:00\",\"dateModified\":\"2023-11-15T16:57:21+00:00\",\"mainEntityOfPage\":{\"@id\":\"https:\/\/madeinzaragoza.es\/blog\/mizlab8-redes-sociales-arquetipo\/\"},\"wordCount\":1228,\"commentCount\":0,\"publisher\":{\"@id\":\"http:\/\/madeinzaragoza.es\/blog\/#organization\"},\"keywords\":[\"David Ballestar\",\"El Arquetipo\",\"laboratorio de innovaci\u00f3n comercial\",\"Laboratorio Innovaci\u00f3n Comercial\",\"MIZ-LAB\",\"Mizlab8\",\"taller escultura creativa\",\"Zaragoza Activa\"],\"articleSection\":[\"MIZ-Lab\"],\"inLanguage\":\"es\",\"potentialAction\":[{\"@type\":\"CommentAction\",\"name\":\"Comment\",\"target\":[\"https:\/\/madeinzaragoza.es\/blog\/mizlab8-redes-sociales-arquetipo\/#respond\"]}]},{\"@type\":\"WebPage\",\"@id\":\"https:\/\/madeinzaragoza.es\/blog\/mizlab8-redes-sociales-arquetipo\/\",\"url\":\"https:\/\/madeinzaragoza.es\/blog\/mizlab8-redes-sociales-arquetipo\/\",\"name\":\"Evaluar trayectoria en redes sociales de El Arquetipo\",\"isPartOf\":{\"@id\":\"http:\/\/madeinzaragoza.es\/blog\/#website\"},\"datePublished\":\"2023-11-15T09:00:00+00:00\",\"dateModified\":\"2023-11-15T16:57:21+00:00\",\"description\":\"Comenzamos el trabajo con el proyecto elegido en este MIZLab 8 de Made In Zaragoza: El Arquetipo, un taller de escultura creativa de Zaragoza.\",\"breadcrumb\":{\"@id\":\"https:\/\/madeinzaragoza.es\/blog\/mizlab8-redes-sociales-arquetipo\/#breadcrumb\"},\"inLanguage\":\"es\",\"potentialAction\":[{\"@type\":\"ReadAction\",\"target\":[\"https:\/\/madeinzaragoza.es\/blog\/mizlab8-redes-sociales-arquetipo\/\"]}]},{\"@type\":\"BreadcrumbList\",\"@id\":\"https:\/\/madeinzaragoza.es\/blog\/mizlab8-redes-sociales-arquetipo\/#breadcrumb\",\"itemListElement\":[{\"@type\":\"ListItem\",\"position\":1,\"name\":\"Portada\",\"item\":\"http:\/\/madeinzaragoza.es\/blog\/\"},{\"@type\":\"ListItem\",\"position\":2,\"name\":\"MIZ-Lab8: evaluamos la trayectoria en redes sociales de El Arquetipo\"}]},{\"@type\":\"WebSite\",\"@id\":\"http:\/\/madeinzaragoza.es\/blog\/#website\",\"url\":\"http:\/\/madeinzaragoza.es\/blog\/\",\"name\":\"Made in Zaragoza\",\"description\":\"Blog de MadeinZGZ, Red de Econom\u00eda Creativa de Zaragoza\",\"publisher\":{\"@id\":\"http:\/\/madeinzaragoza.es\/blog\/#organization\"},\"potentialAction\":[{\"@type\":\"SearchAction\",\"target\":{\"@type\":\"EntryPoint\",\"urlTemplate\":\"http:\/\/madeinzaragoza.es\/blog\/?s={search_term_string}\"},\"query-input\":\"required name=search_term_string\"}],\"inLanguage\":\"es\"},{\"@type\":\"Organization\",\"@id\":\"http:\/\/madeinzaragoza.es\/blog\/#organization\",\"name\":\"Made In Zaragoza\",\"url\":\"http:\/\/madeinzaragoza.es\/blog\/\",\"sameAs\":[\"https:\/\/www.instagram.com\/madeinzaragoza.es\/\",\"https:\/\/www.facebook.com\/madeinzaragoza.es\/\",\"https:\/\/twitter.com\/madeinzaragoza\"],\"logo\":{\"@type\":\"ImageObject\",\"inLanguage\":\"es\",\"@id\":\"http:\/\/madeinzaragoza.es\/blog\/#\/schema\/logo\/image\/\",\"url\":\"https:\/\/madeinzaragoza.es\/blog\/wp-content\/uploads\/2022\/05\/logo.png\",\"contentUrl\":\"https:\/\/madeinzaragoza.es\/blog\/wp-content\/uploads\/2022\/05\/logo.png\",\"width\":193,\"height\":176,\"caption\":\"Made In Zaragoza\"},\"image\":{\"@id\":\"http:\/\/madeinzaragoza.es\/blog\/#\/schema\/logo\/image\/\"}},{\"@type\":\"Person\",\"@id\":\"http:\/\/madeinzaragoza.es\/blog\/#\/schema\/person\/dfd0dc5fdb51dc5dcd948dc49fce07b0\",\"name\":\"Fernando Cebolla\",\"image\":{\"@type\":\"ImageObject\",\"inLanguage\":\"es\",\"@id\":\"http:\/\/madeinzaragoza.es\/blog\/#\/schema\/person\/image\/\",\"url\":\"https:\/\/secure.gravatar.com\/avatar\/bf5c705d25b1b881bc79c29530006274?s=96&d=mm&r=g\",\"contentUrl\":\"https:\/\/secure.gravatar.com\/avatar\/bf5c705d25b1b881bc79c29530006274?s=96&d=mm&r=g\",\"caption\":\"Fernando Cebolla\"},\"description\":\"Fernando Cebolla es consultor de comunicaci\u00f3n digital de emprendedores en el MIZ-Lab, especializado en visibilidad y estrategia digital para empresas. Como Social Media Manager, ayuda a negocios a ganar alcance, contactos y reputaci\u00f3n en redes sociales, conectando su mensaje con las audiencias adecuadas.\",\"sameAs\":[\"http:\/\/fernandocebolla.com\/\",\"https:\/\/www.instagram.com\/tusocialmediamanager\/?hl=es\",\"https:\/\/www.linkedin.com\/in\/fernandocebollapola\/?originalSubdomain=es\",\"https:\/\/twitter.com\/fcpsocialmedia\"],\"url\":\"https:\/\/madeinzaragoza.es\/blog\/author\/fernandocebolla\/\"}]}<\/script>\n<!-- \/ Yoast SEO plugin. -->","yoast_head_json":{"title":"Evaluar trayectoria en redes sociales de El Arquetipo","description":"Comenzamos el trabajo con el proyecto elegido en este MIZLab 8 de Made In Zaragoza: El Arquetipo, un taller de escultura creativa de Zaragoza.","robots":{"index":"index","follow":"follow","max-snippet":"max-snippet:-1","max-image-preview":"max-image-preview:large","max-video-preview":"max-video-preview:-1"},"canonical":"https:\/\/madeinzaragoza.es\/blog\/mizlab8-redes-sociales-arquetipo\/","og_locale":"es_ES","og_type":"article","og_title":"Evaluar trayectoria en redes sociales de El Arquetipo","og_description":"Comenzamos el trabajo con el proyecto elegido en este MIZLab 8 de Made In Zaragoza: El Arquetipo, un taller de escultura creativa de Zaragoza.","og_url":"https:\/\/madeinzaragoza.es\/blog\/mizlab8-redes-sociales-arquetipo\/","og_site_name":"Made in Zaragoza","article_publisher":"https:\/\/www.facebook.com\/madeinzaragoza.es\/","article_published_time":"2023-11-15T09:00:00+00:00","article_modified_time":"2023-11-15T16:57:21+00:00","og_image":[{"width":1024,"height":512,"url":"https:\/\/madeinzaragoza.es\/blog\/wp-content\/uploads\/2023\/11\/Evaluar-trayectoria-en-redes-sociales-de-El-Arquetipo-gestion-y-competencia.png","type":"image\/png"}],"author":"Fernando Cebolla","twitter_card":"summary","twitter_creator":"@fcpsocialmedia","twitter_site":"@madeinzaragoza","twitter_misc":{"Escrito por":"Fernando Cebolla","Tiempo de lectura":"6 minutos"},"schema":{"@context":"https:\/\/schema.org","@graph":[{"@type":"Article","@id":"https:\/\/madeinzaragoza.es\/blog\/mizlab8-redes-sociales-arquetipo\/#article","isPartOf":{"@id":"https:\/\/madeinzaragoza.es\/blog\/mizlab8-redes-sociales-arquetipo\/"},"author":{"name":"Fernando Cebolla","@id":"http:\/\/madeinzaragoza.es\/blog\/#\/schema\/person\/dfd0dc5fdb51dc5dcd948dc49fce07b0"},"headline":"MIZ-Lab8: evaluamos la trayectoria en redes sociales de El Arquetipo","datePublished":"2023-11-15T09:00:00+00:00","dateModified":"2023-11-15T16:57:21+00:00","mainEntityOfPage":{"@id":"https:\/\/madeinzaragoza.es\/blog\/mizlab8-redes-sociales-arquetipo\/"},"wordCount":1228,"commentCount":0,"publisher":{"@id":"http:\/\/madeinzaragoza.es\/blog\/#organization"},"keywords":["David Ballestar","El Arquetipo","laboratorio de innovaci\u00f3n comercial","Laboratorio Innovaci\u00f3n Comercial","MIZ-LAB","Mizlab8","taller escultura creativa","Zaragoza Activa"],"articleSection":["MIZ-Lab"],"inLanguage":"es","potentialAction":[{"@type":"CommentAction","name":"Comment","target":["https:\/\/madeinzaragoza.es\/blog\/mizlab8-redes-sociales-arquetipo\/#respond"]}]},{"@type":"WebPage","@id":"https:\/\/madeinzaragoza.es\/blog\/mizlab8-redes-sociales-arquetipo\/","url":"https:\/\/madeinzaragoza.es\/blog\/mizlab8-redes-sociales-arquetipo\/","name":"Evaluar trayectoria en redes sociales de El Arquetipo","isPartOf":{"@id":"http:\/\/madeinzaragoza.es\/blog\/#website"},"datePublished":"2023-11-15T09:00:00+00:00","dateModified":"2023-11-15T16:57:21+00:00","description":"Comenzamos el trabajo con el proyecto elegido en este MIZLab 8 de Made In Zaragoza: El Arquetipo, un taller de escultura creativa de Zaragoza.","breadcrumb":{"@id":"https:\/\/madeinzaragoza.es\/blog\/mizlab8-redes-sociales-arquetipo\/#breadcrumb"},"inLanguage":"es","potentialAction":[{"@type":"ReadAction","target":["https:\/\/madeinzaragoza.es\/blog\/mizlab8-redes-sociales-arquetipo\/"]}]},{"@type":"BreadcrumbList","@id":"https:\/\/madeinzaragoza.es\/blog\/mizlab8-redes-sociales-arquetipo\/#breadcrumb","itemListElement":[{"@type":"ListItem","position":1,"name":"Portada","item":"http:\/\/madeinzaragoza.es\/blog\/"},{"@type":"ListItem","position":2,"name":"MIZ-Lab8: evaluamos la trayectoria en redes sociales de El Arquetipo"}]},{"@type":"WebSite","@id":"http:\/\/madeinzaragoza.es\/blog\/#website","url":"http:\/\/madeinzaragoza.es\/blog\/","name":"Made in Zaragoza","description":"Blog de MadeinZGZ, Red de Econom\u00eda Creativa de Zaragoza","publisher":{"@id":"http:\/\/madeinzaragoza.es\/blog\/#organization"},"potentialAction":[{"@type":"SearchAction","target":{"@type":"EntryPoint","urlTemplate":"http:\/\/madeinzaragoza.es\/blog\/?s={search_term_string}"},"query-input":"required name=search_term_string"}],"inLanguage":"es"},{"@type":"Organization","@id":"http:\/\/madeinzaragoza.es\/blog\/#organization","name":"Made In Zaragoza","url":"http:\/\/madeinzaragoza.es\/blog\/","sameAs":["https:\/\/www.instagram.com\/madeinzaragoza.es\/","https:\/\/www.facebook.com\/madeinzaragoza.es\/","https:\/\/twitter.com\/madeinzaragoza"],"logo":{"@type":"ImageObject","inLanguage":"es","@id":"http:\/\/madeinzaragoza.es\/blog\/#\/schema\/logo\/image\/","url":"https:\/\/madeinzaragoza.es\/blog\/wp-content\/uploads\/2022\/05\/logo.png","contentUrl":"https:\/\/madeinzaragoza.es\/blog\/wp-content\/uploads\/2022\/05\/logo.png","width":193,"height":176,"caption":"Made In Zaragoza"},"image":{"@id":"http:\/\/madeinzaragoza.es\/blog\/#\/schema\/logo\/image\/"}},{"@type":"Person","@id":"http:\/\/madeinzaragoza.es\/blog\/#\/schema\/person\/dfd0dc5fdb51dc5dcd948dc49fce07b0","name":"Fernando Cebolla","image":{"@type":"ImageObject","inLanguage":"es","@id":"http:\/\/madeinzaragoza.es\/blog\/#\/schema\/person\/image\/","url":"https:\/\/secure.gravatar.com\/avatar\/bf5c705d25b1b881bc79c29530006274?s=96&d=mm&r=g","contentUrl":"https:\/\/secure.gravatar.com\/avatar\/bf5c705d25b1b881bc79c29530006274?s=96&d=mm&r=g","caption":"Fernando Cebolla"},"description":"Fernando Cebolla es consultor de comunicaci\u00f3n digital de emprendedores en el MIZ-Lab, especializado en visibilidad y estrategia digital para empresas. Como Social Media Manager, ayuda a negocios a ganar alcance, contactos y reputaci\u00f3n en redes sociales, conectando su mensaje con las audiencias adecuadas.","sameAs":["http:\/\/fernandocebolla.com\/","https:\/\/www.instagram.com\/tusocialmediamanager\/?hl=es","https:\/\/www.linkedin.com\/in\/fernandocebollapola\/?originalSubdomain=es","https:\/\/twitter.com\/fcpsocialmedia"],"url":"https:\/\/madeinzaragoza.es\/blog\/author\/fernandocebolla\/"}]}},"_links":{"self":[{"href":"https:\/\/madeinzaragoza.es\/blog\/wp-json\/wp\/v2\/posts\/39696"}],"collection":[{"href":"https:\/\/madeinzaragoza.es\/blog\/wp-json\/wp\/v2\/posts"}],"about":[{"href":"https:\/\/madeinzaragoza.es\/blog\/wp-json\/wp\/v2\/types\/post"}],"author":[{"embeddable":true,"href":"https:\/\/madeinzaragoza.es\/blog\/wp-json\/wp\/v2\/users\/63"}],"replies":[{"embeddable":true,"href":"https:\/\/madeinzaragoza.es\/blog\/wp-json\/wp\/v2\/comments?post=39696"}],"version-history":[{"count":3,"href":"https:\/\/madeinzaragoza.es\/blog\/wp-json\/wp\/v2\/posts\/39696\/revisions"}],"predecessor-version":[{"id":39966,"href":"https:\/\/madeinzaragoza.es\/blog\/wp-json\/wp\/v2\/posts\/39696\/revisions\/39966"}],"wp:featuredmedia":[{"embeddable":true,"href":"https:\/\/madeinzaragoza.es\/blog\/wp-json\/wp\/v2\/media\/39698"}],"wp:attachment":[{"href":"https:\/\/madeinzaragoza.es\/blog\/wp-json\/wp\/v2\/media?parent=39696"}],"wp:term":[{"taxonomy":"category","embeddable":true,"href":"https:\/\/madeinzaragoza.es\/blog\/wp-json\/wp\/v2\/categories?post=39696"},{"taxonomy":"post_tag","embeddable":true,"href":"https:\/\/madeinzaragoza.es\/blog\/wp-json\/wp\/v2\/tags?post=39696"}],"curies":[{"name":"wp","href":"https:\/\/api.w.org\/{rel}","templated":true}]}}