{"id":39314,"date":"2023-09-25T16:21:00","date_gmt":"2023-09-25T15:21:00","guid":{"rendered":"http:\/\/madeinzaragoza.es\/blog\/?p=39314"},"modified":"2023-09-26T17:52:17","modified_gmt":"2023-09-26T16:52:17","slug":"literatura-de-ciencia-ficcion-hecha-en-aragon","status":"publish","type":"post","link":"https:\/\/madeinzaragoza.es\/blog\/literatura-de-ciencia-ficcion-hecha-en-aragon\/","title":{"rendered":"Literatura de ciencia ficci\u00f3n hecha en Arag\u00f3n"},"content":{"rendered":"\n<h3 class=\"wp-block-heading\"><strong>Viajes interestelares, colonizaci\u00f3n de otros planetas, ingenier\u00eda gen\u00e9tica y clonaci\u00f3n, inteligencia artificial y rob\u00f3tica, realidad virtual, civilizaciones alien\u00edgenas, hecatombes terrestres o c\u00f3smicas, viajes en el tiempo, realidades alternativas&#8230; estos y muchos otros son temas habituales en la literatura de ciencia ficci\u00f3n.<\/strong><\/h3>\n\n\n\n<p><\/p>\n\n\n\n<p>La ciencia ficci\u00f3n es un g\u00e9nero derivado de la literatura de ficci\u00f3n, junto con la literatura fant\u00e1stica y de terror. Es un genero especulativo que aborda acontecimientos de car\u00e1cter cient\u00edfico y tecnol\u00f3gico que pueden suceder en el pasado, en el presente o en el futuro.<\/p>\n\n\n\n<p>Existen numerosos subg\u00e9neros como el cyberpunk, biopunk, retrofuturismo, space opera, post-apocaliptica, ucron\u00eda, steampunk&#8230; Tambi\u00e9n podemos diferenciar entre ciencia ficci\u00f3n dura (hard) m\u00e1s centrada en los aspectos cient\u00edficos \/t\u00e9cnicos; y blanda (soft) centrada en el aspecto literario.<\/p>\n\n\n\n<p><\/p>\n\n\n\n<figure class=\"wp-block-image size-full\"><img loading=\"lazy\" decoding=\"async\" width=\"976\" height=\"618\" src=\"http:\/\/madeinzaragoza.es\/blog\/wp-content\/uploads\/2023\/09\/ovni-puerta.jpg\" alt=\"\" class=\"wp-image-39337\" srcset=\"https:\/\/madeinzaragoza.es\/blog\/wp-content\/uploads\/2023\/09\/ovni-puerta.jpg 976w, https:\/\/madeinzaragoza.es\/blog\/wp-content\/uploads\/2023\/09\/ovni-puerta-450x285.jpg 450w, https:\/\/madeinzaragoza.es\/blog\/wp-content\/uploads\/2023\/09\/ovni-puerta-768x486.jpg 768w\" sizes=\"(max-width: 709px) 85vw, (max-width: 909px) 67vw, (max-width: 1362px) 62vw, 840px\" \/><figcaption>Unos visitantes no muy cordiales junto a la Puerta del Carmen<\/figcaption><\/figure>\n\n\n\n<p><\/p>\n\n\n\n<p>Si retrocedemos un poco podemos encontrar grandes exponentes de este g\u00e9nero como Julio Verne, H. G. Wells, Karel \u010capek, Stanislaw Lem, Isaac Asimov, Ursula K. Le Guin, Ray Bradbury, Robert A. Heinlein, J. G. Ballard, Arthur C. Clarke, Frank Herbert, Philip K. Dick&#8230; y muchos\/as m\u00e1s; pero vamos a ver qu\u00e9 es lo que pasa en Espa\u00f1a con la ciencia ficci\u00f3n.<\/p>\n\n\n\n<p>&#8216;El Anacropete&#8217; de Enrique Gaspar (1887), es la primera novela en la que aparece una m\u00e1quina del tiempo, as\u00ed que podr\u00eda ser la primera novela de ciencia ficci\u00f3n espa\u00f1ola. Desde entonces hay muchos representantes patrios de este genero; Tomas Salvador, Elia Barcel\u00f3, Eduardo Vaquerizo, F\u00e9lix J. Palma, Jos\u00e9 Antonio Cotrina, Domingo Santos, Emilio Bueso, Carlos Sisi, Angel Torres Quesada&#8230; entre otros.<\/p>\n\n\n\n<p>Y llegamos a lo importante, \u00bfqu\u00e9 sabemos de los autores de ciencia ficci\u00f3n de Arag\u00f3n? Pues poco, as\u00ed que aqu\u00ed os dejo un listado de autores\/as aragoneses y las obras que han escrito y publicado sobre ciencia ficci\u00f3n. Espero que sirva como un primer borrador, para el\/la que quiera leer o investigar este maravilloso universo.<\/p>\n\n\n\n<p><\/p>\n\n\n\n<figure class=\"wp-block-image size-large\"><img loading=\"lazy\" decoding=\"async\" width=\"1024\" height=\"494\" src=\"http:\/\/madeinzaragoza.es\/blog\/wp-content\/uploads\/2023\/09\/Moscatel-1024x494.jpg\" alt=\"\" class=\"wp-image-39315\" srcset=\"https:\/\/madeinzaragoza.es\/blog\/wp-content\/uploads\/2023\/09\/Moscatel-1024x494.jpg 1024w, https:\/\/madeinzaragoza.es\/blog\/wp-content\/uploads\/2023\/09\/Moscatel-450x217.jpg 450w, https:\/\/madeinzaragoza.es\/blog\/wp-content\/uploads\/2023\/09\/Moscatel-768x370.jpg 768w, https:\/\/madeinzaragoza.es\/blog\/wp-content\/uploads\/2023\/09\/Moscatel-1536x741.jpg 1536w, https:\/\/madeinzaragoza.es\/blog\/wp-content\/uploads\/2023\/09\/Moscatel-1200x579.jpg 1200w, https:\/\/madeinzaragoza.es\/blog\/wp-content\/uploads\/2023\/09\/Moscatel.jpg 1634w\" sizes=\"(max-width: 709px) 85vw, (max-width: 909px) 67vw, (max-width: 1362px) 62vw, 840px\" \/><\/figure>\n\n\n\n<p><\/p>\n\n\n\n<h3 class=\"wp-block-heading\"><strong>Pedro Moscatel, un escritor de otro mundo&nbsp;<\/strong><\/h3>\n\n\n\n<p><\/p>\n\n\n\n<p><a href=\"http:\/\/www.pedromoscatel.es\">Pedro<\/a> es actualmente uno de los autores m\u00e1s prol\u00edficos de la ciencia ficci\u00f3n aragonesa, con t\u00edtulos como <em>&#8216;Ciencia y revoluci\u00f3n&#8217;<\/em> (Libralia), <em>&#8216;Quintaesencia. El vac\u00edo que nos separa&#8217;<\/em> (Apache Libros),<em> &#8216;Hz&#8217;<\/em> (Cazador de Ratas), <em>&#8216;El devorador de mundos&#8217;<\/em> (Ed. El Trasbordador) y <em>&#8216;Te prohibo volver a dormir&#8217;<\/em> (Cazador de Ratas).<\/p>\n\n\n\n<p>Su obra transita entre la ciencia ficci\u00f3n dura y el horror c\u00f3smico o terror sobrenatural. En sus p\u00e1ginas encontraremos naves espaciales recorriendo distancias infinitas, seres oscuros y primigenios de otras galaxias, viajeros de otro universo que rompen el espacio-tiempo o escritores ficticios y realidades alternativas, entre otras cosas.&nbsp;<\/p>\n\n\n\n<p>Ideas conocidas pero que despu\u00e9s de pasar por sus manos te atrapan y consiguen mantenerte pegado a las p\u00e1ginas hasta el final. Espero que no tardemos mucho en ver un nuevo libro publicado.<\/p>\n\n\n\n<p><\/p>\n\n\n\n<figure class=\"wp-block-image size-large\"><img loading=\"lazy\" decoding=\"async\" width=\"1024\" height=\"494\" src=\"http:\/\/madeinzaragoza.es\/blog\/wp-content\/uploads\/2023\/09\/akane-1024x494.jpg\" alt=\"\" class=\"wp-image-39316\" srcset=\"https:\/\/madeinzaragoza.es\/blog\/wp-content\/uploads\/2023\/09\/akane-1024x494.jpg 1024w, https:\/\/madeinzaragoza.es\/blog\/wp-content\/uploads\/2023\/09\/akane-450x217.jpg 450w, https:\/\/madeinzaragoza.es\/blog\/wp-content\/uploads\/2023\/09\/akane-768x370.jpg 768w, https:\/\/madeinzaragoza.es\/blog\/wp-content\/uploads\/2023\/09\/akane-1536x741.jpg 1536w, https:\/\/madeinzaragoza.es\/blog\/wp-content\/uploads\/2023\/09\/akane-1200x579.jpg 1200w, https:\/\/madeinzaragoza.es\/blog\/wp-content\/uploads\/2023\/09\/akane.jpg 1634w\" sizes=\"(max-width: 709px) 85vw, (max-width: 909px) 67vw, (max-width: 1362px) 62vw, 840px\" \/><\/figure>\n\n\n\n<p><\/p>\n\n\n\n<h3 class=\"wp-block-heading\"><strong>Akane y las autoras de ciencia ficci\u00f3n<\/strong><\/h3>\n\n\n\n<p><\/p>\n\n\n\n<p><em><a href=\"https:\/\/akaneeditorial.com\">Akane <\/a><\/em>es una editorial aragonesa gestionada por Nessa Ojosnegros que a su vez tambi\u00e9n es autora. Nessa cuenta entre su trabajo con el t\u00edtulo <em>&#8216;CTRL ALT ADN&#8217;<\/em> (Siren Books) una distopia social juvenil. En esta novela nos propone la idea de introducir un segundo ADN en nuestro cuerpo para poder alterar nuestro aspecto en cualquier momento.&nbsp;<\/p>\n\n\n\n<p>Y si a una editora le gusta escribir ciencia ficci\u00f3n, lo l\u00f3gico es que tambi\u00e9n le guste publicarla. <em>&#8216;La lista&#8217; <\/em>es una <em>novelette<\/em> de ciencia ficci\u00f3n dist\u00f3pica escrita a cuatro manos por Mar\u00eda Z\u00e1rat y Carrie Brooke. Las autoras nos cuentan hasta d\u00f3nde estar\u00edan dispuestos a llegar sus personajes por salvar a aquellos que les importan en una situaci\u00f3n extrema. Y qu\u00e9 puede haber m\u00e1s extremo que un choque interplanetario que va a destruir a la Tierra y solo los que est\u00e1n dentro de <em>La Lista<\/em> se pueden salvar subiendo a unas pocas naves.&nbsp;<\/p>\n\n\n\n<p><a href=\"https:\/\/www.almaminguez.com\">Alma M\u00ednguez Herrera<\/a> firma <em>&#8216;Entre mundos&#8217; <\/em>y<em> &#8216;Entre mundos II. La ca\u00edda de Cosmos&#8217; <\/em>(Titanium) una gran aventura <em>steampunk<\/em> en la que acompa\u00f1amos a Galwyn Caere un arque\u00f3logo que lleva toda su vida siguiendo el rastro de \u00abLos legados\u00bb, una m\u00edtica civilizaci\u00f3n primigenia y otros aventureros se embarcaran en una expedici\u00f3n a trav\u00e9s de realidades que desaf\u00edan el tiempo y el espacio.<\/p>\n\n\n\n<p><\/p>\n\n\n\n<figure class=\"wp-block-image size-large\"><img loading=\"lazy\" decoding=\"async\" width=\"1024\" height=\"494\" src=\"http:\/\/madeinzaragoza.es\/blog\/wp-content\/uploads\/2023\/09\/TRES-1024x494.jpg\" alt=\"\" class=\"wp-image-39317\" srcset=\"https:\/\/madeinzaragoza.es\/blog\/wp-content\/uploads\/2023\/09\/TRES-1024x494.jpg 1024w, https:\/\/madeinzaragoza.es\/blog\/wp-content\/uploads\/2023\/09\/TRES-450x217.jpg 450w, https:\/\/madeinzaragoza.es\/blog\/wp-content\/uploads\/2023\/09\/TRES-768x370.jpg 768w, https:\/\/madeinzaragoza.es\/blog\/wp-content\/uploads\/2023\/09\/TRES-1536x741.jpg 1536w, https:\/\/madeinzaragoza.es\/blog\/wp-content\/uploads\/2023\/09\/TRES-1200x579.jpg 1200w, https:\/\/madeinzaragoza.es\/blog\/wp-content\/uploads\/2023\/09\/TRES.jpg 1634w\" sizes=\"(max-width: 709px) 85vw, (max-width: 909px) 67vw, (max-width: 1362px) 62vw, 840px\" \/><\/figure>\n\n\n\n<p><\/p>\n\n\n\n<h3 class=\"wp-block-heading\"><strong>Tres autores, tres tipos de ciencia ficci\u00f3n<\/strong><\/h3>\n\n\n\n<p><\/p>\n\n\n\n<p>La ciencia ficci\u00f3n tiene muchas formas de representarse. Por ejemplo en la obra <em>&#8216;Los inmortales&#8217; <\/em>(Afaguara) de Manuel Vilas podr\u00eda ser ciencia ficci\u00f3n o podr\u00eda ser realismo sucio. Estamos en el a\u00f1o 22011 en la Galaxia Shakespeare y Manuel se sirve de la iron\u00eda y el humor surrealista como una manera de cr\u00edtica de la sociedad de nuestro tiempo.<\/p>\n\n\n\n<p>Otra f\u00f3rmula para tratar la ciencia-ficci\u00f3n es desde el terror. En este campo tenemos a un maestro, David Jasso, autor de <em>&#8216;Feral. Preferir\u00edas estar muerto&#8217;<\/em> (Transversal. Equipo Sirius) una obra que combina a la perfecci\u00f3n estos dos g\u00e9neros. Partiendo de un planteamiento cl\u00e1sico como son las invasiones extraterrestres y los enfrentamientos con una cultura alien\u00edgena, David desata en sus p\u00e1ginas el horror m\u00e1s primigenio.<\/p>\n\n\n\n<p><em>&#8216;Rosas para la tierra&#8217;<\/em> (Imperium) es la primera obra de Jos\u00e9 Guerrero. Una distop\u00eda espacial luminosa y adictiva, que reflexiona sobre la venda que nos hace perder la visi\u00f3n de la realidad en una situaci\u00f3n de control social y tecnol\u00f3gico. La C\u00fapula Jard\u00edn Mecofem en el planeta Cloris produce rosas que env\u00eda a la tierra, asolada por una pandemia, en espera de que estas les ayuden a crear una vacuna.<\/p>\n\n\n\n<p><\/p>\n\n\n\n<figure class=\"wp-block-image size-large\"><img loading=\"lazy\" decoding=\"async\" width=\"1024\" height=\"494\" src=\"http:\/\/madeinzaragoza.es\/blog\/wp-content\/uploads\/2023\/09\/Infantil-1024x494.jpg\" alt=\"\" class=\"wp-image-39318\" srcset=\"https:\/\/madeinzaragoza.es\/blog\/wp-content\/uploads\/2023\/09\/Infantil-1024x494.jpg 1024w, https:\/\/madeinzaragoza.es\/blog\/wp-content\/uploads\/2023\/09\/Infantil-450x217.jpg 450w, https:\/\/madeinzaragoza.es\/blog\/wp-content\/uploads\/2023\/09\/Infantil-768x370.jpg 768w, https:\/\/madeinzaragoza.es\/blog\/wp-content\/uploads\/2023\/09\/Infantil-1536x741.jpg 1536w, https:\/\/madeinzaragoza.es\/blog\/wp-content\/uploads\/2023\/09\/Infantil-1200x579.jpg 1200w, https:\/\/madeinzaragoza.es\/blog\/wp-content\/uploads\/2023\/09\/Infantil.jpg 1634w\" sizes=\"(max-width: 709px) 85vw, (max-width: 909px) 67vw, (max-width: 1362px) 62vw, 840px\" \/><\/figure>\n\n\n\n<p><\/p>\n\n\n\n<h3 class=\"wp-block-heading\"><strong>La ciencia ficci\u00f3n hay que vivirla desde peque\u00f1os<\/strong><\/h3>\n\n\n\n<p><\/p>\n\n\n\n<p><em>&#8216;Agentes del futuro&#8217;<\/em> (Pregunta) es el libro de Mar\u00eda Frisa en el que dos ni\u00f1os y dos ni\u00f1as de sexto de primaria viajan en el tiempo al a\u00f1o 2122. Y no solo eso, adem\u00e1s formar\u00e1n parte de un organismo ultra secreto llamado F.R.O.N.T.E.R.A. Con el que tendr\u00e1n que salvar la Tierra. Una historia de aventuras&nbsp; muy gamberra, llena de humor y compa\u00f1erismo, con gui\u00f1os al cine de ciencia ficci\u00f3n cl\u00e1sico.<\/p>\n\n\n\n<p>Ferm\u00edn Moreno Gonz\u00e1lez ha escrito <em>&#8216;Puente al tr\u00f3pico&#8217; , &#8216;Forastero en cuerpo extra\u00f1o&#8217;, Sue\u00f1o de solo estrellas&#8217;, &#8216;Tierras futuras I: Anagenesis&#8217; <\/em>(Tusitala) centrados en la ciencia ficci\u00f3n y el terror. Pero es <em>&#8216;La Perdici\u00f3n Fucsia. El Imperio del Tecnopreboste&#8217; <\/em>(Nalvay) el libro juvenil que quiero destacar. Sus protagonistas viven una autentica y delirante aventura intergal\u00e1ctica mientras intentan proteger la Tierra de la amenaza de la Perdici\u00f3n Fucsia.<\/p>\n\n\n\n<p>Y por \u00faltimo saltamos a la novela juvenil donde nos encontramos el trabajo de Marta \u00c1lvarez e Iguazel Ser\u00f3n <em>&#8216;H\u00e9roes de cobre&#8217;<\/em> (Nocturna). Este libro de ciencia ficci\u00f3n mezcla el<em> steampunk<\/em> con la magia. Es una novela con trece protagonista y tambi\u00e9n es una carrera contrarreloj para encontrar una serie de objetos m\u00e1gicos. Es un libro impresionante.<\/p>\n\n\n\n<p><\/p>\n\n\n\n<figure class=\"wp-block-image size-large\"><img loading=\"lazy\" decoding=\"async\" width=\"1024\" height=\"494\" src=\"http:\/\/madeinzaragoza.es\/blog\/wp-content\/uploads\/2023\/09\/Pallares-1024x494.jpg\" alt=\"\" class=\"wp-image-39319\" srcset=\"https:\/\/madeinzaragoza.es\/blog\/wp-content\/uploads\/2023\/09\/Pallares-1024x494.jpg 1024w, https:\/\/madeinzaragoza.es\/blog\/wp-content\/uploads\/2023\/09\/Pallares-450x217.jpg 450w, https:\/\/madeinzaragoza.es\/blog\/wp-content\/uploads\/2023\/09\/Pallares-768x370.jpg 768w, https:\/\/madeinzaragoza.es\/blog\/wp-content\/uploads\/2023\/09\/Pallares-1536x741.jpg 1536w, https:\/\/madeinzaragoza.es\/blog\/wp-content\/uploads\/2023\/09\/Pallares-1200x579.jpg 1200w, https:\/\/madeinzaragoza.es\/blog\/wp-content\/uploads\/2023\/09\/Pallares.jpg 1634w\" sizes=\"(max-width: 709px) 85vw, (max-width: 909px) 67vw, (max-width: 1362px) 62vw, 840px\" \/><\/figure>\n\n\n\n<p><\/p>\n\n\n\n<h3 class=\"wp-block-heading\"><strong>Jos\u00e9 Miguel Pallar\u00e9s, una <em>rara avis<\/em><\/strong><\/h3>\n\n\n\n<p><\/p>\n\n\n\n<p>Jos\u00e9 Miguel es escritor, traductor, articulista y guionista. En el campo de la ciencia ficci\u00f3n ha escrito novelas, relatos, guiones de c\u00f3mic y ensayos. <em>&#8216;Tiempo prestado&#8217; <\/em>(Transversal.Equipo Sirius) escrita con Amadeo Garrig\u00f3s es una novela sobre viajes en el tiempo y <em>&#8216;Jaur\u00eda de truhanes&#8217; <\/em>(Apache) una space opera cl\u00e1sica plagada de contratistas militares, exploradores, contrabandistas y situaciones l\u00edmite.&nbsp;<\/p>\n\n\n\n<p>Entre otros ensayos en los que ha participado se encuentran<em> &#8216;Las 100 mejores novelas de ciencia ficci\u00f3n del siglo XX&#8217; <\/em>(La Factor\u00eda de Ideas) obra colectiva coordinada por Juli\u00e1n D\u00edez y la<em> &#8216;Gu\u00eda de la ciencia ficci\u00f3n y la fantas\u00eda en Espa\u00f1a&#8217; <\/em>(Equipo Sirius) junto con \u00d3scar Cuevas.<\/p>\n\n\n\n<p>Adem\u00e1s ha guionizado unos cuantos c\u00f3mics. Con la ciencia ficci\u00f3n como tema encontramos<em> &#8216;6 postdatas a un tiempo&#8217; <\/em>(Barzelona C\u00f3mic) o <em>&#8216;Naukha, la hereje&#8217; <\/em>(Colectivo de Tebeos) con dibujo de Miguel \u00c1ngel C\u00e1ceres. Nauhka es una hereje muy pelirosa que lucha contra el yugo de un desp\u00f3tico imperio fascista que basa su poder en el fundamentalismo religioso. Con el que tiene sometida toda la galaxia.<\/p>\n\n\n\n<p><\/p>\n\n\n\n<figure class=\"wp-block-image size-large\"><img loading=\"lazy\" decoding=\"async\" width=\"1024\" height=\"494\" src=\"http:\/\/madeinzaragoza.es\/blog\/wp-content\/uploads\/2023\/09\/Otros1-1024x494.jpg\" alt=\"\" class=\"wp-image-39320\" srcset=\"https:\/\/madeinzaragoza.es\/blog\/wp-content\/uploads\/2023\/09\/Otros1-1024x494.jpg 1024w, https:\/\/madeinzaragoza.es\/blog\/wp-content\/uploads\/2023\/09\/Otros1-450x217.jpg 450w, https:\/\/madeinzaragoza.es\/blog\/wp-content\/uploads\/2023\/09\/Otros1-768x370.jpg 768w, https:\/\/madeinzaragoza.es\/blog\/wp-content\/uploads\/2023\/09\/Otros1-1536x741.jpg 1536w, https:\/\/madeinzaragoza.es\/blog\/wp-content\/uploads\/2023\/09\/Otros1-1200x579.jpg 1200w, https:\/\/madeinzaragoza.es\/blog\/wp-content\/uploads\/2023\/09\/Otros1.jpg 1634w\" sizes=\"(max-width: 709px) 85vw, (max-width: 909px) 67vw, (max-width: 1362px) 62vw, 840px\" \/><\/figure>\n\n\n\n<p><\/p>\n\n\n\n<h3 class=\"wp-block-heading\"><strong>Nuestra galaxia es solo el principio<\/strong><\/h3>\n\n\n\n<p><\/p>\n\n\n\n<p>Tenemos bastantes autores\/as en Arag\u00f3n que han dedicado alguno de sus t\u00edtulos a la ciencia ficci\u00f3n como es el caso del gran Roberto Malo con el <em>&#8216;El rayo rojo&#8217; <\/em>(Dissident Tales), que nos lleva a la plaza del Torico de Teruel, donde un escritor es abducido por una nave extraterrestre. Y bueno, ah\u00ed puede pasar de todo.<\/p>\n\n\n\n<p>Otro ejemplo es \u00c1frica V\u00e1zquez, una autora todoterreno. Entre su extensa obra podemos encontrar varios t\u00edtulos de ciencia ficci\u00f3n, <em>&#8216;Los caminantes del tiempo&#8217;<\/em> (Fiction Expres) una aventura trepidante con sociedades secretas de viajeros del tiempo y sectas de encapuchados en la Florencia del Renacimiento.<\/p>\n\n\n\n<p>Y uno de sus \u00faltimos trabajos<em> &#8216;La estrella y el vac\u00edo&#8217; <\/em>donde nos lleva a una galaxia oprimida por las m\u00e1quinas que lo controlan todo y a todos. All\u00ed formaremos parte del <em>Escuadr\u00f3n Tormenta<\/em> un grupo de rebeldes que tienen la oportunidad de resetear la situaci\u00f3n gracias a ella.&nbsp;<\/p>\n\n\n\n<p><\/p>\n\n\n\n<figure class=\"wp-block-image size-large\"><img loading=\"lazy\" decoding=\"async\" width=\"1024\" height=\"494\" src=\"http:\/\/madeinzaragoza.es\/blog\/wp-content\/uploads\/2023\/09\/Otros2-1024x494.jpg\" alt=\"\" class=\"wp-image-39321\" srcset=\"https:\/\/madeinzaragoza.es\/blog\/wp-content\/uploads\/2023\/09\/Otros2-1024x494.jpg 1024w, https:\/\/madeinzaragoza.es\/blog\/wp-content\/uploads\/2023\/09\/Otros2-450x217.jpg 450w, https:\/\/madeinzaragoza.es\/blog\/wp-content\/uploads\/2023\/09\/Otros2-768x370.jpg 768w, https:\/\/madeinzaragoza.es\/blog\/wp-content\/uploads\/2023\/09\/Otros2-1536x741.jpg 1536w, https:\/\/madeinzaragoza.es\/blog\/wp-content\/uploads\/2023\/09\/Otros2-1200x579.jpg 1200w, https:\/\/madeinzaragoza.es\/blog\/wp-content\/uploads\/2023\/09\/Otros2.jpg 1634w\" sizes=\"(max-width: 709px) 85vw, (max-width: 909px) 67vw, (max-width: 1362px) 62vw, 840px\" \/><\/figure>\n\n\n\n<p><\/p>\n\n\n\n<p>Entre los autores n\u00f3veles que usan este g\u00e9nero como tema para su primera novela nos encontramos a Ra\u00fal Caronte con<em> &#8216;La memoria de las nubes&#8217; <\/em>(Siren Books) o Guillermo Bautista con<em> &#8216;El despertar de Luna&#8217;<\/em> (Autoedici\u00f3n), de los que ya habl\u00e9 en un art\u00edculo anterior, que pod\u00e9is leer <em><a href=\"http:\/\/madeinzaragoza.es\/blog\/seis-libros-de-autores-aragoneses-para-un-verano-fantastico\/\">AQU\u00cd.<\/a><\/em><\/p>\n\n\n\n<p>Buscando por la red y preguntando a conocidos y amigos poco a poco he ido recopilando otros nombres, otros t\u00edtulos para la lista. Entre ellos encontramos a Mariano Pinos <em>&#8216;Prometea&#8217;<\/em> (Mundos \u00e9picos), Jes\u00fas Almenar Carcavilla <em>&#8216;El t\u00fanel de las esferas&#8217; <\/em>(Editorial Adarve) y Borja Alonso <em>&#8216;Dentro de un agujero de gusano<\/em>&#8216; (Autoedici\u00f3n).<\/p>\n\n\n\n<p>Tambi\u00e9n est\u00e1n Ainhoa Gallardo <em>&#8216;La muerte del sol&#8217; <\/em>(Autoedici\u00f3n), Yeray Campos<em> &#8216;Seres blancos&#8217; <\/em>(Autoedici\u00f3n), Javier Beltran <em>&#8216;El retroceso&#8217; <\/em>(Autoedici\u00f3n), Sergio Algora <em>&#8216;Marcianos&#8217; <\/em>(Pregunta) y Alejando Marin <em>&#8216;El silencio de las estrellas&#8217;<\/em> (Dentro de antolog\u00edas).<\/p>\n\n\n\n<p><\/p>\n\n\n\n<figure class=\"wp-block-image size-large\"><img loading=\"lazy\" decoding=\"async\" width=\"1024\" height=\"494\" src=\"http:\/\/madeinzaragoza.es\/blog\/wp-content\/uploads\/2023\/09\/Comic1-1024x494.jpg\" alt=\"\" class=\"wp-image-39322\" srcset=\"https:\/\/madeinzaragoza.es\/blog\/wp-content\/uploads\/2023\/09\/Comic1-1024x494.jpg 1024w, https:\/\/madeinzaragoza.es\/blog\/wp-content\/uploads\/2023\/09\/Comic1-450x217.jpg 450w, https:\/\/madeinzaragoza.es\/blog\/wp-content\/uploads\/2023\/09\/Comic1-768x370.jpg 768w, https:\/\/madeinzaragoza.es\/blog\/wp-content\/uploads\/2023\/09\/Comic1-1536x741.jpg 1536w, https:\/\/madeinzaragoza.es\/blog\/wp-content\/uploads\/2023\/09\/Comic1-1200x579.jpg 1200w, https:\/\/madeinzaragoza.es\/blog\/wp-content\/uploads\/2023\/09\/Comic1.jpg 1634w\" sizes=\"(max-width: 709px) 85vw, (max-width: 909px) 67vw, (max-width: 1362px) 62vw, 840px\" \/><\/figure>\n\n\n\n<p><\/p>\n\n\n\n<h3 class=\"wp-block-heading\"><strong>Ciencia ficci\u00f3n en c\u00f3mic<\/strong><\/h3>\n\n\n\n<p><\/p>\n\n\n\n<p>Para ir terminando no puedo dejar de hablar de la ciencia ficci\u00f3n aragonesa en c\u00f3mic. Son muchos los autores que han dibujado alguna historieta de este g\u00e9nero. En el mercado americano encontramos a Jes\u00fas Saiz, David Daza, Fernando Blanco, Javi Pina, David L\u00f3pez <em>&#8216;Blackand Ironhead&#8217;<\/em> (Astiberri) y el maestro Carlos Ezquerra y sus m\u00edticos personajes <em>Juez Dredd o Perro de Estroncio.<\/em><\/p>\n\n\n\n<p>No podemos olvidar los arriesgados y personales trabajos de Fernando de Felipe &#8216;<em>ADN&#8217;, &#8216;Soul&#8217; o &#8216;Marketing &amp; Utopia&#8217; <\/em>(ECC)que marcaron una \u00e9poca. Otra obra regada de ciencia ficci\u00f3n, pero en este caso para un publico infantil, es la de <a href=\"https:\/\/madeinzaragoza.es\/comercio\/xcar-malavida\/\">XCar Malavida<\/a> con los tres n\u00fameros del cientisimio <em>Pako Miko<\/em> o los dos de sus divertidos extraterrestres <em>&#8216;Martina y Marcial. Pareja espacial&#8217;<\/em> (Cornoque. Malavida)<\/p>\n\n\n\n<p>Un guionista que trabaja casi siempre bajo el paraguas de la ciencia ficci\u00f3n es Javier Marquina que ha escrito <em>&#8216;Progenie&#8217; <\/em>(Sallybooks)<em>, &#8216;Abraxas&#8217; <\/em>(GP)<em>, &#8216;Alien Albion&#8217;<\/em> (Karras),<em> &#8216;Ilsa&#8217;<\/em> (Inuit) o la <em>&#8216;3\u00ba ley de Newton&#8217;<\/em> (Sallybooks) junto con el dibujante <a href=\"http:\/\/madeinzaragoza.es\/blog\/arde-un-nuevo-espacio-para-gente-con-inquietudes-artisticas\/\">V\u00edctor Solana<\/a> autor del imprescindible c\u00f3mic <em>&#8216;El subsuelo&#8217; <\/em>(GP\/Thermozero). Un siniestro futuro dist\u00f3pico y post apocal\u00edptico inspirado en el mito de la Caverna de Plat\u00f3n. Una joya gr\u00e1fica.<\/p>\n\n\n\n<p><\/p>\n\n\n\n<figure class=\"wp-block-image size-large\"><img loading=\"lazy\" decoding=\"async\" width=\"1024\" height=\"494\" src=\"http:\/\/madeinzaragoza.es\/blog\/wp-content\/uploads\/2023\/09\/comic2-1-1024x494.jpg\" alt=\"\" class=\"wp-image-39381\" srcset=\"https:\/\/madeinzaragoza.es\/blog\/wp-content\/uploads\/2023\/09\/comic2-1-1024x494.jpg 1024w, https:\/\/madeinzaragoza.es\/blog\/wp-content\/uploads\/2023\/09\/comic2-1-450x217.jpg 450w, https:\/\/madeinzaragoza.es\/blog\/wp-content\/uploads\/2023\/09\/comic2-1-768x370.jpg 768w, https:\/\/madeinzaragoza.es\/blog\/wp-content\/uploads\/2023\/09\/comic2-1-1536x741.jpg 1536w, https:\/\/madeinzaragoza.es\/blog\/wp-content\/uploads\/2023\/09\/comic2-1-1200x579.jpg 1200w, https:\/\/madeinzaragoza.es\/blog\/wp-content\/uploads\/2023\/09\/comic2-1.jpg 1634w\" sizes=\"(max-width: 709px) 85vw, (max-width: 909px) 67vw, (max-width: 1362px) 62vw, 840px\" \/><\/figure>\n\n\n\n<p><\/p>\n\n\n\n<p>No podemos olvidar la obra del gran ilustrador <a href=\"https:\/\/laberintogris.com\/es\/\">Luis Royo <\/a>y su hijo R\u00f3mulo Royo. En concreto el c\u00f3mic manga europeo <em>&#8216;Malefic Time: Soum&#8217; <\/em>(Norma) con el ilustrador Kenny Ruiz. Y los trabajos de Jos\u00e9 Antonio Rubio <em>&#8216;Eurocorps&#8217; <\/em>(AfterC\u00f3mic), V\u00edctor Romano <em>&#8216;Teratos&#8217; <\/em>(Autoedidi\u00f3n) y el cl\u00e1sico de la ciencia ficci\u00f3n aragonesa <em>&#8216;Nosotros llegamos primero&#8217;<\/em> (Autsaider) por el gran Furillo.<\/p>\n\n\n\n<p>Por el mundo de los fanzines tenemos <em>&#8216;World Wide Web Watcher\u2019 de Josemi Online<\/em> del que ya hable en un art\u00edculo <a href=\"http:\/\/madeinzaragoza.es\/blog\/los-10-fanzines-de-zaragoza-que-deberias-conocer\/\">(aqu\u00ed)<\/a>. Tambi\u00e9n est\u00e1n <em>&#8216;Los tres electroguerreros&#8217; <\/em>de Miguel Angel Hern\u00e1ndez, adaptaci\u00f3n relato de Stanislaw Lem (Cornoque. Malavida), <em>&#8216;Tecn\u00f3matas&#8217; <\/em>(Braink C\u00f3mics) o <em>&#8216;AlieNazi\u00f3n&#8217;<\/em> comandado por \u00c1ngel Lain.<\/p>\n\n\n\n<p><\/p>\n\n\n\n<figure class=\"wp-block-image size-full\"><img loading=\"lazy\" decoding=\"async\" width=\"976\" height=\"618\" src=\"http:\/\/madeinzaragoza.es\/blog\/wp-content\/uploads\/2023\/09\/ovni-torre.jpg\" alt=\"\" class=\"wp-image-39339\" srcset=\"https:\/\/madeinzaragoza.es\/blog\/wp-content\/uploads\/2023\/09\/ovni-torre.jpg 976w, https:\/\/madeinzaragoza.es\/blog\/wp-content\/uploads\/2023\/09\/ovni-torre-450x285.jpg 450w, https:\/\/madeinzaragoza.es\/blog\/wp-content\/uploads\/2023\/09\/ovni-torre-768x486.jpg 768w\" sizes=\"(max-width: 709px) 85vw, (max-width: 909px) 67vw, (max-width: 1362px) 62vw, 840px\" \/><figcaption>Un robot despistado justo antes de chocar con la Torre Nueva<\/figcaption><\/figure>\n\n\n\n<p><\/p>\n\n\n\n<p>Como siempre digo, esto es solo lo que yo he encontrado en mi peque\u00f1a b\u00fasqueda por esta dimensi\u00f3n. Una lista con sus fallos y sus carencias, solo dispongo de una inteligencia y no es artificial. Se que hay muchos m\u00e1s autores y autoras, en esta galaxia y en otras no tan lejanas y me encantar\u00eda poder conocerlos y por supuesto leerlos.&nbsp;<\/p>\n\n\n\n<p>Si tu eres un autor, autora o ser extraterrestre y no te encuentras en el listado, para mi ser\u00e1 un placer conocer tu trabajo. Y as\u00ed doy por terminado este art\u00edculo en espera de que un ejercito de escritores \u00e1vidos de ciencia ficci\u00f3n lo lean y decidan que es buen momento para desempolvar sus historias. Que la fuerza te acompa\u00f1e.<\/p>\n","protected":false},"excerpt":{"rendered":"<p>Viajes interestelares, colonizaci\u00f3n de otros planetas, ingenier\u00eda gen\u00e9tica y clonaci\u00f3n, inteligencia artificial y rob\u00f3tica, realidad virtual, civilizaciones alien\u00edgenas, hecatombes terrestres o c\u00f3smicas, viajes en el tiempo, realidades alternativas&#8230; estos y muchos otros son temas habituales en la literatura de ciencia ficci\u00f3n. La ciencia ficci\u00f3n es un g\u00e9nero derivado de la literatura de ficci\u00f3n, junto con &hellip; <a href=\"https:\/\/madeinzaragoza.es\/blog\/literatura-de-ciencia-ficcion-hecha-en-aragon\/\" class=\"more-link\">Continuar leyendo<span class=\"screen-reader-text\"> \u00abLiteratura de ciencia ficci\u00f3n hecha en Arag\u00f3n\u00bb<\/span><\/a><\/p>\n","protected":false},"author":78,"featured_media":39324,"comment_status":"open","ping_status":"open","sticky":false,"template":"","format":"standard","meta":{"footnotes":""},"categories":[829,6],"tags":[2632,2591,2731,865,2730,380,2588],"yoast_head":"<!-- This site is optimized with the Yoast SEO plugin v19.7.2 - https:\/\/yoast.com\/wordpress\/plugins\/seo\/ -->\n<title>Literatura de ciencia ficci\u00f3n hecha en Arag\u00f3n - Made in Zaragoza<\/title>\n<meta name=\"description\" content=\"Conoce a autores que est\u00e1n escribiendo literatura fant\u00e1stica en Arag\u00f3n. Si eres un amante de la literatura de ficci\u00f3n, \u00a1te encantar\u00e1!\" \/>\n<meta name=\"robots\" content=\"index, follow, max-snippet:-1, max-image-preview:large, max-video-preview:-1\" \/>\n<link rel=\"canonical\" href=\"https:\/\/madeinzaragoza.es\/blog\/literatura-de-ciencia-ficcion-hecha-en-aragon\/\" \/>\n<meta property=\"og:locale\" content=\"es_ES\" \/>\n<meta property=\"og:type\" content=\"article\" \/>\n<meta property=\"og:title\" content=\"Literatura de ciencia ficci\u00f3n hecha en Arag\u00f3n - Made in Zaragoza\" \/>\n<meta property=\"og:description\" content=\"Conoce a autores que est\u00e1n escribiendo literatura fant\u00e1stica en Arag\u00f3n. Si eres un amante de la literatura de ficci\u00f3n, \u00a1te encantar\u00e1!\" \/>\n<meta property=\"og:url\" content=\"https:\/\/madeinzaragoza.es\/blog\/literatura-de-ciencia-ficcion-hecha-en-aragon\/\" \/>\n<meta property=\"og:site_name\" content=\"Made in Zaragoza\" \/>\n<meta property=\"article:publisher\" content=\"https:\/\/www.facebook.com\/madeinzaragoza.es\/\" \/>\n<meta property=\"article:published_time\" content=\"2023-09-25T15:21:00+00:00\" \/>\n<meta property=\"article:modified_time\" content=\"2023-09-26T16:52:17+00:00\" \/>\n<meta property=\"og:image\" content=\"https:\/\/madeinzaragoza.es\/blog\/wp-content\/uploads\/2023\/09\/ovni-pilar.jpg\" \/>\n\t<meta property=\"og:image:width\" content=\"976\" \/>\n\t<meta property=\"og:image:height\" content=\"618\" \/>\n\t<meta property=\"og:image:type\" content=\"image\/jpeg\" \/>\n<meta name=\"author\" content=\"Victor Garcia Romano\" \/>\n<meta name=\"twitter:card\" content=\"summary\" \/>\n<meta name=\"twitter:creator\" content=\"@madeinzaragoza\" \/>\n<meta name=\"twitter:site\" content=\"@madeinzaragoza\" \/>\n<meta name=\"twitter:label1\" content=\"Escrito por\" \/>\n\t<meta name=\"twitter:data1\" content=\"Victor Garcia Romano\" \/>\n\t<meta name=\"twitter:label2\" content=\"Tiempo de lectura\" \/>\n\t<meta name=\"twitter:data2\" content=\"12 minutos\" \/>\n<script type=\"application\/ld+json\" class=\"yoast-schema-graph\">{\"@context\":\"https:\/\/schema.org\",\"@graph\":[{\"@type\":\"Article\",\"@id\":\"https:\/\/madeinzaragoza.es\/blog\/literatura-de-ciencia-ficcion-hecha-en-aragon\/#article\",\"isPartOf\":{\"@id\":\"https:\/\/madeinzaragoza.es\/blog\/literatura-de-ciencia-ficcion-hecha-en-aragon\/\"},\"author\":{\"name\":\"Victor Garcia Romano\",\"@id\":\"https:\/\/madeinzaragoza.es\/blog\/#\/schema\/person\/643de3bb01548c61dbb595c283ea52d6\"},\"headline\":\"Literatura de ciencia ficci\u00f3n hecha en Arag\u00f3n\",\"datePublished\":\"2023-09-25T15:21:00+00:00\",\"dateModified\":\"2023-09-26T16:52:17+00:00\",\"mainEntityOfPage\":{\"@id\":\"https:\/\/madeinzaragoza.es\/blog\/literatura-de-ciencia-ficcion-hecha-en-aragon\/\"},\"wordCount\":2202,\"commentCount\":1,\"publisher\":{\"@id\":\"https:\/\/madeinzaragoza.es\/blog\/#organization\"},\"keywords\":[\"Arag\u00f3n\",\"ciencia ficci\u00f3n\",\"escritoras\",\"Escritores\",\"g\u00e9nero\",\"Literatura\",\"narrativa\"],\"articleSection\":[\"Cultura\",\"Gente\"],\"inLanguage\":\"es\",\"potentialAction\":[{\"@type\":\"CommentAction\",\"name\":\"Comment\",\"target\":[\"https:\/\/madeinzaragoza.es\/blog\/literatura-de-ciencia-ficcion-hecha-en-aragon\/#respond\"]}]},{\"@type\":\"WebPage\",\"@id\":\"https:\/\/madeinzaragoza.es\/blog\/literatura-de-ciencia-ficcion-hecha-en-aragon\/\",\"url\":\"https:\/\/madeinzaragoza.es\/blog\/literatura-de-ciencia-ficcion-hecha-en-aragon\/\",\"name\":\"Literatura de ciencia ficci\u00f3n hecha en Arag\u00f3n - Made in Zaragoza\",\"isPartOf\":{\"@id\":\"https:\/\/madeinzaragoza.es\/blog\/#website\"},\"datePublished\":\"2023-09-25T15:21:00+00:00\",\"dateModified\":\"2023-09-26T16:52:17+00:00\",\"description\":\"Conoce a autores que est\u00e1n escribiendo literatura fant\u00e1stica en Arag\u00f3n. Si eres un amante de la literatura de ficci\u00f3n, \u00a1te encantar\u00e1!\",\"breadcrumb\":{\"@id\":\"https:\/\/madeinzaragoza.es\/blog\/literatura-de-ciencia-ficcion-hecha-en-aragon\/#breadcrumb\"},\"inLanguage\":\"es\",\"potentialAction\":[{\"@type\":\"ReadAction\",\"target\":[\"https:\/\/madeinzaragoza.es\/blog\/literatura-de-ciencia-ficcion-hecha-en-aragon\/\"]}]},{\"@type\":\"BreadcrumbList\",\"@id\":\"https:\/\/madeinzaragoza.es\/blog\/literatura-de-ciencia-ficcion-hecha-en-aragon\/#breadcrumb\",\"itemListElement\":[{\"@type\":\"ListItem\",\"position\":1,\"name\":\"Portada\",\"item\":\"https:\/\/madeinzaragoza.es\/blog\/\"},{\"@type\":\"ListItem\",\"position\":2,\"name\":\"Literatura de ciencia ficci\u00f3n hecha en Arag\u00f3n\"}]},{\"@type\":\"WebSite\",\"@id\":\"https:\/\/madeinzaragoza.es\/blog\/#website\",\"url\":\"https:\/\/madeinzaragoza.es\/blog\/\",\"name\":\"Made in Zaragoza\",\"description\":\"Blog de MadeinZGZ, Red de Econom\u00eda Creativa de Zaragoza\",\"publisher\":{\"@id\":\"https:\/\/madeinzaragoza.es\/blog\/#organization\"},\"potentialAction\":[{\"@type\":\"SearchAction\",\"target\":{\"@type\":\"EntryPoint\",\"urlTemplate\":\"https:\/\/madeinzaragoza.es\/blog\/?s={search_term_string}\"},\"query-input\":\"required name=search_term_string\"}],\"inLanguage\":\"es\"},{\"@type\":\"Organization\",\"@id\":\"https:\/\/madeinzaragoza.es\/blog\/#organization\",\"name\":\"Made In Zaragoza\",\"url\":\"https:\/\/madeinzaragoza.es\/blog\/\",\"sameAs\":[\"https:\/\/www.instagram.com\/madeinzaragoza.es\/\",\"https:\/\/www.facebook.com\/madeinzaragoza.es\/\",\"https:\/\/twitter.com\/madeinzaragoza\"],\"logo\":{\"@type\":\"ImageObject\",\"inLanguage\":\"es\",\"@id\":\"https:\/\/madeinzaragoza.es\/blog\/#\/schema\/logo\/image\/\",\"url\":\"https:\/\/madeinzaragoza.es\/blog\/wp-content\/uploads\/2022\/05\/logo.png\",\"contentUrl\":\"https:\/\/madeinzaragoza.es\/blog\/wp-content\/uploads\/2022\/05\/logo.png\",\"width\":193,\"height\":176,\"caption\":\"Made In Zaragoza\"},\"image\":{\"@id\":\"https:\/\/madeinzaragoza.es\/blog\/#\/schema\/logo\/image\/\"}},{\"@type\":\"Person\",\"@id\":\"https:\/\/madeinzaragoza.es\/blog\/#\/schema\/person\/643de3bb01548c61dbb595c283ea52d6\",\"name\":\"Victor Garcia Romano\",\"image\":{\"@type\":\"ImageObject\",\"inLanguage\":\"es\",\"@id\":\"https:\/\/madeinzaragoza.es\/blog\/#\/schema\/person\/image\/\",\"url\":\"https:\/\/secure.gravatar.com\/avatar\/6720c0f1c84e6a6250dcd70b33e2b5f9?s=96&d=mm&r=g\",\"contentUrl\":\"https:\/\/secure.gravatar.com\/avatar\/6720c0f1c84e6a6250dcd70b33e2b5f9?s=96&d=mm&r=g\",\"caption\":\"Victor Garcia Romano\"},\"description\":\"Librero en El Armadillo Ilustrado y dibujante de c\u00f3mic. Leo y dibujo todo lo que puedo, pero menos de lo que quiero. Organizo el \u2018Festival de Fanzines\u2019 y el \u2018Mercado del Libro\u2019 de Zaragoza.\",\"sameAs\":[\"@romano_comic\"],\"url\":\"https:\/\/madeinzaragoza.es\/blog\/author\/victorgarcia\/\"}]}<\/script>\n<!-- \/ Yoast SEO plugin. -->","yoast_head_json":{"title":"Literatura de ciencia ficci\u00f3n hecha en Arag\u00f3n - Made in Zaragoza","description":"Conoce a autores que est\u00e1n escribiendo literatura fant\u00e1stica en Arag\u00f3n. Si eres un amante de la literatura de ficci\u00f3n, \u00a1te encantar\u00e1!","robots":{"index":"index","follow":"follow","max-snippet":"max-snippet:-1","max-image-preview":"max-image-preview:large","max-video-preview":"max-video-preview:-1"},"canonical":"https:\/\/madeinzaragoza.es\/blog\/literatura-de-ciencia-ficcion-hecha-en-aragon\/","og_locale":"es_ES","og_type":"article","og_title":"Literatura de ciencia ficci\u00f3n hecha en Arag\u00f3n - Made in Zaragoza","og_description":"Conoce a autores que est\u00e1n escribiendo literatura fant\u00e1stica en Arag\u00f3n. Si eres un amante de la literatura de ficci\u00f3n, \u00a1te encantar\u00e1!","og_url":"https:\/\/madeinzaragoza.es\/blog\/literatura-de-ciencia-ficcion-hecha-en-aragon\/","og_site_name":"Made in Zaragoza","article_publisher":"https:\/\/www.facebook.com\/madeinzaragoza.es\/","article_published_time":"2023-09-25T15:21:00+00:00","article_modified_time":"2023-09-26T16:52:17+00:00","og_image":[{"width":976,"height":618,"url":"https:\/\/madeinzaragoza.es\/blog\/wp-content\/uploads\/2023\/09\/ovni-pilar.jpg","type":"image\/jpeg"}],"author":"Victor Garcia Romano","twitter_card":"summary","twitter_creator":"@madeinzaragoza","twitter_site":"@madeinzaragoza","twitter_misc":{"Escrito por":"Victor Garcia Romano","Tiempo de lectura":"12 minutos"},"schema":{"@context":"https:\/\/schema.org","@graph":[{"@type":"Article","@id":"https:\/\/madeinzaragoza.es\/blog\/literatura-de-ciencia-ficcion-hecha-en-aragon\/#article","isPartOf":{"@id":"https:\/\/madeinzaragoza.es\/blog\/literatura-de-ciencia-ficcion-hecha-en-aragon\/"},"author":{"name":"Victor Garcia Romano","@id":"https:\/\/madeinzaragoza.es\/blog\/#\/schema\/person\/643de3bb01548c61dbb595c283ea52d6"},"headline":"Literatura de ciencia ficci\u00f3n hecha en Arag\u00f3n","datePublished":"2023-09-25T15:21:00+00:00","dateModified":"2023-09-26T16:52:17+00:00","mainEntityOfPage":{"@id":"https:\/\/madeinzaragoza.es\/blog\/literatura-de-ciencia-ficcion-hecha-en-aragon\/"},"wordCount":2202,"commentCount":1,"publisher":{"@id":"https:\/\/madeinzaragoza.es\/blog\/#organization"},"keywords":["Arag\u00f3n","ciencia ficci\u00f3n","escritoras","Escritores","g\u00e9nero","Literatura","narrativa"],"articleSection":["Cultura","Gente"],"inLanguage":"es","potentialAction":[{"@type":"CommentAction","name":"Comment","target":["https:\/\/madeinzaragoza.es\/blog\/literatura-de-ciencia-ficcion-hecha-en-aragon\/#respond"]}]},{"@type":"WebPage","@id":"https:\/\/madeinzaragoza.es\/blog\/literatura-de-ciencia-ficcion-hecha-en-aragon\/","url":"https:\/\/madeinzaragoza.es\/blog\/literatura-de-ciencia-ficcion-hecha-en-aragon\/","name":"Literatura de ciencia ficci\u00f3n hecha en Arag\u00f3n - Made in Zaragoza","isPartOf":{"@id":"https:\/\/madeinzaragoza.es\/blog\/#website"},"datePublished":"2023-09-25T15:21:00+00:00","dateModified":"2023-09-26T16:52:17+00:00","description":"Conoce a autores que est\u00e1n escribiendo literatura fant\u00e1stica en Arag\u00f3n. Si eres un amante de la literatura de ficci\u00f3n, \u00a1te encantar\u00e1!","breadcrumb":{"@id":"https:\/\/madeinzaragoza.es\/blog\/literatura-de-ciencia-ficcion-hecha-en-aragon\/#breadcrumb"},"inLanguage":"es","potentialAction":[{"@type":"ReadAction","target":["https:\/\/madeinzaragoza.es\/blog\/literatura-de-ciencia-ficcion-hecha-en-aragon\/"]}]},{"@type":"BreadcrumbList","@id":"https:\/\/madeinzaragoza.es\/blog\/literatura-de-ciencia-ficcion-hecha-en-aragon\/#breadcrumb","itemListElement":[{"@type":"ListItem","position":1,"name":"Portada","item":"https:\/\/madeinzaragoza.es\/blog\/"},{"@type":"ListItem","position":2,"name":"Literatura de ciencia ficci\u00f3n hecha en Arag\u00f3n"}]},{"@type":"WebSite","@id":"https:\/\/madeinzaragoza.es\/blog\/#website","url":"https:\/\/madeinzaragoza.es\/blog\/","name":"Made in Zaragoza","description":"Blog de MadeinZGZ, Red de Econom\u00eda Creativa de Zaragoza","publisher":{"@id":"https:\/\/madeinzaragoza.es\/blog\/#organization"},"potentialAction":[{"@type":"SearchAction","target":{"@type":"EntryPoint","urlTemplate":"https:\/\/madeinzaragoza.es\/blog\/?s={search_term_string}"},"query-input":"required name=search_term_string"}],"inLanguage":"es"},{"@type":"Organization","@id":"https:\/\/madeinzaragoza.es\/blog\/#organization","name":"Made In Zaragoza","url":"https:\/\/madeinzaragoza.es\/blog\/","sameAs":["https:\/\/www.instagram.com\/madeinzaragoza.es\/","https:\/\/www.facebook.com\/madeinzaragoza.es\/","https:\/\/twitter.com\/madeinzaragoza"],"logo":{"@type":"ImageObject","inLanguage":"es","@id":"https:\/\/madeinzaragoza.es\/blog\/#\/schema\/logo\/image\/","url":"https:\/\/madeinzaragoza.es\/blog\/wp-content\/uploads\/2022\/05\/logo.png","contentUrl":"https:\/\/madeinzaragoza.es\/blog\/wp-content\/uploads\/2022\/05\/logo.png","width":193,"height":176,"caption":"Made In Zaragoza"},"image":{"@id":"https:\/\/madeinzaragoza.es\/blog\/#\/schema\/logo\/image\/"}},{"@type":"Person","@id":"https:\/\/madeinzaragoza.es\/blog\/#\/schema\/person\/643de3bb01548c61dbb595c283ea52d6","name":"Victor Garcia Romano","image":{"@type":"ImageObject","inLanguage":"es","@id":"https:\/\/madeinzaragoza.es\/blog\/#\/schema\/person\/image\/","url":"https:\/\/secure.gravatar.com\/avatar\/6720c0f1c84e6a6250dcd70b33e2b5f9?s=96&d=mm&r=g","contentUrl":"https:\/\/secure.gravatar.com\/avatar\/6720c0f1c84e6a6250dcd70b33e2b5f9?s=96&d=mm&r=g","caption":"Victor Garcia Romano"},"description":"Librero en El Armadillo Ilustrado y dibujante de c\u00f3mic. Leo y dibujo todo lo que puedo, pero menos de lo que quiero. Organizo el \u2018Festival de Fanzines\u2019 y el \u2018Mercado del Libro\u2019 de Zaragoza.","sameAs":["@romano_comic"],"url":"https:\/\/madeinzaragoza.es\/blog\/author\/victorgarcia\/"}]}},"_links":{"self":[{"href":"https:\/\/madeinzaragoza.es\/blog\/wp-json\/wp\/v2\/posts\/39314"}],"collection":[{"href":"https:\/\/madeinzaragoza.es\/blog\/wp-json\/wp\/v2\/posts"}],"about":[{"href":"https:\/\/madeinzaragoza.es\/blog\/wp-json\/wp\/v2\/types\/post"}],"author":[{"embeddable":true,"href":"https:\/\/madeinzaragoza.es\/blog\/wp-json\/wp\/v2\/users\/78"}],"replies":[{"embeddable":true,"href":"https:\/\/madeinzaragoza.es\/blog\/wp-json\/wp\/v2\/comments?post=39314"}],"version-history":[{"count":16,"href":"https:\/\/madeinzaragoza.es\/blog\/wp-json\/wp\/v2\/posts\/39314\/revisions"}],"predecessor-version":[{"id":39404,"href":"https:\/\/madeinzaragoza.es\/blog\/wp-json\/wp\/v2\/posts\/39314\/revisions\/39404"}],"wp:featuredmedia":[{"embeddable":true,"href":"https:\/\/madeinzaragoza.es\/blog\/wp-json\/wp\/v2\/media\/39324"}],"wp:attachment":[{"href":"https:\/\/madeinzaragoza.es\/blog\/wp-json\/wp\/v2\/media?parent=39314"}],"wp:term":[{"taxonomy":"category","embeddable":true,"href":"https:\/\/madeinzaragoza.es\/blog\/wp-json\/wp\/v2\/categories?post=39314"},{"taxonomy":"post_tag","embeddable":true,"href":"https:\/\/madeinzaragoza.es\/blog\/wp-json\/wp\/v2\/tags?post=39314"}],"curies":[{"name":"wp","href":"https:\/\/api.w.org\/{rel}","templated":true}]}}