{"id":39239,"date":"2024-01-10T17:28:00","date_gmt":"2024-01-10T16:28:00","guid":{"rendered":"https:\/\/madeinzaragoza.es\/blog\/?p=39239"},"modified":"2024-01-12T16:20:51","modified_gmt":"2024-01-12T15:20:51","slug":"5-cambios-para-hacer-tu-vida-mas-sostenible-con-made-in-zaragoza","status":"publish","type":"post","link":"https:\/\/madeinzaragoza.es\/blog\/5-cambios-para-hacer-tu-vida-mas-sostenible-con-made-in-zaragoza\/","title":{"rendered":"5 cambios para hacer tu vida m\u00e1s sostenible con Made in Zaragoza"},"content":{"rendered":"\n<p>No podemos negar que estamos viviendo uno de los <strong>veranos<\/strong> m\u00e1s raros y <strong>calurosos<\/strong> de la historia. Temperaturas de r\u00e9cord, d\u00edas en los que se hace dif\u00edcil salir a la calle o noches frente al ventilador han sido el pan de cada d\u00eda.<\/p>\n\n\n\n<p>Las <strong>peque\u00f1as acciones<\/strong> cuentan y MUCHO. Por eso, te propongo <strong>5 cambios en tu estilo de vida<\/strong> y as\u00ed aportar tu granito de arena en el <strong>cuidado del planeta<\/strong>.<\/p>\n\n\n\n<p>S\u00e9 que los cambios cuestan. Por eso, te cuento diferentes <strong>alternativas sostenibles<\/strong> que podr\u00e1s encontrar en nuestra ciudad. Puedes introducirlas en tu vida poco a poco y al ritmo que te sientas m\u00e1s c\u00f3modo.<\/p>\n\n\n\n<h2 class=\"wp-block-heading\">Un ba\u00f1o mucho m\u00e1s eco<\/h2>\n\n\n\n<p>\u201cUn minuto en nuestras manos, una eternidad en el medio ambiente\u201d \u00bfSomos conscientes de los <strong>pl\u00e1sticos<\/strong> y productos de <strong>un s\u00f3lo uso<\/strong> que nos rodean? Y m\u00e1s si hablamos del ba\u00f1o y los productos de cosm\u00e9tica y cuidado.<\/p>\n\n\n\n<p>De la mano de <strong><a href=\"https:\/\/www.instagram.com\/errequeerre.zgz\/\">Erre que Erre<\/a> (<\/strong>C. de la Torre Nueva, 33) os traigo diferentes productos de <strong>higiene y ba\u00f1o <\/strong>que har\u00e1n posible el primer cambio hacia un estilo de vida m\u00e1s consciente.<\/p>\n\n\n\n<figure class=\"wp-block-image size-large\"><img loading=\"lazy\" decoding=\"async\" width=\"1024\" height=\"454\" src=\"https:\/\/madeinzaragoza.es\/blog\/wp-content\/uploads\/2023\/09\/Errer-que-erre-productos-sostenibles-de-bano-e-higiena-1024x454.jpg\" alt=\"\" class=\"wp-image-39243\" srcset=\"https:\/\/madeinzaragoza.es\/blog\/wp-content\/uploads\/2023\/09\/Errer-que-erre-productos-sostenibles-de-bano-e-higiena-1024x454.jpg 1024w, https:\/\/madeinzaragoza.es\/blog\/wp-content\/uploads\/2023\/09\/Errer-que-erre-productos-sostenibles-de-bano-e-higiena-450x200.jpg 450w, https:\/\/madeinzaragoza.es\/blog\/wp-content\/uploads\/2023\/09\/Errer-que-erre-productos-sostenibles-de-bano-e-higiena-768x341.jpg 768w, https:\/\/madeinzaragoza.es\/blog\/wp-content\/uploads\/2023\/09\/Errer-que-erre-productos-sostenibles-de-bano-e-higiena.jpg 1080w\" sizes=\"(max-width: 709px) 85vw, (max-width: 909px) 67vw, (max-width: 1362px) 62vw, 840px\" \/><figcaption>Productos de ba\u00f1o e higiene sostenibles de Errer que Erre<\/figcaption><\/figure>\n\n\n\n<ul><li><strong>Gel natural y ecol\u00f3gico a granel<\/strong>: Elimina los pl\u00e1sticos de un s\u00f3lo uso y cuida tu piel de una forma saludable. Reutiliza los envases que tienes en casa y libera a tu piel de ingredientes t\u00f3xicos.&nbsp;<\/li><\/ul>\n\n\n\n<ul><li><strong>Discos de algod\u00f3n reutilizables.<\/strong> Se utilizan como los algodones tradicionales y solo hay que enjuagarlos con agua y jab\u00f3n despu\u00e9s de cada uso. Con dichos discos, evitaremos un mont\u00f3n de residuos derivados de la rutina de limpieza facial.<\/li><li><strong>Protecci\u00f3n solar en stick<\/strong> con filtros minerales f\u00edsicos. Crea una pel\u00edcula que protege tu piel y es <strong>respetuoso con el oc\u00e9ano<\/strong>. Adem\u00e1s,&nbsp; viene en un tubo de cart\u00f3n reciclado, libre de pl\u00e1sticos.<\/li><\/ul>\n\n\n\n<ul><li><strong>Bragas menstruales.<\/strong> La menstruaci\u00f3n sostenible es uno de los mejores pasos que puedes dar, no s\u00f3lo por los residuos, si no porque mejora la calidad de tu higiene y respeta al m\u00e1ximo tu cuerpo y tu ciclo. Hechas en Espa\u00f1a con algod\u00f3n org\u00e1nico. Puedes complementarlas con la <strong>copa menstrual<\/strong> y las <strong>compresas de tela<\/strong>.&nbsp;<\/li><\/ul>\n\n\n\n<ul><li><strong>Cosm\u00e9tica s\u00f3lida<\/strong>. Cada vez hay m\u00e1s opciones de productos sin envase. Los champ\u00fas y jabones son los m\u00e1s conocidos pero aqu\u00ed tienes otras 2 opciones; <strong>Un limpiador facial<\/strong> espumoso, a base de arcillas, plantas en polvo y aceites vegetales y esenciales y una <strong>crema corporal s\u00f3lida<\/strong> hecha a base de aceites vegetales, esenciales y mantecas, s\u00faper pr\u00e1ctica y nutritiva.&nbsp;<\/li><\/ul>\n\n\n\n<h2 class=\"wp-block-heading\">Productos de hogar y limpieza a granel<\/h2>\n\n\n\n<p>Te traigo informaci\u00f3n de primera mano.<strong> <a href=\"https:\/\/asisinmas.com\/\">As\u00ed sin m\u00e1s<\/a>, <\/strong>es<strong> <\/strong>una de las tiendas de <strong>residuos cero<\/strong> de nuestra red <a href=\"https:\/\/madeinzaragoza.es\/\">MIZ<\/a> . Aqu\u00ed podr\u00e1s encontrar una gran variedad de alternativas sostenibles a los productos de siempre.&nbsp;<\/p>\n\n\n\n<p>\u00a1Aviso! Gracias a los<strong> graneles l\u00edquidos<\/strong> y <strong>s\u00f3lidos<\/strong> no volver\u00e1s a limpiar tu casa con productos tradicionales.<\/p>\n\n\n\n<figure class=\"wp-block-gallery has-nested-images columns-default is-cropped wp-block-gallery-1 is-layout-flex wp-block-gallery-is-layout-flex\">\n<figure class=\"wp-block-image size-large\"><img loading=\"lazy\" decoding=\"async\" width=\"578\" height=\"326\" data-id=\"39244\" src=\"https:\/\/madeinzaragoza.es\/blog\/wp-content\/uploads\/2023\/09\/IMG_20230830_123942_582.jpg\" alt=\"\" class=\"wp-image-39244\" srcset=\"https:\/\/madeinzaragoza.es\/blog\/wp-content\/uploads\/2023\/09\/IMG_20230830_123942_582.jpg 578w, https:\/\/madeinzaragoza.es\/blog\/wp-content\/uploads\/2023\/09\/IMG_20230830_123942_582-450x254.jpg 450w\" sizes=\"(max-width: 578px) 85vw, 578px\" \/><figcaption>Productos a granel en polvo As\u00ed Sin M\u00e1s<\/figcaption><\/figure>\n\n\n\n<figure class=\"wp-block-image size-large\"><img loading=\"lazy\" decoding=\"async\" width=\"578\" height=\"434\" data-id=\"39245\" src=\"https:\/\/madeinzaragoza.es\/blog\/wp-content\/uploads\/2023\/09\/IMG_20230830_123919_892.jpg\" alt=\"\" class=\"wp-image-39245\" srcset=\"https:\/\/madeinzaragoza.es\/blog\/wp-content\/uploads\/2023\/09\/IMG_20230830_123919_892.jpg 578w, https:\/\/madeinzaragoza.es\/blog\/wp-content\/uploads\/2023\/09\/IMG_20230830_123919_892-450x338.jpg 450w\" sizes=\"(max-width: 578px) 85vw, 578px\" \/><figcaption>Productos de limpieza l\u00edquidos As\u00ed Sin M\u00e1s<\/figcaption><\/figure>\n<\/figure>\n\n\n\n<p>Dentro de los <strong>graneles l\u00edquidos<\/strong> podemos destacar 3: El <strong>detergente de lavadora ecol\u00f3gico<\/strong> de lavanda. Est\u00e1 elaborado en fr\u00edo con ingredientes ecol\u00f3gicos. El <strong>desengrasante multiusos <\/strong>natural. Se puede diluir en agua para limpiar muebles y es un todoterreno para limpiar suelos, ba\u00f1os, cocina\u2026 No nos podemos olvidar del <strong>lavavajillas manual <\/strong>con aroma a lim\u00f3n s\u00faper concentrado y que nada tiene que envidiar a las marcas m\u00e1s conocidas.<\/p>\n\n\n\n<p>Por otro lado, encontramos los <strong>graneles en polvo<\/strong> donde cabe destacar el <strong>percarbonato s\u00f3dico<\/strong> a granel. Es muy asequible y vers\u00e1til. Se utiliza para limpiar todo tipo de superficies y como suavizante y desodorizante en el lavado de ropa. Adem\u00e1s, si lo mezclas con agua caliente es perfecto para potenciar el blanco de la ropa y quitar manchas dif\u00edciles \u00a1Hasta las de sangre!&nbsp;<\/p>\n\n\n\n<p>No te preocupes si a\u00fan te quedan dudas. En esta<a href=\"https:\/\/madeinzaragoza.es\/comercio\/asi-sin-mas\/\"> tiendita <\/a>de la calle San Vicente de Pa\u00fal estar\u00e1n encantados de ayudarte.<\/p>\n\n\n\n<h2 class=\"wp-block-heading\">Una cocina m\u00e1s sostenible<\/h2>\n\n\n\n<p>La cocina es otro de los espacios en los que el pl\u00e1stico muchas veces campa a sus anchas\u2026 Por eso te propongo <strong>reducir, reutilizar y reciclar<\/strong>.<\/p>\n\n\n\n<p>Usa tupper de cristal, bolsas de silicona para proteger tus alimentos, utiliza botellas de agua reutilizables, envuelve tus alimentos de una forma ecol\u00f3gica\u2026<\/p>\n\n\n\n<p>Y llegados a este punto, os propongo <strong><a href=\"https:\/\/beecool.es\/\">Beecool<\/a><\/strong>. La mejor <strong>alternativa<\/strong> al papel <strong>film y aluminio<\/strong>. Fabrican <strong>envoltorios ecol\u00f3gicos y reutilizables<\/strong> de cera de abeja en su taller de Zaragoza.<\/p>\n\n\n\n<figure class=\"wp-block-gallery has-nested-images columns-default is-cropped wp-block-gallery-2 is-layout-flex wp-block-gallery-is-layout-flex\">\n<figure class=\"wp-block-image size-large\"><img loading=\"lazy\" decoding=\"async\" width=\"1024\" height=\"1024\" data-id=\"39248\" src=\"https:\/\/madeinzaragoza.es\/blog\/wp-content\/uploads\/2023\/09\/355867337_645195234271715_4040207989141539101_n-1024x1024.jpg\" alt=\"\" class=\"wp-image-39248\" srcset=\"https:\/\/madeinzaragoza.es\/blog\/wp-content\/uploads\/2023\/09\/355867337_645195234271715_4040207989141539101_n-1024x1024.jpg 1024w, https:\/\/madeinzaragoza.es\/blog\/wp-content\/uploads\/2023\/09\/355867337_645195234271715_4040207989141539101_n-450x450.jpg 450w, https:\/\/madeinzaragoza.es\/blog\/wp-content\/uploads\/2023\/09\/355867337_645195234271715_4040207989141539101_n-150x150.jpg 150w, https:\/\/madeinzaragoza.es\/blog\/wp-content\/uploads\/2023\/09\/355867337_645195234271715_4040207989141539101_n-768x768.jpg 768w, https:\/\/madeinzaragoza.es\/blog\/wp-content\/uploads\/2023\/09\/355867337_645195234271715_4040207989141539101_n-1536x1536.jpg 1536w, https:\/\/madeinzaragoza.es\/blog\/wp-content\/uploads\/2023\/09\/355867337_645195234271715_4040207989141539101_n-1200x1200.jpg 1200w, https:\/\/madeinzaragoza.es\/blog\/wp-content\/uploads\/2023\/09\/355867337_645195234271715_4040207989141539101_n-120x120.jpg 120w, https:\/\/madeinzaragoza.es\/blog\/wp-content\/uploads\/2023\/09\/355867337_645195234271715_4040207989141539101_n.jpg 2000w\" sizes=\"(max-width: 709px) 85vw, (max-width: 909px) 67vw, (max-width: 1362px) 62vw, 840px\" \/><figcaption>Envoltorios ecol\u00f3gicos Beecool<\/figcaption><\/figure>\n\n\n\n<figure class=\"wp-block-image size-large\"><img loading=\"lazy\" decoding=\"async\" width=\"800\" height=\"800\" data-id=\"39246\" src=\"https:\/\/madeinzaragoza.es\/blog\/wp-content\/uploads\/2023\/09\/355883160_642067014584537_146739426119302875_n.jpg\" alt=\"\" class=\"wp-image-39246\" srcset=\"https:\/\/madeinzaragoza.es\/blog\/wp-content\/uploads\/2023\/09\/355883160_642067014584537_146739426119302875_n.jpg 800w, https:\/\/madeinzaragoza.es\/blog\/wp-content\/uploads\/2023\/09\/355883160_642067014584537_146739426119302875_n-450x450.jpg 450w, https:\/\/madeinzaragoza.es\/blog\/wp-content\/uploads\/2023\/09\/355883160_642067014584537_146739426119302875_n-150x150.jpg 150w, https:\/\/madeinzaragoza.es\/blog\/wp-content\/uploads\/2023\/09\/355883160_642067014584537_146739426119302875_n-768x768.jpg 768w, https:\/\/madeinzaragoza.es\/blog\/wp-content\/uploads\/2023\/09\/355883160_642067014584537_146739426119302875_n-120x120.jpg 120w\" sizes=\"(max-width: 709px) 85vw, (max-width: 909px) 67vw, (max-width: 984px) 61vw, (max-width: 1362px) 45vw, 600px\" \/><figcaption>Packs Beecool<\/figcaption><\/figure>\n\n\n\n<figure class=\"wp-block-image size-large\"><img loading=\"lazy\" decoding=\"async\" width=\"1024\" height=\"1024\" data-id=\"39247\" src=\"https:\/\/madeinzaragoza.es\/blog\/wp-content\/uploads\/2023\/09\/355860833_645195257605046_8976230177134012308_n-1024x1024.jpg\" alt=\"\" class=\"wp-image-39247\" srcset=\"https:\/\/madeinzaragoza.es\/blog\/wp-content\/uploads\/2023\/09\/355860833_645195257605046_8976230177134012308_n-1024x1024.jpg 1024w, https:\/\/madeinzaragoza.es\/blog\/wp-content\/uploads\/2023\/09\/355860833_645195257605046_8976230177134012308_n-450x450.jpg 450w, https:\/\/madeinzaragoza.es\/blog\/wp-content\/uploads\/2023\/09\/355860833_645195257605046_8976230177134012308_n-150x150.jpg 150w, https:\/\/madeinzaragoza.es\/blog\/wp-content\/uploads\/2023\/09\/355860833_645195257605046_8976230177134012308_n-768x768.jpg 768w, https:\/\/madeinzaragoza.es\/blog\/wp-content\/uploads\/2023\/09\/355860833_645195257605046_8976230177134012308_n-1536x1536.jpg 1536w, https:\/\/madeinzaragoza.es\/blog\/wp-content\/uploads\/2023\/09\/355860833_645195257605046_8976230177134012308_n-1200x1200.jpg 1200w, https:\/\/madeinzaragoza.es\/blog\/wp-content\/uploads\/2023\/09\/355860833_645195257605046_8976230177134012308_n-120x120.jpg 120w, https:\/\/madeinzaragoza.es\/blog\/wp-content\/uploads\/2023\/09\/355860833_645195257605046_8976230177134012308_n.jpg 2000w\" sizes=\"(max-width: 709px) 85vw, (max-width: 909px) 67vw, (max-width: 1362px) 62vw, 840px\" \/><figcaption>Envoltorios reutilizables Beecool<\/figcaption><\/figure>\n<\/figure>\n\n\n\n<p>Fabrican con <strong>ingredientes de proximidad<\/strong>: Tela de algod\u00f3n org\u00e1nico cubierta con cera de abeja, resina de \u00e1rbol y aceite de jojoba. Adem\u00e1s, todos los dise\u00f1os <a href=\"https:\/\/beecool.es\/nuestros-envoltorios\/\">son propio<\/a><a href=\"https:\/\/beecool.es\/\">s<\/a> y vienen en <strong>packs de tres unidades<\/strong>, protegidos y bien explicados en una caja reutilizable. Echa un ojo a la gran variedad de packs con diferentes tama\u00f1os que disponen en su tienda online.<\/p>\n\n\n\n<p>\u00bfTe apetece conocer m\u00e1s sobre esta alternativa? Nuestra compa\u00f1era Cristina Castej\u00f3n os lo cuenta en este <a href=\"https:\/\/madeinzaragoza.es\/blog\/envoltorios-beecool-no-querras-deshacerte-de-ellos\/\">post<\/a>.<\/p>\n\n\n\n<h2 class=\"wp-block-heading\">Alimentos de venta a granel y productos de cercan\u00eda<\/h2>\n\n\n\n<p>En la relaci\u00f3n a nuestra cocina, tambi\u00e9n entra en juego los alimentos y la forma de consumirlos.<\/p>\n\n\n\n<p>\u00a1Apunta! Te propongo diferentes comercios de Made in Zaragoza en los que podr\u00e1s disfrutar del hecho de comprar <strong>alimentos a granel<\/strong>, <strong>sin pl\u00e1sticos y de cercan\u00eda.<\/strong>&nbsp;<\/p>\n\n\n\n<p><strong><a href=\"https:\/\/detarros.com\/\">De Tarros<\/a><\/strong>, situada en la C\/ Torrenueva, 30. Comprar a <strong>granel<\/strong> aqu\u00ed, te permite pasear sin prisa entre cientos de productos que podr\u00e1s observar, olfatear y comparar.<\/p>\n\n\n\n<p>A esta iniciativa tambi\u00e9n se uni\u00f3 <strong><a href=\"https:\/\/www.facebook.com\/sinhuellazaragoza\/?locale=es_ES\">Sin Huella<\/a><\/strong> (C\/ Coso, 156) Tienda de alimentaci\u00f3n con <strong>productos naturales, ecol\u00f3gicos y de cercan\u00eda.<\/strong> Incentivan la reutilizaci\u00f3n de envases y apoyan a colectivos, cooperativas y grupos que se junten para comparar (grupos de consumo).<\/p>\n\n\n\n<figure class=\"wp-block-gallery has-nested-images columns-default is-cropped wp-block-gallery-3 is-layout-flex wp-block-gallery-is-layout-flex\">\n<figure class=\"wp-block-image size-large\"><img loading=\"lazy\" decoding=\"async\" width=\"1024\" height=\"683\" data-id=\"39250\" src=\"https:\/\/madeinzaragoza.es\/blog\/wp-content\/uploads\/2023\/09\/de-tarros-1024x683.jpg\" alt=\"\" class=\"wp-image-39250\" srcset=\"https:\/\/madeinzaragoza.es\/blog\/wp-content\/uploads\/2023\/09\/de-tarros-1024x683.jpg 1024w, https:\/\/madeinzaragoza.es\/blog\/wp-content\/uploads\/2023\/09\/de-tarros-450x300.jpg 450w, https:\/\/madeinzaragoza.es\/blog\/wp-content\/uploads\/2023\/09\/de-tarros-768x512.jpg 768w, https:\/\/madeinzaragoza.es\/blog\/wp-content\/uploads\/2023\/09\/de-tarros-1536x1024.jpg 1536w, https:\/\/madeinzaragoza.es\/blog\/wp-content\/uploads\/2023\/09\/de-tarros-1200x800.jpg 1200w, https:\/\/madeinzaragoza.es\/blog\/wp-content\/uploads\/2023\/09\/de-tarros.jpg 1620w\" sizes=\"(max-width: 709px) 85vw, (max-width: 909px) 67vw, (max-width: 1362px) 62vw, 840px\" \/><figcaption>De Tarros<\/figcaption><\/figure>\n\n\n\n<figure class=\"wp-block-image size-large\"><img loading=\"lazy\" decoding=\"async\" width=\"960\" height=\"720\" data-id=\"39249\" src=\"https:\/\/madeinzaragoza.es\/blog\/wp-content\/uploads\/2023\/09\/Sin-huella.jpg\" alt=\"\" class=\"wp-image-39249\" srcset=\"https:\/\/madeinzaragoza.es\/blog\/wp-content\/uploads\/2023\/09\/Sin-huella.jpg 960w, https:\/\/madeinzaragoza.es\/blog\/wp-content\/uploads\/2023\/09\/Sin-huella-450x338.jpg 450w, https:\/\/madeinzaragoza.es\/blog\/wp-content\/uploads\/2023\/09\/Sin-huella-768x576.jpg 768w\" sizes=\"(max-width: 709px) 85vw, (max-width: 909px) 67vw, (max-width: 1362px) 62vw, 840px\" \/><figcaption>Sin Huella<\/figcaption><\/figure>\n<\/figure>\n\n\n\n<p>En la zona tenemos una gastronom\u00eda muy rica que puedes probar de la mano de <a href=\"https:\/\/alacenadearagon.es\/\"><strong>La Alacena de Arag\u00f3n<\/strong> <\/a>(C\/ Don Jaime I), dedicada exclusivamente a productos <strong>artesanos de origen aragon\u00e9s<\/strong> y <a href=\"https:\/\/www.instagram.com\/winebaramontillado\/\"><strong>Amontillado<\/strong> <\/a>(C\/Hermanos Garc\u00ed\u00ada Mercadal LC5) especializados en <strong>producto gourmet aragon\u00e9s<\/strong> como cervezas artesanas, quesos, pat\u00e9s del pirineo y aceites del Somontano.<\/p>\n\n\n\n<p>Sin olvidarnos de <strong><a href=\"https:\/\/www.bioselecta.com\/\">Bioselecta <\/a><\/strong>(c\/ Santa Cruz 21) con su gran variedad de<strong> productos ecol\u00f3gicos de Arag\u00f3n<\/strong>, sabrosos y saludables, perfectos para consumo propio o para regala<\/p>\n\n\n\n<figure class=\"wp-block-gallery has-nested-images columns-default is-cropped wp-block-gallery-4 is-layout-flex wp-block-gallery-is-layout-flex\">\n<figure class=\"wp-block-image size-large\"><img loading=\"lazy\" decoding=\"async\" width=\"1024\" height=\"684\" data-id=\"39254\" src=\"https:\/\/madeinzaragoza.es\/blog\/wp-content\/uploads\/2023\/09\/productos-de-aragon-MIZ-1024x684.jpg\" alt=\"\" class=\"wp-image-39254\" srcset=\"https:\/\/madeinzaragoza.es\/blog\/wp-content\/uploads\/2023\/09\/productos-de-aragon-MIZ-1024x684.jpg 1024w, https:\/\/madeinzaragoza.es\/blog\/wp-content\/uploads\/2023\/09\/productos-de-aragon-MIZ-450x301.jpg 450w, https:\/\/madeinzaragoza.es\/blog\/wp-content\/uploads\/2023\/09\/productos-de-aragon-MIZ-768x513.jpg 768w, https:\/\/madeinzaragoza.es\/blog\/wp-content\/uploads\/2023\/09\/productos-de-aragon-MIZ-1200x801.jpg 1200w, https:\/\/madeinzaragoza.es\/blog\/wp-content\/uploads\/2023\/09\/productos-de-aragon-MIZ.jpg 1400w\" sizes=\"(max-width: 709px) 85vw, (max-width: 909px) 67vw, (max-width: 1362px) 62vw, 840px\" \/><figcaption>La Alacena de Arag\u00f3n<\/figcaption><\/figure>\n\n\n\n<figure class=\"wp-block-image size-large\"><img loading=\"lazy\" decoding=\"async\" width=\"1024\" height=\"718\" data-id=\"39253\" src=\"https:\/\/madeinzaragoza.es\/blog\/wp-content\/uploads\/2023\/09\/amontillados-made-in-zaragoza-1024x718.jpg\" alt=\"\" class=\"wp-image-39253\" srcset=\"https:\/\/madeinzaragoza.es\/blog\/wp-content\/uploads\/2023\/09\/amontillados-made-in-zaragoza-1024x718.jpg 1024w, https:\/\/madeinzaragoza.es\/blog\/wp-content\/uploads\/2023\/09\/amontillados-made-in-zaragoza-450x316.jpg 450w, https:\/\/madeinzaragoza.es\/blog\/wp-content\/uploads\/2023\/09\/amontillados-made-in-zaragoza-768x539.jpg 768w, https:\/\/madeinzaragoza.es\/blog\/wp-content\/uploads\/2023\/09\/amontillados-made-in-zaragoza.jpg 1039w\" sizes=\"(max-width: 709px) 85vw, (max-width: 909px) 67vw, (max-width: 1362px) 62vw, 840px\" \/><figcaption>Amontillados<\/figcaption><\/figure>\n\n\n\n<figure class=\"wp-block-image size-large\"><img loading=\"lazy\" decoding=\"async\" width=\"1024\" height=\"1024\" data-id=\"39255\" src=\"https:\/\/madeinzaragoza.es\/blog\/wp-content\/uploads\/2023\/09\/bioselecta-miz-1024x1024.jpg\" alt=\"\" class=\"wp-image-39255\" srcset=\"https:\/\/madeinzaragoza.es\/blog\/wp-content\/uploads\/2023\/09\/bioselecta-miz-1024x1024.jpg 1024w, https:\/\/madeinzaragoza.es\/blog\/wp-content\/uploads\/2023\/09\/bioselecta-miz-450x450.jpg 450w, https:\/\/madeinzaragoza.es\/blog\/wp-content\/uploads\/2023\/09\/bioselecta-miz-150x150.jpg 150w, https:\/\/madeinzaragoza.es\/blog\/wp-content\/uploads\/2023\/09\/bioselecta-miz-768x769.jpg 768w, https:\/\/madeinzaragoza.es\/blog\/wp-content\/uploads\/2023\/09\/bioselecta-miz-1534x1536.jpg 1534w, https:\/\/madeinzaragoza.es\/blog\/wp-content\/uploads\/2023\/09\/bioselecta-miz-1200x1201.jpg 1200w, https:\/\/madeinzaragoza.es\/blog\/wp-content\/uploads\/2023\/09\/bioselecta-miz-120x120.jpg 120w, https:\/\/madeinzaragoza.es\/blog\/wp-content\/uploads\/2023\/09\/bioselecta-miz.jpg 1841w\" sizes=\"(max-width: 709px) 85vw, (max-width: 909px) 67vw, (max-width: 1362px) 62vw, 840px\" \/><figcaption>Bioselecta<\/figcaption><\/figure>\n<\/figure>\n\n\n\n<h2 class=\"wp-block-heading\">Slow Fashion<\/h2>\n\n\n\n<p>El concepto de <strong>moda lenta<\/strong> apareci\u00f3 como una<strong> reacci\u00f3n<\/strong> al modelo de<strong> producci\u00f3n masiva<\/strong> del sector textil.<\/p>\n\n\n\n<p>Dentro de la red de comercios creativos tenemos muchas alternativas para disfrutar y lucir <strong>piezas \u00fanicas<\/strong>, <strong>sostenibles<\/strong> y <strong>con mucha personalidad<\/strong>.<\/p>\n\n\n\n<p>Puedes optar por prendas de <strong>segunda mano o vintage<\/strong>. Si te apasiona este mundo no puedes dejar de visitar <a href=\"https:\/\/www.instagram.com\/vintage_horst\/?hl=es\">Horst Vintage<\/a>, <a href=\"https:\/\/www.bluevelvetvintageshop.es\/\">Blue Velvet<\/a>, <a href=\"https:\/\/www.kashmir.es\/\">Kashmir<\/a>, <a href=\"https:\/\/www.instagram.com\/ggardensvintage\/\">Ggardens vintage<\/a>, <a href=\"https:\/\/re-loved.es\/\">Reloved<\/a>, <a href=\"https:\/\/www.instagram.com\/maskdivina\/?utm_medium=copy_link\">+KDivina<\/a> y <a href=\"https:\/\/www.instagram.com\/flamingosvintagekilozaragoza\/\">Flamingos Vintage Kilo Zaragoza<\/a>.<\/p>\n\n\n\n<p>Todos merecemos una segunda oportunidad. Otra opci\u00f3n es la <strong>ropa y complementos reciclados<\/strong> con un estilo renovado gracias a&nbsp;<a href=\"https:\/\/www.instagram.com\/aropa2_zaragoza\/\"> a-Ropa2<\/a><a href=\"https:\/\/www.instagram.com\/bughambilia\/\"> <\/a>y <a href=\"https:\/\/unaocaloca.com\/\">UnaOcaLoca<\/a>.<\/p>\n\n\n\n<figure class=\"wp-block-gallery has-nested-images columns-default is-cropped wp-block-gallery-5 is-layout-flex wp-block-gallery-is-layout-flex\">\n<figure class=\"wp-block-image size-large\"><img loading=\"lazy\" decoding=\"async\" width=\"768\" height=\"512\" data-id=\"39258\" src=\"https:\/\/madeinzaragoza.es\/blog\/wp-content\/uploads\/2023\/09\/Prendas-vintage.jpg\" alt=\"\" class=\"wp-image-39258\" srcset=\"https:\/\/madeinzaragoza.es\/blog\/wp-content\/uploads\/2023\/09\/Prendas-vintage.jpg 768w, https:\/\/madeinzaragoza.es\/blog\/wp-content\/uploads\/2023\/09\/Prendas-vintage-450x300.jpg 450w\" sizes=\"(max-width: 709px) 85vw, (max-width: 909px) 67vw, (max-width: 984px) 61vw, (max-width: 1362px) 45vw, 600px\" \/><figcaption>Ropa vintage Blue Velvet<\/figcaption><\/figure>\n\n\n\n<figure class=\"wp-block-image size-large\"><img loading=\"lazy\" decoding=\"async\" width=\"400\" height=\"400\" data-id=\"39257\" src=\"https:\/\/madeinzaragoza.es\/blog\/wp-content\/uploads\/2023\/09\/artesania-textil-Una-Oca-Loca.jpg\" alt=\"\" class=\"wp-image-39257\" srcset=\"https:\/\/madeinzaragoza.es\/blog\/wp-content\/uploads\/2023\/09\/artesania-textil-Una-Oca-Loca.jpg 400w, https:\/\/madeinzaragoza.es\/blog\/wp-content\/uploads\/2023\/09\/artesania-textil-Una-Oca-Loca-150x150.jpg 150w, https:\/\/madeinzaragoza.es\/blog\/wp-content\/uploads\/2023\/09\/artesania-textil-Una-Oca-Loca-120x120.jpg 120w\" sizes=\"(max-width: 400px) 85vw, 400px\" \/><figcaption>Artesan\u00eda textil Una Oca Loca<\/figcaption><\/figure>\n\n\n\n<figure class=\"wp-block-image size-large\"><img loading=\"lazy\" decoding=\"async\" width=\"550\" height=\"367\" data-id=\"39259\" src=\"https:\/\/madeinzaragoza.es\/blog\/wp-content\/uploads\/2023\/09\/ropa-de-segunda-mano.jpg\" alt=\"\" class=\"wp-image-39259\" srcset=\"https:\/\/madeinzaragoza.es\/blog\/wp-content\/uploads\/2023\/09\/ropa-de-segunda-mano.jpg 550w, https:\/\/madeinzaragoza.es\/blog\/wp-content\/uploads\/2023\/09\/ropa-de-segunda-mano-450x300.jpg 450w\" sizes=\"(max-width: 550px) 85vw, 550px\" \/><figcaption>a-ropa2<\/figcaption><\/figure>\n<\/figure>\n\n\n\n<p>Como ves, hay muchas alternativas y con peque\u00f1os cambios en nuestro d\u00eda a d\u00eda podemos contribuir a grandes cambios a nivel global \u00bfTe sumas al cambio?<\/p>\n\n\n\n<p>\u00bfConoces m\u00e1s trucos para una vida m\u00e1s sostenible? Te leemos en comentarios.<\/p>\n","protected":false},"excerpt":{"rendered":"<p>No podemos negar que estamos viviendo uno de los veranos m\u00e1s raros y calurosos de la historia. Temperaturas de r\u00e9cord, d\u00edas en los que se hace dif\u00edcil salir a la calle o noches frente al ventilador han sido el pan de cada d\u00eda. Las peque\u00f1as acciones cuentan y MUCHO. Por eso, te propongo 5 cambios &hellip; <a href=\"https:\/\/madeinzaragoza.es\/blog\/5-cambios-para-hacer-tu-vida-mas-sostenible-con-made-in-zaragoza\/\" class=\"more-link\">Continuar leyendo<span class=\"screen-reader-text\"> \u00ab5 cambios para hacer tu vida m\u00e1s sostenible con Made in Zaragoza\u00bb<\/span><\/a><\/p>\n","protected":false},"author":84,"featured_media":39261,"comment_status":"open","ping_status":"open","sticky":false,"template":"","format":"standard","meta":{"footnotes":""},"categories":[9,8,1],"tags":[130,39,848],"yoast_head":"<!-- This site is optimized with the Yoast SEO plugin v19.7.2 - https:\/\/yoast.com\/wordpress\/plugins\/seo\/ -->\n<title>5 cambios para hacer tu vida m\u00e1s sostenible con Made in Zaragoza - Made in Zaragoza<\/title>\n<meta name=\"description\" content=\"Las peque\u00f1as acciones cuentan y MUCHO. Por eso, te propongo 5 cambios en tu estilo de vida y as\u00ed aportar tu granito de arena en el cuidado del planeta.\" \/>\n<meta name=\"robots\" content=\"index, follow, max-snippet:-1, max-image-preview:large, max-video-preview:-1\" \/>\n<link rel=\"canonical\" href=\"http:\/\/madeinzaragoza.es\/blog\/5-cambios-para-hacer-tu-vida-mas-sostenible-con-made-in-zaragoza\/\" \/>\n<meta property=\"og:locale\" content=\"es_ES\" \/>\n<meta property=\"og:type\" content=\"article\" \/>\n<meta property=\"og:title\" content=\"5 cambios para hacer tu vida m\u00e1s sostenible con Made in Zaragoza - Made in Zaragoza\" \/>\n<meta property=\"og:description\" content=\"Las peque\u00f1as acciones cuentan y MUCHO. Por eso, te propongo 5 cambios en tu estilo de vida y as\u00ed aportar tu granito de arena en el cuidado del planeta.\" \/>\n<meta property=\"og:url\" content=\"http:\/\/madeinzaragoza.es\/blog\/5-cambios-para-hacer-tu-vida-mas-sostenible-con-made-in-zaragoza\/\" \/>\n<meta property=\"og:site_name\" content=\"Made in Zaragoza\" \/>\n<meta property=\"article:publisher\" content=\"https:\/\/www.facebook.com\/madeinzaragoza.es\/\" \/>\n<meta property=\"article:published_time\" content=\"2024-01-10T16:28:00+00:00\" \/>\n<meta property=\"article:modified_time\" content=\"2024-01-12T15:20:51+00:00\" \/>\n<meta property=\"og:image\" content=\"http:\/\/madeinzaragoza.es\/blog\/wp-content\/uploads\/2023\/09\/5-cambios-en-tu-vida-para-ser-mas-sosteniblle-Made-in-Zaragoza.png\" \/>\n\t<meta property=\"og:image:width\" content=\"1200\" \/>\n\t<meta property=\"og:image:height\" content=\"800\" \/>\n\t<meta property=\"og:image:type\" content=\"image\/png\" \/>\n<meta name=\"author\" content=\"Nagore Delgado\" \/>\n<meta name=\"twitter:card\" content=\"summary\" \/>\n<meta name=\"twitter:creator\" content=\"@madeinzaragoza\" \/>\n<meta name=\"twitter:site\" content=\"@madeinzaragoza\" \/>\n<meta name=\"twitter:label1\" content=\"Escrito por\" \/>\n\t<meta name=\"twitter:data1\" content=\"Nagore Delgado\" \/>\n\t<meta name=\"twitter:label2\" content=\"Tiempo de lectura\" \/>\n\t<meta name=\"twitter:data2\" content=\"9 minutos\" \/>\n<script type=\"application\/ld+json\" class=\"yoast-schema-graph\">{\"@context\":\"https:\/\/schema.org\",\"@graph\":[{\"@type\":\"Article\",\"@id\":\"http:\/\/madeinzaragoza.es\/blog\/5-cambios-para-hacer-tu-vida-mas-sostenible-con-made-in-zaragoza\/#article\",\"isPartOf\":{\"@id\":\"http:\/\/madeinzaragoza.es\/blog\/5-cambios-para-hacer-tu-vida-mas-sostenible-con-made-in-zaragoza\/\"},\"author\":{\"name\":\"Nagore Delgado\",\"@id\":\"https:\/\/madeinzaragoza.es\/blog\/#\/schema\/person\/9a0b249cbeeadd393f2fe8a350f05bae\"},\"headline\":\"5 cambios para hacer tu vida m\u00e1s sostenible con Made in Zaragoza\",\"datePublished\":\"2024-01-10T16:28:00+00:00\",\"dateModified\":\"2024-01-12T15:20:51+00:00\",\"mainEntityOfPage\":{\"@id\":\"http:\/\/madeinzaragoza.es\/blog\/5-cambios-para-hacer-tu-vida-mas-sostenible-con-made-in-zaragoza\/\"},\"wordCount\":1289,\"commentCount\":0,\"publisher\":{\"@id\":\"https:\/\/madeinzaragoza.es\/blog\/#organization\"},\"keywords\":[\"emprendedores\",\"moda\",\"tiendas creativas\"],\"articleSection\":[\"Econom\u00eda Creativa\",\"Red MIZ\",\"Tendencias\"],\"inLanguage\":\"es\",\"potentialAction\":[{\"@type\":\"CommentAction\",\"name\":\"Comment\",\"target\":[\"http:\/\/madeinzaragoza.es\/blog\/5-cambios-para-hacer-tu-vida-mas-sostenible-con-made-in-zaragoza\/#respond\"]}]},{\"@type\":\"WebPage\",\"@id\":\"http:\/\/madeinzaragoza.es\/blog\/5-cambios-para-hacer-tu-vida-mas-sostenible-con-made-in-zaragoza\/\",\"url\":\"http:\/\/madeinzaragoza.es\/blog\/5-cambios-para-hacer-tu-vida-mas-sostenible-con-made-in-zaragoza\/\",\"name\":\"5 cambios para hacer tu vida m\u00e1s sostenible con Made in Zaragoza - Made in Zaragoza\",\"isPartOf\":{\"@id\":\"https:\/\/madeinzaragoza.es\/blog\/#website\"},\"datePublished\":\"2024-01-10T16:28:00+00:00\",\"dateModified\":\"2024-01-12T15:20:51+00:00\",\"description\":\"Las peque\u00f1as acciones cuentan y MUCHO. Por eso, te propongo 5 cambios en tu estilo de vida y as\u00ed aportar tu granito de arena en el cuidado del planeta.\",\"breadcrumb\":{\"@id\":\"http:\/\/madeinzaragoza.es\/blog\/5-cambios-para-hacer-tu-vida-mas-sostenible-con-made-in-zaragoza\/#breadcrumb\"},\"inLanguage\":\"es\",\"potentialAction\":[{\"@type\":\"ReadAction\",\"target\":[\"http:\/\/madeinzaragoza.es\/blog\/5-cambios-para-hacer-tu-vida-mas-sostenible-con-made-in-zaragoza\/\"]}]},{\"@type\":\"BreadcrumbList\",\"@id\":\"http:\/\/madeinzaragoza.es\/blog\/5-cambios-para-hacer-tu-vida-mas-sostenible-con-made-in-zaragoza\/#breadcrumb\",\"itemListElement\":[{\"@type\":\"ListItem\",\"position\":1,\"name\":\"Portada\",\"item\":\"https:\/\/madeinzaragoza.es\/blog\/\"},{\"@type\":\"ListItem\",\"position\":2,\"name\":\"5 cambios para hacer tu vida m\u00e1s sostenible con Made in Zaragoza\"}]},{\"@type\":\"WebSite\",\"@id\":\"https:\/\/madeinzaragoza.es\/blog\/#website\",\"url\":\"https:\/\/madeinzaragoza.es\/blog\/\",\"name\":\"Made in Zaragoza\",\"description\":\"Blog de MadeinZGZ, Red de Econom\u00eda Creativa de Zaragoza\",\"publisher\":{\"@id\":\"https:\/\/madeinzaragoza.es\/blog\/#organization\"},\"potentialAction\":[{\"@type\":\"SearchAction\",\"target\":{\"@type\":\"EntryPoint\",\"urlTemplate\":\"https:\/\/madeinzaragoza.es\/blog\/?s={search_term_string}\"},\"query-input\":\"required name=search_term_string\"}],\"inLanguage\":\"es\"},{\"@type\":\"Organization\",\"@id\":\"https:\/\/madeinzaragoza.es\/blog\/#organization\",\"name\":\"Made In Zaragoza\",\"url\":\"https:\/\/madeinzaragoza.es\/blog\/\",\"sameAs\":[\"https:\/\/www.instagram.com\/madeinzaragoza.es\/\",\"https:\/\/www.facebook.com\/madeinzaragoza.es\/\",\"https:\/\/twitter.com\/madeinzaragoza\"],\"logo\":{\"@type\":\"ImageObject\",\"inLanguage\":\"es\",\"@id\":\"https:\/\/madeinzaragoza.es\/blog\/#\/schema\/logo\/image\/\",\"url\":\"https:\/\/madeinzaragoza.es\/blog\/wp-content\/uploads\/2022\/05\/logo.png\",\"contentUrl\":\"https:\/\/madeinzaragoza.es\/blog\/wp-content\/uploads\/2022\/05\/logo.png\",\"width\":193,\"height\":176,\"caption\":\"Made In Zaragoza\"},\"image\":{\"@id\":\"https:\/\/madeinzaragoza.es\/blog\/#\/schema\/logo\/image\/\"}},{\"@type\":\"Person\",\"@id\":\"https:\/\/madeinzaragoza.es\/blog\/#\/schema\/person\/9a0b249cbeeadd393f2fe8a350f05bae\",\"name\":\"Nagore Delgado\",\"image\":{\"@type\":\"ImageObject\",\"inLanguage\":\"es\",\"@id\":\"https:\/\/madeinzaragoza.es\/blog\/#\/schema\/person\/image\/\",\"url\":\"https:\/\/secure.gravatar.com\/avatar\/e938711838316a554100b9066f648c31?s=96&d=mm&r=g\",\"contentUrl\":\"https:\/\/secure.gravatar.com\/avatar\/e938711838316a554100b9066f648c31?s=96&d=mm&r=g\",\"caption\":\"Nagore Delgado\"},\"description\":\"Amante de la creatividad y de los proyectos con mucha alma. Mezclo mis dos pasiones, la fotograf\u00eda con el Marketing Digital. Creo y gestiono contenido y estrategias para las RRSS y blogs, a la vez que hago mis pinitos en el mundo del Dise\u00f1o Gr\u00e1fico. Imprescindible la comunicaci\u00f3n, en todas sus formas, pero siempre clara y transparente \u00a1Nos vemos en las redes!\",\"url\":\"https:\/\/madeinzaragoza.es\/blog\/author\/nagoredelgado\/\"}]}<\/script>\n<!-- \/ Yoast SEO plugin. -->","yoast_head_json":{"title":"5 cambios para hacer tu vida m\u00e1s sostenible con Made in Zaragoza - Made in Zaragoza","description":"Las peque\u00f1as acciones cuentan y MUCHO. Por eso, te propongo 5 cambios en tu estilo de vida y as\u00ed aportar tu granito de arena en el cuidado del planeta.","robots":{"index":"index","follow":"follow","max-snippet":"max-snippet:-1","max-image-preview":"max-image-preview:large","max-video-preview":"max-video-preview:-1"},"canonical":"http:\/\/madeinzaragoza.es\/blog\/5-cambios-para-hacer-tu-vida-mas-sostenible-con-made-in-zaragoza\/","og_locale":"es_ES","og_type":"article","og_title":"5 cambios para hacer tu vida m\u00e1s sostenible con Made in Zaragoza - Made in Zaragoza","og_description":"Las peque\u00f1as acciones cuentan y MUCHO. Por eso, te propongo 5 cambios en tu estilo de vida y as\u00ed aportar tu granito de arena en el cuidado del planeta.","og_url":"http:\/\/madeinzaragoza.es\/blog\/5-cambios-para-hacer-tu-vida-mas-sostenible-con-made-in-zaragoza\/","og_site_name":"Made in Zaragoza","article_publisher":"https:\/\/www.facebook.com\/madeinzaragoza.es\/","article_published_time":"2024-01-10T16:28:00+00:00","article_modified_time":"2024-01-12T15:20:51+00:00","og_image":[{"width":1200,"height":800,"url":"http:\/\/madeinzaragoza.es\/blog\/wp-content\/uploads\/2023\/09\/5-cambios-en-tu-vida-para-ser-mas-sosteniblle-Made-in-Zaragoza.png","type":"image\/png"}],"author":"Nagore Delgado","twitter_card":"summary","twitter_creator":"@madeinzaragoza","twitter_site":"@madeinzaragoza","twitter_misc":{"Escrito por":"Nagore Delgado","Tiempo de lectura":"9 minutos"},"schema":{"@context":"https:\/\/schema.org","@graph":[{"@type":"Article","@id":"http:\/\/madeinzaragoza.es\/blog\/5-cambios-para-hacer-tu-vida-mas-sostenible-con-made-in-zaragoza\/#article","isPartOf":{"@id":"http:\/\/madeinzaragoza.es\/blog\/5-cambios-para-hacer-tu-vida-mas-sostenible-con-made-in-zaragoza\/"},"author":{"name":"Nagore Delgado","@id":"https:\/\/madeinzaragoza.es\/blog\/#\/schema\/person\/9a0b249cbeeadd393f2fe8a350f05bae"},"headline":"5 cambios para hacer tu vida m\u00e1s sostenible con Made in Zaragoza","datePublished":"2024-01-10T16:28:00+00:00","dateModified":"2024-01-12T15:20:51+00:00","mainEntityOfPage":{"@id":"http:\/\/madeinzaragoza.es\/blog\/5-cambios-para-hacer-tu-vida-mas-sostenible-con-made-in-zaragoza\/"},"wordCount":1289,"commentCount":0,"publisher":{"@id":"https:\/\/madeinzaragoza.es\/blog\/#organization"},"keywords":["emprendedores","moda","tiendas creativas"],"articleSection":["Econom\u00eda Creativa","Red MIZ","Tendencias"],"inLanguage":"es","potentialAction":[{"@type":"CommentAction","name":"Comment","target":["http:\/\/madeinzaragoza.es\/blog\/5-cambios-para-hacer-tu-vida-mas-sostenible-con-made-in-zaragoza\/#respond"]}]},{"@type":"WebPage","@id":"http:\/\/madeinzaragoza.es\/blog\/5-cambios-para-hacer-tu-vida-mas-sostenible-con-made-in-zaragoza\/","url":"http:\/\/madeinzaragoza.es\/blog\/5-cambios-para-hacer-tu-vida-mas-sostenible-con-made-in-zaragoza\/","name":"5 cambios para hacer tu vida m\u00e1s sostenible con Made in Zaragoza - Made in Zaragoza","isPartOf":{"@id":"https:\/\/madeinzaragoza.es\/blog\/#website"},"datePublished":"2024-01-10T16:28:00+00:00","dateModified":"2024-01-12T15:20:51+00:00","description":"Las peque\u00f1as acciones cuentan y MUCHO. Por eso, te propongo 5 cambios en tu estilo de vida y as\u00ed aportar tu granito de arena en el cuidado del planeta.","breadcrumb":{"@id":"http:\/\/madeinzaragoza.es\/blog\/5-cambios-para-hacer-tu-vida-mas-sostenible-con-made-in-zaragoza\/#breadcrumb"},"inLanguage":"es","potentialAction":[{"@type":"ReadAction","target":["http:\/\/madeinzaragoza.es\/blog\/5-cambios-para-hacer-tu-vida-mas-sostenible-con-made-in-zaragoza\/"]}]},{"@type":"BreadcrumbList","@id":"http:\/\/madeinzaragoza.es\/blog\/5-cambios-para-hacer-tu-vida-mas-sostenible-con-made-in-zaragoza\/#breadcrumb","itemListElement":[{"@type":"ListItem","position":1,"name":"Portada","item":"https:\/\/madeinzaragoza.es\/blog\/"},{"@type":"ListItem","position":2,"name":"5 cambios para hacer tu vida m\u00e1s sostenible con Made in Zaragoza"}]},{"@type":"WebSite","@id":"https:\/\/madeinzaragoza.es\/blog\/#website","url":"https:\/\/madeinzaragoza.es\/blog\/","name":"Made in Zaragoza","description":"Blog de MadeinZGZ, Red de Econom\u00eda Creativa de Zaragoza","publisher":{"@id":"https:\/\/madeinzaragoza.es\/blog\/#organization"},"potentialAction":[{"@type":"SearchAction","target":{"@type":"EntryPoint","urlTemplate":"https:\/\/madeinzaragoza.es\/blog\/?s={search_term_string}"},"query-input":"required name=search_term_string"}],"inLanguage":"es"},{"@type":"Organization","@id":"https:\/\/madeinzaragoza.es\/blog\/#organization","name":"Made In Zaragoza","url":"https:\/\/madeinzaragoza.es\/blog\/","sameAs":["https:\/\/www.instagram.com\/madeinzaragoza.es\/","https:\/\/www.facebook.com\/madeinzaragoza.es\/","https:\/\/twitter.com\/madeinzaragoza"],"logo":{"@type":"ImageObject","inLanguage":"es","@id":"https:\/\/madeinzaragoza.es\/blog\/#\/schema\/logo\/image\/","url":"https:\/\/madeinzaragoza.es\/blog\/wp-content\/uploads\/2022\/05\/logo.png","contentUrl":"https:\/\/madeinzaragoza.es\/blog\/wp-content\/uploads\/2022\/05\/logo.png","width":193,"height":176,"caption":"Made In Zaragoza"},"image":{"@id":"https:\/\/madeinzaragoza.es\/blog\/#\/schema\/logo\/image\/"}},{"@type":"Person","@id":"https:\/\/madeinzaragoza.es\/blog\/#\/schema\/person\/9a0b249cbeeadd393f2fe8a350f05bae","name":"Nagore Delgado","image":{"@type":"ImageObject","inLanguage":"es","@id":"https:\/\/madeinzaragoza.es\/blog\/#\/schema\/person\/image\/","url":"https:\/\/secure.gravatar.com\/avatar\/e938711838316a554100b9066f648c31?s=96&d=mm&r=g","contentUrl":"https:\/\/secure.gravatar.com\/avatar\/e938711838316a554100b9066f648c31?s=96&d=mm&r=g","caption":"Nagore Delgado"},"description":"Amante de la creatividad y de los proyectos con mucha alma. Mezclo mis dos pasiones, la fotograf\u00eda con el Marketing Digital. Creo y gestiono contenido y estrategias para las RRSS y blogs, a la vez que hago mis pinitos en el mundo del Dise\u00f1o Gr\u00e1fico. Imprescindible la comunicaci\u00f3n, en todas sus formas, pero siempre clara y transparente \u00a1Nos vemos en las redes!","url":"https:\/\/madeinzaragoza.es\/blog\/author\/nagoredelgado\/"}]}},"_links":{"self":[{"href":"https:\/\/madeinzaragoza.es\/blog\/wp-json\/wp\/v2\/posts\/39239"}],"collection":[{"href":"https:\/\/madeinzaragoza.es\/blog\/wp-json\/wp\/v2\/posts"}],"about":[{"href":"https:\/\/madeinzaragoza.es\/blog\/wp-json\/wp\/v2\/types\/post"}],"author":[{"embeddable":true,"href":"https:\/\/madeinzaragoza.es\/blog\/wp-json\/wp\/v2\/users\/84"}],"replies":[{"embeddable":true,"href":"https:\/\/madeinzaragoza.es\/blog\/wp-json\/wp\/v2\/comments?post=39239"}],"version-history":[{"count":3,"href":"https:\/\/madeinzaragoza.es\/blog\/wp-json\/wp\/v2\/posts\/39239\/revisions"}],"predecessor-version":[{"id":39282,"href":"https:\/\/madeinzaragoza.es\/blog\/wp-json\/wp\/v2\/posts\/39239\/revisions\/39282"}],"wp:featuredmedia":[{"embeddable":true,"href":"https:\/\/madeinzaragoza.es\/blog\/wp-json\/wp\/v2\/media\/39261"}],"wp:attachment":[{"href":"https:\/\/madeinzaragoza.es\/blog\/wp-json\/wp\/v2\/media?parent=39239"}],"wp:term":[{"taxonomy":"category","embeddable":true,"href":"https:\/\/madeinzaragoza.es\/blog\/wp-json\/wp\/v2\/categories?post=39239"},{"taxonomy":"post_tag","embeddable":true,"href":"https:\/\/madeinzaragoza.es\/blog\/wp-json\/wp\/v2\/tags?post=39239"}],"curies":[{"name":"wp","href":"https:\/\/api.w.org\/{rel}","templated":true}]}}