{"id":39205,"date":"2023-09-19T23:39:35","date_gmt":"2023-09-19T22:39:35","guid":{"rendered":"http:\/\/madeinzaragoza.es\/blog\/?p=39205"},"modified":"2023-09-20T07:17:41","modified_gmt":"2023-09-20T06:17:41","slug":"alacena-de-aragon-explosion-de-sabores-de-nuestra-region","status":"publish","type":"post","link":"https:\/\/madeinzaragoza.es\/blog\/alacena-de-aragon-explosion-de-sabores-de-nuestra-region\/","title":{"rendered":"Alacena de Arag\u00f3n, explosi\u00f3n de sabores de nuestra regi\u00f3n"},"content":{"rendered":"\n<p>En Arag\u00f3n tenemos una gran variedad de productos saludables que nos proporcionan una felicidad gastron\u00f3mica insuperable, al saborear estos alimentos t\u00edpicos de nuestra regi\u00f3n.<\/p>\n\n\n\n<p>Dulces, salados, con toques picantes, afrutados o chispeantes\u2026 Todo lo que puedas imaginar lo tenemos en Arag\u00f3n, y en Zaragoza podemos adquirir esta explosi\u00f3n de sabores en <strong><a href=\"https:\/\/madeinzaragoza.es\/comercio\/la-alacena-de-aragon\/\">Alacena de Arag\u00f3n<\/a><\/strong>.<\/p>\n\n\n\n<p><\/p>\n\n\n\n<figure class=\"wp-block-gallery has-nested-images columns-default is-cropped wp-block-gallery-1 is-layout-flex wp-block-gallery-is-layout-flex\">\n<figure class=\"wp-block-image size-large\"><img loading=\"lazy\" decoding=\"async\" width=\"1600\" height=\"1380\" data-id=\"39207\" src=\"http:\/\/madeinzaragoza.es\/blog\/wp-content\/uploads\/2023\/09\/la-alacena-blogssipgirl-310823-20.jpg\" alt=\"\" class=\"wp-image-39207\" srcset=\"https:\/\/madeinzaragoza.es\/blog\/wp-content\/uploads\/2023\/09\/la-alacena-blogssipgirl-310823-20.jpg 1600w, https:\/\/madeinzaragoza.es\/blog\/wp-content\/uploads\/2023\/09\/la-alacena-blogssipgirl-310823-20-450x388.jpg 450w, https:\/\/madeinzaragoza.es\/blog\/wp-content\/uploads\/2023\/09\/la-alacena-blogssipgirl-310823-20-1024x883.jpg 1024w, https:\/\/madeinzaragoza.es\/blog\/wp-content\/uploads\/2023\/09\/la-alacena-blogssipgirl-310823-20-768x662.jpg 768w, https:\/\/madeinzaragoza.es\/blog\/wp-content\/uploads\/2023\/09\/la-alacena-blogssipgirl-310823-20-1536x1325.jpg 1536w, https:\/\/madeinzaragoza.es\/blog\/wp-content\/uploads\/2023\/09\/la-alacena-blogssipgirl-310823-20-1200x1035.jpg 1200w\" sizes=\"(max-width: 709px) 85vw, (max-width: 909px) 67vw, (max-width: 1362px) 62vw, 840px\" \/><\/figure>\n\n\n\n<figure class=\"wp-block-image size-large\"><img loading=\"lazy\" decoding=\"async\" width=\"1600\" height=\"1196\" data-id=\"39223\" src=\"http:\/\/madeinzaragoza.es\/blog\/wp-content\/uploads\/2023\/09\/Alacenadearagon-blogssipgirl-310823-22.jpg\" alt=\"\" class=\"wp-image-39223\" srcset=\"https:\/\/madeinzaragoza.es\/blog\/wp-content\/uploads\/2023\/09\/Alacenadearagon-blogssipgirl-310823-22.jpg 1600w, https:\/\/madeinzaragoza.es\/blog\/wp-content\/uploads\/2023\/09\/Alacenadearagon-blogssipgirl-310823-22-450x336.jpg 450w, https:\/\/madeinzaragoza.es\/blog\/wp-content\/uploads\/2023\/09\/Alacenadearagon-blogssipgirl-310823-22-1024x765.jpg 1024w, https:\/\/madeinzaragoza.es\/blog\/wp-content\/uploads\/2023\/09\/Alacenadearagon-blogssipgirl-310823-22-768x574.jpg 768w, https:\/\/madeinzaragoza.es\/blog\/wp-content\/uploads\/2023\/09\/Alacenadearagon-blogssipgirl-310823-22-1536x1148.jpg 1536w, https:\/\/madeinzaragoza.es\/blog\/wp-content\/uploads\/2023\/09\/Alacenadearagon-blogssipgirl-310823-22-1200x897.jpg 1200w\" sizes=\"(max-width: 709px) 85vw, (max-width: 909px) 67vw, (max-width: 1362px) 62vw, 840px\" \/><\/figure>\n<\/figure>\n\n\n\n<p><\/p>\n\n\n\n<p><strong><strong>Santiago Angulo<\/strong><\/strong>, propietario de Alacena de Arag\u00f3n, es una persona muy familiar a la que le gusta mucho el campo, la naturaleza, los viajes y la m\u00fasica. Se define como un ingeniero inform\u00e1tico reconvertido en disfrut\u00f3n. De esta pasi\u00f3n por el campo y los viajes surgi\u00f3 <strong>Alacena de Arag\u00f3n<\/strong>.<\/p>\n\n\n\n<p><\/p>\n\n\n\n<blockquote class=\"wp-block-quote has-medium-font-size\" style=\"font-style:normal;font-weight:100\"><p><em>\u00abNo hay mayor placer que visitar el medio rural y probar sus panes, quesos y embutidos tradicionales \u00ab<\/em> indica Santiago. <\/p><\/blockquote>\n\n\n\n<h2 class=\"wp-block-heading\"><strong>\u00bfQui\u00e9nes form\u00e1is el equipo de Alacena de Arag\u00f3n?<\/strong> <\/h2>\n\n\n\n<p>Somos 11 personas fijas y unas 20 los 2 meses de Navidad. Estoy yo al frente, aunque la familia siempre echa una mano cuando se necesita.<\/p>\n\n\n\n<h2 class=\"wp-block-heading\"><strong>\u00bfC\u00f3mo definir\u00edas Alacena de Arag\u00f3n?<\/strong> <\/h2>\n\n\n\n<p>Te voy decir lo que me dicen algunos clientes que entran y estoy totalmente de acuerdo con ellos: <strong>Alacena de Arag\u00f3n<\/strong> es como un museo.<\/p>\n\n\n\n<figure class=\"wp-block-image size-large\"><img loading=\"lazy\" decoding=\"async\" width=\"1024\" height=\"765\" src=\"http:\/\/madeinzaragoza.es\/blog\/wp-content\/uploads\/2023\/09\/Alacenadearagon-blogssipgirl-310823-13-1024x765.jpg\" alt=\"\" class=\"wp-image-39299\" srcset=\"https:\/\/madeinzaragoza.es\/blog\/wp-content\/uploads\/2023\/09\/Alacenadearagon-blogssipgirl-310823-13-1024x765.jpg 1024w, https:\/\/madeinzaragoza.es\/blog\/wp-content\/uploads\/2023\/09\/Alacenadearagon-blogssipgirl-310823-13-450x336.jpg 450w, https:\/\/madeinzaragoza.es\/blog\/wp-content\/uploads\/2023\/09\/Alacenadearagon-blogssipgirl-310823-13-768x574.jpg 768w, https:\/\/madeinzaragoza.es\/blog\/wp-content\/uploads\/2023\/09\/Alacenadearagon-blogssipgirl-310823-13-1536x1148.jpg 1536w, https:\/\/madeinzaragoza.es\/blog\/wp-content\/uploads\/2023\/09\/Alacenadearagon-blogssipgirl-310823-13-1200x897.jpg 1200w, https:\/\/madeinzaragoza.es\/blog\/wp-content\/uploads\/2023\/09\/Alacenadearagon-blogssipgirl-310823-13.jpg 1600w\" sizes=\"(max-width: 709px) 85vw, (max-width: 909px) 67vw, (max-width: 1362px) 62vw, 840px\" \/><\/figure>\n\n\n\n<h2 class=\"wp-block-heading\">\u00bf<strong>Qu\u00e9 te empuj\u00f3 a abrir una tienda gourmet de productos y alimentos de Arag\u00f3n? <\/strong><\/h2>\n\n\n\n<p>Mi amor por el campo, la gastronom\u00eda, el visitar el medio rural y probar sus panes, quesos, embutidos tradicionales&#8230; para m\u00ed es lo m\u00e1s, no hay mayor placer. As\u00ed que de este placer personal surgi\u00f3 la idea de abrir, en 2014 una tienda online y en 2015 abrir la tienda f\u00edsica. En 2020 cambiamos de un local mas peque\u00f1o al actual, mejorando la exposici\u00f3n de producto y amplitud en la tienda. A\u00f1adimos, adem\u00e1s, el servicio de charcuter\u00eda y despacho de pan.<\/p>\n\n\n\n<p><\/p>\n\n\n\n<h2 class=\"wp-block-heading\"><strong>\u00bfQu\u00e9 podemos encontrar en Alacena de Arag\u00f3n?<\/strong> <\/h2>\n\n\n\n<p>Tenemos peque\u00f1os productores del medio rural aragon\u00e9s adem\u00e1s de algunos productos representativos del resto de Espa\u00f1a (5%). Gran variedad de productos a buen precio. Adem\u00e1s, preparamos cajas\/bolsas de regalo adaptadas a todos los presupuestos. Tambi\u00e9n hacemos alg\u00fan tipo de presentaci\u00f3n de producto, pero a nivel particular.<\/p>\n\n\n\n<p><\/p>\n\n\n\n<figure class=\"wp-block-gallery has-nested-images columns-default is-cropped wp-block-gallery-2 is-layout-flex wp-block-gallery-is-layout-flex\">\n<figure class=\"wp-block-image size-large\"><img loading=\"lazy\" decoding=\"async\" width=\"1600\" height=\"1196\" data-id=\"39213\" src=\"http:\/\/madeinzaragoza.es\/blog\/wp-content\/uploads\/2023\/09\/Alacenadearagon-blogssipgirl-310823-11.jpg\" alt=\"\" class=\"wp-image-39213\" srcset=\"https:\/\/madeinzaragoza.es\/blog\/wp-content\/uploads\/2023\/09\/Alacenadearagon-blogssipgirl-310823-11.jpg 1600w, https:\/\/madeinzaragoza.es\/blog\/wp-content\/uploads\/2023\/09\/Alacenadearagon-blogssipgirl-310823-11-450x336.jpg 450w, https:\/\/madeinzaragoza.es\/blog\/wp-content\/uploads\/2023\/09\/Alacenadearagon-blogssipgirl-310823-11-1024x765.jpg 1024w, https:\/\/madeinzaragoza.es\/blog\/wp-content\/uploads\/2023\/09\/Alacenadearagon-blogssipgirl-310823-11-768x574.jpg 768w, https:\/\/madeinzaragoza.es\/blog\/wp-content\/uploads\/2023\/09\/Alacenadearagon-blogssipgirl-310823-11-1536x1148.jpg 1536w, https:\/\/madeinzaragoza.es\/blog\/wp-content\/uploads\/2023\/09\/Alacenadearagon-blogssipgirl-310823-11-1200x897.jpg 1200w\" sizes=\"(max-width: 709px) 85vw, (max-width: 909px) 67vw, (max-width: 1362px) 62vw, 840px\" \/><\/figure>\n\n\n\n<figure class=\"wp-block-image size-large\"><img loading=\"lazy\" decoding=\"async\" width=\"1600\" height=\"1196\" data-id=\"39215\" src=\"http:\/\/madeinzaragoza.es\/blog\/wp-content\/uploads\/2023\/09\/Alacenadearagon-blogssipgirl-310823-5.jpg\" alt=\"\" class=\"wp-image-39215\" srcset=\"https:\/\/madeinzaragoza.es\/blog\/wp-content\/uploads\/2023\/09\/Alacenadearagon-blogssipgirl-310823-5.jpg 1600w, https:\/\/madeinzaragoza.es\/blog\/wp-content\/uploads\/2023\/09\/Alacenadearagon-blogssipgirl-310823-5-450x336.jpg 450w, https:\/\/madeinzaragoza.es\/blog\/wp-content\/uploads\/2023\/09\/Alacenadearagon-blogssipgirl-310823-5-1024x765.jpg 1024w, https:\/\/madeinzaragoza.es\/blog\/wp-content\/uploads\/2023\/09\/Alacenadearagon-blogssipgirl-310823-5-768x574.jpg 768w, https:\/\/madeinzaragoza.es\/blog\/wp-content\/uploads\/2023\/09\/Alacenadearagon-blogssipgirl-310823-5-1536x1148.jpg 1536w, https:\/\/madeinzaragoza.es\/blog\/wp-content\/uploads\/2023\/09\/Alacenadearagon-blogssipgirl-310823-5-1200x897.jpg 1200w\" sizes=\"(max-width: 709px) 85vw, (max-width: 909px) 67vw, (max-width: 1362px) 62vw, 840px\" \/><\/figure>\n<\/figure>\n\n\n\n<p><\/p>\n\n\n\n<h2 class=\"wp-block-heading\"><strong>\u00bfTen\u00e9is alguna especialidad o alg\u00fan producto estrella que sea el m\u00e1s demandado?<\/strong> <\/h2>\n\n\n\n<p>Lo que mas vendemos es <strong>vino <\/strong>y, quiz\u00e1s, <strong>embutido<\/strong>. Aunque lo que m\u00e1s me ha sorprendido con sus ventas desde que empezamos, es la <strong>miel<\/strong>, se trata de un producto que la gente consume bastante y no me lo esperaba.<\/p>\n\n\n\n<figure class=\"wp-block-image size-large\"><img loading=\"lazy\" decoding=\"async\" width=\"1024\" height=\"765\" src=\"http:\/\/madeinzaragoza.es\/blog\/wp-content\/uploads\/2023\/09\/Alacenadearagon-blogssipgirl-310823-10-1-1024x765.jpg\" alt=\"\" class=\"wp-image-39294\" srcset=\"https:\/\/madeinzaragoza.es\/blog\/wp-content\/uploads\/2023\/09\/Alacenadearagon-blogssipgirl-310823-10-1-1024x765.jpg 1024w, https:\/\/madeinzaragoza.es\/blog\/wp-content\/uploads\/2023\/09\/Alacenadearagon-blogssipgirl-310823-10-1-450x336.jpg 450w, https:\/\/madeinzaragoza.es\/blog\/wp-content\/uploads\/2023\/09\/Alacenadearagon-blogssipgirl-310823-10-1-768x574.jpg 768w, https:\/\/madeinzaragoza.es\/blog\/wp-content\/uploads\/2023\/09\/Alacenadearagon-blogssipgirl-310823-10-1-1536x1148.jpg 1536w, https:\/\/madeinzaragoza.es\/blog\/wp-content\/uploads\/2023\/09\/Alacenadearagon-blogssipgirl-310823-10-1-1200x897.jpg 1200w, https:\/\/madeinzaragoza.es\/blog\/wp-content\/uploads\/2023\/09\/Alacenadearagon-blogssipgirl-310823-10-1.jpg 1600w\" sizes=\"(max-width: 709px) 85vw, (max-width: 909px) 67vw, (max-width: 1362px) 62vw, 840px\" \/><\/figure>\n\n\n\n<h2 class=\"wp-block-heading\"><strong>\u00bfObservas un crecimiento de la demanda por este tipo de productos tradicionales, artesanos y t\u00edpicos de nuestra tierra?<\/strong> <\/h2>\n\n\n\n<p>Quiz\u00e1s s\u00ed, aunque a\u00fan nos hace falta querernos un poco m\u00e1s. La gente de fuera se sorprende por la calidad de los productos, por ejemplo, el vino. Nos hace falta saber vendernos un poquito mejor.<\/p>\n\n\n\n<figure class=\"wp-block-image size-large\"><img loading=\"lazy\" decoding=\"async\" width=\"1024\" height=\"765\" src=\"http:\/\/madeinzaragoza.es\/blog\/wp-content\/uploads\/2023\/09\/Alacenadearagon-blogssipgirl-310823-1-1024x765.jpg\" alt=\"\" class=\"wp-image-39295\" srcset=\"https:\/\/madeinzaragoza.es\/blog\/wp-content\/uploads\/2023\/09\/Alacenadearagon-blogssipgirl-310823-1-1024x765.jpg 1024w, https:\/\/madeinzaragoza.es\/blog\/wp-content\/uploads\/2023\/09\/Alacenadearagon-blogssipgirl-310823-1-450x336.jpg 450w, https:\/\/madeinzaragoza.es\/blog\/wp-content\/uploads\/2023\/09\/Alacenadearagon-blogssipgirl-310823-1-768x574.jpg 768w, https:\/\/madeinzaragoza.es\/blog\/wp-content\/uploads\/2023\/09\/Alacenadearagon-blogssipgirl-310823-1-1536x1148.jpg 1536w, https:\/\/madeinzaragoza.es\/blog\/wp-content\/uploads\/2023\/09\/Alacenadearagon-blogssipgirl-310823-1-1200x897.jpg 1200w, https:\/\/madeinzaragoza.es\/blog\/wp-content\/uploads\/2023\/09\/Alacenadearagon-blogssipgirl-310823-1.jpg 1600w\" sizes=\"(max-width: 709px) 85vw, (max-width: 909px) 67vw, (max-width: 1362px) 62vw, 840px\" \/><\/figure>\n\n\n\n<h2 class=\"wp-block-heading\"><strong>\u00bfQu\u00e9 tipo de clientela acude a Alacena de Arag\u00f3n?<\/strong> <\/h2>\n\n\n\n<p>Somos como una tienda de barrio, todo tipo de personas acuden a diario a por su pan, embutido, vino o producto un poco m\u00e1s especial. Hay personas que s\u00f3lo encuentran un determinado producto aqu\u00ed u otros que vienen por la variedad y, por supuesto, al estar en el centro de Zaragoza, siempre entra alg\u00fan turista.<\/p>\n\n\n\n<figure class=\"wp-block-image size-large\"><img loading=\"lazy\" decoding=\"async\" width=\"1024\" height=\"765\" src=\"http:\/\/madeinzaragoza.es\/blog\/wp-content\/uploads\/2023\/09\/Alacenadearagon-blogssipgirl-310823-23-1-1024x765.jpg\" alt=\"\" class=\"wp-image-39296\" srcset=\"https:\/\/madeinzaragoza.es\/blog\/wp-content\/uploads\/2023\/09\/Alacenadearagon-blogssipgirl-310823-23-1-1024x765.jpg 1024w, https:\/\/madeinzaragoza.es\/blog\/wp-content\/uploads\/2023\/09\/Alacenadearagon-blogssipgirl-310823-23-1-450x336.jpg 450w, https:\/\/madeinzaragoza.es\/blog\/wp-content\/uploads\/2023\/09\/Alacenadearagon-blogssipgirl-310823-23-1-768x574.jpg 768w, https:\/\/madeinzaragoza.es\/blog\/wp-content\/uploads\/2023\/09\/Alacenadearagon-blogssipgirl-310823-23-1-1536x1148.jpg 1536w, https:\/\/madeinzaragoza.es\/blog\/wp-content\/uploads\/2023\/09\/Alacenadearagon-blogssipgirl-310823-23-1-1200x897.jpg 1200w, https:\/\/madeinzaragoza.es\/blog\/wp-content\/uploads\/2023\/09\/Alacenadearagon-blogssipgirl-310823-23-1.jpg 1600w\" sizes=\"(max-width: 709px) 85vw, (max-width: 909px) 67vw, (max-width: 1362px) 62vw, 840px\" \/><\/figure>\n\n\n\n<h2 class=\"wp-block-heading\"><strong>Y ya para terminar, \u00bfnos podr\u00edas dar alguna receta sana con vuestros productos que nos ayude a afrontar con energ\u00eda \u00abla vuelta al cole\u00bb?<\/strong> <\/h2>\n\n\n\n<p>No nos vamos a complicar mucho&#8230; Pan, tomate y aove, me encanta el pan con tomate.<\/p>\n\n\n\n<p><\/p>\n\n\n\n<div class=\"wp-block-image\"><figure class=\"aligncenter size-large is-resized\"><img loading=\"lazy\" decoding=\"async\" src=\"http:\/\/madeinzaragoza.es\/blog\/wp-content\/uploads\/2023\/09\/IMG-9846-1024x1024.jpg\" alt=\"\" class=\"wp-image-39219\" width=\"560\" height=\"560\" srcset=\"https:\/\/madeinzaragoza.es\/blog\/wp-content\/uploads\/2023\/09\/IMG-9846-1024x1024.jpg 1024w, https:\/\/madeinzaragoza.es\/blog\/wp-content\/uploads\/2023\/09\/IMG-9846-450x450.jpg 450w, https:\/\/madeinzaragoza.es\/blog\/wp-content\/uploads\/2023\/09\/IMG-9846-150x150.jpg 150w, https:\/\/madeinzaragoza.es\/blog\/wp-content\/uploads\/2023\/09\/IMG-9846-768x768.jpg 768w, https:\/\/madeinzaragoza.es\/blog\/wp-content\/uploads\/2023\/09\/IMG-9846-1536x1536.jpg 1536w, https:\/\/madeinzaragoza.es\/blog\/wp-content\/uploads\/2023\/09\/IMG-9846-2048x2048.jpg 2048w, https:\/\/madeinzaragoza.es\/blog\/wp-content\/uploads\/2023\/09\/IMG-9846-1200x1200.jpg 1200w, https:\/\/madeinzaragoza.es\/blog\/wp-content\/uploads\/2023\/09\/IMG-9846-120x120.jpg 120w\" sizes=\"(max-width: 560px) 85vw, 560px\" \/><\/figure><\/div>\n\n\n\n<p><strong>M\u00e1s informaci\u00f3n:<\/strong> En su <a href=\"https:\/\/alacenadearagon.es\/\">web<\/a>, <a href=\"https:\/\/www.facebook.com\/laalacenadearagon\">Facebook<\/a>, <a href=\"https:\/\/www.instagram.com\/alacenadearagon\/\">Instagram<\/a>, <a href=\"info@alacenadearagon.es\" target=\"_blank\" rel=\"noreferrer noopener\">por mail<\/a> y en su tienda situada en Calle Don Jaime I, 16, Zaragoza.<br><\/p>\n\n\n\n<p><\/p>\n\n\n\n<p><\/p>\n\n\n\n<p><\/p>\n","protected":false},"excerpt":{"rendered":"<p>En Arag\u00f3n tenemos una gran variedad de productos saludables que nos proporcionan una felicidad gastron\u00f3mica insuperable, al saborear estos alimentos t\u00edpicos de nuestra regi\u00f3n. Dulces, salados, con toques picantes, afrutados o chispeantes\u2026 Todo lo que puedas imaginar lo tenemos en Arag\u00f3n, y en Zaragoza podemos adquirir esta explosi\u00f3n de sabores en Alacena de Arag\u00f3n. Santiago &hellip; <a href=\"https:\/\/madeinzaragoza.es\/blog\/alacena-de-aragon-explosion-de-sabores-de-nuestra-region\/\" class=\"more-link\">Continuar leyendo<span class=\"screen-reader-text\"> \u00abAlacena de Arag\u00f3n, explosi\u00f3n de sabores de nuestra regi\u00f3n\u00bb<\/span><\/a><\/p>\n","protected":false},"author":4,"featured_media":39212,"comment_status":"open","ping_status":"open","sticky":false,"template":"","format":"standard","meta":{"footnotes":""},"categories":[6,8],"tags":[1498,532,130,24,2138],"yoast_head":"<!-- This site is optimized with the Yoast SEO plugin v19.7.2 - https:\/\/yoast.com\/wordpress\/plugins\/seo\/ -->\n<title>Alacena de Arag\u00f3n, explosi\u00f3n de sabores de nuestra regi\u00f3n - Made in Zaragoza<\/title>\n<meta name=\"robots\" content=\"index, follow, max-snippet:-1, max-image-preview:large, max-video-preview:-1\" \/>\n<link rel=\"canonical\" href=\"http:\/\/madeinzaragoza.es\/blog\/alacena-de-aragon-explosion-de-sabores-de-nuestra-region\/\" \/>\n<meta property=\"og:locale\" content=\"es_ES\" \/>\n<meta property=\"og:type\" content=\"article\" \/>\n<meta property=\"og:title\" content=\"Alacena de Arag\u00f3n, explosi\u00f3n de sabores de nuestra regi\u00f3n - Made in Zaragoza\" \/>\n<meta property=\"og:description\" content=\"En Arag\u00f3n tenemos una gran variedad de productos saludables que nos proporcionan una felicidad gastron\u00f3mica insuperable, al saborear estos alimentos t\u00edpicos de nuestra regi\u00f3n. Dulces, salados, con toques picantes, afrutados o chispeantes\u2026 Todo lo que puedas imaginar lo tenemos en Arag\u00f3n, y en Zaragoza podemos adquirir esta explosi\u00f3n de sabores en Alacena de Arag\u00f3n. Santiago &hellip; Continuar leyendo &quot;Alacena de Arag\u00f3n, explosi\u00f3n de sabores de nuestra regi\u00f3n&quot;\" \/>\n<meta property=\"og:url\" content=\"http:\/\/madeinzaragoza.es\/blog\/alacena-de-aragon-explosion-de-sabores-de-nuestra-region\/\" \/>\n<meta property=\"og:site_name\" content=\"Made in Zaragoza\" \/>\n<meta property=\"article:publisher\" content=\"https:\/\/www.facebook.com\/madeinzaragoza.es\/\" \/>\n<meta property=\"article:author\" content=\"blogssipgirl\/197083753685798\" \/>\n<meta property=\"article:published_time\" content=\"2023-09-19T22:39:35+00:00\" \/>\n<meta property=\"article:modified_time\" content=\"2023-09-20T06:17:41+00:00\" \/>\n<meta property=\"og:image\" content=\"http:\/\/madeinzaragoza.es\/blog\/wp-content\/uploads\/2023\/09\/Alacenadearagon-blogssipgirl-310823-4.jpg\" \/>\n\t<meta property=\"og:image:width\" content=\"1600\" \/>\n\t<meta property=\"og:image:height\" content=\"1196\" \/>\n\t<meta property=\"og:image:type\" content=\"image\/jpeg\" \/>\n<meta name=\"author\" content=\"Blogssipgirl\" \/>\n<meta name=\"twitter:card\" content=\"summary\" \/>\n<meta name=\"twitter:creator\" content=\"@blogssipgirl1\" \/>\n<meta name=\"twitter:site\" content=\"@madeinzaragoza\" \/>\n<meta name=\"twitter:label1\" content=\"Escrito por\" \/>\n\t<meta name=\"twitter:data1\" content=\"Blogssipgirl\" \/>\n\t<meta name=\"twitter:label2\" content=\"Tiempo de lectura\" \/>\n\t<meta name=\"twitter:data2\" content=\"5 minutos\" \/>\n<script type=\"application\/ld+json\" class=\"yoast-schema-graph\">{\"@context\":\"https:\/\/schema.org\",\"@graph\":[{\"@type\":\"Article\",\"@id\":\"http:\/\/madeinzaragoza.es\/blog\/alacena-de-aragon-explosion-de-sabores-de-nuestra-region\/#article\",\"isPartOf\":{\"@id\":\"http:\/\/madeinzaragoza.es\/blog\/alacena-de-aragon-explosion-de-sabores-de-nuestra-region\/\"},\"author\":{\"name\":\"Blogssipgirl\",\"@id\":\"http:\/\/madeinzaragoza.es\/blog\/#\/schema\/person\/b6199e649857e868c4cf0717b007a717\"},\"headline\":\"Alacena de Arag\u00f3n, explosi\u00f3n de sabores de nuestra regi\u00f3n\",\"datePublished\":\"2023-09-19T22:39:35+00:00\",\"dateModified\":\"2023-09-20T06:17:41+00:00\",\"mainEntityOfPage\":{\"@id\":\"http:\/\/madeinzaragoza.es\/blog\/alacena-de-aragon-explosion-de-sabores-de-nuestra-region\/\"},\"wordCount\":624,\"commentCount\":0,\"publisher\":{\"@id\":\"http:\/\/madeinzaragoza.es\/blog\/#organization\"},\"keywords\":[\"comercio de proximidad\",\"Comercio Local\",\"emprendedores\",\"entrevista\",\"Tiendas de alimentaci\u00f3n\"],\"articleSection\":[\"Gente\",\"Red MIZ\"],\"inLanguage\":\"es\",\"potentialAction\":[{\"@type\":\"CommentAction\",\"name\":\"Comment\",\"target\":[\"http:\/\/madeinzaragoza.es\/blog\/alacena-de-aragon-explosion-de-sabores-de-nuestra-region\/#respond\"]}]},{\"@type\":\"WebPage\",\"@id\":\"http:\/\/madeinzaragoza.es\/blog\/alacena-de-aragon-explosion-de-sabores-de-nuestra-region\/\",\"url\":\"http:\/\/madeinzaragoza.es\/blog\/alacena-de-aragon-explosion-de-sabores-de-nuestra-region\/\",\"name\":\"Alacena de Arag\u00f3n, explosi\u00f3n de sabores de nuestra regi\u00f3n - Made in Zaragoza\",\"isPartOf\":{\"@id\":\"http:\/\/madeinzaragoza.es\/blog\/#website\"},\"datePublished\":\"2023-09-19T22:39:35+00:00\",\"dateModified\":\"2023-09-20T06:17:41+00:00\",\"breadcrumb\":{\"@id\":\"http:\/\/madeinzaragoza.es\/blog\/alacena-de-aragon-explosion-de-sabores-de-nuestra-region\/#breadcrumb\"},\"inLanguage\":\"es\",\"potentialAction\":[{\"@type\":\"ReadAction\",\"target\":[\"http:\/\/madeinzaragoza.es\/blog\/alacena-de-aragon-explosion-de-sabores-de-nuestra-region\/\"]}]},{\"@type\":\"BreadcrumbList\",\"@id\":\"http:\/\/madeinzaragoza.es\/blog\/alacena-de-aragon-explosion-de-sabores-de-nuestra-region\/#breadcrumb\",\"itemListElement\":[{\"@type\":\"ListItem\",\"position\":1,\"name\":\"Portada\",\"item\":\"http:\/\/madeinzaragoza.es\/blog\/\"},{\"@type\":\"ListItem\",\"position\":2,\"name\":\"Alacena de Arag\u00f3n, explosi\u00f3n de sabores de nuestra regi\u00f3n\"}]},{\"@type\":\"WebSite\",\"@id\":\"http:\/\/madeinzaragoza.es\/blog\/#website\",\"url\":\"http:\/\/madeinzaragoza.es\/blog\/\",\"name\":\"Made in Zaragoza\",\"description\":\"Blog de MadeinZGZ, Red de Econom\u00eda Creativa de Zaragoza\",\"publisher\":{\"@id\":\"http:\/\/madeinzaragoza.es\/blog\/#organization\"},\"potentialAction\":[{\"@type\":\"SearchAction\",\"target\":{\"@type\":\"EntryPoint\",\"urlTemplate\":\"http:\/\/madeinzaragoza.es\/blog\/?s={search_term_string}\"},\"query-input\":\"required name=search_term_string\"}],\"inLanguage\":\"es\"},{\"@type\":\"Organization\",\"@id\":\"http:\/\/madeinzaragoza.es\/blog\/#organization\",\"name\":\"Made In Zaragoza\",\"url\":\"http:\/\/madeinzaragoza.es\/blog\/\",\"sameAs\":[\"https:\/\/www.instagram.com\/madeinzaragoza.es\/\",\"https:\/\/www.facebook.com\/madeinzaragoza.es\/\",\"https:\/\/twitter.com\/madeinzaragoza\"],\"logo\":{\"@type\":\"ImageObject\",\"inLanguage\":\"es\",\"@id\":\"http:\/\/madeinzaragoza.es\/blog\/#\/schema\/logo\/image\/\",\"url\":\"https:\/\/madeinzaragoza.es\/blog\/wp-content\/uploads\/2022\/05\/logo.png\",\"contentUrl\":\"https:\/\/madeinzaragoza.es\/blog\/wp-content\/uploads\/2022\/05\/logo.png\",\"width\":193,\"height\":176,\"caption\":\"Made In Zaragoza\"},\"image\":{\"@id\":\"http:\/\/madeinzaragoza.es\/blog\/#\/schema\/logo\/image\/\"}},{\"@type\":\"Person\",\"@id\":\"http:\/\/madeinzaragoza.es\/blog\/#\/schema\/person\/b6199e649857e868c4cf0717b007a717\",\"name\":\"Blogssipgirl\",\"image\":{\"@type\":\"ImageObject\",\"inLanguage\":\"es\",\"@id\":\"http:\/\/madeinzaragoza.es\/blog\/#\/schema\/person\/image\/\",\"url\":\"https:\/\/secure.gravatar.com\/avatar\/6171ea2cd2ec17b189583c580ab912a7?s=96&d=mm&r=g\",\"contentUrl\":\"https:\/\/secure.gravatar.com\/avatar\/6171ea2cd2ec17b189583c580ab912a7?s=96&d=mm&r=g\",\"caption\":\"Blogssipgirl\"},\"description\":\"Organizadora de eventos, editora de blogs y gestora de RRSS. Y como hobby, bloguera: Blogssipgirl es mi alterego... Me gusta moverme por las redes sociales y colaborar en miles de proyectos, no s\u00e9 estar quieta. Me apasiona la moda y el buen gusto, adoro los peque\u00f1os placeres como pasear y disfrutar de mi familia y amigos.\",\"sameAs\":[\"http:\/\/blogssipgirl.blogspot.com\",\"blogssipgirl\/197083753685798\",\"https:\/\/twitter.com\/blogssipgirl1\"],\"url\":\"https:\/\/madeinzaragoza.es\/blog\/author\/blogssipgirl\/\"}]}<\/script>\n<!-- \/ Yoast SEO plugin. -->","yoast_head_json":{"title":"Alacena de Arag\u00f3n, explosi\u00f3n de sabores de nuestra regi\u00f3n - Made in Zaragoza","robots":{"index":"index","follow":"follow","max-snippet":"max-snippet:-1","max-image-preview":"max-image-preview:large","max-video-preview":"max-video-preview:-1"},"canonical":"http:\/\/madeinzaragoza.es\/blog\/alacena-de-aragon-explosion-de-sabores-de-nuestra-region\/","og_locale":"es_ES","og_type":"article","og_title":"Alacena de Arag\u00f3n, explosi\u00f3n de sabores de nuestra regi\u00f3n - Made in Zaragoza","og_description":"En Arag\u00f3n tenemos una gran variedad de productos saludables que nos proporcionan una felicidad gastron\u00f3mica insuperable, al saborear estos alimentos t\u00edpicos de nuestra regi\u00f3n. Dulces, salados, con toques picantes, afrutados o chispeantes\u2026 Todo lo que puedas imaginar lo tenemos en Arag\u00f3n, y en Zaragoza podemos adquirir esta explosi\u00f3n de sabores en Alacena de Arag\u00f3n. Santiago &hellip; Continuar leyendo \"Alacena de Arag\u00f3n, explosi\u00f3n de sabores de nuestra regi\u00f3n\"","og_url":"http:\/\/madeinzaragoza.es\/blog\/alacena-de-aragon-explosion-de-sabores-de-nuestra-region\/","og_site_name":"Made in Zaragoza","article_publisher":"https:\/\/www.facebook.com\/madeinzaragoza.es\/","article_author":"blogssipgirl\/197083753685798","article_published_time":"2023-09-19T22:39:35+00:00","article_modified_time":"2023-09-20T06:17:41+00:00","og_image":[{"width":1600,"height":1196,"url":"http:\/\/madeinzaragoza.es\/blog\/wp-content\/uploads\/2023\/09\/Alacenadearagon-blogssipgirl-310823-4.jpg","type":"image\/jpeg"}],"author":"Blogssipgirl","twitter_card":"summary","twitter_creator":"@blogssipgirl1","twitter_site":"@madeinzaragoza","twitter_misc":{"Escrito por":"Blogssipgirl","Tiempo de lectura":"5 minutos"},"schema":{"@context":"https:\/\/schema.org","@graph":[{"@type":"Article","@id":"http:\/\/madeinzaragoza.es\/blog\/alacena-de-aragon-explosion-de-sabores-de-nuestra-region\/#article","isPartOf":{"@id":"http:\/\/madeinzaragoza.es\/blog\/alacena-de-aragon-explosion-de-sabores-de-nuestra-region\/"},"author":{"name":"Blogssipgirl","@id":"http:\/\/madeinzaragoza.es\/blog\/#\/schema\/person\/b6199e649857e868c4cf0717b007a717"},"headline":"Alacena de Arag\u00f3n, explosi\u00f3n de sabores de nuestra regi\u00f3n","datePublished":"2023-09-19T22:39:35+00:00","dateModified":"2023-09-20T06:17:41+00:00","mainEntityOfPage":{"@id":"http:\/\/madeinzaragoza.es\/blog\/alacena-de-aragon-explosion-de-sabores-de-nuestra-region\/"},"wordCount":624,"commentCount":0,"publisher":{"@id":"http:\/\/madeinzaragoza.es\/blog\/#organization"},"keywords":["comercio de proximidad","Comercio Local","emprendedores","entrevista","Tiendas de alimentaci\u00f3n"],"articleSection":["Gente","Red MIZ"],"inLanguage":"es","potentialAction":[{"@type":"CommentAction","name":"Comment","target":["http:\/\/madeinzaragoza.es\/blog\/alacena-de-aragon-explosion-de-sabores-de-nuestra-region\/#respond"]}]},{"@type":"WebPage","@id":"http:\/\/madeinzaragoza.es\/blog\/alacena-de-aragon-explosion-de-sabores-de-nuestra-region\/","url":"http:\/\/madeinzaragoza.es\/blog\/alacena-de-aragon-explosion-de-sabores-de-nuestra-region\/","name":"Alacena de Arag\u00f3n, explosi\u00f3n de sabores de nuestra regi\u00f3n - Made in Zaragoza","isPartOf":{"@id":"http:\/\/madeinzaragoza.es\/blog\/#website"},"datePublished":"2023-09-19T22:39:35+00:00","dateModified":"2023-09-20T06:17:41+00:00","breadcrumb":{"@id":"http:\/\/madeinzaragoza.es\/blog\/alacena-de-aragon-explosion-de-sabores-de-nuestra-region\/#breadcrumb"},"inLanguage":"es","potentialAction":[{"@type":"ReadAction","target":["http:\/\/madeinzaragoza.es\/blog\/alacena-de-aragon-explosion-de-sabores-de-nuestra-region\/"]}]},{"@type":"BreadcrumbList","@id":"http:\/\/madeinzaragoza.es\/blog\/alacena-de-aragon-explosion-de-sabores-de-nuestra-region\/#breadcrumb","itemListElement":[{"@type":"ListItem","position":1,"name":"Portada","item":"http:\/\/madeinzaragoza.es\/blog\/"},{"@type":"ListItem","position":2,"name":"Alacena de Arag\u00f3n, explosi\u00f3n de sabores de nuestra regi\u00f3n"}]},{"@type":"WebSite","@id":"http:\/\/madeinzaragoza.es\/blog\/#website","url":"http:\/\/madeinzaragoza.es\/blog\/","name":"Made in Zaragoza","description":"Blog de MadeinZGZ, Red de Econom\u00eda Creativa de Zaragoza","publisher":{"@id":"http:\/\/madeinzaragoza.es\/blog\/#organization"},"potentialAction":[{"@type":"SearchAction","target":{"@type":"EntryPoint","urlTemplate":"http:\/\/madeinzaragoza.es\/blog\/?s={search_term_string}"},"query-input":"required name=search_term_string"}],"inLanguage":"es"},{"@type":"Organization","@id":"http:\/\/madeinzaragoza.es\/blog\/#organization","name":"Made In Zaragoza","url":"http:\/\/madeinzaragoza.es\/blog\/","sameAs":["https:\/\/www.instagram.com\/madeinzaragoza.es\/","https:\/\/www.facebook.com\/madeinzaragoza.es\/","https:\/\/twitter.com\/madeinzaragoza"],"logo":{"@type":"ImageObject","inLanguage":"es","@id":"http:\/\/madeinzaragoza.es\/blog\/#\/schema\/logo\/image\/","url":"https:\/\/madeinzaragoza.es\/blog\/wp-content\/uploads\/2022\/05\/logo.png","contentUrl":"https:\/\/madeinzaragoza.es\/blog\/wp-content\/uploads\/2022\/05\/logo.png","width":193,"height":176,"caption":"Made In Zaragoza"},"image":{"@id":"http:\/\/madeinzaragoza.es\/blog\/#\/schema\/logo\/image\/"}},{"@type":"Person","@id":"http:\/\/madeinzaragoza.es\/blog\/#\/schema\/person\/b6199e649857e868c4cf0717b007a717","name":"Blogssipgirl","image":{"@type":"ImageObject","inLanguage":"es","@id":"http:\/\/madeinzaragoza.es\/blog\/#\/schema\/person\/image\/","url":"https:\/\/secure.gravatar.com\/avatar\/6171ea2cd2ec17b189583c580ab912a7?s=96&d=mm&r=g","contentUrl":"https:\/\/secure.gravatar.com\/avatar\/6171ea2cd2ec17b189583c580ab912a7?s=96&d=mm&r=g","caption":"Blogssipgirl"},"description":"Organizadora de eventos, editora de blogs y gestora de RRSS. Y como hobby, bloguera: Blogssipgirl es mi alterego... Me gusta moverme por las redes sociales y colaborar en miles de proyectos, no s\u00e9 estar quieta. Me apasiona la moda y el buen gusto, adoro los peque\u00f1os placeres como pasear y disfrutar de mi familia y amigos.","sameAs":["http:\/\/blogssipgirl.blogspot.com","blogssipgirl\/197083753685798","https:\/\/twitter.com\/blogssipgirl1"],"url":"https:\/\/madeinzaragoza.es\/blog\/author\/blogssipgirl\/"}]}},"_links":{"self":[{"href":"https:\/\/madeinzaragoza.es\/blog\/wp-json\/wp\/v2\/posts\/39205"}],"collection":[{"href":"https:\/\/madeinzaragoza.es\/blog\/wp-json\/wp\/v2\/posts"}],"about":[{"href":"https:\/\/madeinzaragoza.es\/blog\/wp-json\/wp\/v2\/types\/post"}],"author":[{"embeddable":true,"href":"https:\/\/madeinzaragoza.es\/blog\/wp-json\/wp\/v2\/users\/4"}],"replies":[{"embeddable":true,"href":"https:\/\/madeinzaragoza.es\/blog\/wp-json\/wp\/v2\/comments?post=39205"}],"version-history":[{"count":9,"href":"https:\/\/madeinzaragoza.es\/blog\/wp-json\/wp\/v2\/posts\/39205\/revisions"}],"predecessor-version":[{"id":39300,"href":"https:\/\/madeinzaragoza.es\/blog\/wp-json\/wp\/v2\/posts\/39205\/revisions\/39300"}],"wp:featuredmedia":[{"embeddable":true,"href":"https:\/\/madeinzaragoza.es\/blog\/wp-json\/wp\/v2\/media\/39212"}],"wp:attachment":[{"href":"https:\/\/madeinzaragoza.es\/blog\/wp-json\/wp\/v2\/media?parent=39205"}],"wp:term":[{"taxonomy":"category","embeddable":true,"href":"https:\/\/madeinzaragoza.es\/blog\/wp-json\/wp\/v2\/categories?post=39205"},{"taxonomy":"post_tag","embeddable":true,"href":"https:\/\/madeinzaragoza.es\/blog\/wp-json\/wp\/v2\/tags?post=39205"}],"curies":[{"name":"wp","href":"https:\/\/api.w.org\/{rel}","templated":true}]}}