{"id":38998,"date":"2023-08-03T08:44:38","date_gmt":"2023-08-03T07:44:38","guid":{"rendered":"https:\/\/madeinzaragoza.es\/blog\/?p=38998"},"modified":"2023-08-09T09:32:50","modified_gmt":"2023-08-09T08:32:50","slug":"convocatoria-miz-lab-8-el-cambio-esta-en-tus-manos","status":"publish","type":"post","link":"https:\/\/madeinzaragoza.es\/blog\/convocatoria-miz-lab-8-el-cambio-esta-en-tus-manos\/","title":{"rendered":"Convocatoria MIZ LAB 8: El cambio est\u00e1 en tus manos"},"content":{"rendered":"\n<p>La econom\u00eda creativa es un <strong>sector econ\u00f3mico emergente<\/strong> muy poderoso que ha demostrado gran capacidad y resiliencia para superar la crisis provocada por la covid-19. No s\u00f3lo ha sabido adaptarse a un nuevo escenario para poder dar continuidad a su actividad, si no que adem\u00e1s, el consumo de bienes y servicios creativos ha contribuido y contribuye a elevar la calidad de vida de quienes lo consumen.<\/p>\n\n\n\n<p><\/p>\n\n\n\n<p><\/p>\n\n\n\n<p>Pensando en todos los proyectos creativos que vertebran nuestra ciudad, desde el <strong>Ayuntamiento de Zaragoza<\/strong> trav\u00e9s de <strong>Made in Zaragoza<\/strong>, la red de econom\u00eda creativa de <strong>Zaragoza Activa<\/strong>, lanzamos la octava convocatoria de <strong><a href=\"https:\/\/madeinzaragoza.es\/mizlab\/\">\u201cMIZ-Lab\u201d, nuestro laboratorio de innovaci\u00f3n comercial<\/a>.<\/strong> Esta nueva convocatoria nace con el fin de seguir apoyando a las personas emprendedoras que se enfrentan a no pocos desaf\u00edos como la crisis clim\u00e1tica, la propiedad intelectual y los derechos de autor, la digitalizaci\u00f3n o las plataformas de comercio electr\u00f3nico, entre otros.<\/p>\n\n\n\n<p><\/p>\n\n\n\n<p><\/p>\n\n\n\n<figure class=\"wp-block-image size-large\"><img loading=\"lazy\" decoding=\"async\" width=\"1024\" height=\"461\" src=\"https:\/\/madeinzaragoza.es\/blog\/wp-content\/uploads\/2023\/08\/miriam-lucia-1024x461.jpg\" alt=\"\" class=\"wp-image-39016\" srcset=\"https:\/\/madeinzaragoza.es\/blog\/wp-content\/uploads\/2023\/08\/miriam-lucia-1024x461.jpg 1024w, https:\/\/madeinzaragoza.es\/blog\/wp-content\/uploads\/2023\/08\/miriam-lucia-450x203.jpg 450w, https:\/\/madeinzaragoza.es\/blog\/wp-content\/uploads\/2023\/08\/miriam-lucia-768x346.jpg 768w, https:\/\/madeinzaragoza.es\/blog\/wp-content\/uploads\/2023\/08\/miriam-lucia.jpg 1200w\" sizes=\"(max-width: 709px) 85vw, (max-width: 909px) 67vw, (max-width: 1362px) 62vw, 840px\" \/><figcaption>Miriam Almaz\u00e1n asesora de estrategia de negocio trabajando junto a Luc\u00eda de Dasein Hub<\/figcaption><\/figure>\n\n\n\n<p><\/p>\n\n\n\n<p><\/p>\n\n\n\n<blockquote class=\"wp-block-quote is-style-default\"><p>La creatividad y la innovaci\u00f3n como motor de cambio y sostenibilidad, permiten volver a definir negocios y hacen m\u00e1s f\u00e1cil su supervivencia empresarial. Si tienes un negocio creativo en el \u00e1mbito del arte, cultura, dise\u00f1o, artesan\u00eda, comunicaci\u00f3n, cine, fotograf\u00eda, artes esc\u00e9nicas o de innovaci\u00f3n social y necesitas renovarte \u201cMIZ-Lab\u201d es tu proyecto.<\/p><p>\u00a1Presenta tu solicitud de participaci\u00f3n y cu\u00e9ntanos por qu\u00e9 tenemos que elegirte a ti!<\/p><\/blockquote>\n\n\n\n<p><\/p>\n\n\n\n<p><\/p>\n\n\n\n<h1 class=\"has-black-color has-text-color wp-block-heading\">\u00bfC\u00f3mo es el proceso?<\/h1>\n\n\n\n<p><\/p>\n\n\n\n<p>Si tu proyecto es seleccionado contar\u00e1s con la <strong>mentorizaci\u00f3n<\/strong> de profesionales expertos en las <strong>3 \u00e1reas principales<\/strong> que permiten mejorar los resultados comerciales: estrategia de negocio, imagen de marca y comunicaci\u00f3n.<br>Durante<strong> 2 meses <\/strong>, los mentores<strong> trabajar\u00e1n mano a mano contigo<\/strong>, en tu proyecto, definiendo y ayud\u00e1ndote a optimizar aquellos \u00e1mbitos que pueden hacer que la proyecci\u00f3n y el futuro de tu negocio sea m\u00e1s sostenible.<\/p>\n\n\n\n<p><\/p>\n\n\n\n<p><\/p>\n\n\n\n<p>\u00a1<strong>Esta es tu oportunidad para volver a empezar y relanzar tu negocio<\/strong>!<\/p>\n\n\n\n<p>Nuestra naturaleza es inclusiva y colaborativa, por ello \u201cMIZ-Lab\u201d quiere ayudarte al mismo tiempo que genera <strong>conocimiento abierto <\/strong>para que permita a otras personas iniciar un proceso de mejora en sus proyectos. Queremos contar este proceso de trabajo, para que otros negocios puedan aprender contigo, y queremos ense\u00f1ar a la ciudad tus progresos mediante un evento final.<\/p>\n\n\n\n<p><\/p>\n\n\n\n<p><\/p>\n\n\n\n<figure class=\"wp-block-image size-large\"><img loading=\"lazy\" decoding=\"async\" width=\"1024\" height=\"576\" src=\"https:\/\/madeinzaragoza.es\/blog\/wp-content\/uploads\/2023\/08\/paula-amazing-1024x576.jpg\" alt=\"\" class=\"wp-image-39018\" srcset=\"https:\/\/madeinzaragoza.es\/blog\/wp-content\/uploads\/2023\/08\/paula-amazing-1024x576.jpg 1024w, https:\/\/madeinzaragoza.es\/blog\/wp-content\/uploads\/2023\/08\/paula-amazing-450x253.jpg 450w, https:\/\/madeinzaragoza.es\/blog\/wp-content\/uploads\/2023\/08\/paula-amazing-768x432.jpg 768w, https:\/\/madeinzaragoza.es\/blog\/wp-content\/uploads\/2023\/08\/paula-amazing.jpg 1200w\" sizes=\"(max-width: 709px) 85vw, (max-width: 909px) 67vw, (max-width: 1362px) 62vw, 840px\" \/><figcaption>Paula de Recreando Estudio, asesora de imagen de marca trabajando junto a Iv\u00e1n de V\u00e9ndelo Amazing<br> <\/figcaption><\/figure>\n\n\n\n<h1 class=\"wp-block-heading\">\u00bfQu\u00e9 proyectos pueden participar?<\/h1>\n\n\n\n<p>Para participar en esta edici\u00f3n los <strong>requisitos <\/strong>que deben cumplir los proyectos que se presenten son:<\/p>\n\n\n\n<ul><li><strong>S<\/strong><strong>er un <\/strong><strong>proyecto creativ<\/strong><strong>o<\/strong><strong> de la ciudad de <\/strong><strong>Zaragoza <\/strong>que <strong>cumpla <\/strong><strong>todos estos<\/strong> requisitos:<\/li><\/ul>\n\n\n\n<p>                           <strong>&#8211; <\/strong>Estar dad@s de alta en la Seguridad Social<br>                           &#8211; El proyecto creativo tenga actividad econ\u00f3mica en el municipio de Zaragoza <br>                           &#8211; Se encuadre en el \u00e1mbito de la econom\u00eda creativa<\/p>\n\n\n\n<ul><li><strong>Presentar la candidatura<\/strong> para ser el proyecto elegido, de acuerdo a lo establecido en este documento<\/li><li>Aceptar, mediante la firma de un documento de <strong>compromiso<\/strong>, la asistencia a la sesi\u00f3n grupal final, el trabajo conjunto con los profesionales-mentores y la <strong>implicaci\u00f3n<\/strong> durante todo el proceso<\/li><li><strong>Asumir el trabajo en c\u00f3digo abierto<\/strong>, mostrando la evoluci\u00f3n de su negocio durante el tiempo que el proyecto est\u00e9 funcionando<\/li><li><strong>Pertenecer a la red Made in Zaragoza. <\/strong>En caso de que el proyecto seleccionado no forme parte de la red MIZ en el momento de la selecci\u00f3n, se compromete a adherirse a la misma de manera autom\u00e1tica facilitando a la organizaci\u00f3n la documentaci\u00f3n necesaria.<\/li><\/ul>\n\n\n\n<p><\/p>\n\n\n\n<p><\/p>\n\n\n\n<p><\/p>\n\n\n\n<figure class=\"wp-block-image size-large\"><img loading=\"lazy\" decoding=\"async\" width=\"1024\" height=\"577\" src=\"https:\/\/madeinzaragoza.es\/blog\/wp-content\/uploads\/2023\/08\/Fernando-zararte-1024x577.jpg\" alt=\"\" class=\"wp-image-39020\" srcset=\"https:\/\/madeinzaragoza.es\/blog\/wp-content\/uploads\/2023\/08\/Fernando-zararte-1024x577.jpg 1024w, https:\/\/madeinzaragoza.es\/blog\/wp-content\/uploads\/2023\/08\/Fernando-zararte-450x254.jpg 450w, https:\/\/madeinzaragoza.es\/blog\/wp-content\/uploads\/2023\/08\/Fernando-zararte-768x433.jpg 768w, https:\/\/madeinzaragoza.es\/blog\/wp-content\/uploads\/2023\/08\/Fernando-zararte.jpg 1200w\" sizes=\"(max-width: 709px) 85vw, (max-width: 909px) 67vw, (max-width: 1362px) 62vw, 840px\" \/><figcaption>Fernando Cebolla, asesor de comunicaci\u00f3n con I\u00f1igo del proyecto Zararte<\/figcaption><\/figure>\n\n\n\n<p><\/p>\n\n\n\n<p><\/p>\n\n\n\n<h1 class=\"wp-block-heading\">\u00bfC\u00f3mo puedes participar?<\/h1>\n\n\n\n<p>Recuerda que participar en nuestro laboratorio de innovaci\u00f3n comercial es muy f\u00e1cil:<\/p>\n\n\n\n<ol><li> <strong>Consulta la convocatoria<\/strong> para conocer todos los detalles.<\/li><li><strong>Rellena el formulario de inscripci\u00f3n<\/strong> con tus datos, alguna foto de tu proyecto y el motivo por el cu\u00e1l crees que tienes que ser el comercio elegido para esta edici\u00f3n <strong>antes del 17 de septiembre de 2023.<\/strong><\/li><li> Cruza los dedos y espera a finales de septiembre para saber si tu negocio ha sido el seleccionado.<\/li><\/ol>\n\n\n\n<p><\/p>\n\n\n\n<p><\/p>\n\n\n\n<div class=\"wp-block-buttons is-layout-flex wp-block-buttons-is-layout-flex\">\n<div class=\"wp-block-button aligncenter is-style-fill\"><a class=\"wp-block-button__link has-vivid-red-background-color has-background\" href=\"http:\/\/madeinzaragoza.es\/blog\/wp-content\/uploads\/2023\/08\/Convocatoria_MIZLab8_2023.pdf\" target=\"_blank\" rel=\"noreferrer noopener\">Descargar Convocatoria<\/a><\/div>\n<\/div>\n\n\n\n<p><\/p>\n\n\n\n<p><\/p>\n\n\n\n<div class=\"wp-block-buttons is-content-justification-left is-layout-flex wp-container-core-buttons-layout-2 wp-block-buttons-is-layout-flex\">\n<div class=\"wp-block-button has-custom-font-size has-medium-font-size\"><a class=\"wp-block-button__link has-white-color has-vivid-red-background-color has-text-color has-background\" href=\"https:\/\/forms.gle\/UUeQ9csqp57mWUAn9\" target=\"_blank\" rel=\"noreferrer noopener\">Formulario de inscripci\u00f3n MIZLab 8 &#8211; 2023<\/a><\/div>\n<\/div>\n\n\n\n<p><\/p>\n\n\n\n<p><\/p>\n\n\n\n<h1 class=\"wp-block-heading\">\u00a1No te<strong> lo pienses m\u00e1s! \u00a1Esta es tu oportunidad de cambio!<\/strong><\/h1>\n\n\n\n<p><\/p>\n","protected":false},"excerpt":{"rendered":"<p>La econom\u00eda creativa es un sector econ\u00f3mico emergente muy poderoso que ha demostrado gran capacidad y resiliencia para superar la crisis provocada por la covid-19. No s\u00f3lo ha sabido adaptarse a un nuevo escenario para poder dar continuidad a su actividad, si no que adem\u00e1s, el consumo de bienes y servicios creativos ha contribuido y &hellip; <a href=\"https:\/\/madeinzaragoza.es\/blog\/convocatoria-miz-lab-8-el-cambio-esta-en-tus-manos\/\" class=\"more-link\">Continuar leyendo<span class=\"screen-reader-text\"> \u00abConvocatoria MIZ LAB 8: El cambio est\u00e1 en tus manos\u00bb<\/span><\/a><\/p>\n","protected":false},"author":22,"featured_media":39001,"comment_status":"open","ping_status":"open","sticky":false,"template":"","format":"standard","meta":{"footnotes":""},"categories":[1554],"tags":[130,1823,1910,1614,2714],"yoast_head":"<!-- This site is optimized with the Yoast SEO plugin v19.7.2 - https:\/\/yoast.com\/wordpress\/plugins\/seo\/ -->\n<title>Convocatoria MIZ LAB 8: El cambio est\u00e1 en tus manos - Made in Zaragoza<\/title>\n<meta name=\"robots\" content=\"index, follow, max-snippet:-1, max-image-preview:large, max-video-preview:-1\" \/>\n<link rel=\"canonical\" href=\"https:\/\/madeinzaragoza.es\/blog\/convocatoria-miz-lab-8-el-cambio-esta-en-tus-manos\/\" \/>\n<meta property=\"og:locale\" content=\"es_ES\" \/>\n<meta property=\"og:type\" content=\"article\" \/>\n<meta property=\"og:title\" content=\"Convocatoria MIZ LAB 8: El cambio est\u00e1 en tus manos - Made in Zaragoza\" \/>\n<meta property=\"og:description\" content=\"La econom\u00eda creativa es un sector econ\u00f3mico emergente muy poderoso que ha demostrado gran capacidad y resiliencia para superar la crisis provocada por la covid-19. No s\u00f3lo ha sabido adaptarse a un nuevo escenario para poder dar continuidad a su actividad, si no que adem\u00e1s, el consumo de bienes y servicios creativos ha contribuido y &hellip; Continuar leyendo &quot;Convocatoria MIZ LAB 8: El cambio est\u00e1 en tus manos&quot;\" \/>\n<meta property=\"og:url\" content=\"https:\/\/madeinzaragoza.es\/blog\/convocatoria-miz-lab-8-el-cambio-esta-en-tus-manos\/\" \/>\n<meta property=\"og:site_name\" content=\"Made in Zaragoza\" \/>\n<meta property=\"article:publisher\" content=\"https:\/\/www.facebook.com\/madeinzaragoza.es\/\" \/>\n<meta property=\"article:author\" content=\"LasArmasZAC\" \/>\n<meta property=\"article:published_time\" content=\"2023-08-03T07:44:38+00:00\" \/>\n<meta property=\"article:modified_time\" content=\"2023-08-09T08:32:50+00:00\" \/>\n<meta property=\"og:image\" content=\"https:\/\/madeinzaragoza.es\/blog\/wp-content\/uploads\/2023\/08\/CABECERA-2.jpg\" \/>\n\t<meta property=\"og:image:width\" content=\"1200\" \/>\n\t<meta property=\"og:image:height\" content=\"600\" \/>\n\t<meta property=\"og:image:type\" content=\"image\/jpeg\" \/>\n<meta name=\"author\" content=\"MadeinZGZ\" \/>\n<meta name=\"twitter:card\" content=\"summary\" \/>\n<meta name=\"twitter:creator\" content=\"@madeinzaragoza\" \/>\n<meta name=\"twitter:site\" content=\"@madeinzaragoza\" \/>\n<meta name=\"twitter:label1\" content=\"Escrito por\" \/>\n\t<meta name=\"twitter:data1\" content=\"MadeinZGZ\" \/>\n\t<meta name=\"twitter:label2\" content=\"Tiempo de lectura\" \/>\n\t<meta name=\"twitter:data2\" content=\"4 minutos\" \/>\n<script type=\"application\/ld+json\" class=\"yoast-schema-graph\">{\"@context\":\"https:\/\/schema.org\",\"@graph\":[{\"@type\":\"Article\",\"@id\":\"https:\/\/madeinzaragoza.es\/blog\/convocatoria-miz-lab-8-el-cambio-esta-en-tus-manos\/#article\",\"isPartOf\":{\"@id\":\"https:\/\/madeinzaragoza.es\/blog\/convocatoria-miz-lab-8-el-cambio-esta-en-tus-manos\/\"},\"author\":{\"name\":\"MadeinZGZ\",\"@id\":\"http:\/\/madeinzaragoza.es\/blog\/#\/schema\/person\/59f4073cf7e7bc2b2f33b48241478a32\"},\"headline\":\"Convocatoria MIZ LAB 8: El cambio est\u00e1 en tus manos\",\"datePublished\":\"2023-08-03T07:44:38+00:00\",\"dateModified\":\"2023-08-09T08:32:50+00:00\",\"mainEntityOfPage\":{\"@id\":\"https:\/\/madeinzaragoza.es\/blog\/convocatoria-miz-lab-8-el-cambio-esta-en-tus-manos\/\"},\"wordCount\":722,\"commentCount\":0,\"publisher\":{\"@id\":\"http:\/\/madeinzaragoza.es\/blog\/#organization\"},\"keywords\":[\"emprendedores\",\"laboratorio de innovaci\u00f3n comercial\",\"Laboratorio Innovaci\u00f3n Comercial\",\"MIZ-LAB\",\"Mizlab8\"],\"articleSection\":[\"MIZ-Lab\"],\"inLanguage\":\"es\",\"potentialAction\":[{\"@type\":\"CommentAction\",\"name\":\"Comment\",\"target\":[\"https:\/\/madeinzaragoza.es\/blog\/convocatoria-miz-lab-8-el-cambio-esta-en-tus-manos\/#respond\"]}]},{\"@type\":\"WebPage\",\"@id\":\"https:\/\/madeinzaragoza.es\/blog\/convocatoria-miz-lab-8-el-cambio-esta-en-tus-manos\/\",\"url\":\"https:\/\/madeinzaragoza.es\/blog\/convocatoria-miz-lab-8-el-cambio-esta-en-tus-manos\/\",\"name\":\"Convocatoria MIZ LAB 8: El cambio est\u00e1 en tus manos - Made in Zaragoza\",\"isPartOf\":{\"@id\":\"http:\/\/madeinzaragoza.es\/blog\/#website\"},\"datePublished\":\"2023-08-03T07:44:38+00:00\",\"dateModified\":\"2023-08-09T08:32:50+00:00\",\"breadcrumb\":{\"@id\":\"https:\/\/madeinzaragoza.es\/blog\/convocatoria-miz-lab-8-el-cambio-esta-en-tus-manos\/#breadcrumb\"},\"inLanguage\":\"es\",\"potentialAction\":[{\"@type\":\"ReadAction\",\"target\":[\"https:\/\/madeinzaragoza.es\/blog\/convocatoria-miz-lab-8-el-cambio-esta-en-tus-manos\/\"]}]},{\"@type\":\"BreadcrumbList\",\"@id\":\"https:\/\/madeinzaragoza.es\/blog\/convocatoria-miz-lab-8-el-cambio-esta-en-tus-manos\/#breadcrumb\",\"itemListElement\":[{\"@type\":\"ListItem\",\"position\":1,\"name\":\"Portada\",\"item\":\"http:\/\/madeinzaragoza.es\/blog\/\"},{\"@type\":\"ListItem\",\"position\":2,\"name\":\"Convocatoria MIZ LAB 8: El cambio est\u00e1 en tus manos\"}]},{\"@type\":\"WebSite\",\"@id\":\"http:\/\/madeinzaragoza.es\/blog\/#website\",\"url\":\"http:\/\/madeinzaragoza.es\/blog\/\",\"name\":\"Made in Zaragoza\",\"description\":\"Blog de MadeinZGZ, Red de Econom\u00eda Creativa de Zaragoza\",\"publisher\":{\"@id\":\"http:\/\/madeinzaragoza.es\/blog\/#organization\"},\"potentialAction\":[{\"@type\":\"SearchAction\",\"target\":{\"@type\":\"EntryPoint\",\"urlTemplate\":\"http:\/\/madeinzaragoza.es\/blog\/?s={search_term_string}\"},\"query-input\":\"required name=search_term_string\"}],\"inLanguage\":\"es\"},{\"@type\":\"Organization\",\"@id\":\"http:\/\/madeinzaragoza.es\/blog\/#organization\",\"name\":\"Made In Zaragoza\",\"url\":\"http:\/\/madeinzaragoza.es\/blog\/\",\"sameAs\":[\"https:\/\/www.instagram.com\/madeinzaragoza.es\/\",\"https:\/\/www.facebook.com\/madeinzaragoza.es\/\",\"https:\/\/twitter.com\/madeinzaragoza\"],\"logo\":{\"@type\":\"ImageObject\",\"inLanguage\":\"es\",\"@id\":\"http:\/\/madeinzaragoza.es\/blog\/#\/schema\/logo\/image\/\",\"url\":\"https:\/\/madeinzaragoza.es\/blog\/wp-content\/uploads\/2022\/05\/logo.png\",\"contentUrl\":\"https:\/\/madeinzaragoza.es\/blog\/wp-content\/uploads\/2022\/05\/logo.png\",\"width\":193,\"height\":176,\"caption\":\"Made In Zaragoza\"},\"image\":{\"@id\":\"http:\/\/madeinzaragoza.es\/blog\/#\/schema\/logo\/image\/\"}},{\"@type\":\"Person\",\"@id\":\"http:\/\/madeinzaragoza.es\/blog\/#\/schema\/person\/59f4073cf7e7bc2b2f33b48241478a32\",\"name\":\"MadeinZGZ\",\"image\":{\"@type\":\"ImageObject\",\"inLanguage\":\"es\",\"@id\":\"http:\/\/madeinzaragoza.es\/blog\/#\/schema\/person\/image\/\",\"url\":\"https:\/\/secure.gravatar.com\/avatar\/23c2456a35687aa268b52997d8f142d1?s=96&d=mm&r=g\",\"contentUrl\":\"https:\/\/secure.gravatar.com\/avatar\/23c2456a35687aa268b52997d8f142d1?s=96&d=mm&r=g\",\"caption\":\"MadeinZGZ\"},\"description\":\"Red de comercios y emprendedores creativos de Zaragoza impulsada por ZGZ Activa.\",\"sameAs\":[\"LasArmasZAC\",\"https:\/\/twitter.com\/madeinzaragoza\"],\"url\":\"https:\/\/madeinzaragoza.es\/blog\/author\/madeinzgz\/\"}]}<\/script>\n<!-- \/ Yoast SEO plugin. -->","yoast_head_json":{"title":"Convocatoria MIZ LAB 8: El cambio est\u00e1 en tus manos - Made in Zaragoza","robots":{"index":"index","follow":"follow","max-snippet":"max-snippet:-1","max-image-preview":"max-image-preview:large","max-video-preview":"max-video-preview:-1"},"canonical":"https:\/\/madeinzaragoza.es\/blog\/convocatoria-miz-lab-8-el-cambio-esta-en-tus-manos\/","og_locale":"es_ES","og_type":"article","og_title":"Convocatoria MIZ LAB 8: El cambio est\u00e1 en tus manos - Made in Zaragoza","og_description":"La econom\u00eda creativa es un sector econ\u00f3mico emergente muy poderoso que ha demostrado gran capacidad y resiliencia para superar la crisis provocada por la covid-19. No s\u00f3lo ha sabido adaptarse a un nuevo escenario para poder dar continuidad a su actividad, si no que adem\u00e1s, el consumo de bienes y servicios creativos ha contribuido y &hellip; Continuar leyendo \"Convocatoria MIZ LAB 8: El cambio est\u00e1 en tus manos\"","og_url":"https:\/\/madeinzaragoza.es\/blog\/convocatoria-miz-lab-8-el-cambio-esta-en-tus-manos\/","og_site_name":"Made in Zaragoza","article_publisher":"https:\/\/www.facebook.com\/madeinzaragoza.es\/","article_author":"LasArmasZAC","article_published_time":"2023-08-03T07:44:38+00:00","article_modified_time":"2023-08-09T08:32:50+00:00","og_image":[{"width":1200,"height":600,"url":"https:\/\/madeinzaragoza.es\/blog\/wp-content\/uploads\/2023\/08\/CABECERA-2.jpg","type":"image\/jpeg"}],"author":"MadeinZGZ","twitter_card":"summary","twitter_creator":"@madeinzaragoza","twitter_site":"@madeinzaragoza","twitter_misc":{"Escrito por":"MadeinZGZ","Tiempo de lectura":"4 minutos"},"schema":{"@context":"https:\/\/schema.org","@graph":[{"@type":"Article","@id":"https:\/\/madeinzaragoza.es\/blog\/convocatoria-miz-lab-8-el-cambio-esta-en-tus-manos\/#article","isPartOf":{"@id":"https:\/\/madeinzaragoza.es\/blog\/convocatoria-miz-lab-8-el-cambio-esta-en-tus-manos\/"},"author":{"name":"MadeinZGZ","@id":"http:\/\/madeinzaragoza.es\/blog\/#\/schema\/person\/59f4073cf7e7bc2b2f33b48241478a32"},"headline":"Convocatoria MIZ LAB 8: El cambio est\u00e1 en tus manos","datePublished":"2023-08-03T07:44:38+00:00","dateModified":"2023-08-09T08:32:50+00:00","mainEntityOfPage":{"@id":"https:\/\/madeinzaragoza.es\/blog\/convocatoria-miz-lab-8-el-cambio-esta-en-tus-manos\/"},"wordCount":722,"commentCount":0,"publisher":{"@id":"http:\/\/madeinzaragoza.es\/blog\/#organization"},"keywords":["emprendedores","laboratorio de innovaci\u00f3n comercial","Laboratorio Innovaci\u00f3n Comercial","MIZ-LAB","Mizlab8"],"articleSection":["MIZ-Lab"],"inLanguage":"es","potentialAction":[{"@type":"CommentAction","name":"Comment","target":["https:\/\/madeinzaragoza.es\/blog\/convocatoria-miz-lab-8-el-cambio-esta-en-tus-manos\/#respond"]}]},{"@type":"WebPage","@id":"https:\/\/madeinzaragoza.es\/blog\/convocatoria-miz-lab-8-el-cambio-esta-en-tus-manos\/","url":"https:\/\/madeinzaragoza.es\/blog\/convocatoria-miz-lab-8-el-cambio-esta-en-tus-manos\/","name":"Convocatoria MIZ LAB 8: El cambio est\u00e1 en tus manos - Made in Zaragoza","isPartOf":{"@id":"http:\/\/madeinzaragoza.es\/blog\/#website"},"datePublished":"2023-08-03T07:44:38+00:00","dateModified":"2023-08-09T08:32:50+00:00","breadcrumb":{"@id":"https:\/\/madeinzaragoza.es\/blog\/convocatoria-miz-lab-8-el-cambio-esta-en-tus-manos\/#breadcrumb"},"inLanguage":"es","potentialAction":[{"@type":"ReadAction","target":["https:\/\/madeinzaragoza.es\/blog\/convocatoria-miz-lab-8-el-cambio-esta-en-tus-manos\/"]}]},{"@type":"BreadcrumbList","@id":"https:\/\/madeinzaragoza.es\/blog\/convocatoria-miz-lab-8-el-cambio-esta-en-tus-manos\/#breadcrumb","itemListElement":[{"@type":"ListItem","position":1,"name":"Portada","item":"http:\/\/madeinzaragoza.es\/blog\/"},{"@type":"ListItem","position":2,"name":"Convocatoria MIZ LAB 8: El cambio est\u00e1 en tus manos"}]},{"@type":"WebSite","@id":"http:\/\/madeinzaragoza.es\/blog\/#website","url":"http:\/\/madeinzaragoza.es\/blog\/","name":"Made in Zaragoza","description":"Blog de MadeinZGZ, Red de Econom\u00eda Creativa de Zaragoza","publisher":{"@id":"http:\/\/madeinzaragoza.es\/blog\/#organization"},"potentialAction":[{"@type":"SearchAction","target":{"@type":"EntryPoint","urlTemplate":"http:\/\/madeinzaragoza.es\/blog\/?s={search_term_string}"},"query-input":"required name=search_term_string"}],"inLanguage":"es"},{"@type":"Organization","@id":"http:\/\/madeinzaragoza.es\/blog\/#organization","name":"Made In Zaragoza","url":"http:\/\/madeinzaragoza.es\/blog\/","sameAs":["https:\/\/www.instagram.com\/madeinzaragoza.es\/","https:\/\/www.facebook.com\/madeinzaragoza.es\/","https:\/\/twitter.com\/madeinzaragoza"],"logo":{"@type":"ImageObject","inLanguage":"es","@id":"http:\/\/madeinzaragoza.es\/blog\/#\/schema\/logo\/image\/","url":"https:\/\/madeinzaragoza.es\/blog\/wp-content\/uploads\/2022\/05\/logo.png","contentUrl":"https:\/\/madeinzaragoza.es\/blog\/wp-content\/uploads\/2022\/05\/logo.png","width":193,"height":176,"caption":"Made In Zaragoza"},"image":{"@id":"http:\/\/madeinzaragoza.es\/blog\/#\/schema\/logo\/image\/"}},{"@type":"Person","@id":"http:\/\/madeinzaragoza.es\/blog\/#\/schema\/person\/59f4073cf7e7bc2b2f33b48241478a32","name":"MadeinZGZ","image":{"@type":"ImageObject","inLanguage":"es","@id":"http:\/\/madeinzaragoza.es\/blog\/#\/schema\/person\/image\/","url":"https:\/\/secure.gravatar.com\/avatar\/23c2456a35687aa268b52997d8f142d1?s=96&d=mm&r=g","contentUrl":"https:\/\/secure.gravatar.com\/avatar\/23c2456a35687aa268b52997d8f142d1?s=96&d=mm&r=g","caption":"MadeinZGZ"},"description":"Red de comercios y emprendedores creativos de Zaragoza impulsada por ZGZ Activa.","sameAs":["LasArmasZAC","https:\/\/twitter.com\/madeinzaragoza"],"url":"https:\/\/madeinzaragoza.es\/blog\/author\/madeinzgz\/"}]}},"_links":{"self":[{"href":"https:\/\/madeinzaragoza.es\/blog\/wp-json\/wp\/v2\/posts\/38998"}],"collection":[{"href":"https:\/\/madeinzaragoza.es\/blog\/wp-json\/wp\/v2\/posts"}],"about":[{"href":"https:\/\/madeinzaragoza.es\/blog\/wp-json\/wp\/v2\/types\/post"}],"author":[{"embeddable":true,"href":"https:\/\/madeinzaragoza.es\/blog\/wp-json\/wp\/v2\/users\/22"}],"replies":[{"embeddable":true,"href":"https:\/\/madeinzaragoza.es\/blog\/wp-json\/wp\/v2\/comments?post=38998"}],"version-history":[{"count":34,"href":"https:\/\/madeinzaragoza.es\/blog\/wp-json\/wp\/v2\/posts\/38998\/revisions"}],"predecessor-version":[{"id":39083,"href":"https:\/\/madeinzaragoza.es\/blog\/wp-json\/wp\/v2\/posts\/38998\/revisions\/39083"}],"wp:featuredmedia":[{"embeddable":true,"href":"https:\/\/madeinzaragoza.es\/blog\/wp-json\/wp\/v2\/media\/39001"}],"wp:attachment":[{"href":"https:\/\/madeinzaragoza.es\/blog\/wp-json\/wp\/v2\/media?parent=38998"}],"wp:term":[{"taxonomy":"category","embeddable":true,"href":"https:\/\/madeinzaragoza.es\/blog\/wp-json\/wp\/v2\/categories?post=38998"},{"taxonomy":"post_tag","embeddable":true,"href":"https:\/\/madeinzaragoza.es\/blog\/wp-json\/wp\/v2\/tags?post=38998"}],"curies":[{"name":"wp","href":"https:\/\/api.w.org\/{rel}","templated":true}]}}