{"id":38782,"date":"2023-07-04T18:15:00","date_gmt":"2023-07-04T17:15:00","guid":{"rendered":"http:\/\/madeinzaragoza.es\/blog\/?p=38782"},"modified":"2023-07-06T18:16:09","modified_gmt":"2023-07-06T17:16:09","slug":"estudio-san-jimes-diseno-grafico-que-imprime-personalidad-a-tu-marca","status":"publish","type":"post","link":"https:\/\/madeinzaragoza.es\/blog\/estudio-san-jimes-diseno-grafico-que-imprime-personalidad-a-tu-marca\/","title":{"rendered":"Estudio San Jimes: dise\u00f1o gr\u00e1fico que imprime personalidad a tu marca"},"content":{"rendered":"\n<p>\u00bfBuscas tener un identidad propia, una imagen que te defina e imprima personalidad a tu negocio? <\/p>\n\n\n\n<p>En <strong><a href=\"https:\/\/sanjimes.com\/\">Estudio San Jimes<\/a><\/strong> son expertos en dar vida a tu marca a trav\u00e9s del dise\u00f1o gr\u00e1fico, dise\u00f1o de producto, comunicaci\u00f3n audiovisual y creaci\u00f3n de webs.<\/p>\n\n\n\n<p><\/p>\n\n\n\n<p><strong>H\u00e9ctor Escalada Ram\u00edrez es un joven de 32 a\u00f1os, Ingeniero de Dise\u00f1o Industrial y Desarrollo de Producto, nacido en Tudela pero, desde hace 15 a\u00f1os, residiendo en Zaragoza. Es una persona alegre,  extrovertida y muy creativa. La imaginaci\u00f3n le ha acompa\u00f1ado desde peque\u00f1o, por lo que ya desde su infancia supo que en un futuro se dedicar\u00eda a alg\u00fan tema relacionado con el dise\u00f1o. Se considera una persona sencilla, a la que le gusta pasar tiempo en familia y con amigos, viajar y disfrutar de la gastronom\u00eda. <\/strong><\/p>\n\n\n\n<p><\/p>\n\n\n\n<p>H\u00e9ctor confiesa que tiene una especial curiosidad por las tendencias y novedades en varios sectores, como son el de la moda, el arte y la cultura o la tecnolog\u00eda. Y de todo ello nos va hablar en la siguiente entrevista.<\/p>\n\n\n\n<p><\/p>\n\n\n\n<figure class=\"wp-block-image size-full\"><img loading=\"lazy\" decoding=\"async\" width=\"940\" height=\"702\" src=\"http:\/\/madeinzaragoza.es\/blog\/wp-content\/uploads\/2023\/06\/sanjimes-blogssipgirl-290623-12.jpg\" alt=\"\" class=\"wp-image-38792\" srcset=\"https:\/\/madeinzaragoza.es\/blog\/wp-content\/uploads\/2023\/06\/sanjimes-blogssipgirl-290623-12.jpg 940w, https:\/\/madeinzaragoza.es\/blog\/wp-content\/uploads\/2023\/06\/sanjimes-blogssipgirl-290623-12-450x336.jpg 450w, https:\/\/madeinzaragoza.es\/blog\/wp-content\/uploads\/2023\/06\/sanjimes-blogssipgirl-290623-12-768x574.jpg 768w\" sizes=\"(max-width: 709px) 85vw, (max-width: 909px) 67vw, (max-width: 1362px) 62vw, 840px\" \/><\/figure>\n\n\n\n<p><\/p>\n\n\n\n<p><strong>\u00bfCu\u00e1l ha sido tu formaci\u00f3n para poder gestionar este estudio de dise\u00f1o gr\u00e1fico?<\/strong> <\/p>\n\n\n\n<p>Estudi\u00e9 en la Universidad de Zaragoza, Ingenier\u00eda de Dise\u00f1o Industrial. Posteriormente trabaj\u00e9 en varias empresas relacionadas con el \u00e1mbito de la ingenier\u00eda y la consultor\u00eda estrat\u00e9gica de negocio, en las cuales pude adquirir una s\u00f3lida base para poder llevar a cabo la labor que hoy en d\u00eda desempe\u00f1o.<\/p>\n\n\n\n<p><\/p>\n\n\n\n<figure class=\"wp-block-image size-full\"><img loading=\"lazy\" decoding=\"async\" width=\"1024\" height=\"768\" src=\"http:\/\/madeinzaragoza.es\/blog\/wp-content\/uploads\/2023\/06\/sanjimes-blogssipgirl-290623-17.jpg\" alt=\"\" class=\"wp-image-38789\" srcset=\"https:\/\/madeinzaragoza.es\/blog\/wp-content\/uploads\/2023\/06\/sanjimes-blogssipgirl-290623-17.jpg 1024w, https:\/\/madeinzaragoza.es\/blog\/wp-content\/uploads\/2023\/06\/sanjimes-blogssipgirl-290623-17-450x338.jpg 450w, https:\/\/madeinzaragoza.es\/blog\/wp-content\/uploads\/2023\/06\/sanjimes-blogssipgirl-290623-17-768x576.jpg 768w\" sizes=\"(max-width: 709px) 85vw, (max-width: 909px) 67vw, (max-width: 1362px) 62vw, 840px\" \/><\/figure>\n\n\n\n<p><\/p>\n\n\n\n<p><strong>\u00bfC\u00f3mo naci\u00f3 San Jimes?<\/strong> <\/p>\n\n\n\n<p><strong>San Jimes<\/strong> es un estudio que se form\u00f3 hace m\u00e1s de diez a\u00f1os por tres amigos y socios. Nos un\u00edan varios puntos, la pasi\u00f3n por emprender, el inter\u00e9s por trabajar juntos y una metodolog\u00eda com\u00fan. El nombre surgi\u00f3 de un r\u00e1pido proceso de brainstorming para participar en un concurso, ya que decidimos apuntarnos a menos de diez minutos del cierre de las inscripciones.<\/p>\n\n\n\n<p><\/p>\n\n\n\n<p><strong>\u00bfQu\u00e9 te impuls\u00f3 a abrir un estudio de dise\u00f1o?<\/strong> <\/p>\n\n\n\n<p>Tras ganar este concurso que comentaba anteriormente, nos vimos con capacidad de llevar a cabo este proyecto juntos, por lo que decidimos crear el estudio y hacer uso de este mismo nombre.<\/p>\n\n\n\n<p><\/p>\n\n\n\n<figure class=\"wp-block-image size-full\"><img loading=\"lazy\" decoding=\"async\" width=\"1024\" height=\"768\" src=\"http:\/\/madeinzaragoza.es\/blog\/wp-content\/uploads\/2023\/06\/sanjimes-blogssipgirl-290623-13.jpg\" alt=\"\" class=\"wp-image-38790\" srcset=\"https:\/\/madeinzaragoza.es\/blog\/wp-content\/uploads\/2023\/06\/sanjimes-blogssipgirl-290623-13.jpg 1024w, https:\/\/madeinzaragoza.es\/blog\/wp-content\/uploads\/2023\/06\/sanjimes-blogssipgirl-290623-13-450x338.jpg 450w, https:\/\/madeinzaragoza.es\/blog\/wp-content\/uploads\/2023\/06\/sanjimes-blogssipgirl-290623-13-768x576.jpg 768w\" sizes=\"(max-width: 709px) 85vw, (max-width: 909px) 67vw, (max-width: 1362px) 62vw, 840px\" \/><\/figure>\n\n\n\n<p><\/p>\n\n\n\n<p><strong>\u00bfCu\u00e1nta gente compone el equipo de San Jimes? <\/strong><\/p>\n\n\n\n<p>Actualmente yo me encuentro \u00fanicamente al frente del estudio a tiempo completo. Sin embargo, dependiendo de las caracter\u00edsticas de cada proyecto cuento con profesionales del sector para poder satisfacer las necesidades de cada proyecto y cliente.<\/p>\n\n\n\n<p><\/p>\n\n\n\n<p><strong>\u00bfCu\u00e1l es la filosof\u00eda de San Jimes?<\/strong> <\/p>\n\n\n\n<p>Entender, analizar y solucionar. Cada proyecto, al igual que cada cliente es diferente, por lo que estudiar cada caso conlleva un tratamiento diferente y personalizado. Ofrecer una soluci\u00f3n adecuada y que se adapte a lo que el cliente necesita siempre es lo m\u00e1s importante.<\/p>\n\n\n\n<p><\/p>\n\n\n\n<figure class=\"wp-block-image size-large\"><img loading=\"lazy\" decoding=\"async\" width=\"1024\" height=\"683\" src=\"http:\/\/madeinzaragoza.es\/blog\/wp-content\/uploads\/2023\/06\/Concurso_Museos-MIZ_02-1024x683.jpg\" alt=\"\" class=\"wp-image-38797\" srcset=\"https:\/\/madeinzaragoza.es\/blog\/wp-content\/uploads\/2023\/06\/Concurso_Museos-MIZ_02-1024x683.jpg 1024w, https:\/\/madeinzaragoza.es\/blog\/wp-content\/uploads\/2023\/06\/Concurso_Museos-MIZ_02-450x300.jpg 450w, https:\/\/madeinzaragoza.es\/blog\/wp-content\/uploads\/2023\/06\/Concurso_Museos-MIZ_02-768x512.jpg 768w, https:\/\/madeinzaragoza.es\/blog\/wp-content\/uploads\/2023\/06\/Concurso_Museos-MIZ_02-1536x1024.jpg 1536w, https:\/\/madeinzaragoza.es\/blog\/wp-content\/uploads\/2023\/06\/Concurso_Museos-MIZ_02-2048x1365.jpg 2048w, https:\/\/madeinzaragoza.es\/blog\/wp-content\/uploads\/2023\/06\/Concurso_Museos-MIZ_02-1200x800.jpg 1200w\" sizes=\"(max-width: 709px) 85vw, (max-width: 909px) 67vw, (max-width: 1362px) 62vw, 840px\" \/><\/figure>\n\n\n\n<p><\/p>\n\n\n\n<p><strong>\u00bfQu\u00e9 es lo que m\u00e1s te apasiona de tu trabajo?<\/strong> <\/p>\n\n\n\n<p>Personalmente, lo m\u00e1s atractivo de mi trabajo, independientemente de las caracter\u00edsticas concretas de cada proyecto, es poder crear nuevos conceptos y soluciones, visualmente atractivos, en consonancia con las tendencias del momento y que den salida a las necesidades concretas de los clientes.<\/p>\n\n\n\n<p><\/p>\n\n\n\n<p><strong>\u00bfQu\u00e9 servicios ofreces en San Jimes?<\/strong> <\/p>\n\n\n\n<p>En San Jimes se ofrecen soluciones de imagen: branding, dise\u00f1o editorial, web, gr\u00e1fico, packaging, expositivo&#8230;<\/p>\n\n\n\n<p><\/p>\n\n\n\n<figure class=\"wp-block-image size-large\"><img loading=\"lazy\" decoding=\"async\" width=\"1024\" height=\"768\" src=\"http:\/\/madeinzaragoza.es\/blog\/wp-content\/uploads\/2023\/06\/Concurso_Museos-MIZ_01-1024x768.jpg\" alt=\"\" class=\"wp-image-38796\" srcset=\"https:\/\/madeinzaragoza.es\/blog\/wp-content\/uploads\/2023\/06\/Concurso_Museos-MIZ_01-1024x768.jpg 1024w, https:\/\/madeinzaragoza.es\/blog\/wp-content\/uploads\/2023\/06\/Concurso_Museos-MIZ_01-450x338.jpg 450w, https:\/\/madeinzaragoza.es\/blog\/wp-content\/uploads\/2023\/06\/Concurso_Museos-MIZ_01-768x576.jpg 768w, https:\/\/madeinzaragoza.es\/blog\/wp-content\/uploads\/2023\/06\/Concurso_Museos-MIZ_01-1536x1152.jpg 1536w, https:\/\/madeinzaragoza.es\/blog\/wp-content\/uploads\/2023\/06\/Concurso_Museos-MIZ_01-2048x1536.jpg 2048w, https:\/\/madeinzaragoza.es\/blog\/wp-content\/uploads\/2023\/06\/Concurso_Museos-MIZ_01-1200x900.jpg 1200w\" sizes=\"(max-width: 709px) 85vw, (max-width: 909px) 67vw, (max-width: 1362px) 62vw, 840px\" \/><\/figure>\n\n\n\n<p><\/p>\n\n\n\n<p>\u00bf<strong>Qu\u00e9 tipo de clientes solicitan tus servicios? <\/strong><\/p>\n\n\n\n<p>Un amplio espectro, desde particulares, peque\u00f1as y medianas empresas a instituciones y organizaciones del \u00e1mbito p\u00fablico y privado.<\/p>\n\n\n\n<p><\/p>\n\n\n\n<figure class=\"wp-block-image size-large\"><img loading=\"lazy\" decoding=\"async\" width=\"1024\" height=\"709\" src=\"http:\/\/madeinzaragoza.es\/blog\/wp-content\/uploads\/2023\/06\/Concurso_Museos-MIZ_03-1024x709.jpg\" alt=\"\" class=\"wp-image-38795\" srcset=\"https:\/\/madeinzaragoza.es\/blog\/wp-content\/uploads\/2023\/06\/Concurso_Museos-MIZ_03-1024x709.jpg 1024w, https:\/\/madeinzaragoza.es\/blog\/wp-content\/uploads\/2023\/06\/Concurso_Museos-MIZ_03-450x312.jpg 450w, https:\/\/madeinzaragoza.es\/blog\/wp-content\/uploads\/2023\/06\/Concurso_Museos-MIZ_03-768x532.jpg 768w, https:\/\/madeinzaragoza.es\/blog\/wp-content\/uploads\/2023\/06\/Concurso_Museos-MIZ_03-1536x1064.jpg 1536w, https:\/\/madeinzaragoza.es\/blog\/wp-content\/uploads\/2023\/06\/Concurso_Museos-MIZ_03-2048x1419.jpg 2048w, https:\/\/madeinzaragoza.es\/blog\/wp-content\/uploads\/2023\/06\/Concurso_Museos-MIZ_03-1200x831.jpg 1200w\" sizes=\"(max-width: 709px) 85vw, (max-width: 909px) 67vw, (max-width: 1362px) 62vw, 840px\" \/><\/figure>\n\n\n\n<p><\/p>\n\n\n\n<p><strong>\u00bfTienes alg\u00fan trabajo en concreto del que guardes un recuerdo especial?<\/strong> <\/p>\n\n\n\n<p>No sabr\u00eda nombrarte \u00fanicamente uno, ya que muchas veces no es el proyecto en s\u00ed lo que lo hace especial, sino trabajar con personas diferentes, con trayectorias vitales dispares entre s\u00ed, formaciones acad\u00e9micas diversas y visiones totalmente distintas sobre una misma realidad.<\/p>\n\n\n\n<p>En este \u00faltimo a\u00f1o, se han concentrado varios trabajos de dise\u00f1o expositivo y museograf\u00eda. Proyectos muy interesantes que tienen como objetivo enmarcar bajo una misma est\u00e9tica visual los contenidos de una exposici\u00f3n y las piezas y elementos que en ella se muestran. <\/p>\n\n\n\n<p>A su vez se trabaja para que toda la exposici\u00f3n tenga una coherencia y el recorrido de la misma sea f\u00e1cilmente inteligible para los usuarios que se acercan a disfrutarla. Proyectos que abordo con verdadera entrega y dedicaci\u00f3n ya que es un campo que me resulta de lo m\u00e1s gratificante.<\/p>\n\n\n\n<p>ttttt<\/p>\n\n\n\n<figure class=\"wp-block-image size-large\"><img loading=\"lazy\" decoding=\"async\" width=\"1024\" height=\"768\" src=\"http:\/\/madeinzaragoza.es\/blog\/wp-content\/uploads\/2023\/06\/Expo_Einstein_01-1024x768.jpg\" alt=\"\" class=\"wp-image-38793\" srcset=\"https:\/\/madeinzaragoza.es\/blog\/wp-content\/uploads\/2023\/06\/Expo_Einstein_01-1024x768.jpg 1024w, https:\/\/madeinzaragoza.es\/blog\/wp-content\/uploads\/2023\/06\/Expo_Einstein_01-450x338.jpg 450w, https:\/\/madeinzaragoza.es\/blog\/wp-content\/uploads\/2023\/06\/Expo_Einstein_01-768x576.jpg 768w, https:\/\/madeinzaragoza.es\/blog\/wp-content\/uploads\/2023\/06\/Expo_Einstein_01-1536x1152.jpg 1536w, https:\/\/madeinzaragoza.es\/blog\/wp-content\/uploads\/2023\/06\/Expo_Einstein_01-2048x1536.jpg 2048w, https:\/\/madeinzaragoza.es\/blog\/wp-content\/uploads\/2023\/06\/Expo_Einstein_01-1200x900.jpg 1200w\" sizes=\"(max-width: 709px) 85vw, (max-width: 909px) 67vw, (max-width: 1362px) 62vw, 840px\" \/><\/figure>\n\n\n\n<figure class=\"wp-block-image size-large\"><img loading=\"lazy\" decoding=\"async\" width=\"1024\" height=\"768\" src=\"http:\/\/madeinzaragoza.es\/blog\/wp-content\/uploads\/2023\/06\/Expo_RFT_02-1024x768.jpg\" alt=\"\" class=\"wp-image-38794\" srcset=\"https:\/\/madeinzaragoza.es\/blog\/wp-content\/uploads\/2023\/06\/Expo_RFT_02-1024x768.jpg 1024w, https:\/\/madeinzaragoza.es\/blog\/wp-content\/uploads\/2023\/06\/Expo_RFT_02-450x338.jpg 450w, https:\/\/madeinzaragoza.es\/blog\/wp-content\/uploads\/2023\/06\/Expo_RFT_02-768x576.jpg 768w, https:\/\/madeinzaragoza.es\/blog\/wp-content\/uploads\/2023\/06\/Expo_RFT_02-1536x1152.jpg 1536w, https:\/\/madeinzaragoza.es\/blog\/wp-content\/uploads\/2023\/06\/Expo_RFT_02-2048x1536.jpg 2048w, https:\/\/madeinzaragoza.es\/blog\/wp-content\/uploads\/2023\/06\/Expo_RFT_02-1200x900.jpg 1200w\" sizes=\"(max-width: 709px) 85vw, (max-width: 909px) 67vw, (max-width: 1362px) 62vw, 840px\" \/><\/figure>\n\n\n\n<p><\/p>\n\n\n\n<p><strong>\u00bfCu\u00e1l es el punto fuerte de San Jimes?<\/strong> <\/p>\n\n\n\n<p>Yo dir\u00eda que la proximidad y el trato cercano con el cliente sin dejar de lado la profesionalidad y el compromiso. Cada trabajo se aborda con pasi\u00f3n e ilusi\u00f3n, tratando de conseguir una soluci\u00f3n \u00f3ptima y adecuada.<\/p>\n\n\n\n<p><\/p>\n\n\n\n<p><strong>\u00bfCu\u00e1les son tus impresiones acerca de la trayectoria del negocio hasta la fecha?<\/strong> <\/p>\n\n\n\n<p>El camino es complicado, pero los a\u00f1os y la experiencia es lo que m\u00e1s pesa. Ir viendo como a\u00f1o tras a\u00f1o la gente conf\u00eda m\u00e1s en ti es lo m\u00e1s gratificante.<\/p>\n\n\n\n<p><strong>M\u00e1s informaci\u00f3n:<\/strong> en la <strong><a href=\"https:\/\/sanjimes.com\/\">Web <\/a><\/strong>, en <strong><a href=\"https:\/\/www.instagram.com\/sanjimes\/\">instagram<\/a><\/strong> y por mail: <strong><a href=\"mailto:necesito@sanjimes.com\">necesito@sanjimes.com<\/a><\/strong><\/p>\n","protected":false},"excerpt":{"rendered":"<p>\u00bfBuscas tener un identidad propia, una imagen que te defina e imprima personalidad a tu negocio? En Estudio San Jimes son expertos en dar vida a tu marca a trav\u00e9s del dise\u00f1o gr\u00e1fico, dise\u00f1o de producto, comunicaci\u00f3n audiovisual y creaci\u00f3n de webs. H\u00e9ctor Escalada Ram\u00edrez es un joven de 32 a\u00f1os, Ingeniero de Dise\u00f1o Industrial &hellip; <a href=\"https:\/\/madeinzaragoza.es\/blog\/estudio-san-jimes-diseno-grafico-que-imprime-personalidad-a-tu-marca\/\" class=\"more-link\">Continuar leyendo<span class=\"screen-reader-text\"> \u00abEstudio San Jimes: dise\u00f1o gr\u00e1fico que imprime personalidad a tu marca\u00bb<\/span><\/a><\/p>\n","protected":false},"author":4,"featured_media":38786,"comment_status":"open","ping_status":"open","sticky":false,"template":"","format":"standard","meta":{"footnotes":""},"categories":[6,8],"tags":[28,2543,82,130,24],"yoast_head":"<!-- This site is optimized with the Yoast SEO plugin v19.7.2 - https:\/\/yoast.com\/wordpress\/plugins\/seo\/ -->\n<title>Estudio San Jimes: dise\u00f1o gr\u00e1fico que imprime personalidad a tu marca - Made in Zaragoza<\/title>\n<meta name=\"description\" content=\"Conoce Estudio San Jimes, expertos en dar vida a tu marca a trav\u00e9s del dise\u00f1o gr\u00e1fico, dise\u00f1o de producto, comunicaci\u00f3n audiovisual y creaci\u00f3n de webs.\" \/>\n<meta name=\"robots\" content=\"index, follow, max-snippet:-1, max-image-preview:large, max-video-preview:-1\" \/>\n<link rel=\"canonical\" href=\"https:\/\/madeinzaragoza.es\/blog\/estudio-san-jimes-diseno-grafico-que-imprime-personalidad-a-tu-marca\/\" \/>\n<meta property=\"og:locale\" content=\"es_ES\" \/>\n<meta property=\"og:type\" content=\"article\" \/>\n<meta property=\"og:title\" content=\"Estudio San Jimes: dise\u00f1o gr\u00e1fico que imprime personalidad a tu marca - Made in Zaragoza\" \/>\n<meta property=\"og:description\" content=\"Conoce Estudio San Jimes, expertos en dar vida a tu marca a trav\u00e9s del dise\u00f1o gr\u00e1fico, dise\u00f1o de producto, comunicaci\u00f3n audiovisual y creaci\u00f3n de webs.\" \/>\n<meta property=\"og:url\" content=\"https:\/\/madeinzaragoza.es\/blog\/estudio-san-jimes-diseno-grafico-que-imprime-personalidad-a-tu-marca\/\" \/>\n<meta property=\"og:site_name\" content=\"Made in Zaragoza\" \/>\n<meta property=\"article:publisher\" content=\"https:\/\/www.facebook.com\/madeinzaragoza.es\/\" \/>\n<meta property=\"article:author\" content=\"blogssipgirl\/197083753685798\" \/>\n<meta property=\"article:published_time\" content=\"2023-07-04T17:15:00+00:00\" \/>\n<meta property=\"article:modified_time\" content=\"2023-07-06T17:16:09+00:00\" \/>\n<meta property=\"og:image\" content=\"https:\/\/madeinzaragoza.es\/blog\/wp-content\/uploads\/2023\/06\/sanjimes-blogssipgirl-290623-15.jpg\" \/>\n\t<meta property=\"og:image:width\" content=\"1024\" \/>\n\t<meta property=\"og:image:height\" content=\"768\" \/>\n\t<meta property=\"og:image:type\" content=\"image\/jpeg\" \/>\n<meta name=\"author\" content=\"Blogssipgirl\" \/>\n<meta name=\"twitter:card\" content=\"summary\" \/>\n<meta name=\"twitter:creator\" content=\"@blogssipgirl1\" \/>\n<meta name=\"twitter:site\" content=\"@madeinzaragoza\" \/>\n<meta name=\"twitter:label1\" content=\"Escrito por\" \/>\n\t<meta name=\"twitter:data1\" content=\"Blogssipgirl\" \/>\n\t<meta name=\"twitter:label2\" content=\"Tiempo de lectura\" \/>\n\t<meta name=\"twitter:data2\" content=\"6 minutos\" \/>\n<script type=\"application\/ld+json\" class=\"yoast-schema-graph\">{\"@context\":\"https:\/\/schema.org\",\"@graph\":[{\"@type\":\"Article\",\"@id\":\"https:\/\/madeinzaragoza.es\/blog\/estudio-san-jimes-diseno-grafico-que-imprime-personalidad-a-tu-marca\/#article\",\"isPartOf\":{\"@id\":\"https:\/\/madeinzaragoza.es\/blog\/estudio-san-jimes-diseno-grafico-que-imprime-personalidad-a-tu-marca\/\"},\"author\":{\"name\":\"Blogssipgirl\",\"@id\":\"http:\/\/madeinzaragoza.es\/blog\/#\/schema\/person\/b6199e649857e868c4cf0717b007a717\"},\"headline\":\"Estudio San Jimes: dise\u00f1o gr\u00e1fico que imprime personalidad a tu marca\",\"datePublished\":\"2023-07-04T17:15:00+00:00\",\"dateModified\":\"2023-07-06T17:16:09+00:00\",\"mainEntityOfPage\":{\"@id\":\"https:\/\/madeinzaragoza.es\/blog\/estudio-san-jimes-diseno-grafico-que-imprime-personalidad-a-tu-marca\/\"},\"wordCount\":872,\"commentCount\":0,\"publisher\":{\"@id\":\"http:\/\/madeinzaragoza.es\/blog\/#organization\"},\"keywords\":[\"creatividad\",\"Dise\u00f1o\",\"Dise\u00f1o gr\u00e1fico\",\"emprendedores\",\"entrevista\"],\"articleSection\":[\"Gente\",\"Red MIZ\"],\"inLanguage\":\"es\",\"potentialAction\":[{\"@type\":\"CommentAction\",\"name\":\"Comment\",\"target\":[\"https:\/\/madeinzaragoza.es\/blog\/estudio-san-jimes-diseno-grafico-que-imprime-personalidad-a-tu-marca\/#respond\"]}]},{\"@type\":\"WebPage\",\"@id\":\"https:\/\/madeinzaragoza.es\/blog\/estudio-san-jimes-diseno-grafico-que-imprime-personalidad-a-tu-marca\/\",\"url\":\"https:\/\/madeinzaragoza.es\/blog\/estudio-san-jimes-diseno-grafico-que-imprime-personalidad-a-tu-marca\/\",\"name\":\"Estudio San Jimes: dise\u00f1o gr\u00e1fico que imprime personalidad a tu marca - Made in Zaragoza\",\"isPartOf\":{\"@id\":\"http:\/\/madeinzaragoza.es\/blog\/#website\"},\"datePublished\":\"2023-07-04T17:15:00+00:00\",\"dateModified\":\"2023-07-06T17:16:09+00:00\",\"description\":\"Conoce Estudio San Jimes, expertos en dar vida a tu marca a trav\u00e9s del dise\u00f1o gr\u00e1fico, dise\u00f1o de producto, comunicaci\u00f3n audiovisual y creaci\u00f3n de webs.\",\"breadcrumb\":{\"@id\":\"https:\/\/madeinzaragoza.es\/blog\/estudio-san-jimes-diseno-grafico-que-imprime-personalidad-a-tu-marca\/#breadcrumb\"},\"inLanguage\":\"es\",\"potentialAction\":[{\"@type\":\"ReadAction\",\"target\":[\"https:\/\/madeinzaragoza.es\/blog\/estudio-san-jimes-diseno-grafico-que-imprime-personalidad-a-tu-marca\/\"]}]},{\"@type\":\"BreadcrumbList\",\"@id\":\"https:\/\/madeinzaragoza.es\/blog\/estudio-san-jimes-diseno-grafico-que-imprime-personalidad-a-tu-marca\/#breadcrumb\",\"itemListElement\":[{\"@type\":\"ListItem\",\"position\":1,\"name\":\"Portada\",\"item\":\"http:\/\/madeinzaragoza.es\/blog\/\"},{\"@type\":\"ListItem\",\"position\":2,\"name\":\"Estudio San Jimes: dise\u00f1o gr\u00e1fico que imprime personalidad a tu marca\"}]},{\"@type\":\"WebSite\",\"@id\":\"http:\/\/madeinzaragoza.es\/blog\/#website\",\"url\":\"http:\/\/madeinzaragoza.es\/blog\/\",\"name\":\"Made in Zaragoza\",\"description\":\"Blog de MadeinZGZ, Red de Econom\u00eda Creativa de Zaragoza\",\"publisher\":{\"@id\":\"http:\/\/madeinzaragoza.es\/blog\/#organization\"},\"potentialAction\":[{\"@type\":\"SearchAction\",\"target\":{\"@type\":\"EntryPoint\",\"urlTemplate\":\"http:\/\/madeinzaragoza.es\/blog\/?s={search_term_string}\"},\"query-input\":\"required name=search_term_string\"}],\"inLanguage\":\"es\"},{\"@type\":\"Organization\",\"@id\":\"http:\/\/madeinzaragoza.es\/blog\/#organization\",\"name\":\"Made In Zaragoza\",\"url\":\"http:\/\/madeinzaragoza.es\/blog\/\",\"sameAs\":[\"https:\/\/www.instagram.com\/madeinzaragoza.es\/\",\"https:\/\/www.facebook.com\/madeinzaragoza.es\/\",\"https:\/\/twitter.com\/madeinzaragoza\"],\"logo\":{\"@type\":\"ImageObject\",\"inLanguage\":\"es\",\"@id\":\"http:\/\/madeinzaragoza.es\/blog\/#\/schema\/logo\/image\/\",\"url\":\"https:\/\/madeinzaragoza.es\/blog\/wp-content\/uploads\/2022\/05\/logo.png\",\"contentUrl\":\"https:\/\/madeinzaragoza.es\/blog\/wp-content\/uploads\/2022\/05\/logo.png\",\"width\":193,\"height\":176,\"caption\":\"Made In Zaragoza\"},\"image\":{\"@id\":\"http:\/\/madeinzaragoza.es\/blog\/#\/schema\/logo\/image\/\"}},{\"@type\":\"Person\",\"@id\":\"http:\/\/madeinzaragoza.es\/blog\/#\/schema\/person\/b6199e649857e868c4cf0717b007a717\",\"name\":\"Blogssipgirl\",\"image\":{\"@type\":\"ImageObject\",\"inLanguage\":\"es\",\"@id\":\"http:\/\/madeinzaragoza.es\/blog\/#\/schema\/person\/image\/\",\"url\":\"https:\/\/secure.gravatar.com\/avatar\/6171ea2cd2ec17b189583c580ab912a7?s=96&d=mm&r=g\",\"contentUrl\":\"https:\/\/secure.gravatar.com\/avatar\/6171ea2cd2ec17b189583c580ab912a7?s=96&d=mm&r=g\",\"caption\":\"Blogssipgirl\"},\"description\":\"Organizadora de eventos, editora de blogs y gestora de RRSS. Y como hobby, bloguera: Blogssipgirl es mi alterego... Me gusta moverme por las redes sociales y colaborar en miles de proyectos, no s\u00e9 estar quieta. Me apasiona la moda y el buen gusto, adoro los peque\u00f1os placeres como pasear y disfrutar de mi familia y amigos.\",\"sameAs\":[\"http:\/\/blogssipgirl.blogspot.com\",\"blogssipgirl\/197083753685798\",\"https:\/\/twitter.com\/blogssipgirl1\"],\"url\":\"https:\/\/madeinzaragoza.es\/blog\/author\/blogssipgirl\/\"}]}<\/script>\n<!-- \/ Yoast SEO plugin. -->","yoast_head_json":{"title":"Estudio San Jimes: dise\u00f1o gr\u00e1fico que imprime personalidad a tu marca - Made in Zaragoza","description":"Conoce Estudio San Jimes, expertos en dar vida a tu marca a trav\u00e9s del dise\u00f1o gr\u00e1fico, dise\u00f1o de producto, comunicaci\u00f3n audiovisual y creaci\u00f3n de webs.","robots":{"index":"index","follow":"follow","max-snippet":"max-snippet:-1","max-image-preview":"max-image-preview:large","max-video-preview":"max-video-preview:-1"},"canonical":"https:\/\/madeinzaragoza.es\/blog\/estudio-san-jimes-diseno-grafico-que-imprime-personalidad-a-tu-marca\/","og_locale":"es_ES","og_type":"article","og_title":"Estudio San Jimes: dise\u00f1o gr\u00e1fico que imprime personalidad a tu marca - Made in Zaragoza","og_description":"Conoce Estudio San Jimes, expertos en dar vida a tu marca a trav\u00e9s del dise\u00f1o gr\u00e1fico, dise\u00f1o de producto, comunicaci\u00f3n audiovisual y creaci\u00f3n de webs.","og_url":"https:\/\/madeinzaragoza.es\/blog\/estudio-san-jimes-diseno-grafico-que-imprime-personalidad-a-tu-marca\/","og_site_name":"Made in Zaragoza","article_publisher":"https:\/\/www.facebook.com\/madeinzaragoza.es\/","article_author":"blogssipgirl\/197083753685798","article_published_time":"2023-07-04T17:15:00+00:00","article_modified_time":"2023-07-06T17:16:09+00:00","og_image":[{"width":1024,"height":768,"url":"https:\/\/madeinzaragoza.es\/blog\/wp-content\/uploads\/2023\/06\/sanjimes-blogssipgirl-290623-15.jpg","type":"image\/jpeg"}],"author":"Blogssipgirl","twitter_card":"summary","twitter_creator":"@blogssipgirl1","twitter_site":"@madeinzaragoza","twitter_misc":{"Escrito por":"Blogssipgirl","Tiempo de lectura":"6 minutos"},"schema":{"@context":"https:\/\/schema.org","@graph":[{"@type":"Article","@id":"https:\/\/madeinzaragoza.es\/blog\/estudio-san-jimes-diseno-grafico-que-imprime-personalidad-a-tu-marca\/#article","isPartOf":{"@id":"https:\/\/madeinzaragoza.es\/blog\/estudio-san-jimes-diseno-grafico-que-imprime-personalidad-a-tu-marca\/"},"author":{"name":"Blogssipgirl","@id":"http:\/\/madeinzaragoza.es\/blog\/#\/schema\/person\/b6199e649857e868c4cf0717b007a717"},"headline":"Estudio San Jimes: dise\u00f1o gr\u00e1fico que imprime personalidad a tu marca","datePublished":"2023-07-04T17:15:00+00:00","dateModified":"2023-07-06T17:16:09+00:00","mainEntityOfPage":{"@id":"https:\/\/madeinzaragoza.es\/blog\/estudio-san-jimes-diseno-grafico-que-imprime-personalidad-a-tu-marca\/"},"wordCount":872,"commentCount":0,"publisher":{"@id":"http:\/\/madeinzaragoza.es\/blog\/#organization"},"keywords":["creatividad","Dise\u00f1o","Dise\u00f1o gr\u00e1fico","emprendedores","entrevista"],"articleSection":["Gente","Red MIZ"],"inLanguage":"es","potentialAction":[{"@type":"CommentAction","name":"Comment","target":["https:\/\/madeinzaragoza.es\/blog\/estudio-san-jimes-diseno-grafico-que-imprime-personalidad-a-tu-marca\/#respond"]}]},{"@type":"WebPage","@id":"https:\/\/madeinzaragoza.es\/blog\/estudio-san-jimes-diseno-grafico-que-imprime-personalidad-a-tu-marca\/","url":"https:\/\/madeinzaragoza.es\/blog\/estudio-san-jimes-diseno-grafico-que-imprime-personalidad-a-tu-marca\/","name":"Estudio San Jimes: dise\u00f1o gr\u00e1fico que imprime personalidad a tu marca - Made in Zaragoza","isPartOf":{"@id":"http:\/\/madeinzaragoza.es\/blog\/#website"},"datePublished":"2023-07-04T17:15:00+00:00","dateModified":"2023-07-06T17:16:09+00:00","description":"Conoce Estudio San Jimes, expertos en dar vida a tu marca a trav\u00e9s del dise\u00f1o gr\u00e1fico, dise\u00f1o de producto, comunicaci\u00f3n audiovisual y creaci\u00f3n de webs.","breadcrumb":{"@id":"https:\/\/madeinzaragoza.es\/blog\/estudio-san-jimes-diseno-grafico-que-imprime-personalidad-a-tu-marca\/#breadcrumb"},"inLanguage":"es","potentialAction":[{"@type":"ReadAction","target":["https:\/\/madeinzaragoza.es\/blog\/estudio-san-jimes-diseno-grafico-que-imprime-personalidad-a-tu-marca\/"]}]},{"@type":"BreadcrumbList","@id":"https:\/\/madeinzaragoza.es\/blog\/estudio-san-jimes-diseno-grafico-que-imprime-personalidad-a-tu-marca\/#breadcrumb","itemListElement":[{"@type":"ListItem","position":1,"name":"Portada","item":"http:\/\/madeinzaragoza.es\/blog\/"},{"@type":"ListItem","position":2,"name":"Estudio San Jimes: dise\u00f1o gr\u00e1fico que imprime personalidad a tu marca"}]},{"@type":"WebSite","@id":"http:\/\/madeinzaragoza.es\/blog\/#website","url":"http:\/\/madeinzaragoza.es\/blog\/","name":"Made in Zaragoza","description":"Blog de MadeinZGZ, Red de Econom\u00eda Creativa de Zaragoza","publisher":{"@id":"http:\/\/madeinzaragoza.es\/blog\/#organization"},"potentialAction":[{"@type":"SearchAction","target":{"@type":"EntryPoint","urlTemplate":"http:\/\/madeinzaragoza.es\/blog\/?s={search_term_string}"},"query-input":"required name=search_term_string"}],"inLanguage":"es"},{"@type":"Organization","@id":"http:\/\/madeinzaragoza.es\/blog\/#organization","name":"Made In Zaragoza","url":"http:\/\/madeinzaragoza.es\/blog\/","sameAs":["https:\/\/www.instagram.com\/madeinzaragoza.es\/","https:\/\/www.facebook.com\/madeinzaragoza.es\/","https:\/\/twitter.com\/madeinzaragoza"],"logo":{"@type":"ImageObject","inLanguage":"es","@id":"http:\/\/madeinzaragoza.es\/blog\/#\/schema\/logo\/image\/","url":"https:\/\/madeinzaragoza.es\/blog\/wp-content\/uploads\/2022\/05\/logo.png","contentUrl":"https:\/\/madeinzaragoza.es\/blog\/wp-content\/uploads\/2022\/05\/logo.png","width":193,"height":176,"caption":"Made In Zaragoza"},"image":{"@id":"http:\/\/madeinzaragoza.es\/blog\/#\/schema\/logo\/image\/"}},{"@type":"Person","@id":"http:\/\/madeinzaragoza.es\/blog\/#\/schema\/person\/b6199e649857e868c4cf0717b007a717","name":"Blogssipgirl","image":{"@type":"ImageObject","inLanguage":"es","@id":"http:\/\/madeinzaragoza.es\/blog\/#\/schema\/person\/image\/","url":"https:\/\/secure.gravatar.com\/avatar\/6171ea2cd2ec17b189583c580ab912a7?s=96&d=mm&r=g","contentUrl":"https:\/\/secure.gravatar.com\/avatar\/6171ea2cd2ec17b189583c580ab912a7?s=96&d=mm&r=g","caption":"Blogssipgirl"},"description":"Organizadora de eventos, editora de blogs y gestora de RRSS. Y como hobby, bloguera: Blogssipgirl es mi alterego... Me gusta moverme por las redes sociales y colaborar en miles de proyectos, no s\u00e9 estar quieta. Me apasiona la moda y el buen gusto, adoro los peque\u00f1os placeres como pasear y disfrutar de mi familia y amigos.","sameAs":["http:\/\/blogssipgirl.blogspot.com","blogssipgirl\/197083753685798","https:\/\/twitter.com\/blogssipgirl1"],"url":"https:\/\/madeinzaragoza.es\/blog\/author\/blogssipgirl\/"}]}},"_links":{"self":[{"href":"https:\/\/madeinzaragoza.es\/blog\/wp-json\/wp\/v2\/posts\/38782"}],"collection":[{"href":"https:\/\/madeinzaragoza.es\/blog\/wp-json\/wp\/v2\/posts"}],"about":[{"href":"https:\/\/madeinzaragoza.es\/blog\/wp-json\/wp\/v2\/types\/post"}],"author":[{"embeddable":true,"href":"https:\/\/madeinzaragoza.es\/blog\/wp-json\/wp\/v2\/users\/4"}],"replies":[{"embeddable":true,"href":"https:\/\/madeinzaragoza.es\/blog\/wp-json\/wp\/v2\/comments?post=38782"}],"version-history":[{"count":6,"href":"https:\/\/madeinzaragoza.es\/blog\/wp-json\/wp\/v2\/posts\/38782\/revisions"}],"predecessor-version":[{"id":38808,"href":"https:\/\/madeinzaragoza.es\/blog\/wp-json\/wp\/v2\/posts\/38782\/revisions\/38808"}],"wp:featuredmedia":[{"embeddable":true,"href":"https:\/\/madeinzaragoza.es\/blog\/wp-json\/wp\/v2\/media\/38786"}],"wp:attachment":[{"href":"https:\/\/madeinzaragoza.es\/blog\/wp-json\/wp\/v2\/media?parent=38782"}],"wp:term":[{"taxonomy":"category","embeddable":true,"href":"https:\/\/madeinzaragoza.es\/blog\/wp-json\/wp\/v2\/categories?post=38782"},{"taxonomy":"post_tag","embeddable":true,"href":"https:\/\/madeinzaragoza.es\/blog\/wp-json\/wp\/v2\/tags?post=38782"}],"curies":[{"name":"wp","href":"https:\/\/api.w.org\/{rel}","templated":true}]}}