{"id":38320,"date":"2023-04-28T16:24:21","date_gmt":"2023-04-28T15:24:21","guid":{"rendered":"http:\/\/madeinzaragoza.es\/blog\/?p=38320"},"modified":"2023-04-29T17:53:18","modified_gmt":"2023-04-29T16:53:18","slug":"jose-angel-delgado-director-saraqusta-festival-joven-tenemos-que-ir-consolidacion","status":"publish","type":"post","link":"https:\/\/madeinzaragoza.es\/blog\/jose-angel-delgado-director-saraqusta-festival-joven-tenemos-que-ir-consolidacion\/","title":{"rendered":"Jos\u00e9 \u00c1ngel Delgado: \u00abSaraqusta es un festival joven y tenemos que ir camino de la consolidaci\u00f3n\u00bb"},"content":{"rendered":"\n<h2 class=\"wp-block-heading\">Entrevistamos al director del festival de cine hist\u00f3rico con motivo del desarrollo de su tercera edici\u00f3n hasta el 5 de mayo<\/h2>\n\n\n\n<p><\/p>\n\n\n\n<p>El <strong><a href=\"https:\/\/saraqustafilmfestival.com\/programacion-2023-del-saraqusta-film-festival\/\" target=\"_blank\" rel=\"noreferrer noopener nofollow\" class=\"broken_link\">Saraqusta Film Festival<\/a><\/strong>, dedicado a cine y series de historia, celebra hasta el 5 de mayo su tercera edici\u00f3n, definida por el salto que supone entregar un primer premio internacional, el concedido al actor portugu\u00e9s Joaquim de Almeida en la gala de clausura. <a href=\"https:\/\/madeinzaragoza.es\/blog\/jose-angel-delgado-director-de-saraqusta-hemos-disenado-un-buen-festival\/\" target=\"_blank\" rel=\"noreferrer noopener\">Un a\u00f1o m\u00e1s Made in Zaragoza entrevista a Jos\u00e9 \u00c1ngel Delgado<\/a>, director del festival zaragozano.<\/p>\n\n\n\n<p><strong>Llega la tercera edici\u00f3n de Saraqusta, la segunda que se desarrolla en estas fechas. \u00bfSer\u00e1n su acomodo natural? Respecto a la nueva cita se piensa en la consolidaci\u00f3n, en los avances en ese sentido, en la continuidad\u2026 \u00bfQu\u00e9 considera?<\/strong><\/p>\n\n\n\n<p>\u00abSomos un festival todav\u00eda muy joven y tenemos que ir camino de la consolidaci\u00f3n. En cuanto a las fechas, estamos en nuestro lugar deseado, en torno al comienzo de la primavera y alrededor de San Jorge, lo que resulta id\u00f3neo para situarnos como una de las referencias entre los festivales aragoneses. Si nos dejan mantenerlo, este va a ser el momento ideal\u00bb.<\/p>\n\n\n\n<p><strong>El festival mantiene su esencia reconocible: programaci\u00f3n cuidada y concisa, ma\u00f1anas para las ruedas de prensa y las mesas redondas, las proyecciones por la tarde y la noche&#8230; Dentro de esa realidad, \u00bfhab\u00e9is buscado cambiar o perfilar algunas cuestiones?<\/strong><\/p>\n\n\n\n<p>\u00abEs muy dif\u00edcil acertar en una primera edici\u00f3n aunque el esquema que planteas de inicio funcione. Es verdad que un gran porcentaje de lo planteado se est\u00e1 manteniendo: una semana de duraci\u00f3n, todo muy limpio, proyecciones a las 17.00, las 19.00, las 21.00. Hemos depurado un poco eso, porque no obstante a veces ten\u00edamos algunas sesiones a las 18.30 y las 19.30. Tambi\u00e9n hemos pulido la parte de series y de la secci\u00f3n Panorama Saraqusta, la secci\u00f3n no competitiva. Como hasta que un festival no se consolida no es f\u00e1cil tener una secci\u00f3n de series hemos encontrado esta f\u00f3rmula para dar cabida a obras distintas, mayoritariamente series pero tambi\u00e9n documentales, caso de Ingenier\u00eda romana, serie documental de TVE. En ese aspecto, estamos abiertos a todo tipo de formatos. Respecto a las galas, mantienen el mismo concepto pero ahora se entregan Premios Saraqusta tanto en la inauguraci\u00f3n como en la clausura, ya que antes lo reserv\u00e1bamos todo para el final\u00bb.<\/p>\n\n\n\n<p><strong>Es una edici\u00f3n sin duda marcada por la entrega del primer premio internacional, paso dado con el reconocimiento al actor portugu\u00e9s Joaquim de Almeida.<\/strong><\/p>\n\n\n\n<p>\u00abEs un actor muy consolidado y veterano. Para m\u00ed era muy importante no dejar pasar una tercera edici\u00f3n sin la presencia de una figura no espa\u00f1ola. Adem\u00e1s su trayectoria conecta lo bueno del cine espa\u00f1ol y europeo con el de Hollywood, as\u00ed que creo que es una figura ideal. Conecta ambos mundos. Tuvimos la fortuna de que Joaquim fue receptivo desde el primer momento. Tambi\u00e9n quer\u00edamos conseguirlo por nuestros propios medios y lo hemos peleado y gestionado a puerta fr\u00eda: llamando al representante, haciendo la propuesta\u2026, labores en las que Carlos Laforga ha sido fundamental. Tambi\u00e9n iniciamos la din\u00e1mica de exhibir una pel\u00edcula del homenajeado en la clausura, en este caso <em>El rey pasmado<\/em>, t\u00edtulo de su filmograf\u00eda elegido por el propio actor\u00bb.<\/p>\n\n\n\n<p><strong>Siguen los dragones de Oro y de Plata.<\/strong><\/p>\n\n\n\n<p>\u00abS\u00ed, los de oro van destinados a las obras (pel\u00edcula y documental) y los de plata a mejor actor, mejor actriz, mejor director y mejor guion as\u00ed como al Premio Jurado Joven\u00bb.<\/p>\n\n\n\n<p><\/p>\n\n\n\n<div class=\"wp-block-image\"><figure class=\"aligncenter size-full\"><img loading=\"lazy\" decoding=\"async\" width=\"900\" height=\"600\" src=\"http:\/\/madeinzaragoza.es\/blog\/wp-content\/uploads\/2023\/04\/saraqusta-cervantes.jpg\" alt=\"La gala inaugural de 2022 en el Cine Cervantes (foto: Saraqusta)\" class=\"wp-image-38335\" srcset=\"https:\/\/madeinzaragoza.es\/blog\/wp-content\/uploads\/2023\/04\/saraqusta-cervantes.jpg 900w, https:\/\/madeinzaragoza.es\/blog\/wp-content\/uploads\/2023\/04\/saraqusta-cervantes-450x300.jpg 450w, https:\/\/madeinzaragoza.es\/blog\/wp-content\/uploads\/2023\/04\/saraqusta-cervantes-768x512.jpg 768w\" sizes=\"(max-width: 709px) 85vw, (max-width: 909px) 67vw, (max-width: 1362px) 62vw, 840px\" \/><figcaption>Vista del p\u00fablico en la gala inaugural de 2022 en el Cine Cervantes (foto: Saraqusta)<\/figcaption><\/figure><\/div>\n\n\n\n<p><strong>Zaragoza es una ciudad dif\u00edcil para eventos relacionados con la cultura audiovisual. Teniendo en cuenta el factor, \u00bfc\u00f3mo valora la evoluci\u00f3n del Festival Saraqusta y qu\u00e9 aspectos cree que hay que mejorar para llegar a m\u00e1s gente?<\/strong><\/p>\n\n\n\n<p>\u00abDesde luego nos lo tenemos que ganar y hay que cautivar al p\u00fablico y nunca podemos dar por hecho que le va a apetecer venir. Creo que tenemos una programaci\u00f3n atractiva al ser una visi\u00f3n del cine hist\u00f3rico muy amplia, y este a\u00f1o tenemos un <em>western<\/em>, cine b\u00e9lico\u2026 Para ganarnos al p\u00fablico tenemos que proponer pel\u00edculas atractivas mezcladas con obras m\u00e1s independientes. Tambi\u00e9n tenemos que ofrecer facilidades. Sacamos las entradas a la venta con m\u00e1s antelaci\u00f3n que en las ediciones anteriores y adem\u00e1s hemos lanzado un bono que por 15 euros permite ver todas las obras a concurso. Una de las asignaturas pendientes, aunque vamos a intentar poner una semillita, es la de cubrir el apartado profesional y que el Saraqusta Film Festival sea un lugar para la industria y el <em>networking<\/em>\u00ab.<\/p>\n\n\n\n<p><strong>En mayo son las elecciones. \u00bfEl festival tiene asegurado su futuro con independencia de los partidos que est\u00e9n en el equipo de gobierno de la ciudad?<\/strong><\/p>\n\n\n\n<p>\u00abTodos los mensajes que recibimos son positivos. No obstante, con Zaragoza Cultural hemos hablado de que ser\u00eda id\u00f3neo firmar convenios por plazos de tiempo que no sean anuales. Tampoco aspiro a un tiempo indefinido porque entiendo que un festival no puede atarse a un director, pero los profesionales trabajamos bien por proyectos a dos a\u00f1os, tres, cuatro\u2026, en definitiva por ciclos en los que puedas demostrar un trabajo. Estoy muy ilusionado con llegar a un quinto a\u00f1o, no en t\u00e9rminos de aniversario como tal sino porque cuando he hecho televisi\u00f3n y otro tipo de proyectos he comprobado que en esos periodos demuestras c\u00f3mo un proyecto ha crecido. El a\u00f1o pasado duplicamos la asistencia de p\u00fablico y este a\u00f1o ese vuelve a ser el reto. A su vez, la comunidad de cin\u00e9filos que sigue el Saraqusta Film Festival ha encontrado un lugar. Muy mal se tendr\u00edan que dar las cosas para que no siguiera este proyecto, que creo que ha hecho los deberes, cumplido cada a\u00f1o y que goza de simpat\u00eda. Soy optimista\u00bb.<\/p>\n","protected":false},"excerpt":{"rendered":"<p>Entrevistamos al director del festival de cine hist\u00f3rico con motivo del desarrollo de su tercera edici\u00f3n hasta el 5 de mayo El Saraqusta Film Festival, dedicado a cine y series de historia, celebra hasta el 5 de mayo su tercera edici\u00f3n, definida por el salto que supone entregar un primer premio internacional, el concedido al &hellip; <a href=\"https:\/\/madeinzaragoza.es\/blog\/jose-angel-delgado-director-saraqusta-festival-joven-tenemos-que-ir-consolidacion\/\" class=\"more-link\">Continuar leyendo<span class=\"screen-reader-text\"> \u00abJos\u00e9 \u00c1ngel Delgado: \u00abSaraqusta es un festival joven y tenemos que ir camino de la consolidaci\u00f3n\u00bb\u00bb<\/span><\/a><\/p>\n","protected":false},"author":59,"featured_media":38321,"comment_status":"open","ping_status":"open","sticky":false,"template":"","format":"standard","meta":{"footnotes":""},"categories":[829],"tags":[2189,2378,2377],"yoast_head":"<!-- This site is optimized with the Yoast SEO plugin v19.7.2 - https:\/\/yoast.com\/wordpress\/plugins\/seo\/ -->\n<title>&quot;El Saraqusta Film Festival tiene que ir hacia la consolidaci\u00f3n&quot;<\/title>\n<meta name=\"description\" content=\"MIZ entrevista a Jos\u00e9 Angel Delgado, director del Saraqusta Film Festival, con motivo del desarrollo de su tercera edici\u00f3n hasta el 5 de mayo\" \/>\n<meta name=\"robots\" content=\"index, follow, max-snippet:-1, max-image-preview:large, max-video-preview:-1\" \/>\n<link rel=\"canonical\" href=\"https:\/\/madeinzaragoza.es\/blog\/jose-angel-delgado-director-saraqusta-festival-joven-tenemos-que-ir-consolidacion\/\" \/>\n<meta property=\"og:locale\" content=\"es_ES\" \/>\n<meta property=\"og:type\" content=\"article\" \/>\n<meta property=\"og:title\" content=\"&quot;El Saraqusta Film Festival tiene que ir hacia la consolidaci\u00f3n&quot;\" \/>\n<meta property=\"og:description\" content=\"MIZ entrevista a Jos\u00e9 Angel Delgado, director del Saraqusta Film Festival, con motivo del desarrollo de su tercera edici\u00f3n hasta el 5 de mayo\" \/>\n<meta property=\"og:url\" content=\"https:\/\/madeinzaragoza.es\/blog\/jose-angel-delgado-director-saraqusta-festival-joven-tenemos-que-ir-consolidacion\/\" \/>\n<meta property=\"og:site_name\" content=\"Made in Zaragoza\" \/>\n<meta property=\"article:publisher\" content=\"https:\/\/www.facebook.com\/madeinzaragoza.es\/\" \/>\n<meta property=\"article:published_time\" content=\"2023-04-28T15:24:21+00:00\" \/>\n<meta property=\"article:modified_time\" content=\"2023-04-29T16:53:18+00:00\" \/>\n<meta property=\"og:image\" content=\"https:\/\/madeinzaragoza.es\/blog\/wp-content\/uploads\/2023\/04\/Jose-Angel-Delgado-3-edicion-Saraqusta.jpg\" \/>\n\t<meta property=\"og:image:width\" content=\"1200\" \/>\n\t<meta property=\"og:image:height\" content=\"787\" \/>\n\t<meta property=\"og:image:type\" content=\"image\/jpeg\" \/>\n<meta name=\"author\" content=\"Enrique Abenia\" \/>\n<meta name=\"twitter:card\" content=\"summary\" \/>\n<meta name=\"twitter:creator\" content=\"@Enrique_Abenia\" \/>\n<meta name=\"twitter:site\" content=\"@madeinzaragoza\" \/>\n<meta name=\"twitter:label1\" content=\"Escrito por\" \/>\n\t<meta name=\"twitter:data1\" content=\"Enrique Abenia\" \/>\n\t<meta name=\"twitter:label2\" content=\"Tiempo de lectura\" \/>\n\t<meta name=\"twitter:data2\" content=\"5 minutos\" \/>\n<script type=\"application\/ld+json\" class=\"yoast-schema-graph\">{\"@context\":\"https:\/\/schema.org\",\"@graph\":[{\"@type\":\"Article\",\"@id\":\"https:\/\/madeinzaragoza.es\/blog\/jose-angel-delgado-director-saraqusta-festival-joven-tenemos-que-ir-consolidacion\/#article\",\"isPartOf\":{\"@id\":\"https:\/\/madeinzaragoza.es\/blog\/jose-angel-delgado-director-saraqusta-festival-joven-tenemos-que-ir-consolidacion\/\"},\"author\":{\"name\":\"Enrique Abenia\",\"@id\":\"https:\/\/madeinzaragoza.es\/blog\/#\/schema\/person\/b4cf98cbc61a51fb48dbdab258a8c523\"},\"headline\":\"Jos\u00e9 \u00c1ngel Delgado: \u00abSaraqusta es un festival joven y tenemos que ir camino de la consolidaci\u00f3n\u00bb\",\"datePublished\":\"2023-04-28T15:24:21+00:00\",\"dateModified\":\"2023-04-29T16:53:18+00:00\",\"mainEntityOfPage\":{\"@id\":\"https:\/\/madeinzaragoza.es\/blog\/jose-angel-delgado-director-saraqusta-festival-joven-tenemos-que-ir-consolidacion\/\"},\"wordCount\":1033,\"commentCount\":0,\"publisher\":{\"@id\":\"https:\/\/madeinzaragoza.es\/blog\/#organization\"},\"keywords\":[\"Cine en Zaragoza\",\"festivales de cine Zaragoza\",\"Saraqusta\"],\"articleSection\":[\"Cultura\"],\"inLanguage\":\"es\",\"potentialAction\":[{\"@type\":\"CommentAction\",\"name\":\"Comment\",\"target\":[\"https:\/\/madeinzaragoza.es\/blog\/jose-angel-delgado-director-saraqusta-festival-joven-tenemos-que-ir-consolidacion\/#respond\"]}]},{\"@type\":\"WebPage\",\"@id\":\"https:\/\/madeinzaragoza.es\/blog\/jose-angel-delgado-director-saraqusta-festival-joven-tenemos-que-ir-consolidacion\/\",\"url\":\"https:\/\/madeinzaragoza.es\/blog\/jose-angel-delgado-director-saraqusta-festival-joven-tenemos-que-ir-consolidacion\/\",\"name\":\"\\\"El Saraqusta Film Festival tiene que ir hacia la consolidaci\u00f3n\\\"\",\"isPartOf\":{\"@id\":\"https:\/\/madeinzaragoza.es\/blog\/#website\"},\"datePublished\":\"2023-04-28T15:24:21+00:00\",\"dateModified\":\"2023-04-29T16:53:18+00:00\",\"description\":\"MIZ entrevista a Jos\u00e9 Angel Delgado, director del Saraqusta Film Festival, con motivo del desarrollo de su tercera edici\u00f3n hasta el 5 de mayo\",\"breadcrumb\":{\"@id\":\"https:\/\/madeinzaragoza.es\/blog\/jose-angel-delgado-director-saraqusta-festival-joven-tenemos-que-ir-consolidacion\/#breadcrumb\"},\"inLanguage\":\"es\",\"potentialAction\":[{\"@type\":\"ReadAction\",\"target\":[\"https:\/\/madeinzaragoza.es\/blog\/jose-angel-delgado-director-saraqusta-festival-joven-tenemos-que-ir-consolidacion\/\"]}]},{\"@type\":\"BreadcrumbList\",\"@id\":\"https:\/\/madeinzaragoza.es\/blog\/jose-angel-delgado-director-saraqusta-festival-joven-tenemos-que-ir-consolidacion\/#breadcrumb\",\"itemListElement\":[{\"@type\":\"ListItem\",\"position\":1,\"name\":\"Portada\",\"item\":\"https:\/\/madeinzaragoza.es\/blog\/\"},{\"@type\":\"ListItem\",\"position\":2,\"name\":\"Jos\u00e9 \u00c1ngel Delgado: \u00abSaraqusta es un festival joven y tenemos que ir camino de la consolidaci\u00f3n\u00bb\"}]},{\"@type\":\"WebSite\",\"@id\":\"https:\/\/madeinzaragoza.es\/blog\/#website\",\"url\":\"https:\/\/madeinzaragoza.es\/blog\/\",\"name\":\"Made in Zaragoza\",\"description\":\"Blog de MadeinZGZ, Red de Econom\u00eda Creativa de Zaragoza\",\"publisher\":{\"@id\":\"https:\/\/madeinzaragoza.es\/blog\/#organization\"},\"potentialAction\":[{\"@type\":\"SearchAction\",\"target\":{\"@type\":\"EntryPoint\",\"urlTemplate\":\"https:\/\/madeinzaragoza.es\/blog\/?s={search_term_string}\"},\"query-input\":\"required name=search_term_string\"}],\"inLanguage\":\"es\"},{\"@type\":\"Organization\",\"@id\":\"https:\/\/madeinzaragoza.es\/blog\/#organization\",\"name\":\"Made In Zaragoza\",\"url\":\"https:\/\/madeinzaragoza.es\/blog\/\",\"sameAs\":[\"https:\/\/www.instagram.com\/madeinzaragoza.es\/\",\"https:\/\/www.facebook.com\/madeinzaragoza.es\/\",\"https:\/\/twitter.com\/madeinzaragoza\"],\"logo\":{\"@type\":\"ImageObject\",\"inLanguage\":\"es\",\"@id\":\"https:\/\/madeinzaragoza.es\/blog\/#\/schema\/logo\/image\/\",\"url\":\"https:\/\/madeinzaragoza.es\/blog\/wp-content\/uploads\/2022\/05\/logo.png\",\"contentUrl\":\"https:\/\/madeinzaragoza.es\/blog\/wp-content\/uploads\/2022\/05\/logo.png\",\"width\":193,\"height\":176,\"caption\":\"Made In Zaragoza\"},\"image\":{\"@id\":\"https:\/\/madeinzaragoza.es\/blog\/#\/schema\/logo\/image\/\"}},{\"@type\":\"Person\",\"@id\":\"https:\/\/madeinzaragoza.es\/blog\/#\/schema\/person\/b4cf98cbc61a51fb48dbdab258a8c523\",\"name\":\"Enrique Abenia\",\"image\":{\"@type\":\"ImageObject\",\"inLanguage\":\"es\",\"@id\":\"https:\/\/madeinzaragoza.es\/blog\/#\/schema\/person\/image\/\",\"url\":\"https:\/\/secure.gravatar.com\/avatar\/a747099e3518ccf440789a57b07dd884?s=96&d=mm&r=g\",\"contentUrl\":\"https:\/\/secure.gravatar.com\/avatar\/a747099e3518ccf440789a57b07dd884?s=96&d=mm&r=g\",\"caption\":\"Enrique Abenia\"},\"description\":\"Periodista aut\u00f3nomo. Cr\u00edtico de \u2018Heraldo de Arag\u00f3n\u2019, tambi\u00e9n escribe en 'Cineman\u00eda' y en 20bits, donde analiza smartphones.\",\"sameAs\":[\"https:\/\/twitter.com\/Enrique_Abenia\"],\"url\":\"https:\/\/madeinzaragoza.es\/blog\/author\/enriqueabenia\/\"}]}<\/script>\n<!-- \/ Yoast SEO plugin. -->","yoast_head_json":{"title":"\"El Saraqusta Film Festival tiene que ir hacia la consolidaci\u00f3n\"","description":"MIZ entrevista a Jos\u00e9 Angel Delgado, director del Saraqusta Film Festival, con motivo del desarrollo de su tercera edici\u00f3n hasta el 5 de mayo","robots":{"index":"index","follow":"follow","max-snippet":"max-snippet:-1","max-image-preview":"max-image-preview:large","max-video-preview":"max-video-preview:-1"},"canonical":"https:\/\/madeinzaragoza.es\/blog\/jose-angel-delgado-director-saraqusta-festival-joven-tenemos-que-ir-consolidacion\/","og_locale":"es_ES","og_type":"article","og_title":"\"El Saraqusta Film Festival tiene que ir hacia la consolidaci\u00f3n\"","og_description":"MIZ entrevista a Jos\u00e9 Angel Delgado, director del Saraqusta Film Festival, con motivo del desarrollo de su tercera edici\u00f3n hasta el 5 de mayo","og_url":"https:\/\/madeinzaragoza.es\/blog\/jose-angel-delgado-director-saraqusta-festival-joven-tenemos-que-ir-consolidacion\/","og_site_name":"Made in Zaragoza","article_publisher":"https:\/\/www.facebook.com\/madeinzaragoza.es\/","article_published_time":"2023-04-28T15:24:21+00:00","article_modified_time":"2023-04-29T16:53:18+00:00","og_image":[{"width":1200,"height":787,"url":"https:\/\/madeinzaragoza.es\/blog\/wp-content\/uploads\/2023\/04\/Jose-Angel-Delgado-3-edicion-Saraqusta.jpg","type":"image\/jpeg"}],"author":"Enrique Abenia","twitter_card":"summary","twitter_creator":"@Enrique_Abenia","twitter_site":"@madeinzaragoza","twitter_misc":{"Escrito por":"Enrique Abenia","Tiempo de lectura":"5 minutos"},"schema":{"@context":"https:\/\/schema.org","@graph":[{"@type":"Article","@id":"https:\/\/madeinzaragoza.es\/blog\/jose-angel-delgado-director-saraqusta-festival-joven-tenemos-que-ir-consolidacion\/#article","isPartOf":{"@id":"https:\/\/madeinzaragoza.es\/blog\/jose-angel-delgado-director-saraqusta-festival-joven-tenemos-que-ir-consolidacion\/"},"author":{"name":"Enrique Abenia","@id":"https:\/\/madeinzaragoza.es\/blog\/#\/schema\/person\/b4cf98cbc61a51fb48dbdab258a8c523"},"headline":"Jos\u00e9 \u00c1ngel Delgado: \u00abSaraqusta es un festival joven y tenemos que ir camino de la consolidaci\u00f3n\u00bb","datePublished":"2023-04-28T15:24:21+00:00","dateModified":"2023-04-29T16:53:18+00:00","mainEntityOfPage":{"@id":"https:\/\/madeinzaragoza.es\/blog\/jose-angel-delgado-director-saraqusta-festival-joven-tenemos-que-ir-consolidacion\/"},"wordCount":1033,"commentCount":0,"publisher":{"@id":"https:\/\/madeinzaragoza.es\/blog\/#organization"},"keywords":["Cine en Zaragoza","festivales de cine Zaragoza","Saraqusta"],"articleSection":["Cultura"],"inLanguage":"es","potentialAction":[{"@type":"CommentAction","name":"Comment","target":["https:\/\/madeinzaragoza.es\/blog\/jose-angel-delgado-director-saraqusta-festival-joven-tenemos-que-ir-consolidacion\/#respond"]}]},{"@type":"WebPage","@id":"https:\/\/madeinzaragoza.es\/blog\/jose-angel-delgado-director-saraqusta-festival-joven-tenemos-que-ir-consolidacion\/","url":"https:\/\/madeinzaragoza.es\/blog\/jose-angel-delgado-director-saraqusta-festival-joven-tenemos-que-ir-consolidacion\/","name":"\"El Saraqusta Film Festival tiene que ir hacia la consolidaci\u00f3n\"","isPartOf":{"@id":"https:\/\/madeinzaragoza.es\/blog\/#website"},"datePublished":"2023-04-28T15:24:21+00:00","dateModified":"2023-04-29T16:53:18+00:00","description":"MIZ entrevista a Jos\u00e9 Angel Delgado, director del Saraqusta Film Festival, con motivo del desarrollo de su tercera edici\u00f3n hasta el 5 de mayo","breadcrumb":{"@id":"https:\/\/madeinzaragoza.es\/blog\/jose-angel-delgado-director-saraqusta-festival-joven-tenemos-que-ir-consolidacion\/#breadcrumb"},"inLanguage":"es","potentialAction":[{"@type":"ReadAction","target":["https:\/\/madeinzaragoza.es\/blog\/jose-angel-delgado-director-saraqusta-festival-joven-tenemos-que-ir-consolidacion\/"]}]},{"@type":"BreadcrumbList","@id":"https:\/\/madeinzaragoza.es\/blog\/jose-angel-delgado-director-saraqusta-festival-joven-tenemos-que-ir-consolidacion\/#breadcrumb","itemListElement":[{"@type":"ListItem","position":1,"name":"Portada","item":"https:\/\/madeinzaragoza.es\/blog\/"},{"@type":"ListItem","position":2,"name":"Jos\u00e9 \u00c1ngel Delgado: \u00abSaraqusta es un festival joven y tenemos que ir camino de la consolidaci\u00f3n\u00bb"}]},{"@type":"WebSite","@id":"https:\/\/madeinzaragoza.es\/blog\/#website","url":"https:\/\/madeinzaragoza.es\/blog\/","name":"Made in Zaragoza","description":"Blog de MadeinZGZ, Red de Econom\u00eda Creativa de Zaragoza","publisher":{"@id":"https:\/\/madeinzaragoza.es\/blog\/#organization"},"potentialAction":[{"@type":"SearchAction","target":{"@type":"EntryPoint","urlTemplate":"https:\/\/madeinzaragoza.es\/blog\/?s={search_term_string}"},"query-input":"required name=search_term_string"}],"inLanguage":"es"},{"@type":"Organization","@id":"https:\/\/madeinzaragoza.es\/blog\/#organization","name":"Made In Zaragoza","url":"https:\/\/madeinzaragoza.es\/blog\/","sameAs":["https:\/\/www.instagram.com\/madeinzaragoza.es\/","https:\/\/www.facebook.com\/madeinzaragoza.es\/","https:\/\/twitter.com\/madeinzaragoza"],"logo":{"@type":"ImageObject","inLanguage":"es","@id":"https:\/\/madeinzaragoza.es\/blog\/#\/schema\/logo\/image\/","url":"https:\/\/madeinzaragoza.es\/blog\/wp-content\/uploads\/2022\/05\/logo.png","contentUrl":"https:\/\/madeinzaragoza.es\/blog\/wp-content\/uploads\/2022\/05\/logo.png","width":193,"height":176,"caption":"Made In Zaragoza"},"image":{"@id":"https:\/\/madeinzaragoza.es\/blog\/#\/schema\/logo\/image\/"}},{"@type":"Person","@id":"https:\/\/madeinzaragoza.es\/blog\/#\/schema\/person\/b4cf98cbc61a51fb48dbdab258a8c523","name":"Enrique Abenia","image":{"@type":"ImageObject","inLanguage":"es","@id":"https:\/\/madeinzaragoza.es\/blog\/#\/schema\/person\/image\/","url":"https:\/\/secure.gravatar.com\/avatar\/a747099e3518ccf440789a57b07dd884?s=96&d=mm&r=g","contentUrl":"https:\/\/secure.gravatar.com\/avatar\/a747099e3518ccf440789a57b07dd884?s=96&d=mm&r=g","caption":"Enrique Abenia"},"description":"Periodista aut\u00f3nomo. Cr\u00edtico de \u2018Heraldo de Arag\u00f3n\u2019, tambi\u00e9n escribe en 'Cineman\u00eda' y en 20bits, donde analiza smartphones.","sameAs":["https:\/\/twitter.com\/Enrique_Abenia"],"url":"https:\/\/madeinzaragoza.es\/blog\/author\/enriqueabenia\/"}]}},"_links":{"self":[{"href":"https:\/\/madeinzaragoza.es\/blog\/wp-json\/wp\/v2\/posts\/38320"}],"collection":[{"href":"https:\/\/madeinzaragoza.es\/blog\/wp-json\/wp\/v2\/posts"}],"about":[{"href":"https:\/\/madeinzaragoza.es\/blog\/wp-json\/wp\/v2\/types\/post"}],"author":[{"embeddable":true,"href":"https:\/\/madeinzaragoza.es\/blog\/wp-json\/wp\/v2\/users\/59"}],"replies":[{"embeddable":true,"href":"https:\/\/madeinzaragoza.es\/blog\/wp-json\/wp\/v2\/comments?post=38320"}],"version-history":[{"count":6,"href":"https:\/\/madeinzaragoza.es\/blog\/wp-json\/wp\/v2\/posts\/38320\/revisions"}],"predecessor-version":[{"id":38339,"href":"https:\/\/madeinzaragoza.es\/blog\/wp-json\/wp\/v2\/posts\/38320\/revisions\/38339"}],"wp:featuredmedia":[{"embeddable":true,"href":"https:\/\/madeinzaragoza.es\/blog\/wp-json\/wp\/v2\/media\/38321"}],"wp:attachment":[{"href":"https:\/\/madeinzaragoza.es\/blog\/wp-json\/wp\/v2\/media?parent=38320"}],"wp:term":[{"taxonomy":"category","embeddable":true,"href":"https:\/\/madeinzaragoza.es\/blog\/wp-json\/wp\/v2\/categories?post=38320"},{"taxonomy":"post_tag","embeddable":true,"href":"https:\/\/madeinzaragoza.es\/blog\/wp-json\/wp\/v2\/tags?post=38320"}],"curies":[{"name":"wp","href":"https:\/\/api.w.org\/{rel}","templated":true}]}}