{"id":37965,"date":"2023-04-20T12:05:00","date_gmt":"2023-04-20T11:05:00","guid":{"rendered":"http:\/\/madeinzaragoza.es\/blog\/?p=37965"},"modified":"2023-05-26T13:21:13","modified_gmt":"2023-05-26T12:21:13","slug":"i-edicion-de-los-premios-museos-miz","status":"publish","type":"post","link":"https:\/\/madeinzaragoza.es\/blog\/i-edicion-de-los-premios-museos-miz\/","title":{"rendered":"I Edici\u00f3n de los Premios \u00abMUSEOS MIZ\u00bb"},"content":{"rendered":"\n<h2 class=\"wp-block-heading\"><strong>\u00bfEres de esas personas que lo primero que visitas de un museo es su tienda? \u00bfTe gustan los productos de dise\u00f1o que tienen a la venta y te los llevar\u00edas todos a casa? <\/strong><\/h2>\n\n\n\n<p><\/p>\n\n\n\n<p>Pues, atenci\u00f3n \ud83d\ude42 porque, <strong>si eres emprendedora o emprendedor creativo y miembro de la red de econom\u00eda creativa<\/strong>, <strong>Made in Zaragoza<\/strong>, y quieres demostrar tu talento y creatividad, esto te va a interesar y mucho. Llega la <strong>primera edici\u00f3n de los Premios \u00abMUSEOS MIZ\u00bb<\/strong>, una iniciativa promovida por el Servicio de Cultura del Ayuntamiento de Zaragoza y Zaragoza Activa, para crear <strong>una propuesta innovadora de productos para las tiendas de los museos<\/strong> municipales dependientes del Servicio de Cultura (Museos de la Ruta de Caesaraugusta y Museo Pablo Gargallo).<\/p>\n\n\n\n<p><\/p>\n\n\n\n<blockquote class=\"wp-block-quote\"><p>El objetivo de esta iniciativa es <strong>apoyar y visibilizar la creatividad y el talento local<\/strong> de las personas emprendedoras miembros de la Red Made in Zaragoza y generar un espacio de colaboraci\u00f3n entre los museos y los creativos y colectivos art\u00edsticos y profesionales de la red, <strong>creando lazos entre las tendencias creativas m\u00e1s actuales y el patrimonio hist\u00f3rico-art\u00edstico<\/strong> de los museos.<\/p><\/blockquote>\n\n\n\n<p>\u00bfPinta bien, verdad? Pues, continua leyendo para conocer todos los <strong>requisitos de participaci\u00f3n<\/strong> y ya puedes ir pensando en ese <strong>producto creativo que siempre te hubiera gustado dise\u00f1ar <\/strong>para presentarlo a concurso.<\/p>\n\n\n\n<p><\/p>\n\n\n\n<figure class=\"wp-block-image size-large\"><img loading=\"lazy\" decoding=\"async\" width=\"1024\" height=\"682\" src=\"http:\/\/madeinzaragoza.es\/blog\/wp-content\/uploads\/2023\/04\/MPG_18-1024x682.jpg\" alt=\"\" class=\"wp-image-37960\" srcset=\"https:\/\/madeinzaragoza.es\/blog\/wp-content\/uploads\/2023\/04\/MPG_18-1024x682.jpg 1024w, https:\/\/madeinzaragoza.es\/blog\/wp-content\/uploads\/2023\/04\/MPG_18-450x300.jpg 450w, https:\/\/madeinzaragoza.es\/blog\/wp-content\/uploads\/2023\/04\/MPG_18-768x512.jpg 768w, https:\/\/madeinzaragoza.es\/blog\/wp-content\/uploads\/2023\/04\/MPG_18.jpg 1181w\" sizes=\"(max-width: 709px) 85vw, (max-width: 909px) 67vw, (max-width: 1362px) 62vw, 840px\" \/><\/figure>\n\n\n\n<p><\/p>\n\n\n\n<h1 class=\"has-luminous-vivid-amber-color has-text-color wp-block-heading\"><strong>\u00bfQui\u00e9n puede participar?<\/strong><\/h1>\n\n\n\n<p><\/p>\n\n\n\n<p>En los <strong>Premios Museos MIZ<\/strong>, pueden participar todos los proyectos creativos que formen parte o que est\u00e9n en proceso de darse de alta en la Red de Econom\u00eda Creativa Made in Zaragoza, a fecha de inicio de esta convocatoria (muy importante) y que la <strong>actividad que desarrollen se encuadre dentro del \u00e1mbito de la econom\u00eda creativa<\/strong> en alguno de los siguientes sectores: arte y artesan\u00eda, dise\u00f1o creativo, imagen y comunicaci\u00f3n, moda y complementos, ocio y cultura, eco y bienestar o innovaci\u00f3n comercial. <\/p>\n\n\n\n<p>Adem\u00e1s, todos los proyectos presentados a concurso deben <strong>cumplir los requisitos exigidos para el acceso a la red MIZ<\/strong>: estar dado de alta en la Seguridad Social y tener un local comercial en Zaragoza o, en su defecto, que el o la titular del proyecto est\u00e9n empadronados en Zaragoza.<\/p>\n\n\n\n<p><\/p>\n\n\n\n<h1 class=\"has-luminous-vivid-amber-color has-text-color wp-block-heading\">\u00bfQu\u00e9 se puede presentar? Tem\u00e1tica y formato<\/h1>\n\n\n\n<div style=\"height:10px\" aria-hidden=\"true\" class=\"wp-block-spacer\"><\/div>\n\n\n\n<div class=\"wp-block-image\"><figure class=\"alignright size-large is-resized\"><img loading=\"lazy\" decoding=\"async\" src=\"http:\/\/madeinzaragoza.es\/blog\/wp-content\/uploads\/2023\/04\/Camilo-Foro-682x1024.jpg\" alt=\"\" class=\"wp-image-37952\" width=\"343\" height=\"515\" srcset=\"https:\/\/madeinzaragoza.es\/blog\/wp-content\/uploads\/2023\/04\/Camilo-Foro-682x1024.jpg 682w, https:\/\/madeinzaragoza.es\/blog\/wp-content\/uploads\/2023\/04\/Camilo-Foro-300x450.jpg 300w, https:\/\/madeinzaragoza.es\/blog\/wp-content\/uploads\/2023\/04\/Camilo-Foro-768x1153.jpg 768w, https:\/\/madeinzaragoza.es\/blog\/wp-content\/uploads\/2023\/04\/Camilo-Foro-1023x1536.jpg 1023w, https:\/\/madeinzaragoza.es\/blog\/wp-content\/uploads\/2023\/04\/Camilo-Foro.jpg 1200w\" sizes=\"(max-width: 343px) 85vw, 343px\" \/><figcaption><em>Camillus. <\/em>S I d.C. Museo del Foro.<\/figcaption><\/figure><\/div>\n\n\n\n<p>Se pueden presentar propuestas de <strong>productos creativos <\/strong>siempre y cuando sean <strong>susceptibles de ponerse a la venta en las tiendas<\/strong> de los Museos municipales. <\/p>\n\n\n\n<p>En cuanto a la tem\u00e1tica<strong>*<\/strong>, las obras y\/o productos presentados a esta convocatoria deber\u00e1n de <strong>estar inspirados y guardar relaci\u00f3n con los contenidos <\/strong>(patrimoniales, hist\u00f3ricos y art\u00edsticos) <strong>de los Museos municipales<\/strong> dependientes del Servicio de Cultura del Ayuntamiento de Zaragoza: la Antigua Roma (<a href=\"https:\/\/www.zaragoza.es\/sede\/portal\/turismo\/post\/museos-romanos\">Museos de la Ruta de Caesaraugusta)<\/a> y en la vida y obra de Pablo Gargallo (<a href=\"https:\/\/www.zaragoza.es\/sede\/servicio\/equipamiento\/2174\">Museo Pablo Gargallo<\/a>).<\/p>\n\n\n\n<p>Adem\u00e1s, la propuesta de productos tiene que estar ligada a los diferentes proyectos creativos integrados en la red Made in Zaragoza <strong>dentro de las<\/strong> <strong>siguientes categor\u00edas<\/strong>: Arte y artesan\u00eda (joyer\u00eda, orfebrer\u00eda, cer\u00e1mica, madera&#8230;); Escultura; Productos de papeler\u00eda; Pintura, ilustraci\u00f3n y dise\u00f1o gr\u00e1fico; Fotograf\u00eda; Moda y complementos; Decoraci\u00f3n; Juegos y juguetes; Productos de cuidado personal; Otros productos innovadores. <\/p>\n\n\n\n<p>Tambi\u00e9n, debes de tener en cuenta las siguientes consideraciones:<\/p>\n\n\n\n<div class=\"wp-block-image\"><figure class=\"alignleft size-large is-resized\"><img loading=\"lazy\" decoding=\"async\" src=\"http:\/\/madeinzaragoza.es\/blog\/wp-content\/uploads\/2023\/04\/Gran-profeta_low-825x1024.jpg\" alt=\"\" class=\"wp-image-37955\" width=\"357\" height=\"444\" srcset=\"https:\/\/madeinzaragoza.es\/blog\/wp-content\/uploads\/2023\/04\/Gran-profeta_low-825x1024.jpg 825w, https:\/\/madeinzaragoza.es\/blog\/wp-content\/uploads\/2023\/04\/Gran-profeta_low-362x450.jpg 362w, https:\/\/madeinzaragoza.es\/blog\/wp-content\/uploads\/2023\/04\/Gran-profeta_low-768x954.jpg 768w, https:\/\/madeinzaragoza.es\/blog\/wp-content\/uploads\/2023\/04\/Gran-profeta_low.jpg 1200w\" sizes=\"(max-width: 357px) 85vw, 357px\" \/><figcaption><em>Gran Profeta<\/em>, 1933. Pablo Gargallo.<\/figcaption><\/figure><\/div>\n\n\n\n<p>El <strong>dise\u00f1o de la propuesta deber\u00e1 ser propio<\/strong> y no se admitir\u00e1n propuestas que vulneren la autor\u00eda de terceros o que hayan sido presentadas a otras convocatorias o concursos.<\/p>\n\n\n\n<p>Cada proyecto creativo de la red MIZ, podr\u00e1 presentar <strong>hasta un m\u00e1ximo de tres propuestas<\/strong> a concurso.<\/p>\n\n\n\n<p><strong>No se admitir\u00e1n<\/strong> a concurso <strong>obras\/productos realizados conjuntamente por varios emprendedores<\/strong> pertenecientes a la Red Made in Zaragoza.<\/p>\n\n\n\n<p>El producto presentado deber\u00e1 contar con todos los medios necesarios (propios o ajenos) para <strong>poder ser producido<\/strong>. Si la obra\/producto presentado requiere de un packaging determinado (caja, estuche, bolsa contenedora,\u2026) el dise\u00f1o deber\u00e1 incluir este elemento.<\/p>\n\n\n\n<p><\/p>\n\n\n\n<h1 class=\"has-luminous-vivid-amber-color has-text-color wp-block-heading\"><strong>\u00bfCu\u00e1ndo?<\/strong> <strong>Plazos de presentaci\u00f3n<\/strong><\/h1>\n\n\n\n<p><\/p>\n\n\n\n<p><strong>AMPLIAMOS PLAZO!!<\/strong><\/p>\n\n\n\n<p>El plazo de inscripci\u00f3n est\u00e1 abierto  y <strong> hasta el 9 de junio a las 14:00 horas <\/strong>el concurso estar\u00e1 abierto a la participaci\u00f3n. En caso de que este plazo sea prorrogado, se har\u00e1 p\u00fablico a trav\u00e9s de la p\u00e1gina web de Made in Zaragoza (<a href=\"https:\/\/madeinzaragoza.es\/\">https:\/\/madeinzaragoza.es\/<\/a>) as\u00ed como en las redes sociales de MIZ y de los Museos municipales del Servicio de Cultura del Ayuntamiento de Zaragoza.<\/p>\n\n\n\n<p><\/p>\n\n\n\n<div class=\"wp-block-image\"><figure class=\"aligncenter size-large\"><img loading=\"lazy\" decoding=\"async\" width=\"724\" height=\"1024\" src=\"http:\/\/madeinzaragoza.es\/blog\/wp-content\/uploads\/2023\/05\/CATEL.A3.1-724x1024.png\" alt=\"\" class=\"wp-image-38523\" srcset=\"https:\/\/madeinzaragoza.es\/blog\/wp-content\/uploads\/2023\/05\/CATEL.A3.1-724x1024.png 724w, https:\/\/madeinzaragoza.es\/blog\/wp-content\/uploads\/2023\/05\/CATEL.A3.1-318x450.png 318w, https:\/\/madeinzaragoza.es\/blog\/wp-content\/uploads\/2023\/05\/CATEL.A3.1-768x1086.png 768w, https:\/\/madeinzaragoza.es\/blog\/wp-content\/uploads\/2023\/05\/CATEL.A3.1-1086x1536.png 1086w, https:\/\/madeinzaragoza.es\/blog\/wp-content\/uploads\/2023\/05\/CATEL.A3.1-1200x1697.png 1200w, https:\/\/madeinzaragoza.es\/blog\/wp-content\/uploads\/2023\/05\/CATEL.A3.1.png 1414w\" sizes=\"(max-width: 709px) 85vw, (max-width: 909px) 67vw, (max-width: 984px) 61vw, (max-width: 1362px) 45vw, 600px\" \/><\/figure><\/div>\n\n\n\n<p><\/p>\n\n\n\n<h1 class=\"has-luminous-vivid-amber-color has-text-color wp-block-heading\"><strong>\u00bfC\u00f3mo puedes presentar tu obra?<\/strong> <\/h1>\n\n\n\n<p><\/p>\n\n\n\n<p><\/p>\n\n\n\n<p>La presentaci\u00f3n de obras debe realizarse a trav\u00e9s de <strong>este formulario<\/strong> que estar\u00e1 disponible en la web de Made in Zaragoza, en el plazo establecido en el punto anterior.<\/p>\n\n\n\n<div class=\"wp-block-buttons is-layout-flex wp-block-buttons-is-layout-flex\">\n<div class=\"wp-block-button aligncenter\"><a class=\"wp-block-button__link has-black-color has-text-color has-background\" href=\"https:\/\/forms.gle\/XPR9aWds6ftpd3c66\" style=\"background-color:#6fc5f6\" target=\"_blank\" rel=\"noreferrer noopener\"><strong>Inscripci\u00f3n concurso<\/strong><\/a><\/div>\n<\/div>\n\n\n\n<p><\/p>\n\n\n\n<p>La presentaci\u00f3n de la obra a concurso implica autom\u00e1ticamente la <strong>voluntad de la persona emprendedora de participar en el mismo y la aceptaci\u00f3n de estas bases<\/strong>, as\u00ed como la <strong>cesi\u00f3n<\/strong> al Ayuntamiento de Zaragoza, de los <strong>derechos de distribuci\u00f3n y comunicaci\u00f3n p\u00fablica<\/strong> de las obras presentadas, con indicaci\u00f3n de su autor, a trav\u00e9s de cualquier medio, y de conformidad con el Real Decreto Legislativo 1\/1996, de 12 de abril, por el que se aprueba el texto refundido de la Ley de Propiedad Intelectual.<\/p>\n\n\n\n<div class=\"wp-block-image\"><figure class=\"aligncenter size-large\"><img loading=\"lazy\" decoding=\"async\" width=\"1024\" height=\"680\" src=\"http:\/\/madeinzaragoza.es\/blog\/wp-content\/uploads\/2023\/04\/Teatro-exterior_low-1024x680.jpg\" alt=\"\" class=\"wp-image-37962\" srcset=\"https:\/\/madeinzaragoza.es\/blog\/wp-content\/uploads\/2023\/04\/Teatro-exterior_low-1024x680.jpg 1024w, https:\/\/madeinzaragoza.es\/blog\/wp-content\/uploads\/2023\/04\/Teatro-exterior_low-450x299.jpg 450w, https:\/\/madeinzaragoza.es\/blog\/wp-content\/uploads\/2023\/04\/Teatro-exterior_low-768x510.jpg 768w, https:\/\/madeinzaragoza.es\/blog\/wp-content\/uploads\/2023\/04\/Teatro-exterior_low.jpg 1200w\" sizes=\"(max-width: 709px) 85vw, (max-width: 909px) 67vw, (max-width: 1362px) 62vw, 840px\" \/><figcaption>Museo del Teatro de Caesaraugusta.<\/figcaption><\/figure><\/div>\n\n\n\n<h1 class=\"has-luminous-vivid-amber-color has-text-color wp-block-heading\"><strong>Premios<\/strong><\/h1>\n\n\n\n<p><\/p>\n\n\n\n<div class=\"wp-block-image\"><figure class=\"alignright size-large is-resized\"><img loading=\"lazy\" decoding=\"async\" src=\"http:\/\/madeinzaragoza.es\/blog\/wp-content\/uploads\/2023\/04\/Kiki-924x1024.jpg\" alt=\"\" class=\"wp-image-37956\" width=\"315\" height=\"349\" srcset=\"https:\/\/madeinzaragoza.es\/blog\/wp-content\/uploads\/2023\/04\/Kiki-924x1024.jpg 924w, https:\/\/madeinzaragoza.es\/blog\/wp-content\/uploads\/2023\/04\/Kiki-406x450.jpg 406w, https:\/\/madeinzaragoza.es\/blog\/wp-content\/uploads\/2023\/04\/Kiki-768x852.jpg 768w, https:\/\/madeinzaragoza.es\/blog\/wp-content\/uploads\/2023\/04\/Kiki-1385x1536.jpg 1385w, https:\/\/madeinzaragoza.es\/blog\/wp-content\/uploads\/2023\/04\/Kiki-1200x1330.jpg 1200w, https:\/\/madeinzaragoza.es\/blog\/wp-content\/uploads\/2023\/04\/Kiki.jpg 1775w\" sizes=\"(max-width: 315px) 85vw, 315px\" \/><figcaption><em>Kiki de Montparnasse<\/em>, 1928. <br>Pablo Gargallo.<\/figcaption><\/figure><\/div>\n\n\n\n<p>Se conceder\u00e1n hasta <strong>tres premios de 1.000\u20ac<\/strong> cada uno que quedan <strong>sujetos a las retenciones<\/strong> marcadas por la ley. <\/p>\n\n\n\n<p>Una misma persona emprendedora <strong>no podr\u00e1 obtener m\u00e1s de un premio <\/strong>en esta convocatoria.<\/p>\n\n\n\n<p>Adem\u00e1s, el Servicio de Cultura del Ayuntamiento de Zaragoza <strong>abonar\u00e1 a cada autor la posterior producci\u00f3n de las piezas premiadas<\/strong> para su distribuci\u00f3n en las tiendas de los Museos municipales.<\/p>\n\n\n\n<p>El n\u00famero de art\u00edculos a producir de cada obra\/producto y a distribuir en las Tiendas de los museos municipales ser\u00e1 decidido desde el Servicio de Cultura del Ayuntamiento de Zaragoza.<\/p>\n\n\n\n<p>Los proyectos ganadores deber\u00e1n <strong>firmar un documento de compromiso de ejecuci\u00f3n del proyecto<\/strong> en la forma, condiciones y plazos establecidos. Asimismo, deber\u00e1n comunicar puntualmente al Servicio de Cultura del Ayuntamiento de Zaragoza cualquier eventualidad sobrevenida sobre la obra\/producto premiado y que afecte a su realizaci\u00f3n material o en el tiempo. La producci\u00f3n y distribuci\u00f3n de los art\u00edculos deber\u00e1 realizarse <strong>a lo largo del a\u00f1o 2023<\/strong>. El abono de estos premios se har\u00e1 efectivo mediante facturas presentadas por las entidades ganadoras con cargo al Servicio de Cultura del Ayuntamiento de Zaragoza y a Zaragoza Activa.<\/p>\n\n\n\n<p>La piezas premiadas ser\u00e1n <strong>vendidas exclusivamente en la red de tiendas de los Museos Municipales<\/strong> dependientes del Servicio de Cultura, pudiendo ser adem\u00e1s adquiridas en el espacio comercial (f\u00edsico\/on line) del autor, siempre que indique de manera clara que esta pieza es una creaci\u00f3n exclusiva para las tiendas de los diferentes Museos Municipales.<\/p>\n\n\n\n<p>En las tiendas de los Museos municipales, <strong>se indicar\u00e1 el autor de las piezas ganadoras<\/strong> as\u00ed como el contacto de su espacio comercial (f\u00edsico\/on line).<\/p>\n\n\n\n<p>Asimismo, en ambos espacios (Tiendas de los Museos Municipales y espacio de venta del creativo) el <strong>precio de venta al p\u00fablico<\/strong> de la pieza (no podr\u00e1 superar los 50 \u20ac conforme al<a href=\"https:\/\/www.zaragoza.es\/sede\/servicio\/normativa\/3803\"> TEXTO REGULADOR no27: Precios p\u00fablicos por prestaciones de servicios y realizaci\u00f3n de actividades<\/a>) <strong>ser\u00e1 fijado por el Servicio de Cultura<\/strong> del Ayuntamiento de Zaragoza en funci\u00f3n de las <strong>recomendaciones del creativo<\/strong>, deber\u00e1 ser el mismo. En ambos espacios de venta se identificar\u00e1 el producto creado con los logotipos corporativos de Made in Zaragoza y de Museos Municipales.<\/p>\n\n\n\n<figure class=\"wp-block-image size-large\"><img loading=\"lazy\" decoding=\"async\" width=\"1024\" height=\"751\" src=\"http:\/\/madeinzaragoza.es\/blog\/wp-content\/uploads\/2023\/04\/Urano_low-1024x751.jpg\" alt=\"\" class=\"wp-image-37949\" srcset=\"https:\/\/madeinzaragoza.es\/blog\/wp-content\/uploads\/2023\/04\/Urano_low-1024x751.jpg 1024w, https:\/\/madeinzaragoza.es\/blog\/wp-content\/uploads\/2023\/04\/Urano_low-450x330.jpg 450w, https:\/\/madeinzaragoza.es\/blog\/wp-content\/uploads\/2023\/04\/Urano_low-768x563.jpg 768w, https:\/\/madeinzaragoza.es\/blog\/wp-content\/uploads\/2023\/04\/Urano_low.jpg 1200w\" sizes=\"(max-width: 709px) 85vw, (max-width: 909px) 67vw, (max-width: 1362px) 62vw, 840px\" \/><figcaption><em>Urano<\/em>, 1933. Escultura de bronce (79,5 X 110 X 31,5 cm) de Pablo Gargallo.<\/figcaption><\/figure>\n\n\n\n<p><\/p>\n\n\n\n<h1 class=\"has-luminous-vivid-amber-color has-text-color wp-block-heading\"><strong>Jurado y criterios de valoraci\u00f3n<\/strong><\/h1>\n\n\n\n<p><\/p>\n\n\n\n<p>Un jurado especializado evaluar\u00e1 el conjunto de obras\/productos presentadas. Este jurado estar\u00e1 integrado por:<\/p>\n\n\n\n<p>\u2022 Dos representantes del <strong>Servicio de Cultura del Ayuntamiento de Zaragoza<\/strong>.<br>\u2022 Dos representantes de <strong>Zaragoza Activa<\/strong>.<br>\u2022 Un representante de la <strong>Sociedad Municipal Zaragoza Turismo<\/strong>.<\/p>\n\n\n\n<p>La decisi\u00f3n del jurado se determinar\u00e1 <strong>por mayor\u00eda y el fallo ser\u00e1 inapelable<\/strong>, por lo que no proceder\u00e1 reclamaci\u00f3n alguna contra los acuerdos que adopte, salvo constancia fehaciente de vulneraci\u00f3n de lo previsto en las presentes bases.<\/p>\n\n\n\n<p>En caso de que el jurado as\u00ed lo decida, <strong>cualquiera de los premios podr\u00e1 declararse desierto<\/strong>. Cualquier supuesto o incidencia no contemplada en las bases del concurso, ser\u00e1 resuelta por la organizaci\u00f3n, de acuerdo a criterios de equidad.<\/p>\n\n\n\n<p>La selecci\u00f3n de las obras\/productos a premiar se realizar\u00e1 teniendo en cuenta la puntuaci\u00f3n obtenida tras la valoraci\u00f3n del proyecto presentado <strong>con arreglo a los siguientes criterio<\/strong>s: Innovaci\u00f3n y originalidad; Calidad t\u00e9cnica; Calidad est\u00e9tica; Coste de dise\u00f1o y producci\u00f3n; Adaptaci\u00f3n a los contenidos de los museos municipales; Atractivo y potencial capacidad de venta para el p\u00fablico visitante.<\/p>\n\n\n\n<p>La decisi\u00f3n del jurado se tomar\u00e1 durante el mes de <strong>junio de 2023<\/strong> y se har\u00e1 p\u00fablica en el mismo mes a trav\u00e9s de la p\u00e1gina web de Made in Zaragoza (<a href=\"https:\/\/madeinzaragoza.es\/\" target=\"_blank\" rel=\"noreferrer noopener\">https:\/\/madeinzaragoza.es\/<\/a>), as\u00ed como en las Redes Sociales de MIZ y de los Museos municipales del Servicio de Cultura del Ayuntamiento de Zaragoza, notific\u00e1ndose puntualmente a trav\u00e9s de correo electr\u00f3nico a los proyectos ganadores la decisi\u00f3n definitiva<\/p>\n\n\n\n<p><\/p>\n\n\n\n<h2 class=\"has-luminous-vivid-amber-color has-text-color wp-block-heading\"><strong>Otra informaci\u00f3n de inter\u00e9s<\/strong><\/h2>\n\n\n\n<p><\/p>\n\n\n\n<div class=\"wp-block-image\"><figure class=\"alignleft size-large is-resized\"><img loading=\"lazy\" decoding=\"async\" src=\"http:\/\/madeinzaragoza.es\/blog\/wp-content\/uploads\/2023\/04\/Cabeza-julio-claudia-Teatro_low-783x1024.jpg\" alt=\"\" class=\"wp-image-37951\" width=\"216\" height=\"282\" srcset=\"https:\/\/madeinzaragoza.es\/blog\/wp-content\/uploads\/2023\/04\/Cabeza-julio-claudia-Teatro_low-783x1024.jpg 783w, https:\/\/madeinzaragoza.es\/blog\/wp-content\/uploads\/2023\/04\/Cabeza-julio-claudia-Teatro_low-344x450.jpg 344w, https:\/\/madeinzaragoza.es\/blog\/wp-content\/uploads\/2023\/04\/Cabeza-julio-claudia-Teatro_low-768x1005.jpg 768w, https:\/\/madeinzaragoza.es\/blog\/wp-content\/uploads\/2023\/04\/Cabeza-julio-claudia-Teatro_low-1174x1536.jpg 1174w, https:\/\/madeinzaragoza.es\/blog\/wp-content\/uploads\/2023\/04\/Cabeza-julio-claudia-Teatro_low.jpg 1200w\" sizes=\"(max-width: 216px) 85vw, 216px\" \/><\/figure><\/div>\n\n\n\n<p>Todas las personas interesadas en participar en la presente convocatoria y que cumplan las bases y requisitos seg\u00fan lo expuesto con anterioridad, podr\u00e1n <strong>acceder de forma gratuita<\/strong> a los Museos municipales (Museo Pablo Gargallo, Museo del Foro, Museo del Teatro, Museo de las Termas P\u00fablicas y Museo del Puerto Fluvial de Caesaraugusta) para visitarlos en detalle y conocer las piezas de sus fondos, durante el periodo de presentaci\u00f3n de obras en la presente convocatoria.<\/p>\n\n\n\n<p> Para ello, <strong>cuando la convocatoria este abierta<\/strong>, podr\u00e1n solicitar el acceso a trav\u00e9s del siguiente formulario y les proporcionaremos un documento acreditativo si cumplen los requisitos de participaci\u00f3n<\/p>\n\n\n\n<div class=\"wp-block-buttons is-layout-flex wp-block-buttons-is-layout-flex\">\n<div class=\"wp-block-button aligncenter is-style-fill\"><a class=\"wp-block-button__link has-black-color has-text-color has-background\" href=\"https:\/\/forms.gle\/2vCoHitxeyAFVDya6\" style=\"background-color:#6bcff5\"><strong>Solicitud realizaci\u00f3n visita<\/strong><\/a><\/div>\n<\/div>\n\n\n\n<p><\/p>\n\n\n\n<h2 class=\"has-luminous-vivid-amber-color has-text-color wp-block-heading\">\u00bfTienes alg<strong>una duda?<\/strong><\/h2>\n\n\n\n<p><\/p>\n\n\n\n<p>Si tienes alguna duda, puedes escribirnos a: madeinzgz@zaragoza.es o ponerte en contacto                     en los n\u00fameros 976 72 45 75 o 608 88 86 17<\/p>\n\n\n\n<p><a href=\"http:\/\/madeinzaragoza.es\/blog\/i-edicion-de-los-premios-museos-miz\/bases-museos-miz-v-4-a-sociedad-zaragoza-cultural-definitivo\/\">Bases MUSEOS MIZ<\/a><\/p>\n\n\n\n<hr class=\"wp-block-separator\"\/>\n\n\n\n<p><\/p>\n\n\n\n<p><strong>*<\/strong>La tem\u00e1tica de las obras presentadas estar\u00e1 limitada, \u00fanicamente, por el respeto a los derechos humanos, las libertades fundamentales y los valores democr\u00e1ticos. En ning\u00fan caso se aceptar\u00e1n proyectos que no respeten lo anterior o que presenten contenidos discriminatorios u ofensivos por raz\u00f3n de sexo, edad, creencias u opiniones en el desarrollo de las obras\/productos presentadas a concurso. Las obras\/productos que, a criterio de la organizaci\u00f3n, incurran en alguna de estas limitaciones ser\u00e1n retiradas de concurso con notificaci\u00f3n puntual a sus autores a trav\u00e9s de correo electr\u00f3nico.<\/p>\n","protected":false},"excerpt":{"rendered":"<p>\u00bfEres de esas personas que lo primero que visitas de un museo es su tienda? \u00bfTe gustan los productos de dise\u00f1o que tienen a la venta y te los llevar\u00edas todos a casa? Pues, atenci\u00f3n \ud83d\ude42 porque, si eres emprendedora o emprendedor creativo y miembro de la red de econom\u00eda creativa, Made in Zaragoza, y &hellip; <a href=\"https:\/\/madeinzaragoza.es\/blog\/i-edicion-de-los-premios-museos-miz\/\" class=\"more-link\">Continuar leyendo<span class=\"screen-reader-text\"> \u00abI Edici\u00f3n de los Premios \u00abMUSEOS MIZ\u00bb\u00bb<\/span><\/a><\/p>\n","protected":false},"author":22,"featured_media":38525,"comment_status":"open","ping_status":"open","sticky":false,"template":"","format":"standard","meta":{"footnotes":""},"categories":[829,9],"tags":[131,2340,130,2580,2679,2677,2678],"yoast_head":"<!-- This site is optimized with the Yoast SEO plugin v19.7.2 - https:\/\/yoast.com\/wordpress\/plugins\/seo\/ -->\n<title>I Edici\u00f3n de los Premios &quot;MUSEOS MIZ&quot; - Made in Zaragoza<\/title>\n<meta name=\"robots\" content=\"index, follow, max-snippet:-1, max-image-preview:large, max-video-preview:-1\" \/>\n<link rel=\"canonical\" href=\"https:\/\/madeinzaragoza.es\/blog\/i-edicion-de-los-premios-museos-miz\/\" \/>\n<meta property=\"og:locale\" content=\"es_ES\" \/>\n<meta property=\"og:type\" content=\"article\" \/>\n<meta property=\"og:title\" content=\"I Edici\u00f3n de los Premios &quot;MUSEOS MIZ&quot; - Made in Zaragoza\" \/>\n<meta property=\"og:description\" content=\"\u00bfEres de esas personas que lo primero que visitas de un museo es su tienda? \u00bfTe gustan los productos de dise\u00f1o que tienen a la venta y te los llevar\u00edas todos a casa? Pues, atenci\u00f3n \ud83d\ude42 porque, si eres emprendedora o emprendedor creativo y miembro de la red de econom\u00eda creativa, Made in Zaragoza, y &hellip; Continuar leyendo &quot;I Edici\u00f3n de los Premios \u00abMUSEOS MIZ\u00bb&quot;\" \/>\n<meta property=\"og:url\" content=\"https:\/\/madeinzaragoza.es\/blog\/i-edicion-de-los-premios-museos-miz\/\" \/>\n<meta property=\"og:site_name\" content=\"Made in Zaragoza\" \/>\n<meta property=\"article:publisher\" content=\"https:\/\/www.facebook.com\/madeinzaragoza.es\/\" \/>\n<meta property=\"article:author\" content=\"LasArmasZAC\" \/>\n<meta property=\"article:published_time\" content=\"2023-04-20T11:05:00+00:00\" \/>\n<meta property=\"article:modified_time\" content=\"2023-05-26T12:21:13+00:00\" \/>\n<meta property=\"og:image\" content=\"https:\/\/madeinzaragoza.es\/blog\/wp-content\/uploads\/2023\/04\/Naranja-Negro.jpg\" \/>\n\t<meta property=\"og:image:width\" content=\"2240\" \/>\n\t<meta property=\"og:image:height\" content=\"616\" \/>\n\t<meta property=\"og:image:type\" content=\"image\/jpeg\" \/>\n<meta name=\"author\" content=\"MadeinZGZ\" \/>\n<meta name=\"twitter:card\" content=\"summary\" \/>\n<meta name=\"twitter:creator\" content=\"@madeinzaragoza\" \/>\n<meta name=\"twitter:site\" content=\"@madeinzaragoza\" \/>\n<meta name=\"twitter:label1\" content=\"Escrito por\" \/>\n\t<meta name=\"twitter:data1\" content=\"MadeinZGZ\" \/>\n\t<meta name=\"twitter:label2\" content=\"Tiempo de lectura\" \/>\n\t<meta name=\"twitter:data2\" content=\"10 minutos\" \/>\n<script type=\"application\/ld+json\" class=\"yoast-schema-graph\">{\"@context\":\"https:\/\/schema.org\",\"@graph\":[{\"@type\":\"Article\",\"@id\":\"https:\/\/madeinzaragoza.es\/blog\/i-edicion-de-los-premios-museos-miz\/#article\",\"isPartOf\":{\"@id\":\"https:\/\/madeinzaragoza.es\/blog\/i-edicion-de-los-premios-museos-miz\/\"},\"author\":{\"name\":\"MadeinZGZ\",\"@id\":\"https:\/\/madeinzaragoza.es\/blog\/#\/schema\/person\/59f4073cf7e7bc2b2f33b48241478a32\"},\"headline\":\"I Edici\u00f3n de los Premios \u00abMUSEOS MIZ\u00bb\",\"datePublished\":\"2023-04-20T11:05:00+00:00\",\"dateModified\":\"2023-05-26T12:21:13+00:00\",\"mainEntityOfPage\":{\"@id\":\"https:\/\/madeinzaragoza.es\/blog\/i-edicion-de-los-premios-museos-miz\/\"},\"wordCount\":1794,\"commentCount\":0,\"publisher\":{\"@id\":\"https:\/\/madeinzaragoza.es\/blog\/#organization\"},\"keywords\":[\"creativos\",\"econom\u00eda creativa\",\"emprendedores\",\"Made In Zaragoza\",\"miz\",\"Museos MIZ\",\"red miz\"],\"articleSection\":[\"Cultura\",\"Econom\u00eda Creativa\"],\"inLanguage\":\"es\",\"potentialAction\":[{\"@type\":\"CommentAction\",\"name\":\"Comment\",\"target\":[\"https:\/\/madeinzaragoza.es\/blog\/i-edicion-de-los-premios-museos-miz\/#respond\"]}]},{\"@type\":\"WebPage\",\"@id\":\"https:\/\/madeinzaragoza.es\/blog\/i-edicion-de-los-premios-museos-miz\/\",\"url\":\"https:\/\/madeinzaragoza.es\/blog\/i-edicion-de-los-premios-museos-miz\/\",\"name\":\"I Edici\u00f3n de los Premios \\\"MUSEOS MIZ\\\" - Made in Zaragoza\",\"isPartOf\":{\"@id\":\"https:\/\/madeinzaragoza.es\/blog\/#website\"},\"datePublished\":\"2023-04-20T11:05:00+00:00\",\"dateModified\":\"2023-05-26T12:21:13+00:00\",\"breadcrumb\":{\"@id\":\"https:\/\/madeinzaragoza.es\/blog\/i-edicion-de-los-premios-museos-miz\/#breadcrumb\"},\"inLanguage\":\"es\",\"potentialAction\":[{\"@type\":\"ReadAction\",\"target\":[\"https:\/\/madeinzaragoza.es\/blog\/i-edicion-de-los-premios-museos-miz\/\"]}]},{\"@type\":\"BreadcrumbList\",\"@id\":\"https:\/\/madeinzaragoza.es\/blog\/i-edicion-de-los-premios-museos-miz\/#breadcrumb\",\"itemListElement\":[{\"@type\":\"ListItem\",\"position\":1,\"name\":\"Portada\",\"item\":\"https:\/\/madeinzaragoza.es\/blog\/\"},{\"@type\":\"ListItem\",\"position\":2,\"name\":\"I Edici\u00f3n de los Premios \u00abMUSEOS MIZ\u00bb\"}]},{\"@type\":\"WebSite\",\"@id\":\"https:\/\/madeinzaragoza.es\/blog\/#website\",\"url\":\"https:\/\/madeinzaragoza.es\/blog\/\",\"name\":\"Made in Zaragoza\",\"description\":\"Blog de MadeinZGZ, Red de Econom\u00eda Creativa de Zaragoza\",\"publisher\":{\"@id\":\"https:\/\/madeinzaragoza.es\/blog\/#organization\"},\"potentialAction\":[{\"@type\":\"SearchAction\",\"target\":{\"@type\":\"EntryPoint\",\"urlTemplate\":\"https:\/\/madeinzaragoza.es\/blog\/?s={search_term_string}\"},\"query-input\":\"required name=search_term_string\"}],\"inLanguage\":\"es\"},{\"@type\":\"Organization\",\"@id\":\"https:\/\/madeinzaragoza.es\/blog\/#organization\",\"name\":\"Made In Zaragoza\",\"url\":\"https:\/\/madeinzaragoza.es\/blog\/\",\"sameAs\":[\"https:\/\/www.instagram.com\/madeinzaragoza.es\/\",\"https:\/\/www.facebook.com\/madeinzaragoza.es\/\",\"https:\/\/twitter.com\/madeinzaragoza\"],\"logo\":{\"@type\":\"ImageObject\",\"inLanguage\":\"es\",\"@id\":\"https:\/\/madeinzaragoza.es\/blog\/#\/schema\/logo\/image\/\",\"url\":\"https:\/\/madeinzaragoza.es\/blog\/wp-content\/uploads\/2022\/05\/logo.png\",\"contentUrl\":\"https:\/\/madeinzaragoza.es\/blog\/wp-content\/uploads\/2022\/05\/logo.png\",\"width\":193,\"height\":176,\"caption\":\"Made In Zaragoza\"},\"image\":{\"@id\":\"https:\/\/madeinzaragoza.es\/blog\/#\/schema\/logo\/image\/\"}},{\"@type\":\"Person\",\"@id\":\"https:\/\/madeinzaragoza.es\/blog\/#\/schema\/person\/59f4073cf7e7bc2b2f33b48241478a32\",\"name\":\"MadeinZGZ\",\"image\":{\"@type\":\"ImageObject\",\"inLanguage\":\"es\",\"@id\":\"https:\/\/madeinzaragoza.es\/blog\/#\/schema\/person\/image\/\",\"url\":\"https:\/\/secure.gravatar.com\/avatar\/23c2456a35687aa268b52997d8f142d1?s=96&d=mm&r=g\",\"contentUrl\":\"https:\/\/secure.gravatar.com\/avatar\/23c2456a35687aa268b52997d8f142d1?s=96&d=mm&r=g\",\"caption\":\"MadeinZGZ\"},\"description\":\"Red de comercios y emprendedores creativos de Zaragoza impulsada por ZGZ Activa.\",\"sameAs\":[\"LasArmasZAC\",\"https:\/\/twitter.com\/madeinzaragoza\"],\"url\":\"https:\/\/madeinzaragoza.es\/blog\/author\/madeinzgz\/\"}]}<\/script>\n<!-- \/ Yoast SEO plugin. -->","yoast_head_json":{"title":"I Edici\u00f3n de los Premios \"MUSEOS MIZ\" - Made in Zaragoza","robots":{"index":"index","follow":"follow","max-snippet":"max-snippet:-1","max-image-preview":"max-image-preview:large","max-video-preview":"max-video-preview:-1"},"canonical":"https:\/\/madeinzaragoza.es\/blog\/i-edicion-de-los-premios-museos-miz\/","og_locale":"es_ES","og_type":"article","og_title":"I Edici\u00f3n de los Premios \"MUSEOS MIZ\" - Made in Zaragoza","og_description":"\u00bfEres de esas personas que lo primero que visitas de un museo es su tienda? \u00bfTe gustan los productos de dise\u00f1o que tienen a la venta y te los llevar\u00edas todos a casa? Pues, atenci\u00f3n \ud83d\ude42 porque, si eres emprendedora o emprendedor creativo y miembro de la red de econom\u00eda creativa, Made in Zaragoza, y &hellip; Continuar leyendo \"I Edici\u00f3n de los Premios \u00abMUSEOS MIZ\u00bb\"","og_url":"https:\/\/madeinzaragoza.es\/blog\/i-edicion-de-los-premios-museos-miz\/","og_site_name":"Made in Zaragoza","article_publisher":"https:\/\/www.facebook.com\/madeinzaragoza.es\/","article_author":"LasArmasZAC","article_published_time":"2023-04-20T11:05:00+00:00","article_modified_time":"2023-05-26T12:21:13+00:00","og_image":[{"width":2240,"height":616,"url":"https:\/\/madeinzaragoza.es\/blog\/wp-content\/uploads\/2023\/04\/Naranja-Negro.jpg","type":"image\/jpeg"}],"author":"MadeinZGZ","twitter_card":"summary","twitter_creator":"@madeinzaragoza","twitter_site":"@madeinzaragoza","twitter_misc":{"Escrito por":"MadeinZGZ","Tiempo de lectura":"10 minutos"},"schema":{"@context":"https:\/\/schema.org","@graph":[{"@type":"Article","@id":"https:\/\/madeinzaragoza.es\/blog\/i-edicion-de-los-premios-museos-miz\/#article","isPartOf":{"@id":"https:\/\/madeinzaragoza.es\/blog\/i-edicion-de-los-premios-museos-miz\/"},"author":{"name":"MadeinZGZ","@id":"https:\/\/madeinzaragoza.es\/blog\/#\/schema\/person\/59f4073cf7e7bc2b2f33b48241478a32"},"headline":"I Edici\u00f3n de los Premios \u00abMUSEOS MIZ\u00bb","datePublished":"2023-04-20T11:05:00+00:00","dateModified":"2023-05-26T12:21:13+00:00","mainEntityOfPage":{"@id":"https:\/\/madeinzaragoza.es\/blog\/i-edicion-de-los-premios-museos-miz\/"},"wordCount":1794,"commentCount":0,"publisher":{"@id":"https:\/\/madeinzaragoza.es\/blog\/#organization"},"keywords":["creativos","econom\u00eda creativa","emprendedores","Made In Zaragoza","miz","Museos MIZ","red miz"],"articleSection":["Cultura","Econom\u00eda Creativa"],"inLanguage":"es","potentialAction":[{"@type":"CommentAction","name":"Comment","target":["https:\/\/madeinzaragoza.es\/blog\/i-edicion-de-los-premios-museos-miz\/#respond"]}]},{"@type":"WebPage","@id":"https:\/\/madeinzaragoza.es\/blog\/i-edicion-de-los-premios-museos-miz\/","url":"https:\/\/madeinzaragoza.es\/blog\/i-edicion-de-los-premios-museos-miz\/","name":"I Edici\u00f3n de los Premios \"MUSEOS MIZ\" - Made in Zaragoza","isPartOf":{"@id":"https:\/\/madeinzaragoza.es\/blog\/#website"},"datePublished":"2023-04-20T11:05:00+00:00","dateModified":"2023-05-26T12:21:13+00:00","breadcrumb":{"@id":"https:\/\/madeinzaragoza.es\/blog\/i-edicion-de-los-premios-museos-miz\/#breadcrumb"},"inLanguage":"es","potentialAction":[{"@type":"ReadAction","target":["https:\/\/madeinzaragoza.es\/blog\/i-edicion-de-los-premios-museos-miz\/"]}]},{"@type":"BreadcrumbList","@id":"https:\/\/madeinzaragoza.es\/blog\/i-edicion-de-los-premios-museos-miz\/#breadcrumb","itemListElement":[{"@type":"ListItem","position":1,"name":"Portada","item":"https:\/\/madeinzaragoza.es\/blog\/"},{"@type":"ListItem","position":2,"name":"I Edici\u00f3n de los Premios \u00abMUSEOS MIZ\u00bb"}]},{"@type":"WebSite","@id":"https:\/\/madeinzaragoza.es\/blog\/#website","url":"https:\/\/madeinzaragoza.es\/blog\/","name":"Made in Zaragoza","description":"Blog de MadeinZGZ, Red de Econom\u00eda Creativa de Zaragoza","publisher":{"@id":"https:\/\/madeinzaragoza.es\/blog\/#organization"},"potentialAction":[{"@type":"SearchAction","target":{"@type":"EntryPoint","urlTemplate":"https:\/\/madeinzaragoza.es\/blog\/?s={search_term_string}"},"query-input":"required name=search_term_string"}],"inLanguage":"es"},{"@type":"Organization","@id":"https:\/\/madeinzaragoza.es\/blog\/#organization","name":"Made In Zaragoza","url":"https:\/\/madeinzaragoza.es\/blog\/","sameAs":["https:\/\/www.instagram.com\/madeinzaragoza.es\/","https:\/\/www.facebook.com\/madeinzaragoza.es\/","https:\/\/twitter.com\/madeinzaragoza"],"logo":{"@type":"ImageObject","inLanguage":"es","@id":"https:\/\/madeinzaragoza.es\/blog\/#\/schema\/logo\/image\/","url":"https:\/\/madeinzaragoza.es\/blog\/wp-content\/uploads\/2022\/05\/logo.png","contentUrl":"https:\/\/madeinzaragoza.es\/blog\/wp-content\/uploads\/2022\/05\/logo.png","width":193,"height":176,"caption":"Made In Zaragoza"},"image":{"@id":"https:\/\/madeinzaragoza.es\/blog\/#\/schema\/logo\/image\/"}},{"@type":"Person","@id":"https:\/\/madeinzaragoza.es\/blog\/#\/schema\/person\/59f4073cf7e7bc2b2f33b48241478a32","name":"MadeinZGZ","image":{"@type":"ImageObject","inLanguage":"es","@id":"https:\/\/madeinzaragoza.es\/blog\/#\/schema\/person\/image\/","url":"https:\/\/secure.gravatar.com\/avatar\/23c2456a35687aa268b52997d8f142d1?s=96&d=mm&r=g","contentUrl":"https:\/\/secure.gravatar.com\/avatar\/23c2456a35687aa268b52997d8f142d1?s=96&d=mm&r=g","caption":"MadeinZGZ"},"description":"Red de comercios y emprendedores creativos de Zaragoza impulsada por ZGZ Activa.","sameAs":["LasArmasZAC","https:\/\/twitter.com\/madeinzaragoza"],"url":"https:\/\/madeinzaragoza.es\/blog\/author\/madeinzgz\/"}]}},"_links":{"self":[{"href":"https:\/\/madeinzaragoza.es\/blog\/wp-json\/wp\/v2\/posts\/37965"}],"collection":[{"href":"https:\/\/madeinzaragoza.es\/blog\/wp-json\/wp\/v2\/posts"}],"about":[{"href":"https:\/\/madeinzaragoza.es\/blog\/wp-json\/wp\/v2\/types\/post"}],"author":[{"embeddable":true,"href":"https:\/\/madeinzaragoza.es\/blog\/wp-json\/wp\/v2\/users\/22"}],"replies":[{"embeddable":true,"href":"https:\/\/madeinzaragoza.es\/blog\/wp-json\/wp\/v2\/comments?post=37965"}],"version-history":[{"count":68,"href":"https:\/\/madeinzaragoza.es\/blog\/wp-json\/wp\/v2\/posts\/37965\/revisions"}],"predecessor-version":[{"id":38524,"href":"https:\/\/madeinzaragoza.es\/blog\/wp-json\/wp\/v2\/posts\/37965\/revisions\/38524"}],"wp:featuredmedia":[{"embeddable":true,"href":"https:\/\/madeinzaragoza.es\/blog\/wp-json\/wp\/v2\/media\/38525"}],"wp:attachment":[{"href":"https:\/\/madeinzaragoza.es\/blog\/wp-json\/wp\/v2\/media?parent=37965"}],"wp:term":[{"taxonomy":"category","embeddable":true,"href":"https:\/\/madeinzaragoza.es\/blog\/wp-json\/wp\/v2\/categories?post=37965"},{"taxonomy":"post_tag","embeddable":true,"href":"https:\/\/madeinzaragoza.es\/blog\/wp-json\/wp\/v2\/tags?post=37965"}],"curies":[{"name":"wp","href":"https:\/\/api.w.org\/{rel}","templated":true}]}}