{"id":37513,"date":"2023-02-12T12:01:00","date_gmt":"2023-02-12T11:01:00","guid":{"rendered":"http:\/\/madeinzaragoza.es\/blog\/?p=37513"},"modified":"2023-02-23T08:45:45","modified_gmt":"2023-02-23T07:45:45","slug":"escaparates-11f-zona-universidad","status":"publish","type":"post","link":"https:\/\/madeinzaragoza.es\/blog\/escaparates-11f-zona-universidad\/","title":{"rendered":"Escaparates 11F: visitando los comercios de la zona Universidad"},"content":{"rendered":"\n<p><\/p>\n\n\n\n<p>De nuevo la <strong><a href=\"https:\/\/11defebrero.org\/recibe-nuestras-noticias\/\" target=\"_blank\" rel=\"noreferrer noopener\">iniciativa 11 de febrero<\/a><\/strong>, creada para difundir y divulgar las acciones, proyectos y val\u00eda de nuestras mujeres cient\u00edficas, tiene lugar en el mes de febrero. Bajo el nombre <a href=\"https:\/\/madeinzaragoza.es\/blog\/escaparates-11f-2023\/\" target=\"_blank\" rel=\"noreferrer noopener\">#Escaparates11F<\/a>, 11defebrero junto a la red de econom\u00eda creativa Made in Zaragoza, ha elaborado 4 rutas para homenajear y conocer a fondo la vida de estas mujeres que, con su trabajo, contribuyen a mejorar nuestro d\u00eda a d\u00eda. <\/p>\n\n\n\n<p>En la tercera de estas rutas, que tuvo lugar el viernes 10 de febrero en la zona Universidad, pudimos conocer apasionantes historias que, en algunos casos, fueron hasta las mismas cient\u00edficas homenajeadas las que nos las contaron en persona&#8230;<\/p>\n\n\n\n<p><\/p>\n\n\n\n<h2 class=\"wp-block-heading\"><strong><a href=\"https:\/\/madeinzaragoza.es\/comercio\/el-armadillo-ilustrado\/\">El Armadillo Ilustrado<\/a><\/strong>. C\/ de Mariano Royo, 9-11<\/h2>\n\n\n\n<p><strong>V\u00edctor <\/strong>dedica su escaparate a la ge\u00f3loga<strong><a href=\"https:\/\/es.wikipedia.org\/wiki\/Guiomar_Calvo\"> Guiomar Calvo<\/a><\/strong>. Para saber m\u00e1s, sobre su brillante trabajo, pod\u00e9is pasar por su local y echar un vistazo a alguno de sus libros.<\/p>\n\n\n\n<figure class=\"wp-block-gallery has-nested-images columns-default is-cropped wp-block-gallery-1 is-layout-flex wp-block-gallery-is-layout-flex\">\n<figure class=\"wp-block-image size-large\"><img loading=\"lazy\" decoding=\"async\" width=\"1496\" height=\"2000\" data-id=\"37514\" src=\"http:\/\/madeinzaragoza.es\/blog\/wp-content\/uploads\/2023\/02\/5d2730f2-d156-4340-b28f-e9bd65e0efb4.jpg\" alt=\"\" class=\"wp-image-37514\" srcset=\"https:\/\/madeinzaragoza.es\/blog\/wp-content\/uploads\/2023\/02\/5d2730f2-d156-4340-b28f-e9bd65e0efb4.jpg 1496w, https:\/\/madeinzaragoza.es\/blog\/wp-content\/uploads\/2023\/02\/5d2730f2-d156-4340-b28f-e9bd65e0efb4-337x450.jpg 337w, https:\/\/madeinzaragoza.es\/blog\/wp-content\/uploads\/2023\/02\/5d2730f2-d156-4340-b28f-e9bd65e0efb4-766x1024.jpg 766w, https:\/\/madeinzaragoza.es\/blog\/wp-content\/uploads\/2023\/02\/5d2730f2-d156-4340-b28f-e9bd65e0efb4-768x1027.jpg 768w, https:\/\/madeinzaragoza.es\/blog\/wp-content\/uploads\/2023\/02\/5d2730f2-d156-4340-b28f-e9bd65e0efb4-1149x1536.jpg 1149w, https:\/\/madeinzaragoza.es\/blog\/wp-content\/uploads\/2023\/02\/5d2730f2-d156-4340-b28f-e9bd65e0efb4-1200x1604.jpg 1200w\" sizes=\"(max-width: 709px) 85vw, (max-width: 909px) 67vw, (max-width: 1362px) 62vw, 840px\" \/><\/figure>\n\n\n\n<figure class=\"wp-block-image size-large\"><img loading=\"lazy\" decoding=\"async\" width=\"1496\" height=\"2000\" data-id=\"37515\" src=\"http:\/\/madeinzaragoza.es\/blog\/wp-content\/uploads\/2023\/02\/6a2b6d6b-6dac-499f-88f0-9020a89aada7.jpg\" alt=\"\" class=\"wp-image-37515\" srcset=\"https:\/\/madeinzaragoza.es\/blog\/wp-content\/uploads\/2023\/02\/6a2b6d6b-6dac-499f-88f0-9020a89aada7.jpg 1496w, https:\/\/madeinzaragoza.es\/blog\/wp-content\/uploads\/2023\/02\/6a2b6d6b-6dac-499f-88f0-9020a89aada7-337x450.jpg 337w, https:\/\/madeinzaragoza.es\/blog\/wp-content\/uploads\/2023\/02\/6a2b6d6b-6dac-499f-88f0-9020a89aada7-766x1024.jpg 766w, https:\/\/madeinzaragoza.es\/blog\/wp-content\/uploads\/2023\/02\/6a2b6d6b-6dac-499f-88f0-9020a89aada7-768x1027.jpg 768w, https:\/\/madeinzaragoza.es\/blog\/wp-content\/uploads\/2023\/02\/6a2b6d6b-6dac-499f-88f0-9020a89aada7-1149x1536.jpg 1149w, https:\/\/madeinzaragoza.es\/blog\/wp-content\/uploads\/2023\/02\/6a2b6d6b-6dac-499f-88f0-9020a89aada7-1200x1604.jpg 1200w\" sizes=\"(max-width: 709px) 85vw, (max-width: 909px) 67vw, (max-width: 1362px) 62vw, 840px\" \/><\/figure>\n<\/figure>\n\n\n\n<p><\/p>\n\n\n\n<h2 class=\"wp-block-heading\"><strong><a href=\"https:\/\/madeinzaragoza.es\/comercio\/serendipia\/\">Serendipia<\/a><\/strong>. C\/ Bernardo Fita, 23.<\/h2>\n\n\n\n<p><strong><a href=\"https:\/\/www.youtube.com\/channel\/UCBBvRsb2HTsBoixL9wztwsw\">Laura Cam\u00f3n<\/a><\/strong> nos cont\u00f3 su emocionante historia como primat\u00f3loga. Una historia que le ha llevado a estudiar a los babuinos y otros primates, viviendo durante una temporada en \u00c1frica. Su vida en este momento se plantea m\u00e1s serena pero igual de apasionante, difundiendo sus conocimientos en varios medios de comunicaci\u00f3n.<\/p>\n\n\n\n<figure class=\"wp-block-gallery has-nested-images columns-default is-cropped wp-block-gallery-2 is-layout-flex wp-block-gallery-is-layout-flex\">\n<figure class=\"wp-block-image size-large\"><img loading=\"lazy\" decoding=\"async\" width=\"1496\" height=\"2000\" data-id=\"37516\" src=\"http:\/\/madeinzaragoza.es\/blog\/wp-content\/uploads\/2023\/02\/a110354d-a38e-4090-807b-6dd2a2c04534-1.jpg\" alt=\"\" class=\"wp-image-37516\" srcset=\"https:\/\/madeinzaragoza.es\/blog\/wp-content\/uploads\/2023\/02\/a110354d-a38e-4090-807b-6dd2a2c04534-1.jpg 1496w, https:\/\/madeinzaragoza.es\/blog\/wp-content\/uploads\/2023\/02\/a110354d-a38e-4090-807b-6dd2a2c04534-1-337x450.jpg 337w, https:\/\/madeinzaragoza.es\/blog\/wp-content\/uploads\/2023\/02\/a110354d-a38e-4090-807b-6dd2a2c04534-1-766x1024.jpg 766w, https:\/\/madeinzaragoza.es\/blog\/wp-content\/uploads\/2023\/02\/a110354d-a38e-4090-807b-6dd2a2c04534-1-768x1027.jpg 768w, https:\/\/madeinzaragoza.es\/blog\/wp-content\/uploads\/2023\/02\/a110354d-a38e-4090-807b-6dd2a2c04534-1-1149x1536.jpg 1149w, https:\/\/madeinzaragoza.es\/blog\/wp-content\/uploads\/2023\/02\/a110354d-a38e-4090-807b-6dd2a2c04534-1-1200x1604.jpg 1200w\" sizes=\"(max-width: 709px) 85vw, (max-width: 909px) 67vw, (max-width: 1362px) 62vw, 840px\" \/><\/figure>\n\n\n\n<figure class=\"wp-block-image size-large\"><img loading=\"lazy\" decoding=\"async\" width=\"1496\" height=\"2000\" data-id=\"37517\" src=\"http:\/\/madeinzaragoza.es\/blog\/wp-content\/uploads\/2023\/02\/2c508a44-afa4-40b3-a1f1-988801a2fe92.jpg\" alt=\"\" class=\"wp-image-37517\" srcset=\"https:\/\/madeinzaragoza.es\/blog\/wp-content\/uploads\/2023\/02\/2c508a44-afa4-40b3-a1f1-988801a2fe92.jpg 1496w, https:\/\/madeinzaragoza.es\/blog\/wp-content\/uploads\/2023\/02\/2c508a44-afa4-40b3-a1f1-988801a2fe92-337x450.jpg 337w, https:\/\/madeinzaragoza.es\/blog\/wp-content\/uploads\/2023\/02\/2c508a44-afa4-40b3-a1f1-988801a2fe92-766x1024.jpg 766w, https:\/\/madeinzaragoza.es\/blog\/wp-content\/uploads\/2023\/02\/2c508a44-afa4-40b3-a1f1-988801a2fe92-768x1027.jpg 768w, https:\/\/madeinzaragoza.es\/blog\/wp-content\/uploads\/2023\/02\/2c508a44-afa4-40b3-a1f1-988801a2fe92-1149x1536.jpg 1149w, https:\/\/madeinzaragoza.es\/blog\/wp-content\/uploads\/2023\/02\/2c508a44-afa4-40b3-a1f1-988801a2fe92-1200x1604.jpg 1200w\" sizes=\"(max-width: 709px) 85vw, (max-width: 909px) 67vw, (max-width: 1362px) 62vw, 840px\" \/><\/figure>\n<\/figure>\n\n\n\n<p><\/p>\n\n\n\n<h2 class=\"wp-block-heading\"><strong><a href=\"https:\/\/madeinzaragoza.es\/comercio\/cosas-dbbs\/\">Cosas d\u00b4bbs<\/a><\/strong>. C\/ Dr. Cerrada, 27<\/h2>\n\n\n\n<p><strong><a href=\"https:\/\/www.linkedin.com\/in\/rebeca-bruned-pons-0334a878\">Rebeca Bruned<\/a><\/strong>, la protagonista de este escaparate, es una enfermera, terapeuta ocupacional y activista espa\u00f1ola que trabaja en el Hospital Miguel Servet de Zaragoza, como enfermera asistencial en el servicio de Enfermedades infecciosas del Hospital Infantil.<\/p>\n\n\n\n<p><\/p>\n\n\n\n<figure class=\"wp-block-gallery has-nested-images columns-default is-cropped wp-block-gallery-3 is-layout-flex wp-block-gallery-is-layout-flex\">\n<figure class=\"wp-block-image size-large\"><img loading=\"lazy\" decoding=\"async\" width=\"1496\" height=\"2000\" data-id=\"37519\" src=\"http:\/\/madeinzaragoza.es\/blog\/wp-content\/uploads\/2023\/02\/5797bf0a-5bbc-44b1-a336-315459c2ed23.jpg\" alt=\"\" class=\"wp-image-37519\" srcset=\"https:\/\/madeinzaragoza.es\/blog\/wp-content\/uploads\/2023\/02\/5797bf0a-5bbc-44b1-a336-315459c2ed23.jpg 1496w, https:\/\/madeinzaragoza.es\/blog\/wp-content\/uploads\/2023\/02\/5797bf0a-5bbc-44b1-a336-315459c2ed23-337x450.jpg 337w, https:\/\/madeinzaragoza.es\/blog\/wp-content\/uploads\/2023\/02\/5797bf0a-5bbc-44b1-a336-315459c2ed23-766x1024.jpg 766w, https:\/\/madeinzaragoza.es\/blog\/wp-content\/uploads\/2023\/02\/5797bf0a-5bbc-44b1-a336-315459c2ed23-768x1027.jpg 768w, https:\/\/madeinzaragoza.es\/blog\/wp-content\/uploads\/2023\/02\/5797bf0a-5bbc-44b1-a336-315459c2ed23-1149x1536.jpg 1149w, https:\/\/madeinzaragoza.es\/blog\/wp-content\/uploads\/2023\/02\/5797bf0a-5bbc-44b1-a336-315459c2ed23-1200x1604.jpg 1200w\" sizes=\"(max-width: 709px) 85vw, (max-width: 909px) 67vw, (max-width: 1362px) 62vw, 840px\" \/><\/figure>\n\n\n\n<figure class=\"wp-block-image size-large\"><img decoding=\"async\" data-id=\"37520\" src=\"http:\/\/madeinzaragoza.es\/blog\/wp-content\/uploads\/2023\/02\/ef018b61-5245-4941-b073-482e23828f28.jpg\" alt=\"\" class=\"wp-image-37520\" \/><\/figure>\n<\/figure>\n\n\n\n<p><\/p>\n\n\n\n<h2 class=\"wp-block-heading\"><strong><a href=\"https:\/\/madeinzaragoza.es\/comercio\/meraki\/\">Meraki<\/a><\/strong>. C\/ Doctor Cerrada, 21<\/h2>\n\n\n\n<p><strong><a href=\"https:\/\/www.youtube.com\/@jntvstp\">Janet Stephens<\/a><\/strong> es una peluquera estadounidense que estudia peinados hist\u00f3ricos, considerada la primera peluquera-arque\u00f3loga de la historia y una de las pocas personas no acad\u00e9micas que ha publicado en el Journal of Roman Archaeology, adem\u00e1s de haber sido la primera persona en recrear el peinado de las v\u00edrgenes vestales romanas.<\/p>\n\n\n\n<p><\/p>\n\n\n\n<figure class=\"wp-block-gallery has-nested-images columns-default is-cropped wp-block-gallery-4 is-layout-flex wp-block-gallery-is-layout-flex\">\n<figure class=\"wp-block-image size-large\"><img loading=\"lazy\" decoding=\"async\" width=\"1496\" height=\"2000\" data-id=\"37521\" src=\"http:\/\/madeinzaragoza.es\/blog\/wp-content\/uploads\/2023\/02\/4aedc091-24b1-4a32-b582-1a34e45a52d4.jpg\" alt=\"\" class=\"wp-image-37521\" srcset=\"https:\/\/madeinzaragoza.es\/blog\/wp-content\/uploads\/2023\/02\/4aedc091-24b1-4a32-b582-1a34e45a52d4.jpg 1496w, https:\/\/madeinzaragoza.es\/blog\/wp-content\/uploads\/2023\/02\/4aedc091-24b1-4a32-b582-1a34e45a52d4-337x450.jpg 337w, https:\/\/madeinzaragoza.es\/blog\/wp-content\/uploads\/2023\/02\/4aedc091-24b1-4a32-b582-1a34e45a52d4-766x1024.jpg 766w, https:\/\/madeinzaragoza.es\/blog\/wp-content\/uploads\/2023\/02\/4aedc091-24b1-4a32-b582-1a34e45a52d4-768x1027.jpg 768w, https:\/\/madeinzaragoza.es\/blog\/wp-content\/uploads\/2023\/02\/4aedc091-24b1-4a32-b582-1a34e45a52d4-1149x1536.jpg 1149w, https:\/\/madeinzaragoza.es\/blog\/wp-content\/uploads\/2023\/02\/4aedc091-24b1-4a32-b582-1a34e45a52d4-1200x1604.jpg 1200w\" sizes=\"(max-width: 709px) 85vw, (max-width: 909px) 67vw, (max-width: 1362px) 62vw, 840px\" \/><\/figure>\n\n\n\n<figure class=\"wp-block-image size-large\"><img loading=\"lazy\" decoding=\"async\" width=\"1496\" height=\"2000\" data-id=\"37522\" src=\"http:\/\/madeinzaragoza.es\/blog\/wp-content\/uploads\/2023\/02\/8483eff8-adc6-4488-8f40-350dc59166c2.jpg\" alt=\"\" class=\"wp-image-37522\" srcset=\"https:\/\/madeinzaragoza.es\/blog\/wp-content\/uploads\/2023\/02\/8483eff8-adc6-4488-8f40-350dc59166c2.jpg 1496w, https:\/\/madeinzaragoza.es\/blog\/wp-content\/uploads\/2023\/02\/8483eff8-adc6-4488-8f40-350dc59166c2-337x450.jpg 337w, https:\/\/madeinzaragoza.es\/blog\/wp-content\/uploads\/2023\/02\/8483eff8-adc6-4488-8f40-350dc59166c2-766x1024.jpg 766w, https:\/\/madeinzaragoza.es\/blog\/wp-content\/uploads\/2023\/02\/8483eff8-adc6-4488-8f40-350dc59166c2-768x1027.jpg 768w, https:\/\/madeinzaragoza.es\/blog\/wp-content\/uploads\/2023\/02\/8483eff8-adc6-4488-8f40-350dc59166c2-1149x1536.jpg 1149w, https:\/\/madeinzaragoza.es\/blog\/wp-content\/uploads\/2023\/02\/8483eff8-adc6-4488-8f40-350dc59166c2-1200x1604.jpg 1200w\" sizes=\"(max-width: 709px) 85vw, (max-width: 909px) 67vw, (max-width: 1362px) 62vw, 840px\" \/><\/figure>\n<\/figure>\n\n\n\n<h2 class=\"wp-block-heading\"><br><strong><a href=\"https:\/\/madeinzaragoza.es\/comercio\/scrapa2\/\">Scrapa2<\/a><\/strong>. C\/ Cortes de Arag\u00f3n, 24 local 1<\/h2>\n\n\n\n<p><strong><a href=\"https:\/\/es.wikipedia.org\/wiki\/Nerea_Irigoyen\">Nerea Irigoyen Vergara<\/a><\/strong>, zaragozana, licenciada en Farmacia y Doctora en Biolog\u00eda Molecular, que destaca por su investigaci\u00f3n en el virus del Zika, y que en la actualidad, reside en Reino Unido donde dirige un grupo de investigaci\u00f3n en la Universidad de Cambridge.<\/p>\n\n\n\n<p><\/p>\n\n\n\n<figure class=\"wp-block-gallery has-nested-images columns-default is-cropped wp-block-gallery-5 is-layout-flex wp-block-gallery-is-layout-flex\">\n<figure class=\"wp-block-image size-large\"><img loading=\"lazy\" decoding=\"async\" width=\"1496\" height=\"2000\" data-id=\"37523\" src=\"http:\/\/madeinzaragoza.es\/blog\/wp-content\/uploads\/2023\/02\/1523fbf1-2f1c-4b3b-938c-cd3d3ba8d4f9.jpg\" alt=\"\" class=\"wp-image-37523\" srcset=\"https:\/\/madeinzaragoza.es\/blog\/wp-content\/uploads\/2023\/02\/1523fbf1-2f1c-4b3b-938c-cd3d3ba8d4f9.jpg 1496w, https:\/\/madeinzaragoza.es\/blog\/wp-content\/uploads\/2023\/02\/1523fbf1-2f1c-4b3b-938c-cd3d3ba8d4f9-337x450.jpg 337w, https:\/\/madeinzaragoza.es\/blog\/wp-content\/uploads\/2023\/02\/1523fbf1-2f1c-4b3b-938c-cd3d3ba8d4f9-766x1024.jpg 766w, https:\/\/madeinzaragoza.es\/blog\/wp-content\/uploads\/2023\/02\/1523fbf1-2f1c-4b3b-938c-cd3d3ba8d4f9-768x1027.jpg 768w, https:\/\/madeinzaragoza.es\/blog\/wp-content\/uploads\/2023\/02\/1523fbf1-2f1c-4b3b-938c-cd3d3ba8d4f9-1149x1536.jpg 1149w, https:\/\/madeinzaragoza.es\/blog\/wp-content\/uploads\/2023\/02\/1523fbf1-2f1c-4b3b-938c-cd3d3ba8d4f9-1200x1604.jpg 1200w\" sizes=\"(max-width: 709px) 85vw, (max-width: 909px) 67vw, (max-width: 1362px) 62vw, 840px\" \/><\/figure>\n\n\n\n<figure class=\"wp-block-image size-large\"><img loading=\"lazy\" decoding=\"async\" width=\"1496\" height=\"2000\" data-id=\"37524\" src=\"http:\/\/madeinzaragoza.es\/blog\/wp-content\/uploads\/2023\/02\/7d9c04a5-4621-483c-b937-d42179ba530a.jpg\" alt=\"\" class=\"wp-image-37524\" srcset=\"https:\/\/madeinzaragoza.es\/blog\/wp-content\/uploads\/2023\/02\/7d9c04a5-4621-483c-b937-d42179ba530a.jpg 1496w, https:\/\/madeinzaragoza.es\/blog\/wp-content\/uploads\/2023\/02\/7d9c04a5-4621-483c-b937-d42179ba530a-337x450.jpg 337w, https:\/\/madeinzaragoza.es\/blog\/wp-content\/uploads\/2023\/02\/7d9c04a5-4621-483c-b937-d42179ba530a-766x1024.jpg 766w, https:\/\/madeinzaragoza.es\/blog\/wp-content\/uploads\/2023\/02\/7d9c04a5-4621-483c-b937-d42179ba530a-768x1027.jpg 768w, https:\/\/madeinzaragoza.es\/blog\/wp-content\/uploads\/2023\/02\/7d9c04a5-4621-483c-b937-d42179ba530a-1149x1536.jpg 1149w, https:\/\/madeinzaragoza.es\/blog\/wp-content\/uploads\/2023\/02\/7d9c04a5-4621-483c-b937-d42179ba530a-1200x1604.jpg 1200w\" sizes=\"(max-width: 709px) 85vw, (max-width: 909px) 67vw, (max-width: 1362px) 62vw, 840px\" \/><\/figure>\n<\/figure>\n\n\n\n<h2 class=\"wp-block-heading\"><br><a href=\"https:\/\/madeinzaragoza.es\/comercio\/by-frida\/\"><strong>By Frida<\/strong>.<\/a> Paseo de Fernando el Cat\u00f3lico, 6<\/h2>\n\n\n\n<p><strong><a href=\"https:\/\/es.wikipedia.org\/wiki\/Ali_Guarneros_Luna\">Ali Guarneros Luna<\/a><\/strong>, la protagonista de este escaparate, es una ingeniera aeroespacial mexicana radicada en Silicon Valley. Actualmente, colabora con la Oficina de Sistemas de Seguridad y Garant\u00eda de Misiones de la NASA en el Centro de Investigaci\u00f3n Ames.<\/p>\n\n\n\n<p><\/p>\n\n\n\n<figure class=\"wp-block-gallery has-nested-images columns-default is-cropped wp-block-gallery-6 is-layout-flex wp-block-gallery-is-layout-flex\">\n<figure class=\"wp-block-image size-large\"><img loading=\"lazy\" decoding=\"async\" width=\"1496\" height=\"2000\" data-id=\"37525\" src=\"http:\/\/madeinzaragoza.es\/blog\/wp-content\/uploads\/2023\/02\/2a00f06d-8df4-4a7c-bfec-70782e314b81.jpg\" alt=\"\" class=\"wp-image-37525\" srcset=\"https:\/\/madeinzaragoza.es\/blog\/wp-content\/uploads\/2023\/02\/2a00f06d-8df4-4a7c-bfec-70782e314b81.jpg 1496w, https:\/\/madeinzaragoza.es\/blog\/wp-content\/uploads\/2023\/02\/2a00f06d-8df4-4a7c-bfec-70782e314b81-337x450.jpg 337w, https:\/\/madeinzaragoza.es\/blog\/wp-content\/uploads\/2023\/02\/2a00f06d-8df4-4a7c-bfec-70782e314b81-766x1024.jpg 766w, https:\/\/madeinzaragoza.es\/blog\/wp-content\/uploads\/2023\/02\/2a00f06d-8df4-4a7c-bfec-70782e314b81-768x1027.jpg 768w, https:\/\/madeinzaragoza.es\/blog\/wp-content\/uploads\/2023\/02\/2a00f06d-8df4-4a7c-bfec-70782e314b81-1149x1536.jpg 1149w, https:\/\/madeinzaragoza.es\/blog\/wp-content\/uploads\/2023\/02\/2a00f06d-8df4-4a7c-bfec-70782e314b81-1200x1604.jpg 1200w\" sizes=\"(max-width: 709px) 85vw, (max-width: 909px) 67vw, (max-width: 1362px) 62vw, 840px\" \/><\/figure>\n\n\n\n<figure class=\"wp-block-image size-large\"><img loading=\"lazy\" decoding=\"async\" width=\"1496\" height=\"2000\" data-id=\"37526\" src=\"http:\/\/madeinzaragoza.es\/blog\/wp-content\/uploads\/2023\/02\/c32b61e1-2445-42bc-8473-bad2e9adbacb.jpg\" alt=\"\" class=\"wp-image-37526\" srcset=\"https:\/\/madeinzaragoza.es\/blog\/wp-content\/uploads\/2023\/02\/c32b61e1-2445-42bc-8473-bad2e9adbacb.jpg 1496w, https:\/\/madeinzaragoza.es\/blog\/wp-content\/uploads\/2023\/02\/c32b61e1-2445-42bc-8473-bad2e9adbacb-337x450.jpg 337w, https:\/\/madeinzaragoza.es\/blog\/wp-content\/uploads\/2023\/02\/c32b61e1-2445-42bc-8473-bad2e9adbacb-766x1024.jpg 766w, https:\/\/madeinzaragoza.es\/blog\/wp-content\/uploads\/2023\/02\/c32b61e1-2445-42bc-8473-bad2e9adbacb-768x1027.jpg 768w, https:\/\/madeinzaragoza.es\/blog\/wp-content\/uploads\/2023\/02\/c32b61e1-2445-42bc-8473-bad2e9adbacb-1149x1536.jpg 1149w, https:\/\/madeinzaragoza.es\/blog\/wp-content\/uploads\/2023\/02\/c32b61e1-2445-42bc-8473-bad2e9adbacb-1200x1604.jpg 1200w\" sizes=\"(max-width: 709px) 85vw, (max-width: 909px) 67vw, (max-width: 1362px) 62vw, 840px\" \/><\/figure>\n<\/figure>\n\n\n\n<p><\/p>\n\n\n\n<h2 class=\"wp-block-heading\"><a href=\"https:\/\/madeinzaragoza.es\/comercio\/111-quesos\/\"> <strong>111 Quesos<\/strong><\/a>. C\/ Cortes de Arag\u00f3n, 59<\/h2>\n\n\n\n<p><strong><a href=\"https:\/\/es.wikipedia.org\/wiki\/Rosa_Magall%C3%B3n\">Rosa Magall\u00f3n<\/a><\/strong>, estuvo en persona para hablarnos de la sanidad hoy en d\u00eda. Rosa es una m\u00e9dica de familia espa\u00f1ola, y profesora titular de Medicina de la Universidad de Zaragoza.1\u200b Fue la primera profesora titular de Medicina familiar y comunitaria de la Universidad de Zaragoza y de Espa\u00f1a.2\u200b<\/p>\n\n\n\n<p><\/p>\n\n\n\n<figure class=\"wp-block-gallery has-nested-images columns-default is-cropped wp-block-gallery-7 is-layout-flex wp-block-gallery-is-layout-flex\">\n<figure class=\"wp-block-image size-large\"><img loading=\"lazy\" decoding=\"async\" width=\"1196\" height=\"1600\" data-id=\"37527\" src=\"http:\/\/madeinzaragoza.es\/blog\/wp-content\/uploads\/2023\/02\/53a92991-6715-44e1-80bf-b3ce6ec18fa0.jpg\" alt=\"\" class=\"wp-image-37527\" srcset=\"https:\/\/madeinzaragoza.es\/blog\/wp-content\/uploads\/2023\/02\/53a92991-6715-44e1-80bf-b3ce6ec18fa0.jpg 1196w, https:\/\/madeinzaragoza.es\/blog\/wp-content\/uploads\/2023\/02\/53a92991-6715-44e1-80bf-b3ce6ec18fa0-336x450.jpg 336w, https:\/\/madeinzaragoza.es\/blog\/wp-content\/uploads\/2023\/02\/53a92991-6715-44e1-80bf-b3ce6ec18fa0-765x1024.jpg 765w, https:\/\/madeinzaragoza.es\/blog\/wp-content\/uploads\/2023\/02\/53a92991-6715-44e1-80bf-b3ce6ec18fa0-768x1027.jpg 768w, https:\/\/madeinzaragoza.es\/blog\/wp-content\/uploads\/2023\/02\/53a92991-6715-44e1-80bf-b3ce6ec18fa0-1148x1536.jpg 1148w\" sizes=\"(max-width: 709px) 85vw, (max-width: 909px) 67vw, (max-width: 1362px) 62vw, 840px\" \/><\/figure>\n\n\n\n<figure class=\"wp-block-image size-large\"><img loading=\"lazy\" decoding=\"async\" width=\"1196\" height=\"1600\" data-id=\"37528\" src=\"http:\/\/madeinzaragoza.es\/blog\/wp-content\/uploads\/2023\/02\/a7f9698c-48c3-4fdb-8292-6c1dddb9de81.jpg\" alt=\"\" class=\"wp-image-37528\" srcset=\"https:\/\/madeinzaragoza.es\/blog\/wp-content\/uploads\/2023\/02\/a7f9698c-48c3-4fdb-8292-6c1dddb9de81.jpg 1196w, https:\/\/madeinzaragoza.es\/blog\/wp-content\/uploads\/2023\/02\/a7f9698c-48c3-4fdb-8292-6c1dddb9de81-336x450.jpg 336w, https:\/\/madeinzaragoza.es\/blog\/wp-content\/uploads\/2023\/02\/a7f9698c-48c3-4fdb-8292-6c1dddb9de81-765x1024.jpg 765w, https:\/\/madeinzaragoza.es\/blog\/wp-content\/uploads\/2023\/02\/a7f9698c-48c3-4fdb-8292-6c1dddb9de81-768x1027.jpg 768w, https:\/\/madeinzaragoza.es\/blog\/wp-content\/uploads\/2023\/02\/a7f9698c-48c3-4fdb-8292-6c1dddb9de81-1148x1536.jpg 1148w\" sizes=\"(max-width: 709px) 85vw, (max-width: 909px) 67vw, (max-width: 1362px) 62vw, 840px\" \/><\/figure>\n<\/figure>\n\n\n\n<p><\/p>\n\n\n\n<h2 class=\"wp-block-heading\"><strong><a href=\"https:\/\/madeinzaragoza.es\/comercio\/espabilate\/\">EspabilaT\u00e9.<\/a><\/strong> C. de Cortes de Arag\u00f3n, 47<\/h2>\n\n\n\n<p><strong><a href=\"https:\/\/es.wikipedia.org\/wiki\/Michiyo_Tsujimura\">Misiyo Tsusijimura<\/a><\/strong>, la protagonista de este escaparate, fue una cient\u00edfica agr\u00edcola japonesa y bioqu\u00edmica cuya investigaci\u00f3n se centr\u00f3 en los componentes del t\u00e9 verde. Fue la primera mujer en Jap\u00f3n en recibir un Doctorado en Agricultura.<\/p>\n\n\n\n<p><\/p>\n\n\n\n<figure class=\"wp-block-gallery has-nested-images columns-default is-cropped wp-block-gallery-8 is-layout-flex wp-block-gallery-is-layout-flex\">\n<figure class=\"wp-block-image size-large\"><img loading=\"lazy\" decoding=\"async\" width=\"1196\" height=\"1600\" data-id=\"37529\" src=\"http:\/\/madeinzaragoza.es\/blog\/wp-content\/uploads\/2023\/02\/69a58e26-f5bf-4400-a5ab-4d2efd754e62.jpg\" alt=\"\" class=\"wp-image-37529\" srcset=\"https:\/\/madeinzaragoza.es\/blog\/wp-content\/uploads\/2023\/02\/69a58e26-f5bf-4400-a5ab-4d2efd754e62.jpg 1196w, https:\/\/madeinzaragoza.es\/blog\/wp-content\/uploads\/2023\/02\/69a58e26-f5bf-4400-a5ab-4d2efd754e62-336x450.jpg 336w, https:\/\/madeinzaragoza.es\/blog\/wp-content\/uploads\/2023\/02\/69a58e26-f5bf-4400-a5ab-4d2efd754e62-765x1024.jpg 765w, https:\/\/madeinzaragoza.es\/blog\/wp-content\/uploads\/2023\/02\/69a58e26-f5bf-4400-a5ab-4d2efd754e62-768x1027.jpg 768w, https:\/\/madeinzaragoza.es\/blog\/wp-content\/uploads\/2023\/02\/69a58e26-f5bf-4400-a5ab-4d2efd754e62-1148x1536.jpg 1148w\" sizes=\"(max-width: 709px) 85vw, (max-width: 909px) 67vw, (max-width: 1362px) 62vw, 840px\" \/><\/figure>\n\n\n\n<figure class=\"wp-block-image size-large\"><img loading=\"lazy\" decoding=\"async\" width=\"1496\" height=\"2000\" data-id=\"37532\" src=\"http:\/\/madeinzaragoza.es\/blog\/wp-content\/uploads\/2023\/02\/2d668054-be7d-4265-94ba-76b6e59a6f79.jpg\" alt=\"\" class=\"wp-image-37532\" srcset=\"https:\/\/madeinzaragoza.es\/blog\/wp-content\/uploads\/2023\/02\/2d668054-be7d-4265-94ba-76b6e59a6f79.jpg 1496w, https:\/\/madeinzaragoza.es\/blog\/wp-content\/uploads\/2023\/02\/2d668054-be7d-4265-94ba-76b6e59a6f79-337x450.jpg 337w, https:\/\/madeinzaragoza.es\/blog\/wp-content\/uploads\/2023\/02\/2d668054-be7d-4265-94ba-76b6e59a6f79-766x1024.jpg 766w, https:\/\/madeinzaragoza.es\/blog\/wp-content\/uploads\/2023\/02\/2d668054-be7d-4265-94ba-76b6e59a6f79-768x1027.jpg 768w, https:\/\/madeinzaragoza.es\/blog\/wp-content\/uploads\/2023\/02\/2d668054-be7d-4265-94ba-76b6e59a6f79-1149x1536.jpg 1149w, https:\/\/madeinzaragoza.es\/blog\/wp-content\/uploads\/2023\/02\/2d668054-be7d-4265-94ba-76b6e59a6f79-1200x1604.jpg 1200w\" sizes=\"(max-width: 709px) 85vw, (max-width: 909px) 67vw, (max-width: 1362px) 62vw, 840px\" \/><\/figure>\n<\/figure>\n\n\n\n<p><\/p>\n\n\n\n<h2 class=\"wp-block-heading\"><strong><a href=\"https:\/\/madeinzaragoza.es\/comercio\/el-siglo\/\">El siglo<\/a><\/strong>. Calle Cortes de Arag\u00f3n, 46<\/h2>\n\n\n\n<p><strong><a href=\"https:\/\/www.linkedin.com\/in\/ana-m-geer-30201933\/?originalSubdomain=es\">Ana M. Geer<\/a><\/strong>, la protagonista en El siglo, es qu\u00edmica y actualmente se encuentra trabajando como investigadora en nuestra <strong><a href=\"https:\/\/www.unizar.es\/\">Unizar<\/a><\/strong>.<\/p>\n\n\n\n<p><\/p>\n\n\n\n<figure class=\"wp-block-gallery has-nested-images columns-default is-cropped wp-block-gallery-9 is-layout-flex wp-block-gallery-is-layout-flex\">\n<figure class=\"wp-block-image size-large\"><img loading=\"lazy\" decoding=\"async\" width=\"1196\" height=\"1600\" data-id=\"37530\" src=\"http:\/\/madeinzaragoza.es\/blog\/wp-content\/uploads\/2023\/02\/d909d662-3b9a-4a1e-9e2c-5eaa2eec6fa4.jpg\" alt=\"\" class=\"wp-image-37530\" srcset=\"https:\/\/madeinzaragoza.es\/blog\/wp-content\/uploads\/2023\/02\/d909d662-3b9a-4a1e-9e2c-5eaa2eec6fa4.jpg 1196w, https:\/\/madeinzaragoza.es\/blog\/wp-content\/uploads\/2023\/02\/d909d662-3b9a-4a1e-9e2c-5eaa2eec6fa4-336x450.jpg 336w, https:\/\/madeinzaragoza.es\/blog\/wp-content\/uploads\/2023\/02\/d909d662-3b9a-4a1e-9e2c-5eaa2eec6fa4-765x1024.jpg 765w, https:\/\/madeinzaragoza.es\/blog\/wp-content\/uploads\/2023\/02\/d909d662-3b9a-4a1e-9e2c-5eaa2eec6fa4-768x1027.jpg 768w, https:\/\/madeinzaragoza.es\/blog\/wp-content\/uploads\/2023\/02\/d909d662-3b9a-4a1e-9e2c-5eaa2eec6fa4-1148x1536.jpg 1148w\" sizes=\"(max-width: 709px) 85vw, (max-width: 909px) 67vw, (max-width: 1362px) 62vw, 840px\" \/><\/figure>\n\n\n\n<figure class=\"wp-block-image size-large\"><img loading=\"lazy\" decoding=\"async\" width=\"1600\" height=\"1196\" data-id=\"37531\" src=\"http:\/\/madeinzaragoza.es\/blog\/wp-content\/uploads\/2023\/02\/aeeeb0e3-96ea-410e-b45f-a7587b65379a.jpg\" alt=\"\" class=\"wp-image-37531\" srcset=\"https:\/\/madeinzaragoza.es\/blog\/wp-content\/uploads\/2023\/02\/aeeeb0e3-96ea-410e-b45f-a7587b65379a.jpg 1600w, https:\/\/madeinzaragoza.es\/blog\/wp-content\/uploads\/2023\/02\/aeeeb0e3-96ea-410e-b45f-a7587b65379a-450x336.jpg 450w, https:\/\/madeinzaragoza.es\/blog\/wp-content\/uploads\/2023\/02\/aeeeb0e3-96ea-410e-b45f-a7587b65379a-1024x765.jpg 1024w, https:\/\/madeinzaragoza.es\/blog\/wp-content\/uploads\/2023\/02\/aeeeb0e3-96ea-410e-b45f-a7587b65379a-768x574.jpg 768w, https:\/\/madeinzaragoza.es\/blog\/wp-content\/uploads\/2023\/02\/aeeeb0e3-96ea-410e-b45f-a7587b65379a-1536x1148.jpg 1536w, https:\/\/madeinzaragoza.es\/blog\/wp-content\/uploads\/2023\/02\/aeeeb0e3-96ea-410e-b45f-a7587b65379a-1200x897.jpg 1200w\" sizes=\"(max-width: 709px) 85vw, (max-width: 909px) 67vw, (max-width: 1362px) 62vw, 840px\" \/><\/figure>\n<\/figure>\n\n\n\n<p><\/p>\n\n\n\n<p>Esperamos que te haya gustado esta ruta visitando las biograf\u00edas y los logros de mujeres excepcionales en el campo de la ciencia mientras paseamos por los comercios de la zona de Universidad. <\/p>\n\n\n\n<p><\/p>\n\n\n\n<p><\/p>\n\n\n\n<p><\/p>\n","protected":false},"excerpt":{"rendered":"<p>De nuevo la iniciativa 11 de febrero, creada para difundir y divulgar las acciones, proyectos y val\u00eda de nuestras mujeres cient\u00edficas, tiene lugar en el mes de febrero. Bajo el nombre #Escaparates11F, 11defebrero junto a la red de econom\u00eda creativa Made in Zaragoza, ha elaborado 4 rutas para homenajear y conocer a fondo la vida &hellip; <a href=\"https:\/\/madeinzaragoza.es\/blog\/escaparates-11f-zona-universidad\/\" class=\"more-link\">Continuar leyendo<span class=\"screen-reader-text\"> \u00abEscaparates 11F: visitando los comercios de la zona Universidad\u00bb<\/span><\/a><\/p>\n","protected":false},"author":4,"featured_media":37520,"comment_status":"open","ping_status":"open","sticky":false,"template":"","format":"standard","meta":{"footnotes":""},"categories":[8],"tags":[1693,2245],"yoast_head":"<!-- This site is optimized with the Yoast SEO plugin v19.7.2 - https:\/\/yoast.com\/wordpress\/plugins\/seo\/ -->\n<title>Escaparates 11F: visitando los comercios de la zona Universidad - Made in Zaragoza<\/title>\n<meta name=\"description\" content=\"Visita los escaparates de los comercios creativos de Made in Zaragoza de la Zona Universidad y conoce a mujeres cient\u00edficas de referencia.\" \/>\n<meta name=\"robots\" content=\"index, follow, max-snippet:-1, max-image-preview:large, max-video-preview:-1\" \/>\n<link rel=\"canonical\" href=\"https:\/\/madeinzaragoza.es\/blog\/escaparates-11f-zona-universidad\/\" \/>\n<meta property=\"og:locale\" content=\"es_ES\" \/>\n<meta property=\"og:type\" content=\"article\" \/>\n<meta property=\"og:title\" content=\"Escaparates 11F: visitando los comercios de la zona Universidad - Made in Zaragoza\" \/>\n<meta property=\"og:description\" content=\"Visita los escaparates de los comercios creativos de Made in Zaragoza de la Zona Universidad y conoce a mujeres cient\u00edficas de referencia.\" \/>\n<meta property=\"og:url\" content=\"https:\/\/madeinzaragoza.es\/blog\/escaparates-11f-zona-universidad\/\" \/>\n<meta property=\"og:site_name\" content=\"Made in Zaragoza\" \/>\n<meta property=\"article:publisher\" content=\"https:\/\/www.facebook.com\/madeinzaragoza.es\/\" \/>\n<meta property=\"article:author\" content=\"blogssipgirl\/197083753685798\" \/>\n<meta property=\"article:published_time\" content=\"2023-02-12T11:01:00+00:00\" \/>\n<meta property=\"article:modified_time\" content=\"2023-02-23T07:45:45+00:00\" \/>\n<meta property=\"og:image\" content=\"https:\/\/madeinzaragoza.es\/blog\/wp-content\/uploads\/2023\/02\/ef018b61-5245-4941-b073-482e23828f28-e1676908972612.jpg\" \/>\n\t<meta property=\"og:image:width\" content=\"1495\" \/>\n\t<meta property=\"og:image:height\" content=\"925\" \/>\n\t<meta property=\"og:image:type\" content=\"image\/jpeg\" \/>\n<meta name=\"author\" content=\"Blogssipgirl\" \/>\n<meta name=\"twitter:card\" content=\"summary\" \/>\n<meta name=\"twitter:creator\" content=\"@blogssipgirl1\" \/>\n<meta name=\"twitter:site\" content=\"@madeinzaragoza\" \/>\n<meta name=\"twitter:label1\" content=\"Escrito por\" \/>\n\t<meta name=\"twitter:data1\" content=\"Blogssipgirl\" \/>\n\t<meta name=\"twitter:label2\" content=\"Tiempo de lectura\" \/>\n\t<meta name=\"twitter:data2\" content=\"7 minutos\" \/>\n<script type=\"application\/ld+json\" class=\"yoast-schema-graph\">{\"@context\":\"https:\/\/schema.org\",\"@graph\":[{\"@type\":\"Article\",\"@id\":\"https:\/\/madeinzaragoza.es\/blog\/escaparates-11f-zona-universidad\/#article\",\"isPartOf\":{\"@id\":\"https:\/\/madeinzaragoza.es\/blog\/escaparates-11f-zona-universidad\/\"},\"author\":{\"name\":\"Blogssipgirl\",\"@id\":\"http:\/\/madeinzaragoza.es\/blog\/#\/schema\/person\/b6199e649857e868c4cf0717b007a717\"},\"headline\":\"Escaparates 11F: visitando los comercios de la zona Universidad\",\"datePublished\":\"2023-02-12T11:01:00+00:00\",\"dateModified\":\"2023-02-23T07:45:45+00:00\",\"mainEntityOfPage\":{\"@id\":\"https:\/\/madeinzaragoza.es\/blog\/escaparates-11f-zona-universidad\/\"},\"wordCount\":592,\"commentCount\":0,\"publisher\":{\"@id\":\"http:\/\/madeinzaragoza.es\/blog\/#organization\"},\"keywords\":[\"11 de Febrero\",\"escaparates11f\"],\"articleSection\":[\"Red MIZ\"],\"inLanguage\":\"es\",\"potentialAction\":[{\"@type\":\"CommentAction\",\"name\":\"Comment\",\"target\":[\"https:\/\/madeinzaragoza.es\/blog\/escaparates-11f-zona-universidad\/#respond\"]}]},{\"@type\":\"WebPage\",\"@id\":\"https:\/\/madeinzaragoza.es\/blog\/escaparates-11f-zona-universidad\/\",\"url\":\"https:\/\/madeinzaragoza.es\/blog\/escaparates-11f-zona-universidad\/\",\"name\":\"Escaparates 11F: visitando los comercios de la zona Universidad - Made in Zaragoza\",\"isPartOf\":{\"@id\":\"http:\/\/madeinzaragoza.es\/blog\/#website\"},\"datePublished\":\"2023-02-12T11:01:00+00:00\",\"dateModified\":\"2023-02-23T07:45:45+00:00\",\"description\":\"Visita los escaparates de los comercios creativos de Made in Zaragoza de la Zona Universidad y conoce a mujeres cient\u00edficas de referencia.\",\"breadcrumb\":{\"@id\":\"https:\/\/madeinzaragoza.es\/blog\/escaparates-11f-zona-universidad\/#breadcrumb\"},\"inLanguage\":\"es\",\"potentialAction\":[{\"@type\":\"ReadAction\",\"target\":[\"https:\/\/madeinzaragoza.es\/blog\/escaparates-11f-zona-universidad\/\"]}]},{\"@type\":\"BreadcrumbList\",\"@id\":\"https:\/\/madeinzaragoza.es\/blog\/escaparates-11f-zona-universidad\/#breadcrumb\",\"itemListElement\":[{\"@type\":\"ListItem\",\"position\":1,\"name\":\"Portada\",\"item\":\"http:\/\/madeinzaragoza.es\/blog\/\"},{\"@type\":\"ListItem\",\"position\":2,\"name\":\"Escaparates 11F: visitando los comercios de la zona Universidad\"}]},{\"@type\":\"WebSite\",\"@id\":\"http:\/\/madeinzaragoza.es\/blog\/#website\",\"url\":\"http:\/\/madeinzaragoza.es\/blog\/\",\"name\":\"Made in Zaragoza\",\"description\":\"Blog de MadeinZGZ, Red de Econom\u00eda Creativa de Zaragoza\",\"publisher\":{\"@id\":\"http:\/\/madeinzaragoza.es\/blog\/#organization\"},\"potentialAction\":[{\"@type\":\"SearchAction\",\"target\":{\"@type\":\"EntryPoint\",\"urlTemplate\":\"http:\/\/madeinzaragoza.es\/blog\/?s={search_term_string}\"},\"query-input\":\"required name=search_term_string\"}],\"inLanguage\":\"es\"},{\"@type\":\"Organization\",\"@id\":\"http:\/\/madeinzaragoza.es\/blog\/#organization\",\"name\":\"Made In Zaragoza\",\"url\":\"http:\/\/madeinzaragoza.es\/blog\/\",\"sameAs\":[\"https:\/\/www.instagram.com\/madeinzaragoza.es\/\",\"https:\/\/www.facebook.com\/madeinzaragoza.es\/\",\"https:\/\/twitter.com\/madeinzaragoza\"],\"logo\":{\"@type\":\"ImageObject\",\"inLanguage\":\"es\",\"@id\":\"http:\/\/madeinzaragoza.es\/blog\/#\/schema\/logo\/image\/\",\"url\":\"https:\/\/madeinzaragoza.es\/blog\/wp-content\/uploads\/2022\/05\/logo.png\",\"contentUrl\":\"https:\/\/madeinzaragoza.es\/blog\/wp-content\/uploads\/2022\/05\/logo.png\",\"width\":193,\"height\":176,\"caption\":\"Made In Zaragoza\"},\"image\":{\"@id\":\"http:\/\/madeinzaragoza.es\/blog\/#\/schema\/logo\/image\/\"}},{\"@type\":\"Person\",\"@id\":\"http:\/\/madeinzaragoza.es\/blog\/#\/schema\/person\/b6199e649857e868c4cf0717b007a717\",\"name\":\"Blogssipgirl\",\"image\":{\"@type\":\"ImageObject\",\"inLanguage\":\"es\",\"@id\":\"http:\/\/madeinzaragoza.es\/blog\/#\/schema\/person\/image\/\",\"url\":\"https:\/\/secure.gravatar.com\/avatar\/6171ea2cd2ec17b189583c580ab912a7?s=96&d=mm&r=g\",\"contentUrl\":\"https:\/\/secure.gravatar.com\/avatar\/6171ea2cd2ec17b189583c580ab912a7?s=96&d=mm&r=g\",\"caption\":\"Blogssipgirl\"},\"description\":\"Organizadora de eventos, editora de blogs y gestora de RRSS. Y como hobby, bloguera: Blogssipgirl es mi alterego... Me gusta moverme por las redes sociales y colaborar en miles de proyectos, no s\u00e9 estar quieta. Me apasiona la moda y el buen gusto, adoro los peque\u00f1os placeres como pasear y disfrutar de mi familia y amigos.\",\"sameAs\":[\"http:\/\/blogssipgirl.blogspot.com\",\"blogssipgirl\/197083753685798\",\"https:\/\/twitter.com\/blogssipgirl1\"],\"url\":\"https:\/\/madeinzaragoza.es\/blog\/author\/blogssipgirl\/\"}]}<\/script>\n<!-- \/ Yoast SEO plugin. -->","yoast_head_json":{"title":"Escaparates 11F: visitando los comercios de la zona Universidad - Made in Zaragoza","description":"Visita los escaparates de los comercios creativos de Made in Zaragoza de la Zona Universidad y conoce a mujeres cient\u00edficas de referencia.","robots":{"index":"index","follow":"follow","max-snippet":"max-snippet:-1","max-image-preview":"max-image-preview:large","max-video-preview":"max-video-preview:-1"},"canonical":"https:\/\/madeinzaragoza.es\/blog\/escaparates-11f-zona-universidad\/","og_locale":"es_ES","og_type":"article","og_title":"Escaparates 11F: visitando los comercios de la zona Universidad - Made in Zaragoza","og_description":"Visita los escaparates de los comercios creativos de Made in Zaragoza de la Zona Universidad y conoce a mujeres cient\u00edficas de referencia.","og_url":"https:\/\/madeinzaragoza.es\/blog\/escaparates-11f-zona-universidad\/","og_site_name":"Made in Zaragoza","article_publisher":"https:\/\/www.facebook.com\/madeinzaragoza.es\/","article_author":"blogssipgirl\/197083753685798","article_published_time":"2023-02-12T11:01:00+00:00","article_modified_time":"2023-02-23T07:45:45+00:00","og_image":[{"width":1495,"height":925,"url":"https:\/\/madeinzaragoza.es\/blog\/wp-content\/uploads\/2023\/02\/ef018b61-5245-4941-b073-482e23828f28-e1676908972612.jpg","type":"image\/jpeg"}],"author":"Blogssipgirl","twitter_card":"summary","twitter_creator":"@blogssipgirl1","twitter_site":"@madeinzaragoza","twitter_misc":{"Escrito por":"Blogssipgirl","Tiempo de lectura":"7 minutos"},"schema":{"@context":"https:\/\/schema.org","@graph":[{"@type":"Article","@id":"https:\/\/madeinzaragoza.es\/blog\/escaparates-11f-zona-universidad\/#article","isPartOf":{"@id":"https:\/\/madeinzaragoza.es\/blog\/escaparates-11f-zona-universidad\/"},"author":{"name":"Blogssipgirl","@id":"http:\/\/madeinzaragoza.es\/blog\/#\/schema\/person\/b6199e649857e868c4cf0717b007a717"},"headline":"Escaparates 11F: visitando los comercios de la zona Universidad","datePublished":"2023-02-12T11:01:00+00:00","dateModified":"2023-02-23T07:45:45+00:00","mainEntityOfPage":{"@id":"https:\/\/madeinzaragoza.es\/blog\/escaparates-11f-zona-universidad\/"},"wordCount":592,"commentCount":0,"publisher":{"@id":"http:\/\/madeinzaragoza.es\/blog\/#organization"},"keywords":["11 de Febrero","escaparates11f"],"articleSection":["Red MIZ"],"inLanguage":"es","potentialAction":[{"@type":"CommentAction","name":"Comment","target":["https:\/\/madeinzaragoza.es\/blog\/escaparates-11f-zona-universidad\/#respond"]}]},{"@type":"WebPage","@id":"https:\/\/madeinzaragoza.es\/blog\/escaparates-11f-zona-universidad\/","url":"https:\/\/madeinzaragoza.es\/blog\/escaparates-11f-zona-universidad\/","name":"Escaparates 11F: visitando los comercios de la zona Universidad - Made in Zaragoza","isPartOf":{"@id":"http:\/\/madeinzaragoza.es\/blog\/#website"},"datePublished":"2023-02-12T11:01:00+00:00","dateModified":"2023-02-23T07:45:45+00:00","description":"Visita los escaparates de los comercios creativos de Made in Zaragoza de la Zona Universidad y conoce a mujeres cient\u00edficas de referencia.","breadcrumb":{"@id":"https:\/\/madeinzaragoza.es\/blog\/escaparates-11f-zona-universidad\/#breadcrumb"},"inLanguage":"es","potentialAction":[{"@type":"ReadAction","target":["https:\/\/madeinzaragoza.es\/blog\/escaparates-11f-zona-universidad\/"]}]},{"@type":"BreadcrumbList","@id":"https:\/\/madeinzaragoza.es\/blog\/escaparates-11f-zona-universidad\/#breadcrumb","itemListElement":[{"@type":"ListItem","position":1,"name":"Portada","item":"http:\/\/madeinzaragoza.es\/blog\/"},{"@type":"ListItem","position":2,"name":"Escaparates 11F: visitando los comercios de la zona Universidad"}]},{"@type":"WebSite","@id":"http:\/\/madeinzaragoza.es\/blog\/#website","url":"http:\/\/madeinzaragoza.es\/blog\/","name":"Made in Zaragoza","description":"Blog de MadeinZGZ, Red de Econom\u00eda Creativa de Zaragoza","publisher":{"@id":"http:\/\/madeinzaragoza.es\/blog\/#organization"},"potentialAction":[{"@type":"SearchAction","target":{"@type":"EntryPoint","urlTemplate":"http:\/\/madeinzaragoza.es\/blog\/?s={search_term_string}"},"query-input":"required name=search_term_string"}],"inLanguage":"es"},{"@type":"Organization","@id":"http:\/\/madeinzaragoza.es\/blog\/#organization","name":"Made In Zaragoza","url":"http:\/\/madeinzaragoza.es\/blog\/","sameAs":["https:\/\/www.instagram.com\/madeinzaragoza.es\/","https:\/\/www.facebook.com\/madeinzaragoza.es\/","https:\/\/twitter.com\/madeinzaragoza"],"logo":{"@type":"ImageObject","inLanguage":"es","@id":"http:\/\/madeinzaragoza.es\/blog\/#\/schema\/logo\/image\/","url":"https:\/\/madeinzaragoza.es\/blog\/wp-content\/uploads\/2022\/05\/logo.png","contentUrl":"https:\/\/madeinzaragoza.es\/blog\/wp-content\/uploads\/2022\/05\/logo.png","width":193,"height":176,"caption":"Made In Zaragoza"},"image":{"@id":"http:\/\/madeinzaragoza.es\/blog\/#\/schema\/logo\/image\/"}},{"@type":"Person","@id":"http:\/\/madeinzaragoza.es\/blog\/#\/schema\/person\/b6199e649857e868c4cf0717b007a717","name":"Blogssipgirl","image":{"@type":"ImageObject","inLanguage":"es","@id":"http:\/\/madeinzaragoza.es\/blog\/#\/schema\/person\/image\/","url":"https:\/\/secure.gravatar.com\/avatar\/6171ea2cd2ec17b189583c580ab912a7?s=96&d=mm&r=g","contentUrl":"https:\/\/secure.gravatar.com\/avatar\/6171ea2cd2ec17b189583c580ab912a7?s=96&d=mm&r=g","caption":"Blogssipgirl"},"description":"Organizadora de eventos, editora de blogs y gestora de RRSS. Y como hobby, bloguera: Blogssipgirl es mi alterego... Me gusta moverme por las redes sociales y colaborar en miles de proyectos, no s\u00e9 estar quieta. Me apasiona la moda y el buen gusto, adoro los peque\u00f1os placeres como pasear y disfrutar de mi familia y amigos.","sameAs":["http:\/\/blogssipgirl.blogspot.com","blogssipgirl\/197083753685798","https:\/\/twitter.com\/blogssipgirl1"],"url":"https:\/\/madeinzaragoza.es\/blog\/author\/blogssipgirl\/"}]}},"_links":{"self":[{"href":"https:\/\/madeinzaragoza.es\/blog\/wp-json\/wp\/v2\/posts\/37513"}],"collection":[{"href":"https:\/\/madeinzaragoza.es\/blog\/wp-json\/wp\/v2\/posts"}],"about":[{"href":"https:\/\/madeinzaragoza.es\/blog\/wp-json\/wp\/v2\/types\/post"}],"author":[{"embeddable":true,"href":"https:\/\/madeinzaragoza.es\/blog\/wp-json\/wp\/v2\/users\/4"}],"replies":[{"embeddable":true,"href":"https:\/\/madeinzaragoza.es\/blog\/wp-json\/wp\/v2\/comments?post=37513"}],"version-history":[{"count":9,"href":"https:\/\/madeinzaragoza.es\/blog\/wp-json\/wp\/v2\/posts\/37513\/revisions"}],"predecessor-version":[{"id":37669,"href":"https:\/\/madeinzaragoza.es\/blog\/wp-json\/wp\/v2\/posts\/37513\/revisions\/37669"}],"wp:featuredmedia":[{"embeddable":true,"href":"https:\/\/madeinzaragoza.es\/blog\/wp-json\/wp\/v2\/media\/37520"}],"wp:attachment":[{"href":"https:\/\/madeinzaragoza.es\/blog\/wp-json\/wp\/v2\/media?parent=37513"}],"wp:term":[{"taxonomy":"category","embeddable":true,"href":"https:\/\/madeinzaragoza.es\/blog\/wp-json\/wp\/v2\/categories?post=37513"},{"taxonomy":"post_tag","embeddable":true,"href":"https:\/\/madeinzaragoza.es\/blog\/wp-json\/wp\/v2\/tags?post=37513"}],"curies":[{"name":"wp","href":"https:\/\/api.w.org\/{rel}","templated":true}]}}