{"id":35015,"date":"2022-07-07T11:01:00","date_gmt":"2022-07-07T10:01:00","guid":{"rendered":"http:\/\/madeinzaragoza.es\/blog\/?p=35015"},"modified":"2022-07-07T11:01:02","modified_gmt":"2022-07-07T10:01:02","slug":"descubre-los-engendros-plasticos-de-cayo-arte-bruto-y-directo-desde-el-corazon-de-zaragoza","status":"publish","type":"post","link":"https:\/\/madeinzaragoza.es\/blog\/descubre-los-engendros-plasticos-de-cayo-arte-bruto-y-directo-desde-el-corazon-de-zaragoza\/","title":{"rendered":"Descubre los engendros pl\u00e1sticos de Cayo. Arte bruto y directo desde el coraz\u00f3n de Zaragoza."},"content":{"rendered":"\n<h2 class=\"has-vivid-red-color has-text-color wp-block-heading\">Nuevo en MIZ: Cayo.<\/h2>\n\n\n\n<p><strong><a href=\"http:\/\/madeinzaragoza.es\/\">Made in Zaragoza<\/a><\/strong> es una red viva de econom\u00eda creativa que crece y se transforma para dar a conocer otra cara de la ciudad, la cara m\u00e1s creativa de Zaragoza, gracias a la labor que desarrollan las y los emprendedores del \u00e1mbito de la creaci\u00f3n y la creatividad. Nuestra red crece con la incorporaci\u00f3n de nuevos proyectos y, desde hace unos meses, en MIZ contamos con <strong>Cayo<\/strong>, un artista pl\u00e1stico de un fuerte car\u00e1cter creativo al que vamos a conocer en detalle.<\/p>\n\n\n\n<figure class=\"wp-block-image size-large\"><img loading=\"lazy\" decoding=\"async\" width=\"1024\" height=\"498\" src=\"http:\/\/madeinzaragoza.es\/blog\/wp-content\/uploads\/2022\/06\/cayo-1024x498.jpg\" alt=\"\" class=\"wp-image-35020\" srcset=\"https:\/\/madeinzaragoza.es\/blog\/wp-content\/uploads\/2022\/06\/cayo-1024x498.jpg 1024w, https:\/\/madeinzaragoza.es\/blog\/wp-content\/uploads\/2022\/06\/cayo-450x219.jpg 450w, https:\/\/madeinzaragoza.es\/blog\/wp-content\/uploads\/2022\/06\/cayo-768x374.jpg 768w, https:\/\/madeinzaragoza.es\/blog\/wp-content\/uploads\/2022\/06\/cayo-1200x584.jpg 1200w, https:\/\/madeinzaragoza.es\/blog\/wp-content\/uploads\/2022\/06\/cayo.jpg 1500w\" sizes=\"(max-width: 709px) 85vw, (max-width: 909px) 67vw, (max-width: 1362px) 62vw, 840px\" \/><\/figure>\n\n\n\n<figure class=\"wp-block-image size-large\"><img loading=\"lazy\" decoding=\"async\" width=\"1024\" height=\"768\" src=\"http:\/\/madeinzaragoza.es\/blog\/wp-content\/uploads\/2022\/06\/IMG_4839-1024x768.jpg\" alt=\"\" class=\"wp-image-35026\" srcset=\"https:\/\/madeinzaragoza.es\/blog\/wp-content\/uploads\/2022\/06\/IMG_4839-1024x768.jpg 1024w, https:\/\/madeinzaragoza.es\/blog\/wp-content\/uploads\/2022\/06\/IMG_4839-450x338.jpg 450w, https:\/\/madeinzaragoza.es\/blog\/wp-content\/uploads\/2022\/06\/IMG_4839-768x576.jpg 768w, https:\/\/madeinzaragoza.es\/blog\/wp-content\/uploads\/2022\/06\/IMG_4839-1536x1152.jpg 1536w, https:\/\/madeinzaragoza.es\/blog\/wp-content\/uploads\/2022\/06\/IMG_4839-2048x1536.jpg 2048w, https:\/\/madeinzaragoza.es\/blog\/wp-content\/uploads\/2022\/06\/IMG_4839-1200x900.jpg 1200w\" sizes=\"(max-width: 709px) 85vw, (max-width: 909px) 67vw, (max-width: 1362px) 62vw, 840px\" \/><\/figure>\n\n\n\n<p><strong><a href=\"http:\/\/madeinzaragoza.es\/comercio\/cayo\/\" target=\"_blank\" rel=\"noreferrer noopener\">Cayo<\/a> <\/strong>es artista pl\u00e1stico, ilustrador, muralista, tatuador, grafitero y, como \u00e9l mismo se define, <strong>creador de engendros pl\u00e1sticos<\/strong>. Ubicado en pleno coraz\u00f3n de la ciudad, en la<strong> calle San Agust\u00edn 6 , local 6 B,<\/strong> en el barrio de la Madalena, encontramos el taller de Cayo, un lugar casi m\u00e1gico tan personal y caracter\u00edstico como su propio arte, <strong>un lugar simb\u00f3lico<\/strong> donde despliega todo su imaginario personal. Un mundo repleto de elementos simb\u00f3licos procedentes de sus referentes culturales: M\u00e9xico, el punk, la vida y la muerte, el art brut, el arte outsider, el cine de serie B, los c\u00f3mics y los fanzines.<\/p>\n\n\n\n<blockquote class=\"wp-block-quote\"><p>\u201c<em>Desde que nacemos , empezamos a morir\u201d<\/em>. Esta m\u00e1xima barroca es la que plasma el artista zaragozano Cayo en su obra. Con la muerte como leitmotiv, comienza sus andanzas en el mundo del arte como grafitero y muralista.<\/p><cite><em>Maria Von Touceda<\/em><\/cite><\/blockquote>\n\n\n\n<p>Su imaginario personal se despliega por todo tipo de soportes, desde las paredes de su propio estudio (un lugar que hay que conocer de persona), tanto en su interior como en las fachadas de <a href=\"http:\/\/madeinzaragoza.es\/blog\/descubre-la-nueva-imagen-de-las-fachadas-de-los-7-espacios-los-comercios-creativos-de-san-agustin\/\" target=\"_blank\" rel=\"noreferrer noopener\">los siete espacios de San Agust\u00edn<\/a> a escaparates comerciales, l\u00e1minas, lienzos, muros de restaurantes, bares y tiendas, postales, cuadernos y agendas, objetos variados, camisetas, calcetines y otros elementos textiles como uniformes laborales y cualquier otro elemento que puedas imaginar. Uno de los elementos m\u00e1s comunes de su imaginario es la <strong>calavera<\/strong>, su elemento fetiche que ha recreado de forma infinita y que se ha convertido en <strong>su icono m\u00e1s representativo<\/strong>. <\/p>\n\n\n\n<p>En su estudio puedes encontrar y comprar obra suya en diferentes tama\u00f1os y soportes, hacerle encargos comerciales, profesionales o personales y descubrir todo su incre\u00edble mundo art\u00edstico que, como \u00e9l mismo dice, all\u00ed puedes comprar arte local y de cercan\u00eda, sostenible y a precios sostenibles.<\/p>\n\n\n\n<figure class=\"wp-block-image size-large\"><img loading=\"lazy\" decoding=\"async\" width=\"1024\" height=\"683\" src=\"http:\/\/madeinzaragoza.es\/blog\/wp-content\/uploads\/2022\/06\/dani-aviles-1024x683.jpg\" alt=\"\" class=\"wp-image-35019\" srcset=\"https:\/\/madeinzaragoza.es\/blog\/wp-content\/uploads\/2022\/06\/dani-aviles-1024x683.jpg 1024w, https:\/\/madeinzaragoza.es\/blog\/wp-content\/uploads\/2022\/06\/dani-aviles-450x300.jpg 450w, https:\/\/madeinzaragoza.es\/blog\/wp-content\/uploads\/2022\/06\/dani-aviles-768x512.jpg 768w, https:\/\/madeinzaragoza.es\/blog\/wp-content\/uploads\/2022\/06\/dani-aviles-1200x800.jpg 1200w, https:\/\/madeinzaragoza.es\/blog\/wp-content\/uploads\/2022\/06\/dani-aviles.jpg 1500w\" sizes=\"(max-width: 709px) 85vw, (max-width: 909px) 67vw, (max-width: 1362px) 62vw, 840px\" \/><\/figure>\n\n\n\n<p>Si quieres conocer un poco m\u00e1s a Cayo, puedes ver <a href=\"https:\/\/www.youtube.com\/watch?v=o6ia_qYohUk&amp;feature=youtu.be\" target=\"_blank\" rel=\"noreferrer noopener\">este video<\/a> sobre la intervenci\u00f3n ef\u00edmera que realiz\u00f3 en el ciclo \u00abAutoficci\u00f3n y otras narrativas personales\u00bb del proyecto art\u00edstico C\u00f3rner MIZ en Made in Zaragoza. Una obra en la que, bajo el t\u00edtulo <strong>\u00abCoraz\u00f3n sagrado\u00bb<\/strong>,&nbsp; uni\u00f3 dos de sus elementos m\u00e1s personales, la calavera y el coraz\u00f3n, creando una obra con un&nbsp;<strong>desarrollo narrativo muy interesante<\/strong>.<\/p>\n\n\n\n<p><\/p>\n\n\n\n<figure class=\"wp-block-image size-large\"><img loading=\"lazy\" decoding=\"async\" width=\"819\" height=\"1024\" src=\"http:\/\/madeinzaragoza.es\/blog\/wp-content\/uploads\/2022\/06\/287323683_5473362579364673_6750698690439408521_n-819x1024.jpg\" alt=\"\" class=\"wp-image-35016\" srcset=\"https:\/\/madeinzaragoza.es\/blog\/wp-content\/uploads\/2022\/06\/287323683_5473362579364673_6750698690439408521_n-819x1024.jpg 819w, https:\/\/madeinzaragoza.es\/blog\/wp-content\/uploads\/2022\/06\/287323683_5473362579364673_6750698690439408521_n-360x450.jpg 360w, https:\/\/madeinzaragoza.es\/blog\/wp-content\/uploads\/2022\/06\/287323683_5473362579364673_6750698690439408521_n-768x960.jpg 768w, https:\/\/madeinzaragoza.es\/blog\/wp-content\/uploads\/2022\/06\/287323683_5473362579364673_6750698690439408521_n.jpg 1080w\" sizes=\"(max-width: 709px) 85vw, (max-width: 909px) 67vw, (max-width: 984px) 61vw, (max-width: 1362px) 45vw, 600px\" \/><\/figure>\n\n\n\n<h2 class=\"wp-block-heading\">Cursos y talleres de creaci\u00f3n art\u00edstica.<\/h2>\n\n\n\n<p>Durante todo el a\u00f1o tiene una incesante actividad pedag\u00f3gica y, ahora en verano, Cayo ha organizado unos talleres intensivos sobre t\u00e9cnicas mixtas y sus aplicaciones. Talleres dirigidos a todas las edades y que se pueden realizar durante dos tardes, tarde y ma\u00f1ana o s\u00e1bado ma\u00f1ana y tarde. Puedes elegir el d\u00eda o d\u00edas que mejor te vengan y aprovechar para dar rienda suelta a tu creatividad de la mano de este gran artista. Puedes consultar m\u00e1s informaci\u00f3n sobre estos cursos directamente en su <a href=\"http:\/\/madeinzaragoza.es\/comercio\/cayo\/\">espacio creativo<\/a>, seguro que lo disfrutas.<\/p>\n\n\n\n<p>\u00a1Bienvenido a Made in Zaragoza, Cayo!<\/p>\n","protected":false},"excerpt":{"rendered":"<p>Nuevo en MIZ: Cayo. Made in Zaragoza es una red viva de econom\u00eda creativa que crece y se transforma para dar a conocer otra cara de la ciudad, la cara m\u00e1s creativa de Zaragoza, gracias a la labor que desarrollan las y los emprendedores del \u00e1mbito de la creaci\u00f3n y la creatividad. Nuestra red crece &hellip; <a href=\"https:\/\/madeinzaragoza.es\/blog\/descubre-los-engendros-plasticos-de-cayo-arte-bruto-y-directo-desde-el-corazon-de-zaragoza\/\" class=\"more-link\">Continuar leyendo<span class=\"screen-reader-text\"> \u00abDescubre los engendros pl\u00e1sticos de Cayo. Arte bruto y directo desde el coraz\u00f3n de Zaragoza.\u00bb<\/span><\/a><\/p>\n","protected":false},"author":36,"featured_media":35018,"comment_status":"open","ping_status":"open","sticky":false,"template":"","format":"standard","meta":{"footnotes":""},"categories":[829,8],"tags":[],"yoast_head":"<!-- This site is optimized with the Yoast SEO plugin v19.7.2 - https:\/\/yoast.com\/wordpress\/plugins\/seo\/ -->\n<title>Descubre los engendros pl\u00e1sticos de Cayo. Arte bruto y directo desde el coraz\u00f3n de Zaragoza. - Made in Zaragoza<\/title>\n<meta name=\"robots\" content=\"index, follow, max-snippet:-1, max-image-preview:large, max-video-preview:-1\" \/>\n<link rel=\"canonical\" href=\"https:\/\/madeinzaragoza.es\/blog\/descubre-los-engendros-plasticos-de-cayo-arte-bruto-y-directo-desde-el-corazon-de-zaragoza\/\" \/>\n<meta property=\"og:locale\" content=\"es_ES\" \/>\n<meta property=\"og:type\" content=\"article\" \/>\n<meta property=\"og:title\" content=\"Descubre los engendros pl\u00e1sticos de Cayo. Arte bruto y directo desde el coraz\u00f3n de Zaragoza. - Made in Zaragoza\" \/>\n<meta property=\"og:description\" content=\"Nuevo en MIZ: Cayo. Made in Zaragoza es una red viva de econom\u00eda creativa que crece y se transforma para dar a conocer otra cara de la ciudad, la cara m\u00e1s creativa de Zaragoza, gracias a la labor que desarrollan las y los emprendedores del \u00e1mbito de la creaci\u00f3n y la creatividad. Nuestra red crece &hellip; Continuar leyendo &quot;Descubre los engendros pl\u00e1sticos de Cayo. Arte bruto y directo desde el coraz\u00f3n de Zaragoza.&quot;\" \/>\n<meta property=\"og:url\" content=\"https:\/\/madeinzaragoza.es\/blog\/descubre-los-engendros-plasticos-de-cayo-arte-bruto-y-directo-desde-el-corazon-de-zaragoza\/\" \/>\n<meta property=\"og:site_name\" content=\"Made in Zaragoza\" \/>\n<meta property=\"article:publisher\" content=\"https:\/\/www.facebook.com\/madeinzaragoza.es\/\" \/>\n<meta property=\"article:author\" content=\"zarayorkers\" \/>\n<meta property=\"article:published_time\" content=\"2022-07-07T10:01:00+00:00\" \/>\n<meta property=\"article:modified_time\" content=\"2022-07-07T10:01:02+00:00\" \/>\n<meta property=\"og:image\" content=\"https:\/\/madeinzaragoza.es\/blog\/wp-content\/uploads\/2022\/06\/DSC8248.jpg\" \/>\n\t<meta property=\"og:image:width\" content=\"1500\" \/>\n\t<meta property=\"og:image:height\" content=\"842\" \/>\n\t<meta property=\"og:image:type\" content=\"image\/jpeg\" \/>\n<meta name=\"author\" content=\"Sergio Sevilla\" \/>\n<meta name=\"twitter:card\" content=\"summary\" \/>\n<meta name=\"twitter:creator\" content=\"@madeinzaragoza\" \/>\n<meta name=\"twitter:site\" content=\"@madeinzaragoza\" \/>\n<meta name=\"twitter:label1\" content=\"Escrito por\" \/>\n\t<meta name=\"twitter:data1\" content=\"Sergio Sevilla\" \/>\n\t<meta name=\"twitter:label2\" content=\"Tiempo de lectura\" \/>\n\t<meta name=\"twitter:data2\" content=\"4 minutos\" \/>\n<script type=\"application\/ld+json\" class=\"yoast-schema-graph\">{\"@context\":\"https:\/\/schema.org\",\"@graph\":[{\"@type\":\"Article\",\"@id\":\"https:\/\/madeinzaragoza.es\/blog\/descubre-los-engendros-plasticos-de-cayo-arte-bruto-y-directo-desde-el-corazon-de-zaragoza\/#article\",\"isPartOf\":{\"@id\":\"https:\/\/madeinzaragoza.es\/blog\/descubre-los-engendros-plasticos-de-cayo-arte-bruto-y-directo-desde-el-corazon-de-zaragoza\/\"},\"author\":{\"name\":\"Sergio Sevilla\",\"@id\":\"https:\/\/madeinzaragoza.es\/blog\/#\/schema\/person\/fd836a8fe1177b6200bc8deffc3ad342\"},\"headline\":\"Descubre los engendros pl\u00e1sticos de Cayo. Arte bruto y directo desde el coraz\u00f3n de Zaragoza.\",\"datePublished\":\"2022-07-07T10:01:00+00:00\",\"dateModified\":\"2022-07-07T10:01:02+00:00\",\"mainEntityOfPage\":{\"@id\":\"https:\/\/madeinzaragoza.es\/blog\/descubre-los-engendros-plasticos-de-cayo-arte-bruto-y-directo-desde-el-corazon-de-zaragoza\/\"},\"wordCount\":607,\"commentCount\":0,\"publisher\":{\"@id\":\"https:\/\/madeinzaragoza.es\/blog\/#organization\"},\"articleSection\":[\"Cultura\",\"Red MIZ\"],\"inLanguage\":\"es\",\"potentialAction\":[{\"@type\":\"CommentAction\",\"name\":\"Comment\",\"target\":[\"https:\/\/madeinzaragoza.es\/blog\/descubre-los-engendros-plasticos-de-cayo-arte-bruto-y-directo-desde-el-corazon-de-zaragoza\/#respond\"]}]},{\"@type\":\"WebPage\",\"@id\":\"https:\/\/madeinzaragoza.es\/blog\/descubre-los-engendros-plasticos-de-cayo-arte-bruto-y-directo-desde-el-corazon-de-zaragoza\/\",\"url\":\"https:\/\/madeinzaragoza.es\/blog\/descubre-los-engendros-plasticos-de-cayo-arte-bruto-y-directo-desde-el-corazon-de-zaragoza\/\",\"name\":\"Descubre los engendros pl\u00e1sticos de Cayo. Arte bruto y directo desde el coraz\u00f3n de Zaragoza. - Made in Zaragoza\",\"isPartOf\":{\"@id\":\"https:\/\/madeinzaragoza.es\/blog\/#website\"},\"datePublished\":\"2022-07-07T10:01:00+00:00\",\"dateModified\":\"2022-07-07T10:01:02+00:00\",\"breadcrumb\":{\"@id\":\"https:\/\/madeinzaragoza.es\/blog\/descubre-los-engendros-plasticos-de-cayo-arte-bruto-y-directo-desde-el-corazon-de-zaragoza\/#breadcrumb\"},\"inLanguage\":\"es\",\"potentialAction\":[{\"@type\":\"ReadAction\",\"target\":[\"https:\/\/madeinzaragoza.es\/blog\/descubre-los-engendros-plasticos-de-cayo-arte-bruto-y-directo-desde-el-corazon-de-zaragoza\/\"]}]},{\"@type\":\"BreadcrumbList\",\"@id\":\"https:\/\/madeinzaragoza.es\/blog\/descubre-los-engendros-plasticos-de-cayo-arte-bruto-y-directo-desde-el-corazon-de-zaragoza\/#breadcrumb\",\"itemListElement\":[{\"@type\":\"ListItem\",\"position\":1,\"name\":\"Portada\",\"item\":\"https:\/\/madeinzaragoza.es\/blog\/\"},{\"@type\":\"ListItem\",\"position\":2,\"name\":\"Descubre los engendros pl\u00e1sticos de Cayo. Arte bruto y directo desde el coraz\u00f3n de Zaragoza.\"}]},{\"@type\":\"WebSite\",\"@id\":\"https:\/\/madeinzaragoza.es\/blog\/#website\",\"url\":\"https:\/\/madeinzaragoza.es\/blog\/\",\"name\":\"Made in Zaragoza\",\"description\":\"Blog de MadeinZGZ, Red de Econom\u00eda Creativa de Zaragoza\",\"publisher\":{\"@id\":\"https:\/\/madeinzaragoza.es\/blog\/#organization\"},\"potentialAction\":[{\"@type\":\"SearchAction\",\"target\":{\"@type\":\"EntryPoint\",\"urlTemplate\":\"https:\/\/madeinzaragoza.es\/blog\/?s={search_term_string}\"},\"query-input\":\"required name=search_term_string\"}],\"inLanguage\":\"es\"},{\"@type\":\"Organization\",\"@id\":\"https:\/\/madeinzaragoza.es\/blog\/#organization\",\"name\":\"Made In Zaragoza\",\"url\":\"https:\/\/madeinzaragoza.es\/blog\/\",\"sameAs\":[\"https:\/\/www.instagram.com\/madeinzaragoza.es\/\",\"https:\/\/www.facebook.com\/madeinzaragoza.es\/\",\"https:\/\/twitter.com\/madeinzaragoza\"],\"logo\":{\"@type\":\"ImageObject\",\"inLanguage\":\"es\",\"@id\":\"https:\/\/madeinzaragoza.es\/blog\/#\/schema\/logo\/image\/\",\"url\":\"https:\/\/madeinzaragoza.es\/blog\/wp-content\/uploads\/2022\/05\/logo.png\",\"contentUrl\":\"https:\/\/madeinzaragoza.es\/blog\/wp-content\/uploads\/2022\/05\/logo.png\",\"width\":193,\"height\":176,\"caption\":\"Made In Zaragoza\"},\"image\":{\"@id\":\"https:\/\/madeinzaragoza.es\/blog\/#\/schema\/logo\/image\/\"}},{\"@type\":\"Person\",\"@id\":\"https:\/\/madeinzaragoza.es\/blog\/#\/schema\/person\/fd836a8fe1177b6200bc8deffc3ad342\",\"name\":\"Sergio Sevilla\",\"image\":{\"@type\":\"ImageObject\",\"inLanguage\":\"es\",\"@id\":\"https:\/\/madeinzaragoza.es\/blog\/#\/schema\/person\/image\/\",\"url\":\"https:\/\/secure.gravatar.com\/avatar\/4a59e3901b7e749c4e3750c4fd5d0b43?s=96&d=mm&r=g\",\"contentUrl\":\"https:\/\/secure.gravatar.com\/avatar\/4a59e3901b7e749c4e3750c4fd5d0b43?s=96&d=mm&r=g\",\"caption\":\"Sergio Sevilla\"},\"description\":\"Gesti\u00f3n e Innovaci\u00f3n cultural (I+C) Mi trabajo se basa en la b\u00fasqueda de conexiones culturales en espacios de tr\u00e1nsito. Soy director y programador de proyectos culturales. He coordinado el espacio C\u00f3rner MIZ de Made in Zaragoza y, en la actualidad, me dedico a investigar, documentar y poner en valor el muralismo cer\u00e1mico de los a\u00f1os 60, 70 y 80 de Zaragoza y su relaci\u00f3n con los entornos arquitect\u00f3nicos y decorativos de la \u00e9poca. Descubre el perfil de @ZaragozaModerna en Instagram. Take a walk on the Art side.\",\"sameAs\":[\"zarayorkers\",\"@zaragozamoderna\",\"\/sergiosevillatabernero\"],\"url\":\"https:\/\/madeinzaragoza.es\/blog\/author\/sergiosevilla\/\"}]}<\/script>\n<!-- \/ Yoast SEO plugin. -->","yoast_head_json":{"title":"Descubre los engendros pl\u00e1sticos de Cayo. Arte bruto y directo desde el coraz\u00f3n de Zaragoza. - Made in Zaragoza","robots":{"index":"index","follow":"follow","max-snippet":"max-snippet:-1","max-image-preview":"max-image-preview:large","max-video-preview":"max-video-preview:-1"},"canonical":"https:\/\/madeinzaragoza.es\/blog\/descubre-los-engendros-plasticos-de-cayo-arte-bruto-y-directo-desde-el-corazon-de-zaragoza\/","og_locale":"es_ES","og_type":"article","og_title":"Descubre los engendros pl\u00e1sticos de Cayo. Arte bruto y directo desde el coraz\u00f3n de Zaragoza. - Made in Zaragoza","og_description":"Nuevo en MIZ: Cayo. Made in Zaragoza es una red viva de econom\u00eda creativa que crece y se transforma para dar a conocer otra cara de la ciudad, la cara m\u00e1s creativa de Zaragoza, gracias a la labor que desarrollan las y los emprendedores del \u00e1mbito de la creaci\u00f3n y la creatividad. Nuestra red crece &hellip; Continuar leyendo \"Descubre los engendros pl\u00e1sticos de Cayo. Arte bruto y directo desde el coraz\u00f3n de Zaragoza.\"","og_url":"https:\/\/madeinzaragoza.es\/blog\/descubre-los-engendros-plasticos-de-cayo-arte-bruto-y-directo-desde-el-corazon-de-zaragoza\/","og_site_name":"Made in Zaragoza","article_publisher":"https:\/\/www.facebook.com\/madeinzaragoza.es\/","article_author":"zarayorkers","article_published_time":"2022-07-07T10:01:00+00:00","article_modified_time":"2022-07-07T10:01:02+00:00","og_image":[{"width":1500,"height":842,"url":"https:\/\/madeinzaragoza.es\/blog\/wp-content\/uploads\/2022\/06\/DSC8248.jpg","type":"image\/jpeg"}],"author":"Sergio Sevilla","twitter_card":"summary","twitter_creator":"@madeinzaragoza","twitter_site":"@madeinzaragoza","twitter_misc":{"Escrito por":"Sergio Sevilla","Tiempo de lectura":"4 minutos"},"schema":{"@context":"https:\/\/schema.org","@graph":[{"@type":"Article","@id":"https:\/\/madeinzaragoza.es\/blog\/descubre-los-engendros-plasticos-de-cayo-arte-bruto-y-directo-desde-el-corazon-de-zaragoza\/#article","isPartOf":{"@id":"https:\/\/madeinzaragoza.es\/blog\/descubre-los-engendros-plasticos-de-cayo-arte-bruto-y-directo-desde-el-corazon-de-zaragoza\/"},"author":{"name":"Sergio Sevilla","@id":"https:\/\/madeinzaragoza.es\/blog\/#\/schema\/person\/fd836a8fe1177b6200bc8deffc3ad342"},"headline":"Descubre los engendros pl\u00e1sticos de Cayo. Arte bruto y directo desde el coraz\u00f3n de Zaragoza.","datePublished":"2022-07-07T10:01:00+00:00","dateModified":"2022-07-07T10:01:02+00:00","mainEntityOfPage":{"@id":"https:\/\/madeinzaragoza.es\/blog\/descubre-los-engendros-plasticos-de-cayo-arte-bruto-y-directo-desde-el-corazon-de-zaragoza\/"},"wordCount":607,"commentCount":0,"publisher":{"@id":"https:\/\/madeinzaragoza.es\/blog\/#organization"},"articleSection":["Cultura","Red MIZ"],"inLanguage":"es","potentialAction":[{"@type":"CommentAction","name":"Comment","target":["https:\/\/madeinzaragoza.es\/blog\/descubre-los-engendros-plasticos-de-cayo-arte-bruto-y-directo-desde-el-corazon-de-zaragoza\/#respond"]}]},{"@type":"WebPage","@id":"https:\/\/madeinzaragoza.es\/blog\/descubre-los-engendros-plasticos-de-cayo-arte-bruto-y-directo-desde-el-corazon-de-zaragoza\/","url":"https:\/\/madeinzaragoza.es\/blog\/descubre-los-engendros-plasticos-de-cayo-arte-bruto-y-directo-desde-el-corazon-de-zaragoza\/","name":"Descubre los engendros pl\u00e1sticos de Cayo. Arte bruto y directo desde el coraz\u00f3n de Zaragoza. - Made in Zaragoza","isPartOf":{"@id":"https:\/\/madeinzaragoza.es\/blog\/#website"},"datePublished":"2022-07-07T10:01:00+00:00","dateModified":"2022-07-07T10:01:02+00:00","breadcrumb":{"@id":"https:\/\/madeinzaragoza.es\/blog\/descubre-los-engendros-plasticos-de-cayo-arte-bruto-y-directo-desde-el-corazon-de-zaragoza\/#breadcrumb"},"inLanguage":"es","potentialAction":[{"@type":"ReadAction","target":["https:\/\/madeinzaragoza.es\/blog\/descubre-los-engendros-plasticos-de-cayo-arte-bruto-y-directo-desde-el-corazon-de-zaragoza\/"]}]},{"@type":"BreadcrumbList","@id":"https:\/\/madeinzaragoza.es\/blog\/descubre-los-engendros-plasticos-de-cayo-arte-bruto-y-directo-desde-el-corazon-de-zaragoza\/#breadcrumb","itemListElement":[{"@type":"ListItem","position":1,"name":"Portada","item":"https:\/\/madeinzaragoza.es\/blog\/"},{"@type":"ListItem","position":2,"name":"Descubre los engendros pl\u00e1sticos de Cayo. Arte bruto y directo desde el coraz\u00f3n de Zaragoza."}]},{"@type":"WebSite","@id":"https:\/\/madeinzaragoza.es\/blog\/#website","url":"https:\/\/madeinzaragoza.es\/blog\/","name":"Made in Zaragoza","description":"Blog de MadeinZGZ, Red de Econom\u00eda Creativa de Zaragoza","publisher":{"@id":"https:\/\/madeinzaragoza.es\/blog\/#organization"},"potentialAction":[{"@type":"SearchAction","target":{"@type":"EntryPoint","urlTemplate":"https:\/\/madeinzaragoza.es\/blog\/?s={search_term_string}"},"query-input":"required name=search_term_string"}],"inLanguage":"es"},{"@type":"Organization","@id":"https:\/\/madeinzaragoza.es\/blog\/#organization","name":"Made In Zaragoza","url":"https:\/\/madeinzaragoza.es\/blog\/","sameAs":["https:\/\/www.instagram.com\/madeinzaragoza.es\/","https:\/\/www.facebook.com\/madeinzaragoza.es\/","https:\/\/twitter.com\/madeinzaragoza"],"logo":{"@type":"ImageObject","inLanguage":"es","@id":"https:\/\/madeinzaragoza.es\/blog\/#\/schema\/logo\/image\/","url":"https:\/\/madeinzaragoza.es\/blog\/wp-content\/uploads\/2022\/05\/logo.png","contentUrl":"https:\/\/madeinzaragoza.es\/blog\/wp-content\/uploads\/2022\/05\/logo.png","width":193,"height":176,"caption":"Made In Zaragoza"},"image":{"@id":"https:\/\/madeinzaragoza.es\/blog\/#\/schema\/logo\/image\/"}},{"@type":"Person","@id":"https:\/\/madeinzaragoza.es\/blog\/#\/schema\/person\/fd836a8fe1177b6200bc8deffc3ad342","name":"Sergio Sevilla","image":{"@type":"ImageObject","inLanguage":"es","@id":"https:\/\/madeinzaragoza.es\/blog\/#\/schema\/person\/image\/","url":"https:\/\/secure.gravatar.com\/avatar\/4a59e3901b7e749c4e3750c4fd5d0b43?s=96&d=mm&r=g","contentUrl":"https:\/\/secure.gravatar.com\/avatar\/4a59e3901b7e749c4e3750c4fd5d0b43?s=96&d=mm&r=g","caption":"Sergio Sevilla"},"description":"Gesti\u00f3n e Innovaci\u00f3n cultural (I+C) Mi trabajo se basa en la b\u00fasqueda de conexiones culturales en espacios de tr\u00e1nsito. Soy director y programador de proyectos culturales. He coordinado el espacio C\u00f3rner MIZ de Made in Zaragoza y, en la actualidad, me dedico a investigar, documentar y poner en valor el muralismo cer\u00e1mico de los a\u00f1os 60, 70 y 80 de Zaragoza y su relaci\u00f3n con los entornos arquitect\u00f3nicos y decorativos de la \u00e9poca. Descubre el perfil de @ZaragozaModerna en Instagram. Take a walk on the Art side.","sameAs":["zarayorkers","@zaragozamoderna","\/sergiosevillatabernero"],"url":"https:\/\/madeinzaragoza.es\/blog\/author\/sergiosevilla\/"}]}},"_links":{"self":[{"href":"https:\/\/madeinzaragoza.es\/blog\/wp-json\/wp\/v2\/posts\/35015"}],"collection":[{"href":"https:\/\/madeinzaragoza.es\/blog\/wp-json\/wp\/v2\/posts"}],"about":[{"href":"https:\/\/madeinzaragoza.es\/blog\/wp-json\/wp\/v2\/types\/post"}],"author":[{"embeddable":true,"href":"https:\/\/madeinzaragoza.es\/blog\/wp-json\/wp\/v2\/users\/36"}],"replies":[{"embeddable":true,"href":"https:\/\/madeinzaragoza.es\/blog\/wp-json\/wp\/v2\/comments?post=35015"}],"version-history":[{"count":6,"href":"https:\/\/madeinzaragoza.es\/blog\/wp-json\/wp\/v2\/posts\/35015\/revisions"}],"predecessor-version":[{"id":35059,"href":"https:\/\/madeinzaragoza.es\/blog\/wp-json\/wp\/v2\/posts\/35015\/revisions\/35059"}],"wp:featuredmedia":[{"embeddable":true,"href":"https:\/\/madeinzaragoza.es\/blog\/wp-json\/wp\/v2\/media\/35018"}],"wp:attachment":[{"href":"https:\/\/madeinzaragoza.es\/blog\/wp-json\/wp\/v2\/media?parent=35015"}],"wp:term":[{"taxonomy":"category","embeddable":true,"href":"https:\/\/madeinzaragoza.es\/blog\/wp-json\/wp\/v2\/categories?post=35015"},{"taxonomy":"post_tag","embeddable":true,"href":"https:\/\/madeinzaragoza.es\/blog\/wp-json\/wp\/v2\/tags?post=35015"}],"curies":[{"name":"wp","href":"https:\/\/api.w.org\/{rel}","templated":true}]}}