{"id":33594,"date":"2022-02-19T22:46:00","date_gmt":"2022-02-19T21:46:00","guid":{"rendered":"http:\/\/madeinzaragoza.es\/blog\/?p=33594"},"modified":"2022-02-20T01:47:08","modified_gmt":"2022-02-20T00:47:08","slug":"escaparates-11f-ruta-por-el-casco-historico","status":"publish","type":"post","link":"https:\/\/madeinzaragoza.es\/blog\/escaparates-11f-ruta-por-el-casco-historico\/","title":{"rendered":"Escaparates 11F: Ocho mujeres cient\u00edficas protagonistas de los comercios de la 4\u00aa ruta por el Casco Hist\u00f3rico"},"content":{"rendered":"\n<p>Ocho mujeres cient\u00edficas, de todas las partes del mundo y de todas las \u00e9pocas han llenado los escaparates de los comercios MIZ en Zaragoza, en la cuarta ruta de los <a href=\"http:\/\/madeinzaragoza.es\/blog\/vuelve-febrero-y-sus-escaparates-11f\/\" target=\"_blank\" rel=\"noreferrer noopener\">#escaparates11F<\/a>, por el <strong>Casco Hist\u00f3rico.<\/strong> Alejandra Vicente de Vera, Katalina Kariko, Marta Orduna, Mary Anning, Marta Fabre, Tu Youyou, Beatriz Latre y Susana Romero han sido las protagonistas y referentes que han invitado a pasear para conocer tiendas y cient\u00edficas, con motivo del D\u00eda Internacional de la Mujer y la Ni\u00f1a en la ciencia. <br><br>Su objetivo ha sido visibilizar la labor de la mujer en la ciencia y fomentar la vocaci\u00f3n cient\u00edfica en las ni\u00f1as.<\/p>\n\n\n\n<div class=\"wp-block-image\"><figure class=\"aligncenter size-full\"><img loading=\"lazy\" decoding=\"async\" width=\"800\" height=\"600\" src=\"http:\/\/madeinzaragoza.es\/blog\/wp-content\/uploads\/2022\/02\/Escaparates-Erre-que-erre.jpg\" alt=\"Escaparates 11F\" class=\"wp-image-33597\" srcset=\"https:\/\/madeinzaragoza.es\/blog\/wp-content\/uploads\/2022\/02\/Escaparates-Erre-que-erre.jpg 800w, https:\/\/madeinzaragoza.es\/blog\/wp-content\/uploads\/2022\/02\/Escaparates-Erre-que-erre-450x338.jpg 450w, https:\/\/madeinzaragoza.es\/blog\/wp-content\/uploads\/2022\/02\/Escaparates-Erre-que-erre-768x576.jpg 768w\" sizes=\"(max-width: 709px) 85vw, (max-width: 909px) 67vw, (max-width: 984px) 61vw, (max-width: 1362px) 45vw, 600px\" \/><\/figure><\/div>\n\n\n\n<p><strong>Alejandra Vicente de Vera <\/strong>ha sido la protagonista de <a href=\"http:\/\/madeinzaragoza.es\/comercio\/erre-que-erre\/\" target=\"_blank\" rel=\"noreferrer noopener\">Erre que Erre<\/a> (Calle Torre Nueva, 30). Es investigadora en el Instituto Pirenaico de Ecolog\u00eda y su investigaci\u00f3n se centra en el estudio de lagos de media y alta monta\u00f1a del Pirineo, reconstruyendo la din\u00e1mica sedimentaria de los \u00faltimos 2000 a\u00f1os. Vicente de Vera cont\u00f3 su experiencia como joven cient\u00edfica y mostr\u00f3 otras facetas como la art\u00edstica que refleja en el cortometraje \u00abCambio a flor de piel\u201d.\u00a0 Un cortometraje de divulgaci\u00f3n cient\u00edfica que se vale de elementos tan art\u00edsticos como la poes\u00eda y el maquillaje corporal.<\/p>\n\n\n\n<div class=\"wp-block-image\"><figure class=\"aligncenter size-full\"><img loading=\"lazy\" decoding=\"async\" width=\"800\" height=\"600\" src=\"http:\/\/madeinzaragoza.es\/blog\/wp-content\/uploads\/2022\/02\/Escaparates-De-tarros.jpg\" alt=\"Escaparates 11F \" class=\"wp-image-33595\" srcset=\"https:\/\/madeinzaragoza.es\/blog\/wp-content\/uploads\/2022\/02\/Escaparates-De-tarros.jpg 800w, https:\/\/madeinzaragoza.es\/blog\/wp-content\/uploads\/2022\/02\/Escaparates-De-tarros-450x338.jpg 450w, https:\/\/madeinzaragoza.es\/blog\/wp-content\/uploads\/2022\/02\/Escaparates-De-tarros-768x576.jpg 768w\" sizes=\"(max-width: 709px) 85vw, (max-width: 909px) 67vw, (max-width: 984px) 61vw, (max-width: 1362px) 45vw, 600px\" \/><\/figure><\/div>\n\n\n\n<p>En <a href=\"http:\/\/madeinzaragoza.es\/comercio\/detarros\/\" target=\"_blank\" rel=\"noreferrer noopener\">De Tarros<\/a> (Calle Torre Nueva, 30), descubrimos a <strong>Katalina Kariko<\/strong>. Gracias a esta cient\u00edfica h\u00fangara, ha sido posible la vacuna anticovid. La investigaci\u00f3n de Kariko sobre la sustancia ARN para combatir enfermedades, hizo posible desarrollar las vacunas contra la COVID-19 en los laboratorios Pfizer\/BioNTech y Moderna. <br><br>Su trabajo y esfuerzo ha sido galardonado con el Premio Princesa de Asturias de Investigaci\u00f3n Cient\u00edfica y T\u00e9cnica 2021. A pesar de todo, en alguna ocasi\u00f3n ha declarado que en un campo dominado por los hombres, ocasionalmente se ha sentido subestimada.<\/p>\n\n\n\n<div class=\"wp-block-image\"><figure class=\"aligncenter size-full\"><img loading=\"lazy\" decoding=\"async\" width=\"800\" height=\"600\" src=\"http:\/\/madeinzaragoza.es\/blog\/wp-content\/uploads\/2022\/02\/Escaparates-Latas-Tienda.jpg\" alt=\"Escaparates 11F\" class=\"wp-image-33602\" srcset=\"https:\/\/madeinzaragoza.es\/blog\/wp-content\/uploads\/2022\/02\/Escaparates-Latas-Tienda.jpg 800w, https:\/\/madeinzaragoza.es\/blog\/wp-content\/uploads\/2022\/02\/Escaparates-Latas-Tienda-450x338.jpg 450w, https:\/\/madeinzaragoza.es\/blog\/wp-content\/uploads\/2022\/02\/Escaparates-Latas-Tienda-768x576.jpg 768w\" sizes=\"(max-width: 709px) 85vw, (max-width: 909px) 67vw, (max-width: 984px) 61vw, (max-width: 1362px) 45vw, 600px\" \/><\/figure><\/div>\n\n\n\n<p>Por su parte, el escaparate de <a href=\"http:\/\/madeinzaragoza.es\/comercio\/latastienda\/\" target=\"_blank\" rel=\"noreferrer noopener\">Latas Tienda<\/a><strong> <\/strong>(Calle del Pino, 4-6) homenajea a <strong>Mary Anning<\/strong>, la primera paleont\u00f3loga reconocida. De familia pobre, desde ni\u00f1a ayud\u00f3 a su padre a recolectar f\u00f3siles con el fin de venderlos a los turistas. Su trabajo fue clave en el descubrimiento de nuevas especies de reptiles marinos y voladores, contribuyendo as\u00ed a comprender la vida prehist\u00f3rica. Infravalorada en su tiempo por su condici\u00f3n de mujer, no se le permiti\u00f3 publicar. De hecho, algunos ge\u00f3logos usaron sus hallazgos en sus propios trabajos, sin incluirla.<\/p>\n\n\n\n<div class=\"wp-block-image\"><figure class=\"aligncenter size-full\"><img loading=\"lazy\" decoding=\"async\" width=\"800\" height=\"600\" src=\"http:\/\/madeinzaragoza.es\/blog\/wp-content\/uploads\/2022\/02\/Escaparates-La-Rinconada-del-Queso-1.jpg\" alt=\"Escaparates 11F\" class=\"wp-image-33599\" srcset=\"https:\/\/madeinzaragoza.es\/blog\/wp-content\/uploads\/2022\/02\/Escaparates-La-Rinconada-del-Queso-1.jpg 800w, https:\/\/madeinzaragoza.es\/blog\/wp-content\/uploads\/2022\/02\/Escaparates-La-Rinconada-del-Queso-1-450x338.jpg 450w, https:\/\/madeinzaragoza.es\/blog\/wp-content\/uploads\/2022\/02\/Escaparates-La-Rinconada-del-Queso-1-768x576.jpg 768w\" sizes=\"(max-width: 709px) 85vw, (max-width: 909px) 67vw, (max-width: 984px) 61vw, (max-width: 1362px) 45vw, 600px\" \/><\/figure><\/div>\n\n\n\n<p>En la <a href=\"http:\/\/madeinzaragoza.es\/comercio\/la-rinconada-del-queso\/\" target=\"_blank\" rel=\"noreferrer noopener\">Rinconada del Queso<\/a> (Calle M\u00e9ndez N\u00fa\u00f1ez, 5) hemos conocido in situ a <strong>Marta Orduna<\/strong>, ingeniera de Monz\u00f3n, involucrada en trabajos de investigaci\u00f3n de la calidad de experiencia de la realidad virtual y tratamiento de v\u00eddeos. En concreto, Marta estudia las comunicaciones inmersivas aplicadas a la tele-educaci\u00f3n.<\/p>\n\n\n\n<div class=\"wp-block-image\"><figure class=\"aligncenter size-full\"><img loading=\"lazy\" decoding=\"async\" width=\"800\" height=\"600\" src=\"http:\/\/madeinzaragoza.es\/blog\/wp-content\/uploads\/2022\/02\/Escaparates-La-Supreme.jpg\" alt=\"Escaparates 11F\" class=\"wp-image-33601\" srcset=\"https:\/\/madeinzaragoza.es\/blog\/wp-content\/uploads\/2022\/02\/Escaparates-La-Supreme.jpg 800w, https:\/\/madeinzaragoza.es\/blog\/wp-content\/uploads\/2022\/02\/Escaparates-La-Supreme-450x338.jpg 450w, https:\/\/madeinzaragoza.es\/blog\/wp-content\/uploads\/2022\/02\/Escaparates-La-Supreme-768x576.jpg 768w\" sizes=\"(max-width: 709px) 85vw, (max-width: 909px) 67vw, (max-width: 984px) 61vw, (max-width: 1362px) 45vw, 600px\" \/><\/figure><\/div>\n\n\n\n<p>El escaparate de <a href=\"http:\/\/madeinzaragoza.es\/comercio\/la-suprema\/\" target=\"_blank\" rel=\"noreferrer noopener\">La Suprema<\/a><strong> <\/strong>(Avenida de C\u00e9sar Augusto, 76) ha estado dedicado a <strong>Marta Fabre<\/strong>, del Servicio de Bioqu\u00edmica Cl\u00ednica del Hospital Cl\u00ednico Universitario Lozano Blesa. Su tesis doctoral se centra en el resultado perinatal adverso tras la infecci\u00f3n por COVID-19 en gestantes.<\/p>\n\n\n\n<div class=\"wp-block-image\"><figure class=\"aligncenter size-full\"><img loading=\"lazy\" decoding=\"async\" width=\"800\" height=\"600\" src=\"http:\/\/madeinzaragoza.es\/blog\/wp-content\/uploads\/2022\/02\/Escaparates-El-Armadillo-Ilustrado.jpg\" alt=\"Escaparates 11F\" class=\"wp-image-33596\" srcset=\"https:\/\/madeinzaragoza.es\/blog\/wp-content\/uploads\/2022\/02\/Escaparates-El-Armadillo-Ilustrado.jpg 800w, https:\/\/madeinzaragoza.es\/blog\/wp-content\/uploads\/2022\/02\/Escaparates-El-Armadillo-Ilustrado-450x338.jpg 450w, https:\/\/madeinzaragoza.es\/blog\/wp-content\/uploads\/2022\/02\/Escaparates-El-Armadillo-Ilustrado-768x576.jpg 768w\" sizes=\"(max-width: 709px) 85vw, (max-width: 909px) 67vw, (max-width: 984px) 61vw, (max-width: 1362px) 45vw, 600px\" \/><\/figure><\/div>\n\n\n\n<p>En el escaparate de la librer\u00eda <a href=\"http:\/\/madeinzaragoza.es\/comercio\/el-armadillo-ilustrado\/\" target=\"_blank\" rel=\"noreferrer noopener\">El Armadillo Ilustrado<\/a> (Calle Las Armas, 74) hemos descubierto el trabajo de <strong>Teresa Paneque<\/strong>, astr\u00f3noma, escritora y divulgadora cient\u00edfica. Sus referentes fueron su familia y sus profesoras.Ha publicado su primer libro de ficci\u00f3n, sobre Carlota, una ni\u00f1a que pese a que no le gustan las ciencias, aprende de ellas con su profesora y amigas.<\/p>\n\n\n\n<div class=\"wp-block-image\"><figure class=\"aligncenter size-full\"><img loading=\"lazy\" decoding=\"async\" width=\"800\" height=\"600\" src=\"http:\/\/madeinzaragoza.es\/blog\/wp-content\/uploads\/2022\/02\/Escaparates-Herbolario-San-Pablo.jpg\" alt=\"Escaparates 11F\" class=\"wp-image-33598\" srcset=\"https:\/\/madeinzaragoza.es\/blog\/wp-content\/uploads\/2022\/02\/Escaparates-Herbolario-San-Pablo.jpg 800w, https:\/\/madeinzaragoza.es\/blog\/wp-content\/uploads\/2022\/02\/Escaparates-Herbolario-San-Pablo-450x338.jpg 450w, https:\/\/madeinzaragoza.es\/blog\/wp-content\/uploads\/2022\/02\/Escaparates-Herbolario-San-Pablo-768x576.jpg 768w\" sizes=\"(max-width: 709px) 85vw, (max-width: 909px) 67vw, (max-width: 984px) 61vw, (max-width: 1362px) 45vw, 600px\" \/><\/figure><\/div>\n\n\n\n<p>Gracias al <a href=\"http:\/\/madeinzaragoza.es\/comercio\/herbolario-san-pablo\/\" target=\"_blank\" rel=\"noreferrer noopener\">Herbolario San Pablo<\/a> (Calle San Pablo, 57) hemos conocido el trabajo de <strong>Tu Youyou<\/strong>, m\u00e9dica y qu\u00edmica farmac\u00e9utica china. Descubri\u00f3 la Artemisinina, un extracto de una planta que se utiliza para tratar la malaria. Un hallazgo que ha sido considerado como el descubrimiento m\u00e1s importante de medicina tropical en el siglo XX. De hecho, este hallazgo la hizo merecedora del Premio Nobel de Medicina en 2015.<\/p>\n\n\n\n<div class=\"wp-block-image\"><figure class=\"aligncenter size-full\"><img loading=\"lazy\" decoding=\"async\" width=\"800\" height=\"600\" src=\"http:\/\/madeinzaragoza.es\/blog\/wp-content\/uploads\/2022\/02\/Escaparates-Medicus-Mundi.jpg\" alt=\"Escaparates 11F \" class=\"wp-image-33603\" srcset=\"https:\/\/madeinzaragoza.es\/blog\/wp-content\/uploads\/2022\/02\/Escaparates-Medicus-Mundi.jpg 800w, https:\/\/madeinzaragoza.es\/blog\/wp-content\/uploads\/2022\/02\/Escaparates-Medicus-Mundi-450x338.jpg 450w, https:\/\/madeinzaragoza.es\/blog\/wp-content\/uploads\/2022\/02\/Escaparates-Medicus-Mundi-768x576.jpg 768w\" sizes=\"(max-width: 709px) 85vw, (max-width: 909px) 67vw, (max-width: 984px) 61vw, (max-width: 1362px) 45vw, 600px\" \/><\/figure><\/div>\n\n\n\n<p>En <a href=\"http:\/\/madeinzaragoza.es\/comercio\/espacio-mundi\/\" target=\"_blank\" rel=\"noreferrer noopener\">Espacio Mundi<\/a><strong> <\/strong>(Calle San Blas, 79) hemos conocido a la cient\u00edfica <strong>Beatriz Latre<\/strong>, quien se especializ\u00f3 en qu\u00edmica sostenible y en la integraci\u00f3n de factores como el medio ambiente en los sistemas de gesti\u00f3n. Apasionada por la ciencia y la divulgaci\u00f3n, su \u00faltimo proyecto es un videojuego: @HiScoreScience.\u00a0 Se trata de un juego gratuito de preguntas y respuestas sobre ciencia, en espa\u00f1ol e ingl\u00e9s, para dispositivos m\u00f3viles y para PC.<\/p>\n\n\n\n<div class=\"wp-block-image\"><figure class=\"aligncenter size-full\"><img loading=\"lazy\" decoding=\"async\" width=\"800\" height=\"600\" src=\"http:\/\/madeinzaragoza.es\/blog\/wp-content\/uploads\/2022\/02\/Escaparates-Niubi.jpg\" alt=\"Escaparates 11F\" class=\"wp-image-33604\" srcset=\"https:\/\/madeinzaragoza.es\/blog\/wp-content\/uploads\/2022\/02\/Escaparates-Niubi.jpg 800w, https:\/\/madeinzaragoza.es\/blog\/wp-content\/uploads\/2022\/02\/Escaparates-Niubi-450x338.jpg 450w, https:\/\/madeinzaragoza.es\/blog\/wp-content\/uploads\/2022\/02\/Escaparates-Niubi-768x576.jpg 768w\" sizes=\"(max-width: 709px) 85vw, (max-width: 909px) 67vw, (max-width: 984px) 61vw, (max-width: 1362px) 45vw, 600px\" \/><\/figure><\/div>\n\n\n\n<p>Terminando la ruta, el escaparate de <a href=\"http:\/\/madeinzaragoza.es\/comercio\/niubit\/\" target=\"_blank\" rel=\"noreferrer noopener\">Niubit<\/a> (Calle Predicadores, 85) ha homenajeado a <strong>Susana Romero<\/strong>, ingeniera qu\u00edmica especialista en salud laboral. Ella misma nos ha explicado su trabajo, centrado en el desarrollo de soluciones inform\u00e1ticas al servicio de los sistemas de gesti\u00f3n QEHS, asesorando a empresas y construyendo entornos de trabajo seguros y sostenibles. Adem\u00e1s, como miembro de la Asociaci\u00f3n de Mujeres Investigadoras y Tecn\u00f3logas, MulleresTech y mentora InspiraSTEAM asesora a estudiantes y emprendedores en \u00e1reas de ingenier\u00eda, tecnolog\u00eda, salud y seguridad as\u00ed como en proyectos de digitalizaci\u00f3n y gesti\u00f3n del cambio.<\/p>\n\n\n\n<p>En cada una de las paradas de la cuarta ruta de escaparates de los comercios MIZ, se han presentado a estas cient\u00edficas de una manera amena y divertida, capaz de llegar a grandes y peque\u00f1os que all\u00ed est\u00e1bamos presentes.<\/p>\n","protected":false},"excerpt":{"rendered":"<p>Ocho mujeres cient\u00edficas, de todas las partes del mundo y de todas las \u00e9pocas han llenado los escaparates de los comercios MIZ en Zaragoza, en la cuarta ruta de los #escaparates11F, por el Casco Hist\u00f3rico. Alejandra Vicente de Vera, Katalina Kariko, Marta Orduna, Mary Anning, Marta Fabre, Tu Youyou, Beatriz Latre y Susana Romero han &hellip; <a href=\"https:\/\/madeinzaragoza.es\/blog\/escaparates-11f-ruta-por-el-casco-historico\/\" class=\"more-link\">Continuar leyendo<span class=\"screen-reader-text\"> \u00abEscaparates 11F: Ocho mujeres cient\u00edficas protagonistas de los comercios de la 4\u00aa ruta por el Casco Hist\u00f3rico\u00bb<\/span><\/a><\/p>\n","protected":false},"author":77,"featured_media":33605,"comment_status":"open","ping_status":"open","sticky":false,"template":"","format":"standard","meta":{"footnotes":""},"categories":[7,8],"tags":[1693,2477,280,2476,2245,2319,2481,2480,2478,2482,2474,2479],"yoast_head":"<!-- This site is optimized with the Yoast SEO plugin v19.7.2 - https:\/\/yoast.com\/wordpress\/plugins\/seo\/ -->\n<title>Escaparates 11F: Ocho mujeres cient\u00edficas protagonistas de los comercios de la 4\u00aa ruta por el Casco Hist\u00f3rico - Made in Zaragoza<\/title>\n<meta name=\"description\" content=\"Ocho mujeres cient\u00edficas han llenado los escaparates de los comercios de la cuarta ruta por los Escaparates 11F del Casco Hist\u00f3rico\" \/>\n<meta name=\"robots\" content=\"index, follow, max-snippet:-1, max-image-preview:large, max-video-preview:-1\" \/>\n<link rel=\"canonical\" href=\"http:\/\/madeinzaragoza.es\/blog\/escaparates-11f-ruta-por-el-casco-historico\/\" \/>\n<meta property=\"og:locale\" content=\"es_ES\" \/>\n<meta property=\"og:type\" content=\"article\" \/>\n<meta property=\"og:title\" content=\"Escaparates 11F: Ocho mujeres cient\u00edficas protagonistas de los comercios de la 4\u00aa ruta por el Casco Hist\u00f3rico - Made in Zaragoza\" \/>\n<meta property=\"og:description\" content=\"Ocho mujeres cient\u00edficas han llenado los escaparates de los comercios de la cuarta ruta por los Escaparates 11F del Casco Hist\u00f3rico\" \/>\n<meta property=\"og:url\" content=\"http:\/\/madeinzaragoza.es\/blog\/escaparates-11f-ruta-por-el-casco-historico\/\" \/>\n<meta property=\"og:site_name\" content=\"Made in Zaragoza\" \/>\n<meta property=\"article:publisher\" content=\"https:\/\/www.facebook.com\/madeinzaragoza.es\/\" \/>\n<meta property=\"article:published_time\" content=\"2022-02-19T21:46:00+00:00\" \/>\n<meta property=\"article:modified_time\" content=\"2022-02-20T00:47:08+00:00\" \/>\n<meta property=\"og:image\" content=\"http:\/\/madeinzaragoza.es\/blog\/wp-content\/uploads\/2022\/02\/Escaparates-Portada.jpg\" \/>\n\t<meta property=\"og:image:width\" content=\"800\" \/>\n\t<meta property=\"og:image:height\" content=\"600\" \/>\n\t<meta property=\"og:image:type\" content=\"image\/jpeg\" \/>\n<meta name=\"author\" content=\"Alicia Pina\" \/>\n<meta name=\"twitter:card\" content=\"summary\" \/>\n<meta name=\"twitter:creator\" content=\"@madeinzaragoza\" \/>\n<meta name=\"twitter:site\" content=\"@madeinzaragoza\" \/>\n<meta name=\"twitter:label1\" content=\"Escrito por\" \/>\n\t<meta name=\"twitter:data1\" content=\"Alicia Pina\" \/>\n\t<meta name=\"twitter:label2\" content=\"Tiempo de lectura\" \/>\n\t<meta name=\"twitter:data2\" content=\"6 minutos\" \/>\n<script type=\"application\/ld+json\" class=\"yoast-schema-graph\">{\"@context\":\"https:\/\/schema.org\",\"@graph\":[{\"@type\":\"Article\",\"@id\":\"http:\/\/madeinzaragoza.es\/blog\/escaparates-11f-ruta-por-el-casco-historico\/#article\",\"isPartOf\":{\"@id\":\"http:\/\/madeinzaragoza.es\/blog\/escaparates-11f-ruta-por-el-casco-historico\/\"},\"author\":{\"name\":\"Alicia Pina\",\"@id\":\"https:\/\/madeinzaragoza.es\/blog\/#\/schema\/person\/0472ffa4d02b212287f7a51b4b228c25\"},\"headline\":\"Escaparates 11F: Ocho mujeres cient\u00edficas protagonistas de los comercios de la 4\u00aa ruta por el Casco Hist\u00f3rico\",\"datePublished\":\"2022-02-19T21:46:00+00:00\",\"dateModified\":\"2022-02-20T00:47:08+00:00\",\"mainEntityOfPage\":{\"@id\":\"http:\/\/madeinzaragoza.es\/blog\/escaparates-11f-ruta-por-el-casco-historico\/\"},\"wordCount\":882,\"commentCount\":0,\"publisher\":{\"@id\":\"https:\/\/madeinzaragoza.es\/blog\/#organization\"},\"keywords\":[\"11 de Febrero\",\"De Tarros\",\"el armadillo ilustrado\",\"Erre que Erre\",\"escaparates11f\",\"espacio mundi\",\"Herbolario San Pablo\",\"La Suprema\",\"Latas Tienda\",\"Niubit\",\"paseos con ciencia\",\"Rinconada del Queso\"],\"articleSection\":[\"Qu\u00e9 hacer\",\"Red MIZ\"],\"inLanguage\":\"es\",\"potentialAction\":[{\"@type\":\"CommentAction\",\"name\":\"Comment\",\"target\":[\"http:\/\/madeinzaragoza.es\/blog\/escaparates-11f-ruta-por-el-casco-historico\/#respond\"]}]},{\"@type\":\"WebPage\",\"@id\":\"http:\/\/madeinzaragoza.es\/blog\/escaparates-11f-ruta-por-el-casco-historico\/\",\"url\":\"http:\/\/madeinzaragoza.es\/blog\/escaparates-11f-ruta-por-el-casco-historico\/\",\"name\":\"Escaparates 11F: Ocho mujeres cient\u00edficas protagonistas de los comercios de la 4\u00aa ruta por el Casco Hist\u00f3rico - Made in Zaragoza\",\"isPartOf\":{\"@id\":\"https:\/\/madeinzaragoza.es\/blog\/#website\"},\"datePublished\":\"2022-02-19T21:46:00+00:00\",\"dateModified\":\"2022-02-20T00:47:08+00:00\",\"description\":\"Ocho mujeres cient\u00edficas han llenado los escaparates de los comercios de la cuarta ruta por los Escaparates 11F del Casco Hist\u00f3rico\",\"breadcrumb\":{\"@id\":\"http:\/\/madeinzaragoza.es\/blog\/escaparates-11f-ruta-por-el-casco-historico\/#breadcrumb\"},\"inLanguage\":\"es\",\"potentialAction\":[{\"@type\":\"ReadAction\",\"target\":[\"http:\/\/madeinzaragoza.es\/blog\/escaparates-11f-ruta-por-el-casco-historico\/\"]}]},{\"@type\":\"BreadcrumbList\",\"@id\":\"http:\/\/madeinzaragoza.es\/blog\/escaparates-11f-ruta-por-el-casco-historico\/#breadcrumb\",\"itemListElement\":[{\"@type\":\"ListItem\",\"position\":1,\"name\":\"Portada\",\"item\":\"https:\/\/madeinzaragoza.es\/blog\/\"},{\"@type\":\"ListItem\",\"position\":2,\"name\":\"Escaparates 11F: Ocho mujeres cient\u00edficas protagonistas de los comercios de la 4\u00aa ruta por el Casco Hist\u00f3rico\"}]},{\"@type\":\"WebSite\",\"@id\":\"https:\/\/madeinzaragoza.es\/blog\/#website\",\"url\":\"https:\/\/madeinzaragoza.es\/blog\/\",\"name\":\"Made in Zaragoza\",\"description\":\"Blog de MadeinZGZ, Red de Econom\u00eda Creativa de Zaragoza\",\"publisher\":{\"@id\":\"https:\/\/madeinzaragoza.es\/blog\/#organization\"},\"potentialAction\":[{\"@type\":\"SearchAction\",\"target\":{\"@type\":\"EntryPoint\",\"urlTemplate\":\"https:\/\/madeinzaragoza.es\/blog\/?s={search_term_string}\"},\"query-input\":\"required name=search_term_string\"}],\"inLanguage\":\"es\"},{\"@type\":\"Organization\",\"@id\":\"https:\/\/madeinzaragoza.es\/blog\/#organization\",\"name\":\"Made In Zaragoza\",\"url\":\"https:\/\/madeinzaragoza.es\/blog\/\",\"sameAs\":[\"https:\/\/www.instagram.com\/madeinzaragoza.es\/\",\"https:\/\/www.facebook.com\/madeinzaragoza.es\/\",\"https:\/\/twitter.com\/madeinzaragoza\"],\"logo\":{\"@type\":\"ImageObject\",\"inLanguage\":\"es\",\"@id\":\"https:\/\/madeinzaragoza.es\/blog\/#\/schema\/logo\/image\/\",\"url\":\"https:\/\/madeinzaragoza.es\/blog\/wp-content\/uploads\/2022\/05\/logo.png\",\"contentUrl\":\"https:\/\/madeinzaragoza.es\/blog\/wp-content\/uploads\/2022\/05\/logo.png\",\"width\":193,\"height\":176,\"caption\":\"Made In Zaragoza\"},\"image\":{\"@id\":\"https:\/\/madeinzaragoza.es\/blog\/#\/schema\/logo\/image\/\"}},{\"@type\":\"Person\",\"@id\":\"https:\/\/madeinzaragoza.es\/blog\/#\/schema\/person\/0472ffa4d02b212287f7a51b4b228c25\",\"name\":\"Alicia Pina\",\"image\":{\"@type\":\"ImageObject\",\"inLanguage\":\"es\",\"@id\":\"https:\/\/madeinzaragoza.es\/blog\/#\/schema\/person\/image\/\",\"url\":\"https:\/\/secure.gravatar.com\/avatar\/c3cb732314cdbf686670723d427115e2?s=96&d=mm&r=g\",\"contentUrl\":\"https:\/\/secure.gravatar.com\/avatar\/c3cb732314cdbf686670723d427115e2?s=96&d=mm&r=g\",\"caption\":\"Alicia Pina\"},\"description\":\"Periodista por vocaci\u00f3n. Trabaj\u00e9 durante muchos a\u00f1os en diferentes radios locales, aunque siempre me apasion\u00f3 el mundo del dise\u00f1o. Ahora mi mayor hobbie es mi trabajo y creo regalos personalizados en ailoviu.net, un trabajo que me permite disfrutar tambi\u00e9n de mi gran pasi\u00f3n, mi hija. Adem\u00e1s de escribir en varios blogs. \u00bfTe gustar\u00eda conocer m\u00e1s sobre la ciudad a trav\u00e9s de mis textos en Made in Zaragoza? Entonces, qu\u00e9date por aqu\u00ed\u2026\",\"url\":\"https:\/\/madeinzaragoza.es\/blog\/author\/aliciabarcelona\/\"}]}<\/script>\n<!-- \/ Yoast SEO plugin. -->","yoast_head_json":{"title":"Escaparates 11F: Ocho mujeres cient\u00edficas protagonistas de los comercios de la 4\u00aa ruta por el Casco Hist\u00f3rico - Made in Zaragoza","description":"Ocho mujeres cient\u00edficas han llenado los escaparates de los comercios de la cuarta ruta por los Escaparates 11F del Casco Hist\u00f3rico","robots":{"index":"index","follow":"follow","max-snippet":"max-snippet:-1","max-image-preview":"max-image-preview:large","max-video-preview":"max-video-preview:-1"},"canonical":"http:\/\/madeinzaragoza.es\/blog\/escaparates-11f-ruta-por-el-casco-historico\/","og_locale":"es_ES","og_type":"article","og_title":"Escaparates 11F: Ocho mujeres cient\u00edficas protagonistas de los comercios de la 4\u00aa ruta por el Casco Hist\u00f3rico - Made in Zaragoza","og_description":"Ocho mujeres cient\u00edficas han llenado los escaparates de los comercios de la cuarta ruta por los Escaparates 11F del Casco Hist\u00f3rico","og_url":"http:\/\/madeinzaragoza.es\/blog\/escaparates-11f-ruta-por-el-casco-historico\/","og_site_name":"Made in Zaragoza","article_publisher":"https:\/\/www.facebook.com\/madeinzaragoza.es\/","article_published_time":"2022-02-19T21:46:00+00:00","article_modified_time":"2022-02-20T00:47:08+00:00","og_image":[{"width":800,"height":600,"url":"http:\/\/madeinzaragoza.es\/blog\/wp-content\/uploads\/2022\/02\/Escaparates-Portada.jpg","type":"image\/jpeg"}],"author":"Alicia Pina","twitter_card":"summary","twitter_creator":"@madeinzaragoza","twitter_site":"@madeinzaragoza","twitter_misc":{"Escrito por":"Alicia Pina","Tiempo de lectura":"6 minutos"},"schema":{"@context":"https:\/\/schema.org","@graph":[{"@type":"Article","@id":"http:\/\/madeinzaragoza.es\/blog\/escaparates-11f-ruta-por-el-casco-historico\/#article","isPartOf":{"@id":"http:\/\/madeinzaragoza.es\/blog\/escaparates-11f-ruta-por-el-casco-historico\/"},"author":{"name":"Alicia Pina","@id":"https:\/\/madeinzaragoza.es\/blog\/#\/schema\/person\/0472ffa4d02b212287f7a51b4b228c25"},"headline":"Escaparates 11F: Ocho mujeres cient\u00edficas protagonistas de los comercios de la 4\u00aa ruta por el Casco Hist\u00f3rico","datePublished":"2022-02-19T21:46:00+00:00","dateModified":"2022-02-20T00:47:08+00:00","mainEntityOfPage":{"@id":"http:\/\/madeinzaragoza.es\/blog\/escaparates-11f-ruta-por-el-casco-historico\/"},"wordCount":882,"commentCount":0,"publisher":{"@id":"https:\/\/madeinzaragoza.es\/blog\/#organization"},"keywords":["11 de Febrero","De Tarros","el armadillo ilustrado","Erre que Erre","escaparates11f","espacio mundi","Herbolario San Pablo","La Suprema","Latas Tienda","Niubit","paseos con ciencia","Rinconada del Queso"],"articleSection":["Qu\u00e9 hacer","Red MIZ"],"inLanguage":"es","potentialAction":[{"@type":"CommentAction","name":"Comment","target":["http:\/\/madeinzaragoza.es\/blog\/escaparates-11f-ruta-por-el-casco-historico\/#respond"]}]},{"@type":"WebPage","@id":"http:\/\/madeinzaragoza.es\/blog\/escaparates-11f-ruta-por-el-casco-historico\/","url":"http:\/\/madeinzaragoza.es\/blog\/escaparates-11f-ruta-por-el-casco-historico\/","name":"Escaparates 11F: Ocho mujeres cient\u00edficas protagonistas de los comercios de la 4\u00aa ruta por el Casco Hist\u00f3rico - Made in Zaragoza","isPartOf":{"@id":"https:\/\/madeinzaragoza.es\/blog\/#website"},"datePublished":"2022-02-19T21:46:00+00:00","dateModified":"2022-02-20T00:47:08+00:00","description":"Ocho mujeres cient\u00edficas han llenado los escaparates de los comercios de la cuarta ruta por los Escaparates 11F del Casco Hist\u00f3rico","breadcrumb":{"@id":"http:\/\/madeinzaragoza.es\/blog\/escaparates-11f-ruta-por-el-casco-historico\/#breadcrumb"},"inLanguage":"es","potentialAction":[{"@type":"ReadAction","target":["http:\/\/madeinzaragoza.es\/blog\/escaparates-11f-ruta-por-el-casco-historico\/"]}]},{"@type":"BreadcrumbList","@id":"http:\/\/madeinzaragoza.es\/blog\/escaparates-11f-ruta-por-el-casco-historico\/#breadcrumb","itemListElement":[{"@type":"ListItem","position":1,"name":"Portada","item":"https:\/\/madeinzaragoza.es\/blog\/"},{"@type":"ListItem","position":2,"name":"Escaparates 11F: Ocho mujeres cient\u00edficas protagonistas de los comercios de la 4\u00aa ruta por el Casco Hist\u00f3rico"}]},{"@type":"WebSite","@id":"https:\/\/madeinzaragoza.es\/blog\/#website","url":"https:\/\/madeinzaragoza.es\/blog\/","name":"Made in Zaragoza","description":"Blog de MadeinZGZ, Red de Econom\u00eda Creativa de Zaragoza","publisher":{"@id":"https:\/\/madeinzaragoza.es\/blog\/#organization"},"potentialAction":[{"@type":"SearchAction","target":{"@type":"EntryPoint","urlTemplate":"https:\/\/madeinzaragoza.es\/blog\/?s={search_term_string}"},"query-input":"required name=search_term_string"}],"inLanguage":"es"},{"@type":"Organization","@id":"https:\/\/madeinzaragoza.es\/blog\/#organization","name":"Made In Zaragoza","url":"https:\/\/madeinzaragoza.es\/blog\/","sameAs":["https:\/\/www.instagram.com\/madeinzaragoza.es\/","https:\/\/www.facebook.com\/madeinzaragoza.es\/","https:\/\/twitter.com\/madeinzaragoza"],"logo":{"@type":"ImageObject","inLanguage":"es","@id":"https:\/\/madeinzaragoza.es\/blog\/#\/schema\/logo\/image\/","url":"https:\/\/madeinzaragoza.es\/blog\/wp-content\/uploads\/2022\/05\/logo.png","contentUrl":"https:\/\/madeinzaragoza.es\/blog\/wp-content\/uploads\/2022\/05\/logo.png","width":193,"height":176,"caption":"Made In Zaragoza"},"image":{"@id":"https:\/\/madeinzaragoza.es\/blog\/#\/schema\/logo\/image\/"}},{"@type":"Person","@id":"https:\/\/madeinzaragoza.es\/blog\/#\/schema\/person\/0472ffa4d02b212287f7a51b4b228c25","name":"Alicia Pina","image":{"@type":"ImageObject","inLanguage":"es","@id":"https:\/\/madeinzaragoza.es\/blog\/#\/schema\/person\/image\/","url":"https:\/\/secure.gravatar.com\/avatar\/c3cb732314cdbf686670723d427115e2?s=96&d=mm&r=g","contentUrl":"https:\/\/secure.gravatar.com\/avatar\/c3cb732314cdbf686670723d427115e2?s=96&d=mm&r=g","caption":"Alicia Pina"},"description":"Periodista por vocaci\u00f3n. Trabaj\u00e9 durante muchos a\u00f1os en diferentes radios locales, aunque siempre me apasion\u00f3 el mundo del dise\u00f1o. Ahora mi mayor hobbie es mi trabajo y creo regalos personalizados en ailoviu.net, un trabajo que me permite disfrutar tambi\u00e9n de mi gran pasi\u00f3n, mi hija. Adem\u00e1s de escribir en varios blogs. \u00bfTe gustar\u00eda conocer m\u00e1s sobre la ciudad a trav\u00e9s de mis textos en Made in Zaragoza? Entonces, qu\u00e9date por aqu\u00ed\u2026","url":"https:\/\/madeinzaragoza.es\/blog\/author\/aliciabarcelona\/"}]}},"_links":{"self":[{"href":"https:\/\/madeinzaragoza.es\/blog\/wp-json\/wp\/v2\/posts\/33594"}],"collection":[{"href":"https:\/\/madeinzaragoza.es\/blog\/wp-json\/wp\/v2\/posts"}],"about":[{"href":"https:\/\/madeinzaragoza.es\/blog\/wp-json\/wp\/v2\/types\/post"}],"author":[{"embeddable":true,"href":"https:\/\/madeinzaragoza.es\/blog\/wp-json\/wp\/v2\/users\/77"}],"replies":[{"embeddable":true,"href":"https:\/\/madeinzaragoza.es\/blog\/wp-json\/wp\/v2\/comments?post=33594"}],"version-history":[{"count":8,"href":"https:\/\/madeinzaragoza.es\/blog\/wp-json\/wp\/v2\/posts\/33594\/revisions"}],"predecessor-version":[{"id":33721,"href":"https:\/\/madeinzaragoza.es\/blog\/wp-json\/wp\/v2\/posts\/33594\/revisions\/33721"}],"wp:featuredmedia":[{"embeddable":true,"href":"https:\/\/madeinzaragoza.es\/blog\/wp-json\/wp\/v2\/media\/33605"}],"wp:attachment":[{"href":"https:\/\/madeinzaragoza.es\/blog\/wp-json\/wp\/v2\/media?parent=33594"}],"wp:term":[{"taxonomy":"category","embeddable":true,"href":"https:\/\/madeinzaragoza.es\/blog\/wp-json\/wp\/v2\/categories?post=33594"},{"taxonomy":"post_tag","embeddable":true,"href":"https:\/\/madeinzaragoza.es\/blog\/wp-json\/wp\/v2\/tags?post=33594"}],"curies":[{"name":"wp","href":"https:\/\/api.w.org\/{rel}","templated":true}]}}