{"id":32518,"date":"2021-09-24T15:27:30","date_gmt":"2021-09-24T14:27:30","guid":{"rendered":"http:\/\/madeinzaragoza.es\/blog\/?p=32518"},"modified":"2021-09-24T15:42:26","modified_gmt":"2021-09-24T14:42:26","slug":"saraqusta-tematica-historica-para-reubicar-zaragoza-mapa-festivales-de-cine","status":"publish","type":"post","link":"https:\/\/madeinzaragoza.es\/blog\/saraqusta-tematica-historica-para-reubicar-zaragoza-mapa-festivales-de-cine\/","title":{"rendered":"Saraqusta: tem\u00e1tica hist\u00f3rica para reubicar Zaragoza en el mapa de los festivales de cine"},"content":{"rendered":"\n<h2 class=\"wp-block-heading\">La primera edici\u00f3n del Saraqusta Film Festival, el Festival Internacional de Zaragoza de Cine y Series de Historia, se desarrolla hasta el 2 de octubre<\/h2>\n\n\n\n<p><\/p>\n\n\n\n<p><strong>Destacar en el microcosmos de los festivales cinematogr\u00e1ficos de Espa\u00f1a reviste una enorme dificultad<\/strong> e implica a\u00f1os de trabajo. Cabe apuntar que <strong>las citas de mayor recorrido<\/strong> y evocaci\u00f3n cuentan, entre otros rasgos, con <strong>presupuestos de millones de euros<\/strong> y una firme colaboraci\u00f3n de instituciones p\u00fablicas y empresas privadas. <strong>Zaragoza quiere redefinirse y reubicarse en este terreno y el Ayuntamiento ha apostado por una v\u00eda alternativa, la de la especializaci\u00f3n, materializada en el <a href=\"https:\/\/saraqustafilmfestival.com\/\" target=\"_blank\" rel=\"noreferrer noopener nofollow\">Saraqusta Film Festival<\/a><\/strong>, el Festival Internacional de Zaragoza de Cine y Series de Historia, cuyo debut se desarrolla <strong>del 26 de septiembre al 2 de octubre<\/strong>. Una primera edici\u00f3n de rodaje para la organizaci\u00f3n y de novedad y descubrimiento para el espectador. La consolidaci\u00f3n y el crecimiento, sobre todo en lo referente a la proyecci\u00f3n exterior, simbolizan el deseado horizonte a medio plazo.<\/p>\n\n\n\n<p>Detr\u00e1s de Saraqusta, en la direcci\u00f3n, se encuentra <strong>Jos\u00e9 \u00c1ngel Delgado, ide\u00f3logo de la propuesta por la que se decant\u00f3 Zaragoza Cultural<\/strong>. El productor y realizador, responsable de Cosmos Fan y que en una etapa anterior estuvo al frente de la Academia del Cine Aragon\u00e9s (ACA), emprende una labor que le atra\u00eda y que se ajusta a su l\u00ednea profesional de crear desde diferentes perspectivas y vertientes. <strong>Se\u00f1ala que el festival nace con una doble vocaci\u00f3n, la de adquirir car\u00e1cter internacional y la de mirar \u00abhacia dentro\u00bb, hacia la ciudad<\/strong>. Respecto a lo segundo, recuerda que las propuestas de \u00edndole hist\u00f3rica suelen contar con \u00abel favor del p\u00fablico\u00bb local. \u00abCreo que di en la clave, es un tema interesante y con potencial\u00bb, resalta tambi\u00e9n en alusi\u00f3n a lo que se puede conseguir con la especializaci\u00f3n.<\/p>\n\n\n\n<p><\/p>\n\n\n\n<div class=\"wp-block-image\"><figure class=\"aligncenter size-large\"><img loading=\"lazy\" decoding=\"async\" width=\"994\" height=\"252\" src=\"http:\/\/madeinzaragoza.es\/blog\/wp-content\/uploads\/2021\/09\/Saraqusta-dentro.jpg\" alt=\"La imagen gr\u00e1fica del Saraqusta Film Festival\" class=\"wp-image-32525\" srcset=\"https:\/\/madeinzaragoza.es\/blog\/wp-content\/uploads\/2021\/09\/Saraqusta-dentro.jpg 994w, https:\/\/madeinzaragoza.es\/blog\/wp-content\/uploads\/2021\/09\/Saraqusta-dentro-450x114.jpg 450w, https:\/\/madeinzaragoza.es\/blog\/wp-content\/uploads\/2021\/09\/Saraqusta-dentro-768x195.jpg 768w\" sizes=\"(max-width: 709px) 85vw, (max-width: 909px) 67vw, (max-width: 1362px) 62vw, 840px\" \/><figcaption>La imagen gr\u00e1fica del Saraqusta Film Festival<\/figcaption><\/figure><\/div>\n\n\n\n<p><\/p>\n\n\n\n<p><strong>Desde fuera choca que el Ayuntamiento haya promovido una iniciativa de estas caracter\u00edsticas en lugar de potenciar el <a href=\"http:\/\/madeinzaragoza.es\/blog\/25-festival-de-cine-de-zaragoza-del-aniversario-especial-a-la-via-online-en-una-edicion-atipica\/\" target=\"_blank\" rel=\"noreferrer noopener\">Festival de Cine de Zaragoza (FCZ)<\/a><\/strong>, consolidado dentro de que le urg\u00eda introducir cambios y depurar la redefinici\u00f3n que hab\u00eda emprendido, as\u00ed como disponer de mayores respaldos. El FCZ, cuya 26 edici\u00f3n acontece a finales de noviembre y que hace tres a\u00f1os lanz\u00f3 la secci\u00f3n paralela Visiones de la Historia, queda en segundo t\u00e9rmino y centrado por ahora en su origen, los cortos de ficci\u00f3n.<\/p>\n\n\n\n<p>Delgado, que form\u00f3 parte de un comit\u00e9 asesor para fortalecer el FCZ, explica que a dicho festival se le ofreci\u00f3 sumarse a Saraqusta y que al final, en su derecho, prefiri\u00f3 mantener su camino. <strong>Matiza que el FCZ cuenta con el apoyo econ\u00f3mico del Ayuntamiento pero pertenece a una asociaci\u00f3n cultural<\/strong> (con su director Jos\u00e9 Luis Anchelergues al frente), <strong>mientras que Saraqusta es impulsado y articulado por el Consistorio<\/strong>. Delgado desea que el FCZ prospere y se reoriente y se posiciona a favor de la compatibilidad y de que nunca se bloqueen otras ideas creativas.<\/p>\n\n\n\n<p>A lo largo de una semana Saraqusta exhibe <strong>17 producciones entre pel\u00edculas de ficci\u00f3n, documentales y series. La secci\u00f3n oficial consta de dos apartados y compiten cinco largos y cinco documentales<\/strong>. Como suele ser habitual en los festivales, los t\u00edtulos elegidos para la inauguraci\u00f3n y la clausura, el documental aragon\u00e9s &#8216;Bu\u00f1uel. Un cineasta surrealista&#8217; y el docudrama canadiense &#8216;Waiting for Waldemar&#8217;, se proyectan fuera de concurso.<\/p>\n\n\n\n<p><strong>En esta primera edici\u00f3n no compiten las series, que comienzan como un complemento que coger\u00e1 mayor peso<\/strong> conforme la marca Saraqusta sea m\u00e1s conocida (en este apartado se da la circunstancia de que hay festivales especializados bastante asentados) y se estrechen las colaboraciones con las televisiones nacionales. <strong>No obstante, la propia denominaci\u00f3n del festival y el hecho de que se homenajee a Javier Olivares, creador de &#8216;El Ministerio del Tiempo<\/strong>&#8216;, ya de culto, <strong>y al actor Rodolfo Sancho<\/strong>, uno de sus rostros, <strong>ya indican la importancia que se le concede a las series<\/strong>, cuyas sesiones tienen lugar (al igual que los documentales) en Cines Palafox.<\/p>\n\n\n\n<p><\/p>\n\n\n\n<h3 class=\"wp-block-heading\">La programaci\u00f3n de Saraqusta<\/h3>\n\n\n\n<p><\/p>\n\n\n\n<div class=\"wp-block-image\"><figure class=\"aligncenter size-large is-resized\"><img loading=\"lazy\" decoding=\"async\" src=\"http:\/\/madeinzaragoza.es\/blog\/wp-content\/uploads\/2021\/09\/Saraqusta-cartel-oficial.png\" alt=\"El cartel oficial del Saraqusta Film Festival, dise\u00f1ado por Marta Mart\u00ednez\" class=\"wp-image-32523\" width=\"446\" height=\"632\" srcset=\"https:\/\/madeinzaragoza.es\/blog\/wp-content\/uploads\/2021\/09\/Saraqusta-cartel-oficial.png 595w, https:\/\/madeinzaragoza.es\/blog\/wp-content\/uploads\/2021\/09\/Saraqusta-cartel-oficial-318x450.png 318w\" sizes=\"(max-width: 446px) 85vw, 446px\" \/><figcaption>El cartel oficial del Saraqusta Film Festival, dise\u00f1ado por Marta Mart\u00ednez<\/figcaption><\/figure><\/div>\n\n\n\n<p><\/p>\n\n\n\n<p>En el marco de esta vertiente se mostrar\u00e1n el <strong>episodio de la mencionada serie rodado en el Monasterio de Veruela que giraba en torno a Gustavo Adolfo B\u00e9cquer<\/strong> as\u00ed como cap\u00edtulos de <strong>&#8216;Hero\u00ednas con ma\u00f1a&#8217;<\/strong>, de Mirella R. Abrisqueta y sobre las mujeres de Los Sitios, de la producci\u00f3n latina <strong>&#8216;Rubirosa&#8217;<\/strong> (con Manolo Cardona y Jorge Perugorr\u00eda), de <strong>&#8216;Isabel&#8217;<\/strong> (en concreto el de la boda con Fernando el Cat\u00f3lico) y de <strong>&#8216;In\u00e9s del alma m\u00eda&#8217;<\/strong>, miniserie con Elena Rivera y Eduardo Noriega (se proyecta el primero).<\/p>\n\n\n\n<p>Los principales premios de Saraqusta son <strong>el Drag\u00f3n de Oro a la Mejor Pel\u00edcula y el Drag\u00f3n de Oro al Mejor Documental. Adem\u00e1s se otorgar\u00e1n dragones de plata a direcci\u00f3n, actor, actriz y gui\u00f3n<\/strong>, galardones completados con el del<strong> jurado joven. La inspiraci\u00f3n en la f\u00f3rmula del Festival de San Sebasti\u00e1n<\/strong>, con la Concha de Oro y las de Plata, resulta patente. Claude Coret, Orencio Boix, Ram\u00f3n Betr\u00e1n, Ana Puyol e Irene Alqu\u00e9zar integran el jurado de las dos secciones oficiales.<\/p>\n\n\n\n<p>El <strong>mayor atractivo cin\u00e9filo reside a priori en las pel\u00edculas<\/strong>. En el Cine Cervantes se proyectar\u00e1n <strong>la turca &#8216;Tierra lejana&#8217;, la serbia &#8216;El nombre de la gente&#8217;, la espa\u00f1ola &#8216;La mancha negra&#8217;<\/strong>, que motivar\u00e1 la presencia en Saraqusta del conocido Pablo Puyol, <strong>la francesa &#8216;Delicioso&#8217; y la ucraniana &#8216;Bastardos sin gloria&#8217;.<\/strong><\/p>\n\n\n\n<p>En cuanto a los<strong> documentales<\/strong>, compiten <strong>la obra aragonesa &#8216;Pierres Vedel y la magia del agua&#8217;<\/strong>, de Jos\u00e9 \u00c1ngel Guimer\u00e1, <strong>la producci\u00f3n italiana &#8216;Marzo. Cr\u00f3nicas de una vida&#8217;, las francesas &#8216;The spanish flu&#8217; y &#8216;Les damn\u00e9s de la commune&#8217; y la espa\u00f1ola &#8216;Estos muros&#8217;.<\/strong><\/p>\n\n\n\n<p>Delgado afirma que es un festival \u00abbien construido\u00bb y que adem\u00e1s se favorece de la <strong>\u00abuni\u00f3n de esfuerzos\u00bb<\/strong> de profesionales representativos del audiovisual aragon\u00e9s. En las distintas \u00e1reas de coordinaci\u00f3n participan <strong>Teresa Azcona, Gaizka Urresti, Pablo Arag\u00fc\u00e9s, Isabel Soria, Jos\u00e9 Manuel Herr\u00e1iz, Vicky Calavia, Ana Asi\u00f3n y Natalia Yagu\u00eb<\/strong>.<\/p>\n\n\n\n<p>El responsable de Saraqusta expone que <strong>\u00abcuando naces, es fundamental que el espectador tenga claro qu\u00e9 ofreces\u00bb, de ah\u00ed el rasgo caracter\u00edstico de una programaci\u00f3n diaria &#8216;limpia&#8217; y ordenada<\/strong>. No contraprogramarse y pisarse el pie con sesiones simult\u00e1neas constituye una premisa b\u00e1sica, al menos en los inicios de la cita. <strong>Las ma\u00f1anas est\u00e1n dedicadas a las ruedas de prensa y a las mesas redondas en el Museo del Teatro de Caesaraugusta y las tardes, a las proyecciones en Palafox y Cervantes<\/strong>. Y siempre a las mismas horas: a las 16.30, el documental;&nbsp; a las 18.30, la serie; y a las 20.30, la pel\u00edcula.<\/p>\n\n\n\n<p><\/p>\n\n\n\n<h3 class=\"wp-block-heading\">La inauguraci\u00f3n y la clausura, casos especiales<\/h3>\n\n\n\n<p><\/p>\n\n\n\n<p>Esa din\u00e1mica se aplica de lunes 27 a viernes 1 porque<strong> las jornadas de inauguraci\u00f3n y clausura, como mandan los c\u00e1nones, tienen una entidad diferente<\/strong>. Saraqusta arranca de modo oficial este <strong>domingo a las 19.00 con un acto teatralizado en la Plaza del Pilar con Alfonso Desentre y Alba Gallego<\/strong> y con la cuesti\u00f3n del <strong>viaje en el tiempo<\/strong> y el reflejo de distintas \u00e9pocas de la ciudad como doble hilo conductor.<strong> Despu\u00e9s, a las 20.30 en el Cine Cervantes<\/strong>, <strong>en una sesi\u00f3n presentada por Alejandra Andreu<\/strong>,<strong> Javier Espada estrena en Zaragoza &#8216;Bu\u00f1uel. Un cineasta surrealista<\/strong>&#8216;.<\/p>\n\n\n\n<p><\/p>\n\n\n\n<div class=\"wp-block-image\"><figure class=\"aligncenter size-large is-resized\"><img loading=\"lazy\" decoding=\"async\" src=\"http:\/\/madeinzaragoza.es\/blog\/wp-content\/uploads\/2021\/09\/Doc-Bu\u00f1uel-Espada.jpeg\" alt=\"El cartel del documental 'Bu\u00f1uel. Un cineasta surrealista'\" class=\"wp-image-32532\" width=\"436\" height=\"623\" srcset=\"https:\/\/madeinzaragoza.es\/blog\/wp-content\/uploads\/2021\/09\/Doc-Bu\u00f1uel-Espada.jpeg 581w, https:\/\/madeinzaragoza.es\/blog\/wp-content\/uploads\/2021\/09\/Doc-Bu\u00f1uel-Espada-315x450.jpeg 315w\" sizes=\"(max-width: 436px) 85vw, 436px\" \/><figcaption>El cartel del documental &#8216;Bu\u00f1uel. Un cineasta surrealista&#8217;<\/figcaption><\/figure><\/div>\n\n\n\n<p><\/p>\n\n\n\n<p><strong>El documental ha pasado por las secciones paralelas Made in Spain de San Sebasti\u00e1n y Cannes Classics del Festival de Cannes<\/strong>, con la que se ha establecido un hermanamiento. Al respecto de haber elegido una obra en torno al maestro Bu\u00f1uel, Delgado indica lo bien que encajaba iniciar Saraqusta con una alusi\u00f3n a la historia del cine a trav\u00e9s de la de un creador como el calandino.<\/p>\n\n\n\n<p>El <strong>domingo 2 de octubre<\/strong> se celebrar\u00e1, <strong>tambi\u00e9n a las 20.30 y en el Cervantes<\/strong>, la gala de <strong>clausura, dedicada al palmar\u00e9s, a los homenajes a Sancho y Olivares y a la proyecci\u00f3n de &#8216;Waiting for Waldemar&#8217;<\/strong>. Delgado apunta que su presentador, el actor zaragozano <strong>Gerald B. Fillmore<\/strong>, simboliza \u201ctodo lo que Saraqusta quiere transmitir\u201d en su cierre.<\/p>\n","protected":false},"excerpt":{"rendered":"<p>La primera edici\u00f3n del Saraqusta Film Festival, el Festival Internacional de Zaragoza de Cine y Series de Historia, se desarrolla hasta el 2 de octubre Destacar en el microcosmos de los festivales cinematogr\u00e1ficos de Espa\u00f1a reviste una enorme dificultad e implica a\u00f1os de trabajo. Cabe apuntar que las citas de mayor recorrido y evocaci\u00f3n cuentan, &hellip; <a href=\"https:\/\/madeinzaragoza.es\/blog\/saraqusta-tematica-historica-para-reubicar-zaragoza-mapa-festivales-de-cine\/\" class=\"more-link\">Continuar leyendo<span class=\"screen-reader-text\"> \u00abSaraqusta: tem\u00e1tica hist\u00f3rica para reubicar Zaragoza en el mapa de los festivales de cine\u00bb<\/span><\/a><\/p>\n","protected":false},"author":59,"featured_media":32519,"comment_status":"open","ping_status":"open","sticky":false,"template":"","format":"standard","meta":{"footnotes":""},"categories":[829],"tags":[2378,2377],"yoast_head":"<!-- This site is optimized with the Yoast SEO plugin v19.7.2 - https:\/\/yoast.com\/wordpress\/plugins\/seo\/ -->\n<title>Saraqusta: tem\u00e1tica hist\u00f3rica para reubicar Zaragoza en el mapa de los festivales de cine<\/title>\n<meta name=\"description\" content=\"El Saraqusta Film Festival, el Festival Internacional de Zaragoza de Cine y Series de Historia, se desarrolla hasta el 2 de octubre\" \/>\n<meta name=\"robots\" content=\"index, follow, max-snippet:-1, max-image-preview:large, max-video-preview:-1\" \/>\n<link rel=\"canonical\" href=\"https:\/\/madeinzaragoza.es\/blog\/saraqusta-tematica-historica-para-reubicar-zaragoza-mapa-festivales-de-cine\/\" \/>\n<meta property=\"og:locale\" content=\"es_ES\" \/>\n<meta property=\"og:type\" content=\"article\" \/>\n<meta property=\"og:title\" content=\"Saraqusta: tem\u00e1tica hist\u00f3rica para reubicar Zaragoza en el mapa de los festivales de cine\" \/>\n<meta property=\"og:description\" content=\"El Saraqusta Film Festival, el Festival Internacional de Zaragoza de Cine y Series de Historia, se desarrolla hasta el 2 de octubre\" \/>\n<meta property=\"og:url\" content=\"https:\/\/madeinzaragoza.es\/blog\/saraqusta-tematica-historica-para-reubicar-zaragoza-mapa-festivales-de-cine\/\" \/>\n<meta property=\"og:site_name\" content=\"Made in Zaragoza\" \/>\n<meta property=\"article:publisher\" content=\"https:\/\/www.facebook.com\/madeinzaragoza.es\/\" \/>\n<meta property=\"article:published_time\" content=\"2021-09-24T14:27:30+00:00\" \/>\n<meta property=\"article:modified_time\" content=\"2021-09-24T14:42:26+00:00\" \/>\n<meta property=\"og:image\" content=\"https:\/\/madeinzaragoza.es\/blog\/wp-content\/uploads\/2021\/09\/Saraqusta-portada.jpg\" \/>\n\t<meta property=\"og:image:width\" content=\"1024\" \/>\n\t<meta property=\"og:image:height\" content=\"512\" \/>\n\t<meta property=\"og:image:type\" content=\"image\/jpeg\" \/>\n<meta name=\"author\" content=\"Enrique Abenia\" \/>\n<meta name=\"twitter:card\" content=\"summary\" \/>\n<meta name=\"twitter:creator\" content=\"@Enrique_Abenia\" \/>\n<meta name=\"twitter:site\" content=\"@madeinzaragoza\" \/>\n<meta name=\"twitter:label1\" content=\"Escrito por\" \/>\n\t<meta name=\"twitter:data1\" content=\"Enrique Abenia\" \/>\n\t<meta name=\"twitter:label2\" content=\"Tiempo de lectura\" \/>\n\t<meta name=\"twitter:data2\" content=\"7 minutos\" \/>\n<script type=\"application\/ld+json\" class=\"yoast-schema-graph\">{\"@context\":\"https:\/\/schema.org\",\"@graph\":[{\"@type\":\"Article\",\"@id\":\"https:\/\/madeinzaragoza.es\/blog\/saraqusta-tematica-historica-para-reubicar-zaragoza-mapa-festivales-de-cine\/#article\",\"isPartOf\":{\"@id\":\"https:\/\/madeinzaragoza.es\/blog\/saraqusta-tematica-historica-para-reubicar-zaragoza-mapa-festivales-de-cine\/\"},\"author\":{\"name\":\"Enrique Abenia\",\"@id\":\"https:\/\/madeinzaragoza.es\/blog\/#\/schema\/person\/b4cf98cbc61a51fb48dbdab258a8c523\"},\"headline\":\"Saraqusta: tem\u00e1tica hist\u00f3rica para reubicar Zaragoza en el mapa de los festivales de cine\",\"datePublished\":\"2021-09-24T14:27:30+00:00\",\"dateModified\":\"2021-09-24T14:42:26+00:00\",\"mainEntityOfPage\":{\"@id\":\"https:\/\/madeinzaragoza.es\/blog\/saraqusta-tematica-historica-para-reubicar-zaragoza-mapa-festivales-de-cine\/\"},\"wordCount\":1433,\"commentCount\":0,\"publisher\":{\"@id\":\"https:\/\/madeinzaragoza.es\/blog\/#organization\"},\"keywords\":[\"festivales de cine Zaragoza\",\"Saraqusta\"],\"articleSection\":[\"Cultura\"],\"inLanguage\":\"es\",\"potentialAction\":[{\"@type\":\"CommentAction\",\"name\":\"Comment\",\"target\":[\"https:\/\/madeinzaragoza.es\/blog\/saraqusta-tematica-historica-para-reubicar-zaragoza-mapa-festivales-de-cine\/#respond\"]}]},{\"@type\":\"WebPage\",\"@id\":\"https:\/\/madeinzaragoza.es\/blog\/saraqusta-tematica-historica-para-reubicar-zaragoza-mapa-festivales-de-cine\/\",\"url\":\"https:\/\/madeinzaragoza.es\/blog\/saraqusta-tematica-historica-para-reubicar-zaragoza-mapa-festivales-de-cine\/\",\"name\":\"Saraqusta: tem\u00e1tica hist\u00f3rica para reubicar Zaragoza en el mapa de los festivales de cine\",\"isPartOf\":{\"@id\":\"https:\/\/madeinzaragoza.es\/blog\/#website\"},\"datePublished\":\"2021-09-24T14:27:30+00:00\",\"dateModified\":\"2021-09-24T14:42:26+00:00\",\"description\":\"El Saraqusta Film Festival, el Festival Internacional de Zaragoza de Cine y Series de Historia, se desarrolla hasta el 2 de octubre\",\"breadcrumb\":{\"@id\":\"https:\/\/madeinzaragoza.es\/blog\/saraqusta-tematica-historica-para-reubicar-zaragoza-mapa-festivales-de-cine\/#breadcrumb\"},\"inLanguage\":\"es\",\"potentialAction\":[{\"@type\":\"ReadAction\",\"target\":[\"https:\/\/madeinzaragoza.es\/blog\/saraqusta-tematica-historica-para-reubicar-zaragoza-mapa-festivales-de-cine\/\"]}]},{\"@type\":\"BreadcrumbList\",\"@id\":\"https:\/\/madeinzaragoza.es\/blog\/saraqusta-tematica-historica-para-reubicar-zaragoza-mapa-festivales-de-cine\/#breadcrumb\",\"itemListElement\":[{\"@type\":\"ListItem\",\"position\":1,\"name\":\"Portada\",\"item\":\"https:\/\/madeinzaragoza.es\/blog\/\"},{\"@type\":\"ListItem\",\"position\":2,\"name\":\"Saraqusta: tem\u00e1tica hist\u00f3rica para reubicar Zaragoza en el mapa de los festivales de cine\"}]},{\"@type\":\"WebSite\",\"@id\":\"https:\/\/madeinzaragoza.es\/blog\/#website\",\"url\":\"https:\/\/madeinzaragoza.es\/blog\/\",\"name\":\"Made in Zaragoza\",\"description\":\"Blog de MadeinZGZ, Red de Econom\u00eda Creativa de Zaragoza\",\"publisher\":{\"@id\":\"https:\/\/madeinzaragoza.es\/blog\/#organization\"},\"potentialAction\":[{\"@type\":\"SearchAction\",\"target\":{\"@type\":\"EntryPoint\",\"urlTemplate\":\"https:\/\/madeinzaragoza.es\/blog\/?s={search_term_string}\"},\"query-input\":\"required name=search_term_string\"}],\"inLanguage\":\"es\"},{\"@type\":\"Organization\",\"@id\":\"https:\/\/madeinzaragoza.es\/blog\/#organization\",\"name\":\"Made In Zaragoza\",\"url\":\"https:\/\/madeinzaragoza.es\/blog\/\",\"sameAs\":[\"https:\/\/www.instagram.com\/madeinzaragoza.es\/\",\"https:\/\/www.facebook.com\/madeinzaragoza.es\/\",\"https:\/\/twitter.com\/madeinzaragoza\"],\"logo\":{\"@type\":\"ImageObject\",\"inLanguage\":\"es\",\"@id\":\"https:\/\/madeinzaragoza.es\/blog\/#\/schema\/logo\/image\/\",\"url\":\"https:\/\/madeinzaragoza.es\/blog\/wp-content\/uploads\/2022\/05\/logo.png\",\"contentUrl\":\"https:\/\/madeinzaragoza.es\/blog\/wp-content\/uploads\/2022\/05\/logo.png\",\"width\":193,\"height\":176,\"caption\":\"Made In Zaragoza\"},\"image\":{\"@id\":\"https:\/\/madeinzaragoza.es\/blog\/#\/schema\/logo\/image\/\"}},{\"@type\":\"Person\",\"@id\":\"https:\/\/madeinzaragoza.es\/blog\/#\/schema\/person\/b4cf98cbc61a51fb48dbdab258a8c523\",\"name\":\"Enrique Abenia\",\"image\":{\"@type\":\"ImageObject\",\"inLanguage\":\"es\",\"@id\":\"https:\/\/madeinzaragoza.es\/blog\/#\/schema\/person\/image\/\",\"url\":\"https:\/\/secure.gravatar.com\/avatar\/a747099e3518ccf440789a57b07dd884?s=96&d=mm&r=g\",\"contentUrl\":\"https:\/\/secure.gravatar.com\/avatar\/a747099e3518ccf440789a57b07dd884?s=96&d=mm&r=g\",\"caption\":\"Enrique Abenia\"},\"description\":\"Periodista aut\u00f3nomo. Cr\u00edtico de \u2018Heraldo de Arag\u00f3n\u2019, tambi\u00e9n escribe en 'Cineman\u00eda' y en 20bits, donde analiza smartphones.\",\"sameAs\":[\"https:\/\/twitter.com\/Enrique_Abenia\"],\"url\":\"https:\/\/madeinzaragoza.es\/blog\/author\/enriqueabenia\/\"}]}<\/script>\n<!-- \/ Yoast SEO plugin. -->","yoast_head_json":{"title":"Saraqusta: tem\u00e1tica hist\u00f3rica para reubicar Zaragoza en el mapa de los festivales de cine","description":"El Saraqusta Film Festival, el Festival Internacional de Zaragoza de Cine y Series de Historia, se desarrolla hasta el 2 de octubre","robots":{"index":"index","follow":"follow","max-snippet":"max-snippet:-1","max-image-preview":"max-image-preview:large","max-video-preview":"max-video-preview:-1"},"canonical":"https:\/\/madeinzaragoza.es\/blog\/saraqusta-tematica-historica-para-reubicar-zaragoza-mapa-festivales-de-cine\/","og_locale":"es_ES","og_type":"article","og_title":"Saraqusta: tem\u00e1tica hist\u00f3rica para reubicar Zaragoza en el mapa de los festivales de cine","og_description":"El Saraqusta Film Festival, el Festival Internacional de Zaragoza de Cine y Series de Historia, se desarrolla hasta el 2 de octubre","og_url":"https:\/\/madeinzaragoza.es\/blog\/saraqusta-tematica-historica-para-reubicar-zaragoza-mapa-festivales-de-cine\/","og_site_name":"Made in Zaragoza","article_publisher":"https:\/\/www.facebook.com\/madeinzaragoza.es\/","article_published_time":"2021-09-24T14:27:30+00:00","article_modified_time":"2021-09-24T14:42:26+00:00","og_image":[{"width":1024,"height":512,"url":"https:\/\/madeinzaragoza.es\/blog\/wp-content\/uploads\/2021\/09\/Saraqusta-portada.jpg","type":"image\/jpeg"}],"author":"Enrique Abenia","twitter_card":"summary","twitter_creator":"@Enrique_Abenia","twitter_site":"@madeinzaragoza","twitter_misc":{"Escrito por":"Enrique Abenia","Tiempo de lectura":"7 minutos"},"schema":{"@context":"https:\/\/schema.org","@graph":[{"@type":"Article","@id":"https:\/\/madeinzaragoza.es\/blog\/saraqusta-tematica-historica-para-reubicar-zaragoza-mapa-festivales-de-cine\/#article","isPartOf":{"@id":"https:\/\/madeinzaragoza.es\/blog\/saraqusta-tematica-historica-para-reubicar-zaragoza-mapa-festivales-de-cine\/"},"author":{"name":"Enrique Abenia","@id":"https:\/\/madeinzaragoza.es\/blog\/#\/schema\/person\/b4cf98cbc61a51fb48dbdab258a8c523"},"headline":"Saraqusta: tem\u00e1tica hist\u00f3rica para reubicar Zaragoza en el mapa de los festivales de cine","datePublished":"2021-09-24T14:27:30+00:00","dateModified":"2021-09-24T14:42:26+00:00","mainEntityOfPage":{"@id":"https:\/\/madeinzaragoza.es\/blog\/saraqusta-tematica-historica-para-reubicar-zaragoza-mapa-festivales-de-cine\/"},"wordCount":1433,"commentCount":0,"publisher":{"@id":"https:\/\/madeinzaragoza.es\/blog\/#organization"},"keywords":["festivales de cine Zaragoza","Saraqusta"],"articleSection":["Cultura"],"inLanguage":"es","potentialAction":[{"@type":"CommentAction","name":"Comment","target":["https:\/\/madeinzaragoza.es\/blog\/saraqusta-tematica-historica-para-reubicar-zaragoza-mapa-festivales-de-cine\/#respond"]}]},{"@type":"WebPage","@id":"https:\/\/madeinzaragoza.es\/blog\/saraqusta-tematica-historica-para-reubicar-zaragoza-mapa-festivales-de-cine\/","url":"https:\/\/madeinzaragoza.es\/blog\/saraqusta-tematica-historica-para-reubicar-zaragoza-mapa-festivales-de-cine\/","name":"Saraqusta: tem\u00e1tica hist\u00f3rica para reubicar Zaragoza en el mapa de los festivales de cine","isPartOf":{"@id":"https:\/\/madeinzaragoza.es\/blog\/#website"},"datePublished":"2021-09-24T14:27:30+00:00","dateModified":"2021-09-24T14:42:26+00:00","description":"El Saraqusta Film Festival, el Festival Internacional de Zaragoza de Cine y Series de Historia, se desarrolla hasta el 2 de octubre","breadcrumb":{"@id":"https:\/\/madeinzaragoza.es\/blog\/saraqusta-tematica-historica-para-reubicar-zaragoza-mapa-festivales-de-cine\/#breadcrumb"},"inLanguage":"es","potentialAction":[{"@type":"ReadAction","target":["https:\/\/madeinzaragoza.es\/blog\/saraqusta-tematica-historica-para-reubicar-zaragoza-mapa-festivales-de-cine\/"]}]},{"@type":"BreadcrumbList","@id":"https:\/\/madeinzaragoza.es\/blog\/saraqusta-tematica-historica-para-reubicar-zaragoza-mapa-festivales-de-cine\/#breadcrumb","itemListElement":[{"@type":"ListItem","position":1,"name":"Portada","item":"https:\/\/madeinzaragoza.es\/blog\/"},{"@type":"ListItem","position":2,"name":"Saraqusta: tem\u00e1tica hist\u00f3rica para reubicar Zaragoza en el mapa de los festivales de cine"}]},{"@type":"WebSite","@id":"https:\/\/madeinzaragoza.es\/blog\/#website","url":"https:\/\/madeinzaragoza.es\/blog\/","name":"Made in Zaragoza","description":"Blog de MadeinZGZ, Red de Econom\u00eda Creativa de Zaragoza","publisher":{"@id":"https:\/\/madeinzaragoza.es\/blog\/#organization"},"potentialAction":[{"@type":"SearchAction","target":{"@type":"EntryPoint","urlTemplate":"https:\/\/madeinzaragoza.es\/blog\/?s={search_term_string}"},"query-input":"required name=search_term_string"}],"inLanguage":"es"},{"@type":"Organization","@id":"https:\/\/madeinzaragoza.es\/blog\/#organization","name":"Made In Zaragoza","url":"https:\/\/madeinzaragoza.es\/blog\/","sameAs":["https:\/\/www.instagram.com\/madeinzaragoza.es\/","https:\/\/www.facebook.com\/madeinzaragoza.es\/","https:\/\/twitter.com\/madeinzaragoza"],"logo":{"@type":"ImageObject","inLanguage":"es","@id":"https:\/\/madeinzaragoza.es\/blog\/#\/schema\/logo\/image\/","url":"https:\/\/madeinzaragoza.es\/blog\/wp-content\/uploads\/2022\/05\/logo.png","contentUrl":"https:\/\/madeinzaragoza.es\/blog\/wp-content\/uploads\/2022\/05\/logo.png","width":193,"height":176,"caption":"Made In Zaragoza"},"image":{"@id":"https:\/\/madeinzaragoza.es\/blog\/#\/schema\/logo\/image\/"}},{"@type":"Person","@id":"https:\/\/madeinzaragoza.es\/blog\/#\/schema\/person\/b4cf98cbc61a51fb48dbdab258a8c523","name":"Enrique Abenia","image":{"@type":"ImageObject","inLanguage":"es","@id":"https:\/\/madeinzaragoza.es\/blog\/#\/schema\/person\/image\/","url":"https:\/\/secure.gravatar.com\/avatar\/a747099e3518ccf440789a57b07dd884?s=96&d=mm&r=g","contentUrl":"https:\/\/secure.gravatar.com\/avatar\/a747099e3518ccf440789a57b07dd884?s=96&d=mm&r=g","caption":"Enrique Abenia"},"description":"Periodista aut\u00f3nomo. Cr\u00edtico de \u2018Heraldo de Arag\u00f3n\u2019, tambi\u00e9n escribe en 'Cineman\u00eda' y en 20bits, donde analiza smartphones.","sameAs":["https:\/\/twitter.com\/Enrique_Abenia"],"url":"https:\/\/madeinzaragoza.es\/blog\/author\/enriqueabenia\/"}]}},"_links":{"self":[{"href":"https:\/\/madeinzaragoza.es\/blog\/wp-json\/wp\/v2\/posts\/32518"}],"collection":[{"href":"https:\/\/madeinzaragoza.es\/blog\/wp-json\/wp\/v2\/posts"}],"about":[{"href":"https:\/\/madeinzaragoza.es\/blog\/wp-json\/wp\/v2\/types\/post"}],"author":[{"embeddable":true,"href":"https:\/\/madeinzaragoza.es\/blog\/wp-json\/wp\/v2\/users\/59"}],"replies":[{"embeddable":true,"href":"https:\/\/madeinzaragoza.es\/blog\/wp-json\/wp\/v2\/comments?post=32518"}],"version-history":[{"count":10,"href":"https:\/\/madeinzaragoza.es\/blog\/wp-json\/wp\/v2\/posts\/32518\/revisions"}],"predecessor-version":[{"id":32537,"href":"https:\/\/madeinzaragoza.es\/blog\/wp-json\/wp\/v2\/posts\/32518\/revisions\/32537"}],"wp:featuredmedia":[{"embeddable":true,"href":"https:\/\/madeinzaragoza.es\/blog\/wp-json\/wp\/v2\/media\/32519"}],"wp:attachment":[{"href":"https:\/\/madeinzaragoza.es\/blog\/wp-json\/wp\/v2\/media?parent=32518"}],"wp:term":[{"taxonomy":"category","embeddable":true,"href":"https:\/\/madeinzaragoza.es\/blog\/wp-json\/wp\/v2\/categories?post=32518"},{"taxonomy":"post_tag","embeddable":true,"href":"https:\/\/madeinzaragoza.es\/blog\/wp-json\/wp\/v2\/tags?post=32518"}],"curies":[{"name":"wp","href":"https:\/\/api.w.org\/{rel}","templated":true}]}}