{"id":31467,"date":"2021-04-19T16:36:40","date_gmt":"2021-04-19T15:36:40","guid":{"rendered":"http:\/\/madeinzaragoza.es\/blog\/?p=31467"},"modified":"2022-10-09T14:52:44","modified_gmt":"2022-10-09T13:52:44","slug":"se-ha-hecho-trizas-taller-y-tienda-de-ceramica","status":"publish","type":"post","link":"https:\/\/madeinzaragoza.es\/blog\/se-ha-hecho-trizas-taller-y-tienda-de-ceramica\/","title":{"rendered":"Se Ha Hecho Trizas: Cer\u00e1mica exquisita para todos los d\u00edas"},"content":{"rendered":"\n<p><br><br>Que los aragoneses ni valoramos ni conocemos todo lo bueno que tenemos, es una verdad tan grande como un templo, el del Pilar, por ejemplo. Y es lo que se puede pensar cuando visitas la tienda y taller de cer\u00e1mica de <a rel=\"noreferrer noopener\" href=\"https:\/\/www.facebook.com\/sehahechotrizas\" target=\"_blank\">Se Ha Hecho Trizas <\/a>por primera vez.<\/p>\n\n\n\n<p><br>Cuando entras a la tienda en la calle San Agust\u00edn, 8, frente a la plaza de la Magdalena, te asombra el espacio que respira esa atm\u00f3sfera libre y luminosa de los lugares en los que se trabaja de forma artesana.<\/p>\n\n\n\n<figure class=\"wp-block-image size-large\"><img loading=\"lazy\" decoding=\"async\" width=\"1024\" height=\"768\" src=\"http:\/\/madeinzaragoza.es\/blog\/wp-content\/uploads\/2021\/04\/patricia-shht-1024x768.jpg\" alt=\"ceramica Se ha hecho trizas\" class=\"wp-image-31526\" srcset=\"https:\/\/madeinzaragoza.es\/blog\/wp-content\/uploads\/2021\/04\/patricia-shht-1024x768.jpg 1024w, https:\/\/madeinzaragoza.es\/blog\/wp-content\/uploads\/2021\/04\/patricia-shht-300x225.jpg 300w, https:\/\/madeinzaragoza.es\/blog\/wp-content\/uploads\/2021\/04\/patricia-shht-768x576.jpg 768w, https:\/\/madeinzaragoza.es\/blog\/wp-content\/uploads\/2021\/04\/patricia-shht-1536x1152.jpg 1536w, https:\/\/madeinzaragoza.es\/blog\/wp-content\/uploads\/2021\/04\/patricia-shht-2048x1536.jpg 2048w, https:\/\/madeinzaragoza.es\/blog\/wp-content\/uploads\/2021\/04\/patricia-shht-1200x900.jpg 1200w\" sizes=\"(max-width: 709px) 85vw, (max-width: 909px) 67vw, (max-width: 1362px) 62vw, 840px\" \/><\/figure>\n\n\n\n<p>En Se Ha Hecho Trizas <strong>puedes encontrar mil y una piezas <\/strong>para regalar o <strong>darte un capricho, <\/strong>con la c\u00e1lida sensaci\u00f3n de que <strong>todo es tan artesano como una hogaza tierna, y tan refinado y chispeante como su t\u00e9cnica, colores y materiales. <\/strong><\/p>\n\n\n\n<p>Hay expositores con piezas de cer\u00e1mica variadas, desparramadas con el encanto de un mercadillo, frescas y exquisitas. Puedes encontrar vajillas de color \u00e1cido y nacarado, macetas-cabeza de rostros tostados y ojos rasgados, cuencos color a\u00f1il, joyas de porcelana\u2026 Y al fondo, adivinas el lugar de faena: el horno, el torno, la larga mesa repleta de cer\u00e1mica tierna\u2026<\/p>\n\n\n\n<figure class=\"wp-block-image size-large\"><img loading=\"lazy\" decoding=\"async\" width=\"800\" height=\"502\" src=\"http:\/\/madeinzaragoza.es\/blog\/wp-content\/uploads\/2021\/04\/sht-cuencos-cara.jpg\" alt=\"cer\u00e1mica shht\" class=\"wp-image-31528\" srcset=\"https:\/\/madeinzaragoza.es\/blog\/wp-content\/uploads\/2021\/04\/sht-cuencos-cara.jpg 800w, https:\/\/madeinzaragoza.es\/blog\/wp-content\/uploads\/2021\/04\/sht-cuencos-cara-300x188.jpg 300w, https:\/\/madeinzaragoza.es\/blog\/wp-content\/uploads\/2021\/04\/sht-cuencos-cara-768x482.jpg 768w\" sizes=\"(max-width: 709px) 85vw, (max-width: 909px) 67vw, (max-width: 984px) 61vw, (max-width: 1362px) 45vw, 600px\" \/><\/figure>\n\n\n\n<p><br><strong>\u00a1Lo tocar\u00edas todo! Pero vayamos con cuidado, a ver si vamos hacer honor a su nombre solo llegar y hacer trizas algo.<\/strong>.. <\/p>\n\n\n\n<p><br>Y, sobre todo, sepamos m\u00e1s:<br><\/p>\n\n\n\n<h2 class=\"wp-block-heading\">Lo que la cer\u00e1mica une<\/h2>\n\n\n\n<p><br>Si hay algo que gusta contar es como un negocio basado en la artesan\u00eda como este sigue a flote y navegando a toda vela. Pero es que, adem\u00e1s, <a rel=\"noreferrer noopener\" href=\"https:\/\/www.instagram.com\/sehahechotrizas\/?hl=es\" target=\"_blank\" class=\"broken_link\">Se Ha Hecho Trizas <\/a><strong>colabora con otros negocios locales<\/strong>, restaurantes y bares, creando <strong>vajilla personalizada <\/strong>para ofrecer toda una experiencia, no solo disfrutar de la comida en s\u00ed, sino de todo la que rodea.<\/p>\n\n\n\n<p><br>Me cuenta Patricia, hija de Alejandro Guill\u00e9n y Sara Garc\u00eda, los fundadores del taller, lo bonita que qued\u00f3 la vajilla para el restaurante <a rel=\"noreferrer noopener\" href=\"https:\/\/genterara.es\/\" target=\"_blank\">Gente Rara. <\/a> \u00abEs un orgullo formar parte, aunque sea peque\u00f1a, del proyecto que ha sido premiado con un Sol de la gu\u00eda Repsol\u00bb. <br><br>No es su \u00fanica colaboraci\u00f3n en el mundo de la restauraci\u00f3n, tambi\u00e9n puedes encontrar sus c\u00e1lidas piezas en caf\u00e9 bar <a href=\"https:\/\/www.instagram.com\/formidablecafebar\/\" class=\"broken_link\">Formidable<\/a>  y en el nov\u00edsimo <a href=\"https:\/\/www.facebook.com\/Senbazuru-Ramen-bar-106294644844353\">Senzaburu Ramen Bar<\/a> .<\/p>\n\n\n\n<figure class=\"wp-block-image size-large\"><img loading=\"lazy\" decoding=\"async\" width=\"851\" height=\"638\" src=\"http:\/\/madeinzaragoza.es\/blog\/wp-content\/uploads\/2021\/04\/sht-CUENCOS-RAMEN.jpg\" alt=\"cer\u00e1mica Se ha hecho trizas\" class=\"wp-image-31529\" srcset=\"https:\/\/madeinzaragoza.es\/blog\/wp-content\/uploads\/2021\/04\/sht-CUENCOS-RAMEN.jpg 851w, https:\/\/madeinzaragoza.es\/blog\/wp-content\/uploads\/2021\/04\/sht-CUENCOS-RAMEN-300x225.jpg 300w, https:\/\/madeinzaragoza.es\/blog\/wp-content\/uploads\/2021\/04\/sht-CUENCOS-RAMEN-768x576.jpg 768w\" sizes=\"(max-width: 709px) 85vw, (max-width: 909px) 67vw, (max-width: 1362px) 62vw, 840px\" \/><figcaption>Cuencos de ramen<\/figcaption><\/figure>\n\n\n\n<p><br>Hablamos de los valores que transmite una cer\u00e1mica artesana y sostenible a un proyecto de restauraci\u00f3n: \u201csiempre hemos hecho vajilla utilitaria, forma parte de nuestra visi\u00f3n de la vida. <strong>Todo empieza en torno a una mesa <\/strong>y es un momento \u00fanico de compartir muchas cosas\u201d. <\/p>\n\n\n\n<figure class=\"wp-block-image size-large\"><img loading=\"lazy\" decoding=\"async\" width=\"1024\" height=\"768\" src=\"http:\/\/madeinzaragoza.es\/blog\/wp-content\/uploads\/2021\/04\/sht-tienda-1024x768.jpg\" alt=\"cer\u00e1mica shht\" class=\"wp-image-31533\" srcset=\"https:\/\/madeinzaragoza.es\/blog\/wp-content\/uploads\/2021\/04\/sht-tienda-1024x768.jpg 1024w, https:\/\/madeinzaragoza.es\/blog\/wp-content\/uploads\/2021\/04\/sht-tienda-300x225.jpg 300w, https:\/\/madeinzaragoza.es\/blog\/wp-content\/uploads\/2021\/04\/sht-tienda-768x576.jpg 768w, https:\/\/madeinzaragoza.es\/blog\/wp-content\/uploads\/2021\/04\/sht-tienda-1536x1152.jpg 1536w, https:\/\/madeinzaragoza.es\/blog\/wp-content\/uploads\/2021\/04\/sht-tienda-2048x1536.jpg 2048w, https:\/\/madeinzaragoza.es\/blog\/wp-content\/uploads\/2021\/04\/sht-tienda-1200x900.jpg 1200w\" sizes=\"(max-width: 709px) 85vw, (max-width: 909px) 67vw, (max-width: 1362px) 62vw, 840px\" \/><\/figure>\n\n\n\n<h2 class=\"wp-block-heading\"><br><br>El boom de lo artesano y la cer\u00e1mica<\/h2>\n\n\n\n<p><br>Patricia nos cuenta, ilusionada, como la cer\u00e1mica ha resurgido, como todo lo artesano. Cada vez hay m\u00e1s inter\u00e9s en adquirir piezas \u00fanicas y tambi\u00e9n en formarse. Ahora mismo, imparten formaci\u00f3n para 3 grupos de cer\u00e1mica de torno. Adem\u00e1s realizan sus encargos, crean su l\u00ednea propia para ferias de cer\u00e1mica y siguen dise\u00f1ando para <strong>900veinticinco<\/strong>, su l\u00ednea de joyer\u00eda contempor\u00e1nea, en plata y porcelana.<\/p>\n\n\n\n<figure class=\"wp-block-image size-large\"><img loading=\"lazy\" decoding=\"async\" width=\"1024\" height=\"768\" src=\"http:\/\/madeinzaragoza.es\/blog\/wp-content\/uploads\/2021\/04\/sht-joyeria-1024x768.jpg\" alt=\"cer\u00e1mica Se ha hecho trizas joyer\u00eda\" class=\"wp-image-31531\" srcset=\"https:\/\/madeinzaragoza.es\/blog\/wp-content\/uploads\/2021\/04\/sht-joyeria-1024x768.jpg 1024w, https:\/\/madeinzaragoza.es\/blog\/wp-content\/uploads\/2021\/04\/sht-joyeria-300x225.jpg 300w, https:\/\/madeinzaragoza.es\/blog\/wp-content\/uploads\/2021\/04\/sht-joyeria-768x576.jpg 768w, https:\/\/madeinzaragoza.es\/blog\/wp-content\/uploads\/2021\/04\/sht-joyeria-1536x1152.jpg 1536w, https:\/\/madeinzaragoza.es\/blog\/wp-content\/uploads\/2021\/04\/sht-joyeria-2048x1536.jpg 2048w, https:\/\/madeinzaragoza.es\/blog\/wp-content\/uploads\/2021\/04\/sht-joyeria-1200x900.jpg 1200w\" sizes=\"(max-width: 709px) 85vw, (max-width: 909px) 67vw, (max-width: 1362px) 62vw, 840px\" \/><figcaption>L\u00ednea de joyer\u00eda 900veinticinco<\/figcaption><\/figure>\n\n\n\n<blockquote class=\"wp-block-quote\"><p><br>\u201cTenemos mucha demanda de formaci\u00f3n, empez\u00f3 ya antes de la pandemia, pero el proceso se ha acelerado, \u00a1hay hasta lista de espera!\u00bb<br><\/p><\/blockquote>\n\n\n\n<p>Y eso se ha notado, me cuenta, incluso en la <a href=\"https:\/\/www.escueladeartedezaragoza.com\/oferta-educativa\/ceramica-artistica\/\">Escuela de Artes de Zaragoza<\/a>, que ha completado sus plazas para cer\u00e1mica como hac\u00eda a\u00f1os que no pasaba <\/p>\n\n\n\n<figure class=\"wp-block-image size-large\"><img loading=\"lazy\" decoding=\"async\" width=\"600\" height=\"450\" src=\"http:\/\/madeinzaragoza.es\/blog\/wp-content\/uploads\/2021\/04\/900veinticinco_06.jpg\" alt=\"\" class=\"wp-image-31537\" srcset=\"https:\/\/madeinzaragoza.es\/blog\/wp-content\/uploads\/2021\/04\/900veinticinco_06.jpg 600w, https:\/\/madeinzaragoza.es\/blog\/wp-content\/uploads\/2021\/04\/900veinticinco_06-300x225.jpg 300w\" sizes=\"(max-width: 709px) 85vw, (max-width: 909px) 67vw, (max-width: 984px) 61vw, (max-width: 1362px) 45vw, 600px\" \/><\/figure>\n\n\n\n<p><\/p>\n\n\n\n<h2 class=\"wp-block-heading\"><br>La cer\u00e1mica como forma de vida<br><\/h2>\n\n\n\n<p>Al frente de Se Ha Hecho Trizas, se encuentran 3 ceramistas, Patricia y sus padres, Sara y Alejandro.<\/p>\n\n\n\n<p><br>Patricia estudi\u00f3 Bellas Artes, nos cuenta que le cost\u00f3 incorporarse definitivamente \u201cpero <strong>los hijos de artesanos volvemos al taller<\/strong>. La libertad creativa y laboral con la que hemos nacido y crecido no la experimentamos en otro sitio, aunque tambi\u00e9n somos conscientes del sacrificio que conlleva.\u00bb <\/p>\n\n\n\n<figure class=\"wp-block-image size-large\"><img loading=\"lazy\" decoding=\"async\" width=\"1024\" height=\"768\" src=\"http:\/\/madeinzaragoza.es\/blog\/wp-content\/uploads\/2021\/04\/sht-tienda-2-1024x768.jpg\" alt=\"Cer\u00e1mica tienda SHHT\" class=\"wp-image-31532\" srcset=\"https:\/\/madeinzaragoza.es\/blog\/wp-content\/uploads\/2021\/04\/sht-tienda-2-1024x768.jpg 1024w, https:\/\/madeinzaragoza.es\/blog\/wp-content\/uploads\/2021\/04\/sht-tienda-2-300x225.jpg 300w, https:\/\/madeinzaragoza.es\/blog\/wp-content\/uploads\/2021\/04\/sht-tienda-2-768x576.jpg 768w, https:\/\/madeinzaragoza.es\/blog\/wp-content\/uploads\/2021\/04\/sht-tienda-2-1536x1152.jpg 1536w, https:\/\/madeinzaragoza.es\/blog\/wp-content\/uploads\/2021\/04\/sht-tienda-2-2048x1536.jpg 2048w, https:\/\/madeinzaragoza.es\/blog\/wp-content\/uploads\/2021\/04\/sht-tienda-2-1200x900.jpg 1200w\" sizes=\"(max-width: 709px) 85vw, (max-width: 909px) 67vw, (max-width: 1362px) 62vw, 840px\" \/><\/figure>\n\n\n\n<blockquote class=\"wp-block-quote\"><p><br>\u00abMi madre dice dedicarte a esto es un lujo, pero cuando te dedicas a ello, es el \u00fanico que tienes\u201d. <br><\/p><\/blockquote>\n\n\n\n<h2 class=\"wp-block-heading\">La Magdalena: el barrio creativo al que volver<\/h2>\n\n\n\n<p>En sus m\u00e1s de 30 a\u00f1os, Se Ha Hecho Trizas ha tenido distintas etapas y tras viajar y asistir a ferias y exposiciones por todo el mundo, <strong>decidieron montar su propia tienda-taller. Quer\u00edan un trato m\u00e1s cercano con clientes y otros creadores, e impartir talleres y formaci\u00f3n.<\/strong><\/p>\n\n\n\n<p><br>Eligieron el barrio de la Magdalena porque es el barrio donde naci\u00f3 Sara y  el lugar donde tuvieron un peque\u00f1o taller en la plaza de la Reboler\u00eda. <\/p>\n\n\n\n<figure class=\"wp-block-image size-large is-resized\"><img loading=\"lazy\" decoding=\"async\" src=\"http:\/\/madeinzaragoza.es\/blog\/wp-content\/uploads\/2021\/04\/sht-DIORAMAS-1024x768.jpg\" alt=\"cer\u00e1mica shht\" class=\"wp-image-31530\" width=\"580\" height=\"435\" srcset=\"https:\/\/madeinzaragoza.es\/blog\/wp-content\/uploads\/2021\/04\/sht-DIORAMAS-1024x768.jpg 1024w, https:\/\/madeinzaragoza.es\/blog\/wp-content\/uploads\/2021\/04\/sht-DIORAMAS-300x225.jpg 300w, https:\/\/madeinzaragoza.es\/blog\/wp-content\/uploads\/2021\/04\/sht-DIORAMAS-768x576.jpg 768w, https:\/\/madeinzaragoza.es\/blog\/wp-content\/uploads\/2021\/04\/sht-DIORAMAS-1536x1152.jpg 1536w, https:\/\/madeinzaragoza.es\/blog\/wp-content\/uploads\/2021\/04\/sht-DIORAMAS-2048x1536.jpg 2048w, https:\/\/madeinzaragoza.es\/blog\/wp-content\/uploads\/2021\/04\/sht-DIORAMAS-1200x900.jpg 1200w\" sizes=\"(max-width: 580px) 85vw, 580px\" \/><\/figure>\n\n\n\n<h2 class=\"wp-block-heading\"><br>Otros proyectos art\u00edsticos <br><\/h2>\n\n\n\n<p>Como creemos desde <a href=\"http:\/\/madeinzaragoza.es\/blog\/\">Made in Zaragoza<\/a>, nuestra ciudad hierve de creadores y proyectos y entre ellos colaboran y crecen. Como por ejemplo nos cuenta Patricia, hace unos meses uno en el que particip\u00f3 Se Ha Hecho Trizas: la <a href=\"https:\/\/cuencosilustrados.asalto.org\/\">subasta de cuencos ilustrados del Festival Asalto <\/a><\/p>\n\n\n\n<p><br>Desde el a\u00f1o 2016, Festival ASALTO y la ONG Acci\u00f3n Contra el Hambre colaboran para acabar con el hambre con la ayuda del arte. Una de las acciones de este proyecto fue crear una \u201cVajilla contra el Hambre\u201d. Se modelaron e ilustraron piezas, en una reflexi\u00f3n del concepto \u201chambre\u201d, en un soporte muy significativo: cuencos vac\u00edos.<\/p>\n\n\n\n<figure class=\"wp-block-image size-large\"><img loading=\"lazy\" decoding=\"async\" width=\"768\" height=\"1024\" src=\"http:\/\/madeinzaragoza.es\/blog\/wp-content\/uploads\/2021\/04\/silla-y-ceramica-768x1024.jpg\" alt=\"cer\u00e1mica shht\" class=\"wp-image-31535\" srcset=\"https:\/\/madeinzaragoza.es\/blog\/wp-content\/uploads\/2021\/04\/silla-y-ceramica-768x1024.jpg 768w, https:\/\/madeinzaragoza.es\/blog\/wp-content\/uploads\/2021\/04\/silla-y-ceramica-225x300.jpg 225w, https:\/\/madeinzaragoza.es\/blog\/wp-content\/uploads\/2021\/04\/silla-y-ceramica-1152x1536.jpg 1152w, https:\/\/madeinzaragoza.es\/blog\/wp-content\/uploads\/2021\/04\/silla-y-ceramica-1536x2048.jpg 1536w, https:\/\/madeinzaragoza.es\/blog\/wp-content\/uploads\/2021\/04\/silla-y-ceramica-1200x1600.jpg 1200w, https:\/\/madeinzaragoza.es\/blog\/wp-content\/uploads\/2021\/04\/silla-y-ceramica-scaled.jpg 1920w\" sizes=\"(max-width: 709px) 85vw, (max-width: 909px) 67vw, (max-width: 984px) 61vw, (max-width: 1362px) 45vw, 600px\" \/><figcaption>Apetitoso juego de desayuno<\/figcaption><\/figure>\n\n\n\n<p><br>A veces nos falta visibilidad, concluimos con Patricia, <strong>\u201cy es que en Arag\u00f3n no sabemos vendernos como artistas y como profesionales. Nosotros nos vamos a nuestro taller a trabajar y ya est\u00e1, no nos gusta hablar de lo que hacemos&#8230;\u201d<\/strong><\/p>\n\n\n\n<p><br>Pues para que eso no pase, \u00a1aqu\u00ed estamos para seguir cont\u00e1ndolo!<br><br><\/p>\n\n\n\n<figure class=\"wp-block-image size-large\"><img loading=\"lazy\" decoding=\"async\" width=\"1024\" height=\"768\" src=\"http:\/\/madeinzaragoza.es\/blog\/wp-content\/uploads\/2021\/04\/sht-cuenco-gato-1024x768.jpg\" alt=\"cer\u00e1mica shht\" class=\"wp-image-31527\" srcset=\"https:\/\/madeinzaragoza.es\/blog\/wp-content\/uploads\/2021\/04\/sht-cuenco-gato-1024x768.jpg 1024w, https:\/\/madeinzaragoza.es\/blog\/wp-content\/uploads\/2021\/04\/sht-cuenco-gato-300x225.jpg 300w, https:\/\/madeinzaragoza.es\/blog\/wp-content\/uploads\/2021\/04\/sht-cuenco-gato-768x576.jpg 768w, https:\/\/madeinzaragoza.es\/blog\/wp-content\/uploads\/2021\/04\/sht-cuenco-gato-1536x1152.jpg 1536w, https:\/\/madeinzaragoza.es\/blog\/wp-content\/uploads\/2021\/04\/sht-cuenco-gato-2048x1536.jpg 2048w, https:\/\/madeinzaragoza.es\/blog\/wp-content\/uploads\/2021\/04\/sht-cuenco-gato-1200x900.jpg 1200w\" sizes=\"(max-width: 709px) 85vw, (max-width: 909px) 67vw, (max-width: 1362px) 62vw, 840px\" \/><figcaption>Tiesto en forma de gato personalizado<\/figcaption><\/figure>\n","protected":false},"excerpt":{"rendered":"<p>Que los aragoneses ni valoramos ni conocemos todo lo bueno que tenemos, es una verdad tan grande como un templo, el del Pilar, por ejemplo. Y es lo que se puede pensar cuando visitas la tienda y taller de cer\u00e1mica de Se Ha Hecho Trizas por primera vez. Cuando entras a la tienda en la &hellip; <a href=\"https:\/\/madeinzaragoza.es\/blog\/se-ha-hecho-trizas-taller-y-tienda-de-ceramica\/\" class=\"more-link\">Continuar leyendo<span class=\"screen-reader-text\"> \u00abSe Ha Hecho Trizas: Cer\u00e1mica exquisita para todos los d\u00edas\u00bb<\/span><\/a><\/p>\n","protected":false},"author":66,"featured_media":31534,"comment_status":"open","ping_status":"open","sticky":false,"template":"","format":"standard","meta":{"footnotes":""},"categories":[9,8,1],"tags":[],"yoast_head":"<!-- This site is optimized with the Yoast SEO plugin v19.7.2 - https:\/\/yoast.com\/wordpress\/plugins\/seo\/ -->\n<title>Se Ha Hecho Trizas: Cer\u00e1mica exquisita para todos los d\u00edas - Made in Zaragoza<\/title>\n<meta name=\"description\" content=\"Descubre el taller y tienda de cer\u00e1mica Se Ha Hecho en Trizas en el barrio m\u00e1s creativo de Zaragoza, compra artesano o apuntate a sus clases\" \/>\n<meta name=\"robots\" content=\"index, follow, max-snippet:-1, max-image-preview:large, max-video-preview:-1\" \/>\n<link rel=\"canonical\" href=\"https:\/\/madeinzaragoza.es\/blog\/se-ha-hecho-trizas-taller-y-tienda-de-ceramica\/\" \/>\n<meta property=\"og:locale\" content=\"es_ES\" \/>\n<meta property=\"og:type\" content=\"article\" \/>\n<meta property=\"og:title\" content=\"Se Ha Hecho Trizas: Cer\u00e1mica exquisita para todos los d\u00edas - Made in Zaragoza\" \/>\n<meta property=\"og:description\" content=\"Descubre el taller y tienda de cer\u00e1mica Se Ha Hecho en Trizas en el barrio m\u00e1s creativo de Zaragoza, compra artesano o apuntate a sus clases\" \/>\n<meta property=\"og:url\" content=\"https:\/\/madeinzaragoza.es\/blog\/se-ha-hecho-trizas-taller-y-tienda-de-ceramica\/\" \/>\n<meta property=\"og:site_name\" content=\"Made in Zaragoza\" \/>\n<meta property=\"article:publisher\" content=\"https:\/\/www.facebook.com\/madeinzaragoza.es\/\" \/>\n<meta property=\"article:published_time\" content=\"2021-04-19T15:36:40+00:00\" \/>\n<meta property=\"article:modified_time\" content=\"2022-10-09T13:52:44+00:00\" \/>\n<meta property=\"og:image\" content=\"https:\/\/madeinzaragoza.es\/blog\/wp-content\/uploads\/2021\/04\/sht-vajilla-pastel.jpg\" \/>\n\t<meta property=\"og:image:width\" content=\"960\" \/>\n\t<meta property=\"og:image:height\" content=\"720\" \/>\n\t<meta property=\"og:image:type\" content=\"image\/jpeg\" \/>\n<meta name=\"author\" content=\"Cristina Castejon\" \/>\n<meta name=\"twitter:card\" content=\"summary\" \/>\n<meta name=\"twitter:creator\" content=\"@cdecontar\" \/>\n<meta name=\"twitter:site\" content=\"@madeinzaragoza\" \/>\n<meta name=\"twitter:label1\" content=\"Escrito por\" \/>\n\t<meta name=\"twitter:data1\" content=\"Cristina Castejon\" \/>\n\t<meta name=\"twitter:label2\" content=\"Tiempo de lectura\" \/>\n\t<meta name=\"twitter:data2\" content=\"5 minutos\" \/>\n<script type=\"application\/ld+json\" class=\"yoast-schema-graph\">{\"@context\":\"https:\/\/schema.org\",\"@graph\":[{\"@type\":\"Article\",\"@id\":\"https:\/\/madeinzaragoza.es\/blog\/se-ha-hecho-trizas-taller-y-tienda-de-ceramica\/#article\",\"isPartOf\":{\"@id\":\"https:\/\/madeinzaragoza.es\/blog\/se-ha-hecho-trizas-taller-y-tienda-de-ceramica\/\"},\"author\":{\"name\":\"Cristina Castejon\",\"@id\":\"https:\/\/madeinzaragoza.es\/blog\/#\/schema\/person\/f6a3e33e7bb103b00b0f9321931cc3ea\"},\"headline\":\"Se Ha Hecho Trizas: Cer\u00e1mica exquisita para todos los d\u00edas\",\"datePublished\":\"2021-04-19T15:36:40+00:00\",\"dateModified\":\"2022-10-09T13:52:44+00:00\",\"mainEntityOfPage\":{\"@id\":\"https:\/\/madeinzaragoza.es\/blog\/se-ha-hecho-trizas-taller-y-tienda-de-ceramica\/\"},\"wordCount\":933,\"commentCount\":2,\"publisher\":{\"@id\":\"https:\/\/madeinzaragoza.es\/blog\/#organization\"},\"articleSection\":[\"Econom\u00eda Creativa\",\"Red MIZ\",\"Tendencias\"],\"inLanguage\":\"es\",\"potentialAction\":[{\"@type\":\"CommentAction\",\"name\":\"Comment\",\"target\":[\"https:\/\/madeinzaragoza.es\/blog\/se-ha-hecho-trizas-taller-y-tienda-de-ceramica\/#respond\"]}]},{\"@type\":\"WebPage\",\"@id\":\"https:\/\/madeinzaragoza.es\/blog\/se-ha-hecho-trizas-taller-y-tienda-de-ceramica\/\",\"url\":\"https:\/\/madeinzaragoza.es\/blog\/se-ha-hecho-trizas-taller-y-tienda-de-ceramica\/\",\"name\":\"Se Ha Hecho Trizas: Cer\u00e1mica exquisita para todos los d\u00edas - Made in Zaragoza\",\"isPartOf\":{\"@id\":\"https:\/\/madeinzaragoza.es\/blog\/#website\"},\"datePublished\":\"2021-04-19T15:36:40+00:00\",\"dateModified\":\"2022-10-09T13:52:44+00:00\",\"description\":\"Descubre el taller y tienda de cer\u00e1mica Se Ha Hecho en Trizas en el barrio m\u00e1s creativo de Zaragoza, compra artesano o apuntate a sus clases\",\"breadcrumb\":{\"@id\":\"https:\/\/madeinzaragoza.es\/blog\/se-ha-hecho-trizas-taller-y-tienda-de-ceramica\/#breadcrumb\"},\"inLanguage\":\"es\",\"potentialAction\":[{\"@type\":\"ReadAction\",\"target\":[\"https:\/\/madeinzaragoza.es\/blog\/se-ha-hecho-trizas-taller-y-tienda-de-ceramica\/\"]}]},{\"@type\":\"BreadcrumbList\",\"@id\":\"https:\/\/madeinzaragoza.es\/blog\/se-ha-hecho-trizas-taller-y-tienda-de-ceramica\/#breadcrumb\",\"itemListElement\":[{\"@type\":\"ListItem\",\"position\":1,\"name\":\"Portada\",\"item\":\"https:\/\/madeinzaragoza.es\/blog\/\"},{\"@type\":\"ListItem\",\"position\":2,\"name\":\"Se Ha Hecho Trizas: Cer\u00e1mica exquisita para todos los d\u00edas\"}]},{\"@type\":\"WebSite\",\"@id\":\"https:\/\/madeinzaragoza.es\/blog\/#website\",\"url\":\"https:\/\/madeinzaragoza.es\/blog\/\",\"name\":\"Made in Zaragoza\",\"description\":\"Blog de MadeinZGZ, Red de Econom\u00eda Creativa de Zaragoza\",\"publisher\":{\"@id\":\"https:\/\/madeinzaragoza.es\/blog\/#organization\"},\"potentialAction\":[{\"@type\":\"SearchAction\",\"target\":{\"@type\":\"EntryPoint\",\"urlTemplate\":\"https:\/\/madeinzaragoza.es\/blog\/?s={search_term_string}\"},\"query-input\":\"required name=search_term_string\"}],\"inLanguage\":\"es\"},{\"@type\":\"Organization\",\"@id\":\"https:\/\/madeinzaragoza.es\/blog\/#organization\",\"name\":\"Made In Zaragoza\",\"url\":\"https:\/\/madeinzaragoza.es\/blog\/\",\"sameAs\":[\"https:\/\/www.instagram.com\/madeinzaragoza.es\/\",\"https:\/\/www.facebook.com\/madeinzaragoza.es\/\",\"https:\/\/twitter.com\/madeinzaragoza\"],\"logo\":{\"@type\":\"ImageObject\",\"inLanguage\":\"es\",\"@id\":\"https:\/\/madeinzaragoza.es\/blog\/#\/schema\/logo\/image\/\",\"url\":\"https:\/\/madeinzaragoza.es\/blog\/wp-content\/uploads\/2022\/05\/logo.png\",\"contentUrl\":\"https:\/\/madeinzaragoza.es\/blog\/wp-content\/uploads\/2022\/05\/logo.png\",\"width\":193,\"height\":176,\"caption\":\"Made In Zaragoza\"},\"image\":{\"@id\":\"https:\/\/madeinzaragoza.es\/blog\/#\/schema\/logo\/image\/\"}},{\"@type\":\"Person\",\"@id\":\"https:\/\/madeinzaragoza.es\/blog\/#\/schema\/person\/f6a3e33e7bb103b00b0f9321931cc3ea\",\"name\":\"Cristina Castejon\",\"image\":{\"@type\":\"ImageObject\",\"inLanguage\":\"es\",\"@id\":\"https:\/\/madeinzaragoza.es\/blog\/#\/schema\/person\/image\/\",\"url\":\"https:\/\/secure.gravatar.com\/avatar\/2915f57f02d0a7f564ca0bdd8e3ea1cb?s=96&d=mm&r=g\",\"contentUrl\":\"https:\/\/secure.gravatar.com\/avatar\/2915f57f02d0a7f564ca0bdd8e3ea1cb?s=96&d=mm&r=g\",\"caption\":\"Cristina Castejon\"},\"description\":\"De letras hasta la m\u00e9dula, siempre he pensado que la narrativa es el pastel, no la guinda. Da igual que sea en un libro o una peli, las buenas historias siempre nos enganchan. Escribo para mi blog www.cdecontar.com y para todo aquel que necesite poner alma a su marca o servicio. Me encanta mirar escaparates, contemplar fachadas y descubrir rincones escondidos. Creo que Zaragoza est\u00e1 plagada de buenas historias: ziudadanos curiosos, \u00a1callejeemos para darles caza!\",\"sameAs\":[\"http:\/\/www.cdecontar.com\",\"https:\/\/twitter.com\/cdecontar\"],\"url\":\"https:\/\/madeinzaragoza.es\/blog\/author\/cristina-castejon\/\"}]}<\/script>\n<!-- \/ Yoast SEO plugin. -->","yoast_head_json":{"title":"Se Ha Hecho Trizas: Cer\u00e1mica exquisita para todos los d\u00edas - Made in Zaragoza","description":"Descubre el taller y tienda de cer\u00e1mica Se Ha Hecho en Trizas en el barrio m\u00e1s creativo de Zaragoza, compra artesano o apuntate a sus clases","robots":{"index":"index","follow":"follow","max-snippet":"max-snippet:-1","max-image-preview":"max-image-preview:large","max-video-preview":"max-video-preview:-1"},"canonical":"https:\/\/madeinzaragoza.es\/blog\/se-ha-hecho-trizas-taller-y-tienda-de-ceramica\/","og_locale":"es_ES","og_type":"article","og_title":"Se Ha Hecho Trizas: Cer\u00e1mica exquisita para todos los d\u00edas - Made in Zaragoza","og_description":"Descubre el taller y tienda de cer\u00e1mica Se Ha Hecho en Trizas en el barrio m\u00e1s creativo de Zaragoza, compra artesano o apuntate a sus clases","og_url":"https:\/\/madeinzaragoza.es\/blog\/se-ha-hecho-trizas-taller-y-tienda-de-ceramica\/","og_site_name":"Made in Zaragoza","article_publisher":"https:\/\/www.facebook.com\/madeinzaragoza.es\/","article_published_time":"2021-04-19T15:36:40+00:00","article_modified_time":"2022-10-09T13:52:44+00:00","og_image":[{"width":960,"height":720,"url":"https:\/\/madeinzaragoza.es\/blog\/wp-content\/uploads\/2021\/04\/sht-vajilla-pastel.jpg","type":"image\/jpeg"}],"author":"Cristina Castejon","twitter_card":"summary","twitter_creator":"@cdecontar","twitter_site":"@madeinzaragoza","twitter_misc":{"Escrito por":"Cristina Castejon","Tiempo de lectura":"5 minutos"},"schema":{"@context":"https:\/\/schema.org","@graph":[{"@type":"Article","@id":"https:\/\/madeinzaragoza.es\/blog\/se-ha-hecho-trizas-taller-y-tienda-de-ceramica\/#article","isPartOf":{"@id":"https:\/\/madeinzaragoza.es\/blog\/se-ha-hecho-trizas-taller-y-tienda-de-ceramica\/"},"author":{"name":"Cristina Castejon","@id":"https:\/\/madeinzaragoza.es\/blog\/#\/schema\/person\/f6a3e33e7bb103b00b0f9321931cc3ea"},"headline":"Se Ha Hecho Trizas: Cer\u00e1mica exquisita para todos los d\u00edas","datePublished":"2021-04-19T15:36:40+00:00","dateModified":"2022-10-09T13:52:44+00:00","mainEntityOfPage":{"@id":"https:\/\/madeinzaragoza.es\/blog\/se-ha-hecho-trizas-taller-y-tienda-de-ceramica\/"},"wordCount":933,"commentCount":2,"publisher":{"@id":"https:\/\/madeinzaragoza.es\/blog\/#organization"},"articleSection":["Econom\u00eda Creativa","Red MIZ","Tendencias"],"inLanguage":"es","potentialAction":[{"@type":"CommentAction","name":"Comment","target":["https:\/\/madeinzaragoza.es\/blog\/se-ha-hecho-trizas-taller-y-tienda-de-ceramica\/#respond"]}]},{"@type":"WebPage","@id":"https:\/\/madeinzaragoza.es\/blog\/se-ha-hecho-trizas-taller-y-tienda-de-ceramica\/","url":"https:\/\/madeinzaragoza.es\/blog\/se-ha-hecho-trizas-taller-y-tienda-de-ceramica\/","name":"Se Ha Hecho Trizas: Cer\u00e1mica exquisita para todos los d\u00edas - Made in Zaragoza","isPartOf":{"@id":"https:\/\/madeinzaragoza.es\/blog\/#website"},"datePublished":"2021-04-19T15:36:40+00:00","dateModified":"2022-10-09T13:52:44+00:00","description":"Descubre el taller y tienda de cer\u00e1mica Se Ha Hecho en Trizas en el barrio m\u00e1s creativo de Zaragoza, compra artesano o apuntate a sus clases","breadcrumb":{"@id":"https:\/\/madeinzaragoza.es\/blog\/se-ha-hecho-trizas-taller-y-tienda-de-ceramica\/#breadcrumb"},"inLanguage":"es","potentialAction":[{"@type":"ReadAction","target":["https:\/\/madeinzaragoza.es\/blog\/se-ha-hecho-trizas-taller-y-tienda-de-ceramica\/"]}]},{"@type":"BreadcrumbList","@id":"https:\/\/madeinzaragoza.es\/blog\/se-ha-hecho-trizas-taller-y-tienda-de-ceramica\/#breadcrumb","itemListElement":[{"@type":"ListItem","position":1,"name":"Portada","item":"https:\/\/madeinzaragoza.es\/blog\/"},{"@type":"ListItem","position":2,"name":"Se Ha Hecho Trizas: Cer\u00e1mica exquisita para todos los d\u00edas"}]},{"@type":"WebSite","@id":"https:\/\/madeinzaragoza.es\/blog\/#website","url":"https:\/\/madeinzaragoza.es\/blog\/","name":"Made in Zaragoza","description":"Blog de MadeinZGZ, Red de Econom\u00eda Creativa de Zaragoza","publisher":{"@id":"https:\/\/madeinzaragoza.es\/blog\/#organization"},"potentialAction":[{"@type":"SearchAction","target":{"@type":"EntryPoint","urlTemplate":"https:\/\/madeinzaragoza.es\/blog\/?s={search_term_string}"},"query-input":"required name=search_term_string"}],"inLanguage":"es"},{"@type":"Organization","@id":"https:\/\/madeinzaragoza.es\/blog\/#organization","name":"Made In Zaragoza","url":"https:\/\/madeinzaragoza.es\/blog\/","sameAs":["https:\/\/www.instagram.com\/madeinzaragoza.es\/","https:\/\/www.facebook.com\/madeinzaragoza.es\/","https:\/\/twitter.com\/madeinzaragoza"],"logo":{"@type":"ImageObject","inLanguage":"es","@id":"https:\/\/madeinzaragoza.es\/blog\/#\/schema\/logo\/image\/","url":"https:\/\/madeinzaragoza.es\/blog\/wp-content\/uploads\/2022\/05\/logo.png","contentUrl":"https:\/\/madeinzaragoza.es\/blog\/wp-content\/uploads\/2022\/05\/logo.png","width":193,"height":176,"caption":"Made In Zaragoza"},"image":{"@id":"https:\/\/madeinzaragoza.es\/blog\/#\/schema\/logo\/image\/"}},{"@type":"Person","@id":"https:\/\/madeinzaragoza.es\/blog\/#\/schema\/person\/f6a3e33e7bb103b00b0f9321931cc3ea","name":"Cristina Castejon","image":{"@type":"ImageObject","inLanguage":"es","@id":"https:\/\/madeinzaragoza.es\/blog\/#\/schema\/person\/image\/","url":"https:\/\/secure.gravatar.com\/avatar\/2915f57f02d0a7f564ca0bdd8e3ea1cb?s=96&d=mm&r=g","contentUrl":"https:\/\/secure.gravatar.com\/avatar\/2915f57f02d0a7f564ca0bdd8e3ea1cb?s=96&d=mm&r=g","caption":"Cristina Castejon"},"description":"De letras hasta la m\u00e9dula, siempre he pensado que la narrativa es el pastel, no la guinda. Da igual que sea en un libro o una peli, las buenas historias siempre nos enganchan. Escribo para mi blog www.cdecontar.com y para todo aquel que necesite poner alma a su marca o servicio. Me encanta mirar escaparates, contemplar fachadas y descubrir rincones escondidos. Creo que Zaragoza est\u00e1 plagada de buenas historias: ziudadanos curiosos, \u00a1callejeemos para darles caza!","sameAs":["http:\/\/www.cdecontar.com","https:\/\/twitter.com\/cdecontar"],"url":"https:\/\/madeinzaragoza.es\/blog\/author\/cristina-castejon\/"}]}},"_links":{"self":[{"href":"https:\/\/madeinzaragoza.es\/blog\/wp-json\/wp\/v2\/posts\/31467"}],"collection":[{"href":"https:\/\/madeinzaragoza.es\/blog\/wp-json\/wp\/v2\/posts"}],"about":[{"href":"https:\/\/madeinzaragoza.es\/blog\/wp-json\/wp\/v2\/types\/post"}],"author":[{"embeddable":true,"href":"https:\/\/madeinzaragoza.es\/blog\/wp-json\/wp\/v2\/users\/66"}],"replies":[{"embeddable":true,"href":"https:\/\/madeinzaragoza.es\/blog\/wp-json\/wp\/v2\/comments?post=31467"}],"version-history":[{"count":20,"href":"https:\/\/madeinzaragoza.es\/blog\/wp-json\/wp\/v2\/posts\/31467\/revisions"}],"predecessor-version":[{"id":36160,"href":"https:\/\/madeinzaragoza.es\/blog\/wp-json\/wp\/v2\/posts\/31467\/revisions\/36160"}],"wp:featuredmedia":[{"embeddable":true,"href":"https:\/\/madeinzaragoza.es\/blog\/wp-json\/wp\/v2\/media\/31534"}],"wp:attachment":[{"href":"https:\/\/madeinzaragoza.es\/blog\/wp-json\/wp\/v2\/media?parent=31467"}],"wp:term":[{"taxonomy":"category","embeddable":true,"href":"https:\/\/madeinzaragoza.es\/blog\/wp-json\/wp\/v2\/categories?post=31467"},{"taxonomy":"post_tag","embeddable":true,"href":"https:\/\/madeinzaragoza.es\/blog\/wp-json\/wp\/v2\/tags?post=31467"}],"curies":[{"name":"wp","href":"https:\/\/api.w.org\/{rel}","templated":true}]}}