{"id":31386,"date":"2021-04-17T16:20:09","date_gmt":"2021-04-17T15:20:09","guid":{"rendered":"http:\/\/madeinzaragoza.es\/blog\/?p=31386"},"modified":"2022-10-09T14:52:44","modified_gmt":"2022-10-09T13:52:44","slug":"los-cambios-que-se-han-producido-en-casa-durante-la-pandemia","status":"publish","type":"post","link":"https:\/\/madeinzaragoza.es\/blog\/los-cambios-que-se-han-producido-en-casa-durante-la-pandemia\/","title":{"rendered":"Los cambios que se han producido en casa durante la pandemia"},"content":{"rendered":"\n<p>Si algo nos ha quedado claro durante la pandemia de la COVID-19 es que a nuestras casas les hac\u00eda falta un <em>plan renove<\/em> para hacerlas m\u00e1s bonitas y confortables. Hemos pasado muchas horas en casa, y hemos tenido que readaptarlas para hacerlas m\u00e1s c\u00f3modas, creando rincones para teletrabajo, para hacer deporte, para hacer deberes&#8230; <\/p>\n\n\n\n<p>Hoy en el blog MIZ vamos a hacer un repaso por<strong> algunos de los cambios m\u00e1s comunes que hemos tenido que realizar en nuestros hogares a causa de este coronavirus<\/strong> que tanto nos ha cambiado la vida (y c\u00f3mo los negocios de la red de Made in Zaragoza nos han ayudado a poner nuestras casas m\u00e1s bonitas que nunca).<\/p>\n\n\n\n<ul><li><strong>El recibidor<\/strong> (vaya palabra bonita, por cierto, por todo lo que implica) se ha convertido en un espacio clave para combatir la pandemia. De entrada, en muchos hogares se han puesto bancos o sillas para calzarse y descalzarse (una costumbre muy t\u00edpica en Jap\u00f3n o en los pa\u00edses del norte de Europa, pero que en Espa\u00f1a no se llevaba demasiado. En los recibidores de muchas casas tampoco falta una papelera para tirar la mascarilla al llegar a casa, o una consola para tener a mano geles, sprays, mascarillas limpias, etc&#8230; Si necesitas un mueble aparador para la entrada, en <a href=\"http:\/\/madeinzaragoza.es\/comercio\/muebles-kimber\/\">Muebles Kimber<\/a> tienen aut\u00e9nticas maravillas. <\/li><\/ul>\n\n\n\n<div class=\"wp-block-image\"><figure class=\"aligncenter size-large\"><img loading=\"lazy\" decoding=\"async\" width=\"567\" height=\"567\" src=\"http:\/\/madeinzaragoza.es\/blog\/wp-content\/uploads\/2021\/04\/32028946_606542249723572_6586860908566282240_n.jpg\" alt=\"\" class=\"wp-image-31511\" srcset=\"https:\/\/madeinzaragoza.es\/blog\/wp-content\/uploads\/2021\/04\/32028946_606542249723572_6586860908566282240_n.jpg 567w, https:\/\/madeinzaragoza.es\/blog\/wp-content\/uploads\/2021\/04\/32028946_606542249723572_6586860908566282240_n-300x300.jpg 300w, https:\/\/madeinzaragoza.es\/blog\/wp-content\/uploads\/2021\/04\/32028946_606542249723572_6586860908566282240_n-150x150.jpg 150w\" sizes=\"(max-width: 567px) 85vw, 567px\" \/><figcaption>Aparador de Muebles Kimber<\/figcaption><\/figure><\/div>\n\n\n\n<ul><li><strong>El sal\u00f3n<\/strong>. Es el lugar de la casa en el que m\u00e1s tiempo pasamos. All\u00ed vemos nuestras series favoritas, leemos, comemos y cenamos, hacemos videollamadas con amigos&#8230; y hemos tenido que adaptarlo y hacerlo m\u00e1s confortable que nunca, con complementos deco que sacamos de tiendas como <a href=\"http:\/\/madeinzaragoza.es\/comercios\/buscador.php\">Shuave Shop<\/a>, <a href=\"https:\/\/www.espaciohorst.com\/\">Horst<\/a>. Tambi\u00e9n aprovechamos para cambiar los textiles, renovando las cortinas en estudios como <a href=\"http:\/\/madeinzaragoza.es\/comercio\/josefina-decoracion\/\">Josefina Decoraci\u00f3n<\/a>, o alfombras \u00fanicas como las de <a href=\"http:\/\/madeinzaragoza.es\/comercio\/azul-bereber\/\">Azul Bereber<\/a>.<\/li><\/ul>\n\n\n\n<figure class=\"wp-block-image size-large\"><img loading=\"lazy\" decoding=\"async\" width=\"716\" height=\"599\" src=\"http:\/\/madeinzaragoza.es\/blog\/wp-content\/uploads\/2021\/04\/IMG_3138_543c074f-4800-4e8f-b4cd-e64301ca6bb0_grande.jpg\" alt=\"\" class=\"wp-image-31504\" srcset=\"https:\/\/madeinzaragoza.es\/blog\/wp-content\/uploads\/2021\/04\/IMG_3138_543c074f-4800-4e8f-b4cd-e64301ca6bb0_grande.jpg 716w, https:\/\/madeinzaragoza.es\/blog\/wp-content\/uploads\/2021\/04\/IMG_3138_543c074f-4800-4e8f-b4cd-e64301ca6bb0_grande-300x251.jpg 300w\" sizes=\"(max-width: 709px) 85vw, (max-width: 909px) 67vw, (max-width: 984px) 61vw, (max-width: 1362px) 45vw, 600px\" \/><figcaption>En Azul Bereber tienen alfombras artesanales \u00fanicas<\/figcaption><\/figure>\n\n\n\n<p>Tambi\u00e9n aprovechamos para redecorar nuestras paredes, llen\u00e1ndolas de l\u00e1minas o mapas decorativos como los que tienen en <a href=\"http:\/\/madeinzaragoza.es\/comercio\/nacnic\/\">Nacnic<\/a>, ilustraciones de artistas como <a href=\"http:\/\/madeinzaragoza.es\/comercio\/ester-laguna\/\">Ester Laguna<\/a>, o enmarcando esos cuadros que llevaban a\u00f1os guardados ante la falta de tiempo para hacerlo en tiendas como <a href=\"http:\/\/madeinzaragoza.es\/comercio\/enmarco-20\/\">Enmarco 2.0<\/a>.<\/p>\n\n\n\n<figure class=\"wp-block-image size-large\"><img loading=\"lazy\" decoding=\"async\" width=\"1024\" height=\"743\" src=\"http:\/\/madeinzaragoza.es\/blog\/wp-content\/uploads\/2021\/04\/4-2-1024x743.jpg\" alt=\"\" class=\"wp-image-31509\" srcset=\"https:\/\/madeinzaragoza.es\/blog\/wp-content\/uploads\/2021\/04\/4-2-1024x743.jpg 1024w, https:\/\/madeinzaragoza.es\/blog\/wp-content\/uploads\/2021\/04\/4-2-300x218.jpg 300w, https:\/\/madeinzaragoza.es\/blog\/wp-content\/uploads\/2021\/04\/4-2-768x557.jpg 768w, https:\/\/madeinzaragoza.es\/blog\/wp-content\/uploads\/2021\/04\/4-2-1536x1114.jpg 1536w, https:\/\/madeinzaragoza.es\/blog\/wp-content\/uploads\/2021\/04\/4-2-1200x870.jpg 1200w, https:\/\/madeinzaragoza.es\/blog\/wp-content\/uploads\/2021\/04\/4-2.jpg 1999w\" sizes=\"(max-width: 709px) 85vw, (max-width: 909px) 67vw, (max-width: 1362px) 62vw, 840px\" \/><figcaption>Mapas decorativos de estilo vintage de Nacnic<\/figcaption><\/figure>\n\n\n\n<p>Y por supuesto, nos afanamos hacer hueco para nuestros hobbies, redescubriendo el placer de escuchar vinilos (en <a href=\"http:\/\/madeinzaragoza.es\/comercio\/la-gramola\/\">La Gramola<\/a> hay compra venta de discos) en dar peque\u00f1os detalles que hac\u00edan el sal\u00f3n mucho m\u00e1s bonito y c\u00e1lido. Para conseguirlo, pusimos velas en cualquier rinc\u00f3n. Muchos, incluso las fabricaron ellos (en <a href=\"http:\/\/madeinzaragoza.es\/comercio\/la-gran-velada\/\">La Gran Velada<\/a> puedes aprender y comprar lo necesario para fabricar tus propias velas). <\/p>\n\n\n\n<ul><li><strong>Zona de teletrabajo.<\/strong> Con la pandemia, lleg\u00f3 el teletrabajo a muchos hogares. Y eso, nos oblig\u00f3 a readaptar nuestros hogares, vi\u00e9ndonos en la obligaci\u00f3n de crear un <a href=\"http:\/\/madeinzaragoza.es\/blog\/7-claves-para-montar-un-rincon-de-teletrabajo-en-casa\/\">espacio de teletrabajo<\/a>, aprovechando dise\u00f1os de profesionales como la arquitecta de espacios y mobiliario <a href=\"http:\/\/madeinzaragoza.es\/comercio\/maripisanchez\/\">Marip\u00ed S\u00e1nchez.<\/a><\/li><\/ul>\n\n\n\n<ul><li><strong>Cocina<\/strong>. Desde que comenz\u00f3 la pandemia, las cocinas cobraron nueva vida en nuestras casas. Todos nos lanzamos a preparar panes, bizcochos, recetas ricas. Los que previamente no cocinaban, se metieron en harina con platos m\u00e1s sencillos. Los cocinillas de siempre, fueron escalando posiciones con platos m\u00e1s atrevidos. Y esa afici\u00f3n, llen\u00f3 nuestros armarios de \u00fatiles de cocina y reposter\u00eda, de tazas bonitas como las que puedes encontrar en<a href=\"http:\/\/madeinzaragoza.es\/comercio\/lilou\/\"> Lilou Sucursal de Felicidad<\/a>, o de <strong>alimentos gourmet o de comida ecol\u00f3gica para cocinar<\/strong> como los que podemos encontrar en tiendas como La Natural, o <a href=\"http:\/\/madeinzaragoza.es\/comercio\/lasca-negra\/\">Lasca Nagra <\/a>(especializada en alimentos con trufa). <\/li><\/ul>\n\n\n\n<p>Adem\u00e1s, la necesidad de comprar alimentos en peque\u00f1o comercio y a granel, para potenciar el alimento de cercan\u00eda y reducir el uso de pl\u00e1sticos, tambi\u00e9n fue una constante en las cocinas de muchos hogares. Y para conseguirlo, negocios como Compro en el campo, <a href=\"http:\/\/madeinzaragoza.es\/comercio\/sin-huella\/\">Sin Huella<\/a>, <a href=\"http:\/\/madeinzaragoza.es\/comercio\/el-colmado-con-luz-y-alma\/\" class=\"broken_link\">El colmado con luz y alma<\/a>, o <a href=\"http:\/\/madeinzaragoza.es\/comercio\/detarros\/\">De Tarros<\/a>, se volvieron imprescindibles.<\/p>\n\n\n\n<div class=\"wp-block-image\"><figure class=\"aligncenter size-large\"><img loading=\"lazy\" decoding=\"async\" width=\"960\" height=\"960\" src=\"http:\/\/madeinzaragoza.es\/blog\/wp-content\/uploads\/2021\/04\/170272838_2629621587339690_2735432590319891297_n.jpg\" alt=\"\" class=\"wp-image-31505\" srcset=\"https:\/\/madeinzaragoza.es\/blog\/wp-content\/uploads\/2021\/04\/170272838_2629621587339690_2735432590319891297_n.jpg 960w, https:\/\/madeinzaragoza.es\/blog\/wp-content\/uploads\/2021\/04\/170272838_2629621587339690_2735432590319891297_n-300x300.jpg 300w, https:\/\/madeinzaragoza.es\/blog\/wp-content\/uploads\/2021\/04\/170272838_2629621587339690_2735432590319891297_n-150x150.jpg 150w, https:\/\/madeinzaragoza.es\/blog\/wp-content\/uploads\/2021\/04\/170272838_2629621587339690_2735432590319891297_n-768x768.jpg 768w\" sizes=\"(max-width: 709px) 85vw, (max-width: 909px) 67vw, (max-width: 1362px) 62vw, 840px\" \/><figcaption>Later\u00edo de calidad para animar los verm\u00fas caseros, en Latastienda<\/figcaption><\/figure><\/div>\n\n\n\n<p>Y por supuesto, para los que segu\u00edan sin cocinar, o para los que s\u00ed cocin\u00e1bamos, pero quer\u00edamos darnos un gustazo, nuestras alacenas y despensas se llenaron de exquisiteces como las conservas de <a href=\"http:\/\/madeinzaragoza.es\/comercio\/latastienda\/\">Latastienda<\/a>, o <a href=\"http:\/\/madeinzaragoza.es\/comercio\/la-rinconada-del-queso\/\">La Rinconada del Queso.<\/a><\/p>\n\n\n\n<ul><li><strong>La terraza o el balc\u00f3n<\/strong>. Quiz\u00e1s, las <a href=\"http:\/\/madeinzaragoza.es\/blog\/5-ideas-para-poner-bonita-tu-terraza-o-balcon-este-verano\/\">terrazas y balcones<\/a> hayan sido el gran descubrimiento de nuestros hogares durante la pandemia. El confinamiento puro y duro y la necesidad de respirar y ver el sol nos llev\u00f3 a recuperar estos espacios. <\/li><\/ul>\n\n\n\n<figure class=\"wp-block-image size-large\"><img loading=\"lazy\" decoding=\"async\" width=\"1024\" height=\"649\" src=\"http:\/\/madeinzaragoza.es\/blog\/wp-content\/uploads\/2021\/04\/Dise\u00f1o-sin-t\u00edtulo-71-1024x649.jpg\" alt=\"\" class=\"wp-image-31513\" srcset=\"https:\/\/madeinzaragoza.es\/blog\/wp-content\/uploads\/2021\/04\/Dise\u00f1o-sin-t\u00edtulo-71-1024x649.jpg 1024w, https:\/\/madeinzaragoza.es\/blog\/wp-content\/uploads\/2021\/04\/Dise\u00f1o-sin-t\u00edtulo-71-300x190.jpg 300w, https:\/\/madeinzaragoza.es\/blog\/wp-content\/uploads\/2021\/04\/Dise\u00f1o-sin-t\u00edtulo-71-768x486.jpg 768w, https:\/\/madeinzaragoza.es\/blog\/wp-content\/uploads\/2021\/04\/Dise\u00f1o-sin-t\u00edtulo-71-1200x760.jpg 1200w, https:\/\/madeinzaragoza.es\/blog\/wp-content\/uploads\/2021\/04\/Dise\u00f1o-sin-t\u00edtulo-71.jpg 1500w\" sizes=\"(max-width: 709px) 85vw, (max-width: 909px) 67vw, (max-width: 1362px) 62vw, 840px\" \/><\/figure>\n\n\n\n<p>Los amueblamos, los llenamos de lucecitas, y por supuesto, los llenamos de flores y plantas para convertirlos en aut\u00e9nticos vergeles urbanos gracias a florister\u00edas de nuestra ciudad como <a href=\"http:\/\/madeinzaragoza.es\/comercio\/flores-ohana\/\">Flores Ohana<\/a>, <a href=\"http:\/\/madeinzaragoza.es\/comercio\/galvez-floristas\/\">Galvez Floristas<\/a>, o <a href=\"http:\/\/madeinzaragoza.es\/comercio\/floristeria-le\/\">Florister\u00eda Le.<\/a><\/p>\n","protected":false},"excerpt":{"rendered":"<p>Si algo nos ha quedado claro durante la pandemia de la COVID-19 es que a nuestras casas les hac\u00eda falta un plan renove para hacerlas m\u00e1s bonitas y confortables. Hemos pasado muchas horas en casa, y hemos tenido que readaptarlas para hacerlas m\u00e1s c\u00f3modas, creando rincones para teletrabajo, para hacer deporte, para hacer deberes&#8230; Hoy &hellip; <a href=\"https:\/\/madeinzaragoza.es\/blog\/los-cambios-que-se-han-producido-en-casa-durante-la-pandemia\/\" class=\"more-link\">Continuar leyendo<span class=\"screen-reader-text\"> \u00abLos cambios que se han producido en casa durante la pandemia\u00bb<\/span><\/a><\/p>\n","protected":false},"author":11,"featured_media":31508,"comment_status":"open","ping_status":"open","sticky":false,"template":"","format":"standard","meta":{"footnotes":""},"categories":[1],"tags":[],"yoast_head":"<!-- This site is optimized with the Yoast SEO plugin v19.7.2 - https:\/\/yoast.com\/wordpress\/plugins\/seo\/ -->\n<title>Los cambios que se han producido en casa durante la pandemia - Made in Zaragoza<\/title>\n<meta name=\"robots\" content=\"index, follow, max-snippet:-1, max-image-preview:large, max-video-preview:-1\" \/>\n<link rel=\"canonical\" href=\"http:\/\/madeinzaragoza.es\/blog\/los-cambios-que-se-han-producido-en-casa-durante-la-pandemia\/\" \/>\n<meta property=\"og:locale\" content=\"es_ES\" \/>\n<meta property=\"og:type\" content=\"article\" \/>\n<meta property=\"og:title\" content=\"Los cambios que se han producido en casa durante la pandemia - Made in Zaragoza\" \/>\n<meta property=\"og:description\" content=\"Si algo nos ha quedado claro durante la pandemia de la COVID-19 es que a nuestras casas les hac\u00eda falta un plan renove para hacerlas m\u00e1s bonitas y confortables. Hemos pasado muchas horas en casa, y hemos tenido que readaptarlas para hacerlas m\u00e1s c\u00f3modas, creando rincones para teletrabajo, para hacer deporte, para hacer deberes&#8230; Hoy &hellip; Continuar leyendo &quot;Los cambios que se han producido en casa durante la pandemia&quot;\" \/>\n<meta property=\"og:url\" content=\"http:\/\/madeinzaragoza.es\/blog\/los-cambios-que-se-han-producido-en-casa-durante-la-pandemia\/\" \/>\n<meta property=\"og:site_name\" content=\"Made in Zaragoza\" \/>\n<meta property=\"article:publisher\" content=\"https:\/\/www.facebook.com\/madeinzaragoza.es\/\" \/>\n<meta property=\"article:author\" content=\"nachovinauena\" \/>\n<meta property=\"article:published_time\" content=\"2021-04-17T15:20:09+00:00\" \/>\n<meta property=\"article:modified_time\" content=\"2022-10-09T13:52:44+00:00\" \/>\n<meta property=\"og:image\" content=\"http:\/\/madeinzaragoza.es\/blog\/wp-content\/uploads\/2021\/04\/1frontleft-1.jpg\" \/>\n\t<meta property=\"og:image:width\" content=\"1999\" \/>\n\t<meta property=\"og:image:height\" content=\"1450\" \/>\n\t<meta property=\"og:image:type\" content=\"image\/jpeg\" \/>\n<meta name=\"author\" content=\"Nacho Vinau\" \/>\n<meta name=\"twitter:card\" content=\"summary\" \/>\n<meta name=\"twitter:creator\" content=\"@nachoena\" \/>\n<meta name=\"twitter:site\" content=\"@madeinzaragoza\" \/>\n<meta name=\"twitter:label1\" content=\"Escrito por\" \/>\n\t<meta name=\"twitter:data1\" content=\"Nacho Vinau\" \/>\n\t<meta name=\"twitter:label2\" content=\"Tiempo de lectura\" \/>\n\t<meta name=\"twitter:data2\" content=\"4 minutos\" \/>\n<script type=\"application\/ld+json\" class=\"yoast-schema-graph\">{\"@context\":\"https:\/\/schema.org\",\"@graph\":[{\"@type\":\"Article\",\"@id\":\"http:\/\/madeinzaragoza.es\/blog\/los-cambios-que-se-han-producido-en-casa-durante-la-pandemia\/#article\",\"isPartOf\":{\"@id\":\"http:\/\/madeinzaragoza.es\/blog\/los-cambios-que-se-han-producido-en-casa-durante-la-pandemia\/\"},\"author\":{\"name\":\"Nacho Vinau\",\"@id\":\"https:\/\/madeinzaragoza.es\/blog\/#\/schema\/person\/c75168076287255954a1350e1bc702aa\"},\"headline\":\"Los cambios que se han producido en casa durante la pandemia\",\"datePublished\":\"2021-04-17T15:20:09+00:00\",\"dateModified\":\"2022-10-09T13:52:44+00:00\",\"mainEntityOfPage\":{\"@id\":\"http:\/\/madeinzaragoza.es\/blog\/los-cambios-que-se-han-producido-en-casa-durante-la-pandemia\/\"},\"wordCount\":799,\"commentCount\":0,\"publisher\":{\"@id\":\"https:\/\/madeinzaragoza.es\/blog\/#organization\"},\"articleSection\":[\"Tendencias\"],\"inLanguage\":\"es\",\"potentialAction\":[{\"@type\":\"CommentAction\",\"name\":\"Comment\",\"target\":[\"http:\/\/madeinzaragoza.es\/blog\/los-cambios-que-se-han-producido-en-casa-durante-la-pandemia\/#respond\"]}]},{\"@type\":\"WebPage\",\"@id\":\"http:\/\/madeinzaragoza.es\/blog\/los-cambios-que-se-han-producido-en-casa-durante-la-pandemia\/\",\"url\":\"http:\/\/madeinzaragoza.es\/blog\/los-cambios-que-se-han-producido-en-casa-durante-la-pandemia\/\",\"name\":\"Los cambios que se han producido en casa durante la pandemia - Made in Zaragoza\",\"isPartOf\":{\"@id\":\"https:\/\/madeinzaragoza.es\/blog\/#website\"},\"datePublished\":\"2021-04-17T15:20:09+00:00\",\"dateModified\":\"2022-10-09T13:52:44+00:00\",\"breadcrumb\":{\"@id\":\"http:\/\/madeinzaragoza.es\/blog\/los-cambios-que-se-han-producido-en-casa-durante-la-pandemia\/#breadcrumb\"},\"inLanguage\":\"es\",\"potentialAction\":[{\"@type\":\"ReadAction\",\"target\":[\"http:\/\/madeinzaragoza.es\/blog\/los-cambios-que-se-han-producido-en-casa-durante-la-pandemia\/\"]}]},{\"@type\":\"BreadcrumbList\",\"@id\":\"http:\/\/madeinzaragoza.es\/blog\/los-cambios-que-se-han-producido-en-casa-durante-la-pandemia\/#breadcrumb\",\"itemListElement\":[{\"@type\":\"ListItem\",\"position\":1,\"name\":\"Portada\",\"item\":\"https:\/\/madeinzaragoza.es\/blog\/\"},{\"@type\":\"ListItem\",\"position\":2,\"name\":\"Los cambios que se han producido en casa durante la pandemia\"}]},{\"@type\":\"WebSite\",\"@id\":\"https:\/\/madeinzaragoza.es\/blog\/#website\",\"url\":\"https:\/\/madeinzaragoza.es\/blog\/\",\"name\":\"Made in Zaragoza\",\"description\":\"Blog de MadeinZGZ, Red de Econom\u00eda Creativa de Zaragoza\",\"publisher\":{\"@id\":\"https:\/\/madeinzaragoza.es\/blog\/#organization\"},\"potentialAction\":[{\"@type\":\"SearchAction\",\"target\":{\"@type\":\"EntryPoint\",\"urlTemplate\":\"https:\/\/madeinzaragoza.es\/blog\/?s={search_term_string}\"},\"query-input\":\"required name=search_term_string\"}],\"inLanguage\":\"es\"},{\"@type\":\"Organization\",\"@id\":\"https:\/\/madeinzaragoza.es\/blog\/#organization\",\"name\":\"Made In Zaragoza\",\"url\":\"https:\/\/madeinzaragoza.es\/blog\/\",\"sameAs\":[\"https:\/\/www.instagram.com\/madeinzaragoza.es\/\",\"https:\/\/www.facebook.com\/madeinzaragoza.es\/\",\"https:\/\/twitter.com\/madeinzaragoza\"],\"logo\":{\"@type\":\"ImageObject\",\"inLanguage\":\"es\",\"@id\":\"https:\/\/madeinzaragoza.es\/blog\/#\/schema\/logo\/image\/\",\"url\":\"https:\/\/madeinzaragoza.es\/blog\/wp-content\/uploads\/2022\/05\/logo.png\",\"contentUrl\":\"https:\/\/madeinzaragoza.es\/blog\/wp-content\/uploads\/2022\/05\/logo.png\",\"width\":193,\"height\":176,\"caption\":\"Made In Zaragoza\"},\"image\":{\"@id\":\"https:\/\/madeinzaragoza.es\/blog\/#\/schema\/logo\/image\/\"}},{\"@type\":\"Person\",\"@id\":\"https:\/\/madeinzaragoza.es\/blog\/#\/schema\/person\/c75168076287255954a1350e1bc702aa\",\"name\":\"Nacho Vinau\",\"image\":{\"@type\":\"ImageObject\",\"inLanguage\":\"es\",\"@id\":\"https:\/\/madeinzaragoza.es\/blog\/#\/schema\/person\/image\/\",\"url\":\"https:\/\/secure.gravatar.com\/avatar\/0929336b01b6c352d95fd32182921ca3?s=96&d=mm&r=g\",\"contentUrl\":\"https:\/\/secure.gravatar.com\/avatar\/0929336b01b6c352d95fd32182921ca3?s=96&d=mm&r=g\",\"caption\":\"Nacho Vinau\"},\"description\":\"Blogger, organizador de bodas y eventos personalizados en La Lola se va de Boda. Generador de contenidos en COM&amp;COM, amante de mi ciudad, del arte, la moda, y de los peque\u00f1os placeres que nos da la vida.\",\"sameAs\":[\"http:\/\/nachovinauena.wordpress.com\",\"nachovinauena\",\"https:\/\/twitter.com\/nachoena\"],\"url\":\"https:\/\/madeinzaragoza.es\/blog\/author\/nacho-vinau\/\"}]}<\/script>\n<!-- \/ Yoast SEO plugin. -->","yoast_head_json":{"title":"Los cambios que se han producido en casa durante la pandemia - Made in Zaragoza","robots":{"index":"index","follow":"follow","max-snippet":"max-snippet:-1","max-image-preview":"max-image-preview:large","max-video-preview":"max-video-preview:-1"},"canonical":"http:\/\/madeinzaragoza.es\/blog\/los-cambios-que-se-han-producido-en-casa-durante-la-pandemia\/","og_locale":"es_ES","og_type":"article","og_title":"Los cambios que se han producido en casa durante la pandemia - Made in Zaragoza","og_description":"Si algo nos ha quedado claro durante la pandemia de la COVID-19 es que a nuestras casas les hac\u00eda falta un plan renove para hacerlas m\u00e1s bonitas y confortables. Hemos pasado muchas horas en casa, y hemos tenido que readaptarlas para hacerlas m\u00e1s c\u00f3modas, creando rincones para teletrabajo, para hacer deporte, para hacer deberes&#8230; Hoy &hellip; Continuar leyendo \"Los cambios que se han producido en casa durante la pandemia\"","og_url":"http:\/\/madeinzaragoza.es\/blog\/los-cambios-que-se-han-producido-en-casa-durante-la-pandemia\/","og_site_name":"Made in Zaragoza","article_publisher":"https:\/\/www.facebook.com\/madeinzaragoza.es\/","article_author":"nachovinauena","article_published_time":"2021-04-17T15:20:09+00:00","article_modified_time":"2022-10-09T13:52:44+00:00","og_image":[{"width":1999,"height":1450,"url":"http:\/\/madeinzaragoza.es\/blog\/wp-content\/uploads\/2021\/04\/1frontleft-1.jpg","type":"image\/jpeg"}],"author":"Nacho Vinau","twitter_card":"summary","twitter_creator":"@nachoena","twitter_site":"@madeinzaragoza","twitter_misc":{"Escrito por":"Nacho Vinau","Tiempo de lectura":"4 minutos"},"schema":{"@context":"https:\/\/schema.org","@graph":[{"@type":"Article","@id":"http:\/\/madeinzaragoza.es\/blog\/los-cambios-que-se-han-producido-en-casa-durante-la-pandemia\/#article","isPartOf":{"@id":"http:\/\/madeinzaragoza.es\/blog\/los-cambios-que-se-han-producido-en-casa-durante-la-pandemia\/"},"author":{"name":"Nacho Vinau","@id":"https:\/\/madeinzaragoza.es\/blog\/#\/schema\/person\/c75168076287255954a1350e1bc702aa"},"headline":"Los cambios que se han producido en casa durante la pandemia","datePublished":"2021-04-17T15:20:09+00:00","dateModified":"2022-10-09T13:52:44+00:00","mainEntityOfPage":{"@id":"http:\/\/madeinzaragoza.es\/blog\/los-cambios-que-se-han-producido-en-casa-durante-la-pandemia\/"},"wordCount":799,"commentCount":0,"publisher":{"@id":"https:\/\/madeinzaragoza.es\/blog\/#organization"},"articleSection":["Tendencias"],"inLanguage":"es","potentialAction":[{"@type":"CommentAction","name":"Comment","target":["http:\/\/madeinzaragoza.es\/blog\/los-cambios-que-se-han-producido-en-casa-durante-la-pandemia\/#respond"]}]},{"@type":"WebPage","@id":"http:\/\/madeinzaragoza.es\/blog\/los-cambios-que-se-han-producido-en-casa-durante-la-pandemia\/","url":"http:\/\/madeinzaragoza.es\/blog\/los-cambios-que-se-han-producido-en-casa-durante-la-pandemia\/","name":"Los cambios que se han producido en casa durante la pandemia - Made in Zaragoza","isPartOf":{"@id":"https:\/\/madeinzaragoza.es\/blog\/#website"},"datePublished":"2021-04-17T15:20:09+00:00","dateModified":"2022-10-09T13:52:44+00:00","breadcrumb":{"@id":"http:\/\/madeinzaragoza.es\/blog\/los-cambios-que-se-han-producido-en-casa-durante-la-pandemia\/#breadcrumb"},"inLanguage":"es","potentialAction":[{"@type":"ReadAction","target":["http:\/\/madeinzaragoza.es\/blog\/los-cambios-que-se-han-producido-en-casa-durante-la-pandemia\/"]}]},{"@type":"BreadcrumbList","@id":"http:\/\/madeinzaragoza.es\/blog\/los-cambios-que-se-han-producido-en-casa-durante-la-pandemia\/#breadcrumb","itemListElement":[{"@type":"ListItem","position":1,"name":"Portada","item":"https:\/\/madeinzaragoza.es\/blog\/"},{"@type":"ListItem","position":2,"name":"Los cambios que se han producido en casa durante la pandemia"}]},{"@type":"WebSite","@id":"https:\/\/madeinzaragoza.es\/blog\/#website","url":"https:\/\/madeinzaragoza.es\/blog\/","name":"Made in Zaragoza","description":"Blog de MadeinZGZ, Red de Econom\u00eda Creativa de Zaragoza","publisher":{"@id":"https:\/\/madeinzaragoza.es\/blog\/#organization"},"potentialAction":[{"@type":"SearchAction","target":{"@type":"EntryPoint","urlTemplate":"https:\/\/madeinzaragoza.es\/blog\/?s={search_term_string}"},"query-input":"required name=search_term_string"}],"inLanguage":"es"},{"@type":"Organization","@id":"https:\/\/madeinzaragoza.es\/blog\/#organization","name":"Made In Zaragoza","url":"https:\/\/madeinzaragoza.es\/blog\/","sameAs":["https:\/\/www.instagram.com\/madeinzaragoza.es\/","https:\/\/www.facebook.com\/madeinzaragoza.es\/","https:\/\/twitter.com\/madeinzaragoza"],"logo":{"@type":"ImageObject","inLanguage":"es","@id":"https:\/\/madeinzaragoza.es\/blog\/#\/schema\/logo\/image\/","url":"https:\/\/madeinzaragoza.es\/blog\/wp-content\/uploads\/2022\/05\/logo.png","contentUrl":"https:\/\/madeinzaragoza.es\/blog\/wp-content\/uploads\/2022\/05\/logo.png","width":193,"height":176,"caption":"Made In Zaragoza"},"image":{"@id":"https:\/\/madeinzaragoza.es\/blog\/#\/schema\/logo\/image\/"}},{"@type":"Person","@id":"https:\/\/madeinzaragoza.es\/blog\/#\/schema\/person\/c75168076287255954a1350e1bc702aa","name":"Nacho Vinau","image":{"@type":"ImageObject","inLanguage":"es","@id":"https:\/\/madeinzaragoza.es\/blog\/#\/schema\/person\/image\/","url":"https:\/\/secure.gravatar.com\/avatar\/0929336b01b6c352d95fd32182921ca3?s=96&d=mm&r=g","contentUrl":"https:\/\/secure.gravatar.com\/avatar\/0929336b01b6c352d95fd32182921ca3?s=96&d=mm&r=g","caption":"Nacho Vinau"},"description":"Blogger, organizador de bodas y eventos personalizados en La Lola se va de Boda. Generador de contenidos en COM&amp;COM, amante de mi ciudad, del arte, la moda, y de los peque\u00f1os placeres que nos da la vida.","sameAs":["http:\/\/nachovinauena.wordpress.com","nachovinauena","https:\/\/twitter.com\/nachoena"],"url":"https:\/\/madeinzaragoza.es\/blog\/author\/nacho-vinau\/"}]}},"_links":{"self":[{"href":"https:\/\/madeinzaragoza.es\/blog\/wp-json\/wp\/v2\/posts\/31386"}],"collection":[{"href":"https:\/\/madeinzaragoza.es\/blog\/wp-json\/wp\/v2\/posts"}],"about":[{"href":"https:\/\/madeinzaragoza.es\/blog\/wp-json\/wp\/v2\/types\/post"}],"author":[{"embeddable":true,"href":"https:\/\/madeinzaragoza.es\/blog\/wp-json\/wp\/v2\/users\/11"}],"replies":[{"embeddable":true,"href":"https:\/\/madeinzaragoza.es\/blog\/wp-json\/wp\/v2\/comments?post=31386"}],"version-history":[{"count":7,"href":"https:\/\/madeinzaragoza.es\/blog\/wp-json\/wp\/v2\/posts\/31386\/revisions"}],"predecessor-version":[{"id":36159,"href":"https:\/\/madeinzaragoza.es\/blog\/wp-json\/wp\/v2\/posts\/31386\/revisions\/36159"}],"wp:featuredmedia":[{"embeddable":true,"href":"https:\/\/madeinzaragoza.es\/blog\/wp-json\/wp\/v2\/media\/31508"}],"wp:attachment":[{"href":"https:\/\/madeinzaragoza.es\/blog\/wp-json\/wp\/v2\/media?parent=31386"}],"wp:term":[{"taxonomy":"category","embeddable":true,"href":"https:\/\/madeinzaragoza.es\/blog\/wp-json\/wp\/v2\/categories?post=31386"},{"taxonomy":"post_tag","embeddable":true,"href":"https:\/\/madeinzaragoza.es\/blog\/wp-json\/wp\/v2\/tags?post=31386"}],"curies":[{"name":"wp","href":"https:\/\/api.w.org\/{rel}","templated":true}]}}