{"id":30950,"date":"2021-02-21T13:38:49","date_gmt":"2021-02-21T12:38:49","guid":{"rendered":"http:\/\/madeinzaragoza.es\/blog\/?p=30950"},"modified":"2021-02-27T17:44:24","modified_gmt":"2021-02-27T16:44:24","slug":"petit-zaragoza-tenemos-tienda-online-pero-nos-gusta-tambien-que-venga-la-gente-al-estudio-a-conocernos","status":"publish","type":"post","link":"https:\/\/madeinzaragoza.es\/blog\/petit-zaragoza-tenemos-tienda-online-pero-nos-gusta-tambien-que-venga-la-gente-al-estudio-a-conocernos\/","title":{"rendered":"Petit Zaragoza, \u00abtenemos tienda online pero nos gusta tambi\u00e9n que venga la gente al estudio a conocernos\u00bb"},"content":{"rendered":"\n<p>Petit es un peque\u00f1o estudio en la calle Superv\u00eda 31 que llama la atenci\u00f3n. Cuando una entra all\u00ed, se \u00a0respira un aire especial, a arte, creatividad y luz. En este estudio est\u00e1 todo muy cuidado, \u00a0y da gusto ver como en esta \u00e9poca, hay gente que se dedica a sacar la parte bella de las cosas.\u00a0 En el estudio, est\u00e1n dos artistas de nuestra ciudad trabajando, Jes\u00fas \u00a0Jim\u00e9nez, que hace jardines verticales y decoraci\u00f3n con madera\u00a0 y In\u00e9s Rodr\u00edguez \u00a0(Ninuk) que hace ilustraciones, dise\u00f1a bisuter\u00eda y hace objetos decorativos con flores.<\/p>\n\n\n\n<p><strong>Por lo que he le\u00eddo, antes hac\u00edais ferias y muchas cosas antes de que llegara esta pandemia, y hace un tiempo hab\u00e9is cogido vuestro propio local, Petit Zgz.&nbsp;<\/strong><\/p>\n\n\n\n<p>Llevamos en Petit tres a\u00f1os pero antes era s\u00f3lo taller a puerta cerrada y una otra zona para clases y talleres. Por ahora, hemos dejado de hacer eventos por ahora y hemos abierto las puertas del taller. Ahora no podemos hacer fiestas pero queremos seguir haciendo cosas bonitas.<strong><\/strong><\/p>\n\n\n\n<p>Cuando est\u00e1bamos confinados ech\u00e1bamos mucho de menos poder ir al estudio, no pod\u00edamos organizar ferias ni reunir a mucha gente como lo hac\u00edamos antes pero el espacio nos parece maravilloso y nos cost\u00f3 mucho devolverle la vida despu\u00e9s de casi dos d\u00e9cadas abandonado.<strong><\/strong><\/p>\n\n\n\n<p>Decidimos lanzarnos de nuevo y hacer eso que llaman ahora reinventarse, lo llenamos de plantas y flores y comenzamos a hacer centros y jardines verticales.<\/p>\n\n\n\n<figure class=\"wp-block-image size-large\"><img loading=\"lazy\" decoding=\"async\" width=\"766\" height=\"1024\" src=\"http:\/\/madeinzaragoza.es\/blog\/wp-content\/uploads\/2021\/02\/IMG_20210127_212835-1-766x1024.jpg\" alt=\"\" class=\"wp-image-31020\" srcset=\"https:\/\/madeinzaragoza.es\/blog\/wp-content\/uploads\/2021\/02\/IMG_20210127_212835-1-766x1024.jpg 766w, https:\/\/madeinzaragoza.es\/blog\/wp-content\/uploads\/2021\/02\/IMG_20210127_212835-1-224x300.jpg 224w, https:\/\/madeinzaragoza.es\/blog\/wp-content\/uploads\/2021\/02\/IMG_20210127_212835-1-768x1027.jpg 768w, https:\/\/madeinzaragoza.es\/blog\/wp-content\/uploads\/2021\/02\/IMG_20210127_212835-1-1149x1536.jpg 1149w, https:\/\/madeinzaragoza.es\/blog\/wp-content\/uploads\/2021\/02\/IMG_20210127_212835-1-1532x2048.jpg 1532w, https:\/\/madeinzaragoza.es\/blog\/wp-content\/uploads\/2021\/02\/IMG_20210127_212835-1-1200x1604.jpg 1200w, https:\/\/madeinzaragoza.es\/blog\/wp-content\/uploads\/2021\/02\/IMG_20210127_212835-1-scaled.jpg 1915w\" sizes=\"(max-width: 709px) 85vw, (max-width: 909px) 67vw, (max-width: 984px) 61vw, (max-width: 1362px) 45vw, 600px\" \/><\/figure>\n\n\n\n<p><strong>\u00bfQu\u00e9 es esto de Petit zgz?&nbsp; Por lo que veo es un espacio taller art\u00edstico, con showroom, abierto al p\u00fablico.&nbsp;<\/strong><\/p>\n\n\n\n<p>Hemos hecho una zona de showroom donde puedes elegir tus flores, buscar una l\u00e1mina ilustrada o escoger una pieza de bisuter\u00eda artesana. Seguimos teniendo una zona para dar clases y llenar de manchas de pintura porque estamos seguros de que muy pronto podremos volver a pintar juntos tambi\u00e9n y esta vez tambi\u00e9n podremos pintar plantas juntos. Es nuestro taller y tiene una parte de tienda para que los clientes puedan recoger los encargos y para mostrar nuestro trabajo.<\/p>\n\n\n\n<p>\u00bf<strong>C\u00f3mo os ha acogido el p\u00fablico&nbsp;del&nbsp; barrio? \u00bfTen\u00e9is mucha gente que entra a ver que est\u00e1is&nbsp;haciendo?<\/strong>&nbsp;<\/p>\n\n\n\n<p>La gente del barrio es encantadora, nos cuidan much\u00edsimo<strong>.<\/strong> Cuando empezamos algunos vecinos&nbsp; nos tra\u00edan barnices, pintura y material. Y cada vez se van animando m\u00e1s a entrar.<\/p>\n\n\n\n<figure class=\"wp-block-image size-large\"><img loading=\"lazy\" decoding=\"async\" width=\"1024\" height=\"991\" src=\"http:\/\/madeinzaragoza.es\/blog\/wp-content\/uploads\/2021\/02\/IMG_20210219_155628-1-1024x991.jpg\" alt=\"\" class=\"wp-image-31021\" srcset=\"https:\/\/madeinzaragoza.es\/blog\/wp-content\/uploads\/2021\/02\/IMG_20210219_155628-1-1024x991.jpg 1024w, https:\/\/madeinzaragoza.es\/blog\/wp-content\/uploads\/2021\/02\/IMG_20210219_155628-1-300x290.jpg 300w, https:\/\/madeinzaragoza.es\/blog\/wp-content\/uploads\/2021\/02\/IMG_20210219_155628-1-768x744.jpg 768w, https:\/\/madeinzaragoza.es\/blog\/wp-content\/uploads\/2021\/02\/IMG_20210219_155628-1-1536x1487.jpg 1536w, https:\/\/madeinzaragoza.es\/blog\/wp-content\/uploads\/2021\/02\/IMG_20210219_155628-1-2048x1983.jpg 2048w, https:\/\/madeinzaragoza.es\/blog\/wp-content\/uploads\/2021\/02\/IMG_20210219_155628-1-1200x1162.jpg 1200w\" sizes=\"(max-width: 709px) 85vw, (max-width: 909px) 67vw, (max-width: 1362px) 62vw, 840px\" \/><\/figure>\n\n\n\n<p><strong>Veo que tambi\u00e9n os hab\u00e9is&nbsp;adaptado a los tiempos y ten\u00e9is una tienda online de vuestros productos. \u00bf Es casi imprescindible ahora esto, no? \u00bf qu\u00e9 es lo que vend\u00e9is?&nbsp;<\/strong><\/p>\n\n\n\n<p>En realidad llevo vendiendo online desde que empec\u00e9 en 2007, realmente todo comenz\u00f3 con la tienda online y vendiendo en mercaditos. Tenemos una&nbsp;<a href=\"https:\/\/ninuk.bigcartel.com\/\" target=\"_blank\" rel=\"noreferrer noopener\">tienda online<\/a>&nbsp;si, donde puedes ver todo lo que vamos haciendo en el taller productos artesanales de decoraci\u00f3n, l\u00e1minas y flores y bisuter\u00eda.<\/p>\n\n\n\n<p>Y por supuesto venir a vernos porque Petit est\u00e1 m\u00e1s abierto que nunca. Nos gusta tambi\u00e9n que venga la gente a vernos al espacio, conocer a la gente en persona, que es algo que se esta perdiendo. <\/p>\n\n\n\n<figure class=\"wp-block-image size-large\"><img loading=\"lazy\" decoding=\"async\" width=\"912\" height=\"1024\" src=\"http:\/\/madeinzaragoza.es\/blog\/wp-content\/uploads\/2021\/02\/IMG_20210219_155723-1-912x1024.jpg\" alt=\"\" class=\"wp-image-31022\" srcset=\"https:\/\/madeinzaragoza.es\/blog\/wp-content\/uploads\/2021\/02\/IMG_20210219_155723-1-912x1024.jpg 912w, https:\/\/madeinzaragoza.es\/blog\/wp-content\/uploads\/2021\/02\/IMG_20210219_155723-1-267x300.jpg 267w, https:\/\/madeinzaragoza.es\/blog\/wp-content\/uploads\/2021\/02\/IMG_20210219_155723-1-768x862.jpg 768w, https:\/\/madeinzaragoza.es\/blog\/wp-content\/uploads\/2021\/02\/IMG_20210219_155723-1-1368x1536.jpg 1368w, https:\/\/madeinzaragoza.es\/blog\/wp-content\/uploads\/2021\/02\/IMG_20210219_155723-1-1824x2048.jpg 1824w, https:\/\/madeinzaragoza.es\/blog\/wp-content\/uploads\/2021\/02\/IMG_20210219_155723-1-1200x1347.jpg 1200w\" sizes=\"(max-width: 709px) 85vw, (max-width: 909px) 67vw, (max-width: 1362px) 62vw, 840px\" \/><\/figure>\n\n\n\n<p><strong>\u00bfEn qu\u00e9 ocasiones vend\u00e9is m\u00e1s estos productos, o para que os los piden m\u00e1s? \u00bfDecoraci\u00f3n, hogar, regalos de cumplea\u00f1os?&nbsp;<\/strong><\/p>\n\n\n\n<p>Las flores las est\u00e1n comprando para que las llevemos a casa y as\u00ed regalar a amigos o familiares que est\u00e1n lejos o para auto regalarse y&nbsp; subirse el \u00e1nimo. Los jardines verticales los suelen pedir para decorar la casa o un espacio de trabajo porque relajan mucho y ahora que no podemos salir tanto, ver verde apetece mucho. Las l\u00e1minas y la bisuter\u00eda suelen comprarlas para darse un capricho o regalar.<\/p>\n\n\n\n<p><strong>En el pasado, antes de que llegara la pandemia, hac\u00e9is talleres, celebr\u00e1is fiestas de cumplea\u00f1os, \u00bfpens\u00e1is hacerlo de nuevo cuando todo vuelva a la normalidad?&nbsp;<\/strong><\/p>\n\n\n\n<p>Jes\u00fas antes de la pandemia organizaba talleres art\u00edsticos y ferias de artesan\u00eda pero al no poder seguir haci\u00e9ndolo comenz\u00f3 a hacer los jardines verticales, un poco por hobbie pero cada vez le han ido saliendo m\u00e1s encargos y a la gente le est\u00e1 gustando mucho su trabajo. Y de lo dem\u00e1s, no lo sabemos lo que podremos hacer en un futuro, &nbsp;la verdad, pero lo que es seguro es que ser\u00e1 diferente.<\/p>\n\n\n\n<p><strong>\u00bfC\u00f3mo es Zaragoza para la gente que se dedica al mundo creativo?&nbsp;<\/strong><\/p>\n\n\n\n<p>Es dif\u00edcil pero muy gratificante.<\/p>\n\n\n","protected":false},"excerpt":{"rendered":"<p>Petit es un peque\u00f1o estudio en la calle Superv\u00eda 31 que llama la atenci\u00f3n. Cuando una entra all\u00ed, se \u00a0respira un aire especial, a arte, creatividad y luz. En este estudio est\u00e1 todo muy cuidado, \u00a0y da gusto ver como en esta \u00e9poca, hay gente que se dedica a sacar la parte bella de las &hellip; <a href=\"https:\/\/madeinzaragoza.es\/blog\/petit-zaragoza-tenemos-tienda-online-pero-nos-gusta-tambien-que-venga-la-gente-al-estudio-a-conocernos\/\" class=\"more-link\">Continuar leyendo<span class=\"screen-reader-text\"> \u00abPetit Zaragoza, \u00abtenemos tienda online pero nos gusta tambi\u00e9n que venga la gente al estudio a conocernos\u00bb\u00bb<\/span><\/a><\/p>\n","protected":false},"author":72,"featured_media":31018,"comment_status":"open","ping_status":"open","sticky":false,"template":"","format":"standard","meta":{"footnotes":""},"categories":[8],"tags":[2248,2247],"yoast_head":"<!-- This site is optimized with the Yoast SEO plugin v19.7.2 - https:\/\/yoast.com\/wordpress\/plugins\/seo\/ -->\n<title>Petit Zaragoza, &quot;tenemos tienda online pero nos gusta tambi\u00e9n que venga la gente al estudio a conocernos&quot; - Made in Zaragoza<\/title>\n<meta name=\"robots\" content=\"index, follow, max-snippet:-1, max-image-preview:large, max-video-preview:-1\" \/>\n<link rel=\"canonical\" href=\"http:\/\/madeinzaragoza.es\/blog\/petit-zaragoza-tenemos-tienda-online-pero-nos-gusta-tambien-que-venga-la-gente-al-estudio-a-conocernos\/\" \/>\n<meta property=\"og:locale\" content=\"es_ES\" \/>\n<meta property=\"og:type\" content=\"article\" \/>\n<meta property=\"og:title\" content=\"Petit Zaragoza, &quot;tenemos tienda online pero nos gusta tambi\u00e9n que venga la gente al estudio a conocernos&quot; - Made in Zaragoza\" \/>\n<meta property=\"og:description\" content=\"Petit es un peque\u00f1o estudio en la calle Superv\u00eda 31 que llama la atenci\u00f3n. Cuando una entra all\u00ed, se \u00a0respira un aire especial, a arte, creatividad y luz. En este estudio est\u00e1 todo muy cuidado, \u00a0y da gusto ver como en esta \u00e9poca, hay gente que se dedica a sacar la parte bella de las &hellip; Continuar leyendo &quot;Petit Zaragoza, \u00abtenemos tienda online pero nos gusta tambi\u00e9n que venga la gente al estudio a conocernos\u00bb&quot;\" \/>\n<meta property=\"og:url\" content=\"http:\/\/madeinzaragoza.es\/blog\/petit-zaragoza-tenemos-tienda-online-pero-nos-gusta-tambien-que-venga-la-gente-al-estudio-a-conocernos\/\" \/>\n<meta property=\"og:site_name\" content=\"Made in Zaragoza\" \/>\n<meta property=\"article:publisher\" content=\"https:\/\/www.facebook.com\/madeinzaragoza.es\/\" \/>\n<meta property=\"article:published_time\" content=\"2021-02-21T12:38:49+00:00\" \/>\n<meta property=\"article:modified_time\" content=\"2021-02-27T16:44:24+00:00\" \/>\n<meta property=\"og:image\" content=\"http:\/\/madeinzaragoza.es\/blog\/wp-content\/uploads\/2021\/02\/IMG_20210219_154808-scaled.jpg\" \/>\n\t<meta property=\"og:image:width\" content=\"2326\" \/>\n\t<meta property=\"og:image:height\" content=\"2560\" \/>\n\t<meta property=\"og:image:type\" content=\"image\/jpeg\" \/>\n<meta name=\"author\" content=\"Maria de Rada\" \/>\n<meta name=\"twitter:card\" content=\"summary\" \/>\n<meta name=\"twitter:creator\" content=\"@deradeando\" \/>\n<meta name=\"twitter:site\" content=\"@madeinzaragoza\" \/>\n<meta name=\"twitter:label1\" content=\"Escrito por\" \/>\n\t<meta name=\"twitter:data1\" content=\"Maria de Rada\" \/>\n\t<meta name=\"twitter:label2\" content=\"Tiempo de lectura\" \/>\n\t<meta name=\"twitter:data2\" content=\"4 minutos\" \/>\n<script type=\"application\/ld+json\" class=\"yoast-schema-graph\">{\"@context\":\"https:\/\/schema.org\",\"@graph\":[{\"@type\":\"Article\",\"@id\":\"http:\/\/madeinzaragoza.es\/blog\/petit-zaragoza-tenemos-tienda-online-pero-nos-gusta-tambien-que-venga-la-gente-al-estudio-a-conocernos\/#article\",\"isPartOf\":{\"@id\":\"http:\/\/madeinzaragoza.es\/blog\/petit-zaragoza-tenemos-tienda-online-pero-nos-gusta-tambien-que-venga-la-gente-al-estudio-a-conocernos\/\"},\"author\":{\"name\":\"Maria de Rada\",\"@id\":\"https:\/\/madeinzaragoza.es\/blog\/#\/schema\/person\/7985c289943611c15ff5d149dca68e10\"},\"headline\":\"Petit Zaragoza, \u00abtenemos tienda online pero nos gusta tambi\u00e9n que venga la gente al estudio a conocernos\u00bb\",\"datePublished\":\"2021-02-21T12:38:49+00:00\",\"dateModified\":\"2021-02-27T16:44:24+00:00\",\"mainEntityOfPage\":{\"@id\":\"http:\/\/madeinzaragoza.es\/blog\/petit-zaragoza-tenemos-tienda-online-pero-nos-gusta-tambien-que-venga-la-gente-al-estudio-a-conocernos\/\"},\"wordCount\":792,\"commentCount\":0,\"publisher\":{\"@id\":\"https:\/\/madeinzaragoza.es\/blog\/#organization\"},\"keywords\":[\"Ninuk\",\"petit zaragoza\"],\"articleSection\":[\"Red MIZ\"],\"inLanguage\":\"es\",\"potentialAction\":[{\"@type\":\"CommentAction\",\"name\":\"Comment\",\"target\":[\"http:\/\/madeinzaragoza.es\/blog\/petit-zaragoza-tenemos-tienda-online-pero-nos-gusta-tambien-que-venga-la-gente-al-estudio-a-conocernos\/#respond\"]}]},{\"@type\":\"WebPage\",\"@id\":\"http:\/\/madeinzaragoza.es\/blog\/petit-zaragoza-tenemos-tienda-online-pero-nos-gusta-tambien-que-venga-la-gente-al-estudio-a-conocernos\/\",\"url\":\"http:\/\/madeinzaragoza.es\/blog\/petit-zaragoza-tenemos-tienda-online-pero-nos-gusta-tambien-que-venga-la-gente-al-estudio-a-conocernos\/\",\"name\":\"Petit Zaragoza, \\\"tenemos tienda online pero nos gusta tambi\u00e9n que venga la gente al estudio a conocernos\\\" - Made in Zaragoza\",\"isPartOf\":{\"@id\":\"https:\/\/madeinzaragoza.es\/blog\/#website\"},\"datePublished\":\"2021-02-21T12:38:49+00:00\",\"dateModified\":\"2021-02-27T16:44:24+00:00\",\"breadcrumb\":{\"@id\":\"http:\/\/madeinzaragoza.es\/blog\/petit-zaragoza-tenemos-tienda-online-pero-nos-gusta-tambien-que-venga-la-gente-al-estudio-a-conocernos\/#breadcrumb\"},\"inLanguage\":\"es\",\"potentialAction\":[{\"@type\":\"ReadAction\",\"target\":[\"http:\/\/madeinzaragoza.es\/blog\/petit-zaragoza-tenemos-tienda-online-pero-nos-gusta-tambien-que-venga-la-gente-al-estudio-a-conocernos\/\"]}]},{\"@type\":\"BreadcrumbList\",\"@id\":\"http:\/\/madeinzaragoza.es\/blog\/petit-zaragoza-tenemos-tienda-online-pero-nos-gusta-tambien-que-venga-la-gente-al-estudio-a-conocernos\/#breadcrumb\",\"itemListElement\":[{\"@type\":\"ListItem\",\"position\":1,\"name\":\"Portada\",\"item\":\"https:\/\/madeinzaragoza.es\/blog\/\"},{\"@type\":\"ListItem\",\"position\":2,\"name\":\"Petit Zaragoza, \u00abtenemos tienda online pero nos gusta tambi\u00e9n que venga la gente al estudio a conocernos\u00bb\"}]},{\"@type\":\"WebSite\",\"@id\":\"https:\/\/madeinzaragoza.es\/blog\/#website\",\"url\":\"https:\/\/madeinzaragoza.es\/blog\/\",\"name\":\"Made in Zaragoza\",\"description\":\"Blog de MadeinZGZ, Red de Econom\u00eda Creativa de Zaragoza\",\"publisher\":{\"@id\":\"https:\/\/madeinzaragoza.es\/blog\/#organization\"},\"potentialAction\":[{\"@type\":\"SearchAction\",\"target\":{\"@type\":\"EntryPoint\",\"urlTemplate\":\"https:\/\/madeinzaragoza.es\/blog\/?s={search_term_string}\"},\"query-input\":\"required name=search_term_string\"}],\"inLanguage\":\"es\"},{\"@type\":\"Organization\",\"@id\":\"https:\/\/madeinzaragoza.es\/blog\/#organization\",\"name\":\"Made In Zaragoza\",\"url\":\"https:\/\/madeinzaragoza.es\/blog\/\",\"sameAs\":[\"https:\/\/www.instagram.com\/madeinzaragoza.es\/\",\"https:\/\/www.facebook.com\/madeinzaragoza.es\/\",\"https:\/\/twitter.com\/madeinzaragoza\"],\"logo\":{\"@type\":\"ImageObject\",\"inLanguage\":\"es\",\"@id\":\"https:\/\/madeinzaragoza.es\/blog\/#\/schema\/logo\/image\/\",\"url\":\"https:\/\/madeinzaragoza.es\/blog\/wp-content\/uploads\/2022\/05\/logo.png\",\"contentUrl\":\"https:\/\/madeinzaragoza.es\/blog\/wp-content\/uploads\/2022\/05\/logo.png\",\"width\":193,\"height\":176,\"caption\":\"Made In Zaragoza\"},\"image\":{\"@id\":\"https:\/\/madeinzaragoza.es\/blog\/#\/schema\/logo\/image\/\"}},{\"@type\":\"Person\",\"@id\":\"https:\/\/madeinzaragoza.es\/blog\/#\/schema\/person\/7985c289943611c15ff5d149dca68e10\",\"name\":\"Maria de Rada\",\"image\":{\"@type\":\"ImageObject\",\"inLanguage\":\"es\",\"@id\":\"https:\/\/madeinzaragoza.es\/blog\/#\/schema\/person\/image\/\",\"url\":\"https:\/\/secure.gravatar.com\/avatar\/2d2766ec8a477c0324437de9f3d434d9?s=96&d=mm&r=g\",\"contentUrl\":\"https:\/\/secure.gravatar.com\/avatar\/2d2766ec8a477c0324437de9f3d434d9?s=96&d=mm&r=g\",\"caption\":\"Maria de Rada\"},\"description\":\"Comunicadora, inquieta, curiosa y muy proactiva ( en ocasiones, hasta hiperactiva:) se dedica profesionalmente desde hace m\u00e1s de quince a\u00f1os a dos campos profesionales. Por un lado en el \u00e1mbito de la comunicaci\u00f3n es periodista-guionista de audiovisuales, radio y televisi\u00f3n, y por otro lado, se dedica al mundo del teatro y de la interpretaci\u00f3n, es actriz y dramaturga. En el campo de la comunicaci\u00f3n y prensa ha trabajado durante m\u00e1s de quince a\u00f1os como periodista- guionista y reportera de programas para radio y televisi\u00f3n en diferentes cadenas: La Sexta, Cuatro, Telecinco, Movistar0, Aragontv, Eitb, Punto Radio, en diferentes tipos de programas nacionales y auton\u00f3micos y documentales. Y en el campo de la interpretaci\u00f3n como actriz ha actuado en m\u00e1s de una decena de compa\u00f1\u00edas, montando la suya propia Feas Company, ha sido ayudante de direcci\u00f3n de Andr\u00e9s Lima y ha trabajado en diferentes producciones audiovisuales a nivel local y nacional. Adem\u00e1s de estudiar en diferentes escuelas, y un Master oficial en artes esc\u00e9nicas. Adem\u00e1s es locutora de anuncios de publicidad, v\u00eddeos, transportes...quiz\u00e1 si escuchas bien la puedes o\u00edr en m\u00e1s de un sitio de tu ciudad;) y del mundo. Tambi\u00e9n da clases, cuando se atreven y le dejan, de todo lo anterior. Le gustan las historias, hablar con la gente y conocer su historia para despu\u00e9s contarla y tiene especial debilidad por las historias humanas y sociales, las historias de la calle, de la gente valiente que hace y lucha por un mundo mejor, por ello es la encargada de escribir la secci\u00f3n Miziudadanxs, donde nos traer\u00e1 las historias m\u00e1s humanas a este blog. Puedes ver sobre todo lo que hace y sobre ella en su web : mariaderada.com\",\"sameAs\":[\"http:\/\/mariaderada.com\/\",\"https:\/\/twitter.com\/deradeando\"],\"url\":\"https:\/\/madeinzaragoza.es\/blog\/author\/mariaderada\/\"}]}<\/script>\n<!-- \/ Yoast SEO plugin. -->","yoast_head_json":{"title":"Petit Zaragoza, \"tenemos tienda online pero nos gusta tambi\u00e9n que venga la gente al estudio a conocernos\" - Made in Zaragoza","robots":{"index":"index","follow":"follow","max-snippet":"max-snippet:-1","max-image-preview":"max-image-preview:large","max-video-preview":"max-video-preview:-1"},"canonical":"http:\/\/madeinzaragoza.es\/blog\/petit-zaragoza-tenemos-tienda-online-pero-nos-gusta-tambien-que-venga-la-gente-al-estudio-a-conocernos\/","og_locale":"es_ES","og_type":"article","og_title":"Petit Zaragoza, \"tenemos tienda online pero nos gusta tambi\u00e9n que venga la gente al estudio a conocernos\" - Made in Zaragoza","og_description":"Petit es un peque\u00f1o estudio en la calle Superv\u00eda 31 que llama la atenci\u00f3n. Cuando una entra all\u00ed, se \u00a0respira un aire especial, a arte, creatividad y luz. En este estudio est\u00e1 todo muy cuidado, \u00a0y da gusto ver como en esta \u00e9poca, hay gente que se dedica a sacar la parte bella de las &hellip; Continuar leyendo \"Petit Zaragoza, \u00abtenemos tienda online pero nos gusta tambi\u00e9n que venga la gente al estudio a conocernos\u00bb\"","og_url":"http:\/\/madeinzaragoza.es\/blog\/petit-zaragoza-tenemos-tienda-online-pero-nos-gusta-tambien-que-venga-la-gente-al-estudio-a-conocernos\/","og_site_name":"Made in Zaragoza","article_publisher":"https:\/\/www.facebook.com\/madeinzaragoza.es\/","article_published_time":"2021-02-21T12:38:49+00:00","article_modified_time":"2021-02-27T16:44:24+00:00","og_image":[{"width":2326,"height":2560,"url":"http:\/\/madeinzaragoza.es\/blog\/wp-content\/uploads\/2021\/02\/IMG_20210219_154808-scaled.jpg","type":"image\/jpeg"}],"author":"Maria de Rada","twitter_card":"summary","twitter_creator":"@deradeando","twitter_site":"@madeinzaragoza","twitter_misc":{"Escrito por":"Maria de Rada","Tiempo de lectura":"4 minutos"},"schema":{"@context":"https:\/\/schema.org","@graph":[{"@type":"Article","@id":"http:\/\/madeinzaragoza.es\/blog\/petit-zaragoza-tenemos-tienda-online-pero-nos-gusta-tambien-que-venga-la-gente-al-estudio-a-conocernos\/#article","isPartOf":{"@id":"http:\/\/madeinzaragoza.es\/blog\/petit-zaragoza-tenemos-tienda-online-pero-nos-gusta-tambien-que-venga-la-gente-al-estudio-a-conocernos\/"},"author":{"name":"Maria de Rada","@id":"https:\/\/madeinzaragoza.es\/blog\/#\/schema\/person\/7985c289943611c15ff5d149dca68e10"},"headline":"Petit Zaragoza, \u00abtenemos tienda online pero nos gusta tambi\u00e9n que venga la gente al estudio a conocernos\u00bb","datePublished":"2021-02-21T12:38:49+00:00","dateModified":"2021-02-27T16:44:24+00:00","mainEntityOfPage":{"@id":"http:\/\/madeinzaragoza.es\/blog\/petit-zaragoza-tenemos-tienda-online-pero-nos-gusta-tambien-que-venga-la-gente-al-estudio-a-conocernos\/"},"wordCount":792,"commentCount":0,"publisher":{"@id":"https:\/\/madeinzaragoza.es\/blog\/#organization"},"keywords":["Ninuk","petit zaragoza"],"articleSection":["Red MIZ"],"inLanguage":"es","potentialAction":[{"@type":"CommentAction","name":"Comment","target":["http:\/\/madeinzaragoza.es\/blog\/petit-zaragoza-tenemos-tienda-online-pero-nos-gusta-tambien-que-venga-la-gente-al-estudio-a-conocernos\/#respond"]}]},{"@type":"WebPage","@id":"http:\/\/madeinzaragoza.es\/blog\/petit-zaragoza-tenemos-tienda-online-pero-nos-gusta-tambien-que-venga-la-gente-al-estudio-a-conocernos\/","url":"http:\/\/madeinzaragoza.es\/blog\/petit-zaragoza-tenemos-tienda-online-pero-nos-gusta-tambien-que-venga-la-gente-al-estudio-a-conocernos\/","name":"Petit Zaragoza, \"tenemos tienda online pero nos gusta tambi\u00e9n que venga la gente al estudio a conocernos\" - Made in Zaragoza","isPartOf":{"@id":"https:\/\/madeinzaragoza.es\/blog\/#website"},"datePublished":"2021-02-21T12:38:49+00:00","dateModified":"2021-02-27T16:44:24+00:00","breadcrumb":{"@id":"http:\/\/madeinzaragoza.es\/blog\/petit-zaragoza-tenemos-tienda-online-pero-nos-gusta-tambien-que-venga-la-gente-al-estudio-a-conocernos\/#breadcrumb"},"inLanguage":"es","potentialAction":[{"@type":"ReadAction","target":["http:\/\/madeinzaragoza.es\/blog\/petit-zaragoza-tenemos-tienda-online-pero-nos-gusta-tambien-que-venga-la-gente-al-estudio-a-conocernos\/"]}]},{"@type":"BreadcrumbList","@id":"http:\/\/madeinzaragoza.es\/blog\/petit-zaragoza-tenemos-tienda-online-pero-nos-gusta-tambien-que-venga-la-gente-al-estudio-a-conocernos\/#breadcrumb","itemListElement":[{"@type":"ListItem","position":1,"name":"Portada","item":"https:\/\/madeinzaragoza.es\/blog\/"},{"@type":"ListItem","position":2,"name":"Petit Zaragoza, \u00abtenemos tienda online pero nos gusta tambi\u00e9n que venga la gente al estudio a conocernos\u00bb"}]},{"@type":"WebSite","@id":"https:\/\/madeinzaragoza.es\/blog\/#website","url":"https:\/\/madeinzaragoza.es\/blog\/","name":"Made in Zaragoza","description":"Blog de MadeinZGZ, Red de Econom\u00eda Creativa de Zaragoza","publisher":{"@id":"https:\/\/madeinzaragoza.es\/blog\/#organization"},"potentialAction":[{"@type":"SearchAction","target":{"@type":"EntryPoint","urlTemplate":"https:\/\/madeinzaragoza.es\/blog\/?s={search_term_string}"},"query-input":"required name=search_term_string"}],"inLanguage":"es"},{"@type":"Organization","@id":"https:\/\/madeinzaragoza.es\/blog\/#organization","name":"Made In Zaragoza","url":"https:\/\/madeinzaragoza.es\/blog\/","sameAs":["https:\/\/www.instagram.com\/madeinzaragoza.es\/","https:\/\/www.facebook.com\/madeinzaragoza.es\/","https:\/\/twitter.com\/madeinzaragoza"],"logo":{"@type":"ImageObject","inLanguage":"es","@id":"https:\/\/madeinzaragoza.es\/blog\/#\/schema\/logo\/image\/","url":"https:\/\/madeinzaragoza.es\/blog\/wp-content\/uploads\/2022\/05\/logo.png","contentUrl":"https:\/\/madeinzaragoza.es\/blog\/wp-content\/uploads\/2022\/05\/logo.png","width":193,"height":176,"caption":"Made In Zaragoza"},"image":{"@id":"https:\/\/madeinzaragoza.es\/blog\/#\/schema\/logo\/image\/"}},{"@type":"Person","@id":"https:\/\/madeinzaragoza.es\/blog\/#\/schema\/person\/7985c289943611c15ff5d149dca68e10","name":"Maria de Rada","image":{"@type":"ImageObject","inLanguage":"es","@id":"https:\/\/madeinzaragoza.es\/blog\/#\/schema\/person\/image\/","url":"https:\/\/secure.gravatar.com\/avatar\/2d2766ec8a477c0324437de9f3d434d9?s=96&d=mm&r=g","contentUrl":"https:\/\/secure.gravatar.com\/avatar\/2d2766ec8a477c0324437de9f3d434d9?s=96&d=mm&r=g","caption":"Maria de Rada"},"description":"Comunicadora, inquieta, curiosa y muy proactiva ( en ocasiones, hasta hiperactiva:) se dedica profesionalmente desde hace m\u00e1s de quince a\u00f1os a dos campos profesionales. Por un lado en el \u00e1mbito de la comunicaci\u00f3n es periodista-guionista de audiovisuales, radio y televisi\u00f3n, y por otro lado, se dedica al mundo del teatro y de la interpretaci\u00f3n, es actriz y dramaturga. En el campo de la comunicaci\u00f3n y prensa ha trabajado durante m\u00e1s de quince a\u00f1os como periodista- guionista y reportera de programas para radio y televisi\u00f3n en diferentes cadenas: La Sexta, Cuatro, Telecinco, Movistar0, Aragontv, Eitb, Punto Radio, en diferentes tipos de programas nacionales y auton\u00f3micos y documentales. Y en el campo de la interpretaci\u00f3n como actriz ha actuado en m\u00e1s de una decena de compa\u00f1\u00edas, montando la suya propia Feas Company, ha sido ayudante de direcci\u00f3n de Andr\u00e9s Lima y ha trabajado en diferentes producciones audiovisuales a nivel local y nacional. Adem\u00e1s de estudiar en diferentes escuelas, y un Master oficial en artes esc\u00e9nicas. Adem\u00e1s es locutora de anuncios de publicidad, v\u00eddeos, transportes...quiz\u00e1 si escuchas bien la puedes o\u00edr en m\u00e1s de un sitio de tu ciudad;) y del mundo. Tambi\u00e9n da clases, cuando se atreven y le dejan, de todo lo anterior. Le gustan las historias, hablar con la gente y conocer su historia para despu\u00e9s contarla y tiene especial debilidad por las historias humanas y sociales, las historias de la calle, de la gente valiente que hace y lucha por un mundo mejor, por ello es la encargada de escribir la secci\u00f3n Miziudadanxs, donde nos traer\u00e1 las historias m\u00e1s humanas a este blog. Puedes ver sobre todo lo que hace y sobre ella en su web : mariaderada.com","sameAs":["http:\/\/mariaderada.com\/","https:\/\/twitter.com\/deradeando"],"url":"https:\/\/madeinzaragoza.es\/blog\/author\/mariaderada\/"}]}},"_links":{"self":[{"href":"https:\/\/madeinzaragoza.es\/blog\/wp-json\/wp\/v2\/posts\/30950"}],"collection":[{"href":"https:\/\/madeinzaragoza.es\/blog\/wp-json\/wp\/v2\/posts"}],"about":[{"href":"https:\/\/madeinzaragoza.es\/blog\/wp-json\/wp\/v2\/types\/post"}],"author":[{"embeddable":true,"href":"https:\/\/madeinzaragoza.es\/blog\/wp-json\/wp\/v2\/users\/72"}],"replies":[{"embeddable":true,"href":"https:\/\/madeinzaragoza.es\/blog\/wp-json\/wp\/v2\/comments?post=30950"}],"version-history":[{"count":5,"href":"https:\/\/madeinzaragoza.es\/blog\/wp-json\/wp\/v2\/posts\/30950\/revisions"}],"predecessor-version":[{"id":31115,"href":"https:\/\/madeinzaragoza.es\/blog\/wp-json\/wp\/v2\/posts\/30950\/revisions\/31115"}],"wp:featuredmedia":[{"embeddable":true,"href":"https:\/\/madeinzaragoza.es\/blog\/wp-json\/wp\/v2\/media\/31018"}],"wp:attachment":[{"href":"https:\/\/madeinzaragoza.es\/blog\/wp-json\/wp\/v2\/media?parent=30950"}],"wp:term":[{"taxonomy":"category","embeddable":true,"href":"https:\/\/madeinzaragoza.es\/blog\/wp-json\/wp\/v2\/categories?post=30950"},{"taxonomy":"post_tag","embeddable":true,"href":"https:\/\/madeinzaragoza.es\/blog\/wp-json\/wp\/v2\/tags?post=30950"}],"curies":[{"name":"wp","href":"https:\/\/api.w.org\/{rel}","templated":true}]}}