{"id":30816,"date":"2021-02-15T17:54:56","date_gmt":"2021-02-15T16:54:56","guid":{"rendered":"http:\/\/madeinzaragoza.es\/blog\/?p=30816"},"modified":"2022-10-09T14:52:42","modified_gmt":"2022-10-09T13:52:42","slug":"escaparates-11f-2021-ruta-de-las-cientificas-aragonesas","status":"publish","type":"post","link":"https:\/\/madeinzaragoza.es\/blog\/escaparates-11f-2021-ruta-de-las-cientificas-aragonesas\/","title":{"rendered":"Escaparates 11F 2021: ruta de las cient\u00edficas aragonesas"},"content":{"rendered":"\n<p>Estos d\u00edas los escaparates de los comercios de Made in Zaragoza se han vestido de gala para unirse de nuevo a la iniciativa ciudadana&nbsp;<a href=\"https:\/\/11defebrero.org\/\"><strong>11deFebrero<\/strong><\/a>&nbsp;para&nbsp;<em><strong>visibilizar a las mujeres en ciencia<\/strong><\/em>. Estas mujeres vienen de lugares muy diversos, pero hoy vamos a destacar a las nuestras. \u00a1Vente conmigo a hacer la ruta de las cient\u00edficas aragonesas!<\/p>\n\n\n\n<figure class=\"wp-block-image size-large\"><a href=\"https:\/\/www.google.com\/maps\/d\/edit?mid=11aMKqAAH4NbumT_WoKC8xjOKtR6qDhXE&amp;usp=sharing\" target=\"_blank\" rel=\"noopener noreferrer\"><img loading=\"lazy\" decoding=\"async\" width=\"1024\" height=\"588\" src=\"http:\/\/madeinzaragoza.es\/blog\/wp-content\/uploads\/2021\/02\/Escaparates-11FEB-ruta-cientificas-aragonesas-1024x588.png\" alt=\"\" class=\"wp-image-30939\" srcset=\"https:\/\/madeinzaragoza.es\/blog\/wp-content\/uploads\/2021\/02\/Escaparates-11FEB-ruta-cientificas-aragonesas-1024x588.png 1024w, https:\/\/madeinzaragoza.es\/blog\/wp-content\/uploads\/2021\/02\/Escaparates-11FEB-ruta-cientificas-aragonesas-300x172.png 300w, https:\/\/madeinzaragoza.es\/blog\/wp-content\/uploads\/2021\/02\/Escaparates-11FEB-ruta-cientificas-aragonesas-768x441.png 768w, https:\/\/madeinzaragoza.es\/blog\/wp-content\/uploads\/2021\/02\/Escaparates-11FEB-ruta-cientificas-aragonesas-1536x882.png 1536w, https:\/\/madeinzaragoza.es\/blog\/wp-content\/uploads\/2021\/02\/Escaparates-11FEB-ruta-cientificas-aragonesas-2048x1176.png 2048w, https:\/\/madeinzaragoza.es\/blog\/wp-content\/uploads\/2021\/02\/Escaparates-11FEB-ruta-cientificas-aragonesas-1200x689.png 1200w\" sizes=\"(max-width: 709px) 85vw, (max-width: 909px) 67vw, (max-width: 1362px) 62vw, 840px\" \/><\/a><figcaption>Haz clic en la imagen para ir al mapa<\/figcaption><\/figure>\n\n\n\n<div style=\"height:100px\" aria-hidden=\"true\" class=\"wp-block-spacer\"><\/div>\n\n\n\n<h2 class=\"wp-block-heading\">NEREA IRIGOYEN, vir\u00f3loga en Cambridge<\/h2>\n\n\n\n<h3 class=\"wp-block-heading\"><strong><a href=\"http:\/\/madeinzaragoza.es\/comercio\/espacio-mundi\/\" target=\"_blank\" rel=\"noreferrer noopener\">Espacio Mundi<\/a> (C\/ San Blas 79)<\/strong><\/h3>\n\n\n\n<div style=\"height:30px\" aria-hidden=\"true\" class=\"wp-block-spacer\"><\/div>\n\n\n\n<p>Comenzamos la ruta en el Gancho, en el escaparate del nuevo local de <strong><a href=\"http:\/\/madeinzaragoza.es\/comercio\/espacio-mundi\/\">Espacio Mundi <\/a><\/strong>dedicado a <strong>Nerea Irigoyen<\/strong>, bi\u00f3loga molecular especializada en virolog\u00eda. Esta ma\u00f1ica residente en Reino Unido, ahora mismo ha cerrado sus investigaciones en el virus del Zika, para dirigir todos sus esfuerzos al COVID-19 dentro de un grupo de investigaci\u00f3n de la Universidad de Cambridge. Una labor muy conectada con el trabajo de <strong><a href=\"http:\/\/madeinzaragoza.es\/comercio\/espacio-mundi\/\">Espacio Mundi<\/a><\/strong> que colabora con Medicos Mundi para llevar servicios m\u00e9dicos y sanitarios a todos los lugares. <\/p>\n\n\n\n<figure class=\"wp-block-gallery columns-0 is-cropped wp-block-gallery-1 is-layout-flex wp-block-gallery-is-layout-flex\"><ul class=\"blocks-gallery-grid\"><li class=\"blocks-gallery-item\"><figure><img loading=\"lazy\" decoding=\"async\" width=\"683\" height=\"1024\" src=\"http:\/\/madeinzaragoza.es\/blog\/wp-content\/uploads\/2021\/02\/Cientificas-aragonesas-11feb2021-Made-in-Zaragoza-54-683x1024.jpg\" alt=\"\" data-id=\"30869\" data-full-url=\"http:\/\/madeinzaragoza.es\/blog\/wp-content\/uploads\/2021\/02\/Cientificas-aragonesas-11feb2021-Made-in-Zaragoza-54.jpg\" data-link=\"http:\/\/madeinzaragoza.es\/blog\/?attachment_id=30869\" class=\"wp-image-30869\" srcset=\"https:\/\/madeinzaragoza.es\/blog\/wp-content\/uploads\/2021\/02\/Cientificas-aragonesas-11feb2021-Made-in-Zaragoza-54-683x1024.jpg 683w, https:\/\/madeinzaragoza.es\/blog\/wp-content\/uploads\/2021\/02\/Cientificas-aragonesas-11feb2021-Made-in-Zaragoza-54-200x300.jpg 200w, https:\/\/madeinzaragoza.es\/blog\/wp-content\/uploads\/2021\/02\/Cientificas-aragonesas-11feb2021-Made-in-Zaragoza-54-768x1152.jpg 768w, https:\/\/madeinzaragoza.es\/blog\/wp-content\/uploads\/2021\/02\/Cientificas-aragonesas-11feb2021-Made-in-Zaragoza-54.jpg 1024w\" sizes=\"(max-width: 709px) 85vw, (max-width: 909px) 67vw, (max-width: 984px) 61vw, (max-width: 1362px) 45vw, 600px\" \/><\/figure><\/li><li class=\"blocks-gallery-item\"><figure><img loading=\"lazy\" decoding=\"async\" width=\"683\" height=\"1024\" src=\"http:\/\/madeinzaragoza.es\/blog\/wp-content\/uploads\/2021\/02\/Cientificas-aragonesas-11feb2021-Made-in-Zaragoza-56-683x1024.jpg\" alt=\"\" data-id=\"30871\" data-full-url=\"http:\/\/madeinzaragoza.es\/blog\/wp-content\/uploads\/2021\/02\/Cientificas-aragonesas-11feb2021-Made-in-Zaragoza-56.jpg\" data-link=\"http:\/\/madeinzaragoza.es\/blog\/?attachment_id=30871\" class=\"wp-image-30871\" srcset=\"https:\/\/madeinzaragoza.es\/blog\/wp-content\/uploads\/2021\/02\/Cientificas-aragonesas-11feb2021-Made-in-Zaragoza-56-683x1024.jpg 683w, https:\/\/madeinzaragoza.es\/blog\/wp-content\/uploads\/2021\/02\/Cientificas-aragonesas-11feb2021-Made-in-Zaragoza-56-200x300.jpg 200w, https:\/\/madeinzaragoza.es\/blog\/wp-content\/uploads\/2021\/02\/Cientificas-aragonesas-11feb2021-Made-in-Zaragoza-56-768x1152.jpg 768w, https:\/\/madeinzaragoza.es\/blog\/wp-content\/uploads\/2021\/02\/Cientificas-aragonesas-11feb2021-Made-in-Zaragoza-56.jpg 1024w\" sizes=\"(max-width: 709px) 85vw, (max-width: 909px) 67vw, (max-width: 984px) 61vw, (max-width: 1362px) 45vw, 600px\" \/><\/figure><\/li><li class=\"blocks-gallery-item\"><figure><img loading=\"lazy\" decoding=\"async\" width=\"1024\" height=\"884\" src=\"http:\/\/madeinzaragoza.es\/blog\/wp-content\/uploads\/2021\/02\/NEREA-IRIGOYEN.jpg\" alt=\"\" data-id=\"30870\" data-full-url=\"http:\/\/madeinzaragoza.es\/blog\/wp-content\/uploads\/2021\/02\/NEREA-IRIGOYEN.jpg\" data-link=\"http:\/\/madeinzaragoza.es\/blog\/?attachment_id=30870\" class=\"wp-image-30870\" srcset=\"https:\/\/madeinzaragoza.es\/blog\/wp-content\/uploads\/2021\/02\/NEREA-IRIGOYEN.jpg 1024w, https:\/\/madeinzaragoza.es\/blog\/wp-content\/uploads\/2021\/02\/NEREA-IRIGOYEN-300x259.jpg 300w, https:\/\/madeinzaragoza.es\/blog\/wp-content\/uploads\/2021\/02\/NEREA-IRIGOYEN-768x663.jpg 768w\" sizes=\"(max-width: 709px) 85vw, (max-width: 909px) 67vw, (max-width: 1362px) 62vw, 840px\" \/><\/figure><\/li><\/ul><\/figure>\n\n\n\n<div style=\"height:100px\" aria-hidden=\"true\" class=\"wp-block-spacer\"><\/div>\n\n\n\n<h2 class=\"wp-block-heading\">BLANCA CATAL\u00c1N, la biobot\u00e1nica de la Sierra de Albarrac\u00edn <\/h2>\n\n\n\n<h3 class=\"wp-block-heading\"><strong><a href=\"http:\/\/madeinzaragoza.es\/comercio\/herbolario-san-pablo\/\" target=\"_blank\" rel=\"noreferrer noopener\">Herbolario de San Pablo<\/a> (C\/ San Pablo 57)<\/strong><\/h3>\n\n\n\n<div style=\"height:30px\" aria-hidden=\"true\" class=\"wp-block-spacer\"><\/div>\n\n\n\n<p>Seguimos en el barrio con el escaparate del <strong><a href=\"http:\/\/madeinzaragoza.es\/comercio\/herbolario-san-pablo\/\" target=\"_blank\" rel=\"noreferrer noopener\">Herbolario de San Pablo<\/a><\/strong> que est\u00e1 dedicado a <strong>Blanca Catal\u00e1n de Oc\u00f3n<\/strong>, una ni\u00f1a que pasaba los veranos estudiando las plantas de la Sierra de Albarrac\u00edn y acab\u00f3 siendo la primera bot\u00e1nica espa\u00f1ola con su nombre en la nomenclatura cient\u00edfica universal. <\/p>\n\n\n\n<p>La historia de esta biobot\u00e1nica ha inspirado y cautivado tanto a Rosa Monforte, la due\u00f1a del <strong><a href=\"http:\/\/madeinzaragoza.es\/comercio\/herbolario-san-pablo\/\" target=\"_blank\" rel=\"noreferrer noopener\">Herbolario de San Pablo<\/a><\/strong>, que ya ha encargado uno de los Herbarios de plantas raras que nos dej\u00f3 como legado Blanca Catal\u00e1n. <\/p>\n\n\n\n<figure class=\"wp-block-gallery columns-2 is-cropped wp-block-gallery-2 is-layout-flex wp-block-gallery-is-layout-flex\"><ul class=\"blocks-gallery-grid\"><li class=\"blocks-gallery-item\"><figure><img loading=\"lazy\" decoding=\"async\" width=\"683\" height=\"1024\" src=\"http:\/\/madeinzaragoza.es\/blog\/wp-content\/uploads\/2021\/02\/Cientificas-aragonesas-11feb2021-Made-in-Zaragoza-1-683x1024.jpg\" alt=\"\" data-id=\"30860\" data-link=\"http:\/\/madeinzaragoza.es\/blog\/?attachment_id=30860\" class=\"wp-image-30860\" srcset=\"https:\/\/madeinzaragoza.es\/blog\/wp-content\/uploads\/2021\/02\/Cientificas-aragonesas-11feb2021-Made-in-Zaragoza-1-683x1024.jpg 683w, https:\/\/madeinzaragoza.es\/blog\/wp-content\/uploads\/2021\/02\/Cientificas-aragonesas-11feb2021-Made-in-Zaragoza-1-200x300.jpg 200w, https:\/\/madeinzaragoza.es\/blog\/wp-content\/uploads\/2021\/02\/Cientificas-aragonesas-11feb2021-Made-in-Zaragoza-1-768x1152.jpg 768w, https:\/\/madeinzaragoza.es\/blog\/wp-content\/uploads\/2021\/02\/Cientificas-aragonesas-11feb2021-Made-in-Zaragoza-1.jpg 1024w\" sizes=\"(max-width: 709px) 85vw, (max-width: 909px) 67vw, (max-width: 984px) 61vw, (max-width: 1362px) 45vw, 600px\" \/><\/figure><\/li><li class=\"blocks-gallery-item\"><figure><img loading=\"lazy\" decoding=\"async\" width=\"683\" height=\"1024\" src=\"http:\/\/madeinzaragoza.es\/blog\/wp-content\/uploads\/2021\/02\/Cientificas-aragonesas-11feb2021-Made-in-Zaragoza-4-683x1024.jpg\" alt=\"\" data-id=\"30859\" data-link=\"http:\/\/madeinzaragoza.es\/blog\/?attachment_id=30859\" class=\"wp-image-30859\" srcset=\"https:\/\/madeinzaragoza.es\/blog\/wp-content\/uploads\/2021\/02\/Cientificas-aragonesas-11feb2021-Made-in-Zaragoza-4-683x1024.jpg 683w, https:\/\/madeinzaragoza.es\/blog\/wp-content\/uploads\/2021\/02\/Cientificas-aragonesas-11feb2021-Made-in-Zaragoza-4-200x300.jpg 200w, https:\/\/madeinzaragoza.es\/blog\/wp-content\/uploads\/2021\/02\/Cientificas-aragonesas-11feb2021-Made-in-Zaragoza-4-768x1152.jpg 768w, https:\/\/madeinzaragoza.es\/blog\/wp-content\/uploads\/2021\/02\/Cientificas-aragonesas-11feb2021-Made-in-Zaragoza-4.jpg 1024w\" sizes=\"(max-width: 709px) 85vw, (max-width: 909px) 67vw, (max-width: 984px) 61vw, (max-width: 1362px) 45vw, 600px\" \/><\/figure><\/li><li class=\"blocks-gallery-item\"><figure><img loading=\"lazy\" decoding=\"async\" width=\"1024\" height=\"683\" src=\"http:\/\/madeinzaragoza.es\/blog\/wp-content\/uploads\/2021\/02\/Cientificas-aragonesas-11feb2021-Made-in-Zaragoza-3.jpg\" alt=\"\" data-id=\"30861\" data-link=\"http:\/\/madeinzaragoza.es\/blog\/?attachment_id=30861\" class=\"wp-image-30861\" srcset=\"https:\/\/madeinzaragoza.es\/blog\/wp-content\/uploads\/2021\/02\/Cientificas-aragonesas-11feb2021-Made-in-Zaragoza-3.jpg 1024w, https:\/\/madeinzaragoza.es\/blog\/wp-content\/uploads\/2021\/02\/Cientificas-aragonesas-11feb2021-Made-in-Zaragoza-3-300x200.jpg 300w, https:\/\/madeinzaragoza.es\/blog\/wp-content\/uploads\/2021\/02\/Cientificas-aragonesas-11feb2021-Made-in-Zaragoza-3-768x512.jpg 768w\" sizes=\"(max-width: 709px) 85vw, (max-width: 909px) 67vw, (max-width: 1362px) 62vw, 840px\" \/><\/figure><\/li><\/ul><\/figure>\n\n\n\n<div style=\"height:100px\" aria-hidden=\"true\" class=\"wp-block-spacer\"><\/div>\n\n\n\n<h2 class=\"wp-block-heading\">ISABEL FETINI Y CRISTINA SERAL, dos luchadoras contra el Covid-19  <\/h2>\n\n\n\n<h3 class=\"wp-block-heading\"><strong><a href=\"http:\/\/madeinzaragoza.es\/comercio\/la-suprema\/\" target=\"_blank\" rel=\"noreferrer noopener\">Corseter\u00eda La Suprema<\/a> (C\/ Cesar Augusto 76)<\/strong><\/h3>\n\n\n\n<div style=\"height:30px\" aria-hidden=\"true\" class=\"wp-block-spacer\"><\/div>\n\n\n\n<p>Llegamos al Mercado Central y nos paramos en el escaparate de la <strong><a href=\"http:\/\/madeinzaragoza.es\/comercio\/la-suprema\/\" target=\"_blank\" rel=\"noreferrer noopener\">Corseter\u00eda La Suprema<\/a><\/strong>, donde su due\u00f1a Ana Taz\u00f3n nos muestra orgullosa que est\u00e1 dedicado a dos de esas muchas hero\u00ednas que luchan contra el Covid-19 en Zaragoza. <\/p>\n\n\n\n<p><strong>Cristina Seral <\/strong>es farmac\u00e9utica especializada en Microbiolog\u00eda Cl\u00ednica y Parasitolog\u00eda en el Hospital Cl\u00ednico de Zaragoza. Aunque su \u00e1rea de investigaci\u00f3n son las resistencias bacterianas, este a\u00f1o ha dejado todo para centrar su energ\u00eda en combatir la pandemia. <\/p>\n\n\n\n<p><strong>Isabel Fetini<\/strong> es doctora de Medicina Interna en el Hospital Royo Villanova, y en 2015, puso en marcha la Unidad de Hospitalizaci\u00f3n a Domicilio, pionera en todo Arag\u00f3n junto con la de Alca\u00f1iz. Ahora, con la aparici\u00f3n de la pandemia, ha sido incorporada al equipo COVID de hospital.  Ambas forman parte de ese grupo de personas que no se ven pero que son imprescindibles para atender a los pacientes con COVID-19.<\/p>\n\n\n\n<figure class=\"wp-block-gallery columns-0 is-cropped wp-block-gallery-3 is-layout-flex wp-block-gallery-is-layout-flex\"><ul class=\"blocks-gallery-grid\"><li class=\"blocks-gallery-item\"><figure><img loading=\"lazy\" decoding=\"async\" width=\"683\" height=\"1024\" src=\"http:\/\/madeinzaragoza.es\/blog\/wp-content\/uploads\/2021\/02\/Cientificas-aragonesas-11feb2021-Made-in-Zaragoza-12-683x1024.jpg\" alt=\"\" data-id=\"30873\" data-link=\"http:\/\/madeinzaragoza.es\/blog\/?attachment_id=30873\" class=\"wp-image-30873\" srcset=\"https:\/\/madeinzaragoza.es\/blog\/wp-content\/uploads\/2021\/02\/Cientificas-aragonesas-11feb2021-Made-in-Zaragoza-12-683x1024.jpg 683w, https:\/\/madeinzaragoza.es\/blog\/wp-content\/uploads\/2021\/02\/Cientificas-aragonesas-11feb2021-Made-in-Zaragoza-12-200x300.jpg 200w, https:\/\/madeinzaragoza.es\/blog\/wp-content\/uploads\/2021\/02\/Cientificas-aragonesas-11feb2021-Made-in-Zaragoza-12-768x1152.jpg 768w, https:\/\/madeinzaragoza.es\/blog\/wp-content\/uploads\/2021\/02\/Cientificas-aragonesas-11feb2021-Made-in-Zaragoza-12.jpg 1024w\" sizes=\"(max-width: 709px) 85vw, (max-width: 909px) 67vw, (max-width: 984px) 61vw, (max-width: 1362px) 45vw, 600px\" \/><\/figure><\/li><li class=\"blocks-gallery-item\"><figure><img loading=\"lazy\" decoding=\"async\" width=\"683\" height=\"1024\" src=\"http:\/\/madeinzaragoza.es\/blog\/wp-content\/uploads\/2021\/02\/Cientificas-aragonesas-11feb2021-Made-in-Zaragoza-8-683x1024.jpg\" alt=\"\" data-id=\"30872\" data-link=\"http:\/\/madeinzaragoza.es\/blog\/?attachment_id=30872\" class=\"wp-image-30872\" srcset=\"https:\/\/madeinzaragoza.es\/blog\/wp-content\/uploads\/2021\/02\/Cientificas-aragonesas-11feb2021-Made-in-Zaragoza-8-683x1024.jpg 683w, https:\/\/madeinzaragoza.es\/blog\/wp-content\/uploads\/2021\/02\/Cientificas-aragonesas-11feb2021-Made-in-Zaragoza-8-200x300.jpg 200w, https:\/\/madeinzaragoza.es\/blog\/wp-content\/uploads\/2021\/02\/Cientificas-aragonesas-11feb2021-Made-in-Zaragoza-8-768x1152.jpg 768w, https:\/\/madeinzaragoza.es\/blog\/wp-content\/uploads\/2021\/02\/Cientificas-aragonesas-11feb2021-Made-in-Zaragoza-8.jpg 1024w\" sizes=\"(max-width: 709px) 85vw, (max-width: 909px) 67vw, (max-width: 984px) 61vw, (max-width: 1362px) 45vw, 600px\" \/><\/figure><\/li><li class=\"blocks-gallery-item\"><figure><img loading=\"lazy\" decoding=\"async\" width=\"602\" height=\"621\" src=\"http:\/\/madeinzaragoza.es\/blog\/wp-content\/uploads\/2021\/02\/LA-SUPREMA-Cristina.png\" alt=\"\" data-id=\"30875\" data-full-url=\"http:\/\/madeinzaragoza.es\/blog\/wp-content\/uploads\/2021\/02\/LA-SUPREMA-Cristina.png\" data-link=\"http:\/\/madeinzaragoza.es\/blog\/?attachment_id=30875\" class=\"wp-image-30875\" srcset=\"https:\/\/madeinzaragoza.es\/blog\/wp-content\/uploads\/2021\/02\/LA-SUPREMA-Cristina.png 602w, https:\/\/madeinzaragoza.es\/blog\/wp-content\/uploads\/2021\/02\/LA-SUPREMA-Cristina-291x300.png 291w\" sizes=\"(max-width: 709px) 85vw, (max-width: 909px) 67vw, (max-width: 984px) 61vw, (max-width: 1362px) 45vw, 600px\" \/><\/figure><\/li><li class=\"blocks-gallery-item\"><figure><img loading=\"lazy\" decoding=\"async\" width=\"308\" height=\"403\" src=\"http:\/\/madeinzaragoza.es\/blog\/wp-content\/uploads\/2021\/02\/LA-SUPREMA-Isabel-Fiteni-Vera.png\" alt=\"\" data-id=\"30876\" data-full-url=\"http:\/\/madeinzaragoza.es\/blog\/wp-content\/uploads\/2021\/02\/LA-SUPREMA-Isabel-Fiteni-Vera.png\" data-link=\"http:\/\/madeinzaragoza.es\/blog\/?attachment_id=30876\" class=\"wp-image-30876\" srcset=\"https:\/\/madeinzaragoza.es\/blog\/wp-content\/uploads\/2021\/02\/LA-SUPREMA-Isabel-Fiteni-Vera.png 308w, https:\/\/madeinzaragoza.es\/blog\/wp-content\/uploads\/2021\/02\/LA-SUPREMA-Isabel-Fiteni-Vera-229x300.png 229w\" sizes=\"(max-width: 308px) 85vw, 308px\" \/><\/figure><\/li><\/ul><\/figure>\n\n\n\n<div style=\"height:100px\" aria-hidden=\"true\" class=\"wp-block-spacer\"><\/div>\n\n\n\n<h2 class=\"wp-block-heading\">REBECA BRUNED, enfermera y activista <\/h2>\n\n\n\n<h3 class=\"wp-block-heading\"><strong><a href=\"http:\/\/madeinzaragoza.es\/comercio\/teoyleo\/\" target=\"_blank\" rel=\"noreferrer noopener\">Teoyleo<\/a> (C\/ Don Pedro Atares 4)<\/strong><\/h3>\n\n\n\n<div style=\"height:30px\" aria-hidden=\"true\" class=\"wp-block-spacer\"><\/div>\n\n\n\n<p>Si caminamos un poco hacia la Calle Alfonso, nos encontramos con el escaparate de <strong><a href=\"http:\/\/madeinzaragoza.es\/comercio\/teoyleo\/\" target=\"_blank\" rel=\"noreferrer noopener\">Teoyleo<\/a><\/strong>, la colorida tienda de porteos y objetos para beb\u00e9s de Noem\u00ed Bordonaba y Eva Cebri\u00e1n.  Este escaparate est\u00e1 dedicado a <strong>Rebeca Bruned<\/strong>, enfermera infantil en la planta de Infecciosos y activista de la Asociaci\u00f3n Acci\u00f3n Enfermera de Zaragoza. Rebeca es una fuerte reivindicadora del papel de la enfermer\u00eda en la sanidad y de las mujeres en los puestos directivos de enfermer\u00eda, as\u00ed como de la calidad humana en la asistencia sanitaria. Una mujer hecha a s\u00ed misma, que lucha por lo que cree, como las due\u00f1as de <strong><a href=\"http:\/\/madeinzaragoza.es\/comercio\/teoyleo\/\">Teoyleo<\/a><\/strong>. <\/p>\n\n\n\n<figure class=\"wp-block-gallery columns-0 is-cropped wp-block-gallery-4 is-layout-flex wp-block-gallery-is-layout-flex\"><ul class=\"blocks-gallery-grid\"><li class=\"blocks-gallery-item\"><figure><img loading=\"lazy\" decoding=\"async\" width=\"683\" height=\"1024\" src=\"http:\/\/madeinzaragoza.es\/blog\/wp-content\/uploads\/2021\/02\/Cientificas-aragonesas-11feb2021-Made-in-Zaragoza-15-683x1024.jpg\" alt=\"\" data-id=\"30882\" data-full-url=\"http:\/\/madeinzaragoza.es\/blog\/wp-content\/uploads\/2021\/02\/Cientificas-aragonesas-11feb2021-Made-in-Zaragoza-15.jpg\" data-link=\"http:\/\/madeinzaragoza.es\/blog\/?attachment_id=30882\" class=\"wp-image-30882\" srcset=\"https:\/\/madeinzaragoza.es\/blog\/wp-content\/uploads\/2021\/02\/Cientificas-aragonesas-11feb2021-Made-in-Zaragoza-15-683x1024.jpg 683w, https:\/\/madeinzaragoza.es\/blog\/wp-content\/uploads\/2021\/02\/Cientificas-aragonesas-11feb2021-Made-in-Zaragoza-15-200x300.jpg 200w, https:\/\/madeinzaragoza.es\/blog\/wp-content\/uploads\/2021\/02\/Cientificas-aragonesas-11feb2021-Made-in-Zaragoza-15-768x1152.jpg 768w, https:\/\/madeinzaragoza.es\/blog\/wp-content\/uploads\/2021\/02\/Cientificas-aragonesas-11feb2021-Made-in-Zaragoza-15.jpg 1024w\" sizes=\"(max-width: 709px) 85vw, (max-width: 909px) 67vw, (max-width: 984px) 61vw, (max-width: 1362px) 45vw, 600px\" \/><\/figure><\/li><li class=\"blocks-gallery-item\"><figure><img loading=\"lazy\" decoding=\"async\" width=\"683\" height=\"1024\" src=\"http:\/\/madeinzaragoza.es\/blog\/wp-content\/uploads\/2021\/02\/Cientificas-aragonesas-11feb2021-Made-in-Zaragoza-19-683x1024.jpg\" alt=\"\" data-id=\"30881\" data-full-url=\"http:\/\/madeinzaragoza.es\/blog\/wp-content\/uploads\/2021\/02\/Cientificas-aragonesas-11feb2021-Made-in-Zaragoza-19.jpg\" data-link=\"http:\/\/madeinzaragoza.es\/blog\/?attachment_id=30881\" class=\"wp-image-30881\" srcset=\"https:\/\/madeinzaragoza.es\/blog\/wp-content\/uploads\/2021\/02\/Cientificas-aragonesas-11feb2021-Made-in-Zaragoza-19-683x1024.jpg 683w, https:\/\/madeinzaragoza.es\/blog\/wp-content\/uploads\/2021\/02\/Cientificas-aragonesas-11feb2021-Made-in-Zaragoza-19-200x300.jpg 200w, https:\/\/madeinzaragoza.es\/blog\/wp-content\/uploads\/2021\/02\/Cientificas-aragonesas-11feb2021-Made-in-Zaragoza-19-768x1152.jpg 768w, https:\/\/madeinzaragoza.es\/blog\/wp-content\/uploads\/2021\/02\/Cientificas-aragonesas-11feb2021-Made-in-Zaragoza-19.jpg 1024w\" sizes=\"(max-width: 709px) 85vw, (max-width: 909px) 67vw, (max-width: 984px) 61vw, (max-width: 1362px) 45vw, 600px\" \/><\/figure><\/li><li class=\"blocks-gallery-item\"><figure><img loading=\"lazy\" decoding=\"async\" width=\"898\" height=\"898\" src=\"http:\/\/madeinzaragoza.es\/blog\/wp-content\/uploads\/2021\/02\/Captura-de-pantalla-2021-02-12-a-las-17.12.18.png\" alt=\"\" data-id=\"30884\" data-full-url=\"http:\/\/madeinzaragoza.es\/blog\/wp-content\/uploads\/2021\/02\/Captura-de-pantalla-2021-02-12-a-las-17.12.18.png\" data-link=\"http:\/\/madeinzaragoza.es\/blog\/?attachment_id=30884\" class=\"wp-image-30884\" srcset=\"https:\/\/madeinzaragoza.es\/blog\/wp-content\/uploads\/2021\/02\/Captura-de-pantalla-2021-02-12-a-las-17.12.18.png 898w, https:\/\/madeinzaragoza.es\/blog\/wp-content\/uploads\/2021\/02\/Captura-de-pantalla-2021-02-12-a-las-17.12.18-300x300.png 300w, https:\/\/madeinzaragoza.es\/blog\/wp-content\/uploads\/2021\/02\/Captura-de-pantalla-2021-02-12-a-las-17.12.18-150x150.png 150w, https:\/\/madeinzaragoza.es\/blog\/wp-content\/uploads\/2021\/02\/Captura-de-pantalla-2021-02-12-a-las-17.12.18-768x768.png 768w\" sizes=\"(max-width: 709px) 85vw, (max-width: 909px) 67vw, (max-width: 1362px) 62vw, 840px\" \/><\/figure><\/li><li class=\"blocks-gallery-item\"><figure><img loading=\"lazy\" decoding=\"async\" width=\"1024\" height=\"683\" src=\"http:\/\/madeinzaragoza.es\/blog\/wp-content\/uploads\/2021\/02\/Cientificas-aragonesas-11feb2021-Made-in-Zaragoza-16.jpg\" alt=\"\" data-id=\"30883\" data-full-url=\"http:\/\/madeinzaragoza.es\/blog\/wp-content\/uploads\/2021\/02\/Cientificas-aragonesas-11feb2021-Made-in-Zaragoza-16.jpg\" data-link=\"http:\/\/madeinzaragoza.es\/blog\/?attachment_id=30883\" class=\"wp-image-30883\" srcset=\"https:\/\/madeinzaragoza.es\/blog\/wp-content\/uploads\/2021\/02\/Cientificas-aragonesas-11feb2021-Made-in-Zaragoza-16.jpg 1024w, https:\/\/madeinzaragoza.es\/blog\/wp-content\/uploads\/2021\/02\/Cientificas-aragonesas-11feb2021-Made-in-Zaragoza-16-300x200.jpg 300w, https:\/\/madeinzaragoza.es\/blog\/wp-content\/uploads\/2021\/02\/Cientificas-aragonesas-11feb2021-Made-in-Zaragoza-16-768x512.jpg 768w\" sizes=\"(max-width: 709px) 85vw, (max-width: 909px) 67vw, (max-width: 1362px) 62vw, 840px\" \/><\/figure><\/li><\/ul><\/figure>\n\n\n\n<div style=\"height:100px\" aria-hidden=\"true\" class=\"wp-block-spacer\"><\/div>\n\n\n\n<h2 class=\"wp-block-heading\">TERESA JUAN ESTEBAN y el cuajo vegetal <\/h2>\n\n\n\n<h3 class=\"wp-block-heading\"><strong><a href=\"http:\/\/madeinzaragoza.es\/comercio\/la-rinconada-del-queso\/\" target=\"_blank\" rel=\"noreferrer noopener\">Rinconada del queso<\/a> (C\/ Casto Mendez N\u00fa\u00f1ez 5)<\/strong><\/h3>\n\n\n\n<div style=\"height:30px\" aria-hidden=\"true\" class=\"wp-block-spacer\"><\/div>\n\n\n\n<p>Si seguimos el riqu\u00edsimo olor a queso un par de calles m\u00e1s all\u00e1, encontraremos el escaparate de <strong><a href=\"http:\/\/madeinzaragoza.es\/comercio\/la-rinconada-del-queso\/\" target=\"_blank\" rel=\"noreferrer noopener\">La Rinconada del Queso<\/a><\/strong>, que est\u00e1 dedicado a <strong>Teresa Juan Esteban,<\/strong> veterinaria bromat\u00f3loga e investigadora del Centro de Investigaci\u00f3n y Tecnolog\u00eda Agroalimentaria de Arag\u00f3n (CITA). Esta turolense inci\u00f3 en 2008 una l\u00ednea de investigaci\u00f3n sobre el Queso de Teruel, y m\u00e1s en concreto sobre la utilizaci\u00f3n de las flores de cardo para la elaboraci\u00f3n del cuajo vegetal. <\/p>\n\n\n\n<p>Isabel Labarta, una de las due\u00f1as de <strong><a href=\"http:\/\/madeinzaragoza.es\/comercio\/la-rinconada-del-queso\/\" target=\"_blank\" rel=\"noreferrer noopener\">La Rinconada del Queso<\/a><\/strong>, nos cuenta emocionada que la visita de Teresa a la tienda fue toda una inspiraci\u00f3n y que le aport\u00f3 mucha informaci\u00f3n para contar en sus \u00ab<em>ratacatas<\/em>\u00bb de queso.<\/p>\n\n\n\n<figure class=\"wp-block-gallery columns-0 is-cropped wp-block-gallery-5 is-layout-flex wp-block-gallery-is-layout-flex\"><ul class=\"blocks-gallery-grid\"><li class=\"blocks-gallery-item\"><figure><img loading=\"lazy\" decoding=\"async\" width=\"683\" height=\"1024\" src=\"http:\/\/madeinzaragoza.es\/blog\/wp-content\/uploads\/2021\/02\/Cientificas-aragonesas-11feb2021-Made-in-Zaragoza-20-683x1024.jpg\" alt=\"\" data-id=\"30890\" data-full-url=\"http:\/\/madeinzaragoza.es\/blog\/wp-content\/uploads\/2021\/02\/Cientificas-aragonesas-11feb2021-Made-in-Zaragoza-20.jpg\" data-link=\"http:\/\/madeinzaragoza.es\/blog\/?attachment_id=30890\" class=\"wp-image-30890\" srcset=\"https:\/\/madeinzaragoza.es\/blog\/wp-content\/uploads\/2021\/02\/Cientificas-aragonesas-11feb2021-Made-in-Zaragoza-20-683x1024.jpg 683w, https:\/\/madeinzaragoza.es\/blog\/wp-content\/uploads\/2021\/02\/Cientificas-aragonesas-11feb2021-Made-in-Zaragoza-20-200x300.jpg 200w, https:\/\/madeinzaragoza.es\/blog\/wp-content\/uploads\/2021\/02\/Cientificas-aragonesas-11feb2021-Made-in-Zaragoza-20-768x1152.jpg 768w, https:\/\/madeinzaragoza.es\/blog\/wp-content\/uploads\/2021\/02\/Cientificas-aragonesas-11feb2021-Made-in-Zaragoza-20.jpg 1024w\" sizes=\"(max-width: 709px) 85vw, (max-width: 909px) 67vw, (max-width: 984px) 61vw, (max-width: 1362px) 45vw, 600px\" \/><\/figure><\/li><li class=\"blocks-gallery-item\"><figure><img loading=\"lazy\" decoding=\"async\" width=\"683\" height=\"1024\" src=\"http:\/\/madeinzaragoza.es\/blog\/wp-content\/uploads\/2021\/02\/Cientificas-aragonesas-11feb2021-Made-in-Zaragoza-22-683x1024.jpg\" alt=\"\" data-id=\"30888\" data-full-url=\"http:\/\/madeinzaragoza.es\/blog\/wp-content\/uploads\/2021\/02\/Cientificas-aragonesas-11feb2021-Made-in-Zaragoza-22.jpg\" data-link=\"http:\/\/madeinzaragoza.es\/blog\/?attachment_id=30888\" class=\"wp-image-30888\" srcset=\"https:\/\/madeinzaragoza.es\/blog\/wp-content\/uploads\/2021\/02\/Cientificas-aragonesas-11feb2021-Made-in-Zaragoza-22-683x1024.jpg 683w, https:\/\/madeinzaragoza.es\/blog\/wp-content\/uploads\/2021\/02\/Cientificas-aragonesas-11feb2021-Made-in-Zaragoza-22-200x300.jpg 200w, https:\/\/madeinzaragoza.es\/blog\/wp-content\/uploads\/2021\/02\/Cientificas-aragonesas-11feb2021-Made-in-Zaragoza-22-768x1152.jpg 768w, https:\/\/madeinzaragoza.es\/blog\/wp-content\/uploads\/2021\/02\/Cientificas-aragonesas-11feb2021-Made-in-Zaragoza-22.jpg 1024w\" sizes=\"(max-width: 709px) 85vw, (max-width: 909px) 67vw, (max-width: 984px) 61vw, (max-width: 1362px) 45vw, 600px\" \/><\/figure><\/li><li class=\"blocks-gallery-item\"><figure><img loading=\"lazy\" decoding=\"async\" width=\"662\" height=\"670\" src=\"http:\/\/madeinzaragoza.es\/blog\/wp-content\/uploads\/2021\/02\/Teresa-Juan-Esteban.jpg\" alt=\"\" data-id=\"30891\" data-full-url=\"http:\/\/madeinzaragoza.es\/blog\/wp-content\/uploads\/2021\/02\/Teresa-Juan-Esteban.jpg\" data-link=\"http:\/\/madeinzaragoza.es\/blog\/?attachment_id=30891\" class=\"wp-image-30891\" srcset=\"https:\/\/madeinzaragoza.es\/blog\/wp-content\/uploads\/2021\/02\/Teresa-Juan-Esteban.jpg 662w, https:\/\/madeinzaragoza.es\/blog\/wp-content\/uploads\/2021\/02\/Teresa-Juan-Esteban-296x300.jpg 296w\" sizes=\"(max-width: 709px) 85vw, (max-width: 909px) 67vw, (max-width: 984px) 61vw, (max-width: 1362px) 45vw, 600px\" \/><\/figure><\/li><li class=\"blocks-gallery-item\"><figure><img loading=\"lazy\" decoding=\"async\" width=\"1024\" height=\"683\" src=\"http:\/\/madeinzaragoza.es\/blog\/wp-content\/uploads\/2021\/02\/Cientificas-aragonesas-11feb2021-Made-in-Zaragoza-21.jpg\" alt=\"\" data-id=\"30887\" data-full-url=\"http:\/\/madeinzaragoza.es\/blog\/wp-content\/uploads\/2021\/02\/Cientificas-aragonesas-11feb2021-Made-in-Zaragoza-21.jpg\" data-link=\"http:\/\/madeinzaragoza.es\/blog\/?attachment_id=30887\" class=\"wp-image-30887\" srcset=\"https:\/\/madeinzaragoza.es\/blog\/wp-content\/uploads\/2021\/02\/Cientificas-aragonesas-11feb2021-Made-in-Zaragoza-21.jpg 1024w, https:\/\/madeinzaragoza.es\/blog\/wp-content\/uploads\/2021\/02\/Cientificas-aragonesas-11feb2021-Made-in-Zaragoza-21-300x200.jpg 300w, https:\/\/madeinzaragoza.es\/blog\/wp-content\/uploads\/2021\/02\/Cientificas-aragonesas-11feb2021-Made-in-Zaragoza-21-768x512.jpg 768w\" sizes=\"(max-width: 709px) 85vw, (max-width: 909px) 67vw, (max-width: 1362px) 62vw, 840px\" \/><\/figure><\/li><\/ul><figcaption class=\"blocks-gallery-caption\"><br><\/figcaption><\/figure>\n\n\n\n<div style=\"height:100px\" aria-hidden=\"true\" class=\"wp-block-spacer\"><\/div>\n\n\n\n<h2 class=\"wp-block-heading\">MARIA JOSEFA YUZUEL, la f\u00edsica empedernida <\/h2>\n\n\n\n<h3 class=\"wp-block-heading\"><strong><a href=\"http:\/\/madeinzaragoza.es\/comercio\/piedra-papel-y-tijera\/\" target=\"_blank\" rel=\"noreferrer noopener\">Piedra, papel y tijera<\/a><\/strong> <strong>(C\/ Casto Mendez N\u00fa\u00f1ez 22)<\/strong><\/h3>\n\n\n\n<div style=\"height:30px\" aria-hidden=\"true\" class=\"wp-block-spacer\"><\/div>\n\n\n\n<p>Unos pasos m\u00e1s adelante, en la misma calle, nos llama la atenci\u00f3n el precioso escaparate que Luis Alejandre ha pintado en la papeler\u00eda creativa <strong><a href=\"http:\/\/madeinzaragoza.es\/comercio\/piedra-papel-y-tijera\/\" target=\"_blank\" rel=\"noreferrer noopener\">Piedra, papel y tijera<\/a><\/strong>. Est\u00e1 dedicado a la jacetana <strong>Maria Josefa Yuzuel<\/strong>, la primera mujer espa\u00f1ola en obtener la categor\u00eda de <em>Profesor Agregado de Universidad<\/em> en F\u00edsica (1971) y la segunda en ser <em>Catedr\u00e1tico de Universidad<\/em> (1982). Fue fundadora del <em>Laboratori de Processat d\u2019Imatges<\/em> en la UAB, y tambi\u00e9n Presidenta del Comit\u00e9 espa\u00f1ol para la celebraci\u00f3n del <a href=\"http:\/\/www.luz2015.es\/index.php\" target=\"_blank\" rel=\"noreferrer noopener\"><em>A\u00f1o Internacional de la Luz<\/em><\/a> en 2015. Es una firme defensora de que \u00abno hay carreras para hombres y otras para mujeres\u00bb, ella opina que cada uno debe escoger libremente y luchar por ello. <\/p>\n\n\n\n<figure class=\"wp-block-gallery columns-2 is-cropped wp-block-gallery-6 is-layout-flex wp-block-gallery-is-layout-flex\"><ul class=\"blocks-gallery-grid\"><li class=\"blocks-gallery-item\"><figure><img loading=\"lazy\" decoding=\"async\" width=\"683\" height=\"1024\" src=\"http:\/\/madeinzaragoza.es\/blog\/wp-content\/uploads\/2021\/02\/Cientificas-aragonesas-11feb2021-Made-in-Zaragoza-27-683x1024.jpg\" alt=\"\" data-id=\"30893\" data-full-url=\"http:\/\/madeinzaragoza.es\/blog\/wp-content\/uploads\/2021\/02\/Cientificas-aragonesas-11feb2021-Made-in-Zaragoza-27.jpg\" data-link=\"http:\/\/madeinzaragoza.es\/blog\/?attachment_id=30893\" class=\"wp-image-30893\" srcset=\"https:\/\/madeinzaragoza.es\/blog\/wp-content\/uploads\/2021\/02\/Cientificas-aragonesas-11feb2021-Made-in-Zaragoza-27-683x1024.jpg 683w, https:\/\/madeinzaragoza.es\/blog\/wp-content\/uploads\/2021\/02\/Cientificas-aragonesas-11feb2021-Made-in-Zaragoza-27-200x300.jpg 200w, https:\/\/madeinzaragoza.es\/blog\/wp-content\/uploads\/2021\/02\/Cientificas-aragonesas-11feb2021-Made-in-Zaragoza-27-768x1152.jpg 768w, https:\/\/madeinzaragoza.es\/blog\/wp-content\/uploads\/2021\/02\/Cientificas-aragonesas-11feb2021-Made-in-Zaragoza-27.jpg 1024w\" sizes=\"(max-width: 709px) 85vw, (max-width: 909px) 67vw, (max-width: 984px) 61vw, (max-width: 1362px) 45vw, 600px\" \/><\/figure><\/li><li class=\"blocks-gallery-item\"><figure><img loading=\"lazy\" decoding=\"async\" width=\"683\" height=\"1024\" src=\"http:\/\/madeinzaragoza.es\/blog\/wp-content\/uploads\/2021\/02\/Cientificas-aragonesas-11feb2021-Made-in-Zaragoza-32-683x1024.jpg\" alt=\"\" data-id=\"30894\" data-full-url=\"http:\/\/madeinzaragoza.es\/blog\/wp-content\/uploads\/2021\/02\/Cientificas-aragonesas-11feb2021-Made-in-Zaragoza-32.jpg\" data-link=\"http:\/\/madeinzaragoza.es\/blog\/?attachment_id=30894\" class=\"wp-image-30894\" srcset=\"https:\/\/madeinzaragoza.es\/blog\/wp-content\/uploads\/2021\/02\/Cientificas-aragonesas-11feb2021-Made-in-Zaragoza-32-683x1024.jpg 683w, https:\/\/madeinzaragoza.es\/blog\/wp-content\/uploads\/2021\/02\/Cientificas-aragonesas-11feb2021-Made-in-Zaragoza-32-200x300.jpg 200w, https:\/\/madeinzaragoza.es\/blog\/wp-content\/uploads\/2021\/02\/Cientificas-aragonesas-11feb2021-Made-in-Zaragoza-32-768x1152.jpg 768w, https:\/\/madeinzaragoza.es\/blog\/wp-content\/uploads\/2021\/02\/Cientificas-aragonesas-11feb2021-Made-in-Zaragoza-32.jpg 1024w\" sizes=\"(max-width: 709px) 85vw, (max-width: 909px) 67vw, (max-width: 984px) 61vw, (max-width: 1362px) 45vw, 600px\" \/><\/figure><\/li><li class=\"blocks-gallery-item\"><figure><img loading=\"lazy\" decoding=\"async\" width=\"1024\" height=\"683\" src=\"http:\/\/madeinzaragoza.es\/blog\/wp-content\/uploads\/2021\/02\/Cientificas-aragonesas-11feb2021-Made-in-Zaragoza-29.jpg\" alt=\"\" data-id=\"30895\" data-full-url=\"http:\/\/madeinzaragoza.es\/blog\/wp-content\/uploads\/2021\/02\/Cientificas-aragonesas-11feb2021-Made-in-Zaragoza-29.jpg\" data-link=\"http:\/\/madeinzaragoza.es\/blog\/?attachment_id=30895\" class=\"wp-image-30895\" srcset=\"https:\/\/madeinzaragoza.es\/blog\/wp-content\/uploads\/2021\/02\/Cientificas-aragonesas-11feb2021-Made-in-Zaragoza-29.jpg 1024w, https:\/\/madeinzaragoza.es\/blog\/wp-content\/uploads\/2021\/02\/Cientificas-aragonesas-11feb2021-Made-in-Zaragoza-29-300x200.jpg 300w, https:\/\/madeinzaragoza.es\/blog\/wp-content\/uploads\/2021\/02\/Cientificas-aragonesas-11feb2021-Made-in-Zaragoza-29-768x512.jpg 768w\" sizes=\"(max-width: 709px) 85vw, (max-width: 909px) 67vw, (max-width: 1362px) 62vw, 840px\" \/><\/figure><\/li><\/ul><\/figure>\n\n\n\n<div style=\"height:100px\" aria-hidden=\"true\" class=\"wp-block-spacer\"><\/div>\n\n\n\n<h2 class=\"wp-block-heading\">ROSA MAGALL\u00d3N, m\u00e9dico de familia en el Arrabal<\/h2>\n\n\n\n<h3 class=\"wp-block-heading\"><strong>Kabuky shop<\/strong> (C\/ San F\u00e9lix 2)<\/h3>\n\n\n\n<div style=\"height:30px\" aria-hidden=\"true\" class=\"wp-block-spacer\"><\/div>\n\n\n\n<p>A la vuelta de la esquina, con la creatividad y delicadeza que lo caracteriza destaca el escaparate de <strong>Kabuky shop<\/strong>, el espacio din\u00e1mico de arte, moda, libros y decoraci\u00f3n de Ver\u00f3nica Romeo. El escaparate est\u00e1 dedicado a <strong>Rosa Magall\u00f3n<\/strong>, doctora especializada en Medicina de Familia en el CS Universitario de Arrabal y Directora de la Unidad de Investigaci\u00f3n del mismo centro. Es una combatiente nata, cercana y amable, le apasionan sus pacientes y lucha cada d\u00eda porque la Sanidad Publica contin\u00fae siendo un sistema p\u00fablico de calidad , universal y sin sesgos de g\u00e9nero. Participa en infinidad de congresos y en 2019 fue la Primera Mujer profesora titular de Medicina de Familia en Espa\u00f1a.  <\/p>\n\n\n\n<figure class=\"wp-block-image size-large\"><img loading=\"lazy\" decoding=\"async\" width=\"612\" height=\"612\" src=\"http:\/\/madeinzaragoza.es\/blog\/wp-content\/uploads\/2021\/02\/rosa-magallon.jpg\" alt=\"\" class=\"wp-image-30941\" srcset=\"https:\/\/madeinzaragoza.es\/blog\/wp-content\/uploads\/2021\/02\/rosa-magallon.jpg 612w, https:\/\/madeinzaragoza.es\/blog\/wp-content\/uploads\/2021\/02\/rosa-magallon-300x300.jpg 300w, https:\/\/madeinzaragoza.es\/blog\/wp-content\/uploads\/2021\/02\/rosa-magallon-150x150.jpg 150w\" sizes=\"(max-width: 709px) 85vw, (max-width: 909px) 67vw, (max-width: 984px) 61vw, (max-width: 1362px) 45vw, 600px\" \/><\/figure>\n\n\n\n<figure class=\"wp-block-gallery columns-0 is-cropped wp-block-gallery-7 is-layout-flex wp-block-gallery-is-layout-flex\"><ul class=\"blocks-gallery-grid\"><li class=\"blocks-gallery-item\"><figure><img loading=\"lazy\" decoding=\"async\" width=\"683\" height=\"1024\" src=\"http:\/\/madeinzaragoza.es\/blog\/wp-content\/uploads\/2021\/02\/Cientificas-aragonesas-11feb2021-Made-in-Zaragoza-58-683x1024.jpg\" alt=\"\" data-id=\"30897\" data-full-url=\"http:\/\/madeinzaragoza.es\/blog\/wp-content\/uploads\/2021\/02\/Cientificas-aragonesas-11feb2021-Made-in-Zaragoza-58.jpg\" data-link=\"http:\/\/madeinzaragoza.es\/blog\/?attachment_id=30897\" class=\"wp-image-30897\" srcset=\"https:\/\/madeinzaragoza.es\/blog\/wp-content\/uploads\/2021\/02\/Cientificas-aragonesas-11feb2021-Made-in-Zaragoza-58-683x1024.jpg 683w, https:\/\/madeinzaragoza.es\/blog\/wp-content\/uploads\/2021\/02\/Cientificas-aragonesas-11feb2021-Made-in-Zaragoza-58-200x300.jpg 200w, https:\/\/madeinzaragoza.es\/blog\/wp-content\/uploads\/2021\/02\/Cientificas-aragonesas-11feb2021-Made-in-Zaragoza-58-768x1152.jpg 768w, https:\/\/madeinzaragoza.es\/blog\/wp-content\/uploads\/2021\/02\/Cientificas-aragonesas-11feb2021-Made-in-Zaragoza-58.jpg 1024w\" sizes=\"(max-width: 709px) 85vw, (max-width: 909px) 67vw, (max-width: 984px) 61vw, (max-width: 1362px) 45vw, 600px\" \/><\/figure><\/li><li class=\"blocks-gallery-item\"><figure><img loading=\"lazy\" decoding=\"async\" width=\"683\" height=\"1024\" src=\"http:\/\/madeinzaragoza.es\/blog\/wp-content\/uploads\/2021\/02\/Cientificas-aragonesas-11feb2021-Made-in-Zaragoza-63-683x1024.jpg\" alt=\"\" data-id=\"30896\" data-full-url=\"http:\/\/madeinzaragoza.es\/blog\/wp-content\/uploads\/2021\/02\/Cientificas-aragonesas-11feb2021-Made-in-Zaragoza-63.jpg\" data-link=\"http:\/\/madeinzaragoza.es\/blog\/?attachment_id=30896\" class=\"wp-image-30896\" srcset=\"https:\/\/madeinzaragoza.es\/blog\/wp-content\/uploads\/2021\/02\/Cientificas-aragonesas-11feb2021-Made-in-Zaragoza-63-683x1024.jpg 683w, https:\/\/madeinzaragoza.es\/blog\/wp-content\/uploads\/2021\/02\/Cientificas-aragonesas-11feb2021-Made-in-Zaragoza-63-200x300.jpg 200w, https:\/\/madeinzaragoza.es\/blog\/wp-content\/uploads\/2021\/02\/Cientificas-aragonesas-11feb2021-Made-in-Zaragoza-63-768x1152.jpg 768w, https:\/\/madeinzaragoza.es\/blog\/wp-content\/uploads\/2021\/02\/Cientificas-aragonesas-11feb2021-Made-in-Zaragoza-63.jpg 1024w\" sizes=\"(max-width: 709px) 85vw, (max-width: 909px) 67vw, (max-width: 984px) 61vw, (max-width: 1362px) 45vw, 600px\" \/><\/figure><\/li><li class=\"blocks-gallery-item\"><figure><img loading=\"lazy\" decoding=\"async\" width=\"1024\" height=\"683\" src=\"http:\/\/madeinzaragoza.es\/blog\/wp-content\/uploads\/2021\/02\/Cientificas-aragonesas-11feb2021-Made-in-Zaragoza-64.jpg\" alt=\"\" data-id=\"30898\" data-full-url=\"http:\/\/madeinzaragoza.es\/blog\/wp-content\/uploads\/2021\/02\/Cientificas-aragonesas-11feb2021-Made-in-Zaragoza-64.jpg\" data-link=\"http:\/\/madeinzaragoza.es\/blog\/?attachment_id=30898\" class=\"wp-image-30898\" srcset=\"https:\/\/madeinzaragoza.es\/blog\/wp-content\/uploads\/2021\/02\/Cientificas-aragonesas-11feb2021-Made-in-Zaragoza-64.jpg 1024w, https:\/\/madeinzaragoza.es\/blog\/wp-content\/uploads\/2021\/02\/Cientificas-aragonesas-11feb2021-Made-in-Zaragoza-64-300x200.jpg 300w, https:\/\/madeinzaragoza.es\/blog\/wp-content\/uploads\/2021\/02\/Cientificas-aragonesas-11feb2021-Made-in-Zaragoza-64-768x512.jpg 768w\" sizes=\"(max-width: 709px) 85vw, (max-width: 909px) 67vw, (max-width: 1362px) 62vw, 840px\" \/><\/figure><\/li><\/ul><\/figure>\n\n\n\n<div style=\"height:100px\" aria-hidden=\"true\" class=\"wp-block-spacer\"><\/div>\n\n\n\n<h2 class=\"wp-block-heading\">MARIA ANDRESA CASAMAYOR, la Ada Lovelace aragonesa<\/h2>\n\n\n\n<h3 class=\"wp-block-heading\"><strong><a href=\"http:\/\/madeinzaragoza.es\/comercio\/estudio-fabiola-gil\/\" target=\"_blank\" rel=\"noreferrer noopener\">Estudio de Fabiola Gil<\/a><\/strong> (C\/ Jos\u00e9 Palafox 11)<\/h3>\n\n\n\n<div style=\"height:30px\" aria-hidden=\"true\" class=\"wp-block-spacer\"><\/div>\n\n\n\n<p>Si continuamos hacia el barrio de la Magdalena, en la calle Jos\u00e9 Palafox tenemos una parada obligada en el Estudio de xilograf\u00eda japonesa de <strong><a href=\"https:\/\/www.fabiolagil.com\/\" target=\"_blank\" rel=\"noreferrer noopener\">Fabiola Gil<\/a><\/strong>. Su escaparate est\u00e1 dedicado a la matem\u00e1tica <strong>Maria Andresa Casamayor<\/strong>, y como no pod\u00eda ser de otra cosa, lo primero que llama la atenci\u00f3n es la singular ilustraci\u00f3n que Fabiola ha hecho de esta cient\u00edfica. <\/p>\n\n\n\n<p>Maria Andresa Casamayor, fue una brillante matem\u00e1tica&nbsp;del&nbsp; SXVIII en Zaragoza. Adem\u00e1s de sus mayores aportes a la sociedad fue un libro de \u201cdivulgaci\u00f3n cient\u00edfica\u201d. En esa&nbsp;\u00e9poca s\u00f3lo ten\u00edan acceso&nbsp;a las matem\u00e1ticas&nbsp;y las&nbsp;ciencias&nbsp;las&nbsp; clases&nbsp; altas, y ella quiso&nbsp;que fueran&nbsp;accesibles a m\u00e1s personas. Algo que la conecta directamente con nuestra artista <strong><a href=\"https:\/\/www.fabiolagil.com\/\" target=\"_blank\" rel=\"noreferrer noopener\">Fabiola Gil<\/a><\/strong>, que est\u00e1 ahora mismo editando el primer manual en espa\u00f1ol de Mokuhanga (xilograf\u00eda japonesa) para conseguir que esta disciplina llegue a cuantos m\u00e1s mejor. <\/p>\n\n\n\n<figure class=\"wp-block-gallery columns-0 is-cropped wp-block-gallery-8 is-layout-flex wp-block-gallery-is-layout-flex\"><ul class=\"blocks-gallery-grid\"><li class=\"blocks-gallery-item\"><figure><img loading=\"lazy\" decoding=\"async\" width=\"683\" height=\"1024\" src=\"http:\/\/madeinzaragoza.es\/blog\/wp-content\/uploads\/2021\/02\/Cientificas-aragonesas-11feb2021-Made-in-Zaragoza-67-683x1024.jpg\" alt=\"\" data-id=\"30899\" data-link=\"http:\/\/madeinzaragoza.es\/blog\/?attachment_id=30899\" class=\"wp-image-30899\" srcset=\"https:\/\/madeinzaragoza.es\/blog\/wp-content\/uploads\/2021\/02\/Cientificas-aragonesas-11feb2021-Made-in-Zaragoza-67-683x1024.jpg 683w, https:\/\/madeinzaragoza.es\/blog\/wp-content\/uploads\/2021\/02\/Cientificas-aragonesas-11feb2021-Made-in-Zaragoza-67-200x300.jpg 200w, https:\/\/madeinzaragoza.es\/blog\/wp-content\/uploads\/2021\/02\/Cientificas-aragonesas-11feb2021-Made-in-Zaragoza-67-768x1152.jpg 768w, https:\/\/madeinzaragoza.es\/blog\/wp-content\/uploads\/2021\/02\/Cientificas-aragonesas-11feb2021-Made-in-Zaragoza-67.jpg 1024w\" sizes=\"(max-width: 709px) 85vw, (max-width: 909px) 67vw, (max-width: 984px) 61vw, (max-width: 1362px) 45vw, 600px\" \/><\/figure><\/li><li class=\"blocks-gallery-item\"><figure><img loading=\"lazy\" decoding=\"async\" width=\"1024\" height=\"1024\" src=\"http:\/\/madeinzaragoza.es\/blog\/wp-content\/uploads\/2021\/02\/11F2021Casamayor-1024x1024.jpg\" alt=\"\" data-id=\"30901\" data-full-url=\"http:\/\/madeinzaragoza.es\/blog\/wp-content\/uploads\/2021\/02\/11F2021Casamayor.jpg\" data-link=\"http:\/\/madeinzaragoza.es\/blog\/?attachment_id=30901\" class=\"wp-image-30901\" srcset=\"https:\/\/madeinzaragoza.es\/blog\/wp-content\/uploads\/2021\/02\/11F2021Casamayor-1024x1024.jpg 1024w, https:\/\/madeinzaragoza.es\/blog\/wp-content\/uploads\/2021\/02\/11F2021Casamayor-300x300.jpg 300w, https:\/\/madeinzaragoza.es\/blog\/wp-content\/uploads\/2021\/02\/11F2021Casamayor-150x150.jpg 150w, https:\/\/madeinzaragoza.es\/blog\/wp-content\/uploads\/2021\/02\/11F2021Casamayor-768x768.jpg 768w, https:\/\/madeinzaragoza.es\/blog\/wp-content\/uploads\/2021\/02\/11F2021Casamayor.jpg 1134w\" sizes=\"(max-width: 709px) 85vw, (max-width: 909px) 67vw, (max-width: 1362px) 62vw, 840px\" \/><\/figure><\/li><li class=\"blocks-gallery-item\"><figure><img loading=\"lazy\" decoding=\"async\" width=\"1024\" height=\"683\" src=\"http:\/\/madeinzaragoza.es\/blog\/wp-content\/uploads\/2021\/02\/Cientificas-aragonesas-11feb2021-Made-in-Zaragoza-70.jpg\" alt=\"\" data-id=\"30900\" data-link=\"http:\/\/madeinzaragoza.es\/blog\/?attachment_id=30900\" class=\"wp-image-30900\" srcset=\"https:\/\/madeinzaragoza.es\/blog\/wp-content\/uploads\/2021\/02\/Cientificas-aragonesas-11feb2021-Made-in-Zaragoza-70.jpg 1024w, https:\/\/madeinzaragoza.es\/blog\/wp-content\/uploads\/2021\/02\/Cientificas-aragonesas-11feb2021-Made-in-Zaragoza-70-300x200.jpg 300w, https:\/\/madeinzaragoza.es\/blog\/wp-content\/uploads\/2021\/02\/Cientificas-aragonesas-11feb2021-Made-in-Zaragoza-70-768x512.jpg 768w\" sizes=\"(max-width: 709px) 85vw, (max-width: 909px) 67vw, (max-width: 1362px) 62vw, 840px\" \/><\/figure><\/li><\/ul><\/figure>\n\n\n\n<div style=\"height:100px\" aria-hidden=\"true\" class=\"wp-block-spacer\"><\/div>\n\n\n\n<h2 class=\"wp-block-heading\">ALEJANDRA VICENTE DE VERA, la ge\u00f3loga que estudia el Pirineo<\/h2>\n\n\n\n<h3 class=\"wp-block-heading\"><strong>Cal\u00edope Cosm\u00e9tica<\/strong> (C\/ Mariano Royo Urieta, 14)<\/h3>\n\n\n\n<div style=\"height:30px\" aria-hidden=\"true\" class=\"wp-block-spacer\"><\/div>\n\n\n\n<p>Cambiamos de direcci\u00f3n y nos vamos hacia la zona de la Universidad. Al inicio de Gran V\u00eda paramos a cuidar y dar un toque de color a nuestra piel en <strong>Cal\u00edope<\/strong>, que estos d\u00edas adem\u00e1s de los productos de cosm\u00e9tica m\u00e1s selectos tiene un escaparate muy especial. Est\u00e1 dedicado a ge\u00f3loga ambiental <strong>Alejandra Vicente de Vera<\/strong>, que desde ni\u00f1a le ha fascinado saber c\u00f3mo se ha formado el planeta Tierra. Actualmente, investiga en el Instituto Pirenaico de Ecolog\u00eda (IPE) nada menos que la evoluci\u00f3n de los \u00faltimos 2000 a\u00f1os de algunos ibones del Pirineo Aragon\u00e9s. Ella misma ha bautizado a su grupo de investigaci\u00f3n como \u00ab<em>PaleoIPE<\/em>\u00ab.<\/p>\n\n\n\n<figure class=\"wp-block-gallery columns-1 is-cropped wp-block-gallery-9 is-layout-flex wp-block-gallery-is-layout-flex\"><ul class=\"blocks-gallery-grid\"><li class=\"blocks-gallery-item\"><figure><img loading=\"lazy\" decoding=\"async\" width=\"1024\" height=\"1024\" src=\"http:\/\/madeinzaragoza.es\/blog\/wp-content\/uploads\/2021\/02\/Caliope-1024x1024.jpg\" alt=\"\" data-id=\"30903\" data-full-url=\"http:\/\/madeinzaragoza.es\/blog\/wp-content\/uploads\/2021\/02\/Caliope.jpg\" data-link=\"http:\/\/madeinzaragoza.es\/blog\/?attachment_id=30903\" class=\"wp-image-30903\" srcset=\"https:\/\/madeinzaragoza.es\/blog\/wp-content\/uploads\/2021\/02\/Caliope-1024x1024.jpg 1024w, https:\/\/madeinzaragoza.es\/blog\/wp-content\/uploads\/2021\/02\/Caliope-300x300.jpg 300w, https:\/\/madeinzaragoza.es\/blog\/wp-content\/uploads\/2021\/02\/Caliope-150x150.jpg 150w, https:\/\/madeinzaragoza.es\/blog\/wp-content\/uploads\/2021\/02\/Caliope-768x768.jpg 768w, https:\/\/madeinzaragoza.es\/blog\/wp-content\/uploads\/2021\/02\/Caliope.jpg 1080w\" sizes=\"(max-width: 709px) 85vw, (max-width: 909px) 67vw, (max-width: 1362px) 62vw, 840px\" \/><\/figure><\/li><li class=\"blocks-gallery-item\"><figure><img loading=\"lazy\" decoding=\"async\" width=\"612\" height=\"612\" src=\"http:\/\/madeinzaragoza.es\/blog\/wp-content\/uploads\/2021\/02\/Alejandra-Viceente-de-Vera.jpg\" alt=\"\" data-id=\"30902\" data-full-url=\"http:\/\/madeinzaragoza.es\/blog\/wp-content\/uploads\/2021\/02\/Alejandra-Viceente-de-Vera.jpg\" data-link=\"http:\/\/madeinzaragoza.es\/blog\/?attachment_id=30902\" class=\"wp-image-30902\" srcset=\"https:\/\/madeinzaragoza.es\/blog\/wp-content\/uploads\/2021\/02\/Alejandra-Viceente-de-Vera.jpg 612w, https:\/\/madeinzaragoza.es\/blog\/wp-content\/uploads\/2021\/02\/Alejandra-Viceente-de-Vera-300x300.jpg 300w, https:\/\/madeinzaragoza.es\/blog\/wp-content\/uploads\/2021\/02\/Alejandra-Viceente-de-Vera-150x150.jpg 150w\" sizes=\"(max-width: 709px) 85vw, (max-width: 909px) 67vw, (max-width: 984px) 61vw, (max-width: 1362px) 45vw, 600px\" \/><\/figure><\/li><\/ul><\/figure>\n\n\n\n<div style=\"height:100px\" aria-hidden=\"true\" class=\"wp-block-spacer\"><\/div>\n\n\n\n<h2 class=\"wp-block-heading\">ROSA MONGE, la vida en chip<\/h2>\n\n\n\n<h3 class=\"wp-block-heading\"><strong><a href=\"http:\/\/madeinzaragoza.es\/comercio\/serendipia\/\" target=\"_blank\" rel=\"noreferrer noopener\">Serendipia<\/a><\/strong> (C\/ Bernardo Fita 23 )<\/h3>\n\n\n\n<div style=\"height:30px\" aria-hidden=\"true\" class=\"wp-block-spacer\"><\/div>\n\n\n\n<p>Si cruzamos Gran V\u00eda hasta Cortes de Arag\u00f3n, en una esquina preciosa encontraremos la coqueta tienda de ropa <strong><a href=\"http:\/\/madeinzaragoza.es\/comercio\/serendipia\/\" target=\"_blank\" rel=\"noreferrer noopener\">Serendipia<\/a><\/strong>, especializada en handmade, reciclaje y materiales org\u00e1nicos. Una de las mayores fans de esta tienda es justamente la ingeniera mec\u00e1nica <strong>Rosa Monge<\/strong> a la que estos d\u00edas est\u00e1 dedicado el escaparate, obra de la ilustradora Jenni K\u00e4rn\u00e4-Escalante (<a href=\"https:\/\/www.facebook.com\/Jenkastudio-110985622293574\/?__cft__%5B0%5D=AZXB1Jrzn2UQTrpzRrBmIMDlQuXgoJFW-RRIM3585FEB1o4fWama9qfAqckk9RDzlra3CJuOIgAlhMQLg-N4tL3oJaX8A7RhJpRQJPwQ5B7iaHCugq3fFNc6gg8O2etQQW5pVIYw5PBfcaqc7_17F6laKn8xMy4U77QeyV2t8pTE2lVj4RDQ8fq9VHlSQSv6G3k&amp;__tn__=kK-R\" target=\"_blank\" rel=\"noreferrer noopener\">Jenkastudio<\/a>) . <\/p>\n\n\n\n<p>Rosa Monge es una de las cofundadoras de Beonchip, empresa que se dedica a dise\u00f1ar chips y soportes microfluidicos: \u201clos productos que fabricamos permiten reproducir el entorno en el que viven las c\u00e9lulas dentro del cuerpo y pueden utilizarse para experimentaci\u00f3n y ensayos de f\u00e1rmacos sin necesidad de usar animales\u201d. En 2017 recibi\u00f3 el Premio Tercer Milenio en la categor\u00eda de Joven Talento Investigador, y fue reconocida por el MIT (Instituto de Tecnolog\u00eda de Masachusetts), como uno de los 10 talentos menores de 35 a\u00f1os.<\/p>\n\n\n\n<p>Pero aunque su trayectoria profesional  es brillante (el MIT est\u00e1 catalogado mundialmente como el mejor en tecnolog\u00eda), por encima de reconocimientos y m\u00e9ritos, cabe destacar la humildad de esta vecina del barrio zaragozano de Las Fuentes.<\/p>\n\n\n\n<figure class=\"wp-block-gallery columns-2 is-cropped wp-block-gallery-10 is-layout-flex wp-block-gallery-is-layout-flex\"><ul class=\"blocks-gallery-grid\"><li class=\"blocks-gallery-item\"><figure><img loading=\"lazy\" decoding=\"async\" width=\"400\" height=\"400\" src=\"http:\/\/madeinzaragoza.es\/blog\/wp-content\/uploads\/2021\/02\/serendipia-5.png\" alt=\"\" data-id=\"30907\" data-full-url=\"http:\/\/madeinzaragoza.es\/blog\/wp-content\/uploads\/2021\/02\/serendipia-5.png\" data-link=\"http:\/\/madeinzaragoza.es\/blog\/?attachment_id=30907\" class=\"wp-image-30907\" srcset=\"https:\/\/madeinzaragoza.es\/blog\/wp-content\/uploads\/2021\/02\/serendipia-5.png 400w, https:\/\/madeinzaragoza.es\/blog\/wp-content\/uploads\/2021\/02\/serendipia-5-300x300.png 300w, https:\/\/madeinzaragoza.es\/blog\/wp-content\/uploads\/2021\/02\/serendipia-5-150x150.png 150w\" sizes=\"(max-width: 400px) 85vw, 400px\" \/><\/figure><\/li><li class=\"blocks-gallery-item\"><figure><img loading=\"lazy\" decoding=\"async\" width=\"683\" height=\"1024\" src=\"http:\/\/madeinzaragoza.es\/blog\/wp-content\/uploads\/2021\/02\/Cientificas-aragonesas-11feb2021-Made-in-Zaragoza-49-683x1024.jpg\" alt=\"\" data-id=\"30904\" data-full-url=\"http:\/\/madeinzaragoza.es\/blog\/wp-content\/uploads\/2021\/02\/Cientificas-aragonesas-11feb2021-Made-in-Zaragoza-49.jpg\" data-link=\"http:\/\/madeinzaragoza.es\/blog\/?attachment_id=30904\" class=\"wp-image-30904\" srcset=\"https:\/\/madeinzaragoza.es\/blog\/wp-content\/uploads\/2021\/02\/Cientificas-aragonesas-11feb2021-Made-in-Zaragoza-49-683x1024.jpg 683w, https:\/\/madeinzaragoza.es\/blog\/wp-content\/uploads\/2021\/02\/Cientificas-aragonesas-11feb2021-Made-in-Zaragoza-49-200x300.jpg 200w, https:\/\/madeinzaragoza.es\/blog\/wp-content\/uploads\/2021\/02\/Cientificas-aragonesas-11feb2021-Made-in-Zaragoza-49-768x1152.jpg 768w, https:\/\/madeinzaragoza.es\/blog\/wp-content\/uploads\/2021\/02\/Cientificas-aragonesas-11feb2021-Made-in-Zaragoza-49.jpg 1024w\" sizes=\"(max-width: 709px) 85vw, (max-width: 909px) 67vw, (max-width: 984px) 61vw, (max-width: 1362px) 45vw, 600px\" \/><\/figure><\/li><li class=\"blocks-gallery-item\"><figure><img loading=\"lazy\" decoding=\"async\" width=\"683\" height=\"1024\" src=\"http:\/\/madeinzaragoza.es\/blog\/wp-content\/uploads\/2021\/02\/Cientificas-aragonesas-11feb2021-Made-in-Zaragoza-50-683x1024.jpg\" alt=\"\" data-id=\"30908\" data-full-url=\"http:\/\/madeinzaragoza.es\/blog\/wp-content\/uploads\/2021\/02\/Cientificas-aragonesas-11feb2021-Made-in-Zaragoza-50.jpg\" data-link=\"http:\/\/madeinzaragoza.es\/blog\/?attachment_id=30908\" class=\"wp-image-30908\" srcset=\"https:\/\/madeinzaragoza.es\/blog\/wp-content\/uploads\/2021\/02\/Cientificas-aragonesas-11feb2021-Made-in-Zaragoza-50-683x1024.jpg 683w, https:\/\/madeinzaragoza.es\/blog\/wp-content\/uploads\/2021\/02\/Cientificas-aragonesas-11feb2021-Made-in-Zaragoza-50-200x300.jpg 200w, https:\/\/madeinzaragoza.es\/blog\/wp-content\/uploads\/2021\/02\/Cientificas-aragonesas-11feb2021-Made-in-Zaragoza-50-768x1152.jpg 768w, https:\/\/madeinzaragoza.es\/blog\/wp-content\/uploads\/2021\/02\/Cientificas-aragonesas-11feb2021-Made-in-Zaragoza-50.jpg 1024w\" sizes=\"(max-width: 709px) 85vw, (max-width: 909px) 67vw, (max-width: 984px) 61vw, (max-width: 1362px) 45vw, 600px\" \/><\/figure><\/li><li class=\"blocks-gallery-item\"><figure><img loading=\"lazy\" decoding=\"async\" width=\"683\" height=\"1024\" src=\"http:\/\/madeinzaragoza.es\/blog\/wp-content\/uploads\/2021\/02\/Cientificas-aragonesas-11feb2021-Made-in-Zaragoza-51-683x1024.jpg\" alt=\"\" data-id=\"30905\" data-full-url=\"http:\/\/madeinzaragoza.es\/blog\/wp-content\/uploads\/2021\/02\/Cientificas-aragonesas-11feb2021-Made-in-Zaragoza-51.jpg\" data-link=\"http:\/\/madeinzaragoza.es\/blog\/?attachment_id=30905\" class=\"wp-image-30905\" srcset=\"https:\/\/madeinzaragoza.es\/blog\/wp-content\/uploads\/2021\/02\/Cientificas-aragonesas-11feb2021-Made-in-Zaragoza-51-683x1024.jpg 683w, https:\/\/madeinzaragoza.es\/blog\/wp-content\/uploads\/2021\/02\/Cientificas-aragonesas-11feb2021-Made-in-Zaragoza-51-200x300.jpg 200w, https:\/\/madeinzaragoza.es\/blog\/wp-content\/uploads\/2021\/02\/Cientificas-aragonesas-11feb2021-Made-in-Zaragoza-51-768x1152.jpg 768w, https:\/\/madeinzaragoza.es\/blog\/wp-content\/uploads\/2021\/02\/Cientificas-aragonesas-11feb2021-Made-in-Zaragoza-51.jpg 1024w\" sizes=\"(max-width: 709px) 85vw, (max-width: 909px) 67vw, (max-width: 984px) 61vw, (max-width: 1362px) 45vw, 600px\" \/><\/figure><\/li><li class=\"blocks-gallery-item\"><figure><img loading=\"lazy\" decoding=\"async\" width=\"1024\" height=\"683\" src=\"http:\/\/madeinzaragoza.es\/blog\/wp-content\/uploads\/2021\/02\/Cientificas-aragonesas-11feb2021-Made-in-Zaragoza-47.jpg\" alt=\"\" data-id=\"30906\" data-full-url=\"http:\/\/madeinzaragoza.es\/blog\/wp-content\/uploads\/2021\/02\/Cientificas-aragonesas-11feb2021-Made-in-Zaragoza-47.jpg\" data-link=\"http:\/\/madeinzaragoza.es\/blog\/?attachment_id=30906\" class=\"wp-image-30906\" srcset=\"https:\/\/madeinzaragoza.es\/blog\/wp-content\/uploads\/2021\/02\/Cientificas-aragonesas-11feb2021-Made-in-Zaragoza-47.jpg 1024w, https:\/\/madeinzaragoza.es\/blog\/wp-content\/uploads\/2021\/02\/Cientificas-aragonesas-11feb2021-Made-in-Zaragoza-47-300x200.jpg 300w, https:\/\/madeinzaragoza.es\/blog\/wp-content\/uploads\/2021\/02\/Cientificas-aragonesas-11feb2021-Made-in-Zaragoza-47-768x512.jpg 768w\" sizes=\"(max-width: 709px) 85vw, (max-width: 909px) 67vw, (max-width: 1362px) 62vw, 840px\" \/><\/figure><\/li><\/ul><\/figure>\n\n\n\n<div style=\"height:100px\" aria-hidden=\"true\" class=\"wp-block-spacer\"><\/div>\n\n\n\n<h2 class=\"wp-block-heading\">ITA-INNOVA, Centro de referencia en innovaci\u00f3n e investigaci\u00f3n tecnol\u00f3gica de Arag\u00f3n<\/h2>\n\n\n\n<h3 class=\"wp-block-heading\"><strong><a href=\"http:\/\/madeinzaragoza.es\/comercio\/le-damos-la-vuelta-universidad\/\" target=\"_blank\" rel=\"noreferrer noopener\">Le damos la vuelta<\/a><\/strong> (C\/ El Carmen 16 )<\/h3>\n\n\n\n<p>Muy cerquita se encuentra uno de los locales de <strong><a href=\"http:\/\/madeinzaragoza.es\/comercio\/le-damos-la-vuelta-universidad\/\" target=\"_blank\" rel=\"noreferrer noopener\">Le damos la vuelta<\/a><\/strong>,  la empresa social sin \u00e1nimo de lucro que se dedica en nuestra ciudad a la recogida, restauraci\u00f3n, venta de art\u00edculos infantiles y entrega social. Su escaparate est\u00e1 dedicado a tres de las integrantes del ITA-INNOVA, Centro de referencia en innovaci\u00f3n e investigaci\u00f3n tecnol\u00f3gica de Arag\u00f3n.<\/p>\n\n\n\n<p><strong>Esther Borao<\/strong> es la Directora del Instituto Tecnol\u00f3gico de Arag\u00f3n ITAINNOVA. Esta joven gallurana es Ingeniera Industrial especializada en rob\u00f3tica y su pasi\u00f3n por la tecnolog\u00eda, la innovaci\u00f3n y la educaci\u00f3n le han llevado a ser una de los 30 j\u00f3venes l\u00edderes de Europa y \u00c1frica. En los inicios de la pandemia fue la impulsora del grupo Coronamakers, que revolucion\u00f3 el pa\u00eds con esta iniciativa de solidaridad y de colaboraci\u00f3n. Su perfil profesional es un ejemplo para las futuras generaciones de ingenieras.<\/p>\n\n\n\n<p><strong>Carolina Benito <\/strong>es ingeniera de Telecomunicaciones por la Universidad de Zaragoza y actualmente es la responsable del grupo de Servicios Inform\u00e1ticos de ITAINNOVA. Adem\u00e1s es la impulsora de las actividades relacionadas con el 11F dentro del Instituto Tecnol\u00f3gico de Arag\u00f3n.<\/p>\n\n\n\n<p><strong>Lourdes Buisan<\/strong> oriunda de Plan (Husesca) es la responsable de la Comunicaci\u00f3n del Instituto Tecnol\u00f3gico de Arag\u00f3n ITAINNOVA. Ha trabajado en agencias, radio y prensa diaria y especializada como Arag\u00f3n Investiga. Destaca su colaboraci\u00f3n en diversas iniciativas, especialmente, en las vinculadas con la difusi\u00f3n de la ciencia y tecnolog\u00eda. Y por supuesto, da soporte a la divulgaci\u00f3n de la actividad del centro tecnol\u00f3gico en el 11F.<\/p>\n\n\n\n<div style=\"height:30px\" aria-hidden=\"true\" class=\"wp-block-spacer\"><\/div>\n\n\n\n<figure class=\"wp-block-gallery columns-2 is-cropped wp-block-gallery-11 is-layout-flex wp-block-gallery-is-layout-flex\"><ul class=\"blocks-gallery-grid\"><li class=\"blocks-gallery-item\"><figure><img loading=\"lazy\" decoding=\"async\" width=\"1024\" height=\"682\" src=\"http:\/\/madeinzaragoza.es\/blog\/wp-content\/uploads\/2021\/02\/esther-borao-1024x682.jpg\" alt=\"\" data-id=\"30930\" data-full-url=\"http:\/\/madeinzaragoza.es\/blog\/wp-content\/uploads\/2021\/02\/esther-borao.jpg\" data-link=\"http:\/\/madeinzaragoza.es\/blog\/?attachment_id=30930\" class=\"wp-image-30930\" srcset=\"https:\/\/madeinzaragoza.es\/blog\/wp-content\/uploads\/2021\/02\/esther-borao-1024x682.jpg 1024w, https:\/\/madeinzaragoza.es\/blog\/wp-content\/uploads\/2021\/02\/esther-borao-300x200.jpg 300w, https:\/\/madeinzaragoza.es\/blog\/wp-content\/uploads\/2021\/02\/esther-borao-768x512.jpg 768w, https:\/\/madeinzaragoza.es\/blog\/wp-content\/uploads\/2021\/02\/esther-borao.jpg 1169w\" sizes=\"(max-width: 709px) 85vw, (max-width: 909px) 67vw, (max-width: 1362px) 62vw, 840px\" \/><\/figure><\/li><li class=\"blocks-gallery-item\"><figure><img loading=\"lazy\" decoding=\"async\" width=\"768\" height=\"1024\" src=\"http:\/\/madeinzaragoza.es\/blog\/wp-content\/uploads\/2021\/02\/carolina-benito-768x1024.jpg\" alt=\"\" data-id=\"30931\" data-full-url=\"http:\/\/madeinzaragoza.es\/blog\/wp-content\/uploads\/2021\/02\/carolina-benito.jpg\" data-link=\"http:\/\/madeinzaragoza.es\/blog\/?attachment_id=30931\" class=\"wp-image-30931\" srcset=\"https:\/\/madeinzaragoza.es\/blog\/wp-content\/uploads\/2021\/02\/carolina-benito-768x1024.jpg 768w, https:\/\/madeinzaragoza.es\/blog\/wp-content\/uploads\/2021\/02\/carolina-benito-225x300.jpg 225w, https:\/\/madeinzaragoza.es\/blog\/wp-content\/uploads\/2021\/02\/carolina-benito.jpg 825w\" sizes=\"(max-width: 709px) 85vw, (max-width: 909px) 67vw, (max-width: 984px) 61vw, (max-width: 1362px) 45vw, 600px\" \/><\/figure><\/li><li class=\"blocks-gallery-item\"><figure><img loading=\"lazy\" decoding=\"async\" width=\"1024\" height=\"767\" src=\"http:\/\/madeinzaragoza.es\/blog\/wp-content\/uploads\/2021\/02\/lourdes-buisan-1024x767.jpg\" alt=\"\" data-id=\"30932\" data-full-url=\"http:\/\/madeinzaragoza.es\/blog\/wp-content\/uploads\/2021\/02\/lourdes-buisan.jpg\" data-link=\"http:\/\/madeinzaragoza.es\/blog\/?attachment_id=30932\" class=\"wp-image-30932\" srcset=\"https:\/\/madeinzaragoza.es\/blog\/wp-content\/uploads\/2021\/02\/lourdes-buisan-1024x767.jpg 1024w, https:\/\/madeinzaragoza.es\/blog\/wp-content\/uploads\/2021\/02\/lourdes-buisan-300x225.jpg 300w, https:\/\/madeinzaragoza.es\/blog\/wp-content\/uploads\/2021\/02\/lourdes-buisan-768x576.jpg 768w, https:\/\/madeinzaragoza.es\/blog\/wp-content\/uploads\/2021\/02\/lourdes-buisan.jpg 1181w\" sizes=\"(max-width: 709px) 85vw, (max-width: 909px) 67vw, (max-width: 1362px) 62vw, 840px\" \/><\/figure><\/li><li class=\"blocks-gallery-item\"><figure><img loading=\"lazy\" decoding=\"async\" width=\"768\" height=\"1024\" src=\"http:\/\/madeinzaragoza.es\/blog\/wp-content\/uploads\/2021\/02\/WhatsApp-Image-2021-02-11-at-12.47.48-1-768x1024.jpeg\" alt=\"\" data-id=\"30927\" data-full-url=\"http:\/\/madeinzaragoza.es\/blog\/wp-content\/uploads\/2021\/02\/WhatsApp-Image-2021-02-11-at-12.47.48-1.jpeg\" data-link=\"http:\/\/madeinzaragoza.es\/blog\/?attachment_id=30927\" class=\"wp-image-30927\" srcset=\"https:\/\/madeinzaragoza.es\/blog\/wp-content\/uploads\/2021\/02\/WhatsApp-Image-2021-02-11-at-12.47.48-1-768x1024.jpeg 768w, https:\/\/madeinzaragoza.es\/blog\/wp-content\/uploads\/2021\/02\/WhatsApp-Image-2021-02-11-at-12.47.48-1-225x300.jpeg 225w, https:\/\/madeinzaragoza.es\/blog\/wp-content\/uploads\/2021\/02\/WhatsApp-Image-2021-02-11-at-12.47.48-1-1152x1536.jpeg 1152w, https:\/\/madeinzaragoza.es\/blog\/wp-content\/uploads\/2021\/02\/WhatsApp-Image-2021-02-11-at-12.47.48-1.jpeg 1200w\" sizes=\"(max-width: 709px) 85vw, (max-width: 909px) 67vw, (max-width: 984px) 61vw, (max-width: 1362px) 45vw, 600px\" \/><\/figure><\/li><li class=\"blocks-gallery-item\"><figure><img loading=\"lazy\" decoding=\"async\" width=\"1024\" height=\"768\" src=\"http:\/\/madeinzaragoza.es\/blog\/wp-content\/uploads\/2021\/02\/WhatsApp-Image-2021-02-11-at-12.47.49-1024x768.jpeg\" alt=\"\" data-id=\"30929\" data-full-url=\"http:\/\/madeinzaragoza.es\/blog\/wp-content\/uploads\/2021\/02\/WhatsApp-Image-2021-02-11-at-12.47.49.jpeg\" data-link=\"http:\/\/madeinzaragoza.es\/blog\/?attachment_id=30929\" class=\"wp-image-30929\" srcset=\"https:\/\/madeinzaragoza.es\/blog\/wp-content\/uploads\/2021\/02\/WhatsApp-Image-2021-02-11-at-12.47.49-1024x768.jpeg 1024w, https:\/\/madeinzaragoza.es\/blog\/wp-content\/uploads\/2021\/02\/WhatsApp-Image-2021-02-11-at-12.47.49-300x225.jpeg 300w, https:\/\/madeinzaragoza.es\/blog\/wp-content\/uploads\/2021\/02\/WhatsApp-Image-2021-02-11-at-12.47.49-768x576.jpeg 768w, https:\/\/madeinzaragoza.es\/blog\/wp-content\/uploads\/2021\/02\/WhatsApp-Image-2021-02-11-at-12.47.49-1536x1152.jpeg 1536w, https:\/\/madeinzaragoza.es\/blog\/wp-content\/uploads\/2021\/02\/WhatsApp-Image-2021-02-11-at-12.47.49-1200x900.jpeg 1200w, https:\/\/madeinzaragoza.es\/blog\/wp-content\/uploads\/2021\/02\/WhatsApp-Image-2021-02-11-at-12.47.49.jpeg 1600w\" sizes=\"(max-width: 709px) 85vw, (max-width: 909px) 67vw, (max-width: 1362px) 62vw, 840px\" \/><\/figure><\/li><\/ul><figcaption class=\"blocks-gallery-caption\">ITA-INNOVA Coronamakers<\/figcaption><\/figure>\n\n\n\n<div style=\"height:100px\" aria-hidden=\"true\" class=\"wp-block-spacer\"><\/div>\n\n\n\n<h2 class=\"wp-block-heading\">ANA BELL\u00c9S BELL\u00c9S<\/h2>\n\n\n\n<h3 class=\"wp-block-heading\"><strong><a href=\"http:\/\/madeinzaragoza.es\/comercio\/el-colmado-con-luz-y-alma\/\" target=\"_blank\" rel=\"noreferrer noopener\" class=\"broken_link\">El colmado con luz y alma<\/a><\/strong> (C\/ El Carmen 24 )<\/h3>\n\n\n\n<div style=\"height:30px\" aria-hidden=\"true\" class=\"wp-block-spacer\"><\/div>\n\n\n\n<p>A pocos pasos tenemos nuestra pen\u00faltima parada, la tienda de productos naturales y ecol\u00f3gicos a granel <strong><a href=\"http:\/\/madeinzaragoza.es\/comercio\/el-colmado-con-luz-y-alma\/\" target=\"_blank\" rel=\"noreferrer noopener\" class=\"broken_link\">El colmado con luz y alma<\/a><\/strong>. Su precioso escaparate est\u00e1 dedicado a <strong>Ana Bell\u00e9s Bell\u00e9s<\/strong>. Esta farmac\u00e9utica especialista en Microbiolog\u00eda y Parasitolog\u00eda cl\u00ednica de Albalate de Cinca, ejerce su profesi\u00f3n en el Hospital de Lleida, donde con la llegada de la pandemia ha sido la encargada de gestionar y coordinar todas las pruebas PCR y serolog\u00edas del centro. <\/p>\n\n\n\n<p>Es una enamorada de la microbiolog\u00eda y continuamente sigue investigando sobre todo en resistencia de antibi\u00f3ticos , un tema que cada vez es m\u00e1s preocupante a nivel mundial.<\/p>\n\n\n\n<figure class=\"wp-block-gallery columns-0 is-cropped wp-block-gallery-12 is-layout-flex wp-block-gallery-is-layout-flex\"><ul class=\"blocks-gallery-grid\"><li class=\"blocks-gallery-item\"><figure><img loading=\"lazy\" decoding=\"async\" width=\"683\" height=\"1024\" src=\"http:\/\/madeinzaragoza.es\/blog\/wp-content\/uploads\/2021\/02\/Cientificas-aragonesas-11feb2021-Made-in-Zaragoza-42-683x1024.jpg\" alt=\"\" data-id=\"30909\" data-link=\"http:\/\/madeinzaragoza.es\/blog\/?attachment_id=30909\" class=\"wp-image-30909\" srcset=\"https:\/\/madeinzaragoza.es\/blog\/wp-content\/uploads\/2021\/02\/Cientificas-aragonesas-11feb2021-Made-in-Zaragoza-42-683x1024.jpg 683w, https:\/\/madeinzaragoza.es\/blog\/wp-content\/uploads\/2021\/02\/Cientificas-aragonesas-11feb2021-Made-in-Zaragoza-42-200x300.jpg 200w, https:\/\/madeinzaragoza.es\/blog\/wp-content\/uploads\/2021\/02\/Cientificas-aragonesas-11feb2021-Made-in-Zaragoza-42-768x1152.jpg 768w, https:\/\/madeinzaragoza.es\/blog\/wp-content\/uploads\/2021\/02\/Cientificas-aragonesas-11feb2021-Made-in-Zaragoza-42.jpg 1024w\" sizes=\"(max-width: 709px) 85vw, (max-width: 909px) 67vw, (max-width: 984px) 61vw, (max-width: 1362px) 45vw, 600px\" \/><\/figure><\/li><li class=\"blocks-gallery-item\"><figure><img loading=\"lazy\" decoding=\"async\" width=\"599\" height=\"1024\" src=\"http:\/\/madeinzaragoza.es\/blog\/wp-content\/uploads\/2021\/02\/ana-belles-belles-599x1024.jpg\" alt=\"\" data-id=\"30913\" data-link=\"http:\/\/madeinzaragoza.es\/blog\/?attachment_id=30913\" class=\"wp-image-30913\" srcset=\"https:\/\/madeinzaragoza.es\/blog\/wp-content\/uploads\/2021\/02\/ana-belles-belles-599x1024.jpg 599w, https:\/\/madeinzaragoza.es\/blog\/wp-content\/uploads\/2021\/02\/ana-belles-belles-175x300.jpg 175w, https:\/\/madeinzaragoza.es\/blog\/wp-content\/uploads\/2021\/02\/ana-belles-belles.jpg 605w\" sizes=\"(max-width: 599px) 85vw, 599px\" \/><\/figure><\/li><li class=\"blocks-gallery-item\"><figure><img loading=\"lazy\" decoding=\"async\" width=\"1024\" height=\"683\" src=\"http:\/\/madeinzaragoza.es\/blog\/wp-content\/uploads\/2021\/02\/Cientificas-aragonesas-11feb2021-Made-in-Zaragoza-46.jpg\" alt=\"\" data-id=\"30914\" data-full-url=\"http:\/\/madeinzaragoza.es\/blog\/wp-content\/uploads\/2021\/02\/Cientificas-aragonesas-11feb2021-Made-in-Zaragoza-46.jpg\" data-link=\"http:\/\/madeinzaragoza.es\/blog\/?attachment_id=30914\" class=\"wp-image-30914\" srcset=\"https:\/\/madeinzaragoza.es\/blog\/wp-content\/uploads\/2021\/02\/Cientificas-aragonesas-11feb2021-Made-in-Zaragoza-46.jpg 1024w, https:\/\/madeinzaragoza.es\/blog\/wp-content\/uploads\/2021\/02\/Cientificas-aragonesas-11feb2021-Made-in-Zaragoza-46-300x200.jpg 300w, https:\/\/madeinzaragoza.es\/blog\/wp-content\/uploads\/2021\/02\/Cientificas-aragonesas-11feb2021-Made-in-Zaragoza-46-768x512.jpg 768w\" sizes=\"(max-width: 709px) 85vw, (max-width: 909px) 67vw, (max-width: 1362px) 62vw, 840px\" \/><\/figure><\/li><\/ul><\/figure>\n\n\n\n<div style=\"height:100px\" aria-hidden=\"true\" class=\"wp-block-spacer\"><\/div>\n\n\n\n<h2 class=\"wp-block-heading\">EVA TEJEDOR y los estudios de la trufa<\/h2>\n\n\n\n<h3 class=\"wp-block-heading\"><strong><a href=\"http:\/\/madeinzaragoza.es\/comercio\/111-quesos\/\" target=\"_blank\" rel=\"noreferrer noopener\">111 Quesos<\/a><\/strong> (C\/ Cortes de Arag\u00f3n 59)<\/h3>\n\n\n\n<div style=\"height:30px\" aria-hidden=\"true\" class=\"wp-block-spacer\"><\/div>\n\n\n\n<p>Y por \u00faltimo, como ratoncillos hambrientos, llegamos al escaparate de <strong><a href=\"http:\/\/madeinzaragoza.es\/comercio\/111-quesos\/\" target=\"_blank\" rel=\"noreferrer noopener\">111 Quesos<\/a><\/strong>, dedicado a una de nuestras m\u00e1s j\u00f3venes cient\u00edficas. <strong>Eva Tejedor<\/strong> tuvo claro desde muy peque\u00f1a que lo suyo era la investigaci\u00f3n, entender c\u00f3mo funciona el mundo. Estudi\u00f3 el Grado en Ciencia y Tecnolog\u00eda de los Alimentos, enfocando sus pr\u00e1cticas al estudio de la trufa. Ah\u00ed comenz\u00f3 un idilio que le llevar\u00eda a dedicar su trabajo de fin de Grado y de M\u00e1ster a la trufa. Pero no conforme con ello, ha decidido dedicarle a este alimento tambi\u00e9n su tesis doctoral, por eso actualmente sigue realizando investigaciones sobre la trufa en el CITA (Centro de Investigaci\u00f3n y Tecnolog\u00eda Agroalimentaria de Arag\u00f3n) y en el CIAL (Instituto de Investigaci\u00f3n en Ciencias de la Alimentaci\u00f3n). <\/p>\n\n\n\n<p>A partir de ahora, cuando Idoia Aguirre tenga dudas para seleccionar alg\u00fan queso trufado para su tienda <strong><a href=\"http:\/\/madeinzaragoza.es\/comercio\/111-quesos\/\" target=\"_blank\" rel=\"noreferrer noopener\">111 Quesos<\/a><\/strong>, \u00a1ya sabemos a qui\u00e9n va a llamar!<\/p>\n\n\n\n<figure class=\"wp-block-gallery columns-0 is-cropped wp-block-gallery-13 is-layout-flex wp-block-gallery-is-layout-flex\"><ul class=\"blocks-gallery-grid\"><li class=\"blocks-gallery-item\"><figure><img loading=\"lazy\" decoding=\"async\" width=\"683\" height=\"1024\" src=\"http:\/\/madeinzaragoza.es\/blog\/wp-content\/uploads\/2021\/02\/Cientificas-aragonesas-11feb2021-Made-in-Zaragoza-40-683x1024.jpg\" alt=\"\" data-id=\"30915\" data-full-url=\"http:\/\/madeinzaragoza.es\/blog\/wp-content\/uploads\/2021\/02\/Cientificas-aragonesas-11feb2021-Made-in-Zaragoza-40.jpg\" data-link=\"http:\/\/madeinzaragoza.es\/blog\/?attachment_id=30915\" class=\"wp-image-30915\" srcset=\"https:\/\/madeinzaragoza.es\/blog\/wp-content\/uploads\/2021\/02\/Cientificas-aragonesas-11feb2021-Made-in-Zaragoza-40-683x1024.jpg 683w, https:\/\/madeinzaragoza.es\/blog\/wp-content\/uploads\/2021\/02\/Cientificas-aragonesas-11feb2021-Made-in-Zaragoza-40-200x300.jpg 200w, https:\/\/madeinzaragoza.es\/blog\/wp-content\/uploads\/2021\/02\/Cientificas-aragonesas-11feb2021-Made-in-Zaragoza-40-768x1152.jpg 768w, https:\/\/madeinzaragoza.es\/blog\/wp-content\/uploads\/2021\/02\/Cientificas-aragonesas-11feb2021-Made-in-Zaragoza-40.jpg 1024w\" sizes=\"(max-width: 709px) 85vw, (max-width: 909px) 67vw, (max-width: 984px) 61vw, (max-width: 1362px) 45vw, 600px\" \/><\/figure><\/li><li class=\"blocks-gallery-item\"><figure><img loading=\"lazy\" decoding=\"async\" width=\"683\" height=\"1024\" src=\"http:\/\/madeinzaragoza.es\/blog\/wp-content\/uploads\/2021\/02\/Cientificas-aragonesas-11feb2021-Made-in-Zaragoza-39-683x1024.jpg\" alt=\"\" data-id=\"30919\" data-full-url=\"http:\/\/madeinzaragoza.es\/blog\/wp-content\/uploads\/2021\/02\/Cientificas-aragonesas-11feb2021-Made-in-Zaragoza-39.jpg\" data-link=\"http:\/\/madeinzaragoza.es\/blog\/?attachment_id=30919\" class=\"wp-image-30919\" srcset=\"https:\/\/madeinzaragoza.es\/blog\/wp-content\/uploads\/2021\/02\/Cientificas-aragonesas-11feb2021-Made-in-Zaragoza-39-683x1024.jpg 683w, https:\/\/madeinzaragoza.es\/blog\/wp-content\/uploads\/2021\/02\/Cientificas-aragonesas-11feb2021-Made-in-Zaragoza-39-200x300.jpg 200w, https:\/\/madeinzaragoza.es\/blog\/wp-content\/uploads\/2021\/02\/Cientificas-aragonesas-11feb2021-Made-in-Zaragoza-39-768x1152.jpg 768w, https:\/\/madeinzaragoza.es\/blog\/wp-content\/uploads\/2021\/02\/Cientificas-aragonesas-11feb2021-Made-in-Zaragoza-39.jpg 1024w\" sizes=\"(max-width: 709px) 85vw, (max-width: 909px) 67vw, (max-width: 984px) 61vw, (max-width: 1362px) 45vw, 600px\" \/><\/figure><\/li><li class=\"blocks-gallery-item\"><figure><img loading=\"lazy\" decoding=\"async\" width=\"225\" height=\"225\" src=\"http:\/\/madeinzaragoza.es\/blog\/wp-content\/uploads\/2021\/02\/Eva-Tejedor.jpg\" alt=\"\" data-id=\"30918\" data-full-url=\"http:\/\/madeinzaragoza.es\/blog\/wp-content\/uploads\/2021\/02\/Eva-Tejedor.jpg\" data-link=\"http:\/\/madeinzaragoza.es\/blog\/?attachment_id=30918\" class=\"wp-image-30918\" srcset=\"https:\/\/madeinzaragoza.es\/blog\/wp-content\/uploads\/2021\/02\/Eva-Tejedor.jpg 225w, https:\/\/madeinzaragoza.es\/blog\/wp-content\/uploads\/2021\/02\/Eva-Tejedor-150x150.jpg 150w\" sizes=\"(max-width: 225px) 85vw, 225px\" \/><\/figure><\/li><li class=\"blocks-gallery-item\"><figure><img loading=\"lazy\" decoding=\"async\" width=\"1024\" height=\"683\" src=\"http:\/\/madeinzaragoza.es\/blog\/wp-content\/uploads\/2021\/02\/Cientificas-aragonesas-11feb2021-Made-in-Zaragoza-36.jpg\" alt=\"\" data-id=\"30917\" data-full-url=\"http:\/\/madeinzaragoza.es\/blog\/wp-content\/uploads\/2021\/02\/Cientificas-aragonesas-11feb2021-Made-in-Zaragoza-36.jpg\" data-link=\"http:\/\/madeinzaragoza.es\/blog\/?attachment_id=30917\" class=\"wp-image-30917\" srcset=\"https:\/\/madeinzaragoza.es\/blog\/wp-content\/uploads\/2021\/02\/Cientificas-aragonesas-11feb2021-Made-in-Zaragoza-36.jpg 1024w, https:\/\/madeinzaragoza.es\/blog\/wp-content\/uploads\/2021\/02\/Cientificas-aragonesas-11feb2021-Made-in-Zaragoza-36-300x200.jpg 300w, https:\/\/madeinzaragoza.es\/blog\/wp-content\/uploads\/2021\/02\/Cientificas-aragonesas-11feb2021-Made-in-Zaragoza-36-768x512.jpg 768w\" sizes=\"(max-width: 709px) 85vw, (max-width: 909px) 67vw, (max-width: 1362px) 62vw, 840px\" \/><\/figure><\/li><li class=\"blocks-gallery-item\"><figure><img loading=\"lazy\" decoding=\"async\" width=\"1024\" height=\"683\" src=\"http:\/\/madeinzaragoza.es\/blog\/wp-content\/uploads\/2021\/02\/Cientificas-aragonesas-11feb2021-Made-in-Zaragoza-35.jpg\" alt=\"\" data-id=\"30916\" data-full-url=\"http:\/\/madeinzaragoza.es\/blog\/wp-content\/uploads\/2021\/02\/Cientificas-aragonesas-11feb2021-Made-in-Zaragoza-35.jpg\" data-link=\"http:\/\/madeinzaragoza.es\/blog\/?attachment_id=30916\" class=\"wp-image-30916\" srcset=\"https:\/\/madeinzaragoza.es\/blog\/wp-content\/uploads\/2021\/02\/Cientificas-aragonesas-11feb2021-Made-in-Zaragoza-35.jpg 1024w, https:\/\/madeinzaragoza.es\/blog\/wp-content\/uploads\/2021\/02\/Cientificas-aragonesas-11feb2021-Made-in-Zaragoza-35-300x200.jpg 300w, https:\/\/madeinzaragoza.es\/blog\/wp-content\/uploads\/2021\/02\/Cientificas-aragonesas-11feb2021-Made-in-Zaragoza-35-768x512.jpg 768w\" sizes=\"(max-width: 709px) 85vw, (max-width: 909px) 67vw, (max-width: 1362px) 62vw, 840px\" \/><\/figure><\/li><\/ul><\/figure>\n\n\n\n<div style=\"height:100px\" aria-hidden=\"true\" class=\"wp-block-spacer\"><\/div>\n","protected":false},"excerpt":{"rendered":"<p>Estos d\u00edas los escaparates de los comercios de Made in Zaragoza se han vestido de gala para unirse de nuevo a la iniciativa ciudadana&nbsp;11deFebrero&nbsp;para&nbsp;visibilizar a las mujeres en ciencia. Estas mujeres vienen de lugares muy diversos, pero hoy vamos a destacar a las nuestras. \u00a1Vente conmigo a hacer la ruta de las cient\u00edficas aragonesas! NEREA &hellip; <a href=\"https:\/\/madeinzaragoza.es\/blog\/escaparates-11f-2021-ruta-de-las-cientificas-aragonesas\/\" class=\"more-link\">Continuar leyendo<span class=\"screen-reader-text\"> \u00abEscaparates 11F 2021: ruta de las cient\u00edficas aragonesas\u00bb<\/span><\/a><\/p>\n","protected":false},"author":58,"featured_media":30887,"comment_status":"open","ping_status":"open","sticky":false,"template":"","format":"standard","meta":{"footnotes":""},"categories":[7,8],"tags":[1693,1692,2245],"yoast_head":"<!-- This site is optimized with the Yoast SEO plugin v19.7.2 - https:\/\/yoast.com\/wordpress\/plugins\/seo\/ -->\n<title>Escaparates 11F 2021: ruta de las cient\u00edficas aragonesas - Made in Zaragoza<\/title>\n<meta name=\"description\" content=\"Estos d\u00edas los escaparates de los comercios de Made in Zaragoza se han vestido de gala para unirse de nuevo a la iniciativa ciudadana 11deFebrero para visibilizar a las mujeres en ciencia.\" \/>\n<meta name=\"robots\" content=\"index, follow, max-snippet:-1, max-image-preview:large, max-video-preview:-1\" \/>\n<link rel=\"canonical\" href=\"https:\/\/madeinzaragoza.es\/blog\/escaparates-11f-2021-ruta-de-las-cientificas-aragonesas\/\" \/>\n<meta property=\"og:locale\" content=\"es_ES\" \/>\n<meta property=\"og:type\" content=\"article\" \/>\n<meta property=\"og:title\" content=\"Escaparates 11F 2021: ruta de las cient\u00edficas aragonesas - Made in Zaragoza\" \/>\n<meta property=\"og:description\" content=\"Estos d\u00edas los escaparates de los comercios de Made in Zaragoza se han vestido de gala para unirse de nuevo a la iniciativa ciudadana 11deFebrero para visibilizar a las mujeres en ciencia.\" \/>\n<meta property=\"og:url\" content=\"https:\/\/madeinzaragoza.es\/blog\/escaparates-11f-2021-ruta-de-las-cientificas-aragonesas\/\" \/>\n<meta property=\"og:site_name\" content=\"Made in Zaragoza\" \/>\n<meta property=\"article:publisher\" content=\"https:\/\/www.facebook.com\/madeinzaragoza.es\/\" \/>\n<meta property=\"article:author\" content=\"https:\/\/www.facebook.com\/lamaletaextraviada.blog\" \/>\n<meta property=\"article:published_time\" content=\"2021-02-15T16:54:56+00:00\" \/>\n<meta property=\"article:modified_time\" content=\"2022-10-09T13:52:42+00:00\" \/>\n<meta property=\"og:image\" content=\"https:\/\/madeinzaragoza.es\/blog\/wp-content\/uploads\/2021\/02\/Cientificas-aragonesas-11feb2021-Made-in-Zaragoza-21.jpg\" \/>\n\t<meta property=\"og:image:width\" content=\"1024\" \/>\n\t<meta property=\"og:image:height\" content=\"683\" \/>\n\t<meta property=\"og:image:type\" content=\"image\/jpeg\" \/>\n<meta name=\"author\" content=\"\u00c1ngela El\u00eda Garc\u00eda\" \/>\n<meta name=\"twitter:card\" content=\"summary\" \/>\n<meta name=\"twitter:creator\" content=\"@https:\/\/twitter.com\/Lamaleta_extrav\" \/>\n<meta name=\"twitter:site\" content=\"@madeinzaragoza\" \/>\n<meta name=\"twitter:label1\" content=\"Escrito por\" \/>\n\t<meta name=\"twitter:data1\" content=\"\u00c1ngela El\u00eda Garc\u00eda\" \/>\n\t<meta name=\"twitter:label2\" content=\"Tiempo de lectura\" \/>\n\t<meta name=\"twitter:data2\" content=\"11 minutos\" \/>\n<script type=\"application\/ld+json\" class=\"yoast-schema-graph\">{\"@context\":\"https:\/\/schema.org\",\"@graph\":[{\"@type\":\"Article\",\"@id\":\"https:\/\/madeinzaragoza.es\/blog\/escaparates-11f-2021-ruta-de-las-cientificas-aragonesas\/#article\",\"isPartOf\":{\"@id\":\"https:\/\/madeinzaragoza.es\/blog\/escaparates-11f-2021-ruta-de-las-cientificas-aragonesas\/\"},\"author\":{\"name\":\"\u00c1ngela El\u00eda Garc\u00eda\",\"@id\":\"https:\/\/madeinzaragoza.es\/blog\/#\/schema\/person\/812f72c64f200079e8119956b9cf147e\"},\"headline\":\"Escaparates 11F 2021: ruta de las cient\u00edficas aragonesas\",\"datePublished\":\"2021-02-15T16:54:56+00:00\",\"dateModified\":\"2022-10-09T13:52:42+00:00\",\"mainEntityOfPage\":{\"@id\":\"https:\/\/madeinzaragoza.es\/blog\/escaparates-11f-2021-ruta-de-las-cientificas-aragonesas\/\"},\"wordCount\":2147,\"commentCount\":0,\"publisher\":{\"@id\":\"https:\/\/madeinzaragoza.es\/blog\/#organization\"},\"keywords\":[\"11 de Febrero\",\"D\u00eda de la Mujer en la Ciencia\",\"escaparates11f\"],\"articleSection\":[\"Qu\u00e9 hacer\",\"Red MIZ\"],\"inLanguage\":\"es\",\"potentialAction\":[{\"@type\":\"CommentAction\",\"name\":\"Comment\",\"target\":[\"https:\/\/madeinzaragoza.es\/blog\/escaparates-11f-2021-ruta-de-las-cientificas-aragonesas\/#respond\"]}]},{\"@type\":\"WebPage\",\"@id\":\"https:\/\/madeinzaragoza.es\/blog\/escaparates-11f-2021-ruta-de-las-cientificas-aragonesas\/\",\"url\":\"https:\/\/madeinzaragoza.es\/blog\/escaparates-11f-2021-ruta-de-las-cientificas-aragonesas\/\",\"name\":\"Escaparates 11F 2021: ruta de las cient\u00edficas aragonesas - Made in Zaragoza\",\"isPartOf\":{\"@id\":\"https:\/\/madeinzaragoza.es\/blog\/#website\"},\"datePublished\":\"2021-02-15T16:54:56+00:00\",\"dateModified\":\"2022-10-09T13:52:42+00:00\",\"description\":\"Estos d\u00edas los escaparates de los comercios de Made in Zaragoza se han vestido de gala para unirse de nuevo a la iniciativa ciudadana 11deFebrero para visibilizar a las mujeres en ciencia.\",\"breadcrumb\":{\"@id\":\"https:\/\/madeinzaragoza.es\/blog\/escaparates-11f-2021-ruta-de-las-cientificas-aragonesas\/#breadcrumb\"},\"inLanguage\":\"es\",\"potentialAction\":[{\"@type\":\"ReadAction\",\"target\":[\"https:\/\/madeinzaragoza.es\/blog\/escaparates-11f-2021-ruta-de-las-cientificas-aragonesas\/\"]}]},{\"@type\":\"BreadcrumbList\",\"@id\":\"https:\/\/madeinzaragoza.es\/blog\/escaparates-11f-2021-ruta-de-las-cientificas-aragonesas\/#breadcrumb\",\"itemListElement\":[{\"@type\":\"ListItem\",\"position\":1,\"name\":\"Portada\",\"item\":\"https:\/\/madeinzaragoza.es\/blog\/\"},{\"@type\":\"ListItem\",\"position\":2,\"name\":\"Escaparates 11F 2021: ruta de las cient\u00edficas aragonesas\"}]},{\"@type\":\"WebSite\",\"@id\":\"https:\/\/madeinzaragoza.es\/blog\/#website\",\"url\":\"https:\/\/madeinzaragoza.es\/blog\/\",\"name\":\"Made in Zaragoza\",\"description\":\"Blog de MadeinZGZ, Red de Econom\u00eda Creativa de Zaragoza\",\"publisher\":{\"@id\":\"https:\/\/madeinzaragoza.es\/blog\/#organization\"},\"potentialAction\":[{\"@type\":\"SearchAction\",\"target\":{\"@type\":\"EntryPoint\",\"urlTemplate\":\"https:\/\/madeinzaragoza.es\/blog\/?s={search_term_string}\"},\"query-input\":\"required name=search_term_string\"}],\"inLanguage\":\"es\"},{\"@type\":\"Organization\",\"@id\":\"https:\/\/madeinzaragoza.es\/blog\/#organization\",\"name\":\"Made In Zaragoza\",\"url\":\"https:\/\/madeinzaragoza.es\/blog\/\",\"sameAs\":[\"https:\/\/www.instagram.com\/madeinzaragoza.es\/\",\"https:\/\/www.facebook.com\/madeinzaragoza.es\/\",\"https:\/\/twitter.com\/madeinzaragoza\"],\"logo\":{\"@type\":\"ImageObject\",\"inLanguage\":\"es\",\"@id\":\"https:\/\/madeinzaragoza.es\/blog\/#\/schema\/logo\/image\/\",\"url\":\"https:\/\/madeinzaragoza.es\/blog\/wp-content\/uploads\/2022\/05\/logo.png\",\"contentUrl\":\"https:\/\/madeinzaragoza.es\/blog\/wp-content\/uploads\/2022\/05\/logo.png\",\"width\":193,\"height\":176,\"caption\":\"Made In Zaragoza\"},\"image\":{\"@id\":\"https:\/\/madeinzaragoza.es\/blog\/#\/schema\/logo\/image\/\"}},{\"@type\":\"Person\",\"@id\":\"https:\/\/madeinzaragoza.es\/blog\/#\/schema\/person\/812f72c64f200079e8119956b9cf147e\",\"name\":\"\u00c1ngela El\u00eda Garc\u00eda\",\"image\":{\"@type\":\"ImageObject\",\"inLanguage\":\"es\",\"@id\":\"https:\/\/madeinzaragoza.es\/blog\/#\/schema\/person\/image\/\",\"url\":\"https:\/\/secure.gravatar.com\/avatar\/0fcfcee3d7a94ba681236e8eeaabc61b?s=96&d=mm&r=g\",\"contentUrl\":\"https:\/\/secure.gravatar.com\/avatar\/0fcfcee3d7a94ba681236e8eeaabc61b?s=96&d=mm&r=g\",\"caption\":\"\u00c1ngela El\u00eda Garc\u00eda\"},\"description\":\"Profesional de la comunicaci\u00f3n y el marketing, dise\u00f1adora, loca por la fotograf\u00eda, blogger... y cualquier cosa que me de tiempo en las 24 horas que tiene el d\u00eda. Mi lema es \\\"Perderse hace que encuentres cosas incre\u00edbles\\\". Por eso yo intento perderme muy amenudo, siempre con c\u00e1mara en mano, libreta, l\u00e1piz y los ojos bien abiertos para descubrir todos esos rincones ocultos que se esconden a nuestro alrededor. \u00bfTe atreves a perderte conmigo?\",\"sameAs\":[\"http:\/\/lamaletaextraviada.com\/\",\"https:\/\/www.facebook.com\/lamaletaextraviada.blog\",\"https:\/\/twitter.com\/https:\/\/twitter.com\/Lamaleta_extrav\"],\"url\":\"https:\/\/madeinzaragoza.es\/blog\/author\/maletaextraviada\/\"}]}<\/script>\n<!-- \/ Yoast SEO plugin. -->","yoast_head_json":{"title":"Escaparates 11F 2021: ruta de las cient\u00edficas aragonesas - Made in Zaragoza","description":"Estos d\u00edas los escaparates de los comercios de Made in Zaragoza se han vestido de gala para unirse de nuevo a la iniciativa ciudadana 11deFebrero para visibilizar a las mujeres en ciencia.","robots":{"index":"index","follow":"follow","max-snippet":"max-snippet:-1","max-image-preview":"max-image-preview:large","max-video-preview":"max-video-preview:-1"},"canonical":"https:\/\/madeinzaragoza.es\/blog\/escaparates-11f-2021-ruta-de-las-cientificas-aragonesas\/","og_locale":"es_ES","og_type":"article","og_title":"Escaparates 11F 2021: ruta de las cient\u00edficas aragonesas - Made in Zaragoza","og_description":"Estos d\u00edas los escaparates de los comercios de Made in Zaragoza se han vestido de gala para unirse de nuevo a la iniciativa ciudadana 11deFebrero para visibilizar a las mujeres en ciencia.","og_url":"https:\/\/madeinzaragoza.es\/blog\/escaparates-11f-2021-ruta-de-las-cientificas-aragonesas\/","og_site_name":"Made in Zaragoza","article_publisher":"https:\/\/www.facebook.com\/madeinzaragoza.es\/","article_author":"https:\/\/www.facebook.com\/lamaletaextraviada.blog","article_published_time":"2021-02-15T16:54:56+00:00","article_modified_time":"2022-10-09T13:52:42+00:00","og_image":[{"width":1024,"height":683,"url":"https:\/\/madeinzaragoza.es\/blog\/wp-content\/uploads\/2021\/02\/Cientificas-aragonesas-11feb2021-Made-in-Zaragoza-21.jpg","type":"image\/jpeg"}],"author":"\u00c1ngela El\u00eda Garc\u00eda","twitter_card":"summary","twitter_creator":"@https:\/\/twitter.com\/Lamaleta_extrav","twitter_site":"@madeinzaragoza","twitter_misc":{"Escrito por":"\u00c1ngela El\u00eda Garc\u00eda","Tiempo de lectura":"11 minutos"},"schema":{"@context":"https:\/\/schema.org","@graph":[{"@type":"Article","@id":"https:\/\/madeinzaragoza.es\/blog\/escaparates-11f-2021-ruta-de-las-cientificas-aragonesas\/#article","isPartOf":{"@id":"https:\/\/madeinzaragoza.es\/blog\/escaparates-11f-2021-ruta-de-las-cientificas-aragonesas\/"},"author":{"name":"\u00c1ngela El\u00eda Garc\u00eda","@id":"https:\/\/madeinzaragoza.es\/blog\/#\/schema\/person\/812f72c64f200079e8119956b9cf147e"},"headline":"Escaparates 11F 2021: ruta de las cient\u00edficas aragonesas","datePublished":"2021-02-15T16:54:56+00:00","dateModified":"2022-10-09T13:52:42+00:00","mainEntityOfPage":{"@id":"https:\/\/madeinzaragoza.es\/blog\/escaparates-11f-2021-ruta-de-las-cientificas-aragonesas\/"},"wordCount":2147,"commentCount":0,"publisher":{"@id":"https:\/\/madeinzaragoza.es\/blog\/#organization"},"keywords":["11 de Febrero","D\u00eda de la Mujer en la Ciencia","escaparates11f"],"articleSection":["Qu\u00e9 hacer","Red MIZ"],"inLanguage":"es","potentialAction":[{"@type":"CommentAction","name":"Comment","target":["https:\/\/madeinzaragoza.es\/blog\/escaparates-11f-2021-ruta-de-las-cientificas-aragonesas\/#respond"]}]},{"@type":"WebPage","@id":"https:\/\/madeinzaragoza.es\/blog\/escaparates-11f-2021-ruta-de-las-cientificas-aragonesas\/","url":"https:\/\/madeinzaragoza.es\/blog\/escaparates-11f-2021-ruta-de-las-cientificas-aragonesas\/","name":"Escaparates 11F 2021: ruta de las cient\u00edficas aragonesas - Made in Zaragoza","isPartOf":{"@id":"https:\/\/madeinzaragoza.es\/blog\/#website"},"datePublished":"2021-02-15T16:54:56+00:00","dateModified":"2022-10-09T13:52:42+00:00","description":"Estos d\u00edas los escaparates de los comercios de Made in Zaragoza se han vestido de gala para unirse de nuevo a la iniciativa ciudadana 11deFebrero para visibilizar a las mujeres en ciencia.","breadcrumb":{"@id":"https:\/\/madeinzaragoza.es\/blog\/escaparates-11f-2021-ruta-de-las-cientificas-aragonesas\/#breadcrumb"},"inLanguage":"es","potentialAction":[{"@type":"ReadAction","target":["https:\/\/madeinzaragoza.es\/blog\/escaparates-11f-2021-ruta-de-las-cientificas-aragonesas\/"]}]},{"@type":"BreadcrumbList","@id":"https:\/\/madeinzaragoza.es\/blog\/escaparates-11f-2021-ruta-de-las-cientificas-aragonesas\/#breadcrumb","itemListElement":[{"@type":"ListItem","position":1,"name":"Portada","item":"https:\/\/madeinzaragoza.es\/blog\/"},{"@type":"ListItem","position":2,"name":"Escaparates 11F 2021: ruta de las cient\u00edficas aragonesas"}]},{"@type":"WebSite","@id":"https:\/\/madeinzaragoza.es\/blog\/#website","url":"https:\/\/madeinzaragoza.es\/blog\/","name":"Made in Zaragoza","description":"Blog de MadeinZGZ, Red de Econom\u00eda Creativa de Zaragoza","publisher":{"@id":"https:\/\/madeinzaragoza.es\/blog\/#organization"},"potentialAction":[{"@type":"SearchAction","target":{"@type":"EntryPoint","urlTemplate":"https:\/\/madeinzaragoza.es\/blog\/?s={search_term_string}"},"query-input":"required name=search_term_string"}],"inLanguage":"es"},{"@type":"Organization","@id":"https:\/\/madeinzaragoza.es\/blog\/#organization","name":"Made In Zaragoza","url":"https:\/\/madeinzaragoza.es\/blog\/","sameAs":["https:\/\/www.instagram.com\/madeinzaragoza.es\/","https:\/\/www.facebook.com\/madeinzaragoza.es\/","https:\/\/twitter.com\/madeinzaragoza"],"logo":{"@type":"ImageObject","inLanguage":"es","@id":"https:\/\/madeinzaragoza.es\/blog\/#\/schema\/logo\/image\/","url":"https:\/\/madeinzaragoza.es\/blog\/wp-content\/uploads\/2022\/05\/logo.png","contentUrl":"https:\/\/madeinzaragoza.es\/blog\/wp-content\/uploads\/2022\/05\/logo.png","width":193,"height":176,"caption":"Made In Zaragoza"},"image":{"@id":"https:\/\/madeinzaragoza.es\/blog\/#\/schema\/logo\/image\/"}},{"@type":"Person","@id":"https:\/\/madeinzaragoza.es\/blog\/#\/schema\/person\/812f72c64f200079e8119956b9cf147e","name":"\u00c1ngela El\u00eda Garc\u00eda","image":{"@type":"ImageObject","inLanguage":"es","@id":"https:\/\/madeinzaragoza.es\/blog\/#\/schema\/person\/image\/","url":"https:\/\/secure.gravatar.com\/avatar\/0fcfcee3d7a94ba681236e8eeaabc61b?s=96&d=mm&r=g","contentUrl":"https:\/\/secure.gravatar.com\/avatar\/0fcfcee3d7a94ba681236e8eeaabc61b?s=96&d=mm&r=g","caption":"\u00c1ngela El\u00eda Garc\u00eda"},"description":"Profesional de la comunicaci\u00f3n y el marketing, dise\u00f1adora, loca por la fotograf\u00eda, blogger... y cualquier cosa que me de tiempo en las 24 horas que tiene el d\u00eda. Mi lema es \"Perderse hace que encuentres cosas incre\u00edbles\". Por eso yo intento perderme muy amenudo, siempre con c\u00e1mara en mano, libreta, l\u00e1piz y los ojos bien abiertos para descubrir todos esos rincones ocultos que se esconden a nuestro alrededor. \u00bfTe atreves a perderte conmigo?","sameAs":["http:\/\/lamaletaextraviada.com\/","https:\/\/www.facebook.com\/lamaletaextraviada.blog","https:\/\/twitter.com\/https:\/\/twitter.com\/Lamaleta_extrav"],"url":"https:\/\/madeinzaragoza.es\/blog\/author\/maletaextraviada\/"}]}},"_links":{"self":[{"href":"https:\/\/madeinzaragoza.es\/blog\/wp-json\/wp\/v2\/posts\/30816"}],"collection":[{"href":"https:\/\/madeinzaragoza.es\/blog\/wp-json\/wp\/v2\/posts"}],"about":[{"href":"https:\/\/madeinzaragoza.es\/blog\/wp-json\/wp\/v2\/types\/post"}],"author":[{"embeddable":true,"href":"https:\/\/madeinzaragoza.es\/blog\/wp-json\/wp\/v2\/users\/58"}],"replies":[{"embeddable":true,"href":"https:\/\/madeinzaragoza.es\/blog\/wp-json\/wp\/v2\/comments?post=30816"}],"version-history":[{"count":31,"href":"https:\/\/madeinzaragoza.es\/blog\/wp-json\/wp\/v2\/posts\/30816\/revisions"}],"predecessor-version":[{"id":36152,"href":"https:\/\/madeinzaragoza.es\/blog\/wp-json\/wp\/v2\/posts\/30816\/revisions\/36152"}],"wp:featuredmedia":[{"embeddable":true,"href":"https:\/\/madeinzaragoza.es\/blog\/wp-json\/wp\/v2\/media\/30887"}],"wp:attachment":[{"href":"https:\/\/madeinzaragoza.es\/blog\/wp-json\/wp\/v2\/media?parent=30816"}],"wp:term":[{"taxonomy":"category","embeddable":true,"href":"https:\/\/madeinzaragoza.es\/blog\/wp-json\/wp\/v2\/categories?post=30816"},{"taxonomy":"post_tag","embeddable":true,"href":"https:\/\/madeinzaragoza.es\/blog\/wp-json\/wp\/v2\/tags?post=30816"}],"curies":[{"name":"wp","href":"https:\/\/api.w.org\/{rel}","templated":true}]}}