{"id":30805,"date":"2021-02-20T09:37:00","date_gmt":"2021-02-20T08:37:00","guid":{"rendered":"http:\/\/madeinzaragoza.es\/blog\/?p=30805"},"modified":"2021-03-17T16:41:56","modified_gmt":"2021-03-17T15:41:56","slug":"escaparates-11f-2021-tres-encuentros-digitales-con-mujeres-cientificas-de-referencia","status":"publish","type":"post","link":"https:\/\/madeinzaragoza.es\/blog\/escaparates-11f-2021-tres-encuentros-digitales-con-mujeres-cientificas-de-referencia\/","title":{"rendered":"Escaparates 11F 2021: tres encuentros digitales con mujeres cient\u00edficas de referencia"},"content":{"rendered":"\n<p>La red de tiendas creativas Made in Zaragoza y la Iniciativa 11F organizar\u00e1n los <strong>s\u00e1bados 6, 13 y 20 de febrero<\/strong>, <strong>3 encuentros digitales con destacadas mujeres cient\u00edficas<\/strong>, pioneras en los campos de la astrof\u00edsica, astronom\u00eda, biolog\u00eda, bot\u00e1nica, f\u00edsica, geolog\u00eda, ingenier\u00eda, matem\u00e1ticas, medicina, veterinaria, oceanograf\u00eda y qu\u00edmica que han contribuido con sus descubrimientos y trabajos a hacernos la vida mejor.<\/p>\n\n\n\n<p>Esta iniciativa surge de la colaboraci\u00f3n entre la red Made in Zaragoza y la iniciativa 11 de Febrero y tiene como objetivos conseguir una mayor participaci\u00f3n y progreso de las mujeres y las ni\u00f1as en la ciencia; al mismo tiempo que apoyar al comercio de proximidad m\u00e1s creativo e innovador de nuestra ciudad.<\/p>\n\n\n\n<p>A trav\u00e9s del<strong> <a rel=\"noreferrer noopener\" href=\"https:\/\/www.youtube.com\/user\/ZaragozaActiva\" target=\"_blank\">canal de Youtube de Zaragoza Activa<\/a> <\/strong>se han podido seguir en directo, cada s\u00e1bado, a las 11:30 horas, una mesa redonda donde grandes cient\u00edficas de todos los campos, compartir\u00e1n sus experiencias y animar\u00e1n a que otras j\u00f3venes descubran su pasi\u00f3n por la ciencia.<\/p>\n\n\n\n<div style=\"height:25px\" aria-hidden=\"true\" class=\"wp-block-spacer\"><\/div>\n\n\n\n<h2 class=\"wp-block-heading\"><strong>1er Encuentro con Ciencia<\/strong><\/h2>\n\n\n\n<div style=\"height:29px\" aria-hidden=\"true\" class=\"wp-block-spacer\"><\/div>\n\n\n\n<p>El <strong>s\u00e1bado 6 de febrero<\/strong> disfrutamos de la compa\u00f1\u00eda de las <strong>cient\u00edficas aragonesas:<\/strong> Alba Bell\u00e9s, farmac\u00e9utica especialista en microbiolog\u00eda y parasitolog\u00eda cl\u00ednica; y Eva Tejedor, investigadora del CITA y CIAL; Nerea Irigoyen, bi\u00f3loga molecular y especialista en virolog\u00eda; y Rosa Monge, ingeniera industrial y fundadora de Beonchip. La sesi\u00f3n estuvo moderada por la comunicadora cient\u00edfica Roc\u00edo Ibarra. <\/p>\n\n\n\n<div style=\"height:22px\" aria-hidden=\"true\" class=\"wp-block-spacer\"><\/div>\n\n\n\n<iframe loading=\"lazy\" style=\"text-align: center;\" width=\"560\" height=\"315\" src=\"https:\/\/www.youtube.com\/embed\/VouNnVVjpRY\" frameborder=\"0\" allow=\"accelerometer; autoplay; clipboard-write; encrypted-media; gyroscope; picture-in-picture\" allowfullscreen=\"\"><\/iframe>\n\n\n\n<div style=\"height:20px\" aria-hidden=\"true\" class=\"wp-block-spacer\"><\/div>\n\n\n\n<h2 class=\"wp-block-heading\"><strong>2\u00ba Encuentro con Ciencia<\/strong><\/h2>\n\n\n\n<div style=\"height:24px\" aria-hidden=\"true\" class=\"wp-block-spacer\"><\/div>\n\n\n\n<p>El s\u00e1bado 13 de febrero contamos con la compa\u00f1\u00eda de varias cient\u00edficas aragonesas de referencia, Cristina Seral, Isabel Fiteni, Rebeca Bruned Pons y Rosa Magall\u00f3n. El encuentro estuvo moderado por la periodista y divulgadora cient\u00edfica Carmen Serrano. <\/p>\n\n\n\n<p><\/p>\n\n\n\n<iframe loading=\"lazy\" width=\"560\" height=\"315\" src=\"https:\/\/www.youtube.com\/embed\/DPcqZhVstw8\" frameborder=\"0\" allow=\"accelerometer; autoplay; clipboard-write; encrypted-media; gyroscope; picture-in-picture\" allowfullscreen=\"\"><\/iframe>\n\n\n\n<p><\/p>\n\n\n\n<h2 class=\"wp-block-heading\"><strong>3er Encuentro con Ciencia<\/strong><\/h2>\n\n\n\n<div style=\"height:22px\" aria-hidden=\"true\" class=\"wp-block-spacer\"><\/div>\n\n\n\n<p>Por \u00faltimo, el 20 de febrero tuvimos la oportunidad de hablar con las cient\u00edficas Alejandra Vicente y Teresa Juan, as\u00ed como con Mar\u00eda Hern\u00e1ndez, de la organizaci\u00f3n de 11deFebrero. Adem\u00e1s, en nombre de los espacios de la red MIZ estuvieron Sara Magall\u00f3n (de Caliope) y Maite Mu\u00f1oz con su equipo joven (de Medicus Mundi). El encuentro estuvo moderado por el periodista Pl\u00e1cido Manzanares. <\/p>\n\n\n\n<p><\/p>\n\n\n\n<iframe loading=\"lazy\" width=\"560\" height=\"315\" src=\"https:\/\/www.youtube.com\/embed\/oY6uLC0Xibs\" frameborder=\"0\" allow=\"accelerometer; autoplay; clipboard-write; encrypted-media; gyroscope; picture-in-picture\" allowfullscreen=\"\"><\/iframe>\n\n\n\n<p><\/p>\n\n\n\n<p>Adem\u00e1s, de estos encuentros, Made in Zaragoza y la iniciativa 11F organizan una nueva edici\u00f3n de los <strong><a href=\"http:\/\/madeinzaragoza.es\/blog\/escaparates-11f-2021\/\">Escaparates 11F<\/a><\/strong>, mostrando el trabajo de m\u00e1s de 60 cient\u00edficas en los escaparates de las tiendas m\u00e1s creativas de la ciudad. Para ampliar la informaci\u00f3n sobre este evento, visita el blog http:\/\/madeinzaragoza.es\/blog\/escaparates-11f-2021\/Estas acciones coinciden con el <strong>D\u00eda Internacional de la Mujer y la Ni\u00f1a en la Ciencia<\/strong>, proclamado por la ONU en 2015, con el objetivo de romper las barreras que encuentran las mujeres y las ni\u00f1as en el \u00e1mbito cient\u00edfico. Es en 2016 cuando nace la <strong>Iniciativa 11 de Febrero<\/strong> en Espa\u00f1a con el fin de visibilizar y fomentar el inter\u00e9s de las ni\u00f1as por la ciencia y la tecnolog\u00eda a trav\u00e9s de actividades organizadas por la comunidad cient\u00edfica y educativa, las instituciones y la ciudadan\u00eda en general.<\/p>\n\n\n\n<p><\/p>\n","protected":false},"excerpt":{"rendered":"<p>La red de tiendas creativas Made in Zaragoza y la Iniciativa 11F organizar\u00e1n los s\u00e1bados 6, 13 y 20 de febrero, 3 encuentros digitales con destacadas mujeres cient\u00edficas, pioneras en los campos de la astrof\u00edsica, astronom\u00eda, biolog\u00eda, bot\u00e1nica, f\u00edsica, geolog\u00eda, ingenier\u00eda, matem\u00e1ticas, medicina, veterinaria, oceanograf\u00eda y qu\u00edmica que han contribuido con sus descubrimientos y trabajos &hellip; <a href=\"https:\/\/madeinzaragoza.es\/blog\/escaparates-11f-2021-tres-encuentros-digitales-con-mujeres-cientificas-de-referencia\/\" class=\"more-link\">Continuar leyendo<span class=\"screen-reader-text\"> \u00abEscaparates 11F 2021: tres encuentros digitales con mujeres cient\u00edficas de referencia\u00bb<\/span><\/a><\/p>\n","protected":false},"author":3,"featured_media":30807,"comment_status":"open","ping_status":"open","sticky":false,"template":"","format":"standard","meta":{"footnotes":""},"categories":[1],"tags":[1693,1692,2245],"yoast_head":"<!-- This site is optimized with the Yoast SEO plugin v19.7.2 - https:\/\/yoast.com\/wordpress\/plugins\/seo\/ -->\n<title>Escaparates 11F 2021: tres encuentros digitales con mujeres cient\u00edficas de referencia - Made in Zaragoza<\/title>\n<meta name=\"description\" content=\"La red de tiendas creativas Made in Zaragoza y la Iniciativa 11F organizar\u00e1n los s\u00e1bados 6, 13 y 20 de febrero, 3 encuentros digitales con destacadas mujeres cient\u00edficas.\" \/>\n<meta name=\"robots\" content=\"index, follow, max-snippet:-1, max-image-preview:large, max-video-preview:-1\" \/>\n<link rel=\"canonical\" href=\"https:\/\/madeinzaragoza.es\/blog\/escaparates-11f-2021-tres-encuentros-digitales-con-mujeres-cientificas-de-referencia\/\" \/>\n<meta property=\"og:locale\" content=\"es_ES\" \/>\n<meta property=\"og:type\" content=\"article\" \/>\n<meta property=\"og:title\" content=\"Escaparates 11F 2021: tres encuentros digitales con mujeres cient\u00edficas de referencia - Made in Zaragoza\" \/>\n<meta property=\"og:description\" content=\"La red de tiendas creativas Made in Zaragoza y la Iniciativa 11F organizar\u00e1n los s\u00e1bados 6, 13 y 20 de febrero, 3 encuentros digitales con destacadas mujeres cient\u00edficas.\" \/>\n<meta property=\"og:url\" content=\"https:\/\/madeinzaragoza.es\/blog\/escaparates-11f-2021-tres-encuentros-digitales-con-mujeres-cientificas-de-referencia\/\" \/>\n<meta property=\"og:site_name\" content=\"Made in Zaragoza\" \/>\n<meta property=\"article:publisher\" content=\"https:\/\/www.facebook.com\/madeinzaragoza.es\/\" \/>\n<meta property=\"article:author\" content=\"misstechin\" \/>\n<meta property=\"article:published_time\" content=\"2021-02-20T08:37:00+00:00\" \/>\n<meta property=\"article:modified_time\" content=\"2021-03-17T15:41:56+00:00\" \/>\n<meta property=\"og:image\" content=\"https:\/\/madeinzaragoza.es\/blog\/wp-content\/uploads\/2021\/02\/encuentros-con-ciencia2.jpg\" \/>\n\t<meta property=\"og:image:width\" content=\"1280\" \/>\n\t<meta property=\"og:image:height\" content=\"720\" \/>\n\t<meta property=\"og:image:type\" content=\"image\/jpeg\" \/>\n<meta name=\"author\" content=\"Monica Gim\u00e9nez\" \/>\n<meta name=\"twitter:card\" content=\"summary\" \/>\n<meta name=\"twitter:creator\" content=\"@misstechin\" \/>\n<meta name=\"twitter:site\" content=\"@madeinzaragoza\" \/>\n<meta name=\"twitter:label1\" content=\"Escrito por\" \/>\n\t<meta name=\"twitter:data1\" content=\"Monica Gim\u00e9nez\" \/>\n\t<meta name=\"twitter:label2\" content=\"Tiempo de lectura\" \/>\n\t<meta name=\"twitter:data2\" content=\"3 minutos\" \/>\n<script type=\"application\/ld+json\" class=\"yoast-schema-graph\">{\"@context\":\"https:\/\/schema.org\",\"@graph\":[{\"@type\":\"Article\",\"@id\":\"https:\/\/madeinzaragoza.es\/blog\/escaparates-11f-2021-tres-encuentros-digitales-con-mujeres-cientificas-de-referencia\/#article\",\"isPartOf\":{\"@id\":\"https:\/\/madeinzaragoza.es\/blog\/escaparates-11f-2021-tres-encuentros-digitales-con-mujeres-cientificas-de-referencia\/\"},\"author\":{\"name\":\"Monica Gim\u00e9nez\",\"@id\":\"https:\/\/madeinzaragoza.es\/blog\/#\/schema\/person\/7f474fda5b3cfb05e3d9963093971cca\"},\"headline\":\"Escaparates 11F 2021: tres encuentros digitales con mujeres cient\u00edficas de referencia\",\"datePublished\":\"2021-02-20T08:37:00+00:00\",\"dateModified\":\"2021-03-17T15:41:56+00:00\",\"mainEntityOfPage\":{\"@id\":\"https:\/\/madeinzaragoza.es\/blog\/escaparates-11f-2021-tres-encuentros-digitales-con-mujeres-cientificas-de-referencia\/\"},\"wordCount\":534,\"commentCount\":0,\"publisher\":{\"@id\":\"https:\/\/madeinzaragoza.es\/blog\/#organization\"},\"keywords\":[\"11 de Febrero\",\"D\u00eda de la Mujer en la Ciencia\",\"escaparates11f\"],\"articleSection\":[\"Tendencias\"],\"inLanguage\":\"es\",\"potentialAction\":[{\"@type\":\"CommentAction\",\"name\":\"Comment\",\"target\":[\"https:\/\/madeinzaragoza.es\/blog\/escaparates-11f-2021-tres-encuentros-digitales-con-mujeres-cientificas-de-referencia\/#respond\"]}]},{\"@type\":\"WebPage\",\"@id\":\"https:\/\/madeinzaragoza.es\/blog\/escaparates-11f-2021-tres-encuentros-digitales-con-mujeres-cientificas-de-referencia\/\",\"url\":\"https:\/\/madeinzaragoza.es\/blog\/escaparates-11f-2021-tres-encuentros-digitales-con-mujeres-cientificas-de-referencia\/\",\"name\":\"Escaparates 11F 2021: tres encuentros digitales con mujeres cient\u00edficas de referencia - Made in Zaragoza\",\"isPartOf\":{\"@id\":\"https:\/\/madeinzaragoza.es\/blog\/#website\"},\"datePublished\":\"2021-02-20T08:37:00+00:00\",\"dateModified\":\"2021-03-17T15:41:56+00:00\",\"description\":\"La red de tiendas creativas Made in Zaragoza y la Iniciativa 11F organizar\u00e1n los s\u00e1bados 6, 13 y 20 de febrero, 3 encuentros digitales con destacadas mujeres cient\u00edficas.\",\"breadcrumb\":{\"@id\":\"https:\/\/madeinzaragoza.es\/blog\/escaparates-11f-2021-tres-encuentros-digitales-con-mujeres-cientificas-de-referencia\/#breadcrumb\"},\"inLanguage\":\"es\",\"potentialAction\":[{\"@type\":\"ReadAction\",\"target\":[\"https:\/\/madeinzaragoza.es\/blog\/escaparates-11f-2021-tres-encuentros-digitales-con-mujeres-cientificas-de-referencia\/\"]}]},{\"@type\":\"BreadcrumbList\",\"@id\":\"https:\/\/madeinzaragoza.es\/blog\/escaparates-11f-2021-tres-encuentros-digitales-con-mujeres-cientificas-de-referencia\/#breadcrumb\",\"itemListElement\":[{\"@type\":\"ListItem\",\"position\":1,\"name\":\"Portada\",\"item\":\"https:\/\/madeinzaragoza.es\/blog\/\"},{\"@type\":\"ListItem\",\"position\":2,\"name\":\"Escaparates 11F 2021: tres encuentros digitales con mujeres cient\u00edficas de referencia\"}]},{\"@type\":\"WebSite\",\"@id\":\"https:\/\/madeinzaragoza.es\/blog\/#website\",\"url\":\"https:\/\/madeinzaragoza.es\/blog\/\",\"name\":\"Made in Zaragoza\",\"description\":\"Blog de MadeinZGZ, Red de Econom\u00eda Creativa de Zaragoza\",\"publisher\":{\"@id\":\"https:\/\/madeinzaragoza.es\/blog\/#organization\"},\"potentialAction\":[{\"@type\":\"SearchAction\",\"target\":{\"@type\":\"EntryPoint\",\"urlTemplate\":\"https:\/\/madeinzaragoza.es\/blog\/?s={search_term_string}\"},\"query-input\":\"required name=search_term_string\"}],\"inLanguage\":\"es\"},{\"@type\":\"Organization\",\"@id\":\"https:\/\/madeinzaragoza.es\/blog\/#organization\",\"name\":\"Made In Zaragoza\",\"url\":\"https:\/\/madeinzaragoza.es\/blog\/\",\"sameAs\":[\"https:\/\/www.instagram.com\/madeinzaragoza.es\/\",\"https:\/\/www.facebook.com\/madeinzaragoza.es\/\",\"https:\/\/twitter.com\/madeinzaragoza\"],\"logo\":{\"@type\":\"ImageObject\",\"inLanguage\":\"es\",\"@id\":\"https:\/\/madeinzaragoza.es\/blog\/#\/schema\/logo\/image\/\",\"url\":\"https:\/\/madeinzaragoza.es\/blog\/wp-content\/uploads\/2022\/05\/logo.png\",\"contentUrl\":\"https:\/\/madeinzaragoza.es\/blog\/wp-content\/uploads\/2022\/05\/logo.png\",\"width\":193,\"height\":176,\"caption\":\"Made In Zaragoza\"},\"image\":{\"@id\":\"https:\/\/madeinzaragoza.es\/blog\/#\/schema\/logo\/image\/\"}},{\"@type\":\"Person\",\"@id\":\"https:\/\/madeinzaragoza.es\/blog\/#\/schema\/person\/7f474fda5b3cfb05e3d9963093971cca\",\"name\":\"Monica Gim\u00e9nez\",\"image\":{\"@type\":\"ImageObject\",\"inLanguage\":\"es\",\"@id\":\"https:\/\/madeinzaragoza.es\/blog\/#\/schema\/person\/image\/\",\"url\":\"https:\/\/secure.gravatar.com\/avatar\/bdd60894f529a2929832a56d3c3eb2f2?s=96&d=mm&r=g\",\"contentUrl\":\"https:\/\/secure.gravatar.com\/avatar\/bdd60894f529a2929832a56d3c3eb2f2?s=96&d=mm&r=g\",\"caption\":\"Monica Gim\u00e9nez\"},\"description\":\"Coordinadora del blog de MadeinZaragoza. Me dedico a la comunicaci\u00f3n y al marketing online. Me gusta el teatro, leer c\u00f3mic, comer sushi y descubrir nuevos lugares con encanto en mi ciudad.\",\"sameAs\":[\"https:\/\/misstechin.com\",\"misstechin\",\"https:\/\/twitter.com\/misstechin\"],\"url\":\"https:\/\/madeinzaragoza.es\/blog\/author\/moni\/\"}]}<\/script>\n<!-- \/ Yoast SEO plugin. -->","yoast_head_json":{"title":"Escaparates 11F 2021: tres encuentros digitales con mujeres cient\u00edficas de referencia - Made in Zaragoza","description":"La red de tiendas creativas Made in Zaragoza y la Iniciativa 11F organizar\u00e1n los s\u00e1bados 6, 13 y 20 de febrero, 3 encuentros digitales con destacadas mujeres cient\u00edficas.","robots":{"index":"index","follow":"follow","max-snippet":"max-snippet:-1","max-image-preview":"max-image-preview:large","max-video-preview":"max-video-preview:-1"},"canonical":"https:\/\/madeinzaragoza.es\/blog\/escaparates-11f-2021-tres-encuentros-digitales-con-mujeres-cientificas-de-referencia\/","og_locale":"es_ES","og_type":"article","og_title":"Escaparates 11F 2021: tres encuentros digitales con mujeres cient\u00edficas de referencia - Made in Zaragoza","og_description":"La red de tiendas creativas Made in Zaragoza y la Iniciativa 11F organizar\u00e1n los s\u00e1bados 6, 13 y 20 de febrero, 3 encuentros digitales con destacadas mujeres cient\u00edficas.","og_url":"https:\/\/madeinzaragoza.es\/blog\/escaparates-11f-2021-tres-encuentros-digitales-con-mujeres-cientificas-de-referencia\/","og_site_name":"Made in Zaragoza","article_publisher":"https:\/\/www.facebook.com\/madeinzaragoza.es\/","article_author":"misstechin","article_published_time":"2021-02-20T08:37:00+00:00","article_modified_time":"2021-03-17T15:41:56+00:00","og_image":[{"width":1280,"height":720,"url":"https:\/\/madeinzaragoza.es\/blog\/wp-content\/uploads\/2021\/02\/encuentros-con-ciencia2.jpg","type":"image\/jpeg"}],"author":"Monica Gim\u00e9nez","twitter_card":"summary","twitter_creator":"@misstechin","twitter_site":"@madeinzaragoza","twitter_misc":{"Escrito por":"Monica Gim\u00e9nez","Tiempo de lectura":"3 minutos"},"schema":{"@context":"https:\/\/schema.org","@graph":[{"@type":"Article","@id":"https:\/\/madeinzaragoza.es\/blog\/escaparates-11f-2021-tres-encuentros-digitales-con-mujeres-cientificas-de-referencia\/#article","isPartOf":{"@id":"https:\/\/madeinzaragoza.es\/blog\/escaparates-11f-2021-tres-encuentros-digitales-con-mujeres-cientificas-de-referencia\/"},"author":{"name":"Monica Gim\u00e9nez","@id":"https:\/\/madeinzaragoza.es\/blog\/#\/schema\/person\/7f474fda5b3cfb05e3d9963093971cca"},"headline":"Escaparates 11F 2021: tres encuentros digitales con mujeres cient\u00edficas de referencia","datePublished":"2021-02-20T08:37:00+00:00","dateModified":"2021-03-17T15:41:56+00:00","mainEntityOfPage":{"@id":"https:\/\/madeinzaragoza.es\/blog\/escaparates-11f-2021-tres-encuentros-digitales-con-mujeres-cientificas-de-referencia\/"},"wordCount":534,"commentCount":0,"publisher":{"@id":"https:\/\/madeinzaragoza.es\/blog\/#organization"},"keywords":["11 de Febrero","D\u00eda de la Mujer en la Ciencia","escaparates11f"],"articleSection":["Tendencias"],"inLanguage":"es","potentialAction":[{"@type":"CommentAction","name":"Comment","target":["https:\/\/madeinzaragoza.es\/blog\/escaparates-11f-2021-tres-encuentros-digitales-con-mujeres-cientificas-de-referencia\/#respond"]}]},{"@type":"WebPage","@id":"https:\/\/madeinzaragoza.es\/blog\/escaparates-11f-2021-tres-encuentros-digitales-con-mujeres-cientificas-de-referencia\/","url":"https:\/\/madeinzaragoza.es\/blog\/escaparates-11f-2021-tres-encuentros-digitales-con-mujeres-cientificas-de-referencia\/","name":"Escaparates 11F 2021: tres encuentros digitales con mujeres cient\u00edficas de referencia - Made in Zaragoza","isPartOf":{"@id":"https:\/\/madeinzaragoza.es\/blog\/#website"},"datePublished":"2021-02-20T08:37:00+00:00","dateModified":"2021-03-17T15:41:56+00:00","description":"La red de tiendas creativas Made in Zaragoza y la Iniciativa 11F organizar\u00e1n los s\u00e1bados 6, 13 y 20 de febrero, 3 encuentros digitales con destacadas mujeres cient\u00edficas.","breadcrumb":{"@id":"https:\/\/madeinzaragoza.es\/blog\/escaparates-11f-2021-tres-encuentros-digitales-con-mujeres-cientificas-de-referencia\/#breadcrumb"},"inLanguage":"es","potentialAction":[{"@type":"ReadAction","target":["https:\/\/madeinzaragoza.es\/blog\/escaparates-11f-2021-tres-encuentros-digitales-con-mujeres-cientificas-de-referencia\/"]}]},{"@type":"BreadcrumbList","@id":"https:\/\/madeinzaragoza.es\/blog\/escaparates-11f-2021-tres-encuentros-digitales-con-mujeres-cientificas-de-referencia\/#breadcrumb","itemListElement":[{"@type":"ListItem","position":1,"name":"Portada","item":"https:\/\/madeinzaragoza.es\/blog\/"},{"@type":"ListItem","position":2,"name":"Escaparates 11F 2021: tres encuentros digitales con mujeres cient\u00edficas de referencia"}]},{"@type":"WebSite","@id":"https:\/\/madeinzaragoza.es\/blog\/#website","url":"https:\/\/madeinzaragoza.es\/blog\/","name":"Made in Zaragoza","description":"Blog de MadeinZGZ, Red de Econom\u00eda Creativa de Zaragoza","publisher":{"@id":"https:\/\/madeinzaragoza.es\/blog\/#organization"},"potentialAction":[{"@type":"SearchAction","target":{"@type":"EntryPoint","urlTemplate":"https:\/\/madeinzaragoza.es\/blog\/?s={search_term_string}"},"query-input":"required name=search_term_string"}],"inLanguage":"es"},{"@type":"Organization","@id":"https:\/\/madeinzaragoza.es\/blog\/#organization","name":"Made In Zaragoza","url":"https:\/\/madeinzaragoza.es\/blog\/","sameAs":["https:\/\/www.instagram.com\/madeinzaragoza.es\/","https:\/\/www.facebook.com\/madeinzaragoza.es\/","https:\/\/twitter.com\/madeinzaragoza"],"logo":{"@type":"ImageObject","inLanguage":"es","@id":"https:\/\/madeinzaragoza.es\/blog\/#\/schema\/logo\/image\/","url":"https:\/\/madeinzaragoza.es\/blog\/wp-content\/uploads\/2022\/05\/logo.png","contentUrl":"https:\/\/madeinzaragoza.es\/blog\/wp-content\/uploads\/2022\/05\/logo.png","width":193,"height":176,"caption":"Made In Zaragoza"},"image":{"@id":"https:\/\/madeinzaragoza.es\/blog\/#\/schema\/logo\/image\/"}},{"@type":"Person","@id":"https:\/\/madeinzaragoza.es\/blog\/#\/schema\/person\/7f474fda5b3cfb05e3d9963093971cca","name":"Monica Gim\u00e9nez","image":{"@type":"ImageObject","inLanguage":"es","@id":"https:\/\/madeinzaragoza.es\/blog\/#\/schema\/person\/image\/","url":"https:\/\/secure.gravatar.com\/avatar\/bdd60894f529a2929832a56d3c3eb2f2?s=96&d=mm&r=g","contentUrl":"https:\/\/secure.gravatar.com\/avatar\/bdd60894f529a2929832a56d3c3eb2f2?s=96&d=mm&r=g","caption":"Monica Gim\u00e9nez"},"description":"Coordinadora del blog de MadeinZaragoza. Me dedico a la comunicaci\u00f3n y al marketing online. Me gusta el teatro, leer c\u00f3mic, comer sushi y descubrir nuevos lugares con encanto en mi ciudad.","sameAs":["https:\/\/misstechin.com","misstechin","https:\/\/twitter.com\/misstechin"],"url":"https:\/\/madeinzaragoza.es\/blog\/author\/moni\/"}]}},"_links":{"self":[{"href":"https:\/\/madeinzaragoza.es\/blog\/wp-json\/wp\/v2\/posts\/30805"}],"collection":[{"href":"https:\/\/madeinzaragoza.es\/blog\/wp-json\/wp\/v2\/posts"}],"about":[{"href":"https:\/\/madeinzaragoza.es\/blog\/wp-json\/wp\/v2\/types\/post"}],"author":[{"embeddable":true,"href":"https:\/\/madeinzaragoza.es\/blog\/wp-json\/wp\/v2\/users\/3"}],"replies":[{"embeddable":true,"href":"https:\/\/madeinzaragoza.es\/blog\/wp-json\/wp\/v2\/comments?post=30805"}],"version-history":[{"count":8,"href":"https:\/\/madeinzaragoza.es\/blog\/wp-json\/wp\/v2\/posts\/30805\/revisions"}],"predecessor-version":[{"id":30986,"href":"https:\/\/madeinzaragoza.es\/blog\/wp-json\/wp\/v2\/posts\/30805\/revisions\/30986"}],"wp:featuredmedia":[{"embeddable":true,"href":"https:\/\/madeinzaragoza.es\/blog\/wp-json\/wp\/v2\/media\/30807"}],"wp:attachment":[{"href":"https:\/\/madeinzaragoza.es\/blog\/wp-json\/wp\/v2\/media?parent=30805"}],"wp:term":[{"taxonomy":"category","embeddable":true,"href":"https:\/\/madeinzaragoza.es\/blog\/wp-json\/wp\/v2\/categories?post=30805"},{"taxonomy":"post_tag","embeddable":true,"href":"https:\/\/madeinzaragoza.es\/blog\/wp-json\/wp\/v2\/tags?post=30805"}],"curies":[{"name":"wp","href":"https:\/\/api.w.org\/{rel}","templated":true}]}}