{"id":30549,"date":"2021-01-04T13:40:42","date_gmt":"2021-01-04T12:40:42","guid":{"rendered":"http:\/\/madeinzaragoza.es\/blog\/?p=30549"},"modified":"2021-01-04T13:40:44","modified_gmt":"2021-01-04T12:40:44","slug":"el-corazon-sagrado-de-cayo-en-corner-miz","status":"publish","type":"post","link":"https:\/\/madeinzaragoza.es\/blog\/el-corazon-sagrado-de-cayo-en-corner-miz\/","title":{"rendered":"El \u00abCoraz\u00f3n sagrado\u00bb de Cayo en C\u00d3RNER MIZ"},"content":{"rendered":"\n<blockquote class=\"wp-block-quote\"><p><strong>C\u00f3rner 2020: Autoficci\u00f3n y otras narrativas personales.<\/strong><\/p><\/blockquote>\n\n\n\n<p>Con la intervenci\u00f3n <em><strong>\u00abCoraz\u00f3n sagrado\u00bb<\/strong><\/em> de <strong>Cayo<\/strong>, conclu\u00edmos el ciclo \u00ab<strong><a href=\"http:\/\/madeinzaragoza.es\/cornermiz\/edicion.php?id=7\" target=\"_blank\" rel=\"noreferrer noopener\">Autoficci\u00f3n<\/a><\/strong>\u00bb que se ha desarrollado de forma parcial, debido a la pandemia, durante el a\u00f1o 2020. <\/p>\n\n\n\n<p>Como vimos en la <a href=\"http:\/\/madeinzaragoza.es\/blog\/el-artistico-mundo-simbolico-de-cayo\/\" target=\"_blank\" rel=\"noreferrer noopener\">presentaci\u00f3n <\/a>de la obra de Cayo, su trabajo est\u00e1 repleto de referencias culturales y multitud de s\u00edmbolos que se van desarrollando en sus pinturas de forma reiterada creando una rica iconograf\u00eda de car\u00e1cter muy personal. Entre estos s\u00edmbolos, hay dos que tienen un especial significado en el artista: <strong>la calavera<\/strong> y <strong>el coraz\u00f3n sagrado<\/strong>.<\/p>\n\n\n\n<div class=\"wp-block-image\"><figure class=\"aligncenter size-large\"><img loading=\"lazy\" decoding=\"async\" width=\"1024\" height=\"768\" src=\"http:\/\/madeinzaragoza.es\/blog\/wp-content\/uploads\/2020\/12\/cayo5-1024x768.jpg\" alt=\"\" class=\"wp-image-30556\" srcset=\"https:\/\/madeinzaragoza.es\/blog\/wp-content\/uploads\/2020\/12\/cayo5-1024x768.jpg 1024w, https:\/\/madeinzaragoza.es\/blog\/wp-content\/uploads\/2020\/12\/cayo5-300x225.jpg 300w, https:\/\/madeinzaragoza.es\/blog\/wp-content\/uploads\/2020\/12\/cayo5-768x576.jpg 768w, https:\/\/madeinzaragoza.es\/blog\/wp-content\/uploads\/2020\/12\/cayo5.jpg 1200w\" sizes=\"(max-width: 709px) 85vw, (max-width: 909px) 67vw, (max-width: 1362px) 62vw, 840px\" \/><\/figure><\/div>\n\n\n\n<p>En la obra ef\u00edmera <strong>\u00abCoraz\u00f3n sagrado\u00bb<\/strong> que ha creado para el proyecto <strong><a href=\"http:\/\/madeinzaragoza.es\/cornermiz\/\" target=\"_blank\" rel=\"noreferrer noopener\">C\u00f3rner MIZ<\/a><\/strong>, une estos dos elementos (calavera y coraz\u00f3n) creando una obra con un <strong>desarrollo narrativo muy interesante<\/strong>. La obra se desarrolla en las dos paredes, pasando de una a la otra como si fuera una \u00fanica obra pero al mismo tiempo funciona como dos obras diferentes. Por partes, vemos que en la pared principal ha realizado <strong>un personaje esqueleto<\/strong> al que se le  ve medio cuerpo, la cabeza y los brazos (uno de ellos parcial). La cabeza, una calavera, ocupa un lugar destacado en la composici\u00f3n de car\u00e1cter piramidal (descentrada). La cabeza se nos presenta con unos ojos de p\u00e1rpados ca\u00eddos y una boca abierta, mostrando los dientes, con un aspecto de cierto lamento, tristeza o, incluso, con un aire tragic\u00f3mico. El resto de la figura est\u00e1 compuesto por una forma corporal externa de color blanco con sus l\u00edmites representados en negro y el esqueleto en la parte interior. El cuerpo aparece repleto de <strong>tatuajes <\/strong>dibujados en color azul sobre peque\u00f1os lienzos (exentos) que Cayo ha pegado sobre el personaje. <\/p>\n\n\n\n<p>Del cuerpo, surgen unas llamas en colores amarillos, narajanjas y rosas muy fl\u00faor, como una especie de fuego eterno y leemos las palabras <strong>\u00abLo sagrado\u00bb<\/strong> en la parte superior, sobre las llamas. El uso de textos y grafismos en sus obras es tambi\u00e9n algo muy caracter\u00edstico de Cayo.<\/p>\n\n\n\n<div class=\"wp-block-image\"><figure class=\"aligncenter size-large\"><img loading=\"lazy\" decoding=\"async\" width=\"1024\" height=\"768\" src=\"http:\/\/madeinzaragoza.es\/blog\/wp-content\/uploads\/2020\/12\/cayo4-1024x768.jpg\" alt=\"\" class=\"wp-image-30555\" srcset=\"https:\/\/madeinzaragoza.es\/blog\/wp-content\/uploads\/2020\/12\/cayo4-1024x768.jpg 1024w, https:\/\/madeinzaragoza.es\/blog\/wp-content\/uploads\/2020\/12\/cayo4-300x225.jpg 300w, https:\/\/madeinzaragoza.es\/blog\/wp-content\/uploads\/2020\/12\/cayo4-768x576.jpg 768w, https:\/\/madeinzaragoza.es\/blog\/wp-content\/uploads\/2020\/12\/cayo4.jpg 1200w\" sizes=\"(max-width: 709px) 85vw, (max-width: 909px) 67vw, (max-width: 1362px) 62vw, 840px\" \/><\/figure><\/div>\n\n\n\n<div class=\"wp-block-image\"><figure class=\"aligncenter size-large\"><img loading=\"lazy\" decoding=\"async\" width=\"1024\" height=\"768\" src=\"http:\/\/madeinzaragoza.es\/blog\/wp-content\/uploads\/2020\/12\/cayo2-1024x768.jpg\" alt=\"\" class=\"wp-image-30553\" srcset=\"https:\/\/madeinzaragoza.es\/blog\/wp-content\/uploads\/2020\/12\/cayo2-1024x768.jpg 1024w, https:\/\/madeinzaragoza.es\/blog\/wp-content\/uploads\/2020\/12\/cayo2-300x225.jpg 300w, https:\/\/madeinzaragoza.es\/blog\/wp-content\/uploads\/2020\/12\/cayo2-768x576.jpg 768w, https:\/\/madeinzaragoza.es\/blog\/wp-content\/uploads\/2020\/12\/cayo2.jpg 1200w\" sizes=\"(max-width: 709px) 85vw, (max-width: 909px) 67vw, (max-width: 1362px) 62vw, 840px\" \/><\/figure><\/div>\n\n\n\n<p>En la pared del arco de ladrillo, Cayo ha representado <strong>un gran coraz\u00f3n sagrado<\/strong> de un luminoso color rojo, al estilo de los corazones mexicanos de lat\u00f3n sostenido por una mano (tambi\u00e9n con tatuajes). Esa mano corresponde a un largo brazo que se une visualmente al personaje esqueleto de la otra pared, como si lo hubiera desplegado para <strong>coger<\/strong>, <strong>sujetar <\/strong>u <strong>ofrecer <\/strong>el gran coraz\u00f3n sagrado. El fondo de esta secuencia de la obra est\u00e1 pintado de negro para remarcar la presencia del gran coraz\u00f3n y la mano y brazo que lo sujeta.<\/p>\n\n\n\n<div class=\"wp-block-image\"><figure class=\"aligncenter size-large\"><img loading=\"lazy\" decoding=\"async\" width=\"1024\" height=\"768\" src=\"http:\/\/madeinzaragoza.es\/blog\/wp-content\/uploads\/2020\/12\/cayo7-1024x768.jpg\" alt=\"\" class=\"wp-image-30558\" srcset=\"https:\/\/madeinzaragoza.es\/blog\/wp-content\/uploads\/2020\/12\/cayo7-1024x768.jpg 1024w, https:\/\/madeinzaragoza.es\/blog\/wp-content\/uploads\/2020\/12\/cayo7-300x225.jpg 300w, https:\/\/madeinzaragoza.es\/blog\/wp-content\/uploads\/2020\/12\/cayo7-768x576.jpg 768w, https:\/\/madeinzaragoza.es\/blog\/wp-content\/uploads\/2020\/12\/cayo7.jpg 1200w\" sizes=\"(max-width: 709px) 85vw, (max-width: 909px) 67vw, (max-width: 1362px) 62vw, 840px\" \/><\/figure><\/div>\n\n\n\n<figure class=\"wp-block-gallery aligncenter columns-2 is-cropped wp-block-gallery-1 is-layout-flex wp-block-gallery-is-layout-flex\"><ul class=\"blocks-gallery-grid\"><li class=\"blocks-gallery-item\"><figure><a href=\"http:\/\/madeinzaragoza.es\/blog\/wp-content\/uploads\/2020\/12\/cayo6.jpg\"><img loading=\"lazy\" decoding=\"async\" width=\"1024\" height=\"768\" src=\"http:\/\/madeinzaragoza.es\/blog\/wp-content\/uploads\/2020\/12\/cayo6-1024x768.jpg\" alt=\"\" data-id=\"30557\" data-full-url=\"http:\/\/madeinzaragoza.es\/blog\/wp-content\/uploads\/2020\/12\/cayo6.jpg\" data-link=\"http:\/\/madeinzaragoza.es\/blog\/?attachment_id=30557\" class=\"wp-image-30557\" srcset=\"https:\/\/madeinzaragoza.es\/blog\/wp-content\/uploads\/2020\/12\/cayo6-1024x768.jpg 1024w, https:\/\/madeinzaragoza.es\/blog\/wp-content\/uploads\/2020\/12\/cayo6-300x225.jpg 300w, https:\/\/madeinzaragoza.es\/blog\/wp-content\/uploads\/2020\/12\/cayo6-768x576.jpg 768w, https:\/\/madeinzaragoza.es\/blog\/wp-content\/uploads\/2020\/12\/cayo6.jpg 1200w\" sizes=\"(max-width: 709px) 85vw, (max-width: 909px) 67vw, (max-width: 1362px) 62vw, 840px\" \/><\/a><\/figure><\/li><li class=\"blocks-gallery-item\"><figure><a href=\"http:\/\/madeinzaragoza.es\/blog\/wp-content\/uploads\/2020\/12\/cayo3.jpg\"><img loading=\"lazy\" decoding=\"async\" width=\"1024\" height=\"768\" src=\"http:\/\/madeinzaragoza.es\/blog\/wp-content\/uploads\/2020\/12\/cayo3-1024x768.jpg\" alt=\"\" data-id=\"30554\" data-full-url=\"http:\/\/madeinzaragoza.es\/blog\/wp-content\/uploads\/2020\/12\/cayo3.jpg\" data-link=\"http:\/\/madeinzaragoza.es\/blog\/?attachment_id=30554\" class=\"wp-image-30554\" srcset=\"https:\/\/madeinzaragoza.es\/blog\/wp-content\/uploads\/2020\/12\/cayo3-1024x768.jpg 1024w, https:\/\/madeinzaragoza.es\/blog\/wp-content\/uploads\/2020\/12\/cayo3-300x225.jpg 300w, https:\/\/madeinzaragoza.es\/blog\/wp-content\/uploads\/2020\/12\/cayo3-768x576.jpg 768w, https:\/\/madeinzaragoza.es\/blog\/wp-content\/uploads\/2020\/12\/cayo3.jpg 1200w\" sizes=\"(max-width: 709px) 85vw, (max-width: 909px) 67vw, (max-width: 1362px) 62vw, 840px\" \/><\/a><\/figure><\/li><\/ul><\/figure>\n\n\n\n<p>Los tatuajes del personaje son utilizados por el artista como un recurso pl\u00e1stico y conceptual para hablarnos de otros de sus intereses: el cine de terror cl\u00e1sico, la cultura mexicana, su lucha libre, el c\u00f3mic underground, el mundo creepy, etc. Si nos fijamos bien en los tatuajes y en todos los elementos de la intervenci\u00f3n vamos descubriendo un <strong>amplio abanico de las referencias culturales<\/strong> que conforman el mundo de Cayo.<\/p>\n\n\n\n<p>Conceptualmente, el artista nos habla sobre la muerte o quiz\u00e1 sobre la vida eterna (algo habitual en su obra) y sobre lo sagrado, conjugando lo religioso y lo pagano en esta intervenci\u00f3n, al igual que ocurre en las expresiones art\u00edsticas de la cultura mexicana.<\/p>\n\n\n\n<figure class=\"wp-block-image size-large\"><img loading=\"lazy\" decoding=\"async\" width=\"1024\" height=\"768\" src=\"http:\/\/madeinzaragoza.es\/blog\/wp-content\/uploads\/2020\/12\/cayo8-1024x768.jpg\" alt=\"\" class=\"wp-image-30552\" srcset=\"https:\/\/madeinzaragoza.es\/blog\/wp-content\/uploads\/2020\/12\/cayo8-1024x768.jpg 1024w, https:\/\/madeinzaragoza.es\/blog\/wp-content\/uploads\/2020\/12\/cayo8-300x225.jpg 300w, https:\/\/madeinzaragoza.es\/blog\/wp-content\/uploads\/2020\/12\/cayo8-768x576.jpg 768w, https:\/\/madeinzaragoza.es\/blog\/wp-content\/uploads\/2020\/12\/cayo8.jpg 1200w\" sizes=\"(max-width: 709px) 85vw, (max-width: 909px) 67vw, (max-width: 1362px) 62vw, 840px\" \/><\/figure>\n\n\n\n<p>La intervenci\u00f3n de Cayo \u00abCoraz\u00f3n sagrado\u00bb <strong>se puede visitar hasta el 28 de enero de 2021<\/strong> en Zaragoza Activa | La Azucarera (calle M\u00e1s de las Matas, 20) de lunes a viernes en horario de apertura del centro.<\/p>\n","protected":false},"excerpt":{"rendered":"<p>C\u00f3rner 2020: Autoficci\u00f3n y otras narrativas personales. Con la intervenci\u00f3n \u00abCoraz\u00f3n sagrado\u00bb de Cayo, conclu\u00edmos el ciclo \u00abAutoficci\u00f3n\u00bb que se ha desarrollado de forma parcial, debido a la pandemia, durante el a\u00f1o 2020. Como vimos en la presentaci\u00f3n de la obra de Cayo, su trabajo est\u00e1 repleto de referencias culturales y multitud de s\u00edmbolos que &hellip; <a href=\"https:\/\/madeinzaragoza.es\/blog\/el-corazon-sagrado-de-cayo-en-corner-miz\/\" class=\"more-link\">Continuar leyendo<span class=\"screen-reader-text\"> \u00abEl \u00abCoraz\u00f3n sagrado\u00bb de Cayo en C\u00d3RNER MIZ\u00bb<\/span><\/a><\/p>\n","protected":false},"author":36,"featured_media":30550,"comment_status":"open","ping_status":"open","sticky":false,"template":"","format":"standard","meta":{"footnotes":""},"categories":[831],"tags":[2244,1772,1073,1171],"yoast_head":"<!-- This site is optimized with the Yoast SEO plugin v19.7.2 - https:\/\/yoast.com\/wordpress\/plugins\/seo\/ -->\n<title>El &quot;Coraz\u00f3n sagrado&quot; de Cayo en C\u00d3RNER MIZ - Made in Zaragoza<\/title>\n<meta name=\"robots\" content=\"index, follow, max-snippet:-1, max-image-preview:large, max-video-preview:-1\" \/>\n<link rel=\"canonical\" href=\"https:\/\/madeinzaragoza.es\/blog\/el-corazon-sagrado-de-cayo-en-corner-miz\/\" \/>\n<meta property=\"og:locale\" content=\"es_ES\" \/>\n<meta property=\"og:type\" content=\"article\" \/>\n<meta property=\"og:title\" content=\"El &quot;Coraz\u00f3n sagrado&quot; de Cayo en C\u00d3RNER MIZ - Made in Zaragoza\" \/>\n<meta property=\"og:description\" content=\"C\u00f3rner 2020: Autoficci\u00f3n y otras narrativas personales. Con la intervenci\u00f3n \u00abCoraz\u00f3n sagrado\u00bb de Cayo, conclu\u00edmos el ciclo \u00abAutoficci\u00f3n\u00bb que se ha desarrollado de forma parcial, debido a la pandemia, durante el a\u00f1o 2020. Como vimos en la presentaci\u00f3n de la obra de Cayo, su trabajo est\u00e1 repleto de referencias culturales y multitud de s\u00edmbolos que &hellip; Continuar leyendo &quot;El \u00abCoraz\u00f3n sagrado\u00bb de Cayo en C\u00d3RNER MIZ&quot;\" \/>\n<meta property=\"og:url\" content=\"https:\/\/madeinzaragoza.es\/blog\/el-corazon-sagrado-de-cayo-en-corner-miz\/\" \/>\n<meta property=\"og:site_name\" content=\"Made in Zaragoza\" \/>\n<meta property=\"article:publisher\" content=\"https:\/\/www.facebook.com\/madeinzaragoza.es\/\" \/>\n<meta property=\"article:author\" content=\"zarayorkers\" \/>\n<meta property=\"article:published_time\" content=\"2021-01-04T12:40:42+00:00\" \/>\n<meta property=\"article:modified_time\" content=\"2021-01-04T12:40:44+00:00\" \/>\n<meta property=\"og:image\" content=\"https:\/\/madeinzaragoza.es\/blog\/wp-content\/uploads\/2020\/12\/cayo1.jpg\" \/>\n\t<meta property=\"og:image:width\" content=\"1200\" \/>\n\t<meta property=\"og:image:height\" content=\"900\" \/>\n\t<meta property=\"og:image:type\" content=\"image\/jpeg\" \/>\n<meta name=\"author\" content=\"Sergio Sevilla\" \/>\n<meta name=\"twitter:card\" content=\"summary\" \/>\n<meta name=\"twitter:creator\" content=\"@madeinzaragoza\" \/>\n<meta name=\"twitter:site\" content=\"@madeinzaragoza\" \/>\n<meta name=\"twitter:label1\" content=\"Escrito por\" \/>\n\t<meta name=\"twitter:data1\" content=\"Sergio Sevilla\" \/>\n\t<meta name=\"twitter:label2\" content=\"Tiempo de lectura\" \/>\n\t<meta name=\"twitter:data2\" content=\"3 minutos\" \/>\n<script type=\"application\/ld+json\" class=\"yoast-schema-graph\">{\"@context\":\"https:\/\/schema.org\",\"@graph\":[{\"@type\":\"Article\",\"@id\":\"https:\/\/madeinzaragoza.es\/blog\/el-corazon-sagrado-de-cayo-en-corner-miz\/#article\",\"isPartOf\":{\"@id\":\"https:\/\/madeinzaragoza.es\/blog\/el-corazon-sagrado-de-cayo-en-corner-miz\/\"},\"author\":{\"name\":\"Sergio Sevilla\",\"@id\":\"https:\/\/madeinzaragoza.es\/blog\/#\/schema\/person\/fd836a8fe1177b6200bc8deffc3ad342\"},\"headline\":\"El \u00abCoraz\u00f3n sagrado\u00bb de Cayo en C\u00d3RNER MIZ\",\"datePublished\":\"2021-01-04T12:40:42+00:00\",\"dateModified\":\"2021-01-04T12:40:44+00:00\",\"mainEntityOfPage\":{\"@id\":\"https:\/\/madeinzaragoza.es\/blog\/el-corazon-sagrado-de-cayo-en-corner-miz\/\"},\"wordCount\":612,\"commentCount\":0,\"publisher\":{\"@id\":\"https:\/\/madeinzaragoza.es\/blog\/#organization\"},\"keywords\":[\"Cayo\",\"C\u00f3rner MIZ La Azucarera\",\"intervenci\u00f3n ef\u00edmera\",\"muralismo\"],\"articleSection\":[\"CornerMIZ\"],\"inLanguage\":\"es\",\"potentialAction\":[{\"@type\":\"CommentAction\",\"name\":\"Comment\",\"target\":[\"https:\/\/madeinzaragoza.es\/blog\/el-corazon-sagrado-de-cayo-en-corner-miz\/#respond\"]}]},{\"@type\":\"WebPage\",\"@id\":\"https:\/\/madeinzaragoza.es\/blog\/el-corazon-sagrado-de-cayo-en-corner-miz\/\",\"url\":\"https:\/\/madeinzaragoza.es\/blog\/el-corazon-sagrado-de-cayo-en-corner-miz\/\",\"name\":\"El \\\"Coraz\u00f3n sagrado\\\" de Cayo en C\u00d3RNER MIZ - Made in Zaragoza\",\"isPartOf\":{\"@id\":\"https:\/\/madeinzaragoza.es\/blog\/#website\"},\"datePublished\":\"2021-01-04T12:40:42+00:00\",\"dateModified\":\"2021-01-04T12:40:44+00:00\",\"breadcrumb\":{\"@id\":\"https:\/\/madeinzaragoza.es\/blog\/el-corazon-sagrado-de-cayo-en-corner-miz\/#breadcrumb\"},\"inLanguage\":\"es\",\"potentialAction\":[{\"@type\":\"ReadAction\",\"target\":[\"https:\/\/madeinzaragoza.es\/blog\/el-corazon-sagrado-de-cayo-en-corner-miz\/\"]}]},{\"@type\":\"BreadcrumbList\",\"@id\":\"https:\/\/madeinzaragoza.es\/blog\/el-corazon-sagrado-de-cayo-en-corner-miz\/#breadcrumb\",\"itemListElement\":[{\"@type\":\"ListItem\",\"position\":1,\"name\":\"Portada\",\"item\":\"https:\/\/madeinzaragoza.es\/blog\/\"},{\"@type\":\"ListItem\",\"position\":2,\"name\":\"El \u00abCoraz\u00f3n sagrado\u00bb de Cayo en C\u00d3RNER MIZ\"}]},{\"@type\":\"WebSite\",\"@id\":\"https:\/\/madeinzaragoza.es\/blog\/#website\",\"url\":\"https:\/\/madeinzaragoza.es\/blog\/\",\"name\":\"Made in Zaragoza\",\"description\":\"Blog de MadeinZGZ, Red de Econom\u00eda Creativa de Zaragoza\",\"publisher\":{\"@id\":\"https:\/\/madeinzaragoza.es\/blog\/#organization\"},\"potentialAction\":[{\"@type\":\"SearchAction\",\"target\":{\"@type\":\"EntryPoint\",\"urlTemplate\":\"https:\/\/madeinzaragoza.es\/blog\/?s={search_term_string}\"},\"query-input\":\"required name=search_term_string\"}],\"inLanguage\":\"es\"},{\"@type\":\"Organization\",\"@id\":\"https:\/\/madeinzaragoza.es\/blog\/#organization\",\"name\":\"Made In Zaragoza\",\"url\":\"https:\/\/madeinzaragoza.es\/blog\/\",\"sameAs\":[\"https:\/\/www.instagram.com\/madeinzaragoza.es\/\",\"https:\/\/www.facebook.com\/madeinzaragoza.es\/\",\"https:\/\/twitter.com\/madeinzaragoza\"],\"logo\":{\"@type\":\"ImageObject\",\"inLanguage\":\"es\",\"@id\":\"https:\/\/madeinzaragoza.es\/blog\/#\/schema\/logo\/image\/\",\"url\":\"https:\/\/madeinzaragoza.es\/blog\/wp-content\/uploads\/2022\/05\/logo.png\",\"contentUrl\":\"https:\/\/madeinzaragoza.es\/blog\/wp-content\/uploads\/2022\/05\/logo.png\",\"width\":193,\"height\":176,\"caption\":\"Made In Zaragoza\"},\"image\":{\"@id\":\"https:\/\/madeinzaragoza.es\/blog\/#\/schema\/logo\/image\/\"}},{\"@type\":\"Person\",\"@id\":\"https:\/\/madeinzaragoza.es\/blog\/#\/schema\/person\/fd836a8fe1177b6200bc8deffc3ad342\",\"name\":\"Sergio Sevilla\",\"image\":{\"@type\":\"ImageObject\",\"inLanguage\":\"es\",\"@id\":\"https:\/\/madeinzaragoza.es\/blog\/#\/schema\/person\/image\/\",\"url\":\"https:\/\/secure.gravatar.com\/avatar\/4a59e3901b7e749c4e3750c4fd5d0b43?s=96&d=mm&r=g\",\"contentUrl\":\"https:\/\/secure.gravatar.com\/avatar\/4a59e3901b7e749c4e3750c4fd5d0b43?s=96&d=mm&r=g\",\"caption\":\"Sergio Sevilla\"},\"description\":\"Gesti\u00f3n e Innovaci\u00f3n cultural (I+C) Mi trabajo se basa en la b\u00fasqueda de conexiones culturales en espacios de tr\u00e1nsito. Soy director y programador de proyectos culturales. He coordinado el espacio C\u00f3rner MIZ de Made in Zaragoza y, en la actualidad, me dedico a investigar, documentar y poner en valor el muralismo cer\u00e1mico de los a\u00f1os 60, 70 y 80 de Zaragoza y su relaci\u00f3n con los entornos arquitect\u00f3nicos y decorativos de la \u00e9poca. Descubre el perfil de @ZaragozaModerna en Instagram. Take a walk on the Art side.\",\"sameAs\":[\"zarayorkers\",\"@zaragozamoderna\",\"\/sergiosevillatabernero\"],\"url\":\"https:\/\/madeinzaragoza.es\/blog\/author\/sergiosevilla\/\"}]}<\/script>\n<!-- \/ Yoast SEO plugin. -->","yoast_head_json":{"title":"El \"Coraz\u00f3n sagrado\" de Cayo en C\u00d3RNER MIZ - Made in Zaragoza","robots":{"index":"index","follow":"follow","max-snippet":"max-snippet:-1","max-image-preview":"max-image-preview:large","max-video-preview":"max-video-preview:-1"},"canonical":"https:\/\/madeinzaragoza.es\/blog\/el-corazon-sagrado-de-cayo-en-corner-miz\/","og_locale":"es_ES","og_type":"article","og_title":"El \"Coraz\u00f3n sagrado\" de Cayo en C\u00d3RNER MIZ - Made in Zaragoza","og_description":"C\u00f3rner 2020: Autoficci\u00f3n y otras narrativas personales. Con la intervenci\u00f3n \u00abCoraz\u00f3n sagrado\u00bb de Cayo, conclu\u00edmos el ciclo \u00abAutoficci\u00f3n\u00bb que se ha desarrollado de forma parcial, debido a la pandemia, durante el a\u00f1o 2020. Como vimos en la presentaci\u00f3n de la obra de Cayo, su trabajo est\u00e1 repleto de referencias culturales y multitud de s\u00edmbolos que &hellip; Continuar leyendo \"El \u00abCoraz\u00f3n sagrado\u00bb de Cayo en C\u00d3RNER MIZ\"","og_url":"https:\/\/madeinzaragoza.es\/blog\/el-corazon-sagrado-de-cayo-en-corner-miz\/","og_site_name":"Made in Zaragoza","article_publisher":"https:\/\/www.facebook.com\/madeinzaragoza.es\/","article_author":"zarayorkers","article_published_time":"2021-01-04T12:40:42+00:00","article_modified_time":"2021-01-04T12:40:44+00:00","og_image":[{"width":1200,"height":900,"url":"https:\/\/madeinzaragoza.es\/blog\/wp-content\/uploads\/2020\/12\/cayo1.jpg","type":"image\/jpeg"}],"author":"Sergio Sevilla","twitter_card":"summary","twitter_creator":"@madeinzaragoza","twitter_site":"@madeinzaragoza","twitter_misc":{"Escrito por":"Sergio Sevilla","Tiempo de lectura":"3 minutos"},"schema":{"@context":"https:\/\/schema.org","@graph":[{"@type":"Article","@id":"https:\/\/madeinzaragoza.es\/blog\/el-corazon-sagrado-de-cayo-en-corner-miz\/#article","isPartOf":{"@id":"https:\/\/madeinzaragoza.es\/blog\/el-corazon-sagrado-de-cayo-en-corner-miz\/"},"author":{"name":"Sergio Sevilla","@id":"https:\/\/madeinzaragoza.es\/blog\/#\/schema\/person\/fd836a8fe1177b6200bc8deffc3ad342"},"headline":"El \u00abCoraz\u00f3n sagrado\u00bb de Cayo en C\u00d3RNER MIZ","datePublished":"2021-01-04T12:40:42+00:00","dateModified":"2021-01-04T12:40:44+00:00","mainEntityOfPage":{"@id":"https:\/\/madeinzaragoza.es\/blog\/el-corazon-sagrado-de-cayo-en-corner-miz\/"},"wordCount":612,"commentCount":0,"publisher":{"@id":"https:\/\/madeinzaragoza.es\/blog\/#organization"},"keywords":["Cayo","C\u00f3rner MIZ La Azucarera","intervenci\u00f3n ef\u00edmera","muralismo"],"articleSection":["CornerMIZ"],"inLanguage":"es","potentialAction":[{"@type":"CommentAction","name":"Comment","target":["https:\/\/madeinzaragoza.es\/blog\/el-corazon-sagrado-de-cayo-en-corner-miz\/#respond"]}]},{"@type":"WebPage","@id":"https:\/\/madeinzaragoza.es\/blog\/el-corazon-sagrado-de-cayo-en-corner-miz\/","url":"https:\/\/madeinzaragoza.es\/blog\/el-corazon-sagrado-de-cayo-en-corner-miz\/","name":"El \"Coraz\u00f3n sagrado\" de Cayo en C\u00d3RNER MIZ - Made in Zaragoza","isPartOf":{"@id":"https:\/\/madeinzaragoza.es\/blog\/#website"},"datePublished":"2021-01-04T12:40:42+00:00","dateModified":"2021-01-04T12:40:44+00:00","breadcrumb":{"@id":"https:\/\/madeinzaragoza.es\/blog\/el-corazon-sagrado-de-cayo-en-corner-miz\/#breadcrumb"},"inLanguage":"es","potentialAction":[{"@type":"ReadAction","target":["https:\/\/madeinzaragoza.es\/blog\/el-corazon-sagrado-de-cayo-en-corner-miz\/"]}]},{"@type":"BreadcrumbList","@id":"https:\/\/madeinzaragoza.es\/blog\/el-corazon-sagrado-de-cayo-en-corner-miz\/#breadcrumb","itemListElement":[{"@type":"ListItem","position":1,"name":"Portada","item":"https:\/\/madeinzaragoza.es\/blog\/"},{"@type":"ListItem","position":2,"name":"El \u00abCoraz\u00f3n sagrado\u00bb de Cayo en C\u00d3RNER MIZ"}]},{"@type":"WebSite","@id":"https:\/\/madeinzaragoza.es\/blog\/#website","url":"https:\/\/madeinzaragoza.es\/blog\/","name":"Made in Zaragoza","description":"Blog de MadeinZGZ, Red de Econom\u00eda Creativa de Zaragoza","publisher":{"@id":"https:\/\/madeinzaragoza.es\/blog\/#organization"},"potentialAction":[{"@type":"SearchAction","target":{"@type":"EntryPoint","urlTemplate":"https:\/\/madeinzaragoza.es\/blog\/?s={search_term_string}"},"query-input":"required name=search_term_string"}],"inLanguage":"es"},{"@type":"Organization","@id":"https:\/\/madeinzaragoza.es\/blog\/#organization","name":"Made In Zaragoza","url":"https:\/\/madeinzaragoza.es\/blog\/","sameAs":["https:\/\/www.instagram.com\/madeinzaragoza.es\/","https:\/\/www.facebook.com\/madeinzaragoza.es\/","https:\/\/twitter.com\/madeinzaragoza"],"logo":{"@type":"ImageObject","inLanguage":"es","@id":"https:\/\/madeinzaragoza.es\/blog\/#\/schema\/logo\/image\/","url":"https:\/\/madeinzaragoza.es\/blog\/wp-content\/uploads\/2022\/05\/logo.png","contentUrl":"https:\/\/madeinzaragoza.es\/blog\/wp-content\/uploads\/2022\/05\/logo.png","width":193,"height":176,"caption":"Made In Zaragoza"},"image":{"@id":"https:\/\/madeinzaragoza.es\/blog\/#\/schema\/logo\/image\/"}},{"@type":"Person","@id":"https:\/\/madeinzaragoza.es\/blog\/#\/schema\/person\/fd836a8fe1177b6200bc8deffc3ad342","name":"Sergio Sevilla","image":{"@type":"ImageObject","inLanguage":"es","@id":"https:\/\/madeinzaragoza.es\/blog\/#\/schema\/person\/image\/","url":"https:\/\/secure.gravatar.com\/avatar\/4a59e3901b7e749c4e3750c4fd5d0b43?s=96&d=mm&r=g","contentUrl":"https:\/\/secure.gravatar.com\/avatar\/4a59e3901b7e749c4e3750c4fd5d0b43?s=96&d=mm&r=g","caption":"Sergio Sevilla"},"description":"Gesti\u00f3n e Innovaci\u00f3n cultural (I+C) Mi trabajo se basa en la b\u00fasqueda de conexiones culturales en espacios de tr\u00e1nsito. Soy director y programador de proyectos culturales. He coordinado el espacio C\u00f3rner MIZ de Made in Zaragoza y, en la actualidad, me dedico a investigar, documentar y poner en valor el muralismo cer\u00e1mico de los a\u00f1os 60, 70 y 80 de Zaragoza y su relaci\u00f3n con los entornos arquitect\u00f3nicos y decorativos de la \u00e9poca. Descubre el perfil de @ZaragozaModerna en Instagram. Take a walk on the Art side.","sameAs":["zarayorkers","@zaragozamoderna","\/sergiosevillatabernero"],"url":"https:\/\/madeinzaragoza.es\/blog\/author\/sergiosevilla\/"}]}},"_links":{"self":[{"href":"https:\/\/madeinzaragoza.es\/blog\/wp-json\/wp\/v2\/posts\/30549"}],"collection":[{"href":"https:\/\/madeinzaragoza.es\/blog\/wp-json\/wp\/v2\/posts"}],"about":[{"href":"https:\/\/madeinzaragoza.es\/blog\/wp-json\/wp\/v2\/types\/post"}],"author":[{"embeddable":true,"href":"https:\/\/madeinzaragoza.es\/blog\/wp-json\/wp\/v2\/users\/36"}],"replies":[{"embeddable":true,"href":"https:\/\/madeinzaragoza.es\/blog\/wp-json\/wp\/v2\/comments?post=30549"}],"version-history":[{"count":4,"href":"https:\/\/madeinzaragoza.es\/blog\/wp-json\/wp\/v2\/posts\/30549\/revisions"}],"predecessor-version":[{"id":30574,"href":"https:\/\/madeinzaragoza.es\/blog\/wp-json\/wp\/v2\/posts\/30549\/revisions\/30574"}],"wp:featuredmedia":[{"embeddable":true,"href":"https:\/\/madeinzaragoza.es\/blog\/wp-json\/wp\/v2\/media\/30550"}],"wp:attachment":[{"href":"https:\/\/madeinzaragoza.es\/blog\/wp-json\/wp\/v2\/media?parent=30549"}],"wp:term":[{"taxonomy":"category","embeddable":true,"href":"https:\/\/madeinzaragoza.es\/blog\/wp-json\/wp\/v2\/categories?post=30549"},{"taxonomy":"post_tag","embeddable":true,"href":"https:\/\/madeinzaragoza.es\/blog\/wp-json\/wp\/v2\/tags?post=30549"}],"curies":[{"name":"wp","href":"https:\/\/api.w.org\/{rel}","templated":true}]}}